{"id":9925,"date":"2019-12-28T17:25:22","date_gmt":"2019-12-28T20:25:22","guid":{"rendered":"https:\/\/marcelolopes.jor.br\/?p=9925"},"modified":"2019-12-28T17:26:03","modified_gmt":"2019-12-28T20:26:03","slug":"homem-e-preso-em-rio-pomba-com-carro-roubado-e-clorado","status":"publish","type":"post","link":"https:\/\/marcelolopes.jor.br\/site\/2019\/12\/28\/homem-e-preso-em-rio-pomba-com-carro-roubado-e-clorado\/","title":{"rendered":"Homem \u00e9 preso em Rio Pomba com carro roubado e clonado"},"content":{"rendered":"<p style=\"text-align: justify;\">Equipe da Pol\u00edcia Militar Rodovi\u00e1ria de Dona Eus\u00e9bia, apreendeu no meio da manh\u00e3 deste s\u00e1bado, 28 de dezembro, na altura do km 116, da rodovia MGC-265, no munic\u00edpio de Rio Pomba, um ve\u00edculo furtado e clonado. Seu condutor foi preso em flagrante e levado para a Delegacia de Pol\u00edcia Civil de plant\u00e3o em Ub\u00e1, cujo delegado respons\u00e1vel pelo caso, ratificou sua pris\u00e3o, sendo o motorista encaminhado em seguida para o pres\u00eddio daquela cidade onde est\u00e1 \u00e0 disposi\u00e7\u00e3o da justi\u00e7a.<!--more--><\/p>\n<p style=\"text-align: justify;\">O homem, de 31 anos de idade, natural de Itaperuna\/RJ, conduzia um VW UP, branco, ano 2014, com placas de Volta Redonda\/RJ, quando equipe de policiais rodovi\u00e1rios realizava a Opera\u00e7\u00e3o F\u00e9rias parou o ve\u00edculo e constatou que o Certificado de Registro e Licenciamento do Ve\u00edculo (CRLV) era falso, inclusive, com formata\u00e7\u00e3o divergente dos padr\u00f5es utilizado pelo Detran-RJ. Os militares fizeram ent\u00e3o uma dilig\u00eancia no Detran-RJ de outros estados e descobriram que o documento apresentado pelo motorista faz parte de um lote de CRLV extraviado e que vem sendo utilizado por criminosos para acobertar ve\u00edculos furtados.<\/p>\n<p style=\"text-align: justify;\">Diante desta informa\u00e7\u00e3o a equipe policial fez uma minuciosa vistoria no ve\u00edculo, e constatou que originalmente, ele havia sido emplacado no munic\u00edpio do Rio de Janeiro\/RJ, tendo sido roubado no dia 23 de mar\u00e7o de 2018. Os militares ent\u00e3o apreenderam o ve\u00edculo que foi recolhido ao p\u00e1tio do Detran-MG daquela cidade. Questionado, o motorista disse ter deixado seu autom\u00f3vel em uma oficina mec\u00e2nica de Itaperuna\/RJ e em seguida pegou o referido ve\u00edculo emprestado de um conhecido seu. Ele foi preso pelos crimes de apresenta\u00e7\u00e3o de documento falso, altera\u00e7\u00e3o dos elementos de identifica\u00e7\u00e3o veicular e recepta\u00e7\u00e3o<\/p>\n<div class=\"rgxbr6a94eec66466b\" ><br><\/div><style type=\"text\/css\">\r\n@media screen and (min-width: 1201px) {\r\n.rgxbr6a94eec66466b {\r\ndisplay: block;\r\n}\r\n}\r\n@media screen and (min-width: 993px) and (max-width: 1200px) {\r\n.rgxbr6a94eec66466b {\r\ndisplay: block;\r\n}\r\n}\r\n@media screen and (min-width: 769px) and (max-width: 992px) {\r\n.rgxbr6a94eec66466b {\r\ndisplay: block;\r\n}\r\n}\r\n@media screen and (min-width: 768px) and (max-width: 768px) {\r\n.rgxbr6a94eec66466b {\r\ndisplay: block;\r\n}\r\n}\r\n@media screen and (max-width: 767px) {\r\n.rgxbr6a94eec66466b {\r\ndisplay: block;\r\n}\r\n}\r\n<\/style>\r\n<div class=\"aongk6a94eec66a29b\" ><div id=\"div_destino\"><\/div>\r\n<script src=\"https:\/\/cdn.snsrsv.com\/sdk.js\"><\/script>\r\n<script >\r\n      new sdk(\"464030C30061EA8BE065000000000001\") \r\n          .appendTo(\"div_destino\")\r\n          .disableStyle(true) \r\n          .setCacheBusterMacro(\"%%CACHEBUSTER%%\")\r\n          .setSize(\"800\",\"214\")\r\n          .setClickMacro(\"%%CLICK_URL_ESC%%\") \r\n          .setReferrerUrlMacro(\"%%REFERRER_URL_ESC%%\") \r\n          .start(); \r\n<\/script><\/div><style type=\"text\/css\">\r\n@media screen and (min-width: 1201px) {\r\n.aongk6a94eec66a29b {\r\ndisplay: block;\r\n}\r\n}\r\n@media screen and (min-width: 993px) and (max-width: 1200px) {\r\n.aongk6a94eec66a29b {\r\ndisplay: block;\r\n}\r\n}\r\n@media screen and (min-width: 769px) and (max-width: 992px) {\r\n.aongk6a94eec66a29b {\r\ndisplay: block;\r\n}\r\n}\r\n@media screen and (min-width: 768px) and (max-width: 768px) {\r\n.aongk6a94eec66a29b {\r\ndisplay: block;\r\n}\r\n}\r\n@media screen and (max-width: 767px) {\r\n.aongk6a94eec66a29b {\r\ndisplay: block;\r\n}\r\n}\r\n<\/style>\r\n","protected":false},"excerpt":{"rendered":"<p>Equipe da Pol\u00edcia Militar Rodovi\u00e1ria de Dona Eus\u00e9bia, apreendeu no meio da manh\u00e3 deste s\u00e1bado, 28 de dezembro, na altura do km 116, da rodovia MGC-265, no munic\u00edpio de Rio Pomba, um ve\u00edculo furtado e clonado. Seu condutor foi preso<\/p>\n<p class=\"link-more\"><a class=\"more-link\" href=\"https:\/\/marcelolopes.jor.br\/site\/2019\/12\/28\/homem-e-preso-em-rio-pomba-com-carro-roubado-e-clorado\/\">Leia mais <span class=\"screen-reader-text\">Homem \u00e9 preso em Rio Pomba com carro roubado e clonado<\/span><\/a><\/p>\n","protected":false},"author":2,"featured_media":9927,"comment_status":"open","ping_status":"open","sticky":false,"template":"","format":"standard","meta":{"footnotes":""},"categories":[1],"tags":[1226,1882,1881,1344],"class_list":["post-9925","post","type-post","status-publish","format-standard","has-post-thumbnail","hentry","category-noticias","tag-adulteracao","tag-documento-falso","tag-veiculo-clonado","tag-veiculo-roubado","thumb-below-title"],"yoast_head":"<!-- This site is optimized with the Yoast SEO plugin v28.3 - https:\/\/yoast.com\/product\/yoast-seo-wordpress\/ -->\n<title>Homem \u00e9 preso em Rio Pomba com carro roubado e clonado | Marcelo Lopes<\/title>\n<meta name=\"robots\" content=\"index, follow, max-snippet:-1, max-image-preview:large, max-video-preview:-1\" \/>\n<link rel=\"canonical\" href=\"https:\/\/marcelolopes.jor.br\/site\/2019\/12\/28\/homem-e-preso-em-rio-pomba-com-carro-roubado-e-clorado\/\" \/>\n<meta property=\"og:locale\" content=\"pt_BR\" \/>\n<meta property=\"og:type\" content=\"article\" \/>\n<meta property=\"og:title\" content=\"Homem \u00e9 preso em Rio Pomba com carro roubado e clonado | Marcelo Lopes\" \/>\n<meta property=\"og:description\" content=\"Equipe da Pol\u00edcia Militar Rodovi\u00e1ria de Dona Eus\u00e9bia, apreendeu no meio da manh\u00e3 deste s\u00e1bado, 28 de dezembro, na altura do km 116, da rodovia MGC-265, no munic\u00edpio de Rio Pomba, um ve\u00edculo furtado e clonado. Seu condutor foi presoLeia mais Homem \u00e9 preso em Rio Pomba com carro roubado e clonado\" \/>\n<meta property=\"og:url\" content=\"https:\/\/marcelolopes.jor.br\/site\/2019\/12\/28\/homem-e-preso-em-rio-pomba-com-carro-roubado-e-clorado\/\" \/>\n<meta property=\"og:site_name\" content=\"Marcelo Lopes\" \/>\n<meta property=\"article:publisher\" content=\"https:\/\/www.facebook.com\/sitedomarcelolopes\" \/>\n<meta property=\"article:published_time\" content=\"2019-12-28T20:25:22+00:00\" \/>\n<meta property=\"article:modified_time\" content=\"2019-12-28T20:26:03+00:00\" \/>\n<meta property=\"og:image\" content=\"https:\/\/marcelolopes.jor.br\/site\/wp-content\/uploads\/2019\/12\/WhatsApp-Image-2019-12-28-at-17.46.56.jpeg\" \/>\n\t<meta property=\"og:image:width\" content=\"1040\" \/>\n\t<meta property=\"og:image:height\" content=\"780\" \/>\n\t<meta property=\"og:image:type\" content=\"image\/jpeg\" \/>\n<meta name=\"author\" content=\"Marcelo Lopes\" \/>\n<meta name=\"twitter:card\" content=\"summary_large_image\" \/>\n<meta name=\"twitter:label1\" content=\"Escrito por\" \/>\n\t<meta name=\"twitter:data1\" content=\"Marcelo Lopes\" \/>\n\t<meta name=\"twitter:label2\" content=\"Est. tempo de leitura\" \/>\n\t<meta name=\"twitter:data2\" content=\"2 minutos\" \/>\n<script type=\"application\/ld+json\" class=\"yoast-schema-graph\">{\"@context\":\"https:\\\/\\\/schema.org\",\"@graph\":[{\"@type\":\"NewsArticle\",\"@id\":\"https:\\\/\\\/marcelolopes.jor.br\\\/site\\\/2019\\\/12\\\/28\\\/homem-e-preso-em-rio-pomba-com-carro-roubado-e-clorado\\\/#article\",\"isPartOf\":{\"@id\":\"https:\\\/\\\/marcelolopes.jor.br\\\/site\\\/2019\\\/12\\\/28\\\/homem-e-preso-em-rio-pomba-com-carro-roubado-e-clorado\\\/\"},\"author\":{\"name\":\"Marcelo Lopes\",\"@id\":\"https:\\\/\\\/marcelolopes.jor.br\\\/site\\\/#\\\/schema\\\/person\\\/3e7216a35c34d8fdf952b31da3d1f89f\"},\"headline\":\"Homem \u00e9 preso em Rio Pomba com carro roubado e clonado\",\"datePublished\":\"2019-12-28T20:25:22+00:00\",\"dateModified\":\"2019-12-28T20:26:03+00:00\",\"mainEntityOfPage\":{\"@id\":\"https:\\\/\\\/marcelolopes.jor.br\\\/site\\\/2019\\\/12\\\/28\\\/homem-e-preso-em-rio-pomba-com-carro-roubado-e-clorado\\\/\"},\"wordCount\":313,\"commentCount\":0,\"publisher\":{\"@id\":\"https:\\\/\\\/marcelolopes.jor.br\\\/site\\\/#organization\"},\"image\":{\"@id\":\"https:\\\/\\\/marcelolopes.jor.br\\\/site\\\/2019\\\/12\\\/28\\\/homem-e-preso-em-rio-pomba-com-carro-roubado-e-clorado\\\/#primaryimage\"},\"thumbnailUrl\":\"https:\\\/\\\/marcelolopes.jor.br\\\/site\\\/wp-content\\\/uploads\\\/2019\\\/12\\\/WhatsApp-Image-2019-12-28-at-17.46.56.jpeg\",\"keywords\":[\"adultera\u00e7\u00e3o\",\"documento falso\",\"ve\u00edculo clonado\",\"ve\u00edculo roubado\"],\"articleSection\":[\"Not\u00edcias\"],\"inLanguage\":\"pt-BR\",\"potentialAction\":[{\"@type\":\"CommentAction\",\"name\":\"Comment\",\"target\":[\"https:\\\/\\\/marcelolopes.jor.br\\\/site\\\/2019\\\/12\\\/28\\\/homem-e-preso-em-rio-pomba-com-carro-roubado-e-clorado\\\/#respond\"]}]},{\"@type\":\"WebPage\",\"@id\":\"https:\\\/\\\/marcelolopes.jor.br\\\/site\\\/2019\\\/12\\\/28\\\/homem-e-preso-em-rio-pomba-com-carro-roubado-e-clorado\\\/\",\"url\":\"https:\\\/\\\/marcelolopes.jor.br\\\/site\\\/2019\\\/12\\\/28\\\/homem-e-preso-em-rio-pomba-com-carro-roubado-e-clorado\\\/\",\"name\":\"Homem \u00e9 preso em Rio Pomba com carro roubado e clonado | Marcelo Lopes\",\"isPartOf\":{\"@id\":\"https:\\\/\\\/marcelolopes.jor.br\\\/site\\\/#website\"},\"primaryImageOfPage\":{\"@id\":\"https:\\\/\\\/marcelolopes.jor.br\\\/site\\\/2019\\\/12\\\/28\\\/homem-e-preso-em-rio-pomba-com-carro-roubado-e-clorado\\\/#primaryimage\"},\"image\":{\"@id\":\"https:\\\/\\\/marcelolopes.jor.br\\\/site\\\/2019\\\/12\\\/28\\\/homem-e-preso-em-rio-pomba-com-carro-roubado-e-clorado\\\/#primaryimage\"},\"thumbnailUrl\":\"https:\\\/\\\/marcelolopes.jor.br\\\/site\\\/wp-content\\\/uploads\\\/2019\\\/12\\\/WhatsApp-Image-2019-12-28-at-17.46.56.jpeg\",\"datePublished\":\"2019-12-28T20:25:22+00:00\",\"dateModified\":\"2019-12-28T20:26:03+00:00\",\"breadcrumb\":{\"@id\":\"https:\\\/\\\/marcelolopes.jor.br\\\/site\\\/2019\\\/12\\\/28\\\/homem-e-preso-em-rio-pomba-com-carro-roubado-e-clorado\\\/#breadcrumb\"},\"inLanguage\":\"pt-BR\",\"potentialAction\":[{\"@type\":\"ReadAction\",\"target\":[\"https:\\\/\\\/marcelolopes.jor.br\\\/site\\\/2019\\\/12\\\/28\\\/homem-e-preso-em-rio-pomba-com-carro-roubado-e-clorado\\\/\"]}]},{\"@type\":\"ImageObject\",\"inLanguage\":\"pt-BR\",\"@id\":\"https:\\\/\\\/marcelolopes.jor.br\\\/site\\\/2019\\\/12\\\/28\\\/homem-e-preso-em-rio-pomba-com-carro-roubado-e-clorado\\\/#primaryimage\",\"url\":\"https:\\\/\\\/marcelolopes.jor.br\\\/site\\\/wp-content\\\/uploads\\\/2019\\\/12\\\/WhatsApp-Image-2019-12-28-at-17.46.56.jpeg\",\"contentUrl\":\"https:\\\/\\\/marcelolopes.jor.br\\\/site\\\/wp-content\\\/uploads\\\/2019\\\/12\\\/WhatsApp-Image-2019-12-28-at-17.46.56.jpeg\",\"width\":1040,\"height\":780},{\"@type\":\"BreadcrumbList\",\"@id\":\"https:\\\/\\\/marcelolopes.jor.br\\\/site\\\/2019\\\/12\\\/28\\\/homem-e-preso-em-rio-pomba-com-carro-roubado-e-clorado\\\/#breadcrumb\",\"itemListElement\":[{\"@type\":\"ListItem\",\"position\":1,\"name\":\"Home\",\"item\":\"https:\\\/\\\/marcelolopes.jor.br\\\/site\\\/\"},{\"@type\":\"ListItem\",\"position\":2,\"name\":\"Homem \u00e9 preso em Rio Pomba com carro roubado e clonado\"}]},{\"@type\":\"WebSite\",\"@id\":\"https:\\\/\\\/marcelolopes.jor.br\\\/site\\\/#website\",\"url\":\"https:\\\/\\\/marcelolopes.jor.br\\\/site\\\/\",\"name\":\"Marcelo Lopes\",\"description\":\"Not\u00edcias de Cataguases e Regi\u00e3o\",\"publisher\":{\"@id\":\"https:\\\/\\\/marcelolopes.jor.br\\\/site\\\/#organization\"},\"potentialAction\":[{\"@type\":\"SearchAction\",\"target\":{\"@type\":\"EntryPoint\",\"urlTemplate\":\"https:\\\/\\\/marcelolopes.jor.br\\\/site\\\/?s={search_term_string}\"},\"query-input\":{\"@type\":\"PropertyValueSpecification\",\"valueRequired\":true,\"valueName\":\"search_term_string\"}}],\"inLanguage\":\"pt-BR\"},{\"@type\":\"Organization\",\"@id\":\"https:\\\/\\\/marcelolopes.jor.br\\\/site\\\/#organization\",\"name\":\"Site do Marcelo Lopes\",\"url\":\"https:\\\/\\\/marcelolopes.jor.br\\\/site\\\/\",\"logo\":{\"@type\":\"ImageObject\",\"inLanguage\":\"pt-BR\",\"@id\":\"https:\\\/\\\/marcelolopes.jor.br\\\/site\\\/#\\\/schema\\\/logo\\\/image\\\/\",\"url\":\"https:\\\/\\\/marcelolopes.jor.br\\\/site\\\/wp-content\\\/uploads\\\/2026\\\/07\\\/cropped-logo2026.png\",\"contentUrl\":\"https:\\\/\\\/marcelolopes.jor.br\\\/site\\\/wp-content\\\/uploads\\\/2026\\\/07\\\/cropped-logo2026.png\",\"width\":328,\"height\":96,\"caption\":\"Site do Marcelo Lopes\"},\"image\":{\"@id\":\"https:\\\/\\\/marcelolopes.jor.br\\\/site\\\/#\\\/schema\\\/logo\\\/image\\\/\"},\"sameAs\":[\"https:\\\/\\\/www.facebook.com\\\/sitedomarcelolopes\",\"https:\\\/\\\/www.instagram.com\\\/sitedomarcelolopes\\\/\",\"https:\\\/\\\/www.linkedin.com\\\/company\\\/site-do-marcelo-lopes\\\/\",\"https:\\\/\\\/www.youtube.com\\\/user\\\/marcelolopes957\"]},{\"@type\":\"Person\",\"@id\":\"https:\\\/\\\/marcelolopes.jor.br\\\/site\\\/#\\\/schema\\\/person\\\/3e7216a35c34d8fdf952b31da3d1f89f\",\"name\":\"Marcelo Lopes\",\"sameAs\":[\"http:\\\/\\\/www.marcelolopes.jor.br\"],\"url\":\"https:\\\/\\\/marcelolopes.jor.br\\\/site\\\/author\\\/marcelo\\\/\"}]}<\/script>\n<!-- \/ Yoast SEO plugin. -->","yoast_head_json":{"title":"Homem \u00e9 preso em Rio Pomba com carro roubado e clonado | Marcelo Lopes","robots":{"index":"index","follow":"follow","max-snippet":"max-snippet:-1","max-image-preview":"max-image-preview:large","max-video-preview":"max-video-preview:-1"},"canonical":"https:\/\/marcelolopes.jor.br\/site\/2019\/12\/28\/homem-e-preso-em-rio-pomba-com-carro-roubado-e-clorado\/","og_locale":"pt_BR","og_type":"article","og_title":"Homem \u00e9 preso em Rio Pomba com carro roubado e clonado | Marcelo Lopes","og_description":"Equipe da Pol\u00edcia Militar Rodovi\u00e1ria de Dona Eus\u00e9bia, apreendeu no meio da manh\u00e3 deste s\u00e1bado, 28 de dezembro, na altura do km 116, da rodovia MGC-265, no munic\u00edpio de Rio Pomba, um ve\u00edculo furtado e clonado. Seu condutor foi presoLeia mais Homem \u00e9 preso em Rio Pomba com carro roubado e clonado","og_url":"https:\/\/marcelolopes.jor.br\/site\/2019\/12\/28\/homem-e-preso-em-rio-pomba-com-carro-roubado-e-clorado\/","og_site_name":"Marcelo Lopes","article_publisher":"https:\/\/www.facebook.com\/sitedomarcelolopes","article_published_time":"2019-12-28T20:25:22+00:00","article_modified_time":"2019-12-28T20:26:03+00:00","og_image":[{"width":1040,"height":780,"url":"https:\/\/marcelolopes.jor.br\/site\/wp-content\/uploads\/2019\/12\/WhatsApp-Image-2019-12-28-at-17.46.56.jpeg","type":"image\/jpeg"}],"author":"Marcelo Lopes","twitter_card":"summary_large_image","twitter_misc":{"Escrito por":"Marcelo Lopes","Est. tempo de leitura":"2 minutos"},"schema":{"@context":"https:\/\/schema.org","@graph":[{"@type":"NewsArticle","@id":"https:\/\/marcelolopes.jor.br\/site\/2019\/12\/28\/homem-e-preso-em-rio-pomba-com-carro-roubado-e-clorado\/#article","isPartOf":{"@id":"https:\/\/marcelolopes.jor.br\/site\/2019\/12\/28\/homem-e-preso-em-rio-pomba-com-carro-roubado-e-clorado\/"},"author":{"name":"Marcelo Lopes","@id":"https:\/\/marcelolopes.jor.br\/site\/#\/schema\/person\/3e7216a35c34d8fdf952b31da3d1f89f"},"headline":"Homem \u00e9 preso em Rio Pomba com carro roubado e clonado","datePublished":"2019-12-28T20:25:22+00:00","dateModified":"2019-12-28T20:26:03+00:00","mainEntityOfPage":{"@id":"https:\/\/marcelolopes.jor.br\/site\/2019\/12\/28\/homem-e-preso-em-rio-pomba-com-carro-roubado-e-clorado\/"},"wordCount":313,"commentCount":0,"publisher":{"@id":"https:\/\/marcelolopes.jor.br\/site\/#organization"},"image":{"@id":"https:\/\/marcelolopes.jor.br\/site\/2019\/12\/28\/homem-e-preso-em-rio-pomba-com-carro-roubado-e-clorado\/#primaryimage"},"thumbnailUrl":"https:\/\/marcelolopes.jor.br\/site\/wp-content\/uploads\/2019\/12\/WhatsApp-Image-2019-12-28-at-17.46.56.jpeg","keywords":["adultera\u00e7\u00e3o","documento falso","ve\u00edculo clonado","ve\u00edculo roubado"],"articleSection":["Not\u00edcias"],"inLanguage":"pt-BR","potentialAction":[{"@type":"CommentAction","name":"Comment","target":["https:\/\/marcelolopes.jor.br\/site\/2019\/12\/28\/homem-e-preso-em-rio-pomba-com-carro-roubado-e-clorado\/#respond"]}]},{"@type":"WebPage","@id":"https:\/\/marcelolopes.jor.br\/site\/2019\/12\/28\/homem-e-preso-em-rio-pomba-com-carro-roubado-e-clorado\/","url":"https:\/\/marcelolopes.jor.br\/site\/2019\/12\/28\/homem-e-preso-em-rio-pomba-com-carro-roubado-e-clorado\/","name":"Homem \u00e9 preso em Rio Pomba com carro roubado e clonado | Marcelo Lopes","isPartOf":{"@id":"https:\/\/marcelolopes.jor.br\/site\/#website"},"primaryImageOfPage":{"@id":"https:\/\/marcelolopes.jor.br\/site\/2019\/12\/28\/homem-e-preso-em-rio-pomba-com-carro-roubado-e-clorado\/#primaryimage"},"image":{"@id":"https:\/\/marcelolopes.jor.br\/site\/2019\/12\/28\/homem-e-preso-em-rio-pomba-com-carro-roubado-e-clorado\/#primaryimage"},"thumbnailUrl":"https:\/\/marcelolopes.jor.br\/site\/wp-content\/uploads\/2019\/12\/WhatsApp-Image-2019-12-28-at-17.46.56.jpeg","datePublished":"2019-12-28T20:25:22+00:00","dateModified":"2019-12-28T20:26:03+00:00","breadcrumb":{"@id":"https:\/\/marcelolopes.jor.br\/site\/2019\/12\/28\/homem-e-preso-em-rio-pomba-com-carro-roubado-e-clorado\/#breadcrumb"},"inLanguage":"pt-BR","potentialAction":[{"@type":"ReadAction","target":["https:\/\/marcelolopes.jor.br\/site\/2019\/12\/28\/homem-e-preso-em-rio-pomba-com-carro-roubado-e-clorado\/"]}]},{"@type":"ImageObject","inLanguage":"pt-BR","@id":"https:\/\/marcelolopes.jor.br\/site\/2019\/12\/28\/homem-e-preso-em-rio-pomba-com-carro-roubado-e-clorado\/#primaryimage","url":"https:\/\/marcelolopes.jor.br\/site\/wp-content\/uploads\/2019\/12\/WhatsApp-Image-2019-12-28-at-17.46.56.jpeg","contentUrl":"https:\/\/marcelolopes.jor.br\/site\/wp-content\/uploads\/2019\/12\/WhatsApp-Image-2019-12-28-at-17.46.56.jpeg","width":1040,"height":780},{"@type":"BreadcrumbList","@id":"https:\/\/marcelolopes.jor.br\/site\/2019\/12\/28\/homem-e-preso-em-rio-pomba-com-carro-roubado-e-clorado\/#breadcrumb","itemListElement":[{"@type":"ListItem","position":1,"name":"Home","item":"https:\/\/marcelolopes.jor.br\/site\/"},{"@type":"ListItem","position":2,"name":"Homem \u00e9 preso em Rio Pomba com carro roubado e clonado"}]},{"@type":"WebSite","@id":"https:\/\/marcelolopes.jor.br\/site\/#website","url":"https:\/\/marcelolopes.jor.br\/site\/","name":"Marcelo Lopes","description":"Not\u00edcias de Cataguases e Regi\u00e3o","publisher":{"@id":"https:\/\/marcelolopes.jor.br\/site\/#organization"},"potentialAction":[{"@type":"SearchAction","target":{"@type":"EntryPoint","urlTemplate":"https:\/\/marcelolopes.jor.br\/site\/?s={search_term_string}"},"query-input":{"@type":"PropertyValueSpecification","valueRequired":true,"valueName":"search_term_string"}}],"inLanguage":"pt-BR"},{"@type":"Organization","@id":"https:\/\/marcelolopes.jor.br\/site\/#organization","name":"Site do Marcelo Lopes","url":"https:\/\/marcelolopes.jor.br\/site\/","logo":{"@type":"ImageObject","inLanguage":"pt-BR","@id":"https:\/\/marcelolopes.jor.br\/site\/#\/schema\/logo\/image\/","url":"https:\/\/marcelolopes.jor.br\/site\/wp-content\/uploads\/2026\/07\/cropped-logo2026.png","contentUrl":"https:\/\/marcelolopes.jor.br\/site\/wp-content\/uploads\/2026\/07\/cropped-logo2026.png","width":328,"height":96,"caption":"Site do Marcelo Lopes"},"image":{"@id":"https:\/\/marcelolopes.jor.br\/site\/#\/schema\/logo\/image\/"},"sameAs":["https:\/\/www.facebook.com\/sitedomarcelolopes","https:\/\/www.instagram.com\/sitedomarcelolopes\/","https:\/\/www.linkedin.com\/company\/site-do-marcelo-lopes\/","https:\/\/www.youtube.com\/user\/marcelolopes957"]},{"@type":"Person","@id":"https:\/\/marcelolopes.jor.br\/site\/#\/schema\/person\/3e7216a35c34d8fdf952b31da3d1f89f","name":"Marcelo Lopes","sameAs":["http:\/\/www.marcelolopes.jor.br"],"url":"https:\/\/marcelolopes.jor.br\/site\/author\/marcelo\/"}]}},"wps_subtitle":"Ele vai responder pelos crimes de recepta\u00e7\u00e3o, adultera\u00e7\u00e3o de documentos e de identifica\u00e7\u00e3o veicular.","_links":{"self":[{"href":"https:\/\/marcelolopes.jor.br\/site\/wp-json\/wp\/v2\/posts\/9925","targetHints":{"allow":["GET"]}}],"collection":[{"href":"https:\/\/marcelolopes.jor.br\/site\/wp-json\/wp\/v2\/posts"}],"about":[{"href":"https:\/\/marcelolopes.jor.br\/site\/wp-json\/wp\/v2\/types\/post"}],"author":[{"embeddable":true,"href":"https:\/\/marcelolopes.jor.br\/site\/wp-json\/wp\/v2\/users\/2"}],"replies":[{"embeddable":true,"href":"https:\/\/marcelolopes.jor.br\/site\/wp-json\/wp\/v2\/comments?post=9925"}],"version-history":[{"count":0,"href":"https:\/\/marcelolopes.jor.br\/site\/wp-json\/wp\/v2\/posts\/9925\/revisions"}],"wp:featuredmedia":[{"embeddable":true,"href":"https:\/\/marcelolopes.jor.br\/site\/wp-json\/wp\/v2\/media\/9927"}],"wp:attachment":[{"href":"https:\/\/marcelolopes.jor.br\/site\/wp-json\/wp\/v2\/media?parent=9925"}],"wp:term":[{"taxonomy":"category","embeddable":true,"href":"https:\/\/marcelolopes.jor.br\/site\/wp-json\/wp\/v2\/categories?post=9925"},{"taxonomy":"post_tag","embeddable":true,"href":"https:\/\/marcelolopes.jor.br\/site\/wp-json\/wp\/v2\/tags?post=9925"}],"curies":[{"name":"wp","href":"https:\/\/api.w.org\/{rel}","templated":true}]}}