{"id":9885,"date":"2019-12-27T07:00:59","date_gmt":"2019-12-27T10:00:59","guid":{"rendered":"https:\/\/marcelolopes.jor.br\/?p=9885"},"modified":"2019-12-26T18:58:11","modified_gmt":"2019-12-26T21:58:11","slug":"ipva-2020-o-que-voce-precisa-saber-antes-de-pagar-o-imposto-sobre-veiculos","status":"publish","type":"post","link":"https:\/\/marcelolopes.jor.br\/site\/2019\/12\/27\/ipva-2020-o-que-voce-precisa-saber-antes-de-pagar-o-imposto-sobre-veiculos\/","title":{"rendered":"IPVA 2020: o que voc\u00ea precisa saber antes de pagar o imposto sobre ve\u00edculos"},"content":{"rendered":"<p style=\"text-align: justify;\">O IPVA (Imposto sobre a Propriedade de Ve\u00edculos Automotores) j\u00e1 \u00e9 um velho conhecido dos propriet\u00e1rios de ve\u00edculos automotores no Brasil. E quem quiser j\u00e1 pode pag\u00e1-lo ainda em dezembro ou, para ser mais espec\u00edfico, assim que a Secretaria de Estado da Fazenda libera os valores que v\u00e3o vigorar no ano seguinte.\u00a0O mais comum \u00e9 todo in\u00edcio de ano, incluir o imposto nos pagamentos obrigat\u00f3rios, pois deixar de pagar o IPVA pode render preju\u00edzos al\u00e9m dos financeiros ao motorista.<!--more--><\/p>\n<p style=\"text-align: justify;\">O valor do tributo n\u00e3o \u00e9 \u00fanico no pa\u00eds. Cada estado determina um valor espec\u00edfico, com base no valor do ve\u00edculo estabelecido pela FIPE (Funda\u00e7\u00e3o Instituto de Pesquisas Econ\u00f4micas). Assim, ele pode custar o equivalente a 0,5% at\u00e9 4% do valor venal do ve\u00edculo.<\/p>\n<p style=\"text-align: justify;\">Aqui em Minas Gerais, carros de passeio de um modo geral est\u00e3o inclu\u00eddos na al\u00edquota maior, o que d\u00f3i no bolso de qualquer propriet\u00e1rio, principalmente quando ele lembra a qualidade das estradas em que \u00e9 obrigado a circular.<\/p>\n<p style=\"text-align: justify;\">Entenda, a seguir, as formas de pagamento dispon\u00edveis, onde buscar a guia, os casos de isen\u00e7\u00e3o do IPVA e o que acontece a quem deixar de pagar o tributo.<\/p>\n<h6 style=\"text-align: justify;\">Guia de pagamento pode ser retirada pela internet<\/h6>\n<p style=\"text-align: justify;\">Para facilitar o pagamento, alguns estados passaram disponibilizar o acesso \u00e0 guia pela internet para pagamento de IPVA 2020, como \u00e9 o caso de Minas Gerais. O acesso \u00e0 guia pode ser feito no site da Secretaria da Fazenda por meio de busca relacionada ao assunto &#8220;IPVA&#8221; ou &#8220;guia de pagamento IPVA&#8221;.<\/p>\n<h6 style=\"text-align: justify;\"><strong><br \/>\n<img loading=\"lazy\" decoding=\"async\" class=\"alignleft wp-image-9889\" src=\"https:\/\/marcelolopes.jor.br\/site\/wp-content\/uploads\/2019\/12\/ipva-financiamento-03012019161403396.jpg\" alt=\"\" width=\"300\" height=\"199\" srcset=\"https:\/\/marcelolopes.jor.br\/site\/wp-content\/uploads\/2019\/12\/ipva-financiamento-03012019161403396.jpg 460w, https:\/\/marcelolopes.jor.br\/site\/wp-content\/uploads\/2019\/12\/ipva-financiamento-03012019161403396-300x199.jpg 300w\" sizes=\"auto, (max-width: 300px) 100vw, 300px\" \/>Desconto pode diminuir custos para o condutor<\/strong><\/h6>\n<p style=\"text-align: justify;\">Pagar o IPVA antecipadamente pode conceder at\u00e9 3% de desconto sobre o valor total para os motoristas aqui em Minas. Quem preferir pode pagar em tr\u00eas parcelas mensais (com vencimento nos meses de janeiro, fevereiro e mar\u00e7o) obedecendo a uma tabela previamente divulgada pelo governo do estado.<\/p>\n<p style=\"text-align: justify;\">Quem quiser quitar o imposto fora do per\u00edodo de antecipa\u00e7\u00e3o, em seu valor integral, tamb\u00e9m \u00e9 poss\u00edvel. Neste caso, o motorista n\u00e3o recebe desconto sobre o valor do imposto. Antes de pagar \u00e9 importante consultar as alternativas de pagamento dispon\u00edveis para cada caso.<\/p>\n<h6 style=\"text-align: justify;\">Pagamento do IPVA n\u00e3o \u00e9 obrigat\u00f3rio para todos<\/h6>\n<p style=\"text-align: justify;\">Sendo o IPVA um imposto estadual, a legisla\u00e7\u00e3o de cada estado prev\u00ea casos espec\u00edficos em que o imposto n\u00e3o \u00e9 obrigat\u00f3rio. Eles relacionam-se \u00e0 isen\u00e7\u00e3o, \u00e0 imunidade e \u00e0 dispensa do pagamento.<\/p>\n<p style=\"text-align: justify;\">Os casos de isen\u00e7\u00e3o referem-se, como primeira categoria, a ve\u00edculos utilizados para trabalho, incluindo t\u00e1xis, motot\u00e1xis e ve\u00edculos de transporte de cargas e de passageiros, por exemplo.<\/p>\n<p style=\"text-align: justify;\">A segunda categoria isenta engloba ve\u00edculos de propriedade de pessoa com defici\u00eancia (PcD) ou de seus respons\u00e1veis legais. Para obt\u00ea-la, \u00e9 necess\u00e1rio comprovar o direito perante \u00f3rg\u00e3os estaduais e possuir um ve\u00edculo que esteja dentro dos padr\u00f5es exigidos.<\/p>\n<p style=\"text-align: justify;\">A terceira categoria isenta do pagamento do IPVA os ve\u00edculos com um tempo espec\u00edfico de uso. Em Minas o prazo \u00e9 20 anos.<\/p>\n<p style=\"text-align: justify;\">Condi\u00e7\u00f5es de imunidade do pagamento do IPVA incluem ve\u00edculos pertencentes a \u00f3rg\u00e3os que n\u00e3o s\u00e3o obrigados a pagar tributos &#8211; \u00f3rg\u00e3os p\u00fablicos, partidos pol\u00edticos, sindicatos, institui\u00e7\u00f5es educacionais e de apoio social sem fins lucrativos e templos de todos os cultos.<\/p>\n<p style=\"text-align: justify;\">Situa\u00e7\u00f5es em que h\u00e1 dispensa do pagamento do imposto relacionam-se \u00e0 perda da posse ou da propriedade do ve\u00edculo em quest\u00e3o. Isso acontece quando o ve\u00edculo:<\/p>\n<p style=\"text-align: justify;\">&#8211; \u00e9 roubado;<br \/>\n&#8211; recebe baixa permanente;<br \/>\n&#8211; \u00e9 leiloado como sucata;<br \/>\n&#8211; desaparece ou passa por perda por perecimento;<br \/>\n&#8211; tem sua propriedade questionada;<br \/>\n&#8211; \u00e9 perdido, penhorado, sequestrado ou apreendido judicial ou administrativamente para an\u00e1lises de inqu\u00e9rito policial.<\/p>\n<p style=\"text-align: justify;\">Nos casos acima, a dispensa do pagamento do IPVA pode n\u00e3o ser permanente, durando o tempo em que o condutor n\u00e3o tiver a posse do seu ve\u00edculo.<\/p>\n<h6 style=\"text-align: justify;\"><img loading=\"lazy\" decoding=\"async\" class=\"alignright wp-image-9890 size-medium\" src=\"https:\/\/marcelolopes.jor.br\/site\/wp-content\/uploads\/2019\/12\/noticias_1560359850-300x200.jpg\" alt=\"\" width=\"300\" height=\"200\" srcset=\"https:\/\/marcelolopes.jor.br\/site\/wp-content\/uploads\/2019\/12\/noticias_1560359850-300x200.jpg 300w, https:\/\/marcelolopes.jor.br\/site\/wp-content\/uploads\/2019\/12\/noticias_1560359850-768x512.jpg 768w, https:\/\/marcelolopes.jor.br\/site\/wp-content\/uploads\/2019\/12\/noticias_1560359850.jpg 800w\" sizes=\"auto, (max-width: 300px) 100vw, 300px\" \/>N\u00e3o pagar IPVA gera problemas ao condutor<\/h6>\n<p style=\"text-align: justify;\">O pagamento do IPVA \u00e9 uma das condi\u00e7\u00f5es para que o licenciamento do ve\u00edculo seja renovado. Deixar de pagar o tributo impede a emiss\u00e3o de um novo CRLV (Certificado de Registo e Licenciamento de Ve\u00edculo), o que o coloca em situa\u00e7\u00e3o de irregularidade.<\/p>\n<p style=\"text-align: justify;\">Quando o ve\u00edculo \u00e9 flagrado pela fiscaliza\u00e7\u00e3o em situa\u00e7\u00e3o irregular, o propriet\u00e1rio do ve\u00edculo est\u00e1 sujeito a receber multa grav\u00edssima, no valor de R$ 293,47, e ter 7 pontos adicionados \u00e0 CNH.<\/p>\n<p style=\"text-align: justify;\">Al\u00e9m da multa e dos pontos na carteira do motorista, o ve\u00edculo ainda pode ser recolhido para dep\u00f3sito do DETRAN, onde permanecer\u00e1 at\u00e9 que todas as d\u00edvidas sejam quitadas.<\/p>\n<p style=\"text-align: justify;\">As penalidades para ve\u00edculos nessa situa\u00e7\u00e3o est\u00e3o previstas no artigo 230 do C\u00f3digo de Tr\u00e2nsito Brasileiro. Dessa maneira, estar atento a todos os aspectos relativos \u00e0 quita\u00e7\u00e3o do IPVA &#8211; como datas, poss\u00edveis descontos e libera\u00e7\u00f5es do pagamento do tributo &#8211; \u00e9 de grande import\u00e2ncia.<\/p>\n<p style=\"text-align: justify;\">A par de todas as informa\u00e7\u00f5es, o motorista evita penalidades por descumprir obriga\u00e7\u00f5es no pagamento e, tamb\u00e9m, usufrui de ganhos garantidos pelos seus direitos enquanto propriet\u00e1rio de ve\u00edculo.<\/p>\n<p><img loading=\"lazy\" decoding=\"async\" class=\"aligncenter size-full wp-image-9887\" src=\"https:\/\/marcelolopes.jor.br\/site\/wp-content\/uploads\/2019\/12\/Captura-de-Tela-2019-12-26-\u00e0s-18.51.24.png\" alt=\"\" width=\"458\" height=\"335\" srcset=\"https:\/\/marcelolopes.jor.br\/site\/wp-content\/uploads\/2019\/12\/Captura-de-Tela-2019-12-26-\u00e0s-18.51.24.png 458w, https:\/\/marcelolopes.jor.br\/site\/wp-content\/uploads\/2019\/12\/Captura-de-Tela-2019-12-26-\u00e0s-18.51.24-300x219.png 300w\" sizes=\"auto, (max-width: 458px) 100vw, 458px\" \/><\/p>\n<p><em>Fonte: UOL com texto de Gustavo Fonseca, coluna Doutor Multas<\/em><\/p>\n<div class=\"kejex69f7055aaf717\" ><br><\/div><style type=\"text\/css\">\r\n@media screen and (min-width: 1201px) {\r\n.kejex69f7055aaf717 {\r\ndisplay: block;\r\n}\r\n}\r\n@media screen and (min-width: 993px) and (max-width: 1200px) {\r\n.kejex69f7055aaf717 {\r\ndisplay: block;\r\n}\r\n}\r\n@media screen and (min-width: 769px) and (max-width: 992px) {\r\n.kejex69f7055aaf717 {\r\ndisplay: block;\r\n}\r\n}\r\n@media screen and (min-width: 768px) and (max-width: 768px) {\r\n.kejex69f7055aaf717 {\r\ndisplay: block;\r\n}\r\n}\r\n@media screen and (max-width: 767px) {\r\n.kejex69f7055aaf717 {\r\ndisplay: block;\r\n}\r\n}\r\n<\/style>\r\n<div class=\"tlqtf69f7055ab383e\" ><div id=\"div_destino\"><\/div>\r\n<script src=\"https:\/\/cdn.snsrsv.com\/sdk.js\"><\/script>\r\n<script >\r\n      new sdk(\"464030C30061EA8BE065000000000001\") \r\n          .appendTo(\"div_destino\")\r\n          .disableStyle(true) \r\n          .setCacheBusterMacro(\"%%CACHEBUSTER%%\")\r\n          .setSize(\"800\",\"214\")\r\n          .setClickMacro(\"%%CLICK_URL_ESC%%\") \r\n          .setReferrerUrlMacro(\"%%REFERRER_URL_ESC%%\") \r\n          .start(); \r\n<\/script><\/div><style type=\"text\/css\">\r\n@media screen and (min-width: 1201px) {\r\n.tlqtf69f7055ab383e {\r\ndisplay: block;\r\n}\r\n}\r\n@media screen and (min-width: 993px) and (max-width: 1200px) {\r\n.tlqtf69f7055ab383e {\r\ndisplay: block;\r\n}\r\n}\r\n@media screen and (min-width: 769px) and (max-width: 992px) {\r\n.tlqtf69f7055ab383e {\r\ndisplay: block;\r\n}\r\n}\r\n@media screen and (min-width: 768px) and (max-width: 768px) {\r\n.tlqtf69f7055ab383e {\r\ndisplay: block;\r\n}\r\n}\r\n@media screen and (max-width: 767px) {\r\n.tlqtf69f7055ab383e {\r\ndisplay: block;\r\n}\r\n}\r\n<\/style>\r\n","protected":false},"excerpt":{"rendered":"<p>O IPVA (Imposto sobre a Propriedade de Ve\u00edculos Automotores) j\u00e1 \u00e9 um velho conhecido dos propriet\u00e1rios de ve\u00edculos automotores no Brasil. E quem quiser j\u00e1 pode pag\u00e1-lo ainda em dezembro ou, para ser mais espec\u00edfico, assim que a Secretaria de<\/p>\n<p class=\"link-more\"><a class=\"more-link\" href=\"https:\/\/marcelolopes.jor.br\/site\/2019\/12\/27\/ipva-2020-o-que-voce-precisa-saber-antes-de-pagar-o-imposto-sobre-veiculos\/\">Leia mais <span class=\"screen-reader-text\">IPVA 2020: o que voc\u00ea precisa saber antes de pagar o imposto sobre ve\u00edculos<\/span><\/a><\/p>\n","protected":false},"author":2,"featured_media":9888,"comment_status":"open","ping_status":"open","sticky":false,"template":"","format":"standard","meta":{"footnotes":""},"categories":[1],"tags":[328,782,781,1871],"class_list":["post-9885","post","type-post","status-publish","format-standard","has-post-thumbnail","hentry","category-noticias","tag-carro","tag-imposto","tag-ipva","tag-multas","thumb-below-title"],"yoast_head":"<!-- This site is optimized with the Yoast SEO plugin v27.4 - https:\/\/yoast.com\/product\/yoast-seo-wordpress\/ -->\n<title>IPVA 2020: o que voc\u00ea precisa saber antes de pagar o imposto sobre ve\u00edculos | Marcelo Lopes<\/title>\n<meta name=\"robots\" content=\"index, follow, max-snippet:-1, max-image-preview:large, max-video-preview:-1\" \/>\n<link rel=\"canonical\" href=\"https:\/\/marcelolopes.jor.br\/site\/2019\/12\/27\/ipva-2020-o-que-voce-precisa-saber-antes-de-pagar-o-imposto-sobre-veiculos\/\" \/>\n<meta property=\"og:locale\" content=\"pt_BR\" \/>\n<meta property=\"og:type\" content=\"article\" \/>\n<meta property=\"og:title\" content=\"IPVA 2020: o que voc\u00ea precisa saber antes de pagar o imposto sobre ve\u00edculos | Marcelo Lopes\" \/>\n<meta property=\"og:description\" content=\"O IPVA (Imposto sobre a Propriedade de Ve\u00edculos Automotores) j\u00e1 \u00e9 um velho conhecido dos propriet\u00e1rios de ve\u00edculos automotores no Brasil. E quem quiser j\u00e1 pode pag\u00e1-lo ainda em dezembro ou, para ser mais espec\u00edfico, assim que a Secretaria deLeia mais IPVA 2020: o que voc\u00ea precisa saber antes de pagar o imposto sobre ve\u00edculos\" \/>\n<meta property=\"og:url\" content=\"https:\/\/marcelolopes.jor.br\/site\/2019\/12\/27\/ipva-2020-o-que-voce-precisa-saber-antes-de-pagar-o-imposto-sobre-veiculos\/\" \/>\n<meta property=\"og:site_name\" content=\"Marcelo Lopes\" \/>\n<meta property=\"article:publisher\" content=\"https:\/\/www.facebook.com\/sitedomarcelolopes\" \/>\n<meta property=\"article:published_time\" content=\"2019-12-27T10:00:59+00:00\" \/>\n<meta property=\"og:image\" content=\"https:\/\/marcelolopes.jor.br\/site\/wp-content\/uploads\/2019\/12\/detran.jpg\" \/>\n\t<meta property=\"og:image:width\" content=\"820\" \/>\n\t<meta property=\"og:image:height\" content=\"480\" \/>\n\t<meta property=\"og:image:type\" content=\"image\/jpeg\" \/>\n<meta name=\"author\" content=\"Marcelo Lopes\" \/>\n<meta name=\"twitter:card\" content=\"summary_large_image\" \/>\n<meta name=\"twitter:label1\" content=\"Escrito por\" \/>\n\t<meta name=\"twitter:data1\" content=\"Marcelo Lopes\" \/>\n\t<meta name=\"twitter:label2\" content=\"Est. tempo de leitura\" \/>\n\t<meta name=\"twitter:data2\" content=\"4 minutos\" \/>\n<script type=\"application\/ld+json\" class=\"yoast-schema-graph\">{\"@context\":\"https:\\\/\\\/schema.org\",\"@graph\":[{\"@type\":\"NewsArticle\",\"@id\":\"https:\\\/\\\/marcelolopes.jor.br\\\/site\\\/2019\\\/12\\\/27\\\/ipva-2020-o-que-voce-precisa-saber-antes-de-pagar-o-imposto-sobre-veiculos\\\/#article\",\"isPartOf\":{\"@id\":\"https:\\\/\\\/marcelolopes.jor.br\\\/site\\\/2019\\\/12\\\/27\\\/ipva-2020-o-que-voce-precisa-saber-antes-de-pagar-o-imposto-sobre-veiculos\\\/\"},\"author\":{\"name\":\"Marcelo Lopes\",\"@id\":\"https:\\\/\\\/marcelolopes.jor.br\\\/site\\\/#\\\/schema\\\/person\\\/3e7216a35c34d8fdf952b31da3d1f89f\"},\"headline\":\"IPVA 2020: o que voc\u00ea precisa saber antes de pagar o imposto sobre ve\u00edculos\",\"datePublished\":\"2019-12-27T10:00:59+00:00\",\"mainEntityOfPage\":{\"@id\":\"https:\\\/\\\/marcelolopes.jor.br\\\/site\\\/2019\\\/12\\\/27\\\/ipva-2020-o-que-voce-precisa-saber-antes-de-pagar-o-imposto-sobre-veiculos\\\/\"},\"wordCount\":886,\"commentCount\":0,\"publisher\":{\"@id\":\"https:\\\/\\\/marcelolopes.jor.br\\\/site\\\/#organization\"},\"image\":{\"@id\":\"https:\\\/\\\/marcelolopes.jor.br\\\/site\\\/2019\\\/12\\\/27\\\/ipva-2020-o-que-voce-precisa-saber-antes-de-pagar-o-imposto-sobre-veiculos\\\/#primaryimage\"},\"thumbnailUrl\":\"https:\\\/\\\/marcelolopes.jor.br\\\/site\\\/wp-content\\\/uploads\\\/2019\\\/12\\\/detran.jpg\",\"keywords\":[\"carro\",\"imposto\",\"IPVA\",\"multas\"],\"articleSection\":[\"Not\u00edcias\"],\"inLanguage\":\"pt-BR\",\"potentialAction\":[{\"@type\":\"CommentAction\",\"name\":\"Comment\",\"target\":[\"https:\\\/\\\/marcelolopes.jor.br\\\/site\\\/2019\\\/12\\\/27\\\/ipva-2020-o-que-voce-precisa-saber-antes-de-pagar-o-imposto-sobre-veiculos\\\/#respond\"]}]},{\"@type\":\"WebPage\",\"@id\":\"https:\\\/\\\/marcelolopes.jor.br\\\/site\\\/2019\\\/12\\\/27\\\/ipva-2020-o-que-voce-precisa-saber-antes-de-pagar-o-imposto-sobre-veiculos\\\/\",\"url\":\"https:\\\/\\\/marcelolopes.jor.br\\\/site\\\/2019\\\/12\\\/27\\\/ipva-2020-o-que-voce-precisa-saber-antes-de-pagar-o-imposto-sobre-veiculos\\\/\",\"name\":\"IPVA 2020: o que voc\u00ea precisa saber antes de pagar o imposto sobre ve\u00edculos | Marcelo Lopes\",\"isPartOf\":{\"@id\":\"https:\\\/\\\/marcelolopes.jor.br\\\/site\\\/#website\"},\"primaryImageOfPage\":{\"@id\":\"https:\\\/\\\/marcelolopes.jor.br\\\/site\\\/2019\\\/12\\\/27\\\/ipva-2020-o-que-voce-precisa-saber-antes-de-pagar-o-imposto-sobre-veiculos\\\/#primaryimage\"},\"image\":{\"@id\":\"https:\\\/\\\/marcelolopes.jor.br\\\/site\\\/2019\\\/12\\\/27\\\/ipva-2020-o-que-voce-precisa-saber-antes-de-pagar-o-imposto-sobre-veiculos\\\/#primaryimage\"},\"thumbnailUrl\":\"https:\\\/\\\/marcelolopes.jor.br\\\/site\\\/wp-content\\\/uploads\\\/2019\\\/12\\\/detran.jpg\",\"datePublished\":\"2019-12-27T10:00:59+00:00\",\"breadcrumb\":{\"@id\":\"https:\\\/\\\/marcelolopes.jor.br\\\/site\\\/2019\\\/12\\\/27\\\/ipva-2020-o-que-voce-precisa-saber-antes-de-pagar-o-imposto-sobre-veiculos\\\/#breadcrumb\"},\"inLanguage\":\"pt-BR\",\"potentialAction\":[{\"@type\":\"ReadAction\",\"target\":[\"https:\\\/\\\/marcelolopes.jor.br\\\/site\\\/2019\\\/12\\\/27\\\/ipva-2020-o-que-voce-precisa-saber-antes-de-pagar-o-imposto-sobre-veiculos\\\/\"]}]},{\"@type\":\"ImageObject\",\"inLanguage\":\"pt-BR\",\"@id\":\"https:\\\/\\\/marcelolopes.jor.br\\\/site\\\/2019\\\/12\\\/27\\\/ipva-2020-o-que-voce-precisa-saber-antes-de-pagar-o-imposto-sobre-veiculos\\\/#primaryimage\",\"url\":\"https:\\\/\\\/marcelolopes.jor.br\\\/site\\\/wp-content\\\/uploads\\\/2019\\\/12\\\/detran.jpg\",\"contentUrl\":\"https:\\\/\\\/marcelolopes.jor.br\\\/site\\\/wp-content\\\/uploads\\\/2019\\\/12\\\/detran.jpg\",\"width\":820,\"height\":480},{\"@type\":\"BreadcrumbList\",\"@id\":\"https:\\\/\\\/marcelolopes.jor.br\\\/site\\\/2019\\\/12\\\/27\\\/ipva-2020-o-que-voce-precisa-saber-antes-de-pagar-o-imposto-sobre-veiculos\\\/#breadcrumb\",\"itemListElement\":[{\"@type\":\"ListItem\",\"position\":1,\"name\":\"Home\",\"item\":\"https:\\\/\\\/marcelolopes.jor.br\\\/site\\\/\"},{\"@type\":\"ListItem\",\"position\":2,\"name\":\"IPVA 2020: o que voc\u00ea precisa saber antes de pagar o imposto sobre ve\u00edculos\"}]},{\"@type\":\"WebSite\",\"@id\":\"https:\\\/\\\/marcelolopes.jor.br\\\/site\\\/#website\",\"url\":\"https:\\\/\\\/marcelolopes.jor.br\\\/site\\\/\",\"name\":\"Marcelo Lopes\",\"description\":\"Not\u00edcias de Cataguases e Regi\u00e3o\",\"publisher\":{\"@id\":\"https:\\\/\\\/marcelolopes.jor.br\\\/site\\\/#organization\"},\"potentialAction\":[{\"@type\":\"SearchAction\",\"target\":{\"@type\":\"EntryPoint\",\"urlTemplate\":\"https:\\\/\\\/marcelolopes.jor.br\\\/site\\\/?s={search_term_string}\"},\"query-input\":{\"@type\":\"PropertyValueSpecification\",\"valueRequired\":true,\"valueName\":\"search_term_string\"}}],\"inLanguage\":\"pt-BR\"},{\"@type\":\"Organization\",\"@id\":\"https:\\\/\\\/marcelolopes.jor.br\\\/site\\\/#organization\",\"name\":\"Site do Marcelo Lopes\",\"url\":\"https:\\\/\\\/marcelolopes.jor.br\\\/site\\\/\",\"logo\":{\"@type\":\"ImageObject\",\"inLanguage\":\"pt-BR\",\"@id\":\"https:\\\/\\\/marcelolopes.jor.br\\\/site\\\/#\\\/schema\\\/logo\\\/image\\\/\",\"url\":\"https:\\\/\\\/marcelolopes.jor.br\\\/site\\\/wp-content\\\/uploads\\\/2024\\\/11\\\/logo-1.png\",\"contentUrl\":\"https:\\\/\\\/marcelolopes.jor.br\\\/site\\\/wp-content\\\/uploads\\\/2024\\\/11\\\/logo-1.png\",\"width\":475,\"height\":80,\"caption\":\"Site do Marcelo Lopes\"},\"image\":{\"@id\":\"https:\\\/\\\/marcelolopes.jor.br\\\/site\\\/#\\\/schema\\\/logo\\\/image\\\/\"},\"sameAs\":[\"https:\\\/\\\/www.facebook.com\\\/sitedomarcelolopes\",\"https:\\\/\\\/www.instagram.com\\\/sitedomarcelolopes\\\/\",\"https:\\\/\\\/www.linkedin.com\\\/company\\\/site-do-marcelo-lopes\\\/\",\"https:\\\/\\\/www.youtube.com\\\/user\\\/marcelolopes957\"]},{\"@type\":\"Person\",\"@id\":\"https:\\\/\\\/marcelolopes.jor.br\\\/site\\\/#\\\/schema\\\/person\\\/3e7216a35c34d8fdf952b31da3d1f89f\",\"name\":\"Marcelo Lopes\",\"sameAs\":[\"http:\\\/\\\/www.marcelolopes.jor.br\"],\"url\":\"https:\\\/\\\/marcelolopes.jor.br\\\/site\\\/author\\\/marcelo\\\/\"}]}<\/script>\n<!-- \/ Yoast SEO plugin. -->","yoast_head_json":{"title":"IPVA 2020: o que voc\u00ea precisa saber antes de pagar o imposto sobre ve\u00edculos | Marcelo Lopes","robots":{"index":"index","follow":"follow","max-snippet":"max-snippet:-1","max-image-preview":"max-image-preview:large","max-video-preview":"max-video-preview:-1"},"canonical":"https:\/\/marcelolopes.jor.br\/site\/2019\/12\/27\/ipva-2020-o-que-voce-precisa-saber-antes-de-pagar-o-imposto-sobre-veiculos\/","og_locale":"pt_BR","og_type":"article","og_title":"IPVA 2020: o que voc\u00ea precisa saber antes de pagar o imposto sobre ve\u00edculos | Marcelo Lopes","og_description":"O IPVA (Imposto sobre a Propriedade de Ve\u00edculos Automotores) j\u00e1 \u00e9 um velho conhecido dos propriet\u00e1rios de ve\u00edculos automotores no Brasil. E quem quiser j\u00e1 pode pag\u00e1-lo ainda em dezembro ou, para ser mais espec\u00edfico, assim que a Secretaria deLeia mais IPVA 2020: o que voc\u00ea precisa saber antes de pagar o imposto sobre ve\u00edculos","og_url":"https:\/\/marcelolopes.jor.br\/site\/2019\/12\/27\/ipva-2020-o-que-voce-precisa-saber-antes-de-pagar-o-imposto-sobre-veiculos\/","og_site_name":"Marcelo Lopes","article_publisher":"https:\/\/www.facebook.com\/sitedomarcelolopes","article_published_time":"2019-12-27T10:00:59+00:00","og_image":[{"width":820,"height":480,"url":"https:\/\/marcelolopes.jor.br\/site\/wp-content\/uploads\/2019\/12\/detran.jpg","type":"image\/jpeg"}],"author":"Marcelo Lopes","twitter_card":"summary_large_image","twitter_misc":{"Escrito por":"Marcelo Lopes","Est. tempo de leitura":"4 minutos"},"schema":{"@context":"https:\/\/schema.org","@graph":[{"@type":"NewsArticle","@id":"https:\/\/marcelolopes.jor.br\/site\/2019\/12\/27\/ipva-2020-o-que-voce-precisa-saber-antes-de-pagar-o-imposto-sobre-veiculos\/#article","isPartOf":{"@id":"https:\/\/marcelolopes.jor.br\/site\/2019\/12\/27\/ipva-2020-o-que-voce-precisa-saber-antes-de-pagar-o-imposto-sobre-veiculos\/"},"author":{"name":"Marcelo Lopes","@id":"https:\/\/marcelolopes.jor.br\/site\/#\/schema\/person\/3e7216a35c34d8fdf952b31da3d1f89f"},"headline":"IPVA 2020: o que voc\u00ea precisa saber antes de pagar o imposto sobre ve\u00edculos","datePublished":"2019-12-27T10:00:59+00:00","mainEntityOfPage":{"@id":"https:\/\/marcelolopes.jor.br\/site\/2019\/12\/27\/ipva-2020-o-que-voce-precisa-saber-antes-de-pagar-o-imposto-sobre-veiculos\/"},"wordCount":886,"commentCount":0,"publisher":{"@id":"https:\/\/marcelolopes.jor.br\/site\/#organization"},"image":{"@id":"https:\/\/marcelolopes.jor.br\/site\/2019\/12\/27\/ipva-2020-o-que-voce-precisa-saber-antes-de-pagar-o-imposto-sobre-veiculos\/#primaryimage"},"thumbnailUrl":"https:\/\/marcelolopes.jor.br\/site\/wp-content\/uploads\/2019\/12\/detran.jpg","keywords":["carro","imposto","IPVA","multas"],"articleSection":["Not\u00edcias"],"inLanguage":"pt-BR","potentialAction":[{"@type":"CommentAction","name":"Comment","target":["https:\/\/marcelolopes.jor.br\/site\/2019\/12\/27\/ipva-2020-o-que-voce-precisa-saber-antes-de-pagar-o-imposto-sobre-veiculos\/#respond"]}]},{"@type":"WebPage","@id":"https:\/\/marcelolopes.jor.br\/site\/2019\/12\/27\/ipva-2020-o-que-voce-precisa-saber-antes-de-pagar-o-imposto-sobre-veiculos\/","url":"https:\/\/marcelolopes.jor.br\/site\/2019\/12\/27\/ipva-2020-o-que-voce-precisa-saber-antes-de-pagar-o-imposto-sobre-veiculos\/","name":"IPVA 2020: o que voc\u00ea precisa saber antes de pagar o imposto sobre ve\u00edculos | Marcelo Lopes","isPartOf":{"@id":"https:\/\/marcelolopes.jor.br\/site\/#website"},"primaryImageOfPage":{"@id":"https:\/\/marcelolopes.jor.br\/site\/2019\/12\/27\/ipva-2020-o-que-voce-precisa-saber-antes-de-pagar-o-imposto-sobre-veiculos\/#primaryimage"},"image":{"@id":"https:\/\/marcelolopes.jor.br\/site\/2019\/12\/27\/ipva-2020-o-que-voce-precisa-saber-antes-de-pagar-o-imposto-sobre-veiculos\/#primaryimage"},"thumbnailUrl":"https:\/\/marcelolopes.jor.br\/site\/wp-content\/uploads\/2019\/12\/detran.jpg","datePublished":"2019-12-27T10:00:59+00:00","breadcrumb":{"@id":"https:\/\/marcelolopes.jor.br\/site\/2019\/12\/27\/ipva-2020-o-que-voce-precisa-saber-antes-de-pagar-o-imposto-sobre-veiculos\/#breadcrumb"},"inLanguage":"pt-BR","potentialAction":[{"@type":"ReadAction","target":["https:\/\/marcelolopes.jor.br\/site\/2019\/12\/27\/ipva-2020-o-que-voce-precisa-saber-antes-de-pagar-o-imposto-sobre-veiculos\/"]}]},{"@type":"ImageObject","inLanguage":"pt-BR","@id":"https:\/\/marcelolopes.jor.br\/site\/2019\/12\/27\/ipva-2020-o-que-voce-precisa-saber-antes-de-pagar-o-imposto-sobre-veiculos\/#primaryimage","url":"https:\/\/marcelolopes.jor.br\/site\/wp-content\/uploads\/2019\/12\/detran.jpg","contentUrl":"https:\/\/marcelolopes.jor.br\/site\/wp-content\/uploads\/2019\/12\/detran.jpg","width":820,"height":480},{"@type":"BreadcrumbList","@id":"https:\/\/marcelolopes.jor.br\/site\/2019\/12\/27\/ipva-2020-o-que-voce-precisa-saber-antes-de-pagar-o-imposto-sobre-veiculos\/#breadcrumb","itemListElement":[{"@type":"ListItem","position":1,"name":"Home","item":"https:\/\/marcelolopes.jor.br\/site\/"},{"@type":"ListItem","position":2,"name":"IPVA 2020: o que voc\u00ea precisa saber antes de pagar o imposto sobre ve\u00edculos"}]},{"@type":"WebSite","@id":"https:\/\/marcelolopes.jor.br\/site\/#website","url":"https:\/\/marcelolopes.jor.br\/site\/","name":"Marcelo Lopes","description":"Not\u00edcias de Cataguases e Regi\u00e3o","publisher":{"@id":"https:\/\/marcelolopes.jor.br\/site\/#organization"},"potentialAction":[{"@type":"SearchAction","target":{"@type":"EntryPoint","urlTemplate":"https:\/\/marcelolopes.jor.br\/site\/?s={search_term_string}"},"query-input":{"@type":"PropertyValueSpecification","valueRequired":true,"valueName":"search_term_string"}}],"inLanguage":"pt-BR"},{"@type":"Organization","@id":"https:\/\/marcelolopes.jor.br\/site\/#organization","name":"Site do Marcelo Lopes","url":"https:\/\/marcelolopes.jor.br\/site\/","logo":{"@type":"ImageObject","inLanguage":"pt-BR","@id":"https:\/\/marcelolopes.jor.br\/site\/#\/schema\/logo\/image\/","url":"https:\/\/marcelolopes.jor.br\/site\/wp-content\/uploads\/2024\/11\/logo-1.png","contentUrl":"https:\/\/marcelolopes.jor.br\/site\/wp-content\/uploads\/2024\/11\/logo-1.png","width":475,"height":80,"caption":"Site do Marcelo Lopes"},"image":{"@id":"https:\/\/marcelolopes.jor.br\/site\/#\/schema\/logo\/image\/"},"sameAs":["https:\/\/www.facebook.com\/sitedomarcelolopes","https:\/\/www.instagram.com\/sitedomarcelolopes\/","https:\/\/www.linkedin.com\/company\/site-do-marcelo-lopes\/","https:\/\/www.youtube.com\/user\/marcelolopes957"]},{"@type":"Person","@id":"https:\/\/marcelolopes.jor.br\/site\/#\/schema\/person\/3e7216a35c34d8fdf952b31da3d1f89f","name":"Marcelo Lopes","sameAs":["http:\/\/www.marcelolopes.jor.br"],"url":"https:\/\/marcelolopes.jor.br\/site\/author\/marcelo\/"}]}},"wps_subtitle":"Imposto come\u00e7a a ser cobrado j\u00e1 na primeira quinzena de janeiro de 2020.","_links":{"self":[{"href":"https:\/\/marcelolopes.jor.br\/site\/wp-json\/wp\/v2\/posts\/9885","targetHints":{"allow":["GET"]}}],"collection":[{"href":"https:\/\/marcelolopes.jor.br\/site\/wp-json\/wp\/v2\/posts"}],"about":[{"href":"https:\/\/marcelolopes.jor.br\/site\/wp-json\/wp\/v2\/types\/post"}],"author":[{"embeddable":true,"href":"https:\/\/marcelolopes.jor.br\/site\/wp-json\/wp\/v2\/users\/2"}],"replies":[{"embeddable":true,"href":"https:\/\/marcelolopes.jor.br\/site\/wp-json\/wp\/v2\/comments?post=9885"}],"version-history":[{"count":0,"href":"https:\/\/marcelolopes.jor.br\/site\/wp-json\/wp\/v2\/posts\/9885\/revisions"}],"wp:featuredmedia":[{"embeddable":true,"href":"https:\/\/marcelolopes.jor.br\/site\/wp-json\/wp\/v2\/media\/9888"}],"wp:attachment":[{"href":"https:\/\/marcelolopes.jor.br\/site\/wp-json\/wp\/v2\/media?parent=9885"}],"wp:term":[{"taxonomy":"category","embeddable":true,"href":"https:\/\/marcelolopes.jor.br\/site\/wp-json\/wp\/v2\/categories?post=9885"},{"taxonomy":"post_tag","embeddable":true,"href":"https:\/\/marcelolopes.jor.br\/site\/wp-json\/wp\/v2\/tags?post=9885"}],"curies":[{"name":"wp","href":"https:\/\/api.w.org\/{rel}","templated":true}]}}