{"id":9826,"date":"2019-12-24T19:18:57","date_gmt":"2019-12-24T22:18:57","guid":{"rendered":"https:\/\/marcelolopes.jor.br\/?p=9826"},"modified":"2023-04-01T15:45:13","modified_gmt":"2023-04-01T18:45:13","slug":"comercio-de-cataguases-espera-superar-expectativa-de-vendas-no-natal","status":"publish","type":"post","link":"https:\/\/marcelolopes.jor.br\/site\/2019\/12\/24\/comercio-de-cataguases-espera-superar-expectativa-de-vendas-no-natal\/","title":{"rendered":"Com\u00e9rcio de Cataguases espera superar expectativa de vendas no Natal"},"content":{"rendered":"<p style=\"text-align: justify;\">Ainda \u00e9 cedo para afirmar, mas este Natal dever\u00e1 ser o melhor em vendas dos \u00faltimos quatro anos, disseram os lojistas ouvidos pelo Site do Marcelo Lopes ao longo desta ter\u00e7a-feira, v\u00e9spera de Natal. O otimismo p\u00f4de ser visto pela movimenta\u00e7\u00e3o nas ruas nos \u00faltimos dias, especialmente, nesta semana que antecedeu \u00e0 data mais importante para o com\u00e9rcio. O otimismo n\u00e3o \u00e9 isolado e est\u00e1 presente em todas as regi\u00f5es do pa\u00eds.<!--more--><\/p>\n<p style=\"text-align: justify;\">No final da tarde desta ter\u00e7a-feira, 24 de dezembro, o presidente do Sindicato do Com\u00e9rcio Atacadista e Varejista de Cataguases, Jos\u00e9 Porfiro do Carmo, fez coro com seus colegas comerciantes e, demonstrando ainda otimismo maior, foi claro: &#8220;Oficialmente ainda n\u00e3o tenho os dados (sobre as vendas do com\u00e9rcio neste Natal), mas pelo movimento nas ruas e lojas, a expectativa \u00e9 que teremos boas vendas, com possibilidades de superarmos as expectativas, que j\u00e1 eram boas&#8221;, frisou.<\/p>\n<p style=\"text-align: justify;\"><img loading=\"lazy\" decoding=\"async\" class=\"aligncenter wp-image-9829\" src=\"https:\/\/marcelolopes.jor.br\/site\/wp-content\/uploads\/2019\/12\/Vendas-do-com\u00e9rcio.jpg\" alt=\"\" width=\"600\" height=\"400\" srcset=\"https:\/\/marcelolopes.jor.br\/site\/wp-content\/uploads\/2019\/12\/Vendas-do-com\u00e9rcio.jpg 1100w, https:\/\/marcelolopes.jor.br\/site\/wp-content\/uploads\/2019\/12\/Vendas-do-com\u00e9rcio-300x200.jpg 300w, https:\/\/marcelolopes.jor.br\/site\/wp-content\/uploads\/2019\/12\/Vendas-do-com\u00e9rcio-768x512.jpg 768w, https:\/\/marcelolopes.jor.br\/site\/wp-content\/uploads\/2019\/12\/Vendas-do-com\u00e9rcio-1024x683.jpg 1024w\" sizes=\"auto, (max-width: 600px) 100vw, 600px\" \/>Ao longo desta V\u00e9spera de Natal o movimento nas ruas centrais da cidade foi intenso com tr\u00e2nsito lento de ve\u00edculos e muita gente \u00e0 p\u00e9 circulando. As lojas tamb\u00e9m receberam um n\u00famero de clientes acima da m\u00e9dia, ansiosos em escolher seus presentes que ser\u00e3o trocados durante a Ceia de logo mais. Segundo a Associa\u00e7\u00e3o Comercial de S\u00e3o Paulo (ACSP), a expectativa de alta nas vendas de Natal deve-se \u00e0 libera\u00e7\u00e3o dos saques do Fundo de Garantia do Tempo de Servi\u00e7o (FGTS), \u00e0 queda na taxa de juros e ao d\u00e9cimo terceiro sal\u00e1rio.<\/p>\n<div class=\"bqkwm69f72e2880c26\" ><br><\/div><style type=\"text\/css\">\r\n@media screen and (min-width: 1201px) {\r\n.bqkwm69f72e2880c26 {\r\ndisplay: block;\r\n}\r\n}\r\n@media screen and (min-width: 993px) and (max-width: 1200px) {\r\n.bqkwm69f72e2880c26 {\r\ndisplay: block;\r\n}\r\n}\r\n@media screen and (min-width: 769px) and (max-width: 992px) {\r\n.bqkwm69f72e2880c26 {\r\ndisplay: block;\r\n}\r\n}\r\n@media screen and (min-width: 768px) and (max-width: 768px) {\r\n.bqkwm69f72e2880c26 {\r\ndisplay: block;\r\n}\r\n}\r\n@media screen and (max-width: 767px) {\r\n.bqkwm69f72e2880c26 {\r\ndisplay: block;\r\n}\r\n}\r\n<\/style>\r\n<div class=\"uatmc69f72e288664d\" ><div id=\"div_destino\"><\/div>\r\n<script src=\"https:\/\/cdn.snsrsv.com\/sdk.js\"><\/script>\r\n<script >\r\n      new sdk(\"464030C30061EA8BE065000000000001\") \r\n          .appendTo(\"div_destino\")\r\n          .disableStyle(true) \r\n          .setCacheBusterMacro(\"%%CACHEBUSTER%%\")\r\n          .setSize(\"800\",\"214\")\r\n          .setClickMacro(\"%%CLICK_URL_ESC%%\") \r\n          .setReferrerUrlMacro(\"%%REFERRER_URL_ESC%%\") \r\n          .start(); \r\n<\/script><\/div><style type=\"text\/css\">\r\n@media screen and (min-width: 1201px) {\r\n.uatmc69f72e288664d {\r\ndisplay: block;\r\n}\r\n}\r\n@media screen and (min-width: 993px) and (max-width: 1200px) {\r\n.uatmc69f72e288664d {\r\ndisplay: block;\r\n}\r\n}\r\n@media screen and (min-width: 769px) and (max-width: 992px) {\r\n.uatmc69f72e288664d {\r\ndisplay: block;\r\n}\r\n}\r\n@media screen and (min-width: 768px) and (max-width: 768px) {\r\n.uatmc69f72e288664d {\r\ndisplay: block;\r\n}\r\n}\r\n@media screen and (max-width: 767px) {\r\n.uatmc69f72e288664d {\r\ndisplay: block;\r\n}\r\n}\r\n<\/style>\r\n","protected":false},"excerpt":{"rendered":"<p>Ainda \u00e9 cedo para afirmar, mas este Natal dever\u00e1 ser o melhor em vendas dos \u00faltimos quatro anos, disseram os lojistas ouvidos pelo Site do Marcelo Lopes ao longo desta ter\u00e7a-feira, v\u00e9spera de Natal. O otimismo p\u00f4de ser visto pela<\/p>\n<p class=\"link-more\"><a class=\"more-link\" href=\"https:\/\/marcelolopes.jor.br\/site\/2019\/12\/24\/comercio-de-cataguases-espera-superar-expectativa-de-vendas-no-natal\/\">Leia mais <span class=\"screen-reader-text\">Com\u00e9rcio de Cataguases espera superar expectativa de vendas no Natal<\/span><\/a><\/p>\n","protected":false},"author":2,"featured_media":9830,"comment_status":"open","ping_status":"open","sticky":false,"template":"","format":"standard","meta":{"footnotes":""},"categories":[1],"tags":[167,1755,1756,1864],"class_list":["post-9826","post","type-post","status-publish","format-standard","has-post-thumbnail","hentry","category-noticias","tag-comercio","tag-natal","tag-sindicato","tag-vendas-de-natal","thumb-below-title"],"yoast_head":"<!-- This site is optimized with the Yoast SEO plugin v27.4 - https:\/\/yoast.com\/product\/yoast-seo-wordpress\/ -->\n<title>Com\u00e9rcio de Cataguases espera superar expectativa de vendas no<\/title>\n<meta name=\"description\" content=\"Com\u00e9rcio de Cataguases espera superar expectativa de vendas no Natal. Grande movimento de pessoas nas ruas e nas lojas d\u00e1 o tom de otimismo.\" \/>\n<meta name=\"robots\" content=\"index, follow, max-snippet:-1, max-image-preview:large, max-video-preview:-1\" \/>\n<link rel=\"canonical\" href=\"https:\/\/marcelolopes.jor.br\/site\/2019\/12\/24\/comercio-de-cataguases-espera-superar-expectativa-de-vendas-no-natal\/\" \/>\n<meta property=\"og:locale\" content=\"pt_BR\" \/>\n<meta property=\"og:type\" content=\"article\" \/>\n<meta property=\"og:title\" content=\"Com\u00e9rcio de Cataguases espera superar expectativa de vendas no\" \/>\n<meta property=\"og:description\" content=\"Com\u00e9rcio de Cataguases espera superar expectativa de vendas no Natal. Grande movimento de pessoas nas ruas e nas lojas d\u00e1 o tom de otimismo.\" \/>\n<meta property=\"og:url\" content=\"https:\/\/marcelolopes.jor.br\/site\/2019\/12\/24\/comercio-de-cataguases-espera-superar-expectativa-de-vendas-no-natal\/\" \/>\n<meta property=\"og:site_name\" content=\"Marcelo Lopes\" \/>\n<meta property=\"article:publisher\" content=\"https:\/\/www.facebook.com\/sitedomarcelolopes\" \/>\n<meta property=\"article:published_time\" content=\"2019-12-24T22:18:57+00:00\" \/>\n<meta property=\"article:modified_time\" content=\"2023-04-01T18:45:13+00:00\" \/>\n<meta property=\"og:image\" content=\"https:\/\/marcelolopes.jor.br\/site\/wp-content\/uploads\/2019\/12\/Z\u00e9-Porfiro-do-Carmo.jpg\" \/>\n\t<meta property=\"og:image:width\" content=\"640\" \/>\n\t<meta property=\"og:image:height\" content=\"480\" \/>\n\t<meta property=\"og:image:type\" content=\"image\/jpeg\" \/>\n<meta name=\"author\" content=\"Marcelo Lopes\" \/>\n<meta name=\"twitter:card\" content=\"summary_large_image\" \/>\n<meta name=\"twitter:label1\" content=\"Escrito por\" \/>\n\t<meta name=\"twitter:data1\" content=\"Marcelo Lopes\" \/>\n\t<meta name=\"twitter:label2\" content=\"Est. tempo de leitura\" \/>\n\t<meta name=\"twitter:data2\" content=\"1 minuto\" \/>\n<script type=\"application\/ld+json\" class=\"yoast-schema-graph\">{\"@context\":\"https:\\\/\\\/schema.org\",\"@graph\":[{\"@type\":\"NewsArticle\",\"@id\":\"https:\\\/\\\/marcelolopes.jor.br\\\/site\\\/2019\\\/12\\\/24\\\/comercio-de-cataguases-espera-superar-expectativa-de-vendas-no-natal\\\/#article\",\"isPartOf\":{\"@id\":\"https:\\\/\\\/marcelolopes.jor.br\\\/site\\\/2019\\\/12\\\/24\\\/comercio-de-cataguases-espera-superar-expectativa-de-vendas-no-natal\\\/\"},\"author\":{\"name\":\"Marcelo Lopes\",\"@id\":\"https:\\\/\\\/marcelolopes.jor.br\\\/site\\\/#\\\/schema\\\/person\\\/3e7216a35c34d8fdf952b31da3d1f89f\"},\"headline\":\"Com\u00e9rcio de Cataguases espera superar expectativa de vendas no Natal\",\"datePublished\":\"2019-12-24T22:18:57+00:00\",\"dateModified\":\"2023-04-01T18:45:13+00:00\",\"mainEntityOfPage\":{\"@id\":\"https:\\\/\\\/marcelolopes.jor.br\\\/site\\\/2019\\\/12\\\/24\\\/comercio-de-cataguases-espera-superar-expectativa-de-vendas-no-natal\\\/\"},\"wordCount\":267,\"commentCount\":0,\"publisher\":{\"@id\":\"https:\\\/\\\/marcelolopes.jor.br\\\/site\\\/#organization\"},\"image\":{\"@id\":\"https:\\\/\\\/marcelolopes.jor.br\\\/site\\\/2019\\\/12\\\/24\\\/comercio-de-cataguases-espera-superar-expectativa-de-vendas-no-natal\\\/#primaryimage\"},\"thumbnailUrl\":\"https:\\\/\\\/marcelolopes.jor.br\\\/site\\\/wp-content\\\/uploads\\\/2019\\\/12\\\/Z\u00e9-Porfiro-do-Carmo.jpg\",\"keywords\":[\"com\u00e9rcio\",\"Natal\",\"Sindicato\",\"vendas de natal\"],\"articleSection\":[\"Not\u00edcias\"],\"inLanguage\":\"pt-BR\",\"potentialAction\":[{\"@type\":\"CommentAction\",\"name\":\"Comment\",\"target\":[\"https:\\\/\\\/marcelolopes.jor.br\\\/site\\\/2019\\\/12\\\/24\\\/comercio-de-cataguases-espera-superar-expectativa-de-vendas-no-natal\\\/#respond\"]}]},{\"@type\":\"WebPage\",\"@id\":\"https:\\\/\\\/marcelolopes.jor.br\\\/site\\\/2019\\\/12\\\/24\\\/comercio-de-cataguases-espera-superar-expectativa-de-vendas-no-natal\\\/\",\"url\":\"https:\\\/\\\/marcelolopes.jor.br\\\/site\\\/2019\\\/12\\\/24\\\/comercio-de-cataguases-espera-superar-expectativa-de-vendas-no-natal\\\/\",\"name\":\"Com\u00e9rcio de Cataguases espera superar expectativa de vendas no\",\"isPartOf\":{\"@id\":\"https:\\\/\\\/marcelolopes.jor.br\\\/site\\\/#website\"},\"primaryImageOfPage\":{\"@id\":\"https:\\\/\\\/marcelolopes.jor.br\\\/site\\\/2019\\\/12\\\/24\\\/comercio-de-cataguases-espera-superar-expectativa-de-vendas-no-natal\\\/#primaryimage\"},\"image\":{\"@id\":\"https:\\\/\\\/marcelolopes.jor.br\\\/site\\\/2019\\\/12\\\/24\\\/comercio-de-cataguases-espera-superar-expectativa-de-vendas-no-natal\\\/#primaryimage\"},\"thumbnailUrl\":\"https:\\\/\\\/marcelolopes.jor.br\\\/site\\\/wp-content\\\/uploads\\\/2019\\\/12\\\/Z\u00e9-Porfiro-do-Carmo.jpg\",\"datePublished\":\"2019-12-24T22:18:57+00:00\",\"dateModified\":\"2023-04-01T18:45:13+00:00\",\"description\":\"Com\u00e9rcio de Cataguases espera superar expectativa de vendas no Natal. Grande movimento de pessoas nas ruas e nas lojas d\u00e1 o tom de otimismo.\",\"breadcrumb\":{\"@id\":\"https:\\\/\\\/marcelolopes.jor.br\\\/site\\\/2019\\\/12\\\/24\\\/comercio-de-cataguases-espera-superar-expectativa-de-vendas-no-natal\\\/#breadcrumb\"},\"inLanguage\":\"pt-BR\",\"potentialAction\":[{\"@type\":\"ReadAction\",\"target\":[\"https:\\\/\\\/marcelolopes.jor.br\\\/site\\\/2019\\\/12\\\/24\\\/comercio-de-cataguases-espera-superar-expectativa-de-vendas-no-natal\\\/\"]}]},{\"@type\":\"ImageObject\",\"inLanguage\":\"pt-BR\",\"@id\":\"https:\\\/\\\/marcelolopes.jor.br\\\/site\\\/2019\\\/12\\\/24\\\/comercio-de-cataguases-espera-superar-expectativa-de-vendas-no-natal\\\/#primaryimage\",\"url\":\"https:\\\/\\\/marcelolopes.jor.br\\\/site\\\/wp-content\\\/uploads\\\/2019\\\/12\\\/Z\u00e9-Porfiro-do-Carmo.jpg\",\"contentUrl\":\"https:\\\/\\\/marcelolopes.jor.br\\\/site\\\/wp-content\\\/uploads\\\/2019\\\/12\\\/Z\u00e9-Porfiro-do-Carmo.jpg\",\"width\":640,\"height\":480,\"caption\":\"Com\u00e9rcio de Cataguases espera\"},{\"@type\":\"BreadcrumbList\",\"@id\":\"https:\\\/\\\/marcelolopes.jor.br\\\/site\\\/2019\\\/12\\\/24\\\/comercio-de-cataguases-espera-superar-expectativa-de-vendas-no-natal\\\/#breadcrumb\",\"itemListElement\":[{\"@type\":\"ListItem\",\"position\":1,\"name\":\"Home\",\"item\":\"https:\\\/\\\/marcelolopes.jor.br\\\/site\\\/\"},{\"@type\":\"ListItem\",\"position\":2,\"name\":\"Com\u00e9rcio de Cataguases espera superar expectativa de vendas no Natal\"}]},{\"@type\":\"WebSite\",\"@id\":\"https:\\\/\\\/marcelolopes.jor.br\\\/site\\\/#website\",\"url\":\"https:\\\/\\\/marcelolopes.jor.br\\\/site\\\/\",\"name\":\"Marcelo Lopes\",\"description\":\"Not\u00edcias de Cataguases e Regi\u00e3o\",\"publisher\":{\"@id\":\"https:\\\/\\\/marcelolopes.jor.br\\\/site\\\/#organization\"},\"potentialAction\":[{\"@type\":\"SearchAction\",\"target\":{\"@type\":\"EntryPoint\",\"urlTemplate\":\"https:\\\/\\\/marcelolopes.jor.br\\\/site\\\/?s={search_term_string}\"},\"query-input\":{\"@type\":\"PropertyValueSpecification\",\"valueRequired\":true,\"valueName\":\"search_term_string\"}}],\"inLanguage\":\"pt-BR\"},{\"@type\":\"Organization\",\"@id\":\"https:\\\/\\\/marcelolopes.jor.br\\\/site\\\/#organization\",\"name\":\"Site do Marcelo Lopes\",\"url\":\"https:\\\/\\\/marcelolopes.jor.br\\\/site\\\/\",\"logo\":{\"@type\":\"ImageObject\",\"inLanguage\":\"pt-BR\",\"@id\":\"https:\\\/\\\/marcelolopes.jor.br\\\/site\\\/#\\\/schema\\\/logo\\\/image\\\/\",\"url\":\"https:\\\/\\\/marcelolopes.jor.br\\\/site\\\/wp-content\\\/uploads\\\/2024\\\/11\\\/logo-1.png\",\"contentUrl\":\"https:\\\/\\\/marcelolopes.jor.br\\\/site\\\/wp-content\\\/uploads\\\/2024\\\/11\\\/logo-1.png\",\"width\":475,\"height\":80,\"caption\":\"Site do Marcelo Lopes\"},\"image\":{\"@id\":\"https:\\\/\\\/marcelolopes.jor.br\\\/site\\\/#\\\/schema\\\/logo\\\/image\\\/\"},\"sameAs\":[\"https:\\\/\\\/www.facebook.com\\\/sitedomarcelolopes\",\"https:\\\/\\\/www.instagram.com\\\/sitedomarcelolopes\\\/\",\"https:\\\/\\\/www.linkedin.com\\\/company\\\/site-do-marcelo-lopes\\\/\",\"https:\\\/\\\/www.youtube.com\\\/user\\\/marcelolopes957\"]},{\"@type\":\"Person\",\"@id\":\"https:\\\/\\\/marcelolopes.jor.br\\\/site\\\/#\\\/schema\\\/person\\\/3e7216a35c34d8fdf952b31da3d1f89f\",\"name\":\"Marcelo Lopes\",\"sameAs\":[\"http:\\\/\\\/www.marcelolopes.jor.br\"],\"url\":\"https:\\\/\\\/marcelolopes.jor.br\\\/site\\\/author\\\/marcelo\\\/\"}]}<\/script>\n<!-- \/ Yoast SEO plugin. -->","yoast_head_json":{"title":"Com\u00e9rcio de Cataguases espera superar expectativa de vendas no","description":"Com\u00e9rcio de Cataguases espera superar expectativa de vendas no Natal. Grande movimento de pessoas nas ruas e nas lojas d\u00e1 o tom de otimismo.","robots":{"index":"index","follow":"follow","max-snippet":"max-snippet:-1","max-image-preview":"max-image-preview:large","max-video-preview":"max-video-preview:-1"},"canonical":"https:\/\/marcelolopes.jor.br\/site\/2019\/12\/24\/comercio-de-cataguases-espera-superar-expectativa-de-vendas-no-natal\/","og_locale":"pt_BR","og_type":"article","og_title":"Com\u00e9rcio de Cataguases espera superar expectativa de vendas no","og_description":"Com\u00e9rcio de Cataguases espera superar expectativa de vendas no Natal. Grande movimento de pessoas nas ruas e nas lojas d\u00e1 o tom de otimismo.","og_url":"https:\/\/marcelolopes.jor.br\/site\/2019\/12\/24\/comercio-de-cataguases-espera-superar-expectativa-de-vendas-no-natal\/","og_site_name":"Marcelo Lopes","article_publisher":"https:\/\/www.facebook.com\/sitedomarcelolopes","article_published_time":"2019-12-24T22:18:57+00:00","article_modified_time":"2023-04-01T18:45:13+00:00","og_image":[{"width":640,"height":480,"url":"https:\/\/marcelolopes.jor.br\/site\/wp-content\/uploads\/2019\/12\/Z\u00e9-Porfiro-do-Carmo.jpg","type":"image\/jpeg"}],"author":"Marcelo Lopes","twitter_card":"summary_large_image","twitter_misc":{"Escrito por":"Marcelo Lopes","Est. tempo de leitura":"1 minuto"},"schema":{"@context":"https:\/\/schema.org","@graph":[{"@type":"NewsArticle","@id":"https:\/\/marcelolopes.jor.br\/site\/2019\/12\/24\/comercio-de-cataguases-espera-superar-expectativa-de-vendas-no-natal\/#article","isPartOf":{"@id":"https:\/\/marcelolopes.jor.br\/site\/2019\/12\/24\/comercio-de-cataguases-espera-superar-expectativa-de-vendas-no-natal\/"},"author":{"name":"Marcelo Lopes","@id":"https:\/\/marcelolopes.jor.br\/site\/#\/schema\/person\/3e7216a35c34d8fdf952b31da3d1f89f"},"headline":"Com\u00e9rcio de Cataguases espera superar expectativa de vendas no Natal","datePublished":"2019-12-24T22:18:57+00:00","dateModified":"2023-04-01T18:45:13+00:00","mainEntityOfPage":{"@id":"https:\/\/marcelolopes.jor.br\/site\/2019\/12\/24\/comercio-de-cataguases-espera-superar-expectativa-de-vendas-no-natal\/"},"wordCount":267,"commentCount":0,"publisher":{"@id":"https:\/\/marcelolopes.jor.br\/site\/#organization"},"image":{"@id":"https:\/\/marcelolopes.jor.br\/site\/2019\/12\/24\/comercio-de-cataguases-espera-superar-expectativa-de-vendas-no-natal\/#primaryimage"},"thumbnailUrl":"https:\/\/marcelolopes.jor.br\/site\/wp-content\/uploads\/2019\/12\/Z\u00e9-Porfiro-do-Carmo.jpg","keywords":["com\u00e9rcio","Natal","Sindicato","vendas de natal"],"articleSection":["Not\u00edcias"],"inLanguage":"pt-BR","potentialAction":[{"@type":"CommentAction","name":"Comment","target":["https:\/\/marcelolopes.jor.br\/site\/2019\/12\/24\/comercio-de-cataguases-espera-superar-expectativa-de-vendas-no-natal\/#respond"]}]},{"@type":"WebPage","@id":"https:\/\/marcelolopes.jor.br\/site\/2019\/12\/24\/comercio-de-cataguases-espera-superar-expectativa-de-vendas-no-natal\/","url":"https:\/\/marcelolopes.jor.br\/site\/2019\/12\/24\/comercio-de-cataguases-espera-superar-expectativa-de-vendas-no-natal\/","name":"Com\u00e9rcio de Cataguases espera superar expectativa de vendas no","isPartOf":{"@id":"https:\/\/marcelolopes.jor.br\/site\/#website"},"primaryImageOfPage":{"@id":"https:\/\/marcelolopes.jor.br\/site\/2019\/12\/24\/comercio-de-cataguases-espera-superar-expectativa-de-vendas-no-natal\/#primaryimage"},"image":{"@id":"https:\/\/marcelolopes.jor.br\/site\/2019\/12\/24\/comercio-de-cataguases-espera-superar-expectativa-de-vendas-no-natal\/#primaryimage"},"thumbnailUrl":"https:\/\/marcelolopes.jor.br\/site\/wp-content\/uploads\/2019\/12\/Z\u00e9-Porfiro-do-Carmo.jpg","datePublished":"2019-12-24T22:18:57+00:00","dateModified":"2023-04-01T18:45:13+00:00","description":"Com\u00e9rcio de Cataguases espera superar expectativa de vendas no Natal. Grande movimento de pessoas nas ruas e nas lojas d\u00e1 o tom de otimismo.","breadcrumb":{"@id":"https:\/\/marcelolopes.jor.br\/site\/2019\/12\/24\/comercio-de-cataguases-espera-superar-expectativa-de-vendas-no-natal\/#breadcrumb"},"inLanguage":"pt-BR","potentialAction":[{"@type":"ReadAction","target":["https:\/\/marcelolopes.jor.br\/site\/2019\/12\/24\/comercio-de-cataguases-espera-superar-expectativa-de-vendas-no-natal\/"]}]},{"@type":"ImageObject","inLanguage":"pt-BR","@id":"https:\/\/marcelolopes.jor.br\/site\/2019\/12\/24\/comercio-de-cataguases-espera-superar-expectativa-de-vendas-no-natal\/#primaryimage","url":"https:\/\/marcelolopes.jor.br\/site\/wp-content\/uploads\/2019\/12\/Z\u00e9-Porfiro-do-Carmo.jpg","contentUrl":"https:\/\/marcelolopes.jor.br\/site\/wp-content\/uploads\/2019\/12\/Z\u00e9-Porfiro-do-Carmo.jpg","width":640,"height":480,"caption":"Com\u00e9rcio de Cataguases espera"},{"@type":"BreadcrumbList","@id":"https:\/\/marcelolopes.jor.br\/site\/2019\/12\/24\/comercio-de-cataguases-espera-superar-expectativa-de-vendas-no-natal\/#breadcrumb","itemListElement":[{"@type":"ListItem","position":1,"name":"Home","item":"https:\/\/marcelolopes.jor.br\/site\/"},{"@type":"ListItem","position":2,"name":"Com\u00e9rcio de Cataguases espera superar expectativa de vendas no Natal"}]},{"@type":"WebSite","@id":"https:\/\/marcelolopes.jor.br\/site\/#website","url":"https:\/\/marcelolopes.jor.br\/site\/","name":"Marcelo Lopes","description":"Not\u00edcias de Cataguases e Regi\u00e3o","publisher":{"@id":"https:\/\/marcelolopes.jor.br\/site\/#organization"},"potentialAction":[{"@type":"SearchAction","target":{"@type":"EntryPoint","urlTemplate":"https:\/\/marcelolopes.jor.br\/site\/?s={search_term_string}"},"query-input":{"@type":"PropertyValueSpecification","valueRequired":true,"valueName":"search_term_string"}}],"inLanguage":"pt-BR"},{"@type":"Organization","@id":"https:\/\/marcelolopes.jor.br\/site\/#organization","name":"Site do Marcelo Lopes","url":"https:\/\/marcelolopes.jor.br\/site\/","logo":{"@type":"ImageObject","inLanguage":"pt-BR","@id":"https:\/\/marcelolopes.jor.br\/site\/#\/schema\/logo\/image\/","url":"https:\/\/marcelolopes.jor.br\/site\/wp-content\/uploads\/2024\/11\/logo-1.png","contentUrl":"https:\/\/marcelolopes.jor.br\/site\/wp-content\/uploads\/2024\/11\/logo-1.png","width":475,"height":80,"caption":"Site do Marcelo Lopes"},"image":{"@id":"https:\/\/marcelolopes.jor.br\/site\/#\/schema\/logo\/image\/"},"sameAs":["https:\/\/www.facebook.com\/sitedomarcelolopes","https:\/\/www.instagram.com\/sitedomarcelolopes\/","https:\/\/www.linkedin.com\/company\/site-do-marcelo-lopes\/","https:\/\/www.youtube.com\/user\/marcelolopes957"]},{"@type":"Person","@id":"https:\/\/marcelolopes.jor.br\/site\/#\/schema\/person\/3e7216a35c34d8fdf952b31da3d1f89f","name":"Marcelo Lopes","sameAs":["http:\/\/www.marcelolopes.jor.br"],"url":"https:\/\/marcelolopes.jor.br\/site\/author\/marcelo\/"}]}},"wps_subtitle":"Grande movimento de pessoas nas ruas e nas lojas d\u00e1 o tom de otimismo ao com\u00e9rcio.","_links":{"self":[{"href":"https:\/\/marcelolopes.jor.br\/site\/wp-json\/wp\/v2\/posts\/9826","targetHints":{"allow":["GET"]}}],"collection":[{"href":"https:\/\/marcelolopes.jor.br\/site\/wp-json\/wp\/v2\/posts"}],"about":[{"href":"https:\/\/marcelolopes.jor.br\/site\/wp-json\/wp\/v2\/types\/post"}],"author":[{"embeddable":true,"href":"https:\/\/marcelolopes.jor.br\/site\/wp-json\/wp\/v2\/users\/2"}],"replies":[{"embeddable":true,"href":"https:\/\/marcelolopes.jor.br\/site\/wp-json\/wp\/v2\/comments?post=9826"}],"version-history":[{"count":0,"href":"https:\/\/marcelolopes.jor.br\/site\/wp-json\/wp\/v2\/posts\/9826\/revisions"}],"wp:featuredmedia":[{"embeddable":true,"href":"https:\/\/marcelolopes.jor.br\/site\/wp-json\/wp\/v2\/media\/9830"}],"wp:attachment":[{"href":"https:\/\/marcelolopes.jor.br\/site\/wp-json\/wp\/v2\/media?parent=9826"}],"wp:term":[{"taxonomy":"category","embeddable":true,"href":"https:\/\/marcelolopes.jor.br\/site\/wp-json\/wp\/v2\/categories?post=9826"},{"taxonomy":"post_tag","embeddable":true,"href":"https:\/\/marcelolopes.jor.br\/site\/wp-json\/wp\/v2\/tags?post=9826"}],"curies":[{"name":"wp","href":"https:\/\/api.w.org\/{rel}","templated":true}]}}