{"id":9750,"date":"2019-12-22T13:26:50","date_gmt":"2019-12-22T16:26:50","guid":{"rendered":"https:\/\/marcelolopes.jor.br\/?p=9750"},"modified":"2019-12-22T15:17:47","modified_gmt":"2019-12-22T18:17:47","slug":"santana-de-cataguases-pode-receber-projeto-de-desenvolvimento-sustentavel","status":"publish","type":"post","link":"https:\/\/marcelolopes.jor.br\/site\/2019\/12\/22\/santana-de-cataguases-pode-receber-projeto-de-desenvolvimento-sustentavel\/","title":{"rendered":"Santana de Cataguases pode receber projeto de desenvolvimento sustent\u00e1vel"},"content":{"rendered":"<p style=\"text-align: justify;\">O munic\u00edpio de Santana de Cataguases pode, em breve, ser contemplado com um grande projeto de desenvolvimento sustent\u00e1vel por meio do plantio da palmeira maca\u00faba. Um encontro realizado na quinta-feira, 19 de dezembro, na Prefeitura daquela cidade, tra\u00e7ou os primeiros passos para sua implementa\u00e7\u00e3o e contou com a participa\u00e7\u00e3o do Deputado Estadual Fernando Pacheco, da prefeita Maria Juc\u00e9lia Baesso Procaci, do presidente do Cons\u00f3rcio Maca\u00fabaBR, Mike Lu, e do administrador da Fazenda da Fuma\u00e7a, H\u00eanio Murilo de Barros Lemos Filho.<!--more--><\/p>\n<p style=\"text-align: justify;\">Durante a reuni\u00e3o foi apresentada a \u201cAgenda Santana 2030\u201d, que cont\u00e9m t\u00f3picos de desenvolvimento para o munic\u00edpio por meio da produ\u00e7\u00e3o de biocombust\u00edveis. Segundo o presidente do Cons\u00f3rcio Maca\u00fabaBR, Mike Lu, o projeto tem o potencial de transformar a economia local, trazendo renda para Santana de Cataguases e diminuindo os gastos com combust\u00edveis f\u00f3sseis.<\/p>\n<p style=\"text-align: justify;\">O Deputado Estadual Fernando Pacheco informou que via destinar emendas parlamentares para iniciar o plantio das mudas de maca\u00faba e tamb\u00e9m para a construir uma plataforma de biorrefinaria. A planta \u00e9 bastante vers\u00e1til e al\u00e9m dos biocombust\u00edveis, tamb\u00e9m tem grande potencial para a ind\u00fastria do cosm\u00e9tico, al\u00e9m de ser ideal para plantio em \u00c1reas de Preserva\u00e7\u00e3o Permanente (APP). \u201cDesde o in\u00edcio deste ano estamos desenvolvendo este projeto. Em 2020 \u00e9 a nossa chance de realizar um plantio experimental e ver os primeiros resultados disso\u201d, disse Pacheco.<\/p>\n<p style=\"text-align: justify;\"><strong>Plantio de maca\u00faba pode ser feito na Fazenda do Hospital de Cataguases<\/strong><br \/>\nA Fazenda da Fuma\u00e7a localizada entre os munic\u00edpios de Cataguases e Santana de Cataguases e de propriedade do Hospital de Cataguases \u00e9 a primeira op\u00e7\u00e3o para plantio da maca\u00faba, ao menos em car\u00e1ter experimental. O local possui \u00e1rea total de 1.826,37 hectares. A administra\u00e7\u00e3o da Fazenda da Fuma\u00e7a confirma o bom potencial da \u00e1rea para o plantio.<\/p>\n<p style=\"text-align: justify;\">A \u201cAgenda Santana 2030\u201d ainda contempla outros polos de desenvolvimento local, como a transforma\u00e7\u00e3o de \u00f3leo de cozinha em bio \u00f3leo e a promo\u00e7\u00e3o do agroturismo na regi\u00e3o. A iniciativa prev\u00ea, por exemplo, o abastecimento de ve\u00edculos da Prefeitura Municipal de Santana de Cataguases, como \u00f4nibus escolares e caminh\u00f5es, com biocombust\u00edveis, que ser\u00e3o refinados em uma plataforma a ser instalada na pr\u00f3pria cidade.<\/p>\n<p style=\"text-align: justify;\">Durante todo o ano de 2019 o Deputado Fernando Pacheco promoveu encontros e audi\u00eancias para debater sobre o potencial da maca\u00faba na promo\u00e7\u00e3o do desenvolvimento econ\u00f4mico sustent\u00e1vel na Zona da Mata de Minas Gerais. No m\u00eas de agosto reuni\u00f5es em Cataguases e na Assembleia Legislativa de Minas Gerais aproximaram importantes atores que podem contribuir para o desenvolvimento do projeto, como agricultores e a Secretaria Nacional de Avia\u00e7\u00e3o Civil.<\/p>\n<div class=\"ylpvu69f75f92ba891\" ><br><\/div><style type=\"text\/css\">\r\n@media screen and (min-width: 1201px) {\r\n.ylpvu69f75f92ba891 {\r\ndisplay: block;\r\n}\r\n}\r\n@media screen and (min-width: 993px) and (max-width: 1200px) {\r\n.ylpvu69f75f92ba891 {\r\ndisplay: block;\r\n}\r\n}\r\n@media screen and (min-width: 769px) and (max-width: 992px) {\r\n.ylpvu69f75f92ba891 {\r\ndisplay: block;\r\n}\r\n}\r\n@media screen and (min-width: 768px) and (max-width: 768px) {\r\n.ylpvu69f75f92ba891 {\r\ndisplay: block;\r\n}\r\n}\r\n@media screen and (max-width: 767px) {\r\n.ylpvu69f75f92ba891 {\r\ndisplay: block;\r\n}\r\n}\r\n<\/style>\r\n<div class=\"ukxms69f75f92c0d63\" ><div id=\"div_destino\"><\/div>\r\n<script src=\"https:\/\/cdn.snsrsv.com\/sdk.js\"><\/script>\r\n<script >\r\n      new sdk(\"464030C30061EA8BE065000000000001\") \r\n          .appendTo(\"div_destino\")\r\n          .disableStyle(true) \r\n          .setCacheBusterMacro(\"%%CACHEBUSTER%%\")\r\n          .setSize(\"800\",\"214\")\r\n          .setClickMacro(\"%%CLICK_URL_ESC%%\") \r\n          .setReferrerUrlMacro(\"%%REFERRER_URL_ESC%%\") \r\n          .start(); \r\n<\/script><\/div><style type=\"text\/css\">\r\n@media screen and (min-width: 1201px) {\r\n.ukxms69f75f92c0d63 {\r\ndisplay: block;\r\n}\r\n}\r\n@media screen and (min-width: 993px) and (max-width: 1200px) {\r\n.ukxms69f75f92c0d63 {\r\ndisplay: block;\r\n}\r\n}\r\n@media screen and (min-width: 769px) and (max-width: 992px) {\r\n.ukxms69f75f92c0d63 {\r\ndisplay: block;\r\n}\r\n}\r\n@media screen and (min-width: 768px) and (max-width: 768px) {\r\n.ukxms69f75f92c0d63 {\r\ndisplay: block;\r\n}\r\n}\r\n@media screen and (max-width: 767px) {\r\n.ukxms69f75f92c0d63 {\r\ndisplay: block;\r\n}\r\n}\r\n<\/style>\r\n","protected":false},"excerpt":{"rendered":"<p>O munic\u00edpio de Santana de Cataguases pode, em breve, ser contemplado com um grande projeto de desenvolvimento sustent\u00e1vel por meio do plantio da palmeira maca\u00faba. Um encontro realizado na quinta-feira, 19 de dezembro, na Prefeitura daquela cidade, tra\u00e7ou os primeiros<\/p>\n<p class=\"link-more\"><a class=\"more-link\" href=\"https:\/\/marcelolopes.jor.br\/site\/2019\/12\/22\/santana-de-cataguases-pode-receber-projeto-de-desenvolvimento-sustentavel\/\">Leia mais <span class=\"screen-reader-text\">Santana de Cataguases pode receber projeto de desenvolvimento sustent\u00e1vel<\/span><\/a><\/p>\n","protected":false},"author":2,"featured_media":9752,"comment_status":"open","ping_status":"open","sticky":false,"template":"","format":"standard","meta":{"footnotes":""},"categories":[1],"tags":[1846,874,875,610],"class_list":["post-9750","post","type-post","status-publish","format-standard","has-post-thumbnail","hentry","category-noticias","tag-biocombustivel","tag-macauba","tag-projeto-macauba","tag-santana-de-cataguases","thumb-below-title"],"yoast_head":"<!-- This site is optimized with the Yoast SEO plugin v27.4 - https:\/\/yoast.com\/product\/yoast-seo-wordpress\/ -->\n<title>Santana de Cataguases pode receber projeto de desenvolvimento sustent\u00e1vel | Marcelo Lopes<\/title>\n<meta name=\"robots\" content=\"index, follow, max-snippet:-1, max-image-preview:large, max-video-preview:-1\" \/>\n<link rel=\"canonical\" href=\"https:\/\/marcelolopes.jor.br\/site\/2019\/12\/22\/santana-de-cataguases-pode-receber-projeto-de-desenvolvimento-sustentavel\/\" \/>\n<meta property=\"og:locale\" content=\"pt_BR\" \/>\n<meta property=\"og:type\" content=\"article\" \/>\n<meta property=\"og:title\" content=\"Santana de Cataguases pode receber projeto de desenvolvimento sustent\u00e1vel | Marcelo Lopes\" \/>\n<meta property=\"og:description\" content=\"O munic\u00edpio de Santana de Cataguases pode, em breve, ser contemplado com um grande projeto de desenvolvimento sustent\u00e1vel por meio do plantio da palmeira maca\u00faba. Um encontro realizado na quinta-feira, 19 de dezembro, na Prefeitura daquela cidade, tra\u00e7ou os primeirosLeia mais Santana de Cataguases pode receber projeto de desenvolvimento sustent\u00e1vel\" \/>\n<meta property=\"og:url\" content=\"https:\/\/marcelolopes.jor.br\/site\/2019\/12\/22\/santana-de-cataguases-pode-receber-projeto-de-desenvolvimento-sustentavel\/\" \/>\n<meta property=\"og:site_name\" content=\"Marcelo Lopes\" \/>\n<meta property=\"article:publisher\" content=\"https:\/\/www.facebook.com\/sitedomarcelolopes\" \/>\n<meta property=\"article:published_time\" content=\"2019-12-22T16:26:50+00:00\" \/>\n<meta property=\"article:modified_time\" content=\"2019-12-22T18:17:47+00:00\" \/>\n<meta property=\"og:image\" content=\"https:\/\/marcelolopes.jor.br\/site\/wp-content\/uploads\/2019\/12\/20122019202050_Reunio_Mac.jpg\" \/>\n\t<meta property=\"og:image:width\" content=\"800\" \/>\n\t<meta property=\"og:image:height\" content=\"535\" \/>\n\t<meta property=\"og:image:type\" content=\"image\/jpeg\" \/>\n<meta name=\"author\" content=\"Marcelo Lopes\" \/>\n<meta name=\"twitter:card\" content=\"summary_large_image\" \/>\n<meta name=\"twitter:label1\" content=\"Escrito por\" \/>\n\t<meta name=\"twitter:data1\" content=\"Marcelo Lopes\" \/>\n\t<meta name=\"twitter:label2\" content=\"Est. tempo de leitura\" \/>\n\t<meta name=\"twitter:data2\" content=\"2 minutos\" \/>\n<script type=\"application\/ld+json\" class=\"yoast-schema-graph\">{\"@context\":\"https:\\\/\\\/schema.org\",\"@graph\":[{\"@type\":\"NewsArticle\",\"@id\":\"https:\\\/\\\/marcelolopes.jor.br\\\/site\\\/2019\\\/12\\\/22\\\/santana-de-cataguases-pode-receber-projeto-de-desenvolvimento-sustentavel\\\/#article\",\"isPartOf\":{\"@id\":\"https:\\\/\\\/marcelolopes.jor.br\\\/site\\\/2019\\\/12\\\/22\\\/santana-de-cataguases-pode-receber-projeto-de-desenvolvimento-sustentavel\\\/\"},\"author\":{\"name\":\"Marcelo Lopes\",\"@id\":\"https:\\\/\\\/marcelolopes.jor.br\\\/site\\\/#\\\/schema\\\/person\\\/3e7216a35c34d8fdf952b31da3d1f89f\"},\"headline\":\"Santana de Cataguases pode receber projeto de desenvolvimento sustent\u00e1vel\",\"datePublished\":\"2019-12-22T16:26:50+00:00\",\"dateModified\":\"2019-12-22T18:17:47+00:00\",\"mainEntityOfPage\":{\"@id\":\"https:\\\/\\\/marcelolopes.jor.br\\\/site\\\/2019\\\/12\\\/22\\\/santana-de-cataguases-pode-receber-projeto-de-desenvolvimento-sustentavel\\\/\"},\"wordCount\":477,\"commentCount\":0,\"publisher\":{\"@id\":\"https:\\\/\\\/marcelolopes.jor.br\\\/site\\\/#organization\"},\"image\":{\"@id\":\"https:\\\/\\\/marcelolopes.jor.br\\\/site\\\/2019\\\/12\\\/22\\\/santana-de-cataguases-pode-receber-projeto-de-desenvolvimento-sustentavel\\\/#primaryimage\"},\"thumbnailUrl\":\"https:\\\/\\\/marcelolopes.jor.br\\\/site\\\/wp-content\\\/uploads\\\/2019\\\/12\\\/20122019202050_Reunio_Mac.jpg\",\"keywords\":[\"biocombust\u00edvel\",\"Maca\u00faba\",\"Projeto Maca\u00faba\",\"Santana de Cataguases\"],\"articleSection\":[\"Not\u00edcias\"],\"inLanguage\":\"pt-BR\",\"potentialAction\":[{\"@type\":\"CommentAction\",\"name\":\"Comment\",\"target\":[\"https:\\\/\\\/marcelolopes.jor.br\\\/site\\\/2019\\\/12\\\/22\\\/santana-de-cataguases-pode-receber-projeto-de-desenvolvimento-sustentavel\\\/#respond\"]}]},{\"@type\":\"WebPage\",\"@id\":\"https:\\\/\\\/marcelolopes.jor.br\\\/site\\\/2019\\\/12\\\/22\\\/santana-de-cataguases-pode-receber-projeto-de-desenvolvimento-sustentavel\\\/\",\"url\":\"https:\\\/\\\/marcelolopes.jor.br\\\/site\\\/2019\\\/12\\\/22\\\/santana-de-cataguases-pode-receber-projeto-de-desenvolvimento-sustentavel\\\/\",\"name\":\"Santana de Cataguases pode receber projeto de desenvolvimento sustent\u00e1vel | Marcelo Lopes\",\"isPartOf\":{\"@id\":\"https:\\\/\\\/marcelolopes.jor.br\\\/site\\\/#website\"},\"primaryImageOfPage\":{\"@id\":\"https:\\\/\\\/marcelolopes.jor.br\\\/site\\\/2019\\\/12\\\/22\\\/santana-de-cataguases-pode-receber-projeto-de-desenvolvimento-sustentavel\\\/#primaryimage\"},\"image\":{\"@id\":\"https:\\\/\\\/marcelolopes.jor.br\\\/site\\\/2019\\\/12\\\/22\\\/santana-de-cataguases-pode-receber-projeto-de-desenvolvimento-sustentavel\\\/#primaryimage\"},\"thumbnailUrl\":\"https:\\\/\\\/marcelolopes.jor.br\\\/site\\\/wp-content\\\/uploads\\\/2019\\\/12\\\/20122019202050_Reunio_Mac.jpg\",\"datePublished\":\"2019-12-22T16:26:50+00:00\",\"dateModified\":\"2019-12-22T18:17:47+00:00\",\"breadcrumb\":{\"@id\":\"https:\\\/\\\/marcelolopes.jor.br\\\/site\\\/2019\\\/12\\\/22\\\/santana-de-cataguases-pode-receber-projeto-de-desenvolvimento-sustentavel\\\/#breadcrumb\"},\"inLanguage\":\"pt-BR\",\"potentialAction\":[{\"@type\":\"ReadAction\",\"target\":[\"https:\\\/\\\/marcelolopes.jor.br\\\/site\\\/2019\\\/12\\\/22\\\/santana-de-cataguases-pode-receber-projeto-de-desenvolvimento-sustentavel\\\/\"]}]},{\"@type\":\"ImageObject\",\"inLanguage\":\"pt-BR\",\"@id\":\"https:\\\/\\\/marcelolopes.jor.br\\\/site\\\/2019\\\/12\\\/22\\\/santana-de-cataguases-pode-receber-projeto-de-desenvolvimento-sustentavel\\\/#primaryimage\",\"url\":\"https:\\\/\\\/marcelolopes.jor.br\\\/site\\\/wp-content\\\/uploads\\\/2019\\\/12\\\/20122019202050_Reunio_Mac.jpg\",\"contentUrl\":\"https:\\\/\\\/marcelolopes.jor.br\\\/site\\\/wp-content\\\/uploads\\\/2019\\\/12\\\/20122019202050_Reunio_Mac.jpg\",\"width\":800,\"height\":535},{\"@type\":\"BreadcrumbList\",\"@id\":\"https:\\\/\\\/marcelolopes.jor.br\\\/site\\\/2019\\\/12\\\/22\\\/santana-de-cataguases-pode-receber-projeto-de-desenvolvimento-sustentavel\\\/#breadcrumb\",\"itemListElement\":[{\"@type\":\"ListItem\",\"position\":1,\"name\":\"Home\",\"item\":\"https:\\\/\\\/marcelolopes.jor.br\\\/site\\\/\"},{\"@type\":\"ListItem\",\"position\":2,\"name\":\"Santana de Cataguases pode receber projeto de desenvolvimento sustent\u00e1vel\"}]},{\"@type\":\"WebSite\",\"@id\":\"https:\\\/\\\/marcelolopes.jor.br\\\/site\\\/#website\",\"url\":\"https:\\\/\\\/marcelolopes.jor.br\\\/site\\\/\",\"name\":\"Marcelo Lopes\",\"description\":\"Not\u00edcias de Cataguases e Regi\u00e3o\",\"publisher\":{\"@id\":\"https:\\\/\\\/marcelolopes.jor.br\\\/site\\\/#organization\"},\"potentialAction\":[{\"@type\":\"SearchAction\",\"target\":{\"@type\":\"EntryPoint\",\"urlTemplate\":\"https:\\\/\\\/marcelolopes.jor.br\\\/site\\\/?s={search_term_string}\"},\"query-input\":{\"@type\":\"PropertyValueSpecification\",\"valueRequired\":true,\"valueName\":\"search_term_string\"}}],\"inLanguage\":\"pt-BR\"},{\"@type\":\"Organization\",\"@id\":\"https:\\\/\\\/marcelolopes.jor.br\\\/site\\\/#organization\",\"name\":\"Site do Marcelo Lopes\",\"url\":\"https:\\\/\\\/marcelolopes.jor.br\\\/site\\\/\",\"logo\":{\"@type\":\"ImageObject\",\"inLanguage\":\"pt-BR\",\"@id\":\"https:\\\/\\\/marcelolopes.jor.br\\\/site\\\/#\\\/schema\\\/logo\\\/image\\\/\",\"url\":\"https:\\\/\\\/marcelolopes.jor.br\\\/site\\\/wp-content\\\/uploads\\\/2024\\\/11\\\/logo-1.png\",\"contentUrl\":\"https:\\\/\\\/marcelolopes.jor.br\\\/site\\\/wp-content\\\/uploads\\\/2024\\\/11\\\/logo-1.png\",\"width\":475,\"height\":80,\"caption\":\"Site do Marcelo Lopes\"},\"image\":{\"@id\":\"https:\\\/\\\/marcelolopes.jor.br\\\/site\\\/#\\\/schema\\\/logo\\\/image\\\/\"},\"sameAs\":[\"https:\\\/\\\/www.facebook.com\\\/sitedomarcelolopes\",\"https:\\\/\\\/www.instagram.com\\\/sitedomarcelolopes\\\/\",\"https:\\\/\\\/www.linkedin.com\\\/company\\\/site-do-marcelo-lopes\\\/\",\"https:\\\/\\\/www.youtube.com\\\/user\\\/marcelolopes957\"]},{\"@type\":\"Person\",\"@id\":\"https:\\\/\\\/marcelolopes.jor.br\\\/site\\\/#\\\/schema\\\/person\\\/3e7216a35c34d8fdf952b31da3d1f89f\",\"name\":\"Marcelo Lopes\",\"sameAs\":[\"http:\\\/\\\/www.marcelolopes.jor.br\"],\"url\":\"https:\\\/\\\/marcelolopes.jor.br\\\/site\\\/author\\\/marcelo\\\/\"}]}<\/script>\n<!-- \/ Yoast SEO plugin. -->","yoast_head_json":{"title":"Santana de Cataguases pode receber projeto de desenvolvimento sustent\u00e1vel | Marcelo Lopes","robots":{"index":"index","follow":"follow","max-snippet":"max-snippet:-1","max-image-preview":"max-image-preview:large","max-video-preview":"max-video-preview:-1"},"canonical":"https:\/\/marcelolopes.jor.br\/site\/2019\/12\/22\/santana-de-cataguases-pode-receber-projeto-de-desenvolvimento-sustentavel\/","og_locale":"pt_BR","og_type":"article","og_title":"Santana de Cataguases pode receber projeto de desenvolvimento sustent\u00e1vel | Marcelo Lopes","og_description":"O munic\u00edpio de Santana de Cataguases pode, em breve, ser contemplado com um grande projeto de desenvolvimento sustent\u00e1vel por meio do plantio da palmeira maca\u00faba. Um encontro realizado na quinta-feira, 19 de dezembro, na Prefeitura daquela cidade, tra\u00e7ou os primeirosLeia mais Santana de Cataguases pode receber projeto de desenvolvimento sustent\u00e1vel","og_url":"https:\/\/marcelolopes.jor.br\/site\/2019\/12\/22\/santana-de-cataguases-pode-receber-projeto-de-desenvolvimento-sustentavel\/","og_site_name":"Marcelo Lopes","article_publisher":"https:\/\/www.facebook.com\/sitedomarcelolopes","article_published_time":"2019-12-22T16:26:50+00:00","article_modified_time":"2019-12-22T18:17:47+00:00","og_image":[{"width":800,"height":535,"url":"https:\/\/marcelolopes.jor.br\/site\/wp-content\/uploads\/2019\/12\/20122019202050_Reunio_Mac.jpg","type":"image\/jpeg"}],"author":"Marcelo Lopes","twitter_card":"summary_large_image","twitter_misc":{"Escrito por":"Marcelo Lopes","Est. tempo de leitura":"2 minutos"},"schema":{"@context":"https:\/\/schema.org","@graph":[{"@type":"NewsArticle","@id":"https:\/\/marcelolopes.jor.br\/site\/2019\/12\/22\/santana-de-cataguases-pode-receber-projeto-de-desenvolvimento-sustentavel\/#article","isPartOf":{"@id":"https:\/\/marcelolopes.jor.br\/site\/2019\/12\/22\/santana-de-cataguases-pode-receber-projeto-de-desenvolvimento-sustentavel\/"},"author":{"name":"Marcelo Lopes","@id":"https:\/\/marcelolopes.jor.br\/site\/#\/schema\/person\/3e7216a35c34d8fdf952b31da3d1f89f"},"headline":"Santana de Cataguases pode receber projeto de desenvolvimento sustent\u00e1vel","datePublished":"2019-12-22T16:26:50+00:00","dateModified":"2019-12-22T18:17:47+00:00","mainEntityOfPage":{"@id":"https:\/\/marcelolopes.jor.br\/site\/2019\/12\/22\/santana-de-cataguases-pode-receber-projeto-de-desenvolvimento-sustentavel\/"},"wordCount":477,"commentCount":0,"publisher":{"@id":"https:\/\/marcelolopes.jor.br\/site\/#organization"},"image":{"@id":"https:\/\/marcelolopes.jor.br\/site\/2019\/12\/22\/santana-de-cataguases-pode-receber-projeto-de-desenvolvimento-sustentavel\/#primaryimage"},"thumbnailUrl":"https:\/\/marcelolopes.jor.br\/site\/wp-content\/uploads\/2019\/12\/20122019202050_Reunio_Mac.jpg","keywords":["biocombust\u00edvel","Maca\u00faba","Projeto Maca\u00faba","Santana de Cataguases"],"articleSection":["Not\u00edcias"],"inLanguage":"pt-BR","potentialAction":[{"@type":"CommentAction","name":"Comment","target":["https:\/\/marcelolopes.jor.br\/site\/2019\/12\/22\/santana-de-cataguases-pode-receber-projeto-de-desenvolvimento-sustentavel\/#respond"]}]},{"@type":"WebPage","@id":"https:\/\/marcelolopes.jor.br\/site\/2019\/12\/22\/santana-de-cataguases-pode-receber-projeto-de-desenvolvimento-sustentavel\/","url":"https:\/\/marcelolopes.jor.br\/site\/2019\/12\/22\/santana-de-cataguases-pode-receber-projeto-de-desenvolvimento-sustentavel\/","name":"Santana de Cataguases pode receber projeto de desenvolvimento sustent\u00e1vel | Marcelo Lopes","isPartOf":{"@id":"https:\/\/marcelolopes.jor.br\/site\/#website"},"primaryImageOfPage":{"@id":"https:\/\/marcelolopes.jor.br\/site\/2019\/12\/22\/santana-de-cataguases-pode-receber-projeto-de-desenvolvimento-sustentavel\/#primaryimage"},"image":{"@id":"https:\/\/marcelolopes.jor.br\/site\/2019\/12\/22\/santana-de-cataguases-pode-receber-projeto-de-desenvolvimento-sustentavel\/#primaryimage"},"thumbnailUrl":"https:\/\/marcelolopes.jor.br\/site\/wp-content\/uploads\/2019\/12\/20122019202050_Reunio_Mac.jpg","datePublished":"2019-12-22T16:26:50+00:00","dateModified":"2019-12-22T18:17:47+00:00","breadcrumb":{"@id":"https:\/\/marcelolopes.jor.br\/site\/2019\/12\/22\/santana-de-cataguases-pode-receber-projeto-de-desenvolvimento-sustentavel\/#breadcrumb"},"inLanguage":"pt-BR","potentialAction":[{"@type":"ReadAction","target":["https:\/\/marcelolopes.jor.br\/site\/2019\/12\/22\/santana-de-cataguases-pode-receber-projeto-de-desenvolvimento-sustentavel\/"]}]},{"@type":"ImageObject","inLanguage":"pt-BR","@id":"https:\/\/marcelolopes.jor.br\/site\/2019\/12\/22\/santana-de-cataguases-pode-receber-projeto-de-desenvolvimento-sustentavel\/#primaryimage","url":"https:\/\/marcelolopes.jor.br\/site\/wp-content\/uploads\/2019\/12\/20122019202050_Reunio_Mac.jpg","contentUrl":"https:\/\/marcelolopes.jor.br\/site\/wp-content\/uploads\/2019\/12\/20122019202050_Reunio_Mac.jpg","width":800,"height":535},{"@type":"BreadcrumbList","@id":"https:\/\/marcelolopes.jor.br\/site\/2019\/12\/22\/santana-de-cataguases-pode-receber-projeto-de-desenvolvimento-sustentavel\/#breadcrumb","itemListElement":[{"@type":"ListItem","position":1,"name":"Home","item":"https:\/\/marcelolopes.jor.br\/site\/"},{"@type":"ListItem","position":2,"name":"Santana de Cataguases pode receber projeto de desenvolvimento sustent\u00e1vel"}]},{"@type":"WebSite","@id":"https:\/\/marcelolopes.jor.br\/site\/#website","url":"https:\/\/marcelolopes.jor.br\/site\/","name":"Marcelo Lopes","description":"Not\u00edcias de Cataguases e Regi\u00e3o","publisher":{"@id":"https:\/\/marcelolopes.jor.br\/site\/#organization"},"potentialAction":[{"@type":"SearchAction","target":{"@type":"EntryPoint","urlTemplate":"https:\/\/marcelolopes.jor.br\/site\/?s={search_term_string}"},"query-input":{"@type":"PropertyValueSpecification","valueRequired":true,"valueName":"search_term_string"}}],"inLanguage":"pt-BR"},{"@type":"Organization","@id":"https:\/\/marcelolopes.jor.br\/site\/#organization","name":"Site do Marcelo Lopes","url":"https:\/\/marcelolopes.jor.br\/site\/","logo":{"@type":"ImageObject","inLanguage":"pt-BR","@id":"https:\/\/marcelolopes.jor.br\/site\/#\/schema\/logo\/image\/","url":"https:\/\/marcelolopes.jor.br\/site\/wp-content\/uploads\/2024\/11\/logo-1.png","contentUrl":"https:\/\/marcelolopes.jor.br\/site\/wp-content\/uploads\/2024\/11\/logo-1.png","width":475,"height":80,"caption":"Site do Marcelo Lopes"},"image":{"@id":"https:\/\/marcelolopes.jor.br\/site\/#\/schema\/logo\/image\/"},"sameAs":["https:\/\/www.facebook.com\/sitedomarcelolopes","https:\/\/www.instagram.com\/sitedomarcelolopes\/","https:\/\/www.linkedin.com\/company\/site-do-marcelo-lopes\/","https:\/\/www.youtube.com\/user\/marcelolopes957"]},{"@type":"Person","@id":"https:\/\/marcelolopes.jor.br\/site\/#\/schema\/person\/3e7216a35c34d8fdf952b31da3d1f89f","name":"Marcelo Lopes","sameAs":["http:\/\/www.marcelolopes.jor.br"],"url":"https:\/\/marcelolopes.jor.br\/site\/author\/marcelo\/"}]}},"wps_subtitle":"Ideia \u00e9 que o munic\u00edpio d\u00ea os primeiros passos visando a produ\u00e7\u00e3o de biocombust\u00edveis.","_links":{"self":[{"href":"https:\/\/marcelolopes.jor.br\/site\/wp-json\/wp\/v2\/posts\/9750","targetHints":{"allow":["GET"]}}],"collection":[{"href":"https:\/\/marcelolopes.jor.br\/site\/wp-json\/wp\/v2\/posts"}],"about":[{"href":"https:\/\/marcelolopes.jor.br\/site\/wp-json\/wp\/v2\/types\/post"}],"author":[{"embeddable":true,"href":"https:\/\/marcelolopes.jor.br\/site\/wp-json\/wp\/v2\/users\/2"}],"replies":[{"embeddable":true,"href":"https:\/\/marcelolopes.jor.br\/site\/wp-json\/wp\/v2\/comments?post=9750"}],"version-history":[{"count":0,"href":"https:\/\/marcelolopes.jor.br\/site\/wp-json\/wp\/v2\/posts\/9750\/revisions"}],"wp:featuredmedia":[{"embeddable":true,"href":"https:\/\/marcelolopes.jor.br\/site\/wp-json\/wp\/v2\/media\/9752"}],"wp:attachment":[{"href":"https:\/\/marcelolopes.jor.br\/site\/wp-json\/wp\/v2\/media?parent=9750"}],"wp:term":[{"taxonomy":"category","embeddable":true,"href":"https:\/\/marcelolopes.jor.br\/site\/wp-json\/wp\/v2\/categories?post=9750"},{"taxonomy":"post_tag","embeddable":true,"href":"https:\/\/marcelolopes.jor.br\/site\/wp-json\/wp\/v2\/tags?post=9750"}],"curies":[{"name":"wp","href":"https:\/\/api.w.org\/{rel}","templated":true}]}}