{"id":9704,"date":"2019-12-20T20:00:57","date_gmt":"2019-12-20T23:00:57","guid":{"rendered":"https:\/\/marcelolopes.jor.br\/?p=9704"},"modified":"2019-12-20T17:48:13","modified_gmt":"2019-12-20T20:48:13","slug":"leopoldina-perde-a-regional-da-copasa-e-50-funcionarios-serao-realocados","status":"publish","type":"post","link":"https:\/\/marcelolopes.jor.br\/site\/2019\/12\/20\/leopoldina-perde-a-regional-da-copasa-e-50-funcionarios-serao-realocados\/","title":{"rendered":"Regional da Copasa \u00e9 desativada em Leopoldina e 50 funcion\u00e1rios ser\u00e3o realocados"},"content":{"rendered":"<p style=\"text-align: justify;\">Cerca de 25 funcion\u00e1rios da Companhia de Saneamento de Minas Gerais (COPASA) se reuniram na C\u00e2mara Municipal de Leopoldina para comunicar a extin\u00e7\u00e3o do Distrito Regional daquela companhia no munic\u00edpio. O caso foi comunicado aos servidores pelo superintendente da empresa em Varginha, no Sul de Minas, que esteve em Leopoldina h\u00e1 aproximadamente um m\u00eas. Segundo informou o Jornal O Vigilante Online, o ent\u00e3o gerente da Regional em Leopoldina, Alexandre Jos\u00e9 Grego, j\u00e1 est\u00e1 trabalhando na Regional de Ub\u00e1.<!--more--><\/p>\n<p style=\"text-align: justify;\">Conforme os servidores, o distrito da Copasa em Leopoldina (foto principal), localizado no Bairro Cristo Redentor, conta com 70 funcion\u00e1rios e atende hoje atrav\u00e9s de seu laborat\u00f3rio mais de 100 cidades, al\u00e9m dos munic\u00edpios da regi\u00e3o que s\u00e3o submetidos \u00e0 ger\u00eancia regional de Leopoldina, que por sua vez \u00e9 incorporado \u00e0 Regional de Ub\u00e1. Com esta medida, o trabalho de tratamento da \u00e1gua vai continuar funcionando normalmente, por\u00e9m cerca de 50 postos de trabalho seriam realocados em outras cidades. Ainda conforme as informa\u00e7\u00f5es dos funcion\u00e1rios da empresa, o servi\u00e7o de manuten\u00e7\u00e3o n\u00e3o seria afetado, mas o fato atinge diretamente uma cl\u00e1usula do contrato de concess\u00e3o da Copasa que especifica que a empresa deve manter os servi\u00e7os do distrito em funcionamento no munic\u00edpio durante a vig\u00eancia do contrato.<\/p>\n<p style=\"text-align: justify;\"><img loading=\"lazy\" decoding=\"async\" class=\"aligncenter wp-image-9707\" src=\"https:\/\/marcelolopes.jor.br\/site\/wp-content\/uploads\/2019\/12\/6b4bb03090394351ae890b33fa4a5dc5.jpg\" alt=\"\" width=\"600\" height=\"295\" srcset=\"https:\/\/marcelolopes.jor.br\/site\/wp-content\/uploads\/2019\/12\/6b4bb03090394351ae890b33fa4a5dc5.jpg 894w, https:\/\/marcelolopes.jor.br\/site\/wp-content\/uploads\/2019\/12\/6b4bb03090394351ae890b33fa4a5dc5-300x147.jpg 300w, https:\/\/marcelolopes.jor.br\/site\/wp-content\/uploads\/2019\/12\/6b4bb03090394351ae890b33fa4a5dc5-768x377.jpg 768w\" sizes=\"auto, (max-width: 600px) 100vw, 600px\" \/>Em reuni\u00e3o com os vereadores Waldair Costa, presidente da C\u00e2mara de Vereadores de Leopoldina, Jos\u00e9 Augusto Cabral, vice-presidente, e Valdil\u00facio Malaquias, 2\u00ba secret\u00e1rio, ficou acertado que o tema seria enviado para o Jur\u00eddico daquela Casa Legislativa, que analisaria o contrato de concess\u00e3o e medidas que poder\u00e3o ser tomadas com rela\u00e7\u00e3o ao assunto.<\/p>\n<p style=\"text-align: justify;\">Por meio de sua assessoria de comunica\u00e7\u00e3o, a Copasa confirmou ao Jornal O Vigilante Online que buscando ajustar seus processos internos e externos para dar mais agilidade ao atendimento \u00e0s demandas operacionais e administrativas. Neste sentido promoveu ampla reestrutura\u00e7\u00e3o no seu organograma, inclusive na Zona da Mata Mineira, onde ocorreu a fus\u00e3o dos distritos de Leopoldina e Ub\u00e1, que agora recebeu a denomina\u00e7\u00e3o de Ger\u00eancia Regional, com sede em Ub\u00e1.<\/p>\n<p style=\"text-align: justify;\">De acordo ainda com a assessoria daquela empresa, em Leopoldina a Copasa manter\u00e1 uma ger\u00eancia de apoio para dar suporte ao distrito de Ub\u00e1, contando com toda a equipe operacional existente atualmente e, tamb\u00e9m, uma equipe t\u00e9cnica e administrativa, dimensionada e capacitada para atender \u00e0s demandas de Leopoldina e regi\u00e3o, sem nenhum preju\u00edzo na qualidade dos servi\u00e7os e do atendimento aos seus clientes, assegurou.<\/p>\n<p style=\"text-align: justify;\">Um funcion\u00e1rio da Copasa discordou da informa\u00e7\u00e3o dada pela empresa de que haver\u00e1 uma ger\u00eancia em Leopoldina para dar suporte ao distrito de Ub\u00e1. &#8220;Isso n\u00e3o \u00e9 verdade. O que existir\u00e1 aqui \u00e9 um n\u00facleo operacional e que se reportar\u00e1 a Ub\u00e1 e Varginha. E quando a Copasa fala em equipe dimensionada ela n\u00e3o fala em garantia de emprego ou continuidade aqui em Leopoldina,&#8221; comentou.<\/p>\n<p style=\"text-align: justify;\">Fonte e fotos: Jornal O Vigilante Online<\/p>\n<div class=\"jqlqp69f7566823f06\" ><br><\/div><style type=\"text\/css\">\r\n@media screen and (min-width: 1201px) {\r\n.jqlqp69f7566823f06 {\r\ndisplay: block;\r\n}\r\n}\r\n@media screen and (min-width: 993px) and (max-width: 1200px) {\r\n.jqlqp69f7566823f06 {\r\ndisplay: block;\r\n}\r\n}\r\n@media screen and (min-width: 769px) and (max-width: 992px) {\r\n.jqlqp69f7566823f06 {\r\ndisplay: block;\r\n}\r\n}\r\n@media screen and (min-width: 768px) and (max-width: 768px) {\r\n.jqlqp69f7566823f06 {\r\ndisplay: block;\r\n}\r\n}\r\n@media screen and (max-width: 767px) {\r\n.jqlqp69f7566823f06 {\r\ndisplay: block;\r\n}\r\n}\r\n<\/style>\r\n<div class=\"hydvd69f7566828b43\" ><div id=\"div_destino\"><\/div>\r\n<script src=\"https:\/\/cdn.snsrsv.com\/sdk.js\"><\/script>\r\n<script >\r\n      new sdk(\"464030C30061EA8BE065000000000001\") \r\n          .appendTo(\"div_destino\")\r\n          .disableStyle(true) \r\n          .setCacheBusterMacro(\"%%CACHEBUSTER%%\")\r\n          .setSize(\"800\",\"214\")\r\n          .setClickMacro(\"%%CLICK_URL_ESC%%\") \r\n          .setReferrerUrlMacro(\"%%REFERRER_URL_ESC%%\") \r\n          .start(); \r\n<\/script><\/div><style type=\"text\/css\">\r\n@media screen and (min-width: 1201px) {\r\n.hydvd69f7566828b43 {\r\ndisplay: block;\r\n}\r\n}\r\n@media screen and (min-width: 993px) and (max-width: 1200px) {\r\n.hydvd69f7566828b43 {\r\ndisplay: block;\r\n}\r\n}\r\n@media screen and (min-width: 769px) and (max-width: 992px) {\r\n.hydvd69f7566828b43 {\r\ndisplay: block;\r\n}\r\n}\r\n@media screen and (min-width: 768px) and (max-width: 768px) {\r\n.hydvd69f7566828b43 {\r\ndisplay: block;\r\n}\r\n}\r\n@media screen and (max-width: 767px) {\r\n.hydvd69f7566828b43 {\r\ndisplay: block;\r\n}\r\n}\r\n<\/style>\r\n","protected":false},"excerpt":{"rendered":"<p>Cerca de 25 funcion\u00e1rios da Companhia de Saneamento de Minas Gerais (COPASA) se reuniram na C\u00e2mara Municipal de Leopoldina para comunicar a extin\u00e7\u00e3o do Distrito Regional daquela companhia no munic\u00edpio. O caso foi comunicado aos servidores pelo superintendente da empresa<\/p>\n<p class=\"link-more\"><a class=\"more-link\" href=\"https:\/\/marcelolopes.jor.br\/site\/2019\/12\/20\/leopoldina-perde-a-regional-da-copasa-e-50-funcionarios-serao-realocados\/\">Leia mais <span class=\"screen-reader-text\">Regional da Copasa \u00e9 desativada em Leopoldina e 50 funcion\u00e1rios ser\u00e3o realocados<\/span><\/a><\/p>\n","protected":false},"author":2,"featured_media":9706,"comment_status":"open","ping_status":"open","sticky":false,"template":"","format":"standard","meta":{"footnotes":""},"categories":[1],"tags":[862,1835,1076,1834],"class_list":["post-9704","post","type-post","status-publish","format-standard","has-post-thumbnail","hentry","category-noticias","tag-copasa","tag-gerencia-regional","tag-leopoldina","tag-regional","thumb-below-title"],"yoast_head":"<!-- This site is optimized with the Yoast SEO plugin v27.4 - https:\/\/yoast.com\/product\/yoast-seo-wordpress\/ -->\n<title>Regional da Copasa \u00e9 desativada em Leopoldina e 50 funcion\u00e1rios ser\u00e3o realocados | Marcelo Lopes<\/title>\n<meta name=\"robots\" content=\"index, follow, max-snippet:-1, max-image-preview:large, max-video-preview:-1\" \/>\n<link rel=\"canonical\" href=\"https:\/\/marcelolopes.jor.br\/site\/2019\/12\/20\/leopoldina-perde-a-regional-da-copasa-e-50-funcionarios-serao-realocados\/\" \/>\n<meta property=\"og:locale\" content=\"pt_BR\" \/>\n<meta property=\"og:type\" content=\"article\" \/>\n<meta property=\"og:title\" content=\"Regional da Copasa \u00e9 desativada em Leopoldina e 50 funcion\u00e1rios ser\u00e3o realocados | Marcelo Lopes\" \/>\n<meta property=\"og:description\" content=\"Cerca de 25 funcion\u00e1rios da Companhia de Saneamento de Minas Gerais (COPASA) se reuniram na C\u00e2mara Municipal de Leopoldina para comunicar a extin\u00e7\u00e3o do Distrito Regional daquela companhia no munic\u00edpio. O caso foi comunicado aos servidores pelo superintendente da empresaLeia mais Regional da Copasa \u00e9 desativada em Leopoldina e 50 funcion\u00e1rios ser\u00e3o realocados\" \/>\n<meta property=\"og:url\" content=\"https:\/\/marcelolopes.jor.br\/site\/2019\/12\/20\/leopoldina-perde-a-regional-da-copasa-e-50-funcionarios-serao-realocados\/\" \/>\n<meta property=\"og:site_name\" content=\"Marcelo Lopes\" \/>\n<meta property=\"article:publisher\" content=\"https:\/\/www.facebook.com\/sitedomarcelolopes\" \/>\n<meta property=\"article:published_time\" content=\"2019-12-20T23:00:57+00:00\" \/>\n<meta property=\"og:image\" content=\"https:\/\/marcelolopes.jor.br\/site\/wp-content\/uploads\/2019\/12\/370997360c444bddb692834b834a0c76.jpg\" \/>\n\t<meta property=\"og:image:width\" content=\"900\" \/>\n\t<meta property=\"og:image:height\" content=\"500\" \/>\n\t<meta property=\"og:image:type\" content=\"image\/jpeg\" \/>\n<meta name=\"author\" content=\"Marcelo Lopes\" \/>\n<meta name=\"twitter:card\" content=\"summary_large_image\" \/>\n<meta name=\"twitter:label1\" content=\"Escrito por\" \/>\n\t<meta name=\"twitter:data1\" content=\"Marcelo Lopes\" \/>\n\t<meta name=\"twitter:label2\" content=\"Est. tempo de leitura\" \/>\n\t<meta name=\"twitter:data2\" content=\"3 minutos\" \/>\n<script type=\"application\/ld+json\" class=\"yoast-schema-graph\">{\"@context\":\"https:\\\/\\\/schema.org\",\"@graph\":[{\"@type\":\"NewsArticle\",\"@id\":\"https:\\\/\\\/marcelolopes.jor.br\\\/site\\\/2019\\\/12\\\/20\\\/leopoldina-perde-a-regional-da-copasa-e-50-funcionarios-serao-realocados\\\/#article\",\"isPartOf\":{\"@id\":\"https:\\\/\\\/marcelolopes.jor.br\\\/site\\\/2019\\\/12\\\/20\\\/leopoldina-perde-a-regional-da-copasa-e-50-funcionarios-serao-realocados\\\/\"},\"author\":{\"name\":\"Marcelo Lopes\",\"@id\":\"https:\\\/\\\/marcelolopes.jor.br\\\/site\\\/#\\\/schema\\\/person\\\/3e7216a35c34d8fdf952b31da3d1f89f\"},\"headline\":\"Regional da Copasa \u00e9 desativada em Leopoldina e 50 funcion\u00e1rios ser\u00e3o realocados\",\"datePublished\":\"2019-12-20T23:00:57+00:00\",\"mainEntityOfPage\":{\"@id\":\"https:\\\/\\\/marcelolopes.jor.br\\\/site\\\/2019\\\/12\\\/20\\\/leopoldina-perde-a-regional-da-copasa-e-50-funcionarios-serao-realocados\\\/\"},\"wordCount\":515,\"commentCount\":0,\"publisher\":{\"@id\":\"https:\\\/\\\/marcelolopes.jor.br\\\/site\\\/#organization\"},\"image\":{\"@id\":\"https:\\\/\\\/marcelolopes.jor.br\\\/site\\\/2019\\\/12\\\/20\\\/leopoldina-perde-a-regional-da-copasa-e-50-funcionarios-serao-realocados\\\/#primaryimage\"},\"thumbnailUrl\":\"https:\\\/\\\/marcelolopes.jor.br\\\/site\\\/wp-content\\\/uploads\\\/2019\\\/12\\\/370997360c444bddb692834b834a0c76.jpg\",\"keywords\":[\"Copasa\",\"ger\u00eancia regional\",\"Leopoldina\",\"regional\"],\"articleSection\":[\"Not\u00edcias\"],\"inLanguage\":\"pt-BR\",\"potentialAction\":[{\"@type\":\"CommentAction\",\"name\":\"Comment\",\"target\":[\"https:\\\/\\\/marcelolopes.jor.br\\\/site\\\/2019\\\/12\\\/20\\\/leopoldina-perde-a-regional-da-copasa-e-50-funcionarios-serao-realocados\\\/#respond\"]}]},{\"@type\":\"WebPage\",\"@id\":\"https:\\\/\\\/marcelolopes.jor.br\\\/site\\\/2019\\\/12\\\/20\\\/leopoldina-perde-a-regional-da-copasa-e-50-funcionarios-serao-realocados\\\/\",\"url\":\"https:\\\/\\\/marcelolopes.jor.br\\\/site\\\/2019\\\/12\\\/20\\\/leopoldina-perde-a-regional-da-copasa-e-50-funcionarios-serao-realocados\\\/\",\"name\":\"Regional da Copasa \u00e9 desativada em Leopoldina e 50 funcion\u00e1rios ser\u00e3o realocados | Marcelo Lopes\",\"isPartOf\":{\"@id\":\"https:\\\/\\\/marcelolopes.jor.br\\\/site\\\/#website\"},\"primaryImageOfPage\":{\"@id\":\"https:\\\/\\\/marcelolopes.jor.br\\\/site\\\/2019\\\/12\\\/20\\\/leopoldina-perde-a-regional-da-copasa-e-50-funcionarios-serao-realocados\\\/#primaryimage\"},\"image\":{\"@id\":\"https:\\\/\\\/marcelolopes.jor.br\\\/site\\\/2019\\\/12\\\/20\\\/leopoldina-perde-a-regional-da-copasa-e-50-funcionarios-serao-realocados\\\/#primaryimage\"},\"thumbnailUrl\":\"https:\\\/\\\/marcelolopes.jor.br\\\/site\\\/wp-content\\\/uploads\\\/2019\\\/12\\\/370997360c444bddb692834b834a0c76.jpg\",\"datePublished\":\"2019-12-20T23:00:57+00:00\",\"breadcrumb\":{\"@id\":\"https:\\\/\\\/marcelolopes.jor.br\\\/site\\\/2019\\\/12\\\/20\\\/leopoldina-perde-a-regional-da-copasa-e-50-funcionarios-serao-realocados\\\/#breadcrumb\"},\"inLanguage\":\"pt-BR\",\"potentialAction\":[{\"@type\":\"ReadAction\",\"target\":[\"https:\\\/\\\/marcelolopes.jor.br\\\/site\\\/2019\\\/12\\\/20\\\/leopoldina-perde-a-regional-da-copasa-e-50-funcionarios-serao-realocados\\\/\"]}]},{\"@type\":\"ImageObject\",\"inLanguage\":\"pt-BR\",\"@id\":\"https:\\\/\\\/marcelolopes.jor.br\\\/site\\\/2019\\\/12\\\/20\\\/leopoldina-perde-a-regional-da-copasa-e-50-funcionarios-serao-realocados\\\/#primaryimage\",\"url\":\"https:\\\/\\\/marcelolopes.jor.br\\\/site\\\/wp-content\\\/uploads\\\/2019\\\/12\\\/370997360c444bddb692834b834a0c76.jpg\",\"contentUrl\":\"https:\\\/\\\/marcelolopes.jor.br\\\/site\\\/wp-content\\\/uploads\\\/2019\\\/12\\\/370997360c444bddb692834b834a0c76.jpg\",\"width\":900,\"height\":500},{\"@type\":\"BreadcrumbList\",\"@id\":\"https:\\\/\\\/marcelolopes.jor.br\\\/site\\\/2019\\\/12\\\/20\\\/leopoldina-perde-a-regional-da-copasa-e-50-funcionarios-serao-realocados\\\/#breadcrumb\",\"itemListElement\":[{\"@type\":\"ListItem\",\"position\":1,\"name\":\"Home\",\"item\":\"https:\\\/\\\/marcelolopes.jor.br\\\/site\\\/\"},{\"@type\":\"ListItem\",\"position\":2,\"name\":\"Regional da Copasa \u00e9 desativada em Leopoldina e 50 funcion\u00e1rios ser\u00e3o realocados\"}]},{\"@type\":\"WebSite\",\"@id\":\"https:\\\/\\\/marcelolopes.jor.br\\\/site\\\/#website\",\"url\":\"https:\\\/\\\/marcelolopes.jor.br\\\/site\\\/\",\"name\":\"Marcelo Lopes\",\"description\":\"Not\u00edcias de Cataguases e Regi\u00e3o\",\"publisher\":{\"@id\":\"https:\\\/\\\/marcelolopes.jor.br\\\/site\\\/#organization\"},\"potentialAction\":[{\"@type\":\"SearchAction\",\"target\":{\"@type\":\"EntryPoint\",\"urlTemplate\":\"https:\\\/\\\/marcelolopes.jor.br\\\/site\\\/?s={search_term_string}\"},\"query-input\":{\"@type\":\"PropertyValueSpecification\",\"valueRequired\":true,\"valueName\":\"search_term_string\"}}],\"inLanguage\":\"pt-BR\"},{\"@type\":\"Organization\",\"@id\":\"https:\\\/\\\/marcelolopes.jor.br\\\/site\\\/#organization\",\"name\":\"Site do Marcelo Lopes\",\"url\":\"https:\\\/\\\/marcelolopes.jor.br\\\/site\\\/\",\"logo\":{\"@type\":\"ImageObject\",\"inLanguage\":\"pt-BR\",\"@id\":\"https:\\\/\\\/marcelolopes.jor.br\\\/site\\\/#\\\/schema\\\/logo\\\/image\\\/\",\"url\":\"https:\\\/\\\/marcelolopes.jor.br\\\/site\\\/wp-content\\\/uploads\\\/2024\\\/11\\\/logo-1.png\",\"contentUrl\":\"https:\\\/\\\/marcelolopes.jor.br\\\/site\\\/wp-content\\\/uploads\\\/2024\\\/11\\\/logo-1.png\",\"width\":475,\"height\":80,\"caption\":\"Site do Marcelo Lopes\"},\"image\":{\"@id\":\"https:\\\/\\\/marcelolopes.jor.br\\\/site\\\/#\\\/schema\\\/logo\\\/image\\\/\"},\"sameAs\":[\"https:\\\/\\\/www.facebook.com\\\/sitedomarcelolopes\",\"https:\\\/\\\/www.instagram.com\\\/sitedomarcelolopes\\\/\",\"https:\\\/\\\/www.linkedin.com\\\/company\\\/site-do-marcelo-lopes\\\/\",\"https:\\\/\\\/www.youtube.com\\\/user\\\/marcelolopes957\"]},{\"@type\":\"Person\",\"@id\":\"https:\\\/\\\/marcelolopes.jor.br\\\/site\\\/#\\\/schema\\\/person\\\/3e7216a35c34d8fdf952b31da3d1f89f\",\"name\":\"Marcelo Lopes\",\"sameAs\":[\"http:\\\/\\\/www.marcelolopes.jor.br\"],\"url\":\"https:\\\/\\\/marcelolopes.jor.br\\\/site\\\/author\\\/marcelo\\\/\"}]}<\/script>\n<!-- \/ Yoast SEO plugin. -->","yoast_head_json":{"title":"Regional da Copasa \u00e9 desativada em Leopoldina e 50 funcion\u00e1rios ser\u00e3o realocados | Marcelo Lopes","robots":{"index":"index","follow":"follow","max-snippet":"max-snippet:-1","max-image-preview":"max-image-preview:large","max-video-preview":"max-video-preview:-1"},"canonical":"https:\/\/marcelolopes.jor.br\/site\/2019\/12\/20\/leopoldina-perde-a-regional-da-copasa-e-50-funcionarios-serao-realocados\/","og_locale":"pt_BR","og_type":"article","og_title":"Regional da Copasa \u00e9 desativada em Leopoldina e 50 funcion\u00e1rios ser\u00e3o realocados | Marcelo Lopes","og_description":"Cerca de 25 funcion\u00e1rios da Companhia de Saneamento de Minas Gerais (COPASA) se reuniram na C\u00e2mara Municipal de Leopoldina para comunicar a extin\u00e7\u00e3o do Distrito Regional daquela companhia no munic\u00edpio. O caso foi comunicado aos servidores pelo superintendente da empresaLeia mais Regional da Copasa \u00e9 desativada em Leopoldina e 50 funcion\u00e1rios ser\u00e3o realocados","og_url":"https:\/\/marcelolopes.jor.br\/site\/2019\/12\/20\/leopoldina-perde-a-regional-da-copasa-e-50-funcionarios-serao-realocados\/","og_site_name":"Marcelo Lopes","article_publisher":"https:\/\/www.facebook.com\/sitedomarcelolopes","article_published_time":"2019-12-20T23:00:57+00:00","og_image":[{"width":900,"height":500,"url":"https:\/\/marcelolopes.jor.br\/site\/wp-content\/uploads\/2019\/12\/370997360c444bddb692834b834a0c76.jpg","type":"image\/jpeg"}],"author":"Marcelo Lopes","twitter_card":"summary_large_image","twitter_misc":{"Escrito por":"Marcelo Lopes","Est. tempo de leitura":"3 minutos"},"schema":{"@context":"https:\/\/schema.org","@graph":[{"@type":"NewsArticle","@id":"https:\/\/marcelolopes.jor.br\/site\/2019\/12\/20\/leopoldina-perde-a-regional-da-copasa-e-50-funcionarios-serao-realocados\/#article","isPartOf":{"@id":"https:\/\/marcelolopes.jor.br\/site\/2019\/12\/20\/leopoldina-perde-a-regional-da-copasa-e-50-funcionarios-serao-realocados\/"},"author":{"name":"Marcelo Lopes","@id":"https:\/\/marcelolopes.jor.br\/site\/#\/schema\/person\/3e7216a35c34d8fdf952b31da3d1f89f"},"headline":"Regional da Copasa \u00e9 desativada em Leopoldina e 50 funcion\u00e1rios ser\u00e3o realocados","datePublished":"2019-12-20T23:00:57+00:00","mainEntityOfPage":{"@id":"https:\/\/marcelolopes.jor.br\/site\/2019\/12\/20\/leopoldina-perde-a-regional-da-copasa-e-50-funcionarios-serao-realocados\/"},"wordCount":515,"commentCount":0,"publisher":{"@id":"https:\/\/marcelolopes.jor.br\/site\/#organization"},"image":{"@id":"https:\/\/marcelolopes.jor.br\/site\/2019\/12\/20\/leopoldina-perde-a-regional-da-copasa-e-50-funcionarios-serao-realocados\/#primaryimage"},"thumbnailUrl":"https:\/\/marcelolopes.jor.br\/site\/wp-content\/uploads\/2019\/12\/370997360c444bddb692834b834a0c76.jpg","keywords":["Copasa","ger\u00eancia regional","Leopoldina","regional"],"articleSection":["Not\u00edcias"],"inLanguage":"pt-BR","potentialAction":[{"@type":"CommentAction","name":"Comment","target":["https:\/\/marcelolopes.jor.br\/site\/2019\/12\/20\/leopoldina-perde-a-regional-da-copasa-e-50-funcionarios-serao-realocados\/#respond"]}]},{"@type":"WebPage","@id":"https:\/\/marcelolopes.jor.br\/site\/2019\/12\/20\/leopoldina-perde-a-regional-da-copasa-e-50-funcionarios-serao-realocados\/","url":"https:\/\/marcelolopes.jor.br\/site\/2019\/12\/20\/leopoldina-perde-a-regional-da-copasa-e-50-funcionarios-serao-realocados\/","name":"Regional da Copasa \u00e9 desativada em Leopoldina e 50 funcion\u00e1rios ser\u00e3o realocados | Marcelo Lopes","isPartOf":{"@id":"https:\/\/marcelolopes.jor.br\/site\/#website"},"primaryImageOfPage":{"@id":"https:\/\/marcelolopes.jor.br\/site\/2019\/12\/20\/leopoldina-perde-a-regional-da-copasa-e-50-funcionarios-serao-realocados\/#primaryimage"},"image":{"@id":"https:\/\/marcelolopes.jor.br\/site\/2019\/12\/20\/leopoldina-perde-a-regional-da-copasa-e-50-funcionarios-serao-realocados\/#primaryimage"},"thumbnailUrl":"https:\/\/marcelolopes.jor.br\/site\/wp-content\/uploads\/2019\/12\/370997360c444bddb692834b834a0c76.jpg","datePublished":"2019-12-20T23:00:57+00:00","breadcrumb":{"@id":"https:\/\/marcelolopes.jor.br\/site\/2019\/12\/20\/leopoldina-perde-a-regional-da-copasa-e-50-funcionarios-serao-realocados\/#breadcrumb"},"inLanguage":"pt-BR","potentialAction":[{"@type":"ReadAction","target":["https:\/\/marcelolopes.jor.br\/site\/2019\/12\/20\/leopoldina-perde-a-regional-da-copasa-e-50-funcionarios-serao-realocados\/"]}]},{"@type":"ImageObject","inLanguage":"pt-BR","@id":"https:\/\/marcelolopes.jor.br\/site\/2019\/12\/20\/leopoldina-perde-a-regional-da-copasa-e-50-funcionarios-serao-realocados\/#primaryimage","url":"https:\/\/marcelolopes.jor.br\/site\/wp-content\/uploads\/2019\/12\/370997360c444bddb692834b834a0c76.jpg","contentUrl":"https:\/\/marcelolopes.jor.br\/site\/wp-content\/uploads\/2019\/12\/370997360c444bddb692834b834a0c76.jpg","width":900,"height":500},{"@type":"BreadcrumbList","@id":"https:\/\/marcelolopes.jor.br\/site\/2019\/12\/20\/leopoldina-perde-a-regional-da-copasa-e-50-funcionarios-serao-realocados\/#breadcrumb","itemListElement":[{"@type":"ListItem","position":1,"name":"Home","item":"https:\/\/marcelolopes.jor.br\/site\/"},{"@type":"ListItem","position":2,"name":"Regional da Copasa \u00e9 desativada em Leopoldina e 50 funcion\u00e1rios ser\u00e3o realocados"}]},{"@type":"WebSite","@id":"https:\/\/marcelolopes.jor.br\/site\/#website","url":"https:\/\/marcelolopes.jor.br\/site\/","name":"Marcelo Lopes","description":"Not\u00edcias de Cataguases e Regi\u00e3o","publisher":{"@id":"https:\/\/marcelolopes.jor.br\/site\/#organization"},"potentialAction":[{"@type":"SearchAction","target":{"@type":"EntryPoint","urlTemplate":"https:\/\/marcelolopes.jor.br\/site\/?s={search_term_string}"},"query-input":{"@type":"PropertyValueSpecification","valueRequired":true,"valueName":"search_term_string"}}],"inLanguage":"pt-BR"},{"@type":"Organization","@id":"https:\/\/marcelolopes.jor.br\/site\/#organization","name":"Site do Marcelo Lopes","url":"https:\/\/marcelolopes.jor.br\/site\/","logo":{"@type":"ImageObject","inLanguage":"pt-BR","@id":"https:\/\/marcelolopes.jor.br\/site\/#\/schema\/logo\/image\/","url":"https:\/\/marcelolopes.jor.br\/site\/wp-content\/uploads\/2024\/11\/logo-1.png","contentUrl":"https:\/\/marcelolopes.jor.br\/site\/wp-content\/uploads\/2024\/11\/logo-1.png","width":475,"height":80,"caption":"Site do Marcelo Lopes"},"image":{"@id":"https:\/\/marcelolopes.jor.br\/site\/#\/schema\/logo\/image\/"},"sameAs":["https:\/\/www.facebook.com\/sitedomarcelolopes","https:\/\/www.instagram.com\/sitedomarcelolopes\/","https:\/\/www.linkedin.com\/company\/site-do-marcelo-lopes\/","https:\/\/www.youtube.com\/user\/marcelolopes957"]},{"@type":"Person","@id":"https:\/\/marcelolopes.jor.br\/site\/#\/schema\/person\/3e7216a35c34d8fdf952b31da3d1f89f","name":"Marcelo Lopes","sameAs":["http:\/\/www.marcelolopes.jor.br"],"url":"https:\/\/marcelolopes.jor.br\/site\/author\/marcelo\/"}]}},"wps_subtitle":"Reorganiza\u00e7\u00e3o interna da empresa fundiu regionais e criou uma ger\u00eancia em Ub\u00e1.","_links":{"self":[{"href":"https:\/\/marcelolopes.jor.br\/site\/wp-json\/wp\/v2\/posts\/9704","targetHints":{"allow":["GET"]}}],"collection":[{"href":"https:\/\/marcelolopes.jor.br\/site\/wp-json\/wp\/v2\/posts"}],"about":[{"href":"https:\/\/marcelolopes.jor.br\/site\/wp-json\/wp\/v2\/types\/post"}],"author":[{"embeddable":true,"href":"https:\/\/marcelolopes.jor.br\/site\/wp-json\/wp\/v2\/users\/2"}],"replies":[{"embeddable":true,"href":"https:\/\/marcelolopes.jor.br\/site\/wp-json\/wp\/v2\/comments?post=9704"}],"version-history":[{"count":0,"href":"https:\/\/marcelolopes.jor.br\/site\/wp-json\/wp\/v2\/posts\/9704\/revisions"}],"wp:featuredmedia":[{"embeddable":true,"href":"https:\/\/marcelolopes.jor.br\/site\/wp-json\/wp\/v2\/media\/9706"}],"wp:attachment":[{"href":"https:\/\/marcelolopes.jor.br\/site\/wp-json\/wp\/v2\/media?parent=9704"}],"wp:term":[{"taxonomy":"category","embeddable":true,"href":"https:\/\/marcelolopes.jor.br\/site\/wp-json\/wp\/v2\/categories?post=9704"},{"taxonomy":"post_tag","embeddable":true,"href":"https:\/\/marcelolopes.jor.br\/site\/wp-json\/wp\/v2\/tags?post=9704"}],"curies":[{"name":"wp","href":"https:\/\/api.w.org\/{rel}","templated":true}]}}