{"id":9599,"date":"2019-12-17T13:00:28","date_gmt":"2019-12-17T16:00:28","guid":{"rendered":"https:\/\/marcelolopes.jor.br\/?p=9599"},"modified":"2019-12-17T13:09:36","modified_gmt":"2019-12-17T16:09:36","slug":"prefeitura-de-cataguases-vai-ficar-dezesseis-dias-fechada","status":"publish","type":"post","link":"https:\/\/marcelolopes.jor.br\/site\/2019\/12\/17\/prefeitura-de-cataguases-vai-ficar-dezesseis-dias-fechada\/","title":{"rendered":"Prefeitura de Cataguases vai ficar dezesseis dias fechada"},"content":{"rendered":"<p style=\"text-align: justify;\">Contribuinte, se voc\u00ea precisar de algum tipo de servi\u00e7o da Prefeitura de Cataguases nos pr\u00f3ximos dias, procure resolv\u00ea-lo o quanto antes porque sexta-feira, 20, \u00e9 o \u00faltimo dia que aquele \u00f3rg\u00e3o vai funcionar este ano. Depois, as atividades s\u00f3 retornam \u00e0 normalidade no dia 06 de janeiro de 2020. As medidas s\u00e3o decorrentes de dois atos do prefeito Willian Lobo de Almeida. A Portaria n\u00ba 001\/2019, publicada no Jornal Cataguases, de 06 de janeiro de 2019, e o decreto n\u00ba 5.167\/2019, de 15 de dezembro de 2019, tamb\u00e9m veiculada no \u00f3rg\u00e3o oficial do munic\u00edpio.<!--more--><\/p>\n<p style=\"text-align: justify;\">O calend\u00e1rio de folga da Prefeitura ficou assim: dias 21 e 22 de dezembro, caem no s\u00e1bado e domingo, respectivamente. A Portaria do prefeito definiu os dias 23 e 24\/12 (segunda e ter\u00e7a-feira) como Ponto Facultativo. Dia 25\/12 (quarta-feira) \u00e9 feriado nacional e os dias 26 e 27 de dezembro (quinta e sexta-feira), tamb\u00e9m ser\u00e3o ponto facultativo por for\u00e7a do Decreto baixado dia 15 \u00faltimo. Os dias 28 e 29\/12 caem no fim de semana. Desse modo a Portaria baixada no in\u00edcio do ano definiu tamb\u00e9m como Ponto Facultativo os dias 30 e 31 de dezembro (segunda e ter\u00e7a-feira). Dia 1\u00ba (quarta-feira) \u00e9 feriado nacional e o decreto do prefeito tamb\u00e9m considera ponto facultativo os dias 02 e 03 de janeiro (quinta e sexta-feira). Como 04 e 05 caem no s\u00e1bado e domingo, a prefeitura s\u00f3 reabrir\u00e1 suas portas na segunda-feira, 06 de janeiro de 2020.<\/p>\n<p style=\"text-align: justify;\">O advogado Roosevelt Pires, chefe de gabinete do Prefeito Willian Lobo de Almeida, contou \u00e0 reportagem que a medida adotada pelo chefe do executivo tem como objetivo proporcionar economia aos cofres p\u00fablicos. Ele tamb\u00e9m disse que &#8220;todos os servi\u00e7os essenciais v\u00e3o funcionar normalmente neste per\u00edodo como a varri\u00e7\u00e3o de ruas, coleta de lixo, Defesa Civil, al\u00e9m de setores da administra\u00e7\u00e3o que possuem prazos para cumprir&#8221;, frisou. Roosevelt tamb\u00e9m salientou que os servi\u00e7os de sa\u00fade v\u00e3o funcionar em regime de plant\u00e3o na Policl\u00ednica Municipal, das 7h \u00e0s 17 horas, e as viagens programadas na \u00e1rea de sa\u00fade tamb\u00e9m est\u00e3o mantidas. Desta forma, ele assegura que a popula\u00e7\u00e3o continuar\u00e1 sendo atendida em suas necessidades no per\u00edodo de festas.<\/p>\n<div class=\"glaro69f70b5bee1ba\" ><br><\/div><style type=\"text\/css\">\r\n@media screen and (min-width: 1201px) {\r\n.glaro69f70b5bee1ba {\r\ndisplay: block;\r\n}\r\n}\r\n@media screen and (min-width: 993px) and (max-width: 1200px) {\r\n.glaro69f70b5bee1ba {\r\ndisplay: block;\r\n}\r\n}\r\n@media screen and (min-width: 769px) and (max-width: 992px) {\r\n.glaro69f70b5bee1ba {\r\ndisplay: block;\r\n}\r\n}\r\n@media screen and (min-width: 768px) and (max-width: 768px) {\r\n.glaro69f70b5bee1ba {\r\ndisplay: block;\r\n}\r\n}\r\n@media screen and (max-width: 767px) {\r\n.glaro69f70b5bee1ba {\r\ndisplay: block;\r\n}\r\n}\r\n<\/style>\r\n<div class=\"fhzcd69f70b5bf384d\" ><div id=\"div_destino\"><\/div>\r\n<script src=\"https:\/\/cdn.snsrsv.com\/sdk.js\"><\/script>\r\n<script >\r\n      new sdk(\"464030C30061EA8BE065000000000001\") \r\n          .appendTo(\"div_destino\")\r\n          .disableStyle(true) \r\n          .setCacheBusterMacro(\"%%CACHEBUSTER%%\")\r\n          .setSize(\"800\",\"214\")\r\n          .setClickMacro(\"%%CLICK_URL_ESC%%\") \r\n          .setReferrerUrlMacro(\"%%REFERRER_URL_ESC%%\") \r\n          .start(); \r\n<\/script><\/div><style type=\"text\/css\">\r\n@media screen and (min-width: 1201px) {\r\n.fhzcd69f70b5bf384d {\r\ndisplay: block;\r\n}\r\n}\r\n@media screen and (min-width: 993px) and (max-width: 1200px) {\r\n.fhzcd69f70b5bf384d {\r\ndisplay: block;\r\n}\r\n}\r\n@media screen and (min-width: 769px) and (max-width: 992px) {\r\n.fhzcd69f70b5bf384d {\r\ndisplay: block;\r\n}\r\n}\r\n@media screen and (min-width: 768px) and (max-width: 768px) {\r\n.fhzcd69f70b5bf384d {\r\ndisplay: block;\r\n}\r\n}\r\n@media screen and (max-width: 767px) {\r\n.fhzcd69f70b5bf384d {\r\ndisplay: block;\r\n}\r\n}\r\n<\/style>\r\n","protected":false},"excerpt":{"rendered":"<p>Contribuinte, se voc\u00ea precisar de algum tipo de servi\u00e7o da Prefeitura de Cataguases nos pr\u00f3ximos dias, procure resolv\u00ea-lo o quanto antes porque sexta-feira, 20, \u00e9 o \u00faltimo dia que aquele \u00f3rg\u00e3o vai funcionar este ano. Depois, as atividades s\u00f3 retornam<\/p>\n<p class=\"link-more\"><a class=\"more-link\" href=\"https:\/\/marcelolopes.jor.br\/site\/2019\/12\/17\/prefeitura-de-cataguases-vai-ficar-dezesseis-dias-fechada\/\">Leia mais <span class=\"screen-reader-text\">Prefeitura de Cataguases vai ficar dezesseis dias fechada<\/span><\/a><\/p>\n","protected":false},"author":2,"featured_media":9601,"comment_status":"open","ping_status":"open","sticky":false,"template":"","format":"standard","meta":{"footnotes":""},"categories":[1],"tags":[280,1818,1817,61],"class_list":["post-9599","post","type-post","status-publish","format-standard","has-post-thumbnail","hentry","category-noticias","tag-feriado","tag-folga","tag-ponto-facultativo","tag-prefeitura","thumb-below-title"],"yoast_head":"<!-- This site is optimized with the Yoast SEO plugin v27.4 - https:\/\/yoast.com\/product\/yoast-seo-wordpress\/ -->\n<title>Prefeitura de Cataguases vai ficar dezesseis dias fechada | Marcelo Lopes<\/title>\n<meta name=\"robots\" content=\"index, follow, max-snippet:-1, max-image-preview:large, max-video-preview:-1\" \/>\n<link rel=\"canonical\" href=\"https:\/\/marcelolopes.jor.br\/site\/2019\/12\/17\/prefeitura-de-cataguases-vai-ficar-dezesseis-dias-fechada\/\" \/>\n<meta property=\"og:locale\" content=\"pt_BR\" \/>\n<meta property=\"og:type\" content=\"article\" \/>\n<meta property=\"og:title\" content=\"Prefeitura de Cataguases vai ficar dezesseis dias fechada | Marcelo Lopes\" \/>\n<meta property=\"og:description\" content=\"Contribuinte, se voc\u00ea precisar de algum tipo de servi\u00e7o da Prefeitura de Cataguases nos pr\u00f3ximos dias, procure resolv\u00ea-lo o quanto antes porque sexta-feira, 20, \u00e9 o \u00faltimo dia que aquele \u00f3rg\u00e3o vai funcionar este ano. Depois, as atividades s\u00f3 retornamLeia mais Prefeitura de Cataguases vai ficar dezesseis dias fechada\" \/>\n<meta property=\"og:url\" content=\"https:\/\/marcelolopes.jor.br\/site\/2019\/12\/17\/prefeitura-de-cataguases-vai-ficar-dezesseis-dias-fechada\/\" \/>\n<meta property=\"og:site_name\" content=\"Marcelo Lopes\" \/>\n<meta property=\"article:publisher\" content=\"https:\/\/www.facebook.com\/sitedomarcelolopes\" \/>\n<meta property=\"article:published_time\" content=\"2019-12-17T16:00:28+00:00\" \/>\n<meta property=\"article:modified_time\" content=\"2019-12-17T16:09:36+00:00\" \/>\n<meta property=\"og:image\" content=\"https:\/\/marcelolopes.jor.br\/site\/wp-content\/uploads\/2019\/12\/Prefeitura-de-Cataguases-Foto-Marcelo-Lopes.jpg\" \/>\n\t<meta property=\"og:image:width\" content=\"600\" \/>\n\t<meta property=\"og:image:height\" content=\"404\" \/>\n\t<meta property=\"og:image:type\" content=\"image\/jpeg\" \/>\n<meta name=\"author\" content=\"Marcelo Lopes\" \/>\n<meta name=\"twitter:card\" content=\"summary_large_image\" \/>\n<meta name=\"twitter:label1\" content=\"Escrito por\" \/>\n\t<meta name=\"twitter:data1\" content=\"Marcelo Lopes\" \/>\n\t<meta name=\"twitter:label2\" content=\"Est. tempo de leitura\" \/>\n\t<meta name=\"twitter:data2\" content=\"2 minutos\" \/>\n<script type=\"application\/ld+json\" class=\"yoast-schema-graph\">{\"@context\":\"https:\\\/\\\/schema.org\",\"@graph\":[{\"@type\":\"NewsArticle\",\"@id\":\"https:\\\/\\\/marcelolopes.jor.br\\\/site\\\/2019\\\/12\\\/17\\\/prefeitura-de-cataguases-vai-ficar-dezesseis-dias-fechada\\\/#article\",\"isPartOf\":{\"@id\":\"https:\\\/\\\/marcelolopes.jor.br\\\/site\\\/2019\\\/12\\\/17\\\/prefeitura-de-cataguases-vai-ficar-dezesseis-dias-fechada\\\/\"},\"author\":{\"name\":\"Marcelo Lopes\",\"@id\":\"https:\\\/\\\/marcelolopes.jor.br\\\/site\\\/#\\\/schema\\\/person\\\/3e7216a35c34d8fdf952b31da3d1f89f\"},\"headline\":\"Prefeitura de Cataguases vai ficar dezesseis dias fechada\",\"datePublished\":\"2019-12-17T16:00:28+00:00\",\"dateModified\":\"2019-12-17T16:09:36+00:00\",\"mainEntityOfPage\":{\"@id\":\"https:\\\/\\\/marcelolopes.jor.br\\\/site\\\/2019\\\/12\\\/17\\\/prefeitura-de-cataguases-vai-ficar-dezesseis-dias-fechada\\\/\"},\"wordCount\":368,\"commentCount\":0,\"publisher\":{\"@id\":\"https:\\\/\\\/marcelolopes.jor.br\\\/site\\\/#organization\"},\"image\":{\"@id\":\"https:\\\/\\\/marcelolopes.jor.br\\\/site\\\/2019\\\/12\\\/17\\\/prefeitura-de-cataguases-vai-ficar-dezesseis-dias-fechada\\\/#primaryimage\"},\"thumbnailUrl\":\"https:\\\/\\\/marcelolopes.jor.br\\\/site\\\/wp-content\\\/uploads\\\/2019\\\/12\\\/Prefeitura-de-Cataguases-Foto-Marcelo-Lopes.jpg\",\"keywords\":[\"feriado\",\"folga\",\"ponto facultativo\",\"prefeitura\"],\"articleSection\":[\"Not\u00edcias\"],\"inLanguage\":\"pt-BR\",\"potentialAction\":[{\"@type\":\"CommentAction\",\"name\":\"Comment\",\"target\":[\"https:\\\/\\\/marcelolopes.jor.br\\\/site\\\/2019\\\/12\\\/17\\\/prefeitura-de-cataguases-vai-ficar-dezesseis-dias-fechada\\\/#respond\"]}]},{\"@type\":\"WebPage\",\"@id\":\"https:\\\/\\\/marcelolopes.jor.br\\\/site\\\/2019\\\/12\\\/17\\\/prefeitura-de-cataguases-vai-ficar-dezesseis-dias-fechada\\\/\",\"url\":\"https:\\\/\\\/marcelolopes.jor.br\\\/site\\\/2019\\\/12\\\/17\\\/prefeitura-de-cataguases-vai-ficar-dezesseis-dias-fechada\\\/\",\"name\":\"Prefeitura de Cataguases vai ficar dezesseis dias fechada | Marcelo Lopes\",\"isPartOf\":{\"@id\":\"https:\\\/\\\/marcelolopes.jor.br\\\/site\\\/#website\"},\"primaryImageOfPage\":{\"@id\":\"https:\\\/\\\/marcelolopes.jor.br\\\/site\\\/2019\\\/12\\\/17\\\/prefeitura-de-cataguases-vai-ficar-dezesseis-dias-fechada\\\/#primaryimage\"},\"image\":{\"@id\":\"https:\\\/\\\/marcelolopes.jor.br\\\/site\\\/2019\\\/12\\\/17\\\/prefeitura-de-cataguases-vai-ficar-dezesseis-dias-fechada\\\/#primaryimage\"},\"thumbnailUrl\":\"https:\\\/\\\/marcelolopes.jor.br\\\/site\\\/wp-content\\\/uploads\\\/2019\\\/12\\\/Prefeitura-de-Cataguases-Foto-Marcelo-Lopes.jpg\",\"datePublished\":\"2019-12-17T16:00:28+00:00\",\"dateModified\":\"2019-12-17T16:09:36+00:00\",\"breadcrumb\":{\"@id\":\"https:\\\/\\\/marcelolopes.jor.br\\\/site\\\/2019\\\/12\\\/17\\\/prefeitura-de-cataguases-vai-ficar-dezesseis-dias-fechada\\\/#breadcrumb\"},\"inLanguage\":\"pt-BR\",\"potentialAction\":[{\"@type\":\"ReadAction\",\"target\":[\"https:\\\/\\\/marcelolopes.jor.br\\\/site\\\/2019\\\/12\\\/17\\\/prefeitura-de-cataguases-vai-ficar-dezesseis-dias-fechada\\\/\"]}]},{\"@type\":\"ImageObject\",\"inLanguage\":\"pt-BR\",\"@id\":\"https:\\\/\\\/marcelolopes.jor.br\\\/site\\\/2019\\\/12\\\/17\\\/prefeitura-de-cataguases-vai-ficar-dezesseis-dias-fechada\\\/#primaryimage\",\"url\":\"https:\\\/\\\/marcelolopes.jor.br\\\/site\\\/wp-content\\\/uploads\\\/2019\\\/12\\\/Prefeitura-de-Cataguases-Foto-Marcelo-Lopes.jpg\",\"contentUrl\":\"https:\\\/\\\/marcelolopes.jor.br\\\/site\\\/wp-content\\\/uploads\\\/2019\\\/12\\\/Prefeitura-de-Cataguases-Foto-Marcelo-Lopes.jpg\",\"width\":600,\"height\":404},{\"@type\":\"BreadcrumbList\",\"@id\":\"https:\\\/\\\/marcelolopes.jor.br\\\/site\\\/2019\\\/12\\\/17\\\/prefeitura-de-cataguases-vai-ficar-dezesseis-dias-fechada\\\/#breadcrumb\",\"itemListElement\":[{\"@type\":\"ListItem\",\"position\":1,\"name\":\"Home\",\"item\":\"https:\\\/\\\/marcelolopes.jor.br\\\/site\\\/\"},{\"@type\":\"ListItem\",\"position\":2,\"name\":\"Prefeitura de Cataguases vai ficar dezesseis dias fechada\"}]},{\"@type\":\"WebSite\",\"@id\":\"https:\\\/\\\/marcelolopes.jor.br\\\/site\\\/#website\",\"url\":\"https:\\\/\\\/marcelolopes.jor.br\\\/site\\\/\",\"name\":\"Marcelo Lopes\",\"description\":\"Not\u00edcias de Cataguases e Regi\u00e3o\",\"publisher\":{\"@id\":\"https:\\\/\\\/marcelolopes.jor.br\\\/site\\\/#organization\"},\"potentialAction\":[{\"@type\":\"SearchAction\",\"target\":{\"@type\":\"EntryPoint\",\"urlTemplate\":\"https:\\\/\\\/marcelolopes.jor.br\\\/site\\\/?s={search_term_string}\"},\"query-input\":{\"@type\":\"PropertyValueSpecification\",\"valueRequired\":true,\"valueName\":\"search_term_string\"}}],\"inLanguage\":\"pt-BR\"},{\"@type\":\"Organization\",\"@id\":\"https:\\\/\\\/marcelolopes.jor.br\\\/site\\\/#organization\",\"name\":\"Site do Marcelo Lopes\",\"url\":\"https:\\\/\\\/marcelolopes.jor.br\\\/site\\\/\",\"logo\":{\"@type\":\"ImageObject\",\"inLanguage\":\"pt-BR\",\"@id\":\"https:\\\/\\\/marcelolopes.jor.br\\\/site\\\/#\\\/schema\\\/logo\\\/image\\\/\",\"url\":\"https:\\\/\\\/marcelolopes.jor.br\\\/site\\\/wp-content\\\/uploads\\\/2024\\\/11\\\/logo-1.png\",\"contentUrl\":\"https:\\\/\\\/marcelolopes.jor.br\\\/site\\\/wp-content\\\/uploads\\\/2024\\\/11\\\/logo-1.png\",\"width\":475,\"height\":80,\"caption\":\"Site do Marcelo Lopes\"},\"image\":{\"@id\":\"https:\\\/\\\/marcelolopes.jor.br\\\/site\\\/#\\\/schema\\\/logo\\\/image\\\/\"},\"sameAs\":[\"https:\\\/\\\/www.facebook.com\\\/sitedomarcelolopes\",\"https:\\\/\\\/www.instagram.com\\\/sitedomarcelolopes\\\/\",\"https:\\\/\\\/www.linkedin.com\\\/company\\\/site-do-marcelo-lopes\\\/\",\"https:\\\/\\\/www.youtube.com\\\/user\\\/marcelolopes957\"]},{\"@type\":\"Person\",\"@id\":\"https:\\\/\\\/marcelolopes.jor.br\\\/site\\\/#\\\/schema\\\/person\\\/3e7216a35c34d8fdf952b31da3d1f89f\",\"name\":\"Marcelo Lopes\",\"sameAs\":[\"http:\\\/\\\/www.marcelolopes.jor.br\"],\"url\":\"https:\\\/\\\/marcelolopes.jor.br\\\/site\\\/author\\\/marcelo\\\/\"}]}<\/script>\n<!-- \/ Yoast SEO plugin. -->","yoast_head_json":{"title":"Prefeitura de Cataguases vai ficar dezesseis dias fechada | Marcelo Lopes","robots":{"index":"index","follow":"follow","max-snippet":"max-snippet:-1","max-image-preview":"max-image-preview:large","max-video-preview":"max-video-preview:-1"},"canonical":"https:\/\/marcelolopes.jor.br\/site\/2019\/12\/17\/prefeitura-de-cataguases-vai-ficar-dezesseis-dias-fechada\/","og_locale":"pt_BR","og_type":"article","og_title":"Prefeitura de Cataguases vai ficar dezesseis dias fechada | Marcelo Lopes","og_description":"Contribuinte, se voc\u00ea precisar de algum tipo de servi\u00e7o da Prefeitura de Cataguases nos pr\u00f3ximos dias, procure resolv\u00ea-lo o quanto antes porque sexta-feira, 20, \u00e9 o \u00faltimo dia que aquele \u00f3rg\u00e3o vai funcionar este ano. Depois, as atividades s\u00f3 retornamLeia mais Prefeitura de Cataguases vai ficar dezesseis dias fechada","og_url":"https:\/\/marcelolopes.jor.br\/site\/2019\/12\/17\/prefeitura-de-cataguases-vai-ficar-dezesseis-dias-fechada\/","og_site_name":"Marcelo Lopes","article_publisher":"https:\/\/www.facebook.com\/sitedomarcelolopes","article_published_time":"2019-12-17T16:00:28+00:00","article_modified_time":"2019-12-17T16:09:36+00:00","og_image":[{"width":600,"height":404,"url":"https:\/\/marcelolopes.jor.br\/site\/wp-content\/uploads\/2019\/12\/Prefeitura-de-Cataguases-Foto-Marcelo-Lopes.jpg","type":"image\/jpeg"}],"author":"Marcelo Lopes","twitter_card":"summary_large_image","twitter_misc":{"Escrito por":"Marcelo Lopes","Est. tempo de leitura":"2 minutos"},"schema":{"@context":"https:\/\/schema.org","@graph":[{"@type":"NewsArticle","@id":"https:\/\/marcelolopes.jor.br\/site\/2019\/12\/17\/prefeitura-de-cataguases-vai-ficar-dezesseis-dias-fechada\/#article","isPartOf":{"@id":"https:\/\/marcelolopes.jor.br\/site\/2019\/12\/17\/prefeitura-de-cataguases-vai-ficar-dezesseis-dias-fechada\/"},"author":{"name":"Marcelo Lopes","@id":"https:\/\/marcelolopes.jor.br\/site\/#\/schema\/person\/3e7216a35c34d8fdf952b31da3d1f89f"},"headline":"Prefeitura de Cataguases vai ficar dezesseis dias fechada","datePublished":"2019-12-17T16:00:28+00:00","dateModified":"2019-12-17T16:09:36+00:00","mainEntityOfPage":{"@id":"https:\/\/marcelolopes.jor.br\/site\/2019\/12\/17\/prefeitura-de-cataguases-vai-ficar-dezesseis-dias-fechada\/"},"wordCount":368,"commentCount":0,"publisher":{"@id":"https:\/\/marcelolopes.jor.br\/site\/#organization"},"image":{"@id":"https:\/\/marcelolopes.jor.br\/site\/2019\/12\/17\/prefeitura-de-cataguases-vai-ficar-dezesseis-dias-fechada\/#primaryimage"},"thumbnailUrl":"https:\/\/marcelolopes.jor.br\/site\/wp-content\/uploads\/2019\/12\/Prefeitura-de-Cataguases-Foto-Marcelo-Lopes.jpg","keywords":["feriado","folga","ponto facultativo","prefeitura"],"articleSection":["Not\u00edcias"],"inLanguage":"pt-BR","potentialAction":[{"@type":"CommentAction","name":"Comment","target":["https:\/\/marcelolopes.jor.br\/site\/2019\/12\/17\/prefeitura-de-cataguases-vai-ficar-dezesseis-dias-fechada\/#respond"]}]},{"@type":"WebPage","@id":"https:\/\/marcelolopes.jor.br\/site\/2019\/12\/17\/prefeitura-de-cataguases-vai-ficar-dezesseis-dias-fechada\/","url":"https:\/\/marcelolopes.jor.br\/site\/2019\/12\/17\/prefeitura-de-cataguases-vai-ficar-dezesseis-dias-fechada\/","name":"Prefeitura de Cataguases vai ficar dezesseis dias fechada | Marcelo Lopes","isPartOf":{"@id":"https:\/\/marcelolopes.jor.br\/site\/#website"},"primaryImageOfPage":{"@id":"https:\/\/marcelolopes.jor.br\/site\/2019\/12\/17\/prefeitura-de-cataguases-vai-ficar-dezesseis-dias-fechada\/#primaryimage"},"image":{"@id":"https:\/\/marcelolopes.jor.br\/site\/2019\/12\/17\/prefeitura-de-cataguases-vai-ficar-dezesseis-dias-fechada\/#primaryimage"},"thumbnailUrl":"https:\/\/marcelolopes.jor.br\/site\/wp-content\/uploads\/2019\/12\/Prefeitura-de-Cataguases-Foto-Marcelo-Lopes.jpg","datePublished":"2019-12-17T16:00:28+00:00","dateModified":"2019-12-17T16:09:36+00:00","breadcrumb":{"@id":"https:\/\/marcelolopes.jor.br\/site\/2019\/12\/17\/prefeitura-de-cataguases-vai-ficar-dezesseis-dias-fechada\/#breadcrumb"},"inLanguage":"pt-BR","potentialAction":[{"@type":"ReadAction","target":["https:\/\/marcelolopes.jor.br\/site\/2019\/12\/17\/prefeitura-de-cataguases-vai-ficar-dezesseis-dias-fechada\/"]}]},{"@type":"ImageObject","inLanguage":"pt-BR","@id":"https:\/\/marcelolopes.jor.br\/site\/2019\/12\/17\/prefeitura-de-cataguases-vai-ficar-dezesseis-dias-fechada\/#primaryimage","url":"https:\/\/marcelolopes.jor.br\/site\/wp-content\/uploads\/2019\/12\/Prefeitura-de-Cataguases-Foto-Marcelo-Lopes.jpg","contentUrl":"https:\/\/marcelolopes.jor.br\/site\/wp-content\/uploads\/2019\/12\/Prefeitura-de-Cataguases-Foto-Marcelo-Lopes.jpg","width":600,"height":404},{"@type":"BreadcrumbList","@id":"https:\/\/marcelolopes.jor.br\/site\/2019\/12\/17\/prefeitura-de-cataguases-vai-ficar-dezesseis-dias-fechada\/#breadcrumb","itemListElement":[{"@type":"ListItem","position":1,"name":"Home","item":"https:\/\/marcelolopes.jor.br\/site\/"},{"@type":"ListItem","position":2,"name":"Prefeitura de Cataguases vai ficar dezesseis dias fechada"}]},{"@type":"WebSite","@id":"https:\/\/marcelolopes.jor.br\/site\/#website","url":"https:\/\/marcelolopes.jor.br\/site\/","name":"Marcelo Lopes","description":"Not\u00edcias de Cataguases e Regi\u00e3o","publisher":{"@id":"https:\/\/marcelolopes.jor.br\/site\/#organization"},"potentialAction":[{"@type":"SearchAction","target":{"@type":"EntryPoint","urlTemplate":"https:\/\/marcelolopes.jor.br\/site\/?s={search_term_string}"},"query-input":{"@type":"PropertyValueSpecification","valueRequired":true,"valueName":"search_term_string"}}],"inLanguage":"pt-BR"},{"@type":"Organization","@id":"https:\/\/marcelolopes.jor.br\/site\/#organization","name":"Site do Marcelo Lopes","url":"https:\/\/marcelolopes.jor.br\/site\/","logo":{"@type":"ImageObject","inLanguage":"pt-BR","@id":"https:\/\/marcelolopes.jor.br\/site\/#\/schema\/logo\/image\/","url":"https:\/\/marcelolopes.jor.br\/site\/wp-content\/uploads\/2024\/11\/logo-1.png","contentUrl":"https:\/\/marcelolopes.jor.br\/site\/wp-content\/uploads\/2024\/11\/logo-1.png","width":475,"height":80,"caption":"Site do Marcelo Lopes"},"image":{"@id":"https:\/\/marcelolopes.jor.br\/site\/#\/schema\/logo\/image\/"},"sameAs":["https:\/\/www.facebook.com\/sitedomarcelolopes","https:\/\/www.instagram.com\/sitedomarcelolopes\/","https:\/\/www.linkedin.com\/company\/site-do-marcelo-lopes\/","https:\/\/www.youtube.com\/user\/marcelolopes957"]},{"@type":"Person","@id":"https:\/\/marcelolopes.jor.br\/site\/#\/schema\/person\/3e7216a35c34d8fdf952b31da3d1f89f","name":"Marcelo Lopes","sameAs":["http:\/\/www.marcelolopes.jor.br"],"url":"https:\/\/marcelolopes.jor.br\/site\/author\/marcelo\/"}]}},"wps_subtitle":"Decreto do prefeito ampliou o per\u00edodo de folga em virtude das festas de fim de ano.","_links":{"self":[{"href":"https:\/\/marcelolopes.jor.br\/site\/wp-json\/wp\/v2\/posts\/9599","targetHints":{"allow":["GET"]}}],"collection":[{"href":"https:\/\/marcelolopes.jor.br\/site\/wp-json\/wp\/v2\/posts"}],"about":[{"href":"https:\/\/marcelolopes.jor.br\/site\/wp-json\/wp\/v2\/types\/post"}],"author":[{"embeddable":true,"href":"https:\/\/marcelolopes.jor.br\/site\/wp-json\/wp\/v2\/users\/2"}],"replies":[{"embeddable":true,"href":"https:\/\/marcelolopes.jor.br\/site\/wp-json\/wp\/v2\/comments?post=9599"}],"version-history":[{"count":0,"href":"https:\/\/marcelolopes.jor.br\/site\/wp-json\/wp\/v2\/posts\/9599\/revisions"}],"wp:featuredmedia":[{"embeddable":true,"href":"https:\/\/marcelolopes.jor.br\/site\/wp-json\/wp\/v2\/media\/9601"}],"wp:attachment":[{"href":"https:\/\/marcelolopes.jor.br\/site\/wp-json\/wp\/v2\/media?parent=9599"}],"wp:term":[{"taxonomy":"category","embeddable":true,"href":"https:\/\/marcelolopes.jor.br\/site\/wp-json\/wp\/v2\/categories?post=9599"},{"taxonomy":"post_tag","embeddable":true,"href":"https:\/\/marcelolopes.jor.br\/site\/wp-json\/wp\/v2\/tags?post=9599"}],"curies":[{"name":"wp","href":"https:\/\/api.w.org\/{rel}","templated":true}]}}