{"id":9484,"date":"2019-12-13T20:00:31","date_gmt":"2019-12-13T23:00:31","guid":{"rendered":"https:\/\/marcelolopes.jor.br\/?p=9484"},"modified":"2019-12-13T15:14:12","modified_gmt":"2019-12-13T18:14:12","slug":"promotor-aciona-a-justica-para-que-obras-sejam-feitas-na-estrada-cataguases-mirai","status":"publish","type":"post","link":"https:\/\/marcelolopes.jor.br\/site\/2019\/12\/13\/promotor-aciona-a-justica-para-que-obras-sejam-feitas-na-estrada-cataguases-mirai\/","title":{"rendered":"Promotor aciona a justi\u00e7a para que obras sejam feitas na estrada Cataguases-Mira\u00ed"},"content":{"rendered":"<p style=\"text-align: justify;\">Motoristas que trafegam pela rodovia MG-447, que liga Cataguases a Mira\u00ed, precisam de mais aten\u00e7\u00e3o quando estiverem transitando na altura do Km 74. \u00c9 que um trecho daquela pista est\u00e1 desmoronando e parte do asfalto est\u00e1 cedendo &#8211; \u00e0 direita de quem vai para Mira\u00ed &#8211; com s\u00e9rios riscos de acidente. Nesta \u00e9poca do ano em que est\u00e1 chovendo muito, o perigo aumenta principalmente para ve\u00edculos maiores, que precisam utilizar a contram\u00e3o para passar pelo local.<!--more--><\/p>\n<p style=\"text-align: justify;\">O alerta foi dado nesta quinta-feira, 12 de dezembro, pelo promotor de justi\u00e7a, Gustavo Garcia Ara\u00fajo, que tamb\u00e9m \u00e9 o respons\u00e1vel pelo Minist\u00e9rio P\u00fablico da Comarca de Mira\u00ed. Ele, inclusive, pediu \u00e0 Pol\u00edcia Militar fizesse um Boletim de Ocorr\u00eancia sobre a situa\u00e7\u00e3o daquele trecho da via, o que aconteceu na quarta-feira, 11. De acordo com aquele documento aproximadamente &#8220;sete metros de asfalto est\u00e1 comprometido&#8221;, acrescentando que a sinaliza\u00e7\u00e3o no local \u00e9 prec\u00e1ria com apenas duas placas colocadas exatamente onde est\u00e1 o problema.<\/p>\n<p style=\"text-align: justify;\">O Promotor Gustavo Ara\u00fajo informou ao Site ter entrado com uma A\u00e7\u00e3o Civil P\u00fablica contra o Estado de Minas Gerais e contra o DEER-MG visando a sinaliza\u00e7\u00e3o do local e apresenta\u00e7\u00e3o do projeto de reparo urgente do trecho danificado. Ele completou informando que a ju\u00edza de Mira\u00ed, vai analisar se acata o pedido de liminar. Enquanto isso, aquele Promotor sugere que ve\u00edculos mudem de rota ou evitem passar pelo trecho danificado.<\/p>\n<p><img loading=\"lazy\" decoding=\"async\" class=\"aligncenter wp-image-9487\" src=\"https:\/\/marcelolopes.jor.br\/site\/wp-content\/uploads\/2019\/12\/WhatsApp-Image-2019-12-1-at-16.46.29.jpeg\" alt=\"\" width=\"600\" height=\"800\" srcset=\"https:\/\/marcelolopes.jor.br\/site\/wp-content\/uploads\/2019\/12\/WhatsApp-Image-2019-12-1-at-16.46.29.jpeg 1200w, https:\/\/marcelolopes.jor.br\/site\/wp-content\/uploads\/2019\/12\/WhatsApp-Image-2019-12-1-at-16.46.29-225x300.jpeg 225w, https:\/\/marcelolopes.jor.br\/site\/wp-content\/uploads\/2019\/12\/WhatsApp-Image-2019-12-1-at-16.46.29-768x1024.jpeg 768w, https:\/\/marcelolopes.jor.br\/site\/wp-content\/uploads\/2019\/12\/WhatsApp-Image-2019-12-1-at-16.46.29-900x1200.jpeg 900w\" sizes=\"auto, (max-width: 600px) 100vw, 600px\" \/><\/p>\n<p><em>Fotos enviadas pelo Minist\u00e9rio P\u00fablico de Minas Gerais<\/em><\/p>\n<div class=\"fewox69f7265a58f47\" ><br><\/div><style type=\"text\/css\">\r\n@media screen and (min-width: 1201px) {\r\n.fewox69f7265a58f47 {\r\ndisplay: block;\r\n}\r\n}\r\n@media screen and (min-width: 993px) and (max-width: 1200px) {\r\n.fewox69f7265a58f47 {\r\ndisplay: block;\r\n}\r\n}\r\n@media screen and (min-width: 769px) and (max-width: 992px) {\r\n.fewox69f7265a58f47 {\r\ndisplay: block;\r\n}\r\n}\r\n@media screen and (min-width: 768px) and (max-width: 768px) {\r\n.fewox69f7265a58f47 {\r\ndisplay: block;\r\n}\r\n}\r\n@media screen and (max-width: 767px) {\r\n.fewox69f7265a58f47 {\r\ndisplay: block;\r\n}\r\n}\r\n<\/style>\r\n<div class=\"ljmrm69f7265a5eac3\" ><div id=\"div_destino\"><\/div>\r\n<script src=\"https:\/\/cdn.snsrsv.com\/sdk.js\"><\/script>\r\n<script >\r\n      new sdk(\"464030C30061EA8BE065000000000001\") \r\n          .appendTo(\"div_destino\")\r\n          .disableStyle(true) \r\n          .setCacheBusterMacro(\"%%CACHEBUSTER%%\")\r\n          .setSize(\"800\",\"214\")\r\n          .setClickMacro(\"%%CLICK_URL_ESC%%\") \r\n          .setReferrerUrlMacro(\"%%REFERRER_URL_ESC%%\") \r\n          .start(); \r\n<\/script><\/div><style type=\"text\/css\">\r\n@media screen and (min-width: 1201px) {\r\n.ljmrm69f7265a5eac3 {\r\ndisplay: block;\r\n}\r\n}\r\n@media screen and (min-width: 993px) and (max-width: 1200px) {\r\n.ljmrm69f7265a5eac3 {\r\ndisplay: block;\r\n}\r\n}\r\n@media screen and (min-width: 769px) and (max-width: 992px) {\r\n.ljmrm69f7265a5eac3 {\r\ndisplay: block;\r\n}\r\n}\r\n@media screen and (min-width: 768px) and (max-width: 768px) {\r\n.ljmrm69f7265a5eac3 {\r\ndisplay: block;\r\n}\r\n}\r\n@media screen and (max-width: 767px) {\r\n.ljmrm69f7265a5eac3 {\r\ndisplay: block;\r\n}\r\n}\r\n<\/style>\r\n","protected":false},"excerpt":{"rendered":"<p>Motoristas que trafegam pela rodovia MG-447, que liga Cataguases a Mira\u00ed, precisam de mais aten\u00e7\u00e3o quando estiverem transitando na altura do Km 74. \u00c9 que um trecho daquela pista est\u00e1 desmoronando e parte do asfalto est\u00e1 cedendo &#8211; \u00e0 direita<\/p>\n<p class=\"link-more\"><a class=\"more-link\" href=\"https:\/\/marcelolopes.jor.br\/site\/2019\/12\/13\/promotor-aciona-a-justica-para-que-obras-sejam-feitas-na-estrada-cataguases-mirai\/\">Leia mais <span class=\"screen-reader-text\">Promotor aciona a justi\u00e7a para que obras sejam feitas na estrada Cataguases-Mira\u00ed<\/span><\/a><\/p>\n","protected":false},"author":2,"featured_media":9486,"comment_status":"open","ping_status":"open","sticky":false,"template":"","format":"standard","meta":{"footnotes":""},"categories":[1],"tags":[125,1802,71,732],"class_list":["post-9484","post","type-post","status-publish","format-standard","has-post-thumbnail","hentry","category-noticias","tag-estrada","tag-mg-447","tag-ministerio-publico","tag-promotor-de-justica","thumb-below-title"],"yoast_head":"<!-- This site is optimized with the Yoast SEO plugin v27.4 - https:\/\/yoast.com\/product\/yoast-seo-wordpress\/ -->\n<title>Promotor aciona a justi\u00e7a para que obras sejam feitas na estrada Cataguases-Mira\u00ed | Marcelo Lopes<\/title>\n<meta name=\"robots\" content=\"index, follow, max-snippet:-1, max-image-preview:large, max-video-preview:-1\" \/>\n<link rel=\"canonical\" href=\"https:\/\/marcelolopes.jor.br\/site\/2019\/12\/13\/promotor-aciona-a-justica-para-que-obras-sejam-feitas-na-estrada-cataguases-mirai\/\" \/>\n<meta property=\"og:locale\" content=\"pt_BR\" \/>\n<meta property=\"og:type\" content=\"article\" \/>\n<meta property=\"og:title\" content=\"Promotor aciona a justi\u00e7a para que obras sejam feitas na estrada Cataguases-Mira\u00ed | Marcelo Lopes\" \/>\n<meta property=\"og:description\" content=\"Motoristas que trafegam pela rodovia MG-447, que liga Cataguases a Mira\u00ed, precisam de mais aten\u00e7\u00e3o quando estiverem transitando na altura do Km 74. \u00c9 que um trecho daquela pista est\u00e1 desmoronando e parte do asfalto est\u00e1 cedendo &#8211; \u00e0 direitaLeia mais Promotor aciona a justi\u00e7a para que obras sejam feitas na estrada Cataguases-Mira\u00ed\" \/>\n<meta property=\"og:url\" content=\"https:\/\/marcelolopes.jor.br\/site\/2019\/12\/13\/promotor-aciona-a-justica-para-que-obras-sejam-feitas-na-estrada-cataguases-mirai\/\" \/>\n<meta property=\"og:site_name\" content=\"Marcelo Lopes\" \/>\n<meta property=\"article:publisher\" content=\"https:\/\/www.facebook.com\/sitedomarcelolopes\" \/>\n<meta property=\"article:published_time\" content=\"2019-12-13T23:00:31+00:00\" \/>\n<meta property=\"og:image\" content=\"https:\/\/marcelolopes.jor.br\/site\/wp-content\/uploads\/2019\/12\/Estrada.jpg\" \/>\n\t<meta property=\"og:image:width\" content=\"801\" \/>\n\t<meta property=\"og:image:height\" content=\"601\" \/>\n\t<meta property=\"og:image:type\" content=\"image\/jpeg\" \/>\n<meta name=\"author\" content=\"Marcelo Lopes\" \/>\n<meta name=\"twitter:card\" content=\"summary_large_image\" \/>\n<meta name=\"twitter:label1\" content=\"Escrito por\" \/>\n\t<meta name=\"twitter:data1\" content=\"Marcelo Lopes\" \/>\n\t<meta name=\"twitter:label2\" content=\"Est. tempo de leitura\" \/>\n\t<meta name=\"twitter:data2\" content=\"1 minuto\" \/>\n<script type=\"application\/ld+json\" class=\"yoast-schema-graph\">{\"@context\":\"https:\\\/\\\/schema.org\",\"@graph\":[{\"@type\":\"NewsArticle\",\"@id\":\"https:\\\/\\\/marcelolopes.jor.br\\\/site\\\/2019\\\/12\\\/13\\\/promotor-aciona-a-justica-para-que-obras-sejam-feitas-na-estrada-cataguases-mirai\\\/#article\",\"isPartOf\":{\"@id\":\"https:\\\/\\\/marcelolopes.jor.br\\\/site\\\/2019\\\/12\\\/13\\\/promotor-aciona-a-justica-para-que-obras-sejam-feitas-na-estrada-cataguases-mirai\\\/\"},\"author\":{\"name\":\"Marcelo Lopes\",\"@id\":\"https:\\\/\\\/marcelolopes.jor.br\\\/site\\\/#\\\/schema\\\/person\\\/3e7216a35c34d8fdf952b31da3d1f89f\"},\"headline\":\"Promotor aciona a justi\u00e7a para que obras sejam feitas na estrada Cataguases-Mira\u00ed\",\"datePublished\":\"2019-12-13T23:00:31+00:00\",\"mainEntityOfPage\":{\"@id\":\"https:\\\/\\\/marcelolopes.jor.br\\\/site\\\/2019\\\/12\\\/13\\\/promotor-aciona-a-justica-para-que-obras-sejam-feitas-na-estrada-cataguases-mirai\\\/\"},\"wordCount\":266,\"commentCount\":0,\"publisher\":{\"@id\":\"https:\\\/\\\/marcelolopes.jor.br\\\/site\\\/#organization\"},\"image\":{\"@id\":\"https:\\\/\\\/marcelolopes.jor.br\\\/site\\\/2019\\\/12\\\/13\\\/promotor-aciona-a-justica-para-que-obras-sejam-feitas-na-estrada-cataguases-mirai\\\/#primaryimage\"},\"thumbnailUrl\":\"https:\\\/\\\/marcelolopes.jor.br\\\/site\\\/wp-content\\\/uploads\\\/2019\\\/12\\\/Estrada.jpg\",\"keywords\":[\"estrada\",\"MG-447\",\"Minist\u00e9rio P\u00fablico\",\"Promotor de Justi\u00e7a\"],\"articleSection\":[\"Not\u00edcias\"],\"inLanguage\":\"pt-BR\",\"potentialAction\":[{\"@type\":\"CommentAction\",\"name\":\"Comment\",\"target\":[\"https:\\\/\\\/marcelolopes.jor.br\\\/site\\\/2019\\\/12\\\/13\\\/promotor-aciona-a-justica-para-que-obras-sejam-feitas-na-estrada-cataguases-mirai\\\/#respond\"]}]},{\"@type\":\"WebPage\",\"@id\":\"https:\\\/\\\/marcelolopes.jor.br\\\/site\\\/2019\\\/12\\\/13\\\/promotor-aciona-a-justica-para-que-obras-sejam-feitas-na-estrada-cataguases-mirai\\\/\",\"url\":\"https:\\\/\\\/marcelolopes.jor.br\\\/site\\\/2019\\\/12\\\/13\\\/promotor-aciona-a-justica-para-que-obras-sejam-feitas-na-estrada-cataguases-mirai\\\/\",\"name\":\"Promotor aciona a justi\u00e7a para que obras sejam feitas na estrada Cataguases-Mira\u00ed | Marcelo Lopes\",\"isPartOf\":{\"@id\":\"https:\\\/\\\/marcelolopes.jor.br\\\/site\\\/#website\"},\"primaryImageOfPage\":{\"@id\":\"https:\\\/\\\/marcelolopes.jor.br\\\/site\\\/2019\\\/12\\\/13\\\/promotor-aciona-a-justica-para-que-obras-sejam-feitas-na-estrada-cataguases-mirai\\\/#primaryimage\"},\"image\":{\"@id\":\"https:\\\/\\\/marcelolopes.jor.br\\\/site\\\/2019\\\/12\\\/13\\\/promotor-aciona-a-justica-para-que-obras-sejam-feitas-na-estrada-cataguases-mirai\\\/#primaryimage\"},\"thumbnailUrl\":\"https:\\\/\\\/marcelolopes.jor.br\\\/site\\\/wp-content\\\/uploads\\\/2019\\\/12\\\/Estrada.jpg\",\"datePublished\":\"2019-12-13T23:00:31+00:00\",\"breadcrumb\":{\"@id\":\"https:\\\/\\\/marcelolopes.jor.br\\\/site\\\/2019\\\/12\\\/13\\\/promotor-aciona-a-justica-para-que-obras-sejam-feitas-na-estrada-cataguases-mirai\\\/#breadcrumb\"},\"inLanguage\":\"pt-BR\",\"potentialAction\":[{\"@type\":\"ReadAction\",\"target\":[\"https:\\\/\\\/marcelolopes.jor.br\\\/site\\\/2019\\\/12\\\/13\\\/promotor-aciona-a-justica-para-que-obras-sejam-feitas-na-estrada-cataguases-mirai\\\/\"]}]},{\"@type\":\"ImageObject\",\"inLanguage\":\"pt-BR\",\"@id\":\"https:\\\/\\\/marcelolopes.jor.br\\\/site\\\/2019\\\/12\\\/13\\\/promotor-aciona-a-justica-para-que-obras-sejam-feitas-na-estrada-cataguases-mirai\\\/#primaryimage\",\"url\":\"https:\\\/\\\/marcelolopes.jor.br\\\/site\\\/wp-content\\\/uploads\\\/2019\\\/12\\\/Estrada.jpg\",\"contentUrl\":\"https:\\\/\\\/marcelolopes.jor.br\\\/site\\\/wp-content\\\/uploads\\\/2019\\\/12\\\/Estrada.jpg\",\"width\":801,\"height\":601},{\"@type\":\"BreadcrumbList\",\"@id\":\"https:\\\/\\\/marcelolopes.jor.br\\\/site\\\/2019\\\/12\\\/13\\\/promotor-aciona-a-justica-para-que-obras-sejam-feitas-na-estrada-cataguases-mirai\\\/#breadcrumb\",\"itemListElement\":[{\"@type\":\"ListItem\",\"position\":1,\"name\":\"Home\",\"item\":\"https:\\\/\\\/marcelolopes.jor.br\\\/site\\\/\"},{\"@type\":\"ListItem\",\"position\":2,\"name\":\"Promotor aciona a justi\u00e7a para que obras sejam feitas na estrada Cataguases-Mira\u00ed\"}]},{\"@type\":\"WebSite\",\"@id\":\"https:\\\/\\\/marcelolopes.jor.br\\\/site\\\/#website\",\"url\":\"https:\\\/\\\/marcelolopes.jor.br\\\/site\\\/\",\"name\":\"Marcelo Lopes\",\"description\":\"Not\u00edcias de Cataguases e Regi\u00e3o\",\"publisher\":{\"@id\":\"https:\\\/\\\/marcelolopes.jor.br\\\/site\\\/#organization\"},\"potentialAction\":[{\"@type\":\"SearchAction\",\"target\":{\"@type\":\"EntryPoint\",\"urlTemplate\":\"https:\\\/\\\/marcelolopes.jor.br\\\/site\\\/?s={search_term_string}\"},\"query-input\":{\"@type\":\"PropertyValueSpecification\",\"valueRequired\":true,\"valueName\":\"search_term_string\"}}],\"inLanguage\":\"pt-BR\"},{\"@type\":\"Organization\",\"@id\":\"https:\\\/\\\/marcelolopes.jor.br\\\/site\\\/#organization\",\"name\":\"Site do Marcelo Lopes\",\"url\":\"https:\\\/\\\/marcelolopes.jor.br\\\/site\\\/\",\"logo\":{\"@type\":\"ImageObject\",\"inLanguage\":\"pt-BR\",\"@id\":\"https:\\\/\\\/marcelolopes.jor.br\\\/site\\\/#\\\/schema\\\/logo\\\/image\\\/\",\"url\":\"https:\\\/\\\/marcelolopes.jor.br\\\/site\\\/wp-content\\\/uploads\\\/2024\\\/11\\\/logo-1.png\",\"contentUrl\":\"https:\\\/\\\/marcelolopes.jor.br\\\/site\\\/wp-content\\\/uploads\\\/2024\\\/11\\\/logo-1.png\",\"width\":475,\"height\":80,\"caption\":\"Site do Marcelo Lopes\"},\"image\":{\"@id\":\"https:\\\/\\\/marcelolopes.jor.br\\\/site\\\/#\\\/schema\\\/logo\\\/image\\\/\"},\"sameAs\":[\"https:\\\/\\\/www.facebook.com\\\/sitedomarcelolopes\",\"https:\\\/\\\/www.instagram.com\\\/sitedomarcelolopes\\\/\",\"https:\\\/\\\/www.linkedin.com\\\/company\\\/site-do-marcelo-lopes\\\/\",\"https:\\\/\\\/www.youtube.com\\\/user\\\/marcelolopes957\"]},{\"@type\":\"Person\",\"@id\":\"https:\\\/\\\/marcelolopes.jor.br\\\/site\\\/#\\\/schema\\\/person\\\/3e7216a35c34d8fdf952b31da3d1f89f\",\"name\":\"Marcelo Lopes\",\"sameAs\":[\"http:\\\/\\\/www.marcelolopes.jor.br\"],\"url\":\"https:\\\/\\\/marcelolopes.jor.br\\\/site\\\/author\\\/marcelo\\\/\"}]}<\/script>\n<!-- \/ Yoast SEO plugin. -->","yoast_head_json":{"title":"Promotor aciona a justi\u00e7a para que obras sejam feitas na estrada Cataguases-Mira\u00ed | Marcelo Lopes","robots":{"index":"index","follow":"follow","max-snippet":"max-snippet:-1","max-image-preview":"max-image-preview:large","max-video-preview":"max-video-preview:-1"},"canonical":"https:\/\/marcelolopes.jor.br\/site\/2019\/12\/13\/promotor-aciona-a-justica-para-que-obras-sejam-feitas-na-estrada-cataguases-mirai\/","og_locale":"pt_BR","og_type":"article","og_title":"Promotor aciona a justi\u00e7a para que obras sejam feitas na estrada Cataguases-Mira\u00ed | Marcelo Lopes","og_description":"Motoristas que trafegam pela rodovia MG-447, que liga Cataguases a Mira\u00ed, precisam de mais aten\u00e7\u00e3o quando estiverem transitando na altura do Km 74. \u00c9 que um trecho daquela pista est\u00e1 desmoronando e parte do asfalto est\u00e1 cedendo &#8211; \u00e0 direitaLeia mais Promotor aciona a justi\u00e7a para que obras sejam feitas na estrada Cataguases-Mira\u00ed","og_url":"https:\/\/marcelolopes.jor.br\/site\/2019\/12\/13\/promotor-aciona-a-justica-para-que-obras-sejam-feitas-na-estrada-cataguases-mirai\/","og_site_name":"Marcelo Lopes","article_publisher":"https:\/\/www.facebook.com\/sitedomarcelolopes","article_published_time":"2019-12-13T23:00:31+00:00","og_image":[{"width":801,"height":601,"url":"https:\/\/marcelolopes.jor.br\/site\/wp-content\/uploads\/2019\/12\/Estrada.jpg","type":"image\/jpeg"}],"author":"Marcelo Lopes","twitter_card":"summary_large_image","twitter_misc":{"Escrito por":"Marcelo Lopes","Est. tempo de leitura":"1 minuto"},"schema":{"@context":"https:\/\/schema.org","@graph":[{"@type":"NewsArticle","@id":"https:\/\/marcelolopes.jor.br\/site\/2019\/12\/13\/promotor-aciona-a-justica-para-que-obras-sejam-feitas-na-estrada-cataguases-mirai\/#article","isPartOf":{"@id":"https:\/\/marcelolopes.jor.br\/site\/2019\/12\/13\/promotor-aciona-a-justica-para-que-obras-sejam-feitas-na-estrada-cataguases-mirai\/"},"author":{"name":"Marcelo Lopes","@id":"https:\/\/marcelolopes.jor.br\/site\/#\/schema\/person\/3e7216a35c34d8fdf952b31da3d1f89f"},"headline":"Promotor aciona a justi\u00e7a para que obras sejam feitas na estrada Cataguases-Mira\u00ed","datePublished":"2019-12-13T23:00:31+00:00","mainEntityOfPage":{"@id":"https:\/\/marcelolopes.jor.br\/site\/2019\/12\/13\/promotor-aciona-a-justica-para-que-obras-sejam-feitas-na-estrada-cataguases-mirai\/"},"wordCount":266,"commentCount":0,"publisher":{"@id":"https:\/\/marcelolopes.jor.br\/site\/#organization"},"image":{"@id":"https:\/\/marcelolopes.jor.br\/site\/2019\/12\/13\/promotor-aciona-a-justica-para-que-obras-sejam-feitas-na-estrada-cataguases-mirai\/#primaryimage"},"thumbnailUrl":"https:\/\/marcelolopes.jor.br\/site\/wp-content\/uploads\/2019\/12\/Estrada.jpg","keywords":["estrada","MG-447","Minist\u00e9rio P\u00fablico","Promotor de Justi\u00e7a"],"articleSection":["Not\u00edcias"],"inLanguage":"pt-BR","potentialAction":[{"@type":"CommentAction","name":"Comment","target":["https:\/\/marcelolopes.jor.br\/site\/2019\/12\/13\/promotor-aciona-a-justica-para-que-obras-sejam-feitas-na-estrada-cataguases-mirai\/#respond"]}]},{"@type":"WebPage","@id":"https:\/\/marcelolopes.jor.br\/site\/2019\/12\/13\/promotor-aciona-a-justica-para-que-obras-sejam-feitas-na-estrada-cataguases-mirai\/","url":"https:\/\/marcelolopes.jor.br\/site\/2019\/12\/13\/promotor-aciona-a-justica-para-que-obras-sejam-feitas-na-estrada-cataguases-mirai\/","name":"Promotor aciona a justi\u00e7a para que obras sejam feitas na estrada Cataguases-Mira\u00ed | Marcelo Lopes","isPartOf":{"@id":"https:\/\/marcelolopes.jor.br\/site\/#website"},"primaryImageOfPage":{"@id":"https:\/\/marcelolopes.jor.br\/site\/2019\/12\/13\/promotor-aciona-a-justica-para-que-obras-sejam-feitas-na-estrada-cataguases-mirai\/#primaryimage"},"image":{"@id":"https:\/\/marcelolopes.jor.br\/site\/2019\/12\/13\/promotor-aciona-a-justica-para-que-obras-sejam-feitas-na-estrada-cataguases-mirai\/#primaryimage"},"thumbnailUrl":"https:\/\/marcelolopes.jor.br\/site\/wp-content\/uploads\/2019\/12\/Estrada.jpg","datePublished":"2019-12-13T23:00:31+00:00","breadcrumb":{"@id":"https:\/\/marcelolopes.jor.br\/site\/2019\/12\/13\/promotor-aciona-a-justica-para-que-obras-sejam-feitas-na-estrada-cataguases-mirai\/#breadcrumb"},"inLanguage":"pt-BR","potentialAction":[{"@type":"ReadAction","target":["https:\/\/marcelolopes.jor.br\/site\/2019\/12\/13\/promotor-aciona-a-justica-para-que-obras-sejam-feitas-na-estrada-cataguases-mirai\/"]}]},{"@type":"ImageObject","inLanguage":"pt-BR","@id":"https:\/\/marcelolopes.jor.br\/site\/2019\/12\/13\/promotor-aciona-a-justica-para-que-obras-sejam-feitas-na-estrada-cataguases-mirai\/#primaryimage","url":"https:\/\/marcelolopes.jor.br\/site\/wp-content\/uploads\/2019\/12\/Estrada.jpg","contentUrl":"https:\/\/marcelolopes.jor.br\/site\/wp-content\/uploads\/2019\/12\/Estrada.jpg","width":801,"height":601},{"@type":"BreadcrumbList","@id":"https:\/\/marcelolopes.jor.br\/site\/2019\/12\/13\/promotor-aciona-a-justica-para-que-obras-sejam-feitas-na-estrada-cataguases-mirai\/#breadcrumb","itemListElement":[{"@type":"ListItem","position":1,"name":"Home","item":"https:\/\/marcelolopes.jor.br\/site\/"},{"@type":"ListItem","position":2,"name":"Promotor aciona a justi\u00e7a para que obras sejam feitas na estrada Cataguases-Mira\u00ed"}]},{"@type":"WebSite","@id":"https:\/\/marcelolopes.jor.br\/site\/#website","url":"https:\/\/marcelolopes.jor.br\/site\/","name":"Marcelo Lopes","description":"Not\u00edcias de Cataguases e Regi\u00e3o","publisher":{"@id":"https:\/\/marcelolopes.jor.br\/site\/#organization"},"potentialAction":[{"@type":"SearchAction","target":{"@type":"EntryPoint","urlTemplate":"https:\/\/marcelolopes.jor.br\/site\/?s={search_term_string}"},"query-input":{"@type":"PropertyValueSpecification","valueRequired":true,"valueName":"search_term_string"}}],"inLanguage":"pt-BR"},{"@type":"Organization","@id":"https:\/\/marcelolopes.jor.br\/site\/#organization","name":"Site do Marcelo Lopes","url":"https:\/\/marcelolopes.jor.br\/site\/","logo":{"@type":"ImageObject","inLanguage":"pt-BR","@id":"https:\/\/marcelolopes.jor.br\/site\/#\/schema\/logo\/image\/","url":"https:\/\/marcelolopes.jor.br\/site\/wp-content\/uploads\/2024\/11\/logo-1.png","contentUrl":"https:\/\/marcelolopes.jor.br\/site\/wp-content\/uploads\/2024\/11\/logo-1.png","width":475,"height":80,"caption":"Site do Marcelo Lopes"},"image":{"@id":"https:\/\/marcelolopes.jor.br\/site\/#\/schema\/logo\/image\/"},"sameAs":["https:\/\/www.facebook.com\/sitedomarcelolopes","https:\/\/www.instagram.com\/sitedomarcelolopes\/","https:\/\/www.linkedin.com\/company\/site-do-marcelo-lopes\/","https:\/\/www.youtube.com\/user\/marcelolopes957"]},{"@type":"Person","@id":"https:\/\/marcelolopes.jor.br\/site\/#\/schema\/person\/3e7216a35c34d8fdf952b31da3d1f89f","name":"Marcelo Lopes","sameAs":["http:\/\/www.marcelolopes.jor.br"],"url":"https:\/\/marcelolopes.jor.br\/site\/author\/marcelo\/"}]}},"wps_subtitle":"Trecho est\u00e1 desmoronando e colocando em risco a vida dos que passam pelo local.","_links":{"self":[{"href":"https:\/\/marcelolopes.jor.br\/site\/wp-json\/wp\/v2\/posts\/9484","targetHints":{"allow":["GET"]}}],"collection":[{"href":"https:\/\/marcelolopes.jor.br\/site\/wp-json\/wp\/v2\/posts"}],"about":[{"href":"https:\/\/marcelolopes.jor.br\/site\/wp-json\/wp\/v2\/types\/post"}],"author":[{"embeddable":true,"href":"https:\/\/marcelolopes.jor.br\/site\/wp-json\/wp\/v2\/users\/2"}],"replies":[{"embeddable":true,"href":"https:\/\/marcelolopes.jor.br\/site\/wp-json\/wp\/v2\/comments?post=9484"}],"version-history":[{"count":0,"href":"https:\/\/marcelolopes.jor.br\/site\/wp-json\/wp\/v2\/posts\/9484\/revisions"}],"wp:featuredmedia":[{"embeddable":true,"href":"https:\/\/marcelolopes.jor.br\/site\/wp-json\/wp\/v2\/media\/9486"}],"wp:attachment":[{"href":"https:\/\/marcelolopes.jor.br\/site\/wp-json\/wp\/v2\/media?parent=9484"}],"wp:term":[{"taxonomy":"category","embeddable":true,"href":"https:\/\/marcelolopes.jor.br\/site\/wp-json\/wp\/v2\/categories?post=9484"},{"taxonomy":"post_tag","embeddable":true,"href":"https:\/\/marcelolopes.jor.br\/site\/wp-json\/wp\/v2\/tags?post=9484"}],"curies":[{"name":"wp","href":"https:\/\/api.w.org\/{rel}","templated":true}]}}