{"id":9344,"date":"2019-12-11T16:00:33","date_gmt":"2019-12-11T19:00:33","guid":{"rendered":"https:\/\/marcelolopes.jor.br\/?p=9344"},"modified":"2019-12-11T11:18:46","modified_gmt":"2019-12-11T14:18:46","slug":"piacatuba-realiza-neste-sabado-sua-vesperata-de-natal","status":"publish","type":"post","link":"https:\/\/marcelolopes.jor.br\/site\/2019\/12\/11\/piacatuba-realiza-neste-sabado-sua-vesperata-de-natal\/","title":{"rendered":"Piacatuba realiza neste s\u00e1bado sua Vesperata de Natal"},"content":{"rendered":"<p style=\"text-align: justify;\">Piacatuba \u00e9 conhecida nacionalmente por suas lendas e hist\u00f3rias relacionadas \u00e0 f\u00e9. Ganhou maior destaque quando passou a sediar o Festival de Viola e Gastronomia. Esse n\u00e3o \u00e9 \u00fanico evento do distrito, pois, a cada ano que passa, os moradores se mobilizam e promovem festas para fortalecer cada vez mais o turismo do local.<!--more--><\/p>\n<p style=\"text-align: justify;\">A Vesperata de Natal \u00e9 um exemplo. Trata-se de um encanto de luzes e cores, com muitas m\u00fasicas natalinas tocadas por bandas e corais, tendo como pano de fundo os casar\u00f5es do s\u00e9culo XIX, um dos charmes do buc\u00f3lico distrito de Leopoldina.<\/p>\n<p style=\"text-align: justify;\">Quem organiza \u00e9 o Restaurante e Pousada Quintal da Malu. Neste ano o evento conta com uma vasta programa\u00e7\u00e3o: No dia 14 de dezembro, \u00e0s 20h, o Coral EnCantando, do Sicoob Coopemata, far\u00e1 a sua apresenta\u00e7\u00e3o. \u00c0s 20h45min ser\u00e1 exibido pela primeira vez o curta-metragem &#8220;O Legado de uma Cruz&#8221;, um filme de Eduardo Henriques que fala sobre a &#8220;Lenda da Cruz Queimada&#8221;.<\/p>\n<p style=\"text-align: justify;\">Na sequ\u00eancia, a Banda Musical Princesa de Leopoldina far\u00e1 em sua apresenta\u00e7\u00e3o nas janelas do casar\u00e3o onde est\u00e1 o &#8220;Quintal da Malu&#8221;. A noite ser\u00e1 encerrada com m\u00fasica popular brasileira, com o show do cantor e violinista juiz-forano, M\u00e1rio Terror.<\/p>\n<p style=\"text-align: justify;\">Na manh\u00e3 de domingo, 15 de dezembro, \u00e0s 9h, o Papai Noel chegar\u00e1 de charrete na Pra\u00e7a Santa Cruz para entregar presentes para as crian\u00e7as de Piacatuba. \u00c0s 10h haver\u00e1 show de m\u00e1gica na pra\u00e7a com o Mister Emanuel Messias.<\/p>\n<p style=\"text-align: justify;\">Texto e foto: Jo\u00e3o Gabriel B. Meneghite<\/p>\n<div class=\"nsvww69f72dd0b3a16\" ><br><\/div><style type=\"text\/css\">\r\n@media screen and (min-width: 1201px) {\r\n.nsvww69f72dd0b3a16 {\r\ndisplay: block;\r\n}\r\n}\r\n@media screen and (min-width: 993px) and (max-width: 1200px) {\r\n.nsvww69f72dd0b3a16 {\r\ndisplay: block;\r\n}\r\n}\r\n@media screen and (min-width: 769px) and (max-width: 992px) {\r\n.nsvww69f72dd0b3a16 {\r\ndisplay: block;\r\n}\r\n}\r\n@media screen and (min-width: 768px) and (max-width: 768px) {\r\n.nsvww69f72dd0b3a16 {\r\ndisplay: block;\r\n}\r\n}\r\n@media screen and (max-width: 767px) {\r\n.nsvww69f72dd0b3a16 {\r\ndisplay: block;\r\n}\r\n}\r\n<\/style>\r\n<div class=\"zknrm69f72dd0b9759\" ><div id=\"div_destino\"><\/div>\r\n<script src=\"https:\/\/cdn.snsrsv.com\/sdk.js\"><\/script>\r\n<script >\r\n      new sdk(\"464030C30061EA8BE065000000000001\") \r\n          .appendTo(\"div_destino\")\r\n          .disableStyle(true) \r\n          .setCacheBusterMacro(\"%%CACHEBUSTER%%\")\r\n          .setSize(\"800\",\"214\")\r\n          .setClickMacro(\"%%CLICK_URL_ESC%%\") \r\n          .setReferrerUrlMacro(\"%%REFERRER_URL_ESC%%\") \r\n          .start(); \r\n<\/script><\/div><style type=\"text\/css\">\r\n@media screen and (min-width: 1201px) {\r\n.zknrm69f72dd0b9759 {\r\ndisplay: block;\r\n}\r\n}\r\n@media screen and (min-width: 993px) and (max-width: 1200px) {\r\n.zknrm69f72dd0b9759 {\r\ndisplay: block;\r\n}\r\n}\r\n@media screen and (min-width: 769px) and (max-width: 992px) {\r\n.zknrm69f72dd0b9759 {\r\ndisplay: block;\r\n}\r\n}\r\n@media screen and (min-width: 768px) and (max-width: 768px) {\r\n.zknrm69f72dd0b9759 {\r\ndisplay: block;\r\n}\r\n}\r\n@media screen and (max-width: 767px) {\r\n.zknrm69f72dd0b9759 {\r\ndisplay: block;\r\n}\r\n}\r\n<\/style>\r\n","protected":false},"excerpt":{"rendered":"<p>Piacatuba \u00e9 conhecida nacionalmente por suas lendas e hist\u00f3rias relacionadas \u00e0 f\u00e9. Ganhou maior destaque quando passou a sediar o Festival de Viola e Gastronomia. Esse n\u00e3o \u00e9 \u00fanico evento do distrito, pois, a cada ano que passa, os moradores<\/p>\n<p class=\"link-more\"><a class=\"more-link\" href=\"https:\/\/marcelolopes.jor.br\/site\/2019\/12\/11\/piacatuba-realiza-neste-sabado-sua-vesperata-de-natal\/\">Leia mais <span class=\"screen-reader-text\">Piacatuba realiza neste s\u00e1bado sua Vesperata de Natal<\/span><\/a><\/p>\n","protected":false},"author":2,"featured_media":9346,"comment_status":"open","ping_status":"open","sticky":false,"template":"","format":"standard","meta":{"footnotes":""},"categories":[1],"tags":[748,117,1784,1783],"class_list":["post-9344","post","type-post","status-publish","format-standard","has-post-thumbnail","hentry","category-noticias","tag-curta-metragem","tag-piacatuba","tag-show-musical","tag-vesperata-de-natal","thumb-below-title"],"yoast_head":"<!-- This site is optimized with the Yoast SEO plugin v27.4 - https:\/\/yoast.com\/product\/yoast-seo-wordpress\/ -->\n<title>Piacatuba realiza neste s\u00e1bado sua Vesperata de Natal | Marcelo Lopes<\/title>\n<meta name=\"robots\" content=\"index, follow, max-snippet:-1, max-image-preview:large, max-video-preview:-1\" \/>\n<link rel=\"canonical\" href=\"https:\/\/marcelolopes.jor.br\/site\/2019\/12\/11\/piacatuba-realiza-neste-sabado-sua-vesperata-de-natal\/\" \/>\n<meta property=\"og:locale\" content=\"pt_BR\" \/>\n<meta property=\"og:type\" content=\"article\" \/>\n<meta property=\"og:title\" content=\"Piacatuba realiza neste s\u00e1bado sua Vesperata de Natal | Marcelo Lopes\" \/>\n<meta property=\"og:description\" content=\"Piacatuba \u00e9 conhecida nacionalmente por suas lendas e hist\u00f3rias relacionadas \u00e0 f\u00e9. Ganhou maior destaque quando passou a sediar o Festival de Viola e Gastronomia. Esse n\u00e3o \u00e9 \u00fanico evento do distrito, pois, a cada ano que passa, os moradoresLeia mais Piacatuba realiza neste s\u00e1bado sua Vesperata de Natal\" \/>\n<meta property=\"og:url\" content=\"https:\/\/marcelolopes.jor.br\/site\/2019\/12\/11\/piacatuba-realiza-neste-sabado-sua-vesperata-de-natal\/\" \/>\n<meta property=\"og:site_name\" content=\"Marcelo Lopes\" \/>\n<meta property=\"article:publisher\" content=\"https:\/\/www.facebook.com\/sitedomarcelolopes\" \/>\n<meta property=\"article:published_time\" content=\"2019-12-11T19:00:33+00:00\" \/>\n<meta property=\"og:image\" content=\"https:\/\/marcelolopes.jor.br\/site\/wp-content\/uploads\/2019\/12\/10122019092541_Vesperata_.jpg\" \/>\n\t<meta property=\"og:image:width\" content=\"1500\" \/>\n\t<meta property=\"og:image:height\" content=\"844\" \/>\n\t<meta property=\"og:image:type\" content=\"image\/jpeg\" \/>\n<meta name=\"author\" content=\"Marcelo Lopes\" \/>\n<meta name=\"twitter:card\" content=\"summary_large_image\" \/>\n<meta name=\"twitter:label1\" content=\"Escrito por\" \/>\n\t<meta name=\"twitter:data1\" content=\"Marcelo Lopes\" \/>\n\t<meta name=\"twitter:label2\" content=\"Est. tempo de leitura\" \/>\n\t<meta name=\"twitter:data2\" content=\"1 minuto\" \/>\n<script type=\"application\/ld+json\" class=\"yoast-schema-graph\">{\"@context\":\"https:\\\/\\\/schema.org\",\"@graph\":[{\"@type\":\"NewsArticle\",\"@id\":\"https:\\\/\\\/marcelolopes.jor.br\\\/site\\\/2019\\\/12\\\/11\\\/piacatuba-realiza-neste-sabado-sua-vesperata-de-natal\\\/#article\",\"isPartOf\":{\"@id\":\"https:\\\/\\\/marcelolopes.jor.br\\\/site\\\/2019\\\/12\\\/11\\\/piacatuba-realiza-neste-sabado-sua-vesperata-de-natal\\\/\"},\"author\":{\"name\":\"Marcelo Lopes\",\"@id\":\"https:\\\/\\\/marcelolopes.jor.br\\\/site\\\/#\\\/schema\\\/person\\\/3e7216a35c34d8fdf952b31da3d1f89f\"},\"headline\":\"Piacatuba realiza neste s\u00e1bado sua Vesperata de Natal\",\"datePublished\":\"2019-12-11T19:00:33+00:00\",\"mainEntityOfPage\":{\"@id\":\"https:\\\/\\\/marcelolopes.jor.br\\\/site\\\/2019\\\/12\\\/11\\\/piacatuba-realiza-neste-sabado-sua-vesperata-de-natal\\\/\"},\"wordCount\":267,\"commentCount\":0,\"publisher\":{\"@id\":\"https:\\\/\\\/marcelolopes.jor.br\\\/site\\\/#organization\"},\"image\":{\"@id\":\"https:\\\/\\\/marcelolopes.jor.br\\\/site\\\/2019\\\/12\\\/11\\\/piacatuba-realiza-neste-sabado-sua-vesperata-de-natal\\\/#primaryimage\"},\"thumbnailUrl\":\"https:\\\/\\\/marcelolopes.jor.br\\\/site\\\/wp-content\\\/uploads\\\/2019\\\/12\\\/10122019092541_Vesperata_.jpg\",\"keywords\":[\"curta-metragem\",\"Piacatuba\",\"show musical\",\"Vesperata de Natal\"],\"articleSection\":[\"Not\u00edcias\"],\"inLanguage\":\"pt-BR\",\"potentialAction\":[{\"@type\":\"CommentAction\",\"name\":\"Comment\",\"target\":[\"https:\\\/\\\/marcelolopes.jor.br\\\/site\\\/2019\\\/12\\\/11\\\/piacatuba-realiza-neste-sabado-sua-vesperata-de-natal\\\/#respond\"]}]},{\"@type\":\"WebPage\",\"@id\":\"https:\\\/\\\/marcelolopes.jor.br\\\/site\\\/2019\\\/12\\\/11\\\/piacatuba-realiza-neste-sabado-sua-vesperata-de-natal\\\/\",\"url\":\"https:\\\/\\\/marcelolopes.jor.br\\\/site\\\/2019\\\/12\\\/11\\\/piacatuba-realiza-neste-sabado-sua-vesperata-de-natal\\\/\",\"name\":\"Piacatuba realiza neste s\u00e1bado sua Vesperata de Natal | Marcelo Lopes\",\"isPartOf\":{\"@id\":\"https:\\\/\\\/marcelolopes.jor.br\\\/site\\\/#website\"},\"primaryImageOfPage\":{\"@id\":\"https:\\\/\\\/marcelolopes.jor.br\\\/site\\\/2019\\\/12\\\/11\\\/piacatuba-realiza-neste-sabado-sua-vesperata-de-natal\\\/#primaryimage\"},\"image\":{\"@id\":\"https:\\\/\\\/marcelolopes.jor.br\\\/site\\\/2019\\\/12\\\/11\\\/piacatuba-realiza-neste-sabado-sua-vesperata-de-natal\\\/#primaryimage\"},\"thumbnailUrl\":\"https:\\\/\\\/marcelolopes.jor.br\\\/site\\\/wp-content\\\/uploads\\\/2019\\\/12\\\/10122019092541_Vesperata_.jpg\",\"datePublished\":\"2019-12-11T19:00:33+00:00\",\"breadcrumb\":{\"@id\":\"https:\\\/\\\/marcelolopes.jor.br\\\/site\\\/2019\\\/12\\\/11\\\/piacatuba-realiza-neste-sabado-sua-vesperata-de-natal\\\/#breadcrumb\"},\"inLanguage\":\"pt-BR\",\"potentialAction\":[{\"@type\":\"ReadAction\",\"target\":[\"https:\\\/\\\/marcelolopes.jor.br\\\/site\\\/2019\\\/12\\\/11\\\/piacatuba-realiza-neste-sabado-sua-vesperata-de-natal\\\/\"]}]},{\"@type\":\"ImageObject\",\"inLanguage\":\"pt-BR\",\"@id\":\"https:\\\/\\\/marcelolopes.jor.br\\\/site\\\/2019\\\/12\\\/11\\\/piacatuba-realiza-neste-sabado-sua-vesperata-de-natal\\\/#primaryimage\",\"url\":\"https:\\\/\\\/marcelolopes.jor.br\\\/site\\\/wp-content\\\/uploads\\\/2019\\\/12\\\/10122019092541_Vesperata_.jpg\",\"contentUrl\":\"https:\\\/\\\/marcelolopes.jor.br\\\/site\\\/wp-content\\\/uploads\\\/2019\\\/12\\\/10122019092541_Vesperata_.jpg\",\"width\":1500,\"height\":844},{\"@type\":\"BreadcrumbList\",\"@id\":\"https:\\\/\\\/marcelolopes.jor.br\\\/site\\\/2019\\\/12\\\/11\\\/piacatuba-realiza-neste-sabado-sua-vesperata-de-natal\\\/#breadcrumb\",\"itemListElement\":[{\"@type\":\"ListItem\",\"position\":1,\"name\":\"Home\",\"item\":\"https:\\\/\\\/marcelolopes.jor.br\\\/site\\\/\"},{\"@type\":\"ListItem\",\"position\":2,\"name\":\"Piacatuba realiza neste s\u00e1bado sua Vesperata de Natal\"}]},{\"@type\":\"WebSite\",\"@id\":\"https:\\\/\\\/marcelolopes.jor.br\\\/site\\\/#website\",\"url\":\"https:\\\/\\\/marcelolopes.jor.br\\\/site\\\/\",\"name\":\"Marcelo Lopes\",\"description\":\"Not\u00edcias de Cataguases e Regi\u00e3o\",\"publisher\":{\"@id\":\"https:\\\/\\\/marcelolopes.jor.br\\\/site\\\/#organization\"},\"potentialAction\":[{\"@type\":\"SearchAction\",\"target\":{\"@type\":\"EntryPoint\",\"urlTemplate\":\"https:\\\/\\\/marcelolopes.jor.br\\\/site\\\/?s={search_term_string}\"},\"query-input\":{\"@type\":\"PropertyValueSpecification\",\"valueRequired\":true,\"valueName\":\"search_term_string\"}}],\"inLanguage\":\"pt-BR\"},{\"@type\":\"Organization\",\"@id\":\"https:\\\/\\\/marcelolopes.jor.br\\\/site\\\/#organization\",\"name\":\"Site do Marcelo Lopes\",\"url\":\"https:\\\/\\\/marcelolopes.jor.br\\\/site\\\/\",\"logo\":{\"@type\":\"ImageObject\",\"inLanguage\":\"pt-BR\",\"@id\":\"https:\\\/\\\/marcelolopes.jor.br\\\/site\\\/#\\\/schema\\\/logo\\\/image\\\/\",\"url\":\"https:\\\/\\\/marcelolopes.jor.br\\\/site\\\/wp-content\\\/uploads\\\/2024\\\/11\\\/logo-1.png\",\"contentUrl\":\"https:\\\/\\\/marcelolopes.jor.br\\\/site\\\/wp-content\\\/uploads\\\/2024\\\/11\\\/logo-1.png\",\"width\":475,\"height\":80,\"caption\":\"Site do Marcelo Lopes\"},\"image\":{\"@id\":\"https:\\\/\\\/marcelolopes.jor.br\\\/site\\\/#\\\/schema\\\/logo\\\/image\\\/\"},\"sameAs\":[\"https:\\\/\\\/www.facebook.com\\\/sitedomarcelolopes\",\"https:\\\/\\\/www.instagram.com\\\/sitedomarcelolopes\\\/\",\"https:\\\/\\\/www.linkedin.com\\\/company\\\/site-do-marcelo-lopes\\\/\",\"https:\\\/\\\/www.youtube.com\\\/user\\\/marcelolopes957\"]},{\"@type\":\"Person\",\"@id\":\"https:\\\/\\\/marcelolopes.jor.br\\\/site\\\/#\\\/schema\\\/person\\\/3e7216a35c34d8fdf952b31da3d1f89f\",\"name\":\"Marcelo Lopes\",\"sameAs\":[\"http:\\\/\\\/www.marcelolopes.jor.br\"],\"url\":\"https:\\\/\\\/marcelolopes.jor.br\\\/site\\\/author\\\/marcelo\\\/\"}]}<\/script>\n<!-- \/ Yoast SEO plugin. -->","yoast_head_json":{"title":"Piacatuba realiza neste s\u00e1bado sua Vesperata de Natal | Marcelo Lopes","robots":{"index":"index","follow":"follow","max-snippet":"max-snippet:-1","max-image-preview":"max-image-preview:large","max-video-preview":"max-video-preview:-1"},"canonical":"https:\/\/marcelolopes.jor.br\/site\/2019\/12\/11\/piacatuba-realiza-neste-sabado-sua-vesperata-de-natal\/","og_locale":"pt_BR","og_type":"article","og_title":"Piacatuba realiza neste s\u00e1bado sua Vesperata de Natal | Marcelo Lopes","og_description":"Piacatuba \u00e9 conhecida nacionalmente por suas lendas e hist\u00f3rias relacionadas \u00e0 f\u00e9. Ganhou maior destaque quando passou a sediar o Festival de Viola e Gastronomia. Esse n\u00e3o \u00e9 \u00fanico evento do distrito, pois, a cada ano que passa, os moradoresLeia mais Piacatuba realiza neste s\u00e1bado sua Vesperata de Natal","og_url":"https:\/\/marcelolopes.jor.br\/site\/2019\/12\/11\/piacatuba-realiza-neste-sabado-sua-vesperata-de-natal\/","og_site_name":"Marcelo Lopes","article_publisher":"https:\/\/www.facebook.com\/sitedomarcelolopes","article_published_time":"2019-12-11T19:00:33+00:00","og_image":[{"width":1500,"height":844,"url":"https:\/\/marcelolopes.jor.br\/site\/wp-content\/uploads\/2019\/12\/10122019092541_Vesperata_.jpg","type":"image\/jpeg"}],"author":"Marcelo Lopes","twitter_card":"summary_large_image","twitter_misc":{"Escrito por":"Marcelo Lopes","Est. tempo de leitura":"1 minuto"},"schema":{"@context":"https:\/\/schema.org","@graph":[{"@type":"NewsArticle","@id":"https:\/\/marcelolopes.jor.br\/site\/2019\/12\/11\/piacatuba-realiza-neste-sabado-sua-vesperata-de-natal\/#article","isPartOf":{"@id":"https:\/\/marcelolopes.jor.br\/site\/2019\/12\/11\/piacatuba-realiza-neste-sabado-sua-vesperata-de-natal\/"},"author":{"name":"Marcelo Lopes","@id":"https:\/\/marcelolopes.jor.br\/site\/#\/schema\/person\/3e7216a35c34d8fdf952b31da3d1f89f"},"headline":"Piacatuba realiza neste s\u00e1bado sua Vesperata de Natal","datePublished":"2019-12-11T19:00:33+00:00","mainEntityOfPage":{"@id":"https:\/\/marcelolopes.jor.br\/site\/2019\/12\/11\/piacatuba-realiza-neste-sabado-sua-vesperata-de-natal\/"},"wordCount":267,"commentCount":0,"publisher":{"@id":"https:\/\/marcelolopes.jor.br\/site\/#organization"},"image":{"@id":"https:\/\/marcelolopes.jor.br\/site\/2019\/12\/11\/piacatuba-realiza-neste-sabado-sua-vesperata-de-natal\/#primaryimage"},"thumbnailUrl":"https:\/\/marcelolopes.jor.br\/site\/wp-content\/uploads\/2019\/12\/10122019092541_Vesperata_.jpg","keywords":["curta-metragem","Piacatuba","show musical","Vesperata de Natal"],"articleSection":["Not\u00edcias"],"inLanguage":"pt-BR","potentialAction":[{"@type":"CommentAction","name":"Comment","target":["https:\/\/marcelolopes.jor.br\/site\/2019\/12\/11\/piacatuba-realiza-neste-sabado-sua-vesperata-de-natal\/#respond"]}]},{"@type":"WebPage","@id":"https:\/\/marcelolopes.jor.br\/site\/2019\/12\/11\/piacatuba-realiza-neste-sabado-sua-vesperata-de-natal\/","url":"https:\/\/marcelolopes.jor.br\/site\/2019\/12\/11\/piacatuba-realiza-neste-sabado-sua-vesperata-de-natal\/","name":"Piacatuba realiza neste s\u00e1bado sua Vesperata de Natal | Marcelo Lopes","isPartOf":{"@id":"https:\/\/marcelolopes.jor.br\/site\/#website"},"primaryImageOfPage":{"@id":"https:\/\/marcelolopes.jor.br\/site\/2019\/12\/11\/piacatuba-realiza-neste-sabado-sua-vesperata-de-natal\/#primaryimage"},"image":{"@id":"https:\/\/marcelolopes.jor.br\/site\/2019\/12\/11\/piacatuba-realiza-neste-sabado-sua-vesperata-de-natal\/#primaryimage"},"thumbnailUrl":"https:\/\/marcelolopes.jor.br\/site\/wp-content\/uploads\/2019\/12\/10122019092541_Vesperata_.jpg","datePublished":"2019-12-11T19:00:33+00:00","breadcrumb":{"@id":"https:\/\/marcelolopes.jor.br\/site\/2019\/12\/11\/piacatuba-realiza-neste-sabado-sua-vesperata-de-natal\/#breadcrumb"},"inLanguage":"pt-BR","potentialAction":[{"@type":"ReadAction","target":["https:\/\/marcelolopes.jor.br\/site\/2019\/12\/11\/piacatuba-realiza-neste-sabado-sua-vesperata-de-natal\/"]}]},{"@type":"ImageObject","inLanguage":"pt-BR","@id":"https:\/\/marcelolopes.jor.br\/site\/2019\/12\/11\/piacatuba-realiza-neste-sabado-sua-vesperata-de-natal\/#primaryimage","url":"https:\/\/marcelolopes.jor.br\/site\/wp-content\/uploads\/2019\/12\/10122019092541_Vesperata_.jpg","contentUrl":"https:\/\/marcelolopes.jor.br\/site\/wp-content\/uploads\/2019\/12\/10122019092541_Vesperata_.jpg","width":1500,"height":844},{"@type":"BreadcrumbList","@id":"https:\/\/marcelolopes.jor.br\/site\/2019\/12\/11\/piacatuba-realiza-neste-sabado-sua-vesperata-de-natal\/#breadcrumb","itemListElement":[{"@type":"ListItem","position":1,"name":"Home","item":"https:\/\/marcelolopes.jor.br\/site\/"},{"@type":"ListItem","position":2,"name":"Piacatuba realiza neste s\u00e1bado sua Vesperata de Natal"}]},{"@type":"WebSite","@id":"https:\/\/marcelolopes.jor.br\/site\/#website","url":"https:\/\/marcelolopes.jor.br\/site\/","name":"Marcelo Lopes","description":"Not\u00edcias de Cataguases e Regi\u00e3o","publisher":{"@id":"https:\/\/marcelolopes.jor.br\/site\/#organization"},"potentialAction":[{"@type":"SearchAction","target":{"@type":"EntryPoint","urlTemplate":"https:\/\/marcelolopes.jor.br\/site\/?s={search_term_string}"},"query-input":{"@type":"PropertyValueSpecification","valueRequired":true,"valueName":"search_term_string"}}],"inLanguage":"pt-BR"},{"@type":"Organization","@id":"https:\/\/marcelolopes.jor.br\/site\/#organization","name":"Site do Marcelo Lopes","url":"https:\/\/marcelolopes.jor.br\/site\/","logo":{"@type":"ImageObject","inLanguage":"pt-BR","@id":"https:\/\/marcelolopes.jor.br\/site\/#\/schema\/logo\/image\/","url":"https:\/\/marcelolopes.jor.br\/site\/wp-content\/uploads\/2024\/11\/logo-1.png","contentUrl":"https:\/\/marcelolopes.jor.br\/site\/wp-content\/uploads\/2024\/11\/logo-1.png","width":475,"height":80,"caption":"Site do Marcelo Lopes"},"image":{"@id":"https:\/\/marcelolopes.jor.br\/site\/#\/schema\/logo\/image\/"},"sameAs":["https:\/\/www.facebook.com\/sitedomarcelolopes","https:\/\/www.instagram.com\/sitedomarcelolopes\/","https:\/\/www.linkedin.com\/company\/site-do-marcelo-lopes\/","https:\/\/www.youtube.com\/user\/marcelolopes957"]},{"@type":"Person","@id":"https:\/\/marcelolopes.jor.br\/site\/#\/schema\/person\/3e7216a35c34d8fdf952b31da3d1f89f","name":"Marcelo Lopes","sameAs":["http:\/\/www.marcelolopes.jor.br"],"url":"https:\/\/marcelolopes.jor.br\/site\/author\/marcelo\/"}]}},"wps_subtitle":"Luzes, cores e m\u00fasicas natalinas tocadas por bandas e corais encantam o distrito.","_links":{"self":[{"href":"https:\/\/marcelolopes.jor.br\/site\/wp-json\/wp\/v2\/posts\/9344","targetHints":{"allow":["GET"]}}],"collection":[{"href":"https:\/\/marcelolopes.jor.br\/site\/wp-json\/wp\/v2\/posts"}],"about":[{"href":"https:\/\/marcelolopes.jor.br\/site\/wp-json\/wp\/v2\/types\/post"}],"author":[{"embeddable":true,"href":"https:\/\/marcelolopes.jor.br\/site\/wp-json\/wp\/v2\/users\/2"}],"replies":[{"embeddable":true,"href":"https:\/\/marcelolopes.jor.br\/site\/wp-json\/wp\/v2\/comments?post=9344"}],"version-history":[{"count":0,"href":"https:\/\/marcelolopes.jor.br\/site\/wp-json\/wp\/v2\/posts\/9344\/revisions"}],"wp:featuredmedia":[{"embeddable":true,"href":"https:\/\/marcelolopes.jor.br\/site\/wp-json\/wp\/v2\/media\/9346"}],"wp:attachment":[{"href":"https:\/\/marcelolopes.jor.br\/site\/wp-json\/wp\/v2\/media?parent=9344"}],"wp:term":[{"taxonomy":"category","embeddable":true,"href":"https:\/\/marcelolopes.jor.br\/site\/wp-json\/wp\/v2\/categories?post=9344"},{"taxonomy":"post_tag","embeddable":true,"href":"https:\/\/marcelolopes.jor.br\/site\/wp-json\/wp\/v2\/tags?post=9344"}],"curies":[{"name":"wp","href":"https:\/\/api.w.org\/{rel}","templated":true}]}}