{"id":9188,"date":"2019-12-09T07:00:20","date_gmt":"2019-12-09T10:00:20","guid":{"rendered":"https:\/\/marcelolopes.jor.br\/?p=9188"},"modified":"2019-12-09T01:27:23","modified_gmt":"2019-12-09T04:27:23","slug":"municipios-recebem-fpm-e-cota-extra-nesta-segunda-e-terca-feiras","status":"publish","type":"post","link":"https:\/\/marcelolopes.jor.br\/site\/2019\/12\/09\/municipios-recebem-fpm-e-cota-extra-nesta-segunda-e-terca-feiras\/","title":{"rendered":"Munic\u00edpios recebem FPM e cota extra nesta segunda e ter\u00e7a-feiras"},"content":{"rendered":"<p style=\"text-align: justify;\">At\u00e9 \u00e0s 18 horas desta segunda-feira, 09 de dezembro, os munic\u00edpios brasileiros v\u00e3o receber o repasse adicional de 1% do Fundo de Participa\u00e7\u00e3o dos Munic\u00edpios (FPM) \u2013 no valor total de R$ 4,5 bilh\u00f5es. Cataguases vai abocanhar a quantia de R$ 1.688.161,73 brutos, mas h\u00e1 um desconto para o Pasep no valor de R$ 16.881,62, totalizando assim uma entrada efetiva de recursos no caixa no valor de R$ 1.671.280,11.<!--more--><\/p>\n<p style=\"text-align: justify;\">Tal adicional \u00e9 referente a 1% do valor da arrecada\u00e7\u00e3o do Imposto sobre Produto Industrializado (IPI) e do Imposto de Renda (IR) contabilizado de dezembro do ano passado at\u00e9 o fim de novembro de 2019. Com base em dados do relat\u00f3rio de avalia\u00e7\u00e3o fiscal do Minist\u00e9rio da Economia, a Confedera\u00e7\u00e3o estimou e divulgou o montante previsto em R$ 4,448 bilh\u00f5es \u2013 valor apenas 0,25% abaixo do valor a ser repassado. \u00c9 importante destacar que a quantia ajuda os gestores a pagarem o 13\u00ba sal\u00e1rio e as folhas de pagamento.<\/p>\n<p style=\"text-align: justify;\">Al\u00e9m disso, no dia seguinte, 10, o governo federal faz o repasse do dec\u00eandio relativo ao FPM do m\u00eas, e Cataguases vai receber R$ 1.664.625,92, sendo que desse montante R$ 332.925,18 s\u00e3o referentes ao Fundeb (deve ser aplicado com despesas em Educa\u00e7\u00e3o, inclusive pagamento de professores); R$ 249.693,89 v\u00e3o direto para a Sa\u00fade, e R$ 16.646,26 s\u00e3o do Pasep. Com isso, entram efetivamente no Caixa do munic\u00edpio para honrar outros compromissos, R$ 1.065.360,59.<\/p>\n<p style=\"text-align: justify;\">De acordo com estimativa da CNM o Fundo de Participa\u00e7\u00e3o dos Munic\u00edpios (FPM), deve somar pouco mais de R$ 3,5 bilh\u00f5es. Os n\u00fameros sa\u00edram mais cedo este m\u00eas por conta da divulga\u00e7\u00e3o dos dados da Secretaria do Tesouro Nacional (STN). O repasse ser\u00e1 3,62% maior em rela\u00e7\u00e3o \u00e0 transfer\u00eancia feita no mesmo per\u00edodo de 2018. Do total repassado, 2.459 Munic\u00edpios ficaram com R$ 882.455.601,74, o que representa 44,16%. Eles s\u00e3o de coeficiente 0,6, e t\u00eam popula\u00e7\u00e3o de at\u00e9 10.188 mil habitantes. Mas, dentre eles, a partilha tamb\u00e9m considera aspectos estaduais. Em contrapartida, 166 Munic\u00edpios com mais de 156 mil habitantes, de coeficientes 4,0, recebem 12,87% do transferido.<\/p>\n<p><em>Fonte: CNM &#8211; Confedera\u00e7\u00e3o Nacional dos Munic\u00edpios<\/em><\/p>\n<div class=\"gipjb69f75c47c02a2\" ><br><\/div><style type=\"text\/css\">\r\n@media screen and (min-width: 1201px) {\r\n.gipjb69f75c47c02a2 {\r\ndisplay: block;\r\n}\r\n}\r\n@media screen and (min-width: 993px) and (max-width: 1200px) {\r\n.gipjb69f75c47c02a2 {\r\ndisplay: block;\r\n}\r\n}\r\n@media screen and (min-width: 769px) and (max-width: 992px) {\r\n.gipjb69f75c47c02a2 {\r\ndisplay: block;\r\n}\r\n}\r\n@media screen and (min-width: 768px) and (max-width: 768px) {\r\n.gipjb69f75c47c02a2 {\r\ndisplay: block;\r\n}\r\n}\r\n@media screen and (max-width: 767px) {\r\n.gipjb69f75c47c02a2 {\r\ndisplay: block;\r\n}\r\n}\r\n<\/style>\r\n<div class=\"uycmd69f75c47c56d8\" ><div id=\"div_destino\"><\/div>\r\n<script src=\"https:\/\/cdn.snsrsv.com\/sdk.js\"><\/script>\r\n<script >\r\n      new sdk(\"464030C30061EA8BE065000000000001\") \r\n          .appendTo(\"div_destino\")\r\n          .disableStyle(true) \r\n          .setCacheBusterMacro(\"%%CACHEBUSTER%%\")\r\n          .setSize(\"800\",\"214\")\r\n          .setClickMacro(\"%%CLICK_URL_ESC%%\") \r\n          .setReferrerUrlMacro(\"%%REFERRER_URL_ESC%%\") \r\n          .start(); \r\n<\/script><\/div><style type=\"text\/css\">\r\n@media screen and (min-width: 1201px) {\r\n.uycmd69f75c47c56d8 {\r\ndisplay: block;\r\n}\r\n}\r\n@media screen and (min-width: 993px) and (max-width: 1200px) {\r\n.uycmd69f75c47c56d8 {\r\ndisplay: block;\r\n}\r\n}\r\n@media screen and (min-width: 769px) and (max-width: 992px) {\r\n.uycmd69f75c47c56d8 {\r\ndisplay: block;\r\n}\r\n}\r\n@media screen and (min-width: 768px) and (max-width: 768px) {\r\n.uycmd69f75c47c56d8 {\r\ndisplay: block;\r\n}\r\n}\r\n@media screen and (max-width: 767px) {\r\n.uycmd69f75c47c56d8 {\r\ndisplay: block;\r\n}\r\n}\r\n<\/style>\r\n","protected":false},"excerpt":{"rendered":"<p>At\u00e9 \u00e0s 18 horas desta segunda-feira, 09 de dezembro, os munic\u00edpios brasileiros v\u00e3o receber o repasse adicional de 1% do Fundo de Participa\u00e7\u00e3o dos Munic\u00edpios (FPM) \u2013 no valor total de R$ 4,5 bilh\u00f5es. Cataguases vai abocanhar a quantia de<\/p>\n<p class=\"link-more\"><a class=\"more-link\" href=\"https:\/\/marcelolopes.jor.br\/site\/2019\/12\/09\/municipios-recebem-fpm-e-cota-extra-nesta-segunda-e-terca-feiras\/\">Leia mais <span class=\"screen-reader-text\">Munic\u00edpios recebem FPM e cota extra nesta segunda e ter\u00e7a-feiras<\/span><\/a><\/p>\n","protected":false},"author":2,"featured_media":9190,"comment_status":"open","ping_status":"open","sticky":false,"template":"","format":"standard","meta":{"footnotes":""},"categories":[1],"tags":[1081,485,61,236],"class_list":["post-9188","post","type-post","status-publish","format-standard","has-post-thumbnail","hentry","category-noticias","tag-13o-salario","tag-fpm","tag-prefeitura","tag-recursos","thumb-below-title"],"yoast_head":"<!-- This site is optimized with the Yoast SEO plugin v27.4 - https:\/\/yoast.com\/product\/yoast-seo-wordpress\/ -->\n<title>Munic\u00edpios recebem FPM e cota extra nesta segunda e ter\u00e7a-feiras | Marcelo Lopes<\/title>\n<meta name=\"robots\" content=\"index, follow, max-snippet:-1, max-image-preview:large, max-video-preview:-1\" \/>\n<link rel=\"canonical\" href=\"https:\/\/marcelolopes.jor.br\/site\/2019\/12\/09\/municipios-recebem-fpm-e-cota-extra-nesta-segunda-e-terca-feiras\/\" \/>\n<meta property=\"og:locale\" content=\"pt_BR\" \/>\n<meta property=\"og:type\" content=\"article\" \/>\n<meta property=\"og:title\" content=\"Munic\u00edpios recebem FPM e cota extra nesta segunda e ter\u00e7a-feiras | Marcelo Lopes\" \/>\n<meta property=\"og:description\" content=\"At\u00e9 \u00e0s 18 horas desta segunda-feira, 09 de dezembro, os munic\u00edpios brasileiros v\u00e3o receber o repasse adicional de 1% do Fundo de Participa\u00e7\u00e3o dos Munic\u00edpios (FPM) \u2013 no valor total de R$ 4,5 bilh\u00f5es. Cataguases vai abocanhar a quantia deLeia mais Munic\u00edpios recebem FPM e cota extra nesta segunda e ter\u00e7a-feiras\" \/>\n<meta property=\"og:url\" content=\"https:\/\/marcelolopes.jor.br\/site\/2019\/12\/09\/municipios-recebem-fpm-e-cota-extra-nesta-segunda-e-terca-feiras\/\" \/>\n<meta property=\"og:site_name\" content=\"Marcelo Lopes\" \/>\n<meta property=\"article:publisher\" content=\"https:\/\/www.facebook.com\/sitedomarcelolopes\" \/>\n<meta property=\"article:published_time\" content=\"2019-12-09T10:00:20+00:00\" \/>\n<meta property=\"og:image\" content=\"https:\/\/marcelolopes.jor.br\/site\/wp-content\/uploads\/2019\/12\/images.jpg\" \/>\n\t<meta property=\"og:image:width\" content=\"288\" \/>\n\t<meta property=\"og:image:height\" content=\"175\" \/>\n\t<meta property=\"og:image:type\" content=\"image\/jpeg\" \/>\n<meta name=\"author\" content=\"Marcelo Lopes\" \/>\n<meta name=\"twitter:card\" content=\"summary_large_image\" \/>\n<meta name=\"twitter:label1\" content=\"Escrito por\" \/>\n\t<meta name=\"twitter:data1\" content=\"Marcelo Lopes\" \/>\n\t<meta name=\"twitter:label2\" content=\"Est. tempo de leitura\" \/>\n\t<meta name=\"twitter:data2\" content=\"2 minutos\" \/>\n<script type=\"application\/ld+json\" class=\"yoast-schema-graph\">{\"@context\":\"https:\\\/\\\/schema.org\",\"@graph\":[{\"@type\":\"NewsArticle\",\"@id\":\"https:\\\/\\\/marcelolopes.jor.br\\\/site\\\/2019\\\/12\\\/09\\\/municipios-recebem-fpm-e-cota-extra-nesta-segunda-e-terca-feiras\\\/#article\",\"isPartOf\":{\"@id\":\"https:\\\/\\\/marcelolopes.jor.br\\\/site\\\/2019\\\/12\\\/09\\\/municipios-recebem-fpm-e-cota-extra-nesta-segunda-e-terca-feiras\\\/\"},\"author\":{\"name\":\"Marcelo Lopes\",\"@id\":\"https:\\\/\\\/marcelolopes.jor.br\\\/site\\\/#\\\/schema\\\/person\\\/3e7216a35c34d8fdf952b31da3d1f89f\"},\"headline\":\"Munic\u00edpios recebem FPM e cota extra nesta segunda e ter\u00e7a-feiras\",\"datePublished\":\"2019-12-09T10:00:20+00:00\",\"mainEntityOfPage\":{\"@id\":\"https:\\\/\\\/marcelolopes.jor.br\\\/site\\\/2019\\\/12\\\/09\\\/municipios-recebem-fpm-e-cota-extra-nesta-segunda-e-terca-feiras\\\/\"},\"wordCount\":361,\"commentCount\":0,\"publisher\":{\"@id\":\"https:\\\/\\\/marcelolopes.jor.br\\\/site\\\/#organization\"},\"image\":{\"@id\":\"https:\\\/\\\/marcelolopes.jor.br\\\/site\\\/2019\\\/12\\\/09\\\/municipios-recebem-fpm-e-cota-extra-nesta-segunda-e-terca-feiras\\\/#primaryimage\"},\"thumbnailUrl\":\"https:\\\/\\\/marcelolopes.jor.br\\\/site\\\/wp-content\\\/uploads\\\/2019\\\/12\\\/images.jpg\",\"keywords\":[\"13\u00ba sal\u00e1rio\",\"FPM\",\"prefeitura\",\"recursos\"],\"articleSection\":[\"Not\u00edcias\"],\"inLanguage\":\"pt-BR\",\"potentialAction\":[{\"@type\":\"CommentAction\",\"name\":\"Comment\",\"target\":[\"https:\\\/\\\/marcelolopes.jor.br\\\/site\\\/2019\\\/12\\\/09\\\/municipios-recebem-fpm-e-cota-extra-nesta-segunda-e-terca-feiras\\\/#respond\"]}]},{\"@type\":\"WebPage\",\"@id\":\"https:\\\/\\\/marcelolopes.jor.br\\\/site\\\/2019\\\/12\\\/09\\\/municipios-recebem-fpm-e-cota-extra-nesta-segunda-e-terca-feiras\\\/\",\"url\":\"https:\\\/\\\/marcelolopes.jor.br\\\/site\\\/2019\\\/12\\\/09\\\/municipios-recebem-fpm-e-cota-extra-nesta-segunda-e-terca-feiras\\\/\",\"name\":\"Munic\u00edpios recebem FPM e cota extra nesta segunda e ter\u00e7a-feiras | Marcelo Lopes\",\"isPartOf\":{\"@id\":\"https:\\\/\\\/marcelolopes.jor.br\\\/site\\\/#website\"},\"primaryImageOfPage\":{\"@id\":\"https:\\\/\\\/marcelolopes.jor.br\\\/site\\\/2019\\\/12\\\/09\\\/municipios-recebem-fpm-e-cota-extra-nesta-segunda-e-terca-feiras\\\/#primaryimage\"},\"image\":{\"@id\":\"https:\\\/\\\/marcelolopes.jor.br\\\/site\\\/2019\\\/12\\\/09\\\/municipios-recebem-fpm-e-cota-extra-nesta-segunda-e-terca-feiras\\\/#primaryimage\"},\"thumbnailUrl\":\"https:\\\/\\\/marcelolopes.jor.br\\\/site\\\/wp-content\\\/uploads\\\/2019\\\/12\\\/images.jpg\",\"datePublished\":\"2019-12-09T10:00:20+00:00\",\"breadcrumb\":{\"@id\":\"https:\\\/\\\/marcelolopes.jor.br\\\/site\\\/2019\\\/12\\\/09\\\/municipios-recebem-fpm-e-cota-extra-nesta-segunda-e-terca-feiras\\\/#breadcrumb\"},\"inLanguage\":\"pt-BR\",\"potentialAction\":[{\"@type\":\"ReadAction\",\"target\":[\"https:\\\/\\\/marcelolopes.jor.br\\\/site\\\/2019\\\/12\\\/09\\\/municipios-recebem-fpm-e-cota-extra-nesta-segunda-e-terca-feiras\\\/\"]}]},{\"@type\":\"ImageObject\",\"inLanguage\":\"pt-BR\",\"@id\":\"https:\\\/\\\/marcelolopes.jor.br\\\/site\\\/2019\\\/12\\\/09\\\/municipios-recebem-fpm-e-cota-extra-nesta-segunda-e-terca-feiras\\\/#primaryimage\",\"url\":\"https:\\\/\\\/marcelolopes.jor.br\\\/site\\\/wp-content\\\/uploads\\\/2019\\\/12\\\/images.jpg\",\"contentUrl\":\"https:\\\/\\\/marcelolopes.jor.br\\\/site\\\/wp-content\\\/uploads\\\/2019\\\/12\\\/images.jpg\",\"width\":288,\"height\":175},{\"@type\":\"BreadcrumbList\",\"@id\":\"https:\\\/\\\/marcelolopes.jor.br\\\/site\\\/2019\\\/12\\\/09\\\/municipios-recebem-fpm-e-cota-extra-nesta-segunda-e-terca-feiras\\\/#breadcrumb\",\"itemListElement\":[{\"@type\":\"ListItem\",\"position\":1,\"name\":\"Home\",\"item\":\"https:\\\/\\\/marcelolopes.jor.br\\\/site\\\/\"},{\"@type\":\"ListItem\",\"position\":2,\"name\":\"Munic\u00edpios recebem FPM e cota extra nesta segunda e ter\u00e7a-feiras\"}]},{\"@type\":\"WebSite\",\"@id\":\"https:\\\/\\\/marcelolopes.jor.br\\\/site\\\/#website\",\"url\":\"https:\\\/\\\/marcelolopes.jor.br\\\/site\\\/\",\"name\":\"Marcelo Lopes\",\"description\":\"Not\u00edcias de Cataguases e Regi\u00e3o\",\"publisher\":{\"@id\":\"https:\\\/\\\/marcelolopes.jor.br\\\/site\\\/#organization\"},\"potentialAction\":[{\"@type\":\"SearchAction\",\"target\":{\"@type\":\"EntryPoint\",\"urlTemplate\":\"https:\\\/\\\/marcelolopes.jor.br\\\/site\\\/?s={search_term_string}\"},\"query-input\":{\"@type\":\"PropertyValueSpecification\",\"valueRequired\":true,\"valueName\":\"search_term_string\"}}],\"inLanguage\":\"pt-BR\"},{\"@type\":\"Organization\",\"@id\":\"https:\\\/\\\/marcelolopes.jor.br\\\/site\\\/#organization\",\"name\":\"Site do Marcelo Lopes\",\"url\":\"https:\\\/\\\/marcelolopes.jor.br\\\/site\\\/\",\"logo\":{\"@type\":\"ImageObject\",\"inLanguage\":\"pt-BR\",\"@id\":\"https:\\\/\\\/marcelolopes.jor.br\\\/site\\\/#\\\/schema\\\/logo\\\/image\\\/\",\"url\":\"https:\\\/\\\/marcelolopes.jor.br\\\/site\\\/wp-content\\\/uploads\\\/2024\\\/11\\\/logo-1.png\",\"contentUrl\":\"https:\\\/\\\/marcelolopes.jor.br\\\/site\\\/wp-content\\\/uploads\\\/2024\\\/11\\\/logo-1.png\",\"width\":475,\"height\":80,\"caption\":\"Site do Marcelo Lopes\"},\"image\":{\"@id\":\"https:\\\/\\\/marcelolopes.jor.br\\\/site\\\/#\\\/schema\\\/logo\\\/image\\\/\"},\"sameAs\":[\"https:\\\/\\\/www.facebook.com\\\/sitedomarcelolopes\",\"https:\\\/\\\/www.instagram.com\\\/sitedomarcelolopes\\\/\",\"https:\\\/\\\/www.linkedin.com\\\/company\\\/site-do-marcelo-lopes\\\/\",\"https:\\\/\\\/www.youtube.com\\\/user\\\/marcelolopes957\"]},{\"@type\":\"Person\",\"@id\":\"https:\\\/\\\/marcelolopes.jor.br\\\/site\\\/#\\\/schema\\\/person\\\/3e7216a35c34d8fdf952b31da3d1f89f\",\"name\":\"Marcelo Lopes\",\"sameAs\":[\"http:\\\/\\\/www.marcelolopes.jor.br\"],\"url\":\"https:\\\/\\\/marcelolopes.jor.br\\\/site\\\/author\\\/marcelo\\\/\"}]}<\/script>\n<!-- \/ Yoast SEO plugin. -->","yoast_head_json":{"title":"Munic\u00edpios recebem FPM e cota extra nesta segunda e ter\u00e7a-feiras | Marcelo Lopes","robots":{"index":"index","follow":"follow","max-snippet":"max-snippet:-1","max-image-preview":"max-image-preview:large","max-video-preview":"max-video-preview:-1"},"canonical":"https:\/\/marcelolopes.jor.br\/site\/2019\/12\/09\/municipios-recebem-fpm-e-cota-extra-nesta-segunda-e-terca-feiras\/","og_locale":"pt_BR","og_type":"article","og_title":"Munic\u00edpios recebem FPM e cota extra nesta segunda e ter\u00e7a-feiras | Marcelo Lopes","og_description":"At\u00e9 \u00e0s 18 horas desta segunda-feira, 09 de dezembro, os munic\u00edpios brasileiros v\u00e3o receber o repasse adicional de 1% do Fundo de Participa\u00e7\u00e3o dos Munic\u00edpios (FPM) \u2013 no valor total de R$ 4,5 bilh\u00f5es. Cataguases vai abocanhar a quantia deLeia mais Munic\u00edpios recebem FPM e cota extra nesta segunda e ter\u00e7a-feiras","og_url":"https:\/\/marcelolopes.jor.br\/site\/2019\/12\/09\/municipios-recebem-fpm-e-cota-extra-nesta-segunda-e-terca-feiras\/","og_site_name":"Marcelo Lopes","article_publisher":"https:\/\/www.facebook.com\/sitedomarcelolopes","article_published_time":"2019-12-09T10:00:20+00:00","og_image":[{"width":288,"height":175,"url":"https:\/\/marcelolopes.jor.br\/site\/wp-content\/uploads\/2019\/12\/images.jpg","type":"image\/jpeg"}],"author":"Marcelo Lopes","twitter_card":"summary_large_image","twitter_misc":{"Escrito por":"Marcelo Lopes","Est. tempo de leitura":"2 minutos"},"schema":{"@context":"https:\/\/schema.org","@graph":[{"@type":"NewsArticle","@id":"https:\/\/marcelolopes.jor.br\/site\/2019\/12\/09\/municipios-recebem-fpm-e-cota-extra-nesta-segunda-e-terca-feiras\/#article","isPartOf":{"@id":"https:\/\/marcelolopes.jor.br\/site\/2019\/12\/09\/municipios-recebem-fpm-e-cota-extra-nesta-segunda-e-terca-feiras\/"},"author":{"name":"Marcelo Lopes","@id":"https:\/\/marcelolopes.jor.br\/site\/#\/schema\/person\/3e7216a35c34d8fdf952b31da3d1f89f"},"headline":"Munic\u00edpios recebem FPM e cota extra nesta segunda e ter\u00e7a-feiras","datePublished":"2019-12-09T10:00:20+00:00","mainEntityOfPage":{"@id":"https:\/\/marcelolopes.jor.br\/site\/2019\/12\/09\/municipios-recebem-fpm-e-cota-extra-nesta-segunda-e-terca-feiras\/"},"wordCount":361,"commentCount":0,"publisher":{"@id":"https:\/\/marcelolopes.jor.br\/site\/#organization"},"image":{"@id":"https:\/\/marcelolopes.jor.br\/site\/2019\/12\/09\/municipios-recebem-fpm-e-cota-extra-nesta-segunda-e-terca-feiras\/#primaryimage"},"thumbnailUrl":"https:\/\/marcelolopes.jor.br\/site\/wp-content\/uploads\/2019\/12\/images.jpg","keywords":["13\u00ba sal\u00e1rio","FPM","prefeitura","recursos"],"articleSection":["Not\u00edcias"],"inLanguage":"pt-BR","potentialAction":[{"@type":"CommentAction","name":"Comment","target":["https:\/\/marcelolopes.jor.br\/site\/2019\/12\/09\/municipios-recebem-fpm-e-cota-extra-nesta-segunda-e-terca-feiras\/#respond"]}]},{"@type":"WebPage","@id":"https:\/\/marcelolopes.jor.br\/site\/2019\/12\/09\/municipios-recebem-fpm-e-cota-extra-nesta-segunda-e-terca-feiras\/","url":"https:\/\/marcelolopes.jor.br\/site\/2019\/12\/09\/municipios-recebem-fpm-e-cota-extra-nesta-segunda-e-terca-feiras\/","name":"Munic\u00edpios recebem FPM e cota extra nesta segunda e ter\u00e7a-feiras | Marcelo Lopes","isPartOf":{"@id":"https:\/\/marcelolopes.jor.br\/site\/#website"},"primaryImageOfPage":{"@id":"https:\/\/marcelolopes.jor.br\/site\/2019\/12\/09\/municipios-recebem-fpm-e-cota-extra-nesta-segunda-e-terca-feiras\/#primaryimage"},"image":{"@id":"https:\/\/marcelolopes.jor.br\/site\/2019\/12\/09\/municipios-recebem-fpm-e-cota-extra-nesta-segunda-e-terca-feiras\/#primaryimage"},"thumbnailUrl":"https:\/\/marcelolopes.jor.br\/site\/wp-content\/uploads\/2019\/12\/images.jpg","datePublished":"2019-12-09T10:00:20+00:00","breadcrumb":{"@id":"https:\/\/marcelolopes.jor.br\/site\/2019\/12\/09\/municipios-recebem-fpm-e-cota-extra-nesta-segunda-e-terca-feiras\/#breadcrumb"},"inLanguage":"pt-BR","potentialAction":[{"@type":"ReadAction","target":["https:\/\/marcelolopes.jor.br\/site\/2019\/12\/09\/municipios-recebem-fpm-e-cota-extra-nesta-segunda-e-terca-feiras\/"]}]},{"@type":"ImageObject","inLanguage":"pt-BR","@id":"https:\/\/marcelolopes.jor.br\/site\/2019\/12\/09\/municipios-recebem-fpm-e-cota-extra-nesta-segunda-e-terca-feiras\/#primaryimage","url":"https:\/\/marcelolopes.jor.br\/site\/wp-content\/uploads\/2019\/12\/images.jpg","contentUrl":"https:\/\/marcelolopes.jor.br\/site\/wp-content\/uploads\/2019\/12\/images.jpg","width":288,"height":175},{"@type":"BreadcrumbList","@id":"https:\/\/marcelolopes.jor.br\/site\/2019\/12\/09\/municipios-recebem-fpm-e-cota-extra-nesta-segunda-e-terca-feiras\/#breadcrumb","itemListElement":[{"@type":"ListItem","position":1,"name":"Home","item":"https:\/\/marcelolopes.jor.br\/site\/"},{"@type":"ListItem","position":2,"name":"Munic\u00edpios recebem FPM e cota extra nesta segunda e ter\u00e7a-feiras"}]},{"@type":"WebSite","@id":"https:\/\/marcelolopes.jor.br\/site\/#website","url":"https:\/\/marcelolopes.jor.br\/site\/","name":"Marcelo Lopes","description":"Not\u00edcias de Cataguases e Regi\u00e3o","publisher":{"@id":"https:\/\/marcelolopes.jor.br\/site\/#organization"},"potentialAction":[{"@type":"SearchAction","target":{"@type":"EntryPoint","urlTemplate":"https:\/\/marcelolopes.jor.br\/site\/?s={search_term_string}"},"query-input":{"@type":"PropertyValueSpecification","valueRequired":true,"valueName":"search_term_string"}}],"inLanguage":"pt-BR"},{"@type":"Organization","@id":"https:\/\/marcelolopes.jor.br\/site\/#organization","name":"Site do Marcelo Lopes","url":"https:\/\/marcelolopes.jor.br\/site\/","logo":{"@type":"ImageObject","inLanguage":"pt-BR","@id":"https:\/\/marcelolopes.jor.br\/site\/#\/schema\/logo\/image\/","url":"https:\/\/marcelolopes.jor.br\/site\/wp-content\/uploads\/2024\/11\/logo-1.png","contentUrl":"https:\/\/marcelolopes.jor.br\/site\/wp-content\/uploads\/2024\/11\/logo-1.png","width":475,"height":80,"caption":"Site do Marcelo Lopes"},"image":{"@id":"https:\/\/marcelolopes.jor.br\/site\/#\/schema\/logo\/image\/"},"sameAs":["https:\/\/www.facebook.com\/sitedomarcelolopes","https:\/\/www.instagram.com\/sitedomarcelolopes\/","https:\/\/www.linkedin.com\/company\/site-do-marcelo-lopes\/","https:\/\/www.youtube.com\/user\/marcelolopes957"]},{"@type":"Person","@id":"https:\/\/marcelolopes.jor.br\/site\/#\/schema\/person\/3e7216a35c34d8fdf952b31da3d1f89f","name":"Marcelo Lopes","sameAs":["http:\/\/www.marcelolopes.jor.br"],"url":"https:\/\/marcelolopes.jor.br\/site\/author\/marcelo\/"}]}},"wps_subtitle":"Recursos da cota extra ser\u00e3o utilizados para completar o pagamento do 13\u00ba sal\u00e1rio.","_links":{"self":[{"href":"https:\/\/marcelolopes.jor.br\/site\/wp-json\/wp\/v2\/posts\/9188","targetHints":{"allow":["GET"]}}],"collection":[{"href":"https:\/\/marcelolopes.jor.br\/site\/wp-json\/wp\/v2\/posts"}],"about":[{"href":"https:\/\/marcelolopes.jor.br\/site\/wp-json\/wp\/v2\/types\/post"}],"author":[{"embeddable":true,"href":"https:\/\/marcelolopes.jor.br\/site\/wp-json\/wp\/v2\/users\/2"}],"replies":[{"embeddable":true,"href":"https:\/\/marcelolopes.jor.br\/site\/wp-json\/wp\/v2\/comments?post=9188"}],"version-history":[{"count":0,"href":"https:\/\/marcelolopes.jor.br\/site\/wp-json\/wp\/v2\/posts\/9188\/revisions"}],"wp:featuredmedia":[{"embeddable":true,"href":"https:\/\/marcelolopes.jor.br\/site\/wp-json\/wp\/v2\/media\/9190"}],"wp:attachment":[{"href":"https:\/\/marcelolopes.jor.br\/site\/wp-json\/wp\/v2\/media?parent=9188"}],"wp:term":[{"taxonomy":"category","embeddable":true,"href":"https:\/\/marcelolopes.jor.br\/site\/wp-json\/wp\/v2\/categories?post=9188"},{"taxonomy":"post_tag","embeddable":true,"href":"https:\/\/marcelolopes.jor.br\/site\/wp-json\/wp\/v2\/tags?post=9188"}],"curies":[{"name":"wp","href":"https:\/\/api.w.org\/{rel}","templated":true}]}}