{"id":9184,"date":"2019-12-08T19:00:05","date_gmt":"2019-12-08T22:00:05","guid":{"rendered":"https:\/\/marcelolopes.jor.br\/?p=9184"},"modified":"2019-12-08T17:32:26","modified_gmt":"2019-12-08T20:32:26","slug":"renovacao-de-matricula-nas-escolas-estaduais-e-prorrogado-ate-11-de-dezembro","status":"publish","type":"post","link":"https:\/\/marcelolopes.jor.br\/site\/2019\/12\/08\/renovacao-de-matricula-nas-escolas-estaduais-e-prorrogado-ate-11-de-dezembro\/","title":{"rendered":"Renova\u00e7\u00e3o de matr\u00edcula nas escolas estaduais \u00e9 prorrogado at\u00e9 11 de dezembro"},"content":{"rendered":"<p style=\"text-align: justify;\">Pais ou respons\u00e1veis por alunos que desejam continuar estudando na mesma escola estadual que estiveram matriculados em 2019 ganharam mais tempo para fazer a renova\u00e7\u00e3o de matr\u00edcula. O prazo foi prorrogado at\u00e9 a pr\u00f3xima quarta-feira, 11 de dezembro. Os interessados devem procurar a escola com todos os documentos necess\u00e1rios para confirmar a matr\u00edcula e garantir a vaga do aluno na unidade em que ele j\u00e1 est\u00e1 matriculado e estudando neste ano.<!--more--><\/p>\n<p style=\"text-align: justify;\">Ao receber a documenta\u00e7\u00e3o, a escola dever\u00e1 entregar aos respons\u00e1veis o comprovante de renova\u00e7\u00e3o de matr\u00edcula naquela institui\u00e7\u00e3o. Caso a unidade n\u00e3o oferte a etapa na qual o aluno dever\u00e1 estudar no pr\u00f3ximo ano, os familiares ser\u00e3o orientados de como proceder na realiza\u00e7\u00e3o da pr\u00e9-matr\u00edcula da rede estadual.<\/p>\n<p><strong>Confira a rela\u00e7\u00e3o de documentos para a renova\u00e7\u00e3o da matr\u00edcula, que deve ser presencial. \u00c9 necess\u00e1rio levar original e c\u00f3pia.<\/strong><\/p>\n<p style=\"text-align: justify;\">&#8211; Documento de identidade ou, na sua aus\u00eancia, certid\u00e3o de nascimento do aluno.<br \/>\n&#8211; CPF do aluno, original e c\u00f3pia (a apresenta\u00e7\u00e3o \u00e9 obrigat\u00f3ria apenas se o aluno for maior de idade).<br \/>\n&#8211; Para renova\u00e7\u00e3o da matr\u00edcula do aluno menor de idade, \u00e9 necess\u00e1ria, ainda, a apresenta\u00e7\u00e3o de documento de identidade e do CPF, originais e c\u00f3pias, de um dos pais\/respons\u00e1veis.<br \/>\n&#8211; Comprovante de resid\u00eancia no nome de um dos pais\/respons\u00e1veis ou do aluno. S\u00e3o considerados comprovantes v\u00e1lidos contas de \u00e1gua, de energia ou telefone.<br \/>\n&#8211; Ficha de renova\u00e7\u00e3o assinada pelo aluno, quando maior de idade, ou pelo seu respons\u00e1vel legal, quando menor de idade.<br \/>\n&#8211; Para o estudante com defici\u00eancia, transtornos globais do desenvolvimento e altas habilidades\/superdota\u00e7\u00e3o, \u00e9 necess\u00e1ria a apresenta\u00e7\u00e3o de laudo m\u00e9dico.<\/p>\n<h4 style=\"text-align: justify;\"><strong>Pr\u00e9-matr\u00edcula<\/strong><\/h4>\n<p style=\"text-align: justify;\">A pr\u00e9-matr\u00edcula \u00e9 a etapa em que pais ou respons\u00e1veis de estudantes, ou alunos maiores de 18 anos, indicam em qual unidade de ensino pretendem estudar. Os interessados devem fazer a inscri\u00e7\u00e3o pelo site <a href=\"http:\/\/matricula.educacao.mg.gov.br\"><strong>http:\/\/matricula.educacao.mg.gov.br<\/strong><\/a> at\u00e9 16 de dezembro. Podem realizar a pr\u00e9-matr\u00edcula alunos vindos de outras redes e jovens que j\u00e1 estudam em escola estadual, mas que precisam trocar de institui\u00e7\u00e3o.<\/p>\n<p style=\"text-align: justify;\">Al\u00e9m disso, est\u00e3o aptos a fazer a pr\u00e9-matr\u00edcula aqueles que abandonaram os estudos e desejam voltar \u00e0s salas de aula nos ensinos fundamental, m\u00e9dio ou na educa\u00e7\u00e3o de jovens e adultos. No momento da inscri\u00e7\u00e3o no sistema online, os interessados devem inserir informa\u00e7\u00f5es como nome completo do candidato, data de nascimento, endere\u00e7o, n\u00famero de CPF, se possuir, rede escolar de origem, entre outros dados.<\/p>\n<p style=\"text-align: justify;\">A distribui\u00e7\u00e3o de vagas ser\u00e1 feita de acordo com a disponibilidade f\u00edsica de cada unidade escolar, o tipo de atendimento prestado e o n\u00edvel de ensino ofertado pela institui\u00e7\u00e3o. A ordem apresentada na Resolu\u00e7\u00e3o n\u00ba 4.231 de 2019 tamb\u00e9m definir\u00e1 os crit\u00e9rios de encaminhamento dos estudantes.<\/p>\n<p style=\"text-align: justify;\">A Secretaria de Estado de Educa\u00e7\u00e3o de Minas Gerais (SEE\/MG) registrou, at\u00e9 o momento, 150 mil pr\u00e9-matr\u00edculas. Os resultados ser\u00e3o divulgados neste link, a partir de 27\/12.<\/p>\n<h4 style=\"text-align: justify;\"><strong>Matr\u00edculas 2020<\/strong><\/h4>\n<p style=\"text-align: justify;\">Para quem realizou o cadastramento escolar em julho deste ano e para os que se inscreveram na pr\u00e9-matr\u00edcula, o momento de confirmar, garantir a vaga e concluir o processo de matr\u00edcula na rede p\u00fablica estadual ser\u00e1 em janeiro de 2020.<\/p>\n<p style=\"text-align: justify;\">De 6 a 20 de janeiro, pais, respons\u00e1veis ou o pr\u00f3prio aluno, quando maior de 18 anos, dever\u00e3o comparecer \u00e0s unidades escolares da rede p\u00fablica para as quais foram encaminhados, com a rela\u00e7\u00e3o de documentos, para efetivar a matr\u00edcula.<\/p>\n<p style=\"text-align: justify;\">O n\u00e3o comparecimento na escola indicada dentro desse per\u00edodo, portando todos os documentos necess\u00e1rios, acarretar\u00e1 na perda da garantia da vaga naquela institui\u00e7\u00e3o. Nesse caso, o interessado deve aguardar o per\u00edodo de distribui\u00e7\u00e3o de vagas remanescentes para se matricular na unidade que estiver dispon\u00edvel.<\/p>\n<p style=\"text-align: justify;\">Fonte: Ag\u00eancia Minas<\/p>\n<div class=\"qdnvr69f77255a92ca\" ><br><\/div><style type=\"text\/css\">\r\n@media screen and (min-width: 1201px) {\r\n.qdnvr69f77255a92ca {\r\ndisplay: block;\r\n}\r\n}\r\n@media screen and (min-width: 993px) and (max-width: 1200px) {\r\n.qdnvr69f77255a92ca {\r\ndisplay: block;\r\n}\r\n}\r\n@media screen and (min-width: 769px) and (max-width: 992px) {\r\n.qdnvr69f77255a92ca {\r\ndisplay: block;\r\n}\r\n}\r\n@media screen and (min-width: 768px) and (max-width: 768px) {\r\n.qdnvr69f77255a92ca {\r\ndisplay: block;\r\n}\r\n}\r\n@media screen and (max-width: 767px) {\r\n.qdnvr69f77255a92ca {\r\ndisplay: block;\r\n}\r\n}\r\n<\/style>\r\n<div class=\"csguw69f77255aec24\" ><div id=\"div_destino\"><\/div>\r\n<script src=\"https:\/\/cdn.snsrsv.com\/sdk.js\"><\/script>\r\n<script >\r\n      new sdk(\"464030C30061EA8BE065000000000001\") \r\n          .appendTo(\"div_destino\")\r\n          .disableStyle(true) \r\n          .setCacheBusterMacro(\"%%CACHEBUSTER%%\")\r\n          .setSize(\"800\",\"214\")\r\n          .setClickMacro(\"%%CLICK_URL_ESC%%\") \r\n          .setReferrerUrlMacro(\"%%REFERRER_URL_ESC%%\") \r\n          .start(); \r\n<\/script><\/div><style type=\"text\/css\">\r\n@media screen and (min-width: 1201px) {\r\n.csguw69f77255aec24 {\r\ndisplay: block;\r\n}\r\n}\r\n@media screen and (min-width: 993px) and (max-width: 1200px) {\r\n.csguw69f77255aec24 {\r\ndisplay: block;\r\n}\r\n}\r\n@media screen and (min-width: 769px) and (max-width: 992px) {\r\n.csguw69f77255aec24 {\r\ndisplay: block;\r\n}\r\n}\r\n@media screen and (min-width: 768px) and (max-width: 768px) {\r\n.csguw69f77255aec24 {\r\ndisplay: block;\r\n}\r\n}\r\n@media screen and (max-width: 767px) {\r\n.csguw69f77255aec24 {\r\ndisplay: block;\r\n}\r\n}\r\n<\/style>\r\n","protected":false},"excerpt":{"rendered":"<p>Pais ou respons\u00e1veis por alunos que desejam continuar estudando na mesma escola estadual que estiveram matriculados em 2019 ganharam mais tempo para fazer a renova\u00e7\u00e3o de matr\u00edcula. O prazo foi prorrogado at\u00e9 a pr\u00f3xima quarta-feira, 11 de dezembro. Os interessados<\/p>\n<p class=\"link-more\"><a class=\"more-link\" href=\"https:\/\/marcelolopes.jor.br\/site\/2019\/12\/08\/renovacao-de-matricula-nas-escolas-estaduais-e-prorrogado-ate-11-de-dezembro\/\">Leia mais <span class=\"screen-reader-text\">Renova\u00e7\u00e3o de matr\u00edcula nas escolas estaduais \u00e9 prorrogado at\u00e9 11 de dezembro<\/span><\/a><\/p>\n","protected":false},"author":2,"featured_media":9186,"comment_status":"open","ping_status":"open","sticky":false,"template":"","format":"standard","meta":{"footnotes":""},"categories":[1],"tags":[1771,933,678,1770],"class_list":["post-9184","post","type-post","status-publish","format-standard","has-post-thumbnail","hentry","category-noticias","tag-ensino-publico","tag-governo-de-minas","tag-matricula","tag-rede-estadual","thumb-below-title"],"yoast_head":"<!-- This site is optimized with the Yoast SEO plugin v27.4 - https:\/\/yoast.com\/product\/yoast-seo-wordpress\/ -->\n<title>Renova\u00e7\u00e3o de matr\u00edcula nas escolas estaduais \u00e9 prorrogado at\u00e9 11 de dezembro | Marcelo Lopes<\/title>\n<meta name=\"robots\" content=\"index, follow, max-snippet:-1, max-image-preview:large, max-video-preview:-1\" \/>\n<link rel=\"canonical\" href=\"https:\/\/marcelolopes.jor.br\/site\/2019\/12\/08\/renovacao-de-matricula-nas-escolas-estaduais-e-prorrogado-ate-11-de-dezembro\/\" \/>\n<meta property=\"og:locale\" content=\"pt_BR\" \/>\n<meta property=\"og:type\" content=\"article\" \/>\n<meta property=\"og:title\" content=\"Renova\u00e7\u00e3o de matr\u00edcula nas escolas estaduais \u00e9 prorrogado at\u00e9 11 de dezembro | Marcelo Lopes\" \/>\n<meta property=\"og:description\" content=\"Pais ou respons\u00e1veis por alunos que desejam continuar estudando na mesma escola estadual que estiveram matriculados em 2019 ganharam mais tempo para fazer a renova\u00e7\u00e3o de matr\u00edcula. O prazo foi prorrogado at\u00e9 a pr\u00f3xima quarta-feira, 11 de dezembro. Os interessadosLeia mais Renova\u00e7\u00e3o de matr\u00edcula nas escolas estaduais \u00e9 prorrogado at\u00e9 11 de dezembro\" \/>\n<meta property=\"og:url\" content=\"https:\/\/marcelolopes.jor.br\/site\/2019\/12\/08\/renovacao-de-matricula-nas-escolas-estaduais-e-prorrogado-ate-11-de-dezembro\/\" \/>\n<meta property=\"og:site_name\" content=\"Marcelo Lopes\" \/>\n<meta property=\"article:publisher\" content=\"https:\/\/www.facebook.com\/sitedomarcelolopes\" \/>\n<meta property=\"article:published_time\" content=\"2019-12-08T22:00:05+00:00\" \/>\n<meta property=\"og:image\" content=\"https:\/\/marcelolopes.jor.br\/site\/wp-content\/uploads\/2019\/12\/educacao-foto-eduardo-martino-original2.jpg\" \/>\n\t<meta property=\"og:image:width\" content=\"750\" \/>\n\t<meta property=\"og:image:height\" content=\"500\" \/>\n\t<meta property=\"og:image:type\" content=\"image\/jpeg\" \/>\n<meta name=\"author\" content=\"Marcelo Lopes\" \/>\n<meta name=\"twitter:card\" content=\"summary_large_image\" \/>\n<meta name=\"twitter:label1\" content=\"Escrito por\" \/>\n\t<meta name=\"twitter:data1\" content=\"Marcelo Lopes\" \/>\n\t<meta name=\"twitter:label2\" content=\"Est. tempo de leitura\" \/>\n\t<meta name=\"twitter:data2\" content=\"3 minutos\" \/>\n<script type=\"application\/ld+json\" class=\"yoast-schema-graph\">{\"@context\":\"https:\\\/\\\/schema.org\",\"@graph\":[{\"@type\":\"NewsArticle\",\"@id\":\"https:\\\/\\\/marcelolopes.jor.br\\\/site\\\/2019\\\/12\\\/08\\\/renovacao-de-matricula-nas-escolas-estaduais-e-prorrogado-ate-11-de-dezembro\\\/#article\",\"isPartOf\":{\"@id\":\"https:\\\/\\\/marcelolopes.jor.br\\\/site\\\/2019\\\/12\\\/08\\\/renovacao-de-matricula-nas-escolas-estaduais-e-prorrogado-ate-11-de-dezembro\\\/\"},\"author\":{\"name\":\"Marcelo Lopes\",\"@id\":\"https:\\\/\\\/marcelolopes.jor.br\\\/site\\\/#\\\/schema\\\/person\\\/3e7216a35c34d8fdf952b31da3d1f89f\"},\"headline\":\"Renova\u00e7\u00e3o de matr\u00edcula nas escolas estaduais \u00e9 prorrogado at\u00e9 11 de dezembro\",\"datePublished\":\"2019-12-08T22:00:05+00:00\",\"mainEntityOfPage\":{\"@id\":\"https:\\\/\\\/marcelolopes.jor.br\\\/site\\\/2019\\\/12\\\/08\\\/renovacao-de-matricula-nas-escolas-estaduais-e-prorrogado-ate-11-de-dezembro\\\/\"},\"wordCount\":688,\"commentCount\":0,\"publisher\":{\"@id\":\"https:\\\/\\\/marcelolopes.jor.br\\\/site\\\/#organization\"},\"image\":{\"@id\":\"https:\\\/\\\/marcelolopes.jor.br\\\/site\\\/2019\\\/12\\\/08\\\/renovacao-de-matricula-nas-escolas-estaduais-e-prorrogado-ate-11-de-dezembro\\\/#primaryimage\"},\"thumbnailUrl\":\"https:\\\/\\\/marcelolopes.jor.br\\\/site\\\/wp-content\\\/uploads\\\/2019\\\/12\\\/educacao-foto-eduardo-martino-original2.jpg\",\"keywords\":[\"ensino p\u00fablico\",\"governo de Minas\",\"matr\u00edcula\",\"rede estadual\"],\"articleSection\":[\"Not\u00edcias\"],\"inLanguage\":\"pt-BR\",\"potentialAction\":[{\"@type\":\"CommentAction\",\"name\":\"Comment\",\"target\":[\"https:\\\/\\\/marcelolopes.jor.br\\\/site\\\/2019\\\/12\\\/08\\\/renovacao-de-matricula-nas-escolas-estaduais-e-prorrogado-ate-11-de-dezembro\\\/#respond\"]}]},{\"@type\":\"WebPage\",\"@id\":\"https:\\\/\\\/marcelolopes.jor.br\\\/site\\\/2019\\\/12\\\/08\\\/renovacao-de-matricula-nas-escolas-estaduais-e-prorrogado-ate-11-de-dezembro\\\/\",\"url\":\"https:\\\/\\\/marcelolopes.jor.br\\\/site\\\/2019\\\/12\\\/08\\\/renovacao-de-matricula-nas-escolas-estaduais-e-prorrogado-ate-11-de-dezembro\\\/\",\"name\":\"Renova\u00e7\u00e3o de matr\u00edcula nas escolas estaduais \u00e9 prorrogado at\u00e9 11 de dezembro | Marcelo Lopes\",\"isPartOf\":{\"@id\":\"https:\\\/\\\/marcelolopes.jor.br\\\/site\\\/#website\"},\"primaryImageOfPage\":{\"@id\":\"https:\\\/\\\/marcelolopes.jor.br\\\/site\\\/2019\\\/12\\\/08\\\/renovacao-de-matricula-nas-escolas-estaduais-e-prorrogado-ate-11-de-dezembro\\\/#primaryimage\"},\"image\":{\"@id\":\"https:\\\/\\\/marcelolopes.jor.br\\\/site\\\/2019\\\/12\\\/08\\\/renovacao-de-matricula-nas-escolas-estaduais-e-prorrogado-ate-11-de-dezembro\\\/#primaryimage\"},\"thumbnailUrl\":\"https:\\\/\\\/marcelolopes.jor.br\\\/site\\\/wp-content\\\/uploads\\\/2019\\\/12\\\/educacao-foto-eduardo-martino-original2.jpg\",\"datePublished\":\"2019-12-08T22:00:05+00:00\",\"breadcrumb\":{\"@id\":\"https:\\\/\\\/marcelolopes.jor.br\\\/site\\\/2019\\\/12\\\/08\\\/renovacao-de-matricula-nas-escolas-estaduais-e-prorrogado-ate-11-de-dezembro\\\/#breadcrumb\"},\"inLanguage\":\"pt-BR\",\"potentialAction\":[{\"@type\":\"ReadAction\",\"target\":[\"https:\\\/\\\/marcelolopes.jor.br\\\/site\\\/2019\\\/12\\\/08\\\/renovacao-de-matricula-nas-escolas-estaduais-e-prorrogado-ate-11-de-dezembro\\\/\"]}]},{\"@type\":\"ImageObject\",\"inLanguage\":\"pt-BR\",\"@id\":\"https:\\\/\\\/marcelolopes.jor.br\\\/site\\\/2019\\\/12\\\/08\\\/renovacao-de-matricula-nas-escolas-estaduais-e-prorrogado-ate-11-de-dezembro\\\/#primaryimage\",\"url\":\"https:\\\/\\\/marcelolopes.jor.br\\\/site\\\/wp-content\\\/uploads\\\/2019\\\/12\\\/educacao-foto-eduardo-martino-original2.jpg\",\"contentUrl\":\"https:\\\/\\\/marcelolopes.jor.br\\\/site\\\/wp-content\\\/uploads\\\/2019\\\/12\\\/educacao-foto-eduardo-martino-original2.jpg\",\"width\":750,\"height\":500},{\"@type\":\"BreadcrumbList\",\"@id\":\"https:\\\/\\\/marcelolopes.jor.br\\\/site\\\/2019\\\/12\\\/08\\\/renovacao-de-matricula-nas-escolas-estaduais-e-prorrogado-ate-11-de-dezembro\\\/#breadcrumb\",\"itemListElement\":[{\"@type\":\"ListItem\",\"position\":1,\"name\":\"Home\",\"item\":\"https:\\\/\\\/marcelolopes.jor.br\\\/site\\\/\"},{\"@type\":\"ListItem\",\"position\":2,\"name\":\"Renova\u00e7\u00e3o de matr\u00edcula nas escolas estaduais \u00e9 prorrogado at\u00e9 11 de dezembro\"}]},{\"@type\":\"WebSite\",\"@id\":\"https:\\\/\\\/marcelolopes.jor.br\\\/site\\\/#website\",\"url\":\"https:\\\/\\\/marcelolopes.jor.br\\\/site\\\/\",\"name\":\"Marcelo Lopes\",\"description\":\"Not\u00edcias de Cataguases e Regi\u00e3o\",\"publisher\":{\"@id\":\"https:\\\/\\\/marcelolopes.jor.br\\\/site\\\/#organization\"},\"potentialAction\":[{\"@type\":\"SearchAction\",\"target\":{\"@type\":\"EntryPoint\",\"urlTemplate\":\"https:\\\/\\\/marcelolopes.jor.br\\\/site\\\/?s={search_term_string}\"},\"query-input\":{\"@type\":\"PropertyValueSpecification\",\"valueRequired\":true,\"valueName\":\"search_term_string\"}}],\"inLanguage\":\"pt-BR\"},{\"@type\":\"Organization\",\"@id\":\"https:\\\/\\\/marcelolopes.jor.br\\\/site\\\/#organization\",\"name\":\"Site do Marcelo Lopes\",\"url\":\"https:\\\/\\\/marcelolopes.jor.br\\\/site\\\/\",\"logo\":{\"@type\":\"ImageObject\",\"inLanguage\":\"pt-BR\",\"@id\":\"https:\\\/\\\/marcelolopes.jor.br\\\/site\\\/#\\\/schema\\\/logo\\\/image\\\/\",\"url\":\"https:\\\/\\\/marcelolopes.jor.br\\\/site\\\/wp-content\\\/uploads\\\/2024\\\/11\\\/logo-1.png\",\"contentUrl\":\"https:\\\/\\\/marcelolopes.jor.br\\\/site\\\/wp-content\\\/uploads\\\/2024\\\/11\\\/logo-1.png\",\"width\":475,\"height\":80,\"caption\":\"Site do Marcelo Lopes\"},\"image\":{\"@id\":\"https:\\\/\\\/marcelolopes.jor.br\\\/site\\\/#\\\/schema\\\/logo\\\/image\\\/\"},\"sameAs\":[\"https:\\\/\\\/www.facebook.com\\\/sitedomarcelolopes\",\"https:\\\/\\\/www.instagram.com\\\/sitedomarcelolopes\\\/\",\"https:\\\/\\\/www.linkedin.com\\\/company\\\/site-do-marcelo-lopes\\\/\",\"https:\\\/\\\/www.youtube.com\\\/user\\\/marcelolopes957\"]},{\"@type\":\"Person\",\"@id\":\"https:\\\/\\\/marcelolopes.jor.br\\\/site\\\/#\\\/schema\\\/person\\\/3e7216a35c34d8fdf952b31da3d1f89f\",\"name\":\"Marcelo Lopes\",\"sameAs\":[\"http:\\\/\\\/www.marcelolopes.jor.br\"],\"url\":\"https:\\\/\\\/marcelolopes.jor.br\\\/site\\\/author\\\/marcelo\\\/\"}]}<\/script>\n<!-- \/ Yoast SEO plugin. -->","yoast_head_json":{"title":"Renova\u00e7\u00e3o de matr\u00edcula nas escolas estaduais \u00e9 prorrogado at\u00e9 11 de dezembro | Marcelo Lopes","robots":{"index":"index","follow":"follow","max-snippet":"max-snippet:-1","max-image-preview":"max-image-preview:large","max-video-preview":"max-video-preview:-1"},"canonical":"https:\/\/marcelolopes.jor.br\/site\/2019\/12\/08\/renovacao-de-matricula-nas-escolas-estaduais-e-prorrogado-ate-11-de-dezembro\/","og_locale":"pt_BR","og_type":"article","og_title":"Renova\u00e7\u00e3o de matr\u00edcula nas escolas estaduais \u00e9 prorrogado at\u00e9 11 de dezembro | Marcelo Lopes","og_description":"Pais ou respons\u00e1veis por alunos que desejam continuar estudando na mesma escola estadual que estiveram matriculados em 2019 ganharam mais tempo para fazer a renova\u00e7\u00e3o de matr\u00edcula. O prazo foi prorrogado at\u00e9 a pr\u00f3xima quarta-feira, 11 de dezembro. Os interessadosLeia mais Renova\u00e7\u00e3o de matr\u00edcula nas escolas estaduais \u00e9 prorrogado at\u00e9 11 de dezembro","og_url":"https:\/\/marcelolopes.jor.br\/site\/2019\/12\/08\/renovacao-de-matricula-nas-escolas-estaduais-e-prorrogado-ate-11-de-dezembro\/","og_site_name":"Marcelo Lopes","article_publisher":"https:\/\/www.facebook.com\/sitedomarcelolopes","article_published_time":"2019-12-08T22:00:05+00:00","og_image":[{"width":750,"height":500,"url":"https:\/\/marcelolopes.jor.br\/site\/wp-content\/uploads\/2019\/12\/educacao-foto-eduardo-martino-original2.jpg","type":"image\/jpeg"}],"author":"Marcelo Lopes","twitter_card":"summary_large_image","twitter_misc":{"Escrito por":"Marcelo Lopes","Est. tempo de leitura":"3 minutos"},"schema":{"@context":"https:\/\/schema.org","@graph":[{"@type":"NewsArticle","@id":"https:\/\/marcelolopes.jor.br\/site\/2019\/12\/08\/renovacao-de-matricula-nas-escolas-estaduais-e-prorrogado-ate-11-de-dezembro\/#article","isPartOf":{"@id":"https:\/\/marcelolopes.jor.br\/site\/2019\/12\/08\/renovacao-de-matricula-nas-escolas-estaduais-e-prorrogado-ate-11-de-dezembro\/"},"author":{"name":"Marcelo Lopes","@id":"https:\/\/marcelolopes.jor.br\/site\/#\/schema\/person\/3e7216a35c34d8fdf952b31da3d1f89f"},"headline":"Renova\u00e7\u00e3o de matr\u00edcula nas escolas estaduais \u00e9 prorrogado at\u00e9 11 de dezembro","datePublished":"2019-12-08T22:00:05+00:00","mainEntityOfPage":{"@id":"https:\/\/marcelolopes.jor.br\/site\/2019\/12\/08\/renovacao-de-matricula-nas-escolas-estaduais-e-prorrogado-ate-11-de-dezembro\/"},"wordCount":688,"commentCount":0,"publisher":{"@id":"https:\/\/marcelolopes.jor.br\/site\/#organization"},"image":{"@id":"https:\/\/marcelolopes.jor.br\/site\/2019\/12\/08\/renovacao-de-matricula-nas-escolas-estaduais-e-prorrogado-ate-11-de-dezembro\/#primaryimage"},"thumbnailUrl":"https:\/\/marcelolopes.jor.br\/site\/wp-content\/uploads\/2019\/12\/educacao-foto-eduardo-martino-original2.jpg","keywords":["ensino p\u00fablico","governo de Minas","matr\u00edcula","rede estadual"],"articleSection":["Not\u00edcias"],"inLanguage":"pt-BR","potentialAction":[{"@type":"CommentAction","name":"Comment","target":["https:\/\/marcelolopes.jor.br\/site\/2019\/12\/08\/renovacao-de-matricula-nas-escolas-estaduais-e-prorrogado-ate-11-de-dezembro\/#respond"]}]},{"@type":"WebPage","@id":"https:\/\/marcelolopes.jor.br\/site\/2019\/12\/08\/renovacao-de-matricula-nas-escolas-estaduais-e-prorrogado-ate-11-de-dezembro\/","url":"https:\/\/marcelolopes.jor.br\/site\/2019\/12\/08\/renovacao-de-matricula-nas-escolas-estaduais-e-prorrogado-ate-11-de-dezembro\/","name":"Renova\u00e7\u00e3o de matr\u00edcula nas escolas estaduais \u00e9 prorrogado at\u00e9 11 de dezembro | Marcelo Lopes","isPartOf":{"@id":"https:\/\/marcelolopes.jor.br\/site\/#website"},"primaryImageOfPage":{"@id":"https:\/\/marcelolopes.jor.br\/site\/2019\/12\/08\/renovacao-de-matricula-nas-escolas-estaduais-e-prorrogado-ate-11-de-dezembro\/#primaryimage"},"image":{"@id":"https:\/\/marcelolopes.jor.br\/site\/2019\/12\/08\/renovacao-de-matricula-nas-escolas-estaduais-e-prorrogado-ate-11-de-dezembro\/#primaryimage"},"thumbnailUrl":"https:\/\/marcelolopes.jor.br\/site\/wp-content\/uploads\/2019\/12\/educacao-foto-eduardo-martino-original2.jpg","datePublished":"2019-12-08T22:00:05+00:00","breadcrumb":{"@id":"https:\/\/marcelolopes.jor.br\/site\/2019\/12\/08\/renovacao-de-matricula-nas-escolas-estaduais-e-prorrogado-ate-11-de-dezembro\/#breadcrumb"},"inLanguage":"pt-BR","potentialAction":[{"@type":"ReadAction","target":["https:\/\/marcelolopes.jor.br\/site\/2019\/12\/08\/renovacao-de-matricula-nas-escolas-estaduais-e-prorrogado-ate-11-de-dezembro\/"]}]},{"@type":"ImageObject","inLanguage":"pt-BR","@id":"https:\/\/marcelolopes.jor.br\/site\/2019\/12\/08\/renovacao-de-matricula-nas-escolas-estaduais-e-prorrogado-ate-11-de-dezembro\/#primaryimage","url":"https:\/\/marcelolopes.jor.br\/site\/wp-content\/uploads\/2019\/12\/educacao-foto-eduardo-martino-original2.jpg","contentUrl":"https:\/\/marcelolopes.jor.br\/site\/wp-content\/uploads\/2019\/12\/educacao-foto-eduardo-martino-original2.jpg","width":750,"height":500},{"@type":"BreadcrumbList","@id":"https:\/\/marcelolopes.jor.br\/site\/2019\/12\/08\/renovacao-de-matricula-nas-escolas-estaduais-e-prorrogado-ate-11-de-dezembro\/#breadcrumb","itemListElement":[{"@type":"ListItem","position":1,"name":"Home","item":"https:\/\/marcelolopes.jor.br\/site\/"},{"@type":"ListItem","position":2,"name":"Renova\u00e7\u00e3o de matr\u00edcula nas escolas estaduais \u00e9 prorrogado at\u00e9 11 de dezembro"}]},{"@type":"WebSite","@id":"https:\/\/marcelolopes.jor.br\/site\/#website","url":"https:\/\/marcelolopes.jor.br\/site\/","name":"Marcelo Lopes","description":"Not\u00edcias de Cataguases e Regi\u00e3o","publisher":{"@id":"https:\/\/marcelolopes.jor.br\/site\/#organization"},"potentialAction":[{"@type":"SearchAction","target":{"@type":"EntryPoint","urlTemplate":"https:\/\/marcelolopes.jor.br\/site\/?s={search_term_string}"},"query-input":{"@type":"PropertyValueSpecification","valueRequired":true,"valueName":"search_term_string"}}],"inLanguage":"pt-BR"},{"@type":"Organization","@id":"https:\/\/marcelolopes.jor.br\/site\/#organization","name":"Site do Marcelo Lopes","url":"https:\/\/marcelolopes.jor.br\/site\/","logo":{"@type":"ImageObject","inLanguage":"pt-BR","@id":"https:\/\/marcelolopes.jor.br\/site\/#\/schema\/logo\/image\/","url":"https:\/\/marcelolopes.jor.br\/site\/wp-content\/uploads\/2024\/11\/logo-1.png","contentUrl":"https:\/\/marcelolopes.jor.br\/site\/wp-content\/uploads\/2024\/11\/logo-1.png","width":475,"height":80,"caption":"Site do Marcelo Lopes"},"image":{"@id":"https:\/\/marcelolopes.jor.br\/site\/#\/schema\/logo\/image\/"},"sameAs":["https:\/\/www.facebook.com\/sitedomarcelolopes","https:\/\/www.instagram.com\/sitedomarcelolopes\/","https:\/\/www.linkedin.com\/company\/site-do-marcelo-lopes\/","https:\/\/www.youtube.com\/user\/marcelolopes957"]},{"@type":"Person","@id":"https:\/\/marcelolopes.jor.br\/site\/#\/schema\/person\/3e7216a35c34d8fdf952b31da3d1f89f","name":"Marcelo Lopes","sameAs":["http:\/\/www.marcelolopes.jor.br"],"url":"https:\/\/marcelolopes.jor.br\/site\/author\/marcelo\/"}]}},"wps_subtitle":"Interessados devem procurar a institui\u00e7\u00e3o com todos os documentos necess\u00e1rios para confirmar inscri\u00e7\u00e3o.","_links":{"self":[{"href":"https:\/\/marcelolopes.jor.br\/site\/wp-json\/wp\/v2\/posts\/9184","targetHints":{"allow":["GET"]}}],"collection":[{"href":"https:\/\/marcelolopes.jor.br\/site\/wp-json\/wp\/v2\/posts"}],"about":[{"href":"https:\/\/marcelolopes.jor.br\/site\/wp-json\/wp\/v2\/types\/post"}],"author":[{"embeddable":true,"href":"https:\/\/marcelolopes.jor.br\/site\/wp-json\/wp\/v2\/users\/2"}],"replies":[{"embeddable":true,"href":"https:\/\/marcelolopes.jor.br\/site\/wp-json\/wp\/v2\/comments?post=9184"}],"version-history":[{"count":0,"href":"https:\/\/marcelolopes.jor.br\/site\/wp-json\/wp\/v2\/posts\/9184\/revisions"}],"wp:featuredmedia":[{"embeddable":true,"href":"https:\/\/marcelolopes.jor.br\/site\/wp-json\/wp\/v2\/media\/9186"}],"wp:attachment":[{"href":"https:\/\/marcelolopes.jor.br\/site\/wp-json\/wp\/v2\/media?parent=9184"}],"wp:term":[{"taxonomy":"category","embeddable":true,"href":"https:\/\/marcelolopes.jor.br\/site\/wp-json\/wp\/v2\/categories?post=9184"},{"taxonomy":"post_tag","embeddable":true,"href":"https:\/\/marcelolopes.jor.br\/site\/wp-json\/wp\/v2\/tags?post=9184"}],"curies":[{"name":"wp","href":"https:\/\/api.w.org\/{rel}","templated":true}]}}