{"id":9117,"date":"2019-12-07T20:00:01","date_gmt":"2019-12-07T23:00:01","guid":{"rendered":"https:\/\/marcelolopes.jor.br\/?p=9117"},"modified":"2019-12-07T19:13:54","modified_gmt":"2019-12-07T22:13:54","slug":"editais-minas-de-culturas-populares-vao-investir-r25-milhoes-em-projetos-culturais","status":"publish","type":"post","link":"https:\/\/marcelolopes.jor.br\/site\/2019\/12\/07\/editais-minas-de-culturas-populares-vao-investir-r25-milhoes-em-projetos-culturais\/","title":{"rendered":"Editais \u201cMinas de Culturas Populares\u201d v\u00e3o investir R$2,5 milh\u00f5es em projetos culturais"},"content":{"rendered":"<p style=\"text-align: justify;\">As mais diversas formas de express\u00e3o da cultura popular mineira acabam de ganhar mais reconhecimento e fomento por parte da Secretaria de Estado de Cultura e Turismo de Minas Gerais (Secult). Dia 23 \u00faltimo, a pasta lan\u00e7ou, em Ara\u00e7ua\u00ed, no Vale do Jequitinhonha, os tr\u00eas editais \u201cMinas de Culturas Populares\u201d.<!--more--><\/p>\n<p style=\"text-align: justify;\">Juntos, eles representam um investimento, por meio do Fundo Estadual de Cultura (FEC), R$2,5 milh\u00f5es em projetos culturais de pessoas f\u00edsicas e de prefeituras municipais ou entidades conciliadas. Os editais est\u00e3o dispon\u00edveis no link abaixo:<\/p>\n<p style=\"text-align: justify;\"><a href=\"http:\/\/www.cultura.mg.gov.br\/gestor-cultural\/fomento\/fundo-estadual-de-cultura\">http:\/\/www.cultura.mg.gov.br\/gestor-cultural\/fomento\/fundo-estadual-de-cultura<\/a><\/p>\n<p style=\"text-align: justify;\"><strong>Descentraliza\u00e7\u00e3o de recursos<\/strong><br \/>\nO diferencial destes editais \u00e9 o crit\u00e9rio de distribui\u00e7\u00e3o dos recursos: cidades que tradicionalmente recebem menos investimentos p\u00fablicos na \u00e1rea cultural possuem mais chances de ser contempladas. Isso porque o \u00cdndice de Desenvolvimento Humano Municipal (IDHM) tamb\u00e9m ser\u00e1 levado em conta, ou seja, munic\u00edpios com baixo IDHM pontuam mais na avalia\u00e7\u00e3o dos projetos.<\/p>\n<p style=\"text-align: justify;\">Segundo o Secret\u00e1rio Marcelo Matte, um munic\u00edpio com baixo IDHM ter\u00e1 cinco vezes mais chance de ser contemplado.<\/p>\n<p style=\"text-align: justify;\">Conhe\u00e7a os Editais Minas de Culturas Populares:<\/p>\n<p style=\"text-align: justify;\"><strong>1 \u2013 Culturas Populares<\/strong><br \/>\nO Edital premiar\u00e1 iniciativas de artistas, mestres e demais profissionais (pessoa f\u00edsica) vinculados \u00e0 cultura popular e tradicional visando promover, valorizar e fortalecer as express\u00f5es dos diversos grupos e manifesta\u00e7\u00f5es da cultura popular, tradicional, urbana, afro-brasileira, ind\u00edgena e outras.<br \/>\nP\u00fablico-alvo: Artistas, mestres, artes\u00e3os, produtores, pesquisadores e pessoas f\u00edsicas vinculadas \u00e0 cultura popular e\/ou tradicional<br \/>\nTotal a ser investido: R$ 500 mil \u2013 Modalidade: premia\u00e7\u00e3o<\/p>\n<p style=\"text-align: justify;\"><strong>2 \u2013 Nossa Cultura (Pessoa Jur\u00eddica)<\/strong><br \/>\nO Edital destina-se aos \u00f3rg\u00e3os ou entidades de direito p\u00fablico municipal, visando estimular a realiza\u00e7\u00e3o de projetos culturais nas diversas linguagens e tem\u00e1ticas, tais como mostras, festivais, exibi\u00e7\u00f5es, circuitos de arte, festas populares e outros. Pela modalidade de repasse aos munic\u00edpios privilegia a descentraliza\u00e7\u00e3o dos investimentos do FEC via an\u00e1lise do \u00cdndice de Desenvolvimento Humano dos Munic\u00edpios \u2013 IDHM.<br \/>\nP\u00fablico-alvo: \u00f3rg\u00e3os ou entidades de direito p\u00fablico municipal de natureza cultural<br \/>\nTotal a ser investido: R$ 1 milh\u00e3o \u2013 Modalidade: conv\u00eanio \/ repasse a munic\u00edpios<\/p>\n<p style=\"text-align: justify;\"><strong>3 \u2013 Nossa Cultura (Pessoa F\u00edsica)<\/strong><br \/>\nO Edital premiar\u00e1 artistas, produtores e demais profissionais vinculados \u00e0 cultura para a realiza\u00e7\u00e3o de a\u00e7\u00f5es e atividades culturais, tais como concursos, mostras, feiras, festivais, festas populares e outras, com o objetivo de promover a difus\u00e3o e o acesso aos bens culturais de Minas Gerais, com foco na descentraliza\u00e7\u00e3o dos investimentos do FEC via an\u00e1lise do \u00cdndice de Desenvolvimento Humano dos Munic\u00edpios \u2013 IDHM.<br \/>\nP\u00fablico-alvo: artistas, produtores e demais profissionais vinculados ao universo da cultura e arte. Quem pensa, cria, produz e faz cultura.<br \/>\nTotal a ser investido: R$ 1 milh\u00e3o \u2013 Modalidade: premia\u00e7\u00e3o<\/p>\n<p style=\"text-align: justify;\"><strong>4- Programa Cultura das Gerais \u2013 Tem Cultura, tem valor!<\/strong><br \/>\nOs editais \u201cMinas de Culturas Populares\u201d integram o Programa Cultura das Gerais \u2013 s\u00e9rie de editais do Fundo Estadual de Cultura (FEC) para fomentar e valorizar os patrim\u00f4nios do estado. As \u201cminas\u201d de riquezas s\u00e3o muitas e est\u00e3o presentes na m\u00fasica mineira, no audiovisual, na literatura, na arte e em todas as suas manifesta\u00e7\u00f5es.<\/p>\n<p style=\"text-align: justify;\">Os editais fazem parte, tamb\u00e9m, do Programa Social de Fomento e Incentivo \u00e0 Cultura, que visa \u00e0 democratiza\u00e7\u00e3o do acesso \u00e0 cultura nas diversas \u00e1reas art\u00edsticas e culturais, contribuindo para o fortalecimento e profissionaliza\u00e7\u00e3o do mercado de produ\u00e7\u00e3o cultural no estado e para a distribui\u00e7\u00e3o descentralizada de recursos entre os variados setores da cultura por todas as regi\u00f5es de Minas Gerais.<\/p>\n<p style=\"text-align: justify;\">Os editais est\u00e3o dispon\u00edveis no site da Secult (<a href=\"http:\/\/www.cultura.mg.gov.br\/gestor-cultural\/fomento\/fundo-estadual-de-cultura\">http:\/\/www.cultura.mg.gov.br\/gestor-cultural\/fomento\/fundo-estadual-de-cultura<\/a>) e inscri\u00e7\u00f5es est\u00e3o abertas desde o dia (25\/11).<\/p>\n<p style=\"text-align: justify;\">Fonte: Secretaria de Cultura e Turismo de Minas Gerais<\/p>\n<div class=\"fbkpm69f70b79dcf08\" ><br><\/div><style type=\"text\/css\">\r\n@media screen and (min-width: 1201px) {\r\n.fbkpm69f70b79dcf08 {\r\ndisplay: block;\r\n}\r\n}\r\n@media screen and (min-width: 993px) and (max-width: 1200px) {\r\n.fbkpm69f70b79dcf08 {\r\ndisplay: block;\r\n}\r\n}\r\n@media screen and (min-width: 769px) and (max-width: 992px) {\r\n.fbkpm69f70b79dcf08 {\r\ndisplay: block;\r\n}\r\n}\r\n@media screen and (min-width: 768px) and (max-width: 768px) {\r\n.fbkpm69f70b79dcf08 {\r\ndisplay: block;\r\n}\r\n}\r\n@media screen and (max-width: 767px) {\r\n.fbkpm69f70b79dcf08 {\r\ndisplay: block;\r\n}\r\n}\r\n<\/style>\r\n<div class=\"cwuop69f70b79e21dd\" ><div id=\"div_destino\"><\/div>\r\n<script src=\"https:\/\/cdn.snsrsv.com\/sdk.js\"><\/script>\r\n<script >\r\n      new sdk(\"464030C30061EA8BE065000000000001\") \r\n          .appendTo(\"div_destino\")\r\n          .disableStyle(true) \r\n          .setCacheBusterMacro(\"%%CACHEBUSTER%%\")\r\n          .setSize(\"800\",\"214\")\r\n          .setClickMacro(\"%%CLICK_URL_ESC%%\") \r\n          .setReferrerUrlMacro(\"%%REFERRER_URL_ESC%%\") \r\n          .start(); \r\n<\/script><\/div><style type=\"text\/css\">\r\n@media screen and (min-width: 1201px) {\r\n.cwuop69f70b79e21dd {\r\ndisplay: block;\r\n}\r\n}\r\n@media screen and (min-width: 993px) and (max-width: 1200px) {\r\n.cwuop69f70b79e21dd {\r\ndisplay: block;\r\n}\r\n}\r\n@media screen and (min-width: 769px) and (max-width: 992px) {\r\n.cwuop69f70b79e21dd {\r\ndisplay: block;\r\n}\r\n}\r\n@media screen and (min-width: 768px) and (max-width: 768px) {\r\n.cwuop69f70b79e21dd {\r\ndisplay: block;\r\n}\r\n}\r\n@media screen and (max-width: 767px) {\r\n.cwuop69f70b79e21dd {\r\ndisplay: block;\r\n}\r\n}\r\n<\/style>\r\n","protected":false},"excerpt":{"rendered":"<p>As mais diversas formas de express\u00e3o da cultura popular mineira acabam de ganhar mais reconhecimento e fomento por parte da Secretaria de Estado de Cultura e Turismo de Minas Gerais (Secult). Dia 23 \u00faltimo, a pasta lan\u00e7ou, em Ara\u00e7ua\u00ed, no<\/p>\n<p class=\"link-more\"><a class=\"more-link\" href=\"https:\/\/marcelolopes.jor.br\/site\/2019\/12\/07\/editais-minas-de-culturas-populares-vao-investir-r25-milhoes-em-projetos-culturais\/\">Leia mais <span class=\"screen-reader-text\">Editais \u201cMinas de Culturas Populares\u201d v\u00e3o investir R$2,5 milh\u00f5es em projetos culturais<\/span><\/a><\/p>\n","protected":false},"author":2,"featured_media":9119,"comment_status":"open","ping_status":"open","sticky":false,"template":"","format":"standard","meta":{"footnotes":""},"categories":[1],"tags":[1765,97,1372,236],"class_list":["post-9117","post","type-post","status-publish","format-standard","has-post-thumbnail","hentry","category-noticias","tag-cultura-popular","tag-edital","tag-investimentos","tag-recursos","thumb-below-title"],"yoast_head":"<!-- This site is optimized with the Yoast SEO plugin v27.4 - https:\/\/yoast.com\/product\/yoast-seo-wordpress\/ -->\n<title>Editais \u201cMinas de Culturas Populares\u201d v\u00e3o investir R$2,5 milh\u00f5es em projetos culturais | Marcelo Lopes<\/title>\n<meta name=\"robots\" content=\"index, follow, max-snippet:-1, max-image-preview:large, max-video-preview:-1\" \/>\n<link rel=\"canonical\" href=\"https:\/\/marcelolopes.jor.br\/site\/2019\/12\/07\/editais-minas-de-culturas-populares-vao-investir-r25-milhoes-em-projetos-culturais\/\" \/>\n<meta property=\"og:locale\" content=\"pt_BR\" \/>\n<meta property=\"og:type\" content=\"article\" \/>\n<meta property=\"og:title\" content=\"Editais \u201cMinas de Culturas Populares\u201d v\u00e3o investir R$2,5 milh\u00f5es em projetos culturais | Marcelo Lopes\" \/>\n<meta property=\"og:description\" content=\"As mais diversas formas de express\u00e3o da cultura popular mineira acabam de ganhar mais reconhecimento e fomento por parte da Secretaria de Estado de Cultura e Turismo de Minas Gerais (Secult). Dia 23 \u00faltimo, a pasta lan\u00e7ou, em Ara\u00e7ua\u00ed, noLeia mais Editais \u201cMinas de Culturas Populares\u201d v\u00e3o investir R$2,5 milh\u00f5es em projetos culturais\" \/>\n<meta property=\"og:url\" content=\"https:\/\/marcelolopes.jor.br\/site\/2019\/12\/07\/editais-minas-de-culturas-populares-vao-investir-r25-milhoes-em-projetos-culturais\/\" \/>\n<meta property=\"og:site_name\" content=\"Marcelo Lopes\" \/>\n<meta property=\"article:publisher\" content=\"https:\/\/www.facebook.com\/sitedomarcelolopes\" \/>\n<meta property=\"article:published_time\" content=\"2019-12-07T23:00:01+00:00\" \/>\n<meta property=\"og:image\" content=\"https:\/\/marcelolopes.jor.br\/site\/wp-content\/uploads\/2019\/12\/folia_de_reis_contagem.jpg\" \/>\n\t<meta property=\"og:image:width\" content=\"655\" \/>\n\t<meta property=\"og:image:height\" content=\"430\" \/>\n\t<meta property=\"og:image:type\" content=\"image\/jpeg\" \/>\n<meta name=\"author\" content=\"Marcelo Lopes\" \/>\n<meta name=\"twitter:card\" content=\"summary_large_image\" \/>\n<meta name=\"twitter:label1\" content=\"Escrito por\" \/>\n\t<meta name=\"twitter:data1\" content=\"Marcelo Lopes\" \/>\n\t<meta name=\"twitter:label2\" content=\"Est. tempo de leitura\" \/>\n\t<meta name=\"twitter:data2\" content=\"3 minutos\" \/>\n<script type=\"application\/ld+json\" class=\"yoast-schema-graph\">{\"@context\":\"https:\\\/\\\/schema.org\",\"@graph\":[{\"@type\":\"NewsArticle\",\"@id\":\"https:\\\/\\\/marcelolopes.jor.br\\\/site\\\/2019\\\/12\\\/07\\\/editais-minas-de-culturas-populares-vao-investir-r25-milhoes-em-projetos-culturais\\\/#article\",\"isPartOf\":{\"@id\":\"https:\\\/\\\/marcelolopes.jor.br\\\/site\\\/2019\\\/12\\\/07\\\/editais-minas-de-culturas-populares-vao-investir-r25-milhoes-em-projetos-culturais\\\/\"},\"author\":{\"name\":\"Marcelo Lopes\",\"@id\":\"https:\\\/\\\/marcelolopes.jor.br\\\/site\\\/#\\\/schema\\\/person\\\/3e7216a35c34d8fdf952b31da3d1f89f\"},\"headline\":\"Editais \u201cMinas de Culturas Populares\u201d v\u00e3o investir R$2,5 milh\u00f5es em projetos culturais\",\"datePublished\":\"2019-12-07T23:00:01+00:00\",\"mainEntityOfPage\":{\"@id\":\"https:\\\/\\\/marcelolopes.jor.br\\\/site\\\/2019\\\/12\\\/07\\\/editais-minas-de-culturas-populares-vao-investir-r25-milhoes-em-projetos-culturais\\\/\"},\"wordCount\":650,\"commentCount\":0,\"publisher\":{\"@id\":\"https:\\\/\\\/marcelolopes.jor.br\\\/site\\\/#organization\"},\"image\":{\"@id\":\"https:\\\/\\\/marcelolopes.jor.br\\\/site\\\/2019\\\/12\\\/07\\\/editais-minas-de-culturas-populares-vao-investir-r25-milhoes-em-projetos-culturais\\\/#primaryimage\"},\"thumbnailUrl\":\"https:\\\/\\\/marcelolopes.jor.br\\\/site\\\/wp-content\\\/uploads\\\/2019\\\/12\\\/folia_de_reis_contagem.jpg\",\"keywords\":[\"Cultura Popular\",\"edital\",\"investimentos\",\"recursos\"],\"articleSection\":[\"Not\u00edcias\"],\"inLanguage\":\"pt-BR\",\"potentialAction\":[{\"@type\":\"CommentAction\",\"name\":\"Comment\",\"target\":[\"https:\\\/\\\/marcelolopes.jor.br\\\/site\\\/2019\\\/12\\\/07\\\/editais-minas-de-culturas-populares-vao-investir-r25-milhoes-em-projetos-culturais\\\/#respond\"]}]},{\"@type\":\"WebPage\",\"@id\":\"https:\\\/\\\/marcelolopes.jor.br\\\/site\\\/2019\\\/12\\\/07\\\/editais-minas-de-culturas-populares-vao-investir-r25-milhoes-em-projetos-culturais\\\/\",\"url\":\"https:\\\/\\\/marcelolopes.jor.br\\\/site\\\/2019\\\/12\\\/07\\\/editais-minas-de-culturas-populares-vao-investir-r25-milhoes-em-projetos-culturais\\\/\",\"name\":\"Editais \u201cMinas de Culturas Populares\u201d v\u00e3o investir R$2,5 milh\u00f5es em projetos culturais | Marcelo Lopes\",\"isPartOf\":{\"@id\":\"https:\\\/\\\/marcelolopes.jor.br\\\/site\\\/#website\"},\"primaryImageOfPage\":{\"@id\":\"https:\\\/\\\/marcelolopes.jor.br\\\/site\\\/2019\\\/12\\\/07\\\/editais-minas-de-culturas-populares-vao-investir-r25-milhoes-em-projetos-culturais\\\/#primaryimage\"},\"image\":{\"@id\":\"https:\\\/\\\/marcelolopes.jor.br\\\/site\\\/2019\\\/12\\\/07\\\/editais-minas-de-culturas-populares-vao-investir-r25-milhoes-em-projetos-culturais\\\/#primaryimage\"},\"thumbnailUrl\":\"https:\\\/\\\/marcelolopes.jor.br\\\/site\\\/wp-content\\\/uploads\\\/2019\\\/12\\\/folia_de_reis_contagem.jpg\",\"datePublished\":\"2019-12-07T23:00:01+00:00\",\"breadcrumb\":{\"@id\":\"https:\\\/\\\/marcelolopes.jor.br\\\/site\\\/2019\\\/12\\\/07\\\/editais-minas-de-culturas-populares-vao-investir-r25-milhoes-em-projetos-culturais\\\/#breadcrumb\"},\"inLanguage\":\"pt-BR\",\"potentialAction\":[{\"@type\":\"ReadAction\",\"target\":[\"https:\\\/\\\/marcelolopes.jor.br\\\/site\\\/2019\\\/12\\\/07\\\/editais-minas-de-culturas-populares-vao-investir-r25-milhoes-em-projetos-culturais\\\/\"]}]},{\"@type\":\"ImageObject\",\"inLanguage\":\"pt-BR\",\"@id\":\"https:\\\/\\\/marcelolopes.jor.br\\\/site\\\/2019\\\/12\\\/07\\\/editais-minas-de-culturas-populares-vao-investir-r25-milhoes-em-projetos-culturais\\\/#primaryimage\",\"url\":\"https:\\\/\\\/marcelolopes.jor.br\\\/site\\\/wp-content\\\/uploads\\\/2019\\\/12\\\/folia_de_reis_contagem.jpg\",\"contentUrl\":\"https:\\\/\\\/marcelolopes.jor.br\\\/site\\\/wp-content\\\/uploads\\\/2019\\\/12\\\/folia_de_reis_contagem.jpg\",\"width\":655,\"height\":430},{\"@type\":\"BreadcrumbList\",\"@id\":\"https:\\\/\\\/marcelolopes.jor.br\\\/site\\\/2019\\\/12\\\/07\\\/editais-minas-de-culturas-populares-vao-investir-r25-milhoes-em-projetos-culturais\\\/#breadcrumb\",\"itemListElement\":[{\"@type\":\"ListItem\",\"position\":1,\"name\":\"Home\",\"item\":\"https:\\\/\\\/marcelolopes.jor.br\\\/site\\\/\"},{\"@type\":\"ListItem\",\"position\":2,\"name\":\"Editais \u201cMinas de Culturas Populares\u201d v\u00e3o investir R$2,5 milh\u00f5es em projetos culturais\"}]},{\"@type\":\"WebSite\",\"@id\":\"https:\\\/\\\/marcelolopes.jor.br\\\/site\\\/#website\",\"url\":\"https:\\\/\\\/marcelolopes.jor.br\\\/site\\\/\",\"name\":\"Marcelo Lopes\",\"description\":\"Not\u00edcias de Cataguases e Regi\u00e3o\",\"publisher\":{\"@id\":\"https:\\\/\\\/marcelolopes.jor.br\\\/site\\\/#organization\"},\"potentialAction\":[{\"@type\":\"SearchAction\",\"target\":{\"@type\":\"EntryPoint\",\"urlTemplate\":\"https:\\\/\\\/marcelolopes.jor.br\\\/site\\\/?s={search_term_string}\"},\"query-input\":{\"@type\":\"PropertyValueSpecification\",\"valueRequired\":true,\"valueName\":\"search_term_string\"}}],\"inLanguage\":\"pt-BR\"},{\"@type\":\"Organization\",\"@id\":\"https:\\\/\\\/marcelolopes.jor.br\\\/site\\\/#organization\",\"name\":\"Site do Marcelo Lopes\",\"url\":\"https:\\\/\\\/marcelolopes.jor.br\\\/site\\\/\",\"logo\":{\"@type\":\"ImageObject\",\"inLanguage\":\"pt-BR\",\"@id\":\"https:\\\/\\\/marcelolopes.jor.br\\\/site\\\/#\\\/schema\\\/logo\\\/image\\\/\",\"url\":\"https:\\\/\\\/marcelolopes.jor.br\\\/site\\\/wp-content\\\/uploads\\\/2024\\\/11\\\/logo-1.png\",\"contentUrl\":\"https:\\\/\\\/marcelolopes.jor.br\\\/site\\\/wp-content\\\/uploads\\\/2024\\\/11\\\/logo-1.png\",\"width\":475,\"height\":80,\"caption\":\"Site do Marcelo Lopes\"},\"image\":{\"@id\":\"https:\\\/\\\/marcelolopes.jor.br\\\/site\\\/#\\\/schema\\\/logo\\\/image\\\/\"},\"sameAs\":[\"https:\\\/\\\/www.facebook.com\\\/sitedomarcelolopes\",\"https:\\\/\\\/www.instagram.com\\\/sitedomarcelolopes\\\/\",\"https:\\\/\\\/www.linkedin.com\\\/company\\\/site-do-marcelo-lopes\\\/\",\"https:\\\/\\\/www.youtube.com\\\/user\\\/marcelolopes957\"]},{\"@type\":\"Person\",\"@id\":\"https:\\\/\\\/marcelolopes.jor.br\\\/site\\\/#\\\/schema\\\/person\\\/3e7216a35c34d8fdf952b31da3d1f89f\",\"name\":\"Marcelo Lopes\",\"sameAs\":[\"http:\\\/\\\/www.marcelolopes.jor.br\"],\"url\":\"https:\\\/\\\/marcelolopes.jor.br\\\/site\\\/author\\\/marcelo\\\/\"}]}<\/script>\n<!-- \/ Yoast SEO plugin. -->","yoast_head_json":{"title":"Editais \u201cMinas de Culturas Populares\u201d v\u00e3o investir R$2,5 milh\u00f5es em projetos culturais | Marcelo Lopes","robots":{"index":"index","follow":"follow","max-snippet":"max-snippet:-1","max-image-preview":"max-image-preview:large","max-video-preview":"max-video-preview:-1"},"canonical":"https:\/\/marcelolopes.jor.br\/site\/2019\/12\/07\/editais-minas-de-culturas-populares-vao-investir-r25-milhoes-em-projetos-culturais\/","og_locale":"pt_BR","og_type":"article","og_title":"Editais \u201cMinas de Culturas Populares\u201d v\u00e3o investir R$2,5 milh\u00f5es em projetos culturais | Marcelo Lopes","og_description":"As mais diversas formas de express\u00e3o da cultura popular mineira acabam de ganhar mais reconhecimento e fomento por parte da Secretaria de Estado de Cultura e Turismo de Minas Gerais (Secult). Dia 23 \u00faltimo, a pasta lan\u00e7ou, em Ara\u00e7ua\u00ed, noLeia mais Editais \u201cMinas de Culturas Populares\u201d v\u00e3o investir R$2,5 milh\u00f5es em projetos culturais","og_url":"https:\/\/marcelolopes.jor.br\/site\/2019\/12\/07\/editais-minas-de-culturas-populares-vao-investir-r25-milhoes-em-projetos-culturais\/","og_site_name":"Marcelo Lopes","article_publisher":"https:\/\/www.facebook.com\/sitedomarcelolopes","article_published_time":"2019-12-07T23:00:01+00:00","og_image":[{"width":655,"height":430,"url":"https:\/\/marcelolopes.jor.br\/site\/wp-content\/uploads\/2019\/12\/folia_de_reis_contagem.jpg","type":"image\/jpeg"}],"author":"Marcelo Lopes","twitter_card":"summary_large_image","twitter_misc":{"Escrito por":"Marcelo Lopes","Est. tempo de leitura":"3 minutos"},"schema":{"@context":"https:\/\/schema.org","@graph":[{"@type":"NewsArticle","@id":"https:\/\/marcelolopes.jor.br\/site\/2019\/12\/07\/editais-minas-de-culturas-populares-vao-investir-r25-milhoes-em-projetos-culturais\/#article","isPartOf":{"@id":"https:\/\/marcelolopes.jor.br\/site\/2019\/12\/07\/editais-minas-de-culturas-populares-vao-investir-r25-milhoes-em-projetos-culturais\/"},"author":{"name":"Marcelo Lopes","@id":"https:\/\/marcelolopes.jor.br\/site\/#\/schema\/person\/3e7216a35c34d8fdf952b31da3d1f89f"},"headline":"Editais \u201cMinas de Culturas Populares\u201d v\u00e3o investir R$2,5 milh\u00f5es em projetos culturais","datePublished":"2019-12-07T23:00:01+00:00","mainEntityOfPage":{"@id":"https:\/\/marcelolopes.jor.br\/site\/2019\/12\/07\/editais-minas-de-culturas-populares-vao-investir-r25-milhoes-em-projetos-culturais\/"},"wordCount":650,"commentCount":0,"publisher":{"@id":"https:\/\/marcelolopes.jor.br\/site\/#organization"},"image":{"@id":"https:\/\/marcelolopes.jor.br\/site\/2019\/12\/07\/editais-minas-de-culturas-populares-vao-investir-r25-milhoes-em-projetos-culturais\/#primaryimage"},"thumbnailUrl":"https:\/\/marcelolopes.jor.br\/site\/wp-content\/uploads\/2019\/12\/folia_de_reis_contagem.jpg","keywords":["Cultura Popular","edital","investimentos","recursos"],"articleSection":["Not\u00edcias"],"inLanguage":"pt-BR","potentialAction":[{"@type":"CommentAction","name":"Comment","target":["https:\/\/marcelolopes.jor.br\/site\/2019\/12\/07\/editais-minas-de-culturas-populares-vao-investir-r25-milhoes-em-projetos-culturais\/#respond"]}]},{"@type":"WebPage","@id":"https:\/\/marcelolopes.jor.br\/site\/2019\/12\/07\/editais-minas-de-culturas-populares-vao-investir-r25-milhoes-em-projetos-culturais\/","url":"https:\/\/marcelolopes.jor.br\/site\/2019\/12\/07\/editais-minas-de-culturas-populares-vao-investir-r25-milhoes-em-projetos-culturais\/","name":"Editais \u201cMinas de Culturas Populares\u201d v\u00e3o investir R$2,5 milh\u00f5es em projetos culturais | Marcelo Lopes","isPartOf":{"@id":"https:\/\/marcelolopes.jor.br\/site\/#website"},"primaryImageOfPage":{"@id":"https:\/\/marcelolopes.jor.br\/site\/2019\/12\/07\/editais-minas-de-culturas-populares-vao-investir-r25-milhoes-em-projetos-culturais\/#primaryimage"},"image":{"@id":"https:\/\/marcelolopes.jor.br\/site\/2019\/12\/07\/editais-minas-de-culturas-populares-vao-investir-r25-milhoes-em-projetos-culturais\/#primaryimage"},"thumbnailUrl":"https:\/\/marcelolopes.jor.br\/site\/wp-content\/uploads\/2019\/12\/folia_de_reis_contagem.jpg","datePublished":"2019-12-07T23:00:01+00:00","breadcrumb":{"@id":"https:\/\/marcelolopes.jor.br\/site\/2019\/12\/07\/editais-minas-de-culturas-populares-vao-investir-r25-milhoes-em-projetos-culturais\/#breadcrumb"},"inLanguage":"pt-BR","potentialAction":[{"@type":"ReadAction","target":["https:\/\/marcelolopes.jor.br\/site\/2019\/12\/07\/editais-minas-de-culturas-populares-vao-investir-r25-milhoes-em-projetos-culturais\/"]}]},{"@type":"ImageObject","inLanguage":"pt-BR","@id":"https:\/\/marcelolopes.jor.br\/site\/2019\/12\/07\/editais-minas-de-culturas-populares-vao-investir-r25-milhoes-em-projetos-culturais\/#primaryimage","url":"https:\/\/marcelolopes.jor.br\/site\/wp-content\/uploads\/2019\/12\/folia_de_reis_contagem.jpg","contentUrl":"https:\/\/marcelolopes.jor.br\/site\/wp-content\/uploads\/2019\/12\/folia_de_reis_contagem.jpg","width":655,"height":430},{"@type":"BreadcrumbList","@id":"https:\/\/marcelolopes.jor.br\/site\/2019\/12\/07\/editais-minas-de-culturas-populares-vao-investir-r25-milhoes-em-projetos-culturais\/#breadcrumb","itemListElement":[{"@type":"ListItem","position":1,"name":"Home","item":"https:\/\/marcelolopes.jor.br\/site\/"},{"@type":"ListItem","position":2,"name":"Editais \u201cMinas de Culturas Populares\u201d v\u00e3o investir R$2,5 milh\u00f5es em projetos culturais"}]},{"@type":"WebSite","@id":"https:\/\/marcelolopes.jor.br\/site\/#website","url":"https:\/\/marcelolopes.jor.br\/site\/","name":"Marcelo Lopes","description":"Not\u00edcias de Cataguases e Regi\u00e3o","publisher":{"@id":"https:\/\/marcelolopes.jor.br\/site\/#organization"},"potentialAction":[{"@type":"SearchAction","target":{"@type":"EntryPoint","urlTemplate":"https:\/\/marcelolopes.jor.br\/site\/?s={search_term_string}"},"query-input":{"@type":"PropertyValueSpecification","valueRequired":true,"valueName":"search_term_string"}}],"inLanguage":"pt-BR"},{"@type":"Organization","@id":"https:\/\/marcelolopes.jor.br\/site\/#organization","name":"Site do Marcelo Lopes","url":"https:\/\/marcelolopes.jor.br\/site\/","logo":{"@type":"ImageObject","inLanguage":"pt-BR","@id":"https:\/\/marcelolopes.jor.br\/site\/#\/schema\/logo\/image\/","url":"https:\/\/marcelolopes.jor.br\/site\/wp-content\/uploads\/2024\/11\/logo-1.png","contentUrl":"https:\/\/marcelolopes.jor.br\/site\/wp-content\/uploads\/2024\/11\/logo-1.png","width":475,"height":80,"caption":"Site do Marcelo Lopes"},"image":{"@id":"https:\/\/marcelolopes.jor.br\/site\/#\/schema\/logo\/image\/"},"sameAs":["https:\/\/www.facebook.com\/sitedomarcelolopes","https:\/\/www.instagram.com\/sitedomarcelolopes\/","https:\/\/www.linkedin.com\/company\/site-do-marcelo-lopes\/","https:\/\/www.youtube.com\/user\/marcelolopes957"]},{"@type":"Person","@id":"https:\/\/marcelolopes.jor.br\/site\/#\/schema\/person\/3e7216a35c34d8fdf952b31da3d1f89f","name":"Marcelo Lopes","sameAs":["http:\/\/www.marcelolopes.jor.br"],"url":"https:\/\/marcelolopes.jor.br\/site\/author\/marcelo\/"}]}},"wps_subtitle":"Juntos, eles representam um investimento, por meio do Fundo Estadual de Cultura, de R$2,5 milh\u00f5es em projetos","_links":{"self":[{"href":"https:\/\/marcelolopes.jor.br\/site\/wp-json\/wp\/v2\/posts\/9117","targetHints":{"allow":["GET"]}}],"collection":[{"href":"https:\/\/marcelolopes.jor.br\/site\/wp-json\/wp\/v2\/posts"}],"about":[{"href":"https:\/\/marcelolopes.jor.br\/site\/wp-json\/wp\/v2\/types\/post"}],"author":[{"embeddable":true,"href":"https:\/\/marcelolopes.jor.br\/site\/wp-json\/wp\/v2\/users\/2"}],"replies":[{"embeddable":true,"href":"https:\/\/marcelolopes.jor.br\/site\/wp-json\/wp\/v2\/comments?post=9117"}],"version-history":[{"count":0,"href":"https:\/\/marcelolopes.jor.br\/site\/wp-json\/wp\/v2\/posts\/9117\/revisions"}],"wp:featuredmedia":[{"embeddable":true,"href":"https:\/\/marcelolopes.jor.br\/site\/wp-json\/wp\/v2\/media\/9119"}],"wp:attachment":[{"href":"https:\/\/marcelolopes.jor.br\/site\/wp-json\/wp\/v2\/media?parent=9117"}],"wp:term":[{"taxonomy":"category","embeddable":true,"href":"https:\/\/marcelolopes.jor.br\/site\/wp-json\/wp\/v2\/categories?post=9117"},{"taxonomy":"post_tag","embeddable":true,"href":"https:\/\/marcelolopes.jor.br\/site\/wp-json\/wp\/v2\/tags?post=9117"}],"curies":[{"name":"wp","href":"https:\/\/api.w.org\/{rel}","templated":true}]}}