{"id":905,"date":"2019-05-02T12:30:53","date_gmt":"2019-05-02T15:30:53","guid":{"rendered":"https:\/\/marcelolopes.jor.br\/?p=905"},"modified":"2023-10-15T09:34:40","modified_gmt":"2023-10-15T12:34:40","slug":"taxista-e-esfaqueado-durante-assalto-em-muriae","status":"publish","type":"post","link":"https:\/\/marcelolopes.jor.br\/site\/2019\/05\/02\/taxista-e-esfaqueado-durante-assalto-em-muriae\/","title":{"rendered":"Taxista \u00e9 esfaqueado durante assalto em Muria\u00e9"},"content":{"rendered":"<p style=\"text-align: justify;\">Um taxista foi esfaqueado, ap\u00f3s uma tentativa de assalto, na noite desta quarta-feira, 1\u00ba de maio, em Muria\u00e9. De acordo com informa\u00e7\u00f5es da Pol\u00edcia Militar, dois homens o abordaram em um ponto de taxi, na Pra\u00e7a Jo\u00e3o Pinheiro, pedindo que os levasse ao bairro Inconfid\u00eancia.<!--more--><\/p>\n<p style=\"text-align: justify;\">Quando o ve\u00edculo aproximou-se do trevo do bairro Porto, na BR-356, um dos bandidos que estava sentado no banco de tr\u00e1s do ve\u00edculo, apontou uma faca para o taxista e anunciou o assalto.<\/p>\n<p style=\"text-align: justify;\">Ele reagiu tentando sair do carro para fugir, mas recebeu um golpe nas costas. Em seguida, os autores desceram do ve\u00edculo e correram em dire\u00e7\u00e3o a ponte que liga ao Porto com a rodovia.<\/p>\n<p style=\"text-align: justify;\">O taxista, mesmo ferido, conseguiu dirigir at\u00e9 o Hospital S\u00e3o Paulo, onde recebeu atendimentos m\u00e9dicos.<\/p>\n<p style=\"text-align: justify;\">A PM foi acionada e realizou intenso rastreamento para localizar os suspeitos, mas at\u00e9 o momento ningu\u00e9m foi preso.<\/p>\n<div class=\"fzcco69f71d84e518e\" ><br><\/div><style type=\"text\/css\">\r\n@media screen and (min-width: 1201px) {\r\n.fzcco69f71d84e518e {\r\ndisplay: block;\r\n}\r\n}\r\n@media screen and (min-width: 993px) and (max-width: 1200px) {\r\n.fzcco69f71d84e518e {\r\ndisplay: block;\r\n}\r\n}\r\n@media screen and (min-width: 769px) and (max-width: 992px) {\r\n.fzcco69f71d84e518e {\r\ndisplay: block;\r\n}\r\n}\r\n@media screen and (min-width: 768px) and (max-width: 768px) {\r\n.fzcco69f71d84e518e {\r\ndisplay: block;\r\n}\r\n}\r\n@media screen and (max-width: 767px) {\r\n.fzcco69f71d84e518e {\r\ndisplay: block;\r\n}\r\n}\r\n<\/style>\r\n<div class=\"qwgbp69f71d84e9935\" ><div id=\"div_destino\"><\/div>\r\n<script src=\"https:\/\/cdn.snsrsv.com\/sdk.js\"><\/script>\r\n<script >\r\n      new sdk(\"464030C30061EA8BE065000000000001\") \r\n          .appendTo(\"div_destino\")\r\n          .disableStyle(true) \r\n          .setCacheBusterMacro(\"%%CACHEBUSTER%%\")\r\n          .setSize(\"800\",\"214\")\r\n          .setClickMacro(\"%%CLICK_URL_ESC%%\") \r\n          .setReferrerUrlMacro(\"%%REFERRER_URL_ESC%%\") \r\n          .start(); \r\n<\/script><\/div><style type=\"text\/css\">\r\n@media screen and (min-width: 1201px) {\r\n.qwgbp69f71d84e9935 {\r\ndisplay: block;\r\n}\r\n}\r\n@media screen and (min-width: 993px) and (max-width: 1200px) {\r\n.qwgbp69f71d84e9935 {\r\ndisplay: block;\r\n}\r\n}\r\n@media screen and (min-width: 769px) and (max-width: 992px) {\r\n.qwgbp69f71d84e9935 {\r\ndisplay: block;\r\n}\r\n}\r\n@media screen and (min-width: 768px) and (max-width: 768px) {\r\n.qwgbp69f71d84e9935 {\r\ndisplay: block;\r\n}\r\n}\r\n@media screen and (max-width: 767px) {\r\n.qwgbp69f71d84e9935 {\r\ndisplay: block;\r\n}\r\n}\r\n<\/style>\r\n","protected":false},"excerpt":{"rendered":"<p>Um taxista foi esfaqueado, ap\u00f3s uma tentativa de assalto, na noite desta quarta-feira, 1\u00ba de maio, em Muria\u00e9. De acordo com informa\u00e7\u00f5es da Pol\u00edcia Militar, dois homens o abordaram em um ponto de taxi, na Pra\u00e7a Jo\u00e3o Pinheiro, pedindo que<\/p>\n<p class=\"link-more\"><a class=\"more-link\" href=\"https:\/\/marcelolopes.jor.br\/site\/2019\/05\/02\/taxista-e-esfaqueado-durante-assalto-em-muriae\/\">Leia mais <span class=\"screen-reader-text\">Taxista \u00e9 esfaqueado durante assalto em Muria\u00e9<\/span><\/a><\/p>\n","protected":false},"author":2,"featured_media":906,"comment_status":"open","ping_status":"open","sticky":false,"template":"","format":"standard","meta":{"footnotes":""},"categories":[1],"tags":[74,93,91,92],"class_list":["post-905","post","type-post","status-publish","format-standard","has-post-thumbnail","hentry","category-noticias","tag-crime","tag-facada","tag-taxi","tag-taxista","thumb-below-title"],"yoast_head":"<!-- This site is optimized with the Yoast SEO plugin v27.4 - https:\/\/yoast.com\/product\/yoast-seo-wordpress\/ -->\n<title>Taxista \u00e9 esfaqueado durante assalto em Muria\u00e9 | Marcelo Lopes<\/title>\n<meta name=\"description\" content=\"Taxista \u00e9 esfaqueado durante assalto em Muria\u00e9. Dois marginais o agrediram dentro de seu ve\u00edculo durante corrida a um bairro daquela cidade\" \/>\n<meta name=\"robots\" content=\"index, follow, max-snippet:-1, max-image-preview:large, max-video-preview:-1\" \/>\n<link rel=\"canonical\" href=\"https:\/\/marcelolopes.jor.br\/site\/2019\/05\/02\/taxista-e-esfaqueado-durante-assalto-em-muriae\/\" \/>\n<meta property=\"og:locale\" content=\"pt_BR\" \/>\n<meta property=\"og:type\" content=\"article\" \/>\n<meta property=\"og:title\" content=\"Taxista \u00e9 esfaqueado durante assalto em Muria\u00e9 | Marcelo Lopes\" \/>\n<meta property=\"og:description\" content=\"Taxista \u00e9 esfaqueado durante assalto em Muria\u00e9. Dois marginais o agrediram dentro de seu ve\u00edculo durante corrida a um bairro daquela cidade\" \/>\n<meta property=\"og:url\" content=\"https:\/\/marcelolopes.jor.br\/site\/2019\/05\/02\/taxista-e-esfaqueado-durante-assalto-em-muriae\/\" \/>\n<meta property=\"og:site_name\" content=\"Marcelo Lopes\" \/>\n<meta property=\"article:publisher\" content=\"https:\/\/www.facebook.com\/sitedomarcelolopes\" \/>\n<meta property=\"article:published_time\" content=\"2019-05-02T15:30:53+00:00\" \/>\n<meta property=\"article:modified_time\" content=\"2023-10-15T12:34:40+00:00\" \/>\n<meta property=\"og:image\" content=\"https:\/\/marcelolopes.jor.br\/site\/wp-content\/uploads\/2019\/05\/20190502112212_631.jpg\" \/>\n\t<meta property=\"og:image:width\" content=\"800\" \/>\n\t<meta property=\"og:image:height\" content=\"600\" \/>\n\t<meta property=\"og:image:type\" content=\"image\/jpeg\" \/>\n<meta name=\"author\" content=\"Marcelo Lopes\" \/>\n<meta name=\"twitter:card\" content=\"summary_large_image\" \/>\n<meta name=\"twitter:label1\" content=\"Escrito por\" \/>\n\t<meta name=\"twitter:data1\" content=\"Marcelo Lopes\" \/>\n\t<meta name=\"twitter:label2\" content=\"Est. tempo de leitura\" \/>\n\t<meta name=\"twitter:data2\" content=\"1 minuto\" \/>\n<script type=\"application\/ld+json\" class=\"yoast-schema-graph\">{\"@context\":\"https:\\\/\\\/schema.org\",\"@graph\":[{\"@type\":\"NewsArticle\",\"@id\":\"https:\\\/\\\/marcelolopes.jor.br\\\/site\\\/2019\\\/05\\\/02\\\/taxista-e-esfaqueado-durante-assalto-em-muriae\\\/#article\",\"isPartOf\":{\"@id\":\"https:\\\/\\\/marcelolopes.jor.br\\\/site\\\/2019\\\/05\\\/02\\\/taxista-e-esfaqueado-durante-assalto-em-muriae\\\/\"},\"author\":{\"name\":\"Marcelo Lopes\",\"@id\":\"https:\\\/\\\/marcelolopes.jor.br\\\/site\\\/#\\\/schema\\\/person\\\/3e7216a35c34d8fdf952b31da3d1f89f\"},\"headline\":\"Taxista \u00e9 esfaqueado durante assalto em Muria\u00e9\",\"datePublished\":\"2019-05-02T15:30:53+00:00\",\"dateModified\":\"2023-10-15T12:34:40+00:00\",\"mainEntityOfPage\":{\"@id\":\"https:\\\/\\\/marcelolopes.jor.br\\\/site\\\/2019\\\/05\\\/02\\\/taxista-e-esfaqueado-durante-assalto-em-muriae\\\/\"},\"wordCount\":165,\"commentCount\":0,\"publisher\":{\"@id\":\"https:\\\/\\\/marcelolopes.jor.br\\\/site\\\/#organization\"},\"image\":{\"@id\":\"https:\\\/\\\/marcelolopes.jor.br\\\/site\\\/2019\\\/05\\\/02\\\/taxista-e-esfaqueado-durante-assalto-em-muriae\\\/#primaryimage\"},\"thumbnailUrl\":\"https:\\\/\\\/marcelolopes.jor.br\\\/site\\\/wp-content\\\/uploads\\\/2019\\\/05\\\/20190502112212_631.jpg\",\"keywords\":[\"crime\",\"facada\",\"t\u00e1xi\",\"taxista\"],\"articleSection\":[\"Not\u00edcias\"],\"inLanguage\":\"pt-BR\",\"potentialAction\":[{\"@type\":\"CommentAction\",\"name\":\"Comment\",\"target\":[\"https:\\\/\\\/marcelolopes.jor.br\\\/site\\\/2019\\\/05\\\/02\\\/taxista-e-esfaqueado-durante-assalto-em-muriae\\\/#respond\"]}]},{\"@type\":\"WebPage\",\"@id\":\"https:\\\/\\\/marcelolopes.jor.br\\\/site\\\/2019\\\/05\\\/02\\\/taxista-e-esfaqueado-durante-assalto-em-muriae\\\/\",\"url\":\"https:\\\/\\\/marcelolopes.jor.br\\\/site\\\/2019\\\/05\\\/02\\\/taxista-e-esfaqueado-durante-assalto-em-muriae\\\/\",\"name\":\"Taxista \u00e9 esfaqueado durante assalto em Muria\u00e9 | Marcelo Lopes\",\"isPartOf\":{\"@id\":\"https:\\\/\\\/marcelolopes.jor.br\\\/site\\\/#website\"},\"primaryImageOfPage\":{\"@id\":\"https:\\\/\\\/marcelolopes.jor.br\\\/site\\\/2019\\\/05\\\/02\\\/taxista-e-esfaqueado-durante-assalto-em-muriae\\\/#primaryimage\"},\"image\":{\"@id\":\"https:\\\/\\\/marcelolopes.jor.br\\\/site\\\/2019\\\/05\\\/02\\\/taxista-e-esfaqueado-durante-assalto-em-muriae\\\/#primaryimage\"},\"thumbnailUrl\":\"https:\\\/\\\/marcelolopes.jor.br\\\/site\\\/wp-content\\\/uploads\\\/2019\\\/05\\\/20190502112212_631.jpg\",\"datePublished\":\"2019-05-02T15:30:53+00:00\",\"dateModified\":\"2023-10-15T12:34:40+00:00\",\"description\":\"Taxista \u00e9 esfaqueado durante assalto em Muria\u00e9. Dois marginais o agrediram dentro de seu ve\u00edculo durante corrida a um bairro daquela cidade\",\"breadcrumb\":{\"@id\":\"https:\\\/\\\/marcelolopes.jor.br\\\/site\\\/2019\\\/05\\\/02\\\/taxista-e-esfaqueado-durante-assalto-em-muriae\\\/#breadcrumb\"},\"inLanguage\":\"pt-BR\",\"potentialAction\":[{\"@type\":\"ReadAction\",\"target\":[\"https:\\\/\\\/marcelolopes.jor.br\\\/site\\\/2019\\\/05\\\/02\\\/taxista-e-esfaqueado-durante-assalto-em-muriae\\\/\"]}]},{\"@type\":\"ImageObject\",\"inLanguage\":\"pt-BR\",\"@id\":\"https:\\\/\\\/marcelolopes.jor.br\\\/site\\\/2019\\\/05\\\/02\\\/taxista-e-esfaqueado-durante-assalto-em-muriae\\\/#primaryimage\",\"url\":\"https:\\\/\\\/marcelolopes.jor.br\\\/site\\\/wp-content\\\/uploads\\\/2019\\\/05\\\/20190502112212_631.jpg\",\"contentUrl\":\"https:\\\/\\\/marcelolopes.jor.br\\\/site\\\/wp-content\\\/uploads\\\/2019\\\/05\\\/20190502112212_631.jpg\",\"width\":800,\"height\":600,\"caption\":\"Taxista \u00e9 esfaqueado durante\"},{\"@type\":\"BreadcrumbList\",\"@id\":\"https:\\\/\\\/marcelolopes.jor.br\\\/site\\\/2019\\\/05\\\/02\\\/taxista-e-esfaqueado-durante-assalto-em-muriae\\\/#breadcrumb\",\"itemListElement\":[{\"@type\":\"ListItem\",\"position\":1,\"name\":\"Home\",\"item\":\"https:\\\/\\\/marcelolopes.jor.br\\\/site\\\/\"},{\"@type\":\"ListItem\",\"position\":2,\"name\":\"Taxista \u00e9 esfaqueado durante assalto em Muria\u00e9\"}]},{\"@type\":\"WebSite\",\"@id\":\"https:\\\/\\\/marcelolopes.jor.br\\\/site\\\/#website\",\"url\":\"https:\\\/\\\/marcelolopes.jor.br\\\/site\\\/\",\"name\":\"Marcelo Lopes\",\"description\":\"Not\u00edcias de Cataguases e Regi\u00e3o\",\"publisher\":{\"@id\":\"https:\\\/\\\/marcelolopes.jor.br\\\/site\\\/#organization\"},\"potentialAction\":[{\"@type\":\"SearchAction\",\"target\":{\"@type\":\"EntryPoint\",\"urlTemplate\":\"https:\\\/\\\/marcelolopes.jor.br\\\/site\\\/?s={search_term_string}\"},\"query-input\":{\"@type\":\"PropertyValueSpecification\",\"valueRequired\":true,\"valueName\":\"search_term_string\"}}],\"inLanguage\":\"pt-BR\"},{\"@type\":\"Organization\",\"@id\":\"https:\\\/\\\/marcelolopes.jor.br\\\/site\\\/#organization\",\"name\":\"Site do Marcelo Lopes\",\"url\":\"https:\\\/\\\/marcelolopes.jor.br\\\/site\\\/\",\"logo\":{\"@type\":\"ImageObject\",\"inLanguage\":\"pt-BR\",\"@id\":\"https:\\\/\\\/marcelolopes.jor.br\\\/site\\\/#\\\/schema\\\/logo\\\/image\\\/\",\"url\":\"https:\\\/\\\/marcelolopes.jor.br\\\/site\\\/wp-content\\\/uploads\\\/2024\\\/11\\\/logo-1.png\",\"contentUrl\":\"https:\\\/\\\/marcelolopes.jor.br\\\/site\\\/wp-content\\\/uploads\\\/2024\\\/11\\\/logo-1.png\",\"width\":475,\"height\":80,\"caption\":\"Site do Marcelo Lopes\"},\"image\":{\"@id\":\"https:\\\/\\\/marcelolopes.jor.br\\\/site\\\/#\\\/schema\\\/logo\\\/image\\\/\"},\"sameAs\":[\"https:\\\/\\\/www.facebook.com\\\/sitedomarcelolopes\",\"https:\\\/\\\/www.instagram.com\\\/sitedomarcelolopes\\\/\",\"https:\\\/\\\/www.linkedin.com\\\/company\\\/site-do-marcelo-lopes\\\/\",\"https:\\\/\\\/www.youtube.com\\\/user\\\/marcelolopes957\"]},{\"@type\":\"Person\",\"@id\":\"https:\\\/\\\/marcelolopes.jor.br\\\/site\\\/#\\\/schema\\\/person\\\/3e7216a35c34d8fdf952b31da3d1f89f\",\"name\":\"Marcelo Lopes\",\"sameAs\":[\"http:\\\/\\\/www.marcelolopes.jor.br\"],\"url\":\"https:\\\/\\\/marcelolopes.jor.br\\\/site\\\/author\\\/marcelo\\\/\"}]}<\/script>\n<!-- \/ Yoast SEO plugin. -->","yoast_head_json":{"title":"Taxista \u00e9 esfaqueado durante assalto em Muria\u00e9 | Marcelo Lopes","description":"Taxista \u00e9 esfaqueado durante assalto em Muria\u00e9. Dois marginais o agrediram dentro de seu ve\u00edculo durante corrida a um bairro daquela cidade","robots":{"index":"index","follow":"follow","max-snippet":"max-snippet:-1","max-image-preview":"max-image-preview:large","max-video-preview":"max-video-preview:-1"},"canonical":"https:\/\/marcelolopes.jor.br\/site\/2019\/05\/02\/taxista-e-esfaqueado-durante-assalto-em-muriae\/","og_locale":"pt_BR","og_type":"article","og_title":"Taxista \u00e9 esfaqueado durante assalto em Muria\u00e9 | Marcelo Lopes","og_description":"Taxista \u00e9 esfaqueado durante assalto em Muria\u00e9. Dois marginais o agrediram dentro de seu ve\u00edculo durante corrida a um bairro daquela cidade","og_url":"https:\/\/marcelolopes.jor.br\/site\/2019\/05\/02\/taxista-e-esfaqueado-durante-assalto-em-muriae\/","og_site_name":"Marcelo Lopes","article_publisher":"https:\/\/www.facebook.com\/sitedomarcelolopes","article_published_time":"2019-05-02T15:30:53+00:00","article_modified_time":"2023-10-15T12:34:40+00:00","og_image":[{"width":800,"height":600,"url":"https:\/\/marcelolopes.jor.br\/site\/wp-content\/uploads\/2019\/05\/20190502112212_631.jpg","type":"image\/jpeg"}],"author":"Marcelo Lopes","twitter_card":"summary_large_image","twitter_misc":{"Escrito por":"Marcelo Lopes","Est. tempo de leitura":"1 minuto"},"schema":{"@context":"https:\/\/schema.org","@graph":[{"@type":"NewsArticle","@id":"https:\/\/marcelolopes.jor.br\/site\/2019\/05\/02\/taxista-e-esfaqueado-durante-assalto-em-muriae\/#article","isPartOf":{"@id":"https:\/\/marcelolopes.jor.br\/site\/2019\/05\/02\/taxista-e-esfaqueado-durante-assalto-em-muriae\/"},"author":{"name":"Marcelo Lopes","@id":"https:\/\/marcelolopes.jor.br\/site\/#\/schema\/person\/3e7216a35c34d8fdf952b31da3d1f89f"},"headline":"Taxista \u00e9 esfaqueado durante assalto em Muria\u00e9","datePublished":"2019-05-02T15:30:53+00:00","dateModified":"2023-10-15T12:34:40+00:00","mainEntityOfPage":{"@id":"https:\/\/marcelolopes.jor.br\/site\/2019\/05\/02\/taxista-e-esfaqueado-durante-assalto-em-muriae\/"},"wordCount":165,"commentCount":0,"publisher":{"@id":"https:\/\/marcelolopes.jor.br\/site\/#organization"},"image":{"@id":"https:\/\/marcelolopes.jor.br\/site\/2019\/05\/02\/taxista-e-esfaqueado-durante-assalto-em-muriae\/#primaryimage"},"thumbnailUrl":"https:\/\/marcelolopes.jor.br\/site\/wp-content\/uploads\/2019\/05\/20190502112212_631.jpg","keywords":["crime","facada","t\u00e1xi","taxista"],"articleSection":["Not\u00edcias"],"inLanguage":"pt-BR","potentialAction":[{"@type":"CommentAction","name":"Comment","target":["https:\/\/marcelolopes.jor.br\/site\/2019\/05\/02\/taxista-e-esfaqueado-durante-assalto-em-muriae\/#respond"]}]},{"@type":"WebPage","@id":"https:\/\/marcelolopes.jor.br\/site\/2019\/05\/02\/taxista-e-esfaqueado-durante-assalto-em-muriae\/","url":"https:\/\/marcelolopes.jor.br\/site\/2019\/05\/02\/taxista-e-esfaqueado-durante-assalto-em-muriae\/","name":"Taxista \u00e9 esfaqueado durante assalto em Muria\u00e9 | Marcelo Lopes","isPartOf":{"@id":"https:\/\/marcelolopes.jor.br\/site\/#website"},"primaryImageOfPage":{"@id":"https:\/\/marcelolopes.jor.br\/site\/2019\/05\/02\/taxista-e-esfaqueado-durante-assalto-em-muriae\/#primaryimage"},"image":{"@id":"https:\/\/marcelolopes.jor.br\/site\/2019\/05\/02\/taxista-e-esfaqueado-durante-assalto-em-muriae\/#primaryimage"},"thumbnailUrl":"https:\/\/marcelolopes.jor.br\/site\/wp-content\/uploads\/2019\/05\/20190502112212_631.jpg","datePublished":"2019-05-02T15:30:53+00:00","dateModified":"2023-10-15T12:34:40+00:00","description":"Taxista \u00e9 esfaqueado durante assalto em Muria\u00e9. Dois marginais o agrediram dentro de seu ve\u00edculo durante corrida a um bairro daquela cidade","breadcrumb":{"@id":"https:\/\/marcelolopes.jor.br\/site\/2019\/05\/02\/taxista-e-esfaqueado-durante-assalto-em-muriae\/#breadcrumb"},"inLanguage":"pt-BR","potentialAction":[{"@type":"ReadAction","target":["https:\/\/marcelolopes.jor.br\/site\/2019\/05\/02\/taxista-e-esfaqueado-durante-assalto-em-muriae\/"]}]},{"@type":"ImageObject","inLanguage":"pt-BR","@id":"https:\/\/marcelolopes.jor.br\/site\/2019\/05\/02\/taxista-e-esfaqueado-durante-assalto-em-muriae\/#primaryimage","url":"https:\/\/marcelolopes.jor.br\/site\/wp-content\/uploads\/2019\/05\/20190502112212_631.jpg","contentUrl":"https:\/\/marcelolopes.jor.br\/site\/wp-content\/uploads\/2019\/05\/20190502112212_631.jpg","width":800,"height":600,"caption":"Taxista \u00e9 esfaqueado durante"},{"@type":"BreadcrumbList","@id":"https:\/\/marcelolopes.jor.br\/site\/2019\/05\/02\/taxista-e-esfaqueado-durante-assalto-em-muriae\/#breadcrumb","itemListElement":[{"@type":"ListItem","position":1,"name":"Home","item":"https:\/\/marcelolopes.jor.br\/site\/"},{"@type":"ListItem","position":2,"name":"Taxista \u00e9 esfaqueado durante assalto em Muria\u00e9"}]},{"@type":"WebSite","@id":"https:\/\/marcelolopes.jor.br\/site\/#website","url":"https:\/\/marcelolopes.jor.br\/site\/","name":"Marcelo Lopes","description":"Not\u00edcias de Cataguases e Regi\u00e3o","publisher":{"@id":"https:\/\/marcelolopes.jor.br\/site\/#organization"},"potentialAction":[{"@type":"SearchAction","target":{"@type":"EntryPoint","urlTemplate":"https:\/\/marcelolopes.jor.br\/site\/?s={search_term_string}"},"query-input":{"@type":"PropertyValueSpecification","valueRequired":true,"valueName":"search_term_string"}}],"inLanguage":"pt-BR"},{"@type":"Organization","@id":"https:\/\/marcelolopes.jor.br\/site\/#organization","name":"Site do Marcelo Lopes","url":"https:\/\/marcelolopes.jor.br\/site\/","logo":{"@type":"ImageObject","inLanguage":"pt-BR","@id":"https:\/\/marcelolopes.jor.br\/site\/#\/schema\/logo\/image\/","url":"https:\/\/marcelolopes.jor.br\/site\/wp-content\/uploads\/2024\/11\/logo-1.png","contentUrl":"https:\/\/marcelolopes.jor.br\/site\/wp-content\/uploads\/2024\/11\/logo-1.png","width":475,"height":80,"caption":"Site do Marcelo Lopes"},"image":{"@id":"https:\/\/marcelolopes.jor.br\/site\/#\/schema\/logo\/image\/"},"sameAs":["https:\/\/www.facebook.com\/sitedomarcelolopes","https:\/\/www.instagram.com\/sitedomarcelolopes\/","https:\/\/www.linkedin.com\/company\/site-do-marcelo-lopes\/","https:\/\/www.youtube.com\/user\/marcelolopes957"]},{"@type":"Person","@id":"https:\/\/marcelolopes.jor.br\/site\/#\/schema\/person\/3e7216a35c34d8fdf952b31da3d1f89f","name":"Marcelo Lopes","sameAs":["http:\/\/www.marcelolopes.jor.br"],"url":"https:\/\/marcelolopes.jor.br\/site\/author\/marcelo\/"}]}},"wps_subtitle":"Dois marginais o agrediram dentro de seu ve\u00edculo durante corrida a um bairro daquela cidade","_links":{"self":[{"href":"https:\/\/marcelolopes.jor.br\/site\/wp-json\/wp\/v2\/posts\/905","targetHints":{"allow":["GET"]}}],"collection":[{"href":"https:\/\/marcelolopes.jor.br\/site\/wp-json\/wp\/v2\/posts"}],"about":[{"href":"https:\/\/marcelolopes.jor.br\/site\/wp-json\/wp\/v2\/types\/post"}],"author":[{"embeddable":true,"href":"https:\/\/marcelolopes.jor.br\/site\/wp-json\/wp\/v2\/users\/2"}],"replies":[{"embeddable":true,"href":"https:\/\/marcelolopes.jor.br\/site\/wp-json\/wp\/v2\/comments?post=905"}],"version-history":[{"count":0,"href":"https:\/\/marcelolopes.jor.br\/site\/wp-json\/wp\/v2\/posts\/905\/revisions"}],"wp:featuredmedia":[{"embeddable":true,"href":"https:\/\/marcelolopes.jor.br\/site\/wp-json\/wp\/v2\/media\/906"}],"wp:attachment":[{"href":"https:\/\/marcelolopes.jor.br\/site\/wp-json\/wp\/v2\/media?parent=905"}],"wp:term":[{"taxonomy":"category","embeddable":true,"href":"https:\/\/marcelolopes.jor.br\/site\/wp-json\/wp\/v2\/categories?post=905"},{"taxonomy":"post_tag","embeddable":true,"href":"https:\/\/marcelolopes.jor.br\/site\/wp-json\/wp\/v2\/tags?post=905"}],"curies":[{"name":"wp","href":"https:\/\/api.w.org\/{rel}","templated":true}]}}