{"id":8882,"date":"2019-12-02T20:00:25","date_gmt":"2019-12-02T23:00:25","guid":{"rendered":"https:\/\/marcelolopes.jor.br\/?p=8882"},"modified":"2019-12-02T18:10:03","modified_gmt":"2019-12-02T21:10:03","slug":"atletas-de-natacao-do-clube-do-remo-agradecem-patrocinio-da-unimed","status":"publish","type":"post","link":"https:\/\/marcelolopes.jor.br\/site\/2019\/12\/02\/atletas-de-natacao-do-clube-do-remo-agradecem-patrocinio-da-unimed\/","title":{"rendered":"Atletas de nata\u00e7\u00e3o do Clube do Remo agradecem patroc\u00ednio da Unimed"},"content":{"rendered":"<p style=\"text-align: justify;\">Dois atletas de Nata\u00e7\u00e3o nascidos em Cataguases e que integram a equipe do Clube do Remo, chegam ao fim da temporada com novas medalhas e com seus curr\u00edculos ainda mais recheados de conquistas. Eles s\u00e3o J\u00falia Fabri, de 11 anos, e Daniel Vanni, de 14, que tamb\u00e9m s\u00e3o patrocinados pela Unimed Cataguases.<!--more--><\/p>\n<p style=\"text-align: justify;\"><img loading=\"lazy\" decoding=\"async\" class=\"alignleft wp-image-8885\" src=\"https:\/\/marcelolopes.jor.br\/site\/wp-content\/uploads\/2019\/12\/Fabri-276x300.jpg\" alt=\"\" width=\"200\" height=\"217\" srcset=\"https:\/\/marcelolopes.jor.br\/site\/wp-content\/uploads\/2019\/12\/Fabri-276x300.jpg 276w, https:\/\/marcelolopes.jor.br\/site\/wp-content\/uploads\/2019\/12\/Fabri.jpg 346w\" sizes=\"auto, (max-width: 200px) 100vw, 200px\" \/>Nesta segunda-feira, 02 de dezembro, a dupla foi recebida pelo presidente daquela cooperativa, m\u00e9dico Marcos Mantovani Chaves e pelo diretor financeiro, Andr\u00e9 Jos\u00e9 Aarrigoni Gomes. Os dois foram agradecer \u00e0 Unimed o apoio \u00e0 eles dispensado ao longo de todo este ano em que conseguiram repetir o hist\u00f3rico de vit\u00f3rias e medalhas. Marcos Chaves aproveitou para incentiv\u00e1-los ainda mais afirmando ter &#8220;certeza de que voc\u00eas ainda v\u00e3o nos dar muitas outras alegrias neste esporte.&#8221;<\/p>\n<p style=\"text-align: justify;\">&#8211; Vestir a camisa da Unimed Cataguases durante todo o ano, em cada competi\u00e7\u00e3o e em cada prova disputada foi um enorme prazer e a certeza de que ela acredita em nosso potencial&#8221;, disse J\u00falia. Daniel, por sua vez, afirmou: &#8220;Saber que a Unimed ap\u00f3ia o esporte em nossa vidas nos d\u00e1 a certeza de bom resultado, porque nos incentiva a ter mais disciplina, foco, responsabilidade e cuidar de nossa sa\u00fade, o que \u00e9 fundamental&#8221;, salientou.<\/p>\n<p style=\"text-align: justify;\"><img loading=\"lazy\" decoding=\"async\" class=\"alignright wp-image-8886 size-medium\" src=\"https:\/\/marcelolopes.jor.br\/site\/wp-content\/uploads\/2019\/12\/WhatsApp-Image-2019-1-02-at-17.46.44-169x300.jpeg\" alt=\"\" width=\"169\" height=\"300\" srcset=\"https:\/\/marcelolopes.jor.br\/site\/wp-content\/uploads\/2019\/12\/WhatsApp-Image-2019-1-02-at-17.46.44-169x300.jpeg 169w, https:\/\/marcelolopes.jor.br\/site\/wp-content\/uploads\/2019\/12\/WhatsApp-Image-2019-1-02-at-17.46.44-576x1024.jpeg 576w, https:\/\/marcelolopes.jor.br\/site\/wp-content\/uploads\/2019\/12\/WhatsApp-Image-2019-1-02-at-17.46.44-675x1200.jpeg 675w, https:\/\/marcelolopes.jor.br\/site\/wp-content\/uploads\/2019\/12\/WhatsApp-Image-2019-1-02-at-17.46.44.jpeg 720w\" sizes=\"auto, (max-width: 169px) 100vw, 169px\" \/>Para encerrar 2019, os dois atletas do Clube do Remo mantidos com o apoio da Unimed, participaram da final da Copa MG de Nata\u00e7\u00e3o n\u00e3o federados que aconteceu nos dias 23 e 24 de novembro, em Conselheiro Lafaiete. Eles ajudaram o Clube do Remo a vencer o campeonato deste ano j\u00e1 que Daniel conquistou duas medalhas de ouro nos revezamentos; prata nos 50m Costas, 50m Borboleta e Bronze nos 50m Livre. J\u00e1, Julia, conseguiu medalha de Prata nos 50m Costas.<\/p>\n<p><em>Fotos gentilmentes cedidas pelos atletas.<\/em><\/p>\n<div class=\"gqufa69f76efcaacf5\" ><br><\/div><style type=\"text\/css\">\r\n@media screen and (min-width: 1201px) {\r\n.gqufa69f76efcaacf5 {\r\ndisplay: block;\r\n}\r\n}\r\n@media screen and (min-width: 993px) and (max-width: 1200px) {\r\n.gqufa69f76efcaacf5 {\r\ndisplay: block;\r\n}\r\n}\r\n@media screen and (min-width: 769px) and (max-width: 992px) {\r\n.gqufa69f76efcaacf5 {\r\ndisplay: block;\r\n}\r\n}\r\n@media screen and (min-width: 768px) and (max-width: 768px) {\r\n.gqufa69f76efcaacf5 {\r\ndisplay: block;\r\n}\r\n}\r\n@media screen and (max-width: 767px) {\r\n.gqufa69f76efcaacf5 {\r\ndisplay: block;\r\n}\r\n}\r\n<\/style>\r\n<div class=\"wezvl69f76efcb0844\" ><div id=\"div_destino\"><\/div>\r\n<script src=\"https:\/\/cdn.snsrsv.com\/sdk.js\"><\/script>\r\n<script >\r\n      new sdk(\"464030C30061EA8BE065000000000001\") \r\n          .appendTo(\"div_destino\")\r\n          .disableStyle(true) \r\n          .setCacheBusterMacro(\"%%CACHEBUSTER%%\")\r\n          .setSize(\"800\",\"214\")\r\n          .setClickMacro(\"%%CLICK_URL_ESC%%\") \r\n          .setReferrerUrlMacro(\"%%REFERRER_URL_ESC%%\") \r\n          .start(); \r\n<\/script><\/div><style type=\"text\/css\">\r\n@media screen and (min-width: 1201px) {\r\n.wezvl69f76efcb0844 {\r\ndisplay: block;\r\n}\r\n}\r\n@media screen and (min-width: 993px) and (max-width: 1200px) {\r\n.wezvl69f76efcb0844 {\r\ndisplay: block;\r\n}\r\n}\r\n@media screen and (min-width: 769px) and (max-width: 992px) {\r\n.wezvl69f76efcb0844 {\r\ndisplay: block;\r\n}\r\n}\r\n@media screen and (min-width: 768px) and (max-width: 768px) {\r\n.wezvl69f76efcb0844 {\r\ndisplay: block;\r\n}\r\n}\r\n@media screen and (max-width: 767px) {\r\n.wezvl69f76efcb0844 {\r\ndisplay: block;\r\n}\r\n}\r\n<\/style>\r\n","protected":false},"excerpt":{"rendered":"<p>Dois atletas de Nata\u00e7\u00e3o nascidos em Cataguases e que integram a equipe do Clube do Remo, chegam ao fim da temporada com novas medalhas e com seus curr\u00edculos ainda mais recheados de conquistas. Eles s\u00e3o J\u00falia Fabri, de 11 anos,<\/p>\n<p class=\"link-more\"><a class=\"more-link\" href=\"https:\/\/marcelolopes.jor.br\/site\/2019\/12\/02\/atletas-de-natacao-do-clube-do-remo-agradecem-patrocinio-da-unimed\/\">Leia mais <span class=\"screen-reader-text\">Atletas de nata\u00e7\u00e3o do Clube do Remo agradecem patroc\u00ednio da Unimed<\/span><\/a><\/p>\n","protected":false},"author":2,"featured_media":8884,"comment_status":"open","ping_status":"open","sticky":false,"template":"","format":"standard","meta":{"footnotes":""},"categories":[1],"tags":[1736,332,1095,937],"class_list":["post-8882","post","type-post","status-publish","format-standard","has-post-thumbnail","hentry","category-noticias","tag-campeonato","tag-clube-do-remo","tag-natacao","tag-unimed-cataguases","thumb-below-title"],"yoast_head":"<!-- This site is optimized with the Yoast SEO plugin v27.4 - https:\/\/yoast.com\/product\/yoast-seo-wordpress\/ -->\n<title>Atletas de nata\u00e7\u00e3o do Clube do Remo agradecem patroc\u00ednio da Unimed | Marcelo Lopes<\/title>\n<meta name=\"robots\" content=\"index, follow, max-snippet:-1, max-image-preview:large, max-video-preview:-1\" \/>\n<link rel=\"canonical\" href=\"https:\/\/marcelolopes.jor.br\/site\/2019\/12\/02\/atletas-de-natacao-do-clube-do-remo-agradecem-patrocinio-da-unimed\/\" \/>\n<meta property=\"og:locale\" content=\"pt_BR\" \/>\n<meta property=\"og:type\" content=\"article\" \/>\n<meta property=\"og:title\" content=\"Atletas de nata\u00e7\u00e3o do Clube do Remo agradecem patroc\u00ednio da Unimed | Marcelo Lopes\" \/>\n<meta property=\"og:description\" content=\"Dois atletas de Nata\u00e7\u00e3o nascidos em Cataguases e que integram a equipe do Clube do Remo, chegam ao fim da temporada com novas medalhas e com seus curr\u00edculos ainda mais recheados de conquistas. Eles s\u00e3o J\u00falia Fabri, de 11 anos,Leia mais Atletas de nata\u00e7\u00e3o do Clube do Remo agradecem patroc\u00ednio da Unimed\" \/>\n<meta property=\"og:url\" content=\"https:\/\/marcelolopes.jor.br\/site\/2019\/12\/02\/atletas-de-natacao-do-clube-do-remo-agradecem-patrocinio-da-unimed\/\" \/>\n<meta property=\"og:site_name\" content=\"Marcelo Lopes\" \/>\n<meta property=\"article:publisher\" content=\"https:\/\/www.facebook.com\/sitedomarcelolopes\" \/>\n<meta property=\"article:published_time\" content=\"2019-12-02T23:00:25+00:00\" \/>\n<meta property=\"og:image\" content=\"https:\/\/marcelolopes.jor.br\/site\/wp-content\/uploads\/2019\/12\/WhatsApp-Image-2019-12-02-at-17.42.16.jpeg\" \/>\n\t<meta property=\"og:image:width\" content=\"1280\" \/>\n\t<meta property=\"og:image:height\" content=\"720\" \/>\n\t<meta property=\"og:image:type\" content=\"image\/jpeg\" \/>\n<meta name=\"author\" content=\"Marcelo Lopes\" \/>\n<meta name=\"twitter:card\" content=\"summary_large_image\" \/>\n<meta name=\"twitter:label1\" content=\"Escrito por\" \/>\n\t<meta name=\"twitter:data1\" content=\"Marcelo Lopes\" \/>\n\t<meta name=\"twitter:label2\" content=\"Est. tempo de leitura\" \/>\n\t<meta name=\"twitter:data2\" content=\"1 minuto\" \/>\n<script type=\"application\/ld+json\" class=\"yoast-schema-graph\">{\"@context\":\"https:\\\/\\\/schema.org\",\"@graph\":[{\"@type\":\"NewsArticle\",\"@id\":\"https:\\\/\\\/marcelolopes.jor.br\\\/site\\\/2019\\\/12\\\/02\\\/atletas-de-natacao-do-clube-do-remo-agradecem-patrocinio-da-unimed\\\/#article\",\"isPartOf\":{\"@id\":\"https:\\\/\\\/marcelolopes.jor.br\\\/site\\\/2019\\\/12\\\/02\\\/atletas-de-natacao-do-clube-do-remo-agradecem-patrocinio-da-unimed\\\/\"},\"author\":{\"name\":\"Marcelo Lopes\",\"@id\":\"https:\\\/\\\/marcelolopes.jor.br\\\/site\\\/#\\\/schema\\\/person\\\/3e7216a35c34d8fdf952b31da3d1f89f\"},\"headline\":\"Atletas de nata\u00e7\u00e3o do Clube do Remo agradecem patroc\u00ednio da Unimed\",\"datePublished\":\"2019-12-02T23:00:25+00:00\",\"mainEntityOfPage\":{\"@id\":\"https:\\\/\\\/marcelolopes.jor.br\\\/site\\\/2019\\\/12\\\/02\\\/atletas-de-natacao-do-clube-do-remo-agradecem-patrocinio-da-unimed\\\/\"},\"wordCount\":309,\"commentCount\":0,\"publisher\":{\"@id\":\"https:\\\/\\\/marcelolopes.jor.br\\\/site\\\/#organization\"},\"image\":{\"@id\":\"https:\\\/\\\/marcelolopes.jor.br\\\/site\\\/2019\\\/12\\\/02\\\/atletas-de-natacao-do-clube-do-remo-agradecem-patrocinio-da-unimed\\\/#primaryimage\"},\"thumbnailUrl\":\"https:\\\/\\\/marcelolopes.jor.br\\\/site\\\/wp-content\\\/uploads\\\/2019\\\/12\\\/WhatsApp-Image-2019-12-02-at-17.42.16.jpeg\",\"keywords\":[\"campeonato\",\"Clube do Remo\",\"nata\u00e7\u00e3o\",\"Unimed Cataguases\"],\"articleSection\":[\"Not\u00edcias\"],\"inLanguage\":\"pt-BR\",\"potentialAction\":[{\"@type\":\"CommentAction\",\"name\":\"Comment\",\"target\":[\"https:\\\/\\\/marcelolopes.jor.br\\\/site\\\/2019\\\/12\\\/02\\\/atletas-de-natacao-do-clube-do-remo-agradecem-patrocinio-da-unimed\\\/#respond\"]}]},{\"@type\":\"WebPage\",\"@id\":\"https:\\\/\\\/marcelolopes.jor.br\\\/site\\\/2019\\\/12\\\/02\\\/atletas-de-natacao-do-clube-do-remo-agradecem-patrocinio-da-unimed\\\/\",\"url\":\"https:\\\/\\\/marcelolopes.jor.br\\\/site\\\/2019\\\/12\\\/02\\\/atletas-de-natacao-do-clube-do-remo-agradecem-patrocinio-da-unimed\\\/\",\"name\":\"Atletas de nata\u00e7\u00e3o do Clube do Remo agradecem patroc\u00ednio da Unimed | Marcelo Lopes\",\"isPartOf\":{\"@id\":\"https:\\\/\\\/marcelolopes.jor.br\\\/site\\\/#website\"},\"primaryImageOfPage\":{\"@id\":\"https:\\\/\\\/marcelolopes.jor.br\\\/site\\\/2019\\\/12\\\/02\\\/atletas-de-natacao-do-clube-do-remo-agradecem-patrocinio-da-unimed\\\/#primaryimage\"},\"image\":{\"@id\":\"https:\\\/\\\/marcelolopes.jor.br\\\/site\\\/2019\\\/12\\\/02\\\/atletas-de-natacao-do-clube-do-remo-agradecem-patrocinio-da-unimed\\\/#primaryimage\"},\"thumbnailUrl\":\"https:\\\/\\\/marcelolopes.jor.br\\\/site\\\/wp-content\\\/uploads\\\/2019\\\/12\\\/WhatsApp-Image-2019-12-02-at-17.42.16.jpeg\",\"datePublished\":\"2019-12-02T23:00:25+00:00\",\"breadcrumb\":{\"@id\":\"https:\\\/\\\/marcelolopes.jor.br\\\/site\\\/2019\\\/12\\\/02\\\/atletas-de-natacao-do-clube-do-remo-agradecem-patrocinio-da-unimed\\\/#breadcrumb\"},\"inLanguage\":\"pt-BR\",\"potentialAction\":[{\"@type\":\"ReadAction\",\"target\":[\"https:\\\/\\\/marcelolopes.jor.br\\\/site\\\/2019\\\/12\\\/02\\\/atletas-de-natacao-do-clube-do-remo-agradecem-patrocinio-da-unimed\\\/\"]}]},{\"@type\":\"ImageObject\",\"inLanguage\":\"pt-BR\",\"@id\":\"https:\\\/\\\/marcelolopes.jor.br\\\/site\\\/2019\\\/12\\\/02\\\/atletas-de-natacao-do-clube-do-remo-agradecem-patrocinio-da-unimed\\\/#primaryimage\",\"url\":\"https:\\\/\\\/marcelolopes.jor.br\\\/site\\\/wp-content\\\/uploads\\\/2019\\\/12\\\/WhatsApp-Image-2019-12-02-at-17.42.16.jpeg\",\"contentUrl\":\"https:\\\/\\\/marcelolopes.jor.br\\\/site\\\/wp-content\\\/uploads\\\/2019\\\/12\\\/WhatsApp-Image-2019-12-02-at-17.42.16.jpeg\",\"width\":1280,\"height\":720},{\"@type\":\"BreadcrumbList\",\"@id\":\"https:\\\/\\\/marcelolopes.jor.br\\\/site\\\/2019\\\/12\\\/02\\\/atletas-de-natacao-do-clube-do-remo-agradecem-patrocinio-da-unimed\\\/#breadcrumb\",\"itemListElement\":[{\"@type\":\"ListItem\",\"position\":1,\"name\":\"Home\",\"item\":\"https:\\\/\\\/marcelolopes.jor.br\\\/site\\\/\"},{\"@type\":\"ListItem\",\"position\":2,\"name\":\"Atletas de nata\u00e7\u00e3o do Clube do Remo agradecem patroc\u00ednio da Unimed\"}]},{\"@type\":\"WebSite\",\"@id\":\"https:\\\/\\\/marcelolopes.jor.br\\\/site\\\/#website\",\"url\":\"https:\\\/\\\/marcelolopes.jor.br\\\/site\\\/\",\"name\":\"Marcelo Lopes\",\"description\":\"Not\u00edcias de Cataguases e Regi\u00e3o\",\"publisher\":{\"@id\":\"https:\\\/\\\/marcelolopes.jor.br\\\/site\\\/#organization\"},\"potentialAction\":[{\"@type\":\"SearchAction\",\"target\":{\"@type\":\"EntryPoint\",\"urlTemplate\":\"https:\\\/\\\/marcelolopes.jor.br\\\/site\\\/?s={search_term_string}\"},\"query-input\":{\"@type\":\"PropertyValueSpecification\",\"valueRequired\":true,\"valueName\":\"search_term_string\"}}],\"inLanguage\":\"pt-BR\"},{\"@type\":\"Organization\",\"@id\":\"https:\\\/\\\/marcelolopes.jor.br\\\/site\\\/#organization\",\"name\":\"Site do Marcelo Lopes\",\"url\":\"https:\\\/\\\/marcelolopes.jor.br\\\/site\\\/\",\"logo\":{\"@type\":\"ImageObject\",\"inLanguage\":\"pt-BR\",\"@id\":\"https:\\\/\\\/marcelolopes.jor.br\\\/site\\\/#\\\/schema\\\/logo\\\/image\\\/\",\"url\":\"https:\\\/\\\/marcelolopes.jor.br\\\/site\\\/wp-content\\\/uploads\\\/2024\\\/11\\\/logo-1.png\",\"contentUrl\":\"https:\\\/\\\/marcelolopes.jor.br\\\/site\\\/wp-content\\\/uploads\\\/2024\\\/11\\\/logo-1.png\",\"width\":475,\"height\":80,\"caption\":\"Site do Marcelo Lopes\"},\"image\":{\"@id\":\"https:\\\/\\\/marcelolopes.jor.br\\\/site\\\/#\\\/schema\\\/logo\\\/image\\\/\"},\"sameAs\":[\"https:\\\/\\\/www.facebook.com\\\/sitedomarcelolopes\",\"https:\\\/\\\/www.instagram.com\\\/sitedomarcelolopes\\\/\",\"https:\\\/\\\/www.linkedin.com\\\/company\\\/site-do-marcelo-lopes\\\/\",\"https:\\\/\\\/www.youtube.com\\\/user\\\/marcelolopes957\"]},{\"@type\":\"Person\",\"@id\":\"https:\\\/\\\/marcelolopes.jor.br\\\/site\\\/#\\\/schema\\\/person\\\/3e7216a35c34d8fdf952b31da3d1f89f\",\"name\":\"Marcelo Lopes\",\"sameAs\":[\"http:\\\/\\\/www.marcelolopes.jor.br\"],\"url\":\"https:\\\/\\\/marcelolopes.jor.br\\\/site\\\/author\\\/marcelo\\\/\"}]}<\/script>\n<!-- \/ Yoast SEO plugin. -->","yoast_head_json":{"title":"Atletas de nata\u00e7\u00e3o do Clube do Remo agradecem patroc\u00ednio da Unimed | Marcelo Lopes","robots":{"index":"index","follow":"follow","max-snippet":"max-snippet:-1","max-image-preview":"max-image-preview:large","max-video-preview":"max-video-preview:-1"},"canonical":"https:\/\/marcelolopes.jor.br\/site\/2019\/12\/02\/atletas-de-natacao-do-clube-do-remo-agradecem-patrocinio-da-unimed\/","og_locale":"pt_BR","og_type":"article","og_title":"Atletas de nata\u00e7\u00e3o do Clube do Remo agradecem patroc\u00ednio da Unimed | Marcelo Lopes","og_description":"Dois atletas de Nata\u00e7\u00e3o nascidos em Cataguases e que integram a equipe do Clube do Remo, chegam ao fim da temporada com novas medalhas e com seus curr\u00edculos ainda mais recheados de conquistas. Eles s\u00e3o J\u00falia Fabri, de 11 anos,Leia mais Atletas de nata\u00e7\u00e3o do Clube do Remo agradecem patroc\u00ednio da Unimed","og_url":"https:\/\/marcelolopes.jor.br\/site\/2019\/12\/02\/atletas-de-natacao-do-clube-do-remo-agradecem-patrocinio-da-unimed\/","og_site_name":"Marcelo Lopes","article_publisher":"https:\/\/www.facebook.com\/sitedomarcelolopes","article_published_time":"2019-12-02T23:00:25+00:00","og_image":[{"width":1280,"height":720,"url":"https:\/\/marcelolopes.jor.br\/site\/wp-content\/uploads\/2019\/12\/WhatsApp-Image-2019-12-02-at-17.42.16.jpeg","type":"image\/jpeg"}],"author":"Marcelo Lopes","twitter_card":"summary_large_image","twitter_misc":{"Escrito por":"Marcelo Lopes","Est. tempo de leitura":"1 minuto"},"schema":{"@context":"https:\/\/schema.org","@graph":[{"@type":"NewsArticle","@id":"https:\/\/marcelolopes.jor.br\/site\/2019\/12\/02\/atletas-de-natacao-do-clube-do-remo-agradecem-patrocinio-da-unimed\/#article","isPartOf":{"@id":"https:\/\/marcelolopes.jor.br\/site\/2019\/12\/02\/atletas-de-natacao-do-clube-do-remo-agradecem-patrocinio-da-unimed\/"},"author":{"name":"Marcelo Lopes","@id":"https:\/\/marcelolopes.jor.br\/site\/#\/schema\/person\/3e7216a35c34d8fdf952b31da3d1f89f"},"headline":"Atletas de nata\u00e7\u00e3o do Clube do Remo agradecem patroc\u00ednio da Unimed","datePublished":"2019-12-02T23:00:25+00:00","mainEntityOfPage":{"@id":"https:\/\/marcelolopes.jor.br\/site\/2019\/12\/02\/atletas-de-natacao-do-clube-do-remo-agradecem-patrocinio-da-unimed\/"},"wordCount":309,"commentCount":0,"publisher":{"@id":"https:\/\/marcelolopes.jor.br\/site\/#organization"},"image":{"@id":"https:\/\/marcelolopes.jor.br\/site\/2019\/12\/02\/atletas-de-natacao-do-clube-do-remo-agradecem-patrocinio-da-unimed\/#primaryimage"},"thumbnailUrl":"https:\/\/marcelolopes.jor.br\/site\/wp-content\/uploads\/2019\/12\/WhatsApp-Image-2019-12-02-at-17.42.16.jpeg","keywords":["campeonato","Clube do Remo","nata\u00e7\u00e3o","Unimed Cataguases"],"articleSection":["Not\u00edcias"],"inLanguage":"pt-BR","potentialAction":[{"@type":"CommentAction","name":"Comment","target":["https:\/\/marcelolopes.jor.br\/site\/2019\/12\/02\/atletas-de-natacao-do-clube-do-remo-agradecem-patrocinio-da-unimed\/#respond"]}]},{"@type":"WebPage","@id":"https:\/\/marcelolopes.jor.br\/site\/2019\/12\/02\/atletas-de-natacao-do-clube-do-remo-agradecem-patrocinio-da-unimed\/","url":"https:\/\/marcelolopes.jor.br\/site\/2019\/12\/02\/atletas-de-natacao-do-clube-do-remo-agradecem-patrocinio-da-unimed\/","name":"Atletas de nata\u00e7\u00e3o do Clube do Remo agradecem patroc\u00ednio da Unimed | Marcelo Lopes","isPartOf":{"@id":"https:\/\/marcelolopes.jor.br\/site\/#website"},"primaryImageOfPage":{"@id":"https:\/\/marcelolopes.jor.br\/site\/2019\/12\/02\/atletas-de-natacao-do-clube-do-remo-agradecem-patrocinio-da-unimed\/#primaryimage"},"image":{"@id":"https:\/\/marcelolopes.jor.br\/site\/2019\/12\/02\/atletas-de-natacao-do-clube-do-remo-agradecem-patrocinio-da-unimed\/#primaryimage"},"thumbnailUrl":"https:\/\/marcelolopes.jor.br\/site\/wp-content\/uploads\/2019\/12\/WhatsApp-Image-2019-12-02-at-17.42.16.jpeg","datePublished":"2019-12-02T23:00:25+00:00","breadcrumb":{"@id":"https:\/\/marcelolopes.jor.br\/site\/2019\/12\/02\/atletas-de-natacao-do-clube-do-remo-agradecem-patrocinio-da-unimed\/#breadcrumb"},"inLanguage":"pt-BR","potentialAction":[{"@type":"ReadAction","target":["https:\/\/marcelolopes.jor.br\/site\/2019\/12\/02\/atletas-de-natacao-do-clube-do-remo-agradecem-patrocinio-da-unimed\/"]}]},{"@type":"ImageObject","inLanguage":"pt-BR","@id":"https:\/\/marcelolopes.jor.br\/site\/2019\/12\/02\/atletas-de-natacao-do-clube-do-remo-agradecem-patrocinio-da-unimed\/#primaryimage","url":"https:\/\/marcelolopes.jor.br\/site\/wp-content\/uploads\/2019\/12\/WhatsApp-Image-2019-12-02-at-17.42.16.jpeg","contentUrl":"https:\/\/marcelolopes.jor.br\/site\/wp-content\/uploads\/2019\/12\/WhatsApp-Image-2019-12-02-at-17.42.16.jpeg","width":1280,"height":720},{"@type":"BreadcrumbList","@id":"https:\/\/marcelolopes.jor.br\/site\/2019\/12\/02\/atletas-de-natacao-do-clube-do-remo-agradecem-patrocinio-da-unimed\/#breadcrumb","itemListElement":[{"@type":"ListItem","position":1,"name":"Home","item":"https:\/\/marcelolopes.jor.br\/site\/"},{"@type":"ListItem","position":2,"name":"Atletas de nata\u00e7\u00e3o do Clube do Remo agradecem patroc\u00ednio da Unimed"}]},{"@type":"WebSite","@id":"https:\/\/marcelolopes.jor.br\/site\/#website","url":"https:\/\/marcelolopes.jor.br\/site\/","name":"Marcelo Lopes","description":"Not\u00edcias de Cataguases e Regi\u00e3o","publisher":{"@id":"https:\/\/marcelolopes.jor.br\/site\/#organization"},"potentialAction":[{"@type":"SearchAction","target":{"@type":"EntryPoint","urlTemplate":"https:\/\/marcelolopes.jor.br\/site\/?s={search_term_string}"},"query-input":{"@type":"PropertyValueSpecification","valueRequired":true,"valueName":"search_term_string"}}],"inLanguage":"pt-BR"},{"@type":"Organization","@id":"https:\/\/marcelolopes.jor.br\/site\/#organization","name":"Site do Marcelo Lopes","url":"https:\/\/marcelolopes.jor.br\/site\/","logo":{"@type":"ImageObject","inLanguage":"pt-BR","@id":"https:\/\/marcelolopes.jor.br\/site\/#\/schema\/logo\/image\/","url":"https:\/\/marcelolopes.jor.br\/site\/wp-content\/uploads\/2024\/11\/logo-1.png","contentUrl":"https:\/\/marcelolopes.jor.br\/site\/wp-content\/uploads\/2024\/11\/logo-1.png","width":475,"height":80,"caption":"Site do Marcelo Lopes"},"image":{"@id":"https:\/\/marcelolopes.jor.br\/site\/#\/schema\/logo\/image\/"},"sameAs":["https:\/\/www.facebook.com\/sitedomarcelolopes","https:\/\/www.instagram.com\/sitedomarcelolopes\/","https:\/\/www.linkedin.com\/company\/site-do-marcelo-lopes\/","https:\/\/www.youtube.com\/user\/marcelolopes957"]},{"@type":"Person","@id":"https:\/\/marcelolopes.jor.br\/site\/#\/schema\/person\/3e7216a35c34d8fdf952b31da3d1f89f","name":"Marcelo Lopes","sameAs":["http:\/\/www.marcelolopes.jor.br"],"url":"https:\/\/marcelolopes.jor.br\/site\/author\/marcelo\/"}]}},"wps_subtitle":"J\u00falia Fabri, de 11 anos, e Daniel Vanni, de 14, ajudaram o Remo a vencer o campeonato.","_links":{"self":[{"href":"https:\/\/marcelolopes.jor.br\/site\/wp-json\/wp\/v2\/posts\/8882","targetHints":{"allow":["GET"]}}],"collection":[{"href":"https:\/\/marcelolopes.jor.br\/site\/wp-json\/wp\/v2\/posts"}],"about":[{"href":"https:\/\/marcelolopes.jor.br\/site\/wp-json\/wp\/v2\/types\/post"}],"author":[{"embeddable":true,"href":"https:\/\/marcelolopes.jor.br\/site\/wp-json\/wp\/v2\/users\/2"}],"replies":[{"embeddable":true,"href":"https:\/\/marcelolopes.jor.br\/site\/wp-json\/wp\/v2\/comments?post=8882"}],"version-history":[{"count":0,"href":"https:\/\/marcelolopes.jor.br\/site\/wp-json\/wp\/v2\/posts\/8882\/revisions"}],"wp:featuredmedia":[{"embeddable":true,"href":"https:\/\/marcelolopes.jor.br\/site\/wp-json\/wp\/v2\/media\/8884"}],"wp:attachment":[{"href":"https:\/\/marcelolopes.jor.br\/site\/wp-json\/wp\/v2\/media?parent=8882"}],"wp:term":[{"taxonomy":"category","embeddable":true,"href":"https:\/\/marcelolopes.jor.br\/site\/wp-json\/wp\/v2\/categories?post=8882"},{"taxonomy":"post_tag","embeddable":true,"href":"https:\/\/marcelolopes.jor.br\/site\/wp-json\/wp\/v2\/tags?post=8882"}],"curies":[{"name":"wp","href":"https:\/\/api.w.org\/{rel}","templated":true}]}}