{"id":8690,"date":"2019-11-29T22:00:28","date_gmt":"2019-11-30T01:00:28","guid":{"rendered":"https:\/\/marcelolopes.jor.br\/?p=8690"},"modified":"2019-11-29T19:38:22","modified_gmt":"2019-11-29T22:38:22","slug":"operacao-desmanche-prende-suspeito-e-apreende-veiculos-em-laranjal","status":"publish","type":"post","link":"https:\/\/marcelolopes.jor.br\/site\/2019\/11\/29\/operacao-desmanche-prende-suspeito-e-apreende-veiculos-em-laranjal\/","title":{"rendered":"Opera\u00e7\u00e3o &#8216;Desmanche&#8217; prende suspeito e apreende ve\u00edculos em Laranjal"},"content":{"rendered":"<p style=\"text-align: justify;\">Um homem foi preso em Laranjal nesta quinta-feira, 28 de novembro, suspeito de recepta\u00e7\u00e3o. Durante a a\u00e7\u00e3o policial tamb\u00e9m foram apreendidos tr\u00eas ve\u00edculos. A opera\u00e7\u00e3o &#8220;Desmanche&#8221; foi realizada pelo Destacamento da PM daquela cidade, ap\u00f3s militares receberem informa\u00e7\u00f5es de que um ve\u00edculo Volkswagen Gol, cor bege, teria sido furtado em Aracati, distrito de Cataguases, e estaria na comunidade de Ponte Nova, em Laranjal. Diante das informa\u00e7\u00f5es, a equipe policial deslocou no encal\u00e7o do ve\u00edculo at\u00e9 o endere\u00e7o denunciado.<!--more--><\/p>\n<p style=\"text-align: justify;\">Ap\u00f3s terem visualizado o ve\u00edculo e confirmando tratar das mesmas caracter\u00edsticas do relatado pela den\u00fancia, os militares deslocaram at\u00e9 onde ele estava estacionado, na resid\u00eancia de um suspeito j\u00e1 conhecido no meio policial pela pr\u00e1tica de delitos. Em contato com ele, o indiv\u00edduo relatou que um conhecido seu havia deixado o carro para reparo.<\/p>\n<p style=\"text-align: justify;\">Foi observado pelos militares que o ve\u00edculo estava com o motor parcialmente desmontado e com placa pertencente a um outro autom\u00f3vel sendo, tamb\u00e9m confirmado atrav\u00e9s de inscri\u00e7\u00e3o do chassis que realmente tratava-se do ve\u00edculo denunciado. Al\u00e9m deste carro, ainda foram recolhidos uma motocicleta Honda CG 150, cor vermelha, sem placa e com as numera\u00e7\u00f5es raspadas; um Ford Verona, placas HRC-7566, bem como a carca\u00e7a de um Fiat 147.<\/p>\n<p style=\"text-align: justify;\">O suspeito foi preso e conduzido \u00e0 Delegacia de Pol\u00edcia Civil em Muria\u00e9, onde foi autuado em flagrante.<\/p>\n<p>Fonte: Guia Muria\u00e9 | Foto: O Vigilante Online<\/p>\n<div class=\"khavl69f774a2775a1\" ><br><\/div><style type=\"text\/css\">\r\n@media screen and (min-width: 1201px) {\r\n.khavl69f774a2775a1 {\r\ndisplay: block;\r\n}\r\n}\r\n@media screen and (min-width: 993px) and (max-width: 1200px) {\r\n.khavl69f774a2775a1 {\r\ndisplay: block;\r\n}\r\n}\r\n@media screen and (min-width: 769px) and (max-width: 992px) {\r\n.khavl69f774a2775a1 {\r\ndisplay: block;\r\n}\r\n}\r\n@media screen and (min-width: 768px) and (max-width: 768px) {\r\n.khavl69f774a2775a1 {\r\ndisplay: block;\r\n}\r\n}\r\n@media screen and (max-width: 767px) {\r\n.khavl69f774a2775a1 {\r\ndisplay: block;\r\n}\r\n}\r\n<\/style>\r\n<div class=\"cnhpk69f774a27e202\" ><div id=\"div_destino\"><\/div>\r\n<script src=\"https:\/\/cdn.snsrsv.com\/sdk.js\"><\/script>\r\n<script >\r\n      new sdk(\"464030C30061EA8BE065000000000001\") \r\n          .appendTo(\"div_destino\")\r\n          .disableStyle(true) \r\n          .setCacheBusterMacro(\"%%CACHEBUSTER%%\")\r\n          .setSize(\"800\",\"214\")\r\n          .setClickMacro(\"%%CLICK_URL_ESC%%\") \r\n          .setReferrerUrlMacro(\"%%REFERRER_URL_ESC%%\") \r\n          .start(); \r\n<\/script><\/div><style type=\"text\/css\">\r\n@media screen and (min-width: 1201px) {\r\n.cnhpk69f774a27e202 {\r\ndisplay: block;\r\n}\r\n}\r\n@media screen and (min-width: 993px) and (max-width: 1200px) {\r\n.cnhpk69f774a27e202 {\r\ndisplay: block;\r\n}\r\n}\r\n@media screen and (min-width: 769px) and (max-width: 992px) {\r\n.cnhpk69f774a27e202 {\r\ndisplay: block;\r\n}\r\n}\r\n@media screen and (min-width: 768px) and (max-width: 768px) {\r\n.cnhpk69f774a27e202 {\r\ndisplay: block;\r\n}\r\n}\r\n@media screen and (max-width: 767px) {\r\n.cnhpk69f774a27e202 {\r\ndisplay: block;\r\n}\r\n}\r\n<\/style>\r\n","protected":false},"excerpt":{"rendered":"<p>Um homem foi preso em Laranjal nesta quinta-feira, 28 de novembro, suspeito de recepta\u00e7\u00e3o. Durante a a\u00e7\u00e3o policial tamb\u00e9m foram apreendidos tr\u00eas ve\u00edculos. A opera\u00e7\u00e3o &#8220;Desmanche&#8221; foi realizada pelo Destacamento da PM daquela cidade, ap\u00f3s militares receberem informa\u00e7\u00f5es de que<\/p>\n<p class=\"link-more\"><a class=\"more-link\" href=\"https:\/\/marcelolopes.jor.br\/site\/2019\/11\/29\/operacao-desmanche-prende-suspeito-e-apreende-veiculos-em-laranjal\/\">Leia mais <span class=\"screen-reader-text\">Opera\u00e7\u00e3o &#8216;Desmanche&#8217; prende suspeito e apreende ve\u00edculos em Laranjal<\/span><\/a><\/p>\n","protected":false},"author":2,"featured_media":8691,"comment_status":"open","ping_status":"open","sticky":false,"template":"","format":"standard","meta":{"footnotes":""},"categories":[1],"tags":[598,1725,187,77],"class_list":["post-8690","post","type-post","status-publish","format-standard","has-post-thumbnail","hentry","category-noticias","tag-automovel","tag-desmanche","tag-laranjal","tag-prisao","thumb-below-title"],"yoast_head":"<!-- This site is optimized with the Yoast SEO plugin v27.4 - https:\/\/yoast.com\/product\/yoast-seo-wordpress\/ -->\n<title>Opera\u00e7\u00e3o &#039;Desmanche&#039; prende suspeito e apreende ve\u00edculos em Laranjal | Marcelo Lopes<\/title>\n<meta name=\"robots\" content=\"index, follow, max-snippet:-1, max-image-preview:large, max-video-preview:-1\" \/>\n<link rel=\"canonical\" href=\"https:\/\/marcelolopes.jor.br\/site\/2019\/11\/29\/operacao-desmanche-prende-suspeito-e-apreende-veiculos-em-laranjal\/\" \/>\n<meta property=\"og:locale\" content=\"pt_BR\" \/>\n<meta property=\"og:type\" content=\"article\" \/>\n<meta property=\"og:title\" content=\"Opera\u00e7\u00e3o &#039;Desmanche&#039; prende suspeito e apreende ve\u00edculos em Laranjal | Marcelo Lopes\" \/>\n<meta property=\"og:description\" content=\"Um homem foi preso em Laranjal nesta quinta-feira, 28 de novembro, suspeito de recepta\u00e7\u00e3o. Durante a a\u00e7\u00e3o policial tamb\u00e9m foram apreendidos tr\u00eas ve\u00edculos. A opera\u00e7\u00e3o &#8220;Desmanche&#8221; foi realizada pelo Destacamento da PM daquela cidade, ap\u00f3s militares receberem informa\u00e7\u00f5es de queLeia mais Opera\u00e7\u00e3o &#8216;Desmanche&#8217; prende suspeito e apreende ve\u00edculos em Laranjal\" \/>\n<meta property=\"og:url\" content=\"https:\/\/marcelolopes.jor.br\/site\/2019\/11\/29\/operacao-desmanche-prende-suspeito-e-apreende-veiculos-em-laranjal\/\" \/>\n<meta property=\"og:site_name\" content=\"Marcelo Lopes\" \/>\n<meta property=\"article:publisher\" content=\"https:\/\/www.facebook.com\/sitedomarcelolopes\" \/>\n<meta property=\"article:published_time\" content=\"2019-11-30T01:00:28+00:00\" \/>\n<meta property=\"og:image\" content=\"https:\/\/marcelolopes.jor.br\/site\/wp-content\/uploads\/2019\/11\/07b0a5d013f8444ba80add83364f7f4d.jpg\" \/>\n\t<meta property=\"og:image:width\" content=\"900\" \/>\n\t<meta property=\"og:image:height\" content=\"500\" \/>\n\t<meta property=\"og:image:type\" content=\"image\/jpeg\" \/>\n<meta name=\"author\" content=\"Marcelo Lopes\" \/>\n<meta name=\"twitter:card\" content=\"summary_large_image\" \/>\n<meta name=\"twitter:label1\" content=\"Escrito por\" \/>\n\t<meta name=\"twitter:data1\" content=\"Marcelo Lopes\" \/>\n\t<meta name=\"twitter:label2\" content=\"Est. tempo de leitura\" \/>\n\t<meta name=\"twitter:data2\" content=\"1 minuto\" \/>\n<script type=\"application\/ld+json\" class=\"yoast-schema-graph\">{\"@context\":\"https:\\\/\\\/schema.org\",\"@graph\":[{\"@type\":\"NewsArticle\",\"@id\":\"https:\\\/\\\/marcelolopes.jor.br\\\/site\\\/2019\\\/11\\\/29\\\/operacao-desmanche-prende-suspeito-e-apreende-veiculos-em-laranjal\\\/#article\",\"isPartOf\":{\"@id\":\"https:\\\/\\\/marcelolopes.jor.br\\\/site\\\/2019\\\/11\\\/29\\\/operacao-desmanche-prende-suspeito-e-apreende-veiculos-em-laranjal\\\/\"},\"author\":{\"name\":\"Marcelo Lopes\",\"@id\":\"https:\\\/\\\/marcelolopes.jor.br\\\/site\\\/#\\\/schema\\\/person\\\/3e7216a35c34d8fdf952b31da3d1f89f\"},\"headline\":\"Opera\u00e7\u00e3o &#8216;Desmanche&#8217; prende suspeito e apreende ve\u00edculos em Laranjal\",\"datePublished\":\"2019-11-30T01:00:28+00:00\",\"mainEntityOfPage\":{\"@id\":\"https:\\\/\\\/marcelolopes.jor.br\\\/site\\\/2019\\\/11\\\/29\\\/operacao-desmanche-prende-suspeito-e-apreende-veiculos-em-laranjal\\\/\"},\"wordCount\":262,\"commentCount\":0,\"publisher\":{\"@id\":\"https:\\\/\\\/marcelolopes.jor.br\\\/site\\\/#organization\"},\"image\":{\"@id\":\"https:\\\/\\\/marcelolopes.jor.br\\\/site\\\/2019\\\/11\\\/29\\\/operacao-desmanche-prende-suspeito-e-apreende-veiculos-em-laranjal\\\/#primaryimage\"},\"thumbnailUrl\":\"https:\\\/\\\/marcelolopes.jor.br\\\/site\\\/wp-content\\\/uploads\\\/2019\\\/11\\\/07b0a5d013f8444ba80add83364f7f4d.jpg\",\"keywords\":[\"autom\u00f3vel\",\"desmanche\",\"Laranjal\",\"pris\u00e3o\"],\"articleSection\":[\"Not\u00edcias\"],\"inLanguage\":\"pt-BR\",\"potentialAction\":[{\"@type\":\"CommentAction\",\"name\":\"Comment\",\"target\":[\"https:\\\/\\\/marcelolopes.jor.br\\\/site\\\/2019\\\/11\\\/29\\\/operacao-desmanche-prende-suspeito-e-apreende-veiculos-em-laranjal\\\/#respond\"]}]},{\"@type\":\"WebPage\",\"@id\":\"https:\\\/\\\/marcelolopes.jor.br\\\/site\\\/2019\\\/11\\\/29\\\/operacao-desmanche-prende-suspeito-e-apreende-veiculos-em-laranjal\\\/\",\"url\":\"https:\\\/\\\/marcelolopes.jor.br\\\/site\\\/2019\\\/11\\\/29\\\/operacao-desmanche-prende-suspeito-e-apreende-veiculos-em-laranjal\\\/\",\"name\":\"Opera\u00e7\u00e3o 'Desmanche' prende suspeito e apreende ve\u00edculos em Laranjal | Marcelo Lopes\",\"isPartOf\":{\"@id\":\"https:\\\/\\\/marcelolopes.jor.br\\\/site\\\/#website\"},\"primaryImageOfPage\":{\"@id\":\"https:\\\/\\\/marcelolopes.jor.br\\\/site\\\/2019\\\/11\\\/29\\\/operacao-desmanche-prende-suspeito-e-apreende-veiculos-em-laranjal\\\/#primaryimage\"},\"image\":{\"@id\":\"https:\\\/\\\/marcelolopes.jor.br\\\/site\\\/2019\\\/11\\\/29\\\/operacao-desmanche-prende-suspeito-e-apreende-veiculos-em-laranjal\\\/#primaryimage\"},\"thumbnailUrl\":\"https:\\\/\\\/marcelolopes.jor.br\\\/site\\\/wp-content\\\/uploads\\\/2019\\\/11\\\/07b0a5d013f8444ba80add83364f7f4d.jpg\",\"datePublished\":\"2019-11-30T01:00:28+00:00\",\"breadcrumb\":{\"@id\":\"https:\\\/\\\/marcelolopes.jor.br\\\/site\\\/2019\\\/11\\\/29\\\/operacao-desmanche-prende-suspeito-e-apreende-veiculos-em-laranjal\\\/#breadcrumb\"},\"inLanguage\":\"pt-BR\",\"potentialAction\":[{\"@type\":\"ReadAction\",\"target\":[\"https:\\\/\\\/marcelolopes.jor.br\\\/site\\\/2019\\\/11\\\/29\\\/operacao-desmanche-prende-suspeito-e-apreende-veiculos-em-laranjal\\\/\"]}]},{\"@type\":\"ImageObject\",\"inLanguage\":\"pt-BR\",\"@id\":\"https:\\\/\\\/marcelolopes.jor.br\\\/site\\\/2019\\\/11\\\/29\\\/operacao-desmanche-prende-suspeito-e-apreende-veiculos-em-laranjal\\\/#primaryimage\",\"url\":\"https:\\\/\\\/marcelolopes.jor.br\\\/site\\\/wp-content\\\/uploads\\\/2019\\\/11\\\/07b0a5d013f8444ba80add83364f7f4d.jpg\",\"contentUrl\":\"https:\\\/\\\/marcelolopes.jor.br\\\/site\\\/wp-content\\\/uploads\\\/2019\\\/11\\\/07b0a5d013f8444ba80add83364f7f4d.jpg\",\"width\":900,\"height\":500},{\"@type\":\"BreadcrumbList\",\"@id\":\"https:\\\/\\\/marcelolopes.jor.br\\\/site\\\/2019\\\/11\\\/29\\\/operacao-desmanche-prende-suspeito-e-apreende-veiculos-em-laranjal\\\/#breadcrumb\",\"itemListElement\":[{\"@type\":\"ListItem\",\"position\":1,\"name\":\"Home\",\"item\":\"https:\\\/\\\/marcelolopes.jor.br\\\/site\\\/\"},{\"@type\":\"ListItem\",\"position\":2,\"name\":\"Opera\u00e7\u00e3o &#8216;Desmanche&#8217; prende suspeito e apreende ve\u00edculos em Laranjal\"}]},{\"@type\":\"WebSite\",\"@id\":\"https:\\\/\\\/marcelolopes.jor.br\\\/site\\\/#website\",\"url\":\"https:\\\/\\\/marcelolopes.jor.br\\\/site\\\/\",\"name\":\"Marcelo Lopes\",\"description\":\"Not\u00edcias de Cataguases e Regi\u00e3o\",\"publisher\":{\"@id\":\"https:\\\/\\\/marcelolopes.jor.br\\\/site\\\/#organization\"},\"potentialAction\":[{\"@type\":\"SearchAction\",\"target\":{\"@type\":\"EntryPoint\",\"urlTemplate\":\"https:\\\/\\\/marcelolopes.jor.br\\\/site\\\/?s={search_term_string}\"},\"query-input\":{\"@type\":\"PropertyValueSpecification\",\"valueRequired\":true,\"valueName\":\"search_term_string\"}}],\"inLanguage\":\"pt-BR\"},{\"@type\":\"Organization\",\"@id\":\"https:\\\/\\\/marcelolopes.jor.br\\\/site\\\/#organization\",\"name\":\"Site do Marcelo Lopes\",\"url\":\"https:\\\/\\\/marcelolopes.jor.br\\\/site\\\/\",\"logo\":{\"@type\":\"ImageObject\",\"inLanguage\":\"pt-BR\",\"@id\":\"https:\\\/\\\/marcelolopes.jor.br\\\/site\\\/#\\\/schema\\\/logo\\\/image\\\/\",\"url\":\"https:\\\/\\\/marcelolopes.jor.br\\\/site\\\/wp-content\\\/uploads\\\/2024\\\/11\\\/logo-1.png\",\"contentUrl\":\"https:\\\/\\\/marcelolopes.jor.br\\\/site\\\/wp-content\\\/uploads\\\/2024\\\/11\\\/logo-1.png\",\"width\":475,\"height\":80,\"caption\":\"Site do Marcelo Lopes\"},\"image\":{\"@id\":\"https:\\\/\\\/marcelolopes.jor.br\\\/site\\\/#\\\/schema\\\/logo\\\/image\\\/\"},\"sameAs\":[\"https:\\\/\\\/www.facebook.com\\\/sitedomarcelolopes\",\"https:\\\/\\\/www.instagram.com\\\/sitedomarcelolopes\\\/\",\"https:\\\/\\\/www.linkedin.com\\\/company\\\/site-do-marcelo-lopes\\\/\",\"https:\\\/\\\/www.youtube.com\\\/user\\\/marcelolopes957\"]},{\"@type\":\"Person\",\"@id\":\"https:\\\/\\\/marcelolopes.jor.br\\\/site\\\/#\\\/schema\\\/person\\\/3e7216a35c34d8fdf952b31da3d1f89f\",\"name\":\"Marcelo Lopes\",\"sameAs\":[\"http:\\\/\\\/www.marcelolopes.jor.br\"],\"url\":\"https:\\\/\\\/marcelolopes.jor.br\\\/site\\\/author\\\/marcelo\\\/\"}]}<\/script>\n<!-- \/ Yoast SEO plugin. -->","yoast_head_json":{"title":"Opera\u00e7\u00e3o 'Desmanche' prende suspeito e apreende ve\u00edculos em Laranjal | Marcelo Lopes","robots":{"index":"index","follow":"follow","max-snippet":"max-snippet:-1","max-image-preview":"max-image-preview:large","max-video-preview":"max-video-preview:-1"},"canonical":"https:\/\/marcelolopes.jor.br\/site\/2019\/11\/29\/operacao-desmanche-prende-suspeito-e-apreende-veiculos-em-laranjal\/","og_locale":"pt_BR","og_type":"article","og_title":"Opera\u00e7\u00e3o 'Desmanche' prende suspeito e apreende ve\u00edculos em Laranjal | Marcelo Lopes","og_description":"Um homem foi preso em Laranjal nesta quinta-feira, 28 de novembro, suspeito de recepta\u00e7\u00e3o. Durante a a\u00e7\u00e3o policial tamb\u00e9m foram apreendidos tr\u00eas ve\u00edculos. A opera\u00e7\u00e3o &#8220;Desmanche&#8221; foi realizada pelo Destacamento da PM daquela cidade, ap\u00f3s militares receberem informa\u00e7\u00f5es de queLeia mais Opera\u00e7\u00e3o &#8216;Desmanche&#8217; prende suspeito e apreende ve\u00edculos em Laranjal","og_url":"https:\/\/marcelolopes.jor.br\/site\/2019\/11\/29\/operacao-desmanche-prende-suspeito-e-apreende-veiculos-em-laranjal\/","og_site_name":"Marcelo Lopes","article_publisher":"https:\/\/www.facebook.com\/sitedomarcelolopes","article_published_time":"2019-11-30T01:00:28+00:00","og_image":[{"width":900,"height":500,"url":"https:\/\/marcelolopes.jor.br\/site\/wp-content\/uploads\/2019\/11\/07b0a5d013f8444ba80add83364f7f4d.jpg","type":"image\/jpeg"}],"author":"Marcelo Lopes","twitter_card":"summary_large_image","twitter_misc":{"Escrito por":"Marcelo Lopes","Est. tempo de leitura":"1 minuto"},"schema":{"@context":"https:\/\/schema.org","@graph":[{"@type":"NewsArticle","@id":"https:\/\/marcelolopes.jor.br\/site\/2019\/11\/29\/operacao-desmanche-prende-suspeito-e-apreende-veiculos-em-laranjal\/#article","isPartOf":{"@id":"https:\/\/marcelolopes.jor.br\/site\/2019\/11\/29\/operacao-desmanche-prende-suspeito-e-apreende-veiculos-em-laranjal\/"},"author":{"name":"Marcelo Lopes","@id":"https:\/\/marcelolopes.jor.br\/site\/#\/schema\/person\/3e7216a35c34d8fdf952b31da3d1f89f"},"headline":"Opera\u00e7\u00e3o &#8216;Desmanche&#8217; prende suspeito e apreende ve\u00edculos em Laranjal","datePublished":"2019-11-30T01:00:28+00:00","mainEntityOfPage":{"@id":"https:\/\/marcelolopes.jor.br\/site\/2019\/11\/29\/operacao-desmanche-prende-suspeito-e-apreende-veiculos-em-laranjal\/"},"wordCount":262,"commentCount":0,"publisher":{"@id":"https:\/\/marcelolopes.jor.br\/site\/#organization"},"image":{"@id":"https:\/\/marcelolopes.jor.br\/site\/2019\/11\/29\/operacao-desmanche-prende-suspeito-e-apreende-veiculos-em-laranjal\/#primaryimage"},"thumbnailUrl":"https:\/\/marcelolopes.jor.br\/site\/wp-content\/uploads\/2019\/11\/07b0a5d013f8444ba80add83364f7f4d.jpg","keywords":["autom\u00f3vel","desmanche","Laranjal","pris\u00e3o"],"articleSection":["Not\u00edcias"],"inLanguage":"pt-BR","potentialAction":[{"@type":"CommentAction","name":"Comment","target":["https:\/\/marcelolopes.jor.br\/site\/2019\/11\/29\/operacao-desmanche-prende-suspeito-e-apreende-veiculos-em-laranjal\/#respond"]}]},{"@type":"WebPage","@id":"https:\/\/marcelolopes.jor.br\/site\/2019\/11\/29\/operacao-desmanche-prende-suspeito-e-apreende-veiculos-em-laranjal\/","url":"https:\/\/marcelolopes.jor.br\/site\/2019\/11\/29\/operacao-desmanche-prende-suspeito-e-apreende-veiculos-em-laranjal\/","name":"Opera\u00e7\u00e3o 'Desmanche' prende suspeito e apreende ve\u00edculos em Laranjal | Marcelo Lopes","isPartOf":{"@id":"https:\/\/marcelolopes.jor.br\/site\/#website"},"primaryImageOfPage":{"@id":"https:\/\/marcelolopes.jor.br\/site\/2019\/11\/29\/operacao-desmanche-prende-suspeito-e-apreende-veiculos-em-laranjal\/#primaryimage"},"image":{"@id":"https:\/\/marcelolopes.jor.br\/site\/2019\/11\/29\/operacao-desmanche-prende-suspeito-e-apreende-veiculos-em-laranjal\/#primaryimage"},"thumbnailUrl":"https:\/\/marcelolopes.jor.br\/site\/wp-content\/uploads\/2019\/11\/07b0a5d013f8444ba80add83364f7f4d.jpg","datePublished":"2019-11-30T01:00:28+00:00","breadcrumb":{"@id":"https:\/\/marcelolopes.jor.br\/site\/2019\/11\/29\/operacao-desmanche-prende-suspeito-e-apreende-veiculos-em-laranjal\/#breadcrumb"},"inLanguage":"pt-BR","potentialAction":[{"@type":"ReadAction","target":["https:\/\/marcelolopes.jor.br\/site\/2019\/11\/29\/operacao-desmanche-prende-suspeito-e-apreende-veiculos-em-laranjal\/"]}]},{"@type":"ImageObject","inLanguage":"pt-BR","@id":"https:\/\/marcelolopes.jor.br\/site\/2019\/11\/29\/operacao-desmanche-prende-suspeito-e-apreende-veiculos-em-laranjal\/#primaryimage","url":"https:\/\/marcelolopes.jor.br\/site\/wp-content\/uploads\/2019\/11\/07b0a5d013f8444ba80add83364f7f4d.jpg","contentUrl":"https:\/\/marcelolopes.jor.br\/site\/wp-content\/uploads\/2019\/11\/07b0a5d013f8444ba80add83364f7f4d.jpg","width":900,"height":500},{"@type":"BreadcrumbList","@id":"https:\/\/marcelolopes.jor.br\/site\/2019\/11\/29\/operacao-desmanche-prende-suspeito-e-apreende-veiculos-em-laranjal\/#breadcrumb","itemListElement":[{"@type":"ListItem","position":1,"name":"Home","item":"https:\/\/marcelolopes.jor.br\/site\/"},{"@type":"ListItem","position":2,"name":"Opera\u00e7\u00e3o &#8216;Desmanche&#8217; prende suspeito e apreende ve\u00edculos em Laranjal"}]},{"@type":"WebSite","@id":"https:\/\/marcelolopes.jor.br\/site\/#website","url":"https:\/\/marcelolopes.jor.br\/site\/","name":"Marcelo Lopes","description":"Not\u00edcias de Cataguases e Regi\u00e3o","publisher":{"@id":"https:\/\/marcelolopes.jor.br\/site\/#organization"},"potentialAction":[{"@type":"SearchAction","target":{"@type":"EntryPoint","urlTemplate":"https:\/\/marcelolopes.jor.br\/site\/?s={search_term_string}"},"query-input":{"@type":"PropertyValueSpecification","valueRequired":true,"valueName":"search_term_string"}}],"inLanguage":"pt-BR"},{"@type":"Organization","@id":"https:\/\/marcelolopes.jor.br\/site\/#organization","name":"Site do Marcelo Lopes","url":"https:\/\/marcelolopes.jor.br\/site\/","logo":{"@type":"ImageObject","inLanguage":"pt-BR","@id":"https:\/\/marcelolopes.jor.br\/site\/#\/schema\/logo\/image\/","url":"https:\/\/marcelolopes.jor.br\/site\/wp-content\/uploads\/2024\/11\/logo-1.png","contentUrl":"https:\/\/marcelolopes.jor.br\/site\/wp-content\/uploads\/2024\/11\/logo-1.png","width":475,"height":80,"caption":"Site do Marcelo Lopes"},"image":{"@id":"https:\/\/marcelolopes.jor.br\/site\/#\/schema\/logo\/image\/"},"sameAs":["https:\/\/www.facebook.com\/sitedomarcelolopes","https:\/\/www.instagram.com\/sitedomarcelolopes\/","https:\/\/www.linkedin.com\/company\/site-do-marcelo-lopes\/","https:\/\/www.youtube.com\/user\/marcelolopes957"]},{"@type":"Person","@id":"https:\/\/marcelolopes.jor.br\/site\/#\/schema\/person\/3e7216a35c34d8fdf952b31da3d1f89f","name":"Marcelo Lopes","sameAs":["http:\/\/www.marcelolopes.jor.br"],"url":"https:\/\/marcelolopes.jor.br\/site\/author\/marcelo\/"}]}},"wps_subtitle":"Den\u00fancia an\u00f4nima levou os militares at\u00e9 o suspeito j\u00e1 conhecido do meio policial.","_links":{"self":[{"href":"https:\/\/marcelolopes.jor.br\/site\/wp-json\/wp\/v2\/posts\/8690","targetHints":{"allow":["GET"]}}],"collection":[{"href":"https:\/\/marcelolopes.jor.br\/site\/wp-json\/wp\/v2\/posts"}],"about":[{"href":"https:\/\/marcelolopes.jor.br\/site\/wp-json\/wp\/v2\/types\/post"}],"author":[{"embeddable":true,"href":"https:\/\/marcelolopes.jor.br\/site\/wp-json\/wp\/v2\/users\/2"}],"replies":[{"embeddable":true,"href":"https:\/\/marcelolopes.jor.br\/site\/wp-json\/wp\/v2\/comments?post=8690"}],"version-history":[{"count":0,"href":"https:\/\/marcelolopes.jor.br\/site\/wp-json\/wp\/v2\/posts\/8690\/revisions"}],"wp:featuredmedia":[{"embeddable":true,"href":"https:\/\/marcelolopes.jor.br\/site\/wp-json\/wp\/v2\/media\/8691"}],"wp:attachment":[{"href":"https:\/\/marcelolopes.jor.br\/site\/wp-json\/wp\/v2\/media?parent=8690"}],"wp:term":[{"taxonomy":"category","embeddable":true,"href":"https:\/\/marcelolopes.jor.br\/site\/wp-json\/wp\/v2\/categories?post=8690"},{"taxonomy":"post_tag","embeddable":true,"href":"https:\/\/marcelolopes.jor.br\/site\/wp-json\/wp\/v2\/tags?post=8690"}],"curies":[{"name":"wp","href":"https:\/\/api.w.org\/{rel}","templated":true}]}}