{"id":8297,"date":"2019-11-21T12:00:17","date_gmt":"2019-11-21T15:00:17","guid":{"rendered":"https:\/\/marcelolopes.jor.br\/?p=8297"},"modified":"2019-11-21T21:56:12","modified_gmt":"2019-11-22T00:56:12","slug":"manha-dedicada-ao-publico-adolescente-no-festival-ver-e-fazer-filmes","status":"publish","type":"post","link":"https:\/\/marcelolopes.jor.br\/site\/2019\/11\/21\/manha-dedicada-ao-publico-adolescente-no-festival-ver-e-fazer-filmes\/","title":{"rendered":"Manh\u00e3 dedicada ao p\u00fablico adolescente no Festival Ver e Fazer Filmes"},"content":{"rendered":"<p style=\"text-align: justify;\">O terceiro dia do Festival Ver e Fazer Filmes come\u00e7ou \u00e0s 9h30min desta quinta-feira, 21 de novembro, dedicado aos adolescentes. Eles assistiram a quatro curtas metragens, inclusive de anima\u00e7\u00e3o, com tem\u00e1ticas voltadas para a realidade em que vivem. A curadoria dos filmes \u00e9 do diretor Marcos Pimentel que conforme disse, &#8220;garimpou&#8221; as obras mais relevantes &#8220;de forma muito criteriosa&#8221; para este momento, &#8220;com tem\u00e1tica que eles vivenciam no dia-a-dia como meio ambiente, problemas familiares, inclus\u00e3o social, racismo e intoler\u00e2ncia&#8221;, revelou. Na sexta-feira, 22, esta Mostra exibe o document\u00e1rio Lama, de Carlos Pronzatto e Richardson Pontone.<!--more--><\/p>\n<p style=\"text-align: justify;\"><img loading=\"lazy\" decoding=\"async\" class=\"aligncenter wp-image-8300\" src=\"https:\/\/marcelolopes.jor.br\/site\/wp-content\/uploads\/2019\/11\/IMG_8806.jpg\" alt=\"\" width=\"600\" height=\"450\" srcset=\"https:\/\/marcelolopes.jor.br\/site\/wp-content\/uploads\/2019\/11\/IMG_8806.jpg 800w, https:\/\/marcelolopes.jor.br\/site\/wp-content\/uploads\/2019\/11\/IMG_8806-300x225.jpg 300w, https:\/\/marcelolopes.jor.br\/site\/wp-content\/uploads\/2019\/11\/IMG_8806-768x576.jpg 768w\" sizes=\"auto, (max-width: 600px) 100vw, 600px\" \/>Antes da exibi\u00e7\u00e3o dos filmes, os alunos receberam algumas informa\u00e7\u00f5es sobre o evento e foram recebidos por Isa Rodrigues, que falou sobre o Festival e seus objetivos. A especialista em filmes de anima\u00e7\u00e3o, M\u00edriam Rolim, tamb\u00e9m explicou algumas caracter\u00edsticas desta modalidade de cinema, muito popular atrav\u00e9s do desenho animado que, conforme revelou, \u00e9 apenas uma das t\u00e9cnicas utilizada para se fazer anima\u00e7\u00e3o. C\u00e9sar Piva, presidente do Polo Audiovisual, lembrou a import\u00e2ncia do Cinema na forma\u00e7\u00e3o do jovem e disse que esta pr\u00e1tica pode, &#8220;inclusive motivar alguns de voc\u00eas a tamb\u00e9m fazerem filmes.&#8221;<\/p>\n<p style=\"text-align: justify;\">A plateia formada por alunos das escolas estaduais Marieta Soares Teixeira e Col\u00e9gio Cataguases, al\u00e9m da escola municipal Carmelita Guimar\u00e3es, assistiu aos filmes &#8220;\u00d2p\u00e1r\u00e1 de \u00d3s\u00fan: Quando tudo nasce&#8221;, de P\u00e2mela Peregrino; &#8220;Uma hist\u00f3ria de Cores&#8221;, de Victor Hugo Fi\u00faza; &#8220;O V\u00e9u de Amani&#8221;, de Renata Diniz, e &#8220;Soberanos do Congo&#8221;, de Raoni Moreno. \u00c0 noite, \u00e0 partir das 19 horas, ser\u00e1 exibido um cap\u00edtulo da s\u00e9rie para TV &#8220;\u00c1rvore dos Ara\u00fajos&#8221;, de Alfredo Chaves, que foi produzida pelo Polo Audiovisual da Zona da Mata e rodado em Piacatuba, distrito de Leopoldina.<\/p>\n<figure id=\"attachment_8301\" aria-describedby=\"caption-attachment-8301\" style=\"width: 600px\" class=\"wp-caption aligncenter\"><img loading=\"lazy\" decoding=\"async\" class=\"wp-image-8301\" src=\"https:\/\/marcelolopes.jor.br\/site\/wp-content\/uploads\/2019\/11\/IMG_8816.jpg\" alt=\"\" width=\"600\" height=\"450\" srcset=\"https:\/\/marcelolopes.jor.br\/site\/wp-content\/uploads\/2019\/11\/IMG_8816.jpg 800w, https:\/\/marcelolopes.jor.br\/site\/wp-content\/uploads\/2019\/11\/IMG_8816-300x225.jpg 300w, https:\/\/marcelolopes.jor.br\/site\/wp-content\/uploads\/2019\/11\/IMG_8816-768x576.jpg 768w\" sizes=\"auto, (max-width: 600px) 100vw, 600px\" \/><figcaption id=\"caption-attachment-8301\" class=\"wp-caption-text\">C\u00e9sar Piva<\/figcaption><\/figure>\n<p style=\"text-align: justify;\">O Festival Ver e Fazer Filmes \u00e9 uma realiza\u00e7\u00e3o do Instituto Cidade de Cataguases, em parceria com o Instituto F\u00e1brica do Futuro, Funda\u00e7\u00e3o Cultural Ormeo Junqueira Botelho e a Ag\u00eancia de Desenvolvimento do Polo Audiovisual da Zona da Mata, com o patroc\u00ednio da Energisa atrav\u00e9s da Lei de Incentivo \u00e0 Cultura da Secretaria de Estado da Cultura e Turismo de Minas Gerais. O evento conta tamb\u00e9m com o apoio do Sebrae e da Prefeitura de Cataguases atrav\u00e9s das Secretarias Municipais de Cultura e Turismo e a de Educa\u00e7\u00e3o.<\/p>\n<figure id=\"attachment_8306\" aria-describedby=\"caption-attachment-8306\" style=\"width: 600px\" class=\"wp-caption aligncenter\"><img loading=\"lazy\" decoding=\"async\" class=\"wp-image-8306\" src=\"https:\/\/marcelolopes.jor.br\/site\/wp-content\/uploads\/2019\/11\/IMG_8621.jpg\" alt=\"\" width=\"600\" height=\"450\" srcset=\"https:\/\/marcelolopes.jor.br\/site\/wp-content\/uploads\/2019\/11\/IMG_8621.jpg 800w, https:\/\/marcelolopes.jor.br\/site\/wp-content\/uploads\/2019\/11\/IMG_8621-300x225.jpg 300w, https:\/\/marcelolopes.jor.br\/site\/wp-content\/uploads\/2019\/11\/IMG_8621-768x576.jpg 768w\" sizes=\"auto, (max-width: 600px) 100vw, 600px\" \/><figcaption id=\"caption-attachment-8306\" class=\"wp-caption-text\">Marcos Pimentel<\/figcaption><\/figure>\n<p>&nbsp;<\/p>\n<figure id=\"attachment_8302\" aria-describedby=\"caption-attachment-8302\" style=\"width: 600px\" class=\"wp-caption aligncenter\"><img loading=\"lazy\" decoding=\"async\" class=\"wp-image-8302\" src=\"https:\/\/marcelolopes.jor.br\/site\/wp-content\/uploads\/2019\/11\/IMG_8809.jpg\" alt=\"\" width=\"600\" height=\"450\" srcset=\"https:\/\/marcelolopes.jor.br\/site\/wp-content\/uploads\/2019\/11\/IMG_8809.jpg 800w, https:\/\/marcelolopes.jor.br\/site\/wp-content\/uploads\/2019\/11\/IMG_8809-300x225.jpg 300w, https:\/\/marcelolopes.jor.br\/site\/wp-content\/uploads\/2019\/11\/IMG_8809-768x576.jpg 768w\" sizes=\"auto, (max-width: 600px) 100vw, 600px\" \/><figcaption id=\"caption-attachment-8302\" class=\"wp-caption-text\">Isa Rodrigues<\/figcaption><\/figure>\n<figure id=\"attachment_8307\" aria-describedby=\"caption-attachment-8307\" style=\"width: 396px\" class=\"wp-caption aligncenter\"><img loading=\"lazy\" decoding=\"async\" class=\"wp-image-8307 size-full\" src=\"https:\/\/marcelolopes.jor.br\/site\/wp-content\/uploads\/2019\/11\/Yano.jpg\" alt=\"\" width=\"396\" height=\"520\" srcset=\"https:\/\/marcelolopes.jor.br\/site\/wp-content\/uploads\/2019\/11\/Yano.jpg 396w, https:\/\/marcelolopes.jor.br\/site\/wp-content\/uploads\/2019\/11\/Yano-228x300.jpg 228w\" sizes=\"auto, (max-width: 396px) 100vw, 396px\" \/><figcaption id=\"caption-attachment-8307\" class=\"wp-caption-text\">Iano Oliveira<\/figcaption><\/figure>\n<figure id=\"attachment_8303\" aria-describedby=\"caption-attachment-8303\" style=\"width: 600px\" class=\"wp-caption aligncenter\"><img loading=\"lazy\" decoding=\"async\" class=\"wp-image-8303\" src=\"https:\/\/marcelolopes.jor.br\/site\/wp-content\/uploads\/2019\/11\/IMG_8823.jpg\" alt=\"\" width=\"600\" height=\"450\" srcset=\"https:\/\/marcelolopes.jor.br\/site\/wp-content\/uploads\/2019\/11\/IMG_8823.jpg 800w, https:\/\/marcelolopes.jor.br\/site\/wp-content\/uploads\/2019\/11\/IMG_8823-300x225.jpg 300w, https:\/\/marcelolopes.jor.br\/site\/wp-content\/uploads\/2019\/11\/IMG_8823-768x576.jpg 768w\" sizes=\"auto, (max-width: 600px) 100vw, 600px\" \/><figcaption id=\"caption-attachment-8303\" class=\"wp-caption-text\">M\u00edriam Rolim<\/figcaption><\/figure>\n<figure id=\"attachment_8304\" aria-describedby=\"caption-attachment-8304\" style=\"width: 600px\" class=\"wp-caption aligncenter\"><img loading=\"lazy\" decoding=\"async\" class=\"wp-image-8304\" src=\"https:\/\/marcelolopes.jor.br\/site\/wp-content\/uploads\/2019\/11\/IMG_8825.jpg\" alt=\"\" width=\"600\" height=\"450\" srcset=\"https:\/\/marcelolopes.jor.br\/site\/wp-content\/uploads\/2019\/11\/IMG_8825.jpg 800w, https:\/\/marcelolopes.jor.br\/site\/wp-content\/uploads\/2019\/11\/IMG_8825-300x225.jpg 300w, https:\/\/marcelolopes.jor.br\/site\/wp-content\/uploads\/2019\/11\/IMG_8825-768x576.jpg 768w\" sizes=\"auto, (max-width: 600px) 100vw, 600px\" \/><figcaption id=\"caption-attachment-8304\" class=\"wp-caption-text\">Luiz Fernando Leit\u00e3o<\/figcaption><\/figure>\n<p><em>Fotos exclusivas Site do Marcelo Lopes<\/em><\/p>\n<div class=\"hcwkp69f727c42a555\" ><br><\/div><style type=\"text\/css\">\r\n@media screen and (min-width: 1201px) {\r\n.hcwkp69f727c42a555 {\r\ndisplay: block;\r\n}\r\n}\r\n@media screen and (min-width: 993px) and (max-width: 1200px) {\r\n.hcwkp69f727c42a555 {\r\ndisplay: block;\r\n}\r\n}\r\n@media screen and (min-width: 769px) and (max-width: 992px) {\r\n.hcwkp69f727c42a555 {\r\ndisplay: block;\r\n}\r\n}\r\n@media screen and (min-width: 768px) and (max-width: 768px) {\r\n.hcwkp69f727c42a555 {\r\ndisplay: block;\r\n}\r\n}\r\n@media screen and (max-width: 767px) {\r\n.hcwkp69f727c42a555 {\r\ndisplay: block;\r\n}\r\n}\r\n<\/style>\r\n<div class=\"qawku69f727c4308dc\" ><div id=\"div_destino\"><\/div>\r\n<script src=\"https:\/\/cdn.snsrsv.com\/sdk.js\"><\/script>\r\n<script >\r\n      new sdk(\"464030C30061EA8BE065000000000001\") \r\n          .appendTo(\"div_destino\")\r\n          .disableStyle(true) \r\n          .setCacheBusterMacro(\"%%CACHEBUSTER%%\")\r\n          .setSize(\"800\",\"214\")\r\n          .setClickMacro(\"%%CLICK_URL_ESC%%\") \r\n          .setReferrerUrlMacro(\"%%REFERRER_URL_ESC%%\") \r\n          .start(); \r\n<\/script><\/div><style type=\"text\/css\">\r\n@media screen and (min-width: 1201px) {\r\n.qawku69f727c4308dc {\r\ndisplay: block;\r\n}\r\n}\r\n@media screen and (min-width: 993px) and (max-width: 1200px) {\r\n.qawku69f727c4308dc {\r\ndisplay: block;\r\n}\r\n}\r\n@media screen and (min-width: 769px) and (max-width: 992px) {\r\n.qawku69f727c4308dc {\r\ndisplay: block;\r\n}\r\n}\r\n@media screen and (min-width: 768px) and (max-width: 768px) {\r\n.qawku69f727c4308dc {\r\ndisplay: block;\r\n}\r\n}\r\n@media screen and (max-width: 767px) {\r\n.qawku69f727c4308dc {\r\ndisplay: block;\r\n}\r\n}\r\n<\/style>\r\n","protected":false},"excerpt":{"rendered":"<p>O terceiro dia do Festival Ver e Fazer Filmes come\u00e7ou \u00e0s 9h30min desta quinta-feira, 21 de novembro, dedicado aos adolescentes. Eles assistiram a quatro curtas metragens, inclusive de anima\u00e7\u00e3o, com tem\u00e1ticas voltadas para a realidade em que vivem. A curadoria<\/p>\n<p class=\"link-more\"><a class=\"more-link\" href=\"https:\/\/marcelolopes.jor.br\/site\/2019\/11\/21\/manha-dedicada-ao-publico-adolescente-no-festival-ver-e-fazer-filmes\/\">Leia mais <span class=\"screen-reader-text\">Manh\u00e3 dedicada ao p\u00fablico adolescente no Festival Ver e Fazer Filmes<\/span><\/a><\/p>\n","protected":false},"author":2,"featured_media":8299,"comment_status":"open","ping_status":"open","sticky":false,"template":"","format":"standard","meta":{"footnotes":""},"categories":[1],"tags":[347,821,1612,349],"class_list":["post-8297","post","type-post","status-publish","format-standard","has-post-thumbnail","hentry","category-noticias","tag-cinema","tag-estudantes","tag-festival-ver-e-fazer-filmes","tag-polo-audiovisual","thumb-below-title"],"yoast_head":"<!-- This site is optimized with the Yoast SEO plugin v27.4 - https:\/\/yoast.com\/product\/yoast-seo-wordpress\/ -->\n<title>Manh\u00e3 dedicada ao p\u00fablico adolescente no Festival Ver e Fazer Filmes | Marcelo Lopes<\/title>\n<meta name=\"robots\" content=\"index, follow, max-snippet:-1, max-image-preview:large, max-video-preview:-1\" \/>\n<link rel=\"canonical\" href=\"https:\/\/marcelolopes.jor.br\/site\/2019\/11\/21\/manha-dedicada-ao-publico-adolescente-no-festival-ver-e-fazer-filmes\/\" \/>\n<meta property=\"og:locale\" content=\"pt_BR\" \/>\n<meta property=\"og:type\" content=\"article\" \/>\n<meta property=\"og:title\" content=\"Manh\u00e3 dedicada ao p\u00fablico adolescente no Festival Ver e Fazer Filmes | Marcelo Lopes\" \/>\n<meta property=\"og:description\" content=\"O terceiro dia do Festival Ver e Fazer Filmes come\u00e7ou \u00e0s 9h30min desta quinta-feira, 21 de novembro, dedicado aos adolescentes. Eles assistiram a quatro curtas metragens, inclusive de anima\u00e7\u00e3o, com tem\u00e1ticas voltadas para a realidade em que vivem. A curadoriaLeia mais Manh\u00e3 dedicada ao p\u00fablico adolescente no Festival Ver e Fazer Filmes\" \/>\n<meta property=\"og:url\" content=\"https:\/\/marcelolopes.jor.br\/site\/2019\/11\/21\/manha-dedicada-ao-publico-adolescente-no-festival-ver-e-fazer-filmes\/\" \/>\n<meta property=\"og:site_name\" content=\"Marcelo Lopes\" \/>\n<meta property=\"article:publisher\" content=\"https:\/\/www.facebook.com\/sitedomarcelolopes\" \/>\n<meta property=\"article:published_time\" content=\"2019-11-21T15:00:17+00:00\" \/>\n<meta property=\"article:modified_time\" content=\"2019-11-22T00:56:12+00:00\" \/>\n<meta property=\"og:image\" content=\"https:\/\/marcelolopes.jor.br\/site\/wp-content\/uploads\/2019\/11\/IMG_8819.jpg\" \/>\n\t<meta property=\"og:image:width\" content=\"800\" \/>\n\t<meta property=\"og:image:height\" content=\"600\" \/>\n\t<meta property=\"og:image:type\" content=\"image\/jpeg\" \/>\n<meta name=\"author\" content=\"Marcelo Lopes\" \/>\n<meta name=\"twitter:card\" content=\"summary_large_image\" \/>\n<meta name=\"twitter:label1\" content=\"Escrito por\" \/>\n\t<meta name=\"twitter:data1\" content=\"Marcelo Lopes\" \/>\n\t<meta name=\"twitter:label2\" content=\"Est. tempo de leitura\" \/>\n\t<meta name=\"twitter:data2\" content=\"2 minutos\" \/>\n<script type=\"application\/ld+json\" class=\"yoast-schema-graph\">{\"@context\":\"https:\\\/\\\/schema.org\",\"@graph\":[{\"@type\":\"NewsArticle\",\"@id\":\"https:\\\/\\\/marcelolopes.jor.br\\\/site\\\/2019\\\/11\\\/21\\\/manha-dedicada-ao-publico-adolescente-no-festival-ver-e-fazer-filmes\\\/#article\",\"isPartOf\":{\"@id\":\"https:\\\/\\\/marcelolopes.jor.br\\\/site\\\/2019\\\/11\\\/21\\\/manha-dedicada-ao-publico-adolescente-no-festival-ver-e-fazer-filmes\\\/\"},\"author\":{\"name\":\"Marcelo Lopes\",\"@id\":\"https:\\\/\\\/marcelolopes.jor.br\\\/site\\\/#\\\/schema\\\/person\\\/3e7216a35c34d8fdf952b31da3d1f89f\"},\"headline\":\"Manh\u00e3 dedicada ao p\u00fablico adolescente no Festival Ver e Fazer Filmes\",\"datePublished\":\"2019-11-21T15:00:17+00:00\",\"dateModified\":\"2019-11-22T00:56:12+00:00\",\"mainEntityOfPage\":{\"@id\":\"https:\\\/\\\/marcelolopes.jor.br\\\/site\\\/2019\\\/11\\\/21\\\/manha-dedicada-ao-publico-adolescente-no-festival-ver-e-fazer-filmes\\\/\"},\"wordCount\":479,\"commentCount\":0,\"publisher\":{\"@id\":\"https:\\\/\\\/marcelolopes.jor.br\\\/site\\\/#organization\"},\"image\":{\"@id\":\"https:\\\/\\\/marcelolopes.jor.br\\\/site\\\/2019\\\/11\\\/21\\\/manha-dedicada-ao-publico-adolescente-no-festival-ver-e-fazer-filmes\\\/#primaryimage\"},\"thumbnailUrl\":\"https:\\\/\\\/marcelolopes.jor.br\\\/site\\\/wp-content\\\/uploads\\\/2019\\\/11\\\/IMG_8819.jpg\",\"keywords\":[\"Cinema\",\"estudantes\",\"Festival Ver e Fazer Filmes\",\"Polo Audiovisual\"],\"articleSection\":[\"Not\u00edcias\"],\"inLanguage\":\"pt-BR\",\"potentialAction\":[{\"@type\":\"CommentAction\",\"name\":\"Comment\",\"target\":[\"https:\\\/\\\/marcelolopes.jor.br\\\/site\\\/2019\\\/11\\\/21\\\/manha-dedicada-ao-publico-adolescente-no-festival-ver-e-fazer-filmes\\\/#respond\"]}]},{\"@type\":\"WebPage\",\"@id\":\"https:\\\/\\\/marcelolopes.jor.br\\\/site\\\/2019\\\/11\\\/21\\\/manha-dedicada-ao-publico-adolescente-no-festival-ver-e-fazer-filmes\\\/\",\"url\":\"https:\\\/\\\/marcelolopes.jor.br\\\/site\\\/2019\\\/11\\\/21\\\/manha-dedicada-ao-publico-adolescente-no-festival-ver-e-fazer-filmes\\\/\",\"name\":\"Manh\u00e3 dedicada ao p\u00fablico adolescente no Festival Ver e Fazer Filmes | Marcelo Lopes\",\"isPartOf\":{\"@id\":\"https:\\\/\\\/marcelolopes.jor.br\\\/site\\\/#website\"},\"primaryImageOfPage\":{\"@id\":\"https:\\\/\\\/marcelolopes.jor.br\\\/site\\\/2019\\\/11\\\/21\\\/manha-dedicada-ao-publico-adolescente-no-festival-ver-e-fazer-filmes\\\/#primaryimage\"},\"image\":{\"@id\":\"https:\\\/\\\/marcelolopes.jor.br\\\/site\\\/2019\\\/11\\\/21\\\/manha-dedicada-ao-publico-adolescente-no-festival-ver-e-fazer-filmes\\\/#primaryimage\"},\"thumbnailUrl\":\"https:\\\/\\\/marcelolopes.jor.br\\\/site\\\/wp-content\\\/uploads\\\/2019\\\/11\\\/IMG_8819.jpg\",\"datePublished\":\"2019-11-21T15:00:17+00:00\",\"dateModified\":\"2019-11-22T00:56:12+00:00\",\"breadcrumb\":{\"@id\":\"https:\\\/\\\/marcelolopes.jor.br\\\/site\\\/2019\\\/11\\\/21\\\/manha-dedicada-ao-publico-adolescente-no-festival-ver-e-fazer-filmes\\\/#breadcrumb\"},\"inLanguage\":\"pt-BR\",\"potentialAction\":[{\"@type\":\"ReadAction\",\"target\":[\"https:\\\/\\\/marcelolopes.jor.br\\\/site\\\/2019\\\/11\\\/21\\\/manha-dedicada-ao-publico-adolescente-no-festival-ver-e-fazer-filmes\\\/\"]}]},{\"@type\":\"ImageObject\",\"inLanguage\":\"pt-BR\",\"@id\":\"https:\\\/\\\/marcelolopes.jor.br\\\/site\\\/2019\\\/11\\\/21\\\/manha-dedicada-ao-publico-adolescente-no-festival-ver-e-fazer-filmes\\\/#primaryimage\",\"url\":\"https:\\\/\\\/marcelolopes.jor.br\\\/site\\\/wp-content\\\/uploads\\\/2019\\\/11\\\/IMG_8819.jpg\",\"contentUrl\":\"https:\\\/\\\/marcelolopes.jor.br\\\/site\\\/wp-content\\\/uploads\\\/2019\\\/11\\\/IMG_8819.jpg\",\"width\":800,\"height\":600},{\"@type\":\"BreadcrumbList\",\"@id\":\"https:\\\/\\\/marcelolopes.jor.br\\\/site\\\/2019\\\/11\\\/21\\\/manha-dedicada-ao-publico-adolescente-no-festival-ver-e-fazer-filmes\\\/#breadcrumb\",\"itemListElement\":[{\"@type\":\"ListItem\",\"position\":1,\"name\":\"Home\",\"item\":\"https:\\\/\\\/marcelolopes.jor.br\\\/site\\\/\"},{\"@type\":\"ListItem\",\"position\":2,\"name\":\"Manh\u00e3 dedicada ao p\u00fablico adolescente no Festival Ver e Fazer Filmes\"}]},{\"@type\":\"WebSite\",\"@id\":\"https:\\\/\\\/marcelolopes.jor.br\\\/site\\\/#website\",\"url\":\"https:\\\/\\\/marcelolopes.jor.br\\\/site\\\/\",\"name\":\"Marcelo Lopes\",\"description\":\"Not\u00edcias de Cataguases e Regi\u00e3o\",\"publisher\":{\"@id\":\"https:\\\/\\\/marcelolopes.jor.br\\\/site\\\/#organization\"},\"potentialAction\":[{\"@type\":\"SearchAction\",\"target\":{\"@type\":\"EntryPoint\",\"urlTemplate\":\"https:\\\/\\\/marcelolopes.jor.br\\\/site\\\/?s={search_term_string}\"},\"query-input\":{\"@type\":\"PropertyValueSpecification\",\"valueRequired\":true,\"valueName\":\"search_term_string\"}}],\"inLanguage\":\"pt-BR\"},{\"@type\":\"Organization\",\"@id\":\"https:\\\/\\\/marcelolopes.jor.br\\\/site\\\/#organization\",\"name\":\"Site do Marcelo Lopes\",\"url\":\"https:\\\/\\\/marcelolopes.jor.br\\\/site\\\/\",\"logo\":{\"@type\":\"ImageObject\",\"inLanguage\":\"pt-BR\",\"@id\":\"https:\\\/\\\/marcelolopes.jor.br\\\/site\\\/#\\\/schema\\\/logo\\\/image\\\/\",\"url\":\"https:\\\/\\\/marcelolopes.jor.br\\\/site\\\/wp-content\\\/uploads\\\/2024\\\/11\\\/logo-1.png\",\"contentUrl\":\"https:\\\/\\\/marcelolopes.jor.br\\\/site\\\/wp-content\\\/uploads\\\/2024\\\/11\\\/logo-1.png\",\"width\":475,\"height\":80,\"caption\":\"Site do Marcelo Lopes\"},\"image\":{\"@id\":\"https:\\\/\\\/marcelolopes.jor.br\\\/site\\\/#\\\/schema\\\/logo\\\/image\\\/\"},\"sameAs\":[\"https:\\\/\\\/www.facebook.com\\\/sitedomarcelolopes\",\"https:\\\/\\\/www.instagram.com\\\/sitedomarcelolopes\\\/\",\"https:\\\/\\\/www.linkedin.com\\\/company\\\/site-do-marcelo-lopes\\\/\",\"https:\\\/\\\/www.youtube.com\\\/user\\\/marcelolopes957\"]},{\"@type\":\"Person\",\"@id\":\"https:\\\/\\\/marcelolopes.jor.br\\\/site\\\/#\\\/schema\\\/person\\\/3e7216a35c34d8fdf952b31da3d1f89f\",\"name\":\"Marcelo Lopes\",\"sameAs\":[\"http:\\\/\\\/www.marcelolopes.jor.br\"],\"url\":\"https:\\\/\\\/marcelolopes.jor.br\\\/site\\\/author\\\/marcelo\\\/\"}]}<\/script>\n<!-- \/ Yoast SEO plugin. -->","yoast_head_json":{"title":"Manh\u00e3 dedicada ao p\u00fablico adolescente no Festival Ver e Fazer Filmes | Marcelo Lopes","robots":{"index":"index","follow":"follow","max-snippet":"max-snippet:-1","max-image-preview":"max-image-preview:large","max-video-preview":"max-video-preview:-1"},"canonical":"https:\/\/marcelolopes.jor.br\/site\/2019\/11\/21\/manha-dedicada-ao-publico-adolescente-no-festival-ver-e-fazer-filmes\/","og_locale":"pt_BR","og_type":"article","og_title":"Manh\u00e3 dedicada ao p\u00fablico adolescente no Festival Ver e Fazer Filmes | Marcelo Lopes","og_description":"O terceiro dia do Festival Ver e Fazer Filmes come\u00e7ou \u00e0s 9h30min desta quinta-feira, 21 de novembro, dedicado aos adolescentes. Eles assistiram a quatro curtas metragens, inclusive de anima\u00e7\u00e3o, com tem\u00e1ticas voltadas para a realidade em que vivem. A curadoriaLeia mais Manh\u00e3 dedicada ao p\u00fablico adolescente no Festival Ver e Fazer Filmes","og_url":"https:\/\/marcelolopes.jor.br\/site\/2019\/11\/21\/manha-dedicada-ao-publico-adolescente-no-festival-ver-e-fazer-filmes\/","og_site_name":"Marcelo Lopes","article_publisher":"https:\/\/www.facebook.com\/sitedomarcelolopes","article_published_time":"2019-11-21T15:00:17+00:00","article_modified_time":"2019-11-22T00:56:12+00:00","og_image":[{"width":800,"height":600,"url":"https:\/\/marcelolopes.jor.br\/site\/wp-content\/uploads\/2019\/11\/IMG_8819.jpg","type":"image\/jpeg"}],"author":"Marcelo Lopes","twitter_card":"summary_large_image","twitter_misc":{"Escrito por":"Marcelo Lopes","Est. tempo de leitura":"2 minutos"},"schema":{"@context":"https:\/\/schema.org","@graph":[{"@type":"NewsArticle","@id":"https:\/\/marcelolopes.jor.br\/site\/2019\/11\/21\/manha-dedicada-ao-publico-adolescente-no-festival-ver-e-fazer-filmes\/#article","isPartOf":{"@id":"https:\/\/marcelolopes.jor.br\/site\/2019\/11\/21\/manha-dedicada-ao-publico-adolescente-no-festival-ver-e-fazer-filmes\/"},"author":{"name":"Marcelo Lopes","@id":"https:\/\/marcelolopes.jor.br\/site\/#\/schema\/person\/3e7216a35c34d8fdf952b31da3d1f89f"},"headline":"Manh\u00e3 dedicada ao p\u00fablico adolescente no Festival Ver e Fazer Filmes","datePublished":"2019-11-21T15:00:17+00:00","dateModified":"2019-11-22T00:56:12+00:00","mainEntityOfPage":{"@id":"https:\/\/marcelolopes.jor.br\/site\/2019\/11\/21\/manha-dedicada-ao-publico-adolescente-no-festival-ver-e-fazer-filmes\/"},"wordCount":479,"commentCount":0,"publisher":{"@id":"https:\/\/marcelolopes.jor.br\/site\/#organization"},"image":{"@id":"https:\/\/marcelolopes.jor.br\/site\/2019\/11\/21\/manha-dedicada-ao-publico-adolescente-no-festival-ver-e-fazer-filmes\/#primaryimage"},"thumbnailUrl":"https:\/\/marcelolopes.jor.br\/site\/wp-content\/uploads\/2019\/11\/IMG_8819.jpg","keywords":["Cinema","estudantes","Festival Ver e Fazer Filmes","Polo Audiovisual"],"articleSection":["Not\u00edcias"],"inLanguage":"pt-BR","potentialAction":[{"@type":"CommentAction","name":"Comment","target":["https:\/\/marcelolopes.jor.br\/site\/2019\/11\/21\/manha-dedicada-ao-publico-adolescente-no-festival-ver-e-fazer-filmes\/#respond"]}]},{"@type":"WebPage","@id":"https:\/\/marcelolopes.jor.br\/site\/2019\/11\/21\/manha-dedicada-ao-publico-adolescente-no-festival-ver-e-fazer-filmes\/","url":"https:\/\/marcelolopes.jor.br\/site\/2019\/11\/21\/manha-dedicada-ao-publico-adolescente-no-festival-ver-e-fazer-filmes\/","name":"Manh\u00e3 dedicada ao p\u00fablico adolescente no Festival Ver e Fazer Filmes | Marcelo Lopes","isPartOf":{"@id":"https:\/\/marcelolopes.jor.br\/site\/#website"},"primaryImageOfPage":{"@id":"https:\/\/marcelolopes.jor.br\/site\/2019\/11\/21\/manha-dedicada-ao-publico-adolescente-no-festival-ver-e-fazer-filmes\/#primaryimage"},"image":{"@id":"https:\/\/marcelolopes.jor.br\/site\/2019\/11\/21\/manha-dedicada-ao-publico-adolescente-no-festival-ver-e-fazer-filmes\/#primaryimage"},"thumbnailUrl":"https:\/\/marcelolopes.jor.br\/site\/wp-content\/uploads\/2019\/11\/IMG_8819.jpg","datePublished":"2019-11-21T15:00:17+00:00","dateModified":"2019-11-22T00:56:12+00:00","breadcrumb":{"@id":"https:\/\/marcelolopes.jor.br\/site\/2019\/11\/21\/manha-dedicada-ao-publico-adolescente-no-festival-ver-e-fazer-filmes\/#breadcrumb"},"inLanguage":"pt-BR","potentialAction":[{"@type":"ReadAction","target":["https:\/\/marcelolopes.jor.br\/site\/2019\/11\/21\/manha-dedicada-ao-publico-adolescente-no-festival-ver-e-fazer-filmes\/"]}]},{"@type":"ImageObject","inLanguage":"pt-BR","@id":"https:\/\/marcelolopes.jor.br\/site\/2019\/11\/21\/manha-dedicada-ao-publico-adolescente-no-festival-ver-e-fazer-filmes\/#primaryimage","url":"https:\/\/marcelolopes.jor.br\/site\/wp-content\/uploads\/2019\/11\/IMG_8819.jpg","contentUrl":"https:\/\/marcelolopes.jor.br\/site\/wp-content\/uploads\/2019\/11\/IMG_8819.jpg","width":800,"height":600},{"@type":"BreadcrumbList","@id":"https:\/\/marcelolopes.jor.br\/site\/2019\/11\/21\/manha-dedicada-ao-publico-adolescente-no-festival-ver-e-fazer-filmes\/#breadcrumb","itemListElement":[{"@type":"ListItem","position":1,"name":"Home","item":"https:\/\/marcelolopes.jor.br\/site\/"},{"@type":"ListItem","position":2,"name":"Manh\u00e3 dedicada ao p\u00fablico adolescente no Festival Ver e Fazer Filmes"}]},{"@type":"WebSite","@id":"https:\/\/marcelolopes.jor.br\/site\/#website","url":"https:\/\/marcelolopes.jor.br\/site\/","name":"Marcelo Lopes","description":"Not\u00edcias de Cataguases e Regi\u00e3o","publisher":{"@id":"https:\/\/marcelolopes.jor.br\/site\/#organization"},"potentialAction":[{"@type":"SearchAction","target":{"@type":"EntryPoint","urlTemplate":"https:\/\/marcelolopes.jor.br\/site\/?s={search_term_string}"},"query-input":{"@type":"PropertyValueSpecification","valueRequired":true,"valueName":"search_term_string"}}],"inLanguage":"pt-BR"},{"@type":"Organization","@id":"https:\/\/marcelolopes.jor.br\/site\/#organization","name":"Site do Marcelo Lopes","url":"https:\/\/marcelolopes.jor.br\/site\/","logo":{"@type":"ImageObject","inLanguage":"pt-BR","@id":"https:\/\/marcelolopes.jor.br\/site\/#\/schema\/logo\/image\/","url":"https:\/\/marcelolopes.jor.br\/site\/wp-content\/uploads\/2024\/11\/logo-1.png","contentUrl":"https:\/\/marcelolopes.jor.br\/site\/wp-content\/uploads\/2024\/11\/logo-1.png","width":475,"height":80,"caption":"Site do Marcelo Lopes"},"image":{"@id":"https:\/\/marcelolopes.jor.br\/site\/#\/schema\/logo\/image\/"},"sameAs":["https:\/\/www.facebook.com\/sitedomarcelolopes","https:\/\/www.instagram.com\/sitedomarcelolopes\/","https:\/\/www.linkedin.com\/company\/site-do-marcelo-lopes\/","https:\/\/www.youtube.com\/user\/marcelolopes957"]},{"@type":"Person","@id":"https:\/\/marcelolopes.jor.br\/site\/#\/schema\/person\/3e7216a35c34d8fdf952b31da3d1f89f","name":"Marcelo Lopes","sameAs":["http:\/\/www.marcelolopes.jor.br"],"url":"https:\/\/marcelolopes.jor.br\/site\/author\/marcelo\/"}]}},"wps_subtitle":"Adolescentes alunos de escolas p\u00fablicas assistiram a quatro curtas com temas atuais.","_links":{"self":[{"href":"https:\/\/marcelolopes.jor.br\/site\/wp-json\/wp\/v2\/posts\/8297","targetHints":{"allow":["GET"]}}],"collection":[{"href":"https:\/\/marcelolopes.jor.br\/site\/wp-json\/wp\/v2\/posts"}],"about":[{"href":"https:\/\/marcelolopes.jor.br\/site\/wp-json\/wp\/v2\/types\/post"}],"author":[{"embeddable":true,"href":"https:\/\/marcelolopes.jor.br\/site\/wp-json\/wp\/v2\/users\/2"}],"replies":[{"embeddable":true,"href":"https:\/\/marcelolopes.jor.br\/site\/wp-json\/wp\/v2\/comments?post=8297"}],"version-history":[{"count":0,"href":"https:\/\/marcelolopes.jor.br\/site\/wp-json\/wp\/v2\/posts\/8297\/revisions"}],"wp:featuredmedia":[{"embeddable":true,"href":"https:\/\/marcelolopes.jor.br\/site\/wp-json\/wp\/v2\/media\/8299"}],"wp:attachment":[{"href":"https:\/\/marcelolopes.jor.br\/site\/wp-json\/wp\/v2\/media?parent=8297"}],"wp:term":[{"taxonomy":"category","embeddable":true,"href":"https:\/\/marcelolopes.jor.br\/site\/wp-json\/wp\/v2\/categories?post=8297"},{"taxonomy":"post_tag","embeddable":true,"href":"https:\/\/marcelolopes.jor.br\/site\/wp-json\/wp\/v2\/tags?post=8297"}],"curies":[{"name":"wp","href":"https:\/\/api.w.org\/{rel}","templated":true}]}}