{"id":8285,"date":"2019-11-21T07:00:19","date_gmt":"2019-11-21T10:00:19","guid":{"rendered":"https:\/\/marcelolopes.jor.br\/?p=8285"},"modified":"2019-11-20T23:25:26","modified_gmt":"2019-11-21T02:25:26","slug":"participantes-e-moradores-assistem-com-lilia-cabral-em-piacatuba-ao-filme-maria-do-carito","status":"publish","type":"post","link":"https:\/\/marcelolopes.jor.br\/site\/2019\/11\/21\/participantes-e-moradores-assistem-com-lilia-cabral-em-piacatuba-ao-filme-maria-do-carito\/","title":{"rendered":"Participantes e moradores assistem com L\u00edlia Cabral, em Piacatuba, ao filme Maria do Carit\u00f3"},"content":{"rendered":"<p style=\"text-align: justify;\">Carinho e felicidade. Estas duas palavras talvez sejam a que melhor define a exibi\u00e7\u00e3o do filme &#8220;Maria do Carit\u00f3&#8221; em Piacatuba, distrito de Leopoldina. A apresenta\u00e7\u00e3o aconteceu na noite desta quarta-feira, 20 de novembro, na pra\u00e7a da Cruz Queimada, sob uma enorme tenda que ficou lotada por um p\u00fablico formado, em sua maioria, por participantes do longa. Nem o tempo chuvoso atrapalhou o evento que fez parte do segundo dia do Festival Ver e Fazer Filmes. L\u00edlia Cabral, a protagonista da obra, esteve l\u00e1, conversou com muitos dos que atuaram com ela no filme a quem chamou de &#8220;colegas de trabalho&#8221;.<!--more--><\/p>\n<p style=\"text-align: justify;\"><img loading=\"lazy\" decoding=\"async\" class=\"aligncenter wp-image-8288\" src=\"https:\/\/marcelolopes.jor.br\/site\/wp-content\/uploads\/2019\/11\/IMG_8783.jpg\" alt=\"\" width=\"600\" height=\"450\" srcset=\"https:\/\/marcelolopes.jor.br\/site\/wp-content\/uploads\/2019\/11\/IMG_8783.jpg 800w, https:\/\/marcelolopes.jor.br\/site\/wp-content\/uploads\/2019\/11\/IMG_8783-300x225.jpg 300w, https:\/\/marcelolopes.jor.br\/site\/wp-content\/uploads\/2019\/11\/IMG_8783-768x576.jpg 768w\" sizes=\"auto, (max-width: 600px) 100vw, 600px\" \/>Foi um momento de reencontro com a atriz com quem aquelas pessoas conviveram durante quarenta e cinco dias. Al\u00e9m disso, a ansiedade e a apreens\u00e3o de se verem na tela era grande. Pelo menos para as irm\u00e3s Maria Aid\u00ea de Roma Silva Chaves e Ad\u00e9lia Aparecida Aleixo Dutra. Uma se inscreveu para participar do filme motivada pela outra. &#8220;A id\u00e9ia foi de Ad\u00e9lia, que se entusiasmou e me chamou. Acabei aceitando e foi muito emocionante&#8221;, contou Maria Aid\u00ea.<\/p>\n<p style=\"text-align: justify;\">Ad\u00e9lia n\u00e3o esticou muito o assunto e foi logo resumindo a experi\u00eancia de ter atuado em Maria do Carit\u00f3. &#8220;Foi tudo de bom. Emocionante ver tudo isso agora e ainda por cima rever a Lilia Cabral. Quero tirar uma foto com ela&#8221;, completou, sendo acompanhada pela irm\u00e3 que disse tamb\u00e9m querer a mesma coisa. As duas s\u00e3o nascidas e moradoras de Piacatuba e jamais haviam pensado em participar de um filme para o cinema. Na vida real, Maria Aid\u00ea \u00e9 aposentada e Ad\u00e9lia tem um bar naquele distrito. Chegaram cedo ao local da exibi\u00e7\u00e3o, escolheram um lugar na segunda fila e n\u00e3o tiraram os olhos da tela durante todo o filme. Eram, como previram, puro encantamento.<\/p>\n<p style=\"text-align: justify;\"><img loading=\"lazy\" decoding=\"async\" class=\"aligncenter wp-image-8290\" src=\"https:\/\/marcelolopes.jor.br\/site\/wp-content\/uploads\/2019\/11\/IMG_8746.jpg\" alt=\"\" width=\"600\" height=\"450\" srcset=\"https:\/\/marcelolopes.jor.br\/site\/wp-content\/uploads\/2019\/11\/IMG_8746.jpg 800w, https:\/\/marcelolopes.jor.br\/site\/wp-content\/uploads\/2019\/11\/IMG_8746-300x225.jpg 300w, https:\/\/marcelolopes.jor.br\/site\/wp-content\/uploads\/2019\/11\/IMG_8746-768x576.jpg 768w\" sizes=\"auto, (max-width: 600px) 100vw, 600px\" \/>L\u00edlia Cabral, a produtora Elisa Tolomeli, o gestor do Polo Audiovisual da Zona da Mata, C\u00e9sar Piva, e o presidente da ENERGISA Minas Gerais e tamb\u00e9m da Funda\u00e7\u00e3o Ormeo Junqueira Botelho, Eduardo Mantovani, al\u00e9m da Secret\u00e1ria Municipal de Cultura de Leopoldina, Jussara Thomaz, fizeram uma r\u00e1pida solenidade de abertura do evento. Al\u00e9m de agradecimentos feitos por Elisa, C\u00e9sar Piva lembrou que Piacatuba vem se tornando o palco preferido das produ\u00e7\u00f5es do Polo. &#8220;Este filme foi o quarto a ser rodado aqui&#8221;, lembrou. Jussara elogiou as a\u00e7\u00f5es do Polo que para ela &#8220;se destacam cada vez mais ap\u00f3s cada trabalho conclu\u00eddo.&#8221;<\/p>\n<p style=\"text-align: justify;\"><img loading=\"lazy\" decoding=\"async\" class=\"aligncenter wp-image-8289\" src=\"https:\/\/marcelolopes.jor.br\/site\/wp-content\/uploads\/2019\/11\/IMG_8760.jpg\" alt=\"\" width=\"600\" height=\"450\" srcset=\"https:\/\/marcelolopes.jor.br\/site\/wp-content\/uploads\/2019\/11\/IMG_8760.jpg 800w, https:\/\/marcelolopes.jor.br\/site\/wp-content\/uploads\/2019\/11\/IMG_8760-300x225.jpg 300w, https:\/\/marcelolopes.jor.br\/site\/wp-content\/uploads\/2019\/11\/IMG_8760-768x576.jpg 768w\" sizes=\"auto, (max-width: 600px) 100vw, 600px\" \/>Eduardo Mantovani lembrou sua interinidade \u00e0 frente da Funda\u00e7\u00e3o que vinha sendo presidida &#8220;com compet\u00eancia, talento e dedica\u00e7\u00e3o sem igual, por M\u00f4nica Botelho, que hoje se recupera de um problema de sa\u00fade&#8221;, contou. Ele tamb\u00e9m agradeceu a presen\u00e7a de todos e falou do esfor\u00e7o da equipe do Polo Audiovisual que vem realizando trabalhos &#8220;fant\u00e1sticos&#8221;. Para encerrar, L\u00edlia Cabral conversou com o p\u00fablico como se estivesse mesmo entre amigos. Brincou, lembrou as dificuldades enfrentadas durante as filmagens. &#8220;A gente enfrentou chuva e at\u00e9 sapo aqui para fazer este trabalho que agora vamos assistir juntos. \u00c9 o nosso trabalho. Meu e de voc\u00eas&#8221;, finalizou arrancando aplausos. Em seguida veio o sil\u00eancio quebrado instantes depois pela voz de Maria Beth\u00e2nia, vinda da tela grande. Come\u00e7ava Maria do Carit\u00f3.<\/p>\n<p><img loading=\"lazy\" decoding=\"async\" class=\"aligncenter wp-image-8291\" src=\"https:\/\/marcelolopes.jor.br\/site\/wp-content\/uploads\/2019\/11\/IMG_8730.jpg\" alt=\"\" width=\"600\" height=\"450\" srcset=\"https:\/\/marcelolopes.jor.br\/site\/wp-content\/uploads\/2019\/11\/IMG_8730.jpg 800w, https:\/\/marcelolopes.jor.br\/site\/wp-content\/uploads\/2019\/11\/IMG_8730-300x225.jpg 300w, https:\/\/marcelolopes.jor.br\/site\/wp-content\/uploads\/2019\/11\/IMG_8730-768x576.jpg 768w\" sizes=\"auto, (max-width: 600px) 100vw, 600px\" \/><\/p>\n<p><img loading=\"lazy\" decoding=\"async\" class=\"aligncenter wp-image-8292\" src=\"https:\/\/marcelolopes.jor.br\/site\/wp-content\/uploads\/2019\/11\/IMG_8741.jpg\" alt=\"\" width=\"600\" height=\"450\" srcset=\"https:\/\/marcelolopes.jor.br\/site\/wp-content\/uploads\/2019\/11\/IMG_8741.jpg 800w, https:\/\/marcelolopes.jor.br\/site\/wp-content\/uploads\/2019\/11\/IMG_8741-300x225.jpg 300w, https:\/\/marcelolopes.jor.br\/site\/wp-content\/uploads\/2019\/11\/IMG_8741-768x576.jpg 768w\" sizes=\"auto, (max-width: 600px) 100vw, 600px\" \/><\/p>\n<p><img loading=\"lazy\" decoding=\"async\" class=\"aligncenter wp-image-8293\" src=\"https:\/\/marcelolopes.jor.br\/site\/wp-content\/uploads\/2019\/11\/IMG_8776.jpg\" alt=\"\" width=\"600\" height=\"450\" srcset=\"https:\/\/marcelolopes.jor.br\/site\/wp-content\/uploads\/2019\/11\/IMG_8776.jpg 800w, https:\/\/marcelolopes.jor.br\/site\/wp-content\/uploads\/2019\/11\/IMG_8776-300x225.jpg 300w, https:\/\/marcelolopes.jor.br\/site\/wp-content\/uploads\/2019\/11\/IMG_8776-768x576.jpg 768w\" sizes=\"auto, (max-width: 600px) 100vw, 600px\" \/><\/p>\n<p><img loading=\"lazy\" decoding=\"async\" class=\"aligncenter size-full wp-image-8294\" src=\"https:\/\/marcelolopes.jor.br\/site\/wp-content\/uploads\/2019\/11\/IMG_8795.jpg\" alt=\"\" width=\"600\" height=\"800\" srcset=\"https:\/\/marcelolopes.jor.br\/site\/wp-content\/uploads\/2019\/11\/IMG_8795.jpg 600w, https:\/\/marcelolopes.jor.br\/site\/wp-content\/uploads\/2019\/11\/IMG_8795-225x300.jpg 225w\" sizes=\"auto, (max-width: 600px) 100vw, 600px\" \/><\/p>\n<p><em>Fotos exclusivas: Site do Marcelo Lopes<\/em><\/p>\n<div class=\"rmytg69f750424a034\" ><br><\/div><style type=\"text\/css\">\r\n@media screen and (min-width: 1201px) {\r\n.rmytg69f750424a034 {\r\ndisplay: block;\r\n}\r\n}\r\n@media screen and (min-width: 993px) and (max-width: 1200px) {\r\n.rmytg69f750424a034 {\r\ndisplay: block;\r\n}\r\n}\r\n@media screen and (min-width: 769px) and (max-width: 992px) {\r\n.rmytg69f750424a034 {\r\ndisplay: block;\r\n}\r\n}\r\n@media screen and (min-width: 768px) and (max-width: 768px) {\r\n.rmytg69f750424a034 {\r\ndisplay: block;\r\n}\r\n}\r\n@media screen and (max-width: 767px) {\r\n.rmytg69f750424a034 {\r\ndisplay: block;\r\n}\r\n}\r\n<\/style>\r\n<div class=\"dkjxc69f75042507f5\" ><div id=\"div_destino\"><\/div>\r\n<script src=\"https:\/\/cdn.snsrsv.com\/sdk.js\"><\/script>\r\n<script >\r\n      new sdk(\"464030C30061EA8BE065000000000001\") \r\n          .appendTo(\"div_destino\")\r\n          .disableStyle(true) \r\n          .setCacheBusterMacro(\"%%CACHEBUSTER%%\")\r\n          .setSize(\"800\",\"214\")\r\n          .setClickMacro(\"%%CLICK_URL_ESC%%\") \r\n          .setReferrerUrlMacro(\"%%REFERRER_URL_ESC%%\") \r\n          .start(); \r\n<\/script><\/div><style type=\"text\/css\">\r\n@media screen and (min-width: 1201px) {\r\n.dkjxc69f75042507f5 {\r\ndisplay: block;\r\n}\r\n}\r\n@media screen and (min-width: 993px) and (max-width: 1200px) {\r\n.dkjxc69f75042507f5 {\r\ndisplay: block;\r\n}\r\n}\r\n@media screen and (min-width: 769px) and (max-width: 992px) {\r\n.dkjxc69f75042507f5 {\r\ndisplay: block;\r\n}\r\n}\r\n@media screen and (min-width: 768px) and (max-width: 768px) {\r\n.dkjxc69f75042507f5 {\r\ndisplay: block;\r\n}\r\n}\r\n@media screen and (max-width: 767px) {\r\n.dkjxc69f75042507f5 {\r\ndisplay: block;\r\n}\r\n}\r\n<\/style>\r\n","protected":false},"excerpt":{"rendered":"<p>Carinho e felicidade. Estas duas palavras talvez sejam a que melhor define a exibi\u00e7\u00e3o do filme &#8220;Maria do Carit\u00f3&#8221; em Piacatuba, distrito de Leopoldina. A apresenta\u00e7\u00e3o aconteceu na noite desta quarta-feira, 20 de novembro, na pra\u00e7a da Cruz Queimada, sob<\/p>\n<p class=\"link-more\"><a class=\"more-link\" href=\"https:\/\/marcelolopes.jor.br\/site\/2019\/11\/21\/participantes-e-moradores-assistem-com-lilia-cabral-em-piacatuba-ao-filme-maria-do-carito\/\">Leia mais <span class=\"screen-reader-text\">Participantes e moradores assistem com L\u00edlia Cabral, em Piacatuba, ao filme Maria do Carit\u00f3<\/span><\/a><\/p>\n","protected":false},"author":2,"featured_media":8287,"comment_status":"open","ping_status":"open","sticky":false,"template":"","format":"standard","meta":{"footnotes":""},"categories":[1],"tags":[1612,1628,117,349],"class_list":["post-8285","post","type-post","status-publish","format-standard","has-post-thumbnail","hentry","category-noticias","tag-festival-ver-e-fazer-filmes","tag-lilia-cabral","tag-piacatuba","tag-polo-audiovisual","thumb-below-title"],"yoast_head":"<!-- This site is optimized with the Yoast SEO plugin v27.4 - https:\/\/yoast.com\/product\/yoast-seo-wordpress\/ -->\n<title>Participantes e moradores assistem com L\u00edlia Cabral, em Piacatuba, ao filme Maria do Carit\u00f3 | Marcelo Lopes<\/title>\n<meta name=\"robots\" content=\"index, follow, max-snippet:-1, max-image-preview:large, max-video-preview:-1\" \/>\n<link rel=\"canonical\" href=\"https:\/\/marcelolopes.jor.br\/site\/2019\/11\/21\/participantes-e-moradores-assistem-com-lilia-cabral-em-piacatuba-ao-filme-maria-do-carito\/\" \/>\n<meta property=\"og:locale\" content=\"pt_BR\" \/>\n<meta property=\"og:type\" content=\"article\" \/>\n<meta property=\"og:title\" content=\"Participantes e moradores assistem com L\u00edlia Cabral, em Piacatuba, ao filme Maria do Carit\u00f3 | Marcelo Lopes\" \/>\n<meta property=\"og:description\" content=\"Carinho e felicidade. Estas duas palavras talvez sejam a que melhor define a exibi\u00e7\u00e3o do filme &#8220;Maria do Carit\u00f3&#8221; em Piacatuba, distrito de Leopoldina. A apresenta\u00e7\u00e3o aconteceu na noite desta quarta-feira, 20 de novembro, na pra\u00e7a da Cruz Queimada, sobLeia mais Participantes e moradores assistem com L\u00edlia Cabral, em Piacatuba, ao filme Maria do Carit\u00f3\" \/>\n<meta property=\"og:url\" content=\"https:\/\/marcelolopes.jor.br\/site\/2019\/11\/21\/participantes-e-moradores-assistem-com-lilia-cabral-em-piacatuba-ao-filme-maria-do-carito\/\" \/>\n<meta property=\"og:site_name\" content=\"Marcelo Lopes\" \/>\n<meta property=\"article:publisher\" content=\"https:\/\/www.facebook.com\/sitedomarcelolopes\" \/>\n<meta property=\"article:published_time\" content=\"2019-11-21T10:00:19+00:00\" \/>\n<meta property=\"og:image\" content=\"https:\/\/marcelolopes.jor.br\/site\/wp-content\/uploads\/2019\/11\/IMG_8796.jpg\" \/>\n\t<meta property=\"og:image:width\" content=\"800\" \/>\n\t<meta property=\"og:image:height\" content=\"600\" \/>\n\t<meta property=\"og:image:type\" content=\"image\/jpeg\" \/>\n<meta name=\"author\" content=\"Marcelo Lopes\" \/>\n<meta name=\"twitter:card\" content=\"summary_large_image\" \/>\n<meta name=\"twitter:label1\" content=\"Escrito por\" \/>\n\t<meta name=\"twitter:data1\" content=\"Marcelo Lopes\" \/>\n\t<meta name=\"twitter:label2\" content=\"Est. tempo de leitura\" \/>\n\t<meta name=\"twitter:data2\" content=\"3 minutos\" \/>\n<script type=\"application\/ld+json\" class=\"yoast-schema-graph\">{\"@context\":\"https:\\\/\\\/schema.org\",\"@graph\":[{\"@type\":\"NewsArticle\",\"@id\":\"https:\\\/\\\/marcelolopes.jor.br\\\/site\\\/2019\\\/11\\\/21\\\/participantes-e-moradores-assistem-com-lilia-cabral-em-piacatuba-ao-filme-maria-do-carito\\\/#article\",\"isPartOf\":{\"@id\":\"https:\\\/\\\/marcelolopes.jor.br\\\/site\\\/2019\\\/11\\\/21\\\/participantes-e-moradores-assistem-com-lilia-cabral-em-piacatuba-ao-filme-maria-do-carito\\\/\"},\"author\":{\"name\":\"Marcelo Lopes\",\"@id\":\"https:\\\/\\\/marcelolopes.jor.br\\\/site\\\/#\\\/schema\\\/person\\\/3e7216a35c34d8fdf952b31da3d1f89f\"},\"headline\":\"Participantes e moradores assistem com L\u00edlia Cabral, em Piacatuba, ao filme Maria do Carit\u00f3\",\"datePublished\":\"2019-11-21T10:00:19+00:00\",\"mainEntityOfPage\":{\"@id\":\"https:\\\/\\\/marcelolopes.jor.br\\\/site\\\/2019\\\/11\\\/21\\\/participantes-e-moradores-assistem-com-lilia-cabral-em-piacatuba-ao-filme-maria-do-carito\\\/\"},\"wordCount\":584,\"commentCount\":0,\"publisher\":{\"@id\":\"https:\\\/\\\/marcelolopes.jor.br\\\/site\\\/#organization\"},\"image\":{\"@id\":\"https:\\\/\\\/marcelolopes.jor.br\\\/site\\\/2019\\\/11\\\/21\\\/participantes-e-moradores-assistem-com-lilia-cabral-em-piacatuba-ao-filme-maria-do-carito\\\/#primaryimage\"},\"thumbnailUrl\":\"https:\\\/\\\/marcelolopes.jor.br\\\/site\\\/wp-content\\\/uploads\\\/2019\\\/11\\\/IMG_8796.jpg\",\"keywords\":[\"Festival Ver e Fazer Filmes\",\"Lilia Cabral\",\"Piacatuba\",\"Polo Audiovisual\"],\"articleSection\":[\"Not\u00edcias\"],\"inLanguage\":\"pt-BR\",\"potentialAction\":[{\"@type\":\"CommentAction\",\"name\":\"Comment\",\"target\":[\"https:\\\/\\\/marcelolopes.jor.br\\\/site\\\/2019\\\/11\\\/21\\\/participantes-e-moradores-assistem-com-lilia-cabral-em-piacatuba-ao-filme-maria-do-carito\\\/#respond\"]}]},{\"@type\":\"WebPage\",\"@id\":\"https:\\\/\\\/marcelolopes.jor.br\\\/site\\\/2019\\\/11\\\/21\\\/participantes-e-moradores-assistem-com-lilia-cabral-em-piacatuba-ao-filme-maria-do-carito\\\/\",\"url\":\"https:\\\/\\\/marcelolopes.jor.br\\\/site\\\/2019\\\/11\\\/21\\\/participantes-e-moradores-assistem-com-lilia-cabral-em-piacatuba-ao-filme-maria-do-carito\\\/\",\"name\":\"Participantes e moradores assistem com L\u00edlia Cabral, em Piacatuba, ao filme Maria do Carit\u00f3 | Marcelo Lopes\",\"isPartOf\":{\"@id\":\"https:\\\/\\\/marcelolopes.jor.br\\\/site\\\/#website\"},\"primaryImageOfPage\":{\"@id\":\"https:\\\/\\\/marcelolopes.jor.br\\\/site\\\/2019\\\/11\\\/21\\\/participantes-e-moradores-assistem-com-lilia-cabral-em-piacatuba-ao-filme-maria-do-carito\\\/#primaryimage\"},\"image\":{\"@id\":\"https:\\\/\\\/marcelolopes.jor.br\\\/site\\\/2019\\\/11\\\/21\\\/participantes-e-moradores-assistem-com-lilia-cabral-em-piacatuba-ao-filme-maria-do-carito\\\/#primaryimage\"},\"thumbnailUrl\":\"https:\\\/\\\/marcelolopes.jor.br\\\/site\\\/wp-content\\\/uploads\\\/2019\\\/11\\\/IMG_8796.jpg\",\"datePublished\":\"2019-11-21T10:00:19+00:00\",\"breadcrumb\":{\"@id\":\"https:\\\/\\\/marcelolopes.jor.br\\\/site\\\/2019\\\/11\\\/21\\\/participantes-e-moradores-assistem-com-lilia-cabral-em-piacatuba-ao-filme-maria-do-carito\\\/#breadcrumb\"},\"inLanguage\":\"pt-BR\",\"potentialAction\":[{\"@type\":\"ReadAction\",\"target\":[\"https:\\\/\\\/marcelolopes.jor.br\\\/site\\\/2019\\\/11\\\/21\\\/participantes-e-moradores-assistem-com-lilia-cabral-em-piacatuba-ao-filme-maria-do-carito\\\/\"]}]},{\"@type\":\"ImageObject\",\"inLanguage\":\"pt-BR\",\"@id\":\"https:\\\/\\\/marcelolopes.jor.br\\\/site\\\/2019\\\/11\\\/21\\\/participantes-e-moradores-assistem-com-lilia-cabral-em-piacatuba-ao-filme-maria-do-carito\\\/#primaryimage\",\"url\":\"https:\\\/\\\/marcelolopes.jor.br\\\/site\\\/wp-content\\\/uploads\\\/2019\\\/11\\\/IMG_8796.jpg\",\"contentUrl\":\"https:\\\/\\\/marcelolopes.jor.br\\\/site\\\/wp-content\\\/uploads\\\/2019\\\/11\\\/IMG_8796.jpg\",\"width\":800,\"height\":600},{\"@type\":\"BreadcrumbList\",\"@id\":\"https:\\\/\\\/marcelolopes.jor.br\\\/site\\\/2019\\\/11\\\/21\\\/participantes-e-moradores-assistem-com-lilia-cabral-em-piacatuba-ao-filme-maria-do-carito\\\/#breadcrumb\",\"itemListElement\":[{\"@type\":\"ListItem\",\"position\":1,\"name\":\"Home\",\"item\":\"https:\\\/\\\/marcelolopes.jor.br\\\/site\\\/\"},{\"@type\":\"ListItem\",\"position\":2,\"name\":\"Participantes e moradores assistem com L\u00edlia Cabral, em Piacatuba, ao filme Maria do Carit\u00f3\"}]},{\"@type\":\"WebSite\",\"@id\":\"https:\\\/\\\/marcelolopes.jor.br\\\/site\\\/#website\",\"url\":\"https:\\\/\\\/marcelolopes.jor.br\\\/site\\\/\",\"name\":\"Marcelo Lopes\",\"description\":\"Not\u00edcias de Cataguases e Regi\u00e3o\",\"publisher\":{\"@id\":\"https:\\\/\\\/marcelolopes.jor.br\\\/site\\\/#organization\"},\"potentialAction\":[{\"@type\":\"SearchAction\",\"target\":{\"@type\":\"EntryPoint\",\"urlTemplate\":\"https:\\\/\\\/marcelolopes.jor.br\\\/site\\\/?s={search_term_string}\"},\"query-input\":{\"@type\":\"PropertyValueSpecification\",\"valueRequired\":true,\"valueName\":\"search_term_string\"}}],\"inLanguage\":\"pt-BR\"},{\"@type\":\"Organization\",\"@id\":\"https:\\\/\\\/marcelolopes.jor.br\\\/site\\\/#organization\",\"name\":\"Site do Marcelo Lopes\",\"url\":\"https:\\\/\\\/marcelolopes.jor.br\\\/site\\\/\",\"logo\":{\"@type\":\"ImageObject\",\"inLanguage\":\"pt-BR\",\"@id\":\"https:\\\/\\\/marcelolopes.jor.br\\\/site\\\/#\\\/schema\\\/logo\\\/image\\\/\",\"url\":\"https:\\\/\\\/marcelolopes.jor.br\\\/site\\\/wp-content\\\/uploads\\\/2024\\\/11\\\/logo-1.png\",\"contentUrl\":\"https:\\\/\\\/marcelolopes.jor.br\\\/site\\\/wp-content\\\/uploads\\\/2024\\\/11\\\/logo-1.png\",\"width\":475,\"height\":80,\"caption\":\"Site do Marcelo Lopes\"},\"image\":{\"@id\":\"https:\\\/\\\/marcelolopes.jor.br\\\/site\\\/#\\\/schema\\\/logo\\\/image\\\/\"},\"sameAs\":[\"https:\\\/\\\/www.facebook.com\\\/sitedomarcelolopes\",\"https:\\\/\\\/www.instagram.com\\\/sitedomarcelolopes\\\/\",\"https:\\\/\\\/www.linkedin.com\\\/company\\\/site-do-marcelo-lopes\\\/\",\"https:\\\/\\\/www.youtube.com\\\/user\\\/marcelolopes957\"]},{\"@type\":\"Person\",\"@id\":\"https:\\\/\\\/marcelolopes.jor.br\\\/site\\\/#\\\/schema\\\/person\\\/3e7216a35c34d8fdf952b31da3d1f89f\",\"name\":\"Marcelo Lopes\",\"sameAs\":[\"http:\\\/\\\/www.marcelolopes.jor.br\"],\"url\":\"https:\\\/\\\/marcelolopes.jor.br\\\/site\\\/author\\\/marcelo\\\/\"}]}<\/script>\n<!-- \/ Yoast SEO plugin. -->","yoast_head_json":{"title":"Participantes e moradores assistem com L\u00edlia Cabral, em Piacatuba, ao filme Maria do Carit\u00f3 | Marcelo Lopes","robots":{"index":"index","follow":"follow","max-snippet":"max-snippet:-1","max-image-preview":"max-image-preview:large","max-video-preview":"max-video-preview:-1"},"canonical":"https:\/\/marcelolopes.jor.br\/site\/2019\/11\/21\/participantes-e-moradores-assistem-com-lilia-cabral-em-piacatuba-ao-filme-maria-do-carito\/","og_locale":"pt_BR","og_type":"article","og_title":"Participantes e moradores assistem com L\u00edlia Cabral, em Piacatuba, ao filme Maria do Carit\u00f3 | Marcelo Lopes","og_description":"Carinho e felicidade. Estas duas palavras talvez sejam a que melhor define a exibi\u00e7\u00e3o do filme &#8220;Maria do Carit\u00f3&#8221; em Piacatuba, distrito de Leopoldina. A apresenta\u00e7\u00e3o aconteceu na noite desta quarta-feira, 20 de novembro, na pra\u00e7a da Cruz Queimada, sobLeia mais Participantes e moradores assistem com L\u00edlia Cabral, em Piacatuba, ao filme Maria do Carit\u00f3","og_url":"https:\/\/marcelolopes.jor.br\/site\/2019\/11\/21\/participantes-e-moradores-assistem-com-lilia-cabral-em-piacatuba-ao-filme-maria-do-carito\/","og_site_name":"Marcelo Lopes","article_publisher":"https:\/\/www.facebook.com\/sitedomarcelolopes","article_published_time":"2019-11-21T10:00:19+00:00","og_image":[{"width":800,"height":600,"url":"https:\/\/marcelolopes.jor.br\/site\/wp-content\/uploads\/2019\/11\/IMG_8796.jpg","type":"image\/jpeg"}],"author":"Marcelo Lopes","twitter_card":"summary_large_image","twitter_misc":{"Escrito por":"Marcelo Lopes","Est. tempo de leitura":"3 minutos"},"schema":{"@context":"https:\/\/schema.org","@graph":[{"@type":"NewsArticle","@id":"https:\/\/marcelolopes.jor.br\/site\/2019\/11\/21\/participantes-e-moradores-assistem-com-lilia-cabral-em-piacatuba-ao-filme-maria-do-carito\/#article","isPartOf":{"@id":"https:\/\/marcelolopes.jor.br\/site\/2019\/11\/21\/participantes-e-moradores-assistem-com-lilia-cabral-em-piacatuba-ao-filme-maria-do-carito\/"},"author":{"name":"Marcelo Lopes","@id":"https:\/\/marcelolopes.jor.br\/site\/#\/schema\/person\/3e7216a35c34d8fdf952b31da3d1f89f"},"headline":"Participantes e moradores assistem com L\u00edlia Cabral, em Piacatuba, ao filme Maria do Carit\u00f3","datePublished":"2019-11-21T10:00:19+00:00","mainEntityOfPage":{"@id":"https:\/\/marcelolopes.jor.br\/site\/2019\/11\/21\/participantes-e-moradores-assistem-com-lilia-cabral-em-piacatuba-ao-filme-maria-do-carito\/"},"wordCount":584,"commentCount":0,"publisher":{"@id":"https:\/\/marcelolopes.jor.br\/site\/#organization"},"image":{"@id":"https:\/\/marcelolopes.jor.br\/site\/2019\/11\/21\/participantes-e-moradores-assistem-com-lilia-cabral-em-piacatuba-ao-filme-maria-do-carito\/#primaryimage"},"thumbnailUrl":"https:\/\/marcelolopes.jor.br\/site\/wp-content\/uploads\/2019\/11\/IMG_8796.jpg","keywords":["Festival Ver e Fazer Filmes","Lilia Cabral","Piacatuba","Polo Audiovisual"],"articleSection":["Not\u00edcias"],"inLanguage":"pt-BR","potentialAction":[{"@type":"CommentAction","name":"Comment","target":["https:\/\/marcelolopes.jor.br\/site\/2019\/11\/21\/participantes-e-moradores-assistem-com-lilia-cabral-em-piacatuba-ao-filme-maria-do-carito\/#respond"]}]},{"@type":"WebPage","@id":"https:\/\/marcelolopes.jor.br\/site\/2019\/11\/21\/participantes-e-moradores-assistem-com-lilia-cabral-em-piacatuba-ao-filme-maria-do-carito\/","url":"https:\/\/marcelolopes.jor.br\/site\/2019\/11\/21\/participantes-e-moradores-assistem-com-lilia-cabral-em-piacatuba-ao-filme-maria-do-carito\/","name":"Participantes e moradores assistem com L\u00edlia Cabral, em Piacatuba, ao filme Maria do Carit\u00f3 | Marcelo Lopes","isPartOf":{"@id":"https:\/\/marcelolopes.jor.br\/site\/#website"},"primaryImageOfPage":{"@id":"https:\/\/marcelolopes.jor.br\/site\/2019\/11\/21\/participantes-e-moradores-assistem-com-lilia-cabral-em-piacatuba-ao-filme-maria-do-carito\/#primaryimage"},"image":{"@id":"https:\/\/marcelolopes.jor.br\/site\/2019\/11\/21\/participantes-e-moradores-assistem-com-lilia-cabral-em-piacatuba-ao-filme-maria-do-carito\/#primaryimage"},"thumbnailUrl":"https:\/\/marcelolopes.jor.br\/site\/wp-content\/uploads\/2019\/11\/IMG_8796.jpg","datePublished":"2019-11-21T10:00:19+00:00","breadcrumb":{"@id":"https:\/\/marcelolopes.jor.br\/site\/2019\/11\/21\/participantes-e-moradores-assistem-com-lilia-cabral-em-piacatuba-ao-filme-maria-do-carito\/#breadcrumb"},"inLanguage":"pt-BR","potentialAction":[{"@type":"ReadAction","target":["https:\/\/marcelolopes.jor.br\/site\/2019\/11\/21\/participantes-e-moradores-assistem-com-lilia-cabral-em-piacatuba-ao-filme-maria-do-carito\/"]}]},{"@type":"ImageObject","inLanguage":"pt-BR","@id":"https:\/\/marcelolopes.jor.br\/site\/2019\/11\/21\/participantes-e-moradores-assistem-com-lilia-cabral-em-piacatuba-ao-filme-maria-do-carito\/#primaryimage","url":"https:\/\/marcelolopes.jor.br\/site\/wp-content\/uploads\/2019\/11\/IMG_8796.jpg","contentUrl":"https:\/\/marcelolopes.jor.br\/site\/wp-content\/uploads\/2019\/11\/IMG_8796.jpg","width":800,"height":600},{"@type":"BreadcrumbList","@id":"https:\/\/marcelolopes.jor.br\/site\/2019\/11\/21\/participantes-e-moradores-assistem-com-lilia-cabral-em-piacatuba-ao-filme-maria-do-carito\/#breadcrumb","itemListElement":[{"@type":"ListItem","position":1,"name":"Home","item":"https:\/\/marcelolopes.jor.br\/site\/"},{"@type":"ListItem","position":2,"name":"Participantes e moradores assistem com L\u00edlia Cabral, em Piacatuba, ao filme Maria do Carit\u00f3"}]},{"@type":"WebSite","@id":"https:\/\/marcelolopes.jor.br\/site\/#website","url":"https:\/\/marcelolopes.jor.br\/site\/","name":"Marcelo Lopes","description":"Not\u00edcias de Cataguases e Regi\u00e3o","publisher":{"@id":"https:\/\/marcelolopes.jor.br\/site\/#organization"},"potentialAction":[{"@type":"SearchAction","target":{"@type":"EntryPoint","urlTemplate":"https:\/\/marcelolopes.jor.br\/site\/?s={search_term_string}"},"query-input":{"@type":"PropertyValueSpecification","valueRequired":true,"valueName":"search_term_string"}}],"inLanguage":"pt-BR"},{"@type":"Organization","@id":"https:\/\/marcelolopes.jor.br\/site\/#organization","name":"Site do Marcelo Lopes","url":"https:\/\/marcelolopes.jor.br\/site\/","logo":{"@type":"ImageObject","inLanguage":"pt-BR","@id":"https:\/\/marcelolopes.jor.br\/site\/#\/schema\/logo\/image\/","url":"https:\/\/marcelolopes.jor.br\/site\/wp-content\/uploads\/2024\/11\/logo-1.png","contentUrl":"https:\/\/marcelolopes.jor.br\/site\/wp-content\/uploads\/2024\/11\/logo-1.png","width":475,"height":80,"caption":"Site do Marcelo Lopes"},"image":{"@id":"https:\/\/marcelolopes.jor.br\/site\/#\/schema\/logo\/image\/"},"sameAs":["https:\/\/www.facebook.com\/sitedomarcelolopes","https:\/\/www.instagram.com\/sitedomarcelolopes\/","https:\/\/www.linkedin.com\/company\/site-do-marcelo-lopes\/","https:\/\/www.youtube.com\/user\/marcelolopes957"]},{"@type":"Person","@id":"https:\/\/marcelolopes.jor.br\/site\/#\/schema\/person\/3e7216a35c34d8fdf952b31da3d1f89f","name":"Marcelo Lopes","sameAs":["http:\/\/www.marcelolopes.jor.br"],"url":"https:\/\/marcelolopes.jor.br\/site\/author\/marcelo\/"}]}},"wps_subtitle":"Momento foi de reencontro, alegria, emo\u00e7\u00e3o e felicidade por ver o trabalho conclu\u00eddo.","_links":{"self":[{"href":"https:\/\/marcelolopes.jor.br\/site\/wp-json\/wp\/v2\/posts\/8285","targetHints":{"allow":["GET"]}}],"collection":[{"href":"https:\/\/marcelolopes.jor.br\/site\/wp-json\/wp\/v2\/posts"}],"about":[{"href":"https:\/\/marcelolopes.jor.br\/site\/wp-json\/wp\/v2\/types\/post"}],"author":[{"embeddable":true,"href":"https:\/\/marcelolopes.jor.br\/site\/wp-json\/wp\/v2\/users\/2"}],"replies":[{"embeddable":true,"href":"https:\/\/marcelolopes.jor.br\/site\/wp-json\/wp\/v2\/comments?post=8285"}],"version-history":[{"count":0,"href":"https:\/\/marcelolopes.jor.br\/site\/wp-json\/wp\/v2\/posts\/8285\/revisions"}],"wp:featuredmedia":[{"embeddable":true,"href":"https:\/\/marcelolopes.jor.br\/site\/wp-json\/wp\/v2\/media\/8287"}],"wp:attachment":[{"href":"https:\/\/marcelolopes.jor.br\/site\/wp-json\/wp\/v2\/media?parent=8285"}],"wp:term":[{"taxonomy":"category","embeddable":true,"href":"https:\/\/marcelolopes.jor.br\/site\/wp-json\/wp\/v2\/categories?post=8285"},{"taxonomy":"post_tag","embeddable":true,"href":"https:\/\/marcelolopes.jor.br\/site\/wp-json\/wp\/v2\/tags?post=8285"}],"curies":[{"name":"wp","href":"https:\/\/api.w.org\/{rel}","templated":true}]}}