{"id":818,"date":"2019-04-12T09:42:56","date_gmt":"2019-04-12T12:42:56","guid":{"rendered":"https:\/\/marcelolopes.jor.br\/?p=818"},"modified":"2019-04-15T20:16:58","modified_gmt":"2019-04-15T23:16:58","slug":"casal-e-preso-trazendo-cocaina-de-sao-paulo","status":"publish","type":"post","link":"https:\/\/marcelolopes.jor.br\/site\/2019\/04\/12\/casal-e-preso-trazendo-cocaina-de-sao-paulo\/","title":{"rendered":"Casal \u00e9 preso trazendo coca\u00edna de S\u00e3o Paulo"},"content":{"rendered":"<div style=\"text-align: justify;\">Um casal foi preso pela Pol\u00edcia Militar na manh\u00e3 de sexta-feira, 12 de abril, em Cataguases, com 189 papelotes de coca\u00edna. Os dois estavam com o filho de 1 ano e 3 meses no \u00f4nibus que saiu de S\u00e3o Paulo na noite de quinta-feira, 11, com destino a esta cidade.<\/div>\n<div style=\"text-align: justify;\"><\/div>\n<div style=\"text-align: justify;\">Den\u00fancia an\u00f4nima levou os militares a interceptarem o coletivo que culminou na apreens\u00e3o da droga e na pris\u00e3o em flagrante do casal, cuja idade de ambos \u00e9 23 anos. O ve\u00edculo foi abordado pr\u00f3ximo ao antigo Clube Meca e os suspeitos foram desembarcados e revistados. Com a mulher foi encontrado um embrulho com a droga.<\/div>\n<p><!--more--><\/p>\n<div>\n<div><a href=\"https:\/\/marcelolopes.jor.br\/site\/wp-content\/uploads\/2019\/04\/20190412094722_78.jpeg\"><img loading=\"lazy\" decoding=\"async\" class=\"aligncenter size-full wp-image-819\" src=\"https:\/\/marcelolopes.jor.br\/site\/wp-content\/uploads\/2019\/04\/20190412094722_78.jpeg\" alt=\"\" width=\"650\" height=\"487\" srcset=\"https:\/\/marcelolopes.jor.br\/site\/wp-content\/uploads\/2019\/04\/20190412094722_78.jpeg 650w, https:\/\/marcelolopes.jor.br\/site\/wp-content\/uploads\/2019\/04\/20190412094722_78-300x225.jpeg 300w\" sizes=\"auto, (max-width: 650px) 100vw, 650px\" \/><\/a><\/div>\n<div style=\"text-align: justify;\">Seu companheiro disse que o produto estava com ele, mas \u00a0ficou nervoso ao ver os militares e repassou \u00e0 ela. Alegou ainda que a droga n\u00e3o lhe pertencia e que recebeu a quantia de R$ 1.000,00 para traz\u00ea-la a Cataguases, al\u00e9m de ter sido amea\u00e7ado caso se recusasse a faz\u00ea-lo.<\/div>\n<div style=\"text-align: justify;\"><\/div>\n<div style=\"text-align: justify;\">Eles foram presos e conduzidos \u00e0 Delegacia de Pol\u00edcia Civil de Cataguases para a ado\u00e7\u00e3o dos procedimentos de praxe. A crian\u00e7a foi entregue aos cuidados da av\u00f3 paterna.<\/div>\n<\/div>\n<div class=\"bwaql69f7436a37c3a\" ><br><\/div><style type=\"text\/css\">\r\n@media screen and (min-width: 1201px) {\r\n.bwaql69f7436a37c3a {\r\ndisplay: block;\r\n}\r\n}\r\n@media screen and (min-width: 993px) and (max-width: 1200px) {\r\n.bwaql69f7436a37c3a {\r\ndisplay: block;\r\n}\r\n}\r\n@media screen and (min-width: 769px) and (max-width: 992px) {\r\n.bwaql69f7436a37c3a {\r\ndisplay: block;\r\n}\r\n}\r\n@media screen and (min-width: 768px) and (max-width: 768px) {\r\n.bwaql69f7436a37c3a {\r\ndisplay: block;\r\n}\r\n}\r\n@media screen and (max-width: 767px) {\r\n.bwaql69f7436a37c3a {\r\ndisplay: block;\r\n}\r\n}\r\n<\/style>\r\n<div class=\"eqfzt69f7436a3d5f4\" ><div id=\"div_destino\"><\/div>\r\n<script src=\"https:\/\/cdn.snsrsv.com\/sdk.js\"><\/script>\r\n<script >\r\n      new sdk(\"464030C30061EA8BE065000000000001\") \r\n          .appendTo(\"div_destino\")\r\n          .disableStyle(true) \r\n          .setCacheBusterMacro(\"%%CACHEBUSTER%%\")\r\n          .setSize(\"800\",\"214\")\r\n          .setClickMacro(\"%%CLICK_URL_ESC%%\") \r\n          .setReferrerUrlMacro(\"%%REFERRER_URL_ESC%%\") \r\n          .start(); \r\n<\/script><\/div><style type=\"text\/css\">\r\n@media screen and (min-width: 1201px) {\r\n.eqfzt69f7436a3d5f4 {\r\ndisplay: block;\r\n}\r\n}\r\n@media screen and (min-width: 993px) and (max-width: 1200px) {\r\n.eqfzt69f7436a3d5f4 {\r\ndisplay: block;\r\n}\r\n}\r\n@media screen and (min-width: 769px) and (max-width: 992px) {\r\n.eqfzt69f7436a3d5f4 {\r\ndisplay: block;\r\n}\r\n}\r\n@media screen and (min-width: 768px) and (max-width: 768px) {\r\n.eqfzt69f7436a3d5f4 {\r\ndisplay: block;\r\n}\r\n}\r\n@media screen and (max-width: 767px) {\r\n.eqfzt69f7436a3d5f4 {\r\ndisplay: block;\r\n}\r\n}\r\n<\/style>\r\n","protected":false},"excerpt":{"rendered":"<p>Um casal foi preso pela Pol\u00edcia Militar na manh\u00e3 de sexta-feira, 12 de abril, em Cataguases, com 189 papelotes de coca\u00edna. Os dois estavam com o filho de 1 ano e 3 meses no \u00f4nibus que saiu de S\u00e3o Paulo<\/p>\n<p class=\"link-more\"><a class=\"more-link\" href=\"https:\/\/marcelolopes.jor.br\/site\/2019\/04\/12\/casal-e-preso-trazendo-cocaina-de-sao-paulo\/\">Leia mais <span class=\"screen-reader-text\">Casal \u00e9 preso trazendo coca\u00edna de S\u00e3o Paulo<\/span><\/a><\/p>\n","protected":false},"author":1,"featured_media":820,"comment_status":"open","ping_status":"open","sticky":false,"template":"","format":"standard","meta":{"footnotes":""},"categories":[1],"tags":[],"class_list":["post-818","post","type-post","status-publish","format-standard","has-post-thumbnail","hentry","category-noticias","thumb-below-title"],"yoast_head":"<!-- This site is optimized with the Yoast SEO plugin v27.4 - https:\/\/yoast.com\/product\/yoast-seo-wordpress\/ -->\n<title>Casal \u00e9 preso trazendo coca\u00edna de S\u00e3o Paulo | Marcelo Lopes<\/title>\n<meta name=\"robots\" content=\"index, follow, max-snippet:-1, max-image-preview:large, max-video-preview:-1\" \/>\n<link rel=\"canonical\" href=\"https:\/\/marcelolopes.jor.br\/site\/2019\/04\/12\/casal-e-preso-trazendo-cocaina-de-sao-paulo\/\" \/>\n<meta property=\"og:locale\" content=\"pt_BR\" \/>\n<meta property=\"og:type\" content=\"article\" \/>\n<meta property=\"og:title\" content=\"Casal \u00e9 preso trazendo coca\u00edna de S\u00e3o Paulo | Marcelo Lopes\" \/>\n<meta property=\"og:description\" content=\"Um casal foi preso pela Pol\u00edcia Militar na manh\u00e3 de sexta-feira, 12 de abril, em Cataguases, com 189 papelotes de coca\u00edna. Os dois estavam com o filho de 1 ano e 3 meses no \u00f4nibus que saiu de S\u00e3o PauloLeia mais Casal \u00e9 preso trazendo coca\u00edna de S\u00e3o Paulo\" \/>\n<meta property=\"og:url\" content=\"https:\/\/marcelolopes.jor.br\/site\/2019\/04\/12\/casal-e-preso-trazendo-cocaina-de-sao-paulo\/\" \/>\n<meta property=\"og:site_name\" content=\"Marcelo Lopes\" \/>\n<meta property=\"article:publisher\" content=\"https:\/\/www.facebook.com\/sitedomarcelolopes\" \/>\n<meta property=\"article:published_time\" content=\"2019-04-12T12:42:56+00:00\" \/>\n<meta property=\"article:modified_time\" content=\"2019-04-15T23:16:58+00:00\" \/>\n<meta property=\"og:image\" content=\"https:\/\/marcelolopes.jor.br\/site\/wp-content\/uploads\/2019\/04\/20190412094703_545.jpg\" \/>\n\t<meta property=\"og:image:width\" content=\"804\" \/>\n\t<meta property=\"og:image:height\" content=\"503\" \/>\n\t<meta property=\"og:image:type\" content=\"image\/jpeg\" \/>\n<meta name=\"author\" content=\"universo\" \/>\n<meta name=\"twitter:card\" content=\"summary_large_image\" \/>\n<meta name=\"twitter:label1\" content=\"Escrito por\" \/>\n\t<meta name=\"twitter:data1\" content=\"universo\" \/>\n\t<meta name=\"twitter:label2\" content=\"Est. tempo de leitura\" \/>\n\t<meta name=\"twitter:data2\" content=\"1 minuto\" \/>\n<script type=\"application\/ld+json\" class=\"yoast-schema-graph\">{\"@context\":\"https:\\\/\\\/schema.org\",\"@graph\":[{\"@type\":\"NewsArticle\",\"@id\":\"https:\\\/\\\/marcelolopes.jor.br\\\/site\\\/2019\\\/04\\\/12\\\/casal-e-preso-trazendo-cocaina-de-sao-paulo\\\/#article\",\"isPartOf\":{\"@id\":\"https:\\\/\\\/marcelolopes.jor.br\\\/site\\\/2019\\\/04\\\/12\\\/casal-e-preso-trazendo-cocaina-de-sao-paulo\\\/\"},\"author\":{\"name\":\"universo\",\"@id\":\"https:\\\/\\\/marcelolopes.jor.br\\\/site\\\/#\\\/schema\\\/person\\\/27c10fcefab28f2110efeb1b285475e4\"},\"headline\":\"Casal \u00e9 preso trazendo coca\u00edna de S\u00e3o Paulo\",\"datePublished\":\"2019-04-12T12:42:56+00:00\",\"dateModified\":\"2019-04-15T23:16:58+00:00\",\"mainEntityOfPage\":{\"@id\":\"https:\\\/\\\/marcelolopes.jor.br\\\/site\\\/2019\\\/04\\\/12\\\/casal-e-preso-trazendo-cocaina-de-sao-paulo\\\/\"},\"wordCount\":199,\"commentCount\":0,\"publisher\":{\"@id\":\"https:\\\/\\\/marcelolopes.jor.br\\\/site\\\/#organization\"},\"image\":{\"@id\":\"https:\\\/\\\/marcelolopes.jor.br\\\/site\\\/2019\\\/04\\\/12\\\/casal-e-preso-trazendo-cocaina-de-sao-paulo\\\/#primaryimage\"},\"thumbnailUrl\":\"https:\\\/\\\/marcelolopes.jor.br\\\/site\\\/wp-content\\\/uploads\\\/2019\\\/04\\\/20190412094703_545.jpg\",\"articleSection\":[\"Not\u00edcias\"],\"inLanguage\":\"pt-BR\",\"potentialAction\":[{\"@type\":\"CommentAction\",\"name\":\"Comment\",\"target\":[\"https:\\\/\\\/marcelolopes.jor.br\\\/site\\\/2019\\\/04\\\/12\\\/casal-e-preso-trazendo-cocaina-de-sao-paulo\\\/#respond\"]}]},{\"@type\":\"WebPage\",\"@id\":\"https:\\\/\\\/marcelolopes.jor.br\\\/site\\\/2019\\\/04\\\/12\\\/casal-e-preso-trazendo-cocaina-de-sao-paulo\\\/\",\"url\":\"https:\\\/\\\/marcelolopes.jor.br\\\/site\\\/2019\\\/04\\\/12\\\/casal-e-preso-trazendo-cocaina-de-sao-paulo\\\/\",\"name\":\"Casal \u00e9 preso trazendo coca\u00edna de S\u00e3o Paulo | Marcelo Lopes\",\"isPartOf\":{\"@id\":\"https:\\\/\\\/marcelolopes.jor.br\\\/site\\\/#website\"},\"primaryImageOfPage\":{\"@id\":\"https:\\\/\\\/marcelolopes.jor.br\\\/site\\\/2019\\\/04\\\/12\\\/casal-e-preso-trazendo-cocaina-de-sao-paulo\\\/#primaryimage\"},\"image\":{\"@id\":\"https:\\\/\\\/marcelolopes.jor.br\\\/site\\\/2019\\\/04\\\/12\\\/casal-e-preso-trazendo-cocaina-de-sao-paulo\\\/#primaryimage\"},\"thumbnailUrl\":\"https:\\\/\\\/marcelolopes.jor.br\\\/site\\\/wp-content\\\/uploads\\\/2019\\\/04\\\/20190412094703_545.jpg\",\"datePublished\":\"2019-04-12T12:42:56+00:00\",\"dateModified\":\"2019-04-15T23:16:58+00:00\",\"breadcrumb\":{\"@id\":\"https:\\\/\\\/marcelolopes.jor.br\\\/site\\\/2019\\\/04\\\/12\\\/casal-e-preso-trazendo-cocaina-de-sao-paulo\\\/#breadcrumb\"},\"inLanguage\":\"pt-BR\",\"potentialAction\":[{\"@type\":\"ReadAction\",\"target\":[\"https:\\\/\\\/marcelolopes.jor.br\\\/site\\\/2019\\\/04\\\/12\\\/casal-e-preso-trazendo-cocaina-de-sao-paulo\\\/\"]}]},{\"@type\":\"ImageObject\",\"inLanguage\":\"pt-BR\",\"@id\":\"https:\\\/\\\/marcelolopes.jor.br\\\/site\\\/2019\\\/04\\\/12\\\/casal-e-preso-trazendo-cocaina-de-sao-paulo\\\/#primaryimage\",\"url\":\"https:\\\/\\\/marcelolopes.jor.br\\\/site\\\/wp-content\\\/uploads\\\/2019\\\/04\\\/20190412094703_545.jpg\",\"contentUrl\":\"https:\\\/\\\/marcelolopes.jor.br\\\/site\\\/wp-content\\\/uploads\\\/2019\\\/04\\\/20190412094703_545.jpg\",\"width\":804,\"height\":503},{\"@type\":\"BreadcrumbList\",\"@id\":\"https:\\\/\\\/marcelolopes.jor.br\\\/site\\\/2019\\\/04\\\/12\\\/casal-e-preso-trazendo-cocaina-de-sao-paulo\\\/#breadcrumb\",\"itemListElement\":[{\"@type\":\"ListItem\",\"position\":1,\"name\":\"Home\",\"item\":\"https:\\\/\\\/marcelolopes.jor.br\\\/site\\\/\"},{\"@type\":\"ListItem\",\"position\":2,\"name\":\"Casal \u00e9 preso trazendo coca\u00edna de S\u00e3o Paulo\"}]},{\"@type\":\"WebSite\",\"@id\":\"https:\\\/\\\/marcelolopes.jor.br\\\/site\\\/#website\",\"url\":\"https:\\\/\\\/marcelolopes.jor.br\\\/site\\\/\",\"name\":\"Marcelo Lopes\",\"description\":\"Not\u00edcias de Cataguases e Regi\u00e3o\",\"publisher\":{\"@id\":\"https:\\\/\\\/marcelolopes.jor.br\\\/site\\\/#organization\"},\"potentialAction\":[{\"@type\":\"SearchAction\",\"target\":{\"@type\":\"EntryPoint\",\"urlTemplate\":\"https:\\\/\\\/marcelolopes.jor.br\\\/site\\\/?s={search_term_string}\"},\"query-input\":{\"@type\":\"PropertyValueSpecification\",\"valueRequired\":true,\"valueName\":\"search_term_string\"}}],\"inLanguage\":\"pt-BR\"},{\"@type\":\"Organization\",\"@id\":\"https:\\\/\\\/marcelolopes.jor.br\\\/site\\\/#organization\",\"name\":\"Site do Marcelo Lopes\",\"url\":\"https:\\\/\\\/marcelolopes.jor.br\\\/site\\\/\",\"logo\":{\"@type\":\"ImageObject\",\"inLanguage\":\"pt-BR\",\"@id\":\"https:\\\/\\\/marcelolopes.jor.br\\\/site\\\/#\\\/schema\\\/logo\\\/image\\\/\",\"url\":\"https:\\\/\\\/marcelolopes.jor.br\\\/site\\\/wp-content\\\/uploads\\\/2024\\\/11\\\/logo-1.png\",\"contentUrl\":\"https:\\\/\\\/marcelolopes.jor.br\\\/site\\\/wp-content\\\/uploads\\\/2024\\\/11\\\/logo-1.png\",\"width\":475,\"height\":80,\"caption\":\"Site do Marcelo Lopes\"},\"image\":{\"@id\":\"https:\\\/\\\/marcelolopes.jor.br\\\/site\\\/#\\\/schema\\\/logo\\\/image\\\/\"},\"sameAs\":[\"https:\\\/\\\/www.facebook.com\\\/sitedomarcelolopes\",\"https:\\\/\\\/www.instagram.com\\\/sitedomarcelolopes\\\/\",\"https:\\\/\\\/www.linkedin.com\\\/company\\\/site-do-marcelo-lopes\\\/\",\"https:\\\/\\\/www.youtube.com\\\/user\\\/marcelolopes957\"]},{\"@type\":\"Person\",\"@id\":\"https:\\\/\\\/marcelolopes.jor.br\\\/site\\\/#\\\/schema\\\/person\\\/27c10fcefab28f2110efeb1b285475e4\",\"name\":\"universo\",\"url\":\"https:\\\/\\\/marcelolopes.jor.br\\\/site\\\/author\\\/universo\\\/\"}]}<\/script>\n<!-- \/ Yoast SEO plugin. -->","yoast_head_json":{"title":"Casal \u00e9 preso trazendo coca\u00edna de S\u00e3o Paulo | Marcelo Lopes","robots":{"index":"index","follow":"follow","max-snippet":"max-snippet:-1","max-image-preview":"max-image-preview:large","max-video-preview":"max-video-preview:-1"},"canonical":"https:\/\/marcelolopes.jor.br\/site\/2019\/04\/12\/casal-e-preso-trazendo-cocaina-de-sao-paulo\/","og_locale":"pt_BR","og_type":"article","og_title":"Casal \u00e9 preso trazendo coca\u00edna de S\u00e3o Paulo | Marcelo Lopes","og_description":"Um casal foi preso pela Pol\u00edcia Militar na manh\u00e3 de sexta-feira, 12 de abril, em Cataguases, com 189 papelotes de coca\u00edna. Os dois estavam com o filho de 1 ano e 3 meses no \u00f4nibus que saiu de S\u00e3o PauloLeia mais Casal \u00e9 preso trazendo coca\u00edna de S\u00e3o Paulo","og_url":"https:\/\/marcelolopes.jor.br\/site\/2019\/04\/12\/casal-e-preso-trazendo-cocaina-de-sao-paulo\/","og_site_name":"Marcelo Lopes","article_publisher":"https:\/\/www.facebook.com\/sitedomarcelolopes","article_published_time":"2019-04-12T12:42:56+00:00","article_modified_time":"2019-04-15T23:16:58+00:00","og_image":[{"width":804,"height":503,"url":"https:\/\/marcelolopes.jor.br\/site\/wp-content\/uploads\/2019\/04\/20190412094703_545.jpg","type":"image\/jpeg"}],"author":"universo","twitter_card":"summary_large_image","twitter_misc":{"Escrito por":"universo","Est. tempo de leitura":"1 minuto"},"schema":{"@context":"https:\/\/schema.org","@graph":[{"@type":"NewsArticle","@id":"https:\/\/marcelolopes.jor.br\/site\/2019\/04\/12\/casal-e-preso-trazendo-cocaina-de-sao-paulo\/#article","isPartOf":{"@id":"https:\/\/marcelolopes.jor.br\/site\/2019\/04\/12\/casal-e-preso-trazendo-cocaina-de-sao-paulo\/"},"author":{"name":"universo","@id":"https:\/\/marcelolopes.jor.br\/site\/#\/schema\/person\/27c10fcefab28f2110efeb1b285475e4"},"headline":"Casal \u00e9 preso trazendo coca\u00edna de S\u00e3o Paulo","datePublished":"2019-04-12T12:42:56+00:00","dateModified":"2019-04-15T23:16:58+00:00","mainEntityOfPage":{"@id":"https:\/\/marcelolopes.jor.br\/site\/2019\/04\/12\/casal-e-preso-trazendo-cocaina-de-sao-paulo\/"},"wordCount":199,"commentCount":0,"publisher":{"@id":"https:\/\/marcelolopes.jor.br\/site\/#organization"},"image":{"@id":"https:\/\/marcelolopes.jor.br\/site\/2019\/04\/12\/casal-e-preso-trazendo-cocaina-de-sao-paulo\/#primaryimage"},"thumbnailUrl":"https:\/\/marcelolopes.jor.br\/site\/wp-content\/uploads\/2019\/04\/20190412094703_545.jpg","articleSection":["Not\u00edcias"],"inLanguage":"pt-BR","potentialAction":[{"@type":"CommentAction","name":"Comment","target":["https:\/\/marcelolopes.jor.br\/site\/2019\/04\/12\/casal-e-preso-trazendo-cocaina-de-sao-paulo\/#respond"]}]},{"@type":"WebPage","@id":"https:\/\/marcelolopes.jor.br\/site\/2019\/04\/12\/casal-e-preso-trazendo-cocaina-de-sao-paulo\/","url":"https:\/\/marcelolopes.jor.br\/site\/2019\/04\/12\/casal-e-preso-trazendo-cocaina-de-sao-paulo\/","name":"Casal \u00e9 preso trazendo coca\u00edna de S\u00e3o Paulo | Marcelo Lopes","isPartOf":{"@id":"https:\/\/marcelolopes.jor.br\/site\/#website"},"primaryImageOfPage":{"@id":"https:\/\/marcelolopes.jor.br\/site\/2019\/04\/12\/casal-e-preso-trazendo-cocaina-de-sao-paulo\/#primaryimage"},"image":{"@id":"https:\/\/marcelolopes.jor.br\/site\/2019\/04\/12\/casal-e-preso-trazendo-cocaina-de-sao-paulo\/#primaryimage"},"thumbnailUrl":"https:\/\/marcelolopes.jor.br\/site\/wp-content\/uploads\/2019\/04\/20190412094703_545.jpg","datePublished":"2019-04-12T12:42:56+00:00","dateModified":"2019-04-15T23:16:58+00:00","breadcrumb":{"@id":"https:\/\/marcelolopes.jor.br\/site\/2019\/04\/12\/casal-e-preso-trazendo-cocaina-de-sao-paulo\/#breadcrumb"},"inLanguage":"pt-BR","potentialAction":[{"@type":"ReadAction","target":["https:\/\/marcelolopes.jor.br\/site\/2019\/04\/12\/casal-e-preso-trazendo-cocaina-de-sao-paulo\/"]}]},{"@type":"ImageObject","inLanguage":"pt-BR","@id":"https:\/\/marcelolopes.jor.br\/site\/2019\/04\/12\/casal-e-preso-trazendo-cocaina-de-sao-paulo\/#primaryimage","url":"https:\/\/marcelolopes.jor.br\/site\/wp-content\/uploads\/2019\/04\/20190412094703_545.jpg","contentUrl":"https:\/\/marcelolopes.jor.br\/site\/wp-content\/uploads\/2019\/04\/20190412094703_545.jpg","width":804,"height":503},{"@type":"BreadcrumbList","@id":"https:\/\/marcelolopes.jor.br\/site\/2019\/04\/12\/casal-e-preso-trazendo-cocaina-de-sao-paulo\/#breadcrumb","itemListElement":[{"@type":"ListItem","position":1,"name":"Home","item":"https:\/\/marcelolopes.jor.br\/site\/"},{"@type":"ListItem","position":2,"name":"Casal \u00e9 preso trazendo coca\u00edna de S\u00e3o Paulo"}]},{"@type":"WebSite","@id":"https:\/\/marcelolopes.jor.br\/site\/#website","url":"https:\/\/marcelolopes.jor.br\/site\/","name":"Marcelo Lopes","description":"Not\u00edcias de Cataguases e Regi\u00e3o","publisher":{"@id":"https:\/\/marcelolopes.jor.br\/site\/#organization"},"potentialAction":[{"@type":"SearchAction","target":{"@type":"EntryPoint","urlTemplate":"https:\/\/marcelolopes.jor.br\/site\/?s={search_term_string}"},"query-input":{"@type":"PropertyValueSpecification","valueRequired":true,"valueName":"search_term_string"}}],"inLanguage":"pt-BR"},{"@type":"Organization","@id":"https:\/\/marcelolopes.jor.br\/site\/#organization","name":"Site do Marcelo Lopes","url":"https:\/\/marcelolopes.jor.br\/site\/","logo":{"@type":"ImageObject","inLanguage":"pt-BR","@id":"https:\/\/marcelolopes.jor.br\/site\/#\/schema\/logo\/image\/","url":"https:\/\/marcelolopes.jor.br\/site\/wp-content\/uploads\/2024\/11\/logo-1.png","contentUrl":"https:\/\/marcelolopes.jor.br\/site\/wp-content\/uploads\/2024\/11\/logo-1.png","width":475,"height":80,"caption":"Site do Marcelo Lopes"},"image":{"@id":"https:\/\/marcelolopes.jor.br\/site\/#\/schema\/logo\/image\/"},"sameAs":["https:\/\/www.facebook.com\/sitedomarcelolopes","https:\/\/www.instagram.com\/sitedomarcelolopes\/","https:\/\/www.linkedin.com\/company\/site-do-marcelo-lopes\/","https:\/\/www.youtube.com\/user\/marcelolopes957"]},{"@type":"Person","@id":"https:\/\/marcelolopes.jor.br\/site\/#\/schema\/person\/27c10fcefab28f2110efeb1b285475e4","name":"universo","url":"https:\/\/marcelolopes.jor.br\/site\/author\/universo\/"}]}},"wps_subtitle":"","_links":{"self":[{"href":"https:\/\/marcelolopes.jor.br\/site\/wp-json\/wp\/v2\/posts\/818","targetHints":{"allow":["GET"]}}],"collection":[{"href":"https:\/\/marcelolopes.jor.br\/site\/wp-json\/wp\/v2\/posts"}],"about":[{"href":"https:\/\/marcelolopes.jor.br\/site\/wp-json\/wp\/v2\/types\/post"}],"author":[{"embeddable":true,"href":"https:\/\/marcelolopes.jor.br\/site\/wp-json\/wp\/v2\/users\/1"}],"replies":[{"embeddable":true,"href":"https:\/\/marcelolopes.jor.br\/site\/wp-json\/wp\/v2\/comments?post=818"}],"version-history":[{"count":0,"href":"https:\/\/marcelolopes.jor.br\/site\/wp-json\/wp\/v2\/posts\/818\/revisions"}],"wp:featuredmedia":[{"embeddable":true,"href":"https:\/\/marcelolopes.jor.br\/site\/wp-json\/wp\/v2\/media\/820"}],"wp:attachment":[{"href":"https:\/\/marcelolopes.jor.br\/site\/wp-json\/wp\/v2\/media?parent=818"}],"wp:term":[{"taxonomy":"category","embeddable":true,"href":"https:\/\/marcelolopes.jor.br\/site\/wp-json\/wp\/v2\/categories?post=818"},{"taxonomy":"post_tag","embeddable":true,"href":"https:\/\/marcelolopes.jor.br\/site\/wp-json\/wp\/v2\/tags?post=818"}],"curies":[{"name":"wp","href":"https:\/\/api.w.org\/{rel}","templated":true}]}}