{"id":811,"date":"2019-04-12T12:00:05","date_gmt":"2019-04-12T15:00:05","guid":{"rendered":"https:\/\/marcelolopes.jor.br\/?p=811"},"modified":"2019-04-15T20:13:45","modified_gmt":"2019-04-15T23:13:45","slug":"811","status":"publish","type":"post","link":"https:\/\/marcelolopes.jor.br\/site\/2019\/04\/12\/811\/","title":{"rendered":"IF Sudeste de Rio Pomba abre inscri\u00e7\u00f5es para curso de Direito"},"content":{"rendered":"<div style=\"text-align: justify;\">Est\u00e3o abertas as inscri\u00e7\u00f5es para a primeira turma do curso de Direito do Instituto Federal do Sudeste de Minas Gerais (IF Sudeste) no Campus Rio Pomba. Os interessados em preencher as 40 vagas podem se inscrever at\u00e9 o dia 9 de maio, pela internet. O curso ser\u00e1 ministrado em hor\u00e1rio noturno, com dura\u00e7\u00e3o de cinco anos, e tem in\u00edcio no segundo semestre de 2019. O resultado da sele\u00e7\u00e3o ser\u00e1 divulgado em 5 de julho. A abertura do curso foi autorizada pelo Minist\u00e9rio da Educa\u00e7\u00e3o (MEC) em setembro do ano passado e publicada no Di\u00e1rio Oficial da Uni\u00e3o.<\/div>\n<p><!--more--><\/p>\n<div style=\"text-align: justify;\">A sele\u00e7\u00e3o j\u00e1 conta com uma novidade, relacionada \u00e0 distribui\u00e7\u00e3o de vagas. Quarenta por cento das vagas ser\u00e3o distribu\u00eddas a quem fizer o processo seletivo, 30% a quem pretende utilizar a nota de uma das tr\u00eas \u00faltimas edi\u00e7\u00f5es do Exame Nacional do Ensino M\u00e9dio (Enem 2016, 2017 ou 2018) e 30% dos candidatos ser\u00e3o selecionados pelo Sistema de Sele\u00e7\u00e3o Unificada (Sisu). Assim, do total de vagas para o curso, 16 s\u00e3o destinadas ao preenchimento por meio de processo seletivo do IF, 12 por meio do Enem e outras 12 pelo Sisu. A inscri\u00e7\u00e3o, tanto do processo seletivo, como do Enem, custa R$ 50. O edital que trata do Sisu ser\u00e1 divulgado posteriormente, com regras espec\u00edficas.<\/div>\n<div style=\"text-align: justify;\"><\/div>\n<div style=\"text-align: justify;\">\n<div><b>Outras oportunidades<\/b><\/div>\n<div>Seguem abertas tamb\u00e9m, at\u00e9 9 de maio, inscri\u00e7\u00f5es para outras 600 oportunidades para cursos t\u00e9cnicos, gradua\u00e7\u00f5es e p\u00f3s-gradua\u00e7\u00f5es entre especializa\u00e7\u00f5es e mestrados nos campi de Cataguases, Juiz de Fora, Manhua\u00e7u, Santos Dumont, Ub\u00e1 e Rio Pomba. Para se inscrever, o interessado deve acessar o endere\u00e7o eletr\u00f4nico http:\/\/copese.ifsudestemg.edu.br e preencher o formul\u00e1rio com CPF pr\u00f3prio, documento de identidade e endere\u00e7o de e-mail. Aqueles que optarem pelas cotas devem comprovar no ato da matr\u00edcula o perfil escolhido. Ser\u00e3o solicitados documentos que atestem o direto \u00e0 vaga.<\/div>\n<div><\/div>\n<div>A inscri\u00e7\u00e3o \u00e9 on-line e deve ser feita tamb\u00e9m por aquele que obtiveram isen\u00e7\u00e3o da taxa. Quem n\u00e3o foi contemplado com a isen\u00e7\u00e3o deve fazer o pagamento da guia, gerada ao final da inscri\u00e7\u00e3o. Os valores variam conforme o n\u00edvel\/modalidade do curso, com taxas de R$ 25 para cursos t\u00e9cnicos; R$ 50 para cursos de gradua\u00e7\u00e3o; R$ 60 para cursos de p\u00f3s-gradua\u00e7\u00e3o lato sensu (especializa\u00e7\u00f5es); e R$ 100 para p\u00f3s-gradua\u00e7\u00e3o stricto sensu (mestrados). As provas para os cursos t\u00e9cnicos acontecem no dia 16 de junho, no turno da manh\u00e3 para candidatos \u00e0 p\u00f3s-gradua\u00e7\u00e3o e na parte da tarde para aqueles que desejam cursar a gradua\u00e7\u00e3o. (Foto: Arquivo)<\/div>\n<\/div>\n<div style=\"text-align: justify;\"><\/div>\n<div>\n<div class=\"col-md-12 col-xs-24\">\n<div class=\"autor-fonte pull-left\">\n<p style=\"text-align: justify;\">Fonte: Tribuna de Minas<\/p>\n<\/div>\n<\/div>\n<div class=\"col-md-12\">\n<div class=\"row-fluid\">\n<div class=\"col-md-24 col-xs-24\"><\/div>\n<\/div>\n<\/div>\n<\/div>\n<div class=\"jkjur69f7436bcef5a\" ><br><\/div><style type=\"text\/css\">\r\n@media screen and (min-width: 1201px) {\r\n.jkjur69f7436bcef5a {\r\ndisplay: block;\r\n}\r\n}\r\n@media screen and (min-width: 993px) and (max-width: 1200px) {\r\n.jkjur69f7436bcef5a {\r\ndisplay: block;\r\n}\r\n}\r\n@media screen and (min-width: 769px) and (max-width: 992px) {\r\n.jkjur69f7436bcef5a {\r\ndisplay: block;\r\n}\r\n}\r\n@media screen and (min-width: 768px) and (max-width: 768px) {\r\n.jkjur69f7436bcef5a {\r\ndisplay: block;\r\n}\r\n}\r\n@media screen and (max-width: 767px) {\r\n.jkjur69f7436bcef5a {\r\ndisplay: block;\r\n}\r\n}\r\n<\/style>\r\n<div class=\"orxtn69f7436bd5cfb\" ><div id=\"div_destino\"><\/div>\r\n<script src=\"https:\/\/cdn.snsrsv.com\/sdk.js\"><\/script>\r\n<script >\r\n      new sdk(\"464030C30061EA8BE065000000000001\") \r\n          .appendTo(\"div_destino\")\r\n          .disableStyle(true) \r\n          .setCacheBusterMacro(\"%%CACHEBUSTER%%\")\r\n          .setSize(\"800\",\"214\")\r\n          .setClickMacro(\"%%CLICK_URL_ESC%%\") \r\n          .setReferrerUrlMacro(\"%%REFERRER_URL_ESC%%\") \r\n          .start(); \r\n<\/script><\/div><style type=\"text\/css\">\r\n@media screen and (min-width: 1201px) {\r\n.orxtn69f7436bd5cfb {\r\ndisplay: block;\r\n}\r\n}\r\n@media screen and (min-width: 993px) and (max-width: 1200px) {\r\n.orxtn69f7436bd5cfb {\r\ndisplay: block;\r\n}\r\n}\r\n@media screen and (min-width: 769px) and (max-width: 992px) {\r\n.orxtn69f7436bd5cfb {\r\ndisplay: block;\r\n}\r\n}\r\n@media screen and (min-width: 768px) and (max-width: 768px) {\r\n.orxtn69f7436bd5cfb {\r\ndisplay: block;\r\n}\r\n}\r\n@media screen and (max-width: 767px) {\r\n.orxtn69f7436bd5cfb {\r\ndisplay: block;\r\n}\r\n}\r\n<\/style>\r\n","protected":false},"excerpt":{"rendered":"<p>Est\u00e3o abertas as inscri\u00e7\u00f5es para a primeira turma do curso de Direito do Instituto Federal do Sudeste de Minas Gerais (IF Sudeste) no Campus Rio Pomba. Os interessados em preencher as 40 vagas podem se inscrever at\u00e9 o dia 9<\/p>\n<p class=\"link-more\"><a class=\"more-link\" href=\"https:\/\/marcelolopes.jor.br\/site\/2019\/04\/12\/811\/\">Leia mais <span class=\"screen-reader-text\">IF Sudeste de Rio Pomba abre inscri\u00e7\u00f5es para curso de Direito<\/span><\/a><\/p>\n","protected":false},"author":1,"featured_media":812,"comment_status":"open","ping_status":"open","sticky":false,"template":"","format":"standard","meta":{"footnotes":""},"categories":[1],"tags":[],"class_list":["post-811","post","type-post","status-publish","format-standard","has-post-thumbnail","hentry","category-noticias","thumb-below-title"],"yoast_head":"<!-- This site is optimized with the Yoast SEO plugin v27.4 - https:\/\/yoast.com\/product\/yoast-seo-wordpress\/ -->\n<title>IF Sudeste de Rio Pomba abre inscri\u00e7\u00f5es para curso de Direito | Marcelo Lopes<\/title>\n<meta name=\"robots\" content=\"index, follow, max-snippet:-1, max-image-preview:large, max-video-preview:-1\" \/>\n<link rel=\"canonical\" href=\"https:\/\/marcelolopes.jor.br\/site\/2019\/04\/12\/811\/\" \/>\n<meta property=\"og:locale\" content=\"pt_BR\" \/>\n<meta property=\"og:type\" content=\"article\" \/>\n<meta property=\"og:title\" content=\"IF Sudeste de Rio Pomba abre inscri\u00e7\u00f5es para curso de Direito | Marcelo Lopes\" \/>\n<meta property=\"og:description\" content=\"Est\u00e3o abertas as inscri\u00e7\u00f5es para a primeira turma do curso de Direito do Instituto Federal do Sudeste de Minas Gerais (IF Sudeste) no Campus Rio Pomba. Os interessados em preencher as 40 vagas podem se inscrever at\u00e9 o dia 9Leia mais IF Sudeste de Rio Pomba abre inscri\u00e7\u00f5es para curso de Direito\" \/>\n<meta property=\"og:url\" content=\"https:\/\/marcelolopes.jor.br\/site\/2019\/04\/12\/811\/\" \/>\n<meta property=\"og:site_name\" content=\"Marcelo Lopes\" \/>\n<meta property=\"article:publisher\" content=\"https:\/\/www.facebook.com\/sitedomarcelolopes\" \/>\n<meta property=\"article:published_time\" content=\"2019-04-12T15:00:05+00:00\" \/>\n<meta property=\"article:modified_time\" content=\"2019-04-15T23:13:45+00:00\" \/>\n<meta property=\"og:image\" content=\"https:\/\/marcelolopes.jor.br\/site\/wp-content\/uploads\/2019\/04\/0001.jpg\" \/>\n\t<meta property=\"og:image:width\" content=\"804\" \/>\n\t<meta property=\"og:image:height\" content=\"503\" \/>\n\t<meta property=\"og:image:type\" content=\"image\/jpeg\" \/>\n<meta name=\"author\" content=\"universo\" \/>\n<meta name=\"twitter:card\" content=\"summary_large_image\" \/>\n<meta name=\"twitter:label1\" content=\"Escrito por\" \/>\n\t<meta name=\"twitter:data1\" content=\"universo\" \/>\n\t<meta name=\"twitter:label2\" content=\"Est. tempo de leitura\" \/>\n\t<meta name=\"twitter:data2\" content=\"2 minutos\" \/>\n<script type=\"application\/ld+json\" class=\"yoast-schema-graph\">{\"@context\":\"https:\\\/\\\/schema.org\",\"@graph\":[{\"@type\":\"NewsArticle\",\"@id\":\"https:\\\/\\\/marcelolopes.jor.br\\\/site\\\/2019\\\/04\\\/12\\\/811\\\/#article\",\"isPartOf\":{\"@id\":\"https:\\\/\\\/marcelolopes.jor.br\\\/site\\\/2019\\\/04\\\/12\\\/811\\\/\"},\"author\":{\"name\":\"universo\",\"@id\":\"https:\\\/\\\/marcelolopes.jor.br\\\/site\\\/#\\\/schema\\\/person\\\/27c10fcefab28f2110efeb1b285475e4\"},\"headline\":\"IF Sudeste de Rio Pomba abre inscri\u00e7\u00f5es para curso de Direito\",\"datePublished\":\"2019-04-12T15:00:05+00:00\",\"dateModified\":\"2019-04-15T23:13:45+00:00\",\"mainEntityOfPage\":{\"@id\":\"https:\\\/\\\/marcelolopes.jor.br\\\/site\\\/2019\\\/04\\\/12\\\/811\\\/\"},\"wordCount\":457,\"commentCount\":0,\"publisher\":{\"@id\":\"https:\\\/\\\/marcelolopes.jor.br\\\/site\\\/#organization\"},\"image\":{\"@id\":\"https:\\\/\\\/marcelolopes.jor.br\\\/site\\\/2019\\\/04\\\/12\\\/811\\\/#primaryimage\"},\"thumbnailUrl\":\"https:\\\/\\\/marcelolopes.jor.br\\\/site\\\/wp-content\\\/uploads\\\/2019\\\/04\\\/0001.jpg\",\"articleSection\":[\"Not\u00edcias\"],\"inLanguage\":\"pt-BR\",\"potentialAction\":[{\"@type\":\"CommentAction\",\"name\":\"Comment\",\"target\":[\"https:\\\/\\\/marcelolopes.jor.br\\\/site\\\/2019\\\/04\\\/12\\\/811\\\/#respond\"]}]},{\"@type\":\"WebPage\",\"@id\":\"https:\\\/\\\/marcelolopes.jor.br\\\/site\\\/2019\\\/04\\\/12\\\/811\\\/\",\"url\":\"https:\\\/\\\/marcelolopes.jor.br\\\/site\\\/2019\\\/04\\\/12\\\/811\\\/\",\"name\":\"IF Sudeste de Rio Pomba abre inscri\u00e7\u00f5es para curso de Direito | Marcelo Lopes\",\"isPartOf\":{\"@id\":\"https:\\\/\\\/marcelolopes.jor.br\\\/site\\\/#website\"},\"primaryImageOfPage\":{\"@id\":\"https:\\\/\\\/marcelolopes.jor.br\\\/site\\\/2019\\\/04\\\/12\\\/811\\\/#primaryimage\"},\"image\":{\"@id\":\"https:\\\/\\\/marcelolopes.jor.br\\\/site\\\/2019\\\/04\\\/12\\\/811\\\/#primaryimage\"},\"thumbnailUrl\":\"https:\\\/\\\/marcelolopes.jor.br\\\/site\\\/wp-content\\\/uploads\\\/2019\\\/04\\\/0001.jpg\",\"datePublished\":\"2019-04-12T15:00:05+00:00\",\"dateModified\":\"2019-04-15T23:13:45+00:00\",\"breadcrumb\":{\"@id\":\"https:\\\/\\\/marcelolopes.jor.br\\\/site\\\/2019\\\/04\\\/12\\\/811\\\/#breadcrumb\"},\"inLanguage\":\"pt-BR\",\"potentialAction\":[{\"@type\":\"ReadAction\",\"target\":[\"https:\\\/\\\/marcelolopes.jor.br\\\/site\\\/2019\\\/04\\\/12\\\/811\\\/\"]}]},{\"@type\":\"ImageObject\",\"inLanguage\":\"pt-BR\",\"@id\":\"https:\\\/\\\/marcelolopes.jor.br\\\/site\\\/2019\\\/04\\\/12\\\/811\\\/#primaryimage\",\"url\":\"https:\\\/\\\/marcelolopes.jor.br\\\/site\\\/wp-content\\\/uploads\\\/2019\\\/04\\\/0001.jpg\",\"contentUrl\":\"https:\\\/\\\/marcelolopes.jor.br\\\/site\\\/wp-content\\\/uploads\\\/2019\\\/04\\\/0001.jpg\",\"width\":804,\"height\":503},{\"@type\":\"BreadcrumbList\",\"@id\":\"https:\\\/\\\/marcelolopes.jor.br\\\/site\\\/2019\\\/04\\\/12\\\/811\\\/#breadcrumb\",\"itemListElement\":[{\"@type\":\"ListItem\",\"position\":1,\"name\":\"Home\",\"item\":\"https:\\\/\\\/marcelolopes.jor.br\\\/site\\\/\"},{\"@type\":\"ListItem\",\"position\":2,\"name\":\"IF Sudeste de Rio Pomba abre inscri\u00e7\u00f5es para curso de Direito\"}]},{\"@type\":\"WebSite\",\"@id\":\"https:\\\/\\\/marcelolopes.jor.br\\\/site\\\/#website\",\"url\":\"https:\\\/\\\/marcelolopes.jor.br\\\/site\\\/\",\"name\":\"Marcelo Lopes\",\"description\":\"Not\u00edcias de Cataguases e Regi\u00e3o\",\"publisher\":{\"@id\":\"https:\\\/\\\/marcelolopes.jor.br\\\/site\\\/#organization\"},\"potentialAction\":[{\"@type\":\"SearchAction\",\"target\":{\"@type\":\"EntryPoint\",\"urlTemplate\":\"https:\\\/\\\/marcelolopes.jor.br\\\/site\\\/?s={search_term_string}\"},\"query-input\":{\"@type\":\"PropertyValueSpecification\",\"valueRequired\":true,\"valueName\":\"search_term_string\"}}],\"inLanguage\":\"pt-BR\"},{\"@type\":\"Organization\",\"@id\":\"https:\\\/\\\/marcelolopes.jor.br\\\/site\\\/#organization\",\"name\":\"Site do Marcelo Lopes\",\"url\":\"https:\\\/\\\/marcelolopes.jor.br\\\/site\\\/\",\"logo\":{\"@type\":\"ImageObject\",\"inLanguage\":\"pt-BR\",\"@id\":\"https:\\\/\\\/marcelolopes.jor.br\\\/site\\\/#\\\/schema\\\/logo\\\/image\\\/\",\"url\":\"https:\\\/\\\/marcelolopes.jor.br\\\/site\\\/wp-content\\\/uploads\\\/2024\\\/11\\\/logo-1.png\",\"contentUrl\":\"https:\\\/\\\/marcelolopes.jor.br\\\/site\\\/wp-content\\\/uploads\\\/2024\\\/11\\\/logo-1.png\",\"width\":475,\"height\":80,\"caption\":\"Site do Marcelo Lopes\"},\"image\":{\"@id\":\"https:\\\/\\\/marcelolopes.jor.br\\\/site\\\/#\\\/schema\\\/logo\\\/image\\\/\"},\"sameAs\":[\"https:\\\/\\\/www.facebook.com\\\/sitedomarcelolopes\",\"https:\\\/\\\/www.instagram.com\\\/sitedomarcelolopes\\\/\",\"https:\\\/\\\/www.linkedin.com\\\/company\\\/site-do-marcelo-lopes\\\/\",\"https:\\\/\\\/www.youtube.com\\\/user\\\/marcelolopes957\"]},{\"@type\":\"Person\",\"@id\":\"https:\\\/\\\/marcelolopes.jor.br\\\/site\\\/#\\\/schema\\\/person\\\/27c10fcefab28f2110efeb1b285475e4\",\"name\":\"universo\",\"url\":\"https:\\\/\\\/marcelolopes.jor.br\\\/site\\\/author\\\/universo\\\/\"}]}<\/script>\n<!-- \/ Yoast SEO plugin. -->","yoast_head_json":{"title":"IF Sudeste de Rio Pomba abre inscri\u00e7\u00f5es para curso de Direito | Marcelo Lopes","robots":{"index":"index","follow":"follow","max-snippet":"max-snippet:-1","max-image-preview":"max-image-preview:large","max-video-preview":"max-video-preview:-1"},"canonical":"https:\/\/marcelolopes.jor.br\/site\/2019\/04\/12\/811\/","og_locale":"pt_BR","og_type":"article","og_title":"IF Sudeste de Rio Pomba abre inscri\u00e7\u00f5es para curso de Direito | Marcelo Lopes","og_description":"Est\u00e3o abertas as inscri\u00e7\u00f5es para a primeira turma do curso de Direito do Instituto Federal do Sudeste de Minas Gerais (IF Sudeste) no Campus Rio Pomba. Os interessados em preencher as 40 vagas podem se inscrever at\u00e9 o dia 9Leia mais IF Sudeste de Rio Pomba abre inscri\u00e7\u00f5es para curso de Direito","og_url":"https:\/\/marcelolopes.jor.br\/site\/2019\/04\/12\/811\/","og_site_name":"Marcelo Lopes","article_publisher":"https:\/\/www.facebook.com\/sitedomarcelolopes","article_published_time":"2019-04-12T15:00:05+00:00","article_modified_time":"2019-04-15T23:13:45+00:00","og_image":[{"width":804,"height":503,"url":"https:\/\/marcelolopes.jor.br\/site\/wp-content\/uploads\/2019\/04\/0001.jpg","type":"image\/jpeg"}],"author":"universo","twitter_card":"summary_large_image","twitter_misc":{"Escrito por":"universo","Est. tempo de leitura":"2 minutos"},"schema":{"@context":"https:\/\/schema.org","@graph":[{"@type":"NewsArticle","@id":"https:\/\/marcelolopes.jor.br\/site\/2019\/04\/12\/811\/#article","isPartOf":{"@id":"https:\/\/marcelolopes.jor.br\/site\/2019\/04\/12\/811\/"},"author":{"name":"universo","@id":"https:\/\/marcelolopes.jor.br\/site\/#\/schema\/person\/27c10fcefab28f2110efeb1b285475e4"},"headline":"IF Sudeste de Rio Pomba abre inscri\u00e7\u00f5es para curso de Direito","datePublished":"2019-04-12T15:00:05+00:00","dateModified":"2019-04-15T23:13:45+00:00","mainEntityOfPage":{"@id":"https:\/\/marcelolopes.jor.br\/site\/2019\/04\/12\/811\/"},"wordCount":457,"commentCount":0,"publisher":{"@id":"https:\/\/marcelolopes.jor.br\/site\/#organization"},"image":{"@id":"https:\/\/marcelolopes.jor.br\/site\/2019\/04\/12\/811\/#primaryimage"},"thumbnailUrl":"https:\/\/marcelolopes.jor.br\/site\/wp-content\/uploads\/2019\/04\/0001.jpg","articleSection":["Not\u00edcias"],"inLanguage":"pt-BR","potentialAction":[{"@type":"CommentAction","name":"Comment","target":["https:\/\/marcelolopes.jor.br\/site\/2019\/04\/12\/811\/#respond"]}]},{"@type":"WebPage","@id":"https:\/\/marcelolopes.jor.br\/site\/2019\/04\/12\/811\/","url":"https:\/\/marcelolopes.jor.br\/site\/2019\/04\/12\/811\/","name":"IF Sudeste de Rio Pomba abre inscri\u00e7\u00f5es para curso de Direito | Marcelo Lopes","isPartOf":{"@id":"https:\/\/marcelolopes.jor.br\/site\/#website"},"primaryImageOfPage":{"@id":"https:\/\/marcelolopes.jor.br\/site\/2019\/04\/12\/811\/#primaryimage"},"image":{"@id":"https:\/\/marcelolopes.jor.br\/site\/2019\/04\/12\/811\/#primaryimage"},"thumbnailUrl":"https:\/\/marcelolopes.jor.br\/site\/wp-content\/uploads\/2019\/04\/0001.jpg","datePublished":"2019-04-12T15:00:05+00:00","dateModified":"2019-04-15T23:13:45+00:00","breadcrumb":{"@id":"https:\/\/marcelolopes.jor.br\/site\/2019\/04\/12\/811\/#breadcrumb"},"inLanguage":"pt-BR","potentialAction":[{"@type":"ReadAction","target":["https:\/\/marcelolopes.jor.br\/site\/2019\/04\/12\/811\/"]}]},{"@type":"ImageObject","inLanguage":"pt-BR","@id":"https:\/\/marcelolopes.jor.br\/site\/2019\/04\/12\/811\/#primaryimage","url":"https:\/\/marcelolopes.jor.br\/site\/wp-content\/uploads\/2019\/04\/0001.jpg","contentUrl":"https:\/\/marcelolopes.jor.br\/site\/wp-content\/uploads\/2019\/04\/0001.jpg","width":804,"height":503},{"@type":"BreadcrumbList","@id":"https:\/\/marcelolopes.jor.br\/site\/2019\/04\/12\/811\/#breadcrumb","itemListElement":[{"@type":"ListItem","position":1,"name":"Home","item":"https:\/\/marcelolopes.jor.br\/site\/"},{"@type":"ListItem","position":2,"name":"IF Sudeste de Rio Pomba abre inscri\u00e7\u00f5es para curso de Direito"}]},{"@type":"WebSite","@id":"https:\/\/marcelolopes.jor.br\/site\/#website","url":"https:\/\/marcelolopes.jor.br\/site\/","name":"Marcelo Lopes","description":"Not\u00edcias de Cataguases e Regi\u00e3o","publisher":{"@id":"https:\/\/marcelolopes.jor.br\/site\/#organization"},"potentialAction":[{"@type":"SearchAction","target":{"@type":"EntryPoint","urlTemplate":"https:\/\/marcelolopes.jor.br\/site\/?s={search_term_string}"},"query-input":{"@type":"PropertyValueSpecification","valueRequired":true,"valueName":"search_term_string"}}],"inLanguage":"pt-BR"},{"@type":"Organization","@id":"https:\/\/marcelolopes.jor.br\/site\/#organization","name":"Site do Marcelo Lopes","url":"https:\/\/marcelolopes.jor.br\/site\/","logo":{"@type":"ImageObject","inLanguage":"pt-BR","@id":"https:\/\/marcelolopes.jor.br\/site\/#\/schema\/logo\/image\/","url":"https:\/\/marcelolopes.jor.br\/site\/wp-content\/uploads\/2024\/11\/logo-1.png","contentUrl":"https:\/\/marcelolopes.jor.br\/site\/wp-content\/uploads\/2024\/11\/logo-1.png","width":475,"height":80,"caption":"Site do Marcelo Lopes"},"image":{"@id":"https:\/\/marcelolopes.jor.br\/site\/#\/schema\/logo\/image\/"},"sameAs":["https:\/\/www.facebook.com\/sitedomarcelolopes","https:\/\/www.instagram.com\/sitedomarcelolopes\/","https:\/\/www.linkedin.com\/company\/site-do-marcelo-lopes\/","https:\/\/www.youtube.com\/user\/marcelolopes957"]},{"@type":"Person","@id":"https:\/\/marcelolopes.jor.br\/site\/#\/schema\/person\/27c10fcefab28f2110efeb1b285475e4","name":"universo","url":"https:\/\/marcelolopes.jor.br\/site\/author\/universo\/"}]}},"wps_subtitle":"","_links":{"self":[{"href":"https:\/\/marcelolopes.jor.br\/site\/wp-json\/wp\/v2\/posts\/811","targetHints":{"allow":["GET"]}}],"collection":[{"href":"https:\/\/marcelolopes.jor.br\/site\/wp-json\/wp\/v2\/posts"}],"about":[{"href":"https:\/\/marcelolopes.jor.br\/site\/wp-json\/wp\/v2\/types\/post"}],"author":[{"embeddable":true,"href":"https:\/\/marcelolopes.jor.br\/site\/wp-json\/wp\/v2\/users\/1"}],"replies":[{"embeddable":true,"href":"https:\/\/marcelolopes.jor.br\/site\/wp-json\/wp\/v2\/comments?post=811"}],"version-history":[{"count":0,"href":"https:\/\/marcelolopes.jor.br\/site\/wp-json\/wp\/v2\/posts\/811\/revisions"}],"wp:featuredmedia":[{"embeddable":true,"href":"https:\/\/marcelolopes.jor.br\/site\/wp-json\/wp\/v2\/media\/812"}],"wp:attachment":[{"href":"https:\/\/marcelolopes.jor.br\/site\/wp-json\/wp\/v2\/media?parent=811"}],"wp:term":[{"taxonomy":"category","embeddable":true,"href":"https:\/\/marcelolopes.jor.br\/site\/wp-json\/wp\/v2\/categories?post=811"},{"taxonomy":"post_tag","embeddable":true,"href":"https:\/\/marcelolopes.jor.br\/site\/wp-json\/wp\/v2\/tags?post=811"}],"curies":[{"name":"wp","href":"https:\/\/api.w.org\/{rel}","templated":true}]}}