{"id":8084,"date":"2019-11-14T16:09:30","date_gmt":"2019-11-14T19:09:30","guid":{"rendered":"https:\/\/marcelolopes.jor.br\/?p=8084"},"modified":"2019-11-14T16:10:51","modified_gmt":"2019-11-14T19:10:51","slug":"projeto-de-lei-bengala-verde-para-pessoas-com-baixa-visao-e-aprovada-em-leopoldina","status":"publish","type":"post","link":"https:\/\/marcelolopes.jor.br\/site\/2019\/11\/14\/projeto-de-lei-bengala-verde-para-pessoas-com-baixa-visao-e-aprovada-em-leopoldina\/","title":{"rendered":"Projeto de Lei &#8216;Bengala Verde&#8217; para pessoas com baixa vis\u00e3o \u00e9 aprovado em Leopoldina"},"content":{"rendered":"<p class=\"p1\" style=\"text-align: justify;\"><span class=\"s2\" style=\"font-size: 1rem; -webkit-text-size-adjust: 100%;\">Durante sess\u00e3o ordin\u00e1ria ocorrida na ter\u00e7a-feira, 05 de novembro, a <\/span><span class=\"s3\" style=\"font-size: 1rem; -webkit-text-size-adjust: 100%;\">C\u00e2mara Municipal de Leopoldina<\/span><span class=\"s2\" style=\"font-size: 1rem; -webkit-text-size-adjust: 100%;\"> aprovou o Projeto de Lei n\u00ba 28\/2019 que institui o uso da <\/span><span class=\"s3\" style=\"font-size: 1rem; -webkit-text-size-adjust: 100%;\">bengala verde<\/span><span class=\"s2\" style=\"font-size: 1rem; -webkit-text-size-adjust: 100%;\"> como meio adequado para identificar pessoas acometidas de baixa vis\u00e3o e como instrumento de orienta\u00e7\u00e3o e mobilidade.<\/span><br \/>\n<!--more--><\/p>\n<p class=\"p3\" style=\"text-align: justify;\"><span class=\"s2\">O autor da proposta, vereador Rog\u00e9rio Campos Machado, afirma que a ideia \u00e9 <\/span><span class=\"s3\">conscientizar a popula\u00e7\u00e3o<\/span><span class=\"s2\"> sobre as in\u00fameras dificuldades que uma <\/span><span class=\"s3\">pessoa com baixa vis\u00e3o<\/span><span class=\"s2\"> tem, desde a pr\u00e1tica de coisas simples, como reconhecer rostos, ler placas de sinaliza\u00e7\u00e3o, letreiros de \u00f4nibus, atravessar ruas, entre outras.<\/span><\/p>\n<p class=\"p3\" style=\"text-align: justify;\"><span class=\"s2\">Outra finalidade da mat\u00e9ria \u00e9 evitar que pessoas com baixa vis\u00e3o sejam confundidas com cegos ou, at\u00e9 mesmo, com pessoas acometidas de problemas mentais, pelo fato de, muitas vezes, demorarem mais para se locomover ou para reagir a algumas situa\u00e7\u00f5es, como escolher um alimento em um Buffet por quilo.<\/span><\/p>\n<p class=\"p3\" style=\"text-align: justify;\"><span class=\"s2\">De acordo com o projeto, a bengala verde possuir\u00e1 iguais caracter\u00edsticas \u00e0 bengala branca em peso, longitude, empunhadura el\u00e1stica, rebatibilidade, podendo ou n\u00e3o conter na \u00faltima anilha uma luz de led a qual facilitar\u00e1 na vis\u00e3o noturna.<\/span><\/p>\n<p class=\"p3\" style=\"text-align: justify;\"><span class=\"s2\">Ao justificar sua iniciativa, Rog\u00e9rio Campos Machado destacou que a bengala verde representa um passo importante para a <\/span><span class=\"s3\">conquista de direitos<\/span><span class=\"s2\"> de todas as pessoas com baixa vis\u00e3o.<\/span><\/p>\n<p class=\"p3\" style=\"text-align: justify;\"><span class=\"s2\">Ap\u00f3s as discuss\u00f5es regimentais, o Projeto de Lei n\u00ba 28\/2019 foi aprovado por unanimidade em regime de urg\u00eancia.<\/span><\/p>\n<p class=\"p3\"><span class=\"s3\">Fonte:\u00a0<\/span><span class=\"s2\">C\u00e2mara Municipal de Leopoldina | Foto: O Vigilante Online<\/span><\/p>\n<div class=\"hketn69f710b81e5fb\" ><br><\/div><style type=\"text\/css\">\r\n@media screen and (min-width: 1201px) {\r\n.hketn69f710b81e5fb {\r\ndisplay: block;\r\n}\r\n}\r\n@media screen and (min-width: 993px) and (max-width: 1200px) {\r\n.hketn69f710b81e5fb {\r\ndisplay: block;\r\n}\r\n}\r\n@media screen and (min-width: 769px) and (max-width: 992px) {\r\n.hketn69f710b81e5fb {\r\ndisplay: block;\r\n}\r\n}\r\n@media screen and (min-width: 768px) and (max-width: 768px) {\r\n.hketn69f710b81e5fb {\r\ndisplay: block;\r\n}\r\n}\r\n@media screen and (max-width: 767px) {\r\n.hketn69f710b81e5fb {\r\ndisplay: block;\r\n}\r\n}\r\n<\/style>\r\n<div class=\"pjemc69f710b822e6d\" ><div id=\"div_destino\"><\/div>\r\n<script src=\"https:\/\/cdn.snsrsv.com\/sdk.js\"><\/script>\r\n<script >\r\n      new sdk(\"464030C30061EA8BE065000000000001\") \r\n          .appendTo(\"div_destino\")\r\n          .disableStyle(true) \r\n          .setCacheBusterMacro(\"%%CACHEBUSTER%%\")\r\n          .setSize(\"800\",\"214\")\r\n          .setClickMacro(\"%%CLICK_URL_ESC%%\") \r\n          .setReferrerUrlMacro(\"%%REFERRER_URL_ESC%%\") \r\n          .start(); \r\n<\/script><\/div><style type=\"text\/css\">\r\n@media screen and (min-width: 1201px) {\r\n.pjemc69f710b822e6d {\r\ndisplay: block;\r\n}\r\n}\r\n@media screen and (min-width: 993px) and (max-width: 1200px) {\r\n.pjemc69f710b822e6d {\r\ndisplay: block;\r\n}\r\n}\r\n@media screen and (min-width: 769px) and (max-width: 992px) {\r\n.pjemc69f710b822e6d {\r\ndisplay: block;\r\n}\r\n}\r\n@media screen and (min-width: 768px) and (max-width: 768px) {\r\n.pjemc69f710b822e6d {\r\ndisplay: block;\r\n}\r\n}\r\n@media screen and (max-width: 767px) {\r\n.pjemc69f710b822e6d {\r\ndisplay: block;\r\n}\r\n}\r\n<\/style>\r\n","protected":false},"excerpt":{"rendered":"<p>Durante sess\u00e3o ordin\u00e1ria ocorrida na ter\u00e7a-feira, 05 de novembro, a C\u00e2mara Municipal de Leopoldina aprovou o Projeto de Lei n\u00ba 28\/2019 que institui o uso da bengala verde como meio adequado para identificar pessoas acometidas de baixa vis\u00e3o e como<\/p>\n<p class=\"link-more\"><a class=\"more-link\" href=\"https:\/\/marcelolopes.jor.br\/site\/2019\/11\/14\/projeto-de-lei-bengala-verde-para-pessoas-com-baixa-visao-e-aprovada-em-leopoldina\/\">Leia mais <span class=\"screen-reader-text\">Projeto de Lei &#8216;Bengala Verde&#8217; para pessoas com baixa vis\u00e3o \u00e9 aprovado em Leopoldina<\/span><\/a><\/p>\n","protected":false},"author":2,"featured_media":8086,"comment_status":"open","ping_status":"open","sticky":false,"template":"","format":"standard","meta":{"footnotes":""},"categories":[1],"tags":[1637,345,1076,1147],"class_list":["post-8084","post","type-post","status-publish","format-standard","has-post-thumbnail","hentry","category-noticias","tag-bengala","tag-camara-municipal","tag-leopoldina","tag-projeto-de-lei","thumb-below-title"],"yoast_head":"<!-- This site is optimized with the Yoast SEO plugin v27.4 - https:\/\/yoast.com\/product\/yoast-seo-wordpress\/ -->\n<title>Projeto de Lei &#039;Bengala Verde&#039; para pessoas com baixa vis\u00e3o \u00e9 aprovado em Leopoldina | Marcelo Lopes<\/title>\n<meta name=\"robots\" content=\"index, follow, max-snippet:-1, max-image-preview:large, max-video-preview:-1\" \/>\n<link rel=\"canonical\" href=\"https:\/\/marcelolopes.jor.br\/site\/2019\/11\/14\/projeto-de-lei-bengala-verde-para-pessoas-com-baixa-visao-e-aprovada-em-leopoldina\/\" \/>\n<meta property=\"og:locale\" content=\"pt_BR\" \/>\n<meta property=\"og:type\" content=\"article\" \/>\n<meta property=\"og:title\" content=\"Projeto de Lei &#039;Bengala Verde&#039; para pessoas com baixa vis\u00e3o \u00e9 aprovado em Leopoldina | Marcelo Lopes\" \/>\n<meta property=\"og:description\" content=\"Durante sess\u00e3o ordin\u00e1ria ocorrida na ter\u00e7a-feira, 05 de novembro, a C\u00e2mara Municipal de Leopoldina aprovou o Projeto de Lei n\u00ba 28\/2019 que institui o uso da bengala verde como meio adequado para identificar pessoas acometidas de baixa vis\u00e3o e comoLeia mais Projeto de Lei &#8216;Bengala Verde&#8217; para pessoas com baixa vis\u00e3o \u00e9 aprovado em Leopoldina\" \/>\n<meta property=\"og:url\" content=\"https:\/\/marcelolopes.jor.br\/site\/2019\/11\/14\/projeto-de-lei-bengala-verde-para-pessoas-com-baixa-visao-e-aprovada-em-leopoldina\/\" \/>\n<meta property=\"og:site_name\" content=\"Marcelo Lopes\" \/>\n<meta property=\"article:publisher\" content=\"https:\/\/www.facebook.com\/sitedomarcelolopes\" \/>\n<meta property=\"article:published_time\" content=\"2019-11-14T19:09:30+00:00\" \/>\n<meta property=\"article:modified_time\" content=\"2019-11-14T19:10:51+00:00\" \/>\n<meta property=\"og:image\" content=\"https:\/\/marcelolopes.jor.br\/site\/wp-content\/uploads\/2019\/11\/283E86A3-9B6F-4D79-BF3B-B38D75020BD7.jpeg\" \/>\n\t<meta property=\"og:image:width\" content=\"900\" \/>\n\t<meta property=\"og:image:height\" content=\"500\" \/>\n\t<meta property=\"og:image:type\" content=\"image\/jpeg\" \/>\n<meta name=\"author\" content=\"Marcelo Lopes\" \/>\n<meta name=\"twitter:card\" content=\"summary_large_image\" \/>\n<meta name=\"twitter:label1\" content=\"Escrito por\" \/>\n\t<meta name=\"twitter:data1\" content=\"Marcelo Lopes\" \/>\n\t<meta name=\"twitter:label2\" content=\"Est. tempo de leitura\" \/>\n\t<meta name=\"twitter:data2\" content=\"1 minuto\" \/>\n<script type=\"application\/ld+json\" class=\"yoast-schema-graph\">{\"@context\":\"https:\\\/\\\/schema.org\",\"@graph\":[{\"@type\":\"NewsArticle\",\"@id\":\"https:\\\/\\\/marcelolopes.jor.br\\\/site\\\/2019\\\/11\\\/14\\\/projeto-de-lei-bengala-verde-para-pessoas-com-baixa-visao-e-aprovada-em-leopoldina\\\/#article\",\"isPartOf\":{\"@id\":\"https:\\\/\\\/marcelolopes.jor.br\\\/site\\\/2019\\\/11\\\/14\\\/projeto-de-lei-bengala-verde-para-pessoas-com-baixa-visao-e-aprovada-em-leopoldina\\\/\"},\"author\":{\"name\":\"Marcelo Lopes\",\"@id\":\"https:\\\/\\\/marcelolopes.jor.br\\\/site\\\/#\\\/schema\\\/person\\\/3e7216a35c34d8fdf952b31da3d1f89f\"},\"headline\":\"Projeto de Lei &#8216;Bengala Verde&#8217; para pessoas com baixa vis\u00e3o \u00e9 aprovado em Leopoldina\",\"datePublished\":\"2019-11-14T19:09:30+00:00\",\"dateModified\":\"2019-11-14T19:10:51+00:00\",\"mainEntityOfPage\":{\"@id\":\"https:\\\/\\\/marcelolopes.jor.br\\\/site\\\/2019\\\/11\\\/14\\\/projeto-de-lei-bengala-verde-para-pessoas-com-baixa-visao-e-aprovada-em-leopoldina\\\/\"},\"wordCount\":266,\"commentCount\":0,\"publisher\":{\"@id\":\"https:\\\/\\\/marcelolopes.jor.br\\\/site\\\/#organization\"},\"image\":{\"@id\":\"https:\\\/\\\/marcelolopes.jor.br\\\/site\\\/2019\\\/11\\\/14\\\/projeto-de-lei-bengala-verde-para-pessoas-com-baixa-visao-e-aprovada-em-leopoldina\\\/#primaryimage\"},\"thumbnailUrl\":\"https:\\\/\\\/marcelolopes.jor.br\\\/site\\\/wp-content\\\/uploads\\\/2019\\\/11\\\/283E86A3-9B6F-4D79-BF3B-B38D75020BD7.jpeg\",\"keywords\":[\"Bengala\",\"C\u00e2mara Municipal\",\"Leopoldina\",\"projeto de lei\"],\"articleSection\":[\"Not\u00edcias\"],\"inLanguage\":\"pt-BR\",\"potentialAction\":[{\"@type\":\"CommentAction\",\"name\":\"Comment\",\"target\":[\"https:\\\/\\\/marcelolopes.jor.br\\\/site\\\/2019\\\/11\\\/14\\\/projeto-de-lei-bengala-verde-para-pessoas-com-baixa-visao-e-aprovada-em-leopoldina\\\/#respond\"]}]},{\"@type\":\"WebPage\",\"@id\":\"https:\\\/\\\/marcelolopes.jor.br\\\/site\\\/2019\\\/11\\\/14\\\/projeto-de-lei-bengala-verde-para-pessoas-com-baixa-visao-e-aprovada-em-leopoldina\\\/\",\"url\":\"https:\\\/\\\/marcelolopes.jor.br\\\/site\\\/2019\\\/11\\\/14\\\/projeto-de-lei-bengala-verde-para-pessoas-com-baixa-visao-e-aprovada-em-leopoldina\\\/\",\"name\":\"Projeto de Lei 'Bengala Verde' para pessoas com baixa vis\u00e3o \u00e9 aprovado em Leopoldina | Marcelo Lopes\",\"isPartOf\":{\"@id\":\"https:\\\/\\\/marcelolopes.jor.br\\\/site\\\/#website\"},\"primaryImageOfPage\":{\"@id\":\"https:\\\/\\\/marcelolopes.jor.br\\\/site\\\/2019\\\/11\\\/14\\\/projeto-de-lei-bengala-verde-para-pessoas-com-baixa-visao-e-aprovada-em-leopoldina\\\/#primaryimage\"},\"image\":{\"@id\":\"https:\\\/\\\/marcelolopes.jor.br\\\/site\\\/2019\\\/11\\\/14\\\/projeto-de-lei-bengala-verde-para-pessoas-com-baixa-visao-e-aprovada-em-leopoldina\\\/#primaryimage\"},\"thumbnailUrl\":\"https:\\\/\\\/marcelolopes.jor.br\\\/site\\\/wp-content\\\/uploads\\\/2019\\\/11\\\/283E86A3-9B6F-4D79-BF3B-B38D75020BD7.jpeg\",\"datePublished\":\"2019-11-14T19:09:30+00:00\",\"dateModified\":\"2019-11-14T19:10:51+00:00\",\"breadcrumb\":{\"@id\":\"https:\\\/\\\/marcelolopes.jor.br\\\/site\\\/2019\\\/11\\\/14\\\/projeto-de-lei-bengala-verde-para-pessoas-com-baixa-visao-e-aprovada-em-leopoldina\\\/#breadcrumb\"},\"inLanguage\":\"pt-BR\",\"potentialAction\":[{\"@type\":\"ReadAction\",\"target\":[\"https:\\\/\\\/marcelolopes.jor.br\\\/site\\\/2019\\\/11\\\/14\\\/projeto-de-lei-bengala-verde-para-pessoas-com-baixa-visao-e-aprovada-em-leopoldina\\\/\"]}]},{\"@type\":\"ImageObject\",\"inLanguage\":\"pt-BR\",\"@id\":\"https:\\\/\\\/marcelolopes.jor.br\\\/site\\\/2019\\\/11\\\/14\\\/projeto-de-lei-bengala-verde-para-pessoas-com-baixa-visao-e-aprovada-em-leopoldina\\\/#primaryimage\",\"url\":\"https:\\\/\\\/marcelolopes.jor.br\\\/site\\\/wp-content\\\/uploads\\\/2019\\\/11\\\/283E86A3-9B6F-4D79-BF3B-B38D75020BD7.jpeg\",\"contentUrl\":\"https:\\\/\\\/marcelolopes.jor.br\\\/site\\\/wp-content\\\/uploads\\\/2019\\\/11\\\/283E86A3-9B6F-4D79-BF3B-B38D75020BD7.jpeg\",\"width\":900,\"height\":500},{\"@type\":\"BreadcrumbList\",\"@id\":\"https:\\\/\\\/marcelolopes.jor.br\\\/site\\\/2019\\\/11\\\/14\\\/projeto-de-lei-bengala-verde-para-pessoas-com-baixa-visao-e-aprovada-em-leopoldina\\\/#breadcrumb\",\"itemListElement\":[{\"@type\":\"ListItem\",\"position\":1,\"name\":\"Home\",\"item\":\"https:\\\/\\\/marcelolopes.jor.br\\\/site\\\/\"},{\"@type\":\"ListItem\",\"position\":2,\"name\":\"Projeto de Lei &#8216;Bengala Verde&#8217; para pessoas com baixa vis\u00e3o \u00e9 aprovado em Leopoldina\"}]},{\"@type\":\"WebSite\",\"@id\":\"https:\\\/\\\/marcelolopes.jor.br\\\/site\\\/#website\",\"url\":\"https:\\\/\\\/marcelolopes.jor.br\\\/site\\\/\",\"name\":\"Marcelo Lopes\",\"description\":\"Not\u00edcias de Cataguases e Regi\u00e3o\",\"publisher\":{\"@id\":\"https:\\\/\\\/marcelolopes.jor.br\\\/site\\\/#organization\"},\"potentialAction\":[{\"@type\":\"SearchAction\",\"target\":{\"@type\":\"EntryPoint\",\"urlTemplate\":\"https:\\\/\\\/marcelolopes.jor.br\\\/site\\\/?s={search_term_string}\"},\"query-input\":{\"@type\":\"PropertyValueSpecification\",\"valueRequired\":true,\"valueName\":\"search_term_string\"}}],\"inLanguage\":\"pt-BR\"},{\"@type\":\"Organization\",\"@id\":\"https:\\\/\\\/marcelolopes.jor.br\\\/site\\\/#organization\",\"name\":\"Site do Marcelo Lopes\",\"url\":\"https:\\\/\\\/marcelolopes.jor.br\\\/site\\\/\",\"logo\":{\"@type\":\"ImageObject\",\"inLanguage\":\"pt-BR\",\"@id\":\"https:\\\/\\\/marcelolopes.jor.br\\\/site\\\/#\\\/schema\\\/logo\\\/image\\\/\",\"url\":\"https:\\\/\\\/marcelolopes.jor.br\\\/site\\\/wp-content\\\/uploads\\\/2024\\\/11\\\/logo-1.png\",\"contentUrl\":\"https:\\\/\\\/marcelolopes.jor.br\\\/site\\\/wp-content\\\/uploads\\\/2024\\\/11\\\/logo-1.png\",\"width\":475,\"height\":80,\"caption\":\"Site do Marcelo Lopes\"},\"image\":{\"@id\":\"https:\\\/\\\/marcelolopes.jor.br\\\/site\\\/#\\\/schema\\\/logo\\\/image\\\/\"},\"sameAs\":[\"https:\\\/\\\/www.facebook.com\\\/sitedomarcelolopes\",\"https:\\\/\\\/www.instagram.com\\\/sitedomarcelolopes\\\/\",\"https:\\\/\\\/www.linkedin.com\\\/company\\\/site-do-marcelo-lopes\\\/\",\"https:\\\/\\\/www.youtube.com\\\/user\\\/marcelolopes957\"]},{\"@type\":\"Person\",\"@id\":\"https:\\\/\\\/marcelolopes.jor.br\\\/site\\\/#\\\/schema\\\/person\\\/3e7216a35c34d8fdf952b31da3d1f89f\",\"name\":\"Marcelo Lopes\",\"sameAs\":[\"http:\\\/\\\/www.marcelolopes.jor.br\"],\"url\":\"https:\\\/\\\/marcelolopes.jor.br\\\/site\\\/author\\\/marcelo\\\/\"}]}<\/script>\n<!-- \/ Yoast SEO plugin. -->","yoast_head_json":{"title":"Projeto de Lei 'Bengala Verde' para pessoas com baixa vis\u00e3o \u00e9 aprovado em Leopoldina | Marcelo Lopes","robots":{"index":"index","follow":"follow","max-snippet":"max-snippet:-1","max-image-preview":"max-image-preview:large","max-video-preview":"max-video-preview:-1"},"canonical":"https:\/\/marcelolopes.jor.br\/site\/2019\/11\/14\/projeto-de-lei-bengala-verde-para-pessoas-com-baixa-visao-e-aprovada-em-leopoldina\/","og_locale":"pt_BR","og_type":"article","og_title":"Projeto de Lei 'Bengala Verde' para pessoas com baixa vis\u00e3o \u00e9 aprovado em Leopoldina | Marcelo Lopes","og_description":"Durante sess\u00e3o ordin\u00e1ria ocorrida na ter\u00e7a-feira, 05 de novembro, a C\u00e2mara Municipal de Leopoldina aprovou o Projeto de Lei n\u00ba 28\/2019 que institui o uso da bengala verde como meio adequado para identificar pessoas acometidas de baixa vis\u00e3o e comoLeia mais Projeto de Lei &#8216;Bengala Verde&#8217; para pessoas com baixa vis\u00e3o \u00e9 aprovado em Leopoldina","og_url":"https:\/\/marcelolopes.jor.br\/site\/2019\/11\/14\/projeto-de-lei-bengala-verde-para-pessoas-com-baixa-visao-e-aprovada-em-leopoldina\/","og_site_name":"Marcelo Lopes","article_publisher":"https:\/\/www.facebook.com\/sitedomarcelolopes","article_published_time":"2019-11-14T19:09:30+00:00","article_modified_time":"2019-11-14T19:10:51+00:00","og_image":[{"width":900,"height":500,"url":"https:\/\/marcelolopes.jor.br\/site\/wp-content\/uploads\/2019\/11\/283E86A3-9B6F-4D79-BF3B-B38D75020BD7.jpeg","type":"image\/jpeg"}],"author":"Marcelo Lopes","twitter_card":"summary_large_image","twitter_misc":{"Escrito por":"Marcelo Lopes","Est. tempo de leitura":"1 minuto"},"schema":{"@context":"https:\/\/schema.org","@graph":[{"@type":"NewsArticle","@id":"https:\/\/marcelolopes.jor.br\/site\/2019\/11\/14\/projeto-de-lei-bengala-verde-para-pessoas-com-baixa-visao-e-aprovada-em-leopoldina\/#article","isPartOf":{"@id":"https:\/\/marcelolopes.jor.br\/site\/2019\/11\/14\/projeto-de-lei-bengala-verde-para-pessoas-com-baixa-visao-e-aprovada-em-leopoldina\/"},"author":{"name":"Marcelo Lopes","@id":"https:\/\/marcelolopes.jor.br\/site\/#\/schema\/person\/3e7216a35c34d8fdf952b31da3d1f89f"},"headline":"Projeto de Lei &#8216;Bengala Verde&#8217; para pessoas com baixa vis\u00e3o \u00e9 aprovado em Leopoldina","datePublished":"2019-11-14T19:09:30+00:00","dateModified":"2019-11-14T19:10:51+00:00","mainEntityOfPage":{"@id":"https:\/\/marcelolopes.jor.br\/site\/2019\/11\/14\/projeto-de-lei-bengala-verde-para-pessoas-com-baixa-visao-e-aprovada-em-leopoldina\/"},"wordCount":266,"commentCount":0,"publisher":{"@id":"https:\/\/marcelolopes.jor.br\/site\/#organization"},"image":{"@id":"https:\/\/marcelolopes.jor.br\/site\/2019\/11\/14\/projeto-de-lei-bengala-verde-para-pessoas-com-baixa-visao-e-aprovada-em-leopoldina\/#primaryimage"},"thumbnailUrl":"https:\/\/marcelolopes.jor.br\/site\/wp-content\/uploads\/2019\/11\/283E86A3-9B6F-4D79-BF3B-B38D75020BD7.jpeg","keywords":["Bengala","C\u00e2mara Municipal","Leopoldina","projeto de lei"],"articleSection":["Not\u00edcias"],"inLanguage":"pt-BR","potentialAction":[{"@type":"CommentAction","name":"Comment","target":["https:\/\/marcelolopes.jor.br\/site\/2019\/11\/14\/projeto-de-lei-bengala-verde-para-pessoas-com-baixa-visao-e-aprovada-em-leopoldina\/#respond"]}]},{"@type":"WebPage","@id":"https:\/\/marcelolopes.jor.br\/site\/2019\/11\/14\/projeto-de-lei-bengala-verde-para-pessoas-com-baixa-visao-e-aprovada-em-leopoldina\/","url":"https:\/\/marcelolopes.jor.br\/site\/2019\/11\/14\/projeto-de-lei-bengala-verde-para-pessoas-com-baixa-visao-e-aprovada-em-leopoldina\/","name":"Projeto de Lei 'Bengala Verde' para pessoas com baixa vis\u00e3o \u00e9 aprovado em Leopoldina | Marcelo Lopes","isPartOf":{"@id":"https:\/\/marcelolopes.jor.br\/site\/#website"},"primaryImageOfPage":{"@id":"https:\/\/marcelolopes.jor.br\/site\/2019\/11\/14\/projeto-de-lei-bengala-verde-para-pessoas-com-baixa-visao-e-aprovada-em-leopoldina\/#primaryimage"},"image":{"@id":"https:\/\/marcelolopes.jor.br\/site\/2019\/11\/14\/projeto-de-lei-bengala-verde-para-pessoas-com-baixa-visao-e-aprovada-em-leopoldina\/#primaryimage"},"thumbnailUrl":"https:\/\/marcelolopes.jor.br\/site\/wp-content\/uploads\/2019\/11\/283E86A3-9B6F-4D79-BF3B-B38D75020BD7.jpeg","datePublished":"2019-11-14T19:09:30+00:00","dateModified":"2019-11-14T19:10:51+00:00","breadcrumb":{"@id":"https:\/\/marcelolopes.jor.br\/site\/2019\/11\/14\/projeto-de-lei-bengala-verde-para-pessoas-com-baixa-visao-e-aprovada-em-leopoldina\/#breadcrumb"},"inLanguage":"pt-BR","potentialAction":[{"@type":"ReadAction","target":["https:\/\/marcelolopes.jor.br\/site\/2019\/11\/14\/projeto-de-lei-bengala-verde-para-pessoas-com-baixa-visao-e-aprovada-em-leopoldina\/"]}]},{"@type":"ImageObject","inLanguage":"pt-BR","@id":"https:\/\/marcelolopes.jor.br\/site\/2019\/11\/14\/projeto-de-lei-bengala-verde-para-pessoas-com-baixa-visao-e-aprovada-em-leopoldina\/#primaryimage","url":"https:\/\/marcelolopes.jor.br\/site\/wp-content\/uploads\/2019\/11\/283E86A3-9B6F-4D79-BF3B-B38D75020BD7.jpeg","contentUrl":"https:\/\/marcelolopes.jor.br\/site\/wp-content\/uploads\/2019\/11\/283E86A3-9B6F-4D79-BF3B-B38D75020BD7.jpeg","width":900,"height":500},{"@type":"BreadcrumbList","@id":"https:\/\/marcelolopes.jor.br\/site\/2019\/11\/14\/projeto-de-lei-bengala-verde-para-pessoas-com-baixa-visao-e-aprovada-em-leopoldina\/#breadcrumb","itemListElement":[{"@type":"ListItem","position":1,"name":"Home","item":"https:\/\/marcelolopes.jor.br\/site\/"},{"@type":"ListItem","position":2,"name":"Projeto de Lei &#8216;Bengala Verde&#8217; para pessoas com baixa vis\u00e3o \u00e9 aprovado em Leopoldina"}]},{"@type":"WebSite","@id":"https:\/\/marcelolopes.jor.br\/site\/#website","url":"https:\/\/marcelolopes.jor.br\/site\/","name":"Marcelo Lopes","description":"Not\u00edcias de Cataguases e Regi\u00e3o","publisher":{"@id":"https:\/\/marcelolopes.jor.br\/site\/#organization"},"potentialAction":[{"@type":"SearchAction","target":{"@type":"EntryPoint","urlTemplate":"https:\/\/marcelolopes.jor.br\/site\/?s={search_term_string}"},"query-input":{"@type":"PropertyValueSpecification","valueRequired":true,"valueName":"search_term_string"}}],"inLanguage":"pt-BR"},{"@type":"Organization","@id":"https:\/\/marcelolopes.jor.br\/site\/#organization","name":"Site do Marcelo Lopes","url":"https:\/\/marcelolopes.jor.br\/site\/","logo":{"@type":"ImageObject","inLanguage":"pt-BR","@id":"https:\/\/marcelolopes.jor.br\/site\/#\/schema\/logo\/image\/","url":"https:\/\/marcelolopes.jor.br\/site\/wp-content\/uploads\/2024\/11\/logo-1.png","contentUrl":"https:\/\/marcelolopes.jor.br\/site\/wp-content\/uploads\/2024\/11\/logo-1.png","width":475,"height":80,"caption":"Site do Marcelo Lopes"},"image":{"@id":"https:\/\/marcelolopes.jor.br\/site\/#\/schema\/logo\/image\/"},"sameAs":["https:\/\/www.facebook.com\/sitedomarcelolopes","https:\/\/www.instagram.com\/sitedomarcelolopes\/","https:\/\/www.linkedin.com\/company\/site-do-marcelo-lopes\/","https:\/\/www.youtube.com\/user\/marcelolopes957"]},{"@type":"Person","@id":"https:\/\/marcelolopes.jor.br\/site\/#\/schema\/person\/3e7216a35c34d8fdf952b31da3d1f89f","name":"Marcelo Lopes","sameAs":["http:\/\/www.marcelolopes.jor.br"],"url":"https:\/\/marcelolopes.jor.br\/site\/author\/marcelo\/"}]}},"wps_subtitle":"A bengala verde possuir\u00e1 iguais caracter\u00edsticas \u00e0 bengala branca em todas as suas especifica\u00e7\u00f5es.","_links":{"self":[{"href":"https:\/\/marcelolopes.jor.br\/site\/wp-json\/wp\/v2\/posts\/8084","targetHints":{"allow":["GET"]}}],"collection":[{"href":"https:\/\/marcelolopes.jor.br\/site\/wp-json\/wp\/v2\/posts"}],"about":[{"href":"https:\/\/marcelolopes.jor.br\/site\/wp-json\/wp\/v2\/types\/post"}],"author":[{"embeddable":true,"href":"https:\/\/marcelolopes.jor.br\/site\/wp-json\/wp\/v2\/users\/2"}],"replies":[{"embeddable":true,"href":"https:\/\/marcelolopes.jor.br\/site\/wp-json\/wp\/v2\/comments?post=8084"}],"version-history":[{"count":0,"href":"https:\/\/marcelolopes.jor.br\/site\/wp-json\/wp\/v2\/posts\/8084\/revisions"}],"wp:featuredmedia":[{"embeddable":true,"href":"https:\/\/marcelolopes.jor.br\/site\/wp-json\/wp\/v2\/media\/8086"}],"wp:attachment":[{"href":"https:\/\/marcelolopes.jor.br\/site\/wp-json\/wp\/v2\/media?parent=8084"}],"wp:term":[{"taxonomy":"category","embeddable":true,"href":"https:\/\/marcelolopes.jor.br\/site\/wp-json\/wp\/v2\/categories?post=8084"},{"taxonomy":"post_tag","embeddable":true,"href":"https:\/\/marcelolopes.jor.br\/site\/wp-json\/wp\/v2\/tags?post=8084"}],"curies":[{"name":"wp","href":"https:\/\/api.w.org\/{rel}","templated":true}]}}