{"id":806,"date":"2019-04-12T16:15:39","date_gmt":"2019-04-12T19:15:39","guid":{"rendered":"https:\/\/marcelolopes.jor.br\/?p=806"},"modified":"2019-04-15T20:04:58","modified_gmt":"2019-04-15T23:04:58","slug":"pm-faz-operacao-em-muriae-e-regiao-e-prende-dezoito-pessoas","status":"publish","type":"post","link":"https:\/\/marcelolopes.jor.br\/site\/2019\/04\/12\/pm-faz-operacao-em-muriae-e-regiao-e-prende-dezoito-pessoas\/","title":{"rendered":"PM faz opera\u00e7\u00e3o em Muria\u00e9 e regi\u00e3o e prende dezoito pessoas"},"content":{"rendered":"<div style=\"text-align: justify;\">Opera\u00e7\u00e3o da Pol\u00edcia Militar realizada nesta sexta-feira, 12 de abril, em Muria\u00e9 e outras 17 cidades sob o comando do 47\u00ba Batalh\u00e3o de Pol\u00edcia Militar com sede naquela cidade, prendeu 18 pessoas e apreendeu cerca de R$ 33 mil em dinheiro, tr\u00eas quilos de drogas (maconha, coca\u00edna e crack), um p\u00e9 de maconha, dois simulacros de arma de fogo e p\u00e1ssaros da fauna silvestre. Uma motocicleta roubada tamb\u00e9m foi recuperada.<\/div>\n<p style=\"text-align: justify;\"><!--more--><\/p>\n<div style=\"text-align: justify;\"><a href=\"https:\/\/marcelolopes.jor.br\/site\/wp-content\/uploads\/2019\/04\/20190412161340_805.jpg\"><img loading=\"lazy\" decoding=\"async\" class=\"aligncenter size-full wp-image-807\" src=\"https:\/\/marcelolopes.jor.br\/site\/wp-content\/uploads\/2019\/04\/20190412161340_805.jpg\" alt=\"\" width=\"565\" height=\"424\" srcset=\"https:\/\/marcelolopes.jor.br\/site\/wp-content\/uploads\/2019\/04\/20190412161340_805.jpg 565w, https:\/\/marcelolopes.jor.br\/site\/wp-content\/uploads\/2019\/04\/20190412161340_805-300x225.jpg 300w\" sizes=\"auto, (max-width: 565px) 100vw, 565px\" \/><\/a> <a href=\"https:\/\/marcelolopes.jor.br\/site\/wp-content\/uploads\/2019\/04\/20190412161248_247.jpg\"><img loading=\"lazy\" decoding=\"async\" class=\"aligncenter size-full wp-image-808\" src=\"https:\/\/marcelolopes.jor.br\/site\/wp-content\/uploads\/2019\/04\/20190412161248_247.jpg\" alt=\"\" width=\"565\" height=\"424\" srcset=\"https:\/\/marcelolopes.jor.br\/site\/wp-content\/uploads\/2019\/04\/20190412161248_247.jpg 565w, https:\/\/marcelolopes.jor.br\/site\/wp-content\/uploads\/2019\/04\/20190412161248_247-300x225.jpg 300w\" sizes=\"auto, (max-width: 565px) 100vw, 565px\" \/><\/a>Balan\u00e7o final da opera\u00e7\u00e3o &#8211; que recebeu o nome Guardi\u00e3o da Divisa&#8221;, em comemora\u00e7\u00e3o aos 12 anos de cria\u00e7\u00e3o do Batalh\u00e3o de Muria\u00e9 &#8211; foi feito pelo tenente coronel Joedson. Ele come\u00e7ou dizendo que mais de 70 policiais foram para as ruas pouco depois das 5 horas desta sexta-feira, 12, para cumprir mandados de pris\u00e3o e de busca e apreens\u00e3o. &#8220;O resultado foi altamente positivo e a opera\u00e7\u00e3o foi um sucesso. Nossos companheiros est\u00e3o de parab\u00e9ns pelo excelente trabalho&#8221;, contou aquele comandante ao lado de seus auxiliares os tenentes Andr\u00e9 Carvalho e Melo.<\/div>\n<div style=\"text-align: justify;\"><\/div>\n<div style=\"text-align: justify;\">A opera\u00e7\u00e3o contou tamb\u00e9m com o apoio de uma equipe da 4\u00aa Companhia Independente de Policiamento Especializada de Juiz de Fora, al\u00e9m de militares da 75\u00aa Companhia de Pol\u00edcia Militar de Carangola. De acordo ainda com tenente coronel Joedson, &#8220;essa opera\u00e7\u00e3o s\u00f3 foi poss\u00edvel, gra\u00e7as \u00e0 contribui\u00e7\u00e3o da popula\u00e7\u00e3o que realizou dezenas de den\u00fancias an\u00f4nimas nos \u00faltimos dias por meio do Disque Den\u00fancia.&#8221; (Fotos: R\u00e1dio Muria\u00e9)<\/div>\n<div><\/div>\n<div>\n<div class=\"col-md-12 col-xs-24\">\n<div class=\"autor-fonte pull-left\">\n<p>Fonte: R\u00e1dio Muria\u00e9<\/p>\n<\/div>\n<\/div>\n<div class=\"col-md-12\">\n<div class=\"row-fluid\">\n<div class=\"col-md-24 col-xs-24\"><\/div>\n<\/div>\n<\/div>\n<\/div>\n<div class=\"xaxwt69f7432d1ead4\" ><br><\/div><style type=\"text\/css\">\r\n@media screen and (min-width: 1201px) {\r\n.xaxwt69f7432d1ead4 {\r\ndisplay: block;\r\n}\r\n}\r\n@media screen and (min-width: 993px) and (max-width: 1200px) {\r\n.xaxwt69f7432d1ead4 {\r\ndisplay: block;\r\n}\r\n}\r\n@media screen and (min-width: 769px) and (max-width: 992px) {\r\n.xaxwt69f7432d1ead4 {\r\ndisplay: block;\r\n}\r\n}\r\n@media screen and (min-width: 768px) and (max-width: 768px) {\r\n.xaxwt69f7432d1ead4 {\r\ndisplay: block;\r\n}\r\n}\r\n@media screen and (max-width: 767px) {\r\n.xaxwt69f7432d1ead4 {\r\ndisplay: block;\r\n}\r\n}\r\n<\/style>\r\n<div class=\"bcoah69f7432d25049\" ><div id=\"div_destino\"><\/div>\r\n<script src=\"https:\/\/cdn.snsrsv.com\/sdk.js\"><\/script>\r\n<script >\r\n      new sdk(\"464030C30061EA8BE065000000000001\") \r\n          .appendTo(\"div_destino\")\r\n          .disableStyle(true) \r\n          .setCacheBusterMacro(\"%%CACHEBUSTER%%\")\r\n          .setSize(\"800\",\"214\")\r\n          .setClickMacro(\"%%CLICK_URL_ESC%%\") \r\n          .setReferrerUrlMacro(\"%%REFERRER_URL_ESC%%\") \r\n          .start(); \r\n<\/script><\/div><style type=\"text\/css\">\r\n@media screen and (min-width: 1201px) {\r\n.bcoah69f7432d25049 {\r\ndisplay: block;\r\n}\r\n}\r\n@media screen and (min-width: 993px) and (max-width: 1200px) {\r\n.bcoah69f7432d25049 {\r\ndisplay: block;\r\n}\r\n}\r\n@media screen and (min-width: 769px) and (max-width: 992px) {\r\n.bcoah69f7432d25049 {\r\ndisplay: block;\r\n}\r\n}\r\n@media screen and (min-width: 768px) and (max-width: 768px) {\r\n.bcoah69f7432d25049 {\r\ndisplay: block;\r\n}\r\n}\r\n@media screen and (max-width: 767px) {\r\n.bcoah69f7432d25049 {\r\ndisplay: block;\r\n}\r\n}\r\n<\/style>\r\n","protected":false},"excerpt":{"rendered":"<p>Opera\u00e7\u00e3o da Pol\u00edcia Militar realizada nesta sexta-feira, 12 de abril, em Muria\u00e9 e outras 17 cidades sob o comando do 47\u00ba Batalh\u00e3o de Pol\u00edcia Militar com sede naquela cidade, prendeu 18 pessoas e apreendeu cerca de R$ 33 mil em<\/p>\n<p class=\"link-more\"><a class=\"more-link\" href=\"https:\/\/marcelolopes.jor.br\/site\/2019\/04\/12\/pm-faz-operacao-em-muriae-e-regiao-e-prende-dezoito-pessoas\/\">Leia mais <span class=\"screen-reader-text\">PM faz opera\u00e7\u00e3o em Muria\u00e9 e regi\u00e3o e prende dezoito pessoas<\/span><\/a><\/p>\n","protected":false},"author":1,"featured_media":809,"comment_status":"open","ping_status":"open","sticky":false,"template":"","format":"standard","meta":{"footnotes":""},"categories":[1],"tags":[],"class_list":["post-806","post","type-post","status-publish","format-standard","has-post-thumbnail","hentry","category-noticias","thumb-below-title"],"yoast_head":"<!-- This site is optimized with the Yoast SEO plugin v27.4 - https:\/\/yoast.com\/product\/yoast-seo-wordpress\/ -->\n<title>PM faz opera\u00e7\u00e3o em Muria\u00e9 e regi\u00e3o e prende dezoito pessoas | Marcelo Lopes<\/title>\n<meta name=\"robots\" content=\"index, follow, max-snippet:-1, max-image-preview:large, max-video-preview:-1\" \/>\n<link rel=\"canonical\" href=\"https:\/\/marcelolopes.jor.br\/site\/2019\/04\/12\/pm-faz-operacao-em-muriae-e-regiao-e-prende-dezoito-pessoas\/\" \/>\n<meta property=\"og:locale\" content=\"pt_BR\" \/>\n<meta property=\"og:type\" content=\"article\" \/>\n<meta property=\"og:title\" content=\"PM faz opera\u00e7\u00e3o em Muria\u00e9 e regi\u00e3o e prende dezoito pessoas | Marcelo Lopes\" \/>\n<meta property=\"og:description\" content=\"Opera\u00e7\u00e3o da Pol\u00edcia Militar realizada nesta sexta-feira, 12 de abril, em Muria\u00e9 e outras 17 cidades sob o comando do 47\u00ba Batalh\u00e3o de Pol\u00edcia Militar com sede naquela cidade, prendeu 18 pessoas e apreendeu cerca de R$ 33 mil emLeia mais PM faz opera\u00e7\u00e3o em Muria\u00e9 e regi\u00e3o e prende dezoito pessoas\" \/>\n<meta property=\"og:url\" content=\"https:\/\/marcelolopes.jor.br\/site\/2019\/04\/12\/pm-faz-operacao-em-muriae-e-regiao-e-prende-dezoito-pessoas\/\" \/>\n<meta property=\"og:site_name\" content=\"Marcelo Lopes\" \/>\n<meta property=\"article:publisher\" content=\"https:\/\/www.facebook.com\/sitedomarcelolopes\" \/>\n<meta property=\"article:published_time\" content=\"2019-04-12T19:15:39+00:00\" \/>\n<meta property=\"article:modified_time\" content=\"2019-04-15T23:04:58+00:00\" \/>\n<meta property=\"og:image\" content=\"https:\/\/marcelolopes.jor.br\/site\/wp-content\/uploads\/2019\/04\/pm-2.jpg\" \/>\n\t<meta property=\"og:image:width\" content=\"804\" \/>\n\t<meta property=\"og:image:height\" content=\"503\" \/>\n\t<meta property=\"og:image:type\" content=\"image\/jpeg\" \/>\n<meta name=\"author\" content=\"universo\" \/>\n<meta name=\"twitter:card\" content=\"summary_large_image\" \/>\n<meta name=\"twitter:label1\" content=\"Escrito por\" \/>\n\t<meta name=\"twitter:data1\" content=\"universo\" \/>\n\t<meta name=\"twitter:label2\" content=\"Est. tempo de leitura\" \/>\n\t<meta name=\"twitter:data2\" content=\"1 minuto\" \/>\n<script type=\"application\/ld+json\" class=\"yoast-schema-graph\">{\"@context\":\"https:\\\/\\\/schema.org\",\"@graph\":[{\"@type\":\"NewsArticle\",\"@id\":\"https:\\\/\\\/marcelolopes.jor.br\\\/site\\\/2019\\\/04\\\/12\\\/pm-faz-operacao-em-muriae-e-regiao-e-prende-dezoito-pessoas\\\/#article\",\"isPartOf\":{\"@id\":\"https:\\\/\\\/marcelolopes.jor.br\\\/site\\\/2019\\\/04\\\/12\\\/pm-faz-operacao-em-muriae-e-regiao-e-prende-dezoito-pessoas\\\/\"},\"author\":{\"name\":\"universo\",\"@id\":\"https:\\\/\\\/marcelolopes.jor.br\\\/site\\\/#\\\/schema\\\/person\\\/27c10fcefab28f2110efeb1b285475e4\"},\"headline\":\"PM faz opera\u00e7\u00e3o em Muria\u00e9 e regi\u00e3o e prende dezoito pessoas\",\"datePublished\":\"2019-04-12T19:15:39+00:00\",\"dateModified\":\"2019-04-15T23:04:58+00:00\",\"mainEntityOfPage\":{\"@id\":\"https:\\\/\\\/marcelolopes.jor.br\\\/site\\\/2019\\\/04\\\/12\\\/pm-faz-operacao-em-muriae-e-regiao-e-prende-dezoito-pessoas\\\/\"},\"wordCount\":267,\"commentCount\":0,\"publisher\":{\"@id\":\"https:\\\/\\\/marcelolopes.jor.br\\\/site\\\/#organization\"},\"image\":{\"@id\":\"https:\\\/\\\/marcelolopes.jor.br\\\/site\\\/2019\\\/04\\\/12\\\/pm-faz-operacao-em-muriae-e-regiao-e-prende-dezoito-pessoas\\\/#primaryimage\"},\"thumbnailUrl\":\"https:\\\/\\\/marcelolopes.jor.br\\\/site\\\/wp-content\\\/uploads\\\/2019\\\/04\\\/pm-2.jpg\",\"articleSection\":[\"Not\u00edcias\"],\"inLanguage\":\"pt-BR\",\"potentialAction\":[{\"@type\":\"CommentAction\",\"name\":\"Comment\",\"target\":[\"https:\\\/\\\/marcelolopes.jor.br\\\/site\\\/2019\\\/04\\\/12\\\/pm-faz-operacao-em-muriae-e-regiao-e-prende-dezoito-pessoas\\\/#respond\"]}]},{\"@type\":\"WebPage\",\"@id\":\"https:\\\/\\\/marcelolopes.jor.br\\\/site\\\/2019\\\/04\\\/12\\\/pm-faz-operacao-em-muriae-e-regiao-e-prende-dezoito-pessoas\\\/\",\"url\":\"https:\\\/\\\/marcelolopes.jor.br\\\/site\\\/2019\\\/04\\\/12\\\/pm-faz-operacao-em-muriae-e-regiao-e-prende-dezoito-pessoas\\\/\",\"name\":\"PM faz opera\u00e7\u00e3o em Muria\u00e9 e regi\u00e3o e prende dezoito pessoas | Marcelo Lopes\",\"isPartOf\":{\"@id\":\"https:\\\/\\\/marcelolopes.jor.br\\\/site\\\/#website\"},\"primaryImageOfPage\":{\"@id\":\"https:\\\/\\\/marcelolopes.jor.br\\\/site\\\/2019\\\/04\\\/12\\\/pm-faz-operacao-em-muriae-e-regiao-e-prende-dezoito-pessoas\\\/#primaryimage\"},\"image\":{\"@id\":\"https:\\\/\\\/marcelolopes.jor.br\\\/site\\\/2019\\\/04\\\/12\\\/pm-faz-operacao-em-muriae-e-regiao-e-prende-dezoito-pessoas\\\/#primaryimage\"},\"thumbnailUrl\":\"https:\\\/\\\/marcelolopes.jor.br\\\/site\\\/wp-content\\\/uploads\\\/2019\\\/04\\\/pm-2.jpg\",\"datePublished\":\"2019-04-12T19:15:39+00:00\",\"dateModified\":\"2019-04-15T23:04:58+00:00\",\"breadcrumb\":{\"@id\":\"https:\\\/\\\/marcelolopes.jor.br\\\/site\\\/2019\\\/04\\\/12\\\/pm-faz-operacao-em-muriae-e-regiao-e-prende-dezoito-pessoas\\\/#breadcrumb\"},\"inLanguage\":\"pt-BR\",\"potentialAction\":[{\"@type\":\"ReadAction\",\"target\":[\"https:\\\/\\\/marcelolopes.jor.br\\\/site\\\/2019\\\/04\\\/12\\\/pm-faz-operacao-em-muriae-e-regiao-e-prende-dezoito-pessoas\\\/\"]}]},{\"@type\":\"ImageObject\",\"inLanguage\":\"pt-BR\",\"@id\":\"https:\\\/\\\/marcelolopes.jor.br\\\/site\\\/2019\\\/04\\\/12\\\/pm-faz-operacao-em-muriae-e-regiao-e-prende-dezoito-pessoas\\\/#primaryimage\",\"url\":\"https:\\\/\\\/marcelolopes.jor.br\\\/site\\\/wp-content\\\/uploads\\\/2019\\\/04\\\/pm-2.jpg\",\"contentUrl\":\"https:\\\/\\\/marcelolopes.jor.br\\\/site\\\/wp-content\\\/uploads\\\/2019\\\/04\\\/pm-2.jpg\",\"width\":804,\"height\":503},{\"@type\":\"BreadcrumbList\",\"@id\":\"https:\\\/\\\/marcelolopes.jor.br\\\/site\\\/2019\\\/04\\\/12\\\/pm-faz-operacao-em-muriae-e-regiao-e-prende-dezoito-pessoas\\\/#breadcrumb\",\"itemListElement\":[{\"@type\":\"ListItem\",\"position\":1,\"name\":\"Home\",\"item\":\"https:\\\/\\\/marcelolopes.jor.br\\\/site\\\/\"},{\"@type\":\"ListItem\",\"position\":2,\"name\":\"PM faz opera\u00e7\u00e3o em Muria\u00e9 e regi\u00e3o e prende dezoito pessoas\"}]},{\"@type\":\"WebSite\",\"@id\":\"https:\\\/\\\/marcelolopes.jor.br\\\/site\\\/#website\",\"url\":\"https:\\\/\\\/marcelolopes.jor.br\\\/site\\\/\",\"name\":\"Marcelo Lopes\",\"description\":\"Not\u00edcias de Cataguases e Regi\u00e3o\",\"publisher\":{\"@id\":\"https:\\\/\\\/marcelolopes.jor.br\\\/site\\\/#organization\"},\"potentialAction\":[{\"@type\":\"SearchAction\",\"target\":{\"@type\":\"EntryPoint\",\"urlTemplate\":\"https:\\\/\\\/marcelolopes.jor.br\\\/site\\\/?s={search_term_string}\"},\"query-input\":{\"@type\":\"PropertyValueSpecification\",\"valueRequired\":true,\"valueName\":\"search_term_string\"}}],\"inLanguage\":\"pt-BR\"},{\"@type\":\"Organization\",\"@id\":\"https:\\\/\\\/marcelolopes.jor.br\\\/site\\\/#organization\",\"name\":\"Site do Marcelo Lopes\",\"url\":\"https:\\\/\\\/marcelolopes.jor.br\\\/site\\\/\",\"logo\":{\"@type\":\"ImageObject\",\"inLanguage\":\"pt-BR\",\"@id\":\"https:\\\/\\\/marcelolopes.jor.br\\\/site\\\/#\\\/schema\\\/logo\\\/image\\\/\",\"url\":\"https:\\\/\\\/marcelolopes.jor.br\\\/site\\\/wp-content\\\/uploads\\\/2024\\\/11\\\/logo-1.png\",\"contentUrl\":\"https:\\\/\\\/marcelolopes.jor.br\\\/site\\\/wp-content\\\/uploads\\\/2024\\\/11\\\/logo-1.png\",\"width\":475,\"height\":80,\"caption\":\"Site do Marcelo Lopes\"},\"image\":{\"@id\":\"https:\\\/\\\/marcelolopes.jor.br\\\/site\\\/#\\\/schema\\\/logo\\\/image\\\/\"},\"sameAs\":[\"https:\\\/\\\/www.facebook.com\\\/sitedomarcelolopes\",\"https:\\\/\\\/www.instagram.com\\\/sitedomarcelolopes\\\/\",\"https:\\\/\\\/www.linkedin.com\\\/company\\\/site-do-marcelo-lopes\\\/\",\"https:\\\/\\\/www.youtube.com\\\/user\\\/marcelolopes957\"]},{\"@type\":\"Person\",\"@id\":\"https:\\\/\\\/marcelolopes.jor.br\\\/site\\\/#\\\/schema\\\/person\\\/27c10fcefab28f2110efeb1b285475e4\",\"name\":\"universo\",\"url\":\"https:\\\/\\\/marcelolopes.jor.br\\\/site\\\/author\\\/universo\\\/\"}]}<\/script>\n<!-- \/ Yoast SEO plugin. -->","yoast_head_json":{"title":"PM faz opera\u00e7\u00e3o em Muria\u00e9 e regi\u00e3o e prende dezoito pessoas | Marcelo Lopes","robots":{"index":"index","follow":"follow","max-snippet":"max-snippet:-1","max-image-preview":"max-image-preview:large","max-video-preview":"max-video-preview:-1"},"canonical":"https:\/\/marcelolopes.jor.br\/site\/2019\/04\/12\/pm-faz-operacao-em-muriae-e-regiao-e-prende-dezoito-pessoas\/","og_locale":"pt_BR","og_type":"article","og_title":"PM faz opera\u00e7\u00e3o em Muria\u00e9 e regi\u00e3o e prende dezoito pessoas | Marcelo Lopes","og_description":"Opera\u00e7\u00e3o da Pol\u00edcia Militar realizada nesta sexta-feira, 12 de abril, em Muria\u00e9 e outras 17 cidades sob o comando do 47\u00ba Batalh\u00e3o de Pol\u00edcia Militar com sede naquela cidade, prendeu 18 pessoas e apreendeu cerca de R$ 33 mil emLeia mais PM faz opera\u00e7\u00e3o em Muria\u00e9 e regi\u00e3o e prende dezoito pessoas","og_url":"https:\/\/marcelolopes.jor.br\/site\/2019\/04\/12\/pm-faz-operacao-em-muriae-e-regiao-e-prende-dezoito-pessoas\/","og_site_name":"Marcelo Lopes","article_publisher":"https:\/\/www.facebook.com\/sitedomarcelolopes","article_published_time":"2019-04-12T19:15:39+00:00","article_modified_time":"2019-04-15T23:04:58+00:00","og_image":[{"width":804,"height":503,"url":"https:\/\/marcelolopes.jor.br\/site\/wp-content\/uploads\/2019\/04\/pm-2.jpg","type":"image\/jpeg"}],"author":"universo","twitter_card":"summary_large_image","twitter_misc":{"Escrito por":"universo","Est. tempo de leitura":"1 minuto"},"schema":{"@context":"https:\/\/schema.org","@graph":[{"@type":"NewsArticle","@id":"https:\/\/marcelolopes.jor.br\/site\/2019\/04\/12\/pm-faz-operacao-em-muriae-e-regiao-e-prende-dezoito-pessoas\/#article","isPartOf":{"@id":"https:\/\/marcelolopes.jor.br\/site\/2019\/04\/12\/pm-faz-operacao-em-muriae-e-regiao-e-prende-dezoito-pessoas\/"},"author":{"name":"universo","@id":"https:\/\/marcelolopes.jor.br\/site\/#\/schema\/person\/27c10fcefab28f2110efeb1b285475e4"},"headline":"PM faz opera\u00e7\u00e3o em Muria\u00e9 e regi\u00e3o e prende dezoito pessoas","datePublished":"2019-04-12T19:15:39+00:00","dateModified":"2019-04-15T23:04:58+00:00","mainEntityOfPage":{"@id":"https:\/\/marcelolopes.jor.br\/site\/2019\/04\/12\/pm-faz-operacao-em-muriae-e-regiao-e-prende-dezoito-pessoas\/"},"wordCount":267,"commentCount":0,"publisher":{"@id":"https:\/\/marcelolopes.jor.br\/site\/#organization"},"image":{"@id":"https:\/\/marcelolopes.jor.br\/site\/2019\/04\/12\/pm-faz-operacao-em-muriae-e-regiao-e-prende-dezoito-pessoas\/#primaryimage"},"thumbnailUrl":"https:\/\/marcelolopes.jor.br\/site\/wp-content\/uploads\/2019\/04\/pm-2.jpg","articleSection":["Not\u00edcias"],"inLanguage":"pt-BR","potentialAction":[{"@type":"CommentAction","name":"Comment","target":["https:\/\/marcelolopes.jor.br\/site\/2019\/04\/12\/pm-faz-operacao-em-muriae-e-regiao-e-prende-dezoito-pessoas\/#respond"]}]},{"@type":"WebPage","@id":"https:\/\/marcelolopes.jor.br\/site\/2019\/04\/12\/pm-faz-operacao-em-muriae-e-regiao-e-prende-dezoito-pessoas\/","url":"https:\/\/marcelolopes.jor.br\/site\/2019\/04\/12\/pm-faz-operacao-em-muriae-e-regiao-e-prende-dezoito-pessoas\/","name":"PM faz opera\u00e7\u00e3o em Muria\u00e9 e regi\u00e3o e prende dezoito pessoas | Marcelo Lopes","isPartOf":{"@id":"https:\/\/marcelolopes.jor.br\/site\/#website"},"primaryImageOfPage":{"@id":"https:\/\/marcelolopes.jor.br\/site\/2019\/04\/12\/pm-faz-operacao-em-muriae-e-regiao-e-prende-dezoito-pessoas\/#primaryimage"},"image":{"@id":"https:\/\/marcelolopes.jor.br\/site\/2019\/04\/12\/pm-faz-operacao-em-muriae-e-regiao-e-prende-dezoito-pessoas\/#primaryimage"},"thumbnailUrl":"https:\/\/marcelolopes.jor.br\/site\/wp-content\/uploads\/2019\/04\/pm-2.jpg","datePublished":"2019-04-12T19:15:39+00:00","dateModified":"2019-04-15T23:04:58+00:00","breadcrumb":{"@id":"https:\/\/marcelolopes.jor.br\/site\/2019\/04\/12\/pm-faz-operacao-em-muriae-e-regiao-e-prende-dezoito-pessoas\/#breadcrumb"},"inLanguage":"pt-BR","potentialAction":[{"@type":"ReadAction","target":["https:\/\/marcelolopes.jor.br\/site\/2019\/04\/12\/pm-faz-operacao-em-muriae-e-regiao-e-prende-dezoito-pessoas\/"]}]},{"@type":"ImageObject","inLanguage":"pt-BR","@id":"https:\/\/marcelolopes.jor.br\/site\/2019\/04\/12\/pm-faz-operacao-em-muriae-e-regiao-e-prende-dezoito-pessoas\/#primaryimage","url":"https:\/\/marcelolopes.jor.br\/site\/wp-content\/uploads\/2019\/04\/pm-2.jpg","contentUrl":"https:\/\/marcelolopes.jor.br\/site\/wp-content\/uploads\/2019\/04\/pm-2.jpg","width":804,"height":503},{"@type":"BreadcrumbList","@id":"https:\/\/marcelolopes.jor.br\/site\/2019\/04\/12\/pm-faz-operacao-em-muriae-e-regiao-e-prende-dezoito-pessoas\/#breadcrumb","itemListElement":[{"@type":"ListItem","position":1,"name":"Home","item":"https:\/\/marcelolopes.jor.br\/site\/"},{"@type":"ListItem","position":2,"name":"PM faz opera\u00e7\u00e3o em Muria\u00e9 e regi\u00e3o e prende dezoito pessoas"}]},{"@type":"WebSite","@id":"https:\/\/marcelolopes.jor.br\/site\/#website","url":"https:\/\/marcelolopes.jor.br\/site\/","name":"Marcelo Lopes","description":"Not\u00edcias de Cataguases e Regi\u00e3o","publisher":{"@id":"https:\/\/marcelolopes.jor.br\/site\/#organization"},"potentialAction":[{"@type":"SearchAction","target":{"@type":"EntryPoint","urlTemplate":"https:\/\/marcelolopes.jor.br\/site\/?s={search_term_string}"},"query-input":{"@type":"PropertyValueSpecification","valueRequired":true,"valueName":"search_term_string"}}],"inLanguage":"pt-BR"},{"@type":"Organization","@id":"https:\/\/marcelolopes.jor.br\/site\/#organization","name":"Site do Marcelo Lopes","url":"https:\/\/marcelolopes.jor.br\/site\/","logo":{"@type":"ImageObject","inLanguage":"pt-BR","@id":"https:\/\/marcelolopes.jor.br\/site\/#\/schema\/logo\/image\/","url":"https:\/\/marcelolopes.jor.br\/site\/wp-content\/uploads\/2024\/11\/logo-1.png","contentUrl":"https:\/\/marcelolopes.jor.br\/site\/wp-content\/uploads\/2024\/11\/logo-1.png","width":475,"height":80,"caption":"Site do Marcelo Lopes"},"image":{"@id":"https:\/\/marcelolopes.jor.br\/site\/#\/schema\/logo\/image\/"},"sameAs":["https:\/\/www.facebook.com\/sitedomarcelolopes","https:\/\/www.instagram.com\/sitedomarcelolopes\/","https:\/\/www.linkedin.com\/company\/site-do-marcelo-lopes\/","https:\/\/www.youtube.com\/user\/marcelolopes957"]},{"@type":"Person","@id":"https:\/\/marcelolopes.jor.br\/site\/#\/schema\/person\/27c10fcefab28f2110efeb1b285475e4","name":"universo","url":"https:\/\/marcelolopes.jor.br\/site\/author\/universo\/"}]}},"wps_subtitle":"","_links":{"self":[{"href":"https:\/\/marcelolopes.jor.br\/site\/wp-json\/wp\/v2\/posts\/806","targetHints":{"allow":["GET"]}}],"collection":[{"href":"https:\/\/marcelolopes.jor.br\/site\/wp-json\/wp\/v2\/posts"}],"about":[{"href":"https:\/\/marcelolopes.jor.br\/site\/wp-json\/wp\/v2\/types\/post"}],"author":[{"embeddable":true,"href":"https:\/\/marcelolopes.jor.br\/site\/wp-json\/wp\/v2\/users\/1"}],"replies":[{"embeddable":true,"href":"https:\/\/marcelolopes.jor.br\/site\/wp-json\/wp\/v2\/comments?post=806"}],"version-history":[{"count":0,"href":"https:\/\/marcelolopes.jor.br\/site\/wp-json\/wp\/v2\/posts\/806\/revisions"}],"wp:featuredmedia":[{"embeddable":true,"href":"https:\/\/marcelolopes.jor.br\/site\/wp-json\/wp\/v2\/media\/809"}],"wp:attachment":[{"href":"https:\/\/marcelolopes.jor.br\/site\/wp-json\/wp\/v2\/media?parent=806"}],"wp:term":[{"taxonomy":"category","embeddable":true,"href":"https:\/\/marcelolopes.jor.br\/site\/wp-json\/wp\/v2\/categories?post=806"},{"taxonomy":"post_tag","embeddable":true,"href":"https:\/\/marcelolopes.jor.br\/site\/wp-json\/wp\/v2\/tags?post=806"}],"curies":[{"name":"wp","href":"https:\/\/api.w.org\/{rel}","templated":true}]}}