{"id":8037,"date":"2019-11-13T12:00:23","date_gmt":"2019-11-13T15:00:23","guid":{"rendered":"https:\/\/marcelolopes.jor.br\/?p=8037"},"modified":"2019-11-13T13:09:30","modified_gmt":"2019-11-13T16:09:30","slug":"pre-assembleia-do-sicoob-coopemata-e-recheada-de-boas-noticias","status":"publish","type":"post","link":"https:\/\/marcelolopes.jor.br\/site\/2019\/11\/13\/pre-assembleia-do-sicoob-coopemata-e-recheada-de-boas-noticias\/","title":{"rendered":"Pr\u00e9-Assembleia do Sicoob Coopemata \u00e9 recheada de boas not\u00edcias"},"content":{"rendered":"<p style=\"text-align: justify;\">O Sicoob Coopemata realizou na noite desta ter\u00e7a-feira, 12 de novembro, no sal\u00e3o social do Clube do Remo, a sua pr\u00e9-assembleia anual. O evento re\u00fane os cooperados de Cataguases que este ano, mais uma vez, compareceram maci\u00e7amente. A iniciativa \u00e9 uma esp\u00e9cie de presta\u00e7\u00e3o de contas do que foi feito ao longo de 2019 pela cooperativa e tamb\u00e9m projeta metas e divulga novidades. neste quesito n\u00e3o faltaram not\u00edcias boas para os presentes. Tamb\u00e9m foi momento de homenagens a dois empres\u00e1rios, H\u00e9lio Ant\u00f4nio Pena e Douglas Ferreira Pereira por serem os que mais utilizam os produtos da Cooperativa.<!--more--><\/p>\n<p style=\"text-align: justify;\"><img loading=\"lazy\" decoding=\"async\" class=\"alignleft wp-image-8041 size-medium\" src=\"https:\/\/marcelolopes.jor.br\/site\/wp-content\/uploads\/2019\/11\/Lorena-192x300.jpg\" alt=\"\" width=\"192\" height=\"300\" srcset=\"https:\/\/marcelolopes.jor.br\/site\/wp-content\/uploads\/2019\/11\/Lorena-192x300.jpg 192w, https:\/\/marcelolopes.jor.br\/site\/wp-content\/uploads\/2019\/11\/Lorena.jpg 348w\" sizes=\"auto, (max-width: 192px) 100vw, 192px\" \/>Aberta por Lorena Miranda (foto ao lado), respons\u00e1vel pelo setor social do Sicoob Coopemata, a Pr\u00e9-Assembleia contou com a presen\u00e7a de todos os funcion\u00e1rios do Ponto de Atendimento de Cataguases e do Centro Administrativo. A mesa de honra foi composta pelo presidente do Conselho de Administra\u00e7\u00e3o do Sicoob Coopemata C\u00e9sar Mattos, pela Diretora de Desenvolvimento e Neg\u00f3cios, Cristiane Mazini, Diretor Administrativo Vin\u00edcius do Vale e pelo Diretor Financeiro, Humberto de Abreu Santos.<\/p>\n<p style=\"text-align: justify;\">Primeiro a falar, Vin\u00edcius do Vale, mostrou a pujan\u00e7a da Cooperativa em n\u00fameros. A institui\u00e7\u00e3o continua mantendo crescimento acima da m\u00e9dia entre as cooperativas de cr\u00e9dito do pa\u00eds e para isso conta com 188 funcion\u00e1rios, sendo 105 mulheres e 83 homens. A m\u00e9dia da faixa et\u00e1ria desses colaboradores \u00e9 34 anos e como est\u00e1 em franco crescimento, e portanto, admitindo novos profissionais, a idade m\u00e9dia dos empregados da empresa \u00e9 de tr\u00eas anos, explicou.<\/p>\n<p style=\"text-align: justify;\"><img loading=\"lazy\" decoding=\"async\" class=\"alignright wp-image-8042\" src=\"https:\/\/marcelolopes.jor.br\/site\/wp-content\/uploads\/2019\/11\/vinicius.jpg\" alt=\"\" width=\"200\" height=\"261\" srcset=\"https:\/\/marcelolopes.jor.br\/site\/wp-content\/uploads\/2019\/11\/vinicius.jpg 309w, https:\/\/marcelolopes.jor.br\/site\/wp-content\/uploads\/2019\/11\/vinicius-229x300.jpg 229w\" sizes=\"auto, (max-width: 200px) 100vw, 200px\" \/>Vin\u00edcius (foto a direita) revelou tamb\u00e9m que o Sicoob Coopemata chega ao final deste ano com R$ 479,5 milh\u00f5es de ativos totais, um crescimento de 5,3% em rela\u00e7\u00e3o a 2018. O patrim\u00f4nio l\u00edquido daquela cooperativa alcan\u00e7ou R$ 86 milh\u00f5es, com R$ 309 milh\u00f5es em dep\u00f3sitos (crescimento de 47% em rela\u00e7\u00e3o a 2018) e possui capital social de R$ 37 milh\u00f5es (15% a mais do que ano passado). Al\u00e9m disso as opera\u00e7\u00f5es de cr\u00e9dito feitas em 2019 somaram R$ 336 milh\u00f5es sendo que a institui\u00e7\u00e3o possui 12.625 cooperados. Encerrou informando que as sobras deste ano devem ultrapassar os R$ 23 milh\u00f5es sendo que no ano anterior o valor dividido com os cooperados foi de R$ 19.408.281,00.<\/p>\n<p style=\"text-align: justify;\"><img loading=\"lazy\" decoding=\"async\" class=\"alignleft wp-image-8043\" src=\"https:\/\/marcelolopes.jor.br\/site\/wp-content\/uploads\/2019\/11\/Cristiane.jpg\" alt=\"\" width=\"200\" height=\"238\" srcset=\"https:\/\/marcelolopes.jor.br\/site\/wp-content\/uploads\/2019\/11\/Cristiane.jpg 416w, https:\/\/marcelolopes.jor.br\/site\/wp-content\/uploads\/2019\/11\/Cristiane-252x300.jpg 252w\" sizes=\"auto, (max-width: 200px) 100vw, 200px\" \/>Cristiane Mazini (foto a esquerda) fez alguns esclarecimentos sobre a utiliza\u00e7\u00e3o dos cart\u00f5es de cr\u00e9dito Sicoob e da m\u00e1quina de cart\u00e3o (adquir\u00eancia). Ela reiterou os benef\u00edcios que cada usu\u00e1rio destes produtos ganham al\u00e9m de ajudar a melhorar os n\u00fameros de efici\u00eancia da Coopemata. &#8220;\u00c9 preciso lembrar que usando o cart\u00e3o e a m\u00e1quina voc\u00ea ganha descontos interessantes e aumenta o valor que tem a receber nas sobras de final de ano&#8221;, destacou. Em seguida Humberto de Abreu (foto abaixo) seguiu nesta mesma linha mostrando benef\u00edcios aos cooperados. Desta vez revelou novidades nas aplica\u00e7\u00f5es financeiras. &#8220;Estamos lan\u00e7ando produtos que v\u00e3o dar maior rentabilidade quanto maior for o per\u00edodo que o dinheiro estiver investido. E temos taxas verdadeiramente atraentes&#8221; garantiu, ap\u00f3s explicar como funciona o novo modelo de investimento.<\/p>\n<p style=\"text-align: justify;\"><img loading=\"lazy\" decoding=\"async\" class=\"alignright wp-image-8044\" src=\"https:\/\/marcelolopes.jor.br\/site\/wp-content\/uploads\/2019\/11\/humberto.jpg\" alt=\"\" width=\"200\" height=\"219\" srcset=\"https:\/\/marcelolopes.jor.br\/site\/wp-content\/uploads\/2019\/11\/humberto.jpg 430w, https:\/\/marcelolopes.jor.br\/site\/wp-content\/uploads\/2019\/11\/humberto-274x300.jpg 274w\" sizes=\"auto, (max-width: 200px) 100vw, 200px\" \/>O presidente C\u00e9sar Mattos fez agradecimentos e um em especial \u00e0 equipe de colaboradores a quem creditou o \u00eaxito dos n\u00fameros alcan\u00e7ados pelo Sicoob Coopemata. &#8220;Somos uma cooperativa e nos pautamos pela coopera\u00e7\u00e3o. \u00c9 este o segredo do nosso sucesso, porque nos ajudamos mutuamente&#8221;, afirmou. Em seguida revelou outra boa not\u00edcia: A Coopemata conquistou pela segunda vez, o t\u00edtulo de campe\u00e3 entre as demais cooperativas, como a que mais colocou no mercado as m\u00e1quinas de adquir\u00eancia de sua marca, a Sipag. As boas not\u00edcias continuaram com o an\u00fancio de que o Banco Central concedeu ao Sicoob Coopemata autoriza\u00e7\u00e3o para abrir unidades em qualquer ponto do territ\u00f3rio nacional.<\/p>\n<p style=\"text-align: justify;\"><img loading=\"lazy\" decoding=\"async\" class=\"wp-image-8045 alignleft\" src=\"https:\/\/marcelolopes.jor.br\/site\/wp-content\/uploads\/2019\/11\/Cesar.jpg\" alt=\"\" width=\"200\" height=\"236\" srcset=\"https:\/\/marcelolopes.jor.br\/site\/wp-content\/uploads\/2019\/11\/Cesar.jpg 458w, https:\/\/marcelolopes.jor.br\/site\/wp-content\/uploads\/2019\/11\/Cesar-254x300.jpg 254w\" sizes=\"auto, (max-width: 200px) 100vw, 200px\" \/>Al\u00e9m disso, enfatizou aos cooperados investirem cada vez mais na Cooperativa para que ela se fortale\u00e7a e continue se destacando entre as demais. Em seguida, lan\u00e7ou a campanha do bilh\u00e3o. Ela consiste em elevar os ativos da Coopemata \u00e0 casa de um bilh\u00e3o de reais nos pr\u00f3ximos dois anos. Segundo explicou, hoje, apenas quatro cooperativas no pa\u00eds est\u00e3o neste patamar. &#8220;Isso (chegar a um bilh\u00e3o) vai nos abrir muitas portas e novos horizontes facilitando ainda mais a vida do cooperado&#8221;, afirmou. Outra novidade anunciada por ele foi que agora a cooperativa tamb\u00e9m faz opera\u00e7\u00f5es com c\u00e2mbio e que ano passado foi a que teve o maior resultado per capita entre as demais cooperativas.<\/p>\n<p style=\"text-align: justify;\">Antes de encerrar lembrou da campanha que est\u00e1 em andamento e foi promovida pelo Sicoob Coopemata no Dia de Cooperar. Este ano foram arrecadados recursos e doa\u00e7\u00f5es para reformar tr\u00eas escolas municipais cujas obras j\u00e1 est\u00e3o em andamento. Tamb\u00e9m lembrou as atividades do Centro Cultural Sicoob Coopemata que desenvolve atividades junto a crian\u00e7as e adolescentes tornando-se &#8220;um polo irradiador de cultura e cidadania, al\u00e9m de oferecer um novo horizonte aos seus participantes&#8221;, frisou. Antes, Lorena informou que no pr\u00f3ximo dia 24 de novembro ser\u00e1 realizado o processo seletivo para admiss\u00e3o de novos integrantes. Segundo revelou, foram feitas 233 inscri\u00e7\u00f5es.<\/p>\n<p>Veja mais fotos da Pr\u00e9-Assembleia na galeria abaixo.<\/p>\n<p><img loading=\"lazy\" decoding=\"async\" class=\"aligncenter wp-image-8046\" src=\"https:\/\/marcelolopes.jor.br\/site\/wp-content\/uploads\/2019\/11\/IMG_0600-1.jpg\" alt=\"\" width=\"600\" height=\"450\" srcset=\"https:\/\/marcelolopes.jor.br\/site\/wp-content\/uploads\/2019\/11\/IMG_0600-1.jpg 800w, https:\/\/marcelolopes.jor.br\/site\/wp-content\/uploads\/2019\/11\/IMG_0600-1-300x225.jpg 300w, https:\/\/marcelolopes.jor.br\/site\/wp-content\/uploads\/2019\/11\/IMG_0600-1-768x576.jpg 768w\" sizes=\"auto, (max-width: 600px) 100vw, 600px\" \/> <img loading=\"lazy\" decoding=\"async\" class=\"aligncenter wp-image-8047\" src=\"https:\/\/marcelolopes.jor.br\/site\/wp-content\/uploads\/2019\/11\/IMG_8416.jpg\" alt=\"\" width=\"600\" height=\"450\" srcset=\"https:\/\/marcelolopes.jor.br\/site\/wp-content\/uploads\/2019\/11\/IMG_8416.jpg 800w, https:\/\/marcelolopes.jor.br\/site\/wp-content\/uploads\/2019\/11\/IMG_8416-300x225.jpg 300w, https:\/\/marcelolopes.jor.br\/site\/wp-content\/uploads\/2019\/11\/IMG_8416-768x576.jpg 768w\" sizes=\"auto, (max-width: 600px) 100vw, 600px\" \/> <img loading=\"lazy\" decoding=\"async\" class=\"aligncenter wp-image-8048\" src=\"https:\/\/marcelolopes.jor.br\/site\/wp-content\/uploads\/2019\/11\/IMG_8418.jpg\" alt=\"\" width=\"600\" height=\"450\" srcset=\"https:\/\/marcelolopes.jor.br\/site\/wp-content\/uploads\/2019\/11\/IMG_8418.jpg 800w, https:\/\/marcelolopes.jor.br\/site\/wp-content\/uploads\/2019\/11\/IMG_8418-300x225.jpg 300w, https:\/\/marcelolopes.jor.br\/site\/wp-content\/uploads\/2019\/11\/IMG_8418-768x576.jpg 768w\" sizes=\"auto, (max-width: 600px) 100vw, 600px\" \/> <img loading=\"lazy\" decoding=\"async\" class=\"aligncenter wp-image-8049\" src=\"https:\/\/marcelolopes.jor.br\/site\/wp-content\/uploads\/2019\/11\/IMG_8420.jpg\" alt=\"\" width=\"600\" height=\"450\" srcset=\"https:\/\/marcelolopes.jor.br\/site\/wp-content\/uploads\/2019\/11\/IMG_8420.jpg 800w, https:\/\/marcelolopes.jor.br\/site\/wp-content\/uploads\/2019\/11\/IMG_8420-300x225.jpg 300w, https:\/\/marcelolopes.jor.br\/site\/wp-content\/uploads\/2019\/11\/IMG_8420-768x576.jpg 768w\" sizes=\"auto, (max-width: 600px) 100vw, 600px\" \/> <img loading=\"lazy\" decoding=\"async\" class=\"aligncenter wp-image-8050\" src=\"https:\/\/marcelolopes.jor.br\/site\/wp-content\/uploads\/2019\/11\/IMG_8448.jpg\" alt=\"\" width=\"600\" height=\"450\" srcset=\"https:\/\/marcelolopes.jor.br\/site\/wp-content\/uploads\/2019\/11\/IMG_8448.jpg 800w, https:\/\/marcelolopes.jor.br\/site\/wp-content\/uploads\/2019\/11\/IMG_8448-300x225.jpg 300w, https:\/\/marcelolopes.jor.br\/site\/wp-content\/uploads\/2019\/11\/IMG_8448-768x576.jpg 768w\" sizes=\"auto, (max-width: 600px) 100vw, 600px\" \/> <img loading=\"lazy\" decoding=\"async\" class=\"aligncenter wp-image-8051\" src=\"https:\/\/marcelolopes.jor.br\/site\/wp-content\/uploads\/2019\/11\/IMG_8455.jpg\" alt=\"\" width=\"600\" height=\"450\" srcset=\"https:\/\/marcelolopes.jor.br\/site\/wp-content\/uploads\/2019\/11\/IMG_8455.jpg 800w, https:\/\/marcelolopes.jor.br\/site\/wp-content\/uploads\/2019\/11\/IMG_8455-300x225.jpg 300w, https:\/\/marcelolopes.jor.br\/site\/wp-content\/uploads\/2019\/11\/IMG_8455-768x576.jpg 768w\" sizes=\"auto, (max-width: 600px) 100vw, 600px\" \/> <img loading=\"lazy\" decoding=\"async\" class=\"aligncenter wp-image-8052\" src=\"https:\/\/marcelolopes.jor.br\/site\/wp-content\/uploads\/2019\/11\/IMG_8458.jpg\" alt=\"\" width=\"600\" height=\"450\" srcset=\"https:\/\/marcelolopes.jor.br\/site\/wp-content\/uploads\/2019\/11\/IMG_8458.jpg 800w, https:\/\/marcelolopes.jor.br\/site\/wp-content\/uploads\/2019\/11\/IMG_8458-300x225.jpg 300w, https:\/\/marcelolopes.jor.br\/site\/wp-content\/uploads\/2019\/11\/IMG_8458-768x576.jpg 768w\" sizes=\"auto, (max-width: 600px) 100vw, 600px\" \/> <img loading=\"lazy\" decoding=\"async\" class=\"aligncenter wp-image-8053\" src=\"https:\/\/marcelolopes.jor.br\/site\/wp-content\/uploads\/2019\/11\/IMG_8481.jpg\" alt=\"\" width=\"600\" height=\"450\" srcset=\"https:\/\/marcelolopes.jor.br\/site\/wp-content\/uploads\/2019\/11\/IMG_8481.jpg 800w, https:\/\/marcelolopes.jor.br\/site\/wp-content\/uploads\/2019\/11\/IMG_8481-300x225.jpg 300w, https:\/\/marcelolopes.jor.br\/site\/wp-content\/uploads\/2019\/11\/IMG_8481-768x576.jpg 768w\" sizes=\"auto, (max-width: 600px) 100vw, 600px\" \/><\/p>\n<div class=\"rqart69f73fff6a7ad\" ><br><\/div><style type=\"text\/css\">\r\n@media screen and (min-width: 1201px) {\r\n.rqart69f73fff6a7ad {\r\ndisplay: block;\r\n}\r\n}\r\n@media screen and (min-width: 993px) and (max-width: 1200px) {\r\n.rqart69f73fff6a7ad {\r\ndisplay: block;\r\n}\r\n}\r\n@media screen and (min-width: 769px) and (max-width: 992px) {\r\n.rqart69f73fff6a7ad {\r\ndisplay: block;\r\n}\r\n}\r\n@media screen and (min-width: 768px) and (max-width: 768px) {\r\n.rqart69f73fff6a7ad {\r\ndisplay: block;\r\n}\r\n}\r\n@media screen and (max-width: 767px) {\r\n.rqart69f73fff6a7ad {\r\ndisplay: block;\r\n}\r\n}\r\n<\/style>\r\n<div class=\"aezfh69f73fff70018\" ><div id=\"div_destino\"><\/div>\r\n<script src=\"https:\/\/cdn.snsrsv.com\/sdk.js\"><\/script>\r\n<script >\r\n      new sdk(\"464030C30061EA8BE065000000000001\") \r\n          .appendTo(\"div_destino\")\r\n          .disableStyle(true) \r\n          .setCacheBusterMacro(\"%%CACHEBUSTER%%\")\r\n          .setSize(\"800\",\"214\")\r\n          .setClickMacro(\"%%CLICK_URL_ESC%%\") \r\n          .setReferrerUrlMacro(\"%%REFERRER_URL_ESC%%\") \r\n          .start(); \r\n<\/script><\/div><style type=\"text\/css\">\r\n@media screen and (min-width: 1201px) {\r\n.aezfh69f73fff70018 {\r\ndisplay: block;\r\n}\r\n}\r\n@media screen and (min-width: 993px) and (max-width: 1200px) {\r\n.aezfh69f73fff70018 {\r\ndisplay: block;\r\n}\r\n}\r\n@media screen and (min-width: 769px) and (max-width: 992px) {\r\n.aezfh69f73fff70018 {\r\ndisplay: block;\r\n}\r\n}\r\n@media screen and (min-width: 768px) and (max-width: 768px) {\r\n.aezfh69f73fff70018 {\r\ndisplay: block;\r\n}\r\n}\r\n@media screen and (max-width: 767px) {\r\n.aezfh69f73fff70018 {\r\ndisplay: block;\r\n}\r\n}\r\n<\/style>\r\n","protected":false},"excerpt":{"rendered":"<p>O Sicoob Coopemata realizou na noite desta ter\u00e7a-feira, 12 de novembro, no sal\u00e3o social do Clube do Remo, a sua pr\u00e9-assembleia anual. O evento re\u00fane os cooperados de Cataguases que este ano, mais uma vez, compareceram maci\u00e7amente. A iniciativa \u00e9<\/p>\n<p class=\"link-more\"><a class=\"more-link\" href=\"https:\/\/marcelolopes.jor.br\/site\/2019\/11\/13\/pre-assembleia-do-sicoob-coopemata-e-recheada-de-boas-noticias\/\">Leia mais <span class=\"screen-reader-text\">Pr\u00e9-Assembleia do Sicoob Coopemata \u00e9 recheada de boas not\u00edcias<\/span><\/a><\/p>\n","protected":false},"author":2,"featured_media":8039,"comment_status":"open","ping_status":"open","sticky":false,"template":"","format":"standard","meta":{"footnotes":""},"categories":[1],"tags":[950,1629,370,1630],"class_list":["post-8037","post","type-post","status-publish","format-standard","has-post-thumbnail","hentry","category-noticias","tag-cooperativa","tag-pre-assembleia","tag-sicoob-coopemata","tag-sobras","thumb-below-title"],"yoast_head":"<!-- This site is optimized with the Yoast SEO plugin v27.4 - https:\/\/yoast.com\/product\/yoast-seo-wordpress\/ -->\n<title>Pr\u00e9-Assembleia do Sicoob Coopemata \u00e9 recheada de boas not\u00edcias | Marcelo Lopes<\/title>\n<meta name=\"robots\" content=\"index, follow, max-snippet:-1, max-image-preview:large, max-video-preview:-1\" \/>\n<link rel=\"canonical\" href=\"https:\/\/marcelolopes.jor.br\/site\/2019\/11\/13\/pre-assembleia-do-sicoob-coopemata-e-recheada-de-boas-noticias\/\" \/>\n<meta property=\"og:locale\" content=\"pt_BR\" \/>\n<meta property=\"og:type\" content=\"article\" \/>\n<meta property=\"og:title\" content=\"Pr\u00e9-Assembleia do Sicoob Coopemata \u00e9 recheada de boas not\u00edcias | Marcelo Lopes\" \/>\n<meta property=\"og:description\" content=\"O Sicoob Coopemata realizou na noite desta ter\u00e7a-feira, 12 de novembro, no sal\u00e3o social do Clube do Remo, a sua pr\u00e9-assembleia anual. O evento re\u00fane os cooperados de Cataguases que este ano, mais uma vez, compareceram maci\u00e7amente. A iniciativa \u00e9Leia mais Pr\u00e9-Assembleia do Sicoob Coopemata \u00e9 recheada de boas not\u00edcias\" \/>\n<meta property=\"og:url\" content=\"https:\/\/marcelolopes.jor.br\/site\/2019\/11\/13\/pre-assembleia-do-sicoob-coopemata-e-recheada-de-boas-noticias\/\" \/>\n<meta property=\"og:site_name\" content=\"Marcelo Lopes\" \/>\n<meta property=\"article:publisher\" content=\"https:\/\/www.facebook.com\/sitedomarcelolopes\" \/>\n<meta property=\"article:published_time\" content=\"2019-11-13T15:00:23+00:00\" \/>\n<meta property=\"article:modified_time\" content=\"2019-11-13T16:09:30+00:00\" \/>\n<meta property=\"og:image\" content=\"https:\/\/marcelolopes.jor.br\/site\/wp-content\/uploads\/2019\/11\/IMG_8450.jpg\" \/>\n\t<meta property=\"og:image:width\" content=\"800\" \/>\n\t<meta property=\"og:image:height\" content=\"600\" \/>\n\t<meta property=\"og:image:type\" content=\"image\/jpeg\" \/>\n<meta name=\"author\" content=\"Marcelo Lopes\" \/>\n<meta name=\"twitter:card\" content=\"summary_large_image\" \/>\n<meta name=\"twitter:label1\" content=\"Escrito por\" \/>\n\t<meta name=\"twitter:data1\" content=\"Marcelo Lopes\" \/>\n\t<meta name=\"twitter:label2\" content=\"Est. tempo de leitura\" \/>\n\t<meta name=\"twitter:data2\" content=\"4 minutos\" \/>\n<script type=\"application\/ld+json\" class=\"yoast-schema-graph\">{\"@context\":\"https:\\\/\\\/schema.org\",\"@graph\":[{\"@type\":\"NewsArticle\",\"@id\":\"https:\\\/\\\/marcelolopes.jor.br\\\/site\\\/2019\\\/11\\\/13\\\/pre-assembleia-do-sicoob-coopemata-e-recheada-de-boas-noticias\\\/#article\",\"isPartOf\":{\"@id\":\"https:\\\/\\\/marcelolopes.jor.br\\\/site\\\/2019\\\/11\\\/13\\\/pre-assembleia-do-sicoob-coopemata-e-recheada-de-boas-noticias\\\/\"},\"author\":{\"name\":\"Marcelo Lopes\",\"@id\":\"https:\\\/\\\/marcelolopes.jor.br\\\/site\\\/#\\\/schema\\\/person\\\/3e7216a35c34d8fdf952b31da3d1f89f\"},\"headline\":\"Pr\u00e9-Assembleia do Sicoob Coopemata \u00e9 recheada de boas not\u00edcias\",\"datePublished\":\"2019-11-13T15:00:23+00:00\",\"dateModified\":\"2019-11-13T16:09:30+00:00\",\"mainEntityOfPage\":{\"@id\":\"https:\\\/\\\/marcelolopes.jor.br\\\/site\\\/2019\\\/11\\\/13\\\/pre-assembleia-do-sicoob-coopemata-e-recheada-de-boas-noticias\\\/\"},\"wordCount\":898,\"commentCount\":0,\"publisher\":{\"@id\":\"https:\\\/\\\/marcelolopes.jor.br\\\/site\\\/#organization\"},\"image\":{\"@id\":\"https:\\\/\\\/marcelolopes.jor.br\\\/site\\\/2019\\\/11\\\/13\\\/pre-assembleia-do-sicoob-coopemata-e-recheada-de-boas-noticias\\\/#primaryimage\"},\"thumbnailUrl\":\"https:\\\/\\\/marcelolopes.jor.br\\\/site\\\/wp-content\\\/uploads\\\/2019\\\/11\\\/IMG_8450.jpg\",\"keywords\":[\"cooperativa\",\"pr\u00e9-assembleia\",\"Sicoob Coopemata\",\"sobras\"],\"articleSection\":[\"Not\u00edcias\"],\"inLanguage\":\"pt-BR\",\"potentialAction\":[{\"@type\":\"CommentAction\",\"name\":\"Comment\",\"target\":[\"https:\\\/\\\/marcelolopes.jor.br\\\/site\\\/2019\\\/11\\\/13\\\/pre-assembleia-do-sicoob-coopemata-e-recheada-de-boas-noticias\\\/#respond\"]}]},{\"@type\":\"WebPage\",\"@id\":\"https:\\\/\\\/marcelolopes.jor.br\\\/site\\\/2019\\\/11\\\/13\\\/pre-assembleia-do-sicoob-coopemata-e-recheada-de-boas-noticias\\\/\",\"url\":\"https:\\\/\\\/marcelolopes.jor.br\\\/site\\\/2019\\\/11\\\/13\\\/pre-assembleia-do-sicoob-coopemata-e-recheada-de-boas-noticias\\\/\",\"name\":\"Pr\u00e9-Assembleia do Sicoob Coopemata \u00e9 recheada de boas not\u00edcias | Marcelo Lopes\",\"isPartOf\":{\"@id\":\"https:\\\/\\\/marcelolopes.jor.br\\\/site\\\/#website\"},\"primaryImageOfPage\":{\"@id\":\"https:\\\/\\\/marcelolopes.jor.br\\\/site\\\/2019\\\/11\\\/13\\\/pre-assembleia-do-sicoob-coopemata-e-recheada-de-boas-noticias\\\/#primaryimage\"},\"image\":{\"@id\":\"https:\\\/\\\/marcelolopes.jor.br\\\/site\\\/2019\\\/11\\\/13\\\/pre-assembleia-do-sicoob-coopemata-e-recheada-de-boas-noticias\\\/#primaryimage\"},\"thumbnailUrl\":\"https:\\\/\\\/marcelolopes.jor.br\\\/site\\\/wp-content\\\/uploads\\\/2019\\\/11\\\/IMG_8450.jpg\",\"datePublished\":\"2019-11-13T15:00:23+00:00\",\"dateModified\":\"2019-11-13T16:09:30+00:00\",\"breadcrumb\":{\"@id\":\"https:\\\/\\\/marcelolopes.jor.br\\\/site\\\/2019\\\/11\\\/13\\\/pre-assembleia-do-sicoob-coopemata-e-recheada-de-boas-noticias\\\/#breadcrumb\"},\"inLanguage\":\"pt-BR\",\"potentialAction\":[{\"@type\":\"ReadAction\",\"target\":[\"https:\\\/\\\/marcelolopes.jor.br\\\/site\\\/2019\\\/11\\\/13\\\/pre-assembleia-do-sicoob-coopemata-e-recheada-de-boas-noticias\\\/\"]}]},{\"@type\":\"ImageObject\",\"inLanguage\":\"pt-BR\",\"@id\":\"https:\\\/\\\/marcelolopes.jor.br\\\/site\\\/2019\\\/11\\\/13\\\/pre-assembleia-do-sicoob-coopemata-e-recheada-de-boas-noticias\\\/#primaryimage\",\"url\":\"https:\\\/\\\/marcelolopes.jor.br\\\/site\\\/wp-content\\\/uploads\\\/2019\\\/11\\\/IMG_8450.jpg\",\"contentUrl\":\"https:\\\/\\\/marcelolopes.jor.br\\\/site\\\/wp-content\\\/uploads\\\/2019\\\/11\\\/IMG_8450.jpg\",\"width\":800,\"height\":600},{\"@type\":\"BreadcrumbList\",\"@id\":\"https:\\\/\\\/marcelolopes.jor.br\\\/site\\\/2019\\\/11\\\/13\\\/pre-assembleia-do-sicoob-coopemata-e-recheada-de-boas-noticias\\\/#breadcrumb\",\"itemListElement\":[{\"@type\":\"ListItem\",\"position\":1,\"name\":\"Home\",\"item\":\"https:\\\/\\\/marcelolopes.jor.br\\\/site\\\/\"},{\"@type\":\"ListItem\",\"position\":2,\"name\":\"Pr\u00e9-Assembleia do Sicoob Coopemata \u00e9 recheada de boas not\u00edcias\"}]},{\"@type\":\"WebSite\",\"@id\":\"https:\\\/\\\/marcelolopes.jor.br\\\/site\\\/#website\",\"url\":\"https:\\\/\\\/marcelolopes.jor.br\\\/site\\\/\",\"name\":\"Marcelo Lopes\",\"description\":\"Not\u00edcias de Cataguases e Regi\u00e3o\",\"publisher\":{\"@id\":\"https:\\\/\\\/marcelolopes.jor.br\\\/site\\\/#organization\"},\"potentialAction\":[{\"@type\":\"SearchAction\",\"target\":{\"@type\":\"EntryPoint\",\"urlTemplate\":\"https:\\\/\\\/marcelolopes.jor.br\\\/site\\\/?s={search_term_string}\"},\"query-input\":{\"@type\":\"PropertyValueSpecification\",\"valueRequired\":true,\"valueName\":\"search_term_string\"}}],\"inLanguage\":\"pt-BR\"},{\"@type\":\"Organization\",\"@id\":\"https:\\\/\\\/marcelolopes.jor.br\\\/site\\\/#organization\",\"name\":\"Site do Marcelo Lopes\",\"url\":\"https:\\\/\\\/marcelolopes.jor.br\\\/site\\\/\",\"logo\":{\"@type\":\"ImageObject\",\"inLanguage\":\"pt-BR\",\"@id\":\"https:\\\/\\\/marcelolopes.jor.br\\\/site\\\/#\\\/schema\\\/logo\\\/image\\\/\",\"url\":\"https:\\\/\\\/marcelolopes.jor.br\\\/site\\\/wp-content\\\/uploads\\\/2024\\\/11\\\/logo-1.png\",\"contentUrl\":\"https:\\\/\\\/marcelolopes.jor.br\\\/site\\\/wp-content\\\/uploads\\\/2024\\\/11\\\/logo-1.png\",\"width\":475,\"height\":80,\"caption\":\"Site do Marcelo Lopes\"},\"image\":{\"@id\":\"https:\\\/\\\/marcelolopes.jor.br\\\/site\\\/#\\\/schema\\\/logo\\\/image\\\/\"},\"sameAs\":[\"https:\\\/\\\/www.facebook.com\\\/sitedomarcelolopes\",\"https:\\\/\\\/www.instagram.com\\\/sitedomarcelolopes\\\/\",\"https:\\\/\\\/www.linkedin.com\\\/company\\\/site-do-marcelo-lopes\\\/\",\"https:\\\/\\\/www.youtube.com\\\/user\\\/marcelolopes957\"]},{\"@type\":\"Person\",\"@id\":\"https:\\\/\\\/marcelolopes.jor.br\\\/site\\\/#\\\/schema\\\/person\\\/3e7216a35c34d8fdf952b31da3d1f89f\",\"name\":\"Marcelo Lopes\",\"sameAs\":[\"http:\\\/\\\/www.marcelolopes.jor.br\"],\"url\":\"https:\\\/\\\/marcelolopes.jor.br\\\/site\\\/author\\\/marcelo\\\/\"}]}<\/script>\n<!-- \/ Yoast SEO plugin. -->","yoast_head_json":{"title":"Pr\u00e9-Assembleia do Sicoob Coopemata \u00e9 recheada de boas not\u00edcias | Marcelo Lopes","robots":{"index":"index","follow":"follow","max-snippet":"max-snippet:-1","max-image-preview":"max-image-preview:large","max-video-preview":"max-video-preview:-1"},"canonical":"https:\/\/marcelolopes.jor.br\/site\/2019\/11\/13\/pre-assembleia-do-sicoob-coopemata-e-recheada-de-boas-noticias\/","og_locale":"pt_BR","og_type":"article","og_title":"Pr\u00e9-Assembleia do Sicoob Coopemata \u00e9 recheada de boas not\u00edcias | Marcelo Lopes","og_description":"O Sicoob Coopemata realizou na noite desta ter\u00e7a-feira, 12 de novembro, no sal\u00e3o social do Clube do Remo, a sua pr\u00e9-assembleia anual. O evento re\u00fane os cooperados de Cataguases que este ano, mais uma vez, compareceram maci\u00e7amente. A iniciativa \u00e9Leia mais Pr\u00e9-Assembleia do Sicoob Coopemata \u00e9 recheada de boas not\u00edcias","og_url":"https:\/\/marcelolopes.jor.br\/site\/2019\/11\/13\/pre-assembleia-do-sicoob-coopemata-e-recheada-de-boas-noticias\/","og_site_name":"Marcelo Lopes","article_publisher":"https:\/\/www.facebook.com\/sitedomarcelolopes","article_published_time":"2019-11-13T15:00:23+00:00","article_modified_time":"2019-11-13T16:09:30+00:00","og_image":[{"width":800,"height":600,"url":"https:\/\/marcelolopes.jor.br\/site\/wp-content\/uploads\/2019\/11\/IMG_8450.jpg","type":"image\/jpeg"}],"author":"Marcelo Lopes","twitter_card":"summary_large_image","twitter_misc":{"Escrito por":"Marcelo Lopes","Est. tempo de leitura":"4 minutos"},"schema":{"@context":"https:\/\/schema.org","@graph":[{"@type":"NewsArticle","@id":"https:\/\/marcelolopes.jor.br\/site\/2019\/11\/13\/pre-assembleia-do-sicoob-coopemata-e-recheada-de-boas-noticias\/#article","isPartOf":{"@id":"https:\/\/marcelolopes.jor.br\/site\/2019\/11\/13\/pre-assembleia-do-sicoob-coopemata-e-recheada-de-boas-noticias\/"},"author":{"name":"Marcelo Lopes","@id":"https:\/\/marcelolopes.jor.br\/site\/#\/schema\/person\/3e7216a35c34d8fdf952b31da3d1f89f"},"headline":"Pr\u00e9-Assembleia do Sicoob Coopemata \u00e9 recheada de boas not\u00edcias","datePublished":"2019-11-13T15:00:23+00:00","dateModified":"2019-11-13T16:09:30+00:00","mainEntityOfPage":{"@id":"https:\/\/marcelolopes.jor.br\/site\/2019\/11\/13\/pre-assembleia-do-sicoob-coopemata-e-recheada-de-boas-noticias\/"},"wordCount":898,"commentCount":0,"publisher":{"@id":"https:\/\/marcelolopes.jor.br\/site\/#organization"},"image":{"@id":"https:\/\/marcelolopes.jor.br\/site\/2019\/11\/13\/pre-assembleia-do-sicoob-coopemata-e-recheada-de-boas-noticias\/#primaryimage"},"thumbnailUrl":"https:\/\/marcelolopes.jor.br\/site\/wp-content\/uploads\/2019\/11\/IMG_8450.jpg","keywords":["cooperativa","pr\u00e9-assembleia","Sicoob Coopemata","sobras"],"articleSection":["Not\u00edcias"],"inLanguage":"pt-BR","potentialAction":[{"@type":"CommentAction","name":"Comment","target":["https:\/\/marcelolopes.jor.br\/site\/2019\/11\/13\/pre-assembleia-do-sicoob-coopemata-e-recheada-de-boas-noticias\/#respond"]}]},{"@type":"WebPage","@id":"https:\/\/marcelolopes.jor.br\/site\/2019\/11\/13\/pre-assembleia-do-sicoob-coopemata-e-recheada-de-boas-noticias\/","url":"https:\/\/marcelolopes.jor.br\/site\/2019\/11\/13\/pre-assembleia-do-sicoob-coopemata-e-recheada-de-boas-noticias\/","name":"Pr\u00e9-Assembleia do Sicoob Coopemata \u00e9 recheada de boas not\u00edcias | Marcelo Lopes","isPartOf":{"@id":"https:\/\/marcelolopes.jor.br\/site\/#website"},"primaryImageOfPage":{"@id":"https:\/\/marcelolopes.jor.br\/site\/2019\/11\/13\/pre-assembleia-do-sicoob-coopemata-e-recheada-de-boas-noticias\/#primaryimage"},"image":{"@id":"https:\/\/marcelolopes.jor.br\/site\/2019\/11\/13\/pre-assembleia-do-sicoob-coopemata-e-recheada-de-boas-noticias\/#primaryimage"},"thumbnailUrl":"https:\/\/marcelolopes.jor.br\/site\/wp-content\/uploads\/2019\/11\/IMG_8450.jpg","datePublished":"2019-11-13T15:00:23+00:00","dateModified":"2019-11-13T16:09:30+00:00","breadcrumb":{"@id":"https:\/\/marcelolopes.jor.br\/site\/2019\/11\/13\/pre-assembleia-do-sicoob-coopemata-e-recheada-de-boas-noticias\/#breadcrumb"},"inLanguage":"pt-BR","potentialAction":[{"@type":"ReadAction","target":["https:\/\/marcelolopes.jor.br\/site\/2019\/11\/13\/pre-assembleia-do-sicoob-coopemata-e-recheada-de-boas-noticias\/"]}]},{"@type":"ImageObject","inLanguage":"pt-BR","@id":"https:\/\/marcelolopes.jor.br\/site\/2019\/11\/13\/pre-assembleia-do-sicoob-coopemata-e-recheada-de-boas-noticias\/#primaryimage","url":"https:\/\/marcelolopes.jor.br\/site\/wp-content\/uploads\/2019\/11\/IMG_8450.jpg","contentUrl":"https:\/\/marcelolopes.jor.br\/site\/wp-content\/uploads\/2019\/11\/IMG_8450.jpg","width":800,"height":600},{"@type":"BreadcrumbList","@id":"https:\/\/marcelolopes.jor.br\/site\/2019\/11\/13\/pre-assembleia-do-sicoob-coopemata-e-recheada-de-boas-noticias\/#breadcrumb","itemListElement":[{"@type":"ListItem","position":1,"name":"Home","item":"https:\/\/marcelolopes.jor.br\/site\/"},{"@type":"ListItem","position":2,"name":"Pr\u00e9-Assembleia do Sicoob Coopemata \u00e9 recheada de boas not\u00edcias"}]},{"@type":"WebSite","@id":"https:\/\/marcelolopes.jor.br\/site\/#website","url":"https:\/\/marcelolopes.jor.br\/site\/","name":"Marcelo Lopes","description":"Not\u00edcias de Cataguases e Regi\u00e3o","publisher":{"@id":"https:\/\/marcelolopes.jor.br\/site\/#organization"},"potentialAction":[{"@type":"SearchAction","target":{"@type":"EntryPoint","urlTemplate":"https:\/\/marcelolopes.jor.br\/site\/?s={search_term_string}"},"query-input":{"@type":"PropertyValueSpecification","valueRequired":true,"valueName":"search_term_string"}}],"inLanguage":"pt-BR"},{"@type":"Organization","@id":"https:\/\/marcelolopes.jor.br\/site\/#organization","name":"Site do Marcelo Lopes","url":"https:\/\/marcelolopes.jor.br\/site\/","logo":{"@type":"ImageObject","inLanguage":"pt-BR","@id":"https:\/\/marcelolopes.jor.br\/site\/#\/schema\/logo\/image\/","url":"https:\/\/marcelolopes.jor.br\/site\/wp-content\/uploads\/2024\/11\/logo-1.png","contentUrl":"https:\/\/marcelolopes.jor.br\/site\/wp-content\/uploads\/2024\/11\/logo-1.png","width":475,"height":80,"caption":"Site do Marcelo Lopes"},"image":{"@id":"https:\/\/marcelolopes.jor.br\/site\/#\/schema\/logo\/image\/"},"sameAs":["https:\/\/www.facebook.com\/sitedomarcelolopes","https:\/\/www.instagram.com\/sitedomarcelolopes\/","https:\/\/www.linkedin.com\/company\/site-do-marcelo-lopes\/","https:\/\/www.youtube.com\/user\/marcelolopes957"]},{"@type":"Person","@id":"https:\/\/marcelolopes.jor.br\/site\/#\/schema\/person\/3e7216a35c34d8fdf952b31da3d1f89f","name":"Marcelo Lopes","sameAs":["http:\/\/www.marcelolopes.jor.br"],"url":"https:\/\/marcelolopes.jor.br\/site\/author\/marcelo\/"}]}},"wps_subtitle":"Entre as novidades est\u00e3o novos produtos, distribui\u00e7\u00e3o de sobras recorde e a campanha do bilh\u00e3o.","_links":{"self":[{"href":"https:\/\/marcelolopes.jor.br\/site\/wp-json\/wp\/v2\/posts\/8037","targetHints":{"allow":["GET"]}}],"collection":[{"href":"https:\/\/marcelolopes.jor.br\/site\/wp-json\/wp\/v2\/posts"}],"about":[{"href":"https:\/\/marcelolopes.jor.br\/site\/wp-json\/wp\/v2\/types\/post"}],"author":[{"embeddable":true,"href":"https:\/\/marcelolopes.jor.br\/site\/wp-json\/wp\/v2\/users\/2"}],"replies":[{"embeddable":true,"href":"https:\/\/marcelolopes.jor.br\/site\/wp-json\/wp\/v2\/comments?post=8037"}],"version-history":[{"count":0,"href":"https:\/\/marcelolopes.jor.br\/site\/wp-json\/wp\/v2\/posts\/8037\/revisions"}],"wp:featuredmedia":[{"embeddable":true,"href":"https:\/\/marcelolopes.jor.br\/site\/wp-json\/wp\/v2\/media\/8039"}],"wp:attachment":[{"href":"https:\/\/marcelolopes.jor.br\/site\/wp-json\/wp\/v2\/media?parent=8037"}],"wp:term":[{"taxonomy":"category","embeddable":true,"href":"https:\/\/marcelolopes.jor.br\/site\/wp-json\/wp\/v2\/categories?post=8037"},{"taxonomy":"post_tag","embeddable":true,"href":"https:\/\/marcelolopes.jor.br\/site\/wp-json\/wp\/v2\/tags?post=8037"}],"curies":[{"name":"wp","href":"https:\/\/api.w.org\/{rel}","templated":true}]}}