{"id":8023,"date":"2019-11-13T16:00:45","date_gmt":"2019-11-13T19:00:45","guid":{"rendered":"https:\/\/marcelolopes.jor.br\/?p=8023"},"modified":"2019-11-13T08:51:49","modified_gmt":"2019-11-13T11:51:49","slug":"atriz-lilia-cabral-vem-a-cataguases-para-lancar-filme-rodado-na-cidade","status":"publish","type":"post","link":"https:\/\/marcelolopes.jor.br\/site\/2019\/11\/13\/atriz-lilia-cabral-vem-a-cataguases-para-lancar-filme-rodado-na-cidade\/","title":{"rendered":"Atriz Lilia Cabral vem a Cataguases para lan\u00e7ar filme rodado na cidade"},"content":{"rendered":"<p style=\"text-align: justify;\">Destaque na programa\u00e7\u00e3o do 7\u00ba Festival Ver e Fazer Filmes, a com\u00e9dia \u201cMaria do Carit\u00f3\u201d, estrelada por Lilia Cabral, ter\u00e1 duas sess\u00f5es especiais com presen\u00e7a da protagonista: em Cataguases, no dia 19 de novembro, e em Piacatuba, no dia 20.<!--more--><\/p>\n<p style=\"text-align: justify;\">Sucesso nos cinemas nacionais desde seu lan\u00e7amento, em 31 de outubro, o longa-metragem tem dire\u00e7\u00e3o de Jo\u00e3o Paulo Jabur, com produ\u00e7\u00e3o da Eh! Filmes, do Rio de Janeiro, e coprodu\u00e7\u00e3o da Camisa Listrada BH, Globo Filmes e Afinal Filmes. \u201cMaria do Carit\u00f3\u201d, produzido no final de 2017, faz parte das grandes produ\u00e7\u00f5es cinematogr\u00e1ficas realizadas no \u00e2mbito do Polo Audiovisual da Zona da Mata mineira, por meio do patroc\u00ednio da ENERGISA atrav\u00e9s da Lei de Incentivo \u00e0 Cultura do Governo de Minas Gerais.<\/p>\n<p style=\"text-align: justify;\">O filme traz Lilia Cabral no papel da Maria do Carit\u00f3, uma mulher que chega aos 50 anos sem conseguir\u00a0 se casar, uma vez que est\u00e1 presa a uma promessa feita por seu pai a S\u00e3o Djalminha, como recompensa por t\u00ea-la salvado de um parto dif\u00edcil. Quando um circo estrangeiro chega ao local, Maria do Carit\u00f3 se enche de esperan\u00e7a de encontrar a sua alma g\u00eamea. No elenco, Kelzy Ecard,\u00a0Leopoldo Pacheco,\u00a0Gustavo Vaz,\u00a0Juliana Carneiro,\u00a0entre outros talentos.<\/p>\n<p style=\"text-align: justify;\">As belas paisagens rurais de Sinimbu e Gl\u00f3ria, distritos de Cataguases, e a charmosa Piacatuba, distrito de Leopoldina, ofereceram o cen\u00e1rio ideal para contar essa hist\u00f3ria. As filmagens envolveram diretamente mais de 100 profissionais, dentre art\u00edsticas, produtores e t\u00e9cnicos do audiovisual do Rio de Janeiro, Belo Horizonte, Cataguases e Regi\u00e3o.\u00a0Outras dezenas de pessoas, todos moradores locais, participaram tamb\u00e9m da produ\u00e7\u00e3o do filme, como elenco de apoio, figurantes ou prestadores de servi\u00e7o.<\/p>\n<p style=\"text-align: justify;\"><img loading=\"lazy\" decoding=\"async\" class=\"alignright wp-image-7905 size-medium\" src=\"https:\/\/marcelolopes.jor.br\/site\/wp-content\/uploads\/2019\/11\/Poster-Maria-Carit\u00f3-205x300.jpeg\" alt=\"\" width=\"205\" height=\"300\" srcset=\"https:\/\/marcelolopes.jor.br\/site\/wp-content\/uploads\/2019\/11\/Poster-Maria-Carit\u00f3-205x300.jpeg 205w, https:\/\/marcelolopes.jor.br\/site\/wp-content\/uploads\/2019\/11\/Poster-Maria-Carit\u00f3.jpeg 497w\" sizes=\"auto, (max-width: 205px) 100vw, 205px\" \/>Marcando a abertura do Festival o longa-metragem \u201cMaria do Carit\u00f3\u201d ser\u00e1 exibido, em Cataguases, no dia 19 de novembro, \u00e0s 19h, no audit\u00f3rio do Centro Cultural Humberto Mauro, em sess\u00e3o para convidados, em especial, para equipe local que trabalhou na produ\u00e7\u00e3o. Para quem ainda n\u00e3o viu, na cidade, o filme est\u00e1 em cartaz no Cine Ritz, situado no Shopping Bahamas, em sess\u00f5es di\u00e1rias.<\/p>\n<p style=\"text-align: justify;\">J\u00e1 no dia 20 de novembro, \u00e0s 19h, aberto ao grande p\u00fablico, o filme ser\u00e1 exibido na Pra\u00e7a Santa Cruz, em Piacatuba.<\/p>\n<p style=\"text-align: justify;\">O 7\u00ba Festival Ver e Fazer Filmes \u00e9 uma realiza\u00e7\u00e3o do Instituto Cidade de Cataguases em parceria com o Instituto F\u00e1brica do Futuro, Funda\u00e7\u00e3o Cultural Ormeo Junqueira Botelho e a Ag\u00eancia de Desenvolvimento do Polo Audiovisual da Zona da Mata de Minas Gerais, com o patroc\u00ednio da ENERGISA atrav\u00e9s da Lei Estadual de Incentivo \u00e0 Cultura da Secretaria de Estado da Cultura de Minas Gerais. O evento conta tamb\u00e9m com o apoio do Sebrae e da Prefeitura Municipal de Cataguases atrav\u00e9s da Secretaria Municipal de Cultura e Turismo e da Secretaria Municipal de Educa\u00e7\u00e3o de Cataguases.<\/p>\n<p><em>Texto: Beth Sanna &#8211; Assessoria de Comunica\u00e7\u00e3o do Polo Audiovisual da Zona da Mata.<\/em><\/p>\n<p style=\"text-align: justify;\">\n<div class=\"toksi69f75040c1b9f\" ><br><\/div><style type=\"text\/css\">\r\n@media screen and (min-width: 1201px) {\r\n.toksi69f75040c1b9f {\r\ndisplay: block;\r\n}\r\n}\r\n@media screen and (min-width: 993px) and (max-width: 1200px) {\r\n.toksi69f75040c1b9f {\r\ndisplay: block;\r\n}\r\n}\r\n@media screen and (min-width: 769px) and (max-width: 992px) {\r\n.toksi69f75040c1b9f {\r\ndisplay: block;\r\n}\r\n}\r\n@media screen and (min-width: 768px) and (max-width: 768px) {\r\n.toksi69f75040c1b9f {\r\ndisplay: block;\r\n}\r\n}\r\n@media screen and (max-width: 767px) {\r\n.toksi69f75040c1b9f {\r\ndisplay: block;\r\n}\r\n}\r\n<\/style>\r\n<div class=\"vltcf69f75040c8c97\" ><div id=\"div_destino\"><\/div>\r\n<script src=\"https:\/\/cdn.snsrsv.com\/sdk.js\"><\/script>\r\n<script >\r\n      new sdk(\"464030C30061EA8BE065000000000001\") \r\n          .appendTo(\"div_destino\")\r\n          .disableStyle(true) \r\n          .setCacheBusterMacro(\"%%CACHEBUSTER%%\")\r\n          .setSize(\"800\",\"214\")\r\n          .setClickMacro(\"%%CLICK_URL_ESC%%\") \r\n          .setReferrerUrlMacro(\"%%REFERRER_URL_ESC%%\") \r\n          .start(); \r\n<\/script><\/div><style type=\"text\/css\">\r\n@media screen and (min-width: 1201px) {\r\n.vltcf69f75040c8c97 {\r\ndisplay: block;\r\n}\r\n}\r\n@media screen and (min-width: 993px) and (max-width: 1200px) {\r\n.vltcf69f75040c8c97 {\r\ndisplay: block;\r\n}\r\n}\r\n@media screen and (min-width: 769px) and (max-width: 992px) {\r\n.vltcf69f75040c8c97 {\r\ndisplay: block;\r\n}\r\n}\r\n@media screen and (min-width: 768px) and (max-width: 768px) {\r\n.vltcf69f75040c8c97 {\r\ndisplay: block;\r\n}\r\n}\r\n@media screen and (max-width: 767px) {\r\n.vltcf69f75040c8c97 {\r\ndisplay: block;\r\n}\r\n}\r\n<\/style>\r\n","protected":false},"excerpt":{"rendered":"<p>Destaque na programa\u00e7\u00e3o do 7\u00ba Festival Ver e Fazer Filmes, a com\u00e9dia \u201cMaria do Carit\u00f3\u201d, estrelada por Lilia Cabral, ter\u00e1 duas sess\u00f5es especiais com presen\u00e7a da protagonista: em Cataguases, no dia 19 de novembro, e em Piacatuba, no dia 20.<\/p>\n","protected":false},"author":2,"featured_media":8025,"comment_status":"open","ping_status":"open","sticky":false,"template":"","format":"standard","meta":{"footnotes":""},"categories":[1],"tags":[749,1628,1613,349],"class_list":["post-8023","post","type-post","status-publish","format-standard","has-post-thumbnail","hentry","category-noticias","tag-filme","tag-lilia-cabral","tag-maria-do-carito","tag-polo-audiovisual","thumb-below-title"],"yoast_head":"<!-- This site is optimized with the Yoast SEO plugin v27.4 - https:\/\/yoast.com\/product\/yoast-seo-wordpress\/ -->\n<title>Atriz Lilia Cabral vem a Cataguases para lan\u00e7ar filme rodado na cidade | Marcelo Lopes<\/title>\n<meta name=\"robots\" content=\"index, follow, max-snippet:-1, max-image-preview:large, max-video-preview:-1\" \/>\n<link rel=\"canonical\" href=\"https:\/\/marcelolopes.jor.br\/site\/2019\/11\/13\/atriz-lilia-cabral-vem-a-cataguases-para-lancar-filme-rodado-na-cidade\/\" \/>\n<meta property=\"og:locale\" content=\"pt_BR\" \/>\n<meta property=\"og:type\" content=\"article\" \/>\n<meta property=\"og:title\" content=\"Atriz Lilia Cabral vem a Cataguases para lan\u00e7ar filme rodado na cidade | Marcelo Lopes\" \/>\n<meta property=\"og:description\" content=\"Destaque na programa\u00e7\u00e3o do 7\u00ba Festival Ver e Fazer Filmes, a com\u00e9dia \u201cMaria do Carit\u00f3\u201d, estrelada por Lilia Cabral, ter\u00e1 duas sess\u00f5es especiais com presen\u00e7a da protagonista: em Cataguases, no dia 19 de novembro, e em Piacatuba, no dia 20.\" \/>\n<meta property=\"og:url\" content=\"https:\/\/marcelolopes.jor.br\/site\/2019\/11\/13\/atriz-lilia-cabral-vem-a-cataguases-para-lancar-filme-rodado-na-cidade\/\" \/>\n<meta property=\"og:site_name\" content=\"Marcelo Lopes\" \/>\n<meta property=\"article:publisher\" content=\"https:\/\/www.facebook.com\/sitedomarcelolopes\" \/>\n<meta property=\"article:published_time\" content=\"2019-11-13T19:00:45+00:00\" \/>\n<meta property=\"og:image\" content=\"https:\/\/marcelolopes.jor.br\/site\/wp-content\/uploads\/2019\/11\/Com-uma-grande-carreira-Lilia-Cabral-ser\u00e1-homenageada-no-festival-610x407.jpg\" \/>\n\t<meta property=\"og:image:width\" content=\"610\" \/>\n\t<meta property=\"og:image:height\" content=\"407\" \/>\n\t<meta property=\"og:image:type\" content=\"image\/jpeg\" \/>\n<meta name=\"author\" content=\"Marcelo Lopes\" \/>\n<meta name=\"twitter:card\" content=\"summary_large_image\" \/>\n<meta name=\"twitter:label1\" content=\"Escrito por\" \/>\n\t<meta name=\"twitter:data1\" content=\"Marcelo Lopes\" \/>\n\t<meta name=\"twitter:label2\" content=\"Est. tempo de leitura\" \/>\n\t<meta name=\"twitter:data2\" content=\"3 minutos\" \/>\n<script type=\"application\/ld+json\" class=\"yoast-schema-graph\">{\"@context\":\"https:\\\/\\\/schema.org\",\"@graph\":[{\"@type\":\"NewsArticle\",\"@id\":\"https:\\\/\\\/marcelolopes.jor.br\\\/site\\\/2019\\\/11\\\/13\\\/atriz-lilia-cabral-vem-a-cataguases-para-lancar-filme-rodado-na-cidade\\\/#article\",\"isPartOf\":{\"@id\":\"https:\\\/\\\/marcelolopes.jor.br\\\/site\\\/2019\\\/11\\\/13\\\/atriz-lilia-cabral-vem-a-cataguases-para-lancar-filme-rodado-na-cidade\\\/\"},\"author\":{\"name\":\"Marcelo Lopes\",\"@id\":\"https:\\\/\\\/marcelolopes.jor.br\\\/site\\\/#\\\/schema\\\/person\\\/3e7216a35c34d8fdf952b31da3d1f89f\"},\"headline\":\"Atriz Lilia Cabral vem a Cataguases para lan\u00e7ar filme rodado na cidade\",\"datePublished\":\"2019-11-13T19:00:45+00:00\",\"mainEntityOfPage\":{\"@id\":\"https:\\\/\\\/marcelolopes.jor.br\\\/site\\\/2019\\\/11\\\/13\\\/atriz-lilia-cabral-vem-a-cataguases-para-lancar-filme-rodado-na-cidade\\\/\"},\"wordCount\":513,\"commentCount\":0,\"publisher\":{\"@id\":\"https:\\\/\\\/marcelolopes.jor.br\\\/site\\\/#organization\"},\"image\":{\"@id\":\"https:\\\/\\\/marcelolopes.jor.br\\\/site\\\/2019\\\/11\\\/13\\\/atriz-lilia-cabral-vem-a-cataguases-para-lancar-filme-rodado-na-cidade\\\/#primaryimage\"},\"thumbnailUrl\":\"https:\\\/\\\/marcelolopes.jor.br\\\/site\\\/wp-content\\\/uploads\\\/2019\\\/11\\\/Com-uma-grande-carreira-Lilia-Cabral-ser\u00e1-homenageada-no-festival-610x407.jpg\",\"keywords\":[\"filme\",\"Lilia Cabral\",\"Maria do Carit\u00f3\",\"Polo Audiovisual\"],\"articleSection\":[\"Not\u00edcias\"],\"inLanguage\":\"pt-BR\",\"potentialAction\":[{\"@type\":\"CommentAction\",\"name\":\"Comment\",\"target\":[\"https:\\\/\\\/marcelolopes.jor.br\\\/site\\\/2019\\\/11\\\/13\\\/atriz-lilia-cabral-vem-a-cataguases-para-lancar-filme-rodado-na-cidade\\\/#respond\"]}]},{\"@type\":\"WebPage\",\"@id\":\"https:\\\/\\\/marcelolopes.jor.br\\\/site\\\/2019\\\/11\\\/13\\\/atriz-lilia-cabral-vem-a-cataguases-para-lancar-filme-rodado-na-cidade\\\/\",\"url\":\"https:\\\/\\\/marcelolopes.jor.br\\\/site\\\/2019\\\/11\\\/13\\\/atriz-lilia-cabral-vem-a-cataguases-para-lancar-filme-rodado-na-cidade\\\/\",\"name\":\"Atriz Lilia Cabral vem a Cataguases para lan\u00e7ar filme rodado na cidade | Marcelo Lopes\",\"isPartOf\":{\"@id\":\"https:\\\/\\\/marcelolopes.jor.br\\\/site\\\/#website\"},\"primaryImageOfPage\":{\"@id\":\"https:\\\/\\\/marcelolopes.jor.br\\\/site\\\/2019\\\/11\\\/13\\\/atriz-lilia-cabral-vem-a-cataguases-para-lancar-filme-rodado-na-cidade\\\/#primaryimage\"},\"image\":{\"@id\":\"https:\\\/\\\/marcelolopes.jor.br\\\/site\\\/2019\\\/11\\\/13\\\/atriz-lilia-cabral-vem-a-cataguases-para-lancar-filme-rodado-na-cidade\\\/#primaryimage\"},\"thumbnailUrl\":\"https:\\\/\\\/marcelolopes.jor.br\\\/site\\\/wp-content\\\/uploads\\\/2019\\\/11\\\/Com-uma-grande-carreira-Lilia-Cabral-ser\u00e1-homenageada-no-festival-610x407.jpg\",\"datePublished\":\"2019-11-13T19:00:45+00:00\",\"breadcrumb\":{\"@id\":\"https:\\\/\\\/marcelolopes.jor.br\\\/site\\\/2019\\\/11\\\/13\\\/atriz-lilia-cabral-vem-a-cataguases-para-lancar-filme-rodado-na-cidade\\\/#breadcrumb\"},\"inLanguage\":\"pt-BR\",\"potentialAction\":[{\"@type\":\"ReadAction\",\"target\":[\"https:\\\/\\\/marcelolopes.jor.br\\\/site\\\/2019\\\/11\\\/13\\\/atriz-lilia-cabral-vem-a-cataguases-para-lancar-filme-rodado-na-cidade\\\/\"]}]},{\"@type\":\"ImageObject\",\"inLanguage\":\"pt-BR\",\"@id\":\"https:\\\/\\\/marcelolopes.jor.br\\\/site\\\/2019\\\/11\\\/13\\\/atriz-lilia-cabral-vem-a-cataguases-para-lancar-filme-rodado-na-cidade\\\/#primaryimage\",\"url\":\"https:\\\/\\\/marcelolopes.jor.br\\\/site\\\/wp-content\\\/uploads\\\/2019\\\/11\\\/Com-uma-grande-carreira-Lilia-Cabral-ser\u00e1-homenageada-no-festival-610x407.jpg\",\"contentUrl\":\"https:\\\/\\\/marcelolopes.jor.br\\\/site\\\/wp-content\\\/uploads\\\/2019\\\/11\\\/Com-uma-grande-carreira-Lilia-Cabral-ser\u00e1-homenageada-no-festival-610x407.jpg\",\"width\":610,\"height\":407},{\"@type\":\"BreadcrumbList\",\"@id\":\"https:\\\/\\\/marcelolopes.jor.br\\\/site\\\/2019\\\/11\\\/13\\\/atriz-lilia-cabral-vem-a-cataguases-para-lancar-filme-rodado-na-cidade\\\/#breadcrumb\",\"itemListElement\":[{\"@type\":\"ListItem\",\"position\":1,\"name\":\"Home\",\"item\":\"https:\\\/\\\/marcelolopes.jor.br\\\/site\\\/\"},{\"@type\":\"ListItem\",\"position\":2,\"name\":\"Atriz Lilia Cabral vem a Cataguases para lan\u00e7ar filme rodado na cidade\"}]},{\"@type\":\"WebSite\",\"@id\":\"https:\\\/\\\/marcelolopes.jor.br\\\/site\\\/#website\",\"url\":\"https:\\\/\\\/marcelolopes.jor.br\\\/site\\\/\",\"name\":\"Marcelo Lopes\",\"description\":\"Not\u00edcias de Cataguases e Regi\u00e3o\",\"publisher\":{\"@id\":\"https:\\\/\\\/marcelolopes.jor.br\\\/site\\\/#organization\"},\"potentialAction\":[{\"@type\":\"SearchAction\",\"target\":{\"@type\":\"EntryPoint\",\"urlTemplate\":\"https:\\\/\\\/marcelolopes.jor.br\\\/site\\\/?s={search_term_string}\"},\"query-input\":{\"@type\":\"PropertyValueSpecification\",\"valueRequired\":true,\"valueName\":\"search_term_string\"}}],\"inLanguage\":\"pt-BR\"},{\"@type\":\"Organization\",\"@id\":\"https:\\\/\\\/marcelolopes.jor.br\\\/site\\\/#organization\",\"name\":\"Site do Marcelo Lopes\",\"url\":\"https:\\\/\\\/marcelolopes.jor.br\\\/site\\\/\",\"logo\":{\"@type\":\"ImageObject\",\"inLanguage\":\"pt-BR\",\"@id\":\"https:\\\/\\\/marcelolopes.jor.br\\\/site\\\/#\\\/schema\\\/logo\\\/image\\\/\",\"url\":\"https:\\\/\\\/marcelolopes.jor.br\\\/site\\\/wp-content\\\/uploads\\\/2024\\\/11\\\/logo-1.png\",\"contentUrl\":\"https:\\\/\\\/marcelolopes.jor.br\\\/site\\\/wp-content\\\/uploads\\\/2024\\\/11\\\/logo-1.png\",\"width\":475,\"height\":80,\"caption\":\"Site do Marcelo Lopes\"},\"image\":{\"@id\":\"https:\\\/\\\/marcelolopes.jor.br\\\/site\\\/#\\\/schema\\\/logo\\\/image\\\/\"},\"sameAs\":[\"https:\\\/\\\/www.facebook.com\\\/sitedomarcelolopes\",\"https:\\\/\\\/www.instagram.com\\\/sitedomarcelolopes\\\/\",\"https:\\\/\\\/www.linkedin.com\\\/company\\\/site-do-marcelo-lopes\\\/\",\"https:\\\/\\\/www.youtube.com\\\/user\\\/marcelolopes957\"]},{\"@type\":\"Person\",\"@id\":\"https:\\\/\\\/marcelolopes.jor.br\\\/site\\\/#\\\/schema\\\/person\\\/3e7216a35c34d8fdf952b31da3d1f89f\",\"name\":\"Marcelo Lopes\",\"sameAs\":[\"http:\\\/\\\/www.marcelolopes.jor.br\"],\"url\":\"https:\\\/\\\/marcelolopes.jor.br\\\/site\\\/author\\\/marcelo\\\/\"}]}<\/script>\n<!-- \/ Yoast SEO plugin. -->","yoast_head_json":{"title":"Atriz Lilia Cabral vem a Cataguases para lan\u00e7ar filme rodado na cidade | Marcelo Lopes","robots":{"index":"index","follow":"follow","max-snippet":"max-snippet:-1","max-image-preview":"max-image-preview:large","max-video-preview":"max-video-preview:-1"},"canonical":"https:\/\/marcelolopes.jor.br\/site\/2019\/11\/13\/atriz-lilia-cabral-vem-a-cataguases-para-lancar-filme-rodado-na-cidade\/","og_locale":"pt_BR","og_type":"article","og_title":"Atriz Lilia Cabral vem a Cataguases para lan\u00e7ar filme rodado na cidade | Marcelo Lopes","og_description":"Destaque na programa\u00e7\u00e3o do 7\u00ba Festival Ver e Fazer Filmes, a com\u00e9dia \u201cMaria do Carit\u00f3\u201d, estrelada por Lilia Cabral, ter\u00e1 duas sess\u00f5es especiais com presen\u00e7a da protagonista: em Cataguases, no dia 19 de novembro, e em Piacatuba, no dia 20.","og_url":"https:\/\/marcelolopes.jor.br\/site\/2019\/11\/13\/atriz-lilia-cabral-vem-a-cataguases-para-lancar-filme-rodado-na-cidade\/","og_site_name":"Marcelo Lopes","article_publisher":"https:\/\/www.facebook.com\/sitedomarcelolopes","article_published_time":"2019-11-13T19:00:45+00:00","og_image":[{"width":610,"height":407,"url":"https:\/\/marcelolopes.jor.br\/site\/wp-content\/uploads\/2019\/11\/Com-uma-grande-carreira-Lilia-Cabral-ser\u00e1-homenageada-no-festival-610x407.jpg","type":"image\/jpeg"}],"author":"Marcelo Lopes","twitter_card":"summary_large_image","twitter_misc":{"Escrito por":"Marcelo Lopes","Est. tempo de leitura":"3 minutos"},"schema":{"@context":"https:\/\/schema.org","@graph":[{"@type":"NewsArticle","@id":"https:\/\/marcelolopes.jor.br\/site\/2019\/11\/13\/atriz-lilia-cabral-vem-a-cataguases-para-lancar-filme-rodado-na-cidade\/#article","isPartOf":{"@id":"https:\/\/marcelolopes.jor.br\/site\/2019\/11\/13\/atriz-lilia-cabral-vem-a-cataguases-para-lancar-filme-rodado-na-cidade\/"},"author":{"name":"Marcelo Lopes","@id":"https:\/\/marcelolopes.jor.br\/site\/#\/schema\/person\/3e7216a35c34d8fdf952b31da3d1f89f"},"headline":"Atriz Lilia Cabral vem a Cataguases para lan\u00e7ar filme rodado na cidade","datePublished":"2019-11-13T19:00:45+00:00","mainEntityOfPage":{"@id":"https:\/\/marcelolopes.jor.br\/site\/2019\/11\/13\/atriz-lilia-cabral-vem-a-cataguases-para-lancar-filme-rodado-na-cidade\/"},"wordCount":513,"commentCount":0,"publisher":{"@id":"https:\/\/marcelolopes.jor.br\/site\/#organization"},"image":{"@id":"https:\/\/marcelolopes.jor.br\/site\/2019\/11\/13\/atriz-lilia-cabral-vem-a-cataguases-para-lancar-filme-rodado-na-cidade\/#primaryimage"},"thumbnailUrl":"https:\/\/marcelolopes.jor.br\/site\/wp-content\/uploads\/2019\/11\/Com-uma-grande-carreira-Lilia-Cabral-ser\u00e1-homenageada-no-festival-610x407.jpg","keywords":["filme","Lilia Cabral","Maria do Carit\u00f3","Polo Audiovisual"],"articleSection":["Not\u00edcias"],"inLanguage":"pt-BR","potentialAction":[{"@type":"CommentAction","name":"Comment","target":["https:\/\/marcelolopes.jor.br\/site\/2019\/11\/13\/atriz-lilia-cabral-vem-a-cataguases-para-lancar-filme-rodado-na-cidade\/#respond"]}]},{"@type":"WebPage","@id":"https:\/\/marcelolopes.jor.br\/site\/2019\/11\/13\/atriz-lilia-cabral-vem-a-cataguases-para-lancar-filme-rodado-na-cidade\/","url":"https:\/\/marcelolopes.jor.br\/site\/2019\/11\/13\/atriz-lilia-cabral-vem-a-cataguases-para-lancar-filme-rodado-na-cidade\/","name":"Atriz Lilia Cabral vem a Cataguases para lan\u00e7ar filme rodado na cidade | Marcelo Lopes","isPartOf":{"@id":"https:\/\/marcelolopes.jor.br\/site\/#website"},"primaryImageOfPage":{"@id":"https:\/\/marcelolopes.jor.br\/site\/2019\/11\/13\/atriz-lilia-cabral-vem-a-cataguases-para-lancar-filme-rodado-na-cidade\/#primaryimage"},"image":{"@id":"https:\/\/marcelolopes.jor.br\/site\/2019\/11\/13\/atriz-lilia-cabral-vem-a-cataguases-para-lancar-filme-rodado-na-cidade\/#primaryimage"},"thumbnailUrl":"https:\/\/marcelolopes.jor.br\/site\/wp-content\/uploads\/2019\/11\/Com-uma-grande-carreira-Lilia-Cabral-ser\u00e1-homenageada-no-festival-610x407.jpg","datePublished":"2019-11-13T19:00:45+00:00","breadcrumb":{"@id":"https:\/\/marcelolopes.jor.br\/site\/2019\/11\/13\/atriz-lilia-cabral-vem-a-cataguases-para-lancar-filme-rodado-na-cidade\/#breadcrumb"},"inLanguage":"pt-BR","potentialAction":[{"@type":"ReadAction","target":["https:\/\/marcelolopes.jor.br\/site\/2019\/11\/13\/atriz-lilia-cabral-vem-a-cataguases-para-lancar-filme-rodado-na-cidade\/"]}]},{"@type":"ImageObject","inLanguage":"pt-BR","@id":"https:\/\/marcelolopes.jor.br\/site\/2019\/11\/13\/atriz-lilia-cabral-vem-a-cataguases-para-lancar-filme-rodado-na-cidade\/#primaryimage","url":"https:\/\/marcelolopes.jor.br\/site\/wp-content\/uploads\/2019\/11\/Com-uma-grande-carreira-Lilia-Cabral-ser\u00e1-homenageada-no-festival-610x407.jpg","contentUrl":"https:\/\/marcelolopes.jor.br\/site\/wp-content\/uploads\/2019\/11\/Com-uma-grande-carreira-Lilia-Cabral-ser\u00e1-homenageada-no-festival-610x407.jpg","width":610,"height":407},{"@type":"BreadcrumbList","@id":"https:\/\/marcelolopes.jor.br\/site\/2019\/11\/13\/atriz-lilia-cabral-vem-a-cataguases-para-lancar-filme-rodado-na-cidade\/#breadcrumb","itemListElement":[{"@type":"ListItem","position":1,"name":"Home","item":"https:\/\/marcelolopes.jor.br\/site\/"},{"@type":"ListItem","position":2,"name":"Atriz Lilia Cabral vem a Cataguases para lan\u00e7ar filme rodado na cidade"}]},{"@type":"WebSite","@id":"https:\/\/marcelolopes.jor.br\/site\/#website","url":"https:\/\/marcelolopes.jor.br\/site\/","name":"Marcelo Lopes","description":"Not\u00edcias de Cataguases e Regi\u00e3o","publisher":{"@id":"https:\/\/marcelolopes.jor.br\/site\/#organization"},"potentialAction":[{"@type":"SearchAction","target":{"@type":"EntryPoint","urlTemplate":"https:\/\/marcelolopes.jor.br\/site\/?s={search_term_string}"},"query-input":{"@type":"PropertyValueSpecification","valueRequired":true,"valueName":"search_term_string"}}],"inLanguage":"pt-BR"},{"@type":"Organization","@id":"https:\/\/marcelolopes.jor.br\/site\/#organization","name":"Site do Marcelo Lopes","url":"https:\/\/marcelolopes.jor.br\/site\/","logo":{"@type":"ImageObject","inLanguage":"pt-BR","@id":"https:\/\/marcelolopes.jor.br\/site\/#\/schema\/logo\/image\/","url":"https:\/\/marcelolopes.jor.br\/site\/wp-content\/uploads\/2024\/11\/logo-1.png","contentUrl":"https:\/\/marcelolopes.jor.br\/site\/wp-content\/uploads\/2024\/11\/logo-1.png","width":475,"height":80,"caption":"Site do Marcelo Lopes"},"image":{"@id":"https:\/\/marcelolopes.jor.br\/site\/#\/schema\/logo\/image\/"},"sameAs":["https:\/\/www.facebook.com\/sitedomarcelolopes","https:\/\/www.instagram.com\/sitedomarcelolopes\/","https:\/\/www.linkedin.com\/company\/site-do-marcelo-lopes\/","https:\/\/www.youtube.com\/user\/marcelolopes957"]},{"@type":"Person","@id":"https:\/\/marcelolopes.jor.br\/site\/#\/schema\/person\/3e7216a35c34d8fdf952b31da3d1f89f","name":"Marcelo Lopes","sameAs":["http:\/\/www.marcelolopes.jor.br"],"url":"https:\/\/marcelolopes.jor.br\/site\/author\/marcelo\/"}]}},"wps_subtitle":"Ela fez a com\u00e9dia Maria do Carit\u00f3 em 2017 atrav\u00e9s do Polo Audiovisual da Zona da Mata.","_links":{"self":[{"href":"https:\/\/marcelolopes.jor.br\/site\/wp-json\/wp\/v2\/posts\/8023","targetHints":{"allow":["GET"]}}],"collection":[{"href":"https:\/\/marcelolopes.jor.br\/site\/wp-json\/wp\/v2\/posts"}],"about":[{"href":"https:\/\/marcelolopes.jor.br\/site\/wp-json\/wp\/v2\/types\/post"}],"author":[{"embeddable":true,"href":"https:\/\/marcelolopes.jor.br\/site\/wp-json\/wp\/v2\/users\/2"}],"replies":[{"embeddable":true,"href":"https:\/\/marcelolopes.jor.br\/site\/wp-json\/wp\/v2\/comments?post=8023"}],"version-history":[{"count":0,"href":"https:\/\/marcelolopes.jor.br\/site\/wp-json\/wp\/v2\/posts\/8023\/revisions"}],"wp:featuredmedia":[{"embeddable":true,"href":"https:\/\/marcelolopes.jor.br\/site\/wp-json\/wp\/v2\/media\/8025"}],"wp:attachment":[{"href":"https:\/\/marcelolopes.jor.br\/site\/wp-json\/wp\/v2\/media?parent=8023"}],"wp:term":[{"taxonomy":"category","embeddable":true,"href":"https:\/\/marcelolopes.jor.br\/site\/wp-json\/wp\/v2\/categories?post=8023"},{"taxonomy":"post_tag","embeddable":true,"href":"https:\/\/marcelolopes.jor.br\/site\/wp-json\/wp\/v2\/tags?post=8023"}],"curies":[{"name":"wp","href":"https:\/\/api.w.org\/{rel}","templated":true}]}}