{"id":7991,"date":"2019-11-12T12:00:50","date_gmt":"2019-11-12T15:00:50","guid":{"rendered":"https:\/\/marcelolopes.jor.br\/?p=7991"},"modified":"2019-11-12T11:42:12","modified_gmt":"2019-11-12T14:42:12","slug":"policia-militar-prende-suspeitos-de-furto-de-materiais","status":"publish","type":"post","link":"https:\/\/marcelolopes.jor.br\/site\/2019\/11\/12\/policia-militar-prende-suspeitos-de-furto-de-materiais\/","title":{"rendered":"Pol\u00edcia Militar prende suspeitos de furto de materiais"},"content":{"rendered":"<p style=\"text-align: justify;\">A Pol\u00edcia Militar em Cataguases recebeu den\u00fancias na noite desta segunda-feira, 11 de novembro, atrav\u00e9s do telefone 190 que estava sendo operado pelo cabo Fran\u00e7a na Sala de Opera\u00e7\u00f5es da Fra\u00e7\u00e3o (SOF), apontando dois indiv\u00edduos suspeitos de terem furtado materiais em uma esta\u00e7\u00e3o de servi\u00e7o da Copasa situada no Bairro Bom Pastor. O local, recentemente, foi alvo de outra a\u00e7\u00e3o criminosa. Desta, vez, conforme o registro policial, os suspeitos, chegaram no recinto em um ve\u00edculo Chevette marrom e, ap\u00f3s cometerem o crime, fugiram em dire\u00e7\u00e3o \u00e0 Vila Minalda.<!--more--><\/p>\n<p style=\"text-align: justify;\"><img loading=\"lazy\" decoding=\"async\" class=\"alignright wp-image-7994 size-medium\" src=\"https:\/\/marcelolopes.jor.br\/site\/wp-content\/uploads\/2019\/11\/WhatsApp-Image-2019-11-12-at-07.49.14-225x300.jpeg\" alt=\"\" width=\"225\" height=\"300\" srcset=\"https:\/\/marcelolopes.jor.br\/site\/wp-content\/uploads\/2019\/11\/WhatsApp-Image-2019-11-12-at-07.49.14-225x300.jpeg 225w, https:\/\/marcelolopes.jor.br\/site\/wp-content\/uploads\/2019\/11\/WhatsApp-Image-2019-11-12-at-07.49.14-768x1024.jpeg 768w, https:\/\/marcelolopes.jor.br\/site\/wp-content\/uploads\/2019\/11\/WhatsApp-Image-2019-11-12-at-07.49.14-900x1200.jpeg 900w, https:\/\/marcelolopes.jor.br\/site\/wp-content\/uploads\/2019\/11\/WhatsApp-Image-2019-11-12-at-07.49.14.jpeg 960w\" sizes=\"auto, (max-width: 225px) 100vw, 225px\" \/>Os militares sargento Alexandre e cabo Renam, que assumiram o caso, fizeram rastreamentos nas imedia\u00e7\u00f5es e, pouco tempo depois, localizaram o ve\u00edculo suspeito na Rua dos Oper\u00e1rios, que foi interceptado e feita a abordagem junto aos dois homens que estavam em seu interior, com idades de 30 e 31 anos. Com eles nada de il\u00edcito foi encontrado, mas dentro do carro havia grande quantidade de fios de cobre, cujo valor foi estimado em R$ 1.000,00; ferramentas do tipo alicate universal, chaves Philips e de fenda, arco de serra, picareta e uma p\u00e1, objetos estes que teriam sido utilizados para cometerem o furto.<\/p>\n<p style=\"text-align: justify;\">Em seguida os militares entraram em contato com um funcion\u00e1rio da Copasa que os levou at\u00e9 o local onde aconteceu o furto e l\u00e1 constataram que os autores, ap\u00f3s cortarem o cadeado do port\u00e3o principal, entraram no recinto e perceberam a falta de v\u00e1rios materiais. Os policiais apreenderam o Chevette que foi removido ao p\u00e1tio credenciado do Detran-MG no munic\u00edpio, recuperaram os materiais furtados e conduziram os dois supostos autores at\u00e9 \u00e0 Delegacia Regional de Pol\u00edcia Civil em Leopoldina onde prestaram depoimento.<\/p>\n<div class=\"sorkz69f7263a436d1\" ><br><\/div><style type=\"text\/css\">\r\n@media screen and (min-width: 1201px) {\r\n.sorkz69f7263a436d1 {\r\ndisplay: block;\r\n}\r\n}\r\n@media screen and (min-width: 993px) and (max-width: 1200px) {\r\n.sorkz69f7263a436d1 {\r\ndisplay: block;\r\n}\r\n}\r\n@media screen and (min-width: 769px) and (max-width: 992px) {\r\n.sorkz69f7263a436d1 {\r\ndisplay: block;\r\n}\r\n}\r\n@media screen and (min-width: 768px) and (max-width: 768px) {\r\n.sorkz69f7263a436d1 {\r\ndisplay: block;\r\n}\r\n}\r\n@media screen and (max-width: 767px) {\r\n.sorkz69f7263a436d1 {\r\ndisplay: block;\r\n}\r\n}\r\n<\/style>\r\n<div class=\"yhunh69f7263a48eba\" ><div id=\"div_destino\"><\/div>\r\n<script src=\"https:\/\/cdn.snsrsv.com\/sdk.js\"><\/script>\r\n<script >\r\n      new sdk(\"464030C30061EA8BE065000000000001\") \r\n          .appendTo(\"div_destino\")\r\n          .disableStyle(true) \r\n          .setCacheBusterMacro(\"%%CACHEBUSTER%%\")\r\n          .setSize(\"800\",\"214\")\r\n          .setClickMacro(\"%%CLICK_URL_ESC%%\") \r\n          .setReferrerUrlMacro(\"%%REFERRER_URL_ESC%%\") \r\n          .start(); \r\n<\/script><\/div><style type=\"text\/css\">\r\n@media screen and (min-width: 1201px) {\r\n.yhunh69f7263a48eba {\r\ndisplay: block;\r\n}\r\n}\r\n@media screen and (min-width: 993px) and (max-width: 1200px) {\r\n.yhunh69f7263a48eba {\r\ndisplay: block;\r\n}\r\n}\r\n@media screen and (min-width: 769px) and (max-width: 992px) {\r\n.yhunh69f7263a48eba {\r\ndisplay: block;\r\n}\r\n}\r\n@media screen and (min-width: 768px) and (max-width: 768px) {\r\n.yhunh69f7263a48eba {\r\ndisplay: block;\r\n}\r\n}\r\n@media screen and (max-width: 767px) {\r\n.yhunh69f7263a48eba {\r\ndisplay: block;\r\n}\r\n}\r\n<\/style>\r\n","protected":false},"excerpt":{"rendered":"<p>A Pol\u00edcia Militar em Cataguases recebeu den\u00fancias na noite desta segunda-feira, 11 de novembro, atrav\u00e9s do telefone 190 que estava sendo operado pelo cabo Fran\u00e7a na Sala de Opera\u00e7\u00f5es da Fra\u00e7\u00e3o (SOF), apontando dois indiv\u00edduos suspeitos de terem furtado materiais<\/p>\n<p class=\"link-more\"><a class=\"more-link\" href=\"https:\/\/marcelolopes.jor.br\/site\/2019\/11\/12\/policia-militar-prende-suspeitos-de-furto-de-materiais\/\">Leia mais <span class=\"screen-reader-text\">Pol\u00edcia Militar prende suspeitos de furto de materiais<\/span><\/a><\/p>\n","protected":false},"author":2,"featured_media":7993,"comment_status":"open","ping_status":"open","sticky":false,"template":"","format":"standard","meta":{"footnotes":""},"categories":[1],"tags":[862,1622,100,77],"class_list":["post-7991","post","type-post","status-publish","format-standard","has-post-thumbnail","hentry","category-noticias","tag-copasa","tag-fios-e-cabos","tag-furto","tag-prisao","thumb-below-title"],"yoast_head":"<!-- This site is optimized with the Yoast SEO plugin v27.4 - https:\/\/yoast.com\/product\/yoast-seo-wordpress\/ -->\n<title>Pol\u00edcia Militar prende suspeitos de furto de materiais | Marcelo Lopes<\/title>\n<meta name=\"robots\" content=\"index, follow, max-snippet:-1, max-image-preview:large, max-video-preview:-1\" \/>\n<link rel=\"canonical\" href=\"https:\/\/marcelolopes.jor.br\/site\/2019\/11\/12\/policia-militar-prende-suspeitos-de-furto-de-materiais\/\" \/>\n<meta property=\"og:locale\" content=\"pt_BR\" \/>\n<meta property=\"og:type\" content=\"article\" \/>\n<meta property=\"og:title\" content=\"Pol\u00edcia Militar prende suspeitos de furto de materiais | Marcelo Lopes\" \/>\n<meta property=\"og:description\" content=\"A Pol\u00edcia Militar em Cataguases recebeu den\u00fancias na noite desta segunda-feira, 11 de novembro, atrav\u00e9s do telefone 190 que estava sendo operado pelo cabo Fran\u00e7a na Sala de Opera\u00e7\u00f5es da Fra\u00e7\u00e3o (SOF), apontando dois indiv\u00edduos suspeitos de terem furtado materiaisLeia mais Pol\u00edcia Militar prende suspeitos de furto de materiais\" \/>\n<meta property=\"og:url\" content=\"https:\/\/marcelolopes.jor.br\/site\/2019\/11\/12\/policia-militar-prende-suspeitos-de-furto-de-materiais\/\" \/>\n<meta property=\"og:site_name\" content=\"Marcelo Lopes\" \/>\n<meta property=\"article:publisher\" content=\"https:\/\/www.facebook.com\/sitedomarcelolopes\" \/>\n<meta property=\"article:published_time\" content=\"2019-11-12T15:00:50+00:00\" \/>\n<meta property=\"og:image\" content=\"https:\/\/marcelolopes.jor.br\/site\/wp-content\/uploads\/2019\/11\/materiais.jpg\" \/>\n\t<meta property=\"og:image:width\" content=\"800\" \/>\n\t<meta property=\"og:image:height\" content=\"598\" \/>\n\t<meta property=\"og:image:type\" content=\"image\/jpeg\" \/>\n<meta name=\"author\" content=\"Marcelo Lopes\" \/>\n<meta name=\"twitter:card\" content=\"summary_large_image\" \/>\n<meta name=\"twitter:label1\" content=\"Escrito por\" \/>\n\t<meta name=\"twitter:data1\" content=\"Marcelo Lopes\" \/>\n\t<meta name=\"twitter:label2\" content=\"Est. tempo de leitura\" \/>\n\t<meta name=\"twitter:data2\" content=\"1 minuto\" \/>\n<script type=\"application\/ld+json\" class=\"yoast-schema-graph\">{\"@context\":\"https:\\\/\\\/schema.org\",\"@graph\":[{\"@type\":\"NewsArticle\",\"@id\":\"https:\\\/\\\/marcelolopes.jor.br\\\/site\\\/2019\\\/11\\\/12\\\/policia-militar-prende-suspeitos-de-furto-de-materiais\\\/#article\",\"isPartOf\":{\"@id\":\"https:\\\/\\\/marcelolopes.jor.br\\\/site\\\/2019\\\/11\\\/12\\\/policia-militar-prende-suspeitos-de-furto-de-materiais\\\/\"},\"author\":{\"name\":\"Marcelo Lopes\",\"@id\":\"https:\\\/\\\/marcelolopes.jor.br\\\/site\\\/#\\\/schema\\\/person\\\/3e7216a35c34d8fdf952b31da3d1f89f\"},\"headline\":\"Pol\u00edcia Militar prende suspeitos de furto de materiais\",\"datePublished\":\"2019-11-12T15:00:50+00:00\",\"mainEntityOfPage\":{\"@id\":\"https:\\\/\\\/marcelolopes.jor.br\\\/site\\\/2019\\\/11\\\/12\\\/policia-militar-prende-suspeitos-de-furto-de-materiais\\\/\"},\"wordCount\":298,\"commentCount\":0,\"publisher\":{\"@id\":\"https:\\\/\\\/marcelolopes.jor.br\\\/site\\\/#organization\"},\"image\":{\"@id\":\"https:\\\/\\\/marcelolopes.jor.br\\\/site\\\/2019\\\/11\\\/12\\\/policia-militar-prende-suspeitos-de-furto-de-materiais\\\/#primaryimage\"},\"thumbnailUrl\":\"https:\\\/\\\/marcelolopes.jor.br\\\/site\\\/wp-content\\\/uploads\\\/2019\\\/11\\\/materiais.jpg\",\"keywords\":[\"Copasa\",\"fios e cabos\",\"furto\",\"pris\u00e3o\"],\"articleSection\":[\"Not\u00edcias\"],\"inLanguage\":\"pt-BR\",\"potentialAction\":[{\"@type\":\"CommentAction\",\"name\":\"Comment\",\"target\":[\"https:\\\/\\\/marcelolopes.jor.br\\\/site\\\/2019\\\/11\\\/12\\\/policia-militar-prende-suspeitos-de-furto-de-materiais\\\/#respond\"]}]},{\"@type\":\"WebPage\",\"@id\":\"https:\\\/\\\/marcelolopes.jor.br\\\/site\\\/2019\\\/11\\\/12\\\/policia-militar-prende-suspeitos-de-furto-de-materiais\\\/\",\"url\":\"https:\\\/\\\/marcelolopes.jor.br\\\/site\\\/2019\\\/11\\\/12\\\/policia-militar-prende-suspeitos-de-furto-de-materiais\\\/\",\"name\":\"Pol\u00edcia Militar prende suspeitos de furto de materiais | Marcelo Lopes\",\"isPartOf\":{\"@id\":\"https:\\\/\\\/marcelolopes.jor.br\\\/site\\\/#website\"},\"primaryImageOfPage\":{\"@id\":\"https:\\\/\\\/marcelolopes.jor.br\\\/site\\\/2019\\\/11\\\/12\\\/policia-militar-prende-suspeitos-de-furto-de-materiais\\\/#primaryimage\"},\"image\":{\"@id\":\"https:\\\/\\\/marcelolopes.jor.br\\\/site\\\/2019\\\/11\\\/12\\\/policia-militar-prende-suspeitos-de-furto-de-materiais\\\/#primaryimage\"},\"thumbnailUrl\":\"https:\\\/\\\/marcelolopes.jor.br\\\/site\\\/wp-content\\\/uploads\\\/2019\\\/11\\\/materiais.jpg\",\"datePublished\":\"2019-11-12T15:00:50+00:00\",\"breadcrumb\":{\"@id\":\"https:\\\/\\\/marcelolopes.jor.br\\\/site\\\/2019\\\/11\\\/12\\\/policia-militar-prende-suspeitos-de-furto-de-materiais\\\/#breadcrumb\"},\"inLanguage\":\"pt-BR\",\"potentialAction\":[{\"@type\":\"ReadAction\",\"target\":[\"https:\\\/\\\/marcelolopes.jor.br\\\/site\\\/2019\\\/11\\\/12\\\/policia-militar-prende-suspeitos-de-furto-de-materiais\\\/\"]}]},{\"@type\":\"ImageObject\",\"inLanguage\":\"pt-BR\",\"@id\":\"https:\\\/\\\/marcelolopes.jor.br\\\/site\\\/2019\\\/11\\\/12\\\/policia-militar-prende-suspeitos-de-furto-de-materiais\\\/#primaryimage\",\"url\":\"https:\\\/\\\/marcelolopes.jor.br\\\/site\\\/wp-content\\\/uploads\\\/2019\\\/11\\\/materiais.jpg\",\"contentUrl\":\"https:\\\/\\\/marcelolopes.jor.br\\\/site\\\/wp-content\\\/uploads\\\/2019\\\/11\\\/materiais.jpg\",\"width\":800,\"height\":598},{\"@type\":\"BreadcrumbList\",\"@id\":\"https:\\\/\\\/marcelolopes.jor.br\\\/site\\\/2019\\\/11\\\/12\\\/policia-militar-prende-suspeitos-de-furto-de-materiais\\\/#breadcrumb\",\"itemListElement\":[{\"@type\":\"ListItem\",\"position\":1,\"name\":\"Home\",\"item\":\"https:\\\/\\\/marcelolopes.jor.br\\\/site\\\/\"},{\"@type\":\"ListItem\",\"position\":2,\"name\":\"Pol\u00edcia Militar prende suspeitos de furto de materiais\"}]},{\"@type\":\"WebSite\",\"@id\":\"https:\\\/\\\/marcelolopes.jor.br\\\/site\\\/#website\",\"url\":\"https:\\\/\\\/marcelolopes.jor.br\\\/site\\\/\",\"name\":\"Marcelo Lopes\",\"description\":\"Not\u00edcias de Cataguases e Regi\u00e3o\",\"publisher\":{\"@id\":\"https:\\\/\\\/marcelolopes.jor.br\\\/site\\\/#organization\"},\"potentialAction\":[{\"@type\":\"SearchAction\",\"target\":{\"@type\":\"EntryPoint\",\"urlTemplate\":\"https:\\\/\\\/marcelolopes.jor.br\\\/site\\\/?s={search_term_string}\"},\"query-input\":{\"@type\":\"PropertyValueSpecification\",\"valueRequired\":true,\"valueName\":\"search_term_string\"}}],\"inLanguage\":\"pt-BR\"},{\"@type\":\"Organization\",\"@id\":\"https:\\\/\\\/marcelolopes.jor.br\\\/site\\\/#organization\",\"name\":\"Site do Marcelo Lopes\",\"url\":\"https:\\\/\\\/marcelolopes.jor.br\\\/site\\\/\",\"logo\":{\"@type\":\"ImageObject\",\"inLanguage\":\"pt-BR\",\"@id\":\"https:\\\/\\\/marcelolopes.jor.br\\\/site\\\/#\\\/schema\\\/logo\\\/image\\\/\",\"url\":\"https:\\\/\\\/marcelolopes.jor.br\\\/site\\\/wp-content\\\/uploads\\\/2024\\\/11\\\/logo-1.png\",\"contentUrl\":\"https:\\\/\\\/marcelolopes.jor.br\\\/site\\\/wp-content\\\/uploads\\\/2024\\\/11\\\/logo-1.png\",\"width\":475,\"height\":80,\"caption\":\"Site do Marcelo Lopes\"},\"image\":{\"@id\":\"https:\\\/\\\/marcelolopes.jor.br\\\/site\\\/#\\\/schema\\\/logo\\\/image\\\/\"},\"sameAs\":[\"https:\\\/\\\/www.facebook.com\\\/sitedomarcelolopes\",\"https:\\\/\\\/www.instagram.com\\\/sitedomarcelolopes\\\/\",\"https:\\\/\\\/www.linkedin.com\\\/company\\\/site-do-marcelo-lopes\\\/\",\"https:\\\/\\\/www.youtube.com\\\/user\\\/marcelolopes957\"]},{\"@type\":\"Person\",\"@id\":\"https:\\\/\\\/marcelolopes.jor.br\\\/site\\\/#\\\/schema\\\/person\\\/3e7216a35c34d8fdf952b31da3d1f89f\",\"name\":\"Marcelo Lopes\",\"sameAs\":[\"http:\\\/\\\/www.marcelolopes.jor.br\"],\"url\":\"https:\\\/\\\/marcelolopes.jor.br\\\/site\\\/author\\\/marcelo\\\/\"}]}<\/script>\n<!-- \/ Yoast SEO plugin. -->","yoast_head_json":{"title":"Pol\u00edcia Militar prende suspeitos de furto de materiais | Marcelo Lopes","robots":{"index":"index","follow":"follow","max-snippet":"max-snippet:-1","max-image-preview":"max-image-preview:large","max-video-preview":"max-video-preview:-1"},"canonical":"https:\/\/marcelolopes.jor.br\/site\/2019\/11\/12\/policia-militar-prende-suspeitos-de-furto-de-materiais\/","og_locale":"pt_BR","og_type":"article","og_title":"Pol\u00edcia Militar prende suspeitos de furto de materiais | Marcelo Lopes","og_description":"A Pol\u00edcia Militar em Cataguases recebeu den\u00fancias na noite desta segunda-feira, 11 de novembro, atrav\u00e9s do telefone 190 que estava sendo operado pelo cabo Fran\u00e7a na Sala de Opera\u00e7\u00f5es da Fra\u00e7\u00e3o (SOF), apontando dois indiv\u00edduos suspeitos de terem furtado materiaisLeia mais Pol\u00edcia Militar prende suspeitos de furto de materiais","og_url":"https:\/\/marcelolopes.jor.br\/site\/2019\/11\/12\/policia-militar-prende-suspeitos-de-furto-de-materiais\/","og_site_name":"Marcelo Lopes","article_publisher":"https:\/\/www.facebook.com\/sitedomarcelolopes","article_published_time":"2019-11-12T15:00:50+00:00","og_image":[{"width":800,"height":598,"url":"https:\/\/marcelolopes.jor.br\/site\/wp-content\/uploads\/2019\/11\/materiais.jpg","type":"image\/jpeg"}],"author":"Marcelo Lopes","twitter_card":"summary_large_image","twitter_misc":{"Escrito por":"Marcelo Lopes","Est. tempo de leitura":"1 minuto"},"schema":{"@context":"https:\/\/schema.org","@graph":[{"@type":"NewsArticle","@id":"https:\/\/marcelolopes.jor.br\/site\/2019\/11\/12\/policia-militar-prende-suspeitos-de-furto-de-materiais\/#article","isPartOf":{"@id":"https:\/\/marcelolopes.jor.br\/site\/2019\/11\/12\/policia-militar-prende-suspeitos-de-furto-de-materiais\/"},"author":{"name":"Marcelo Lopes","@id":"https:\/\/marcelolopes.jor.br\/site\/#\/schema\/person\/3e7216a35c34d8fdf952b31da3d1f89f"},"headline":"Pol\u00edcia Militar prende suspeitos de furto de materiais","datePublished":"2019-11-12T15:00:50+00:00","mainEntityOfPage":{"@id":"https:\/\/marcelolopes.jor.br\/site\/2019\/11\/12\/policia-militar-prende-suspeitos-de-furto-de-materiais\/"},"wordCount":298,"commentCount":0,"publisher":{"@id":"https:\/\/marcelolopes.jor.br\/site\/#organization"},"image":{"@id":"https:\/\/marcelolopes.jor.br\/site\/2019\/11\/12\/policia-militar-prende-suspeitos-de-furto-de-materiais\/#primaryimage"},"thumbnailUrl":"https:\/\/marcelolopes.jor.br\/site\/wp-content\/uploads\/2019\/11\/materiais.jpg","keywords":["Copasa","fios e cabos","furto","pris\u00e3o"],"articleSection":["Not\u00edcias"],"inLanguage":"pt-BR","potentialAction":[{"@type":"CommentAction","name":"Comment","target":["https:\/\/marcelolopes.jor.br\/site\/2019\/11\/12\/policia-militar-prende-suspeitos-de-furto-de-materiais\/#respond"]}]},{"@type":"WebPage","@id":"https:\/\/marcelolopes.jor.br\/site\/2019\/11\/12\/policia-militar-prende-suspeitos-de-furto-de-materiais\/","url":"https:\/\/marcelolopes.jor.br\/site\/2019\/11\/12\/policia-militar-prende-suspeitos-de-furto-de-materiais\/","name":"Pol\u00edcia Militar prende suspeitos de furto de materiais | Marcelo Lopes","isPartOf":{"@id":"https:\/\/marcelolopes.jor.br\/site\/#website"},"primaryImageOfPage":{"@id":"https:\/\/marcelolopes.jor.br\/site\/2019\/11\/12\/policia-militar-prende-suspeitos-de-furto-de-materiais\/#primaryimage"},"image":{"@id":"https:\/\/marcelolopes.jor.br\/site\/2019\/11\/12\/policia-militar-prende-suspeitos-de-furto-de-materiais\/#primaryimage"},"thumbnailUrl":"https:\/\/marcelolopes.jor.br\/site\/wp-content\/uploads\/2019\/11\/materiais.jpg","datePublished":"2019-11-12T15:00:50+00:00","breadcrumb":{"@id":"https:\/\/marcelolopes.jor.br\/site\/2019\/11\/12\/policia-militar-prende-suspeitos-de-furto-de-materiais\/#breadcrumb"},"inLanguage":"pt-BR","potentialAction":[{"@type":"ReadAction","target":["https:\/\/marcelolopes.jor.br\/site\/2019\/11\/12\/policia-militar-prende-suspeitos-de-furto-de-materiais\/"]}]},{"@type":"ImageObject","inLanguage":"pt-BR","@id":"https:\/\/marcelolopes.jor.br\/site\/2019\/11\/12\/policia-militar-prende-suspeitos-de-furto-de-materiais\/#primaryimage","url":"https:\/\/marcelolopes.jor.br\/site\/wp-content\/uploads\/2019\/11\/materiais.jpg","contentUrl":"https:\/\/marcelolopes.jor.br\/site\/wp-content\/uploads\/2019\/11\/materiais.jpg","width":800,"height":598},{"@type":"BreadcrumbList","@id":"https:\/\/marcelolopes.jor.br\/site\/2019\/11\/12\/policia-militar-prende-suspeitos-de-furto-de-materiais\/#breadcrumb","itemListElement":[{"@type":"ListItem","position":1,"name":"Home","item":"https:\/\/marcelolopes.jor.br\/site\/"},{"@type":"ListItem","position":2,"name":"Pol\u00edcia Militar prende suspeitos de furto de materiais"}]},{"@type":"WebSite","@id":"https:\/\/marcelolopes.jor.br\/site\/#website","url":"https:\/\/marcelolopes.jor.br\/site\/","name":"Marcelo Lopes","description":"Not\u00edcias de Cataguases e Regi\u00e3o","publisher":{"@id":"https:\/\/marcelolopes.jor.br\/site\/#organization"},"potentialAction":[{"@type":"SearchAction","target":{"@type":"EntryPoint","urlTemplate":"https:\/\/marcelolopes.jor.br\/site\/?s={search_term_string}"},"query-input":{"@type":"PropertyValueSpecification","valueRequired":true,"valueName":"search_term_string"}}],"inLanguage":"pt-BR"},{"@type":"Organization","@id":"https:\/\/marcelolopes.jor.br\/site\/#organization","name":"Site do Marcelo Lopes","url":"https:\/\/marcelolopes.jor.br\/site\/","logo":{"@type":"ImageObject","inLanguage":"pt-BR","@id":"https:\/\/marcelolopes.jor.br\/site\/#\/schema\/logo\/image\/","url":"https:\/\/marcelolopes.jor.br\/site\/wp-content\/uploads\/2024\/11\/logo-1.png","contentUrl":"https:\/\/marcelolopes.jor.br\/site\/wp-content\/uploads\/2024\/11\/logo-1.png","width":475,"height":80,"caption":"Site do Marcelo Lopes"},"image":{"@id":"https:\/\/marcelolopes.jor.br\/site\/#\/schema\/logo\/image\/"},"sameAs":["https:\/\/www.facebook.com\/sitedomarcelolopes","https:\/\/www.instagram.com\/sitedomarcelolopes\/","https:\/\/www.linkedin.com\/company\/site-do-marcelo-lopes\/","https:\/\/www.youtube.com\/user\/marcelolopes957"]},{"@type":"Person","@id":"https:\/\/marcelolopes.jor.br\/site\/#\/schema\/person\/3e7216a35c34d8fdf952b31da3d1f89f","name":"Marcelo Lopes","sameAs":["http:\/\/www.marcelolopes.jor.br"],"url":"https:\/\/marcelolopes.jor.br\/site\/author\/marcelo\/"}]}},"wps_subtitle":"Desta vez o alvo foi uma esta\u00e7\u00e3o da Copasa. Materiais foram recuperados.","_links":{"self":[{"href":"https:\/\/marcelolopes.jor.br\/site\/wp-json\/wp\/v2\/posts\/7991","targetHints":{"allow":["GET"]}}],"collection":[{"href":"https:\/\/marcelolopes.jor.br\/site\/wp-json\/wp\/v2\/posts"}],"about":[{"href":"https:\/\/marcelolopes.jor.br\/site\/wp-json\/wp\/v2\/types\/post"}],"author":[{"embeddable":true,"href":"https:\/\/marcelolopes.jor.br\/site\/wp-json\/wp\/v2\/users\/2"}],"replies":[{"embeddable":true,"href":"https:\/\/marcelolopes.jor.br\/site\/wp-json\/wp\/v2\/comments?post=7991"}],"version-history":[{"count":0,"href":"https:\/\/marcelolopes.jor.br\/site\/wp-json\/wp\/v2\/posts\/7991\/revisions"}],"wp:featuredmedia":[{"embeddable":true,"href":"https:\/\/marcelolopes.jor.br\/site\/wp-json\/wp\/v2\/media\/7993"}],"wp:attachment":[{"href":"https:\/\/marcelolopes.jor.br\/site\/wp-json\/wp\/v2\/media?parent=7991"}],"wp:term":[{"taxonomy":"category","embeddable":true,"href":"https:\/\/marcelolopes.jor.br\/site\/wp-json\/wp\/v2\/categories?post=7991"},{"taxonomy":"post_tag","embeddable":true,"href":"https:\/\/marcelolopes.jor.br\/site\/wp-json\/wp\/v2\/tags?post=7991"}],"curies":[{"name":"wp","href":"https:\/\/api.w.org\/{rel}","templated":true}]}}