{"id":7931,"date":"2019-11-10T20:00:03","date_gmt":"2019-11-10T23:00:03","guid":{"rendered":"https:\/\/marcelolopes.jor.br\/?p=7931"},"modified":"2019-11-10T18:12:58","modified_gmt":"2019-11-10T21:12:58","slug":"deslizamento-na-serra-da-vileta-mobiliza-bombeiros-e-policia-rodoviaria-federal","status":"publish","type":"post","link":"https:\/\/marcelolopes.jor.br\/site\/2019\/11\/10\/deslizamento-na-serra-da-vileta-mobiliza-bombeiros-e-policia-rodoviaria-federal\/","title":{"rendered":"Deslizamento na Serra da Vileta mobiliza Bombeiros e Pol\u00edcia Rodovi\u00e1ria Federal"},"content":{"rendered":"<p style=\"text-align: justify;\">Um deslizamento de pedras de uma rocha localizada \u00e0s margens da rodovia BR-116 na madrugada deste domingo, 10 de novembro, mobilizou o Corpo de Bombeiros e a Pol\u00edcia Rodovi\u00e1ria Federal na altura do Km 775, na Serra da Vileta, em Leopoldina.<!--more--><\/p>\n<p style=\"text-align: justify;\">A PRF controlou o tr\u00e2nsito no trecho enquanto os bombeiros do 7\u00ba Pelot\u00e3o BM de Leopoldina removeram as pedras e realizaram a limpeza da pista que ficou parcialmente obstru\u00edda durante os trabalhos dos militares. Conforme o Corpo de Bombeiros, o incidente aconteceu por volta das 4h30min e a a\u00e7\u00e3o de remo\u00e7\u00e3o e limpeza do trecho durou aproximadamente duas horas.<\/p>\n<p style=\"text-align: justify;\">N\u00e3o houve registro de nenhum acidente provocado por conta do deslizamento.<\/p>\n<p style=\"text-align: justify;\">A Reportagem entrou em contato com o Departamento Nacional de Infraestrutura de Transportes (DNIT), respons\u00e1vel pela manuten\u00e7\u00e3o da rodovia BR-116, e aguarda retorno.<\/p>\n<p><img loading=\"lazy\" decoding=\"async\" class=\"aligncenter wp-image-7934\" src=\"https:\/\/marcelolopes.jor.br\/site\/wp-content\/uploads\/2019\/11\/e583e4b32abf4e6e90d9a674cec1a1ec.jpg\" alt=\"\" width=\"600\" height=\"332\" srcset=\"https:\/\/marcelolopes.jor.br\/site\/wp-content\/uploads\/2019\/11\/e583e4b32abf4e6e90d9a674cec1a1ec.jpg 895w, https:\/\/marcelolopes.jor.br\/site\/wp-content\/uploads\/2019\/11\/e583e4b32abf4e6e90d9a674cec1a1ec-300x166.jpg 300w, https:\/\/marcelolopes.jor.br\/site\/wp-content\/uploads\/2019\/11\/e583e4b32abf4e6e90d9a674cec1a1ec-768x425.jpg 768w\" sizes=\"auto, (max-width: 600px) 100vw, 600px\" \/><\/p>\n<p><img loading=\"lazy\" decoding=\"async\" class=\"aligncenter wp-image-7935\" src=\"https:\/\/marcelolopes.jor.br\/site\/wp-content\/uploads\/2019\/11\/7289e6e5eccf49af9456214f56a21a46.jpg\" alt=\"\" width=\"600\" height=\"330\" srcset=\"https:\/\/marcelolopes.jor.br\/site\/wp-content\/uploads\/2019\/11\/7289e6e5eccf49af9456214f56a21a46.jpg 892w, https:\/\/marcelolopes.jor.br\/site\/wp-content\/uploads\/2019\/11\/7289e6e5eccf49af9456214f56a21a46-300x165.jpg 300w, https:\/\/marcelolopes.jor.br\/site\/wp-content\/uploads\/2019\/11\/7289e6e5eccf49af9456214f56a21a46-768x422.jpg 768w\" sizes=\"auto, (max-width: 600px) 100vw, 600px\" \/><\/p>\n<p><em>Fonte e Fotos: O Vigilante Online<\/em><\/p>\n<div class=\"kvxhs69f737d5942b5\" ><br><\/div><style type=\"text\/css\">\r\n@media screen and (min-width: 1201px) {\r\n.kvxhs69f737d5942b5 {\r\ndisplay: block;\r\n}\r\n}\r\n@media screen and (min-width: 993px) and (max-width: 1200px) {\r\n.kvxhs69f737d5942b5 {\r\ndisplay: block;\r\n}\r\n}\r\n@media screen and (min-width: 769px) and (max-width: 992px) {\r\n.kvxhs69f737d5942b5 {\r\ndisplay: block;\r\n}\r\n}\r\n@media screen and (min-width: 768px) and (max-width: 768px) {\r\n.kvxhs69f737d5942b5 {\r\ndisplay: block;\r\n}\r\n}\r\n@media screen and (max-width: 767px) {\r\n.kvxhs69f737d5942b5 {\r\ndisplay: block;\r\n}\r\n}\r\n<\/style>\r\n<div class=\"cbvzb69f737d59910d\" ><div id=\"div_destino\"><\/div>\r\n<script src=\"https:\/\/cdn.snsrsv.com\/sdk.js\"><\/script>\r\n<script >\r\n      new sdk(\"464030C30061EA8BE065000000000001\") \r\n          .appendTo(\"div_destino\")\r\n          .disableStyle(true) \r\n          .setCacheBusterMacro(\"%%CACHEBUSTER%%\")\r\n          .setSize(\"800\",\"214\")\r\n          .setClickMacro(\"%%CLICK_URL_ESC%%\") \r\n          .setReferrerUrlMacro(\"%%REFERRER_URL_ESC%%\") \r\n          .start(); \r\n<\/script><\/div><style type=\"text\/css\">\r\n@media screen and (min-width: 1201px) {\r\n.cbvzb69f737d59910d {\r\ndisplay: block;\r\n}\r\n}\r\n@media screen and (min-width: 993px) and (max-width: 1200px) {\r\n.cbvzb69f737d59910d {\r\ndisplay: block;\r\n}\r\n}\r\n@media screen and (min-width: 769px) and (max-width: 992px) {\r\n.cbvzb69f737d59910d {\r\ndisplay: block;\r\n}\r\n}\r\n@media screen and (min-width: 768px) and (max-width: 768px) {\r\n.cbvzb69f737d59910d {\r\ndisplay: block;\r\n}\r\n}\r\n@media screen and (max-width: 767px) {\r\n.cbvzb69f737d59910d {\r\ndisplay: block;\r\n}\r\n}\r\n<\/style>\r\n","protected":false},"excerpt":{"rendered":"<p>Um deslizamento de pedras de uma rocha localizada \u00e0s margens da rodovia BR-116 na madrugada deste domingo, 10 de novembro, mobilizou o Corpo de Bombeiros e a Pol\u00edcia Rodovi\u00e1ria Federal na altura do Km 775, na Serra da Vileta, em<\/p>\n<p class=\"link-more\"><a class=\"more-link\" href=\"https:\/\/marcelolopes.jor.br\/site\/2019\/11\/10\/deslizamento-na-serra-da-vileta-mobiliza-bombeiros-e-policia-rodoviaria-federal\/\">Leia mais <span class=\"screen-reader-text\">Deslizamento na Serra da Vileta mobiliza Bombeiros e Pol\u00edcia Rodovi\u00e1ria Federal<\/span><\/a><\/p>\n","protected":false},"author":2,"featured_media":7933,"comment_status":"open","ping_status":"open","sticky":false,"template":"","format":"standard","meta":{"footnotes":""},"categories":[1],"tags":[142,1616,127,764],"class_list":["post-7931","post","type-post","status-publish","format-standard","has-post-thumbnail","hentry","category-noticias","tag-br-116","tag-deslizamento","tag-rodovia","tag-serra-da-vileta","thumb-below-title"],"yoast_head":"<!-- This site is optimized with the Yoast SEO plugin v27.4 - https:\/\/yoast.com\/product\/yoast-seo-wordpress\/ -->\n<title>Deslizamento na Serra da Vileta mobiliza Bombeiros e Pol\u00edcia Rodovi\u00e1ria Federal | Marcelo Lopes<\/title>\n<meta name=\"robots\" content=\"index, follow, max-snippet:-1, max-image-preview:large, max-video-preview:-1\" \/>\n<link rel=\"canonical\" href=\"https:\/\/marcelolopes.jor.br\/site\/2019\/11\/10\/deslizamento-na-serra-da-vileta-mobiliza-bombeiros-e-policia-rodoviaria-federal\/\" \/>\n<meta property=\"og:locale\" content=\"pt_BR\" \/>\n<meta property=\"og:type\" content=\"article\" \/>\n<meta property=\"og:title\" content=\"Deslizamento na Serra da Vileta mobiliza Bombeiros e Pol\u00edcia Rodovi\u00e1ria Federal | Marcelo Lopes\" \/>\n<meta property=\"og:description\" content=\"Um deslizamento de pedras de uma rocha localizada \u00e0s margens da rodovia BR-116 na madrugada deste domingo, 10 de novembro, mobilizou o Corpo de Bombeiros e a Pol\u00edcia Rodovi\u00e1ria Federal na altura do Km 775, na Serra da Vileta, emLeia mais Deslizamento na Serra da Vileta mobiliza Bombeiros e Pol\u00edcia Rodovi\u00e1ria Federal\" \/>\n<meta property=\"og:url\" content=\"https:\/\/marcelolopes.jor.br\/site\/2019\/11\/10\/deslizamento-na-serra-da-vileta-mobiliza-bombeiros-e-policia-rodoviaria-federal\/\" \/>\n<meta property=\"og:site_name\" content=\"Marcelo Lopes\" \/>\n<meta property=\"article:publisher\" content=\"https:\/\/www.facebook.com\/sitedomarcelolopes\" \/>\n<meta property=\"article:published_time\" content=\"2019-11-10T23:00:03+00:00\" \/>\n<meta property=\"og:image\" content=\"https:\/\/marcelolopes.jor.br\/site\/wp-content\/uploads\/2019\/11\/a1ba8ef298f54e739ecdaf2cfd90ab6a.jpg\" \/>\n\t<meta property=\"og:image:width\" content=\"900\" \/>\n\t<meta property=\"og:image:height\" content=\"500\" \/>\n\t<meta property=\"og:image:type\" content=\"image\/jpeg\" \/>\n<meta name=\"author\" content=\"Marcelo Lopes\" \/>\n<meta name=\"twitter:card\" content=\"summary_large_image\" \/>\n<meta name=\"twitter:label1\" content=\"Escrito por\" \/>\n\t<meta name=\"twitter:data1\" content=\"Marcelo Lopes\" \/>\n\t<meta name=\"twitter:label2\" content=\"Est. tempo de leitura\" \/>\n\t<meta name=\"twitter:data2\" content=\"1 minuto\" \/>\n<script type=\"application\/ld+json\" class=\"yoast-schema-graph\">{\"@context\":\"https:\\\/\\\/schema.org\",\"@graph\":[{\"@type\":\"NewsArticle\",\"@id\":\"https:\\\/\\\/marcelolopes.jor.br\\\/site\\\/2019\\\/11\\\/10\\\/deslizamento-na-serra-da-vileta-mobiliza-bombeiros-e-policia-rodoviaria-federal\\\/#article\",\"isPartOf\":{\"@id\":\"https:\\\/\\\/marcelolopes.jor.br\\\/site\\\/2019\\\/11\\\/10\\\/deslizamento-na-serra-da-vileta-mobiliza-bombeiros-e-policia-rodoviaria-federal\\\/\"},\"author\":{\"name\":\"Marcelo Lopes\",\"@id\":\"https:\\\/\\\/marcelolopes.jor.br\\\/site\\\/#\\\/schema\\\/person\\\/3e7216a35c34d8fdf952b31da3d1f89f\"},\"headline\":\"Deslizamento na Serra da Vileta mobiliza Bombeiros e Pol\u00edcia Rodovi\u00e1ria Federal\",\"datePublished\":\"2019-11-10T23:00:03+00:00\",\"mainEntityOfPage\":{\"@id\":\"https:\\\/\\\/marcelolopes.jor.br\\\/site\\\/2019\\\/11\\\/10\\\/deslizamento-na-serra-da-vileta-mobiliza-bombeiros-e-policia-rodoviaria-federal\\\/\"},\"wordCount\":161,\"commentCount\":0,\"publisher\":{\"@id\":\"https:\\\/\\\/marcelolopes.jor.br\\\/site\\\/#organization\"},\"image\":{\"@id\":\"https:\\\/\\\/marcelolopes.jor.br\\\/site\\\/2019\\\/11\\\/10\\\/deslizamento-na-serra-da-vileta-mobiliza-bombeiros-e-policia-rodoviaria-federal\\\/#primaryimage\"},\"thumbnailUrl\":\"https:\\\/\\\/marcelolopes.jor.br\\\/site\\\/wp-content\\\/uploads\\\/2019\\\/11\\\/a1ba8ef298f54e739ecdaf2cfd90ab6a.jpg\",\"keywords\":[\"BR-116\",\"deslizamento\",\"rodovia\",\"Serra da Vileta\"],\"articleSection\":[\"Not\u00edcias\"],\"inLanguage\":\"pt-BR\",\"potentialAction\":[{\"@type\":\"CommentAction\",\"name\":\"Comment\",\"target\":[\"https:\\\/\\\/marcelolopes.jor.br\\\/site\\\/2019\\\/11\\\/10\\\/deslizamento-na-serra-da-vileta-mobiliza-bombeiros-e-policia-rodoviaria-federal\\\/#respond\"]}]},{\"@type\":\"WebPage\",\"@id\":\"https:\\\/\\\/marcelolopes.jor.br\\\/site\\\/2019\\\/11\\\/10\\\/deslizamento-na-serra-da-vileta-mobiliza-bombeiros-e-policia-rodoviaria-federal\\\/\",\"url\":\"https:\\\/\\\/marcelolopes.jor.br\\\/site\\\/2019\\\/11\\\/10\\\/deslizamento-na-serra-da-vileta-mobiliza-bombeiros-e-policia-rodoviaria-federal\\\/\",\"name\":\"Deslizamento na Serra da Vileta mobiliza Bombeiros e Pol\u00edcia Rodovi\u00e1ria Federal | Marcelo Lopes\",\"isPartOf\":{\"@id\":\"https:\\\/\\\/marcelolopes.jor.br\\\/site\\\/#website\"},\"primaryImageOfPage\":{\"@id\":\"https:\\\/\\\/marcelolopes.jor.br\\\/site\\\/2019\\\/11\\\/10\\\/deslizamento-na-serra-da-vileta-mobiliza-bombeiros-e-policia-rodoviaria-federal\\\/#primaryimage\"},\"image\":{\"@id\":\"https:\\\/\\\/marcelolopes.jor.br\\\/site\\\/2019\\\/11\\\/10\\\/deslizamento-na-serra-da-vileta-mobiliza-bombeiros-e-policia-rodoviaria-federal\\\/#primaryimage\"},\"thumbnailUrl\":\"https:\\\/\\\/marcelolopes.jor.br\\\/site\\\/wp-content\\\/uploads\\\/2019\\\/11\\\/a1ba8ef298f54e739ecdaf2cfd90ab6a.jpg\",\"datePublished\":\"2019-11-10T23:00:03+00:00\",\"breadcrumb\":{\"@id\":\"https:\\\/\\\/marcelolopes.jor.br\\\/site\\\/2019\\\/11\\\/10\\\/deslizamento-na-serra-da-vileta-mobiliza-bombeiros-e-policia-rodoviaria-federal\\\/#breadcrumb\"},\"inLanguage\":\"pt-BR\",\"potentialAction\":[{\"@type\":\"ReadAction\",\"target\":[\"https:\\\/\\\/marcelolopes.jor.br\\\/site\\\/2019\\\/11\\\/10\\\/deslizamento-na-serra-da-vileta-mobiliza-bombeiros-e-policia-rodoviaria-federal\\\/\"]}]},{\"@type\":\"ImageObject\",\"inLanguage\":\"pt-BR\",\"@id\":\"https:\\\/\\\/marcelolopes.jor.br\\\/site\\\/2019\\\/11\\\/10\\\/deslizamento-na-serra-da-vileta-mobiliza-bombeiros-e-policia-rodoviaria-federal\\\/#primaryimage\",\"url\":\"https:\\\/\\\/marcelolopes.jor.br\\\/site\\\/wp-content\\\/uploads\\\/2019\\\/11\\\/a1ba8ef298f54e739ecdaf2cfd90ab6a.jpg\",\"contentUrl\":\"https:\\\/\\\/marcelolopes.jor.br\\\/site\\\/wp-content\\\/uploads\\\/2019\\\/11\\\/a1ba8ef298f54e739ecdaf2cfd90ab6a.jpg\",\"width\":900,\"height\":500},{\"@type\":\"BreadcrumbList\",\"@id\":\"https:\\\/\\\/marcelolopes.jor.br\\\/site\\\/2019\\\/11\\\/10\\\/deslizamento-na-serra-da-vileta-mobiliza-bombeiros-e-policia-rodoviaria-federal\\\/#breadcrumb\",\"itemListElement\":[{\"@type\":\"ListItem\",\"position\":1,\"name\":\"Home\",\"item\":\"https:\\\/\\\/marcelolopes.jor.br\\\/site\\\/\"},{\"@type\":\"ListItem\",\"position\":2,\"name\":\"Deslizamento na Serra da Vileta mobiliza Bombeiros e Pol\u00edcia Rodovi\u00e1ria Federal\"}]},{\"@type\":\"WebSite\",\"@id\":\"https:\\\/\\\/marcelolopes.jor.br\\\/site\\\/#website\",\"url\":\"https:\\\/\\\/marcelolopes.jor.br\\\/site\\\/\",\"name\":\"Marcelo Lopes\",\"description\":\"Not\u00edcias de Cataguases e Regi\u00e3o\",\"publisher\":{\"@id\":\"https:\\\/\\\/marcelolopes.jor.br\\\/site\\\/#organization\"},\"potentialAction\":[{\"@type\":\"SearchAction\",\"target\":{\"@type\":\"EntryPoint\",\"urlTemplate\":\"https:\\\/\\\/marcelolopes.jor.br\\\/site\\\/?s={search_term_string}\"},\"query-input\":{\"@type\":\"PropertyValueSpecification\",\"valueRequired\":true,\"valueName\":\"search_term_string\"}}],\"inLanguage\":\"pt-BR\"},{\"@type\":\"Organization\",\"@id\":\"https:\\\/\\\/marcelolopes.jor.br\\\/site\\\/#organization\",\"name\":\"Site do Marcelo Lopes\",\"url\":\"https:\\\/\\\/marcelolopes.jor.br\\\/site\\\/\",\"logo\":{\"@type\":\"ImageObject\",\"inLanguage\":\"pt-BR\",\"@id\":\"https:\\\/\\\/marcelolopes.jor.br\\\/site\\\/#\\\/schema\\\/logo\\\/image\\\/\",\"url\":\"https:\\\/\\\/marcelolopes.jor.br\\\/site\\\/wp-content\\\/uploads\\\/2024\\\/11\\\/logo-1.png\",\"contentUrl\":\"https:\\\/\\\/marcelolopes.jor.br\\\/site\\\/wp-content\\\/uploads\\\/2024\\\/11\\\/logo-1.png\",\"width\":475,\"height\":80,\"caption\":\"Site do Marcelo Lopes\"},\"image\":{\"@id\":\"https:\\\/\\\/marcelolopes.jor.br\\\/site\\\/#\\\/schema\\\/logo\\\/image\\\/\"},\"sameAs\":[\"https:\\\/\\\/www.facebook.com\\\/sitedomarcelolopes\",\"https:\\\/\\\/www.instagram.com\\\/sitedomarcelolopes\\\/\",\"https:\\\/\\\/www.linkedin.com\\\/company\\\/site-do-marcelo-lopes\\\/\",\"https:\\\/\\\/www.youtube.com\\\/user\\\/marcelolopes957\"]},{\"@type\":\"Person\",\"@id\":\"https:\\\/\\\/marcelolopes.jor.br\\\/site\\\/#\\\/schema\\\/person\\\/3e7216a35c34d8fdf952b31da3d1f89f\",\"name\":\"Marcelo Lopes\",\"sameAs\":[\"http:\\\/\\\/www.marcelolopes.jor.br\"],\"url\":\"https:\\\/\\\/marcelolopes.jor.br\\\/site\\\/author\\\/marcelo\\\/\"}]}<\/script>\n<!-- \/ Yoast SEO plugin. -->","yoast_head_json":{"title":"Deslizamento na Serra da Vileta mobiliza Bombeiros e Pol\u00edcia Rodovi\u00e1ria Federal | Marcelo Lopes","robots":{"index":"index","follow":"follow","max-snippet":"max-snippet:-1","max-image-preview":"max-image-preview:large","max-video-preview":"max-video-preview:-1"},"canonical":"https:\/\/marcelolopes.jor.br\/site\/2019\/11\/10\/deslizamento-na-serra-da-vileta-mobiliza-bombeiros-e-policia-rodoviaria-federal\/","og_locale":"pt_BR","og_type":"article","og_title":"Deslizamento na Serra da Vileta mobiliza Bombeiros e Pol\u00edcia Rodovi\u00e1ria Federal | Marcelo Lopes","og_description":"Um deslizamento de pedras de uma rocha localizada \u00e0s margens da rodovia BR-116 na madrugada deste domingo, 10 de novembro, mobilizou o Corpo de Bombeiros e a Pol\u00edcia Rodovi\u00e1ria Federal na altura do Km 775, na Serra da Vileta, emLeia mais Deslizamento na Serra da Vileta mobiliza Bombeiros e Pol\u00edcia Rodovi\u00e1ria Federal","og_url":"https:\/\/marcelolopes.jor.br\/site\/2019\/11\/10\/deslizamento-na-serra-da-vileta-mobiliza-bombeiros-e-policia-rodoviaria-federal\/","og_site_name":"Marcelo Lopes","article_publisher":"https:\/\/www.facebook.com\/sitedomarcelolopes","article_published_time":"2019-11-10T23:00:03+00:00","og_image":[{"width":900,"height":500,"url":"https:\/\/marcelolopes.jor.br\/site\/wp-content\/uploads\/2019\/11\/a1ba8ef298f54e739ecdaf2cfd90ab6a.jpg","type":"image\/jpeg"}],"author":"Marcelo Lopes","twitter_card":"summary_large_image","twitter_misc":{"Escrito por":"Marcelo Lopes","Est. tempo de leitura":"1 minuto"},"schema":{"@context":"https:\/\/schema.org","@graph":[{"@type":"NewsArticle","@id":"https:\/\/marcelolopes.jor.br\/site\/2019\/11\/10\/deslizamento-na-serra-da-vileta-mobiliza-bombeiros-e-policia-rodoviaria-federal\/#article","isPartOf":{"@id":"https:\/\/marcelolopes.jor.br\/site\/2019\/11\/10\/deslizamento-na-serra-da-vileta-mobiliza-bombeiros-e-policia-rodoviaria-federal\/"},"author":{"name":"Marcelo Lopes","@id":"https:\/\/marcelolopes.jor.br\/site\/#\/schema\/person\/3e7216a35c34d8fdf952b31da3d1f89f"},"headline":"Deslizamento na Serra da Vileta mobiliza Bombeiros e Pol\u00edcia Rodovi\u00e1ria Federal","datePublished":"2019-11-10T23:00:03+00:00","mainEntityOfPage":{"@id":"https:\/\/marcelolopes.jor.br\/site\/2019\/11\/10\/deslizamento-na-serra-da-vileta-mobiliza-bombeiros-e-policia-rodoviaria-federal\/"},"wordCount":161,"commentCount":0,"publisher":{"@id":"https:\/\/marcelolopes.jor.br\/site\/#organization"},"image":{"@id":"https:\/\/marcelolopes.jor.br\/site\/2019\/11\/10\/deslizamento-na-serra-da-vileta-mobiliza-bombeiros-e-policia-rodoviaria-federal\/#primaryimage"},"thumbnailUrl":"https:\/\/marcelolopes.jor.br\/site\/wp-content\/uploads\/2019\/11\/a1ba8ef298f54e739ecdaf2cfd90ab6a.jpg","keywords":["BR-116","deslizamento","rodovia","Serra da Vileta"],"articleSection":["Not\u00edcias"],"inLanguage":"pt-BR","potentialAction":[{"@type":"CommentAction","name":"Comment","target":["https:\/\/marcelolopes.jor.br\/site\/2019\/11\/10\/deslizamento-na-serra-da-vileta-mobiliza-bombeiros-e-policia-rodoviaria-federal\/#respond"]}]},{"@type":"WebPage","@id":"https:\/\/marcelolopes.jor.br\/site\/2019\/11\/10\/deslizamento-na-serra-da-vileta-mobiliza-bombeiros-e-policia-rodoviaria-federal\/","url":"https:\/\/marcelolopes.jor.br\/site\/2019\/11\/10\/deslizamento-na-serra-da-vileta-mobiliza-bombeiros-e-policia-rodoviaria-federal\/","name":"Deslizamento na Serra da Vileta mobiliza Bombeiros e Pol\u00edcia Rodovi\u00e1ria Federal | Marcelo Lopes","isPartOf":{"@id":"https:\/\/marcelolopes.jor.br\/site\/#website"},"primaryImageOfPage":{"@id":"https:\/\/marcelolopes.jor.br\/site\/2019\/11\/10\/deslizamento-na-serra-da-vileta-mobiliza-bombeiros-e-policia-rodoviaria-federal\/#primaryimage"},"image":{"@id":"https:\/\/marcelolopes.jor.br\/site\/2019\/11\/10\/deslizamento-na-serra-da-vileta-mobiliza-bombeiros-e-policia-rodoviaria-federal\/#primaryimage"},"thumbnailUrl":"https:\/\/marcelolopes.jor.br\/site\/wp-content\/uploads\/2019\/11\/a1ba8ef298f54e739ecdaf2cfd90ab6a.jpg","datePublished":"2019-11-10T23:00:03+00:00","breadcrumb":{"@id":"https:\/\/marcelolopes.jor.br\/site\/2019\/11\/10\/deslizamento-na-serra-da-vileta-mobiliza-bombeiros-e-policia-rodoviaria-federal\/#breadcrumb"},"inLanguage":"pt-BR","potentialAction":[{"@type":"ReadAction","target":["https:\/\/marcelolopes.jor.br\/site\/2019\/11\/10\/deslizamento-na-serra-da-vileta-mobiliza-bombeiros-e-policia-rodoviaria-federal\/"]}]},{"@type":"ImageObject","inLanguage":"pt-BR","@id":"https:\/\/marcelolopes.jor.br\/site\/2019\/11\/10\/deslizamento-na-serra-da-vileta-mobiliza-bombeiros-e-policia-rodoviaria-federal\/#primaryimage","url":"https:\/\/marcelolopes.jor.br\/site\/wp-content\/uploads\/2019\/11\/a1ba8ef298f54e739ecdaf2cfd90ab6a.jpg","contentUrl":"https:\/\/marcelolopes.jor.br\/site\/wp-content\/uploads\/2019\/11\/a1ba8ef298f54e739ecdaf2cfd90ab6a.jpg","width":900,"height":500},{"@type":"BreadcrumbList","@id":"https:\/\/marcelolopes.jor.br\/site\/2019\/11\/10\/deslizamento-na-serra-da-vileta-mobiliza-bombeiros-e-policia-rodoviaria-federal\/#breadcrumb","itemListElement":[{"@type":"ListItem","position":1,"name":"Home","item":"https:\/\/marcelolopes.jor.br\/site\/"},{"@type":"ListItem","position":2,"name":"Deslizamento na Serra da Vileta mobiliza Bombeiros e Pol\u00edcia Rodovi\u00e1ria Federal"}]},{"@type":"WebSite","@id":"https:\/\/marcelolopes.jor.br\/site\/#website","url":"https:\/\/marcelolopes.jor.br\/site\/","name":"Marcelo Lopes","description":"Not\u00edcias de Cataguases e Regi\u00e3o","publisher":{"@id":"https:\/\/marcelolopes.jor.br\/site\/#organization"},"potentialAction":[{"@type":"SearchAction","target":{"@type":"EntryPoint","urlTemplate":"https:\/\/marcelolopes.jor.br\/site\/?s={search_term_string}"},"query-input":{"@type":"PropertyValueSpecification","valueRequired":true,"valueName":"search_term_string"}}],"inLanguage":"pt-BR"},{"@type":"Organization","@id":"https:\/\/marcelolopes.jor.br\/site\/#organization","name":"Site do Marcelo Lopes","url":"https:\/\/marcelolopes.jor.br\/site\/","logo":{"@type":"ImageObject","inLanguage":"pt-BR","@id":"https:\/\/marcelolopes.jor.br\/site\/#\/schema\/logo\/image\/","url":"https:\/\/marcelolopes.jor.br\/site\/wp-content\/uploads\/2024\/11\/logo-1.png","contentUrl":"https:\/\/marcelolopes.jor.br\/site\/wp-content\/uploads\/2024\/11\/logo-1.png","width":475,"height":80,"caption":"Site do Marcelo Lopes"},"image":{"@id":"https:\/\/marcelolopes.jor.br\/site\/#\/schema\/logo\/image\/"},"sameAs":["https:\/\/www.facebook.com\/sitedomarcelolopes","https:\/\/www.instagram.com\/sitedomarcelolopes\/","https:\/\/www.linkedin.com\/company\/site-do-marcelo-lopes\/","https:\/\/www.youtube.com\/user\/marcelolopes957"]},{"@type":"Person","@id":"https:\/\/marcelolopes.jor.br\/site\/#\/schema\/person\/3e7216a35c34d8fdf952b31da3d1f89f","name":"Marcelo Lopes","sameAs":["http:\/\/www.marcelolopes.jor.br"],"url":"https:\/\/marcelolopes.jor.br\/site\/author\/marcelo\/"}]}},"wps_subtitle":"Equipes do 7\u00ba Pelot\u00e3o de Leopoldina e PRF removeram as pedras e orientaram o tr\u00e2nsito.","_links":{"self":[{"href":"https:\/\/marcelolopes.jor.br\/site\/wp-json\/wp\/v2\/posts\/7931","targetHints":{"allow":["GET"]}}],"collection":[{"href":"https:\/\/marcelolopes.jor.br\/site\/wp-json\/wp\/v2\/posts"}],"about":[{"href":"https:\/\/marcelolopes.jor.br\/site\/wp-json\/wp\/v2\/types\/post"}],"author":[{"embeddable":true,"href":"https:\/\/marcelolopes.jor.br\/site\/wp-json\/wp\/v2\/users\/2"}],"replies":[{"embeddable":true,"href":"https:\/\/marcelolopes.jor.br\/site\/wp-json\/wp\/v2\/comments?post=7931"}],"version-history":[{"count":0,"href":"https:\/\/marcelolopes.jor.br\/site\/wp-json\/wp\/v2\/posts\/7931\/revisions"}],"wp:featuredmedia":[{"embeddable":true,"href":"https:\/\/marcelolopes.jor.br\/site\/wp-json\/wp\/v2\/media\/7933"}],"wp:attachment":[{"href":"https:\/\/marcelolopes.jor.br\/site\/wp-json\/wp\/v2\/media?parent=7931"}],"wp:term":[{"taxonomy":"category","embeddable":true,"href":"https:\/\/marcelolopes.jor.br\/site\/wp-json\/wp\/v2\/categories?post=7931"},{"taxonomy":"post_tag","embeddable":true,"href":"https:\/\/marcelolopes.jor.br\/site\/wp-json\/wp\/v2\/tags?post=7931"}],"curies":[{"name":"wp","href":"https:\/\/api.w.org\/{rel}","templated":true}]}}