{"id":7853,"date":"2019-11-08T14:30:09","date_gmt":"2019-11-08T17:30:09","guid":{"rendered":"https:\/\/marcelolopes.jor.br\/?p=7853"},"modified":"2019-11-08T14:31:58","modified_gmt":"2019-11-08T17:31:58","slug":"construtora-de-condominio-na-vila-reis-antecipa-black-friday","status":"publish","type":"post","link":"https:\/\/marcelolopes.jor.br\/site\/2019\/11\/08\/construtora-de-condominio-na-vila-reis-antecipa-black-friday\/","title":{"rendered":"Construtora de condom\u00ednio na Vila Reis antecipa Black Friday"},"content":{"rendered":"<p style=\"text-align: justify;\">Come\u00e7a nesta sexta-feira, 8 de novembro, e se estender\u00e1 no s\u00e1bado (9) e domingo (10), o \u00faltimo Mega Feir\u00e3o da Casa Pr\u00f3pria em Cataguases, no stand da Inter Construtora. O objetivo \u00e9 antecipar condi\u00e7\u00f5es exclusivas de Black Friday na compra do empreendimento Park Sapucaia durante estes tr\u00eas dias.<!--more--><\/p>\n<p style=\"text-align: justify;\"><strong>Condi\u00e7\u00f5es exclusivas<\/strong><br \/>\n\u201cN\u00f3s adiantamos a Black Friday e preparamos algo in\u00e9dito para quem quer sair do aluguel e come\u00e7ar 2020 de ap\u00ea novo. Al\u00e9m da entrada facilitada e documenta\u00e7\u00e3o gr\u00e1tis, o 13\u00ba VAI VALER O DOBRO\u201d, comenta o Gerente de Vendas e Corretor de Im\u00f3veis, Rog\u00e9rio Pinto.<\/p>\n<p style=\"text-align: justify;\">Rog\u00e9rio, ainda, d\u00e1 uma dica importante para quem for visitar o Feir\u00e3o. \u201cSepare, organize e leve seus documentos. O processo de aprova\u00e7\u00e3o fica bem mais \u00e1gil para quem leva a documenta\u00e7\u00e3o certa\u201d.<\/p>\n<p style=\"text-align: justify;\">Al\u00e9m das condi\u00e7\u00f5es facilitadas, o empreendimento \u00e9 equipado com \u00e1rea de lazer, piscina, portaria 24 horas e apartamentos inteligentes.<\/p>\n<p style=\"text-align: justify;\"><strong>O que s\u00e3o os apartamentos inteligentes?<\/strong><br \/>\nOs apartamentos inteligentes s\u00e3o constru\u00eddos com alternativas que buscam conserva\u00e7\u00e3o ambiental e economia para os moradores. Gera\u00e7\u00e3o de energia el\u00e9trica por placas fotovoltaicas, sistema de capta\u00e7\u00e3o e reutiliza\u00e7\u00e3o de \u00e1gua, lixeiras para coleta seletiva, biciclet\u00e1rio com bicicletas compartilhadas e hidr\u00f4metro individualizado de \u00e1gua s\u00e3o apenas alguns dos benef\u00edcios relacionados \u00e0 sustentabilidade que ser\u00e3o implementados no Park Sapucaia.<\/p>\n<p style=\"text-align: justify;\">O Mega Feir\u00e3o de Black Friday tamb\u00e9m ser\u00e1 realizado simultaneamente em mais quatro cidades mineiras: Uberaba, Ub\u00e1, Juiz de Fora e S\u00e3o Jo\u00e3o del Rei. Em Cataguases, os atendimentos ser\u00e3o na loja da Inter Construtora, Rua Dr. Sobral, 387, Centro, nestas sexta, s\u00e1bado e domingo. Mais informa\u00e7\u00f5es pelo site <a href=\"https:\/\/blackfriday.interconstrutora.com\/\">https:\/\/blackfriday.interconstrutora.com\/<\/a><\/p>\n<p><img loading=\"lazy\" decoding=\"async\" class=\"aligncenter wp-image-7857\" src=\"https:\/\/marcelolopes.jor.br\/site\/wp-content\/uploads\/2019\/11\/separe-documentos.png\" alt=\"\" width=\"600\" height=\"600\" srcset=\"https:\/\/marcelolopes.jor.br\/site\/wp-content\/uploads\/2019\/11\/separe-documentos.png 800w, https:\/\/marcelolopes.jor.br\/site\/wp-content\/uploads\/2019\/11\/separe-documentos-150x150.png 150w, https:\/\/marcelolopes.jor.br\/site\/wp-content\/uploads\/2019\/11\/separe-documentos-300x300.png 300w, https:\/\/marcelolopes.jor.br\/site\/wp-content\/uploads\/2019\/11\/separe-documentos-768x768.png 768w\" sizes=\"auto, (max-width: 600px) 100vw, 600px\" \/><\/p>\n<p><img loading=\"lazy\" decoding=\"async\" class=\"aligncenter wp-image-7855\" src=\"https:\/\/marcelolopes.jor.br\/site\/wp-content\/uploads\/2019\/11\/ape-inteligente.png\" alt=\"\" width=\"600\" height=\"600\" srcset=\"https:\/\/marcelolopes.jor.br\/site\/wp-content\/uploads\/2019\/11\/ape-inteligente.png 800w, https:\/\/marcelolopes.jor.br\/site\/wp-content\/uploads\/2019\/11\/ape-inteligente-150x150.png 150w, https:\/\/marcelolopes.jor.br\/site\/wp-content\/uploads\/2019\/11\/ape-inteligente-300x300.png 300w, https:\/\/marcelolopes.jor.br\/site\/wp-content\/uploads\/2019\/11\/ape-inteligente-768x768.png 768w\" sizes=\"auto, (max-width: 600px) 100vw, 600px\" \/><\/p>\n<p>Informe Promocional<\/p>\n<div class=\"nmmek69f77dc3478d9\" ><br><\/div><style type=\"text\/css\">\r\n@media screen and (min-width: 1201px) {\r\n.nmmek69f77dc3478d9 {\r\ndisplay: block;\r\n}\r\n}\r\n@media screen and (min-width: 993px) and (max-width: 1200px) {\r\n.nmmek69f77dc3478d9 {\r\ndisplay: block;\r\n}\r\n}\r\n@media screen and (min-width: 769px) and (max-width: 992px) {\r\n.nmmek69f77dc3478d9 {\r\ndisplay: block;\r\n}\r\n}\r\n@media screen and (min-width: 768px) and (max-width: 768px) {\r\n.nmmek69f77dc3478d9 {\r\ndisplay: block;\r\n}\r\n}\r\n@media screen and (max-width: 767px) {\r\n.nmmek69f77dc3478d9 {\r\ndisplay: block;\r\n}\r\n}\r\n<\/style>\r\n<div class=\"jlsdk69f77dc34d378\" ><div id=\"div_destino\"><\/div>\r\n<script src=\"https:\/\/cdn.snsrsv.com\/sdk.js\"><\/script>\r\n<script >\r\n      new sdk(\"464030C30061EA8BE065000000000001\") \r\n          .appendTo(\"div_destino\")\r\n          .disableStyle(true) \r\n          .setCacheBusterMacro(\"%%CACHEBUSTER%%\")\r\n          .setSize(\"800\",\"214\")\r\n          .setClickMacro(\"%%CLICK_URL_ESC%%\") \r\n          .setReferrerUrlMacro(\"%%REFERRER_URL_ESC%%\") \r\n          .start(); \r\n<\/script><\/div><style type=\"text\/css\">\r\n@media screen and (min-width: 1201px) {\r\n.jlsdk69f77dc34d378 {\r\ndisplay: block;\r\n}\r\n}\r\n@media screen and (min-width: 993px) and (max-width: 1200px) {\r\n.jlsdk69f77dc34d378 {\r\ndisplay: block;\r\n}\r\n}\r\n@media screen and (min-width: 769px) and (max-width: 992px) {\r\n.jlsdk69f77dc34d378 {\r\ndisplay: block;\r\n}\r\n}\r\n@media screen and (min-width: 768px) and (max-width: 768px) {\r\n.jlsdk69f77dc34d378 {\r\ndisplay: block;\r\n}\r\n}\r\n@media screen and (max-width: 767px) {\r\n.jlsdk69f77dc34d378 {\r\ndisplay: block;\r\n}\r\n}\r\n<\/style>\r\n","protected":false},"excerpt":{"rendered":"<p>Come\u00e7a nesta sexta-feira, 8 de novembro, e se estender\u00e1 no s\u00e1bado (9) e domingo (10), o \u00faltimo Mega Feir\u00e3o da Casa Pr\u00f3pria em Cataguases, no stand da Inter Construtora. O objetivo \u00e9 antecipar condi\u00e7\u00f5es exclusivas de Black Friday na compra<\/p>\n<p class=\"link-more\"><a class=\"more-link\" href=\"https:\/\/marcelolopes.jor.br\/site\/2019\/11\/08\/construtora-de-condominio-na-vila-reis-antecipa-black-friday\/\">Leia mais <span class=\"screen-reader-text\">Construtora de condom\u00ednio na Vila Reis antecipa Black Friday<\/span><\/a><\/p>\n","protected":false},"author":2,"featured_media":7858,"comment_status":"open","ping_status":"open","sticky":false,"template":"","format":"standard","meta":{"footnotes":""},"categories":[1],"tags":[1605,1604,1304,1040],"class_list":["post-7853","post","type-post","status-publish","format-standard","has-post-thumbnail","hentry","category-noticias","tag-apartamentos","tag-condominio","tag-inter-construtora","tag-vila-reis","thumb-below-title"],"yoast_head":"<!-- This site is optimized with the Yoast SEO plugin v27.4 - https:\/\/yoast.com\/product\/yoast-seo-wordpress\/ -->\n<title>Construtora de condom\u00ednio na Vila Reis antecipa Black Friday | Marcelo Lopes<\/title>\n<meta name=\"robots\" content=\"index, follow, max-snippet:-1, max-image-preview:large, max-video-preview:-1\" \/>\n<link rel=\"canonical\" href=\"https:\/\/marcelolopes.jor.br\/site\/2019\/11\/08\/construtora-de-condominio-na-vila-reis-antecipa-black-friday\/\" \/>\n<meta property=\"og:locale\" content=\"pt_BR\" \/>\n<meta property=\"og:type\" content=\"article\" \/>\n<meta property=\"og:title\" content=\"Construtora de condom\u00ednio na Vila Reis antecipa Black Friday | Marcelo Lopes\" \/>\n<meta property=\"og:description\" content=\"Come\u00e7a nesta sexta-feira, 8 de novembro, e se estender\u00e1 no s\u00e1bado (9) e domingo (10), o \u00faltimo Mega Feir\u00e3o da Casa Pr\u00f3pria em Cataguases, no stand da Inter Construtora. O objetivo \u00e9 antecipar condi\u00e7\u00f5es exclusivas de Black Friday na compraLeia mais Construtora de condom\u00ednio na Vila Reis antecipa Black Friday\" \/>\n<meta property=\"og:url\" content=\"https:\/\/marcelolopes.jor.br\/site\/2019\/11\/08\/construtora-de-condominio-na-vila-reis-antecipa-black-friday\/\" \/>\n<meta property=\"og:site_name\" content=\"Marcelo Lopes\" \/>\n<meta property=\"article:publisher\" content=\"https:\/\/www.facebook.com\/sitedomarcelolopes\" \/>\n<meta property=\"article:published_time\" content=\"2019-11-08T17:30:09+00:00\" \/>\n<meta property=\"article:modified_time\" content=\"2019-11-08T17:31:58+00:00\" \/>\n<meta property=\"og:image\" content=\"https:\/\/marcelolopes.jor.br\/site\/wp-content\/uploads\/2019\/11\/IMAGEN-03a.jpg\" \/>\n\t<meta property=\"og:image:width\" content=\"800\" \/>\n\t<meta property=\"og:image:height\" content=\"450\" \/>\n\t<meta property=\"og:image:type\" content=\"image\/jpeg\" \/>\n<meta name=\"author\" content=\"Marcelo Lopes\" \/>\n<meta name=\"twitter:card\" content=\"summary_large_image\" \/>\n<meta name=\"twitter:label1\" content=\"Escrito por\" \/>\n\t<meta name=\"twitter:data1\" content=\"Marcelo Lopes\" \/>\n\t<meta name=\"twitter:label2\" content=\"Est. tempo de leitura\" \/>\n\t<meta name=\"twitter:data2\" content=\"1 minuto\" \/>\n<script type=\"application\/ld+json\" class=\"yoast-schema-graph\">{\"@context\":\"https:\\\/\\\/schema.org\",\"@graph\":[{\"@type\":\"NewsArticle\",\"@id\":\"https:\\\/\\\/marcelolopes.jor.br\\\/site\\\/2019\\\/11\\\/08\\\/construtora-de-condominio-na-vila-reis-antecipa-black-friday\\\/#article\",\"isPartOf\":{\"@id\":\"https:\\\/\\\/marcelolopes.jor.br\\\/site\\\/2019\\\/11\\\/08\\\/construtora-de-condominio-na-vila-reis-antecipa-black-friday\\\/\"},\"author\":{\"name\":\"Marcelo Lopes\",\"@id\":\"https:\\\/\\\/marcelolopes.jor.br\\\/site\\\/#\\\/schema\\\/person\\\/3e7216a35c34d8fdf952b31da3d1f89f\"},\"headline\":\"Construtora de condom\u00ednio na Vila Reis antecipa Black Friday\",\"datePublished\":\"2019-11-08T17:30:09+00:00\",\"dateModified\":\"2019-11-08T17:31:58+00:00\",\"mainEntityOfPage\":{\"@id\":\"https:\\\/\\\/marcelolopes.jor.br\\\/site\\\/2019\\\/11\\\/08\\\/construtora-de-condominio-na-vila-reis-antecipa-black-friday\\\/\"},\"wordCount\":305,\"commentCount\":0,\"publisher\":{\"@id\":\"https:\\\/\\\/marcelolopes.jor.br\\\/site\\\/#organization\"},\"image\":{\"@id\":\"https:\\\/\\\/marcelolopes.jor.br\\\/site\\\/2019\\\/11\\\/08\\\/construtora-de-condominio-na-vila-reis-antecipa-black-friday\\\/#primaryimage\"},\"thumbnailUrl\":\"https:\\\/\\\/marcelolopes.jor.br\\\/site\\\/wp-content\\\/uploads\\\/2019\\\/11\\\/IMAGEN-03a.jpg\",\"keywords\":[\"apartamentos\",\"condom\u00ednio\",\"Inter Construtora\",\"Vila Reis\"],\"articleSection\":[\"Not\u00edcias\"],\"inLanguage\":\"pt-BR\",\"potentialAction\":[{\"@type\":\"CommentAction\",\"name\":\"Comment\",\"target\":[\"https:\\\/\\\/marcelolopes.jor.br\\\/site\\\/2019\\\/11\\\/08\\\/construtora-de-condominio-na-vila-reis-antecipa-black-friday\\\/#respond\"]}]},{\"@type\":\"WebPage\",\"@id\":\"https:\\\/\\\/marcelolopes.jor.br\\\/site\\\/2019\\\/11\\\/08\\\/construtora-de-condominio-na-vila-reis-antecipa-black-friday\\\/\",\"url\":\"https:\\\/\\\/marcelolopes.jor.br\\\/site\\\/2019\\\/11\\\/08\\\/construtora-de-condominio-na-vila-reis-antecipa-black-friday\\\/\",\"name\":\"Construtora de condom\u00ednio na Vila Reis antecipa Black Friday | Marcelo Lopes\",\"isPartOf\":{\"@id\":\"https:\\\/\\\/marcelolopes.jor.br\\\/site\\\/#website\"},\"primaryImageOfPage\":{\"@id\":\"https:\\\/\\\/marcelolopes.jor.br\\\/site\\\/2019\\\/11\\\/08\\\/construtora-de-condominio-na-vila-reis-antecipa-black-friday\\\/#primaryimage\"},\"image\":{\"@id\":\"https:\\\/\\\/marcelolopes.jor.br\\\/site\\\/2019\\\/11\\\/08\\\/construtora-de-condominio-na-vila-reis-antecipa-black-friday\\\/#primaryimage\"},\"thumbnailUrl\":\"https:\\\/\\\/marcelolopes.jor.br\\\/site\\\/wp-content\\\/uploads\\\/2019\\\/11\\\/IMAGEN-03a.jpg\",\"datePublished\":\"2019-11-08T17:30:09+00:00\",\"dateModified\":\"2019-11-08T17:31:58+00:00\",\"breadcrumb\":{\"@id\":\"https:\\\/\\\/marcelolopes.jor.br\\\/site\\\/2019\\\/11\\\/08\\\/construtora-de-condominio-na-vila-reis-antecipa-black-friday\\\/#breadcrumb\"},\"inLanguage\":\"pt-BR\",\"potentialAction\":[{\"@type\":\"ReadAction\",\"target\":[\"https:\\\/\\\/marcelolopes.jor.br\\\/site\\\/2019\\\/11\\\/08\\\/construtora-de-condominio-na-vila-reis-antecipa-black-friday\\\/\"]}]},{\"@type\":\"ImageObject\",\"inLanguage\":\"pt-BR\",\"@id\":\"https:\\\/\\\/marcelolopes.jor.br\\\/site\\\/2019\\\/11\\\/08\\\/construtora-de-condominio-na-vila-reis-antecipa-black-friday\\\/#primaryimage\",\"url\":\"https:\\\/\\\/marcelolopes.jor.br\\\/site\\\/wp-content\\\/uploads\\\/2019\\\/11\\\/IMAGEN-03a.jpg\",\"contentUrl\":\"https:\\\/\\\/marcelolopes.jor.br\\\/site\\\/wp-content\\\/uploads\\\/2019\\\/11\\\/IMAGEN-03a.jpg\",\"width\":800,\"height\":450},{\"@type\":\"BreadcrumbList\",\"@id\":\"https:\\\/\\\/marcelolopes.jor.br\\\/site\\\/2019\\\/11\\\/08\\\/construtora-de-condominio-na-vila-reis-antecipa-black-friday\\\/#breadcrumb\",\"itemListElement\":[{\"@type\":\"ListItem\",\"position\":1,\"name\":\"Home\",\"item\":\"https:\\\/\\\/marcelolopes.jor.br\\\/site\\\/\"},{\"@type\":\"ListItem\",\"position\":2,\"name\":\"Construtora de condom\u00ednio na Vila Reis antecipa Black Friday\"}]},{\"@type\":\"WebSite\",\"@id\":\"https:\\\/\\\/marcelolopes.jor.br\\\/site\\\/#website\",\"url\":\"https:\\\/\\\/marcelolopes.jor.br\\\/site\\\/\",\"name\":\"Marcelo Lopes\",\"description\":\"Not\u00edcias de Cataguases e Regi\u00e3o\",\"publisher\":{\"@id\":\"https:\\\/\\\/marcelolopes.jor.br\\\/site\\\/#organization\"},\"potentialAction\":[{\"@type\":\"SearchAction\",\"target\":{\"@type\":\"EntryPoint\",\"urlTemplate\":\"https:\\\/\\\/marcelolopes.jor.br\\\/site\\\/?s={search_term_string}\"},\"query-input\":{\"@type\":\"PropertyValueSpecification\",\"valueRequired\":true,\"valueName\":\"search_term_string\"}}],\"inLanguage\":\"pt-BR\"},{\"@type\":\"Organization\",\"@id\":\"https:\\\/\\\/marcelolopes.jor.br\\\/site\\\/#organization\",\"name\":\"Site do Marcelo Lopes\",\"url\":\"https:\\\/\\\/marcelolopes.jor.br\\\/site\\\/\",\"logo\":{\"@type\":\"ImageObject\",\"inLanguage\":\"pt-BR\",\"@id\":\"https:\\\/\\\/marcelolopes.jor.br\\\/site\\\/#\\\/schema\\\/logo\\\/image\\\/\",\"url\":\"https:\\\/\\\/marcelolopes.jor.br\\\/site\\\/wp-content\\\/uploads\\\/2024\\\/11\\\/logo-1.png\",\"contentUrl\":\"https:\\\/\\\/marcelolopes.jor.br\\\/site\\\/wp-content\\\/uploads\\\/2024\\\/11\\\/logo-1.png\",\"width\":475,\"height\":80,\"caption\":\"Site do Marcelo Lopes\"},\"image\":{\"@id\":\"https:\\\/\\\/marcelolopes.jor.br\\\/site\\\/#\\\/schema\\\/logo\\\/image\\\/\"},\"sameAs\":[\"https:\\\/\\\/www.facebook.com\\\/sitedomarcelolopes\",\"https:\\\/\\\/www.instagram.com\\\/sitedomarcelolopes\\\/\",\"https:\\\/\\\/www.linkedin.com\\\/company\\\/site-do-marcelo-lopes\\\/\",\"https:\\\/\\\/www.youtube.com\\\/user\\\/marcelolopes957\"]},{\"@type\":\"Person\",\"@id\":\"https:\\\/\\\/marcelolopes.jor.br\\\/site\\\/#\\\/schema\\\/person\\\/3e7216a35c34d8fdf952b31da3d1f89f\",\"name\":\"Marcelo Lopes\",\"sameAs\":[\"http:\\\/\\\/www.marcelolopes.jor.br\"],\"url\":\"https:\\\/\\\/marcelolopes.jor.br\\\/site\\\/author\\\/marcelo\\\/\"}]}<\/script>\n<!-- \/ Yoast SEO plugin. -->","yoast_head_json":{"title":"Construtora de condom\u00ednio na Vila Reis antecipa Black Friday | Marcelo Lopes","robots":{"index":"index","follow":"follow","max-snippet":"max-snippet:-1","max-image-preview":"max-image-preview:large","max-video-preview":"max-video-preview:-1"},"canonical":"https:\/\/marcelolopes.jor.br\/site\/2019\/11\/08\/construtora-de-condominio-na-vila-reis-antecipa-black-friday\/","og_locale":"pt_BR","og_type":"article","og_title":"Construtora de condom\u00ednio na Vila Reis antecipa Black Friday | Marcelo Lopes","og_description":"Come\u00e7a nesta sexta-feira, 8 de novembro, e se estender\u00e1 no s\u00e1bado (9) e domingo (10), o \u00faltimo Mega Feir\u00e3o da Casa Pr\u00f3pria em Cataguases, no stand da Inter Construtora. O objetivo \u00e9 antecipar condi\u00e7\u00f5es exclusivas de Black Friday na compraLeia mais Construtora de condom\u00ednio na Vila Reis antecipa Black Friday","og_url":"https:\/\/marcelolopes.jor.br\/site\/2019\/11\/08\/construtora-de-condominio-na-vila-reis-antecipa-black-friday\/","og_site_name":"Marcelo Lopes","article_publisher":"https:\/\/www.facebook.com\/sitedomarcelolopes","article_published_time":"2019-11-08T17:30:09+00:00","article_modified_time":"2019-11-08T17:31:58+00:00","og_image":[{"width":800,"height":450,"url":"https:\/\/marcelolopes.jor.br\/site\/wp-content\/uploads\/2019\/11\/IMAGEN-03a.jpg","type":"image\/jpeg"}],"author":"Marcelo Lopes","twitter_card":"summary_large_image","twitter_misc":{"Escrito por":"Marcelo Lopes","Est. tempo de leitura":"1 minuto"},"schema":{"@context":"https:\/\/schema.org","@graph":[{"@type":"NewsArticle","@id":"https:\/\/marcelolopes.jor.br\/site\/2019\/11\/08\/construtora-de-condominio-na-vila-reis-antecipa-black-friday\/#article","isPartOf":{"@id":"https:\/\/marcelolopes.jor.br\/site\/2019\/11\/08\/construtora-de-condominio-na-vila-reis-antecipa-black-friday\/"},"author":{"name":"Marcelo Lopes","@id":"https:\/\/marcelolopes.jor.br\/site\/#\/schema\/person\/3e7216a35c34d8fdf952b31da3d1f89f"},"headline":"Construtora de condom\u00ednio na Vila Reis antecipa Black Friday","datePublished":"2019-11-08T17:30:09+00:00","dateModified":"2019-11-08T17:31:58+00:00","mainEntityOfPage":{"@id":"https:\/\/marcelolopes.jor.br\/site\/2019\/11\/08\/construtora-de-condominio-na-vila-reis-antecipa-black-friday\/"},"wordCount":305,"commentCount":0,"publisher":{"@id":"https:\/\/marcelolopes.jor.br\/site\/#organization"},"image":{"@id":"https:\/\/marcelolopes.jor.br\/site\/2019\/11\/08\/construtora-de-condominio-na-vila-reis-antecipa-black-friday\/#primaryimage"},"thumbnailUrl":"https:\/\/marcelolopes.jor.br\/site\/wp-content\/uploads\/2019\/11\/IMAGEN-03a.jpg","keywords":["apartamentos","condom\u00ednio","Inter Construtora","Vila Reis"],"articleSection":["Not\u00edcias"],"inLanguage":"pt-BR","potentialAction":[{"@type":"CommentAction","name":"Comment","target":["https:\/\/marcelolopes.jor.br\/site\/2019\/11\/08\/construtora-de-condominio-na-vila-reis-antecipa-black-friday\/#respond"]}]},{"@type":"WebPage","@id":"https:\/\/marcelolopes.jor.br\/site\/2019\/11\/08\/construtora-de-condominio-na-vila-reis-antecipa-black-friday\/","url":"https:\/\/marcelolopes.jor.br\/site\/2019\/11\/08\/construtora-de-condominio-na-vila-reis-antecipa-black-friday\/","name":"Construtora de condom\u00ednio na Vila Reis antecipa Black Friday | Marcelo Lopes","isPartOf":{"@id":"https:\/\/marcelolopes.jor.br\/site\/#website"},"primaryImageOfPage":{"@id":"https:\/\/marcelolopes.jor.br\/site\/2019\/11\/08\/construtora-de-condominio-na-vila-reis-antecipa-black-friday\/#primaryimage"},"image":{"@id":"https:\/\/marcelolopes.jor.br\/site\/2019\/11\/08\/construtora-de-condominio-na-vila-reis-antecipa-black-friday\/#primaryimage"},"thumbnailUrl":"https:\/\/marcelolopes.jor.br\/site\/wp-content\/uploads\/2019\/11\/IMAGEN-03a.jpg","datePublished":"2019-11-08T17:30:09+00:00","dateModified":"2019-11-08T17:31:58+00:00","breadcrumb":{"@id":"https:\/\/marcelolopes.jor.br\/site\/2019\/11\/08\/construtora-de-condominio-na-vila-reis-antecipa-black-friday\/#breadcrumb"},"inLanguage":"pt-BR","potentialAction":[{"@type":"ReadAction","target":["https:\/\/marcelolopes.jor.br\/site\/2019\/11\/08\/construtora-de-condominio-na-vila-reis-antecipa-black-friday\/"]}]},{"@type":"ImageObject","inLanguage":"pt-BR","@id":"https:\/\/marcelolopes.jor.br\/site\/2019\/11\/08\/construtora-de-condominio-na-vila-reis-antecipa-black-friday\/#primaryimage","url":"https:\/\/marcelolopes.jor.br\/site\/wp-content\/uploads\/2019\/11\/IMAGEN-03a.jpg","contentUrl":"https:\/\/marcelolopes.jor.br\/site\/wp-content\/uploads\/2019\/11\/IMAGEN-03a.jpg","width":800,"height":450},{"@type":"BreadcrumbList","@id":"https:\/\/marcelolopes.jor.br\/site\/2019\/11\/08\/construtora-de-condominio-na-vila-reis-antecipa-black-friday\/#breadcrumb","itemListElement":[{"@type":"ListItem","position":1,"name":"Home","item":"https:\/\/marcelolopes.jor.br\/site\/"},{"@type":"ListItem","position":2,"name":"Construtora de condom\u00ednio na Vila Reis antecipa Black Friday"}]},{"@type":"WebSite","@id":"https:\/\/marcelolopes.jor.br\/site\/#website","url":"https:\/\/marcelolopes.jor.br\/site\/","name":"Marcelo Lopes","description":"Not\u00edcias de Cataguases e Regi\u00e3o","publisher":{"@id":"https:\/\/marcelolopes.jor.br\/site\/#organization"},"potentialAction":[{"@type":"SearchAction","target":{"@type":"EntryPoint","urlTemplate":"https:\/\/marcelolopes.jor.br\/site\/?s={search_term_string}"},"query-input":{"@type":"PropertyValueSpecification","valueRequired":true,"valueName":"search_term_string"}}],"inLanguage":"pt-BR"},{"@type":"Organization","@id":"https:\/\/marcelolopes.jor.br\/site\/#organization","name":"Site do Marcelo Lopes","url":"https:\/\/marcelolopes.jor.br\/site\/","logo":{"@type":"ImageObject","inLanguage":"pt-BR","@id":"https:\/\/marcelolopes.jor.br\/site\/#\/schema\/logo\/image\/","url":"https:\/\/marcelolopes.jor.br\/site\/wp-content\/uploads\/2024\/11\/logo-1.png","contentUrl":"https:\/\/marcelolopes.jor.br\/site\/wp-content\/uploads\/2024\/11\/logo-1.png","width":475,"height":80,"caption":"Site do Marcelo Lopes"},"image":{"@id":"https:\/\/marcelolopes.jor.br\/site\/#\/schema\/logo\/image\/"},"sameAs":["https:\/\/www.facebook.com\/sitedomarcelolopes","https:\/\/www.instagram.com\/sitedomarcelolopes\/","https:\/\/www.linkedin.com\/company\/site-do-marcelo-lopes\/","https:\/\/www.youtube.com\/user\/marcelolopes957"]},{"@type":"Person","@id":"https:\/\/marcelolopes.jor.br\/site\/#\/schema\/person\/3e7216a35c34d8fdf952b31da3d1f89f","name":"Marcelo Lopes","sameAs":["http:\/\/www.marcelolopes.jor.br"],"url":"https:\/\/marcelolopes.jor.br\/site\/author\/marcelo\/"}]}},"wps_subtitle":"\u00daltimo Feir\u00e3o do ano acontece neste fim de semana com condi\u00e7\u00f5es especiais para compra de im\u00f3vel.","_links":{"self":[{"href":"https:\/\/marcelolopes.jor.br\/site\/wp-json\/wp\/v2\/posts\/7853","targetHints":{"allow":["GET"]}}],"collection":[{"href":"https:\/\/marcelolopes.jor.br\/site\/wp-json\/wp\/v2\/posts"}],"about":[{"href":"https:\/\/marcelolopes.jor.br\/site\/wp-json\/wp\/v2\/types\/post"}],"author":[{"embeddable":true,"href":"https:\/\/marcelolopes.jor.br\/site\/wp-json\/wp\/v2\/users\/2"}],"replies":[{"embeddable":true,"href":"https:\/\/marcelolopes.jor.br\/site\/wp-json\/wp\/v2\/comments?post=7853"}],"version-history":[{"count":0,"href":"https:\/\/marcelolopes.jor.br\/site\/wp-json\/wp\/v2\/posts\/7853\/revisions"}],"wp:featuredmedia":[{"embeddable":true,"href":"https:\/\/marcelolopes.jor.br\/site\/wp-json\/wp\/v2\/media\/7858"}],"wp:attachment":[{"href":"https:\/\/marcelolopes.jor.br\/site\/wp-json\/wp\/v2\/media?parent=7853"}],"wp:term":[{"taxonomy":"category","embeddable":true,"href":"https:\/\/marcelolopes.jor.br\/site\/wp-json\/wp\/v2\/categories?post=7853"},{"taxonomy":"post_tag","embeddable":true,"href":"https:\/\/marcelolopes.jor.br\/site\/wp-json\/wp\/v2\/tags?post=7853"}],"curies":[{"name":"wp","href":"https:\/\/api.w.org\/{rel}","templated":true}]}}