{"id":7808,"date":"2019-11-07T20:00:14","date_gmt":"2019-11-07T23:00:14","guid":{"rendered":"https:\/\/marcelolopes.jor.br\/?p=7808"},"modified":"2019-11-07T19:06:35","modified_gmt":"2019-11-07T22:06:35","slug":"empresas-de-onibus-aceitam-implantar-mudancas-propostas-em-estudo","status":"publish","type":"post","link":"https:\/\/marcelolopes.jor.br\/site\/2019\/11\/07\/empresas-de-onibus-aceitam-implantar-mudancas-propostas-em-estudo\/","title":{"rendered":"Empresas de \u00f4nibus aceitam implantar mudan\u00e7as propostas em estudo"},"content":{"rendered":"<p style=\"text-align: justify;\">Um dos assuntos mais debatidos na \u00faltima reuni\u00e3o da C\u00e2mara Municipal de Cataguases, ocorrida dia 05 de novembro, foi a licita\u00e7\u00e3o para o Transporte Coletivo cujo edital pode ser divulgado a qualquer momento. Os vereadores, no entanto, julgam necess\u00e1rio realizar &#8211; preliminarmente &#8211; audi\u00eancias p\u00fablicas a fim de debater o assunto por todos os segmentos da popula\u00e7\u00e3o, utilizando, inclusive, o estudo apresentado pela empresa Cidade Viva, no \u00faltimo dia 31 de outubro, naquela Casa Legislativa. Os vereadores insistem no debate argumentando que o munic\u00edpio n\u00e3o pode incorrer no mesmo erro cometido com a Copasa e tamb\u00e9m para que o servi\u00e7o atenda plenamente as necessidades dos usu\u00e1rios.<!--more--><\/p>\n<p style=\"text-align: justify;\">A reportagem do Site do Marcelo Lopes foi ouvir o outro lado desta hist\u00f3ria; os propriet\u00e1rios das duas empresas que prestam o servi\u00e7o de transporte coletivo em Cataguases (Via\u00e7\u00e3o Bonan\u00e7a e Transportes Coletivos Leo). Oder Ferreira, da Via\u00e7\u00e3o Bonan\u00e7a, e Leo Angelo Martins, da Transportes Coletivos Leo, possuem o mesmo pensamento muito parecido a respeito do assunto. Eles concordam com o Legislativo Municipal sobre a necessidade de promover v\u00e1rias audi\u00eancias p\u00fablicas e fazem outros questionamentos a respeito do processo em andamento. &#8220;Um assunto importante que ainda ningu\u00e9m abordou \u00e9 se ap\u00f3s a licita\u00e7\u00e3o o pre\u00e7o da tarifa vai continuar o mesmo ou sofrer\u00e1 reajuste&#8221;, questiona Leo. &#8220;Tamb\u00e9m n\u00e3o est\u00e1 claro se a redu\u00e7\u00e3o do n\u00famero de carros para atender a demanda n\u00e3o vai trazer problemas para o usu\u00e1rio&#8221;, comenta Oder.<\/p>\n<p style=\"text-align: justify;\">Indagados sobre o estudo apresentado pela engenheira Liane Born, da Cidade Viva, os dois empres\u00e1rios concordaram com as sugest\u00f5es mas afirmam que somente ele n\u00e3o \u00e9 suficiente para resolver o assunto. &#8220;\u00c9 preciso tamb\u00e9m apresentar um estudo de viabilidade econ\u00f4mica com a planilha de custos&#8221;, asseguram. Eles tamb\u00e9m responderam que aceitariam aplicar em suas frotas o resultado do estudo a t\u00edtulo de experi\u00eancia com o objetivo de verificar se as propostas ali elencadas atendem a realidade de Cataguases. &#8220;Esta sugest\u00e3o \u00e9 a ideal para este momento, uma vez que depois de licitado, o servi\u00e7o ser\u00e1 implantado e teremos que conviver com ele por no m\u00ednimo quinze anos&#8221;, explica Leo. &#8220;Mas se der errado, ser\u00e1 muito mais dif\u00edcil corrigir e pode piorar ainda mais a realidade atual&#8221;, completa Oder.<\/p>\n<p style=\"text-align: justify;\"><img loading=\"lazy\" decoding=\"async\" class=\"alignright wp-image-7815 size-medium\" src=\"https:\/\/marcelolopes.jor.br\/site\/wp-content\/uploads\/2019\/11\/Rafael-vereador-204x300.jpg\" alt=\"\" width=\"204\" height=\"300\" srcset=\"https:\/\/marcelolopes.jor.br\/site\/wp-content\/uploads\/2019\/11\/Rafael-vereador-204x300.jpg 204w, https:\/\/marcelolopes.jor.br\/site\/wp-content\/uploads\/2019\/11\/Rafael-vereador.jpg 377w\" sizes=\"auto, (max-width: 204px) 100vw, 204px\" \/>Os vereadores Rafael Moreira (foto ao lado), relator da Comiss\u00e3o de Obras e servi\u00e7os P\u00fablicos da C\u00e2mara Municipal de Cataguase e Bet\u00e3o do Remo, que est\u00e3o tratando deste assunto no \u00e2mbito do Poder Legislativo Municipal, vem pressa no processo que vai definir o modelo do transporte coletivo no munic\u00edpio. &#8220;A licita\u00e7\u00e3o vai acontecer. Quanto a isso n\u00e3o h\u00e1 a menor d\u00favida. Mas n\u00e3o pode ser no ritmo e da forma que o Executivo deseja&#8221;, afirma Rafael, explicando seus motivos em seguida. &#8220;Primeiramente n\u00f3s n\u00e3o temos sequer um plano de mobilidade urbana, que deveria ser discutido e votado antes desta licita\u00e7\u00e3o porque \u00e9 a base de tudo o que faremos depois. Precisamos saber quais tipos de transportes temos, queremos e com que frequ\u00eancia vamos utilizar: \u00f4nibus, Uber, t\u00e1xi, motot\u00e1xi, bicicleta, patinete, enfim, hoje as op\u00e7\u00f5es s\u00e3o muitas&#8221;, disse.<\/p>\n<p style=\"text-align: justify;\">Bet\u00e3o (foto abaixo ao lado) lembra o que considera &#8220;erros&#8221; j\u00e1 cometidos pelo Executivo neste processo. E cita como exemplo &#8211; dizendo-se espantado &#8211; a exclus\u00e3o do Conselho Municipal de Tr\u00e2nsito e Transportes dos debates sobre o assunto. &#8220;At\u00e9 agora ele sequer foi ouvido e deveria ser o primeiro a opinar e coordenar este debate&#8221;, afirma. Outra falha considerada por ele \u00e9 que o Executivo ainda n\u00e3o enviou c\u00f3pia do estudo para o Poder Legislativo nem para o Conselho de Tr\u00e2nsito. &#8220;Isto sem contar que ainda n\u00e3o se falou das gratuidades, considerada muito elevada para os padr\u00f5es atuais e que compromete o pre\u00e7o da tarifa, conforme apontou o estudo da empresa Cidade Viva&#8221;, completou aquele vereador.<\/p>\n<p style=\"text-align: justify;\"><img loading=\"lazy\" decoding=\"async\" class=\"alignleft wp-image-7812 size-medium\" src=\"https:\/\/marcelolopes.jor.br\/site\/wp-content\/uploads\/2019\/11\/IMG_8177-222x300.jpg\" alt=\"\" width=\"222\" height=\"300\" srcset=\"https:\/\/marcelolopes.jor.br\/site\/wp-content\/uploads\/2019\/11\/IMG_8177-222x300.jpg 222w, https:\/\/marcelolopes.jor.br\/site\/wp-content\/uploads\/2019\/11\/IMG_8177.jpg 593w\" sizes=\"auto, (max-width: 222px) 100vw, 222px\" \/>Todas estas quest\u00f5es, bem como hor\u00e1rios das linhas, o fim da parada para almo\u00e7o e jantar dos motoristas, como o fim do sistema bairro a bairro, entre outros assuntos, ser\u00e3o discutidos nas audi\u00eancias p\u00fablicas, revela Rafael. &#8220;Por tudo j\u00e1 citado \u00e9 \u00a0que n\u00e3o podemos agir de forma precipitada. Esta \u00e9 a oportunidade para definirmos um sistema de transporte de acordo com nossas necessidades e para ser mais eficiente&#8221;, afirma. Perguntado sobre a ideia de implantar em car\u00e1ter experimental as solu\u00e7\u00f5es apontadas no estudo, primeiramente nas empresas que hoje atuam na cidade, aquele vereador disse apoiar a ideia. &#8220;\u00c9 o melhor jeito de saber se vai dar certo. E com isso podemos descartar o que n\u00e3o funcionou e melhorar o que deu certo antes de fazer a licita\u00e7\u00e3o&#8221;, finalizou.<\/p>\n<div class=\"nnhyi69f7724c0473b\" ><br><\/div><style type=\"text\/css\">\r\n@media screen and (min-width: 1201px) {\r\n.nnhyi69f7724c0473b {\r\ndisplay: block;\r\n}\r\n}\r\n@media screen and (min-width: 993px) and (max-width: 1200px) {\r\n.nnhyi69f7724c0473b {\r\ndisplay: block;\r\n}\r\n}\r\n@media screen and (min-width: 769px) and (max-width: 992px) {\r\n.nnhyi69f7724c0473b {\r\ndisplay: block;\r\n}\r\n}\r\n@media screen and (min-width: 768px) and (max-width: 768px) {\r\n.nnhyi69f7724c0473b {\r\ndisplay: block;\r\n}\r\n}\r\n@media screen and (max-width: 767px) {\r\n.nnhyi69f7724c0473b {\r\ndisplay: block;\r\n}\r\n}\r\n<\/style>\r\n<div class=\"kwtwm69f7724c0a533\" ><div id=\"div_destino\"><\/div>\r\n<script src=\"https:\/\/cdn.snsrsv.com\/sdk.js\"><\/script>\r\n<script >\r\n      new sdk(\"464030C30061EA8BE065000000000001\") \r\n          .appendTo(\"div_destino\")\r\n          .disableStyle(true) \r\n          .setCacheBusterMacro(\"%%CACHEBUSTER%%\")\r\n          .setSize(\"800\",\"214\")\r\n          .setClickMacro(\"%%CLICK_URL_ESC%%\") \r\n          .setReferrerUrlMacro(\"%%REFERRER_URL_ESC%%\") \r\n          .start(); \r\n<\/script><\/div><style type=\"text\/css\">\r\n@media screen and (min-width: 1201px) {\r\n.kwtwm69f7724c0a533 {\r\ndisplay: block;\r\n}\r\n}\r\n@media screen and (min-width: 993px) and (max-width: 1200px) {\r\n.kwtwm69f7724c0a533 {\r\ndisplay: block;\r\n}\r\n}\r\n@media screen and (min-width: 769px) and (max-width: 992px) {\r\n.kwtwm69f7724c0a533 {\r\ndisplay: block;\r\n}\r\n}\r\n@media screen and (min-width: 768px) and (max-width: 768px) {\r\n.kwtwm69f7724c0a533 {\r\ndisplay: block;\r\n}\r\n}\r\n@media screen and (max-width: 767px) {\r\n.kwtwm69f7724c0a533 {\r\ndisplay: block;\r\n}\r\n}\r\n<\/style>\r\n","protected":false},"excerpt":{"rendered":"<p>Um dos assuntos mais debatidos na \u00faltima reuni\u00e3o da C\u00e2mara Municipal de Cataguases, ocorrida dia 05 de novembro, foi a licita\u00e7\u00e3o para o Transporte Coletivo cujo edital pode ser divulgado a qualquer momento. Os vereadores, no entanto, julgam necess\u00e1rio realizar<\/p>\n<p class=\"link-more\"><a class=\"more-link\" href=\"https:\/\/marcelolopes.jor.br\/site\/2019\/11\/07\/empresas-de-onibus-aceitam-implantar-mudancas-propostas-em-estudo\/\">Leia mais <span class=\"screen-reader-text\">Empresas de \u00f4nibus aceitam implantar mudan\u00e7as propostas em estudo<\/span><\/a><\/p>\n","protected":false},"author":2,"featured_media":7810,"comment_status":"open","ping_status":"open","sticky":false,"template":"","format":"standard","meta":{"footnotes":""},"categories":[1],"tags":[623,506,600,505],"class_list":["post-7808","post","type-post","status-publish","format-standard","has-post-thumbnail","hentry","category-noticias","tag-audiencia-publica","tag-estudo","tag-licitacao","tag-transporte-coletivo","thumb-below-title"],"yoast_head":"<!-- This site is optimized with the Yoast SEO plugin v27.4 - https:\/\/yoast.com\/product\/yoast-seo-wordpress\/ -->\n<title>Empresas de \u00f4nibus aceitam implantar mudan\u00e7as propostas em estudo | Marcelo Lopes<\/title>\n<meta name=\"robots\" content=\"index, follow, max-snippet:-1, max-image-preview:large, max-video-preview:-1\" \/>\n<link rel=\"canonical\" href=\"https:\/\/marcelolopes.jor.br\/site\/2019\/11\/07\/empresas-de-onibus-aceitam-implantar-mudancas-propostas-em-estudo\/\" \/>\n<meta property=\"og:locale\" content=\"pt_BR\" \/>\n<meta property=\"og:type\" content=\"article\" \/>\n<meta property=\"og:title\" content=\"Empresas de \u00f4nibus aceitam implantar mudan\u00e7as propostas em estudo | Marcelo Lopes\" \/>\n<meta property=\"og:description\" content=\"Um dos assuntos mais debatidos na \u00faltima reuni\u00e3o da C\u00e2mara Municipal de Cataguases, ocorrida dia 05 de novembro, foi a licita\u00e7\u00e3o para o Transporte Coletivo cujo edital pode ser divulgado a qualquer momento. Os vereadores, no entanto, julgam necess\u00e1rio realizarLeia mais Empresas de \u00f4nibus aceitam implantar mudan\u00e7as propostas em estudo\" \/>\n<meta property=\"og:url\" content=\"https:\/\/marcelolopes.jor.br\/site\/2019\/11\/07\/empresas-de-onibus-aceitam-implantar-mudancas-propostas-em-estudo\/\" \/>\n<meta property=\"og:site_name\" content=\"Marcelo Lopes\" \/>\n<meta property=\"article:publisher\" content=\"https:\/\/www.facebook.com\/sitedomarcelolopes\" \/>\n<meta property=\"article:published_time\" content=\"2019-11-07T23:00:14+00:00\" \/>\n<meta property=\"og:image\" content=\"https:\/\/marcelolopes.jor.br\/site\/wp-content\/uploads\/2019\/11\/\u00d4nibus.jpg\" \/>\n\t<meta property=\"og:image:width\" content=\"801\" \/>\n\t<meta property=\"og:image:height\" content=\"601\" \/>\n\t<meta property=\"og:image:type\" content=\"image\/jpeg\" \/>\n<meta name=\"author\" content=\"Marcelo Lopes\" \/>\n<meta name=\"twitter:card\" content=\"summary_large_image\" \/>\n<meta name=\"twitter:label1\" content=\"Escrito por\" \/>\n\t<meta name=\"twitter:data1\" content=\"Marcelo Lopes\" \/>\n\t<meta name=\"twitter:label2\" content=\"Est. tempo de leitura\" \/>\n\t<meta name=\"twitter:data2\" content=\"4 minutos\" \/>\n<script type=\"application\/ld+json\" class=\"yoast-schema-graph\">{\"@context\":\"https:\\\/\\\/schema.org\",\"@graph\":[{\"@type\":\"NewsArticle\",\"@id\":\"https:\\\/\\\/marcelolopes.jor.br\\\/site\\\/2019\\\/11\\\/07\\\/empresas-de-onibus-aceitam-implantar-mudancas-propostas-em-estudo\\\/#article\",\"isPartOf\":{\"@id\":\"https:\\\/\\\/marcelolopes.jor.br\\\/site\\\/2019\\\/11\\\/07\\\/empresas-de-onibus-aceitam-implantar-mudancas-propostas-em-estudo\\\/\"},\"author\":{\"name\":\"Marcelo Lopes\",\"@id\":\"https:\\\/\\\/marcelolopes.jor.br\\\/site\\\/#\\\/schema\\\/person\\\/3e7216a35c34d8fdf952b31da3d1f89f\"},\"headline\":\"Empresas de \u00f4nibus aceitam implantar mudan\u00e7as propostas em estudo\",\"datePublished\":\"2019-11-07T23:00:14+00:00\",\"mainEntityOfPage\":{\"@id\":\"https:\\\/\\\/marcelolopes.jor.br\\\/site\\\/2019\\\/11\\\/07\\\/empresas-de-onibus-aceitam-implantar-mudancas-propostas-em-estudo\\\/\"},\"wordCount\":827,\"commentCount\":0,\"publisher\":{\"@id\":\"https:\\\/\\\/marcelolopes.jor.br\\\/site\\\/#organization\"},\"image\":{\"@id\":\"https:\\\/\\\/marcelolopes.jor.br\\\/site\\\/2019\\\/11\\\/07\\\/empresas-de-onibus-aceitam-implantar-mudancas-propostas-em-estudo\\\/#primaryimage\"},\"thumbnailUrl\":\"https:\\\/\\\/marcelolopes.jor.br\\\/site\\\/wp-content\\\/uploads\\\/2019\\\/11\\\/\u00d4nibus.jpg\",\"keywords\":[\"audi\u00eancia p\u00fablica\",\"estudo\",\"Licita\u00e7\u00e3o\",\"transporte coletivo\"],\"articleSection\":[\"Not\u00edcias\"],\"inLanguage\":\"pt-BR\",\"potentialAction\":[{\"@type\":\"CommentAction\",\"name\":\"Comment\",\"target\":[\"https:\\\/\\\/marcelolopes.jor.br\\\/site\\\/2019\\\/11\\\/07\\\/empresas-de-onibus-aceitam-implantar-mudancas-propostas-em-estudo\\\/#respond\"]}]},{\"@type\":\"WebPage\",\"@id\":\"https:\\\/\\\/marcelolopes.jor.br\\\/site\\\/2019\\\/11\\\/07\\\/empresas-de-onibus-aceitam-implantar-mudancas-propostas-em-estudo\\\/\",\"url\":\"https:\\\/\\\/marcelolopes.jor.br\\\/site\\\/2019\\\/11\\\/07\\\/empresas-de-onibus-aceitam-implantar-mudancas-propostas-em-estudo\\\/\",\"name\":\"Empresas de \u00f4nibus aceitam implantar mudan\u00e7as propostas em estudo | Marcelo Lopes\",\"isPartOf\":{\"@id\":\"https:\\\/\\\/marcelolopes.jor.br\\\/site\\\/#website\"},\"primaryImageOfPage\":{\"@id\":\"https:\\\/\\\/marcelolopes.jor.br\\\/site\\\/2019\\\/11\\\/07\\\/empresas-de-onibus-aceitam-implantar-mudancas-propostas-em-estudo\\\/#primaryimage\"},\"image\":{\"@id\":\"https:\\\/\\\/marcelolopes.jor.br\\\/site\\\/2019\\\/11\\\/07\\\/empresas-de-onibus-aceitam-implantar-mudancas-propostas-em-estudo\\\/#primaryimage\"},\"thumbnailUrl\":\"https:\\\/\\\/marcelolopes.jor.br\\\/site\\\/wp-content\\\/uploads\\\/2019\\\/11\\\/\u00d4nibus.jpg\",\"datePublished\":\"2019-11-07T23:00:14+00:00\",\"breadcrumb\":{\"@id\":\"https:\\\/\\\/marcelolopes.jor.br\\\/site\\\/2019\\\/11\\\/07\\\/empresas-de-onibus-aceitam-implantar-mudancas-propostas-em-estudo\\\/#breadcrumb\"},\"inLanguage\":\"pt-BR\",\"potentialAction\":[{\"@type\":\"ReadAction\",\"target\":[\"https:\\\/\\\/marcelolopes.jor.br\\\/site\\\/2019\\\/11\\\/07\\\/empresas-de-onibus-aceitam-implantar-mudancas-propostas-em-estudo\\\/\"]}]},{\"@type\":\"ImageObject\",\"inLanguage\":\"pt-BR\",\"@id\":\"https:\\\/\\\/marcelolopes.jor.br\\\/site\\\/2019\\\/11\\\/07\\\/empresas-de-onibus-aceitam-implantar-mudancas-propostas-em-estudo\\\/#primaryimage\",\"url\":\"https:\\\/\\\/marcelolopes.jor.br\\\/site\\\/wp-content\\\/uploads\\\/2019\\\/11\\\/\u00d4nibus.jpg\",\"contentUrl\":\"https:\\\/\\\/marcelolopes.jor.br\\\/site\\\/wp-content\\\/uploads\\\/2019\\\/11\\\/\u00d4nibus.jpg\",\"width\":801,\"height\":601,\"caption\":\"Prefeitura adia licita\u00e7\u00e3o do\"},{\"@type\":\"BreadcrumbList\",\"@id\":\"https:\\\/\\\/marcelolopes.jor.br\\\/site\\\/2019\\\/11\\\/07\\\/empresas-de-onibus-aceitam-implantar-mudancas-propostas-em-estudo\\\/#breadcrumb\",\"itemListElement\":[{\"@type\":\"ListItem\",\"position\":1,\"name\":\"Home\",\"item\":\"https:\\\/\\\/marcelolopes.jor.br\\\/site\\\/\"},{\"@type\":\"ListItem\",\"position\":2,\"name\":\"Empresas de \u00f4nibus aceitam implantar mudan\u00e7as propostas em estudo\"}]},{\"@type\":\"WebSite\",\"@id\":\"https:\\\/\\\/marcelolopes.jor.br\\\/site\\\/#website\",\"url\":\"https:\\\/\\\/marcelolopes.jor.br\\\/site\\\/\",\"name\":\"Marcelo Lopes\",\"description\":\"Not\u00edcias de Cataguases e Regi\u00e3o\",\"publisher\":{\"@id\":\"https:\\\/\\\/marcelolopes.jor.br\\\/site\\\/#organization\"},\"potentialAction\":[{\"@type\":\"SearchAction\",\"target\":{\"@type\":\"EntryPoint\",\"urlTemplate\":\"https:\\\/\\\/marcelolopes.jor.br\\\/site\\\/?s={search_term_string}\"},\"query-input\":{\"@type\":\"PropertyValueSpecification\",\"valueRequired\":true,\"valueName\":\"search_term_string\"}}],\"inLanguage\":\"pt-BR\"},{\"@type\":\"Organization\",\"@id\":\"https:\\\/\\\/marcelolopes.jor.br\\\/site\\\/#organization\",\"name\":\"Site do Marcelo Lopes\",\"url\":\"https:\\\/\\\/marcelolopes.jor.br\\\/site\\\/\",\"logo\":{\"@type\":\"ImageObject\",\"inLanguage\":\"pt-BR\",\"@id\":\"https:\\\/\\\/marcelolopes.jor.br\\\/site\\\/#\\\/schema\\\/logo\\\/image\\\/\",\"url\":\"https:\\\/\\\/marcelolopes.jor.br\\\/site\\\/wp-content\\\/uploads\\\/2024\\\/11\\\/logo-1.png\",\"contentUrl\":\"https:\\\/\\\/marcelolopes.jor.br\\\/site\\\/wp-content\\\/uploads\\\/2024\\\/11\\\/logo-1.png\",\"width\":475,\"height\":80,\"caption\":\"Site do Marcelo Lopes\"},\"image\":{\"@id\":\"https:\\\/\\\/marcelolopes.jor.br\\\/site\\\/#\\\/schema\\\/logo\\\/image\\\/\"},\"sameAs\":[\"https:\\\/\\\/www.facebook.com\\\/sitedomarcelolopes\",\"https:\\\/\\\/www.instagram.com\\\/sitedomarcelolopes\\\/\",\"https:\\\/\\\/www.linkedin.com\\\/company\\\/site-do-marcelo-lopes\\\/\",\"https:\\\/\\\/www.youtube.com\\\/user\\\/marcelolopes957\"]},{\"@type\":\"Person\",\"@id\":\"https:\\\/\\\/marcelolopes.jor.br\\\/site\\\/#\\\/schema\\\/person\\\/3e7216a35c34d8fdf952b31da3d1f89f\",\"name\":\"Marcelo Lopes\",\"sameAs\":[\"http:\\\/\\\/www.marcelolopes.jor.br\"],\"url\":\"https:\\\/\\\/marcelolopes.jor.br\\\/site\\\/author\\\/marcelo\\\/\"}]}<\/script>\n<!-- \/ Yoast SEO plugin. -->","yoast_head_json":{"title":"Empresas de \u00f4nibus aceitam implantar mudan\u00e7as propostas em estudo | Marcelo Lopes","robots":{"index":"index","follow":"follow","max-snippet":"max-snippet:-1","max-image-preview":"max-image-preview:large","max-video-preview":"max-video-preview:-1"},"canonical":"https:\/\/marcelolopes.jor.br\/site\/2019\/11\/07\/empresas-de-onibus-aceitam-implantar-mudancas-propostas-em-estudo\/","og_locale":"pt_BR","og_type":"article","og_title":"Empresas de \u00f4nibus aceitam implantar mudan\u00e7as propostas em estudo | Marcelo Lopes","og_description":"Um dos assuntos mais debatidos na \u00faltima reuni\u00e3o da C\u00e2mara Municipal de Cataguases, ocorrida dia 05 de novembro, foi a licita\u00e7\u00e3o para o Transporte Coletivo cujo edital pode ser divulgado a qualquer momento. Os vereadores, no entanto, julgam necess\u00e1rio realizarLeia mais Empresas de \u00f4nibus aceitam implantar mudan\u00e7as propostas em estudo","og_url":"https:\/\/marcelolopes.jor.br\/site\/2019\/11\/07\/empresas-de-onibus-aceitam-implantar-mudancas-propostas-em-estudo\/","og_site_name":"Marcelo Lopes","article_publisher":"https:\/\/www.facebook.com\/sitedomarcelolopes","article_published_time":"2019-11-07T23:00:14+00:00","og_image":[{"width":801,"height":601,"url":"https:\/\/marcelolopes.jor.br\/site\/wp-content\/uploads\/2019\/11\/\u00d4nibus.jpg","type":"image\/jpeg"}],"author":"Marcelo Lopes","twitter_card":"summary_large_image","twitter_misc":{"Escrito por":"Marcelo Lopes","Est. tempo de leitura":"4 minutos"},"schema":{"@context":"https:\/\/schema.org","@graph":[{"@type":"NewsArticle","@id":"https:\/\/marcelolopes.jor.br\/site\/2019\/11\/07\/empresas-de-onibus-aceitam-implantar-mudancas-propostas-em-estudo\/#article","isPartOf":{"@id":"https:\/\/marcelolopes.jor.br\/site\/2019\/11\/07\/empresas-de-onibus-aceitam-implantar-mudancas-propostas-em-estudo\/"},"author":{"name":"Marcelo Lopes","@id":"https:\/\/marcelolopes.jor.br\/site\/#\/schema\/person\/3e7216a35c34d8fdf952b31da3d1f89f"},"headline":"Empresas de \u00f4nibus aceitam implantar mudan\u00e7as propostas em estudo","datePublished":"2019-11-07T23:00:14+00:00","mainEntityOfPage":{"@id":"https:\/\/marcelolopes.jor.br\/site\/2019\/11\/07\/empresas-de-onibus-aceitam-implantar-mudancas-propostas-em-estudo\/"},"wordCount":827,"commentCount":0,"publisher":{"@id":"https:\/\/marcelolopes.jor.br\/site\/#organization"},"image":{"@id":"https:\/\/marcelolopes.jor.br\/site\/2019\/11\/07\/empresas-de-onibus-aceitam-implantar-mudancas-propostas-em-estudo\/#primaryimage"},"thumbnailUrl":"https:\/\/marcelolopes.jor.br\/site\/wp-content\/uploads\/2019\/11\/\u00d4nibus.jpg","keywords":["audi\u00eancia p\u00fablica","estudo","Licita\u00e7\u00e3o","transporte coletivo"],"articleSection":["Not\u00edcias"],"inLanguage":"pt-BR","potentialAction":[{"@type":"CommentAction","name":"Comment","target":["https:\/\/marcelolopes.jor.br\/site\/2019\/11\/07\/empresas-de-onibus-aceitam-implantar-mudancas-propostas-em-estudo\/#respond"]}]},{"@type":"WebPage","@id":"https:\/\/marcelolopes.jor.br\/site\/2019\/11\/07\/empresas-de-onibus-aceitam-implantar-mudancas-propostas-em-estudo\/","url":"https:\/\/marcelolopes.jor.br\/site\/2019\/11\/07\/empresas-de-onibus-aceitam-implantar-mudancas-propostas-em-estudo\/","name":"Empresas de \u00f4nibus aceitam implantar mudan\u00e7as propostas em estudo | Marcelo Lopes","isPartOf":{"@id":"https:\/\/marcelolopes.jor.br\/site\/#website"},"primaryImageOfPage":{"@id":"https:\/\/marcelolopes.jor.br\/site\/2019\/11\/07\/empresas-de-onibus-aceitam-implantar-mudancas-propostas-em-estudo\/#primaryimage"},"image":{"@id":"https:\/\/marcelolopes.jor.br\/site\/2019\/11\/07\/empresas-de-onibus-aceitam-implantar-mudancas-propostas-em-estudo\/#primaryimage"},"thumbnailUrl":"https:\/\/marcelolopes.jor.br\/site\/wp-content\/uploads\/2019\/11\/\u00d4nibus.jpg","datePublished":"2019-11-07T23:00:14+00:00","breadcrumb":{"@id":"https:\/\/marcelolopes.jor.br\/site\/2019\/11\/07\/empresas-de-onibus-aceitam-implantar-mudancas-propostas-em-estudo\/#breadcrumb"},"inLanguage":"pt-BR","potentialAction":[{"@type":"ReadAction","target":["https:\/\/marcelolopes.jor.br\/site\/2019\/11\/07\/empresas-de-onibus-aceitam-implantar-mudancas-propostas-em-estudo\/"]}]},{"@type":"ImageObject","inLanguage":"pt-BR","@id":"https:\/\/marcelolopes.jor.br\/site\/2019\/11\/07\/empresas-de-onibus-aceitam-implantar-mudancas-propostas-em-estudo\/#primaryimage","url":"https:\/\/marcelolopes.jor.br\/site\/wp-content\/uploads\/2019\/11\/\u00d4nibus.jpg","contentUrl":"https:\/\/marcelolopes.jor.br\/site\/wp-content\/uploads\/2019\/11\/\u00d4nibus.jpg","width":801,"height":601,"caption":"Prefeitura adia licita\u00e7\u00e3o do"},{"@type":"BreadcrumbList","@id":"https:\/\/marcelolopes.jor.br\/site\/2019\/11\/07\/empresas-de-onibus-aceitam-implantar-mudancas-propostas-em-estudo\/#breadcrumb","itemListElement":[{"@type":"ListItem","position":1,"name":"Home","item":"https:\/\/marcelolopes.jor.br\/site\/"},{"@type":"ListItem","position":2,"name":"Empresas de \u00f4nibus aceitam implantar mudan\u00e7as propostas em estudo"}]},{"@type":"WebSite","@id":"https:\/\/marcelolopes.jor.br\/site\/#website","url":"https:\/\/marcelolopes.jor.br\/site\/","name":"Marcelo Lopes","description":"Not\u00edcias de Cataguases e Regi\u00e3o","publisher":{"@id":"https:\/\/marcelolopes.jor.br\/site\/#organization"},"potentialAction":[{"@type":"SearchAction","target":{"@type":"EntryPoint","urlTemplate":"https:\/\/marcelolopes.jor.br\/site\/?s={search_term_string}"},"query-input":{"@type":"PropertyValueSpecification","valueRequired":true,"valueName":"search_term_string"}}],"inLanguage":"pt-BR"},{"@type":"Organization","@id":"https:\/\/marcelolopes.jor.br\/site\/#organization","name":"Site do Marcelo Lopes","url":"https:\/\/marcelolopes.jor.br\/site\/","logo":{"@type":"ImageObject","inLanguage":"pt-BR","@id":"https:\/\/marcelolopes.jor.br\/site\/#\/schema\/logo\/image\/","url":"https:\/\/marcelolopes.jor.br\/site\/wp-content\/uploads\/2024\/11\/logo-1.png","contentUrl":"https:\/\/marcelolopes.jor.br\/site\/wp-content\/uploads\/2024\/11\/logo-1.png","width":475,"height":80,"caption":"Site do Marcelo Lopes"},"image":{"@id":"https:\/\/marcelolopes.jor.br\/site\/#\/schema\/logo\/image\/"},"sameAs":["https:\/\/www.facebook.com\/sitedomarcelolopes","https:\/\/www.instagram.com\/sitedomarcelolopes\/","https:\/\/www.linkedin.com\/company\/site-do-marcelo-lopes\/","https:\/\/www.youtube.com\/user\/marcelolopes957"]},{"@type":"Person","@id":"https:\/\/marcelolopes.jor.br\/site\/#\/schema\/person\/3e7216a35c34d8fdf952b31da3d1f89f","name":"Marcelo Lopes","sameAs":["http:\/\/www.marcelolopes.jor.br"],"url":"https:\/\/marcelolopes.jor.br\/site\/author\/marcelo\/"}]}},"wps_subtitle":"A id\u00e9ia \u00e9 aplicar as solu\u00e7\u00f5es para ver se ser\u00e3o eficientes e v\u00e3o melhorar o servi\u00e7o.","_links":{"self":[{"href":"https:\/\/marcelolopes.jor.br\/site\/wp-json\/wp\/v2\/posts\/7808","targetHints":{"allow":["GET"]}}],"collection":[{"href":"https:\/\/marcelolopes.jor.br\/site\/wp-json\/wp\/v2\/posts"}],"about":[{"href":"https:\/\/marcelolopes.jor.br\/site\/wp-json\/wp\/v2\/types\/post"}],"author":[{"embeddable":true,"href":"https:\/\/marcelolopes.jor.br\/site\/wp-json\/wp\/v2\/users\/2"}],"replies":[{"embeddable":true,"href":"https:\/\/marcelolopes.jor.br\/site\/wp-json\/wp\/v2\/comments?post=7808"}],"version-history":[{"count":0,"href":"https:\/\/marcelolopes.jor.br\/site\/wp-json\/wp\/v2\/posts\/7808\/revisions"}],"wp:featuredmedia":[{"embeddable":true,"href":"https:\/\/marcelolopes.jor.br\/site\/wp-json\/wp\/v2\/media\/7810"}],"wp:attachment":[{"href":"https:\/\/marcelolopes.jor.br\/site\/wp-json\/wp\/v2\/media?parent=7808"}],"wp:term":[{"taxonomy":"category","embeddable":true,"href":"https:\/\/marcelolopes.jor.br\/site\/wp-json\/wp\/v2\/categories?post=7808"},{"taxonomy":"post_tag","embeddable":true,"href":"https:\/\/marcelolopes.jor.br\/site\/wp-json\/wp\/v2\/tags?post=7808"}],"curies":[{"name":"wp","href":"https:\/\/api.w.org\/{rel}","templated":true}]}}