{"id":7782,"date":"2019-11-06T20:00:22","date_gmt":"2019-11-06T23:00:22","guid":{"rendered":"https:\/\/marcelolopes.jor.br\/?p=7782"},"modified":"2019-11-06T17:39:52","modified_gmt":"2019-11-06T20:39:52","slug":"taxistas-pedem-regulamentacao-do-transporte-por-aplicativo-em-leopoldina","status":"publish","type":"post","link":"https:\/\/marcelolopes.jor.br\/site\/2019\/11\/06\/taxistas-pedem-regulamentacao-do-transporte-por-aplicativo-em-leopoldina\/","title":{"rendered":"Taxistas pedem regulamenta\u00e7\u00e3o do transporte por aplicativo em Leopoldina"},"content":{"rendered":"<p style=\"text-align: justify;\">Representantes dos taxistas de Leopoldina reuniram-se na tarde da \u00faltima segunda-feira, 4 de novembro, com o prefeito Jos\u00e9 Roberto de Oliveira e alguns de seus secret\u00e1rios municipais, no Edif\u00edcio Athenas Shopping, localizado na Pra\u00e7a Professor Botelho Reis. Juntamente com os advogados Paulo S\u00e9rgio Avezani, de Juiz de Fora, e Helena Guerson Barbosa, de Leopoldina, e de diretores do Sindicato dos Condutores Aut\u00f4nomos de Ve\u00edculos Rodovi\u00e1rios de Leopoldina, os taxistas sugeriram ao prefeito um projeto de lei que regulamente o transporte de passageiros realizado no munic\u00edpio por meio de aplicativos.<!--more--><\/p>\n<p style=\"text-align: justify;\">Durante o encontro os advogados contratados pelos taxistas reafirmaram que o Sindicato n\u00e3o quer prejudicar ningu\u00e9m, apenas busca garantir os direitos da categoria, al\u00e9m da seguran\u00e7a para todos os usu\u00e1rios do servi\u00e7o no munic\u00edpio. &#8220;A categoria est\u00e1 preocupada com o transporte clandestino&#8221;, declarou ao Jornal O Vigilante Online o Dr. Paulo Avezani, informando que os taxistas n\u00e3o pretendem impedir os aplicativos, eles est\u00e3o sugerindo um projeto de lei visando regulamentar esse tipo de transporte tamb\u00e9m, al\u00e9m do t\u00e1xi obviamente. Que esse transporte seja regulamentado com o objetivo de trazer mais seguran\u00e7a para a popula\u00e7\u00e3o de Leopoldina&#8221;, afirmou o advogado.<\/p>\n<p style=\"text-align: justify;\">Ainda segundo Avezani, \u00e9 preciso tamb\u00e9m garantir a igualdade na concorr\u00eancia entre as partes, t\u00e1xis e aplicativos. &#8220;O que n\u00e3o pode hoje, igual est\u00e1 acontecendo em Leopoldina, \u00e9 o transporte clandestino sem autoriza\u00e7\u00e3o, sem regulamenta\u00e7\u00e3o, trazendo inseguran\u00e7a jur\u00eddica para o sistema e p\u00fablica tamb\u00e9m para aquele usu\u00e1rio desse tipo de transporte, porque hoje o munic\u00edpio n\u00e3o tem sequer o controle de quem est\u00e1 operando esse tipo de transporte por aplicativo. O objetivo dos taxistas \u00e9 ampliar esse servi\u00e7o e que a popula\u00e7\u00e3o tenha o direito de escolha, sim, mas que seja resguardada a ela seguran\u00e7a e aos taxistas a igualdade na concorr\u00eancia, que \u00e9 muito salutar para o mercado&#8221;, finalizou o advogado da categoria.<\/p>\n<p style=\"text-align: justify;\"><img loading=\"lazy\" decoding=\"async\" class=\"aligncenter wp-image-7785\" src=\"https:\/\/marcelolopes.jor.br\/site\/wp-content\/uploads\/2019\/11\/f58a9dd394914794b0a7beb93473c69f.jpg\" alt=\"\" width=\"500\" height=\"331\" srcset=\"https:\/\/marcelolopes.jor.br\/site\/wp-content\/uploads\/2019\/11\/f58a9dd394914794b0a7beb93473c69f.jpg 893w, https:\/\/marcelolopes.jor.br\/site\/wp-content\/uploads\/2019\/11\/f58a9dd394914794b0a7beb93473c69f-300x199.jpg 300w, https:\/\/marcelolopes.jor.br\/site\/wp-content\/uploads\/2019\/11\/f58a9dd394914794b0a7beb93473c69f-768x508.jpg 768w\" sizes=\"auto, (max-width: 500px) 100vw, 500px\" \/>&#8220;A reuni\u00e3o foi muito boa&#8221;, disse o presidente do Sindicato, Jos\u00e9 Euler Almeida Neto, referindo-se ao encontro com o prefeito e secret\u00e1rios. Ele reafirmou que a entidade n\u00e3o quer prejudicar ningu\u00e9m, apenas busca garantir os direitos da categoria, al\u00e9m da seguran\u00e7a para todos os usu\u00e1rios do servi\u00e7o no munic\u00edpio. &#8220;N\u00f3s n\u00e3o somos contra o aplicativo, somos contra o transporte clandestino&#8221;, esclareceu Euler \u00e0 reportagem. A Prefeitura de Leopoldina ainda n\u00e3o se pronunciou a respeito da sugest\u00e3o dos taxistas.<\/p>\n<p>Fonte e fotos: O Vigilante Online<\/p>\n<div class=\"aziqn69f750161b116\" ><br><\/div><style type=\"text\/css\">\r\n@media screen and (min-width: 1201px) {\r\n.aziqn69f750161b116 {\r\ndisplay: block;\r\n}\r\n}\r\n@media screen and (min-width: 993px) and (max-width: 1200px) {\r\n.aziqn69f750161b116 {\r\ndisplay: block;\r\n}\r\n}\r\n@media screen and (min-width: 769px) and (max-width: 992px) {\r\n.aziqn69f750161b116 {\r\ndisplay: block;\r\n}\r\n}\r\n@media screen and (min-width: 768px) and (max-width: 768px) {\r\n.aziqn69f750161b116 {\r\ndisplay: block;\r\n}\r\n}\r\n@media screen and (max-width: 767px) {\r\n.aziqn69f750161b116 {\r\ndisplay: block;\r\n}\r\n}\r\n<\/style>\r\n<div class=\"cbfwu69f750162092b\" ><div id=\"div_destino\"><\/div>\r\n<script src=\"https:\/\/cdn.snsrsv.com\/sdk.js\"><\/script>\r\n<script >\r\n      new sdk(\"464030C30061EA8BE065000000000001\") \r\n          .appendTo(\"div_destino\")\r\n          .disableStyle(true) \r\n          .setCacheBusterMacro(\"%%CACHEBUSTER%%\")\r\n          .setSize(\"800\",\"214\")\r\n          .setClickMacro(\"%%CLICK_URL_ESC%%\") \r\n          .setReferrerUrlMacro(\"%%REFERRER_URL_ESC%%\") \r\n          .start(); \r\n<\/script><\/div><style type=\"text\/css\">\r\n@media screen and (min-width: 1201px) {\r\n.cbfwu69f750162092b {\r\ndisplay: block;\r\n}\r\n}\r\n@media screen and (min-width: 993px) and (max-width: 1200px) {\r\n.cbfwu69f750162092b {\r\ndisplay: block;\r\n}\r\n}\r\n@media screen and (min-width: 769px) and (max-width: 992px) {\r\n.cbfwu69f750162092b {\r\ndisplay: block;\r\n}\r\n}\r\n@media screen and (min-width: 768px) and (max-width: 768px) {\r\n.cbfwu69f750162092b {\r\ndisplay: block;\r\n}\r\n}\r\n@media screen and (max-width: 767px) {\r\n.cbfwu69f750162092b {\r\ndisplay: block;\r\n}\r\n}\r\n<\/style>\r\n","protected":false},"excerpt":{"rendered":"<p>Representantes dos taxistas de Leopoldina reuniram-se na tarde da \u00faltima segunda-feira, 4 de novembro, com o prefeito Jos\u00e9 Roberto de Oliveira e alguns de seus secret\u00e1rios municipais, no Edif\u00edcio Athenas Shopping, localizado na Pra\u00e7a Professor Botelho Reis. Juntamente com os<\/p>\n<p class=\"link-more\"><a class=\"more-link\" href=\"https:\/\/marcelolopes.jor.br\/site\/2019\/11\/06\/taxistas-pedem-regulamentacao-do-transporte-por-aplicativo-em-leopoldina\/\">Leia mais <span class=\"screen-reader-text\">Taxistas pedem regulamenta\u00e7\u00e3o do transporte por aplicativo em Leopoldina<\/span><\/a><\/p>\n","protected":false},"author":2,"featured_media":7784,"comment_status":"open","ping_status":"open","sticky":false,"template":"","format":"standard","meta":{"footnotes":""},"categories":[1],"tags":[1411,91,1594,1595],"class_list":["post-7782","post","type-post","status-publish","format-standard","has-post-thumbnail","hentry","category-noticias","tag-aplicativo","tag-taxi","tag-taxistas","tag-transporte-publico","thumb-below-title"],"yoast_head":"<!-- This site is optimized with the Yoast SEO plugin v27.4 - https:\/\/yoast.com\/product\/yoast-seo-wordpress\/ -->\n<title>Taxistas pedem regulamenta\u00e7\u00e3o do transporte por aplicativo em Leopoldina | Marcelo Lopes<\/title>\n<meta name=\"robots\" content=\"index, follow, max-snippet:-1, max-image-preview:large, max-video-preview:-1\" \/>\n<link rel=\"canonical\" href=\"https:\/\/marcelolopes.jor.br\/site\/2019\/11\/06\/taxistas-pedem-regulamentacao-do-transporte-por-aplicativo-em-leopoldina\/\" \/>\n<meta property=\"og:locale\" content=\"pt_BR\" \/>\n<meta property=\"og:type\" content=\"article\" \/>\n<meta property=\"og:title\" content=\"Taxistas pedem regulamenta\u00e7\u00e3o do transporte por aplicativo em Leopoldina | Marcelo Lopes\" \/>\n<meta property=\"og:description\" content=\"Representantes dos taxistas de Leopoldina reuniram-se na tarde da \u00faltima segunda-feira, 4 de novembro, com o prefeito Jos\u00e9 Roberto de Oliveira e alguns de seus secret\u00e1rios municipais, no Edif\u00edcio Athenas Shopping, localizado na Pra\u00e7a Professor Botelho Reis. Juntamente com osLeia mais Taxistas pedem regulamenta\u00e7\u00e3o do transporte por aplicativo em Leopoldina\" \/>\n<meta property=\"og:url\" content=\"https:\/\/marcelolopes.jor.br\/site\/2019\/11\/06\/taxistas-pedem-regulamentacao-do-transporte-por-aplicativo-em-leopoldina\/\" \/>\n<meta property=\"og:site_name\" content=\"Marcelo Lopes\" \/>\n<meta property=\"article:publisher\" content=\"https:\/\/www.facebook.com\/sitedomarcelolopes\" \/>\n<meta property=\"article:published_time\" content=\"2019-11-06T23:00:22+00:00\" \/>\n<meta property=\"og:image\" content=\"https:\/\/marcelolopes.jor.br\/site\/wp-content\/uploads\/2019\/11\/563f43b89145485cb0b88b1de2e52216.jpg\" \/>\n\t<meta property=\"og:image:width\" content=\"900\" \/>\n\t<meta property=\"og:image:height\" content=\"500\" \/>\n\t<meta property=\"og:image:type\" content=\"image\/jpeg\" \/>\n<meta name=\"author\" content=\"Marcelo Lopes\" \/>\n<meta name=\"twitter:card\" content=\"summary_large_image\" \/>\n<meta name=\"twitter:label1\" content=\"Escrito por\" \/>\n\t<meta name=\"twitter:data1\" content=\"Marcelo Lopes\" \/>\n\t<meta name=\"twitter:label2\" content=\"Est. tempo de leitura\" \/>\n\t<meta name=\"twitter:data2\" content=\"2 minutos\" \/>\n<script type=\"application\/ld+json\" class=\"yoast-schema-graph\">{\"@context\":\"https:\\\/\\\/schema.org\",\"@graph\":[{\"@type\":\"NewsArticle\",\"@id\":\"https:\\\/\\\/marcelolopes.jor.br\\\/site\\\/2019\\\/11\\\/06\\\/taxistas-pedem-regulamentacao-do-transporte-por-aplicativo-em-leopoldina\\\/#article\",\"isPartOf\":{\"@id\":\"https:\\\/\\\/marcelolopes.jor.br\\\/site\\\/2019\\\/11\\\/06\\\/taxistas-pedem-regulamentacao-do-transporte-por-aplicativo-em-leopoldina\\\/\"},\"author\":{\"name\":\"Marcelo Lopes\",\"@id\":\"https:\\\/\\\/marcelolopes.jor.br\\\/site\\\/#\\\/schema\\\/person\\\/3e7216a35c34d8fdf952b31da3d1f89f\"},\"headline\":\"Taxistas pedem regulamenta\u00e7\u00e3o do transporte por aplicativo em Leopoldina\",\"datePublished\":\"2019-11-06T23:00:22+00:00\",\"mainEntityOfPage\":{\"@id\":\"https:\\\/\\\/marcelolopes.jor.br\\\/site\\\/2019\\\/11\\\/06\\\/taxistas-pedem-regulamentacao-do-transporte-por-aplicativo-em-leopoldina\\\/\"},\"wordCount\":442,\"commentCount\":0,\"publisher\":{\"@id\":\"https:\\\/\\\/marcelolopes.jor.br\\\/site\\\/#organization\"},\"image\":{\"@id\":\"https:\\\/\\\/marcelolopes.jor.br\\\/site\\\/2019\\\/11\\\/06\\\/taxistas-pedem-regulamentacao-do-transporte-por-aplicativo-em-leopoldina\\\/#primaryimage\"},\"thumbnailUrl\":\"https:\\\/\\\/marcelolopes.jor.br\\\/site\\\/wp-content\\\/uploads\\\/2019\\\/11\\\/563f43b89145485cb0b88b1de2e52216.jpg\",\"keywords\":[\"aplicativo\",\"t\u00e1xi\",\"taxistas\",\"transporte p\u00fablico\"],\"articleSection\":[\"Not\u00edcias\"],\"inLanguage\":\"pt-BR\",\"potentialAction\":[{\"@type\":\"CommentAction\",\"name\":\"Comment\",\"target\":[\"https:\\\/\\\/marcelolopes.jor.br\\\/site\\\/2019\\\/11\\\/06\\\/taxistas-pedem-regulamentacao-do-transporte-por-aplicativo-em-leopoldina\\\/#respond\"]}]},{\"@type\":\"WebPage\",\"@id\":\"https:\\\/\\\/marcelolopes.jor.br\\\/site\\\/2019\\\/11\\\/06\\\/taxistas-pedem-regulamentacao-do-transporte-por-aplicativo-em-leopoldina\\\/\",\"url\":\"https:\\\/\\\/marcelolopes.jor.br\\\/site\\\/2019\\\/11\\\/06\\\/taxistas-pedem-regulamentacao-do-transporte-por-aplicativo-em-leopoldina\\\/\",\"name\":\"Taxistas pedem regulamenta\u00e7\u00e3o do transporte por aplicativo em Leopoldina | Marcelo Lopes\",\"isPartOf\":{\"@id\":\"https:\\\/\\\/marcelolopes.jor.br\\\/site\\\/#website\"},\"primaryImageOfPage\":{\"@id\":\"https:\\\/\\\/marcelolopes.jor.br\\\/site\\\/2019\\\/11\\\/06\\\/taxistas-pedem-regulamentacao-do-transporte-por-aplicativo-em-leopoldina\\\/#primaryimage\"},\"image\":{\"@id\":\"https:\\\/\\\/marcelolopes.jor.br\\\/site\\\/2019\\\/11\\\/06\\\/taxistas-pedem-regulamentacao-do-transporte-por-aplicativo-em-leopoldina\\\/#primaryimage\"},\"thumbnailUrl\":\"https:\\\/\\\/marcelolopes.jor.br\\\/site\\\/wp-content\\\/uploads\\\/2019\\\/11\\\/563f43b89145485cb0b88b1de2e52216.jpg\",\"datePublished\":\"2019-11-06T23:00:22+00:00\",\"breadcrumb\":{\"@id\":\"https:\\\/\\\/marcelolopes.jor.br\\\/site\\\/2019\\\/11\\\/06\\\/taxistas-pedem-regulamentacao-do-transporte-por-aplicativo-em-leopoldina\\\/#breadcrumb\"},\"inLanguage\":\"pt-BR\",\"potentialAction\":[{\"@type\":\"ReadAction\",\"target\":[\"https:\\\/\\\/marcelolopes.jor.br\\\/site\\\/2019\\\/11\\\/06\\\/taxistas-pedem-regulamentacao-do-transporte-por-aplicativo-em-leopoldina\\\/\"]}]},{\"@type\":\"ImageObject\",\"inLanguage\":\"pt-BR\",\"@id\":\"https:\\\/\\\/marcelolopes.jor.br\\\/site\\\/2019\\\/11\\\/06\\\/taxistas-pedem-regulamentacao-do-transporte-por-aplicativo-em-leopoldina\\\/#primaryimage\",\"url\":\"https:\\\/\\\/marcelolopes.jor.br\\\/site\\\/wp-content\\\/uploads\\\/2019\\\/11\\\/563f43b89145485cb0b88b1de2e52216.jpg\",\"contentUrl\":\"https:\\\/\\\/marcelolopes.jor.br\\\/site\\\/wp-content\\\/uploads\\\/2019\\\/11\\\/563f43b89145485cb0b88b1de2e52216.jpg\",\"width\":900,\"height\":500},{\"@type\":\"BreadcrumbList\",\"@id\":\"https:\\\/\\\/marcelolopes.jor.br\\\/site\\\/2019\\\/11\\\/06\\\/taxistas-pedem-regulamentacao-do-transporte-por-aplicativo-em-leopoldina\\\/#breadcrumb\",\"itemListElement\":[{\"@type\":\"ListItem\",\"position\":1,\"name\":\"Home\",\"item\":\"https:\\\/\\\/marcelolopes.jor.br\\\/site\\\/\"},{\"@type\":\"ListItem\",\"position\":2,\"name\":\"Taxistas pedem regulamenta\u00e7\u00e3o do transporte por aplicativo em Leopoldina\"}]},{\"@type\":\"WebSite\",\"@id\":\"https:\\\/\\\/marcelolopes.jor.br\\\/site\\\/#website\",\"url\":\"https:\\\/\\\/marcelolopes.jor.br\\\/site\\\/\",\"name\":\"Marcelo Lopes\",\"description\":\"Not\u00edcias de Cataguases e Regi\u00e3o\",\"publisher\":{\"@id\":\"https:\\\/\\\/marcelolopes.jor.br\\\/site\\\/#organization\"},\"potentialAction\":[{\"@type\":\"SearchAction\",\"target\":{\"@type\":\"EntryPoint\",\"urlTemplate\":\"https:\\\/\\\/marcelolopes.jor.br\\\/site\\\/?s={search_term_string}\"},\"query-input\":{\"@type\":\"PropertyValueSpecification\",\"valueRequired\":true,\"valueName\":\"search_term_string\"}}],\"inLanguage\":\"pt-BR\"},{\"@type\":\"Organization\",\"@id\":\"https:\\\/\\\/marcelolopes.jor.br\\\/site\\\/#organization\",\"name\":\"Site do Marcelo Lopes\",\"url\":\"https:\\\/\\\/marcelolopes.jor.br\\\/site\\\/\",\"logo\":{\"@type\":\"ImageObject\",\"inLanguage\":\"pt-BR\",\"@id\":\"https:\\\/\\\/marcelolopes.jor.br\\\/site\\\/#\\\/schema\\\/logo\\\/image\\\/\",\"url\":\"https:\\\/\\\/marcelolopes.jor.br\\\/site\\\/wp-content\\\/uploads\\\/2024\\\/11\\\/logo-1.png\",\"contentUrl\":\"https:\\\/\\\/marcelolopes.jor.br\\\/site\\\/wp-content\\\/uploads\\\/2024\\\/11\\\/logo-1.png\",\"width\":475,\"height\":80,\"caption\":\"Site do Marcelo Lopes\"},\"image\":{\"@id\":\"https:\\\/\\\/marcelolopes.jor.br\\\/site\\\/#\\\/schema\\\/logo\\\/image\\\/\"},\"sameAs\":[\"https:\\\/\\\/www.facebook.com\\\/sitedomarcelolopes\",\"https:\\\/\\\/www.instagram.com\\\/sitedomarcelolopes\\\/\",\"https:\\\/\\\/www.linkedin.com\\\/company\\\/site-do-marcelo-lopes\\\/\",\"https:\\\/\\\/www.youtube.com\\\/user\\\/marcelolopes957\"]},{\"@type\":\"Person\",\"@id\":\"https:\\\/\\\/marcelolopes.jor.br\\\/site\\\/#\\\/schema\\\/person\\\/3e7216a35c34d8fdf952b31da3d1f89f\",\"name\":\"Marcelo Lopes\",\"sameAs\":[\"http:\\\/\\\/www.marcelolopes.jor.br\"],\"url\":\"https:\\\/\\\/marcelolopes.jor.br\\\/site\\\/author\\\/marcelo\\\/\"}]}<\/script>\n<!-- \/ Yoast SEO plugin. -->","yoast_head_json":{"title":"Taxistas pedem regulamenta\u00e7\u00e3o do transporte por aplicativo em Leopoldina | Marcelo Lopes","robots":{"index":"index","follow":"follow","max-snippet":"max-snippet:-1","max-image-preview":"max-image-preview:large","max-video-preview":"max-video-preview:-1"},"canonical":"https:\/\/marcelolopes.jor.br\/site\/2019\/11\/06\/taxistas-pedem-regulamentacao-do-transporte-por-aplicativo-em-leopoldina\/","og_locale":"pt_BR","og_type":"article","og_title":"Taxistas pedem regulamenta\u00e7\u00e3o do transporte por aplicativo em Leopoldina | Marcelo Lopes","og_description":"Representantes dos taxistas de Leopoldina reuniram-se na tarde da \u00faltima segunda-feira, 4 de novembro, com o prefeito Jos\u00e9 Roberto de Oliveira e alguns de seus secret\u00e1rios municipais, no Edif\u00edcio Athenas Shopping, localizado na Pra\u00e7a Professor Botelho Reis. Juntamente com osLeia mais Taxistas pedem regulamenta\u00e7\u00e3o do transporte por aplicativo em Leopoldina","og_url":"https:\/\/marcelolopes.jor.br\/site\/2019\/11\/06\/taxistas-pedem-regulamentacao-do-transporte-por-aplicativo-em-leopoldina\/","og_site_name":"Marcelo Lopes","article_publisher":"https:\/\/www.facebook.com\/sitedomarcelolopes","article_published_time":"2019-11-06T23:00:22+00:00","og_image":[{"width":900,"height":500,"url":"https:\/\/marcelolopes.jor.br\/site\/wp-content\/uploads\/2019\/11\/563f43b89145485cb0b88b1de2e52216.jpg","type":"image\/jpeg"}],"author":"Marcelo Lopes","twitter_card":"summary_large_image","twitter_misc":{"Escrito por":"Marcelo Lopes","Est. tempo de leitura":"2 minutos"},"schema":{"@context":"https:\/\/schema.org","@graph":[{"@type":"NewsArticle","@id":"https:\/\/marcelolopes.jor.br\/site\/2019\/11\/06\/taxistas-pedem-regulamentacao-do-transporte-por-aplicativo-em-leopoldina\/#article","isPartOf":{"@id":"https:\/\/marcelolopes.jor.br\/site\/2019\/11\/06\/taxistas-pedem-regulamentacao-do-transporte-por-aplicativo-em-leopoldina\/"},"author":{"name":"Marcelo Lopes","@id":"https:\/\/marcelolopes.jor.br\/site\/#\/schema\/person\/3e7216a35c34d8fdf952b31da3d1f89f"},"headline":"Taxistas pedem regulamenta\u00e7\u00e3o do transporte por aplicativo em Leopoldina","datePublished":"2019-11-06T23:00:22+00:00","mainEntityOfPage":{"@id":"https:\/\/marcelolopes.jor.br\/site\/2019\/11\/06\/taxistas-pedem-regulamentacao-do-transporte-por-aplicativo-em-leopoldina\/"},"wordCount":442,"commentCount":0,"publisher":{"@id":"https:\/\/marcelolopes.jor.br\/site\/#organization"},"image":{"@id":"https:\/\/marcelolopes.jor.br\/site\/2019\/11\/06\/taxistas-pedem-regulamentacao-do-transporte-por-aplicativo-em-leopoldina\/#primaryimage"},"thumbnailUrl":"https:\/\/marcelolopes.jor.br\/site\/wp-content\/uploads\/2019\/11\/563f43b89145485cb0b88b1de2e52216.jpg","keywords":["aplicativo","t\u00e1xi","taxistas","transporte p\u00fablico"],"articleSection":["Not\u00edcias"],"inLanguage":"pt-BR","potentialAction":[{"@type":"CommentAction","name":"Comment","target":["https:\/\/marcelolopes.jor.br\/site\/2019\/11\/06\/taxistas-pedem-regulamentacao-do-transporte-por-aplicativo-em-leopoldina\/#respond"]}]},{"@type":"WebPage","@id":"https:\/\/marcelolopes.jor.br\/site\/2019\/11\/06\/taxistas-pedem-regulamentacao-do-transporte-por-aplicativo-em-leopoldina\/","url":"https:\/\/marcelolopes.jor.br\/site\/2019\/11\/06\/taxistas-pedem-regulamentacao-do-transporte-por-aplicativo-em-leopoldina\/","name":"Taxistas pedem regulamenta\u00e7\u00e3o do transporte por aplicativo em Leopoldina | Marcelo Lopes","isPartOf":{"@id":"https:\/\/marcelolopes.jor.br\/site\/#website"},"primaryImageOfPage":{"@id":"https:\/\/marcelolopes.jor.br\/site\/2019\/11\/06\/taxistas-pedem-regulamentacao-do-transporte-por-aplicativo-em-leopoldina\/#primaryimage"},"image":{"@id":"https:\/\/marcelolopes.jor.br\/site\/2019\/11\/06\/taxistas-pedem-regulamentacao-do-transporte-por-aplicativo-em-leopoldina\/#primaryimage"},"thumbnailUrl":"https:\/\/marcelolopes.jor.br\/site\/wp-content\/uploads\/2019\/11\/563f43b89145485cb0b88b1de2e52216.jpg","datePublished":"2019-11-06T23:00:22+00:00","breadcrumb":{"@id":"https:\/\/marcelolopes.jor.br\/site\/2019\/11\/06\/taxistas-pedem-regulamentacao-do-transporte-por-aplicativo-em-leopoldina\/#breadcrumb"},"inLanguage":"pt-BR","potentialAction":[{"@type":"ReadAction","target":["https:\/\/marcelolopes.jor.br\/site\/2019\/11\/06\/taxistas-pedem-regulamentacao-do-transporte-por-aplicativo-em-leopoldina\/"]}]},{"@type":"ImageObject","inLanguage":"pt-BR","@id":"https:\/\/marcelolopes.jor.br\/site\/2019\/11\/06\/taxistas-pedem-regulamentacao-do-transporte-por-aplicativo-em-leopoldina\/#primaryimage","url":"https:\/\/marcelolopes.jor.br\/site\/wp-content\/uploads\/2019\/11\/563f43b89145485cb0b88b1de2e52216.jpg","contentUrl":"https:\/\/marcelolopes.jor.br\/site\/wp-content\/uploads\/2019\/11\/563f43b89145485cb0b88b1de2e52216.jpg","width":900,"height":500},{"@type":"BreadcrumbList","@id":"https:\/\/marcelolopes.jor.br\/site\/2019\/11\/06\/taxistas-pedem-regulamentacao-do-transporte-por-aplicativo-em-leopoldina\/#breadcrumb","itemListElement":[{"@type":"ListItem","position":1,"name":"Home","item":"https:\/\/marcelolopes.jor.br\/site\/"},{"@type":"ListItem","position":2,"name":"Taxistas pedem regulamenta\u00e7\u00e3o do transporte por aplicativo em Leopoldina"}]},{"@type":"WebSite","@id":"https:\/\/marcelolopes.jor.br\/site\/#website","url":"https:\/\/marcelolopes.jor.br\/site\/","name":"Marcelo Lopes","description":"Not\u00edcias de Cataguases e Regi\u00e3o","publisher":{"@id":"https:\/\/marcelolopes.jor.br\/site\/#organization"},"potentialAction":[{"@type":"SearchAction","target":{"@type":"EntryPoint","urlTemplate":"https:\/\/marcelolopes.jor.br\/site\/?s={search_term_string}"},"query-input":{"@type":"PropertyValueSpecification","valueRequired":true,"valueName":"search_term_string"}}],"inLanguage":"pt-BR"},{"@type":"Organization","@id":"https:\/\/marcelolopes.jor.br\/site\/#organization","name":"Site do Marcelo Lopes","url":"https:\/\/marcelolopes.jor.br\/site\/","logo":{"@type":"ImageObject","inLanguage":"pt-BR","@id":"https:\/\/marcelolopes.jor.br\/site\/#\/schema\/logo\/image\/","url":"https:\/\/marcelolopes.jor.br\/site\/wp-content\/uploads\/2024\/11\/logo-1.png","contentUrl":"https:\/\/marcelolopes.jor.br\/site\/wp-content\/uploads\/2024\/11\/logo-1.png","width":475,"height":80,"caption":"Site do Marcelo Lopes"},"image":{"@id":"https:\/\/marcelolopes.jor.br\/site\/#\/schema\/logo\/image\/"},"sameAs":["https:\/\/www.facebook.com\/sitedomarcelolopes","https:\/\/www.instagram.com\/sitedomarcelolopes\/","https:\/\/www.linkedin.com\/company\/site-do-marcelo-lopes\/","https:\/\/www.youtube.com\/user\/marcelolopes957"]},{"@type":"Person","@id":"https:\/\/marcelolopes.jor.br\/site\/#\/schema\/person\/3e7216a35c34d8fdf952b31da3d1f89f","name":"Marcelo Lopes","sameAs":["http:\/\/www.marcelolopes.jor.br"],"url":"https:\/\/marcelolopes.jor.br\/site\/author\/marcelo\/"}]}},"wps_subtitle":"Eles sugeriram ao prefeito o envio de Projeto de Lei \u00e0 C\u00e2mara regulamentando o servi\u00e7o.","_links":{"self":[{"href":"https:\/\/marcelolopes.jor.br\/site\/wp-json\/wp\/v2\/posts\/7782","targetHints":{"allow":["GET"]}}],"collection":[{"href":"https:\/\/marcelolopes.jor.br\/site\/wp-json\/wp\/v2\/posts"}],"about":[{"href":"https:\/\/marcelolopes.jor.br\/site\/wp-json\/wp\/v2\/types\/post"}],"author":[{"embeddable":true,"href":"https:\/\/marcelolopes.jor.br\/site\/wp-json\/wp\/v2\/users\/2"}],"replies":[{"embeddable":true,"href":"https:\/\/marcelolopes.jor.br\/site\/wp-json\/wp\/v2\/comments?post=7782"}],"version-history":[{"count":0,"href":"https:\/\/marcelolopes.jor.br\/site\/wp-json\/wp\/v2\/posts\/7782\/revisions"}],"wp:featuredmedia":[{"embeddable":true,"href":"https:\/\/marcelolopes.jor.br\/site\/wp-json\/wp\/v2\/media\/7784"}],"wp:attachment":[{"href":"https:\/\/marcelolopes.jor.br\/site\/wp-json\/wp\/v2\/media?parent=7782"}],"wp:term":[{"taxonomy":"category","embeddable":true,"href":"https:\/\/marcelolopes.jor.br\/site\/wp-json\/wp\/v2\/categories?post=7782"},{"taxonomy":"post_tag","embeddable":true,"href":"https:\/\/marcelolopes.jor.br\/site\/wp-json\/wp\/v2\/tags?post=7782"}],"curies":[{"name":"wp","href":"https:\/\/api.w.org\/{rel}","templated":true}]}}