{"id":754,"date":"2019-04-13T13:00:26","date_gmt":"2019-04-13T16:00:26","guid":{"rendered":"https:\/\/marcelolopes.jor.br\/?p=754"},"modified":"2019-04-15T19:39:57","modified_gmt":"2019-04-15T22:39:57","slug":"energisa-anuncia-em-reuniao-do-cezom-novos-projetos-para-regiao","status":"publish","type":"post","link":"https:\/\/marcelolopes.jor.br\/site\/2019\/04\/13\/energisa-anuncia-em-reuniao-do-cezom-novos-projetos-para-regiao\/","title":{"rendered":"Energisa anuncia em reuni\u00e3o do Cezom novos projetos para regi\u00e3o"},"content":{"rendered":"<div>\n<div style=\"text-align: justify;\">O Conselho de Desenvolvimento da Zona da Mata, organizado pelo Grupo Unis, atrav\u00e9s da FIC, em Cataguases, realizou sexta-feira, 12 de abril, mais um encontro empresarial, o maior desde sua cria\u00e7\u00e3o. Desta vez os convidados ouviram duas r\u00e1pidas explana\u00e7\u00f5es sobre o Codec &#8211; Conselho de Desenvolvimento de Cataguases &#8211; presidido pelo empres\u00e1rio Humberto Morais Lanzieri e que apresentou suas principais diretrizes, e o professor da FIC, Luiz Paix\u00e3o, um dos coordenadores do Festic &#8211; Feira de Empreendedorismo, Sustentabilidade, Tecnologia e Inova\u00e7\u00e3o de Cataguases &#8211; que vai acontecer em julho pr\u00f3ximo. A palestra do dia foi proferida por Fernando Lima Costalonga, Diretor T\u00e9cnico e Comercial da Energisa que apresentou os projetos da empresa.<\/div>\n<\/div>\n<p><!--more--><\/p>\n<div>\n<div style=\"text-align: justify;\"><a href=\"https:\/\/marcelolopes.jor.br\/site\/wp-content\/uploads\/2019\/04\/20190413125208_410.jpg\"><img loading=\"lazy\" decoding=\"async\" class=\"aligncenter size-full wp-image-772\" src=\"https:\/\/marcelolopes.jor.br\/site\/wp-content\/uploads\/2019\/04\/20190413125208_410.jpg\" alt=\"\" width=\"565\" height=\"336\" srcset=\"https:\/\/marcelolopes.jor.br\/site\/wp-content\/uploads\/2019\/04\/20190413125208_410.jpg 565w, https:\/\/marcelolopes.jor.br\/site\/wp-content\/uploads\/2019\/04\/20190413125208_410-300x178.jpg 300w\" sizes=\"auto, (max-width: 565px) 100vw, 565px\" \/><\/a> <a href=\"https:\/\/marcelolopes.jor.br\/site\/wp-content\/uploads\/2019\/04\/20190413125132_582.jpg\"><img loading=\"lazy\" decoding=\"async\" class=\"aligncenter size-full wp-image-773\" src=\"https:\/\/marcelolopes.jor.br\/site\/wp-content\/uploads\/2019\/04\/20190413125132_582.jpg\" alt=\"\" width=\"565\" height=\"377\" srcset=\"https:\/\/marcelolopes.jor.br\/site\/wp-content\/uploads\/2019\/04\/20190413125132_582.jpg 565w, https:\/\/marcelolopes.jor.br\/site\/wp-content\/uploads\/2019\/04\/20190413125132_582-300x200.jpg 300w\" sizes=\"auto, (max-width: 565px) 100vw, 565px\" \/><\/a><a href=\"https:\/\/marcelolopes.jor.br\/site\/wp-content\/uploads\/2019\/04\/20190413125355_297.jpg\"><img loading=\"lazy\" decoding=\"async\" class=\"alignleft size-full wp-image-774\" src=\"https:\/\/marcelolopes.jor.br\/site\/wp-content\/uploads\/2019\/04\/20190413125355_297.jpg\" alt=\"\" width=\"204\" height=\"225\" \/><\/a>Na abertura, o professor Fred Henrique (foto ao lado), atual diretor da FIC, reiterou o compromisso da institui\u00e7\u00e3o em apoiar o desenvolvimento da regi\u00e3o onde est\u00e1 inserida. Na sequ\u00eancia, Humberto Lanzieri falou sobre a cria\u00e7\u00e3o do Codec e suas metas visando contribuir para o desenvolvimento de Cataguases. Segundo ele o \u00f3rg\u00e3o tem car\u00e1ter &#8220;deliberativo, normativo e consultivo tendo como finalidade formular, supervisionar e propor a execu\u00e7\u00e3o das pol\u00edticas de desenvolvimento humano, econ\u00f4mico e sustent\u00e1vel para Cataguases. Em seguida, Luiz Paix\u00e3o (foto abaixo) explicou sobre a realiza\u00e7\u00e3o do Festic que conta com diversos parceiros como a escola Polivalente, as empresas RED7 e Sicoob Coopemata, entre outros. Ele apresentou tamb\u00e9m as propostas de patroc\u00ednio e de participa\u00e7\u00e3o no evento que conta ainda com m\u00fasica, gastronomia e stands das empresas participantes visando promover o networking.<\/div>\n<\/div>\n<div style=\"text-align: justify;\"><\/div>\n<div><\/div>\n<div style=\"text-align: justify;\"><a href=\"https:\/\/marcelolopes.jor.br\/site\/wp-content\/uploads\/2019\/04\/20190413125513_540.jpg\"><img loading=\"lazy\" decoding=\"async\" class=\"alignleft size-full wp-image-775\" src=\"https:\/\/marcelolopes.jor.br\/site\/wp-content\/uploads\/2019\/04\/20190413125513_540.jpg\" alt=\"\" width=\"131\" height=\"185\" \/><\/a>A palestra do dia ficou por conta de Fernando Costalonga que abordou as perspectivas de desenvolvimento econ\u00f4mico-industrial de Cataguases e regi\u00e3o e os projetos da Energisa, a maior empresa da cidade e a quinta distribuidora de energia el\u00e9trica do pa\u00eds. Ele informou que este ano a empresa vai investir cerca de R$ 78 milh\u00f5es na sua \u00e1rea de concess\u00e3o (Minas Gerais e Nova Friburgo) e apresentou novos projetos, sendo o que chamou mais aten\u00e7\u00e3o foi a implanta\u00e7\u00e3o do projeto piloto de Smart City em Cataguases. Na pr\u00e1tica isso significa buscar implantar no munic\u00edpio com o apoio de outros \u00f3rg\u00e3os, mecanismos inteligentes melhorando a o dia-a-dia do cidad\u00e3o. De acordo com Costalonga, dezoito iniciativas neste sentido est\u00e3o sendo priorizadas pela empresa, como a substitui\u00e7\u00e3o da atual ilumina\u00e7\u00e3o p\u00fablica por l\u00e2mpadas de LED, eficientiza\u00e7\u00e3o energ\u00e9tica de pr\u00e9dios p\u00fablicos, aquisi\u00e7\u00e3o de ve\u00edculos el\u00e9tricos com testes operacionais, implanta\u00e7\u00e3o da fatura digital e a cria\u00e7\u00e3o de um aplicativo que ir\u00e1 reunir todos os servi\u00e7os p\u00fablicos municipais dispon\u00edveis online, entre outros.<\/div>\n<div style=\"text-align: justify;\"><\/div>\n<div style=\"text-align: justify;\">Ap\u00f3s a palestra, Fred anunciou a data do pr\u00f3ximo encontro, para junho e agradeceu a presen\u00e7a de todos. O evento contou tamb\u00e9m com as participa\u00e7\u00f5es do deputado estadual Fernando Pacheco e do prefeito de S\u00e3o Sebasti\u00e3o da Vargem Alegre, Claudiomir Vieira.<\/p>\n<p>Veja na galeria abaixo as fotos deste encontro.<\/p><\/div>\n<div>\n<div id='gallery-1' class='gallery galleryid-754 gallery-columns-4 gallery-size-thumbnail'><figure class='gallery-item'>\n\t\t\t<div class='gallery-icon landscape'>\n\t\t\t\t<a href='https:\/\/marcelolopes.jor.br\/site\/wp-content\/uploads\/2019\/04\/20190413125604_662-1.jpg'><img loading=\"lazy\" decoding=\"async\" width=\"150\" height=\"150\" src=\"https:\/\/marcelolopes.jor.br\/site\/wp-content\/uploads\/2019\/04\/20190413125604_662-1-150x150.jpg\" class=\"attachment-thumbnail size-thumbnail\" alt=\"\" \/><\/a>\n\t\t\t<\/div><\/figure><figure class='gallery-item'>\n\t\t\t<div class='gallery-icon landscape'>\n\t\t\t\t<a href='https:\/\/marcelolopes.jor.br\/site\/wp-content\/uploads\/2019\/04\/20190413125607_581.jpg'><img loading=\"lazy\" decoding=\"async\" width=\"150\" height=\"150\" src=\"https:\/\/marcelolopes.jor.br\/site\/wp-content\/uploads\/2019\/04\/20190413125607_581-150x150.jpg\" class=\"attachment-thumbnail size-thumbnail\" alt=\"\" \/><\/a>\n\t\t\t<\/div><\/figure><figure class='gallery-item'>\n\t\t\t<div class='gallery-icon landscape'>\n\t\t\t\t<a href='https:\/\/marcelolopes.jor.br\/site\/wp-content\/uploads\/2019\/04\/20190413125608_405.jpg'><img loading=\"lazy\" decoding=\"async\" width=\"150\" height=\"150\" src=\"https:\/\/marcelolopes.jor.br\/site\/wp-content\/uploads\/2019\/04\/20190413125608_405-150x150.jpg\" class=\"attachment-thumbnail size-thumbnail\" alt=\"\" \/><\/a>\n\t\t\t<\/div><\/figure><figure class='gallery-item'>\n\t\t\t<div class='gallery-icon landscape'>\n\t\t\t\t<a href='https:\/\/marcelolopes.jor.br\/site\/wp-content\/uploads\/2019\/04\/20190413125614_565.jpg'><img loading=\"lazy\" decoding=\"async\" width=\"150\" height=\"150\" src=\"https:\/\/marcelolopes.jor.br\/site\/wp-content\/uploads\/2019\/04\/20190413125614_565-150x150.jpg\" class=\"attachment-thumbnail size-thumbnail\" alt=\"\" \/><\/a>\n\t\t\t<\/div><\/figure><figure class='gallery-item'>\n\t\t\t<div class='gallery-icon landscape'>\n\t\t\t\t<a href='https:\/\/marcelolopes.jor.br\/site\/wp-content\/uploads\/2019\/04\/20190413125616_397.jpg'><img loading=\"lazy\" decoding=\"async\" width=\"150\" height=\"150\" src=\"https:\/\/marcelolopes.jor.br\/site\/wp-content\/uploads\/2019\/04\/20190413125616_397-150x150.jpg\" class=\"attachment-thumbnail size-thumbnail\" alt=\"\" \/><\/a>\n\t\t\t<\/div><\/figure><figure class='gallery-item'>\n\t\t\t<div class='gallery-icon landscape'>\n\t\t\t\t<a href='https:\/\/marcelolopes.jor.br\/site\/wp-content\/uploads\/2019\/04\/20190413125619_27.jpg'><img loading=\"lazy\" decoding=\"async\" width=\"150\" height=\"150\" src=\"https:\/\/marcelolopes.jor.br\/site\/wp-content\/uploads\/2019\/04\/20190413125619_27-150x150.jpg\" class=\"attachment-thumbnail size-thumbnail\" alt=\"\" \/><\/a>\n\t\t\t<\/div><\/figure><figure class='gallery-item'>\n\t\t\t<div class='gallery-icon landscape'>\n\t\t\t\t<a href='https:\/\/marcelolopes.jor.br\/site\/wp-content\/uploads\/2019\/04\/20190413125620_303.jpg'><img loading=\"lazy\" decoding=\"async\" width=\"150\" height=\"150\" src=\"https:\/\/marcelolopes.jor.br\/site\/wp-content\/uploads\/2019\/04\/20190413125620_303-150x150.jpg\" class=\"attachment-thumbnail size-thumbnail\" alt=\"\" \/><\/a>\n\t\t\t<\/div><\/figure><figure class='gallery-item'>\n\t\t\t<div class='gallery-icon landscape'>\n\t\t\t\t<a href='https:\/\/marcelolopes.jor.br\/site\/wp-content\/uploads\/2019\/04\/20190413125638_806.jpg'><img loading=\"lazy\" decoding=\"async\" width=\"150\" height=\"150\" src=\"https:\/\/marcelolopes.jor.br\/site\/wp-content\/uploads\/2019\/04\/20190413125638_806-150x150.jpg\" class=\"attachment-thumbnail size-thumbnail\" alt=\"\" \/><\/a>\n\t\t\t<\/div><\/figure><figure class='gallery-item'>\n\t\t\t<div class='gallery-icon landscape'>\n\t\t\t\t<a href='https:\/\/marcelolopes.jor.br\/site\/wp-content\/uploads\/2019\/04\/20190413125645_377.jpg'><img loading=\"lazy\" decoding=\"async\" width=\"150\" height=\"150\" src=\"https:\/\/marcelolopes.jor.br\/site\/wp-content\/uploads\/2019\/04\/20190413125645_377-150x150.jpg\" class=\"attachment-thumbnail size-thumbnail\" alt=\"\" \/><\/a>\n\t\t\t<\/div><\/figure><figure class='gallery-item'>\n\t\t\t<div class='gallery-icon landscape'>\n\t\t\t\t<a href='https:\/\/marcelolopes.jor.br\/site\/wp-content\/uploads\/2019\/04\/20190413125714_13.jpg'><img loading=\"lazy\" decoding=\"async\" width=\"150\" height=\"150\" src=\"https:\/\/marcelolopes.jor.br\/site\/wp-content\/uploads\/2019\/04\/20190413125714_13-150x150.jpg\" class=\"attachment-thumbnail size-thumbnail\" alt=\"\" \/><\/a>\n\t\t\t<\/div><\/figure><figure class='gallery-item'>\n\t\t\t<div class='gallery-icon landscape'>\n\t\t\t\t<a href='https:\/\/marcelolopes.jor.br\/site\/wp-content\/uploads\/2019\/04\/20190413125717_454.jpg'><img loading=\"lazy\" decoding=\"async\" width=\"150\" height=\"150\" src=\"https:\/\/marcelolopes.jor.br\/site\/wp-content\/uploads\/2019\/04\/20190413125717_454-150x150.jpg\" class=\"attachment-thumbnail size-thumbnail\" alt=\"\" \/><\/a>\n\t\t\t<\/div><\/figure><figure class='gallery-item'>\n\t\t\t<div class='gallery-icon landscape'>\n\t\t\t\t<a href='https:\/\/marcelolopes.jor.br\/site\/wp-content\/uploads\/2019\/04\/20190413125719_963.jpg'><img loading=\"lazy\" decoding=\"async\" width=\"150\" height=\"150\" src=\"https:\/\/marcelolopes.jor.br\/site\/wp-content\/uploads\/2019\/04\/20190413125719_963-150x150.jpg\" class=\"attachment-thumbnail size-thumbnail\" alt=\"\" \/><\/a>\n\t\t\t<\/div><\/figure><figure class='gallery-item'>\n\t\t\t<div class='gallery-icon landscape'>\n\t\t\t\t<a href='https:\/\/marcelolopes.jor.br\/site\/wp-content\/uploads\/2019\/04\/20190413125721_444.jpg'><img loading=\"lazy\" decoding=\"async\" width=\"150\" height=\"150\" src=\"https:\/\/marcelolopes.jor.br\/site\/wp-content\/uploads\/2019\/04\/20190413125721_444-150x150.jpg\" class=\"attachment-thumbnail size-thumbnail\" alt=\"\" \/><\/a>\n\t\t\t<\/div><\/figure><figure class='gallery-item'>\n\t\t\t<div class='gallery-icon landscape'>\n\t\t\t\t<a href='https:\/\/marcelolopes.jor.br\/site\/wp-content\/uploads\/2019\/04\/20190413125723_864.jpg'><img loading=\"lazy\" decoding=\"async\" width=\"150\" height=\"150\" src=\"https:\/\/marcelolopes.jor.br\/site\/wp-content\/uploads\/2019\/04\/20190413125723_864-150x150.jpg\" class=\"attachment-thumbnail size-thumbnail\" alt=\"\" \/><\/a>\n\t\t\t<\/div><\/figure><figure class='gallery-item'>\n\t\t\t<div class='gallery-icon landscape'>\n\t\t\t\t<a href='https:\/\/marcelolopes.jor.br\/site\/wp-content\/uploads\/2019\/04\/20190413125726_535.jpg'><img loading=\"lazy\" decoding=\"async\" width=\"150\" height=\"150\" src=\"https:\/\/marcelolopes.jor.br\/site\/wp-content\/uploads\/2019\/04\/20190413125726_535-150x150.jpg\" class=\"attachment-thumbnail size-thumbnail\" alt=\"\" \/><\/a>\n\t\t\t<\/div><\/figure><figure class='gallery-item'>\n\t\t\t<div class='gallery-icon landscape'>\n\t\t\t\t<a href='https:\/\/marcelolopes.jor.br\/site\/wp-content\/uploads\/2019\/04\/20190413125728_772.jpg'><img loading=\"lazy\" decoding=\"async\" width=\"150\" height=\"150\" src=\"https:\/\/marcelolopes.jor.br\/site\/wp-content\/uploads\/2019\/04\/20190413125728_772-150x150.jpg\" class=\"attachment-thumbnail size-thumbnail\" alt=\"\" \/><\/a>\n\t\t\t<\/div><\/figure><figure class='gallery-item'>\n\t\t\t<div class='gallery-icon portrait'>\n\t\t\t\t<a href='https:\/\/marcelolopes.jor.br\/site\/wp-content\/uploads\/2019\/04\/20190413125730_652.jpg'><img loading=\"lazy\" decoding=\"async\" width=\"150\" height=\"150\" src=\"https:\/\/marcelolopes.jor.br\/site\/wp-content\/uploads\/2019\/04\/20190413125730_652-150x150.jpg\" class=\"attachment-thumbnail size-thumbnail\" alt=\"\" \/><\/a>\n\t\t\t<\/div><\/figure>\n\t\t<\/div>\n\n<\/div>\n<div class=\"nveps69f7436467475\" ><br><\/div><style type=\"text\/css\">\r\n@media screen and (min-width: 1201px) {\r\n.nveps69f7436467475 {\r\ndisplay: block;\r\n}\r\n}\r\n@media screen and (min-width: 993px) and (max-width: 1200px) {\r\n.nveps69f7436467475 {\r\ndisplay: block;\r\n}\r\n}\r\n@media screen and (min-width: 769px) and (max-width: 992px) {\r\n.nveps69f7436467475 {\r\ndisplay: block;\r\n}\r\n}\r\n@media screen and (min-width: 768px) and (max-width: 768px) {\r\n.nveps69f7436467475 {\r\ndisplay: block;\r\n}\r\n}\r\n@media screen and (max-width: 767px) {\r\n.nveps69f7436467475 {\r\ndisplay: block;\r\n}\r\n}\r\n<\/style>\r\n<div class=\"yhpjm69f743646da6b\" ><div id=\"div_destino\"><\/div>\r\n<script src=\"https:\/\/cdn.snsrsv.com\/sdk.js\"><\/script>\r\n<script >\r\n      new sdk(\"464030C30061EA8BE065000000000001\") \r\n          .appendTo(\"div_destino\")\r\n          .disableStyle(true) \r\n          .setCacheBusterMacro(\"%%CACHEBUSTER%%\")\r\n          .setSize(\"800\",\"214\")\r\n          .setClickMacro(\"%%CLICK_URL_ESC%%\") \r\n          .setReferrerUrlMacro(\"%%REFERRER_URL_ESC%%\") \r\n          .start(); \r\n<\/script><\/div><style type=\"text\/css\">\r\n@media screen and (min-width: 1201px) {\r\n.yhpjm69f743646da6b {\r\ndisplay: block;\r\n}\r\n}\r\n@media screen and (min-width: 993px) and (max-width: 1200px) {\r\n.yhpjm69f743646da6b {\r\ndisplay: block;\r\n}\r\n}\r\n@media screen and (min-width: 769px) and (max-width: 992px) {\r\n.yhpjm69f743646da6b {\r\ndisplay: block;\r\n}\r\n}\r\n@media screen and (min-width: 768px) and (max-width: 768px) {\r\n.yhpjm69f743646da6b {\r\ndisplay: block;\r\n}\r\n}\r\n@media screen and (max-width: 767px) {\r\n.yhpjm69f743646da6b {\r\ndisplay: block;\r\n}\r\n}\r\n<\/style>\r\n","protected":false},"excerpt":{"rendered":"<p>O Conselho de Desenvolvimento da Zona da Mata, organizado pelo Grupo Unis, atrav\u00e9s da FIC, em Cataguases, realizou sexta-feira, 12 de abril, mais um encontro empresarial, o maior desde sua cria\u00e7\u00e3o. Desta vez os convidados ouviram duas r\u00e1pidas explana\u00e7\u00f5es sobre<\/p>\n<p class=\"link-more\"><a class=\"more-link\" href=\"https:\/\/marcelolopes.jor.br\/site\/2019\/04\/13\/energisa-anuncia-em-reuniao-do-cezom-novos-projetos-para-regiao\/\">Leia mais <span class=\"screen-reader-text\">Energisa anuncia em reuni\u00e3o do Cezom novos projetos para regi\u00e3o<\/span><\/a><\/p>\n","protected":false},"author":1,"featured_media":776,"comment_status":"open","ping_status":"open","sticky":false,"template":"","format":"standard","meta":{"footnotes":""},"categories":[1],"tags":[],"class_list":["post-754","post","type-post","status-publish","format-standard","has-post-thumbnail","hentry","category-noticias","thumb-below-title"],"yoast_head":"<!-- This site is optimized with the Yoast SEO plugin v27.4 - https:\/\/yoast.com\/product\/yoast-seo-wordpress\/ -->\n<title>Energisa anuncia em reuni\u00e3o do Cezom novos projetos para regi\u00e3o | Marcelo Lopes<\/title>\n<meta name=\"robots\" content=\"index, follow, max-snippet:-1, max-image-preview:large, max-video-preview:-1\" \/>\n<link rel=\"canonical\" href=\"https:\/\/marcelolopes.jor.br\/site\/2019\/04\/13\/energisa-anuncia-em-reuniao-do-cezom-novos-projetos-para-regiao\/\" \/>\n<meta property=\"og:locale\" content=\"pt_BR\" \/>\n<meta property=\"og:type\" content=\"article\" \/>\n<meta property=\"og:title\" content=\"Energisa anuncia em reuni\u00e3o do Cezom novos projetos para regi\u00e3o | Marcelo Lopes\" \/>\n<meta property=\"og:description\" content=\"O Conselho de Desenvolvimento da Zona da Mata, organizado pelo Grupo Unis, atrav\u00e9s da FIC, em Cataguases, realizou sexta-feira, 12 de abril, mais um encontro empresarial, o maior desde sua cria\u00e7\u00e3o. Desta vez os convidados ouviram duas r\u00e1pidas explana\u00e7\u00f5es sobreLeia mais Energisa anuncia em reuni\u00e3o do Cezom novos projetos para regi\u00e3o\" \/>\n<meta property=\"og:url\" content=\"https:\/\/marcelolopes.jor.br\/site\/2019\/04\/13\/energisa-anuncia-em-reuniao-do-cezom-novos-projetos-para-regiao\/\" \/>\n<meta property=\"og:site_name\" content=\"Marcelo Lopes\" \/>\n<meta property=\"article:publisher\" content=\"https:\/\/www.facebook.com\/sitedomarcelolopes\" \/>\n<meta property=\"article:published_time\" content=\"2019-04-13T16:00:26+00:00\" \/>\n<meta property=\"article:modified_time\" content=\"2019-04-15T22:39:57+00:00\" \/>\n<meta property=\"og:image\" content=\"https:\/\/marcelolopes.jor.br\/site\/wp-content\/uploads\/2019\/04\/20190413125014_722.jpg\" \/>\n\t<meta property=\"og:image:width\" content=\"804\" \/>\n\t<meta property=\"og:image:height\" content=\"503\" \/>\n\t<meta property=\"og:image:type\" content=\"image\/jpeg\" \/>\n<meta name=\"author\" content=\"universo\" \/>\n<meta name=\"twitter:card\" content=\"summary_large_image\" \/>\n<meta name=\"twitter:label1\" content=\"Escrito por\" \/>\n\t<meta name=\"twitter:data1\" content=\"universo\" \/>\n\t<meta name=\"twitter:label2\" content=\"Est. tempo de leitura\" \/>\n\t<meta name=\"twitter:data2\" content=\"3 minutos\" \/>\n<script type=\"application\/ld+json\" class=\"yoast-schema-graph\">{\"@context\":\"https:\\\/\\\/schema.org\",\"@graph\":[{\"@type\":\"NewsArticle\",\"@id\":\"https:\\\/\\\/marcelolopes.jor.br\\\/site\\\/2019\\\/04\\\/13\\\/energisa-anuncia-em-reuniao-do-cezom-novos-projetos-para-regiao\\\/#article\",\"isPartOf\":{\"@id\":\"https:\\\/\\\/marcelolopes.jor.br\\\/site\\\/2019\\\/04\\\/13\\\/energisa-anuncia-em-reuniao-do-cezom-novos-projetos-para-regiao\\\/\"},\"author\":{\"name\":\"universo\",\"@id\":\"https:\\\/\\\/marcelolopes.jor.br\\\/site\\\/#\\\/schema\\\/person\\\/27c10fcefab28f2110efeb1b285475e4\"},\"headline\":\"Energisa anuncia em reuni\u00e3o do Cezom novos projetos para regi\u00e3o\",\"datePublished\":\"2019-04-13T16:00:26+00:00\",\"dateModified\":\"2019-04-15T22:39:57+00:00\",\"mainEntityOfPage\":{\"@id\":\"https:\\\/\\\/marcelolopes.jor.br\\\/site\\\/2019\\\/04\\\/13\\\/energisa-anuncia-em-reuniao-do-cezom-novos-projetos-para-regiao\\\/\"},\"wordCount\":534,\"commentCount\":0,\"publisher\":{\"@id\":\"https:\\\/\\\/marcelolopes.jor.br\\\/site\\\/#organization\"},\"image\":{\"@id\":\"https:\\\/\\\/marcelolopes.jor.br\\\/site\\\/2019\\\/04\\\/13\\\/energisa-anuncia-em-reuniao-do-cezom-novos-projetos-para-regiao\\\/#primaryimage\"},\"thumbnailUrl\":\"https:\\\/\\\/marcelolopes.jor.br\\\/site\\\/wp-content\\\/uploads\\\/2019\\\/04\\\/20190413125014_722.jpg\",\"articleSection\":[\"Not\u00edcias\"],\"inLanguage\":\"pt-BR\",\"potentialAction\":[{\"@type\":\"CommentAction\",\"name\":\"Comment\",\"target\":[\"https:\\\/\\\/marcelolopes.jor.br\\\/site\\\/2019\\\/04\\\/13\\\/energisa-anuncia-em-reuniao-do-cezom-novos-projetos-para-regiao\\\/#respond\"]}]},{\"@type\":\"WebPage\",\"@id\":\"https:\\\/\\\/marcelolopes.jor.br\\\/site\\\/2019\\\/04\\\/13\\\/energisa-anuncia-em-reuniao-do-cezom-novos-projetos-para-regiao\\\/\",\"url\":\"https:\\\/\\\/marcelolopes.jor.br\\\/site\\\/2019\\\/04\\\/13\\\/energisa-anuncia-em-reuniao-do-cezom-novos-projetos-para-regiao\\\/\",\"name\":\"Energisa anuncia em reuni\u00e3o do Cezom novos projetos para regi\u00e3o | Marcelo Lopes\",\"isPartOf\":{\"@id\":\"https:\\\/\\\/marcelolopes.jor.br\\\/site\\\/#website\"},\"primaryImageOfPage\":{\"@id\":\"https:\\\/\\\/marcelolopes.jor.br\\\/site\\\/2019\\\/04\\\/13\\\/energisa-anuncia-em-reuniao-do-cezom-novos-projetos-para-regiao\\\/#primaryimage\"},\"image\":{\"@id\":\"https:\\\/\\\/marcelolopes.jor.br\\\/site\\\/2019\\\/04\\\/13\\\/energisa-anuncia-em-reuniao-do-cezom-novos-projetos-para-regiao\\\/#primaryimage\"},\"thumbnailUrl\":\"https:\\\/\\\/marcelolopes.jor.br\\\/site\\\/wp-content\\\/uploads\\\/2019\\\/04\\\/20190413125014_722.jpg\",\"datePublished\":\"2019-04-13T16:00:26+00:00\",\"dateModified\":\"2019-04-15T22:39:57+00:00\",\"breadcrumb\":{\"@id\":\"https:\\\/\\\/marcelolopes.jor.br\\\/site\\\/2019\\\/04\\\/13\\\/energisa-anuncia-em-reuniao-do-cezom-novos-projetos-para-regiao\\\/#breadcrumb\"},\"inLanguage\":\"pt-BR\",\"potentialAction\":[{\"@type\":\"ReadAction\",\"target\":[\"https:\\\/\\\/marcelolopes.jor.br\\\/site\\\/2019\\\/04\\\/13\\\/energisa-anuncia-em-reuniao-do-cezom-novos-projetos-para-regiao\\\/\"]}]},{\"@type\":\"ImageObject\",\"inLanguage\":\"pt-BR\",\"@id\":\"https:\\\/\\\/marcelolopes.jor.br\\\/site\\\/2019\\\/04\\\/13\\\/energisa-anuncia-em-reuniao-do-cezom-novos-projetos-para-regiao\\\/#primaryimage\",\"url\":\"https:\\\/\\\/marcelolopes.jor.br\\\/site\\\/wp-content\\\/uploads\\\/2019\\\/04\\\/20190413125014_722.jpg\",\"contentUrl\":\"https:\\\/\\\/marcelolopes.jor.br\\\/site\\\/wp-content\\\/uploads\\\/2019\\\/04\\\/20190413125014_722.jpg\",\"width\":804,\"height\":503},{\"@type\":\"BreadcrumbList\",\"@id\":\"https:\\\/\\\/marcelolopes.jor.br\\\/site\\\/2019\\\/04\\\/13\\\/energisa-anuncia-em-reuniao-do-cezom-novos-projetos-para-regiao\\\/#breadcrumb\",\"itemListElement\":[{\"@type\":\"ListItem\",\"position\":1,\"name\":\"Home\",\"item\":\"https:\\\/\\\/marcelolopes.jor.br\\\/site\\\/\"},{\"@type\":\"ListItem\",\"position\":2,\"name\":\"Energisa anuncia em reuni\u00e3o do Cezom novos projetos para regi\u00e3o\"}]},{\"@type\":\"WebSite\",\"@id\":\"https:\\\/\\\/marcelolopes.jor.br\\\/site\\\/#website\",\"url\":\"https:\\\/\\\/marcelolopes.jor.br\\\/site\\\/\",\"name\":\"Marcelo Lopes\",\"description\":\"Not\u00edcias de Cataguases e Regi\u00e3o\",\"publisher\":{\"@id\":\"https:\\\/\\\/marcelolopes.jor.br\\\/site\\\/#organization\"},\"potentialAction\":[{\"@type\":\"SearchAction\",\"target\":{\"@type\":\"EntryPoint\",\"urlTemplate\":\"https:\\\/\\\/marcelolopes.jor.br\\\/site\\\/?s={search_term_string}\"},\"query-input\":{\"@type\":\"PropertyValueSpecification\",\"valueRequired\":true,\"valueName\":\"search_term_string\"}}],\"inLanguage\":\"pt-BR\"},{\"@type\":\"Organization\",\"@id\":\"https:\\\/\\\/marcelolopes.jor.br\\\/site\\\/#organization\",\"name\":\"Site do Marcelo Lopes\",\"url\":\"https:\\\/\\\/marcelolopes.jor.br\\\/site\\\/\",\"logo\":{\"@type\":\"ImageObject\",\"inLanguage\":\"pt-BR\",\"@id\":\"https:\\\/\\\/marcelolopes.jor.br\\\/site\\\/#\\\/schema\\\/logo\\\/image\\\/\",\"url\":\"https:\\\/\\\/marcelolopes.jor.br\\\/site\\\/wp-content\\\/uploads\\\/2024\\\/11\\\/logo-1.png\",\"contentUrl\":\"https:\\\/\\\/marcelolopes.jor.br\\\/site\\\/wp-content\\\/uploads\\\/2024\\\/11\\\/logo-1.png\",\"width\":475,\"height\":80,\"caption\":\"Site do Marcelo Lopes\"},\"image\":{\"@id\":\"https:\\\/\\\/marcelolopes.jor.br\\\/site\\\/#\\\/schema\\\/logo\\\/image\\\/\"},\"sameAs\":[\"https:\\\/\\\/www.facebook.com\\\/sitedomarcelolopes\",\"https:\\\/\\\/www.instagram.com\\\/sitedomarcelolopes\\\/\",\"https:\\\/\\\/www.linkedin.com\\\/company\\\/site-do-marcelo-lopes\\\/\",\"https:\\\/\\\/www.youtube.com\\\/user\\\/marcelolopes957\"]},{\"@type\":\"Person\",\"@id\":\"https:\\\/\\\/marcelolopes.jor.br\\\/site\\\/#\\\/schema\\\/person\\\/27c10fcefab28f2110efeb1b285475e4\",\"name\":\"universo\",\"url\":\"https:\\\/\\\/marcelolopes.jor.br\\\/site\\\/author\\\/universo\\\/\"}]}<\/script>\n<!-- \/ Yoast SEO plugin. -->","yoast_head_json":{"title":"Energisa anuncia em reuni\u00e3o do Cezom novos projetos para regi\u00e3o | Marcelo Lopes","robots":{"index":"index","follow":"follow","max-snippet":"max-snippet:-1","max-image-preview":"max-image-preview:large","max-video-preview":"max-video-preview:-1"},"canonical":"https:\/\/marcelolopes.jor.br\/site\/2019\/04\/13\/energisa-anuncia-em-reuniao-do-cezom-novos-projetos-para-regiao\/","og_locale":"pt_BR","og_type":"article","og_title":"Energisa anuncia em reuni\u00e3o do Cezom novos projetos para regi\u00e3o | Marcelo Lopes","og_description":"O Conselho de Desenvolvimento da Zona da Mata, organizado pelo Grupo Unis, atrav\u00e9s da FIC, em Cataguases, realizou sexta-feira, 12 de abril, mais um encontro empresarial, o maior desde sua cria\u00e7\u00e3o. Desta vez os convidados ouviram duas r\u00e1pidas explana\u00e7\u00f5es sobreLeia mais Energisa anuncia em reuni\u00e3o do Cezom novos projetos para regi\u00e3o","og_url":"https:\/\/marcelolopes.jor.br\/site\/2019\/04\/13\/energisa-anuncia-em-reuniao-do-cezom-novos-projetos-para-regiao\/","og_site_name":"Marcelo Lopes","article_publisher":"https:\/\/www.facebook.com\/sitedomarcelolopes","article_published_time":"2019-04-13T16:00:26+00:00","article_modified_time":"2019-04-15T22:39:57+00:00","og_image":[{"width":804,"height":503,"url":"https:\/\/marcelolopes.jor.br\/site\/wp-content\/uploads\/2019\/04\/20190413125014_722.jpg","type":"image\/jpeg"}],"author":"universo","twitter_card":"summary_large_image","twitter_misc":{"Escrito por":"universo","Est. tempo de leitura":"3 minutos"},"schema":{"@context":"https:\/\/schema.org","@graph":[{"@type":"NewsArticle","@id":"https:\/\/marcelolopes.jor.br\/site\/2019\/04\/13\/energisa-anuncia-em-reuniao-do-cezom-novos-projetos-para-regiao\/#article","isPartOf":{"@id":"https:\/\/marcelolopes.jor.br\/site\/2019\/04\/13\/energisa-anuncia-em-reuniao-do-cezom-novos-projetos-para-regiao\/"},"author":{"name":"universo","@id":"https:\/\/marcelolopes.jor.br\/site\/#\/schema\/person\/27c10fcefab28f2110efeb1b285475e4"},"headline":"Energisa anuncia em reuni\u00e3o do Cezom novos projetos para regi\u00e3o","datePublished":"2019-04-13T16:00:26+00:00","dateModified":"2019-04-15T22:39:57+00:00","mainEntityOfPage":{"@id":"https:\/\/marcelolopes.jor.br\/site\/2019\/04\/13\/energisa-anuncia-em-reuniao-do-cezom-novos-projetos-para-regiao\/"},"wordCount":534,"commentCount":0,"publisher":{"@id":"https:\/\/marcelolopes.jor.br\/site\/#organization"},"image":{"@id":"https:\/\/marcelolopes.jor.br\/site\/2019\/04\/13\/energisa-anuncia-em-reuniao-do-cezom-novos-projetos-para-regiao\/#primaryimage"},"thumbnailUrl":"https:\/\/marcelolopes.jor.br\/site\/wp-content\/uploads\/2019\/04\/20190413125014_722.jpg","articleSection":["Not\u00edcias"],"inLanguage":"pt-BR","potentialAction":[{"@type":"CommentAction","name":"Comment","target":["https:\/\/marcelolopes.jor.br\/site\/2019\/04\/13\/energisa-anuncia-em-reuniao-do-cezom-novos-projetos-para-regiao\/#respond"]}]},{"@type":"WebPage","@id":"https:\/\/marcelolopes.jor.br\/site\/2019\/04\/13\/energisa-anuncia-em-reuniao-do-cezom-novos-projetos-para-regiao\/","url":"https:\/\/marcelolopes.jor.br\/site\/2019\/04\/13\/energisa-anuncia-em-reuniao-do-cezom-novos-projetos-para-regiao\/","name":"Energisa anuncia em reuni\u00e3o do Cezom novos projetos para regi\u00e3o | Marcelo Lopes","isPartOf":{"@id":"https:\/\/marcelolopes.jor.br\/site\/#website"},"primaryImageOfPage":{"@id":"https:\/\/marcelolopes.jor.br\/site\/2019\/04\/13\/energisa-anuncia-em-reuniao-do-cezom-novos-projetos-para-regiao\/#primaryimage"},"image":{"@id":"https:\/\/marcelolopes.jor.br\/site\/2019\/04\/13\/energisa-anuncia-em-reuniao-do-cezom-novos-projetos-para-regiao\/#primaryimage"},"thumbnailUrl":"https:\/\/marcelolopes.jor.br\/site\/wp-content\/uploads\/2019\/04\/20190413125014_722.jpg","datePublished":"2019-04-13T16:00:26+00:00","dateModified":"2019-04-15T22:39:57+00:00","breadcrumb":{"@id":"https:\/\/marcelolopes.jor.br\/site\/2019\/04\/13\/energisa-anuncia-em-reuniao-do-cezom-novos-projetos-para-regiao\/#breadcrumb"},"inLanguage":"pt-BR","potentialAction":[{"@type":"ReadAction","target":["https:\/\/marcelolopes.jor.br\/site\/2019\/04\/13\/energisa-anuncia-em-reuniao-do-cezom-novos-projetos-para-regiao\/"]}]},{"@type":"ImageObject","inLanguage":"pt-BR","@id":"https:\/\/marcelolopes.jor.br\/site\/2019\/04\/13\/energisa-anuncia-em-reuniao-do-cezom-novos-projetos-para-regiao\/#primaryimage","url":"https:\/\/marcelolopes.jor.br\/site\/wp-content\/uploads\/2019\/04\/20190413125014_722.jpg","contentUrl":"https:\/\/marcelolopes.jor.br\/site\/wp-content\/uploads\/2019\/04\/20190413125014_722.jpg","width":804,"height":503},{"@type":"BreadcrumbList","@id":"https:\/\/marcelolopes.jor.br\/site\/2019\/04\/13\/energisa-anuncia-em-reuniao-do-cezom-novos-projetos-para-regiao\/#breadcrumb","itemListElement":[{"@type":"ListItem","position":1,"name":"Home","item":"https:\/\/marcelolopes.jor.br\/site\/"},{"@type":"ListItem","position":2,"name":"Energisa anuncia em reuni\u00e3o do Cezom novos projetos para regi\u00e3o"}]},{"@type":"WebSite","@id":"https:\/\/marcelolopes.jor.br\/site\/#website","url":"https:\/\/marcelolopes.jor.br\/site\/","name":"Marcelo Lopes","description":"Not\u00edcias de Cataguases e Regi\u00e3o","publisher":{"@id":"https:\/\/marcelolopes.jor.br\/site\/#organization"},"potentialAction":[{"@type":"SearchAction","target":{"@type":"EntryPoint","urlTemplate":"https:\/\/marcelolopes.jor.br\/site\/?s={search_term_string}"},"query-input":{"@type":"PropertyValueSpecification","valueRequired":true,"valueName":"search_term_string"}}],"inLanguage":"pt-BR"},{"@type":"Organization","@id":"https:\/\/marcelolopes.jor.br\/site\/#organization","name":"Site do Marcelo Lopes","url":"https:\/\/marcelolopes.jor.br\/site\/","logo":{"@type":"ImageObject","inLanguage":"pt-BR","@id":"https:\/\/marcelolopes.jor.br\/site\/#\/schema\/logo\/image\/","url":"https:\/\/marcelolopes.jor.br\/site\/wp-content\/uploads\/2024\/11\/logo-1.png","contentUrl":"https:\/\/marcelolopes.jor.br\/site\/wp-content\/uploads\/2024\/11\/logo-1.png","width":475,"height":80,"caption":"Site do Marcelo Lopes"},"image":{"@id":"https:\/\/marcelolopes.jor.br\/site\/#\/schema\/logo\/image\/"},"sameAs":["https:\/\/www.facebook.com\/sitedomarcelolopes","https:\/\/www.instagram.com\/sitedomarcelolopes\/","https:\/\/www.linkedin.com\/company\/site-do-marcelo-lopes\/","https:\/\/www.youtube.com\/user\/marcelolopes957"]},{"@type":"Person","@id":"https:\/\/marcelolopes.jor.br\/site\/#\/schema\/person\/27c10fcefab28f2110efeb1b285475e4","name":"universo","url":"https:\/\/marcelolopes.jor.br\/site\/author\/universo\/"}]}},"wps_subtitle":"","_links":{"self":[{"href":"https:\/\/marcelolopes.jor.br\/site\/wp-json\/wp\/v2\/posts\/754","targetHints":{"allow":["GET"]}}],"collection":[{"href":"https:\/\/marcelolopes.jor.br\/site\/wp-json\/wp\/v2\/posts"}],"about":[{"href":"https:\/\/marcelolopes.jor.br\/site\/wp-json\/wp\/v2\/types\/post"}],"author":[{"embeddable":true,"href":"https:\/\/marcelolopes.jor.br\/site\/wp-json\/wp\/v2\/users\/1"}],"replies":[{"embeddable":true,"href":"https:\/\/marcelolopes.jor.br\/site\/wp-json\/wp\/v2\/comments?post=754"}],"version-history":[{"count":0,"href":"https:\/\/marcelolopes.jor.br\/site\/wp-json\/wp\/v2\/posts\/754\/revisions"}],"wp:featuredmedia":[{"embeddable":true,"href":"https:\/\/marcelolopes.jor.br\/site\/wp-json\/wp\/v2\/media\/776"}],"wp:attachment":[{"href":"https:\/\/marcelolopes.jor.br\/site\/wp-json\/wp\/v2\/media?parent=754"}],"wp:term":[{"taxonomy":"category","embeddable":true,"href":"https:\/\/marcelolopes.jor.br\/site\/wp-json\/wp\/v2\/categories?post=754"},{"taxonomy":"post_tag","embeddable":true,"href":"https:\/\/marcelolopes.jor.br\/site\/wp-json\/wp\/v2\/tags?post=754"}],"curies":[{"name":"wp","href":"https:\/\/api.w.org\/{rel}","templated":true}]}}