{"id":7464,"date":"2019-10-30T20:00:38","date_gmt":"2019-10-30T23:00:38","guid":{"rendered":"https:\/\/marcelolopes.jor.br\/?p=7464"},"modified":"2019-10-30T17:16:23","modified_gmt":"2019-10-30T20:16:23","slug":"operacao-contramao-da-policia-civil-prende-homem-em-uba","status":"publish","type":"post","link":"https:\/\/marcelolopes.jor.br\/site\/2019\/10\/30\/operacao-contramao-da-policia-civil-prende-homem-em-uba\/","title":{"rendered":"Opera\u00e7\u00e3o &#8220;Contram\u00e3o&#8221; da Pol\u00edcia Civil prende homem em Ub\u00e1"},"content":{"rendered":"<p style=\"text-align: justify;\">Nesta quarta-feira, 30 de outubro, a Pol\u00edcia Civil de Minas Gerais, em apoio \u00e0 Pol\u00edcia Civil do estado do Par\u00e1, participou da opera\u00e7\u00e3o \u201cContram\u00e3o\u201d, com policiais civis da Delegacia Antidrogas de Ub\u00e1, e prendeu, em virtude de mandado judicial, um homem de 47 anos.<!--more--><\/p>\n<p style=\"text-align: justify;\">A pris\u00e3o ocorreu no Bairro Cristo Redentor e na resid\u00eancia do investigado foram encontrados diversos documentos e carteiras nacionais de habilita\u00e7\u00e3o (CNH). O mandado de pris\u00e3o foi expedido pelos crimes de associa\u00e7\u00e3o criminosa, falsidade ideol\u00f3gica, inser\u00e7\u00e3o de dados falsos em sistema de informa\u00e7\u00f5es, entre outros delitos.<\/p>\n<p style=\"text-align: justify;\">A opera\u00e7\u00e3o ocorreu simultaneamente no munic\u00edpio de Ub\u00e1, em Minas Gerais, e em Xinguara, no Par\u00e1, e investiga fraudes na obten\u00e7\u00e3o de Carteiras Nacionais de Habilita\u00e7\u00e3o (CNH). Na regi\u00e3o norte do pa\u00eds, foram alvos de buscas autoescolas, resid\u00eancias dos investigados e a Ciretran de Xinguara. Outras quatro pessoas foram presas no Par\u00e1, entre elas, um ubaense de 52 anos.<\/p>\n<p style=\"text-align: justify;\">O suspeito j\u00e1 foi preso em Ub\u00e1 no ano de 2012 com mais de 100 CNHs e digitais em silicone. Ele tamb\u00e9m foi preso em flagrante, no ano de 2014, no interior do Detran, em Belo Horizonte, com digitais de silicone.<\/p>\n<p><img loading=\"lazy\" decoding=\"async\" class=\"aligncenter wp-image-7467\" src=\"https:\/\/marcelolopes.jor.br\/site\/wp-content\/uploads\/2019\/10\/WhatsApp-Image-2019-10-30-at-16.45.59.jpeg\" alt=\"\" width=\"500\" height=\"667\" srcset=\"https:\/\/marcelolopes.jor.br\/site\/wp-content\/uploads\/2019\/10\/WhatsApp-Image-2019-10-30-at-16.45.59.jpeg 960w, https:\/\/marcelolopes.jor.br\/site\/wp-content\/uploads\/2019\/10\/WhatsApp-Image-2019-10-30-at-16.45.59-225x300.jpeg 225w, https:\/\/marcelolopes.jor.br\/site\/wp-content\/uploads\/2019\/10\/WhatsApp-Image-2019-10-30-at-16.45.59-768x1024.jpeg 768w, https:\/\/marcelolopes.jor.br\/site\/wp-content\/uploads\/2019\/10\/WhatsApp-Image-2019-10-30-at-16.45.59-900x1200.jpeg 900w\" sizes=\"auto, (max-width: 500px) 100vw, 500px\" \/><\/p>\n<p style=\"text-align: justify;\">O homem foi encaminhado ao sistema prisional, onde ficar\u00e1 \u00e0 disposi\u00e7\u00e3o da Justi\u00e7a.<\/p>\n<div class=\"skowl69f77d961afed\" ><br><\/div><style type=\"text\/css\">\r\n@media screen and (min-width: 1201px) {\r\n.skowl69f77d961afed {\r\ndisplay: block;\r\n}\r\n}\r\n@media screen and (min-width: 993px) and (max-width: 1200px) {\r\n.skowl69f77d961afed {\r\ndisplay: block;\r\n}\r\n}\r\n@media screen and (min-width: 769px) and (max-width: 992px) {\r\n.skowl69f77d961afed {\r\ndisplay: block;\r\n}\r\n}\r\n@media screen and (min-width: 768px) and (max-width: 768px) {\r\n.skowl69f77d961afed {\r\ndisplay: block;\r\n}\r\n}\r\n@media screen and (max-width: 767px) {\r\n.skowl69f77d961afed {\r\ndisplay: block;\r\n}\r\n}\r\n<\/style>\r\n<div class=\"vczip69f77d962169d\" ><div id=\"div_destino\"><\/div>\r\n<script src=\"https:\/\/cdn.snsrsv.com\/sdk.js\"><\/script>\r\n<script >\r\n      new sdk(\"464030C30061EA8BE065000000000001\") \r\n          .appendTo(\"div_destino\")\r\n          .disableStyle(true) \r\n          .setCacheBusterMacro(\"%%CACHEBUSTER%%\")\r\n          .setSize(\"800\",\"214\")\r\n          .setClickMacro(\"%%CLICK_URL_ESC%%\") \r\n          .setReferrerUrlMacro(\"%%REFERRER_URL_ESC%%\") \r\n          .start(); \r\n<\/script><\/div><style type=\"text\/css\">\r\n@media screen and (min-width: 1201px) {\r\n.vczip69f77d962169d {\r\ndisplay: block;\r\n}\r\n}\r\n@media screen and (min-width: 993px) and (max-width: 1200px) {\r\n.vczip69f77d962169d {\r\ndisplay: block;\r\n}\r\n}\r\n@media screen and (min-width: 769px) and (max-width: 992px) {\r\n.vczip69f77d962169d {\r\ndisplay: block;\r\n}\r\n}\r\n@media screen and (min-width: 768px) and (max-width: 768px) {\r\n.vczip69f77d962169d {\r\ndisplay: block;\r\n}\r\n}\r\n@media screen and (max-width: 767px) {\r\n.vczip69f77d962169d {\r\ndisplay: block;\r\n}\r\n}\r\n<\/style>\r\n","protected":false},"excerpt":{"rendered":"<p>Nesta quarta-feira, 30 de outubro, a Pol\u00edcia Civil de Minas Gerais, em apoio \u00e0 Pol\u00edcia Civil do estado do Par\u00e1, participou da opera\u00e7\u00e3o \u201cContram\u00e3o\u201d, com policiais civis da Delegacia Antidrogas de Ub\u00e1, e prendeu, em virtude de mandado judicial, um<\/p>\n<p class=\"link-more\"><a class=\"more-link\" href=\"https:\/\/marcelolopes.jor.br\/site\/2019\/10\/30\/operacao-contramao-da-policia-civil-prende-homem-em-uba\/\">Leia mais <span class=\"screen-reader-text\">Opera\u00e7\u00e3o &#8220;Contram\u00e3o&#8221; da Pol\u00edcia Civil prende homem em Ub\u00e1<\/span><\/a><\/p>\n","protected":false},"author":2,"featured_media":7466,"comment_status":"open","ping_status":"open","sticky":false,"template":"","format":"standard","meta":{"footnotes":""},"categories":[1],"tags":[942,75,77,275],"class_list":["post-7464","post","type-post","status-publish","format-standard","has-post-thumbnail","hentry","category-noticias","tag-operacao-policial","tag-policia-civil","tag-prisao","tag-uba","thumb-below-title"],"yoast_head":"<!-- This site is optimized with the Yoast SEO plugin v27.4 - https:\/\/yoast.com\/product\/yoast-seo-wordpress\/ -->\n<title>Opera\u00e7\u00e3o &quot;Contram\u00e3o&quot; da Pol\u00edcia Civil prende homem em Ub\u00e1 | Marcelo Lopes<\/title>\n<meta name=\"robots\" content=\"index, follow, max-snippet:-1, max-image-preview:large, max-video-preview:-1\" \/>\n<link rel=\"canonical\" href=\"https:\/\/marcelolopes.jor.br\/site\/2019\/10\/30\/operacao-contramao-da-policia-civil-prende-homem-em-uba\/\" \/>\n<meta property=\"og:locale\" content=\"pt_BR\" \/>\n<meta property=\"og:type\" content=\"article\" \/>\n<meta property=\"og:title\" content=\"Opera\u00e7\u00e3o &quot;Contram\u00e3o&quot; da Pol\u00edcia Civil prende homem em Ub\u00e1 | Marcelo Lopes\" \/>\n<meta property=\"og:description\" content=\"Nesta quarta-feira, 30 de outubro, a Pol\u00edcia Civil de Minas Gerais, em apoio \u00e0 Pol\u00edcia Civil do estado do Par\u00e1, participou da opera\u00e7\u00e3o \u201cContram\u00e3o\u201d, com policiais civis da Delegacia Antidrogas de Ub\u00e1, e prendeu, em virtude de mandado judicial, umLeia mais Opera\u00e7\u00e3o &#8220;Contram\u00e3o&#8221; da Pol\u00edcia Civil prende homem em Ub\u00e1\" \/>\n<meta property=\"og:url\" content=\"https:\/\/marcelolopes.jor.br\/site\/2019\/10\/30\/operacao-contramao-da-policia-civil-prende-homem-em-uba\/\" \/>\n<meta property=\"og:site_name\" content=\"Marcelo Lopes\" \/>\n<meta property=\"article:publisher\" content=\"https:\/\/www.facebook.com\/sitedomarcelolopes\" \/>\n<meta property=\"article:published_time\" content=\"2019-10-30T23:00:38+00:00\" \/>\n<meta property=\"og:image\" content=\"https:\/\/marcelolopes.jor.br\/site\/wp-content\/uploads\/2019\/10\/WhatsApp-Image-2019-10-30-at-16.04.01.jpeg\" \/>\n\t<meta property=\"og:image:width\" content=\"1280\" \/>\n\t<meta property=\"og:image:height\" content=\"1000\" \/>\n\t<meta property=\"og:image:type\" content=\"image\/jpeg\" \/>\n<meta name=\"author\" content=\"Marcelo Lopes\" \/>\n<meta name=\"twitter:card\" content=\"summary_large_image\" \/>\n<meta name=\"twitter:label1\" content=\"Escrito por\" \/>\n\t<meta name=\"twitter:data1\" content=\"Marcelo Lopes\" \/>\n\t<meta name=\"twitter:label2\" content=\"Est. tempo de leitura\" \/>\n\t<meta name=\"twitter:data2\" content=\"1 minuto\" \/>\n<script type=\"application\/ld+json\" class=\"yoast-schema-graph\">{\"@context\":\"https:\\\/\\\/schema.org\",\"@graph\":[{\"@type\":\"NewsArticle\",\"@id\":\"https:\\\/\\\/marcelolopes.jor.br\\\/site\\\/2019\\\/10\\\/30\\\/operacao-contramao-da-policia-civil-prende-homem-em-uba\\\/#article\",\"isPartOf\":{\"@id\":\"https:\\\/\\\/marcelolopes.jor.br\\\/site\\\/2019\\\/10\\\/30\\\/operacao-contramao-da-policia-civil-prende-homem-em-uba\\\/\"},\"author\":{\"name\":\"Marcelo Lopes\",\"@id\":\"https:\\\/\\\/marcelolopes.jor.br\\\/site\\\/#\\\/schema\\\/person\\\/3e7216a35c34d8fdf952b31da3d1f89f\"},\"headline\":\"Opera\u00e7\u00e3o &#8220;Contram\u00e3o&#8221; da Pol\u00edcia Civil prende homem em Ub\u00e1\",\"datePublished\":\"2019-10-30T23:00:38+00:00\",\"mainEntityOfPage\":{\"@id\":\"https:\\\/\\\/marcelolopes.jor.br\\\/site\\\/2019\\\/10\\\/30\\\/operacao-contramao-da-policia-civil-prende-homem-em-uba\\\/\"},\"wordCount\":229,\"commentCount\":0,\"publisher\":{\"@id\":\"https:\\\/\\\/marcelolopes.jor.br\\\/site\\\/#organization\"},\"image\":{\"@id\":\"https:\\\/\\\/marcelolopes.jor.br\\\/site\\\/2019\\\/10\\\/30\\\/operacao-contramao-da-policia-civil-prende-homem-em-uba\\\/#primaryimage\"},\"thumbnailUrl\":\"https:\\\/\\\/marcelolopes.jor.br\\\/site\\\/wp-content\\\/uploads\\\/2019\\\/10\\\/WhatsApp-Image-2019-10-30-at-16.04.01.jpeg\",\"keywords\":[\"opera\u00e7\u00e3o policial\",\"pol\u00edcia civil\",\"pris\u00e3o\",\"Ub\u00e1\"],\"articleSection\":[\"Not\u00edcias\"],\"inLanguage\":\"pt-BR\",\"potentialAction\":[{\"@type\":\"CommentAction\",\"name\":\"Comment\",\"target\":[\"https:\\\/\\\/marcelolopes.jor.br\\\/site\\\/2019\\\/10\\\/30\\\/operacao-contramao-da-policia-civil-prende-homem-em-uba\\\/#respond\"]}]},{\"@type\":\"WebPage\",\"@id\":\"https:\\\/\\\/marcelolopes.jor.br\\\/site\\\/2019\\\/10\\\/30\\\/operacao-contramao-da-policia-civil-prende-homem-em-uba\\\/\",\"url\":\"https:\\\/\\\/marcelolopes.jor.br\\\/site\\\/2019\\\/10\\\/30\\\/operacao-contramao-da-policia-civil-prende-homem-em-uba\\\/\",\"name\":\"Opera\u00e7\u00e3o \\\"Contram\u00e3o\\\" da Pol\u00edcia Civil prende homem em Ub\u00e1 | Marcelo Lopes\",\"isPartOf\":{\"@id\":\"https:\\\/\\\/marcelolopes.jor.br\\\/site\\\/#website\"},\"primaryImageOfPage\":{\"@id\":\"https:\\\/\\\/marcelolopes.jor.br\\\/site\\\/2019\\\/10\\\/30\\\/operacao-contramao-da-policia-civil-prende-homem-em-uba\\\/#primaryimage\"},\"image\":{\"@id\":\"https:\\\/\\\/marcelolopes.jor.br\\\/site\\\/2019\\\/10\\\/30\\\/operacao-contramao-da-policia-civil-prende-homem-em-uba\\\/#primaryimage\"},\"thumbnailUrl\":\"https:\\\/\\\/marcelolopes.jor.br\\\/site\\\/wp-content\\\/uploads\\\/2019\\\/10\\\/WhatsApp-Image-2019-10-30-at-16.04.01.jpeg\",\"datePublished\":\"2019-10-30T23:00:38+00:00\",\"breadcrumb\":{\"@id\":\"https:\\\/\\\/marcelolopes.jor.br\\\/site\\\/2019\\\/10\\\/30\\\/operacao-contramao-da-policia-civil-prende-homem-em-uba\\\/#breadcrumb\"},\"inLanguage\":\"pt-BR\",\"potentialAction\":[{\"@type\":\"ReadAction\",\"target\":[\"https:\\\/\\\/marcelolopes.jor.br\\\/site\\\/2019\\\/10\\\/30\\\/operacao-contramao-da-policia-civil-prende-homem-em-uba\\\/\"]}]},{\"@type\":\"ImageObject\",\"inLanguage\":\"pt-BR\",\"@id\":\"https:\\\/\\\/marcelolopes.jor.br\\\/site\\\/2019\\\/10\\\/30\\\/operacao-contramao-da-policia-civil-prende-homem-em-uba\\\/#primaryimage\",\"url\":\"https:\\\/\\\/marcelolopes.jor.br\\\/site\\\/wp-content\\\/uploads\\\/2019\\\/10\\\/WhatsApp-Image-2019-10-30-at-16.04.01.jpeg\",\"contentUrl\":\"https:\\\/\\\/marcelolopes.jor.br\\\/site\\\/wp-content\\\/uploads\\\/2019\\\/10\\\/WhatsApp-Image-2019-10-30-at-16.04.01.jpeg\",\"width\":1280,\"height\":1000},{\"@type\":\"BreadcrumbList\",\"@id\":\"https:\\\/\\\/marcelolopes.jor.br\\\/site\\\/2019\\\/10\\\/30\\\/operacao-contramao-da-policia-civil-prende-homem-em-uba\\\/#breadcrumb\",\"itemListElement\":[{\"@type\":\"ListItem\",\"position\":1,\"name\":\"Home\",\"item\":\"https:\\\/\\\/marcelolopes.jor.br\\\/site\\\/\"},{\"@type\":\"ListItem\",\"position\":2,\"name\":\"Opera\u00e7\u00e3o &#8220;Contram\u00e3o&#8221; da Pol\u00edcia Civil prende homem em Ub\u00e1\"}]},{\"@type\":\"WebSite\",\"@id\":\"https:\\\/\\\/marcelolopes.jor.br\\\/site\\\/#website\",\"url\":\"https:\\\/\\\/marcelolopes.jor.br\\\/site\\\/\",\"name\":\"Marcelo Lopes\",\"description\":\"Not\u00edcias de Cataguases e Regi\u00e3o\",\"publisher\":{\"@id\":\"https:\\\/\\\/marcelolopes.jor.br\\\/site\\\/#organization\"},\"potentialAction\":[{\"@type\":\"SearchAction\",\"target\":{\"@type\":\"EntryPoint\",\"urlTemplate\":\"https:\\\/\\\/marcelolopes.jor.br\\\/site\\\/?s={search_term_string}\"},\"query-input\":{\"@type\":\"PropertyValueSpecification\",\"valueRequired\":true,\"valueName\":\"search_term_string\"}}],\"inLanguage\":\"pt-BR\"},{\"@type\":\"Organization\",\"@id\":\"https:\\\/\\\/marcelolopes.jor.br\\\/site\\\/#organization\",\"name\":\"Site do Marcelo Lopes\",\"url\":\"https:\\\/\\\/marcelolopes.jor.br\\\/site\\\/\",\"logo\":{\"@type\":\"ImageObject\",\"inLanguage\":\"pt-BR\",\"@id\":\"https:\\\/\\\/marcelolopes.jor.br\\\/site\\\/#\\\/schema\\\/logo\\\/image\\\/\",\"url\":\"https:\\\/\\\/marcelolopes.jor.br\\\/site\\\/wp-content\\\/uploads\\\/2024\\\/11\\\/logo-1.png\",\"contentUrl\":\"https:\\\/\\\/marcelolopes.jor.br\\\/site\\\/wp-content\\\/uploads\\\/2024\\\/11\\\/logo-1.png\",\"width\":475,\"height\":80,\"caption\":\"Site do Marcelo Lopes\"},\"image\":{\"@id\":\"https:\\\/\\\/marcelolopes.jor.br\\\/site\\\/#\\\/schema\\\/logo\\\/image\\\/\"},\"sameAs\":[\"https:\\\/\\\/www.facebook.com\\\/sitedomarcelolopes\",\"https:\\\/\\\/www.instagram.com\\\/sitedomarcelolopes\\\/\",\"https:\\\/\\\/www.linkedin.com\\\/company\\\/site-do-marcelo-lopes\\\/\",\"https:\\\/\\\/www.youtube.com\\\/user\\\/marcelolopes957\"]},{\"@type\":\"Person\",\"@id\":\"https:\\\/\\\/marcelolopes.jor.br\\\/site\\\/#\\\/schema\\\/person\\\/3e7216a35c34d8fdf952b31da3d1f89f\",\"name\":\"Marcelo Lopes\",\"sameAs\":[\"http:\\\/\\\/www.marcelolopes.jor.br\"],\"url\":\"https:\\\/\\\/marcelolopes.jor.br\\\/site\\\/author\\\/marcelo\\\/\"}]}<\/script>\n<!-- \/ Yoast SEO plugin. -->","yoast_head_json":{"title":"Opera\u00e7\u00e3o \"Contram\u00e3o\" da Pol\u00edcia Civil prende homem em Ub\u00e1 | Marcelo Lopes","robots":{"index":"index","follow":"follow","max-snippet":"max-snippet:-1","max-image-preview":"max-image-preview:large","max-video-preview":"max-video-preview:-1"},"canonical":"https:\/\/marcelolopes.jor.br\/site\/2019\/10\/30\/operacao-contramao-da-policia-civil-prende-homem-em-uba\/","og_locale":"pt_BR","og_type":"article","og_title":"Opera\u00e7\u00e3o \"Contram\u00e3o\" da Pol\u00edcia Civil prende homem em Ub\u00e1 | Marcelo Lopes","og_description":"Nesta quarta-feira, 30 de outubro, a Pol\u00edcia Civil de Minas Gerais, em apoio \u00e0 Pol\u00edcia Civil do estado do Par\u00e1, participou da opera\u00e7\u00e3o \u201cContram\u00e3o\u201d, com policiais civis da Delegacia Antidrogas de Ub\u00e1, e prendeu, em virtude de mandado judicial, umLeia mais Opera\u00e7\u00e3o &#8220;Contram\u00e3o&#8221; da Pol\u00edcia Civil prende homem em Ub\u00e1","og_url":"https:\/\/marcelolopes.jor.br\/site\/2019\/10\/30\/operacao-contramao-da-policia-civil-prende-homem-em-uba\/","og_site_name":"Marcelo Lopes","article_publisher":"https:\/\/www.facebook.com\/sitedomarcelolopes","article_published_time":"2019-10-30T23:00:38+00:00","og_image":[{"width":1280,"height":1000,"url":"https:\/\/marcelolopes.jor.br\/site\/wp-content\/uploads\/2019\/10\/WhatsApp-Image-2019-10-30-at-16.04.01.jpeg","type":"image\/jpeg"}],"author":"Marcelo Lopes","twitter_card":"summary_large_image","twitter_misc":{"Escrito por":"Marcelo Lopes","Est. tempo de leitura":"1 minuto"},"schema":{"@context":"https:\/\/schema.org","@graph":[{"@type":"NewsArticle","@id":"https:\/\/marcelolopes.jor.br\/site\/2019\/10\/30\/operacao-contramao-da-policia-civil-prende-homem-em-uba\/#article","isPartOf":{"@id":"https:\/\/marcelolopes.jor.br\/site\/2019\/10\/30\/operacao-contramao-da-policia-civil-prende-homem-em-uba\/"},"author":{"name":"Marcelo Lopes","@id":"https:\/\/marcelolopes.jor.br\/site\/#\/schema\/person\/3e7216a35c34d8fdf952b31da3d1f89f"},"headline":"Opera\u00e7\u00e3o &#8220;Contram\u00e3o&#8221; da Pol\u00edcia Civil prende homem em Ub\u00e1","datePublished":"2019-10-30T23:00:38+00:00","mainEntityOfPage":{"@id":"https:\/\/marcelolopes.jor.br\/site\/2019\/10\/30\/operacao-contramao-da-policia-civil-prende-homem-em-uba\/"},"wordCount":229,"commentCount":0,"publisher":{"@id":"https:\/\/marcelolopes.jor.br\/site\/#organization"},"image":{"@id":"https:\/\/marcelolopes.jor.br\/site\/2019\/10\/30\/operacao-contramao-da-policia-civil-prende-homem-em-uba\/#primaryimage"},"thumbnailUrl":"https:\/\/marcelolopes.jor.br\/site\/wp-content\/uploads\/2019\/10\/WhatsApp-Image-2019-10-30-at-16.04.01.jpeg","keywords":["opera\u00e7\u00e3o policial","pol\u00edcia civil","pris\u00e3o","Ub\u00e1"],"articleSection":["Not\u00edcias"],"inLanguage":"pt-BR","potentialAction":[{"@type":"CommentAction","name":"Comment","target":["https:\/\/marcelolopes.jor.br\/site\/2019\/10\/30\/operacao-contramao-da-policia-civil-prende-homem-em-uba\/#respond"]}]},{"@type":"WebPage","@id":"https:\/\/marcelolopes.jor.br\/site\/2019\/10\/30\/operacao-contramao-da-policia-civil-prende-homem-em-uba\/","url":"https:\/\/marcelolopes.jor.br\/site\/2019\/10\/30\/operacao-contramao-da-policia-civil-prende-homem-em-uba\/","name":"Opera\u00e7\u00e3o \"Contram\u00e3o\" da Pol\u00edcia Civil prende homem em Ub\u00e1 | Marcelo Lopes","isPartOf":{"@id":"https:\/\/marcelolopes.jor.br\/site\/#website"},"primaryImageOfPage":{"@id":"https:\/\/marcelolopes.jor.br\/site\/2019\/10\/30\/operacao-contramao-da-policia-civil-prende-homem-em-uba\/#primaryimage"},"image":{"@id":"https:\/\/marcelolopes.jor.br\/site\/2019\/10\/30\/operacao-contramao-da-policia-civil-prende-homem-em-uba\/#primaryimage"},"thumbnailUrl":"https:\/\/marcelolopes.jor.br\/site\/wp-content\/uploads\/2019\/10\/WhatsApp-Image-2019-10-30-at-16.04.01.jpeg","datePublished":"2019-10-30T23:00:38+00:00","breadcrumb":{"@id":"https:\/\/marcelolopes.jor.br\/site\/2019\/10\/30\/operacao-contramao-da-policia-civil-prende-homem-em-uba\/#breadcrumb"},"inLanguage":"pt-BR","potentialAction":[{"@type":"ReadAction","target":["https:\/\/marcelolopes.jor.br\/site\/2019\/10\/30\/operacao-contramao-da-policia-civil-prende-homem-em-uba\/"]}]},{"@type":"ImageObject","inLanguage":"pt-BR","@id":"https:\/\/marcelolopes.jor.br\/site\/2019\/10\/30\/operacao-contramao-da-policia-civil-prende-homem-em-uba\/#primaryimage","url":"https:\/\/marcelolopes.jor.br\/site\/wp-content\/uploads\/2019\/10\/WhatsApp-Image-2019-10-30-at-16.04.01.jpeg","contentUrl":"https:\/\/marcelolopes.jor.br\/site\/wp-content\/uploads\/2019\/10\/WhatsApp-Image-2019-10-30-at-16.04.01.jpeg","width":1280,"height":1000},{"@type":"BreadcrumbList","@id":"https:\/\/marcelolopes.jor.br\/site\/2019\/10\/30\/operacao-contramao-da-policia-civil-prende-homem-em-uba\/#breadcrumb","itemListElement":[{"@type":"ListItem","position":1,"name":"Home","item":"https:\/\/marcelolopes.jor.br\/site\/"},{"@type":"ListItem","position":2,"name":"Opera\u00e7\u00e3o &#8220;Contram\u00e3o&#8221; da Pol\u00edcia Civil prende homem em Ub\u00e1"}]},{"@type":"WebSite","@id":"https:\/\/marcelolopes.jor.br\/site\/#website","url":"https:\/\/marcelolopes.jor.br\/site\/","name":"Marcelo Lopes","description":"Not\u00edcias de Cataguases e Regi\u00e3o","publisher":{"@id":"https:\/\/marcelolopes.jor.br\/site\/#organization"},"potentialAction":[{"@type":"SearchAction","target":{"@type":"EntryPoint","urlTemplate":"https:\/\/marcelolopes.jor.br\/site\/?s={search_term_string}"},"query-input":{"@type":"PropertyValueSpecification","valueRequired":true,"valueName":"search_term_string"}}],"inLanguage":"pt-BR"},{"@type":"Organization","@id":"https:\/\/marcelolopes.jor.br\/site\/#organization","name":"Site do Marcelo Lopes","url":"https:\/\/marcelolopes.jor.br\/site\/","logo":{"@type":"ImageObject","inLanguage":"pt-BR","@id":"https:\/\/marcelolopes.jor.br\/site\/#\/schema\/logo\/image\/","url":"https:\/\/marcelolopes.jor.br\/site\/wp-content\/uploads\/2024\/11\/logo-1.png","contentUrl":"https:\/\/marcelolopes.jor.br\/site\/wp-content\/uploads\/2024\/11\/logo-1.png","width":475,"height":80,"caption":"Site do Marcelo Lopes"},"image":{"@id":"https:\/\/marcelolopes.jor.br\/site\/#\/schema\/logo\/image\/"},"sameAs":["https:\/\/www.facebook.com\/sitedomarcelolopes","https:\/\/www.instagram.com\/sitedomarcelolopes\/","https:\/\/www.linkedin.com\/company\/site-do-marcelo-lopes\/","https:\/\/www.youtube.com\/user\/marcelolopes957"]},{"@type":"Person","@id":"https:\/\/marcelolopes.jor.br\/site\/#\/schema\/person\/3e7216a35c34d8fdf952b31da3d1f89f","name":"Marcelo Lopes","sameAs":["http:\/\/www.marcelolopes.jor.br"],"url":"https:\/\/marcelolopes.jor.br\/site\/author\/marcelo\/"}]}},"wps_subtitle":"Ele estaria envolvido com falsifica\u00e7\u00e3o carteira de habilita\u00e7\u00e3o tamb\u00e9m no estado do Par\u00e1.","_links":{"self":[{"href":"https:\/\/marcelolopes.jor.br\/site\/wp-json\/wp\/v2\/posts\/7464","targetHints":{"allow":["GET"]}}],"collection":[{"href":"https:\/\/marcelolopes.jor.br\/site\/wp-json\/wp\/v2\/posts"}],"about":[{"href":"https:\/\/marcelolopes.jor.br\/site\/wp-json\/wp\/v2\/types\/post"}],"author":[{"embeddable":true,"href":"https:\/\/marcelolopes.jor.br\/site\/wp-json\/wp\/v2\/users\/2"}],"replies":[{"embeddable":true,"href":"https:\/\/marcelolopes.jor.br\/site\/wp-json\/wp\/v2\/comments?post=7464"}],"version-history":[{"count":0,"href":"https:\/\/marcelolopes.jor.br\/site\/wp-json\/wp\/v2\/posts\/7464\/revisions"}],"wp:featuredmedia":[{"embeddable":true,"href":"https:\/\/marcelolopes.jor.br\/site\/wp-json\/wp\/v2\/media\/7466"}],"wp:attachment":[{"href":"https:\/\/marcelolopes.jor.br\/site\/wp-json\/wp\/v2\/media?parent=7464"}],"wp:term":[{"taxonomy":"category","embeddable":true,"href":"https:\/\/marcelolopes.jor.br\/site\/wp-json\/wp\/v2\/categories?post=7464"},{"taxonomy":"post_tag","embeddable":true,"href":"https:\/\/marcelolopes.jor.br\/site\/wp-json\/wp\/v2\/tags?post=7464"}],"curies":[{"name":"wp","href":"https:\/\/api.w.org\/{rel}","templated":true}]}}