{"id":746,"date":"2019-04-14T07:00:32","date_gmt":"2019-04-14T10:00:32","guid":{"rendered":"https:\/\/marcelolopes.jor.br\/?p=746"},"modified":"2020-10-13T17:57:46","modified_gmt":"2020-10-13T20:57:46","slug":"sao-joao-nepomuceno-hospital-afirma-nao-ter-como-manter-pronto-socorro","status":"publish","type":"post","link":"https:\/\/marcelolopes.jor.br\/site\/2019\/04\/14\/sao-joao-nepomuceno-hospital-afirma-nao-ter-como-manter-pronto-socorro\/","title":{"rendered":"S\u00e3o Jo\u00e3o Nepomuceno: Hospital afirma n\u00e3o ter como manter Pronto-Socorro"},"content":{"rendered":"<div style=\"text-align: justify;\">O Hospital de S\u00e3o Jo\u00e3o Nepomuceno est\u00e1 \u00e0s voltas com problemas de financiamento do Pronto-Socorro daquela cidade, mantido por aquela institui\u00e7\u00e3o de sa\u00fade. Para falar sobre o assunto a dire\u00e7\u00e3o daquela casa de sa\u00fade concedeu uma entrevista coletiva na manh\u00e3 de s\u00e1bado, 13 de abril, para explicar a situa\u00e7\u00e3o que segundo o provedor Rog\u00e9rio Motta Vilela, &#8220;est\u00e1 a um passo de fechar as portas&#8221;. Tamb\u00e9m participaram do evento o vice-provedor, Isa\u00edas Sporch de Freitas e o tesoureiro, Eduardo Abreu.<\/div>\n<p style=\"text-align: justify;\"><!--more--><a href=\"https:\/\/marcelolopes.jor.br\/site\/wp-content\/uploads\/2019\/04\/20190413165956_555.jpg\"><img loading=\"lazy\" decoding=\"async\" class=\"alignleft size-full wp-image-747\" src=\"https:\/\/marcelolopes.jor.br\/site\/wp-content\/uploads\/2019\/04\/20190413165956_555.jpg\" alt=\"\" width=\"382\" height=\"239\" srcset=\"https:\/\/marcelolopes.jor.br\/site\/wp-content\/uploads\/2019\/04\/20190413165956_555.jpg 382w, https:\/\/marcelolopes.jor.br\/site\/wp-content\/uploads\/2019\/04\/20190413165956_555-300x188.jpg 300w\" sizes=\"auto, (max-width: 382px) 100vw, 382px\" \/><\/a>Somente neste m\u00eas de abril, o Pronto Atendimento M\u00e9dico (PAM), como \u00e9 chamado, ficou fechado em duas ocasi\u00f5es por falta de m\u00e9dico. O Hospital \u00e9 obrigado a manter dois m\u00e9dicos atendendo 24 horas no PAM (foto abaixo), por\u00e9m, seus diretores alegam que esta obrigatoriedade onera em R$ 50 mil o caixa da institui\u00e7\u00e3o que n\u00e3o teria meios de arcar com esta despesa. O provedor Rog\u00e9rio Vilela disse ainda que o Hospital vem cumprindo suas obriga\u00e7\u00f5es no que se refere aos servi\u00e7os prestados na pactua\u00e7\u00e3o com o munic\u00edpio.<\/p>\n<div style=\"text-align: justify;\">\n<div>O problema, ainda de acordo com ele, s\u00e3o as recentes recomenda\u00e7\u00f5es do Minist\u00e9rio P\u00fablico para que se cumpram as exig\u00eancias legais para o funcionamento dos servi\u00e7os. Paralelamente, a dire\u00e7\u00e3o do hospital diz que o Secret\u00e1rio Municipal de Sa\u00fade, Pl\u00ednio Furtado, estaria &#8220;distante&#8221;. Ele, inclusive, teria sido convidado a participar da coletiva, mas n\u00e3o compareceu. Completa o quadro de dificuldades, ainda na opini\u00e3o de Rog\u00e9rio Vilela, o valor do repasse feito pelas prefeituras de S\u00e3o Jo\u00e3o Nepomuceno, Descoberto e de Rochedo de Minas para a institui\u00e7\u00e3o que, segundo ele, s\u00e3o insuficientes para cobrir as despesas. Ele tamb\u00e9m comentou que neste ano n\u00e3o h\u00e1 emendas parlamentares para o hospital nem a C\u00e2mara Municipal local fez repasses \u00e0 entidade.<\/div>\n<div><\/div>\n<div>Para evitar o fechamento por tempo indeterminado do PAM, o tesoureiro do hospital Eduardo Abreu revelou uma orienta\u00e7\u00e3o que disse ter recebido do promotor de Justi\u00e7a daquela comarca, Luciano Ramos Baesso. De acordo com ele, aquele representante do Minist\u00e9rio P\u00fablico disse que o Hospital pode impetrar um mandado de seguran\u00e7a obrigando o munic\u00edpio de S\u00e3o Jo\u00e3o Nepomuceno a arcar com as despesas necess\u00e1rias \u00e0 manuten\u00e7\u00e3o do Pronto Atendimento. Ele, no entanto, n\u00e3o disse se o Hospital vai adotar este procedimento. O prefeito n\u00e3o se manifestou sobre o assunto. (Fotos: Kadu Fontana)<\/div>\n<\/div>\n<div style=\"text-align: justify;\"><\/div>\n<div>\n<div class=\"col-md-12 col-xs-24\">\n<div class=\"autor-fonte pull-left\">\n<p style=\"text-align: justify;\">Fonte: Rep\u00f3rter Kadu Fontana e G1 Zona da Mata<\/p>\n<\/div>\n<\/div>\n<div class=\"col-md-12\">\n<div class=\"row-fluid\">\n<div class=\"col-md-24 col-xs-24\"><\/div>\n<\/div>\n<\/div>\n<\/div>\n<div class=\"nruxk69f743629d338\" ><br><\/div><style type=\"text\/css\">\r\n@media screen and (min-width: 1201px) {\r\n.nruxk69f743629d338 {\r\ndisplay: block;\r\n}\r\n}\r\n@media screen and (min-width: 993px) and (max-width: 1200px) {\r\n.nruxk69f743629d338 {\r\ndisplay: block;\r\n}\r\n}\r\n@media screen and (min-width: 769px) and (max-width: 992px) {\r\n.nruxk69f743629d338 {\r\ndisplay: block;\r\n}\r\n}\r\n@media screen and (min-width: 768px) and (max-width: 768px) {\r\n.nruxk69f743629d338 {\r\ndisplay: block;\r\n}\r\n}\r\n@media screen and (max-width: 767px) {\r\n.nruxk69f743629d338 {\r\ndisplay: block;\r\n}\r\n}\r\n<\/style>\r\n<div class=\"pivcc69f74362a3372\" ><div id=\"div_destino\"><\/div>\r\n<script src=\"https:\/\/cdn.snsrsv.com\/sdk.js\"><\/script>\r\n<script >\r\n      new sdk(\"464030C30061EA8BE065000000000001\") \r\n          .appendTo(\"div_destino\")\r\n          .disableStyle(true) \r\n          .setCacheBusterMacro(\"%%CACHEBUSTER%%\")\r\n          .setSize(\"800\",\"214\")\r\n          .setClickMacro(\"%%CLICK_URL_ESC%%\") \r\n          .setReferrerUrlMacro(\"%%REFERRER_URL_ESC%%\") \r\n          .start(); \r\n<\/script><\/div><style type=\"text\/css\">\r\n@media screen and (min-width: 1201px) {\r\n.pivcc69f74362a3372 {\r\ndisplay: block;\r\n}\r\n}\r\n@media screen and (min-width: 993px) and (max-width: 1200px) {\r\n.pivcc69f74362a3372 {\r\ndisplay: block;\r\n}\r\n}\r\n@media screen and (min-width: 769px) and (max-width: 992px) {\r\n.pivcc69f74362a3372 {\r\ndisplay: block;\r\n}\r\n}\r\n@media screen and (min-width: 768px) and (max-width: 768px) {\r\n.pivcc69f74362a3372 {\r\ndisplay: block;\r\n}\r\n}\r\n@media screen and (max-width: 767px) {\r\n.pivcc69f74362a3372 {\r\ndisplay: block;\r\n}\r\n}\r\n<\/style>\r\n","protected":false},"excerpt":{"rendered":"<p>O Hospital de S\u00e3o Jo\u00e3o Nepomuceno est\u00e1 \u00e0s voltas com problemas de financiamento do Pronto-Socorro daquela cidade, mantido por aquela institui\u00e7\u00e3o de sa\u00fade. Para falar sobre o assunto a dire\u00e7\u00e3o daquela casa de sa\u00fade concedeu uma entrevista coletiva na manh\u00e3<\/p>\n<p class=\"link-more\"><a class=\"more-link\" href=\"https:\/\/marcelolopes.jor.br\/site\/2019\/04\/14\/sao-joao-nepomuceno-hospital-afirma-nao-ter-como-manter-pronto-socorro\/\">Leia mais <span class=\"screen-reader-text\">S\u00e3o Jo\u00e3o Nepomuceno: Hospital afirma n\u00e3o ter como manter Pronto-Socorro<\/span><\/a><\/p>\n","protected":false},"author":1,"featured_media":748,"comment_status":"open","ping_status":"open","sticky":false,"template":"","format":"standard","meta":{"footnotes":""},"categories":[1],"tags":[],"class_list":["post-746","post","type-post","status-publish","format-standard","has-post-thumbnail","hentry","category-noticias","thumb-below-title"],"yoast_head":"<!-- This site is optimized with the Yoast SEO plugin v27.4 - https:\/\/yoast.com\/product\/yoast-seo-wordpress\/ -->\n<title>S\u00e3o Jo\u00e3o Nepomuceno: Hospital afirma n\u00e3o ter como manter Pronto-Socorro | Marcelo Lopes<\/title>\n<meta name=\"robots\" content=\"index, follow, max-snippet:-1, max-image-preview:large, max-video-preview:-1\" \/>\n<link rel=\"canonical\" href=\"https:\/\/marcelolopes.jor.br\/site\/2019\/04\/14\/sao-joao-nepomuceno-hospital-afirma-nao-ter-como-manter-pronto-socorro\/\" \/>\n<meta property=\"og:locale\" content=\"pt_BR\" \/>\n<meta property=\"og:type\" content=\"article\" \/>\n<meta property=\"og:title\" content=\"S\u00e3o Jo\u00e3o Nepomuceno: Hospital afirma n\u00e3o ter como manter Pronto-Socorro | Marcelo Lopes\" \/>\n<meta property=\"og:description\" content=\"O Hospital de S\u00e3o Jo\u00e3o Nepomuceno est\u00e1 \u00e0s voltas com problemas de financiamento do Pronto-Socorro daquela cidade, mantido por aquela institui\u00e7\u00e3o de sa\u00fade. Para falar sobre o assunto a dire\u00e7\u00e3o daquela casa de sa\u00fade concedeu uma entrevista coletiva na manh\u00e3Leia mais S\u00e3o Jo\u00e3o Nepomuceno: Hospital afirma n\u00e3o ter como manter Pronto-Socorro\" \/>\n<meta property=\"og:url\" content=\"https:\/\/marcelolopes.jor.br\/site\/2019\/04\/14\/sao-joao-nepomuceno-hospital-afirma-nao-ter-como-manter-pronto-socorro\/\" \/>\n<meta property=\"og:site_name\" content=\"Marcelo Lopes\" \/>\n<meta property=\"article:publisher\" content=\"https:\/\/www.facebook.com\/sitedomarcelolopes\" \/>\n<meta property=\"article:published_time\" content=\"2019-04-14T10:00:32+00:00\" \/>\n<meta property=\"article:modified_time\" content=\"2020-10-13T20:57:46+00:00\" \/>\n<meta property=\"og:image\" content=\"https:\/\/marcelolopes.jor.br\/site\/wp-content\/uploads\/2019\/04\/sjnp.jpg\" \/>\n\t<meta property=\"og:image:width\" content=\"804\" \/>\n\t<meta property=\"og:image:height\" content=\"503\" \/>\n\t<meta property=\"og:image:type\" content=\"image\/jpeg\" \/>\n<meta name=\"author\" content=\"universo\" \/>\n<meta name=\"twitter:card\" content=\"summary_large_image\" \/>\n<meta name=\"twitter:label1\" content=\"Escrito por\" \/>\n\t<meta name=\"twitter:data1\" content=\"universo\" \/>\n\t<meta name=\"twitter:label2\" content=\"Est. tempo de leitura\" \/>\n\t<meta name=\"twitter:data2\" content=\"2 minutos\" \/>\n<script type=\"application\/ld+json\" class=\"yoast-schema-graph\">{\"@context\":\"https:\\\/\\\/schema.org\",\"@graph\":[{\"@type\":\"NewsArticle\",\"@id\":\"https:\\\/\\\/marcelolopes.jor.br\\\/site\\\/2019\\\/04\\\/14\\\/sao-joao-nepomuceno-hospital-afirma-nao-ter-como-manter-pronto-socorro\\\/#article\",\"isPartOf\":{\"@id\":\"https:\\\/\\\/marcelolopes.jor.br\\\/site\\\/2019\\\/04\\\/14\\\/sao-joao-nepomuceno-hospital-afirma-nao-ter-como-manter-pronto-socorro\\\/\"},\"author\":{\"name\":\"universo\",\"@id\":\"https:\\\/\\\/marcelolopes.jor.br\\\/site\\\/#\\\/schema\\\/person\\\/27c10fcefab28f2110efeb1b285475e4\"},\"headline\":\"S\u00e3o Jo\u00e3o Nepomuceno: Hospital afirma n\u00e3o ter como manter Pronto-Socorro\",\"datePublished\":\"2019-04-14T10:00:32+00:00\",\"dateModified\":\"2020-10-13T20:57:46+00:00\",\"mainEntityOfPage\":{\"@id\":\"https:\\\/\\\/marcelolopes.jor.br\\\/site\\\/2019\\\/04\\\/14\\\/sao-joao-nepomuceno-hospital-afirma-nao-ter-como-manter-pronto-socorro\\\/\"},\"wordCount\":445,\"commentCount\":0,\"publisher\":{\"@id\":\"https:\\\/\\\/marcelolopes.jor.br\\\/site\\\/#organization\"},\"image\":{\"@id\":\"https:\\\/\\\/marcelolopes.jor.br\\\/site\\\/2019\\\/04\\\/14\\\/sao-joao-nepomuceno-hospital-afirma-nao-ter-como-manter-pronto-socorro\\\/#primaryimage\"},\"thumbnailUrl\":\"https:\\\/\\\/marcelolopes.jor.br\\\/site\\\/wp-content\\\/uploads\\\/2019\\\/04\\\/sjnp.jpg\",\"articleSection\":[\"Not\u00edcias\"],\"inLanguage\":\"pt-BR\",\"potentialAction\":[{\"@type\":\"CommentAction\",\"name\":\"Comment\",\"target\":[\"https:\\\/\\\/marcelolopes.jor.br\\\/site\\\/2019\\\/04\\\/14\\\/sao-joao-nepomuceno-hospital-afirma-nao-ter-como-manter-pronto-socorro\\\/#respond\"]}]},{\"@type\":\"WebPage\",\"@id\":\"https:\\\/\\\/marcelolopes.jor.br\\\/site\\\/2019\\\/04\\\/14\\\/sao-joao-nepomuceno-hospital-afirma-nao-ter-como-manter-pronto-socorro\\\/\",\"url\":\"https:\\\/\\\/marcelolopes.jor.br\\\/site\\\/2019\\\/04\\\/14\\\/sao-joao-nepomuceno-hospital-afirma-nao-ter-como-manter-pronto-socorro\\\/\",\"name\":\"S\u00e3o Jo\u00e3o Nepomuceno: Hospital afirma n\u00e3o ter como manter Pronto-Socorro | Marcelo Lopes\",\"isPartOf\":{\"@id\":\"https:\\\/\\\/marcelolopes.jor.br\\\/site\\\/#website\"},\"primaryImageOfPage\":{\"@id\":\"https:\\\/\\\/marcelolopes.jor.br\\\/site\\\/2019\\\/04\\\/14\\\/sao-joao-nepomuceno-hospital-afirma-nao-ter-como-manter-pronto-socorro\\\/#primaryimage\"},\"image\":{\"@id\":\"https:\\\/\\\/marcelolopes.jor.br\\\/site\\\/2019\\\/04\\\/14\\\/sao-joao-nepomuceno-hospital-afirma-nao-ter-como-manter-pronto-socorro\\\/#primaryimage\"},\"thumbnailUrl\":\"https:\\\/\\\/marcelolopes.jor.br\\\/site\\\/wp-content\\\/uploads\\\/2019\\\/04\\\/sjnp.jpg\",\"datePublished\":\"2019-04-14T10:00:32+00:00\",\"dateModified\":\"2020-10-13T20:57:46+00:00\",\"breadcrumb\":{\"@id\":\"https:\\\/\\\/marcelolopes.jor.br\\\/site\\\/2019\\\/04\\\/14\\\/sao-joao-nepomuceno-hospital-afirma-nao-ter-como-manter-pronto-socorro\\\/#breadcrumb\"},\"inLanguage\":\"pt-BR\",\"potentialAction\":[{\"@type\":\"ReadAction\",\"target\":[\"https:\\\/\\\/marcelolopes.jor.br\\\/site\\\/2019\\\/04\\\/14\\\/sao-joao-nepomuceno-hospital-afirma-nao-ter-como-manter-pronto-socorro\\\/\"]}]},{\"@type\":\"ImageObject\",\"inLanguage\":\"pt-BR\",\"@id\":\"https:\\\/\\\/marcelolopes.jor.br\\\/site\\\/2019\\\/04\\\/14\\\/sao-joao-nepomuceno-hospital-afirma-nao-ter-como-manter-pronto-socorro\\\/#primaryimage\",\"url\":\"https:\\\/\\\/marcelolopes.jor.br\\\/site\\\/wp-content\\\/uploads\\\/2019\\\/04\\\/sjnp.jpg\",\"contentUrl\":\"https:\\\/\\\/marcelolopes.jor.br\\\/site\\\/wp-content\\\/uploads\\\/2019\\\/04\\\/sjnp.jpg\",\"width\":804,\"height\":503},{\"@type\":\"BreadcrumbList\",\"@id\":\"https:\\\/\\\/marcelolopes.jor.br\\\/site\\\/2019\\\/04\\\/14\\\/sao-joao-nepomuceno-hospital-afirma-nao-ter-como-manter-pronto-socorro\\\/#breadcrumb\",\"itemListElement\":[{\"@type\":\"ListItem\",\"position\":1,\"name\":\"Home\",\"item\":\"https:\\\/\\\/marcelolopes.jor.br\\\/site\\\/\"},{\"@type\":\"ListItem\",\"position\":2,\"name\":\"S\u00e3o Jo\u00e3o Nepomuceno: Hospital afirma n\u00e3o ter como manter Pronto-Socorro\"}]},{\"@type\":\"WebSite\",\"@id\":\"https:\\\/\\\/marcelolopes.jor.br\\\/site\\\/#website\",\"url\":\"https:\\\/\\\/marcelolopes.jor.br\\\/site\\\/\",\"name\":\"Marcelo Lopes\",\"description\":\"Not\u00edcias de Cataguases e Regi\u00e3o\",\"publisher\":{\"@id\":\"https:\\\/\\\/marcelolopes.jor.br\\\/site\\\/#organization\"},\"potentialAction\":[{\"@type\":\"SearchAction\",\"target\":{\"@type\":\"EntryPoint\",\"urlTemplate\":\"https:\\\/\\\/marcelolopes.jor.br\\\/site\\\/?s={search_term_string}\"},\"query-input\":{\"@type\":\"PropertyValueSpecification\",\"valueRequired\":true,\"valueName\":\"search_term_string\"}}],\"inLanguage\":\"pt-BR\"},{\"@type\":\"Organization\",\"@id\":\"https:\\\/\\\/marcelolopes.jor.br\\\/site\\\/#organization\",\"name\":\"Site do Marcelo Lopes\",\"url\":\"https:\\\/\\\/marcelolopes.jor.br\\\/site\\\/\",\"logo\":{\"@type\":\"ImageObject\",\"inLanguage\":\"pt-BR\",\"@id\":\"https:\\\/\\\/marcelolopes.jor.br\\\/site\\\/#\\\/schema\\\/logo\\\/image\\\/\",\"url\":\"https:\\\/\\\/marcelolopes.jor.br\\\/site\\\/wp-content\\\/uploads\\\/2024\\\/11\\\/logo-1.png\",\"contentUrl\":\"https:\\\/\\\/marcelolopes.jor.br\\\/site\\\/wp-content\\\/uploads\\\/2024\\\/11\\\/logo-1.png\",\"width\":475,\"height\":80,\"caption\":\"Site do Marcelo Lopes\"},\"image\":{\"@id\":\"https:\\\/\\\/marcelolopes.jor.br\\\/site\\\/#\\\/schema\\\/logo\\\/image\\\/\"},\"sameAs\":[\"https:\\\/\\\/www.facebook.com\\\/sitedomarcelolopes\",\"https:\\\/\\\/www.instagram.com\\\/sitedomarcelolopes\\\/\",\"https:\\\/\\\/www.linkedin.com\\\/company\\\/site-do-marcelo-lopes\\\/\",\"https:\\\/\\\/www.youtube.com\\\/user\\\/marcelolopes957\"]},{\"@type\":\"Person\",\"@id\":\"https:\\\/\\\/marcelolopes.jor.br\\\/site\\\/#\\\/schema\\\/person\\\/27c10fcefab28f2110efeb1b285475e4\",\"name\":\"universo\",\"url\":\"https:\\\/\\\/marcelolopes.jor.br\\\/site\\\/author\\\/universo\\\/\"}]}<\/script>\n<!-- \/ Yoast SEO plugin. -->","yoast_head_json":{"title":"S\u00e3o Jo\u00e3o Nepomuceno: Hospital afirma n\u00e3o ter como manter Pronto-Socorro | Marcelo Lopes","robots":{"index":"index","follow":"follow","max-snippet":"max-snippet:-1","max-image-preview":"max-image-preview:large","max-video-preview":"max-video-preview:-1"},"canonical":"https:\/\/marcelolopes.jor.br\/site\/2019\/04\/14\/sao-joao-nepomuceno-hospital-afirma-nao-ter-como-manter-pronto-socorro\/","og_locale":"pt_BR","og_type":"article","og_title":"S\u00e3o Jo\u00e3o Nepomuceno: Hospital afirma n\u00e3o ter como manter Pronto-Socorro | Marcelo Lopes","og_description":"O Hospital de S\u00e3o Jo\u00e3o Nepomuceno est\u00e1 \u00e0s voltas com problemas de financiamento do Pronto-Socorro daquela cidade, mantido por aquela institui\u00e7\u00e3o de sa\u00fade. Para falar sobre o assunto a dire\u00e7\u00e3o daquela casa de sa\u00fade concedeu uma entrevista coletiva na manh\u00e3Leia mais S\u00e3o Jo\u00e3o Nepomuceno: Hospital afirma n\u00e3o ter como manter Pronto-Socorro","og_url":"https:\/\/marcelolopes.jor.br\/site\/2019\/04\/14\/sao-joao-nepomuceno-hospital-afirma-nao-ter-como-manter-pronto-socorro\/","og_site_name":"Marcelo Lopes","article_publisher":"https:\/\/www.facebook.com\/sitedomarcelolopes","article_published_time":"2019-04-14T10:00:32+00:00","article_modified_time":"2020-10-13T20:57:46+00:00","og_image":[{"width":804,"height":503,"url":"https:\/\/marcelolopes.jor.br\/site\/wp-content\/uploads\/2019\/04\/sjnp.jpg","type":"image\/jpeg"}],"author":"universo","twitter_card":"summary_large_image","twitter_misc":{"Escrito por":"universo","Est. tempo de leitura":"2 minutos"},"schema":{"@context":"https:\/\/schema.org","@graph":[{"@type":"NewsArticle","@id":"https:\/\/marcelolopes.jor.br\/site\/2019\/04\/14\/sao-joao-nepomuceno-hospital-afirma-nao-ter-como-manter-pronto-socorro\/#article","isPartOf":{"@id":"https:\/\/marcelolopes.jor.br\/site\/2019\/04\/14\/sao-joao-nepomuceno-hospital-afirma-nao-ter-como-manter-pronto-socorro\/"},"author":{"name":"universo","@id":"https:\/\/marcelolopes.jor.br\/site\/#\/schema\/person\/27c10fcefab28f2110efeb1b285475e4"},"headline":"S\u00e3o Jo\u00e3o Nepomuceno: Hospital afirma n\u00e3o ter como manter Pronto-Socorro","datePublished":"2019-04-14T10:00:32+00:00","dateModified":"2020-10-13T20:57:46+00:00","mainEntityOfPage":{"@id":"https:\/\/marcelolopes.jor.br\/site\/2019\/04\/14\/sao-joao-nepomuceno-hospital-afirma-nao-ter-como-manter-pronto-socorro\/"},"wordCount":445,"commentCount":0,"publisher":{"@id":"https:\/\/marcelolopes.jor.br\/site\/#organization"},"image":{"@id":"https:\/\/marcelolopes.jor.br\/site\/2019\/04\/14\/sao-joao-nepomuceno-hospital-afirma-nao-ter-como-manter-pronto-socorro\/#primaryimage"},"thumbnailUrl":"https:\/\/marcelolopes.jor.br\/site\/wp-content\/uploads\/2019\/04\/sjnp.jpg","articleSection":["Not\u00edcias"],"inLanguage":"pt-BR","potentialAction":[{"@type":"CommentAction","name":"Comment","target":["https:\/\/marcelolopes.jor.br\/site\/2019\/04\/14\/sao-joao-nepomuceno-hospital-afirma-nao-ter-como-manter-pronto-socorro\/#respond"]}]},{"@type":"WebPage","@id":"https:\/\/marcelolopes.jor.br\/site\/2019\/04\/14\/sao-joao-nepomuceno-hospital-afirma-nao-ter-como-manter-pronto-socorro\/","url":"https:\/\/marcelolopes.jor.br\/site\/2019\/04\/14\/sao-joao-nepomuceno-hospital-afirma-nao-ter-como-manter-pronto-socorro\/","name":"S\u00e3o Jo\u00e3o Nepomuceno: Hospital afirma n\u00e3o ter como manter Pronto-Socorro | Marcelo Lopes","isPartOf":{"@id":"https:\/\/marcelolopes.jor.br\/site\/#website"},"primaryImageOfPage":{"@id":"https:\/\/marcelolopes.jor.br\/site\/2019\/04\/14\/sao-joao-nepomuceno-hospital-afirma-nao-ter-como-manter-pronto-socorro\/#primaryimage"},"image":{"@id":"https:\/\/marcelolopes.jor.br\/site\/2019\/04\/14\/sao-joao-nepomuceno-hospital-afirma-nao-ter-como-manter-pronto-socorro\/#primaryimage"},"thumbnailUrl":"https:\/\/marcelolopes.jor.br\/site\/wp-content\/uploads\/2019\/04\/sjnp.jpg","datePublished":"2019-04-14T10:00:32+00:00","dateModified":"2020-10-13T20:57:46+00:00","breadcrumb":{"@id":"https:\/\/marcelolopes.jor.br\/site\/2019\/04\/14\/sao-joao-nepomuceno-hospital-afirma-nao-ter-como-manter-pronto-socorro\/#breadcrumb"},"inLanguage":"pt-BR","potentialAction":[{"@type":"ReadAction","target":["https:\/\/marcelolopes.jor.br\/site\/2019\/04\/14\/sao-joao-nepomuceno-hospital-afirma-nao-ter-como-manter-pronto-socorro\/"]}]},{"@type":"ImageObject","inLanguage":"pt-BR","@id":"https:\/\/marcelolopes.jor.br\/site\/2019\/04\/14\/sao-joao-nepomuceno-hospital-afirma-nao-ter-como-manter-pronto-socorro\/#primaryimage","url":"https:\/\/marcelolopes.jor.br\/site\/wp-content\/uploads\/2019\/04\/sjnp.jpg","contentUrl":"https:\/\/marcelolopes.jor.br\/site\/wp-content\/uploads\/2019\/04\/sjnp.jpg","width":804,"height":503},{"@type":"BreadcrumbList","@id":"https:\/\/marcelolopes.jor.br\/site\/2019\/04\/14\/sao-joao-nepomuceno-hospital-afirma-nao-ter-como-manter-pronto-socorro\/#breadcrumb","itemListElement":[{"@type":"ListItem","position":1,"name":"Home","item":"https:\/\/marcelolopes.jor.br\/site\/"},{"@type":"ListItem","position":2,"name":"S\u00e3o Jo\u00e3o Nepomuceno: Hospital afirma n\u00e3o ter como manter Pronto-Socorro"}]},{"@type":"WebSite","@id":"https:\/\/marcelolopes.jor.br\/site\/#website","url":"https:\/\/marcelolopes.jor.br\/site\/","name":"Marcelo Lopes","description":"Not\u00edcias de Cataguases e Regi\u00e3o","publisher":{"@id":"https:\/\/marcelolopes.jor.br\/site\/#organization"},"potentialAction":[{"@type":"SearchAction","target":{"@type":"EntryPoint","urlTemplate":"https:\/\/marcelolopes.jor.br\/site\/?s={search_term_string}"},"query-input":{"@type":"PropertyValueSpecification","valueRequired":true,"valueName":"search_term_string"}}],"inLanguage":"pt-BR"},{"@type":"Organization","@id":"https:\/\/marcelolopes.jor.br\/site\/#organization","name":"Site do Marcelo Lopes","url":"https:\/\/marcelolopes.jor.br\/site\/","logo":{"@type":"ImageObject","inLanguage":"pt-BR","@id":"https:\/\/marcelolopes.jor.br\/site\/#\/schema\/logo\/image\/","url":"https:\/\/marcelolopes.jor.br\/site\/wp-content\/uploads\/2024\/11\/logo-1.png","contentUrl":"https:\/\/marcelolopes.jor.br\/site\/wp-content\/uploads\/2024\/11\/logo-1.png","width":475,"height":80,"caption":"Site do Marcelo Lopes"},"image":{"@id":"https:\/\/marcelolopes.jor.br\/site\/#\/schema\/logo\/image\/"},"sameAs":["https:\/\/www.facebook.com\/sitedomarcelolopes","https:\/\/www.instagram.com\/sitedomarcelolopes\/","https:\/\/www.linkedin.com\/company\/site-do-marcelo-lopes\/","https:\/\/www.youtube.com\/user\/marcelolopes957"]},{"@type":"Person","@id":"https:\/\/marcelolopes.jor.br\/site\/#\/schema\/person\/27c10fcefab28f2110efeb1b285475e4","name":"universo","url":"https:\/\/marcelolopes.jor.br\/site\/author\/universo\/"}]}},"wps_subtitle":"Somente em abril o local foi fechado duas vezes por falta de m\u00e9dico.","_links":{"self":[{"href":"https:\/\/marcelolopes.jor.br\/site\/wp-json\/wp\/v2\/posts\/746","targetHints":{"allow":["GET"]}}],"collection":[{"href":"https:\/\/marcelolopes.jor.br\/site\/wp-json\/wp\/v2\/posts"}],"about":[{"href":"https:\/\/marcelolopes.jor.br\/site\/wp-json\/wp\/v2\/types\/post"}],"author":[{"embeddable":true,"href":"https:\/\/marcelolopes.jor.br\/site\/wp-json\/wp\/v2\/users\/1"}],"replies":[{"embeddable":true,"href":"https:\/\/marcelolopes.jor.br\/site\/wp-json\/wp\/v2\/comments?post=746"}],"version-history":[{"count":0,"href":"https:\/\/marcelolopes.jor.br\/site\/wp-json\/wp\/v2\/posts\/746\/revisions"}],"wp:featuredmedia":[{"embeddable":true,"href":"https:\/\/marcelolopes.jor.br\/site\/wp-json\/wp\/v2\/media\/748"}],"wp:attachment":[{"href":"https:\/\/marcelolopes.jor.br\/site\/wp-json\/wp\/v2\/media?parent=746"}],"wp:term":[{"taxonomy":"category","embeddable":true,"href":"https:\/\/marcelolopes.jor.br\/site\/wp-json\/wp\/v2\/categories?post=746"},{"taxonomy":"post_tag","embeddable":true,"href":"https:\/\/marcelolopes.jor.br\/site\/wp-json\/wp\/v2\/tags?post=746"}],"curies":[{"name":"wp","href":"https:\/\/api.w.org\/{rel}","templated":true}]}}