{"id":7367,"date":"2019-10-28T12:00:27","date_gmt":"2019-10-28T15:00:27","guid":{"rendered":"https:\/\/marcelolopes.jor.br\/?p=7367"},"modified":"2019-10-28T08:36:34","modified_gmt":"2019-10-28T11:36:34","slug":"colisao-entre-dois-carros-deixa-feridos-entre-leopoldina-e-cataguases","status":"publish","type":"post","link":"https:\/\/marcelolopes.jor.br\/site\/2019\/10\/28\/colisao-entre-dois-carros-deixa-feridos-entre-leopoldina-e-cataguases\/","title":{"rendered":"Colis\u00e3o entre dois carros deixa feridos entre Leopoldina e Cataguases"},"content":{"rendered":"<p style=\"text-align: justify;\">Uma colis\u00e3o entre dois carros neste domingo, 27 de outubro, deixou duas pessoas feridas na BR-120, pr\u00f3ximo ao trevo de acesso ao distrito de Piacatuba, em Leopoldina. Pol\u00edcia Militar, Corpo de Bombeiros e Servi\u00e7o de Atendimento M\u00f3vel de Urg\u00eancia (SAMU) atenderam a ocorr\u00eancia.<\/p>\n<p style=\"text-align: justify;\">Segundo a PM, a colis\u00e3o aconteceu quando o condutor do Fiat Palio, placas de Leopoldina, convergiu da rodovia principal sentido trevo de Piacatuba e foi atingido pelo ve\u00edculo VW\/Gol, placas de Pira\u00faba, que seguia sentido Cataguases pela mesma via. O condutor do Palio, de 32 anos, e uma passageira do Gol, de 59, foram socorridos pela equipe m\u00e9dica do SAMU e militares do Corpo de Bombeiros e encaminhados com ferimentos para o Hospital de Cataguases.<\/p>\n<p style=\"text-align: justify;\">A Per\u00edcia T\u00e9cnica da 3\u00aa Delegacia Regional da Pol\u00edcia Civil de Leopoldina foi acionada e realizou os trabalhos de praxe no local. A Pol\u00edcia Militar informou que o motorista do Fiat al\u00e9m de n\u00e3o possuir habilita\u00e7\u00e3o para conduzir o ve\u00edculo estava com o licenciamento atrasado, o que resultou na apreens\u00e3o do autom\u00f3vel junto ao p\u00e1tio credenciado pelo Detran (MG) no munic\u00edpio.<\/p>\n<p style=\"text-align: justify;\">De acordo com as informa\u00e7\u00f5es, o trecho da rodovia n\u00e3o precisou ser interditado durante o atendimento da ocorr\u00eancia.<\/p>\n<p><img loading=\"lazy\" decoding=\"async\" class=\"aligncenter wp-image-7370\" src=\"https:\/\/marcelolopes.jor.br\/site\/wp-content\/uploads\/2019\/10\/d808f12232bd455b9af4333d3577ec66.jpg\" alt=\"\" width=\"500\" height=\"283\" srcset=\"https:\/\/marcelolopes.jor.br\/site\/wp-content\/uploads\/2019\/10\/d808f12232bd455b9af4333d3577ec66.jpg 891w, https:\/\/marcelolopes.jor.br\/site\/wp-content\/uploads\/2019\/10\/d808f12232bd455b9af4333d3577ec66-300x170.jpg 300w, https:\/\/marcelolopes.jor.br\/site\/wp-content\/uploads\/2019\/10\/d808f12232bd455b9af4333d3577ec66-768x435.jpg 768w\" sizes=\"auto, (max-width: 500px) 100vw, 500px\" \/><\/p>\n<p><img loading=\"lazy\" decoding=\"async\" class=\"aligncenter wp-image-7371\" src=\"https:\/\/marcelolopes.jor.br\/site\/wp-content\/uploads\/2019\/10\/f857f78f9f0940158bfe234192371cd3.jpg\" alt=\"\" width=\"500\" height=\"312\" srcset=\"https:\/\/marcelolopes.jor.br\/site\/wp-content\/uploads\/2019\/10\/f857f78f9f0940158bfe234192371cd3.jpg 890w, https:\/\/marcelolopes.jor.br\/site\/wp-content\/uploads\/2019\/10\/f857f78f9f0940158bfe234192371cd3-300x187.jpg 300w, https:\/\/marcelolopes.jor.br\/site\/wp-content\/uploads\/2019\/10\/f857f78f9f0940158bfe234192371cd3-768x480.jpg 768w\" sizes=\"auto, (max-width: 500px) 100vw, 500px\" \/><\/p>\n<p><em>Fonte e fotos: O Vigilante Online<\/em><\/p>\n<div class=\"tmczh69f7053af046d\" ><br><\/div><style type=\"text\/css\">\r\n@media screen and (min-width: 1201px) {\r\n.tmczh69f7053af046d {\r\ndisplay: block;\r\n}\r\n}\r\n@media screen and (min-width: 993px) and (max-width: 1200px) {\r\n.tmczh69f7053af046d {\r\ndisplay: block;\r\n}\r\n}\r\n@media screen and (min-width: 769px) and (max-width: 992px) {\r\n.tmczh69f7053af046d {\r\ndisplay: block;\r\n}\r\n}\r\n@media screen and (min-width: 768px) and (max-width: 768px) {\r\n.tmczh69f7053af046d {\r\ndisplay: block;\r\n}\r\n}\r\n@media screen and (max-width: 767px) {\r\n.tmczh69f7053af046d {\r\ndisplay: block;\r\n}\r\n}\r\n<\/style>\r\n<div class=\"hgbeo69f7053b02d51\" ><div id=\"div_destino\"><\/div>\r\n<script src=\"https:\/\/cdn.snsrsv.com\/sdk.js\"><\/script>\r\n<script >\r\n      new sdk(\"464030C30061EA8BE065000000000001\") \r\n          .appendTo(\"div_destino\")\r\n          .disableStyle(true) \r\n          .setCacheBusterMacro(\"%%CACHEBUSTER%%\")\r\n          .setSize(\"800\",\"214\")\r\n          .setClickMacro(\"%%CLICK_URL_ESC%%\") \r\n          .setReferrerUrlMacro(\"%%REFERRER_URL_ESC%%\") \r\n          .start(); \r\n<\/script><\/div><style type=\"text\/css\">\r\n@media screen and (min-width: 1201px) {\r\n.hgbeo69f7053b02d51 {\r\ndisplay: block;\r\n}\r\n}\r\n@media screen and (min-width: 993px) and (max-width: 1200px) {\r\n.hgbeo69f7053b02d51 {\r\ndisplay: block;\r\n}\r\n}\r\n@media screen and (min-width: 769px) and (max-width: 992px) {\r\n.hgbeo69f7053b02d51 {\r\ndisplay: block;\r\n}\r\n}\r\n@media screen and (min-width: 768px) and (max-width: 768px) {\r\n.hgbeo69f7053b02d51 {\r\ndisplay: block;\r\n}\r\n}\r\n@media screen and (max-width: 767px) {\r\n.hgbeo69f7053b02d51 {\r\ndisplay: block;\r\n}\r\n}\r\n<\/style>\r\n","protected":false},"excerpt":{"rendered":"<p>Uma colis\u00e3o entre dois carros neste domingo, 27 de outubro, deixou duas pessoas feridas na BR-120, pr\u00f3ximo ao trevo de acesso ao distrito de Piacatuba, em Leopoldina. Pol\u00edcia Militar, Corpo de Bombeiros e Servi\u00e7o de Atendimento M\u00f3vel de Urg\u00eancia (SAMU)<\/p>\n<p class=\"link-more\"><a class=\"more-link\" href=\"https:\/\/marcelolopes.jor.br\/site\/2019\/10\/28\/colisao-entre-dois-carros-deixa-feridos-entre-leopoldina-e-cataguases\/\">Leia mais <span class=\"screen-reader-text\">Colis\u00e3o entre dois carros deixa feridos entre Leopoldina e Cataguases<\/span><\/a><\/p>\n","protected":false},"author":2,"featured_media":7369,"comment_status":"open","ping_status":"open","sticky":false,"template":"","format":"standard","meta":{"footnotes":""},"categories":[1],"tags":[124,1398,117,127],"class_list":["post-7367","post","type-post","status-publish","format-standard","has-post-thumbnail","hentry","category-noticias","tag-acidente","tag-br-120","tag-piacatuba","tag-rodovia","thumb-below-title"],"yoast_head":"<!-- This site is optimized with the Yoast SEO plugin v27.4 - https:\/\/yoast.com\/product\/yoast-seo-wordpress\/ -->\n<title>Colis\u00e3o entre dois carros deixa feridos entre Leopoldina e Cataguases | Marcelo Lopes<\/title>\n<meta name=\"robots\" content=\"index, follow, max-snippet:-1, max-image-preview:large, max-video-preview:-1\" \/>\n<link rel=\"canonical\" href=\"https:\/\/marcelolopes.jor.br\/site\/2019\/10\/28\/colisao-entre-dois-carros-deixa-feridos-entre-leopoldina-e-cataguases\/\" \/>\n<meta property=\"og:locale\" content=\"pt_BR\" \/>\n<meta property=\"og:type\" content=\"article\" \/>\n<meta property=\"og:title\" content=\"Colis\u00e3o entre dois carros deixa feridos entre Leopoldina e Cataguases | Marcelo Lopes\" \/>\n<meta property=\"og:description\" content=\"Uma colis\u00e3o entre dois carros neste domingo, 27 de outubro, deixou duas pessoas feridas na BR-120, pr\u00f3ximo ao trevo de acesso ao distrito de Piacatuba, em Leopoldina. Pol\u00edcia Militar, Corpo de Bombeiros e Servi\u00e7o de Atendimento M\u00f3vel de Urg\u00eancia (SAMU)Leia mais Colis\u00e3o entre dois carros deixa feridos entre Leopoldina e Cataguases\" \/>\n<meta property=\"og:url\" content=\"https:\/\/marcelolopes.jor.br\/site\/2019\/10\/28\/colisao-entre-dois-carros-deixa-feridos-entre-leopoldina-e-cataguases\/\" \/>\n<meta property=\"og:site_name\" content=\"Marcelo Lopes\" \/>\n<meta property=\"article:publisher\" content=\"https:\/\/www.facebook.com\/sitedomarcelolopes\" \/>\n<meta property=\"article:published_time\" content=\"2019-10-28T15:00:27+00:00\" \/>\n<meta property=\"og:image\" content=\"https:\/\/marcelolopes.jor.br\/site\/wp-content\/uploads\/2019\/10\/88477c9c9e854629af70d8abdfdb75b9.jpg\" \/>\n\t<meta property=\"og:image:width\" content=\"900\" \/>\n\t<meta property=\"og:image:height\" content=\"500\" \/>\n\t<meta property=\"og:image:type\" content=\"image\/jpeg\" \/>\n<meta name=\"author\" content=\"Marcelo Lopes\" \/>\n<meta name=\"twitter:card\" content=\"summary_large_image\" \/>\n<meta name=\"twitter:label1\" content=\"Escrito por\" \/>\n\t<meta name=\"twitter:data1\" content=\"Marcelo Lopes\" \/>\n\t<meta name=\"twitter:label2\" content=\"Est. tempo de leitura\" \/>\n\t<meta name=\"twitter:data2\" content=\"1 minuto\" \/>\n<script type=\"application\/ld+json\" class=\"yoast-schema-graph\">{\"@context\":\"https:\\\/\\\/schema.org\",\"@graph\":[{\"@type\":\"NewsArticle\",\"@id\":\"https:\\\/\\\/marcelolopes.jor.br\\\/site\\\/2019\\\/10\\\/28\\\/colisao-entre-dois-carros-deixa-feridos-entre-leopoldina-e-cataguases\\\/#article\",\"isPartOf\":{\"@id\":\"https:\\\/\\\/marcelolopes.jor.br\\\/site\\\/2019\\\/10\\\/28\\\/colisao-entre-dois-carros-deixa-feridos-entre-leopoldina-e-cataguases\\\/\"},\"author\":{\"name\":\"Marcelo Lopes\",\"@id\":\"https:\\\/\\\/marcelolopes.jor.br\\\/site\\\/#\\\/schema\\\/person\\\/3e7216a35c34d8fdf952b31da3d1f89f\"},\"headline\":\"Colis\u00e3o entre dois carros deixa feridos entre Leopoldina e Cataguases\",\"datePublished\":\"2019-10-28T15:00:27+00:00\",\"mainEntityOfPage\":{\"@id\":\"https:\\\/\\\/marcelolopes.jor.br\\\/site\\\/2019\\\/10\\\/28\\\/colisao-entre-dois-carros-deixa-feridos-entre-leopoldina-e-cataguases\\\/\"},\"wordCount\":237,\"commentCount\":0,\"publisher\":{\"@id\":\"https:\\\/\\\/marcelolopes.jor.br\\\/site\\\/#organization\"},\"image\":{\"@id\":\"https:\\\/\\\/marcelolopes.jor.br\\\/site\\\/2019\\\/10\\\/28\\\/colisao-entre-dois-carros-deixa-feridos-entre-leopoldina-e-cataguases\\\/#primaryimage\"},\"thumbnailUrl\":\"https:\\\/\\\/marcelolopes.jor.br\\\/site\\\/wp-content\\\/uploads\\\/2019\\\/10\\\/88477c9c9e854629af70d8abdfdb75b9.jpg\",\"keywords\":[\"acidente\",\"BR-120\",\"Piacatuba\",\"rodovia\"],\"articleSection\":[\"Not\u00edcias\"],\"inLanguage\":\"pt-BR\",\"potentialAction\":[{\"@type\":\"CommentAction\",\"name\":\"Comment\",\"target\":[\"https:\\\/\\\/marcelolopes.jor.br\\\/site\\\/2019\\\/10\\\/28\\\/colisao-entre-dois-carros-deixa-feridos-entre-leopoldina-e-cataguases\\\/#respond\"]}]},{\"@type\":\"WebPage\",\"@id\":\"https:\\\/\\\/marcelolopes.jor.br\\\/site\\\/2019\\\/10\\\/28\\\/colisao-entre-dois-carros-deixa-feridos-entre-leopoldina-e-cataguases\\\/\",\"url\":\"https:\\\/\\\/marcelolopes.jor.br\\\/site\\\/2019\\\/10\\\/28\\\/colisao-entre-dois-carros-deixa-feridos-entre-leopoldina-e-cataguases\\\/\",\"name\":\"Colis\u00e3o entre dois carros deixa feridos entre Leopoldina e Cataguases | Marcelo Lopes\",\"isPartOf\":{\"@id\":\"https:\\\/\\\/marcelolopes.jor.br\\\/site\\\/#website\"},\"primaryImageOfPage\":{\"@id\":\"https:\\\/\\\/marcelolopes.jor.br\\\/site\\\/2019\\\/10\\\/28\\\/colisao-entre-dois-carros-deixa-feridos-entre-leopoldina-e-cataguases\\\/#primaryimage\"},\"image\":{\"@id\":\"https:\\\/\\\/marcelolopes.jor.br\\\/site\\\/2019\\\/10\\\/28\\\/colisao-entre-dois-carros-deixa-feridos-entre-leopoldina-e-cataguases\\\/#primaryimage\"},\"thumbnailUrl\":\"https:\\\/\\\/marcelolopes.jor.br\\\/site\\\/wp-content\\\/uploads\\\/2019\\\/10\\\/88477c9c9e854629af70d8abdfdb75b9.jpg\",\"datePublished\":\"2019-10-28T15:00:27+00:00\",\"breadcrumb\":{\"@id\":\"https:\\\/\\\/marcelolopes.jor.br\\\/site\\\/2019\\\/10\\\/28\\\/colisao-entre-dois-carros-deixa-feridos-entre-leopoldina-e-cataguases\\\/#breadcrumb\"},\"inLanguage\":\"pt-BR\",\"potentialAction\":[{\"@type\":\"ReadAction\",\"target\":[\"https:\\\/\\\/marcelolopes.jor.br\\\/site\\\/2019\\\/10\\\/28\\\/colisao-entre-dois-carros-deixa-feridos-entre-leopoldina-e-cataguases\\\/\"]}]},{\"@type\":\"ImageObject\",\"inLanguage\":\"pt-BR\",\"@id\":\"https:\\\/\\\/marcelolopes.jor.br\\\/site\\\/2019\\\/10\\\/28\\\/colisao-entre-dois-carros-deixa-feridos-entre-leopoldina-e-cataguases\\\/#primaryimage\",\"url\":\"https:\\\/\\\/marcelolopes.jor.br\\\/site\\\/wp-content\\\/uploads\\\/2019\\\/10\\\/88477c9c9e854629af70d8abdfdb75b9.jpg\",\"contentUrl\":\"https:\\\/\\\/marcelolopes.jor.br\\\/site\\\/wp-content\\\/uploads\\\/2019\\\/10\\\/88477c9c9e854629af70d8abdfdb75b9.jpg\",\"width\":900,\"height\":500},{\"@type\":\"BreadcrumbList\",\"@id\":\"https:\\\/\\\/marcelolopes.jor.br\\\/site\\\/2019\\\/10\\\/28\\\/colisao-entre-dois-carros-deixa-feridos-entre-leopoldina-e-cataguases\\\/#breadcrumb\",\"itemListElement\":[{\"@type\":\"ListItem\",\"position\":1,\"name\":\"Home\",\"item\":\"https:\\\/\\\/marcelolopes.jor.br\\\/site\\\/\"},{\"@type\":\"ListItem\",\"position\":2,\"name\":\"Colis\u00e3o entre dois carros deixa feridos entre Leopoldina e Cataguases\"}]},{\"@type\":\"WebSite\",\"@id\":\"https:\\\/\\\/marcelolopes.jor.br\\\/site\\\/#website\",\"url\":\"https:\\\/\\\/marcelolopes.jor.br\\\/site\\\/\",\"name\":\"Marcelo Lopes\",\"description\":\"Not\u00edcias de Cataguases e Regi\u00e3o\",\"publisher\":{\"@id\":\"https:\\\/\\\/marcelolopes.jor.br\\\/site\\\/#organization\"},\"potentialAction\":[{\"@type\":\"SearchAction\",\"target\":{\"@type\":\"EntryPoint\",\"urlTemplate\":\"https:\\\/\\\/marcelolopes.jor.br\\\/site\\\/?s={search_term_string}\"},\"query-input\":{\"@type\":\"PropertyValueSpecification\",\"valueRequired\":true,\"valueName\":\"search_term_string\"}}],\"inLanguage\":\"pt-BR\"},{\"@type\":\"Organization\",\"@id\":\"https:\\\/\\\/marcelolopes.jor.br\\\/site\\\/#organization\",\"name\":\"Site do Marcelo Lopes\",\"url\":\"https:\\\/\\\/marcelolopes.jor.br\\\/site\\\/\",\"logo\":{\"@type\":\"ImageObject\",\"inLanguage\":\"pt-BR\",\"@id\":\"https:\\\/\\\/marcelolopes.jor.br\\\/site\\\/#\\\/schema\\\/logo\\\/image\\\/\",\"url\":\"https:\\\/\\\/marcelolopes.jor.br\\\/site\\\/wp-content\\\/uploads\\\/2024\\\/11\\\/logo-1.png\",\"contentUrl\":\"https:\\\/\\\/marcelolopes.jor.br\\\/site\\\/wp-content\\\/uploads\\\/2024\\\/11\\\/logo-1.png\",\"width\":475,\"height\":80,\"caption\":\"Site do Marcelo Lopes\"},\"image\":{\"@id\":\"https:\\\/\\\/marcelolopes.jor.br\\\/site\\\/#\\\/schema\\\/logo\\\/image\\\/\"},\"sameAs\":[\"https:\\\/\\\/www.facebook.com\\\/sitedomarcelolopes\",\"https:\\\/\\\/www.instagram.com\\\/sitedomarcelolopes\\\/\",\"https:\\\/\\\/www.linkedin.com\\\/company\\\/site-do-marcelo-lopes\\\/\",\"https:\\\/\\\/www.youtube.com\\\/user\\\/marcelolopes957\"]},{\"@type\":\"Person\",\"@id\":\"https:\\\/\\\/marcelolopes.jor.br\\\/site\\\/#\\\/schema\\\/person\\\/3e7216a35c34d8fdf952b31da3d1f89f\",\"name\":\"Marcelo Lopes\",\"sameAs\":[\"http:\\\/\\\/www.marcelolopes.jor.br\"],\"url\":\"https:\\\/\\\/marcelolopes.jor.br\\\/site\\\/author\\\/marcelo\\\/\"}]}<\/script>\n<!-- \/ Yoast SEO plugin. -->","yoast_head_json":{"title":"Colis\u00e3o entre dois carros deixa feridos entre Leopoldina e Cataguases | Marcelo Lopes","robots":{"index":"index","follow":"follow","max-snippet":"max-snippet:-1","max-image-preview":"max-image-preview:large","max-video-preview":"max-video-preview:-1"},"canonical":"https:\/\/marcelolopes.jor.br\/site\/2019\/10\/28\/colisao-entre-dois-carros-deixa-feridos-entre-leopoldina-e-cataguases\/","og_locale":"pt_BR","og_type":"article","og_title":"Colis\u00e3o entre dois carros deixa feridos entre Leopoldina e Cataguases | Marcelo Lopes","og_description":"Uma colis\u00e3o entre dois carros neste domingo, 27 de outubro, deixou duas pessoas feridas na BR-120, pr\u00f3ximo ao trevo de acesso ao distrito de Piacatuba, em Leopoldina. Pol\u00edcia Militar, Corpo de Bombeiros e Servi\u00e7o de Atendimento M\u00f3vel de Urg\u00eancia (SAMU)Leia mais Colis\u00e3o entre dois carros deixa feridos entre Leopoldina e Cataguases","og_url":"https:\/\/marcelolopes.jor.br\/site\/2019\/10\/28\/colisao-entre-dois-carros-deixa-feridos-entre-leopoldina-e-cataguases\/","og_site_name":"Marcelo Lopes","article_publisher":"https:\/\/www.facebook.com\/sitedomarcelolopes","article_published_time":"2019-10-28T15:00:27+00:00","og_image":[{"width":900,"height":500,"url":"https:\/\/marcelolopes.jor.br\/site\/wp-content\/uploads\/2019\/10\/88477c9c9e854629af70d8abdfdb75b9.jpg","type":"image\/jpeg"}],"author":"Marcelo Lopes","twitter_card":"summary_large_image","twitter_misc":{"Escrito por":"Marcelo Lopes","Est. tempo de leitura":"1 minuto"},"schema":{"@context":"https:\/\/schema.org","@graph":[{"@type":"NewsArticle","@id":"https:\/\/marcelolopes.jor.br\/site\/2019\/10\/28\/colisao-entre-dois-carros-deixa-feridos-entre-leopoldina-e-cataguases\/#article","isPartOf":{"@id":"https:\/\/marcelolopes.jor.br\/site\/2019\/10\/28\/colisao-entre-dois-carros-deixa-feridos-entre-leopoldina-e-cataguases\/"},"author":{"name":"Marcelo Lopes","@id":"https:\/\/marcelolopes.jor.br\/site\/#\/schema\/person\/3e7216a35c34d8fdf952b31da3d1f89f"},"headline":"Colis\u00e3o entre dois carros deixa feridos entre Leopoldina e Cataguases","datePublished":"2019-10-28T15:00:27+00:00","mainEntityOfPage":{"@id":"https:\/\/marcelolopes.jor.br\/site\/2019\/10\/28\/colisao-entre-dois-carros-deixa-feridos-entre-leopoldina-e-cataguases\/"},"wordCount":237,"commentCount":0,"publisher":{"@id":"https:\/\/marcelolopes.jor.br\/site\/#organization"},"image":{"@id":"https:\/\/marcelolopes.jor.br\/site\/2019\/10\/28\/colisao-entre-dois-carros-deixa-feridos-entre-leopoldina-e-cataguases\/#primaryimage"},"thumbnailUrl":"https:\/\/marcelolopes.jor.br\/site\/wp-content\/uploads\/2019\/10\/88477c9c9e854629af70d8abdfdb75b9.jpg","keywords":["acidente","BR-120","Piacatuba","rodovia"],"articleSection":["Not\u00edcias"],"inLanguage":"pt-BR","potentialAction":[{"@type":"CommentAction","name":"Comment","target":["https:\/\/marcelolopes.jor.br\/site\/2019\/10\/28\/colisao-entre-dois-carros-deixa-feridos-entre-leopoldina-e-cataguases\/#respond"]}]},{"@type":"WebPage","@id":"https:\/\/marcelolopes.jor.br\/site\/2019\/10\/28\/colisao-entre-dois-carros-deixa-feridos-entre-leopoldina-e-cataguases\/","url":"https:\/\/marcelolopes.jor.br\/site\/2019\/10\/28\/colisao-entre-dois-carros-deixa-feridos-entre-leopoldina-e-cataguases\/","name":"Colis\u00e3o entre dois carros deixa feridos entre Leopoldina e Cataguases | Marcelo Lopes","isPartOf":{"@id":"https:\/\/marcelolopes.jor.br\/site\/#website"},"primaryImageOfPage":{"@id":"https:\/\/marcelolopes.jor.br\/site\/2019\/10\/28\/colisao-entre-dois-carros-deixa-feridos-entre-leopoldina-e-cataguases\/#primaryimage"},"image":{"@id":"https:\/\/marcelolopes.jor.br\/site\/2019\/10\/28\/colisao-entre-dois-carros-deixa-feridos-entre-leopoldina-e-cataguases\/#primaryimage"},"thumbnailUrl":"https:\/\/marcelolopes.jor.br\/site\/wp-content\/uploads\/2019\/10\/88477c9c9e854629af70d8abdfdb75b9.jpg","datePublished":"2019-10-28T15:00:27+00:00","breadcrumb":{"@id":"https:\/\/marcelolopes.jor.br\/site\/2019\/10\/28\/colisao-entre-dois-carros-deixa-feridos-entre-leopoldina-e-cataguases\/#breadcrumb"},"inLanguage":"pt-BR","potentialAction":[{"@type":"ReadAction","target":["https:\/\/marcelolopes.jor.br\/site\/2019\/10\/28\/colisao-entre-dois-carros-deixa-feridos-entre-leopoldina-e-cataguases\/"]}]},{"@type":"ImageObject","inLanguage":"pt-BR","@id":"https:\/\/marcelolopes.jor.br\/site\/2019\/10\/28\/colisao-entre-dois-carros-deixa-feridos-entre-leopoldina-e-cataguases\/#primaryimage","url":"https:\/\/marcelolopes.jor.br\/site\/wp-content\/uploads\/2019\/10\/88477c9c9e854629af70d8abdfdb75b9.jpg","contentUrl":"https:\/\/marcelolopes.jor.br\/site\/wp-content\/uploads\/2019\/10\/88477c9c9e854629af70d8abdfdb75b9.jpg","width":900,"height":500},{"@type":"BreadcrumbList","@id":"https:\/\/marcelolopes.jor.br\/site\/2019\/10\/28\/colisao-entre-dois-carros-deixa-feridos-entre-leopoldina-e-cataguases\/#breadcrumb","itemListElement":[{"@type":"ListItem","position":1,"name":"Home","item":"https:\/\/marcelolopes.jor.br\/site\/"},{"@type":"ListItem","position":2,"name":"Colis\u00e3o entre dois carros deixa feridos entre Leopoldina e Cataguases"}]},{"@type":"WebSite","@id":"https:\/\/marcelolopes.jor.br\/site\/#website","url":"https:\/\/marcelolopes.jor.br\/site\/","name":"Marcelo Lopes","description":"Not\u00edcias de Cataguases e Regi\u00e3o","publisher":{"@id":"https:\/\/marcelolopes.jor.br\/site\/#organization"},"potentialAction":[{"@type":"SearchAction","target":{"@type":"EntryPoint","urlTemplate":"https:\/\/marcelolopes.jor.br\/site\/?s={search_term_string}"},"query-input":{"@type":"PropertyValueSpecification","valueRequired":true,"valueName":"search_term_string"}}],"inLanguage":"pt-BR"},{"@type":"Organization","@id":"https:\/\/marcelolopes.jor.br\/site\/#organization","name":"Site do Marcelo Lopes","url":"https:\/\/marcelolopes.jor.br\/site\/","logo":{"@type":"ImageObject","inLanguage":"pt-BR","@id":"https:\/\/marcelolopes.jor.br\/site\/#\/schema\/logo\/image\/","url":"https:\/\/marcelolopes.jor.br\/site\/wp-content\/uploads\/2024\/11\/logo-1.png","contentUrl":"https:\/\/marcelolopes.jor.br\/site\/wp-content\/uploads\/2024\/11\/logo-1.png","width":475,"height":80,"caption":"Site do Marcelo Lopes"},"image":{"@id":"https:\/\/marcelolopes.jor.br\/site\/#\/schema\/logo\/image\/"},"sameAs":["https:\/\/www.facebook.com\/sitedomarcelolopes","https:\/\/www.instagram.com\/sitedomarcelolopes\/","https:\/\/www.linkedin.com\/company\/site-do-marcelo-lopes\/","https:\/\/www.youtube.com\/user\/marcelolopes957"]},{"@type":"Person","@id":"https:\/\/marcelolopes.jor.br\/site\/#\/schema\/person\/3e7216a35c34d8fdf952b31da3d1f89f","name":"Marcelo Lopes","sameAs":["http:\/\/www.marcelolopes.jor.br"],"url":"https:\/\/marcelolopes.jor.br\/site\/author\/marcelo\/"}]}},"wps_subtitle":"Segundo a pol\u00edcia, o motorista do Palio n\u00e3o era habilitado e documento do ve\u00edculo estava vencido.","_links":{"self":[{"href":"https:\/\/marcelolopes.jor.br\/site\/wp-json\/wp\/v2\/posts\/7367","targetHints":{"allow":["GET"]}}],"collection":[{"href":"https:\/\/marcelolopes.jor.br\/site\/wp-json\/wp\/v2\/posts"}],"about":[{"href":"https:\/\/marcelolopes.jor.br\/site\/wp-json\/wp\/v2\/types\/post"}],"author":[{"embeddable":true,"href":"https:\/\/marcelolopes.jor.br\/site\/wp-json\/wp\/v2\/users\/2"}],"replies":[{"embeddable":true,"href":"https:\/\/marcelolopes.jor.br\/site\/wp-json\/wp\/v2\/comments?post=7367"}],"version-history":[{"count":0,"href":"https:\/\/marcelolopes.jor.br\/site\/wp-json\/wp\/v2\/posts\/7367\/revisions"}],"wp:featuredmedia":[{"embeddable":true,"href":"https:\/\/marcelolopes.jor.br\/site\/wp-json\/wp\/v2\/media\/7369"}],"wp:attachment":[{"href":"https:\/\/marcelolopes.jor.br\/site\/wp-json\/wp\/v2\/media?parent=7367"}],"wp:term":[{"taxonomy":"category","embeddable":true,"href":"https:\/\/marcelolopes.jor.br\/site\/wp-json\/wp\/v2\/categories?post=7367"},{"taxonomy":"post_tag","embeddable":true,"href":"https:\/\/marcelolopes.jor.br\/site\/wp-json\/wp\/v2\/tags?post=7367"}],"curies":[{"name":"wp","href":"https:\/\/api.w.org\/{rel}","templated":true}]}}