{"id":7224,"date":"2019-10-25T12:00:44","date_gmt":"2019-10-25T15:00:44","guid":{"rendered":"https:\/\/marcelolopes.jor.br\/?p=7224"},"modified":"2019-10-24T14:50:44","modified_gmt":"2019-10-24T17:50:44","slug":"domingo-acontece-mais-uma-edicao-do-kta-trail-run-corrida-de-montanha","status":"publish","type":"post","link":"https:\/\/marcelolopes.jor.br\/site\/2019\/10\/25\/domingo-acontece-mais-uma-edicao-do-kta-trail-run-corrida-de-montanha\/","title":{"rendered":"Domingo acontece mais uma edi\u00e7\u00e3o do Kta Trail Run &#8211; corrida de montanha"},"content":{"rendered":"<p style=\"text-align: justify;\">Acontece neste domingo, 27 de outubro, a partir das 8 horas, em Cataguases, a quarta edi\u00e7\u00e3o do Kta Trail Run, corrida de montanha, com largada e chegada na Esta\u00e7\u00e3o Ecol\u00f3gica de \u00c1gua Limpa (Horto Florestal). O evento \u00e9 uma iniciativa do professor e Personal training, Giovanni Groppo, e este ano vai contar com participa\u00e7\u00e3o de atletas de renome no certame, conforme revelou. al\u00e9m deles, atletas de vinte cidades j\u00e1 confirmaram presen\u00e7a, revelou.<!--more--><\/p>\n<p style=\"text-align: justify;\">Este ano os principais percursos s\u00e3o de 26km e 10 km, al\u00e9m de uma corrida e caminhada de 4 km, dedicadas aos iniciantes no esporte. A programa\u00e7\u00e3o come\u00e7a no s\u00e1bado, 26, das 17h \u00e0s 19 horas, com entrega de kits aos atletas, al\u00e9m da realiza\u00e7\u00e3o, em seguida do Congresso T\u00e9cnico sobre o evento, que v\u00e3o acontecer na Academia Equilibrar Fitness, que fica na Avenida Humberto Mauro, 311, regi\u00e3o central da cidade.<\/p>\n<p style=\"text-align: justify;\">Conforme informou Giovanni (foto abaixo), no dia do evento, \u00e0s 7 horas, os atletas v\u00e3o retirar no local da prova o chip que vai controlar o tempo de cada atleta, bem como o momento da largada e chegada, al\u00e9m do n\u00famero a ser afixado no peito, de uso obrigat\u00f3rio. A primeira prova ser\u00e1 a corrida de 4 km, \u00e0s 8 horas e, cinco minutos depois, come\u00e7a a dos 26km e 10 km. De acordo com Giovanni, o principal objetivo \u00e9 manter o padr\u00e3o dos anos anteriores. \u201cAcreditamos que a corrida \u00e9 um esporte acess\u00edvel, e nossa regi\u00e3o \u00e9 privilegiada em estradas e trilhas perfeitas para a pr\u00e1tica do trail. Os tr\u00eas percursos contemplam as belezas naturais da cidade, sendo uma parte realizado dentro de uma esta\u00e7\u00e3o ecol\u00f3gica, de pesquisa e tratamento de plantas. A prova passar\u00e1 por estradas vicinais e single tracks, al\u00e9m de uma poss\u00edvel travessia em riacho, matas fechadas e obst\u00e1culos naturais, como pedras e ra\u00edzes de \u00e1rvores\u201d, detalhou.<\/p>\n<p style=\"text-align: justify;\">Todos os participantes que completarem o desafio receber\u00e3o medalha finisher, enquanto os cinco primeiros colocados das corridas e os tr\u00eas melhores de cada faixa et\u00e1ria, sempre nas categorias masculina e feminina, sobem ao p\u00f3dio para receber trof\u00e9u.<\/p>\n<p style=\"text-align: justify;\"><img loading=\"lazy\" decoding=\"async\" class=\"aligncenter wp-image-7227\" src=\"https:\/\/marcelolopes.jor.br\/site\/wp-content\/uploads\/2019\/10\/WhatsApp-Image-2019-10-24-at-13.51.06.jpeg\" alt=\"\" width=\"500\" height=\"333\" srcset=\"https:\/\/marcelolopes.jor.br\/site\/wp-content\/uploads\/2019\/10\/WhatsApp-Image-2019-10-24-at-13.51.06.jpeg 1050w, https:\/\/marcelolopes.jor.br\/site\/wp-content\/uploads\/2019\/10\/WhatsApp-Image-2019-10-24-at-13.51.06-300x200.jpeg 300w, https:\/\/marcelolopes.jor.br\/site\/wp-content\/uploads\/2019\/10\/WhatsApp-Image-2019-10-24-at-13.51.06-768x512.jpeg 768w, https:\/\/marcelolopes.jor.br\/site\/wp-content\/uploads\/2019\/10\/WhatsApp-Image-2019-10-24-at-13.51.06-1024x683.jpeg 1024w\" sizes=\"auto, (max-width: 500px) 100vw, 500px\" \/><\/p>\n<p style=\"text-align: justify;\"><strong>Estreia x experi\u00eancia<\/strong><br \/>\nRepresentantes de mais de 20 munic\u00edpios est\u00e3o confirmados, como Dona Euz\u00e9bia, Descoberto, Ub\u00e1, Vi\u00e7osa, Leopoldina, Visconde do Rio Branco, Itamarati de Minas, Santo Ant\u00f4nio de P\u00e1dua, Teixeira e Maca\u00e9 (RJ). Entre os atletas que v\u00e3o marcar presen\u00e7a est\u00e1 o experiente Ernani Souza (Clube Dom Pedro II), de Conselheiro Lafaiete \u2013 dono de um vasto curr\u00edculo de provas e t\u00edtulos no cen\u00e1rio nacional e internacional. \u201cO principal motivo que me fez aceitar esse convite foi a oportunidade de conhecer novas trilhas, novas montanhas e, possivelmente, novos e diferentes advers\u00e1rios. Dou um cr\u00e9dito especial ao organizador, que vem se empenhando para entregar um evento de qualidade, segundo as informa\u00e7\u00f5es que tive\u201d.<\/p>\n<p style=\"text-align: justify;\">Inscrito no trajeto longo, ele antecipa que as expectativas s\u00e3o altas. \u201cApesar de n\u00e3o conhecer a regi\u00e3o e o tipo de trilha que iremos enfrentar, penso que teremos uma disputa intensa e possivelmente r\u00e1pida, pois os 26km tem um desn\u00edvel positivo inferior a 1.000 metros. Por outro lado, eu soube que Cataguases geralmente \u00e9 uma cidade bem quente, e esse \u00e9 um obst\u00e1culo a ser levado em considera\u00e7\u00e3o. S\u00f3 quero curtir muito, mas um p\u00f3dio entre os cinco primeiros seria bom\u201d, destaca. Quem tamb\u00e9m confirmou presen\u00e7a foi Cesar Henrique Goldner Picinin, de Barbacena, integrante da\u00a0equipe brasileira no Continental e World Skyrunning Champs 2020.<\/p>\n<p style=\"text-align: justify;\">Fonte: Rumo Certo | Texto:Priscila Oliveira | Fotos: Organiza\u00e7\u00e3o do evento<\/p>\n<div class=\"xmwpf69f77dc1465eb\" ><br><\/div><style type=\"text\/css\">\r\n@media screen and (min-width: 1201px) {\r\n.xmwpf69f77dc1465eb {\r\ndisplay: block;\r\n}\r\n}\r\n@media screen and (min-width: 993px) and (max-width: 1200px) {\r\n.xmwpf69f77dc1465eb {\r\ndisplay: block;\r\n}\r\n}\r\n@media screen and (min-width: 769px) and (max-width: 992px) {\r\n.xmwpf69f77dc1465eb {\r\ndisplay: block;\r\n}\r\n}\r\n@media screen and (min-width: 768px) and (max-width: 768px) {\r\n.xmwpf69f77dc1465eb {\r\ndisplay: block;\r\n}\r\n}\r\n@media screen and (max-width: 767px) {\r\n.xmwpf69f77dc1465eb {\r\ndisplay: block;\r\n}\r\n}\r\n<\/style>\r\n<div class=\"npgby69f77dc14bf6e\" ><div id=\"div_destino\"><\/div>\r\n<script src=\"https:\/\/cdn.snsrsv.com\/sdk.js\"><\/script>\r\n<script >\r\n      new sdk(\"464030C30061EA8BE065000000000001\") \r\n          .appendTo(\"div_destino\")\r\n          .disableStyle(true) \r\n          .setCacheBusterMacro(\"%%CACHEBUSTER%%\")\r\n          .setSize(\"800\",\"214\")\r\n          .setClickMacro(\"%%CLICK_URL_ESC%%\") \r\n          .setReferrerUrlMacro(\"%%REFERRER_URL_ESC%%\") \r\n          .start(); \r\n<\/script><\/div><style type=\"text\/css\">\r\n@media screen and (min-width: 1201px) {\r\n.npgby69f77dc14bf6e {\r\ndisplay: block;\r\n}\r\n}\r\n@media screen and (min-width: 993px) and (max-width: 1200px) {\r\n.npgby69f77dc14bf6e {\r\ndisplay: block;\r\n}\r\n}\r\n@media screen and (min-width: 769px) and (max-width: 992px) {\r\n.npgby69f77dc14bf6e {\r\ndisplay: block;\r\n}\r\n}\r\n@media screen and (min-width: 768px) and (max-width: 768px) {\r\n.npgby69f77dc14bf6e {\r\ndisplay: block;\r\n}\r\n}\r\n@media screen and (max-width: 767px) {\r\n.npgby69f77dc14bf6e {\r\ndisplay: block;\r\n}\r\n}\r\n<\/style>\r\n","protected":false},"excerpt":{"rendered":"<p>Acontece neste domingo, 27 de outubro, a partir das 8 horas, em Cataguases, a quarta edi\u00e7\u00e3o do Kta Trail Run, corrida de montanha, com largada e chegada na Esta\u00e7\u00e3o Ecol\u00f3gica de \u00c1gua Limpa (Horto Florestal). O evento \u00e9 uma iniciativa<\/p>\n<p class=\"link-more\"><a class=\"more-link\" href=\"https:\/\/marcelolopes.jor.br\/site\/2019\/10\/25\/domingo-acontece-mais-uma-edicao-do-kta-trail-run-corrida-de-montanha\/\">Leia mais <span class=\"screen-reader-text\">Domingo acontece mais uma edi\u00e7\u00e3o do Kta Trail Run &#8211; corrida de montanha<\/span><\/a><\/p>\n","protected":false},"author":2,"featured_media":7226,"comment_status":"open","ping_status":"open","sticky":false,"template":"","format":"standard","meta":{"footnotes":""},"categories":[1],"tags":[584,585,1520,1521],"class_list":["post-7224","post","type-post","status-publish","format-standard","has-post-thumbnail","hentry","category-noticias","tag-corrida","tag-esporte","tag-kta-trail-run","tag-montanha","thumb-below-title"],"yoast_head":"<!-- This site is optimized with the Yoast SEO plugin v27.4 - https:\/\/yoast.com\/product\/yoast-seo-wordpress\/ -->\n<title>Domingo acontece mais uma edi\u00e7\u00e3o do Kta Trail Run - corrida de montanha | Marcelo Lopes<\/title>\n<meta name=\"robots\" content=\"index, follow, max-snippet:-1, max-image-preview:large, max-video-preview:-1\" \/>\n<link rel=\"canonical\" href=\"https:\/\/marcelolopes.jor.br\/site\/2019\/10\/25\/domingo-acontece-mais-uma-edicao-do-kta-trail-run-corrida-de-montanha\/\" \/>\n<meta property=\"og:locale\" content=\"pt_BR\" \/>\n<meta property=\"og:type\" content=\"article\" \/>\n<meta property=\"og:title\" content=\"Domingo acontece mais uma edi\u00e7\u00e3o do Kta Trail Run - corrida de montanha | Marcelo Lopes\" \/>\n<meta property=\"og:description\" content=\"Acontece neste domingo, 27 de outubro, a partir das 8 horas, em Cataguases, a quarta edi\u00e7\u00e3o do Kta Trail Run, corrida de montanha, com largada e chegada na Esta\u00e7\u00e3o Ecol\u00f3gica de \u00c1gua Limpa (Horto Florestal). O evento \u00e9 uma iniciativaLeia mais Domingo acontece mais uma edi\u00e7\u00e3o do Kta Trail Run &#8211; corrida de montanha\" \/>\n<meta property=\"og:url\" content=\"https:\/\/marcelolopes.jor.br\/site\/2019\/10\/25\/domingo-acontece-mais-uma-edicao-do-kta-trail-run-corrida-de-montanha\/\" \/>\n<meta property=\"og:site_name\" content=\"Marcelo Lopes\" \/>\n<meta property=\"article:publisher\" content=\"https:\/\/www.facebook.com\/sitedomarcelolopes\" \/>\n<meta property=\"article:published_time\" content=\"2019-10-25T15:00:44+00:00\" \/>\n<meta property=\"og:image\" content=\"https:\/\/marcelolopes.jor.br\/site\/wp-content\/uploads\/2019\/10\/WhatsApp-Image-2019-10-24-at-13.51.04.jpeg\" \/>\n\t<meta property=\"og:image:width\" content=\"1280\" \/>\n\t<meta property=\"og:image:height\" content=\"849\" \/>\n\t<meta property=\"og:image:type\" content=\"image\/jpeg\" \/>\n<meta name=\"author\" content=\"Marcelo Lopes\" \/>\n<meta name=\"twitter:card\" content=\"summary_large_image\" \/>\n<meta name=\"twitter:label1\" content=\"Escrito por\" \/>\n\t<meta name=\"twitter:data1\" content=\"Marcelo Lopes\" \/>\n\t<meta name=\"twitter:label2\" content=\"Est. tempo de leitura\" \/>\n\t<meta name=\"twitter:data2\" content=\"3 minutos\" \/>\n<script type=\"application\/ld+json\" class=\"yoast-schema-graph\">{\"@context\":\"https:\\\/\\\/schema.org\",\"@graph\":[{\"@type\":\"NewsArticle\",\"@id\":\"https:\\\/\\\/marcelolopes.jor.br\\\/site\\\/2019\\\/10\\\/25\\\/domingo-acontece-mais-uma-edicao-do-kta-trail-run-corrida-de-montanha\\\/#article\",\"isPartOf\":{\"@id\":\"https:\\\/\\\/marcelolopes.jor.br\\\/site\\\/2019\\\/10\\\/25\\\/domingo-acontece-mais-uma-edicao-do-kta-trail-run-corrida-de-montanha\\\/\"},\"author\":{\"name\":\"Marcelo Lopes\",\"@id\":\"https:\\\/\\\/marcelolopes.jor.br\\\/site\\\/#\\\/schema\\\/person\\\/3e7216a35c34d8fdf952b31da3d1f89f\"},\"headline\":\"Domingo acontece mais uma edi\u00e7\u00e3o do Kta Trail Run &#8211; corrida de montanha\",\"datePublished\":\"2019-10-25T15:00:44+00:00\",\"mainEntityOfPage\":{\"@id\":\"https:\\\/\\\/marcelolopes.jor.br\\\/site\\\/2019\\\/10\\\/25\\\/domingo-acontece-mais-uma-edicao-do-kta-trail-run-corrida-de-montanha\\\/\"},\"wordCount\":623,\"commentCount\":0,\"publisher\":{\"@id\":\"https:\\\/\\\/marcelolopes.jor.br\\\/site\\\/#organization\"},\"image\":{\"@id\":\"https:\\\/\\\/marcelolopes.jor.br\\\/site\\\/2019\\\/10\\\/25\\\/domingo-acontece-mais-uma-edicao-do-kta-trail-run-corrida-de-montanha\\\/#primaryimage\"},\"thumbnailUrl\":\"https:\\\/\\\/marcelolopes.jor.br\\\/site\\\/wp-content\\\/uploads\\\/2019\\\/10\\\/WhatsApp-Image-2019-10-24-at-13.51.04.jpeg\",\"keywords\":[\"Corrida\",\"esporte\",\"Kta Trail Run\",\"montanha\"],\"articleSection\":[\"Not\u00edcias\"],\"inLanguage\":\"pt-BR\",\"potentialAction\":[{\"@type\":\"CommentAction\",\"name\":\"Comment\",\"target\":[\"https:\\\/\\\/marcelolopes.jor.br\\\/site\\\/2019\\\/10\\\/25\\\/domingo-acontece-mais-uma-edicao-do-kta-trail-run-corrida-de-montanha\\\/#respond\"]}]},{\"@type\":\"WebPage\",\"@id\":\"https:\\\/\\\/marcelolopes.jor.br\\\/site\\\/2019\\\/10\\\/25\\\/domingo-acontece-mais-uma-edicao-do-kta-trail-run-corrida-de-montanha\\\/\",\"url\":\"https:\\\/\\\/marcelolopes.jor.br\\\/site\\\/2019\\\/10\\\/25\\\/domingo-acontece-mais-uma-edicao-do-kta-trail-run-corrida-de-montanha\\\/\",\"name\":\"Domingo acontece mais uma edi\u00e7\u00e3o do Kta Trail Run - corrida de montanha | Marcelo Lopes\",\"isPartOf\":{\"@id\":\"https:\\\/\\\/marcelolopes.jor.br\\\/site\\\/#website\"},\"primaryImageOfPage\":{\"@id\":\"https:\\\/\\\/marcelolopes.jor.br\\\/site\\\/2019\\\/10\\\/25\\\/domingo-acontece-mais-uma-edicao-do-kta-trail-run-corrida-de-montanha\\\/#primaryimage\"},\"image\":{\"@id\":\"https:\\\/\\\/marcelolopes.jor.br\\\/site\\\/2019\\\/10\\\/25\\\/domingo-acontece-mais-uma-edicao-do-kta-trail-run-corrida-de-montanha\\\/#primaryimage\"},\"thumbnailUrl\":\"https:\\\/\\\/marcelolopes.jor.br\\\/site\\\/wp-content\\\/uploads\\\/2019\\\/10\\\/WhatsApp-Image-2019-10-24-at-13.51.04.jpeg\",\"datePublished\":\"2019-10-25T15:00:44+00:00\",\"breadcrumb\":{\"@id\":\"https:\\\/\\\/marcelolopes.jor.br\\\/site\\\/2019\\\/10\\\/25\\\/domingo-acontece-mais-uma-edicao-do-kta-trail-run-corrida-de-montanha\\\/#breadcrumb\"},\"inLanguage\":\"pt-BR\",\"potentialAction\":[{\"@type\":\"ReadAction\",\"target\":[\"https:\\\/\\\/marcelolopes.jor.br\\\/site\\\/2019\\\/10\\\/25\\\/domingo-acontece-mais-uma-edicao-do-kta-trail-run-corrida-de-montanha\\\/\"]}]},{\"@type\":\"ImageObject\",\"inLanguage\":\"pt-BR\",\"@id\":\"https:\\\/\\\/marcelolopes.jor.br\\\/site\\\/2019\\\/10\\\/25\\\/domingo-acontece-mais-uma-edicao-do-kta-trail-run-corrida-de-montanha\\\/#primaryimage\",\"url\":\"https:\\\/\\\/marcelolopes.jor.br\\\/site\\\/wp-content\\\/uploads\\\/2019\\\/10\\\/WhatsApp-Image-2019-10-24-at-13.51.04.jpeg\",\"contentUrl\":\"https:\\\/\\\/marcelolopes.jor.br\\\/site\\\/wp-content\\\/uploads\\\/2019\\\/10\\\/WhatsApp-Image-2019-10-24-at-13.51.04.jpeg\",\"width\":1280,\"height\":849},{\"@type\":\"BreadcrumbList\",\"@id\":\"https:\\\/\\\/marcelolopes.jor.br\\\/site\\\/2019\\\/10\\\/25\\\/domingo-acontece-mais-uma-edicao-do-kta-trail-run-corrida-de-montanha\\\/#breadcrumb\",\"itemListElement\":[{\"@type\":\"ListItem\",\"position\":1,\"name\":\"Home\",\"item\":\"https:\\\/\\\/marcelolopes.jor.br\\\/site\\\/\"},{\"@type\":\"ListItem\",\"position\":2,\"name\":\"Domingo acontece mais uma edi\u00e7\u00e3o do Kta Trail Run &#8211; corrida de montanha\"}]},{\"@type\":\"WebSite\",\"@id\":\"https:\\\/\\\/marcelolopes.jor.br\\\/site\\\/#website\",\"url\":\"https:\\\/\\\/marcelolopes.jor.br\\\/site\\\/\",\"name\":\"Marcelo Lopes\",\"description\":\"Not\u00edcias de Cataguases e Regi\u00e3o\",\"publisher\":{\"@id\":\"https:\\\/\\\/marcelolopes.jor.br\\\/site\\\/#organization\"},\"potentialAction\":[{\"@type\":\"SearchAction\",\"target\":{\"@type\":\"EntryPoint\",\"urlTemplate\":\"https:\\\/\\\/marcelolopes.jor.br\\\/site\\\/?s={search_term_string}\"},\"query-input\":{\"@type\":\"PropertyValueSpecification\",\"valueRequired\":true,\"valueName\":\"search_term_string\"}}],\"inLanguage\":\"pt-BR\"},{\"@type\":\"Organization\",\"@id\":\"https:\\\/\\\/marcelolopes.jor.br\\\/site\\\/#organization\",\"name\":\"Site do Marcelo Lopes\",\"url\":\"https:\\\/\\\/marcelolopes.jor.br\\\/site\\\/\",\"logo\":{\"@type\":\"ImageObject\",\"inLanguage\":\"pt-BR\",\"@id\":\"https:\\\/\\\/marcelolopes.jor.br\\\/site\\\/#\\\/schema\\\/logo\\\/image\\\/\",\"url\":\"https:\\\/\\\/marcelolopes.jor.br\\\/site\\\/wp-content\\\/uploads\\\/2024\\\/11\\\/logo-1.png\",\"contentUrl\":\"https:\\\/\\\/marcelolopes.jor.br\\\/site\\\/wp-content\\\/uploads\\\/2024\\\/11\\\/logo-1.png\",\"width\":475,\"height\":80,\"caption\":\"Site do Marcelo Lopes\"},\"image\":{\"@id\":\"https:\\\/\\\/marcelolopes.jor.br\\\/site\\\/#\\\/schema\\\/logo\\\/image\\\/\"},\"sameAs\":[\"https:\\\/\\\/www.facebook.com\\\/sitedomarcelolopes\",\"https:\\\/\\\/www.instagram.com\\\/sitedomarcelolopes\\\/\",\"https:\\\/\\\/www.linkedin.com\\\/company\\\/site-do-marcelo-lopes\\\/\",\"https:\\\/\\\/www.youtube.com\\\/user\\\/marcelolopes957\"]},{\"@type\":\"Person\",\"@id\":\"https:\\\/\\\/marcelolopes.jor.br\\\/site\\\/#\\\/schema\\\/person\\\/3e7216a35c34d8fdf952b31da3d1f89f\",\"name\":\"Marcelo Lopes\",\"sameAs\":[\"http:\\\/\\\/www.marcelolopes.jor.br\"],\"url\":\"https:\\\/\\\/marcelolopes.jor.br\\\/site\\\/author\\\/marcelo\\\/\"}]}<\/script>\n<!-- \/ Yoast SEO plugin. -->","yoast_head_json":{"title":"Domingo acontece mais uma edi\u00e7\u00e3o do Kta Trail Run - corrida de montanha | Marcelo Lopes","robots":{"index":"index","follow":"follow","max-snippet":"max-snippet:-1","max-image-preview":"max-image-preview:large","max-video-preview":"max-video-preview:-1"},"canonical":"https:\/\/marcelolopes.jor.br\/site\/2019\/10\/25\/domingo-acontece-mais-uma-edicao-do-kta-trail-run-corrida-de-montanha\/","og_locale":"pt_BR","og_type":"article","og_title":"Domingo acontece mais uma edi\u00e7\u00e3o do Kta Trail Run - corrida de montanha | Marcelo Lopes","og_description":"Acontece neste domingo, 27 de outubro, a partir das 8 horas, em Cataguases, a quarta edi\u00e7\u00e3o do Kta Trail Run, corrida de montanha, com largada e chegada na Esta\u00e7\u00e3o Ecol\u00f3gica de \u00c1gua Limpa (Horto Florestal). O evento \u00e9 uma iniciativaLeia mais Domingo acontece mais uma edi\u00e7\u00e3o do Kta Trail Run &#8211; corrida de montanha","og_url":"https:\/\/marcelolopes.jor.br\/site\/2019\/10\/25\/domingo-acontece-mais-uma-edicao-do-kta-trail-run-corrida-de-montanha\/","og_site_name":"Marcelo Lopes","article_publisher":"https:\/\/www.facebook.com\/sitedomarcelolopes","article_published_time":"2019-10-25T15:00:44+00:00","og_image":[{"width":1280,"height":849,"url":"https:\/\/marcelolopes.jor.br\/site\/wp-content\/uploads\/2019\/10\/WhatsApp-Image-2019-10-24-at-13.51.04.jpeg","type":"image\/jpeg"}],"author":"Marcelo Lopes","twitter_card":"summary_large_image","twitter_misc":{"Escrito por":"Marcelo Lopes","Est. tempo de leitura":"3 minutos"},"schema":{"@context":"https:\/\/schema.org","@graph":[{"@type":"NewsArticle","@id":"https:\/\/marcelolopes.jor.br\/site\/2019\/10\/25\/domingo-acontece-mais-uma-edicao-do-kta-trail-run-corrida-de-montanha\/#article","isPartOf":{"@id":"https:\/\/marcelolopes.jor.br\/site\/2019\/10\/25\/domingo-acontece-mais-uma-edicao-do-kta-trail-run-corrida-de-montanha\/"},"author":{"name":"Marcelo Lopes","@id":"https:\/\/marcelolopes.jor.br\/site\/#\/schema\/person\/3e7216a35c34d8fdf952b31da3d1f89f"},"headline":"Domingo acontece mais uma edi\u00e7\u00e3o do Kta Trail Run &#8211; corrida de montanha","datePublished":"2019-10-25T15:00:44+00:00","mainEntityOfPage":{"@id":"https:\/\/marcelolopes.jor.br\/site\/2019\/10\/25\/domingo-acontece-mais-uma-edicao-do-kta-trail-run-corrida-de-montanha\/"},"wordCount":623,"commentCount":0,"publisher":{"@id":"https:\/\/marcelolopes.jor.br\/site\/#organization"},"image":{"@id":"https:\/\/marcelolopes.jor.br\/site\/2019\/10\/25\/domingo-acontece-mais-uma-edicao-do-kta-trail-run-corrida-de-montanha\/#primaryimage"},"thumbnailUrl":"https:\/\/marcelolopes.jor.br\/site\/wp-content\/uploads\/2019\/10\/WhatsApp-Image-2019-10-24-at-13.51.04.jpeg","keywords":["Corrida","esporte","Kta Trail Run","montanha"],"articleSection":["Not\u00edcias"],"inLanguage":"pt-BR","potentialAction":[{"@type":"CommentAction","name":"Comment","target":["https:\/\/marcelolopes.jor.br\/site\/2019\/10\/25\/domingo-acontece-mais-uma-edicao-do-kta-trail-run-corrida-de-montanha\/#respond"]}]},{"@type":"WebPage","@id":"https:\/\/marcelolopes.jor.br\/site\/2019\/10\/25\/domingo-acontece-mais-uma-edicao-do-kta-trail-run-corrida-de-montanha\/","url":"https:\/\/marcelolopes.jor.br\/site\/2019\/10\/25\/domingo-acontece-mais-uma-edicao-do-kta-trail-run-corrida-de-montanha\/","name":"Domingo acontece mais uma edi\u00e7\u00e3o do Kta Trail Run - corrida de montanha | Marcelo Lopes","isPartOf":{"@id":"https:\/\/marcelolopes.jor.br\/site\/#website"},"primaryImageOfPage":{"@id":"https:\/\/marcelolopes.jor.br\/site\/2019\/10\/25\/domingo-acontece-mais-uma-edicao-do-kta-trail-run-corrida-de-montanha\/#primaryimage"},"image":{"@id":"https:\/\/marcelolopes.jor.br\/site\/2019\/10\/25\/domingo-acontece-mais-uma-edicao-do-kta-trail-run-corrida-de-montanha\/#primaryimage"},"thumbnailUrl":"https:\/\/marcelolopes.jor.br\/site\/wp-content\/uploads\/2019\/10\/WhatsApp-Image-2019-10-24-at-13.51.04.jpeg","datePublished":"2019-10-25T15:00:44+00:00","breadcrumb":{"@id":"https:\/\/marcelolopes.jor.br\/site\/2019\/10\/25\/domingo-acontece-mais-uma-edicao-do-kta-trail-run-corrida-de-montanha\/#breadcrumb"},"inLanguage":"pt-BR","potentialAction":[{"@type":"ReadAction","target":["https:\/\/marcelolopes.jor.br\/site\/2019\/10\/25\/domingo-acontece-mais-uma-edicao-do-kta-trail-run-corrida-de-montanha\/"]}]},{"@type":"ImageObject","inLanguage":"pt-BR","@id":"https:\/\/marcelolopes.jor.br\/site\/2019\/10\/25\/domingo-acontece-mais-uma-edicao-do-kta-trail-run-corrida-de-montanha\/#primaryimage","url":"https:\/\/marcelolopes.jor.br\/site\/wp-content\/uploads\/2019\/10\/WhatsApp-Image-2019-10-24-at-13.51.04.jpeg","contentUrl":"https:\/\/marcelolopes.jor.br\/site\/wp-content\/uploads\/2019\/10\/WhatsApp-Image-2019-10-24-at-13.51.04.jpeg","width":1280,"height":849},{"@type":"BreadcrumbList","@id":"https:\/\/marcelolopes.jor.br\/site\/2019\/10\/25\/domingo-acontece-mais-uma-edicao-do-kta-trail-run-corrida-de-montanha\/#breadcrumb","itemListElement":[{"@type":"ListItem","position":1,"name":"Home","item":"https:\/\/marcelolopes.jor.br\/site\/"},{"@type":"ListItem","position":2,"name":"Domingo acontece mais uma edi\u00e7\u00e3o do Kta Trail Run &#8211; corrida de montanha"}]},{"@type":"WebSite","@id":"https:\/\/marcelolopes.jor.br\/site\/#website","url":"https:\/\/marcelolopes.jor.br\/site\/","name":"Marcelo Lopes","description":"Not\u00edcias de Cataguases e Regi\u00e3o","publisher":{"@id":"https:\/\/marcelolopes.jor.br\/site\/#organization"},"potentialAction":[{"@type":"SearchAction","target":{"@type":"EntryPoint","urlTemplate":"https:\/\/marcelolopes.jor.br\/site\/?s={search_term_string}"},"query-input":{"@type":"PropertyValueSpecification","valueRequired":true,"valueName":"search_term_string"}}],"inLanguage":"pt-BR"},{"@type":"Organization","@id":"https:\/\/marcelolopes.jor.br\/site\/#organization","name":"Site do Marcelo Lopes","url":"https:\/\/marcelolopes.jor.br\/site\/","logo":{"@type":"ImageObject","inLanguage":"pt-BR","@id":"https:\/\/marcelolopes.jor.br\/site\/#\/schema\/logo\/image\/","url":"https:\/\/marcelolopes.jor.br\/site\/wp-content\/uploads\/2024\/11\/logo-1.png","contentUrl":"https:\/\/marcelolopes.jor.br\/site\/wp-content\/uploads\/2024\/11\/logo-1.png","width":475,"height":80,"caption":"Site do Marcelo Lopes"},"image":{"@id":"https:\/\/marcelolopes.jor.br\/site\/#\/schema\/logo\/image\/"},"sameAs":["https:\/\/www.facebook.com\/sitedomarcelolopes","https:\/\/www.instagram.com\/sitedomarcelolopes\/","https:\/\/www.linkedin.com\/company\/site-do-marcelo-lopes\/","https:\/\/www.youtube.com\/user\/marcelolopes957"]},{"@type":"Person","@id":"https:\/\/marcelolopes.jor.br\/site\/#\/schema\/person\/3e7216a35c34d8fdf952b31da3d1f89f","name":"Marcelo Lopes","sameAs":["http:\/\/www.marcelolopes.jor.br"],"url":"https:\/\/marcelolopes.jor.br\/site\/author\/marcelo\/"}]}},"wps_subtitle":"Este ano o evento conta com tr\u00eas percursos, sendo um deles voltado para iniciantes.","_links":{"self":[{"href":"https:\/\/marcelolopes.jor.br\/site\/wp-json\/wp\/v2\/posts\/7224","targetHints":{"allow":["GET"]}}],"collection":[{"href":"https:\/\/marcelolopes.jor.br\/site\/wp-json\/wp\/v2\/posts"}],"about":[{"href":"https:\/\/marcelolopes.jor.br\/site\/wp-json\/wp\/v2\/types\/post"}],"author":[{"embeddable":true,"href":"https:\/\/marcelolopes.jor.br\/site\/wp-json\/wp\/v2\/users\/2"}],"replies":[{"embeddable":true,"href":"https:\/\/marcelolopes.jor.br\/site\/wp-json\/wp\/v2\/comments?post=7224"}],"version-history":[{"count":0,"href":"https:\/\/marcelolopes.jor.br\/site\/wp-json\/wp\/v2\/posts\/7224\/revisions"}],"wp:featuredmedia":[{"embeddable":true,"href":"https:\/\/marcelolopes.jor.br\/site\/wp-json\/wp\/v2\/media\/7226"}],"wp:attachment":[{"href":"https:\/\/marcelolopes.jor.br\/site\/wp-json\/wp\/v2\/media?parent=7224"}],"wp:term":[{"taxonomy":"category","embeddable":true,"href":"https:\/\/marcelolopes.jor.br\/site\/wp-json\/wp\/v2\/categories?post=7224"},{"taxonomy":"post_tag","embeddable":true,"href":"https:\/\/marcelolopes.jor.br\/site\/wp-json\/wp\/v2\/tags?post=7224"}],"curies":[{"name":"wp","href":"https:\/\/api.w.org\/{rel}","templated":true}]}}