{"id":719,"date":"2019-04-14T22:35:38","date_gmt":"2019-04-15T01:35:38","guid":{"rendered":"https:\/\/marcelolopes.jor.br\/?p=719"},"modified":"2019-04-15T17:04:05","modified_gmt":"2019-04-15T20:04:05","slug":"cinco-pessoas-ficam-feridas-em-colisao-frontal-entre-uba-e-tocantins","status":"publish","type":"post","link":"https:\/\/marcelolopes.jor.br\/site\/2019\/04\/14\/cinco-pessoas-ficam-feridas-em-colisao-frontal-entre-uba-e-tocantins\/","title":{"rendered":"Cinco pessoas ficam feridas em colis\u00e3o frontal entre Ub\u00e1 e Tocantins"},"content":{"rendered":"<p style=\"text-align: justify;\">Uma colis\u00e3o frontal entre dois ve\u00edculos de passeio aconteceu por volta das 14h30min deste domingo, 14 de abril, no km 89 da rodovia MGC-265, em Tocantins\/MG, pr\u00f3ximo ao cremat\u00f3rio. Um ve\u00edculo Hyundai de cor branca, placas de Vi\u00e7osa\/MG, com tr\u00eas ocupantes, seguia de Tocantins para Ub\u00e1 quando colidiu contra um VW Gol da mesma cor, placas de Ub\u00e1\/MG que vinha em sentido contr\u00e1rio, tamb\u00e9m com tr\u00eas pessoas em seu interior.<br \/>\n<!--more--><\/p>\n<p style=\"text-align: justify;\"><a href=\"https:\/\/marcelolopes.jor.br\/site\/wp-content\/uploads\/2019\/04\/20190414225154_964.jpg\"><img loading=\"lazy\" decoding=\"async\" class=\"aligncenter size-full wp-image-720\" src=\"https:\/\/marcelolopes.jor.br\/site\/wp-content\/uploads\/2019\/04\/20190414225154_964.jpg\" alt=\"\" width=\"538\" height=\"404\" srcset=\"https:\/\/marcelolopes.jor.br\/site\/wp-content\/uploads\/2019\/04\/20190414225154_964.jpg 538w, https:\/\/marcelolopes.jor.br\/site\/wp-content\/uploads\/2019\/04\/20190414225154_964-300x225.jpg 300w\" sizes=\"auto, (max-width: 538px) 100vw, 538px\" \/><\/a> <a href=\"https:\/\/marcelolopes.jor.br\/site\/wp-content\/uploads\/2019\/04\/20190414225116_719.jpg\"><img loading=\"lazy\" decoding=\"async\" class=\"aligncenter size-full wp-image-721\" src=\"https:\/\/marcelolopes.jor.br\/site\/wp-content\/uploads\/2019\/04\/20190414225116_719.jpg\" alt=\"\" width=\"538\" height=\"402\" srcset=\"https:\/\/marcelolopes.jor.br\/site\/wp-content\/uploads\/2019\/04\/20190414225116_719.jpg 538w, https:\/\/marcelolopes.jor.br\/site\/wp-content\/uploads\/2019\/04\/20190414225116_719-300x224.jpg 300w\" sizes=\"auto, (max-width: 538px) 100vw, 538px\" \/><\/a> <a href=\"https:\/\/marcelolopes.jor.br\/site\/wp-content\/uploads\/2019\/04\/20190414225034_590.jpg\"><img loading=\"lazy\" decoding=\"async\" class=\"aligncenter size-full wp-image-722\" src=\"https:\/\/marcelolopes.jor.br\/site\/wp-content\/uploads\/2019\/04\/20190414225034_590.jpg\" alt=\"\" width=\"538\" height=\"402\" srcset=\"https:\/\/marcelolopes.jor.br\/site\/wp-content\/uploads\/2019\/04\/20190414225034_590.jpg 538w, https:\/\/marcelolopes.jor.br\/site\/wp-content\/uploads\/2019\/04\/20190414225034_590-300x224.jpg 300w\" sizes=\"auto, (max-width: 538px) 100vw, 538px\" \/><\/a> <a href=\"https:\/\/marcelolopes.jor.br\/site\/wp-content\/uploads\/2019\/04\/20190414225000_658.jpg\"><img loading=\"lazy\" decoding=\"async\" class=\"aligncenter size-full wp-image-723\" src=\"https:\/\/marcelolopes.jor.br\/site\/wp-content\/uploads\/2019\/04\/20190414225000_658.jpg\" alt=\"\" width=\"538\" height=\"357\" srcset=\"https:\/\/marcelolopes.jor.br\/site\/wp-content\/uploads\/2019\/04\/20190414225000_658.jpg 538w, https:\/\/marcelolopes.jor.br\/site\/wp-content\/uploads\/2019\/04\/20190414225000_658-300x199.jpg 300w\" sizes=\"auto, (max-width: 538px) 100vw, 538px\" \/><\/a>De acordo com informa\u00e7\u00f5es da Pol\u00edcia Militar Rodovi\u00e1ria de Dona Euz\u00e9bia, respons\u00e1vel pelo registro do fato, somente o condutor do Hyundai n\u00e3o sofreu ferimentos. As outras cinco v\u00edtimas, entre elas duas mulheres, foram socorridas por uma Unidade do Servi\u00e7o de Atendimento M\u00e9dico de Urg\u00eancia &#8211; SAMU &#8211; e pelo Corpo de Bombeiros, ambos de Ub\u00e1. Todos os feridos foram levados para o Hospital Santa Isabel, em Ub\u00e1, em estado grave.<\/p>\n<p style=\"text-align: justify;\">Os dois ve\u00edculos ficaram bastante danificados. As identidades das v\u00edtimas n\u00e3o foram informadas, nem tampouco a idade. Por conta disso n\u00e3o \u00e9 poss\u00edvel acompanhar o estado de sa\u00fade delas no Hospital Santa Isabel, para onde foram levadas e receberam atendimento m\u00e9dico.<\/p>\n<p style=\"text-align: justify;\">Segundo relato de um dos condutores aos policiais rodovi\u00e1rios, a prov\u00e1vel causa do acidente seria a perda de controle de dire\u00e7\u00e3o por parte de um dos condutores dos ve\u00edculos que teria invadido a contra-m\u00e3o. Atenderam esta ocorr\u00eancia os sargentos Adjalmo e Caetano, da PMR de Dona Euz\u00e9bia. (Fotos: PMR Dona Euz\u00e9bia &#8211; Divulga\u00e7\u00e3o)<\/p>\n<p>Fonte: Rep\u00f3rter Kadu Fontana e G1 Zona da Mata<\/p>\n<div class=\"ntspa69f75bd3b04b9\" ><br><\/div><style type=\"text\/css\">\r\n@media screen and (min-width: 1201px) {\r\n.ntspa69f75bd3b04b9 {\r\ndisplay: block;\r\n}\r\n}\r\n@media screen and (min-width: 993px) and (max-width: 1200px) {\r\n.ntspa69f75bd3b04b9 {\r\ndisplay: block;\r\n}\r\n}\r\n@media screen and (min-width: 769px) and (max-width: 992px) {\r\n.ntspa69f75bd3b04b9 {\r\ndisplay: block;\r\n}\r\n}\r\n@media screen and (min-width: 768px) and (max-width: 768px) {\r\n.ntspa69f75bd3b04b9 {\r\ndisplay: block;\r\n}\r\n}\r\n@media screen and (max-width: 767px) {\r\n.ntspa69f75bd3b04b9 {\r\ndisplay: block;\r\n}\r\n}\r\n<\/style>\r\n<div class=\"nbkry69f75bd3b61ca\" ><div id=\"div_destino\"><\/div>\r\n<script src=\"https:\/\/cdn.snsrsv.com\/sdk.js\"><\/script>\r\n<script >\r\n      new sdk(\"464030C30061EA8BE065000000000001\") \r\n          .appendTo(\"div_destino\")\r\n          .disableStyle(true) \r\n          .setCacheBusterMacro(\"%%CACHEBUSTER%%\")\r\n          .setSize(\"800\",\"214\")\r\n          .setClickMacro(\"%%CLICK_URL_ESC%%\") \r\n          .setReferrerUrlMacro(\"%%REFERRER_URL_ESC%%\") \r\n          .start(); \r\n<\/script><\/div><style type=\"text\/css\">\r\n@media screen and (min-width: 1201px) {\r\n.nbkry69f75bd3b61ca {\r\ndisplay: block;\r\n}\r\n}\r\n@media screen and (min-width: 993px) and (max-width: 1200px) {\r\n.nbkry69f75bd3b61ca {\r\ndisplay: block;\r\n}\r\n}\r\n@media screen and (min-width: 769px) and (max-width: 992px) {\r\n.nbkry69f75bd3b61ca {\r\ndisplay: block;\r\n}\r\n}\r\n@media screen and (min-width: 768px) and (max-width: 768px) {\r\n.nbkry69f75bd3b61ca {\r\ndisplay: block;\r\n}\r\n}\r\n@media screen and (max-width: 767px) {\r\n.nbkry69f75bd3b61ca {\r\ndisplay: block;\r\n}\r\n}\r\n<\/style>\r\n","protected":false},"excerpt":{"rendered":"<p>Uma colis\u00e3o frontal entre dois ve\u00edculos de passeio aconteceu por volta das 14h30min deste domingo, 14 de abril, no km 89 da rodovia MGC-265, em Tocantins\/MG, pr\u00f3ximo ao cremat\u00f3rio. Um ve\u00edculo Hyundai de cor branca, placas de Vi\u00e7osa\/MG, com tr\u00eas<\/p>\n<p class=\"link-more\"><a class=\"more-link\" href=\"https:\/\/marcelolopes.jor.br\/site\/2019\/04\/14\/cinco-pessoas-ficam-feridas-em-colisao-frontal-entre-uba-e-tocantins\/\">Leia mais <span class=\"screen-reader-text\">Cinco pessoas ficam feridas em colis\u00e3o frontal entre Ub\u00e1 e Tocantins<\/span><\/a><\/p>\n","protected":false},"author":1,"featured_media":724,"comment_status":"open","ping_status":"open","sticky":false,"template":"","format":"standard","meta":{"footnotes":""},"categories":[1],"tags":[],"class_list":["post-719","post","type-post","status-publish","format-standard","has-post-thumbnail","hentry","category-noticias","thumb-below-title"],"yoast_head":"<!-- This site is optimized with the Yoast SEO plugin v27.4 - https:\/\/yoast.com\/product\/yoast-seo-wordpress\/ -->\n<title>Cinco pessoas ficam feridas em colis\u00e3o frontal entre Ub\u00e1 e Tocantins | Marcelo Lopes<\/title>\n<meta name=\"robots\" content=\"index, follow, max-snippet:-1, max-image-preview:large, max-video-preview:-1\" \/>\n<link rel=\"canonical\" href=\"https:\/\/marcelolopes.jor.br\/site\/2019\/04\/14\/cinco-pessoas-ficam-feridas-em-colisao-frontal-entre-uba-e-tocantins\/\" \/>\n<meta property=\"og:locale\" content=\"pt_BR\" \/>\n<meta property=\"og:type\" content=\"article\" \/>\n<meta property=\"og:title\" content=\"Cinco pessoas ficam feridas em colis\u00e3o frontal entre Ub\u00e1 e Tocantins | Marcelo Lopes\" \/>\n<meta property=\"og:description\" content=\"Uma colis\u00e3o frontal entre dois ve\u00edculos de passeio aconteceu por volta das 14h30min deste domingo, 14 de abril, no km 89 da rodovia MGC-265, em Tocantins\/MG, pr\u00f3ximo ao cremat\u00f3rio. Um ve\u00edculo Hyundai de cor branca, placas de Vi\u00e7osa\/MG, com tr\u00easLeia mais Cinco pessoas ficam feridas em colis\u00e3o frontal entre Ub\u00e1 e Tocantins\" \/>\n<meta property=\"og:url\" content=\"https:\/\/marcelolopes.jor.br\/site\/2019\/04\/14\/cinco-pessoas-ficam-feridas-em-colisao-frontal-entre-uba-e-tocantins\/\" \/>\n<meta property=\"og:site_name\" content=\"Marcelo Lopes\" \/>\n<meta property=\"article:publisher\" content=\"https:\/\/www.facebook.com\/sitedomarcelolopes\" \/>\n<meta property=\"article:published_time\" content=\"2019-04-15T01:35:38+00:00\" \/>\n<meta property=\"article:modified_time\" content=\"2019-04-15T20:04:05+00:00\" \/>\n<meta property=\"og:image\" content=\"https:\/\/marcelolopes.jor.br\/site\/wp-content\/uploads\/2019\/04\/acidente.jpg\" \/>\n\t<meta property=\"og:image:width\" content=\"804\" \/>\n\t<meta property=\"og:image:height\" content=\"503\" \/>\n\t<meta property=\"og:image:type\" content=\"image\/jpeg\" \/>\n<meta name=\"author\" content=\"universo\" \/>\n<meta name=\"twitter:card\" content=\"summary_large_image\" \/>\n<meta name=\"twitter:label1\" content=\"Escrito por\" \/>\n\t<meta name=\"twitter:data1\" content=\"universo\" \/>\n\t<meta name=\"twitter:label2\" content=\"Est. tempo de leitura\" \/>\n\t<meta name=\"twitter:data2\" content=\"1 minuto\" \/>\n<script type=\"application\/ld+json\" class=\"yoast-schema-graph\">{\"@context\":\"https:\\\/\\\/schema.org\",\"@graph\":[{\"@type\":\"NewsArticle\",\"@id\":\"https:\\\/\\\/marcelolopes.jor.br\\\/site\\\/2019\\\/04\\\/14\\\/cinco-pessoas-ficam-feridas-em-colisao-frontal-entre-uba-e-tocantins\\\/#article\",\"isPartOf\":{\"@id\":\"https:\\\/\\\/marcelolopes.jor.br\\\/site\\\/2019\\\/04\\\/14\\\/cinco-pessoas-ficam-feridas-em-colisao-frontal-entre-uba-e-tocantins\\\/\"},\"author\":{\"name\":\"universo\",\"@id\":\"https:\\\/\\\/marcelolopes.jor.br\\\/site\\\/#\\\/schema\\\/person\\\/27c10fcefab28f2110efeb1b285475e4\"},\"headline\":\"Cinco pessoas ficam feridas em colis\u00e3o frontal entre Ub\u00e1 e Tocantins\",\"datePublished\":\"2019-04-15T01:35:38+00:00\",\"dateModified\":\"2019-04-15T20:04:05+00:00\",\"mainEntityOfPage\":{\"@id\":\"https:\\\/\\\/marcelolopes.jor.br\\\/site\\\/2019\\\/04\\\/14\\\/cinco-pessoas-ficam-feridas-em-colisao-frontal-entre-uba-e-tocantins\\\/\"},\"wordCount\":293,\"commentCount\":0,\"publisher\":{\"@id\":\"https:\\\/\\\/marcelolopes.jor.br\\\/site\\\/#organization\"},\"image\":{\"@id\":\"https:\\\/\\\/marcelolopes.jor.br\\\/site\\\/2019\\\/04\\\/14\\\/cinco-pessoas-ficam-feridas-em-colisao-frontal-entre-uba-e-tocantins\\\/#primaryimage\"},\"thumbnailUrl\":\"https:\\\/\\\/marcelolopes.jor.br\\\/site\\\/wp-content\\\/uploads\\\/2019\\\/04\\\/acidente.jpg\",\"articleSection\":[\"Not\u00edcias\"],\"inLanguage\":\"pt-BR\",\"potentialAction\":[{\"@type\":\"CommentAction\",\"name\":\"Comment\",\"target\":[\"https:\\\/\\\/marcelolopes.jor.br\\\/site\\\/2019\\\/04\\\/14\\\/cinco-pessoas-ficam-feridas-em-colisao-frontal-entre-uba-e-tocantins\\\/#respond\"]}]},{\"@type\":\"WebPage\",\"@id\":\"https:\\\/\\\/marcelolopes.jor.br\\\/site\\\/2019\\\/04\\\/14\\\/cinco-pessoas-ficam-feridas-em-colisao-frontal-entre-uba-e-tocantins\\\/\",\"url\":\"https:\\\/\\\/marcelolopes.jor.br\\\/site\\\/2019\\\/04\\\/14\\\/cinco-pessoas-ficam-feridas-em-colisao-frontal-entre-uba-e-tocantins\\\/\",\"name\":\"Cinco pessoas ficam feridas em colis\u00e3o frontal entre Ub\u00e1 e Tocantins | Marcelo Lopes\",\"isPartOf\":{\"@id\":\"https:\\\/\\\/marcelolopes.jor.br\\\/site\\\/#website\"},\"primaryImageOfPage\":{\"@id\":\"https:\\\/\\\/marcelolopes.jor.br\\\/site\\\/2019\\\/04\\\/14\\\/cinco-pessoas-ficam-feridas-em-colisao-frontal-entre-uba-e-tocantins\\\/#primaryimage\"},\"image\":{\"@id\":\"https:\\\/\\\/marcelolopes.jor.br\\\/site\\\/2019\\\/04\\\/14\\\/cinco-pessoas-ficam-feridas-em-colisao-frontal-entre-uba-e-tocantins\\\/#primaryimage\"},\"thumbnailUrl\":\"https:\\\/\\\/marcelolopes.jor.br\\\/site\\\/wp-content\\\/uploads\\\/2019\\\/04\\\/acidente.jpg\",\"datePublished\":\"2019-04-15T01:35:38+00:00\",\"dateModified\":\"2019-04-15T20:04:05+00:00\",\"breadcrumb\":{\"@id\":\"https:\\\/\\\/marcelolopes.jor.br\\\/site\\\/2019\\\/04\\\/14\\\/cinco-pessoas-ficam-feridas-em-colisao-frontal-entre-uba-e-tocantins\\\/#breadcrumb\"},\"inLanguage\":\"pt-BR\",\"potentialAction\":[{\"@type\":\"ReadAction\",\"target\":[\"https:\\\/\\\/marcelolopes.jor.br\\\/site\\\/2019\\\/04\\\/14\\\/cinco-pessoas-ficam-feridas-em-colisao-frontal-entre-uba-e-tocantins\\\/\"]}]},{\"@type\":\"ImageObject\",\"inLanguage\":\"pt-BR\",\"@id\":\"https:\\\/\\\/marcelolopes.jor.br\\\/site\\\/2019\\\/04\\\/14\\\/cinco-pessoas-ficam-feridas-em-colisao-frontal-entre-uba-e-tocantins\\\/#primaryimage\",\"url\":\"https:\\\/\\\/marcelolopes.jor.br\\\/site\\\/wp-content\\\/uploads\\\/2019\\\/04\\\/acidente.jpg\",\"contentUrl\":\"https:\\\/\\\/marcelolopes.jor.br\\\/site\\\/wp-content\\\/uploads\\\/2019\\\/04\\\/acidente.jpg\",\"width\":804,\"height\":503},{\"@type\":\"BreadcrumbList\",\"@id\":\"https:\\\/\\\/marcelolopes.jor.br\\\/site\\\/2019\\\/04\\\/14\\\/cinco-pessoas-ficam-feridas-em-colisao-frontal-entre-uba-e-tocantins\\\/#breadcrumb\",\"itemListElement\":[{\"@type\":\"ListItem\",\"position\":1,\"name\":\"Home\",\"item\":\"https:\\\/\\\/marcelolopes.jor.br\\\/site\\\/\"},{\"@type\":\"ListItem\",\"position\":2,\"name\":\"Cinco pessoas ficam feridas em colis\u00e3o frontal entre Ub\u00e1 e Tocantins\"}]},{\"@type\":\"WebSite\",\"@id\":\"https:\\\/\\\/marcelolopes.jor.br\\\/site\\\/#website\",\"url\":\"https:\\\/\\\/marcelolopes.jor.br\\\/site\\\/\",\"name\":\"Marcelo Lopes\",\"description\":\"Not\u00edcias de Cataguases e Regi\u00e3o\",\"publisher\":{\"@id\":\"https:\\\/\\\/marcelolopes.jor.br\\\/site\\\/#organization\"},\"potentialAction\":[{\"@type\":\"SearchAction\",\"target\":{\"@type\":\"EntryPoint\",\"urlTemplate\":\"https:\\\/\\\/marcelolopes.jor.br\\\/site\\\/?s={search_term_string}\"},\"query-input\":{\"@type\":\"PropertyValueSpecification\",\"valueRequired\":true,\"valueName\":\"search_term_string\"}}],\"inLanguage\":\"pt-BR\"},{\"@type\":\"Organization\",\"@id\":\"https:\\\/\\\/marcelolopes.jor.br\\\/site\\\/#organization\",\"name\":\"Site do Marcelo Lopes\",\"url\":\"https:\\\/\\\/marcelolopes.jor.br\\\/site\\\/\",\"logo\":{\"@type\":\"ImageObject\",\"inLanguage\":\"pt-BR\",\"@id\":\"https:\\\/\\\/marcelolopes.jor.br\\\/site\\\/#\\\/schema\\\/logo\\\/image\\\/\",\"url\":\"https:\\\/\\\/marcelolopes.jor.br\\\/site\\\/wp-content\\\/uploads\\\/2024\\\/11\\\/logo-1.png\",\"contentUrl\":\"https:\\\/\\\/marcelolopes.jor.br\\\/site\\\/wp-content\\\/uploads\\\/2024\\\/11\\\/logo-1.png\",\"width\":475,\"height\":80,\"caption\":\"Site do Marcelo Lopes\"},\"image\":{\"@id\":\"https:\\\/\\\/marcelolopes.jor.br\\\/site\\\/#\\\/schema\\\/logo\\\/image\\\/\"},\"sameAs\":[\"https:\\\/\\\/www.facebook.com\\\/sitedomarcelolopes\",\"https:\\\/\\\/www.instagram.com\\\/sitedomarcelolopes\\\/\",\"https:\\\/\\\/www.linkedin.com\\\/company\\\/site-do-marcelo-lopes\\\/\",\"https:\\\/\\\/www.youtube.com\\\/user\\\/marcelolopes957\"]},{\"@type\":\"Person\",\"@id\":\"https:\\\/\\\/marcelolopes.jor.br\\\/site\\\/#\\\/schema\\\/person\\\/27c10fcefab28f2110efeb1b285475e4\",\"name\":\"universo\",\"url\":\"https:\\\/\\\/marcelolopes.jor.br\\\/site\\\/author\\\/universo\\\/\"}]}<\/script>\n<!-- \/ Yoast SEO plugin. -->","yoast_head_json":{"title":"Cinco pessoas ficam feridas em colis\u00e3o frontal entre Ub\u00e1 e Tocantins | Marcelo Lopes","robots":{"index":"index","follow":"follow","max-snippet":"max-snippet:-1","max-image-preview":"max-image-preview:large","max-video-preview":"max-video-preview:-1"},"canonical":"https:\/\/marcelolopes.jor.br\/site\/2019\/04\/14\/cinco-pessoas-ficam-feridas-em-colisao-frontal-entre-uba-e-tocantins\/","og_locale":"pt_BR","og_type":"article","og_title":"Cinco pessoas ficam feridas em colis\u00e3o frontal entre Ub\u00e1 e Tocantins | Marcelo Lopes","og_description":"Uma colis\u00e3o frontal entre dois ve\u00edculos de passeio aconteceu por volta das 14h30min deste domingo, 14 de abril, no km 89 da rodovia MGC-265, em Tocantins\/MG, pr\u00f3ximo ao cremat\u00f3rio. Um ve\u00edculo Hyundai de cor branca, placas de Vi\u00e7osa\/MG, com tr\u00easLeia mais Cinco pessoas ficam feridas em colis\u00e3o frontal entre Ub\u00e1 e Tocantins","og_url":"https:\/\/marcelolopes.jor.br\/site\/2019\/04\/14\/cinco-pessoas-ficam-feridas-em-colisao-frontal-entre-uba-e-tocantins\/","og_site_name":"Marcelo Lopes","article_publisher":"https:\/\/www.facebook.com\/sitedomarcelolopes","article_published_time":"2019-04-15T01:35:38+00:00","article_modified_time":"2019-04-15T20:04:05+00:00","og_image":[{"width":804,"height":503,"url":"https:\/\/marcelolopes.jor.br\/site\/wp-content\/uploads\/2019\/04\/acidente.jpg","type":"image\/jpeg"}],"author":"universo","twitter_card":"summary_large_image","twitter_misc":{"Escrito por":"universo","Est. tempo de leitura":"1 minuto"},"schema":{"@context":"https:\/\/schema.org","@graph":[{"@type":"NewsArticle","@id":"https:\/\/marcelolopes.jor.br\/site\/2019\/04\/14\/cinco-pessoas-ficam-feridas-em-colisao-frontal-entre-uba-e-tocantins\/#article","isPartOf":{"@id":"https:\/\/marcelolopes.jor.br\/site\/2019\/04\/14\/cinco-pessoas-ficam-feridas-em-colisao-frontal-entre-uba-e-tocantins\/"},"author":{"name":"universo","@id":"https:\/\/marcelolopes.jor.br\/site\/#\/schema\/person\/27c10fcefab28f2110efeb1b285475e4"},"headline":"Cinco pessoas ficam feridas em colis\u00e3o frontal entre Ub\u00e1 e Tocantins","datePublished":"2019-04-15T01:35:38+00:00","dateModified":"2019-04-15T20:04:05+00:00","mainEntityOfPage":{"@id":"https:\/\/marcelolopes.jor.br\/site\/2019\/04\/14\/cinco-pessoas-ficam-feridas-em-colisao-frontal-entre-uba-e-tocantins\/"},"wordCount":293,"commentCount":0,"publisher":{"@id":"https:\/\/marcelolopes.jor.br\/site\/#organization"},"image":{"@id":"https:\/\/marcelolopes.jor.br\/site\/2019\/04\/14\/cinco-pessoas-ficam-feridas-em-colisao-frontal-entre-uba-e-tocantins\/#primaryimage"},"thumbnailUrl":"https:\/\/marcelolopes.jor.br\/site\/wp-content\/uploads\/2019\/04\/acidente.jpg","articleSection":["Not\u00edcias"],"inLanguage":"pt-BR","potentialAction":[{"@type":"CommentAction","name":"Comment","target":["https:\/\/marcelolopes.jor.br\/site\/2019\/04\/14\/cinco-pessoas-ficam-feridas-em-colisao-frontal-entre-uba-e-tocantins\/#respond"]}]},{"@type":"WebPage","@id":"https:\/\/marcelolopes.jor.br\/site\/2019\/04\/14\/cinco-pessoas-ficam-feridas-em-colisao-frontal-entre-uba-e-tocantins\/","url":"https:\/\/marcelolopes.jor.br\/site\/2019\/04\/14\/cinco-pessoas-ficam-feridas-em-colisao-frontal-entre-uba-e-tocantins\/","name":"Cinco pessoas ficam feridas em colis\u00e3o frontal entre Ub\u00e1 e Tocantins | Marcelo Lopes","isPartOf":{"@id":"https:\/\/marcelolopes.jor.br\/site\/#website"},"primaryImageOfPage":{"@id":"https:\/\/marcelolopes.jor.br\/site\/2019\/04\/14\/cinco-pessoas-ficam-feridas-em-colisao-frontal-entre-uba-e-tocantins\/#primaryimage"},"image":{"@id":"https:\/\/marcelolopes.jor.br\/site\/2019\/04\/14\/cinco-pessoas-ficam-feridas-em-colisao-frontal-entre-uba-e-tocantins\/#primaryimage"},"thumbnailUrl":"https:\/\/marcelolopes.jor.br\/site\/wp-content\/uploads\/2019\/04\/acidente.jpg","datePublished":"2019-04-15T01:35:38+00:00","dateModified":"2019-04-15T20:04:05+00:00","breadcrumb":{"@id":"https:\/\/marcelolopes.jor.br\/site\/2019\/04\/14\/cinco-pessoas-ficam-feridas-em-colisao-frontal-entre-uba-e-tocantins\/#breadcrumb"},"inLanguage":"pt-BR","potentialAction":[{"@type":"ReadAction","target":["https:\/\/marcelolopes.jor.br\/site\/2019\/04\/14\/cinco-pessoas-ficam-feridas-em-colisao-frontal-entre-uba-e-tocantins\/"]}]},{"@type":"ImageObject","inLanguage":"pt-BR","@id":"https:\/\/marcelolopes.jor.br\/site\/2019\/04\/14\/cinco-pessoas-ficam-feridas-em-colisao-frontal-entre-uba-e-tocantins\/#primaryimage","url":"https:\/\/marcelolopes.jor.br\/site\/wp-content\/uploads\/2019\/04\/acidente.jpg","contentUrl":"https:\/\/marcelolopes.jor.br\/site\/wp-content\/uploads\/2019\/04\/acidente.jpg","width":804,"height":503},{"@type":"BreadcrumbList","@id":"https:\/\/marcelolopes.jor.br\/site\/2019\/04\/14\/cinco-pessoas-ficam-feridas-em-colisao-frontal-entre-uba-e-tocantins\/#breadcrumb","itemListElement":[{"@type":"ListItem","position":1,"name":"Home","item":"https:\/\/marcelolopes.jor.br\/site\/"},{"@type":"ListItem","position":2,"name":"Cinco pessoas ficam feridas em colis\u00e3o frontal entre Ub\u00e1 e Tocantins"}]},{"@type":"WebSite","@id":"https:\/\/marcelolopes.jor.br\/site\/#website","url":"https:\/\/marcelolopes.jor.br\/site\/","name":"Marcelo Lopes","description":"Not\u00edcias de Cataguases e Regi\u00e3o","publisher":{"@id":"https:\/\/marcelolopes.jor.br\/site\/#organization"},"potentialAction":[{"@type":"SearchAction","target":{"@type":"EntryPoint","urlTemplate":"https:\/\/marcelolopes.jor.br\/site\/?s={search_term_string}"},"query-input":{"@type":"PropertyValueSpecification","valueRequired":true,"valueName":"search_term_string"}}],"inLanguage":"pt-BR"},{"@type":"Organization","@id":"https:\/\/marcelolopes.jor.br\/site\/#organization","name":"Site do Marcelo Lopes","url":"https:\/\/marcelolopes.jor.br\/site\/","logo":{"@type":"ImageObject","inLanguage":"pt-BR","@id":"https:\/\/marcelolopes.jor.br\/site\/#\/schema\/logo\/image\/","url":"https:\/\/marcelolopes.jor.br\/site\/wp-content\/uploads\/2024\/11\/logo-1.png","contentUrl":"https:\/\/marcelolopes.jor.br\/site\/wp-content\/uploads\/2024\/11\/logo-1.png","width":475,"height":80,"caption":"Site do Marcelo Lopes"},"image":{"@id":"https:\/\/marcelolopes.jor.br\/site\/#\/schema\/logo\/image\/"},"sameAs":["https:\/\/www.facebook.com\/sitedomarcelolopes","https:\/\/www.instagram.com\/sitedomarcelolopes\/","https:\/\/www.linkedin.com\/company\/site-do-marcelo-lopes\/","https:\/\/www.youtube.com\/user\/marcelolopes957"]},{"@type":"Person","@id":"https:\/\/marcelolopes.jor.br\/site\/#\/schema\/person\/27c10fcefab28f2110efeb1b285475e4","name":"universo","url":"https:\/\/marcelolopes.jor.br\/site\/author\/universo\/"}]}},"wps_subtitle":"","_links":{"self":[{"href":"https:\/\/marcelolopes.jor.br\/site\/wp-json\/wp\/v2\/posts\/719","targetHints":{"allow":["GET"]}}],"collection":[{"href":"https:\/\/marcelolopes.jor.br\/site\/wp-json\/wp\/v2\/posts"}],"about":[{"href":"https:\/\/marcelolopes.jor.br\/site\/wp-json\/wp\/v2\/types\/post"}],"author":[{"embeddable":true,"href":"https:\/\/marcelolopes.jor.br\/site\/wp-json\/wp\/v2\/users\/1"}],"replies":[{"embeddable":true,"href":"https:\/\/marcelolopes.jor.br\/site\/wp-json\/wp\/v2\/comments?post=719"}],"version-history":[{"count":0,"href":"https:\/\/marcelolopes.jor.br\/site\/wp-json\/wp\/v2\/posts\/719\/revisions"}],"wp:featuredmedia":[{"embeddable":true,"href":"https:\/\/marcelolopes.jor.br\/site\/wp-json\/wp\/v2\/media\/724"}],"wp:attachment":[{"href":"https:\/\/marcelolopes.jor.br\/site\/wp-json\/wp\/v2\/media?parent=719"}],"wp:term":[{"taxonomy":"category","embeddable":true,"href":"https:\/\/marcelolopes.jor.br\/site\/wp-json\/wp\/v2\/categories?post=719"},{"taxonomy":"post_tag","embeddable":true,"href":"https:\/\/marcelolopes.jor.br\/site\/wp-json\/wp\/v2\/tags?post=719"}],"curies":[{"name":"wp","href":"https:\/\/api.w.org\/{rel}","templated":true}]}}