{"id":7176,"date":"2019-10-23T12:00:37","date_gmt":"2019-10-23T15:00:37","guid":{"rendered":"https:\/\/marcelolopes.jor.br\/?p=7176"},"modified":"2019-10-23T11:37:44","modified_gmt":"2019-10-23T14:37:44","slug":"prf-flagra-transporte-irregular-de-animal-e-maus-tratos-na-br-116-em-leopoldina","status":"publish","type":"post","link":"https:\/\/marcelolopes.jor.br\/site\/2019\/10\/23\/prf-flagra-transporte-irregular-de-animal-e-maus-tratos-na-br-116-em-leopoldina\/","title":{"rendered":"PRF flagra transporte irregular de animal e maus tratos na BR-116 em Leopoldina"},"content":{"rendered":"<p style=\"text-align: justify;\">Um homem foi flagrado transportando uma vaca em condi\u00e7\u00f5es cru\u00e9is no final da noite desta ter\u00e7a-feira, 22 de outubro, durante fiscaliza\u00e7\u00e3o de rotina da Pol\u00edcia Rodovi\u00e1ria Federal, na altura do Km 768 da BR-116, em Leopoldina. Os agentes rodovi\u00e1rios, ao abordar o ve\u00edculo, descobriram que na carroceria de uma Fiat Strada com placas de Pitangui, regi\u00e3o metropolitana de Belo Horizonte, estava uma vaca.<!--more--><\/p>\n<p style=\"text-align: justify;\">Segundo a PRF, o animal estava amarrado pelas quatro patas e pelo cabresto, deitado sobre o dorso direito, com restri\u00e7\u00e3o total de movimento. Ainda segundo a corpora\u00e7\u00e3o, a vaca encontrava-se em situa\u00e7\u00e3o de sofrimento, no compartimento de carga com fezes e urina, al\u00e9m do local ser apertado com propor\u00e7\u00f5es inadequadas ao seu tamanho.<\/p>\n<p style=\"text-align: justify;\">O motorista, que tem 38 anos, informou que comprou o bovino em Cantagalo, no Rio de Janeiro, e o levava para Dona Eus\u00e9bia. Ele n\u00e3o apresentou nenhum documento que comprovasse a origem do animal que foi encaminhada para um pasto nos arredores do Posto da PRF de Leopoldina. A caminhonete foi apreendida e recolhida ao p\u00e1tio credenciado. Um Termo Circunstanciado de Ocorr\u00eancia (TCO) foi lavrado e o autor responder\u00e1 pelo crime de maus tratos a animais.<\/p>\n<p><img loading=\"lazy\" decoding=\"async\" class=\"aligncenter wp-image-7179\" src=\"https:\/\/marcelolopes.jor.br\/site\/wp-content\/uploads\/2019\/10\/538a9d4a4fb0476889de376ab63ffe76.jpg\" alt=\"\" width=\"500\" height=\"311\" srcset=\"https:\/\/marcelolopes.jor.br\/site\/wp-content\/uploads\/2019\/10\/538a9d4a4fb0476889de376ab63ffe76.jpg 891w, https:\/\/marcelolopes.jor.br\/site\/wp-content\/uploads\/2019\/10\/538a9d4a4fb0476889de376ab63ffe76-300x187.jpg 300w, https:\/\/marcelolopes.jor.br\/site\/wp-content\/uploads\/2019\/10\/538a9d4a4fb0476889de376ab63ffe76-768x478.jpg 768w\" sizes=\"auto, (max-width: 500px) 100vw, 500px\" \/><\/p>\n<p><iframe loading=\"lazy\" width=\"880\" height=\"495\" src=\"https:\/\/www.youtube.com\/embed\/BETw6oLCwOM?feature=oembed\" frameborder=\"0\" allow=\"accelerometer; autoplay; encrypted-media; gyroscope; picture-in-picture\" allowfullscreen><\/iframe><\/p>\n<p><em>Fonte, fotos e v\u00eddeo: O Vigilante Online<\/em><\/p>\n<div class=\"bnvpa69f7748511b37\" ><br><\/div><style type=\"text\/css\">\r\n@media screen and (min-width: 1201px) {\r\n.bnvpa69f7748511b37 {\r\ndisplay: block;\r\n}\r\n}\r\n@media screen and (min-width: 993px) and (max-width: 1200px) {\r\n.bnvpa69f7748511b37 {\r\ndisplay: block;\r\n}\r\n}\r\n@media screen and (min-width: 769px) and (max-width: 992px) {\r\n.bnvpa69f7748511b37 {\r\ndisplay: block;\r\n}\r\n}\r\n@media screen and (min-width: 768px) and (max-width: 768px) {\r\n.bnvpa69f7748511b37 {\r\ndisplay: block;\r\n}\r\n}\r\n@media screen and (max-width: 767px) {\r\n.bnvpa69f7748511b37 {\r\ndisplay: block;\r\n}\r\n}\r\n<\/style>\r\n<div class=\"xnnla69f7748528c70\" ><div id=\"div_destino\"><\/div>\r\n<script src=\"https:\/\/cdn.snsrsv.com\/sdk.js\"><\/script>\r\n<script >\r\n      new sdk(\"464030C30061EA8BE065000000000001\") \r\n          .appendTo(\"div_destino\")\r\n          .disableStyle(true) \r\n          .setCacheBusterMacro(\"%%CACHEBUSTER%%\")\r\n          .setSize(\"800\",\"214\")\r\n          .setClickMacro(\"%%CLICK_URL_ESC%%\") \r\n          .setReferrerUrlMacro(\"%%REFERRER_URL_ESC%%\") \r\n          .start(); \r\n<\/script><\/div><style type=\"text\/css\">\r\n@media screen and (min-width: 1201px) {\r\n.xnnla69f7748528c70 {\r\ndisplay: block;\r\n}\r\n}\r\n@media screen and (min-width: 993px) and (max-width: 1200px) {\r\n.xnnla69f7748528c70 {\r\ndisplay: block;\r\n}\r\n}\r\n@media screen and (min-width: 769px) and (max-width: 992px) {\r\n.xnnla69f7748528c70 {\r\ndisplay: block;\r\n}\r\n}\r\n@media screen and (min-width: 768px) and (max-width: 768px) {\r\n.xnnla69f7748528c70 {\r\ndisplay: block;\r\n}\r\n}\r\n@media screen and (max-width: 767px) {\r\n.xnnla69f7748528c70 {\r\ndisplay: block;\r\n}\r\n}\r\n<\/style>\r\n","protected":false},"excerpt":{"rendered":"<p>Um homem foi flagrado transportando uma vaca em condi\u00e7\u00f5es cru\u00e9is no final da noite desta ter\u00e7a-feira, 22 de outubro, durante fiscaliza\u00e7\u00e3o de rotina da Pol\u00edcia Rodovi\u00e1ria Federal, na altura do Km 768 da BR-116, em Leopoldina. Os agentes rodovi\u00e1rios, ao<\/p>\n<p class=\"link-more\"><a class=\"more-link\" href=\"https:\/\/marcelolopes.jor.br\/site\/2019\/10\/23\/prf-flagra-transporte-irregular-de-animal-e-maus-tratos-na-br-116-em-leopoldina\/\">Leia mais <span class=\"screen-reader-text\">PRF flagra transporte irregular de animal e maus tratos na BR-116 em Leopoldina<\/span><\/a><\/p>\n","protected":false},"author":2,"featured_media":7178,"comment_status":"open","ping_status":"open","sticky":false,"template":"","format":"standard","meta":{"footnotes":""},"categories":[1],"tags":[1511,171,1510,1509],"class_list":["post-7176","post","type-post","status-publish","format-standard","has-post-thumbnail","hentry","category-noticias","tag-maus-tratos","tag-prf-leopoldina","tag-transporte-irregular","tag-vaca","thumb-below-title"],"yoast_head":"<!-- This site is optimized with the Yoast SEO plugin v27.4 - https:\/\/yoast.com\/product\/yoast-seo-wordpress\/ -->\n<title>PRF flagra transporte irregular de animal e maus tratos na BR-116 em Leopoldina | Marcelo Lopes<\/title>\n<meta name=\"robots\" content=\"index, follow, max-snippet:-1, max-image-preview:large, max-video-preview:-1\" \/>\n<link rel=\"canonical\" href=\"https:\/\/marcelolopes.jor.br\/site\/2019\/10\/23\/prf-flagra-transporte-irregular-de-animal-e-maus-tratos-na-br-116-em-leopoldina\/\" \/>\n<meta property=\"og:locale\" content=\"pt_BR\" \/>\n<meta property=\"og:type\" content=\"article\" \/>\n<meta property=\"og:title\" content=\"PRF flagra transporte irregular de animal e maus tratos na BR-116 em Leopoldina | Marcelo Lopes\" \/>\n<meta property=\"og:description\" content=\"Um homem foi flagrado transportando uma vaca em condi\u00e7\u00f5es cru\u00e9is no final da noite desta ter\u00e7a-feira, 22 de outubro, durante fiscaliza\u00e7\u00e3o de rotina da Pol\u00edcia Rodovi\u00e1ria Federal, na altura do Km 768 da BR-116, em Leopoldina. Os agentes rodovi\u00e1rios, aoLeia mais PRF flagra transporte irregular de animal e maus tratos na BR-116 em Leopoldina\" \/>\n<meta property=\"og:url\" content=\"https:\/\/marcelolopes.jor.br\/site\/2019\/10\/23\/prf-flagra-transporte-irregular-de-animal-e-maus-tratos-na-br-116-em-leopoldina\/\" \/>\n<meta property=\"og:site_name\" content=\"Marcelo Lopes\" \/>\n<meta property=\"article:publisher\" content=\"https:\/\/www.facebook.com\/sitedomarcelolopes\" \/>\n<meta property=\"article:published_time\" content=\"2019-10-23T15:00:37+00:00\" \/>\n<meta property=\"og:image\" content=\"https:\/\/marcelolopes.jor.br\/site\/wp-content\/uploads\/2019\/10\/5fe1489d95064ad2aa5a2cefab73b9c1.jpg\" \/>\n\t<meta property=\"og:image:width\" content=\"900\" \/>\n\t<meta property=\"og:image:height\" content=\"500\" \/>\n\t<meta property=\"og:image:type\" content=\"image\/jpeg\" \/>\n<meta name=\"author\" content=\"Marcelo Lopes\" \/>\n<meta name=\"twitter:card\" content=\"summary_large_image\" \/>\n<meta name=\"twitter:label1\" content=\"Escrito por\" \/>\n\t<meta name=\"twitter:data1\" content=\"Marcelo Lopes\" \/>\n\t<meta name=\"twitter:label2\" content=\"Est. tempo de leitura\" \/>\n\t<meta name=\"twitter:data2\" content=\"1 minuto\" \/>\n<script type=\"application\/ld+json\" class=\"yoast-schema-graph\">{\"@context\":\"https:\\\/\\\/schema.org\",\"@graph\":[{\"@type\":\"NewsArticle\",\"@id\":\"https:\\\/\\\/marcelolopes.jor.br\\\/site\\\/2019\\\/10\\\/23\\\/prf-flagra-transporte-irregular-de-animal-e-maus-tratos-na-br-116-em-leopoldina\\\/#article\",\"isPartOf\":{\"@id\":\"https:\\\/\\\/marcelolopes.jor.br\\\/site\\\/2019\\\/10\\\/23\\\/prf-flagra-transporte-irregular-de-animal-e-maus-tratos-na-br-116-em-leopoldina\\\/\"},\"author\":{\"name\":\"Marcelo Lopes\",\"@id\":\"https:\\\/\\\/marcelolopes.jor.br\\\/site\\\/#\\\/schema\\\/person\\\/3e7216a35c34d8fdf952b31da3d1f89f\"},\"headline\":\"PRF flagra transporte irregular de animal e maus tratos na BR-116 em Leopoldina\",\"datePublished\":\"2019-10-23T15:00:37+00:00\",\"mainEntityOfPage\":{\"@id\":\"https:\\\/\\\/marcelolopes.jor.br\\\/site\\\/2019\\\/10\\\/23\\\/prf-flagra-transporte-irregular-de-animal-e-maus-tratos-na-br-116-em-leopoldina\\\/\"},\"wordCount\":235,\"commentCount\":0,\"publisher\":{\"@id\":\"https:\\\/\\\/marcelolopes.jor.br\\\/site\\\/#organization\"},\"image\":{\"@id\":\"https:\\\/\\\/marcelolopes.jor.br\\\/site\\\/2019\\\/10\\\/23\\\/prf-flagra-transporte-irregular-de-animal-e-maus-tratos-na-br-116-em-leopoldina\\\/#primaryimage\"},\"thumbnailUrl\":\"https:\\\/\\\/marcelolopes.jor.br\\\/site\\\/wp-content\\\/uploads\\\/2019\\\/10\\\/5fe1489d95064ad2aa5a2cefab73b9c1.jpg\",\"keywords\":[\"maus tratos\",\"PRF-Leopoldina\",\"transporte irregular\",\"vaca\"],\"articleSection\":[\"Not\u00edcias\"],\"inLanguage\":\"pt-BR\",\"potentialAction\":[{\"@type\":\"CommentAction\",\"name\":\"Comment\",\"target\":[\"https:\\\/\\\/marcelolopes.jor.br\\\/site\\\/2019\\\/10\\\/23\\\/prf-flagra-transporte-irregular-de-animal-e-maus-tratos-na-br-116-em-leopoldina\\\/#respond\"]}]},{\"@type\":\"WebPage\",\"@id\":\"https:\\\/\\\/marcelolopes.jor.br\\\/site\\\/2019\\\/10\\\/23\\\/prf-flagra-transporte-irregular-de-animal-e-maus-tratos-na-br-116-em-leopoldina\\\/\",\"url\":\"https:\\\/\\\/marcelolopes.jor.br\\\/site\\\/2019\\\/10\\\/23\\\/prf-flagra-transporte-irregular-de-animal-e-maus-tratos-na-br-116-em-leopoldina\\\/\",\"name\":\"PRF flagra transporte irregular de animal e maus tratos na BR-116 em Leopoldina | Marcelo Lopes\",\"isPartOf\":{\"@id\":\"https:\\\/\\\/marcelolopes.jor.br\\\/site\\\/#website\"},\"primaryImageOfPage\":{\"@id\":\"https:\\\/\\\/marcelolopes.jor.br\\\/site\\\/2019\\\/10\\\/23\\\/prf-flagra-transporte-irregular-de-animal-e-maus-tratos-na-br-116-em-leopoldina\\\/#primaryimage\"},\"image\":{\"@id\":\"https:\\\/\\\/marcelolopes.jor.br\\\/site\\\/2019\\\/10\\\/23\\\/prf-flagra-transporte-irregular-de-animal-e-maus-tratos-na-br-116-em-leopoldina\\\/#primaryimage\"},\"thumbnailUrl\":\"https:\\\/\\\/marcelolopes.jor.br\\\/site\\\/wp-content\\\/uploads\\\/2019\\\/10\\\/5fe1489d95064ad2aa5a2cefab73b9c1.jpg\",\"datePublished\":\"2019-10-23T15:00:37+00:00\",\"breadcrumb\":{\"@id\":\"https:\\\/\\\/marcelolopes.jor.br\\\/site\\\/2019\\\/10\\\/23\\\/prf-flagra-transporte-irregular-de-animal-e-maus-tratos-na-br-116-em-leopoldina\\\/#breadcrumb\"},\"inLanguage\":\"pt-BR\",\"potentialAction\":[{\"@type\":\"ReadAction\",\"target\":[\"https:\\\/\\\/marcelolopes.jor.br\\\/site\\\/2019\\\/10\\\/23\\\/prf-flagra-transporte-irregular-de-animal-e-maus-tratos-na-br-116-em-leopoldina\\\/\"]}]},{\"@type\":\"ImageObject\",\"inLanguage\":\"pt-BR\",\"@id\":\"https:\\\/\\\/marcelolopes.jor.br\\\/site\\\/2019\\\/10\\\/23\\\/prf-flagra-transporte-irregular-de-animal-e-maus-tratos-na-br-116-em-leopoldina\\\/#primaryimage\",\"url\":\"https:\\\/\\\/marcelolopes.jor.br\\\/site\\\/wp-content\\\/uploads\\\/2019\\\/10\\\/5fe1489d95064ad2aa5a2cefab73b9c1.jpg\",\"contentUrl\":\"https:\\\/\\\/marcelolopes.jor.br\\\/site\\\/wp-content\\\/uploads\\\/2019\\\/10\\\/5fe1489d95064ad2aa5a2cefab73b9c1.jpg\",\"width\":900,\"height\":500},{\"@type\":\"BreadcrumbList\",\"@id\":\"https:\\\/\\\/marcelolopes.jor.br\\\/site\\\/2019\\\/10\\\/23\\\/prf-flagra-transporte-irregular-de-animal-e-maus-tratos-na-br-116-em-leopoldina\\\/#breadcrumb\",\"itemListElement\":[{\"@type\":\"ListItem\",\"position\":1,\"name\":\"Home\",\"item\":\"https:\\\/\\\/marcelolopes.jor.br\\\/site\\\/\"},{\"@type\":\"ListItem\",\"position\":2,\"name\":\"PRF flagra transporte irregular de animal e maus tratos na BR-116 em Leopoldina\"}]},{\"@type\":\"WebSite\",\"@id\":\"https:\\\/\\\/marcelolopes.jor.br\\\/site\\\/#website\",\"url\":\"https:\\\/\\\/marcelolopes.jor.br\\\/site\\\/\",\"name\":\"Marcelo Lopes\",\"description\":\"Not\u00edcias de Cataguases e Regi\u00e3o\",\"publisher\":{\"@id\":\"https:\\\/\\\/marcelolopes.jor.br\\\/site\\\/#organization\"},\"potentialAction\":[{\"@type\":\"SearchAction\",\"target\":{\"@type\":\"EntryPoint\",\"urlTemplate\":\"https:\\\/\\\/marcelolopes.jor.br\\\/site\\\/?s={search_term_string}\"},\"query-input\":{\"@type\":\"PropertyValueSpecification\",\"valueRequired\":true,\"valueName\":\"search_term_string\"}}],\"inLanguage\":\"pt-BR\"},{\"@type\":\"Organization\",\"@id\":\"https:\\\/\\\/marcelolopes.jor.br\\\/site\\\/#organization\",\"name\":\"Site do Marcelo Lopes\",\"url\":\"https:\\\/\\\/marcelolopes.jor.br\\\/site\\\/\",\"logo\":{\"@type\":\"ImageObject\",\"inLanguage\":\"pt-BR\",\"@id\":\"https:\\\/\\\/marcelolopes.jor.br\\\/site\\\/#\\\/schema\\\/logo\\\/image\\\/\",\"url\":\"https:\\\/\\\/marcelolopes.jor.br\\\/site\\\/wp-content\\\/uploads\\\/2024\\\/11\\\/logo-1.png\",\"contentUrl\":\"https:\\\/\\\/marcelolopes.jor.br\\\/site\\\/wp-content\\\/uploads\\\/2024\\\/11\\\/logo-1.png\",\"width\":475,\"height\":80,\"caption\":\"Site do Marcelo Lopes\"},\"image\":{\"@id\":\"https:\\\/\\\/marcelolopes.jor.br\\\/site\\\/#\\\/schema\\\/logo\\\/image\\\/\"},\"sameAs\":[\"https:\\\/\\\/www.facebook.com\\\/sitedomarcelolopes\",\"https:\\\/\\\/www.instagram.com\\\/sitedomarcelolopes\\\/\",\"https:\\\/\\\/www.linkedin.com\\\/company\\\/site-do-marcelo-lopes\\\/\",\"https:\\\/\\\/www.youtube.com\\\/user\\\/marcelolopes957\"]},{\"@type\":\"Person\",\"@id\":\"https:\\\/\\\/marcelolopes.jor.br\\\/site\\\/#\\\/schema\\\/person\\\/3e7216a35c34d8fdf952b31da3d1f89f\",\"name\":\"Marcelo Lopes\",\"sameAs\":[\"http:\\\/\\\/www.marcelolopes.jor.br\"],\"url\":\"https:\\\/\\\/marcelolopes.jor.br\\\/site\\\/author\\\/marcelo\\\/\"}]}<\/script>\n<!-- \/ Yoast SEO plugin. -->","yoast_head_json":{"title":"PRF flagra transporte irregular de animal e maus tratos na BR-116 em Leopoldina | Marcelo Lopes","robots":{"index":"index","follow":"follow","max-snippet":"max-snippet:-1","max-image-preview":"max-image-preview:large","max-video-preview":"max-video-preview:-1"},"canonical":"https:\/\/marcelolopes.jor.br\/site\/2019\/10\/23\/prf-flagra-transporte-irregular-de-animal-e-maus-tratos-na-br-116-em-leopoldina\/","og_locale":"pt_BR","og_type":"article","og_title":"PRF flagra transporte irregular de animal e maus tratos na BR-116 em Leopoldina | Marcelo Lopes","og_description":"Um homem foi flagrado transportando uma vaca em condi\u00e7\u00f5es cru\u00e9is no final da noite desta ter\u00e7a-feira, 22 de outubro, durante fiscaliza\u00e7\u00e3o de rotina da Pol\u00edcia Rodovi\u00e1ria Federal, na altura do Km 768 da BR-116, em Leopoldina. Os agentes rodovi\u00e1rios, aoLeia mais PRF flagra transporte irregular de animal e maus tratos na BR-116 em Leopoldina","og_url":"https:\/\/marcelolopes.jor.br\/site\/2019\/10\/23\/prf-flagra-transporte-irregular-de-animal-e-maus-tratos-na-br-116-em-leopoldina\/","og_site_name":"Marcelo Lopes","article_publisher":"https:\/\/www.facebook.com\/sitedomarcelolopes","article_published_time":"2019-10-23T15:00:37+00:00","og_image":[{"width":900,"height":500,"url":"https:\/\/marcelolopes.jor.br\/site\/wp-content\/uploads\/2019\/10\/5fe1489d95064ad2aa5a2cefab73b9c1.jpg","type":"image\/jpeg"}],"author":"Marcelo Lopes","twitter_card":"summary_large_image","twitter_misc":{"Escrito por":"Marcelo Lopes","Est. tempo de leitura":"1 minuto"},"schema":{"@context":"https:\/\/schema.org","@graph":[{"@type":"NewsArticle","@id":"https:\/\/marcelolopes.jor.br\/site\/2019\/10\/23\/prf-flagra-transporte-irregular-de-animal-e-maus-tratos-na-br-116-em-leopoldina\/#article","isPartOf":{"@id":"https:\/\/marcelolopes.jor.br\/site\/2019\/10\/23\/prf-flagra-transporte-irregular-de-animal-e-maus-tratos-na-br-116-em-leopoldina\/"},"author":{"name":"Marcelo Lopes","@id":"https:\/\/marcelolopes.jor.br\/site\/#\/schema\/person\/3e7216a35c34d8fdf952b31da3d1f89f"},"headline":"PRF flagra transporte irregular de animal e maus tratos na BR-116 em Leopoldina","datePublished":"2019-10-23T15:00:37+00:00","mainEntityOfPage":{"@id":"https:\/\/marcelolopes.jor.br\/site\/2019\/10\/23\/prf-flagra-transporte-irregular-de-animal-e-maus-tratos-na-br-116-em-leopoldina\/"},"wordCount":235,"commentCount":0,"publisher":{"@id":"https:\/\/marcelolopes.jor.br\/site\/#organization"},"image":{"@id":"https:\/\/marcelolopes.jor.br\/site\/2019\/10\/23\/prf-flagra-transporte-irregular-de-animal-e-maus-tratos-na-br-116-em-leopoldina\/#primaryimage"},"thumbnailUrl":"https:\/\/marcelolopes.jor.br\/site\/wp-content\/uploads\/2019\/10\/5fe1489d95064ad2aa5a2cefab73b9c1.jpg","keywords":["maus tratos","PRF-Leopoldina","transporte irregular","vaca"],"articleSection":["Not\u00edcias"],"inLanguage":"pt-BR","potentialAction":[{"@type":"CommentAction","name":"Comment","target":["https:\/\/marcelolopes.jor.br\/site\/2019\/10\/23\/prf-flagra-transporte-irregular-de-animal-e-maus-tratos-na-br-116-em-leopoldina\/#respond"]}]},{"@type":"WebPage","@id":"https:\/\/marcelolopes.jor.br\/site\/2019\/10\/23\/prf-flagra-transporte-irregular-de-animal-e-maus-tratos-na-br-116-em-leopoldina\/","url":"https:\/\/marcelolopes.jor.br\/site\/2019\/10\/23\/prf-flagra-transporte-irregular-de-animal-e-maus-tratos-na-br-116-em-leopoldina\/","name":"PRF flagra transporte irregular de animal e maus tratos na BR-116 em Leopoldina | Marcelo Lopes","isPartOf":{"@id":"https:\/\/marcelolopes.jor.br\/site\/#website"},"primaryImageOfPage":{"@id":"https:\/\/marcelolopes.jor.br\/site\/2019\/10\/23\/prf-flagra-transporte-irregular-de-animal-e-maus-tratos-na-br-116-em-leopoldina\/#primaryimage"},"image":{"@id":"https:\/\/marcelolopes.jor.br\/site\/2019\/10\/23\/prf-flagra-transporte-irregular-de-animal-e-maus-tratos-na-br-116-em-leopoldina\/#primaryimage"},"thumbnailUrl":"https:\/\/marcelolopes.jor.br\/site\/wp-content\/uploads\/2019\/10\/5fe1489d95064ad2aa5a2cefab73b9c1.jpg","datePublished":"2019-10-23T15:00:37+00:00","breadcrumb":{"@id":"https:\/\/marcelolopes.jor.br\/site\/2019\/10\/23\/prf-flagra-transporte-irregular-de-animal-e-maus-tratos-na-br-116-em-leopoldina\/#breadcrumb"},"inLanguage":"pt-BR","potentialAction":[{"@type":"ReadAction","target":["https:\/\/marcelolopes.jor.br\/site\/2019\/10\/23\/prf-flagra-transporte-irregular-de-animal-e-maus-tratos-na-br-116-em-leopoldina\/"]}]},{"@type":"ImageObject","inLanguage":"pt-BR","@id":"https:\/\/marcelolopes.jor.br\/site\/2019\/10\/23\/prf-flagra-transporte-irregular-de-animal-e-maus-tratos-na-br-116-em-leopoldina\/#primaryimage","url":"https:\/\/marcelolopes.jor.br\/site\/wp-content\/uploads\/2019\/10\/5fe1489d95064ad2aa5a2cefab73b9c1.jpg","contentUrl":"https:\/\/marcelolopes.jor.br\/site\/wp-content\/uploads\/2019\/10\/5fe1489d95064ad2aa5a2cefab73b9c1.jpg","width":900,"height":500},{"@type":"BreadcrumbList","@id":"https:\/\/marcelolopes.jor.br\/site\/2019\/10\/23\/prf-flagra-transporte-irregular-de-animal-e-maus-tratos-na-br-116-em-leopoldina\/#breadcrumb","itemListElement":[{"@type":"ListItem","position":1,"name":"Home","item":"https:\/\/marcelolopes.jor.br\/site\/"},{"@type":"ListItem","position":2,"name":"PRF flagra transporte irregular de animal e maus tratos na BR-116 em Leopoldina"}]},{"@type":"WebSite","@id":"https:\/\/marcelolopes.jor.br\/site\/#website","url":"https:\/\/marcelolopes.jor.br\/site\/","name":"Marcelo Lopes","description":"Not\u00edcias de Cataguases e Regi\u00e3o","publisher":{"@id":"https:\/\/marcelolopes.jor.br\/site\/#organization"},"potentialAction":[{"@type":"SearchAction","target":{"@type":"EntryPoint","urlTemplate":"https:\/\/marcelolopes.jor.br\/site\/?s={search_term_string}"},"query-input":{"@type":"PropertyValueSpecification","valueRequired":true,"valueName":"search_term_string"}}],"inLanguage":"pt-BR"},{"@type":"Organization","@id":"https:\/\/marcelolopes.jor.br\/site\/#organization","name":"Site do Marcelo Lopes","url":"https:\/\/marcelolopes.jor.br\/site\/","logo":{"@type":"ImageObject","inLanguage":"pt-BR","@id":"https:\/\/marcelolopes.jor.br\/site\/#\/schema\/logo\/image\/","url":"https:\/\/marcelolopes.jor.br\/site\/wp-content\/uploads\/2024\/11\/logo-1.png","contentUrl":"https:\/\/marcelolopes.jor.br\/site\/wp-content\/uploads\/2024\/11\/logo-1.png","width":475,"height":80,"caption":"Site do Marcelo Lopes"},"image":{"@id":"https:\/\/marcelolopes.jor.br\/site\/#\/schema\/logo\/image\/"},"sameAs":["https:\/\/www.facebook.com\/sitedomarcelolopes","https:\/\/www.instagram.com\/sitedomarcelolopes\/","https:\/\/www.linkedin.com\/company\/site-do-marcelo-lopes\/","https:\/\/www.youtube.com\/user\/marcelolopes957"]},{"@type":"Person","@id":"https:\/\/marcelolopes.jor.br\/site\/#\/schema\/person\/3e7216a35c34d8fdf952b31da3d1f89f","name":"Marcelo Lopes","sameAs":["http:\/\/www.marcelolopes.jor.br"],"url":"https:\/\/marcelolopes.jor.br\/site\/author\/marcelo\/"}]}},"wps_subtitle":"Motorista foi abordado transportando vaca em condi\u00e7\u00f5es cru\u00e9is. Ele seguia para Dona Eus\u00e9bia.","_links":{"self":[{"href":"https:\/\/marcelolopes.jor.br\/site\/wp-json\/wp\/v2\/posts\/7176","targetHints":{"allow":["GET"]}}],"collection":[{"href":"https:\/\/marcelolopes.jor.br\/site\/wp-json\/wp\/v2\/posts"}],"about":[{"href":"https:\/\/marcelolopes.jor.br\/site\/wp-json\/wp\/v2\/types\/post"}],"author":[{"embeddable":true,"href":"https:\/\/marcelolopes.jor.br\/site\/wp-json\/wp\/v2\/users\/2"}],"replies":[{"embeddable":true,"href":"https:\/\/marcelolopes.jor.br\/site\/wp-json\/wp\/v2\/comments?post=7176"}],"version-history":[{"count":0,"href":"https:\/\/marcelolopes.jor.br\/site\/wp-json\/wp\/v2\/posts\/7176\/revisions"}],"wp:featuredmedia":[{"embeddable":true,"href":"https:\/\/marcelolopes.jor.br\/site\/wp-json\/wp\/v2\/media\/7178"}],"wp:attachment":[{"href":"https:\/\/marcelolopes.jor.br\/site\/wp-json\/wp\/v2\/media?parent=7176"}],"wp:term":[{"taxonomy":"category","embeddable":true,"href":"https:\/\/marcelolopes.jor.br\/site\/wp-json\/wp\/v2\/categories?post=7176"},{"taxonomy":"post_tag","embeddable":true,"href":"https:\/\/marcelolopes.jor.br\/site\/wp-json\/wp\/v2\/tags?post=7176"}],"curies":[{"name":"wp","href":"https:\/\/api.w.org\/{rel}","templated":true}]}}