{"id":7151,"date":"2019-10-22T21:00:15","date_gmt":"2019-10-23T00:00:15","guid":{"rendered":"https:\/\/marcelolopes.jor.br\/?p=7151"},"modified":"2019-10-22T21:16:13","modified_gmt":"2019-10-23T00:16:13","slug":"ricardo-dias-quer-que-prefeito-cumpra-decisao-da-cei-da-copasa","status":"publish","type":"post","link":"https:\/\/marcelolopes.jor.br\/site\/2019\/10\/22\/ricardo-dias-quer-que-prefeito-cumpra-decisao-da-cei-da-copasa\/","title":{"rendered":"Ricardo Dias quer que prefeito cumpra decis\u00e3o da CEI da Copasa"},"content":{"rendered":"<p style=\"text-align: justify;\">O presidente da C\u00e2mara Municipal de Cataguases, vereador Ricardo Dias, baixou, no final da tarde desta ter\u00e7a-feira, 22 de outubro, Ato Administrativo (n\u00ba 09\/2019) nesta ter\u00e7a-feira, 22, recomendando que o prefeito de Cataguases, Willian Lobo de Almeida tome as provid\u00eancias cab\u00edveis no sentido de cumprir as decis\u00f5es da Comiss\u00e3o Especial de Inqu\u00e9rito da Copasa. Ou seja: quer que o chefe do Executivo obrigue pelos meios legais, a Copasa a interromper a cobran\u00e7a pelo servi\u00e7o ainda n\u00e3o realizado no munic\u00edpio. O Executivo n\u00e3o se pronunciou a respeito porque ainda n\u00e3o tomou conhecimento do teor do referido ato.<!--more--><\/p>\n<p style=\"text-align: justify;\"><img loading=\"lazy\" decoding=\"async\" class=\"alignleft wp-image-7156 size-medium\" src=\"https:\/\/marcelolopes.jor.br\/site\/wp-content\/uploads\/2019\/10\/WhatsApp-Image-2019-10-22-at-17.25.34-1-225x300.jpeg\" alt=\"\" width=\"225\" height=\"300\" srcset=\"https:\/\/marcelolopes.jor.br\/site\/wp-content\/uploads\/2019\/10\/WhatsApp-Image-2019-10-22-at-17.25.34-1-225x300.jpeg 225w, https:\/\/marcelolopes.jor.br\/site\/wp-content\/uploads\/2019\/10\/WhatsApp-Image-2019-10-22-at-17.25.34-1.jpeg 589w\" sizes=\"auto, (max-width: 225px) 100vw, 225px\" \/>Em seu Ato Ricardo Dias lembra que o Minist\u00e9rio P\u00fablico move A\u00e7\u00e3o Civil P\u00fablica contra a Copasa e que aquela C\u00e2mara tamb\u00e9m aprovou lei revogando a isen\u00e7\u00e3o de tributos \u00e0quela empresa concession\u00e1ria do servi\u00e7o de abastecimento de \u00e1gua no munic\u00edpio. O presidente da C\u00e2mara destaca ainda que a Constitui\u00e7\u00e3o Federal e outras legisla\u00e7\u00f5es vigentes d\u00e3o compet\u00eancia ao prefeito para promover a suspens\u00e3o, por meio de decreto do contrato de programa firmado entre o Munic\u00edpio e a Copasa para a presta\u00e7\u00e3o dos servi\u00e7os de abastecimento de \u00e1gua pot\u00e1vel e esgotamento sanit\u00e1rio em ambi\u00eancia de gest\u00e3o associada.<\/p>\n<p style=\"text-align: justify;\">Outro argumento utilizado pelo vereador Ricardo Dias em seu Ato Administrativo \u00e9 que o Munic\u00edpio de Cataguases celebrou o referido contrato para a realiza\u00e7\u00e3o dos servi\u00e7os de esgotamento sanit\u00e1rio sem a realiza\u00e7\u00e3o de licita\u00e7\u00e3o p\u00fablica. Segundo o presidente do Legislativo Municipal &#8220;a lei que regulamenta a concess\u00e3o de servi\u00e7os p\u00fablicos (n\u00ba 8987\/1995), n\u00e3o prev\u00ea em nenhum momento a possibilidade de inexig\u00eancia de licita\u00e7\u00e3o nos casos de concess\u00e3o de servi\u00e7o p\u00fablico. Ele justifica que esta medida administrativa precisa tomar as provid\u00eancias cab\u00edveis a este respeito sob pena de ser enquadrado no crime de improbidade administrativa, omiss\u00e3o e viola\u00e7\u00e3o dos princ\u00edpios setoriais da Administra\u00e7\u00e3o P\u00fablica, &#8220;notadamente retardar ou deixar de praticar indevidamente, ato de of\u00edcio devidamente apurado relativo \u00e0 presta\u00e7\u00e3o inadequada dos servi\u00e7os de saneamento b\u00e1sico da cidade.&#8221;<\/p>\n<div class=\"ukepw69f7745a2e18b\" ><br><\/div><style type=\"text\/css\">\r\n@media screen and (min-width: 1201px) {\r\n.ukepw69f7745a2e18b {\r\ndisplay: block;\r\n}\r\n}\r\n@media screen and (min-width: 993px) and (max-width: 1200px) {\r\n.ukepw69f7745a2e18b {\r\ndisplay: block;\r\n}\r\n}\r\n@media screen and (min-width: 769px) and (max-width: 992px) {\r\n.ukepw69f7745a2e18b {\r\ndisplay: block;\r\n}\r\n}\r\n@media screen and (min-width: 768px) and (max-width: 768px) {\r\n.ukepw69f7745a2e18b {\r\ndisplay: block;\r\n}\r\n}\r\n@media screen and (max-width: 767px) {\r\n.ukepw69f7745a2e18b {\r\ndisplay: block;\r\n}\r\n}\r\n<\/style>\r\n<div class=\"pqjdi69f7745a33b87\" ><div id=\"div_destino\"><\/div>\r\n<script src=\"https:\/\/cdn.snsrsv.com\/sdk.js\"><\/script>\r\n<script >\r\n      new sdk(\"464030C30061EA8BE065000000000001\") \r\n          .appendTo(\"div_destino\")\r\n          .disableStyle(true) \r\n          .setCacheBusterMacro(\"%%CACHEBUSTER%%\")\r\n          .setSize(\"800\",\"214\")\r\n          .setClickMacro(\"%%CLICK_URL_ESC%%\") \r\n          .setReferrerUrlMacro(\"%%REFERRER_URL_ESC%%\") \r\n          .start(); \r\n<\/script><\/div><style type=\"text\/css\">\r\n@media screen and (min-width: 1201px) {\r\n.pqjdi69f7745a33b87 {\r\ndisplay: block;\r\n}\r\n}\r\n@media screen and (min-width: 993px) and (max-width: 1200px) {\r\n.pqjdi69f7745a33b87 {\r\ndisplay: block;\r\n}\r\n}\r\n@media screen and (min-width: 769px) and (max-width: 992px) {\r\n.pqjdi69f7745a33b87 {\r\ndisplay: block;\r\n}\r\n}\r\n@media screen and (min-width: 768px) and (max-width: 768px) {\r\n.pqjdi69f7745a33b87 {\r\ndisplay: block;\r\n}\r\n}\r\n@media screen and (max-width: 767px) {\r\n.pqjdi69f7745a33b87 {\r\ndisplay: block;\r\n}\r\n}\r\n<\/style>\r\n","protected":false},"excerpt":{"rendered":"<p>O presidente da C\u00e2mara Municipal de Cataguases, vereador Ricardo Dias, baixou, no final da tarde desta ter\u00e7a-feira, 22 de outubro, Ato Administrativo (n\u00ba 09\/2019) nesta ter\u00e7a-feira, 22, recomendando que o prefeito de Cataguases, Willian Lobo de Almeida tome as provid\u00eancias<\/p>\n<p class=\"link-more\"><a class=\"more-link\" href=\"https:\/\/marcelolopes.jor.br\/site\/2019\/10\/22\/ricardo-dias-quer-que-prefeito-cumpra-decisao-da-cei-da-copasa\/\">Leia mais <span class=\"screen-reader-text\">Ricardo Dias quer que prefeito cumpra decis\u00e3o da CEI da Copasa<\/span><\/a><\/p>\n","protected":false},"author":2,"featured_media":7153,"comment_status":"open","ping_status":"open","sticky":false,"template":"","format":"standard","meta":{"footnotes":""},"categories":[1],"tags":[1503,345,862,1504],"class_list":["post-7151","post","type-post","status-publish","format-standard","has-post-thumbnail","hentry","category-noticias","tag-ato-administrativo","tag-camara-municipal","tag-copasa","tag-ricardo-dias","thumb-below-title"],"yoast_head":"<!-- This site is optimized with the Yoast SEO plugin v27.4 - https:\/\/yoast.com\/product\/yoast-seo-wordpress\/ -->\n<title>Ricardo Dias quer que prefeito cumpra decis\u00e3o da CEI da Copasa | Marcelo Lopes<\/title>\n<meta name=\"robots\" content=\"index, follow, max-snippet:-1, max-image-preview:large, max-video-preview:-1\" \/>\n<link rel=\"canonical\" href=\"https:\/\/marcelolopes.jor.br\/site\/2019\/10\/22\/ricardo-dias-quer-que-prefeito-cumpra-decisao-da-cei-da-copasa\/\" \/>\n<meta property=\"og:locale\" content=\"pt_BR\" \/>\n<meta property=\"og:type\" content=\"article\" \/>\n<meta property=\"og:title\" content=\"Ricardo Dias quer que prefeito cumpra decis\u00e3o da CEI da Copasa | Marcelo Lopes\" \/>\n<meta property=\"og:description\" content=\"O presidente da C\u00e2mara Municipal de Cataguases, vereador Ricardo Dias, baixou, no final da tarde desta ter\u00e7a-feira, 22 de outubro, Ato Administrativo (n\u00ba 09\/2019) nesta ter\u00e7a-feira, 22, recomendando que o prefeito de Cataguases, Willian Lobo de Almeida tome as provid\u00eanciasLeia mais Ricardo Dias quer que prefeito cumpra decis\u00e3o da CEI da Copasa\" \/>\n<meta property=\"og:url\" content=\"https:\/\/marcelolopes.jor.br\/site\/2019\/10\/22\/ricardo-dias-quer-que-prefeito-cumpra-decisao-da-cei-da-copasa\/\" \/>\n<meta property=\"og:site_name\" content=\"Marcelo Lopes\" \/>\n<meta property=\"article:publisher\" content=\"https:\/\/www.facebook.com\/sitedomarcelolopes\" \/>\n<meta property=\"article:published_time\" content=\"2019-10-23T00:00:15+00:00\" \/>\n<meta property=\"article:modified_time\" content=\"2019-10-23T00:16:13+00:00\" \/>\n<meta property=\"og:image\" content=\"https:\/\/marcelolopes.jor.br\/site\/wp-content\/uploads\/2019\/10\/WhatsApp-Image-2019-10-22-at-17.35.41.jpeg\" \/>\n\t<meta property=\"og:image:width\" content=\"1024\" \/>\n\t<meta property=\"og:image:height\" content=\"768\" \/>\n\t<meta property=\"og:image:type\" content=\"image\/jpeg\" \/>\n<meta name=\"author\" content=\"Marcelo Lopes\" \/>\n<meta name=\"twitter:card\" content=\"summary_large_image\" \/>\n<meta name=\"twitter:label1\" content=\"Escrito por\" \/>\n\t<meta name=\"twitter:data1\" content=\"Marcelo Lopes\" \/>\n\t<meta name=\"twitter:label2\" content=\"Est. tempo de leitura\" \/>\n\t<meta name=\"twitter:data2\" content=\"2 minutos\" \/>\n<script type=\"application\/ld+json\" class=\"yoast-schema-graph\">{\"@context\":\"https:\\\/\\\/schema.org\",\"@graph\":[{\"@type\":\"NewsArticle\",\"@id\":\"https:\\\/\\\/marcelolopes.jor.br\\\/site\\\/2019\\\/10\\\/22\\\/ricardo-dias-quer-que-prefeito-cumpra-decisao-da-cei-da-copasa\\\/#article\",\"isPartOf\":{\"@id\":\"https:\\\/\\\/marcelolopes.jor.br\\\/site\\\/2019\\\/10\\\/22\\\/ricardo-dias-quer-que-prefeito-cumpra-decisao-da-cei-da-copasa\\\/\"},\"author\":{\"name\":\"Marcelo Lopes\",\"@id\":\"https:\\\/\\\/marcelolopes.jor.br\\\/site\\\/#\\\/schema\\\/person\\\/3e7216a35c34d8fdf952b31da3d1f89f\"},\"headline\":\"Ricardo Dias quer que prefeito cumpra decis\u00e3o da CEI da Copasa\",\"datePublished\":\"2019-10-23T00:00:15+00:00\",\"dateModified\":\"2019-10-23T00:16:13+00:00\",\"mainEntityOfPage\":{\"@id\":\"https:\\\/\\\/marcelolopes.jor.br\\\/site\\\/2019\\\/10\\\/22\\\/ricardo-dias-quer-que-prefeito-cumpra-decisao-da-cei-da-copasa\\\/\"},\"wordCount\":387,\"commentCount\":0,\"publisher\":{\"@id\":\"https:\\\/\\\/marcelolopes.jor.br\\\/site\\\/#organization\"},\"image\":{\"@id\":\"https:\\\/\\\/marcelolopes.jor.br\\\/site\\\/2019\\\/10\\\/22\\\/ricardo-dias-quer-que-prefeito-cumpra-decisao-da-cei-da-copasa\\\/#primaryimage\"},\"thumbnailUrl\":\"https:\\\/\\\/marcelolopes.jor.br\\\/site\\\/wp-content\\\/uploads\\\/2019\\\/10\\\/WhatsApp-Image-2019-10-22-at-17.35.41.jpeg\",\"keywords\":[\"Ato Administrativo\",\"C\u00e2mara Municipal\",\"Copasa\",\"Ricardo Dias\"],\"articleSection\":[\"Not\u00edcias\"],\"inLanguage\":\"pt-BR\",\"potentialAction\":[{\"@type\":\"CommentAction\",\"name\":\"Comment\",\"target\":[\"https:\\\/\\\/marcelolopes.jor.br\\\/site\\\/2019\\\/10\\\/22\\\/ricardo-dias-quer-que-prefeito-cumpra-decisao-da-cei-da-copasa\\\/#respond\"]}]},{\"@type\":\"WebPage\",\"@id\":\"https:\\\/\\\/marcelolopes.jor.br\\\/site\\\/2019\\\/10\\\/22\\\/ricardo-dias-quer-que-prefeito-cumpra-decisao-da-cei-da-copasa\\\/\",\"url\":\"https:\\\/\\\/marcelolopes.jor.br\\\/site\\\/2019\\\/10\\\/22\\\/ricardo-dias-quer-que-prefeito-cumpra-decisao-da-cei-da-copasa\\\/\",\"name\":\"Ricardo Dias quer que prefeito cumpra decis\u00e3o da CEI da Copasa | Marcelo Lopes\",\"isPartOf\":{\"@id\":\"https:\\\/\\\/marcelolopes.jor.br\\\/site\\\/#website\"},\"primaryImageOfPage\":{\"@id\":\"https:\\\/\\\/marcelolopes.jor.br\\\/site\\\/2019\\\/10\\\/22\\\/ricardo-dias-quer-que-prefeito-cumpra-decisao-da-cei-da-copasa\\\/#primaryimage\"},\"image\":{\"@id\":\"https:\\\/\\\/marcelolopes.jor.br\\\/site\\\/2019\\\/10\\\/22\\\/ricardo-dias-quer-que-prefeito-cumpra-decisao-da-cei-da-copasa\\\/#primaryimage\"},\"thumbnailUrl\":\"https:\\\/\\\/marcelolopes.jor.br\\\/site\\\/wp-content\\\/uploads\\\/2019\\\/10\\\/WhatsApp-Image-2019-10-22-at-17.35.41.jpeg\",\"datePublished\":\"2019-10-23T00:00:15+00:00\",\"dateModified\":\"2019-10-23T00:16:13+00:00\",\"breadcrumb\":{\"@id\":\"https:\\\/\\\/marcelolopes.jor.br\\\/site\\\/2019\\\/10\\\/22\\\/ricardo-dias-quer-que-prefeito-cumpra-decisao-da-cei-da-copasa\\\/#breadcrumb\"},\"inLanguage\":\"pt-BR\",\"potentialAction\":[{\"@type\":\"ReadAction\",\"target\":[\"https:\\\/\\\/marcelolopes.jor.br\\\/site\\\/2019\\\/10\\\/22\\\/ricardo-dias-quer-que-prefeito-cumpra-decisao-da-cei-da-copasa\\\/\"]}]},{\"@type\":\"ImageObject\",\"inLanguage\":\"pt-BR\",\"@id\":\"https:\\\/\\\/marcelolopes.jor.br\\\/site\\\/2019\\\/10\\\/22\\\/ricardo-dias-quer-que-prefeito-cumpra-decisao-da-cei-da-copasa\\\/#primaryimage\",\"url\":\"https:\\\/\\\/marcelolopes.jor.br\\\/site\\\/wp-content\\\/uploads\\\/2019\\\/10\\\/WhatsApp-Image-2019-10-22-at-17.35.41.jpeg\",\"contentUrl\":\"https:\\\/\\\/marcelolopes.jor.br\\\/site\\\/wp-content\\\/uploads\\\/2019\\\/10\\\/WhatsApp-Image-2019-10-22-at-17.35.41.jpeg\",\"width\":1024,\"height\":768},{\"@type\":\"BreadcrumbList\",\"@id\":\"https:\\\/\\\/marcelolopes.jor.br\\\/site\\\/2019\\\/10\\\/22\\\/ricardo-dias-quer-que-prefeito-cumpra-decisao-da-cei-da-copasa\\\/#breadcrumb\",\"itemListElement\":[{\"@type\":\"ListItem\",\"position\":1,\"name\":\"Home\",\"item\":\"https:\\\/\\\/marcelolopes.jor.br\\\/site\\\/\"},{\"@type\":\"ListItem\",\"position\":2,\"name\":\"Ricardo Dias quer que prefeito cumpra decis\u00e3o da CEI da Copasa\"}]},{\"@type\":\"WebSite\",\"@id\":\"https:\\\/\\\/marcelolopes.jor.br\\\/site\\\/#website\",\"url\":\"https:\\\/\\\/marcelolopes.jor.br\\\/site\\\/\",\"name\":\"Marcelo Lopes\",\"description\":\"Not\u00edcias de Cataguases e Regi\u00e3o\",\"publisher\":{\"@id\":\"https:\\\/\\\/marcelolopes.jor.br\\\/site\\\/#organization\"},\"potentialAction\":[{\"@type\":\"SearchAction\",\"target\":{\"@type\":\"EntryPoint\",\"urlTemplate\":\"https:\\\/\\\/marcelolopes.jor.br\\\/site\\\/?s={search_term_string}\"},\"query-input\":{\"@type\":\"PropertyValueSpecification\",\"valueRequired\":true,\"valueName\":\"search_term_string\"}}],\"inLanguage\":\"pt-BR\"},{\"@type\":\"Organization\",\"@id\":\"https:\\\/\\\/marcelolopes.jor.br\\\/site\\\/#organization\",\"name\":\"Site do Marcelo Lopes\",\"url\":\"https:\\\/\\\/marcelolopes.jor.br\\\/site\\\/\",\"logo\":{\"@type\":\"ImageObject\",\"inLanguage\":\"pt-BR\",\"@id\":\"https:\\\/\\\/marcelolopes.jor.br\\\/site\\\/#\\\/schema\\\/logo\\\/image\\\/\",\"url\":\"https:\\\/\\\/marcelolopes.jor.br\\\/site\\\/wp-content\\\/uploads\\\/2024\\\/11\\\/logo-1.png\",\"contentUrl\":\"https:\\\/\\\/marcelolopes.jor.br\\\/site\\\/wp-content\\\/uploads\\\/2024\\\/11\\\/logo-1.png\",\"width\":475,\"height\":80,\"caption\":\"Site do Marcelo Lopes\"},\"image\":{\"@id\":\"https:\\\/\\\/marcelolopes.jor.br\\\/site\\\/#\\\/schema\\\/logo\\\/image\\\/\"},\"sameAs\":[\"https:\\\/\\\/www.facebook.com\\\/sitedomarcelolopes\",\"https:\\\/\\\/www.instagram.com\\\/sitedomarcelolopes\\\/\",\"https:\\\/\\\/www.linkedin.com\\\/company\\\/site-do-marcelo-lopes\\\/\",\"https:\\\/\\\/www.youtube.com\\\/user\\\/marcelolopes957\"]},{\"@type\":\"Person\",\"@id\":\"https:\\\/\\\/marcelolopes.jor.br\\\/site\\\/#\\\/schema\\\/person\\\/3e7216a35c34d8fdf952b31da3d1f89f\",\"name\":\"Marcelo Lopes\",\"sameAs\":[\"http:\\\/\\\/www.marcelolopes.jor.br\"],\"url\":\"https:\\\/\\\/marcelolopes.jor.br\\\/site\\\/author\\\/marcelo\\\/\"}]}<\/script>\n<!-- \/ Yoast SEO plugin. -->","yoast_head_json":{"title":"Ricardo Dias quer que prefeito cumpra decis\u00e3o da CEI da Copasa | Marcelo Lopes","robots":{"index":"index","follow":"follow","max-snippet":"max-snippet:-1","max-image-preview":"max-image-preview:large","max-video-preview":"max-video-preview:-1"},"canonical":"https:\/\/marcelolopes.jor.br\/site\/2019\/10\/22\/ricardo-dias-quer-que-prefeito-cumpra-decisao-da-cei-da-copasa\/","og_locale":"pt_BR","og_type":"article","og_title":"Ricardo Dias quer que prefeito cumpra decis\u00e3o da CEI da Copasa | Marcelo Lopes","og_description":"O presidente da C\u00e2mara Municipal de Cataguases, vereador Ricardo Dias, baixou, no final da tarde desta ter\u00e7a-feira, 22 de outubro, Ato Administrativo (n\u00ba 09\/2019) nesta ter\u00e7a-feira, 22, recomendando que o prefeito de Cataguases, Willian Lobo de Almeida tome as provid\u00eanciasLeia mais Ricardo Dias quer que prefeito cumpra decis\u00e3o da CEI da Copasa","og_url":"https:\/\/marcelolopes.jor.br\/site\/2019\/10\/22\/ricardo-dias-quer-que-prefeito-cumpra-decisao-da-cei-da-copasa\/","og_site_name":"Marcelo Lopes","article_publisher":"https:\/\/www.facebook.com\/sitedomarcelolopes","article_published_time":"2019-10-23T00:00:15+00:00","article_modified_time":"2019-10-23T00:16:13+00:00","og_image":[{"width":1024,"height":768,"url":"https:\/\/marcelolopes.jor.br\/site\/wp-content\/uploads\/2019\/10\/WhatsApp-Image-2019-10-22-at-17.35.41.jpeg","type":"image\/jpeg"}],"author":"Marcelo Lopes","twitter_card":"summary_large_image","twitter_misc":{"Escrito por":"Marcelo Lopes","Est. tempo de leitura":"2 minutos"},"schema":{"@context":"https:\/\/schema.org","@graph":[{"@type":"NewsArticle","@id":"https:\/\/marcelolopes.jor.br\/site\/2019\/10\/22\/ricardo-dias-quer-que-prefeito-cumpra-decisao-da-cei-da-copasa\/#article","isPartOf":{"@id":"https:\/\/marcelolopes.jor.br\/site\/2019\/10\/22\/ricardo-dias-quer-que-prefeito-cumpra-decisao-da-cei-da-copasa\/"},"author":{"name":"Marcelo Lopes","@id":"https:\/\/marcelolopes.jor.br\/site\/#\/schema\/person\/3e7216a35c34d8fdf952b31da3d1f89f"},"headline":"Ricardo Dias quer que prefeito cumpra decis\u00e3o da CEI da Copasa","datePublished":"2019-10-23T00:00:15+00:00","dateModified":"2019-10-23T00:16:13+00:00","mainEntityOfPage":{"@id":"https:\/\/marcelolopes.jor.br\/site\/2019\/10\/22\/ricardo-dias-quer-que-prefeito-cumpra-decisao-da-cei-da-copasa\/"},"wordCount":387,"commentCount":0,"publisher":{"@id":"https:\/\/marcelolopes.jor.br\/site\/#organization"},"image":{"@id":"https:\/\/marcelolopes.jor.br\/site\/2019\/10\/22\/ricardo-dias-quer-que-prefeito-cumpra-decisao-da-cei-da-copasa\/#primaryimage"},"thumbnailUrl":"https:\/\/marcelolopes.jor.br\/site\/wp-content\/uploads\/2019\/10\/WhatsApp-Image-2019-10-22-at-17.35.41.jpeg","keywords":["Ato Administrativo","C\u00e2mara Municipal","Copasa","Ricardo Dias"],"articleSection":["Not\u00edcias"],"inLanguage":"pt-BR","potentialAction":[{"@type":"CommentAction","name":"Comment","target":["https:\/\/marcelolopes.jor.br\/site\/2019\/10\/22\/ricardo-dias-quer-que-prefeito-cumpra-decisao-da-cei-da-copasa\/#respond"]}]},{"@type":"WebPage","@id":"https:\/\/marcelolopes.jor.br\/site\/2019\/10\/22\/ricardo-dias-quer-que-prefeito-cumpra-decisao-da-cei-da-copasa\/","url":"https:\/\/marcelolopes.jor.br\/site\/2019\/10\/22\/ricardo-dias-quer-que-prefeito-cumpra-decisao-da-cei-da-copasa\/","name":"Ricardo Dias quer que prefeito cumpra decis\u00e3o da CEI da Copasa | Marcelo Lopes","isPartOf":{"@id":"https:\/\/marcelolopes.jor.br\/site\/#website"},"primaryImageOfPage":{"@id":"https:\/\/marcelolopes.jor.br\/site\/2019\/10\/22\/ricardo-dias-quer-que-prefeito-cumpra-decisao-da-cei-da-copasa\/#primaryimage"},"image":{"@id":"https:\/\/marcelolopes.jor.br\/site\/2019\/10\/22\/ricardo-dias-quer-que-prefeito-cumpra-decisao-da-cei-da-copasa\/#primaryimage"},"thumbnailUrl":"https:\/\/marcelolopes.jor.br\/site\/wp-content\/uploads\/2019\/10\/WhatsApp-Image-2019-10-22-at-17.35.41.jpeg","datePublished":"2019-10-23T00:00:15+00:00","dateModified":"2019-10-23T00:16:13+00:00","breadcrumb":{"@id":"https:\/\/marcelolopes.jor.br\/site\/2019\/10\/22\/ricardo-dias-quer-que-prefeito-cumpra-decisao-da-cei-da-copasa\/#breadcrumb"},"inLanguage":"pt-BR","potentialAction":[{"@type":"ReadAction","target":["https:\/\/marcelolopes.jor.br\/site\/2019\/10\/22\/ricardo-dias-quer-que-prefeito-cumpra-decisao-da-cei-da-copasa\/"]}]},{"@type":"ImageObject","inLanguage":"pt-BR","@id":"https:\/\/marcelolopes.jor.br\/site\/2019\/10\/22\/ricardo-dias-quer-que-prefeito-cumpra-decisao-da-cei-da-copasa\/#primaryimage","url":"https:\/\/marcelolopes.jor.br\/site\/wp-content\/uploads\/2019\/10\/WhatsApp-Image-2019-10-22-at-17.35.41.jpeg","contentUrl":"https:\/\/marcelolopes.jor.br\/site\/wp-content\/uploads\/2019\/10\/WhatsApp-Image-2019-10-22-at-17.35.41.jpeg","width":1024,"height":768},{"@type":"BreadcrumbList","@id":"https:\/\/marcelolopes.jor.br\/site\/2019\/10\/22\/ricardo-dias-quer-que-prefeito-cumpra-decisao-da-cei-da-copasa\/#breadcrumb","itemListElement":[{"@type":"ListItem","position":1,"name":"Home","item":"https:\/\/marcelolopes.jor.br\/site\/"},{"@type":"ListItem","position":2,"name":"Ricardo Dias quer que prefeito cumpra decis\u00e3o da CEI da Copasa"}]},{"@type":"WebSite","@id":"https:\/\/marcelolopes.jor.br\/site\/#website","url":"https:\/\/marcelolopes.jor.br\/site\/","name":"Marcelo Lopes","description":"Not\u00edcias de Cataguases e Regi\u00e3o","publisher":{"@id":"https:\/\/marcelolopes.jor.br\/site\/#organization"},"potentialAction":[{"@type":"SearchAction","target":{"@type":"EntryPoint","urlTemplate":"https:\/\/marcelolopes.jor.br\/site\/?s={search_term_string}"},"query-input":{"@type":"PropertyValueSpecification","valueRequired":true,"valueName":"search_term_string"}}],"inLanguage":"pt-BR"},{"@type":"Organization","@id":"https:\/\/marcelolopes.jor.br\/site\/#organization","name":"Site do Marcelo Lopes","url":"https:\/\/marcelolopes.jor.br\/site\/","logo":{"@type":"ImageObject","inLanguage":"pt-BR","@id":"https:\/\/marcelolopes.jor.br\/site\/#\/schema\/logo\/image\/","url":"https:\/\/marcelolopes.jor.br\/site\/wp-content\/uploads\/2024\/11\/logo-1.png","contentUrl":"https:\/\/marcelolopes.jor.br\/site\/wp-content\/uploads\/2024\/11\/logo-1.png","width":475,"height":80,"caption":"Site do Marcelo Lopes"},"image":{"@id":"https:\/\/marcelolopes.jor.br\/site\/#\/schema\/logo\/image\/"},"sameAs":["https:\/\/www.facebook.com\/sitedomarcelolopes","https:\/\/www.instagram.com\/sitedomarcelolopes\/","https:\/\/www.linkedin.com\/company\/site-do-marcelo-lopes\/","https:\/\/www.youtube.com\/user\/marcelolopes957"]},{"@type":"Person","@id":"https:\/\/marcelolopes.jor.br\/site\/#\/schema\/person\/3e7216a35c34d8fdf952b31da3d1f89f","name":"Marcelo Lopes","sameAs":["http:\/\/www.marcelolopes.jor.br"],"url":"https:\/\/marcelolopes.jor.br\/site\/author\/marcelo\/"}]}},"wps_subtitle":"Ele baixou Ato Administrativo solicitando a paralisa\u00e7\u00e3o da cobran\u00e7a de taxa pela Copasa","_links":{"self":[{"href":"https:\/\/marcelolopes.jor.br\/site\/wp-json\/wp\/v2\/posts\/7151","targetHints":{"allow":["GET"]}}],"collection":[{"href":"https:\/\/marcelolopes.jor.br\/site\/wp-json\/wp\/v2\/posts"}],"about":[{"href":"https:\/\/marcelolopes.jor.br\/site\/wp-json\/wp\/v2\/types\/post"}],"author":[{"embeddable":true,"href":"https:\/\/marcelolopes.jor.br\/site\/wp-json\/wp\/v2\/users\/2"}],"replies":[{"embeddable":true,"href":"https:\/\/marcelolopes.jor.br\/site\/wp-json\/wp\/v2\/comments?post=7151"}],"version-history":[{"count":0,"href":"https:\/\/marcelolopes.jor.br\/site\/wp-json\/wp\/v2\/posts\/7151\/revisions"}],"wp:featuredmedia":[{"embeddable":true,"href":"https:\/\/marcelolopes.jor.br\/site\/wp-json\/wp\/v2\/media\/7153"}],"wp:attachment":[{"href":"https:\/\/marcelolopes.jor.br\/site\/wp-json\/wp\/v2\/media?parent=7151"}],"wp:term":[{"taxonomy":"category","embeddable":true,"href":"https:\/\/marcelolopes.jor.br\/site\/wp-json\/wp\/v2\/categories?post=7151"},{"taxonomy":"post_tag","embeddable":true,"href":"https:\/\/marcelolopes.jor.br\/site\/wp-json\/wp\/v2\/tags?post=7151"}],"curies":[{"name":"wp","href":"https:\/\/api.w.org\/{rel}","templated":true}]}}