{"id":7004,"date":"2019-10-18T10:46:41","date_gmt":"2019-10-18T13:46:41","guid":{"rendered":"https:\/\/marcelolopes.jor.br\/?p=7004"},"modified":"2019-10-18T10:46:41","modified_gmt":"2019-10-18T13:46:41","slug":"policia-militar-cumpre-ordem-judicial-e-apreende-adolescente","status":"publish","type":"post","link":"https:\/\/marcelolopes.jor.br\/site\/2019\/10\/18\/policia-militar-cumpre-ordem-judicial-e-apreende-adolescente\/","title":{"rendered":"Policia Militar cumpre ordem judicial e apreende adolescente"},"content":{"rendered":"<p style=\"text-align: justify;\">A Pol\u00edcia Militar, cumpriu nesta manh\u00e3 de sexta feira, 18 de outubro, mandado de busca e apreens\u00e3o de adolescente no Bairro Leonardo, em Cataguases. Segundo a PM, ele est\u00e1 envolvido em diversas ocorr\u00eancias policiais, inclusive, algumas de disparo de arma de fogo ocorridas em bairros vizinhos.<!--more--><\/p>\n<p style=\"text-align: justify;\">O mandado foi expedido pelo juiz de direito, Felipe Cancela J\u00fanior, com apoio do promotor de justi\u00e7a, Gustavo Garcia Ara\u00fajo, ambos da Vara da Inf\u00e2ncia e da Juventude da comarca de Cataguases.<\/p>\n<p style=\"text-align: justify;\">Ap\u00f3s a a\u00e7\u00e3o conjunta com troca de informa\u00e7\u00f5es entre as pol\u00edcias Militar e Civil, foi poss\u00edvel, conforme explicou o major Willian Machado, que coordenou a a\u00e7\u00e3o, &#8220;uma atua\u00e7\u00e3o mais cir\u00fargica dentro deste programa Minas Segura, implantado pelo comando da institui\u00e7\u00e3o, e que est\u00e1 sendo desenvolvida no m\u00eas de outubro&#8221;, explicou.<\/p>\n<p style=\"text-align: justify;\">A apreens\u00e3o do adolescente teve por objetivo cumprir uma decis\u00e3o judicial que visa a manuten\u00e7\u00e3o da ordem p\u00fablica, uma vez que o jovem estaria envolvido em atos infracionais desde o in\u00edcio do ano, revelou o major Willian, que completou: &#8220;Ele seria ainda o principal suspeito de estar aterrorizando moradores de bairros vizinhos.&#8221;<\/p>\n<p>Durante a opera\u00e7\u00e3o diversos materiais foram apreendidos. O adolescente ser\u00e1 encaminhado para a cidade de Juiz de Fora onde ficar\u00e1 a disposi\u00e7\u00e3o da justi\u00e7a, em estabelecimento apropriado.<\/p>\n<div class=\"ciehp69f7502f8542d\" ><br><\/div><style type=\"text\/css\">\r\n@media screen and (min-width: 1201px) {\r\n.ciehp69f7502f8542d {\r\ndisplay: block;\r\n}\r\n}\r\n@media screen and (min-width: 993px) and (max-width: 1200px) {\r\n.ciehp69f7502f8542d {\r\ndisplay: block;\r\n}\r\n}\r\n@media screen and (min-width: 769px) and (max-width: 992px) {\r\n.ciehp69f7502f8542d {\r\ndisplay: block;\r\n}\r\n}\r\n@media screen and (min-width: 768px) and (max-width: 768px) {\r\n.ciehp69f7502f8542d {\r\ndisplay: block;\r\n}\r\n}\r\n@media screen and (max-width: 767px) {\r\n.ciehp69f7502f8542d {\r\ndisplay: block;\r\n}\r\n}\r\n<\/style>\r\n<div class=\"npbkq69f7502f8b152\" ><div id=\"div_destino\"><\/div>\r\n<script src=\"https:\/\/cdn.snsrsv.com\/sdk.js\"><\/script>\r\n<script >\r\n      new sdk(\"464030C30061EA8BE065000000000001\") \r\n          .appendTo(\"div_destino\")\r\n          .disableStyle(true) \r\n          .setCacheBusterMacro(\"%%CACHEBUSTER%%\")\r\n          .setSize(\"800\",\"214\")\r\n          .setClickMacro(\"%%CLICK_URL_ESC%%\") \r\n          .setReferrerUrlMacro(\"%%REFERRER_URL_ESC%%\") \r\n          .start(); \r\n<\/script><\/div><style type=\"text\/css\">\r\n@media screen and (min-width: 1201px) {\r\n.npbkq69f7502f8b152 {\r\ndisplay: block;\r\n}\r\n}\r\n@media screen and (min-width: 993px) and (max-width: 1200px) {\r\n.npbkq69f7502f8b152 {\r\ndisplay: block;\r\n}\r\n}\r\n@media screen and (min-width: 769px) and (max-width: 992px) {\r\n.npbkq69f7502f8b152 {\r\ndisplay: block;\r\n}\r\n}\r\n@media screen and (min-width: 768px) and (max-width: 768px) {\r\n.npbkq69f7502f8b152 {\r\ndisplay: block;\r\n}\r\n}\r\n@media screen and (max-width: 767px) {\r\n.npbkq69f7502f8b152 {\r\ndisplay: block;\r\n}\r\n}\r\n<\/style>\r\n","protected":false},"excerpt":{"rendered":"<p>A Pol\u00edcia Militar, cumpriu nesta manh\u00e3 de sexta feira, 18 de outubro, mandado de busca e apreens\u00e3o de adolescente no Bairro Leonardo, em Cataguases. Segundo a PM, ele est\u00e1 envolvido em diversas ocorr\u00eancias policiais, inclusive, algumas de disparo de arma<\/p>\n<p class=\"link-more\"><a class=\"more-link\" href=\"https:\/\/marcelolopes.jor.br\/site\/2019\/10\/18\/policia-militar-cumpre-ordem-judicial-e-apreende-adolescente\/\">Leia mais <span class=\"screen-reader-text\">Policia Militar cumpre ordem judicial e apreende adolescente<\/span><\/a><\/p>\n","protected":false},"author":2,"featured_media":7006,"comment_status":"open","ping_status":"open","sticky":false,"template":"","format":"standard","meta":{"footnotes":""},"categories":[1],"tags":[246,139,145,1166],"class_list":["post-7004","post","type-post","status-publish","format-standard","has-post-thumbnail","hentry","category-noticias","tag-adolescente","tag-apreensao","tag-justica","tag-mandado-de-busca-e-apreensao","thumb-below-title"],"yoast_head":"<!-- This site is optimized with the Yoast SEO plugin v27.4 - https:\/\/yoast.com\/product\/yoast-seo-wordpress\/ -->\n<title>Policia Militar cumpre ordem judicial e apreende adolescente | Marcelo Lopes<\/title>\n<meta name=\"robots\" content=\"index, follow, max-snippet:-1, max-image-preview:large, max-video-preview:-1\" \/>\n<link rel=\"canonical\" href=\"https:\/\/marcelolopes.jor.br\/site\/2019\/10\/18\/policia-militar-cumpre-ordem-judicial-e-apreende-adolescente\/\" \/>\n<meta property=\"og:locale\" content=\"pt_BR\" \/>\n<meta property=\"og:type\" content=\"article\" \/>\n<meta property=\"og:title\" content=\"Policia Militar cumpre ordem judicial e apreende adolescente | Marcelo Lopes\" \/>\n<meta property=\"og:description\" content=\"A Pol\u00edcia Militar, cumpriu nesta manh\u00e3 de sexta feira, 18 de outubro, mandado de busca e apreens\u00e3o de adolescente no Bairro Leonardo, em Cataguases. Segundo a PM, ele est\u00e1 envolvido em diversas ocorr\u00eancias policiais, inclusive, algumas de disparo de armaLeia mais Policia Militar cumpre ordem judicial e apreende adolescente\" \/>\n<meta property=\"og:url\" content=\"https:\/\/marcelolopes.jor.br\/site\/2019\/10\/18\/policia-militar-cumpre-ordem-judicial-e-apreende-adolescente\/\" \/>\n<meta property=\"og:site_name\" content=\"Marcelo Lopes\" \/>\n<meta property=\"article:publisher\" content=\"https:\/\/www.facebook.com\/sitedomarcelolopes\" \/>\n<meta property=\"article:published_time\" content=\"2019-10-18T13:46:41+00:00\" \/>\n<meta property=\"og:image\" content=\"https:\/\/marcelolopes.jor.br\/site\/wp-content\/uploads\/2019\/10\/WhatsApp-Image-2019-10-18-at-10.26.09.jpeg\" \/>\n\t<meta property=\"og:image:width\" content=\"1032\" \/>\n\t<meta property=\"og:image:height\" content=\"581\" \/>\n\t<meta property=\"og:image:type\" content=\"image\/jpeg\" \/>\n<meta name=\"author\" content=\"Marcelo Lopes\" \/>\n<meta name=\"twitter:card\" content=\"summary_large_image\" \/>\n<meta name=\"twitter:label1\" content=\"Escrito por\" \/>\n\t<meta name=\"twitter:data1\" content=\"Marcelo Lopes\" \/>\n\t<meta name=\"twitter:label2\" content=\"Est. tempo de leitura\" \/>\n\t<meta name=\"twitter:data2\" content=\"1 minuto\" \/>\n<script type=\"application\/ld+json\" class=\"yoast-schema-graph\">{\"@context\":\"https:\\\/\\\/schema.org\",\"@graph\":[{\"@type\":\"NewsArticle\",\"@id\":\"https:\\\/\\\/marcelolopes.jor.br\\\/site\\\/2019\\\/10\\\/18\\\/policia-militar-cumpre-ordem-judicial-e-apreende-adolescente\\\/#article\",\"isPartOf\":{\"@id\":\"https:\\\/\\\/marcelolopes.jor.br\\\/site\\\/2019\\\/10\\\/18\\\/policia-militar-cumpre-ordem-judicial-e-apreende-adolescente\\\/\"},\"author\":{\"name\":\"Marcelo Lopes\",\"@id\":\"https:\\\/\\\/marcelolopes.jor.br\\\/site\\\/#\\\/schema\\\/person\\\/3e7216a35c34d8fdf952b31da3d1f89f\"},\"headline\":\"Policia Militar cumpre ordem judicial e apreende adolescente\",\"datePublished\":\"2019-10-18T13:46:41+00:00\",\"mainEntityOfPage\":{\"@id\":\"https:\\\/\\\/marcelolopes.jor.br\\\/site\\\/2019\\\/10\\\/18\\\/policia-militar-cumpre-ordem-judicial-e-apreende-adolescente\\\/\"},\"wordCount\":239,\"commentCount\":0,\"publisher\":{\"@id\":\"https:\\\/\\\/marcelolopes.jor.br\\\/site\\\/#organization\"},\"image\":{\"@id\":\"https:\\\/\\\/marcelolopes.jor.br\\\/site\\\/2019\\\/10\\\/18\\\/policia-militar-cumpre-ordem-judicial-e-apreende-adolescente\\\/#primaryimage\"},\"thumbnailUrl\":\"https:\\\/\\\/marcelolopes.jor.br\\\/site\\\/wp-content\\\/uploads\\\/2019\\\/10\\\/WhatsApp-Image-2019-10-18-at-10.26.09.jpeg\",\"keywords\":[\"adolescente\",\"apreens\u00e3o\",\"justi\u00e7a\",\"mandado de busca e apreens\u00e3o\"],\"articleSection\":[\"Not\u00edcias\"],\"inLanguage\":\"pt-BR\",\"potentialAction\":[{\"@type\":\"CommentAction\",\"name\":\"Comment\",\"target\":[\"https:\\\/\\\/marcelolopes.jor.br\\\/site\\\/2019\\\/10\\\/18\\\/policia-militar-cumpre-ordem-judicial-e-apreende-adolescente\\\/#respond\"]}]},{\"@type\":\"WebPage\",\"@id\":\"https:\\\/\\\/marcelolopes.jor.br\\\/site\\\/2019\\\/10\\\/18\\\/policia-militar-cumpre-ordem-judicial-e-apreende-adolescente\\\/\",\"url\":\"https:\\\/\\\/marcelolopes.jor.br\\\/site\\\/2019\\\/10\\\/18\\\/policia-militar-cumpre-ordem-judicial-e-apreende-adolescente\\\/\",\"name\":\"Policia Militar cumpre ordem judicial e apreende adolescente | Marcelo Lopes\",\"isPartOf\":{\"@id\":\"https:\\\/\\\/marcelolopes.jor.br\\\/site\\\/#website\"},\"primaryImageOfPage\":{\"@id\":\"https:\\\/\\\/marcelolopes.jor.br\\\/site\\\/2019\\\/10\\\/18\\\/policia-militar-cumpre-ordem-judicial-e-apreende-adolescente\\\/#primaryimage\"},\"image\":{\"@id\":\"https:\\\/\\\/marcelolopes.jor.br\\\/site\\\/2019\\\/10\\\/18\\\/policia-militar-cumpre-ordem-judicial-e-apreende-adolescente\\\/#primaryimage\"},\"thumbnailUrl\":\"https:\\\/\\\/marcelolopes.jor.br\\\/site\\\/wp-content\\\/uploads\\\/2019\\\/10\\\/WhatsApp-Image-2019-10-18-at-10.26.09.jpeg\",\"datePublished\":\"2019-10-18T13:46:41+00:00\",\"breadcrumb\":{\"@id\":\"https:\\\/\\\/marcelolopes.jor.br\\\/site\\\/2019\\\/10\\\/18\\\/policia-militar-cumpre-ordem-judicial-e-apreende-adolescente\\\/#breadcrumb\"},\"inLanguage\":\"pt-BR\",\"potentialAction\":[{\"@type\":\"ReadAction\",\"target\":[\"https:\\\/\\\/marcelolopes.jor.br\\\/site\\\/2019\\\/10\\\/18\\\/policia-militar-cumpre-ordem-judicial-e-apreende-adolescente\\\/\"]}]},{\"@type\":\"ImageObject\",\"inLanguage\":\"pt-BR\",\"@id\":\"https:\\\/\\\/marcelolopes.jor.br\\\/site\\\/2019\\\/10\\\/18\\\/policia-militar-cumpre-ordem-judicial-e-apreende-adolescente\\\/#primaryimage\",\"url\":\"https:\\\/\\\/marcelolopes.jor.br\\\/site\\\/wp-content\\\/uploads\\\/2019\\\/10\\\/WhatsApp-Image-2019-10-18-at-10.26.09.jpeg\",\"contentUrl\":\"https:\\\/\\\/marcelolopes.jor.br\\\/site\\\/wp-content\\\/uploads\\\/2019\\\/10\\\/WhatsApp-Image-2019-10-18-at-10.26.09.jpeg\",\"width\":1032,\"height\":581},{\"@type\":\"BreadcrumbList\",\"@id\":\"https:\\\/\\\/marcelolopes.jor.br\\\/site\\\/2019\\\/10\\\/18\\\/policia-militar-cumpre-ordem-judicial-e-apreende-adolescente\\\/#breadcrumb\",\"itemListElement\":[{\"@type\":\"ListItem\",\"position\":1,\"name\":\"Home\",\"item\":\"https:\\\/\\\/marcelolopes.jor.br\\\/site\\\/\"},{\"@type\":\"ListItem\",\"position\":2,\"name\":\"Policia Militar cumpre ordem judicial e apreende adolescente\"}]},{\"@type\":\"WebSite\",\"@id\":\"https:\\\/\\\/marcelolopes.jor.br\\\/site\\\/#website\",\"url\":\"https:\\\/\\\/marcelolopes.jor.br\\\/site\\\/\",\"name\":\"Marcelo Lopes\",\"description\":\"Not\u00edcias de Cataguases e Regi\u00e3o\",\"publisher\":{\"@id\":\"https:\\\/\\\/marcelolopes.jor.br\\\/site\\\/#organization\"},\"potentialAction\":[{\"@type\":\"SearchAction\",\"target\":{\"@type\":\"EntryPoint\",\"urlTemplate\":\"https:\\\/\\\/marcelolopes.jor.br\\\/site\\\/?s={search_term_string}\"},\"query-input\":{\"@type\":\"PropertyValueSpecification\",\"valueRequired\":true,\"valueName\":\"search_term_string\"}}],\"inLanguage\":\"pt-BR\"},{\"@type\":\"Organization\",\"@id\":\"https:\\\/\\\/marcelolopes.jor.br\\\/site\\\/#organization\",\"name\":\"Site do Marcelo Lopes\",\"url\":\"https:\\\/\\\/marcelolopes.jor.br\\\/site\\\/\",\"logo\":{\"@type\":\"ImageObject\",\"inLanguage\":\"pt-BR\",\"@id\":\"https:\\\/\\\/marcelolopes.jor.br\\\/site\\\/#\\\/schema\\\/logo\\\/image\\\/\",\"url\":\"https:\\\/\\\/marcelolopes.jor.br\\\/site\\\/wp-content\\\/uploads\\\/2024\\\/11\\\/logo-1.png\",\"contentUrl\":\"https:\\\/\\\/marcelolopes.jor.br\\\/site\\\/wp-content\\\/uploads\\\/2024\\\/11\\\/logo-1.png\",\"width\":475,\"height\":80,\"caption\":\"Site do Marcelo Lopes\"},\"image\":{\"@id\":\"https:\\\/\\\/marcelolopes.jor.br\\\/site\\\/#\\\/schema\\\/logo\\\/image\\\/\"},\"sameAs\":[\"https:\\\/\\\/www.facebook.com\\\/sitedomarcelolopes\",\"https:\\\/\\\/www.instagram.com\\\/sitedomarcelolopes\\\/\",\"https:\\\/\\\/www.linkedin.com\\\/company\\\/site-do-marcelo-lopes\\\/\",\"https:\\\/\\\/www.youtube.com\\\/user\\\/marcelolopes957\"]},{\"@type\":\"Person\",\"@id\":\"https:\\\/\\\/marcelolopes.jor.br\\\/site\\\/#\\\/schema\\\/person\\\/3e7216a35c34d8fdf952b31da3d1f89f\",\"name\":\"Marcelo Lopes\",\"sameAs\":[\"http:\\\/\\\/www.marcelolopes.jor.br\"],\"url\":\"https:\\\/\\\/marcelolopes.jor.br\\\/site\\\/author\\\/marcelo\\\/\"}]}<\/script>\n<!-- \/ Yoast SEO plugin. -->","yoast_head_json":{"title":"Policia Militar cumpre ordem judicial e apreende adolescente | Marcelo Lopes","robots":{"index":"index","follow":"follow","max-snippet":"max-snippet:-1","max-image-preview":"max-image-preview:large","max-video-preview":"max-video-preview:-1"},"canonical":"https:\/\/marcelolopes.jor.br\/site\/2019\/10\/18\/policia-militar-cumpre-ordem-judicial-e-apreende-adolescente\/","og_locale":"pt_BR","og_type":"article","og_title":"Policia Militar cumpre ordem judicial e apreende adolescente | Marcelo Lopes","og_description":"A Pol\u00edcia Militar, cumpriu nesta manh\u00e3 de sexta feira, 18 de outubro, mandado de busca e apreens\u00e3o de adolescente no Bairro Leonardo, em Cataguases. Segundo a PM, ele est\u00e1 envolvido em diversas ocorr\u00eancias policiais, inclusive, algumas de disparo de armaLeia mais Policia Militar cumpre ordem judicial e apreende adolescente","og_url":"https:\/\/marcelolopes.jor.br\/site\/2019\/10\/18\/policia-militar-cumpre-ordem-judicial-e-apreende-adolescente\/","og_site_name":"Marcelo Lopes","article_publisher":"https:\/\/www.facebook.com\/sitedomarcelolopes","article_published_time":"2019-10-18T13:46:41+00:00","og_image":[{"width":1032,"height":581,"url":"https:\/\/marcelolopes.jor.br\/site\/wp-content\/uploads\/2019\/10\/WhatsApp-Image-2019-10-18-at-10.26.09.jpeg","type":"image\/jpeg"}],"author":"Marcelo Lopes","twitter_card":"summary_large_image","twitter_misc":{"Escrito por":"Marcelo Lopes","Est. tempo de leitura":"1 minuto"},"schema":{"@context":"https:\/\/schema.org","@graph":[{"@type":"NewsArticle","@id":"https:\/\/marcelolopes.jor.br\/site\/2019\/10\/18\/policia-militar-cumpre-ordem-judicial-e-apreende-adolescente\/#article","isPartOf":{"@id":"https:\/\/marcelolopes.jor.br\/site\/2019\/10\/18\/policia-militar-cumpre-ordem-judicial-e-apreende-adolescente\/"},"author":{"name":"Marcelo Lopes","@id":"https:\/\/marcelolopes.jor.br\/site\/#\/schema\/person\/3e7216a35c34d8fdf952b31da3d1f89f"},"headline":"Policia Militar cumpre ordem judicial e apreende adolescente","datePublished":"2019-10-18T13:46:41+00:00","mainEntityOfPage":{"@id":"https:\/\/marcelolopes.jor.br\/site\/2019\/10\/18\/policia-militar-cumpre-ordem-judicial-e-apreende-adolescente\/"},"wordCount":239,"commentCount":0,"publisher":{"@id":"https:\/\/marcelolopes.jor.br\/site\/#organization"},"image":{"@id":"https:\/\/marcelolopes.jor.br\/site\/2019\/10\/18\/policia-militar-cumpre-ordem-judicial-e-apreende-adolescente\/#primaryimage"},"thumbnailUrl":"https:\/\/marcelolopes.jor.br\/site\/wp-content\/uploads\/2019\/10\/WhatsApp-Image-2019-10-18-at-10.26.09.jpeg","keywords":["adolescente","apreens\u00e3o","justi\u00e7a","mandado de busca e apreens\u00e3o"],"articleSection":["Not\u00edcias"],"inLanguage":"pt-BR","potentialAction":[{"@type":"CommentAction","name":"Comment","target":["https:\/\/marcelolopes.jor.br\/site\/2019\/10\/18\/policia-militar-cumpre-ordem-judicial-e-apreende-adolescente\/#respond"]}]},{"@type":"WebPage","@id":"https:\/\/marcelolopes.jor.br\/site\/2019\/10\/18\/policia-militar-cumpre-ordem-judicial-e-apreende-adolescente\/","url":"https:\/\/marcelolopes.jor.br\/site\/2019\/10\/18\/policia-militar-cumpre-ordem-judicial-e-apreende-adolescente\/","name":"Policia Militar cumpre ordem judicial e apreende adolescente | Marcelo Lopes","isPartOf":{"@id":"https:\/\/marcelolopes.jor.br\/site\/#website"},"primaryImageOfPage":{"@id":"https:\/\/marcelolopes.jor.br\/site\/2019\/10\/18\/policia-militar-cumpre-ordem-judicial-e-apreende-adolescente\/#primaryimage"},"image":{"@id":"https:\/\/marcelolopes.jor.br\/site\/2019\/10\/18\/policia-militar-cumpre-ordem-judicial-e-apreende-adolescente\/#primaryimage"},"thumbnailUrl":"https:\/\/marcelolopes.jor.br\/site\/wp-content\/uploads\/2019\/10\/WhatsApp-Image-2019-10-18-at-10.26.09.jpeg","datePublished":"2019-10-18T13:46:41+00:00","breadcrumb":{"@id":"https:\/\/marcelolopes.jor.br\/site\/2019\/10\/18\/policia-militar-cumpre-ordem-judicial-e-apreende-adolescente\/#breadcrumb"},"inLanguage":"pt-BR","potentialAction":[{"@type":"ReadAction","target":["https:\/\/marcelolopes.jor.br\/site\/2019\/10\/18\/policia-militar-cumpre-ordem-judicial-e-apreende-adolescente\/"]}]},{"@type":"ImageObject","inLanguage":"pt-BR","@id":"https:\/\/marcelolopes.jor.br\/site\/2019\/10\/18\/policia-militar-cumpre-ordem-judicial-e-apreende-adolescente\/#primaryimage","url":"https:\/\/marcelolopes.jor.br\/site\/wp-content\/uploads\/2019\/10\/WhatsApp-Image-2019-10-18-at-10.26.09.jpeg","contentUrl":"https:\/\/marcelolopes.jor.br\/site\/wp-content\/uploads\/2019\/10\/WhatsApp-Image-2019-10-18-at-10.26.09.jpeg","width":1032,"height":581},{"@type":"BreadcrumbList","@id":"https:\/\/marcelolopes.jor.br\/site\/2019\/10\/18\/policia-militar-cumpre-ordem-judicial-e-apreende-adolescente\/#breadcrumb","itemListElement":[{"@type":"ListItem","position":1,"name":"Home","item":"https:\/\/marcelolopes.jor.br\/site\/"},{"@type":"ListItem","position":2,"name":"Policia Militar cumpre ordem judicial e apreende adolescente"}]},{"@type":"WebSite","@id":"https:\/\/marcelolopes.jor.br\/site\/#website","url":"https:\/\/marcelolopes.jor.br\/site\/","name":"Marcelo Lopes","description":"Not\u00edcias de Cataguases e Regi\u00e3o","publisher":{"@id":"https:\/\/marcelolopes.jor.br\/site\/#organization"},"potentialAction":[{"@type":"SearchAction","target":{"@type":"EntryPoint","urlTemplate":"https:\/\/marcelolopes.jor.br\/site\/?s={search_term_string}"},"query-input":{"@type":"PropertyValueSpecification","valueRequired":true,"valueName":"search_term_string"}}],"inLanguage":"pt-BR"},{"@type":"Organization","@id":"https:\/\/marcelolopes.jor.br\/site\/#organization","name":"Site do Marcelo Lopes","url":"https:\/\/marcelolopes.jor.br\/site\/","logo":{"@type":"ImageObject","inLanguage":"pt-BR","@id":"https:\/\/marcelolopes.jor.br\/site\/#\/schema\/logo\/image\/","url":"https:\/\/marcelolopes.jor.br\/site\/wp-content\/uploads\/2024\/11\/logo-1.png","contentUrl":"https:\/\/marcelolopes.jor.br\/site\/wp-content\/uploads\/2024\/11\/logo-1.png","width":475,"height":80,"caption":"Site do Marcelo Lopes"},"image":{"@id":"https:\/\/marcelolopes.jor.br\/site\/#\/schema\/logo\/image\/"},"sameAs":["https:\/\/www.facebook.com\/sitedomarcelolopes","https:\/\/www.instagram.com\/sitedomarcelolopes\/","https:\/\/www.linkedin.com\/company\/site-do-marcelo-lopes\/","https:\/\/www.youtube.com\/user\/marcelolopes957"]},{"@type":"Person","@id":"https:\/\/marcelolopes.jor.br\/site\/#\/schema\/person\/3e7216a35c34d8fdf952b31da3d1f89f","name":"Marcelo Lopes","sameAs":["http:\/\/www.marcelolopes.jor.br"],"url":"https:\/\/marcelolopes.jor.br\/site\/author\/marcelo\/"}]}},"wps_subtitle":"PM informou que o jovem est\u00e1 envolvido em diversas ocorr\u00eancias policiais.","_links":{"self":[{"href":"https:\/\/marcelolopes.jor.br\/site\/wp-json\/wp\/v2\/posts\/7004","targetHints":{"allow":["GET"]}}],"collection":[{"href":"https:\/\/marcelolopes.jor.br\/site\/wp-json\/wp\/v2\/posts"}],"about":[{"href":"https:\/\/marcelolopes.jor.br\/site\/wp-json\/wp\/v2\/types\/post"}],"author":[{"embeddable":true,"href":"https:\/\/marcelolopes.jor.br\/site\/wp-json\/wp\/v2\/users\/2"}],"replies":[{"embeddable":true,"href":"https:\/\/marcelolopes.jor.br\/site\/wp-json\/wp\/v2\/comments?post=7004"}],"version-history":[{"count":0,"href":"https:\/\/marcelolopes.jor.br\/site\/wp-json\/wp\/v2\/posts\/7004\/revisions"}],"wp:featuredmedia":[{"embeddable":true,"href":"https:\/\/marcelolopes.jor.br\/site\/wp-json\/wp\/v2\/media\/7006"}],"wp:attachment":[{"href":"https:\/\/marcelolopes.jor.br\/site\/wp-json\/wp\/v2\/media?parent=7004"}],"wp:term":[{"taxonomy":"category","embeddable":true,"href":"https:\/\/marcelolopes.jor.br\/site\/wp-json\/wp\/v2\/categories?post=7004"},{"taxonomy":"post_tag","embeddable":true,"href":"https:\/\/marcelolopes.jor.br\/site\/wp-json\/wp\/v2\/tags?post=7004"}],"curies":[{"name":"wp","href":"https:\/\/api.w.org\/{rel}","templated":true}]}}