{"id":6990,"date":"2019-10-18T07:00:19","date_gmt":"2019-10-18T10:00:19","guid":{"rendered":"https:\/\/marcelolopes.jor.br\/?p=6990"},"modified":"2019-10-17T18:45:43","modified_gmt":"2019-10-17T21:45:43","slug":"sabado-cataguases-realiza-o-dia-d-de-vacinacao-contra-sarampo","status":"publish","type":"post","link":"https:\/\/marcelolopes.jor.br\/site\/2019\/10\/18\/sabado-cataguases-realiza-o-dia-d-de-vacinacao-contra-sarampo\/","title":{"rendered":"S\u00e1bado, Cataguases realiza o Dia D de vacina\u00e7\u00e3o contra sarampo"},"content":{"rendered":"<p style=\"text-align: justify;\">A Secretaria Municipal de Sa\u00fade de Cataguases realiza neste s\u00e1bado, 19 de outubro, o Dia D de vacina\u00e7\u00e3o contra o sarampo. O munic\u00edpio quer manter-se sem casos da doen\u00e7a e j\u00e1 vem imunizando o p\u00fablico alvo gratuitamente h\u00e1 v\u00e1rios meses na Policl\u00ednica Municipal. De acordo com Amanda Silva de Souza Penha, enfermeira e coordenadora de Vigil\u00e2ncia em Sa\u00fade daquela secretaria, &#8220;esta ser\u00e1 a primeira etapa da campanha e em Cataguases estar\u00e3o abertas a Policl\u00ednica Municipal, as unidades de sa\u00fade dos bairros Leonardo, Para\u00edso, Bandeirantes e Granjaria, al\u00e9m daquelas existentes nos distritos de Vista Alegre e Cataguarino.<!--more--><\/p>\n<p style=\"text-align: justify;\">Conforme explicou Amanda, o foco desta campanha concentrada &#8220;s\u00e3o crian\u00e7as dos seis meses a menores de 5 anos de idade. Por\u00e9m, se pessoas fora dessa faixa et\u00e1ria e dentro do per\u00edodo eleg\u00edvel para receber a vacina e com esquema vacinal incompleto, n\u00f3s vamos vacin\u00e1-la respeitando o nosso estoque&#8221;, explicou. Sobre a quantidade de doses recebidas, ela contou que ser\u00e3o suficientes para o atendimento ao p\u00fablico alvo. Amanda tamb\u00e9m explicou que devido ao aumento de casos de sarampo em alguns estados, todas as crian\u00e7as de 6 meses a menores de 1 ano devem ser vacinadas (dose extra). E depois seguir o cronograma de vacina\u00e7\u00e3o com a primeira dose quando o beb\u00ea completar 1 ano, e a segunda dose, aos 15 meses de idade, \u00faltima dose por toda a vida&#8221;, informa.<\/p>\n<p style=\"text-align: justify;\">Outra orienta\u00e7\u00e3o importante \u00e9 para quem tem entre 1 e 29 anos e recebeu apenas uma dose da vacina. Neste caso &#8211; conta a coordenadora da Vigil\u00e2ncia em Sa\u00fade &#8211; &#8220;recomenda-se completar o esquema vacinal com a segunda dose da vacina. Quem comprovar ter recebido as duas doses da vacina do sarampo, n\u00e3o precisa se vacinar novamente. Acima de 29 at\u00e9 49 anos, se tiver uma dose comprovada, \u00e9 considerado imunizado.&#8221; A campanha do Dia D contra o Sarampo come\u00e7a \u00e0s 8h e termina \u00e0s 17 horas.<\/p>\n<p style=\"text-align: justify;\">Saiba mais sobre o sarampo<\/p>\n<p style=\"text-align: justify;\">\u00c9 uma doen\u00e7a viral, extremamente contagiosa. O v\u00edrus se espalha facilmente pelo ar atrav\u00e9s da respira\u00e7\u00e3o, tosse ou espirros e pode ficar at\u00e9 duas horas no ambiente. Uma pessoa com sarampo pode transmitir a doen\u00e7a para uma m\u00e9dia de 12 a 18 pessoas que nunca foram expostas ao v\u00edrus anteriormente ou que n\u00e3o tenham se vacinado. A \u00fanica forma de se prevenir \u00e9 com a vacina\u00e7\u00e3o.<\/p>\n<p style=\"text-align: justify;\">Os principais sintomas do sarampo s\u00e3o: febre, tosse, coriza, aparecimento de manchas vermelhas no corpo e olhos avermelhados. Pessoas que apresentem esses sintomas devem procurar o servi\u00e7o de sa\u00fade com a m\u00e1xima urg\u00eancia. O sarampo pode causar complica\u00e7\u00f5es \u00e0 sa\u00fade e, em casos mais graves, levar \u00e0 morte.<\/p>\n<p>Foto: Breno Esaki\/Sa\u00fade-DF<\/p>\n<div class=\"qptbp69f77dc103b16\" ><br><\/div><style type=\"text\/css\">\r\n@media screen and (min-width: 1201px) {\r\n.qptbp69f77dc103b16 {\r\ndisplay: block;\r\n}\r\n}\r\n@media screen and (min-width: 993px) and (max-width: 1200px) {\r\n.qptbp69f77dc103b16 {\r\ndisplay: block;\r\n}\r\n}\r\n@media screen and (min-width: 769px) and (max-width: 992px) {\r\n.qptbp69f77dc103b16 {\r\ndisplay: block;\r\n}\r\n}\r\n@media screen and (min-width: 768px) and (max-width: 768px) {\r\n.qptbp69f77dc103b16 {\r\ndisplay: block;\r\n}\r\n}\r\n@media screen and (max-width: 767px) {\r\n.qptbp69f77dc103b16 {\r\ndisplay: block;\r\n}\r\n}\r\n<\/style>\r\n<div class=\"sjrli69f77dc109dad\" ><div id=\"div_destino\"><\/div>\r\n<script src=\"https:\/\/cdn.snsrsv.com\/sdk.js\"><\/script>\r\n<script >\r\n      new sdk(\"464030C30061EA8BE065000000000001\") \r\n          .appendTo(\"div_destino\")\r\n          .disableStyle(true) \r\n          .setCacheBusterMacro(\"%%CACHEBUSTER%%\")\r\n          .setSize(\"800\",\"214\")\r\n          .setClickMacro(\"%%CLICK_URL_ESC%%\") \r\n          .setReferrerUrlMacro(\"%%REFERRER_URL_ESC%%\") \r\n          .start(); \r\n<\/script><\/div><style type=\"text\/css\">\r\n@media screen and (min-width: 1201px) {\r\n.sjrli69f77dc109dad {\r\ndisplay: block;\r\n}\r\n}\r\n@media screen and (min-width: 993px) and (max-width: 1200px) {\r\n.sjrli69f77dc109dad {\r\ndisplay: block;\r\n}\r\n}\r\n@media screen and (min-width: 769px) and (max-width: 992px) {\r\n.sjrli69f77dc109dad {\r\ndisplay: block;\r\n}\r\n}\r\n@media screen and (min-width: 768px) and (max-width: 768px) {\r\n.sjrli69f77dc109dad {\r\ndisplay: block;\r\n}\r\n}\r\n@media screen and (max-width: 767px) {\r\n.sjrli69f77dc109dad {\r\ndisplay: block;\r\n}\r\n}\r\n<\/style>\r\n","protected":false},"excerpt":{"rendered":"<p>A Secretaria Municipal de Sa\u00fade de Cataguases realiza neste s\u00e1bado, 19 de outubro, o Dia D de vacina\u00e7\u00e3o contra o sarampo. O munic\u00edpio quer manter-se sem casos da doen\u00e7a e j\u00e1 vem imunizando o p\u00fablico alvo gratuitamente h\u00e1 v\u00e1rios meses<\/p>\n<p class=\"link-more\"><a class=\"more-link\" href=\"https:\/\/marcelolopes.jor.br\/site\/2019\/10\/18\/sabado-cataguases-realiza-o-dia-d-de-vacinacao-contra-sarampo\/\">Leia mais <span class=\"screen-reader-text\">S\u00e1bado, Cataguases realiza o Dia D de vacina\u00e7\u00e3o contra sarampo<\/span><\/a><\/p>\n","protected":false},"author":2,"featured_media":6992,"comment_status":"open","ping_status":"open","sticky":false,"template":"","format":"standard","meta":{"footnotes":""},"categories":[1],"tags":[1332,1469,430,59,389],"class_list":["post-6990","post","type-post","status-publish","format-standard","has-post-thumbnail","hentry","category-noticias","tag-campanha-de-vacinacao","tag-dia-d","tag-sarampo","tag-saude","tag-vacina","thumb-below-title"],"yoast_head":"<!-- This site is optimized with the Yoast SEO plugin v27.4 - https:\/\/yoast.com\/product\/yoast-seo-wordpress\/ -->\n<title>S\u00e1bado, Cataguases realiza o Dia D de vacina\u00e7\u00e3o contra sarampo | Marcelo Lopes<\/title>\n<meta name=\"robots\" content=\"index, follow, max-snippet:-1, max-image-preview:large, max-video-preview:-1\" \/>\n<link rel=\"canonical\" href=\"https:\/\/marcelolopes.jor.br\/site\/2019\/10\/18\/sabado-cataguases-realiza-o-dia-d-de-vacinacao-contra-sarampo\/\" \/>\n<meta property=\"og:locale\" content=\"pt_BR\" \/>\n<meta property=\"og:type\" content=\"article\" \/>\n<meta property=\"og:title\" content=\"S\u00e1bado, Cataguases realiza o Dia D de vacina\u00e7\u00e3o contra sarampo | Marcelo Lopes\" \/>\n<meta property=\"og:description\" content=\"A Secretaria Municipal de Sa\u00fade de Cataguases realiza neste s\u00e1bado, 19 de outubro, o Dia D de vacina\u00e7\u00e3o contra o sarampo. O munic\u00edpio quer manter-se sem casos da doen\u00e7a e j\u00e1 vem imunizando o p\u00fablico alvo gratuitamente h\u00e1 v\u00e1rios mesesLeia mais S\u00e1bado, Cataguases realiza o Dia D de vacina\u00e7\u00e3o contra sarampo\" \/>\n<meta property=\"og:url\" content=\"https:\/\/marcelolopes.jor.br\/site\/2019\/10\/18\/sabado-cataguases-realiza-o-dia-d-de-vacinacao-contra-sarampo\/\" \/>\n<meta property=\"og:site_name\" content=\"Marcelo Lopes\" \/>\n<meta property=\"article:publisher\" content=\"https:\/\/www.facebook.com\/sitedomarcelolopes\" \/>\n<meta property=\"article:published_time\" content=\"2019-10-18T10:00:19+00:00\" \/>\n<meta property=\"og:image\" content=\"https:\/\/marcelolopes.jor.br\/site\/wp-content\/uploads\/2019\/10\/FOTO-BRENO-ESAKI-SA\u00daDE-DF-1-1-1-1024x680.jpg\" \/>\n\t<meta property=\"og:image:width\" content=\"1024\" \/>\n\t<meta property=\"og:image:height\" content=\"680\" \/>\n\t<meta property=\"og:image:type\" content=\"image\/jpeg\" \/>\n<meta name=\"author\" content=\"Marcelo Lopes\" \/>\n<meta name=\"twitter:card\" content=\"summary_large_image\" \/>\n<meta name=\"twitter:label1\" content=\"Escrito por\" \/>\n\t<meta name=\"twitter:data1\" content=\"Marcelo Lopes\" \/>\n\t<meta name=\"twitter:label2\" content=\"Est. tempo de leitura\" \/>\n\t<meta name=\"twitter:data2\" content=\"2 minutos\" \/>\n<script type=\"application\/ld+json\" class=\"yoast-schema-graph\">{\"@context\":\"https:\\\/\\\/schema.org\",\"@graph\":[{\"@type\":\"NewsArticle\",\"@id\":\"https:\\\/\\\/marcelolopes.jor.br\\\/site\\\/2019\\\/10\\\/18\\\/sabado-cataguases-realiza-o-dia-d-de-vacinacao-contra-sarampo\\\/#article\",\"isPartOf\":{\"@id\":\"https:\\\/\\\/marcelolopes.jor.br\\\/site\\\/2019\\\/10\\\/18\\\/sabado-cataguases-realiza-o-dia-d-de-vacinacao-contra-sarampo\\\/\"},\"author\":{\"name\":\"Marcelo Lopes\",\"@id\":\"https:\\\/\\\/marcelolopes.jor.br\\\/site\\\/#\\\/schema\\\/person\\\/3e7216a35c34d8fdf952b31da3d1f89f\"},\"headline\":\"S\u00e1bado, Cataguases realiza o Dia D de vacina\u00e7\u00e3o contra sarampo\",\"datePublished\":\"2019-10-18T10:00:19+00:00\",\"mainEntityOfPage\":{\"@id\":\"https:\\\/\\\/marcelolopes.jor.br\\\/site\\\/2019\\\/10\\\/18\\\/sabado-cataguases-realiza-o-dia-d-de-vacinacao-contra-sarampo\\\/\"},\"wordCount\":478,\"commentCount\":0,\"publisher\":{\"@id\":\"https:\\\/\\\/marcelolopes.jor.br\\\/site\\\/#organization\"},\"image\":{\"@id\":\"https:\\\/\\\/marcelolopes.jor.br\\\/site\\\/2019\\\/10\\\/18\\\/sabado-cataguases-realiza-o-dia-d-de-vacinacao-contra-sarampo\\\/#primaryimage\"},\"thumbnailUrl\":\"https:\\\/\\\/marcelolopes.jor.br\\\/site\\\/wp-content\\\/uploads\\\/2019\\\/10\\\/FOTO-BRENO-ESAKI-SA\u00daDE-DF-1-1-1-1024x680.jpg\",\"keywords\":[\"campanha de vacina\u00e7\u00e3o\",\"Dia D\",\"sarampo\",\"sa\u00fade\",\"vacina\"],\"articleSection\":[\"Not\u00edcias\"],\"inLanguage\":\"pt-BR\",\"potentialAction\":[{\"@type\":\"CommentAction\",\"name\":\"Comment\",\"target\":[\"https:\\\/\\\/marcelolopes.jor.br\\\/site\\\/2019\\\/10\\\/18\\\/sabado-cataguases-realiza-o-dia-d-de-vacinacao-contra-sarampo\\\/#respond\"]}]},{\"@type\":\"WebPage\",\"@id\":\"https:\\\/\\\/marcelolopes.jor.br\\\/site\\\/2019\\\/10\\\/18\\\/sabado-cataguases-realiza-o-dia-d-de-vacinacao-contra-sarampo\\\/\",\"url\":\"https:\\\/\\\/marcelolopes.jor.br\\\/site\\\/2019\\\/10\\\/18\\\/sabado-cataguases-realiza-o-dia-d-de-vacinacao-contra-sarampo\\\/\",\"name\":\"S\u00e1bado, Cataguases realiza o Dia D de vacina\u00e7\u00e3o contra sarampo | Marcelo Lopes\",\"isPartOf\":{\"@id\":\"https:\\\/\\\/marcelolopes.jor.br\\\/site\\\/#website\"},\"primaryImageOfPage\":{\"@id\":\"https:\\\/\\\/marcelolopes.jor.br\\\/site\\\/2019\\\/10\\\/18\\\/sabado-cataguases-realiza-o-dia-d-de-vacinacao-contra-sarampo\\\/#primaryimage\"},\"image\":{\"@id\":\"https:\\\/\\\/marcelolopes.jor.br\\\/site\\\/2019\\\/10\\\/18\\\/sabado-cataguases-realiza-o-dia-d-de-vacinacao-contra-sarampo\\\/#primaryimage\"},\"thumbnailUrl\":\"https:\\\/\\\/marcelolopes.jor.br\\\/site\\\/wp-content\\\/uploads\\\/2019\\\/10\\\/FOTO-BRENO-ESAKI-SA\u00daDE-DF-1-1-1-1024x680.jpg\",\"datePublished\":\"2019-10-18T10:00:19+00:00\",\"breadcrumb\":{\"@id\":\"https:\\\/\\\/marcelolopes.jor.br\\\/site\\\/2019\\\/10\\\/18\\\/sabado-cataguases-realiza-o-dia-d-de-vacinacao-contra-sarampo\\\/#breadcrumb\"},\"inLanguage\":\"pt-BR\",\"potentialAction\":[{\"@type\":\"ReadAction\",\"target\":[\"https:\\\/\\\/marcelolopes.jor.br\\\/site\\\/2019\\\/10\\\/18\\\/sabado-cataguases-realiza-o-dia-d-de-vacinacao-contra-sarampo\\\/\"]}]},{\"@type\":\"ImageObject\",\"inLanguage\":\"pt-BR\",\"@id\":\"https:\\\/\\\/marcelolopes.jor.br\\\/site\\\/2019\\\/10\\\/18\\\/sabado-cataguases-realiza-o-dia-d-de-vacinacao-contra-sarampo\\\/#primaryimage\",\"url\":\"https:\\\/\\\/marcelolopes.jor.br\\\/site\\\/wp-content\\\/uploads\\\/2019\\\/10\\\/FOTO-BRENO-ESAKI-SA\u00daDE-DF-1-1-1-1024x680.jpg\",\"contentUrl\":\"https:\\\/\\\/marcelolopes.jor.br\\\/site\\\/wp-content\\\/uploads\\\/2019\\\/10\\\/FOTO-BRENO-ESAKI-SA\u00daDE-DF-1-1-1-1024x680.jpg\",\"width\":1024,\"height\":680},{\"@type\":\"BreadcrumbList\",\"@id\":\"https:\\\/\\\/marcelolopes.jor.br\\\/site\\\/2019\\\/10\\\/18\\\/sabado-cataguases-realiza-o-dia-d-de-vacinacao-contra-sarampo\\\/#breadcrumb\",\"itemListElement\":[{\"@type\":\"ListItem\",\"position\":1,\"name\":\"Home\",\"item\":\"https:\\\/\\\/marcelolopes.jor.br\\\/site\\\/\"},{\"@type\":\"ListItem\",\"position\":2,\"name\":\"S\u00e1bado, Cataguases realiza o Dia D de vacina\u00e7\u00e3o contra sarampo\"}]},{\"@type\":\"WebSite\",\"@id\":\"https:\\\/\\\/marcelolopes.jor.br\\\/site\\\/#website\",\"url\":\"https:\\\/\\\/marcelolopes.jor.br\\\/site\\\/\",\"name\":\"Marcelo Lopes\",\"description\":\"Not\u00edcias de Cataguases e Regi\u00e3o\",\"publisher\":{\"@id\":\"https:\\\/\\\/marcelolopes.jor.br\\\/site\\\/#organization\"},\"potentialAction\":[{\"@type\":\"SearchAction\",\"target\":{\"@type\":\"EntryPoint\",\"urlTemplate\":\"https:\\\/\\\/marcelolopes.jor.br\\\/site\\\/?s={search_term_string}\"},\"query-input\":{\"@type\":\"PropertyValueSpecification\",\"valueRequired\":true,\"valueName\":\"search_term_string\"}}],\"inLanguage\":\"pt-BR\"},{\"@type\":\"Organization\",\"@id\":\"https:\\\/\\\/marcelolopes.jor.br\\\/site\\\/#organization\",\"name\":\"Site do Marcelo Lopes\",\"url\":\"https:\\\/\\\/marcelolopes.jor.br\\\/site\\\/\",\"logo\":{\"@type\":\"ImageObject\",\"inLanguage\":\"pt-BR\",\"@id\":\"https:\\\/\\\/marcelolopes.jor.br\\\/site\\\/#\\\/schema\\\/logo\\\/image\\\/\",\"url\":\"https:\\\/\\\/marcelolopes.jor.br\\\/site\\\/wp-content\\\/uploads\\\/2024\\\/11\\\/logo-1.png\",\"contentUrl\":\"https:\\\/\\\/marcelolopes.jor.br\\\/site\\\/wp-content\\\/uploads\\\/2024\\\/11\\\/logo-1.png\",\"width\":475,\"height\":80,\"caption\":\"Site do Marcelo Lopes\"},\"image\":{\"@id\":\"https:\\\/\\\/marcelolopes.jor.br\\\/site\\\/#\\\/schema\\\/logo\\\/image\\\/\"},\"sameAs\":[\"https:\\\/\\\/www.facebook.com\\\/sitedomarcelolopes\",\"https:\\\/\\\/www.instagram.com\\\/sitedomarcelolopes\\\/\",\"https:\\\/\\\/www.linkedin.com\\\/company\\\/site-do-marcelo-lopes\\\/\",\"https:\\\/\\\/www.youtube.com\\\/user\\\/marcelolopes957\"]},{\"@type\":\"Person\",\"@id\":\"https:\\\/\\\/marcelolopes.jor.br\\\/site\\\/#\\\/schema\\\/person\\\/3e7216a35c34d8fdf952b31da3d1f89f\",\"name\":\"Marcelo Lopes\",\"sameAs\":[\"http:\\\/\\\/www.marcelolopes.jor.br\"],\"url\":\"https:\\\/\\\/marcelolopes.jor.br\\\/site\\\/author\\\/marcelo\\\/\"}]}<\/script>\n<!-- \/ Yoast SEO plugin. -->","yoast_head_json":{"title":"S\u00e1bado, Cataguases realiza o Dia D de vacina\u00e7\u00e3o contra sarampo | Marcelo Lopes","robots":{"index":"index","follow":"follow","max-snippet":"max-snippet:-1","max-image-preview":"max-image-preview:large","max-video-preview":"max-video-preview:-1"},"canonical":"https:\/\/marcelolopes.jor.br\/site\/2019\/10\/18\/sabado-cataguases-realiza-o-dia-d-de-vacinacao-contra-sarampo\/","og_locale":"pt_BR","og_type":"article","og_title":"S\u00e1bado, Cataguases realiza o Dia D de vacina\u00e7\u00e3o contra sarampo | Marcelo Lopes","og_description":"A Secretaria Municipal de Sa\u00fade de Cataguases realiza neste s\u00e1bado, 19 de outubro, o Dia D de vacina\u00e7\u00e3o contra o sarampo. O munic\u00edpio quer manter-se sem casos da doen\u00e7a e j\u00e1 vem imunizando o p\u00fablico alvo gratuitamente h\u00e1 v\u00e1rios mesesLeia mais S\u00e1bado, Cataguases realiza o Dia D de vacina\u00e7\u00e3o contra sarampo","og_url":"https:\/\/marcelolopes.jor.br\/site\/2019\/10\/18\/sabado-cataguases-realiza-o-dia-d-de-vacinacao-contra-sarampo\/","og_site_name":"Marcelo Lopes","article_publisher":"https:\/\/www.facebook.com\/sitedomarcelolopes","article_published_time":"2019-10-18T10:00:19+00:00","og_image":[{"width":1024,"height":680,"url":"https:\/\/marcelolopes.jor.br\/site\/wp-content\/uploads\/2019\/10\/FOTO-BRENO-ESAKI-SA\u00daDE-DF-1-1-1-1024x680.jpg","type":"image\/jpeg"}],"author":"Marcelo Lopes","twitter_card":"summary_large_image","twitter_misc":{"Escrito por":"Marcelo Lopes","Est. tempo de leitura":"2 minutos"},"schema":{"@context":"https:\/\/schema.org","@graph":[{"@type":"NewsArticle","@id":"https:\/\/marcelolopes.jor.br\/site\/2019\/10\/18\/sabado-cataguases-realiza-o-dia-d-de-vacinacao-contra-sarampo\/#article","isPartOf":{"@id":"https:\/\/marcelolopes.jor.br\/site\/2019\/10\/18\/sabado-cataguases-realiza-o-dia-d-de-vacinacao-contra-sarampo\/"},"author":{"name":"Marcelo Lopes","@id":"https:\/\/marcelolopes.jor.br\/site\/#\/schema\/person\/3e7216a35c34d8fdf952b31da3d1f89f"},"headline":"S\u00e1bado, Cataguases realiza o Dia D de vacina\u00e7\u00e3o contra sarampo","datePublished":"2019-10-18T10:00:19+00:00","mainEntityOfPage":{"@id":"https:\/\/marcelolopes.jor.br\/site\/2019\/10\/18\/sabado-cataguases-realiza-o-dia-d-de-vacinacao-contra-sarampo\/"},"wordCount":478,"commentCount":0,"publisher":{"@id":"https:\/\/marcelolopes.jor.br\/site\/#organization"},"image":{"@id":"https:\/\/marcelolopes.jor.br\/site\/2019\/10\/18\/sabado-cataguases-realiza-o-dia-d-de-vacinacao-contra-sarampo\/#primaryimage"},"thumbnailUrl":"https:\/\/marcelolopes.jor.br\/site\/wp-content\/uploads\/2019\/10\/FOTO-BRENO-ESAKI-SA\u00daDE-DF-1-1-1-1024x680.jpg","keywords":["campanha de vacina\u00e7\u00e3o","Dia D","sarampo","sa\u00fade","vacina"],"articleSection":["Not\u00edcias"],"inLanguage":"pt-BR","potentialAction":[{"@type":"CommentAction","name":"Comment","target":["https:\/\/marcelolopes.jor.br\/site\/2019\/10\/18\/sabado-cataguases-realiza-o-dia-d-de-vacinacao-contra-sarampo\/#respond"]}]},{"@type":"WebPage","@id":"https:\/\/marcelolopes.jor.br\/site\/2019\/10\/18\/sabado-cataguases-realiza-o-dia-d-de-vacinacao-contra-sarampo\/","url":"https:\/\/marcelolopes.jor.br\/site\/2019\/10\/18\/sabado-cataguases-realiza-o-dia-d-de-vacinacao-contra-sarampo\/","name":"S\u00e1bado, Cataguases realiza o Dia D de vacina\u00e7\u00e3o contra sarampo | Marcelo Lopes","isPartOf":{"@id":"https:\/\/marcelolopes.jor.br\/site\/#website"},"primaryImageOfPage":{"@id":"https:\/\/marcelolopes.jor.br\/site\/2019\/10\/18\/sabado-cataguases-realiza-o-dia-d-de-vacinacao-contra-sarampo\/#primaryimage"},"image":{"@id":"https:\/\/marcelolopes.jor.br\/site\/2019\/10\/18\/sabado-cataguases-realiza-o-dia-d-de-vacinacao-contra-sarampo\/#primaryimage"},"thumbnailUrl":"https:\/\/marcelolopes.jor.br\/site\/wp-content\/uploads\/2019\/10\/FOTO-BRENO-ESAKI-SA\u00daDE-DF-1-1-1-1024x680.jpg","datePublished":"2019-10-18T10:00:19+00:00","breadcrumb":{"@id":"https:\/\/marcelolopes.jor.br\/site\/2019\/10\/18\/sabado-cataguases-realiza-o-dia-d-de-vacinacao-contra-sarampo\/#breadcrumb"},"inLanguage":"pt-BR","potentialAction":[{"@type":"ReadAction","target":["https:\/\/marcelolopes.jor.br\/site\/2019\/10\/18\/sabado-cataguases-realiza-o-dia-d-de-vacinacao-contra-sarampo\/"]}]},{"@type":"ImageObject","inLanguage":"pt-BR","@id":"https:\/\/marcelolopes.jor.br\/site\/2019\/10\/18\/sabado-cataguases-realiza-o-dia-d-de-vacinacao-contra-sarampo\/#primaryimage","url":"https:\/\/marcelolopes.jor.br\/site\/wp-content\/uploads\/2019\/10\/FOTO-BRENO-ESAKI-SA\u00daDE-DF-1-1-1-1024x680.jpg","contentUrl":"https:\/\/marcelolopes.jor.br\/site\/wp-content\/uploads\/2019\/10\/FOTO-BRENO-ESAKI-SA\u00daDE-DF-1-1-1-1024x680.jpg","width":1024,"height":680},{"@type":"BreadcrumbList","@id":"https:\/\/marcelolopes.jor.br\/site\/2019\/10\/18\/sabado-cataguases-realiza-o-dia-d-de-vacinacao-contra-sarampo\/#breadcrumb","itemListElement":[{"@type":"ListItem","position":1,"name":"Home","item":"https:\/\/marcelolopes.jor.br\/site\/"},{"@type":"ListItem","position":2,"name":"S\u00e1bado, Cataguases realiza o Dia D de vacina\u00e7\u00e3o contra sarampo"}]},{"@type":"WebSite","@id":"https:\/\/marcelolopes.jor.br\/site\/#website","url":"https:\/\/marcelolopes.jor.br\/site\/","name":"Marcelo Lopes","description":"Not\u00edcias de Cataguases e Regi\u00e3o","publisher":{"@id":"https:\/\/marcelolopes.jor.br\/site\/#organization"},"potentialAction":[{"@type":"SearchAction","target":{"@type":"EntryPoint","urlTemplate":"https:\/\/marcelolopes.jor.br\/site\/?s={search_term_string}"},"query-input":{"@type":"PropertyValueSpecification","valueRequired":true,"valueName":"search_term_string"}}],"inLanguage":"pt-BR"},{"@type":"Organization","@id":"https:\/\/marcelolopes.jor.br\/site\/#organization","name":"Site do Marcelo Lopes","url":"https:\/\/marcelolopes.jor.br\/site\/","logo":{"@type":"ImageObject","inLanguage":"pt-BR","@id":"https:\/\/marcelolopes.jor.br\/site\/#\/schema\/logo\/image\/","url":"https:\/\/marcelolopes.jor.br\/site\/wp-content\/uploads\/2024\/11\/logo-1.png","contentUrl":"https:\/\/marcelolopes.jor.br\/site\/wp-content\/uploads\/2024\/11\/logo-1.png","width":475,"height":80,"caption":"Site do Marcelo Lopes"},"image":{"@id":"https:\/\/marcelolopes.jor.br\/site\/#\/schema\/logo\/image\/"},"sameAs":["https:\/\/www.facebook.com\/sitedomarcelolopes","https:\/\/www.instagram.com\/sitedomarcelolopes\/","https:\/\/www.linkedin.com\/company\/site-do-marcelo-lopes\/","https:\/\/www.youtube.com\/user\/marcelolopes957"]},{"@type":"Person","@id":"https:\/\/marcelolopes.jor.br\/site\/#\/schema\/person\/3e7216a35c34d8fdf952b31da3d1f89f","name":"Marcelo Lopes","sameAs":["http:\/\/www.marcelolopes.jor.br"],"url":"https:\/\/marcelolopes.jor.br\/site\/author\/marcelo\/"}]}},"wps_subtitle":"P\u00fablico-alvo s\u00e3o crian\u00e7as com idade entre 6 meses e 5 anos.","_links":{"self":[{"href":"https:\/\/marcelolopes.jor.br\/site\/wp-json\/wp\/v2\/posts\/6990","targetHints":{"allow":["GET"]}}],"collection":[{"href":"https:\/\/marcelolopes.jor.br\/site\/wp-json\/wp\/v2\/posts"}],"about":[{"href":"https:\/\/marcelolopes.jor.br\/site\/wp-json\/wp\/v2\/types\/post"}],"author":[{"embeddable":true,"href":"https:\/\/marcelolopes.jor.br\/site\/wp-json\/wp\/v2\/users\/2"}],"replies":[{"embeddable":true,"href":"https:\/\/marcelolopes.jor.br\/site\/wp-json\/wp\/v2\/comments?post=6990"}],"version-history":[{"count":0,"href":"https:\/\/marcelolopes.jor.br\/site\/wp-json\/wp\/v2\/posts\/6990\/revisions"}],"wp:featuredmedia":[{"embeddable":true,"href":"https:\/\/marcelolopes.jor.br\/site\/wp-json\/wp\/v2\/media\/6992"}],"wp:attachment":[{"href":"https:\/\/marcelolopes.jor.br\/site\/wp-json\/wp\/v2\/media?parent=6990"}],"wp:term":[{"taxonomy":"category","embeddable":true,"href":"https:\/\/marcelolopes.jor.br\/site\/wp-json\/wp\/v2\/categories?post=6990"},{"taxonomy":"post_tag","embeddable":true,"href":"https:\/\/marcelolopes.jor.br\/site\/wp-json\/wp\/v2\/tags?post=6990"}],"curies":[{"name":"wp","href":"https:\/\/api.w.org\/{rel}","templated":true}]}}