{"id":69520,"date":"2026-09-01T16:00:51","date_gmt":"2026-09-01T19:00:51","guid":{"rendered":"https:\/\/marcelolopes.jor.br\/site\/?p=69520"},"modified":"2026-09-01T11:29:36","modified_gmt":"2026-09-01T14:29:36","slug":"corrida-da-independencia-sera-realizada-neste-domingo","status":"publish","type":"post","link":"https:\/\/marcelolopes.jor.br\/site\/2026\/09\/01\/corrida-da-independencia-sera-realizada-neste-domingo\/","title":{"rendered":"Corrida da Independ\u00eancia ser\u00e1 realizada neste domingo"},"content":{"rendered":"<p>Cataguases recebe neste domingo, 6 de setembro, a 49\u00aa Corrida da Independ\u00eancia e a 2\u00aa Corrida Bahamas. Realizado na v\u00e9spera do feriado de 7 de Setembro, quando tamb\u00e9m se comemora o anivers\u00e1rio do munic\u00edpio, o evento ter\u00e1 concentra\u00e7\u00e3o na Pra\u00e7a Rui Barbosa, com a largada principal prevista para as 18 horas.<!--more--><\/p>\n<h4 class=\"p1\"><span class=\"s1\">\ud83d\udcf8\u00a0<span style=\"color: #008000;\">Siga o Site do Marcelo Lopes no<\/span>\u00a0<span style=\"color: #800000;\"><a style=\"color: #800000;\" href=\"https:\/\/www.facebook.com\/sitedomarcelolopes\/\"><strong>Facebook<\/strong><\/a><\/span>\u00a0<span style=\"color: #008000;\">e no<\/span>\u00a0<span style=\"color: #800000;\"><strong><a style=\"color: #800000;\" href=\"https:\/\/www.instagram.com\/sitedomarcelolopes\/\">Instagram<\/a><\/strong><\/span><\/span><\/h4>\n<h4 class=\"p1\">\ud83d\udcf1<span style=\"color: #008000;\">Participe do grupo de<\/span>\u00a0<span style=\"color: #800000;\"><a style=\"color: #800000;\" href=\"https:\/\/chat.whatsapp.com\/BibzcI1ibYSKytbdyzubLA\"><strong>WhatsApp<\/strong><\/a><\/span> <span style=\"color: #008000;\">do Site do Marcelo Lopes<\/span><\/h4>\n<p>A programa\u00e7\u00e3o inclui corrida de seis quil\u00f4metros, destinada a participantes com mais de 16 anos, e caminhada de tr\u00eas quil\u00f4metros, aberta a pessoas a partir dos 14 anos. Tamb\u00e9m haver\u00e1 corrida infantil, marcada para as 16 horas, com divis\u00e3o dos participantes conforme as regras e faixas et\u00e1rias estabelecidas no regulamento.<\/p>\n<p>Os kits ser\u00e3o entregues das 13h \u00e0s 16h. J\u00e1 a distribui\u00e7\u00e3o dos chips de cronometragem ocorrer\u00e1 entre 16h30 e 17h30. Todos os inscritos receber\u00e3o n\u00famero de peito e, ap\u00f3s conclu\u00edrem a prova ou caminhada, ter\u00e3o direito a medalha de participa\u00e7\u00e3o e kit lanche.<\/p>\n<p>As inscri\u00e7\u00f5es custam R$ 60 e podem ser feitas pela plataforma Corrid\u00e3o, no endere\u00e7o <a href=\"http:\/\/corridao.com.br\"><strong><span style=\"color: #800000;\">corridao.com.br<\/span><\/strong><\/a>.<\/p>\n<p>No mesmo hor\u00e1rio da largada principal a pra\u00e7a vai ser inundada pelo \u00f3timo som do <em><strong>Samba da Ouvidor<\/strong><\/em>, tradicional roda de samba carioca liderada pelo cantor Gabriel da Muda, que tamb\u00e9m \u00e9 um dos pilares do famoso Samba do Trabalhador. O grupo \u00e9 reconhecido por preservar a ess\u00eancia do samba de raiz e reunir m\u00fasicos que mant\u00eam viva uma das mais importantes manifesta\u00e7\u00f5es da cultura brasileira.<\/p>\n<h3>Premia\u00e7\u00e3o<\/h3>\n<p>Na classifica\u00e7\u00e3o geral, ser\u00e3o premiados com trof\u00e9us os cinco primeiros colocados nas categorias masculina e feminina. A disputa entre pessoas com defici\u00eancia tamb\u00e9m ter\u00e1 trof\u00e9us para os cinco primeiros classificados, tanto no masculino quanto no feminino.<\/p>\n<p>A organiza\u00e7\u00e3o premiar\u00e1 ainda a equipe com o maior n\u00famero de inscritos. Nas categorias divididas por faixa et\u00e1ria, os tr\u00eas primeiros colocados de cada grupo, no masculino e no feminino, receber\u00e3o trof\u00e9us. Todos os participantes que completarem o percurso ganhar\u00e3o medalha.<\/p>\n<p>A prova integra o Circuito Bahamas de Esportes 2026 e conta com apoio da Prefeitura de Cataguases, por meio da Secretaria Municipal de Esportes.<\/p>\n<p><strong>OUTRAS NOT\u00cdCIAS<\/strong><br \/>\n<a href=\"https:\/\/marcelolopes.jor.br\/site\/wp-admin\/post.php?post=65887&amp;action=edit\"><strong><span style=\"color: #800000;\">Corrida de Santa Rita integra programa\u00e7\u00e3o festiva da padroeira de Cataguases<\/span><\/strong><\/a><\/p>\n<p><a href=\"https:\/\/marcelolopes.jor.br\/site\/wp-admin\/post.php?post=7224&amp;action=edit\"><strong><span style=\"color: #800000;\">Domingo acontece mais uma edi\u00e7\u00e3o do Kta Trail Run &#8211; corrida de montanha<\/span><\/strong><\/a><\/p>\n<p>Fonte: Prefeitura de Cataguases | Foto: Pexels<\/p>\n<div class=\"ahvwc6a97be4190cc6\" ><div style=\"margin-left: auto; margin-right: auto; text-align: center; margin-top: 50px; \" id=\"teste-1611387354\"><a href=\"https:\/\/marcelolopes.jor.br\/site\/edital-audiencia-publica-energisa-minas-rio-2026\/\" aria-label=\"banneredital\"><img loading=\"lazy\" decoding=\"async\" src=\"https:\/\/marcelolopes.jor.br\/site\/wp-content\/uploads\/2026\/09\/banneredital.png\" alt=\"\"  srcset=\"https:\/\/marcelolopes.jor.br\/site\/wp-content\/uploads\/2026\/09\/banneredital.png 812w, https:\/\/marcelolopes.jor.br\/site\/wp-content\/uploads\/2026\/09\/banneredital-300x56.png 300w, https:\/\/marcelolopes.jor.br\/site\/wp-content\/uploads\/2026\/09\/banneredital-768x144.png 768w\" sizes=\"(max-width: 812px) 100vw, 812px\" width=\"812\" height=\"152\"  style=\"display: inline-block;\" \/><\/a><\/div><br><\/div><style type=\"text\/css\">\r\n@media screen and (min-width: 1201px) {\r\n.ahvwc6a97be4190cc6 {\r\ndisplay: block;\r\n}\r\n}\r\n@media screen and (min-width: 993px) and (max-width: 1200px) {\r\n.ahvwc6a97be4190cc6 {\r\ndisplay: block;\r\n}\r\n}\r\n@media screen and (min-width: 769px) and (max-width: 992px) {\r\n.ahvwc6a97be4190cc6 {\r\ndisplay: block;\r\n}\r\n}\r\n@media screen and (min-width: 768px) and (max-width: 768px) {\r\n.ahvwc6a97be4190cc6 {\r\ndisplay: block;\r\n}\r\n}\r\n@media screen and (max-width: 767px) {\r\n.ahvwc6a97be4190cc6 {\r\ndisplay: block;\r\n}\r\n}\r\n<\/style>\r\n<div class=\"bkney6a97be419759f\" ><div id=\"div_destino\"><\/div>\r\n<script src=\"https:\/\/cdn.snsrsv.com\/sdk.js\"><\/script>\r\n<script >\r\n      new sdk(\"464030C30061EA8BE065000000000001\") \r\n          .appendTo(\"div_destino\")\r\n          .disableStyle(true) \r\n          .setCacheBusterMacro(\"%%CACHEBUSTER%%\")\r\n          .setSize(\"800\",\"214\")\r\n          .setClickMacro(\"%%CLICK_URL_ESC%%\") \r\n          .setReferrerUrlMacro(\"%%REFERRER_URL_ESC%%\") \r\n          .start(); \r\n<\/script><\/div><style type=\"text\/css\">\r\n@media screen and (min-width: 1201px) {\r\n.bkney6a97be419759f {\r\ndisplay: block;\r\n}\r\n}\r\n@media screen and (min-width: 993px) and (max-width: 1200px) {\r\n.bkney6a97be419759f {\r\ndisplay: block;\r\n}\r\n}\r\n@media screen and (min-width: 769px) and (max-width: 992px) {\r\n.bkney6a97be419759f {\r\ndisplay: block;\r\n}\r\n}\r\n@media screen and (min-width: 768px) and (max-width: 768px) {\r\n.bkney6a97be419759f {\r\ndisplay: block;\r\n}\r\n}\r\n@media screen and (max-width: 767px) {\r\n.bkney6a97be419759f {\r\ndisplay: block;\r\n}\r\n}\r\n<\/style>\r\n","protected":false},"excerpt":{"rendered":"<p>Cataguases recebe neste domingo, 6 de setembro, a 49\u00aa Corrida da Independ\u00eancia e a 2\u00aa Corrida Bahamas. Realizado na v\u00e9spera do feriado de 7 de Setembro, quando tamb\u00e9m se comemora o anivers\u00e1rio do munic\u00edpio, o evento ter\u00e1 concentra\u00e7\u00e3o na Pra\u00e7a<\/p>\n<p class=\"link-more\"><a class=\"more-link\" href=\"https:\/\/marcelolopes.jor.br\/site\/2026\/09\/01\/corrida-da-independencia-sera-realizada-neste-domingo\/\">Leia mais <span class=\"screen-reader-text\">Corrida da Independ\u00eancia ser\u00e1 realizada neste domingo<\/span><\/a><\/p>\n","protected":false},"author":2,"featured_media":69522,"comment_status":"open","ping_status":"closed","sticky":false,"template":"","format":"standard","meta":{"footnotes":""},"categories":[1],"tags":[],"class_list":["post-69520","post","type-post","status-publish","format-standard","has-post-thumbnail","hentry","category-noticias","thumb-below-title"],"yoast_head":"<!-- This site is optimized with the Yoast SEO plugin v28.3 - https:\/\/yoast.com\/product\/yoast-seo-wordpress\/ -->\n<title>Corrida da Independ\u00eancia ser\u00e1 realizada neste domingo | Marcelo Lopes<\/title>\n<meta name=\"description\" content=\"Corrida da Independ\u00eancia ser\u00e1 realizada neste domingo. Largada principal ser\u00e1 \u00e0s 18 horas, na Pra\u00e7a Rui Barbosa\" \/>\n<meta name=\"robots\" content=\"index, follow, max-snippet:-1, max-image-preview:large, max-video-preview:-1\" \/>\n<link rel=\"canonical\" href=\"https:\/\/marcelolopes.jor.br\/site\/2026\/09\/01\/corrida-da-independencia-sera-realizada-neste-domingo\/\" \/>\n<meta property=\"og:locale\" content=\"pt_BR\" \/>\n<meta property=\"og:type\" content=\"article\" \/>\n<meta property=\"og:title\" content=\"Corrida da Independ\u00eancia ser\u00e1 realizada neste domingo | Marcelo Lopes\" \/>\n<meta property=\"og:description\" content=\"Corrida da Independ\u00eancia ser\u00e1 realizada neste domingo. Largada principal ser\u00e1 \u00e0s 18 horas, na Pra\u00e7a Rui Barbosa\" \/>\n<meta property=\"og:url\" content=\"https:\/\/marcelolopes.jor.br\/site\/2026\/09\/01\/corrida-da-independencia-sera-realizada-neste-domingo\/\" \/>\n<meta property=\"og:site_name\" content=\"Marcelo Lopes\" \/>\n<meta property=\"article:publisher\" content=\"https:\/\/www.facebook.com\/sitedomarcelolopes\" \/>\n<meta property=\"article:published_time\" content=\"2026-09-01T19:00:51+00:00\" \/>\n<meta property=\"og:image\" content=\"https:\/\/marcelolopes.jor.br\/site\/wp-content\/uploads\/2026\/09\/corrida.jpg\" \/>\n\t<meta property=\"og:image:width\" content=\"800\" \/>\n\t<meta property=\"og:image:height\" content=\"550\" \/>\n\t<meta property=\"og:image:type\" content=\"image\/jpeg\" \/>\n<meta name=\"author\" content=\"Marcelo Lopes\" \/>\n<meta name=\"twitter:card\" content=\"summary_large_image\" \/>\n<meta name=\"twitter:label1\" content=\"Escrito por\" \/>\n\t<meta name=\"twitter:data1\" content=\"Marcelo Lopes\" \/>\n\t<meta name=\"twitter:label2\" content=\"Est. tempo de leitura\" \/>\n\t<meta name=\"twitter:data2\" content=\"2 minutos\" \/>\n<script type=\"application\/ld+json\" class=\"yoast-schema-graph\">{\"@context\":\"https:\\\/\\\/schema.org\",\"@graph\":[{\"@type\":\"NewsArticle\",\"@id\":\"https:\\\/\\\/marcelolopes.jor.br\\\/site\\\/2026\\\/09\\\/01\\\/corrida-da-independencia-sera-realizada-neste-domingo\\\/#article\",\"isPartOf\":{\"@id\":\"https:\\\/\\\/marcelolopes.jor.br\\\/site\\\/2026\\\/09\\\/01\\\/corrida-da-independencia-sera-realizada-neste-domingo\\\/\"},\"author\":{\"name\":\"Marcelo Lopes\",\"@id\":\"https:\\\/\\\/marcelolopes.jor.br\\\/site\\\/#\\\/schema\\\/person\\\/3e7216a35c34d8fdf952b31da3d1f89f\"},\"headline\":\"Corrida da Independ\u00eancia ser\u00e1 realizada neste domingo\",\"datePublished\":\"2026-09-01T19:00:51+00:00\",\"mainEntityOfPage\":{\"@id\":\"https:\\\/\\\/marcelolopes.jor.br\\\/site\\\/2026\\\/09\\\/01\\\/corrida-da-independencia-sera-realizada-neste-domingo\\\/\"},\"wordCount\":427,\"commentCount\":0,\"publisher\":{\"@id\":\"https:\\\/\\\/marcelolopes.jor.br\\\/site\\\/#organization\"},\"image\":{\"@id\":\"https:\\\/\\\/marcelolopes.jor.br\\\/site\\\/2026\\\/09\\\/01\\\/corrida-da-independencia-sera-realizada-neste-domingo\\\/#primaryimage\"},\"thumbnailUrl\":\"https:\\\/\\\/marcelolopes.jor.br\\\/site\\\/wp-content\\\/uploads\\\/2026\\\/09\\\/corrida.jpg\",\"articleSection\":[\"Not\u00edcias\"],\"inLanguage\":\"pt-BR\",\"potentialAction\":[{\"@type\":\"CommentAction\",\"name\":\"Comment\",\"target\":[\"https:\\\/\\\/marcelolopes.jor.br\\\/site\\\/2026\\\/09\\\/01\\\/corrida-da-independencia-sera-realizada-neste-domingo\\\/#respond\"]}]},{\"@type\":\"WebPage\",\"@id\":\"https:\\\/\\\/marcelolopes.jor.br\\\/site\\\/2026\\\/09\\\/01\\\/corrida-da-independencia-sera-realizada-neste-domingo\\\/\",\"url\":\"https:\\\/\\\/marcelolopes.jor.br\\\/site\\\/2026\\\/09\\\/01\\\/corrida-da-independencia-sera-realizada-neste-domingo\\\/\",\"name\":\"Corrida da Independ\u00eancia ser\u00e1 realizada neste domingo | Marcelo Lopes\",\"isPartOf\":{\"@id\":\"https:\\\/\\\/marcelolopes.jor.br\\\/site\\\/#website\"},\"primaryImageOfPage\":{\"@id\":\"https:\\\/\\\/marcelolopes.jor.br\\\/site\\\/2026\\\/09\\\/01\\\/corrida-da-independencia-sera-realizada-neste-domingo\\\/#primaryimage\"},\"image\":{\"@id\":\"https:\\\/\\\/marcelolopes.jor.br\\\/site\\\/2026\\\/09\\\/01\\\/corrida-da-independencia-sera-realizada-neste-domingo\\\/#primaryimage\"},\"thumbnailUrl\":\"https:\\\/\\\/marcelolopes.jor.br\\\/site\\\/wp-content\\\/uploads\\\/2026\\\/09\\\/corrida.jpg\",\"datePublished\":\"2026-09-01T19:00:51+00:00\",\"description\":\"Corrida da Independ\u00eancia ser\u00e1 realizada neste domingo. Largada principal ser\u00e1 \u00e0s 18 horas, na Pra\u00e7a Rui Barbosa\",\"breadcrumb\":{\"@id\":\"https:\\\/\\\/marcelolopes.jor.br\\\/site\\\/2026\\\/09\\\/01\\\/corrida-da-independencia-sera-realizada-neste-domingo\\\/#breadcrumb\"},\"inLanguage\":\"pt-BR\",\"potentialAction\":[{\"@type\":\"ReadAction\",\"target\":[\"https:\\\/\\\/marcelolopes.jor.br\\\/site\\\/2026\\\/09\\\/01\\\/corrida-da-independencia-sera-realizada-neste-domingo\\\/\"]}]},{\"@type\":\"ImageObject\",\"inLanguage\":\"pt-BR\",\"@id\":\"https:\\\/\\\/marcelolopes.jor.br\\\/site\\\/2026\\\/09\\\/01\\\/corrida-da-independencia-sera-realizada-neste-domingo\\\/#primaryimage\",\"url\":\"https:\\\/\\\/marcelolopes.jor.br\\\/site\\\/wp-content\\\/uploads\\\/2026\\\/09\\\/corrida.jpg\",\"contentUrl\":\"https:\\\/\\\/marcelolopes.jor.br\\\/site\\\/wp-content\\\/uploads\\\/2026\\\/09\\\/corrida.jpg\",\"width\":800,\"height\":550,\"caption\":\"Corrida da Independ\u00eancia ser\u00e1\"},{\"@type\":\"BreadcrumbList\",\"@id\":\"https:\\\/\\\/marcelolopes.jor.br\\\/site\\\/2026\\\/09\\\/01\\\/corrida-da-independencia-sera-realizada-neste-domingo\\\/#breadcrumb\",\"itemListElement\":[{\"@type\":\"ListItem\",\"position\":1,\"name\":\"Home\",\"item\":\"https:\\\/\\\/marcelolopes.jor.br\\\/site\\\/\"},{\"@type\":\"ListItem\",\"position\":2,\"name\":\"Corrida da Independ\u00eancia ser\u00e1 realizada neste domingo\"}]},{\"@type\":\"WebSite\",\"@id\":\"https:\\\/\\\/marcelolopes.jor.br\\\/site\\\/#website\",\"url\":\"https:\\\/\\\/marcelolopes.jor.br\\\/site\\\/\",\"name\":\"Marcelo Lopes\",\"description\":\"Not\u00edcias de Cataguases e Regi\u00e3o\",\"publisher\":{\"@id\":\"https:\\\/\\\/marcelolopes.jor.br\\\/site\\\/#organization\"},\"potentialAction\":[{\"@type\":\"SearchAction\",\"target\":{\"@type\":\"EntryPoint\",\"urlTemplate\":\"https:\\\/\\\/marcelolopes.jor.br\\\/site\\\/?s={search_term_string}\"},\"query-input\":{\"@type\":\"PropertyValueSpecification\",\"valueRequired\":true,\"valueName\":\"search_term_string\"}}],\"inLanguage\":\"pt-BR\"},{\"@type\":\"Organization\",\"@id\":\"https:\\\/\\\/marcelolopes.jor.br\\\/site\\\/#organization\",\"name\":\"Site do Marcelo Lopes\",\"url\":\"https:\\\/\\\/marcelolopes.jor.br\\\/site\\\/\",\"logo\":{\"@type\":\"ImageObject\",\"inLanguage\":\"pt-BR\",\"@id\":\"https:\\\/\\\/marcelolopes.jor.br\\\/site\\\/#\\\/schema\\\/logo\\\/image\\\/\",\"url\":\"https:\\\/\\\/marcelolopes.jor.br\\\/site\\\/wp-content\\\/uploads\\\/2026\\\/07\\\/cropped-logo2026.png\",\"contentUrl\":\"https:\\\/\\\/marcelolopes.jor.br\\\/site\\\/wp-content\\\/uploads\\\/2026\\\/07\\\/cropped-logo2026.png\",\"width\":328,\"height\":96,\"caption\":\"Site do Marcelo Lopes\"},\"image\":{\"@id\":\"https:\\\/\\\/marcelolopes.jor.br\\\/site\\\/#\\\/schema\\\/logo\\\/image\\\/\"},\"sameAs\":[\"https:\\\/\\\/www.facebook.com\\\/sitedomarcelolopes\",\"https:\\\/\\\/www.instagram.com\\\/sitedomarcelolopes\\\/\",\"https:\\\/\\\/www.linkedin.com\\\/company\\\/site-do-marcelo-lopes\\\/\",\"https:\\\/\\\/www.youtube.com\\\/user\\\/marcelolopes957\"]},{\"@type\":\"Person\",\"@id\":\"https:\\\/\\\/marcelolopes.jor.br\\\/site\\\/#\\\/schema\\\/person\\\/3e7216a35c34d8fdf952b31da3d1f89f\",\"name\":\"Marcelo Lopes\",\"sameAs\":[\"http:\\\/\\\/www.marcelolopes.jor.br\"],\"url\":\"https:\\\/\\\/marcelolopes.jor.br\\\/site\\\/author\\\/marcelo\\\/\"}]}<\/script>\n<!-- \/ Yoast SEO plugin. -->","yoast_head_json":{"title":"Corrida da Independ\u00eancia ser\u00e1 realizada neste domingo | Marcelo Lopes","description":"Corrida da Independ\u00eancia ser\u00e1 realizada neste domingo. Largada principal ser\u00e1 \u00e0s 18 horas, na Pra\u00e7a Rui Barbosa","robots":{"index":"index","follow":"follow","max-snippet":"max-snippet:-1","max-image-preview":"max-image-preview:large","max-video-preview":"max-video-preview:-1"},"canonical":"https:\/\/marcelolopes.jor.br\/site\/2026\/09\/01\/corrida-da-independencia-sera-realizada-neste-domingo\/","og_locale":"pt_BR","og_type":"article","og_title":"Corrida da Independ\u00eancia ser\u00e1 realizada neste domingo | Marcelo Lopes","og_description":"Corrida da Independ\u00eancia ser\u00e1 realizada neste domingo. Largada principal ser\u00e1 \u00e0s 18 horas, na Pra\u00e7a Rui Barbosa","og_url":"https:\/\/marcelolopes.jor.br\/site\/2026\/09\/01\/corrida-da-independencia-sera-realizada-neste-domingo\/","og_site_name":"Marcelo Lopes","article_publisher":"https:\/\/www.facebook.com\/sitedomarcelolopes","article_published_time":"2026-09-01T19:00:51+00:00","og_image":[{"width":800,"height":550,"url":"https:\/\/marcelolopes.jor.br\/site\/wp-content\/uploads\/2026\/09\/corrida.jpg","type":"image\/jpeg"}],"author":"Marcelo Lopes","twitter_card":"summary_large_image","twitter_misc":{"Escrito por":"Marcelo Lopes","Est. tempo de leitura":"2 minutos"},"schema":{"@context":"https:\/\/schema.org","@graph":[{"@type":"NewsArticle","@id":"https:\/\/marcelolopes.jor.br\/site\/2026\/09\/01\/corrida-da-independencia-sera-realizada-neste-domingo\/#article","isPartOf":{"@id":"https:\/\/marcelolopes.jor.br\/site\/2026\/09\/01\/corrida-da-independencia-sera-realizada-neste-domingo\/"},"author":{"name":"Marcelo Lopes","@id":"https:\/\/marcelolopes.jor.br\/site\/#\/schema\/person\/3e7216a35c34d8fdf952b31da3d1f89f"},"headline":"Corrida da Independ\u00eancia ser\u00e1 realizada neste domingo","datePublished":"2026-09-01T19:00:51+00:00","mainEntityOfPage":{"@id":"https:\/\/marcelolopes.jor.br\/site\/2026\/09\/01\/corrida-da-independencia-sera-realizada-neste-domingo\/"},"wordCount":427,"commentCount":0,"publisher":{"@id":"https:\/\/marcelolopes.jor.br\/site\/#organization"},"image":{"@id":"https:\/\/marcelolopes.jor.br\/site\/2026\/09\/01\/corrida-da-independencia-sera-realizada-neste-domingo\/#primaryimage"},"thumbnailUrl":"https:\/\/marcelolopes.jor.br\/site\/wp-content\/uploads\/2026\/09\/corrida.jpg","articleSection":["Not\u00edcias"],"inLanguage":"pt-BR","potentialAction":[{"@type":"CommentAction","name":"Comment","target":["https:\/\/marcelolopes.jor.br\/site\/2026\/09\/01\/corrida-da-independencia-sera-realizada-neste-domingo\/#respond"]}]},{"@type":"WebPage","@id":"https:\/\/marcelolopes.jor.br\/site\/2026\/09\/01\/corrida-da-independencia-sera-realizada-neste-domingo\/","url":"https:\/\/marcelolopes.jor.br\/site\/2026\/09\/01\/corrida-da-independencia-sera-realizada-neste-domingo\/","name":"Corrida da Independ\u00eancia ser\u00e1 realizada neste domingo | Marcelo Lopes","isPartOf":{"@id":"https:\/\/marcelolopes.jor.br\/site\/#website"},"primaryImageOfPage":{"@id":"https:\/\/marcelolopes.jor.br\/site\/2026\/09\/01\/corrida-da-independencia-sera-realizada-neste-domingo\/#primaryimage"},"image":{"@id":"https:\/\/marcelolopes.jor.br\/site\/2026\/09\/01\/corrida-da-independencia-sera-realizada-neste-domingo\/#primaryimage"},"thumbnailUrl":"https:\/\/marcelolopes.jor.br\/site\/wp-content\/uploads\/2026\/09\/corrida.jpg","datePublished":"2026-09-01T19:00:51+00:00","description":"Corrida da Independ\u00eancia ser\u00e1 realizada neste domingo. Largada principal ser\u00e1 \u00e0s 18 horas, na Pra\u00e7a Rui Barbosa","breadcrumb":{"@id":"https:\/\/marcelolopes.jor.br\/site\/2026\/09\/01\/corrida-da-independencia-sera-realizada-neste-domingo\/#breadcrumb"},"inLanguage":"pt-BR","potentialAction":[{"@type":"ReadAction","target":["https:\/\/marcelolopes.jor.br\/site\/2026\/09\/01\/corrida-da-independencia-sera-realizada-neste-domingo\/"]}]},{"@type":"ImageObject","inLanguage":"pt-BR","@id":"https:\/\/marcelolopes.jor.br\/site\/2026\/09\/01\/corrida-da-independencia-sera-realizada-neste-domingo\/#primaryimage","url":"https:\/\/marcelolopes.jor.br\/site\/wp-content\/uploads\/2026\/09\/corrida.jpg","contentUrl":"https:\/\/marcelolopes.jor.br\/site\/wp-content\/uploads\/2026\/09\/corrida.jpg","width":800,"height":550,"caption":"Corrida da Independ\u00eancia ser\u00e1"},{"@type":"BreadcrumbList","@id":"https:\/\/marcelolopes.jor.br\/site\/2026\/09\/01\/corrida-da-independencia-sera-realizada-neste-domingo\/#breadcrumb","itemListElement":[{"@type":"ListItem","position":1,"name":"Home","item":"https:\/\/marcelolopes.jor.br\/site\/"},{"@type":"ListItem","position":2,"name":"Corrida da Independ\u00eancia ser\u00e1 realizada neste domingo"}]},{"@type":"WebSite","@id":"https:\/\/marcelolopes.jor.br\/site\/#website","url":"https:\/\/marcelolopes.jor.br\/site\/","name":"Marcelo Lopes","description":"Not\u00edcias de Cataguases e Regi\u00e3o","publisher":{"@id":"https:\/\/marcelolopes.jor.br\/site\/#organization"},"potentialAction":[{"@type":"SearchAction","target":{"@type":"EntryPoint","urlTemplate":"https:\/\/marcelolopes.jor.br\/site\/?s={search_term_string}"},"query-input":{"@type":"PropertyValueSpecification","valueRequired":true,"valueName":"search_term_string"}}],"inLanguage":"pt-BR"},{"@type":"Organization","@id":"https:\/\/marcelolopes.jor.br\/site\/#organization","name":"Site do Marcelo Lopes","url":"https:\/\/marcelolopes.jor.br\/site\/","logo":{"@type":"ImageObject","inLanguage":"pt-BR","@id":"https:\/\/marcelolopes.jor.br\/site\/#\/schema\/logo\/image\/","url":"https:\/\/marcelolopes.jor.br\/site\/wp-content\/uploads\/2026\/07\/cropped-logo2026.png","contentUrl":"https:\/\/marcelolopes.jor.br\/site\/wp-content\/uploads\/2026\/07\/cropped-logo2026.png","width":328,"height":96,"caption":"Site do Marcelo Lopes"},"image":{"@id":"https:\/\/marcelolopes.jor.br\/site\/#\/schema\/logo\/image\/"},"sameAs":["https:\/\/www.facebook.com\/sitedomarcelolopes","https:\/\/www.instagram.com\/sitedomarcelolopes\/","https:\/\/www.linkedin.com\/company\/site-do-marcelo-lopes\/","https:\/\/www.youtube.com\/user\/marcelolopes957"]},{"@type":"Person","@id":"https:\/\/marcelolopes.jor.br\/site\/#\/schema\/person\/3e7216a35c34d8fdf952b31da3d1f89f","name":"Marcelo Lopes","sameAs":["http:\/\/www.marcelolopes.jor.br"],"url":"https:\/\/marcelolopes.jor.br\/site\/author\/marcelo\/"}]}},"wps_subtitle":"Largada principal ser\u00e1 \u00e0s 18 horas, na Pra\u00e7a Rui Barbosa","_links":{"self":[{"href":"https:\/\/marcelolopes.jor.br\/site\/wp-json\/wp\/v2\/posts\/69520","targetHints":{"allow":["GET"]}}],"collection":[{"href":"https:\/\/marcelolopes.jor.br\/site\/wp-json\/wp\/v2\/posts"}],"about":[{"href":"https:\/\/marcelolopes.jor.br\/site\/wp-json\/wp\/v2\/types\/post"}],"author":[{"embeddable":true,"href":"https:\/\/marcelolopes.jor.br\/site\/wp-json\/wp\/v2\/users\/2"}],"replies":[{"embeddable":true,"href":"https:\/\/marcelolopes.jor.br\/site\/wp-json\/wp\/v2\/comments?post=69520"}],"version-history":[{"count":4,"href":"https:\/\/marcelolopes.jor.br\/site\/wp-json\/wp\/v2\/posts\/69520\/revisions"}],"predecessor-version":[{"id":69525,"href":"https:\/\/marcelolopes.jor.br\/site\/wp-json\/wp\/v2\/posts\/69520\/revisions\/69525"}],"wp:featuredmedia":[{"embeddable":true,"href":"https:\/\/marcelolopes.jor.br\/site\/wp-json\/wp\/v2\/media\/69522"}],"wp:attachment":[{"href":"https:\/\/marcelolopes.jor.br\/site\/wp-json\/wp\/v2\/media?parent=69520"}],"wp:term":[{"taxonomy":"category","embeddable":true,"href":"https:\/\/marcelolopes.jor.br\/site\/wp-json\/wp\/v2\/categories?post=69520"},{"taxonomy":"post_tag","embeddable":true,"href":"https:\/\/marcelolopes.jor.br\/site\/wp-json\/wp\/v2\/tags?post=69520"}],"curies":[{"name":"wp","href":"https:\/\/api.w.org\/{rel}","templated":true}]}}