{"id":69502,"date":"2026-09-01T12:00:31","date_gmt":"2026-09-01T15:00:31","guid":{"rendered":"https:\/\/marcelolopes.jor.br\/site\/?p=69502"},"modified":"2026-09-01T09:54:49","modified_gmt":"2026-09-01T12:54:49","slug":"tre-mg-mantem-cassacao-do-prefeito-e-da-vice-prefeita-de-mirai","status":"publish","type":"post","link":"https:\/\/marcelolopes.jor.br\/site\/2026\/09\/01\/tre-mg-mantem-cassacao-do-prefeito-e-da-vice-prefeita-de-mirai\/","title":{"rendered":"TRE-MG mant\u00e9m cassa\u00e7\u00e3o do prefeito e da vice-prefeita de Mira\u00ed"},"content":{"rendered":"<p>O Tribunal Regional Eleitoral de Minas Gerais (TRE-MG) manteve, nesta segunda-feira (31), a decis\u00e3o que determina a cassa\u00e7\u00e3o dos diplomas do prefeito de Mira\u00ed, Adaelson de Almeida Magalh\u00e3es, e da vice-prefeita, M\u00e1rcia Helena Machado de Siqueira (foto).<!--more--><\/p>\n<h4 class=\"p1\"><span class=\"s1\">\ud83d\udcf8\u00a0<span style=\"color: #008000;\">Siga o Site do Marcelo Lopes no<\/span>\u00a0<span style=\"color: #800000;\"><a style=\"color: #800000;\" href=\"https:\/\/www.facebook.com\/sitedomarcelolopes\/\"><strong>Facebook<\/strong><\/a><\/span>\u00a0<span style=\"color: #008000;\">e no<\/span>\u00a0<span style=\"color: #800000;\"><strong><a style=\"color: #800000;\" href=\"https:\/\/www.instagram.com\/sitedomarcelolopes\/\">Instagram<\/a><\/strong><\/span><\/span><\/h4>\n<h4 class=\"p1\">\ud83d\udcf1<span style=\"color: #008000;\">Participe do grupo de<\/span>\u00a0<span style=\"color: #800000;\"><a style=\"color: #800000;\" href=\"https:\/\/chat.whatsapp.com\/BibzcI1ibYSKytbdyzubLA\"><strong>WhatsApp<\/strong><\/a><\/span> <span style=\"color: #008000;\">do Site do Marcelo Lopes<\/p>\n<p><\/span><\/h4>\n<p>O processo envolve acusa\u00e7\u00f5es de abuso de poder pol\u00edtico e condutas vedadas durante as elei\u00e7\u00f5es de 2024, relacionadas principalmente a contrata\u00e7\u00f5es tempor\u00e1rias realizadas pela administra\u00e7\u00e3o municipal e demiss\u00f5es ocorridas ap\u00f3s o pleito.<\/p>\n<p>Al\u00e9m da cassa\u00e7\u00e3o, Adaelson permanece condenado \u00e0 inelegibilidade por oito anos.<\/p>\n<p>A decis\u00e3o do TRE-MG ainda pode ser contestada pela defesa no Tribunal Superior Eleitoral (TSE). Por isso, Adaelson n\u00e3o deixa automaticamente o cargo com o julgamento desta segunda-feira e permanece \u00e0 frente da Prefeitura enquanto n\u00e3o houver determina\u00e7\u00e3o de afastamento.<\/p>\n<p>A elei\u00e7\u00e3o de 2024 em Mira\u00ed foi marcada por uma disputa apertada. Adaelson venceu o segundo colocado, Felippe Fortuce, por apenas nove votos de diferen\u00e7a.<\/p>\n<p>Caso a cassa\u00e7\u00e3o seja mantida definitivamente nas inst\u00e2ncias superiores, poder\u00e1 haver mudan\u00e7as no comando do munic\u00edpio e eventual convoca\u00e7\u00e3o de nova elei\u00e7\u00e3o, conforme as regras da Justi\u00e7a Eleitoral.<\/p>\n<p><strong>OUTRAS NOT\u00cdCIAS<\/strong><br \/>\n<a href=\"https:\/\/marcelolopes.jor.br\/site\/2026\/07\/07\/mpmg-denuncia-prefeito-de-mirai-por-contratacoes-irregulares\/\"><strong><span style=\"color: #800000;\">MPMG denuncia prefeito de Mira\u00ed por contrata\u00e7\u00f5es irregulares<\/span><\/strong><\/a><\/p>\n<p><a href=\"https:\/\/marcelolopes.jor.br\/site\/2025\/08\/15\/prefeito-e-vice-de-mirai-sao-cassados-pela-justica-eleitoral\/\"><strong><span style=\"color: #800000;\">Prefeito e vice de Mira\u00ed s\u00e3o cassados pela Justi\u00e7a Eleitoral<\/span><\/strong><\/a><\/p>\n<p>Fonte e foto: R\u00e1dio Muria\u00e9\/Guia Mira\u00ed<\/p>\n<div class=\"rnaki6a97be74d2a71\" ><div style=\"margin-left: auto; margin-right: auto; text-align: center; margin-top: 50px; \" id=\"teste-500104813\"><a href=\"https:\/\/marcelolopes.jor.br\/site\/edital-audiencia-publica-energisa-minas-rio-2026\/\" aria-label=\"banneredital\"><img loading=\"lazy\" decoding=\"async\" src=\"https:\/\/marcelolopes.jor.br\/site\/wp-content\/uploads\/2026\/09\/banneredital.png\" alt=\"\"  srcset=\"https:\/\/marcelolopes.jor.br\/site\/wp-content\/uploads\/2026\/09\/banneredital.png 812w, https:\/\/marcelolopes.jor.br\/site\/wp-content\/uploads\/2026\/09\/banneredital-300x56.png 300w, https:\/\/marcelolopes.jor.br\/site\/wp-content\/uploads\/2026\/09\/banneredital-768x144.png 768w\" sizes=\"(max-width: 812px) 100vw, 812px\" width=\"812\" height=\"152\"  style=\"display: inline-block;\" \/><\/a><\/div><br><\/div><style type=\"text\/css\">\r\n@media screen and (min-width: 1201px) {\r\n.rnaki6a97be74d2a71 {\r\ndisplay: block;\r\n}\r\n}\r\n@media screen and (min-width: 993px) and (max-width: 1200px) {\r\n.rnaki6a97be74d2a71 {\r\ndisplay: block;\r\n}\r\n}\r\n@media screen and (min-width: 769px) and (max-width: 992px) {\r\n.rnaki6a97be74d2a71 {\r\ndisplay: block;\r\n}\r\n}\r\n@media screen and (min-width: 768px) and (max-width: 768px) {\r\n.rnaki6a97be74d2a71 {\r\ndisplay: block;\r\n}\r\n}\r\n@media screen and (max-width: 767px) {\r\n.rnaki6a97be74d2a71 {\r\ndisplay: block;\r\n}\r\n}\r\n<\/style>\r\n<div class=\"haphc6a97be74d9a50\" ><div id=\"div_destino\"><\/div>\r\n<script src=\"https:\/\/cdn.snsrsv.com\/sdk.js\"><\/script>\r\n<script >\r\n      new sdk(\"464030C30061EA8BE065000000000001\") \r\n          .appendTo(\"div_destino\")\r\n          .disableStyle(true) \r\n          .setCacheBusterMacro(\"%%CACHEBUSTER%%\")\r\n          .setSize(\"800\",\"214\")\r\n          .setClickMacro(\"%%CLICK_URL_ESC%%\") \r\n          .setReferrerUrlMacro(\"%%REFERRER_URL_ESC%%\") \r\n          .start(); \r\n<\/script><\/div><style type=\"text\/css\">\r\n@media screen and (min-width: 1201px) {\r\n.haphc6a97be74d9a50 {\r\ndisplay: block;\r\n}\r\n}\r\n@media screen and (min-width: 993px) and (max-width: 1200px) {\r\n.haphc6a97be74d9a50 {\r\ndisplay: block;\r\n}\r\n}\r\n@media screen and (min-width: 769px) and (max-width: 992px) {\r\n.haphc6a97be74d9a50 {\r\ndisplay: block;\r\n}\r\n}\r\n@media screen and (min-width: 768px) and (max-width: 768px) {\r\n.haphc6a97be74d9a50 {\r\ndisplay: block;\r\n}\r\n}\r\n@media screen and (max-width: 767px) {\r\n.haphc6a97be74d9a50 {\r\ndisplay: block;\r\n}\r\n}\r\n<\/style>\r\n","protected":false},"excerpt":{"rendered":"<p>O Tribunal Regional Eleitoral de Minas Gerais (TRE-MG) manteve, nesta segunda-feira (31), a decis\u00e3o que determina a cassa\u00e7\u00e3o dos diplomas do prefeito de Mira\u00ed, Adaelson de Almeida Magalh\u00e3es, e da vice-prefeita, M\u00e1rcia Helena Machado de Siqueira (foto).<\/p>\n","protected":false},"author":2,"featured_media":69504,"comment_status":"open","ping_status":"closed","sticky":false,"template":"","format":"standard","meta":{"footnotes":""},"categories":[1],"tags":[],"class_list":["post-69502","post","type-post","status-publish","format-standard","has-post-thumbnail","hentry","category-noticias","thumb-below-title"],"yoast_head":"<!-- This site is optimized with the Yoast SEO plugin v28.3 - https:\/\/yoast.com\/product\/yoast-seo-wordpress\/ -->\n<title>TRE-MG mant\u00e9m cassa\u00e7\u00e3o do prefeito e da vice-prefeita de Mira\u00ed | Marcelo Lopes<\/title>\n<meta name=\"description\" content=\"TRE-MG mant\u00e9m cassa\u00e7\u00e3o do prefeito e da vice-prefeita de Mira\u00ed. Julgamento aconteceu na tarde desta segunda-feira, 31, em Belo Horizonte.\" \/>\n<meta name=\"robots\" content=\"index, follow, max-snippet:-1, max-image-preview:large, max-video-preview:-1\" \/>\n<link rel=\"canonical\" href=\"https:\/\/marcelolopes.jor.br\/site\/2026\/09\/01\/tre-mg-mantem-cassacao-do-prefeito-e-da-vice-prefeita-de-mirai\/\" \/>\n<meta property=\"og:locale\" content=\"pt_BR\" \/>\n<meta property=\"og:type\" content=\"article\" \/>\n<meta property=\"og:title\" content=\"TRE-MG mant\u00e9m cassa\u00e7\u00e3o do prefeito e da vice-prefeita de Mira\u00ed | Marcelo Lopes\" \/>\n<meta property=\"og:description\" content=\"TRE-MG mant\u00e9m cassa\u00e7\u00e3o do prefeito e da vice-prefeita de Mira\u00ed. Julgamento aconteceu na tarde desta segunda-feira, 31, em Belo Horizonte.\" \/>\n<meta property=\"og:url\" content=\"https:\/\/marcelolopes.jor.br\/site\/2026\/09\/01\/tre-mg-mantem-cassacao-do-prefeito-e-da-vice-prefeita-de-mirai\/\" \/>\n<meta property=\"og:site_name\" content=\"Marcelo Lopes\" \/>\n<meta property=\"article:publisher\" content=\"https:\/\/www.facebook.com\/sitedomarcelolopes\" \/>\n<meta property=\"article:published_time\" content=\"2026-09-01T15:00:31+00:00\" \/>\n<meta property=\"og:image\" content=\"https:\/\/marcelolopes.jor.br\/site\/wp-content\/uploads\/2026\/09\/18-4.jpeg\" \/>\n\t<meta property=\"og:image:width\" content=\"750\" \/>\n\t<meta property=\"og:image:height\" content=\"500\" \/>\n\t<meta property=\"og:image:type\" content=\"image\/jpeg\" \/>\n<meta name=\"author\" content=\"Marcelo Lopes\" \/>\n<meta name=\"twitter:card\" content=\"summary_large_image\" \/>\n<meta name=\"twitter:label1\" content=\"Escrito por\" \/>\n\t<meta name=\"twitter:data1\" content=\"Marcelo Lopes\" \/>\n\t<meta name=\"twitter:label2\" content=\"Est. tempo de leitura\" \/>\n\t<meta name=\"twitter:data2\" content=\"1 minuto\" \/>\n<script type=\"application\/ld+json\" class=\"yoast-schema-graph\">{\"@context\":\"https:\\\/\\\/schema.org\",\"@graph\":[{\"@type\":\"NewsArticle\",\"@id\":\"https:\\\/\\\/marcelolopes.jor.br\\\/site\\\/2026\\\/09\\\/01\\\/tre-mg-mantem-cassacao-do-prefeito-e-da-vice-prefeita-de-mirai\\\/#article\",\"isPartOf\":{\"@id\":\"https:\\\/\\\/marcelolopes.jor.br\\\/site\\\/2026\\\/09\\\/01\\\/tre-mg-mantem-cassacao-do-prefeito-e-da-vice-prefeita-de-mirai\\\/\"},\"author\":{\"name\":\"Marcelo Lopes\",\"@id\":\"https:\\\/\\\/marcelolopes.jor.br\\\/site\\\/#\\\/schema\\\/person\\\/3e7216a35c34d8fdf952b31da3d1f89f\"},\"headline\":\"TRE-MG mant\u00e9m cassa\u00e7\u00e3o do prefeito e da vice-prefeita de Mira\u00ed\",\"datePublished\":\"2026-09-01T15:00:31+00:00\",\"mainEntityOfPage\":{\"@id\":\"https:\\\/\\\/marcelolopes.jor.br\\\/site\\\/2026\\\/09\\\/01\\\/tre-mg-mantem-cassacao-do-prefeito-e-da-vice-prefeita-de-mirai\\\/\"},\"wordCount\":260,\"commentCount\":0,\"publisher\":{\"@id\":\"https:\\\/\\\/marcelolopes.jor.br\\\/site\\\/#organization\"},\"image\":{\"@id\":\"https:\\\/\\\/marcelolopes.jor.br\\\/site\\\/2026\\\/09\\\/01\\\/tre-mg-mantem-cassacao-do-prefeito-e-da-vice-prefeita-de-mirai\\\/#primaryimage\"},\"thumbnailUrl\":\"https:\\\/\\\/marcelolopes.jor.br\\\/site\\\/wp-content\\\/uploads\\\/2026\\\/09\\\/18-4.jpeg\",\"articleSection\":[\"Not\u00edcias\"],\"inLanguage\":\"pt-BR\",\"potentialAction\":[{\"@type\":\"CommentAction\",\"name\":\"Comment\",\"target\":[\"https:\\\/\\\/marcelolopes.jor.br\\\/site\\\/2026\\\/09\\\/01\\\/tre-mg-mantem-cassacao-do-prefeito-e-da-vice-prefeita-de-mirai\\\/#respond\"]}]},{\"@type\":\"WebPage\",\"@id\":\"https:\\\/\\\/marcelolopes.jor.br\\\/site\\\/2026\\\/09\\\/01\\\/tre-mg-mantem-cassacao-do-prefeito-e-da-vice-prefeita-de-mirai\\\/\",\"url\":\"https:\\\/\\\/marcelolopes.jor.br\\\/site\\\/2026\\\/09\\\/01\\\/tre-mg-mantem-cassacao-do-prefeito-e-da-vice-prefeita-de-mirai\\\/\",\"name\":\"TRE-MG mant\u00e9m cassa\u00e7\u00e3o do prefeito e da vice-prefeita de Mira\u00ed | Marcelo Lopes\",\"isPartOf\":{\"@id\":\"https:\\\/\\\/marcelolopes.jor.br\\\/site\\\/#website\"},\"primaryImageOfPage\":{\"@id\":\"https:\\\/\\\/marcelolopes.jor.br\\\/site\\\/2026\\\/09\\\/01\\\/tre-mg-mantem-cassacao-do-prefeito-e-da-vice-prefeita-de-mirai\\\/#primaryimage\"},\"image\":{\"@id\":\"https:\\\/\\\/marcelolopes.jor.br\\\/site\\\/2026\\\/09\\\/01\\\/tre-mg-mantem-cassacao-do-prefeito-e-da-vice-prefeita-de-mirai\\\/#primaryimage\"},\"thumbnailUrl\":\"https:\\\/\\\/marcelolopes.jor.br\\\/site\\\/wp-content\\\/uploads\\\/2026\\\/09\\\/18-4.jpeg\",\"datePublished\":\"2026-09-01T15:00:31+00:00\",\"description\":\"TRE-MG mant\u00e9m cassa\u00e7\u00e3o do prefeito e da vice-prefeita de Mira\u00ed. Julgamento aconteceu na tarde desta segunda-feira, 31, em Belo Horizonte.\",\"breadcrumb\":{\"@id\":\"https:\\\/\\\/marcelolopes.jor.br\\\/site\\\/2026\\\/09\\\/01\\\/tre-mg-mantem-cassacao-do-prefeito-e-da-vice-prefeita-de-mirai\\\/#breadcrumb\"},\"inLanguage\":\"pt-BR\",\"potentialAction\":[{\"@type\":\"ReadAction\",\"target\":[\"https:\\\/\\\/marcelolopes.jor.br\\\/site\\\/2026\\\/09\\\/01\\\/tre-mg-mantem-cassacao-do-prefeito-e-da-vice-prefeita-de-mirai\\\/\"]}]},{\"@type\":\"ImageObject\",\"inLanguage\":\"pt-BR\",\"@id\":\"https:\\\/\\\/marcelolopes.jor.br\\\/site\\\/2026\\\/09\\\/01\\\/tre-mg-mantem-cassacao-do-prefeito-e-da-vice-prefeita-de-mirai\\\/#primaryimage\",\"url\":\"https:\\\/\\\/marcelolopes.jor.br\\\/site\\\/wp-content\\\/uploads\\\/2026\\\/09\\\/18-4.jpeg\",\"contentUrl\":\"https:\\\/\\\/marcelolopes.jor.br\\\/site\\\/wp-content\\\/uploads\\\/2026\\\/09\\\/18-4.jpeg\",\"width\":750,\"height\":500},{\"@type\":\"BreadcrumbList\",\"@id\":\"https:\\\/\\\/marcelolopes.jor.br\\\/site\\\/2026\\\/09\\\/01\\\/tre-mg-mantem-cassacao-do-prefeito-e-da-vice-prefeita-de-mirai\\\/#breadcrumb\",\"itemListElement\":[{\"@type\":\"ListItem\",\"position\":1,\"name\":\"Home\",\"item\":\"https:\\\/\\\/marcelolopes.jor.br\\\/site\\\/\"},{\"@type\":\"ListItem\",\"position\":2,\"name\":\"TRE-MG mant\u00e9m cassa\u00e7\u00e3o do prefeito e da vice-prefeita de Mira\u00ed\"}]},{\"@type\":\"WebSite\",\"@id\":\"https:\\\/\\\/marcelolopes.jor.br\\\/site\\\/#website\",\"url\":\"https:\\\/\\\/marcelolopes.jor.br\\\/site\\\/\",\"name\":\"Marcelo Lopes\",\"description\":\"Not\u00edcias de Cataguases e Regi\u00e3o\",\"publisher\":{\"@id\":\"https:\\\/\\\/marcelolopes.jor.br\\\/site\\\/#organization\"},\"potentialAction\":[{\"@type\":\"SearchAction\",\"target\":{\"@type\":\"EntryPoint\",\"urlTemplate\":\"https:\\\/\\\/marcelolopes.jor.br\\\/site\\\/?s={search_term_string}\"},\"query-input\":{\"@type\":\"PropertyValueSpecification\",\"valueRequired\":true,\"valueName\":\"search_term_string\"}}],\"inLanguage\":\"pt-BR\"},{\"@type\":\"Organization\",\"@id\":\"https:\\\/\\\/marcelolopes.jor.br\\\/site\\\/#organization\",\"name\":\"Site do Marcelo Lopes\",\"url\":\"https:\\\/\\\/marcelolopes.jor.br\\\/site\\\/\",\"logo\":{\"@type\":\"ImageObject\",\"inLanguage\":\"pt-BR\",\"@id\":\"https:\\\/\\\/marcelolopes.jor.br\\\/site\\\/#\\\/schema\\\/logo\\\/image\\\/\",\"url\":\"https:\\\/\\\/marcelolopes.jor.br\\\/site\\\/wp-content\\\/uploads\\\/2026\\\/07\\\/cropped-logo2026.png\",\"contentUrl\":\"https:\\\/\\\/marcelolopes.jor.br\\\/site\\\/wp-content\\\/uploads\\\/2026\\\/07\\\/cropped-logo2026.png\",\"width\":328,\"height\":96,\"caption\":\"Site do Marcelo Lopes\"},\"image\":{\"@id\":\"https:\\\/\\\/marcelolopes.jor.br\\\/site\\\/#\\\/schema\\\/logo\\\/image\\\/\"},\"sameAs\":[\"https:\\\/\\\/www.facebook.com\\\/sitedomarcelolopes\",\"https:\\\/\\\/www.instagram.com\\\/sitedomarcelolopes\\\/\",\"https:\\\/\\\/www.linkedin.com\\\/company\\\/site-do-marcelo-lopes\\\/\",\"https:\\\/\\\/www.youtube.com\\\/user\\\/marcelolopes957\"]},{\"@type\":\"Person\",\"@id\":\"https:\\\/\\\/marcelolopes.jor.br\\\/site\\\/#\\\/schema\\\/person\\\/3e7216a35c34d8fdf952b31da3d1f89f\",\"name\":\"Marcelo Lopes\",\"sameAs\":[\"http:\\\/\\\/www.marcelolopes.jor.br\"],\"url\":\"https:\\\/\\\/marcelolopes.jor.br\\\/site\\\/author\\\/marcelo\\\/\"}]}<\/script>\n<!-- \/ Yoast SEO plugin. -->","yoast_head_json":{"title":"TRE-MG mant\u00e9m cassa\u00e7\u00e3o do prefeito e da vice-prefeita de Mira\u00ed | Marcelo Lopes","description":"TRE-MG mant\u00e9m cassa\u00e7\u00e3o do prefeito e da vice-prefeita de Mira\u00ed. Julgamento aconteceu na tarde desta segunda-feira, 31, em Belo Horizonte.","robots":{"index":"index","follow":"follow","max-snippet":"max-snippet:-1","max-image-preview":"max-image-preview:large","max-video-preview":"max-video-preview:-1"},"canonical":"https:\/\/marcelolopes.jor.br\/site\/2026\/09\/01\/tre-mg-mantem-cassacao-do-prefeito-e-da-vice-prefeita-de-mirai\/","og_locale":"pt_BR","og_type":"article","og_title":"TRE-MG mant\u00e9m cassa\u00e7\u00e3o do prefeito e da vice-prefeita de Mira\u00ed | Marcelo Lopes","og_description":"TRE-MG mant\u00e9m cassa\u00e7\u00e3o do prefeito e da vice-prefeita de Mira\u00ed. Julgamento aconteceu na tarde desta segunda-feira, 31, em Belo Horizonte.","og_url":"https:\/\/marcelolopes.jor.br\/site\/2026\/09\/01\/tre-mg-mantem-cassacao-do-prefeito-e-da-vice-prefeita-de-mirai\/","og_site_name":"Marcelo Lopes","article_publisher":"https:\/\/www.facebook.com\/sitedomarcelolopes","article_published_time":"2026-09-01T15:00:31+00:00","og_image":[{"width":750,"height":500,"url":"https:\/\/marcelolopes.jor.br\/site\/wp-content\/uploads\/2026\/09\/18-4.jpeg","type":"image\/jpeg"}],"author":"Marcelo Lopes","twitter_card":"summary_large_image","twitter_misc":{"Escrito por":"Marcelo Lopes","Est. tempo de leitura":"1 minuto"},"schema":{"@context":"https:\/\/schema.org","@graph":[{"@type":"NewsArticle","@id":"https:\/\/marcelolopes.jor.br\/site\/2026\/09\/01\/tre-mg-mantem-cassacao-do-prefeito-e-da-vice-prefeita-de-mirai\/#article","isPartOf":{"@id":"https:\/\/marcelolopes.jor.br\/site\/2026\/09\/01\/tre-mg-mantem-cassacao-do-prefeito-e-da-vice-prefeita-de-mirai\/"},"author":{"name":"Marcelo Lopes","@id":"https:\/\/marcelolopes.jor.br\/site\/#\/schema\/person\/3e7216a35c34d8fdf952b31da3d1f89f"},"headline":"TRE-MG mant\u00e9m cassa\u00e7\u00e3o do prefeito e da vice-prefeita de Mira\u00ed","datePublished":"2026-09-01T15:00:31+00:00","mainEntityOfPage":{"@id":"https:\/\/marcelolopes.jor.br\/site\/2026\/09\/01\/tre-mg-mantem-cassacao-do-prefeito-e-da-vice-prefeita-de-mirai\/"},"wordCount":260,"commentCount":0,"publisher":{"@id":"https:\/\/marcelolopes.jor.br\/site\/#organization"},"image":{"@id":"https:\/\/marcelolopes.jor.br\/site\/2026\/09\/01\/tre-mg-mantem-cassacao-do-prefeito-e-da-vice-prefeita-de-mirai\/#primaryimage"},"thumbnailUrl":"https:\/\/marcelolopes.jor.br\/site\/wp-content\/uploads\/2026\/09\/18-4.jpeg","articleSection":["Not\u00edcias"],"inLanguage":"pt-BR","potentialAction":[{"@type":"CommentAction","name":"Comment","target":["https:\/\/marcelolopes.jor.br\/site\/2026\/09\/01\/tre-mg-mantem-cassacao-do-prefeito-e-da-vice-prefeita-de-mirai\/#respond"]}]},{"@type":"WebPage","@id":"https:\/\/marcelolopes.jor.br\/site\/2026\/09\/01\/tre-mg-mantem-cassacao-do-prefeito-e-da-vice-prefeita-de-mirai\/","url":"https:\/\/marcelolopes.jor.br\/site\/2026\/09\/01\/tre-mg-mantem-cassacao-do-prefeito-e-da-vice-prefeita-de-mirai\/","name":"TRE-MG mant\u00e9m cassa\u00e7\u00e3o do prefeito e da vice-prefeita de Mira\u00ed | Marcelo Lopes","isPartOf":{"@id":"https:\/\/marcelolopes.jor.br\/site\/#website"},"primaryImageOfPage":{"@id":"https:\/\/marcelolopes.jor.br\/site\/2026\/09\/01\/tre-mg-mantem-cassacao-do-prefeito-e-da-vice-prefeita-de-mirai\/#primaryimage"},"image":{"@id":"https:\/\/marcelolopes.jor.br\/site\/2026\/09\/01\/tre-mg-mantem-cassacao-do-prefeito-e-da-vice-prefeita-de-mirai\/#primaryimage"},"thumbnailUrl":"https:\/\/marcelolopes.jor.br\/site\/wp-content\/uploads\/2026\/09\/18-4.jpeg","datePublished":"2026-09-01T15:00:31+00:00","description":"TRE-MG mant\u00e9m cassa\u00e7\u00e3o do prefeito e da vice-prefeita de Mira\u00ed. Julgamento aconteceu na tarde desta segunda-feira, 31, em Belo Horizonte.","breadcrumb":{"@id":"https:\/\/marcelolopes.jor.br\/site\/2026\/09\/01\/tre-mg-mantem-cassacao-do-prefeito-e-da-vice-prefeita-de-mirai\/#breadcrumb"},"inLanguage":"pt-BR","potentialAction":[{"@type":"ReadAction","target":["https:\/\/marcelolopes.jor.br\/site\/2026\/09\/01\/tre-mg-mantem-cassacao-do-prefeito-e-da-vice-prefeita-de-mirai\/"]}]},{"@type":"ImageObject","inLanguage":"pt-BR","@id":"https:\/\/marcelolopes.jor.br\/site\/2026\/09\/01\/tre-mg-mantem-cassacao-do-prefeito-e-da-vice-prefeita-de-mirai\/#primaryimage","url":"https:\/\/marcelolopes.jor.br\/site\/wp-content\/uploads\/2026\/09\/18-4.jpeg","contentUrl":"https:\/\/marcelolopes.jor.br\/site\/wp-content\/uploads\/2026\/09\/18-4.jpeg","width":750,"height":500},{"@type":"BreadcrumbList","@id":"https:\/\/marcelolopes.jor.br\/site\/2026\/09\/01\/tre-mg-mantem-cassacao-do-prefeito-e-da-vice-prefeita-de-mirai\/#breadcrumb","itemListElement":[{"@type":"ListItem","position":1,"name":"Home","item":"https:\/\/marcelolopes.jor.br\/site\/"},{"@type":"ListItem","position":2,"name":"TRE-MG mant\u00e9m cassa\u00e7\u00e3o do prefeito e da vice-prefeita de Mira\u00ed"}]},{"@type":"WebSite","@id":"https:\/\/marcelolopes.jor.br\/site\/#website","url":"https:\/\/marcelolopes.jor.br\/site\/","name":"Marcelo Lopes","description":"Not\u00edcias de Cataguases e Regi\u00e3o","publisher":{"@id":"https:\/\/marcelolopes.jor.br\/site\/#organization"},"potentialAction":[{"@type":"SearchAction","target":{"@type":"EntryPoint","urlTemplate":"https:\/\/marcelolopes.jor.br\/site\/?s={search_term_string}"},"query-input":{"@type":"PropertyValueSpecification","valueRequired":true,"valueName":"search_term_string"}}],"inLanguage":"pt-BR"},{"@type":"Organization","@id":"https:\/\/marcelolopes.jor.br\/site\/#organization","name":"Site do Marcelo Lopes","url":"https:\/\/marcelolopes.jor.br\/site\/","logo":{"@type":"ImageObject","inLanguage":"pt-BR","@id":"https:\/\/marcelolopes.jor.br\/site\/#\/schema\/logo\/image\/","url":"https:\/\/marcelolopes.jor.br\/site\/wp-content\/uploads\/2026\/07\/cropped-logo2026.png","contentUrl":"https:\/\/marcelolopes.jor.br\/site\/wp-content\/uploads\/2026\/07\/cropped-logo2026.png","width":328,"height":96,"caption":"Site do Marcelo Lopes"},"image":{"@id":"https:\/\/marcelolopes.jor.br\/site\/#\/schema\/logo\/image\/"},"sameAs":["https:\/\/www.facebook.com\/sitedomarcelolopes","https:\/\/www.instagram.com\/sitedomarcelolopes\/","https:\/\/www.linkedin.com\/company\/site-do-marcelo-lopes\/","https:\/\/www.youtube.com\/user\/marcelolopes957"]},{"@type":"Person","@id":"https:\/\/marcelolopes.jor.br\/site\/#\/schema\/person\/3e7216a35c34d8fdf952b31da3d1f89f","name":"Marcelo Lopes","sameAs":["http:\/\/www.marcelolopes.jor.br"],"url":"https:\/\/marcelolopes.jor.br\/site\/author\/marcelo\/"}]}},"wps_subtitle":"Julgamento aconteceu na tarde desta segunda-feira, 31, em Belo Horizonte.","_links":{"self":[{"href":"https:\/\/marcelolopes.jor.br\/site\/wp-json\/wp\/v2\/posts\/69502","targetHints":{"allow":["GET"]}}],"collection":[{"href":"https:\/\/marcelolopes.jor.br\/site\/wp-json\/wp\/v2\/posts"}],"about":[{"href":"https:\/\/marcelolopes.jor.br\/site\/wp-json\/wp\/v2\/types\/post"}],"author":[{"embeddable":true,"href":"https:\/\/marcelolopes.jor.br\/site\/wp-json\/wp\/v2\/users\/2"}],"replies":[{"embeddable":true,"href":"https:\/\/marcelolopes.jor.br\/site\/wp-json\/wp\/v2\/comments?post=69502"}],"version-history":[{"count":3,"href":"https:\/\/marcelolopes.jor.br\/site\/wp-json\/wp\/v2\/posts\/69502\/revisions"}],"predecessor-version":[{"id":69508,"href":"https:\/\/marcelolopes.jor.br\/site\/wp-json\/wp\/v2\/posts\/69502\/revisions\/69508"}],"wp:featuredmedia":[{"embeddable":true,"href":"https:\/\/marcelolopes.jor.br\/site\/wp-json\/wp\/v2\/media\/69504"}],"wp:attachment":[{"href":"https:\/\/marcelolopes.jor.br\/site\/wp-json\/wp\/v2\/media?parent=69502"}],"wp:term":[{"taxonomy":"category","embeddable":true,"href":"https:\/\/marcelolopes.jor.br\/site\/wp-json\/wp\/v2\/categories?post=69502"},{"taxonomy":"post_tag","embeddable":true,"href":"https:\/\/marcelolopes.jor.br\/site\/wp-json\/wp\/v2\/tags?post=69502"}],"curies":[{"name":"wp","href":"https:\/\/api.w.org\/{rel}","templated":true}]}}