{"id":69491,"date":"2026-08-31T12:00:14","date_gmt":"2026-08-31T15:00:14","guid":{"rendered":"https:\/\/marcelolopes.jor.br\/site\/?p=69491"},"modified":"2026-08-31T11:10:13","modified_gmt":"2026-08-31T14:10:13","slug":"homem-fica-ferido-apos-salto-frustrado-de-voo-livre-em-leopoldina","status":"publish","type":"post","link":"https:\/\/marcelolopes.jor.br\/site\/2026\/08\/31\/homem-fica-ferido-apos-salto-frustrado-de-voo-livre-em-leopoldina\/","title":{"rendered":"Homem fica ferido ap\u00f3s salto frustrado de voo livre em Leopoldina"},"content":{"rendered":"<p>Um homem de 59 anos ficou ferido ap\u00f3s perder o controle do equipamento que utilizava durante um salto de parapente neste domingo, 30 de agosto, no Morro do Cruzeiro, em Leopoldina.<!--more--><\/p>\n<h4 class=\"p1\"><span class=\"s1\">\ud83d\udcf8\u00a0<span style=\"color: #008000;\">Siga o Site do Marcelo Lopes no<\/span>\u00a0<span style=\"color: #800000;\"><a style=\"color: #800000;\" href=\"https:\/\/www.facebook.com\/sitedomarcelolopes\/\"><strong>Facebook<\/strong><\/a><\/span>\u00a0<span style=\"color: #008000;\">e no<\/span>\u00a0<span style=\"color: #800000;\"><strong><a style=\"color: #800000;\" href=\"https:\/\/www.instagram.com\/sitedomarcelolopes\/\">Instagram<\/a><\/strong><\/span><\/span><\/h4>\n<h4 class=\"p1\">\ud83d\udcf1<span style=\"color: #008000;\">Participe do grupo de<\/span>\u00a0<span style=\"color: #800000;\"><a style=\"color: #800000;\" href=\"https:\/\/chat.whatsapp.com\/BibzcI1ibYSKytbdyzubLA\"><strong>WhatsApp<\/strong><\/a><\/span> <span style=\"color: #008000;\">do Site do Marcelo Lopes<\/span><\/h4>\n<p>Segundo informa\u00e7\u00f5es divulgadas pelo Jornal O Vigilante Online, o homem teria perdido o controle do equipamento e passado a se deslocar rapidamente morro abaixo. Conforme o Corpo de Bombeiros, n\u00e3o houve uma queda direta, mas um deslocamento descontrolado pela encosta.<\/p>\n<p>A ocorr\u00eancia aconteceu na parte inferior do Morro do Cruzeiro. Os bombeiros chegaram ao local pela BR-116, nas proximidades do posto da Pol\u00edcia Rodovi\u00e1ria Federal (PRF).<\/p>\n<p>A v\u00edtima, natural de Petr\u00f3polis (RJ), foi localizada e resgatada pelos bombeiros militares, que contaram com o aux\u00edlio de integrantes do grupo de praticantes que j\u00e1 prestavam assist\u00eancia ao homem.<\/p>\n<p>Ap\u00f3s o resgate, ele foi encaminhado pela Unidade de Suporte Avan\u00e7ado (USA) do Samu \u00e0 Casa de Caridade Leopoldinense, onde permaneceu sob cuidados da equipe m\u00e9dica para avalia\u00e7\u00e3o e continuidade do atendimento.<\/p>\n<h3>Acidente em Muria\u00e9<\/h3>\n<p>Em Muria\u00e9, um praticante de parapente ficou gravemente ferido ap\u00f3s cair na regi\u00e3o do distrito de Macuco. Segundo informa\u00e7\u00f5es preliminares, ele teria sido surpreendido por uma corrente de vento e caiu em uma \u00e1rea de v\u00e1rzea, pr\u00f3ximo \u00e0 rede el\u00e9trica. A v\u00edtima, moradora de Muria\u00e9, foi socorrida pelo Samu e Corpo de Bombeiros e encaminhada em estado cr\u00edtico ao Hospital S\u00e3o Paulo.<\/p>\n<p><strong>OUTRAS NOT\u00cdCIAS<\/strong><br \/>\n<a href=\"https:\/\/marcelolopes.jor.br\/site\/2025\/06\/08\/dois-homens-caem-apos-decolagem-de-parapente-em-muriae\/\"><strong><span style=\"color: #800000;\">Dois homens caem ap\u00f3s decolagem de parapente em Muria\u00e9<\/span><\/strong><\/a><\/p>\n<p><a href=\"https:\/\/marcelolopes.jor.br\/site\/2024\/02\/14\/atleta-de-leopoldina-morre-apos-pular-de-parapente-no-espirito-santo\/\"><span style=\"color: #800000;\"><strong>Atleta de Leopoldina morre ap\u00f3s pular de parapente no Esp\u00edrito Santo<\/strong><\/span><\/a><\/p>\n<p>Fonte e foto: O Vigilante Online<\/p>\n<div class=\"trppt6a97be4c0618f\" ><div style=\"margin-left: auto; margin-right: auto; text-align: center; margin-top: 50px; \" id=\"teste-1075664376\"><a href=\"https:\/\/marcelolopes.jor.br\/site\/edital-audiencia-publica-energisa-minas-rio-2026\/\" aria-label=\"banneredital\"><img loading=\"lazy\" decoding=\"async\" src=\"https:\/\/marcelolopes.jor.br\/site\/wp-content\/uploads\/2026\/09\/banneredital.png\" alt=\"\"  srcset=\"https:\/\/marcelolopes.jor.br\/site\/wp-content\/uploads\/2026\/09\/banneredital.png 812w, https:\/\/marcelolopes.jor.br\/site\/wp-content\/uploads\/2026\/09\/banneredital-300x56.png 300w, https:\/\/marcelolopes.jor.br\/site\/wp-content\/uploads\/2026\/09\/banneredital-768x144.png 768w\" sizes=\"(max-width: 812px) 100vw, 812px\" width=\"812\" height=\"152\"  style=\"display: inline-block;\" \/><\/a><\/div><br><\/div><style type=\"text\/css\">\r\n@media screen and (min-width: 1201px) {\r\n.trppt6a97be4c0618f {\r\ndisplay: block;\r\n}\r\n}\r\n@media screen and (min-width: 993px) and (max-width: 1200px) {\r\n.trppt6a97be4c0618f {\r\ndisplay: block;\r\n}\r\n}\r\n@media screen and (min-width: 769px) and (max-width: 992px) {\r\n.trppt6a97be4c0618f {\r\ndisplay: block;\r\n}\r\n}\r\n@media screen and (min-width: 768px) and (max-width: 768px) {\r\n.trppt6a97be4c0618f {\r\ndisplay: block;\r\n}\r\n}\r\n@media screen and (max-width: 767px) {\r\n.trppt6a97be4c0618f {\r\ndisplay: block;\r\n}\r\n}\r\n<\/style>\r\n<div class=\"dcqza6a97be4c0c407\" ><div id=\"div_destino\"><\/div>\r\n<script src=\"https:\/\/cdn.snsrsv.com\/sdk.js\"><\/script>\r\n<script >\r\n      new sdk(\"464030C30061EA8BE065000000000001\") \r\n          .appendTo(\"div_destino\")\r\n          .disableStyle(true) \r\n          .setCacheBusterMacro(\"%%CACHEBUSTER%%\")\r\n          .setSize(\"800\",\"214\")\r\n          .setClickMacro(\"%%CLICK_URL_ESC%%\") \r\n          .setReferrerUrlMacro(\"%%REFERRER_URL_ESC%%\") \r\n          .start(); \r\n<\/script><\/div><style type=\"text\/css\">\r\n@media screen and (min-width: 1201px) {\r\n.dcqza6a97be4c0c407 {\r\ndisplay: block;\r\n}\r\n}\r\n@media screen and (min-width: 993px) and (max-width: 1200px) {\r\n.dcqza6a97be4c0c407 {\r\ndisplay: block;\r\n}\r\n}\r\n@media screen and (min-width: 769px) and (max-width: 992px) {\r\n.dcqza6a97be4c0c407 {\r\ndisplay: block;\r\n}\r\n}\r\n@media screen and (min-width: 768px) and (max-width: 768px) {\r\n.dcqza6a97be4c0c407 {\r\ndisplay: block;\r\n}\r\n}\r\n@media screen and (max-width: 767px) {\r\n.dcqza6a97be4c0c407 {\r\ndisplay: block;\r\n}\r\n}\r\n<\/style>\r\n","protected":false},"excerpt":{"rendered":"<p>Um homem de 59 anos ficou ferido ap\u00f3s perder o controle do equipamento que utilizava durante um salto de parapente neste domingo, 30 de agosto, no Morro do Cruzeiro, em Leopoldina.<\/p>\n","protected":false},"author":2,"featured_media":69493,"comment_status":"open","ping_status":"closed","sticky":false,"template":"","format":"standard","meta":{"footnotes":""},"categories":[1],"tags":[],"class_list":["post-69491","post","type-post","status-publish","format-standard","has-post-thumbnail","hentry","category-noticias","thumb-below-title"],"yoast_head":"<!-- This site is optimized with the Yoast SEO plugin v28.3 - https:\/\/yoast.com\/product\/yoast-seo-wordpress\/ -->\n<title>Homem fica ferido ap\u00f3s salto frustrado de voo livre em Leopoldina | Marcelo Lopes<\/title>\n<meta name=\"description\" content=\"Homem fica ferido ap\u00f3s salto frustrado de voo livre em Leopoldina. Ele, que \u00e9 natural de Petr\u00f3polis, foi resgatado pelo Corpo de Bombeiros.\" \/>\n<meta name=\"robots\" content=\"index, follow, max-snippet:-1, max-image-preview:large, max-video-preview:-1\" \/>\n<link rel=\"canonical\" href=\"https:\/\/marcelolopes.jor.br\/site\/2026\/08\/31\/homem-fica-ferido-apos-salto-frustrado-de-voo-livre-em-leopoldina\/\" \/>\n<meta property=\"og:locale\" content=\"pt_BR\" \/>\n<meta property=\"og:type\" content=\"article\" \/>\n<meta property=\"og:title\" content=\"Homem fica ferido ap\u00f3s salto frustrado de voo livre em Leopoldina | Marcelo Lopes\" \/>\n<meta property=\"og:description\" content=\"Homem fica ferido ap\u00f3s salto frustrado de voo livre em Leopoldina. Ele, que \u00e9 natural de Petr\u00f3polis, foi resgatado pelo Corpo de Bombeiros.\" \/>\n<meta property=\"og:url\" content=\"https:\/\/marcelolopes.jor.br\/site\/2026\/08\/31\/homem-fica-ferido-apos-salto-frustrado-de-voo-livre-em-leopoldina\/\" \/>\n<meta property=\"og:site_name\" content=\"Marcelo Lopes\" \/>\n<meta property=\"article:publisher\" content=\"https:\/\/www.facebook.com\/sitedomarcelolopes\" \/>\n<meta property=\"article:published_time\" content=\"2026-08-31T15:00:14+00:00\" \/>\n<meta property=\"og:image\" content=\"https:\/\/marcelolopes.jor.br\/site\/wp-content\/uploads\/2026\/08\/capa-paraglider-900x600-1.jpeg\" \/>\n\t<meta property=\"og:image:width\" content=\"900\" \/>\n\t<meta property=\"og:image:height\" content=\"600\" \/>\n\t<meta property=\"og:image:type\" content=\"image\/jpeg\" \/>\n<meta name=\"author\" content=\"Marcelo Lopes\" \/>\n<meta name=\"twitter:card\" content=\"summary_large_image\" \/>\n<meta name=\"twitter:label1\" content=\"Escrito por\" \/>\n\t<meta name=\"twitter:data1\" content=\"Marcelo Lopes\" \/>\n\t<meta name=\"twitter:label2\" content=\"Est. tempo de leitura\" \/>\n\t<meta name=\"twitter:data2\" content=\"1 minuto\" \/>\n<script type=\"application\/ld+json\" class=\"yoast-schema-graph\">{\"@context\":\"https:\\\/\\\/schema.org\",\"@graph\":[{\"@type\":\"NewsArticle\",\"@id\":\"https:\\\/\\\/marcelolopes.jor.br\\\/site\\\/2026\\\/08\\\/31\\\/homem-fica-ferido-apos-salto-frustrado-de-voo-livre-em-leopoldina\\\/#article\",\"isPartOf\":{\"@id\":\"https:\\\/\\\/marcelolopes.jor.br\\\/site\\\/2026\\\/08\\\/31\\\/homem-fica-ferido-apos-salto-frustrado-de-voo-livre-em-leopoldina\\\/\"},\"author\":{\"name\":\"Marcelo Lopes\",\"@id\":\"https:\\\/\\\/marcelolopes.jor.br\\\/site\\\/#\\\/schema\\\/person\\\/3e7216a35c34d8fdf952b31da3d1f89f\"},\"headline\":\"Homem fica ferido ap\u00f3s salto frustrado de voo livre em Leopoldina\",\"datePublished\":\"2026-08-31T15:00:14+00:00\",\"mainEntityOfPage\":{\"@id\":\"https:\\\/\\\/marcelolopes.jor.br\\\/site\\\/2026\\\/08\\\/31\\\/homem-fica-ferido-apos-salto-frustrado-de-voo-livre-em-leopoldina\\\/\"},\"wordCount\":308,\"commentCount\":0,\"publisher\":{\"@id\":\"https:\\\/\\\/marcelolopes.jor.br\\\/site\\\/#organization\"},\"image\":{\"@id\":\"https:\\\/\\\/marcelolopes.jor.br\\\/site\\\/2026\\\/08\\\/31\\\/homem-fica-ferido-apos-salto-frustrado-de-voo-livre-em-leopoldina\\\/#primaryimage\"},\"thumbnailUrl\":\"https:\\\/\\\/marcelolopes.jor.br\\\/site\\\/wp-content\\\/uploads\\\/2026\\\/08\\\/capa-paraglider-900x600-1.jpeg\",\"articleSection\":[\"Not\u00edcias\"],\"inLanguage\":\"pt-BR\",\"potentialAction\":[{\"@type\":\"CommentAction\",\"name\":\"Comment\",\"target\":[\"https:\\\/\\\/marcelolopes.jor.br\\\/site\\\/2026\\\/08\\\/31\\\/homem-fica-ferido-apos-salto-frustrado-de-voo-livre-em-leopoldina\\\/#respond\"]}]},{\"@type\":\"WebPage\",\"@id\":\"https:\\\/\\\/marcelolopes.jor.br\\\/site\\\/2026\\\/08\\\/31\\\/homem-fica-ferido-apos-salto-frustrado-de-voo-livre-em-leopoldina\\\/\",\"url\":\"https:\\\/\\\/marcelolopes.jor.br\\\/site\\\/2026\\\/08\\\/31\\\/homem-fica-ferido-apos-salto-frustrado-de-voo-livre-em-leopoldina\\\/\",\"name\":\"Homem fica ferido ap\u00f3s salto frustrado de voo livre em Leopoldina | Marcelo Lopes\",\"isPartOf\":{\"@id\":\"https:\\\/\\\/marcelolopes.jor.br\\\/site\\\/#website\"},\"primaryImageOfPage\":{\"@id\":\"https:\\\/\\\/marcelolopes.jor.br\\\/site\\\/2026\\\/08\\\/31\\\/homem-fica-ferido-apos-salto-frustrado-de-voo-livre-em-leopoldina\\\/#primaryimage\"},\"image\":{\"@id\":\"https:\\\/\\\/marcelolopes.jor.br\\\/site\\\/2026\\\/08\\\/31\\\/homem-fica-ferido-apos-salto-frustrado-de-voo-livre-em-leopoldina\\\/#primaryimage\"},\"thumbnailUrl\":\"https:\\\/\\\/marcelolopes.jor.br\\\/site\\\/wp-content\\\/uploads\\\/2026\\\/08\\\/capa-paraglider-900x600-1.jpeg\",\"datePublished\":\"2026-08-31T15:00:14+00:00\",\"description\":\"Homem fica ferido ap\u00f3s salto frustrado de voo livre em Leopoldina. Ele, que \u00e9 natural de Petr\u00f3polis, foi resgatado pelo Corpo de Bombeiros.\",\"breadcrumb\":{\"@id\":\"https:\\\/\\\/marcelolopes.jor.br\\\/site\\\/2026\\\/08\\\/31\\\/homem-fica-ferido-apos-salto-frustrado-de-voo-livre-em-leopoldina\\\/#breadcrumb\"},\"inLanguage\":\"pt-BR\",\"potentialAction\":[{\"@type\":\"ReadAction\",\"target\":[\"https:\\\/\\\/marcelolopes.jor.br\\\/site\\\/2026\\\/08\\\/31\\\/homem-fica-ferido-apos-salto-frustrado-de-voo-livre-em-leopoldina\\\/\"]}]},{\"@type\":\"ImageObject\",\"inLanguage\":\"pt-BR\",\"@id\":\"https:\\\/\\\/marcelolopes.jor.br\\\/site\\\/2026\\\/08\\\/31\\\/homem-fica-ferido-apos-salto-frustrado-de-voo-livre-em-leopoldina\\\/#primaryimage\",\"url\":\"https:\\\/\\\/marcelolopes.jor.br\\\/site\\\/wp-content\\\/uploads\\\/2026\\\/08\\\/capa-paraglider-900x600-1.jpeg\",\"contentUrl\":\"https:\\\/\\\/marcelolopes.jor.br\\\/site\\\/wp-content\\\/uploads\\\/2026\\\/08\\\/capa-paraglider-900x600-1.jpeg\",\"width\":900,\"height\":600,\"caption\":\"Homem fica ferido ap\u00f3s\"},{\"@type\":\"BreadcrumbList\",\"@id\":\"https:\\\/\\\/marcelolopes.jor.br\\\/site\\\/2026\\\/08\\\/31\\\/homem-fica-ferido-apos-salto-frustrado-de-voo-livre-em-leopoldina\\\/#breadcrumb\",\"itemListElement\":[{\"@type\":\"ListItem\",\"position\":1,\"name\":\"Home\",\"item\":\"https:\\\/\\\/marcelolopes.jor.br\\\/site\\\/\"},{\"@type\":\"ListItem\",\"position\":2,\"name\":\"Homem fica ferido ap\u00f3s salto frustrado de voo livre em Leopoldina\"}]},{\"@type\":\"WebSite\",\"@id\":\"https:\\\/\\\/marcelolopes.jor.br\\\/site\\\/#website\",\"url\":\"https:\\\/\\\/marcelolopes.jor.br\\\/site\\\/\",\"name\":\"Marcelo Lopes\",\"description\":\"Not\u00edcias de Cataguases e Regi\u00e3o\",\"publisher\":{\"@id\":\"https:\\\/\\\/marcelolopes.jor.br\\\/site\\\/#organization\"},\"potentialAction\":[{\"@type\":\"SearchAction\",\"target\":{\"@type\":\"EntryPoint\",\"urlTemplate\":\"https:\\\/\\\/marcelolopes.jor.br\\\/site\\\/?s={search_term_string}\"},\"query-input\":{\"@type\":\"PropertyValueSpecification\",\"valueRequired\":true,\"valueName\":\"search_term_string\"}}],\"inLanguage\":\"pt-BR\"},{\"@type\":\"Organization\",\"@id\":\"https:\\\/\\\/marcelolopes.jor.br\\\/site\\\/#organization\",\"name\":\"Site do Marcelo Lopes\",\"url\":\"https:\\\/\\\/marcelolopes.jor.br\\\/site\\\/\",\"logo\":{\"@type\":\"ImageObject\",\"inLanguage\":\"pt-BR\",\"@id\":\"https:\\\/\\\/marcelolopes.jor.br\\\/site\\\/#\\\/schema\\\/logo\\\/image\\\/\",\"url\":\"https:\\\/\\\/marcelolopes.jor.br\\\/site\\\/wp-content\\\/uploads\\\/2026\\\/07\\\/cropped-logo2026.png\",\"contentUrl\":\"https:\\\/\\\/marcelolopes.jor.br\\\/site\\\/wp-content\\\/uploads\\\/2026\\\/07\\\/cropped-logo2026.png\",\"width\":328,\"height\":96,\"caption\":\"Site do Marcelo Lopes\"},\"image\":{\"@id\":\"https:\\\/\\\/marcelolopes.jor.br\\\/site\\\/#\\\/schema\\\/logo\\\/image\\\/\"},\"sameAs\":[\"https:\\\/\\\/www.facebook.com\\\/sitedomarcelolopes\",\"https:\\\/\\\/www.instagram.com\\\/sitedomarcelolopes\\\/\",\"https:\\\/\\\/www.linkedin.com\\\/company\\\/site-do-marcelo-lopes\\\/\",\"https:\\\/\\\/www.youtube.com\\\/user\\\/marcelolopes957\"]},{\"@type\":\"Person\",\"@id\":\"https:\\\/\\\/marcelolopes.jor.br\\\/site\\\/#\\\/schema\\\/person\\\/3e7216a35c34d8fdf952b31da3d1f89f\",\"name\":\"Marcelo Lopes\",\"sameAs\":[\"http:\\\/\\\/www.marcelolopes.jor.br\"],\"url\":\"https:\\\/\\\/marcelolopes.jor.br\\\/site\\\/author\\\/marcelo\\\/\"}]}<\/script>\n<!-- \/ Yoast SEO plugin. -->","yoast_head_json":{"title":"Homem fica ferido ap\u00f3s salto frustrado de voo livre em Leopoldina | Marcelo Lopes","description":"Homem fica ferido ap\u00f3s salto frustrado de voo livre em Leopoldina. Ele, que \u00e9 natural de Petr\u00f3polis, foi resgatado pelo Corpo de Bombeiros.","robots":{"index":"index","follow":"follow","max-snippet":"max-snippet:-1","max-image-preview":"max-image-preview:large","max-video-preview":"max-video-preview:-1"},"canonical":"https:\/\/marcelolopes.jor.br\/site\/2026\/08\/31\/homem-fica-ferido-apos-salto-frustrado-de-voo-livre-em-leopoldina\/","og_locale":"pt_BR","og_type":"article","og_title":"Homem fica ferido ap\u00f3s salto frustrado de voo livre em Leopoldina | Marcelo Lopes","og_description":"Homem fica ferido ap\u00f3s salto frustrado de voo livre em Leopoldina. Ele, que \u00e9 natural de Petr\u00f3polis, foi resgatado pelo Corpo de Bombeiros.","og_url":"https:\/\/marcelolopes.jor.br\/site\/2026\/08\/31\/homem-fica-ferido-apos-salto-frustrado-de-voo-livre-em-leopoldina\/","og_site_name":"Marcelo Lopes","article_publisher":"https:\/\/www.facebook.com\/sitedomarcelolopes","article_published_time":"2026-08-31T15:00:14+00:00","og_image":[{"width":900,"height":600,"url":"https:\/\/marcelolopes.jor.br\/site\/wp-content\/uploads\/2026\/08\/capa-paraglider-900x600-1.jpeg","type":"image\/jpeg"}],"author":"Marcelo Lopes","twitter_card":"summary_large_image","twitter_misc":{"Escrito por":"Marcelo Lopes","Est. tempo de leitura":"1 minuto"},"schema":{"@context":"https:\/\/schema.org","@graph":[{"@type":"NewsArticle","@id":"https:\/\/marcelolopes.jor.br\/site\/2026\/08\/31\/homem-fica-ferido-apos-salto-frustrado-de-voo-livre-em-leopoldina\/#article","isPartOf":{"@id":"https:\/\/marcelolopes.jor.br\/site\/2026\/08\/31\/homem-fica-ferido-apos-salto-frustrado-de-voo-livre-em-leopoldina\/"},"author":{"name":"Marcelo Lopes","@id":"https:\/\/marcelolopes.jor.br\/site\/#\/schema\/person\/3e7216a35c34d8fdf952b31da3d1f89f"},"headline":"Homem fica ferido ap\u00f3s salto frustrado de voo livre em Leopoldina","datePublished":"2026-08-31T15:00:14+00:00","mainEntityOfPage":{"@id":"https:\/\/marcelolopes.jor.br\/site\/2026\/08\/31\/homem-fica-ferido-apos-salto-frustrado-de-voo-livre-em-leopoldina\/"},"wordCount":308,"commentCount":0,"publisher":{"@id":"https:\/\/marcelolopes.jor.br\/site\/#organization"},"image":{"@id":"https:\/\/marcelolopes.jor.br\/site\/2026\/08\/31\/homem-fica-ferido-apos-salto-frustrado-de-voo-livre-em-leopoldina\/#primaryimage"},"thumbnailUrl":"https:\/\/marcelolopes.jor.br\/site\/wp-content\/uploads\/2026\/08\/capa-paraglider-900x600-1.jpeg","articleSection":["Not\u00edcias"],"inLanguage":"pt-BR","potentialAction":[{"@type":"CommentAction","name":"Comment","target":["https:\/\/marcelolopes.jor.br\/site\/2026\/08\/31\/homem-fica-ferido-apos-salto-frustrado-de-voo-livre-em-leopoldina\/#respond"]}]},{"@type":"WebPage","@id":"https:\/\/marcelolopes.jor.br\/site\/2026\/08\/31\/homem-fica-ferido-apos-salto-frustrado-de-voo-livre-em-leopoldina\/","url":"https:\/\/marcelolopes.jor.br\/site\/2026\/08\/31\/homem-fica-ferido-apos-salto-frustrado-de-voo-livre-em-leopoldina\/","name":"Homem fica ferido ap\u00f3s salto frustrado de voo livre em Leopoldina | Marcelo Lopes","isPartOf":{"@id":"https:\/\/marcelolopes.jor.br\/site\/#website"},"primaryImageOfPage":{"@id":"https:\/\/marcelolopes.jor.br\/site\/2026\/08\/31\/homem-fica-ferido-apos-salto-frustrado-de-voo-livre-em-leopoldina\/#primaryimage"},"image":{"@id":"https:\/\/marcelolopes.jor.br\/site\/2026\/08\/31\/homem-fica-ferido-apos-salto-frustrado-de-voo-livre-em-leopoldina\/#primaryimage"},"thumbnailUrl":"https:\/\/marcelolopes.jor.br\/site\/wp-content\/uploads\/2026\/08\/capa-paraglider-900x600-1.jpeg","datePublished":"2026-08-31T15:00:14+00:00","description":"Homem fica ferido ap\u00f3s salto frustrado de voo livre em Leopoldina. Ele, que \u00e9 natural de Petr\u00f3polis, foi resgatado pelo Corpo de Bombeiros.","breadcrumb":{"@id":"https:\/\/marcelolopes.jor.br\/site\/2026\/08\/31\/homem-fica-ferido-apos-salto-frustrado-de-voo-livre-em-leopoldina\/#breadcrumb"},"inLanguage":"pt-BR","potentialAction":[{"@type":"ReadAction","target":["https:\/\/marcelolopes.jor.br\/site\/2026\/08\/31\/homem-fica-ferido-apos-salto-frustrado-de-voo-livre-em-leopoldina\/"]}]},{"@type":"ImageObject","inLanguage":"pt-BR","@id":"https:\/\/marcelolopes.jor.br\/site\/2026\/08\/31\/homem-fica-ferido-apos-salto-frustrado-de-voo-livre-em-leopoldina\/#primaryimage","url":"https:\/\/marcelolopes.jor.br\/site\/wp-content\/uploads\/2026\/08\/capa-paraglider-900x600-1.jpeg","contentUrl":"https:\/\/marcelolopes.jor.br\/site\/wp-content\/uploads\/2026\/08\/capa-paraglider-900x600-1.jpeg","width":900,"height":600,"caption":"Homem fica ferido ap\u00f3s"},{"@type":"BreadcrumbList","@id":"https:\/\/marcelolopes.jor.br\/site\/2026\/08\/31\/homem-fica-ferido-apos-salto-frustrado-de-voo-livre-em-leopoldina\/#breadcrumb","itemListElement":[{"@type":"ListItem","position":1,"name":"Home","item":"https:\/\/marcelolopes.jor.br\/site\/"},{"@type":"ListItem","position":2,"name":"Homem fica ferido ap\u00f3s salto frustrado de voo livre em Leopoldina"}]},{"@type":"WebSite","@id":"https:\/\/marcelolopes.jor.br\/site\/#website","url":"https:\/\/marcelolopes.jor.br\/site\/","name":"Marcelo Lopes","description":"Not\u00edcias de Cataguases e Regi\u00e3o","publisher":{"@id":"https:\/\/marcelolopes.jor.br\/site\/#organization"},"potentialAction":[{"@type":"SearchAction","target":{"@type":"EntryPoint","urlTemplate":"https:\/\/marcelolopes.jor.br\/site\/?s={search_term_string}"},"query-input":{"@type":"PropertyValueSpecification","valueRequired":true,"valueName":"search_term_string"}}],"inLanguage":"pt-BR"},{"@type":"Organization","@id":"https:\/\/marcelolopes.jor.br\/site\/#organization","name":"Site do Marcelo Lopes","url":"https:\/\/marcelolopes.jor.br\/site\/","logo":{"@type":"ImageObject","inLanguage":"pt-BR","@id":"https:\/\/marcelolopes.jor.br\/site\/#\/schema\/logo\/image\/","url":"https:\/\/marcelolopes.jor.br\/site\/wp-content\/uploads\/2026\/07\/cropped-logo2026.png","contentUrl":"https:\/\/marcelolopes.jor.br\/site\/wp-content\/uploads\/2026\/07\/cropped-logo2026.png","width":328,"height":96,"caption":"Site do Marcelo Lopes"},"image":{"@id":"https:\/\/marcelolopes.jor.br\/site\/#\/schema\/logo\/image\/"},"sameAs":["https:\/\/www.facebook.com\/sitedomarcelolopes","https:\/\/www.instagram.com\/sitedomarcelolopes\/","https:\/\/www.linkedin.com\/company\/site-do-marcelo-lopes\/","https:\/\/www.youtube.com\/user\/marcelolopes957"]},{"@type":"Person","@id":"https:\/\/marcelolopes.jor.br\/site\/#\/schema\/person\/3e7216a35c34d8fdf952b31da3d1f89f","name":"Marcelo Lopes","sameAs":["http:\/\/www.marcelolopes.jor.br"],"url":"https:\/\/marcelolopes.jor.br\/site\/author\/marcelo\/"}]}},"wps_subtitle":"Ele, que \u00e9 natural de Petr\u00f3polis, foi resgatado pelo Corpo de Bombeiros.","_links":{"self":[{"href":"https:\/\/marcelolopes.jor.br\/site\/wp-json\/wp\/v2\/posts\/69491","targetHints":{"allow":["GET"]}}],"collection":[{"href":"https:\/\/marcelolopes.jor.br\/site\/wp-json\/wp\/v2\/posts"}],"about":[{"href":"https:\/\/marcelolopes.jor.br\/site\/wp-json\/wp\/v2\/types\/post"}],"author":[{"embeddable":true,"href":"https:\/\/marcelolopes.jor.br\/site\/wp-json\/wp\/v2\/users\/2"}],"replies":[{"embeddable":true,"href":"https:\/\/marcelolopes.jor.br\/site\/wp-json\/wp\/v2\/comments?post=69491"}],"version-history":[{"count":2,"href":"https:\/\/marcelolopes.jor.br\/site\/wp-json\/wp\/v2\/posts\/69491\/revisions"}],"predecessor-version":[{"id":69494,"href":"https:\/\/marcelolopes.jor.br\/site\/wp-json\/wp\/v2\/posts\/69491\/revisions\/69494"}],"wp:featuredmedia":[{"embeddable":true,"href":"https:\/\/marcelolopes.jor.br\/site\/wp-json\/wp\/v2\/media\/69493"}],"wp:attachment":[{"href":"https:\/\/marcelolopes.jor.br\/site\/wp-json\/wp\/v2\/media?parent=69491"}],"wp:term":[{"taxonomy":"category","embeddable":true,"href":"https:\/\/marcelolopes.jor.br\/site\/wp-json\/wp\/v2\/categories?post=69491"},{"taxonomy":"post_tag","embeddable":true,"href":"https:\/\/marcelolopes.jor.br\/site\/wp-json\/wp\/v2\/tags?post=69491"}],"curies":[{"name":"wp","href":"https:\/\/api.w.org\/{rel}","templated":true}]}}