{"id":69465,"date":"2026-08-30T16:00:12","date_gmt":"2026-08-30T19:00:12","guid":{"rendered":"https:\/\/marcelolopes.jor.br\/site\/?p=69465"},"modified":"2026-08-30T11:25:38","modified_gmt":"2026-08-30T14:25:38","slug":"homem-fica-ferido-em-acidente-na-estrada-mirai-muriae","status":"publish","type":"post","link":"https:\/\/marcelolopes.jor.br\/site\/2026\/08\/30\/homem-fica-ferido-em-acidente-na-estrada-mirai-muriae\/","title":{"rendered":"Homem fica ferido em acidente na estrada Mira\u00ed-Muria\u00e9"},"content":{"rendered":"<p>Um acidente ocorrido na tarde deste s\u00e1bado, 29 de agosto, na altura do km 13 da MGC-265, que liga Mira\u00ed a Muria\u00e9, deixou o condutor do ve\u00edculo ferido. O Corpo de Bombeiros de Muria\u00e9 realizou o atendimento no local e encaminhou a v\u00edtima para o Hospital S\u00e3o Paulo.<!--more--><\/p>\n<h4 class=\"p1\"><span class=\"s1\">\ud83d\udcf8\u00a0<span style=\"color: #008000;\">Siga o Site do Marcelo Lopes no<\/span>\u00a0<span style=\"color: #800000;\"><a style=\"color: #800000;\" href=\"https:\/\/www.facebook.com\/sitedomarcelolopes\/\"><strong>Facebook<\/strong><\/a><\/span>\u00a0<span style=\"color: #008000;\">e no<\/span>\u00a0<span style=\"color: #800000;\"><strong><a style=\"color: #800000;\" href=\"https:\/\/www.instagram.com\/sitedomarcelolopes\/\">Instagram<\/a><\/strong><\/span><\/span><\/h4>\n<h4 class=\"p1\">\ud83d\udcf1<span style=\"color: #008000;\">Participe do grupo de<\/span>\u00a0<span style=\"color: #800000;\"><a style=\"color: #800000;\" href=\"https:\/\/chat.whatsapp.com\/BibzcI1ibYSKytbdyzubLA\"><strong>WhatsApp<\/strong><\/a><\/span> <span style=\"color: #008000;\">do Site do Marcelo Lopes<\/span><\/h4>\n<p>&nbsp;<\/p>\n<p>O ve\u00edculo, um VW Santana prata, ficou parcialmente destru\u00eddo ap\u00f3s sair da pista de rolamento e bater de frente em uma goiabeira. O acidente aconteceu no Km 13 daquela rodovia, conforme informou a R\u00e1dio Muria\u00e9.<\/p>\n<p>O ve\u00edculo seguia em dire\u00e7\u00e3o a Mira\u00ed quando o condutor perdeu o controle da dire\u00e7\u00e3o, saiu da pista, desceu uma ribanceira em alta velocidade e bateu em uma \u00e1rvore. Apesar dos estragos no carro, a v\u00edtima conseguiu sair sozinha consciente e orientada, apresentando ferimentos significativos, inclusive, sinais de traumatismo cr\u00e2nio-encef\u00e1lico.<\/p>\n<p>A equipe do SAMU realizou os primeiros atendimentos \u00e0 v\u00edtima &#8211; cuja idade n\u00e3o foi revelada &#8211; e, em seguida, a conduziu para o pronto atendimento do Hospital S\u00e3o Paulo. A Pol\u00edcia Militar tamb\u00e9m foi acionada para verificar as condi\u00e7\u00f5es do acidente e demais providencias cab\u00edveis.<\/p>\n<p><img loading=\"lazy\" decoding=\"async\" class=\"aligncenter wp-image-69467\" src=\"https:\/\/marcelolopes.jor.br\/site\/wp-content\/uploads\/2026\/08\/8-300x200.png\" alt=\"\" width=\"700\" height=\"467\" srcset=\"https:\/\/marcelolopes.jor.br\/site\/wp-content\/uploads\/2026\/08\/8-300x200.png 300w, https:\/\/marcelolopes.jor.br\/site\/wp-content\/uploads\/2026\/08\/8.png 750w\" sizes=\"auto, (max-width: 700px) 100vw, 700px\" \/><\/p>\n<p><strong>OUTRAS NOT\u00cdCIAS<\/strong><br \/>\n<a href=\"https:\/\/marcelolopes.jor.br\/site\/2026\/05\/08\/caminhao-tomba-na-estrada-mirai-muriae-e-pista-fica-interditada\/\"><strong><span style=\"color: #800000;\">Caminh\u00e3o tomba na estrada Mira\u00ed-Muria\u00e9 e pista fica interditada<\/span><\/strong><\/a><\/p>\n<p><a href=\"https:\/\/marcelolopes.jor.br\/site\/2023\/11\/05\/veiculo-sai-da-pista-na-estrada-mirai-muriae\/\"><strong><span style=\"color: #800000;\">Ve\u00edculo sai da pista na estrada Mira\u00ed-Muria\u00e9<\/span><\/strong><\/a><\/p>\n<p>Fonte e fotos: R\u00e1dio Muria\u00e9<\/p>\n<div class=\"axhvs6a97be74d2334\" ><div style=\"margin-left: auto; margin-right: auto; text-align: center; margin-top: 50px; \" id=\"teste-2080759086\"><a href=\"https:\/\/marcelolopes.jor.br\/site\/edital-audiencia-publica-energisa-minas-rio-2026\/\" aria-label=\"banneredital\"><img loading=\"lazy\" decoding=\"async\" src=\"https:\/\/marcelolopes.jor.br\/site\/wp-content\/uploads\/2026\/09\/banneredital.png\" alt=\"\"  srcset=\"https:\/\/marcelolopes.jor.br\/site\/wp-content\/uploads\/2026\/09\/banneredital.png 812w, https:\/\/marcelolopes.jor.br\/site\/wp-content\/uploads\/2026\/09\/banneredital-300x56.png 300w, https:\/\/marcelolopes.jor.br\/site\/wp-content\/uploads\/2026\/09\/banneredital-768x144.png 768w\" sizes=\"(max-width: 812px) 100vw, 812px\" width=\"812\" height=\"152\"  style=\"display: inline-block;\" \/><\/a><\/div><br><\/div><style type=\"text\/css\">\r\n@media screen and (min-width: 1201px) {\r\n.axhvs6a97be74d2334 {\r\ndisplay: block;\r\n}\r\n}\r\n@media screen and (min-width: 993px) and (max-width: 1200px) {\r\n.axhvs6a97be74d2334 {\r\ndisplay: block;\r\n}\r\n}\r\n@media screen and (min-width: 769px) and (max-width: 992px) {\r\n.axhvs6a97be74d2334 {\r\ndisplay: block;\r\n}\r\n}\r\n@media screen and (min-width: 768px) and (max-width: 768px) {\r\n.axhvs6a97be74d2334 {\r\ndisplay: block;\r\n}\r\n}\r\n@media screen and (max-width: 767px) {\r\n.axhvs6a97be74d2334 {\r\ndisplay: block;\r\n}\r\n}\r\n<\/style>\r\n<div class=\"inrrm6a97be74d8694\" ><div id=\"div_destino\"><\/div>\r\n<script src=\"https:\/\/cdn.snsrsv.com\/sdk.js\"><\/script>\r\n<script >\r\n      new sdk(\"464030C30061EA8BE065000000000001\") \r\n          .appendTo(\"div_destino\")\r\n          .disableStyle(true) \r\n          .setCacheBusterMacro(\"%%CACHEBUSTER%%\")\r\n          .setSize(\"800\",\"214\")\r\n          .setClickMacro(\"%%CLICK_URL_ESC%%\") \r\n          .setReferrerUrlMacro(\"%%REFERRER_URL_ESC%%\") \r\n          .start(); \r\n<\/script><\/div><style type=\"text\/css\">\r\n@media screen and (min-width: 1201px) {\r\n.inrrm6a97be74d8694 {\r\ndisplay: block;\r\n}\r\n}\r\n@media screen and (min-width: 993px) and (max-width: 1200px) {\r\n.inrrm6a97be74d8694 {\r\ndisplay: block;\r\n}\r\n}\r\n@media screen and (min-width: 769px) and (max-width: 992px) {\r\n.inrrm6a97be74d8694 {\r\ndisplay: block;\r\n}\r\n}\r\n@media screen and (min-width: 768px) and (max-width: 768px) {\r\n.inrrm6a97be74d8694 {\r\ndisplay: block;\r\n}\r\n}\r\n@media screen and (max-width: 767px) {\r\n.inrrm6a97be74d8694 {\r\ndisplay: block;\r\n}\r\n}\r\n<\/style>\r\n","protected":false},"excerpt":{"rendered":"<p>Um acidente ocorrido na tarde deste s\u00e1bado, 29 de agosto, na altura do km 13 da MGC-265, que liga Mira\u00ed a Muria\u00e9, deixou o condutor do ve\u00edculo ferido. O Corpo de Bombeiros de Muria\u00e9 realizou o atendimento no local e<\/p>\n<p class=\"link-more\"><a class=\"more-link\" href=\"https:\/\/marcelolopes.jor.br\/site\/2026\/08\/30\/homem-fica-ferido-em-acidente-na-estrada-mirai-muriae\/\">Leia mais <span class=\"screen-reader-text\">Homem fica ferido em acidente na estrada Mira\u00ed-Muria\u00e9<\/span><\/a><\/p>\n","protected":false},"author":2,"featured_media":69468,"comment_status":"open","ping_status":"closed","sticky":false,"template":"","format":"standard","meta":{"footnotes":""},"categories":[1],"tags":[],"class_list":["post-69465","post","type-post","status-publish","format-standard","has-post-thumbnail","hentry","category-noticias","thumb-below-title"],"yoast_head":"<!-- This site is optimized with the Yoast SEO plugin v28.3 - https:\/\/yoast.com\/product\/yoast-seo-wordpress\/ -->\n<title>Homem fica ferido em acidente na estrada Mira\u00ed-Muria\u00e9 | Marcelo Lopes<\/title>\n<meta name=\"description\" content=\"Homem fica ferido em acidente na estrada Mira\u00ed-Muria\u00e9. Ve\u00edculo saiu da pista, caiu em uma ribanceira e bateu forte em uma goiabeira.\" \/>\n<meta name=\"robots\" content=\"index, follow, max-snippet:-1, max-image-preview:large, max-video-preview:-1\" \/>\n<link rel=\"canonical\" href=\"https:\/\/marcelolopes.jor.br\/site\/2026\/08\/30\/homem-fica-ferido-em-acidente-na-estrada-mirai-muriae\/\" \/>\n<meta property=\"og:locale\" content=\"pt_BR\" \/>\n<meta property=\"og:type\" content=\"article\" \/>\n<meta property=\"og:title\" content=\"Homem fica ferido em acidente na estrada Mira\u00ed-Muria\u00e9 | Marcelo Lopes\" \/>\n<meta property=\"og:description\" content=\"Homem fica ferido em acidente na estrada Mira\u00ed-Muria\u00e9. Ve\u00edculo saiu da pista, caiu em uma ribanceira e bateu forte em uma goiabeira.\" \/>\n<meta property=\"og:url\" content=\"https:\/\/marcelolopes.jor.br\/site\/2026\/08\/30\/homem-fica-ferido-em-acidente-na-estrada-mirai-muriae\/\" \/>\n<meta property=\"og:site_name\" content=\"Marcelo Lopes\" \/>\n<meta property=\"article:publisher\" content=\"https:\/\/www.facebook.com\/sitedomarcelolopes\" \/>\n<meta property=\"article:published_time\" content=\"2026-08-30T19:00:12+00:00\" \/>\n<meta property=\"og:image\" content=\"https:\/\/marcelolopes.jor.br\/site\/wp-content\/uploads\/2026\/08\/12.png\" \/>\n\t<meta property=\"og:image:width\" content=\"750\" \/>\n\t<meta property=\"og:image:height\" content=\"500\" \/>\n\t<meta property=\"og:image:type\" content=\"image\/png\" \/>\n<meta name=\"author\" content=\"Marcelo Lopes\" \/>\n<meta name=\"twitter:card\" content=\"summary_large_image\" \/>\n<meta name=\"twitter:label1\" content=\"Escrito por\" \/>\n\t<meta name=\"twitter:data1\" content=\"Marcelo Lopes\" \/>\n\t<meta name=\"twitter:label2\" content=\"Est. tempo de leitura\" \/>\n\t<meta name=\"twitter:data2\" content=\"1 minuto\" \/>\n<script type=\"application\/ld+json\" class=\"yoast-schema-graph\">{\"@context\":\"https:\\\/\\\/schema.org\",\"@graph\":[{\"@type\":\"NewsArticle\",\"@id\":\"https:\\\/\\\/marcelolopes.jor.br\\\/site\\\/2026\\\/08\\\/30\\\/homem-fica-ferido-em-acidente-na-estrada-mirai-muriae\\\/#article\",\"isPartOf\":{\"@id\":\"https:\\\/\\\/marcelolopes.jor.br\\\/site\\\/2026\\\/08\\\/30\\\/homem-fica-ferido-em-acidente-na-estrada-mirai-muriae\\\/\"},\"author\":{\"name\":\"Marcelo Lopes\",\"@id\":\"https:\\\/\\\/marcelolopes.jor.br\\\/site\\\/#\\\/schema\\\/person\\\/3e7216a35c34d8fdf952b31da3d1f89f\"},\"headline\":\"Homem fica ferido em acidente na estrada Mira\u00ed-Muria\u00e9\",\"datePublished\":\"2026-08-30T19:00:12+00:00\",\"mainEntityOfPage\":{\"@id\":\"https:\\\/\\\/marcelolopes.jor.br\\\/site\\\/2026\\\/08\\\/30\\\/homem-fica-ferido-em-acidente-na-estrada-mirai-muriae\\\/\"},\"wordCount\":256,\"commentCount\":0,\"publisher\":{\"@id\":\"https:\\\/\\\/marcelolopes.jor.br\\\/site\\\/#organization\"},\"image\":{\"@id\":\"https:\\\/\\\/marcelolopes.jor.br\\\/site\\\/2026\\\/08\\\/30\\\/homem-fica-ferido-em-acidente-na-estrada-mirai-muriae\\\/#primaryimage\"},\"thumbnailUrl\":\"https:\\\/\\\/marcelolopes.jor.br\\\/site\\\/wp-content\\\/uploads\\\/2026\\\/08\\\/12.png\",\"articleSection\":[\"Not\u00edcias\"],\"inLanguage\":\"pt-BR\",\"potentialAction\":[{\"@type\":\"CommentAction\",\"name\":\"Comment\",\"target\":[\"https:\\\/\\\/marcelolopes.jor.br\\\/site\\\/2026\\\/08\\\/30\\\/homem-fica-ferido-em-acidente-na-estrada-mirai-muriae\\\/#respond\"]}]},{\"@type\":\"WebPage\",\"@id\":\"https:\\\/\\\/marcelolopes.jor.br\\\/site\\\/2026\\\/08\\\/30\\\/homem-fica-ferido-em-acidente-na-estrada-mirai-muriae\\\/\",\"url\":\"https:\\\/\\\/marcelolopes.jor.br\\\/site\\\/2026\\\/08\\\/30\\\/homem-fica-ferido-em-acidente-na-estrada-mirai-muriae\\\/\",\"name\":\"Homem fica ferido em acidente na estrada Mira\u00ed-Muria\u00e9 | Marcelo Lopes\",\"isPartOf\":{\"@id\":\"https:\\\/\\\/marcelolopes.jor.br\\\/site\\\/#website\"},\"primaryImageOfPage\":{\"@id\":\"https:\\\/\\\/marcelolopes.jor.br\\\/site\\\/2026\\\/08\\\/30\\\/homem-fica-ferido-em-acidente-na-estrada-mirai-muriae\\\/#primaryimage\"},\"image\":{\"@id\":\"https:\\\/\\\/marcelolopes.jor.br\\\/site\\\/2026\\\/08\\\/30\\\/homem-fica-ferido-em-acidente-na-estrada-mirai-muriae\\\/#primaryimage\"},\"thumbnailUrl\":\"https:\\\/\\\/marcelolopes.jor.br\\\/site\\\/wp-content\\\/uploads\\\/2026\\\/08\\\/12.png\",\"datePublished\":\"2026-08-30T19:00:12+00:00\",\"description\":\"Homem fica ferido em acidente na estrada Mira\u00ed-Muria\u00e9. Ve\u00edculo saiu da pista, caiu em uma ribanceira e bateu forte em uma goiabeira.\",\"breadcrumb\":{\"@id\":\"https:\\\/\\\/marcelolopes.jor.br\\\/site\\\/2026\\\/08\\\/30\\\/homem-fica-ferido-em-acidente-na-estrada-mirai-muriae\\\/#breadcrumb\"},\"inLanguage\":\"pt-BR\",\"potentialAction\":[{\"@type\":\"ReadAction\",\"target\":[\"https:\\\/\\\/marcelolopes.jor.br\\\/site\\\/2026\\\/08\\\/30\\\/homem-fica-ferido-em-acidente-na-estrada-mirai-muriae\\\/\"]}]},{\"@type\":\"ImageObject\",\"inLanguage\":\"pt-BR\",\"@id\":\"https:\\\/\\\/marcelolopes.jor.br\\\/site\\\/2026\\\/08\\\/30\\\/homem-fica-ferido-em-acidente-na-estrada-mirai-muriae\\\/#primaryimage\",\"url\":\"https:\\\/\\\/marcelolopes.jor.br\\\/site\\\/wp-content\\\/uploads\\\/2026\\\/08\\\/12.png\",\"contentUrl\":\"https:\\\/\\\/marcelolopes.jor.br\\\/site\\\/wp-content\\\/uploads\\\/2026\\\/08\\\/12.png\",\"width\":750,\"height\":500},{\"@type\":\"BreadcrumbList\",\"@id\":\"https:\\\/\\\/marcelolopes.jor.br\\\/site\\\/2026\\\/08\\\/30\\\/homem-fica-ferido-em-acidente-na-estrada-mirai-muriae\\\/#breadcrumb\",\"itemListElement\":[{\"@type\":\"ListItem\",\"position\":1,\"name\":\"Home\",\"item\":\"https:\\\/\\\/marcelolopes.jor.br\\\/site\\\/\"},{\"@type\":\"ListItem\",\"position\":2,\"name\":\"Homem fica ferido em acidente na estrada Mira\u00ed-Muria\u00e9\"}]},{\"@type\":\"WebSite\",\"@id\":\"https:\\\/\\\/marcelolopes.jor.br\\\/site\\\/#website\",\"url\":\"https:\\\/\\\/marcelolopes.jor.br\\\/site\\\/\",\"name\":\"Marcelo Lopes\",\"description\":\"Not\u00edcias de Cataguases e Regi\u00e3o\",\"publisher\":{\"@id\":\"https:\\\/\\\/marcelolopes.jor.br\\\/site\\\/#organization\"},\"potentialAction\":[{\"@type\":\"SearchAction\",\"target\":{\"@type\":\"EntryPoint\",\"urlTemplate\":\"https:\\\/\\\/marcelolopes.jor.br\\\/site\\\/?s={search_term_string}\"},\"query-input\":{\"@type\":\"PropertyValueSpecification\",\"valueRequired\":true,\"valueName\":\"search_term_string\"}}],\"inLanguage\":\"pt-BR\"},{\"@type\":\"Organization\",\"@id\":\"https:\\\/\\\/marcelolopes.jor.br\\\/site\\\/#organization\",\"name\":\"Site do Marcelo Lopes\",\"url\":\"https:\\\/\\\/marcelolopes.jor.br\\\/site\\\/\",\"logo\":{\"@type\":\"ImageObject\",\"inLanguage\":\"pt-BR\",\"@id\":\"https:\\\/\\\/marcelolopes.jor.br\\\/site\\\/#\\\/schema\\\/logo\\\/image\\\/\",\"url\":\"https:\\\/\\\/marcelolopes.jor.br\\\/site\\\/wp-content\\\/uploads\\\/2026\\\/07\\\/cropped-logo2026.png\",\"contentUrl\":\"https:\\\/\\\/marcelolopes.jor.br\\\/site\\\/wp-content\\\/uploads\\\/2026\\\/07\\\/cropped-logo2026.png\",\"width\":328,\"height\":96,\"caption\":\"Site do Marcelo Lopes\"},\"image\":{\"@id\":\"https:\\\/\\\/marcelolopes.jor.br\\\/site\\\/#\\\/schema\\\/logo\\\/image\\\/\"},\"sameAs\":[\"https:\\\/\\\/www.facebook.com\\\/sitedomarcelolopes\",\"https:\\\/\\\/www.instagram.com\\\/sitedomarcelolopes\\\/\",\"https:\\\/\\\/www.linkedin.com\\\/company\\\/site-do-marcelo-lopes\\\/\",\"https:\\\/\\\/www.youtube.com\\\/user\\\/marcelolopes957\"]},{\"@type\":\"Person\",\"@id\":\"https:\\\/\\\/marcelolopes.jor.br\\\/site\\\/#\\\/schema\\\/person\\\/3e7216a35c34d8fdf952b31da3d1f89f\",\"name\":\"Marcelo Lopes\",\"sameAs\":[\"http:\\\/\\\/www.marcelolopes.jor.br\"],\"url\":\"https:\\\/\\\/marcelolopes.jor.br\\\/site\\\/author\\\/marcelo\\\/\"}]}<\/script>\n<!-- \/ Yoast SEO plugin. -->","yoast_head_json":{"title":"Homem fica ferido em acidente na estrada Mira\u00ed-Muria\u00e9 | Marcelo Lopes","description":"Homem fica ferido em acidente na estrada Mira\u00ed-Muria\u00e9. Ve\u00edculo saiu da pista, caiu em uma ribanceira e bateu forte em uma goiabeira.","robots":{"index":"index","follow":"follow","max-snippet":"max-snippet:-1","max-image-preview":"max-image-preview:large","max-video-preview":"max-video-preview:-1"},"canonical":"https:\/\/marcelolopes.jor.br\/site\/2026\/08\/30\/homem-fica-ferido-em-acidente-na-estrada-mirai-muriae\/","og_locale":"pt_BR","og_type":"article","og_title":"Homem fica ferido em acidente na estrada Mira\u00ed-Muria\u00e9 | Marcelo Lopes","og_description":"Homem fica ferido em acidente na estrada Mira\u00ed-Muria\u00e9. Ve\u00edculo saiu da pista, caiu em uma ribanceira e bateu forte em uma goiabeira.","og_url":"https:\/\/marcelolopes.jor.br\/site\/2026\/08\/30\/homem-fica-ferido-em-acidente-na-estrada-mirai-muriae\/","og_site_name":"Marcelo Lopes","article_publisher":"https:\/\/www.facebook.com\/sitedomarcelolopes","article_published_time":"2026-08-30T19:00:12+00:00","og_image":[{"width":750,"height":500,"url":"https:\/\/marcelolopes.jor.br\/site\/wp-content\/uploads\/2026\/08\/12.png","type":"image\/png"}],"author":"Marcelo Lopes","twitter_card":"summary_large_image","twitter_misc":{"Escrito por":"Marcelo Lopes","Est. tempo de leitura":"1 minuto"},"schema":{"@context":"https:\/\/schema.org","@graph":[{"@type":"NewsArticle","@id":"https:\/\/marcelolopes.jor.br\/site\/2026\/08\/30\/homem-fica-ferido-em-acidente-na-estrada-mirai-muriae\/#article","isPartOf":{"@id":"https:\/\/marcelolopes.jor.br\/site\/2026\/08\/30\/homem-fica-ferido-em-acidente-na-estrada-mirai-muriae\/"},"author":{"name":"Marcelo Lopes","@id":"https:\/\/marcelolopes.jor.br\/site\/#\/schema\/person\/3e7216a35c34d8fdf952b31da3d1f89f"},"headline":"Homem fica ferido em acidente na estrada Mira\u00ed-Muria\u00e9","datePublished":"2026-08-30T19:00:12+00:00","mainEntityOfPage":{"@id":"https:\/\/marcelolopes.jor.br\/site\/2026\/08\/30\/homem-fica-ferido-em-acidente-na-estrada-mirai-muriae\/"},"wordCount":256,"commentCount":0,"publisher":{"@id":"https:\/\/marcelolopes.jor.br\/site\/#organization"},"image":{"@id":"https:\/\/marcelolopes.jor.br\/site\/2026\/08\/30\/homem-fica-ferido-em-acidente-na-estrada-mirai-muriae\/#primaryimage"},"thumbnailUrl":"https:\/\/marcelolopes.jor.br\/site\/wp-content\/uploads\/2026\/08\/12.png","articleSection":["Not\u00edcias"],"inLanguage":"pt-BR","potentialAction":[{"@type":"CommentAction","name":"Comment","target":["https:\/\/marcelolopes.jor.br\/site\/2026\/08\/30\/homem-fica-ferido-em-acidente-na-estrada-mirai-muriae\/#respond"]}]},{"@type":"WebPage","@id":"https:\/\/marcelolopes.jor.br\/site\/2026\/08\/30\/homem-fica-ferido-em-acidente-na-estrada-mirai-muriae\/","url":"https:\/\/marcelolopes.jor.br\/site\/2026\/08\/30\/homem-fica-ferido-em-acidente-na-estrada-mirai-muriae\/","name":"Homem fica ferido em acidente na estrada Mira\u00ed-Muria\u00e9 | Marcelo Lopes","isPartOf":{"@id":"https:\/\/marcelolopes.jor.br\/site\/#website"},"primaryImageOfPage":{"@id":"https:\/\/marcelolopes.jor.br\/site\/2026\/08\/30\/homem-fica-ferido-em-acidente-na-estrada-mirai-muriae\/#primaryimage"},"image":{"@id":"https:\/\/marcelolopes.jor.br\/site\/2026\/08\/30\/homem-fica-ferido-em-acidente-na-estrada-mirai-muriae\/#primaryimage"},"thumbnailUrl":"https:\/\/marcelolopes.jor.br\/site\/wp-content\/uploads\/2026\/08\/12.png","datePublished":"2026-08-30T19:00:12+00:00","description":"Homem fica ferido em acidente na estrada Mira\u00ed-Muria\u00e9. Ve\u00edculo saiu da pista, caiu em uma ribanceira e bateu forte em uma goiabeira.","breadcrumb":{"@id":"https:\/\/marcelolopes.jor.br\/site\/2026\/08\/30\/homem-fica-ferido-em-acidente-na-estrada-mirai-muriae\/#breadcrumb"},"inLanguage":"pt-BR","potentialAction":[{"@type":"ReadAction","target":["https:\/\/marcelolopes.jor.br\/site\/2026\/08\/30\/homem-fica-ferido-em-acidente-na-estrada-mirai-muriae\/"]}]},{"@type":"ImageObject","inLanguage":"pt-BR","@id":"https:\/\/marcelolopes.jor.br\/site\/2026\/08\/30\/homem-fica-ferido-em-acidente-na-estrada-mirai-muriae\/#primaryimage","url":"https:\/\/marcelolopes.jor.br\/site\/wp-content\/uploads\/2026\/08\/12.png","contentUrl":"https:\/\/marcelolopes.jor.br\/site\/wp-content\/uploads\/2026\/08\/12.png","width":750,"height":500},{"@type":"BreadcrumbList","@id":"https:\/\/marcelolopes.jor.br\/site\/2026\/08\/30\/homem-fica-ferido-em-acidente-na-estrada-mirai-muriae\/#breadcrumb","itemListElement":[{"@type":"ListItem","position":1,"name":"Home","item":"https:\/\/marcelolopes.jor.br\/site\/"},{"@type":"ListItem","position":2,"name":"Homem fica ferido em acidente na estrada Mira\u00ed-Muria\u00e9"}]},{"@type":"WebSite","@id":"https:\/\/marcelolopes.jor.br\/site\/#website","url":"https:\/\/marcelolopes.jor.br\/site\/","name":"Marcelo Lopes","description":"Not\u00edcias de Cataguases e Regi\u00e3o","publisher":{"@id":"https:\/\/marcelolopes.jor.br\/site\/#organization"},"potentialAction":[{"@type":"SearchAction","target":{"@type":"EntryPoint","urlTemplate":"https:\/\/marcelolopes.jor.br\/site\/?s={search_term_string}"},"query-input":{"@type":"PropertyValueSpecification","valueRequired":true,"valueName":"search_term_string"}}],"inLanguage":"pt-BR"},{"@type":"Organization","@id":"https:\/\/marcelolopes.jor.br\/site\/#organization","name":"Site do Marcelo Lopes","url":"https:\/\/marcelolopes.jor.br\/site\/","logo":{"@type":"ImageObject","inLanguage":"pt-BR","@id":"https:\/\/marcelolopes.jor.br\/site\/#\/schema\/logo\/image\/","url":"https:\/\/marcelolopes.jor.br\/site\/wp-content\/uploads\/2026\/07\/cropped-logo2026.png","contentUrl":"https:\/\/marcelolopes.jor.br\/site\/wp-content\/uploads\/2026\/07\/cropped-logo2026.png","width":328,"height":96,"caption":"Site do Marcelo Lopes"},"image":{"@id":"https:\/\/marcelolopes.jor.br\/site\/#\/schema\/logo\/image\/"},"sameAs":["https:\/\/www.facebook.com\/sitedomarcelolopes","https:\/\/www.instagram.com\/sitedomarcelolopes\/","https:\/\/www.linkedin.com\/company\/site-do-marcelo-lopes\/","https:\/\/www.youtube.com\/user\/marcelolopes957"]},{"@type":"Person","@id":"https:\/\/marcelolopes.jor.br\/site\/#\/schema\/person\/3e7216a35c34d8fdf952b31da3d1f89f","name":"Marcelo Lopes","sameAs":["http:\/\/www.marcelolopes.jor.br"],"url":"https:\/\/marcelolopes.jor.br\/site\/author\/marcelo\/"}]}},"wps_subtitle":"Ve\u00edculo saiu da pista, caiu em uma ribanceira e bateu forte em uma goiabeira.","_links":{"self":[{"href":"https:\/\/marcelolopes.jor.br\/site\/wp-json\/wp\/v2\/posts\/69465","targetHints":{"allow":["GET"]}}],"collection":[{"href":"https:\/\/marcelolopes.jor.br\/site\/wp-json\/wp\/v2\/posts"}],"about":[{"href":"https:\/\/marcelolopes.jor.br\/site\/wp-json\/wp\/v2\/types\/post"}],"author":[{"embeddable":true,"href":"https:\/\/marcelolopes.jor.br\/site\/wp-json\/wp\/v2\/users\/2"}],"replies":[{"embeddable":true,"href":"https:\/\/marcelolopes.jor.br\/site\/wp-json\/wp\/v2\/comments?post=69465"}],"version-history":[{"count":2,"href":"https:\/\/marcelolopes.jor.br\/site\/wp-json\/wp\/v2\/posts\/69465\/revisions"}],"predecessor-version":[{"id":69469,"href":"https:\/\/marcelolopes.jor.br\/site\/wp-json\/wp\/v2\/posts\/69465\/revisions\/69469"}],"wp:featuredmedia":[{"embeddable":true,"href":"https:\/\/marcelolopes.jor.br\/site\/wp-json\/wp\/v2\/media\/69468"}],"wp:attachment":[{"href":"https:\/\/marcelolopes.jor.br\/site\/wp-json\/wp\/v2\/media?parent=69465"}],"wp:term":[{"taxonomy":"category","embeddable":true,"href":"https:\/\/marcelolopes.jor.br\/site\/wp-json\/wp\/v2\/categories?post=69465"},{"taxonomy":"post_tag","embeddable":true,"href":"https:\/\/marcelolopes.jor.br\/site\/wp-json\/wp\/v2\/tags?post=69465"}],"curies":[{"name":"wp","href":"https:\/\/api.w.org\/{rel}","templated":true}]}}