{"id":69397,"date":"2026-08-31T07:00:35","date_gmt":"2026-08-31T10:00:35","guid":{"rendered":"https:\/\/marcelolopes.jor.br\/site\/?p=69397"},"modified":"2026-08-28T10:43:00","modified_gmt":"2026-08-28T13:43:00","slug":"crlv-2026-comeca-a-ser-exigido-em-setembro","status":"publish","type":"post","link":"https:\/\/marcelolopes.jor.br\/site\/2026\/08\/31\/crlv-2026-comeca-a-ser-exigido-em-setembro\/","title":{"rendered":"CRLV 2026 come\u00e7a a ser exigido em setembro"},"content":{"rendered":"<p>O Certificado de Registro e Licenciamento de Ve\u00edculo referente a 2026 come\u00e7ar\u00e1 a ser exigido em Minas Gerais a partir de 1\u00ba de setembro. Os primeiros propriet\u00e1rios que precisam apresentar o documento atualizado s\u00e3o aqueles cujos ve\u00edculos t\u00eam placas com finais 1, 2 e 3.<!--more--><\/p>\n<h4 class=\"p1\"><span class=\"s1\">\ud83d\udcf8\u00a0<span style=\"color: #008000;\">Siga o Site do Marcelo Lopes no<\/span>\u00a0<span style=\"color: #800000;\"><a style=\"color: #800000;\" href=\"https:\/\/www.facebook.com\/sitedomarcelolopes\/\"><strong>Facebook<\/strong><\/a><\/span>\u00a0<span style=\"color: #008000;\">e no<\/span>\u00a0<span style=\"color: #800000;\"><strong><a style=\"color: #800000;\" href=\"https:\/\/www.instagram.com\/sitedomarcelolopes\/\">Instagram<\/a><\/strong><\/span><\/span><\/h4>\n<h4 class=\"p1\">\ud83d\udcf1<span style=\"color: #008000;\">Participe do grupo de<\/span>\u00a0<span style=\"color: #800000;\"><a style=\"color: #800000;\" href=\"https:\/\/chat.whatsapp.com\/BibzcI1ibYSKytbdyzubLA\"><strong>WhatsApp<\/strong><\/a><\/span> <span style=\"color: #008000;\">do Site do Marcelo Lopes<\/span><\/h4>\n<p>A cobran\u00e7a ser\u00e1 implantada de forma escalonada, conforme informou a Secretaria de Estado da Fazenda de Minas Gerais. Para os ve\u00edculos com placas terminadas em 4, 5 e 6, o CRLV 2026 passar\u00e1 a ser obrigat\u00f3rio em 1\u00ba de outubro. J\u00e1 os finais 7, 8, 9 e 0 ter\u00e3o at\u00e9 31 de outubro para regularizar a situa\u00e7\u00e3o, com exig\u00eancia a partir de 1\u00ba de novembro.<\/p>\n<h3>Calend\u00e1rio de exig\u00eancia<\/h3>\n<p>\u2714\ufe0f Finais 1, 2 e 3: CRLV 2026 exigido a partir de 1\u00ba de setembro;<br \/>\n\u2714\ufe0f Finais 4, 5 e 6: exig\u00eancia a partir de 1\u00ba de outubro;<br \/>\n\u2714\ufe0f Finais 7, 8, 9 e 0: exig\u00eancia a partir de 1\u00ba de novembro.<\/p>\n<p>O motorista deve conferir se o documento dispon\u00edvel no sistema j\u00e1 apresenta o exerc\u00edcio de 2026. O simples pagamento do IPVA ou da taxa de licenciamento n\u00e3o significa, necessariamente, que o ve\u00edculo esteja regular.<\/p>\n<p>Para a emiss\u00e3o do CRLV, \u00e9 preciso quitar o IPVA, a Taxa de Renova\u00e7\u00e3o do Licenciamento Anual do Ve\u00edculo e eventuais multas vencidas. Tamb\u00e9m n\u00e3o podem existir restri\u00e7\u00f5es judiciais ou administrativas que impe\u00e7am o licenciamento.<\/p>\n<p>Caso os d\u00e9bitos tenham sido pagos, mas o documento n\u00e3o tenha sido atualizado, o propriet\u00e1rio deve consultar a situa\u00e7\u00e3o do ve\u00edculo no portal do Governo de Minas. Pend\u00eancias cadastrais, bloqueios e pagamentos ainda n\u00e3o processados podem impedir a emiss\u00e3o.<\/p>\n<h3>Documento pode ser digital ou impresso<\/h3>\n<p>O CRLV eletr\u00f4nico tem a mesma validade jur\u00eddica da vers\u00e3o impressa. O documento pode ser acessado pelo aplicativo Carteira Digital de Tr\u00e2nsito, dispon\u00edvel gratuitamente para celulares, e permanece acess\u00edvel mesmo quando o aparelho est\u00e1 sem conex\u00e3o com a internet, desde que tenha sido baixado anteriormente.<\/p>\n<p>Tamb\u00e9m \u00e9 poss\u00edvel emitir o certificado pela internet e imprimi-lo em papel comum, no formato A4. A impress\u00e3o deve apresentar todas as informa\u00e7\u00f5es e o QR Code de forma leg\u00edvel.<\/p>\n<p>O propriet\u00e1rio pode consultar a situa\u00e7\u00e3o e emitir o documento pelos servi\u00e7os oficiais:<br \/>\n\u2714\ufe0f Consultar a situa\u00e7\u00e3o do ve\u00edculo no portal do Governo de Minas;<br \/>\n\u2714\ufe0f Emitir o CRLV digital;<br \/>\n\u2714\ufe0f Acessar o servi\u00e7o federal do CRLV eletr\u00f4nico.<\/p>\n<p>A orienta\u00e7\u00e3o \u00e9 utilizar somente os canais oficiais e evitar links recebidos por mensagens, redes sociais ou aplicativos desconhecidos.<\/p>\n<h3>Falta do documento pode resultar na remo\u00e7\u00e3o do ve\u00edculo<\/h3>\n<p>Conduzir ve\u00edculo que n\u00e3o esteja devidamente licenciado \u00e9 infra\u00e7\u00e3o grav\u00edssima. A penalidade prevista \u00e9 multa de R$ 293,47, registro de sete pontos na Carteira Nacional de Habilita\u00e7\u00e3o e remo\u00e7\u00e3o do ve\u00edculo.<\/p>\n<p>Durante uma fiscaliza\u00e7\u00e3o, o motorista n\u00e3o precisa necessariamente apresentar uma folha impressa, desde que consiga exibir o CRLV digital v\u00e1lido. Entretanto, problemas no celular, como falta de bateria, podem impedir a apresenta\u00e7\u00e3o. Por isso, manter uma c\u00f3pia impressa no ve\u00edculo pode evitar transtornos.<\/p>\n<p>Os propriet\u00e1rios devem fazer a consulta com anteced\u00eancia. Quem deixar a regulariza\u00e7\u00e3o para os \u00faltimos dias poder\u00e1 encontrar demora no processamento de pagamentos ou descobrir restri\u00e7\u00f5es que exigem atendimento espec\u00edfico antes da emiss\u00e3o do CRLV 2026.<\/p>\n<p><strong>OUTRAS NOT\u00cdCIAS<\/strong><br \/>\n<a href=\"https:\/\/marcelolopes.jor.br\/site\/2026\/07\/10\/crlv-2026-governo-de-mg-divulga-calendario-do-licenciamento-de-veiculos\/\"><strong><span style=\"color: #800000;\">CRLV 2026: governo de MG divulga calend\u00e1rio do licenciamento de ve\u00edculos<\/span><\/strong><\/a><\/p>\n<p><a href=\"https:\/\/marcelolopes.jor.br\/site\/2026\/06\/27\/governo-de-minas-envia-sms-a-proprietarios-de-veiculos-que-nao-pagaram-o-ipva-2026\/\"><strong><span style=\"color: #800000;\">Governo de Minas envia SMS a propriet\u00e1rios de ve\u00edculos que n\u00e3o pagaram o IPVA 2026<\/span><\/strong><\/a><\/p>\n<p>Fonte: Governo de Minas &#8211; SEF | Foto: Detran-MS &#8211; divulga\u00e7\u00e3o<\/p>\n<div class=\"xwune6a97bdc54f95a\" ><div style=\"margin-left: auto; margin-right: auto; text-align: center; margin-top: 50px; \" id=\"teste-59080554\"><a href=\"https:\/\/marcelolopes.jor.br\/site\/edital-audiencia-publica-energisa-minas-rio-2026\/\" aria-label=\"banneredital\"><img loading=\"lazy\" decoding=\"async\" src=\"https:\/\/marcelolopes.jor.br\/site\/wp-content\/uploads\/2026\/09\/banneredital.png\" alt=\"\"  srcset=\"https:\/\/marcelolopes.jor.br\/site\/wp-content\/uploads\/2026\/09\/banneredital.png 812w, https:\/\/marcelolopes.jor.br\/site\/wp-content\/uploads\/2026\/09\/banneredital-300x56.png 300w, https:\/\/marcelolopes.jor.br\/site\/wp-content\/uploads\/2026\/09\/banneredital-768x144.png 768w\" sizes=\"(max-width: 812px) 100vw, 812px\" width=\"812\" height=\"152\"  style=\"display: inline-block;\" \/><\/a><\/div><br><\/div><style type=\"text\/css\">\r\n@media screen and (min-width: 1201px) {\r\n.xwune6a97bdc54f95a {\r\ndisplay: block;\r\n}\r\n}\r\n@media screen and (min-width: 993px) and (max-width: 1200px) {\r\n.xwune6a97bdc54f95a {\r\ndisplay: block;\r\n}\r\n}\r\n@media screen and (min-width: 769px) and (max-width: 992px) {\r\n.xwune6a97bdc54f95a {\r\ndisplay: block;\r\n}\r\n}\r\n@media screen and (min-width: 768px) and (max-width: 768px) {\r\n.xwune6a97bdc54f95a {\r\ndisplay: block;\r\n}\r\n}\r\n@media screen and (max-width: 767px) {\r\n.xwune6a97bdc54f95a {\r\ndisplay: block;\r\n}\r\n}\r\n<\/style>\r\n<div class=\"tsytk6a97bdc556210\" ><div id=\"div_destino\"><\/div>\r\n<script src=\"https:\/\/cdn.snsrsv.com\/sdk.js\"><\/script>\r\n<script >\r\n      new sdk(\"464030C30061EA8BE065000000000001\") \r\n          .appendTo(\"div_destino\")\r\n          .disableStyle(true) \r\n          .setCacheBusterMacro(\"%%CACHEBUSTER%%\")\r\n          .setSize(\"800\",\"214\")\r\n          .setClickMacro(\"%%CLICK_URL_ESC%%\") \r\n          .setReferrerUrlMacro(\"%%REFERRER_URL_ESC%%\") \r\n          .start(); \r\n<\/script><\/div><style type=\"text\/css\">\r\n@media screen and (min-width: 1201px) {\r\n.tsytk6a97bdc556210 {\r\ndisplay: block;\r\n}\r\n}\r\n@media screen and (min-width: 993px) and (max-width: 1200px) {\r\n.tsytk6a97bdc556210 {\r\ndisplay: block;\r\n}\r\n}\r\n@media screen and (min-width: 769px) and (max-width: 992px) {\r\n.tsytk6a97bdc556210 {\r\ndisplay: block;\r\n}\r\n}\r\n@media screen and (min-width: 768px) and (max-width: 768px) {\r\n.tsytk6a97bdc556210 {\r\ndisplay: block;\r\n}\r\n}\r\n@media screen and (max-width: 767px) {\r\n.tsytk6a97bdc556210 {\r\ndisplay: block;\r\n}\r\n}\r\n<\/style>\r\n","protected":false},"excerpt":{"rendered":"<p>O Certificado de Registro e Licenciamento de Ve\u00edculo referente a 2026 come\u00e7ar\u00e1 a ser exigido em Minas Gerais a partir de 1\u00ba de setembro. Os primeiros propriet\u00e1rios que precisam apresentar o documento atualizado s\u00e3o aqueles cujos ve\u00edculos t\u00eam placas com<\/p>\n<p class=\"link-more\"><a class=\"more-link\" href=\"https:\/\/marcelolopes.jor.br\/site\/2026\/08\/31\/crlv-2026-comeca-a-ser-exigido-em-setembro\/\">Leia mais <span class=\"screen-reader-text\">CRLV 2026 come\u00e7a a ser exigido em setembro<\/span><\/a><\/p>\n","protected":false},"author":2,"featured_media":69399,"comment_status":"open","ping_status":"closed","sticky":false,"template":"","format":"standard","meta":{"footnotes":""},"categories":[1],"tags":[],"class_list":["post-69397","post","type-post","status-publish","format-standard","has-post-thumbnail","hentry","category-noticias","thumb-below-title"],"yoast_head":"<!-- This site is optimized with the Yoast SEO plugin v28.3 - https:\/\/yoast.com\/product\/yoast-seo-wordpress\/ -->\n<title>CRLV 2026 come\u00e7a a ser exigido em setembro | Marcelo Lopes<\/title>\n<meta name=\"description\" content=\"CRLV 2026 come\u00e7a a ser exigido em setembro. Circular sem licenciamento regular \u00e9 infra\u00e7\u00e3o grav\u00edssima, sujeito a multa.\" \/>\n<meta name=\"robots\" content=\"index, follow, max-snippet:-1, max-image-preview:large, max-video-preview:-1\" \/>\n<link rel=\"canonical\" href=\"https:\/\/marcelolopes.jor.br\/site\/2026\/08\/31\/crlv-2026-comeca-a-ser-exigido-em-setembro\/\" \/>\n<meta property=\"og:locale\" content=\"pt_BR\" \/>\n<meta property=\"og:type\" content=\"article\" \/>\n<meta property=\"og:title\" content=\"CRLV 2026 come\u00e7a a ser exigido em setembro | Marcelo Lopes\" \/>\n<meta property=\"og:description\" content=\"CRLV 2026 come\u00e7a a ser exigido em setembro. Circular sem licenciamento regular \u00e9 infra\u00e7\u00e3o grav\u00edssima, sujeito a multa.\" \/>\n<meta property=\"og:url\" content=\"https:\/\/marcelolopes.jor.br\/site\/2026\/08\/31\/crlv-2026-comeca-a-ser-exigido-em-setembro\/\" \/>\n<meta property=\"og:site_name\" content=\"Marcelo Lopes\" \/>\n<meta property=\"article:publisher\" content=\"https:\/\/www.facebook.com\/sitedomarcelolopes\" \/>\n<meta property=\"article:published_time\" content=\"2026-08-31T10:00:35+00:00\" \/>\n<meta property=\"og:image\" content=\"https:\/\/marcelolopes.jor.br\/site\/wp-content\/uploads\/2026\/08\/CRLV-2026.jpg.webp\" \/>\n\t<meta property=\"og:image:width\" content=\"1201\" \/>\n\t<meta property=\"og:image:height\" content=\"675\" \/>\n\t<meta property=\"og:image:type\" content=\"image\/webp\" \/>\n<meta name=\"author\" content=\"Marcelo Lopes\" \/>\n<meta name=\"twitter:card\" content=\"summary_large_image\" \/>\n<meta name=\"twitter:label1\" content=\"Escrito por\" \/>\n\t<meta name=\"twitter:data1\" content=\"Marcelo Lopes\" \/>\n\t<meta name=\"twitter:label2\" content=\"Est. tempo de leitura\" \/>\n\t<meta name=\"twitter:data2\" content=\"3 minutos\" \/>\n<script type=\"application\/ld+json\" class=\"yoast-schema-graph\">{\"@context\":\"https:\\\/\\\/schema.org\",\"@graph\":[{\"@type\":\"NewsArticle\",\"@id\":\"https:\\\/\\\/marcelolopes.jor.br\\\/site\\\/2026\\\/08\\\/31\\\/crlv-2026-comeca-a-ser-exigido-em-setembro\\\/#article\",\"isPartOf\":{\"@id\":\"https:\\\/\\\/marcelolopes.jor.br\\\/site\\\/2026\\\/08\\\/31\\\/crlv-2026-comeca-a-ser-exigido-em-setembro\\\/\"},\"author\":{\"name\":\"Marcelo Lopes\",\"@id\":\"https:\\\/\\\/marcelolopes.jor.br\\\/site\\\/#\\\/schema\\\/person\\\/3e7216a35c34d8fdf952b31da3d1f89f\"},\"headline\":\"CRLV 2026 come\u00e7a a ser exigido em setembro\",\"datePublished\":\"2026-08-31T10:00:35+00:00\",\"mainEntityOfPage\":{\"@id\":\"https:\\\/\\\/marcelolopes.jor.br\\\/site\\\/2026\\\/08\\\/31\\\/crlv-2026-comeca-a-ser-exigido-em-setembro\\\/\"},\"wordCount\":624,\"commentCount\":0,\"publisher\":{\"@id\":\"https:\\\/\\\/marcelolopes.jor.br\\\/site\\\/#organization\"},\"image\":{\"@id\":\"https:\\\/\\\/marcelolopes.jor.br\\\/site\\\/2026\\\/08\\\/31\\\/crlv-2026-comeca-a-ser-exigido-em-setembro\\\/#primaryimage\"},\"thumbnailUrl\":\"https:\\\/\\\/marcelolopes.jor.br\\\/site\\\/wp-content\\\/uploads\\\/2026\\\/08\\\/CRLV-2026.jpg.webp\",\"articleSection\":[\"Not\u00edcias\"],\"inLanguage\":\"pt-BR\",\"potentialAction\":[{\"@type\":\"CommentAction\",\"name\":\"Comment\",\"target\":[\"https:\\\/\\\/marcelolopes.jor.br\\\/site\\\/2026\\\/08\\\/31\\\/crlv-2026-comeca-a-ser-exigido-em-setembro\\\/#respond\"]}]},{\"@type\":\"WebPage\",\"@id\":\"https:\\\/\\\/marcelolopes.jor.br\\\/site\\\/2026\\\/08\\\/31\\\/crlv-2026-comeca-a-ser-exigido-em-setembro\\\/\",\"url\":\"https:\\\/\\\/marcelolopes.jor.br\\\/site\\\/2026\\\/08\\\/31\\\/crlv-2026-comeca-a-ser-exigido-em-setembro\\\/\",\"name\":\"CRLV 2026 come\u00e7a a ser exigido em setembro | Marcelo Lopes\",\"isPartOf\":{\"@id\":\"https:\\\/\\\/marcelolopes.jor.br\\\/site\\\/#website\"},\"primaryImageOfPage\":{\"@id\":\"https:\\\/\\\/marcelolopes.jor.br\\\/site\\\/2026\\\/08\\\/31\\\/crlv-2026-comeca-a-ser-exigido-em-setembro\\\/#primaryimage\"},\"image\":{\"@id\":\"https:\\\/\\\/marcelolopes.jor.br\\\/site\\\/2026\\\/08\\\/31\\\/crlv-2026-comeca-a-ser-exigido-em-setembro\\\/#primaryimage\"},\"thumbnailUrl\":\"https:\\\/\\\/marcelolopes.jor.br\\\/site\\\/wp-content\\\/uploads\\\/2026\\\/08\\\/CRLV-2026.jpg.webp\",\"datePublished\":\"2026-08-31T10:00:35+00:00\",\"description\":\"CRLV 2026 come\u00e7a a ser exigido em setembro. Circular sem licenciamento regular \u00e9 infra\u00e7\u00e3o grav\u00edssima, sujeito a multa.\",\"breadcrumb\":{\"@id\":\"https:\\\/\\\/marcelolopes.jor.br\\\/site\\\/2026\\\/08\\\/31\\\/crlv-2026-comeca-a-ser-exigido-em-setembro\\\/#breadcrumb\"},\"inLanguage\":\"pt-BR\",\"potentialAction\":[{\"@type\":\"ReadAction\",\"target\":[\"https:\\\/\\\/marcelolopes.jor.br\\\/site\\\/2026\\\/08\\\/31\\\/crlv-2026-comeca-a-ser-exigido-em-setembro\\\/\"]}]},{\"@type\":\"ImageObject\",\"inLanguage\":\"pt-BR\",\"@id\":\"https:\\\/\\\/marcelolopes.jor.br\\\/site\\\/2026\\\/08\\\/31\\\/crlv-2026-comeca-a-ser-exigido-em-setembro\\\/#primaryimage\",\"url\":\"https:\\\/\\\/marcelolopes.jor.br\\\/site\\\/wp-content\\\/uploads\\\/2026\\\/08\\\/CRLV-2026.jpg.webp\",\"contentUrl\":\"https:\\\/\\\/marcelolopes.jor.br\\\/site\\\/wp-content\\\/uploads\\\/2026\\\/08\\\/CRLV-2026.jpg.webp\",\"width\":1201,\"height\":675,\"caption\":\"CRLV 2026 come\u00e7a a\"},{\"@type\":\"BreadcrumbList\",\"@id\":\"https:\\\/\\\/marcelolopes.jor.br\\\/site\\\/2026\\\/08\\\/31\\\/crlv-2026-comeca-a-ser-exigido-em-setembro\\\/#breadcrumb\",\"itemListElement\":[{\"@type\":\"ListItem\",\"position\":1,\"name\":\"Home\",\"item\":\"https:\\\/\\\/marcelolopes.jor.br\\\/site\\\/\"},{\"@type\":\"ListItem\",\"position\":2,\"name\":\"CRLV 2026 come\u00e7a a ser exigido em setembro\"}]},{\"@type\":\"WebSite\",\"@id\":\"https:\\\/\\\/marcelolopes.jor.br\\\/site\\\/#website\",\"url\":\"https:\\\/\\\/marcelolopes.jor.br\\\/site\\\/\",\"name\":\"Marcelo Lopes\",\"description\":\"Not\u00edcias de Cataguases e Regi\u00e3o\",\"publisher\":{\"@id\":\"https:\\\/\\\/marcelolopes.jor.br\\\/site\\\/#organization\"},\"potentialAction\":[{\"@type\":\"SearchAction\",\"target\":{\"@type\":\"EntryPoint\",\"urlTemplate\":\"https:\\\/\\\/marcelolopes.jor.br\\\/site\\\/?s={search_term_string}\"},\"query-input\":{\"@type\":\"PropertyValueSpecification\",\"valueRequired\":true,\"valueName\":\"search_term_string\"}}],\"inLanguage\":\"pt-BR\"},{\"@type\":\"Organization\",\"@id\":\"https:\\\/\\\/marcelolopes.jor.br\\\/site\\\/#organization\",\"name\":\"Site do Marcelo Lopes\",\"url\":\"https:\\\/\\\/marcelolopes.jor.br\\\/site\\\/\",\"logo\":{\"@type\":\"ImageObject\",\"inLanguage\":\"pt-BR\",\"@id\":\"https:\\\/\\\/marcelolopes.jor.br\\\/site\\\/#\\\/schema\\\/logo\\\/image\\\/\",\"url\":\"https:\\\/\\\/marcelolopes.jor.br\\\/site\\\/wp-content\\\/uploads\\\/2026\\\/07\\\/cropped-logo2026.png\",\"contentUrl\":\"https:\\\/\\\/marcelolopes.jor.br\\\/site\\\/wp-content\\\/uploads\\\/2026\\\/07\\\/cropped-logo2026.png\",\"width\":328,\"height\":96,\"caption\":\"Site do Marcelo Lopes\"},\"image\":{\"@id\":\"https:\\\/\\\/marcelolopes.jor.br\\\/site\\\/#\\\/schema\\\/logo\\\/image\\\/\"},\"sameAs\":[\"https:\\\/\\\/www.facebook.com\\\/sitedomarcelolopes\",\"https:\\\/\\\/www.instagram.com\\\/sitedomarcelolopes\\\/\",\"https:\\\/\\\/www.linkedin.com\\\/company\\\/site-do-marcelo-lopes\\\/\",\"https:\\\/\\\/www.youtube.com\\\/user\\\/marcelolopes957\"]},{\"@type\":\"Person\",\"@id\":\"https:\\\/\\\/marcelolopes.jor.br\\\/site\\\/#\\\/schema\\\/person\\\/3e7216a35c34d8fdf952b31da3d1f89f\",\"name\":\"Marcelo Lopes\",\"sameAs\":[\"http:\\\/\\\/www.marcelolopes.jor.br\"],\"url\":\"https:\\\/\\\/marcelolopes.jor.br\\\/site\\\/author\\\/marcelo\\\/\"}]}<\/script>\n<!-- \/ Yoast SEO plugin. -->","yoast_head_json":{"title":"CRLV 2026 come\u00e7a a ser exigido em setembro | Marcelo Lopes","description":"CRLV 2026 come\u00e7a a ser exigido em setembro. Circular sem licenciamento regular \u00e9 infra\u00e7\u00e3o grav\u00edssima, sujeito a multa.","robots":{"index":"index","follow":"follow","max-snippet":"max-snippet:-1","max-image-preview":"max-image-preview:large","max-video-preview":"max-video-preview:-1"},"canonical":"https:\/\/marcelolopes.jor.br\/site\/2026\/08\/31\/crlv-2026-comeca-a-ser-exigido-em-setembro\/","og_locale":"pt_BR","og_type":"article","og_title":"CRLV 2026 come\u00e7a a ser exigido em setembro | Marcelo Lopes","og_description":"CRLV 2026 come\u00e7a a ser exigido em setembro. Circular sem licenciamento regular \u00e9 infra\u00e7\u00e3o grav\u00edssima, sujeito a multa.","og_url":"https:\/\/marcelolopes.jor.br\/site\/2026\/08\/31\/crlv-2026-comeca-a-ser-exigido-em-setembro\/","og_site_name":"Marcelo Lopes","article_publisher":"https:\/\/www.facebook.com\/sitedomarcelolopes","article_published_time":"2026-08-31T10:00:35+00:00","og_image":[{"width":1201,"height":675,"url":"https:\/\/marcelolopes.jor.br\/site\/wp-content\/uploads\/2026\/08\/CRLV-2026.jpg.webp","type":"image\/webp"}],"author":"Marcelo Lopes","twitter_card":"summary_large_image","twitter_misc":{"Escrito por":"Marcelo Lopes","Est. tempo de leitura":"3 minutos"},"schema":{"@context":"https:\/\/schema.org","@graph":[{"@type":"NewsArticle","@id":"https:\/\/marcelolopes.jor.br\/site\/2026\/08\/31\/crlv-2026-comeca-a-ser-exigido-em-setembro\/#article","isPartOf":{"@id":"https:\/\/marcelolopes.jor.br\/site\/2026\/08\/31\/crlv-2026-comeca-a-ser-exigido-em-setembro\/"},"author":{"name":"Marcelo Lopes","@id":"https:\/\/marcelolopes.jor.br\/site\/#\/schema\/person\/3e7216a35c34d8fdf952b31da3d1f89f"},"headline":"CRLV 2026 come\u00e7a a ser exigido em setembro","datePublished":"2026-08-31T10:00:35+00:00","mainEntityOfPage":{"@id":"https:\/\/marcelolopes.jor.br\/site\/2026\/08\/31\/crlv-2026-comeca-a-ser-exigido-em-setembro\/"},"wordCount":624,"commentCount":0,"publisher":{"@id":"https:\/\/marcelolopes.jor.br\/site\/#organization"},"image":{"@id":"https:\/\/marcelolopes.jor.br\/site\/2026\/08\/31\/crlv-2026-comeca-a-ser-exigido-em-setembro\/#primaryimage"},"thumbnailUrl":"https:\/\/marcelolopes.jor.br\/site\/wp-content\/uploads\/2026\/08\/CRLV-2026.jpg.webp","articleSection":["Not\u00edcias"],"inLanguage":"pt-BR","potentialAction":[{"@type":"CommentAction","name":"Comment","target":["https:\/\/marcelolopes.jor.br\/site\/2026\/08\/31\/crlv-2026-comeca-a-ser-exigido-em-setembro\/#respond"]}]},{"@type":"WebPage","@id":"https:\/\/marcelolopes.jor.br\/site\/2026\/08\/31\/crlv-2026-comeca-a-ser-exigido-em-setembro\/","url":"https:\/\/marcelolopes.jor.br\/site\/2026\/08\/31\/crlv-2026-comeca-a-ser-exigido-em-setembro\/","name":"CRLV 2026 come\u00e7a a ser exigido em setembro | Marcelo Lopes","isPartOf":{"@id":"https:\/\/marcelolopes.jor.br\/site\/#website"},"primaryImageOfPage":{"@id":"https:\/\/marcelolopes.jor.br\/site\/2026\/08\/31\/crlv-2026-comeca-a-ser-exigido-em-setembro\/#primaryimage"},"image":{"@id":"https:\/\/marcelolopes.jor.br\/site\/2026\/08\/31\/crlv-2026-comeca-a-ser-exigido-em-setembro\/#primaryimage"},"thumbnailUrl":"https:\/\/marcelolopes.jor.br\/site\/wp-content\/uploads\/2026\/08\/CRLV-2026.jpg.webp","datePublished":"2026-08-31T10:00:35+00:00","description":"CRLV 2026 come\u00e7a a ser exigido em setembro. Circular sem licenciamento regular \u00e9 infra\u00e7\u00e3o grav\u00edssima, sujeito a multa.","breadcrumb":{"@id":"https:\/\/marcelolopes.jor.br\/site\/2026\/08\/31\/crlv-2026-comeca-a-ser-exigido-em-setembro\/#breadcrumb"},"inLanguage":"pt-BR","potentialAction":[{"@type":"ReadAction","target":["https:\/\/marcelolopes.jor.br\/site\/2026\/08\/31\/crlv-2026-comeca-a-ser-exigido-em-setembro\/"]}]},{"@type":"ImageObject","inLanguage":"pt-BR","@id":"https:\/\/marcelolopes.jor.br\/site\/2026\/08\/31\/crlv-2026-comeca-a-ser-exigido-em-setembro\/#primaryimage","url":"https:\/\/marcelolopes.jor.br\/site\/wp-content\/uploads\/2026\/08\/CRLV-2026.jpg.webp","contentUrl":"https:\/\/marcelolopes.jor.br\/site\/wp-content\/uploads\/2026\/08\/CRLV-2026.jpg.webp","width":1201,"height":675,"caption":"CRLV 2026 come\u00e7a a"},{"@type":"BreadcrumbList","@id":"https:\/\/marcelolopes.jor.br\/site\/2026\/08\/31\/crlv-2026-comeca-a-ser-exigido-em-setembro\/#breadcrumb","itemListElement":[{"@type":"ListItem","position":1,"name":"Home","item":"https:\/\/marcelolopes.jor.br\/site\/"},{"@type":"ListItem","position":2,"name":"CRLV 2026 come\u00e7a a ser exigido em setembro"}]},{"@type":"WebSite","@id":"https:\/\/marcelolopes.jor.br\/site\/#website","url":"https:\/\/marcelolopes.jor.br\/site\/","name":"Marcelo Lopes","description":"Not\u00edcias de Cataguases e Regi\u00e3o","publisher":{"@id":"https:\/\/marcelolopes.jor.br\/site\/#organization"},"potentialAction":[{"@type":"SearchAction","target":{"@type":"EntryPoint","urlTemplate":"https:\/\/marcelolopes.jor.br\/site\/?s={search_term_string}"},"query-input":{"@type":"PropertyValueSpecification","valueRequired":true,"valueName":"search_term_string"}}],"inLanguage":"pt-BR"},{"@type":"Organization","@id":"https:\/\/marcelolopes.jor.br\/site\/#organization","name":"Site do Marcelo Lopes","url":"https:\/\/marcelolopes.jor.br\/site\/","logo":{"@type":"ImageObject","inLanguage":"pt-BR","@id":"https:\/\/marcelolopes.jor.br\/site\/#\/schema\/logo\/image\/","url":"https:\/\/marcelolopes.jor.br\/site\/wp-content\/uploads\/2026\/07\/cropped-logo2026.png","contentUrl":"https:\/\/marcelolopes.jor.br\/site\/wp-content\/uploads\/2026\/07\/cropped-logo2026.png","width":328,"height":96,"caption":"Site do Marcelo Lopes"},"image":{"@id":"https:\/\/marcelolopes.jor.br\/site\/#\/schema\/logo\/image\/"},"sameAs":["https:\/\/www.facebook.com\/sitedomarcelolopes","https:\/\/www.instagram.com\/sitedomarcelolopes\/","https:\/\/www.linkedin.com\/company\/site-do-marcelo-lopes\/","https:\/\/www.youtube.com\/user\/marcelolopes957"]},{"@type":"Person","@id":"https:\/\/marcelolopes.jor.br\/site\/#\/schema\/person\/3e7216a35c34d8fdf952b31da3d1f89f","name":"Marcelo Lopes","sameAs":["http:\/\/www.marcelolopes.jor.br"],"url":"https:\/\/marcelolopes.jor.br\/site\/author\/marcelo\/"}]}},"wps_subtitle":"Circular sem licenciamento regular \u00e9 infra\u00e7\u00e3o grav\u00edssima.","_links":{"self":[{"href":"https:\/\/marcelolopes.jor.br\/site\/wp-json\/wp\/v2\/posts\/69397","targetHints":{"allow":["GET"]}}],"collection":[{"href":"https:\/\/marcelolopes.jor.br\/site\/wp-json\/wp\/v2\/posts"}],"about":[{"href":"https:\/\/marcelolopes.jor.br\/site\/wp-json\/wp\/v2\/types\/post"}],"author":[{"embeddable":true,"href":"https:\/\/marcelolopes.jor.br\/site\/wp-json\/wp\/v2\/users\/2"}],"replies":[{"embeddable":true,"href":"https:\/\/marcelolopes.jor.br\/site\/wp-json\/wp\/v2\/comments?post=69397"}],"version-history":[{"count":1,"href":"https:\/\/marcelolopes.jor.br\/site\/wp-json\/wp\/v2\/posts\/69397\/revisions"}],"predecessor-version":[{"id":69427,"href":"https:\/\/marcelolopes.jor.br\/site\/wp-json\/wp\/v2\/posts\/69397\/revisions\/69427"}],"wp:featuredmedia":[{"embeddable":true,"href":"https:\/\/marcelolopes.jor.br\/site\/wp-json\/wp\/v2\/media\/69399"}],"wp:attachment":[{"href":"https:\/\/marcelolopes.jor.br\/site\/wp-json\/wp\/v2\/media?parent=69397"}],"wp:term":[{"taxonomy":"category","embeddable":true,"href":"https:\/\/marcelolopes.jor.br\/site\/wp-json\/wp\/v2\/categories?post=69397"},{"taxonomy":"post_tag","embeddable":true,"href":"https:\/\/marcelolopes.jor.br\/site\/wp-json\/wp\/v2\/tags?post=69397"}],"curies":[{"name":"wp","href":"https:\/\/api.w.org\/{rel}","templated":true}]}}