{"id":6848,"date":"2019-10-13T07:00:32","date_gmt":"2019-10-13T10:00:32","guid":{"rendered":"https:\/\/marcelolopes.jor.br\/?p=6848"},"modified":"2019-10-15T17:45:38","modified_gmt":"2019-10-15T20:45:38","slug":"site-realiza-evento-para-homenagear-os-destaques-de-2019-em-cataguases","status":"publish","type":"post","link":"https:\/\/marcelolopes.jor.br\/site\/2019\/10\/13\/site-realiza-evento-para-homenagear-os-destaques-de-2019-em-cataguases\/","title":{"rendered":"Site realiza evento para homenagear os Destaques de 2019 em Cataguases"},"content":{"rendered":"<p style=\"text-align: justify;\">No pr\u00f3ximo dia 2 de novembro, \u00e0s 21 horas, vai acontecer a primeira edi\u00e7\u00e3o do Pr\u00eamio Destaque Site do Marcelo Lopes. A noite de requinte, glamour, luxo e eleg\u00e2ncia reunir\u00e1 no sal\u00e3o social do Clube do Remo, os profissionais e empres\u00e1rios que se destacam e est\u00e3o contribuindo para o desenvolvimento de Cataguases neste ano de 2019. A festa \u00e9 uma iniciativa do Site do Marcelo Lopes em parceria com a promoteur Thayla La Turca, para reconhecer aqueles que, por meio de suas atividades profissionais, fazem Cataguases crescer e se desenvolver.<!--more--><\/p>\n<p style=\"text-align: justify;\">Nesta primeira iniciativa foram escolhidos, por meio de vota\u00e7\u00e3o popular nas ruas e pela fanpage do Site do Marcelo Lopes na rede social Facebook, oitenta profissionais e empresas nas mais diversas \u00e1reas de atua\u00e7\u00e3o do munic\u00edpio. Foram ouvidas 2.678 pessoas nas ruas da cidade e outras quase cinco mil respostas foram obtidas atrav\u00e9s da internet. O resultado come\u00e7a a ser levado a p\u00fablico agora, \u00e0 medida que os escolhidos aceitam receber o certificado neste noite de gala que vai acontecer dia 02 e j\u00e1 vem sendo comentada nas principais rodas sociais da cidade. Acostumada a fazer eventos desta natureza, Thayla disse que a receptividade em Cataguases &#8220;superou as expectativas. A cidade est\u00e1 abra\u00e7ando o projeto que, com certeza, vai ajudar a levantar a autoestima das pessoas&#8221;, aposta a promoteur.<\/p>\n<p style=\"text-align: justify;\"><img loading=\"lazy\" decoding=\"async\" class=\"alignright wp-image-6856 size-medium\" src=\"https:\/\/marcelolopes.jor.br\/site\/wp-content\/uploads\/2019\/10\/WhatsApp-Image-2019-10-12-at-23.12.16-259x300.jpeg\" alt=\"\" width=\"259\" height=\"300\" srcset=\"https:\/\/marcelolopes.jor.br\/site\/wp-content\/uploads\/2019\/10\/WhatsApp-Image-2019-10-12-at-23.12.16-259x300.jpeg 259w, https:\/\/marcelolopes.jor.br\/site\/wp-content\/uploads\/2019\/10\/WhatsApp-Image-2019-10-12-at-23.12.16.jpeg 578w\" sizes=\"auto, (max-width: 259px) 100vw, 259px\" \/>A noite de requinte e glamour vai contar com dois shows, sendo um com o cantor Thauan Kelvin (primeira foto abaixo) e outro com Rodrigo Lins (segunda foto abaixo) al\u00e9m da apresenta\u00e7\u00e3o do DJ Netinho (foto ao lado), que toca nos principais eventos de Ub\u00e1, como a tradicional Festa do Le\u00e3o e em outras cidades da regi\u00e3o. Festa exclusiva para os convidados que foram escolhidos Destaques do Ano, os homenageados \u00a0v\u00e3o degustar um menu e drinks especialmente preparados para o evento pela equipe do Buffet La Cosine, sob a batuta da destacada Carine Ferreira e um dos mais concorridos da microrregi\u00e3o. &#8220;A id\u00e9ia \u00e9 fazer uma festa inesquec\u00edvel, \u00e0 altura dos nossos homenageados, para que guardem este momento especial em suas mem\u00f3rias e queiram retornar ano que vem&#8221;, conta Thayla.<\/p>\n<p style=\"text-align: justify;\">Para completar, o evento conta ainda com o patroc\u00ednio master de tr\u00eas grandes marcas conhecidas nacionalmente e respeitadas em suas \u00e1reas de atua\u00e7\u00e3o como a F\u00e1brica do Futuro, Sicoob Coopemata e Zollern, que compartilham a proposta do Site de reconhecer aqueles que por meio de seu trabalho e empenho, s\u00e3o verdadeiramente os respons\u00e1veis pelo desenvolvimento de Cataguases. Todo o evento ser\u00e1 fotografado pela equipe do Foto Bai\u00e3o.<\/p>\n<p>&nbsp;<\/p>\n<p><img loading=\"lazy\" decoding=\"async\" class=\"aligncenter wp-image-6858\" src=\"https:\/\/marcelolopes.jor.br\/site\/wp-content\/uploads\/2019\/10\/WhatsApp-Image-2019-10-12-at-23.03.02-300x300.jpeg\" alt=\"\" width=\"500\" height=\"498\" srcset=\"https:\/\/marcelolopes.jor.br\/site\/wp-content\/uploads\/2019\/10\/WhatsApp-Image-2019-10-12-at-23.03.02-300x300.jpeg 300w, https:\/\/marcelolopes.jor.br\/site\/wp-content\/uploads\/2019\/10\/WhatsApp-Image-2019-10-12-at-23.03.02-150x150.jpeg 150w, https:\/\/marcelolopes.jor.br\/site\/wp-content\/uploads\/2019\/10\/WhatsApp-Image-2019-10-12-at-23.03.02.jpeg 720w\" sizes=\"auto, (max-width: 500px) 100vw, 500px\" \/><\/p>\n<p><img loading=\"lazy\" decoding=\"async\" class=\"aligncenter wp-image-6857\" src=\"https:\/\/marcelolopes.jor.br\/site\/wp-content\/uploads\/2019\/10\/WhatsApp-Image-2019-10-12-at-23.03.03-300x200.jpeg\" alt=\"\" width=\"500\" height=\"333\" srcset=\"https:\/\/marcelolopes.jor.br\/site\/wp-content\/uploads\/2019\/10\/WhatsApp-Image-2019-10-12-at-23.03.03-300x200.jpeg 300w, https:\/\/marcelolopes.jor.br\/site\/wp-content\/uploads\/2019\/10\/WhatsApp-Image-2019-10-12-at-23.03.03.jpeg 720w\" sizes=\"auto, (max-width: 500px) 100vw, 500px\" \/><\/p>\n<p style=\"text-align: justify;\">Conhe\u00e7a agora o primeiro grupo de agraciados que at\u00e9 a \u00faltima sexta-feira, 11, havia confirmado presen\u00e7a no evento.<\/p>\n<p><strong>1- Cheiro de Vida &#8211; Natura<\/strong><br \/>\n<strong>2- Girlean de Souza Neves &#8211; Enfermeiro<\/strong><br \/>\n<strong>3- Clinica Sorridents &#8211; Melhor Cl\u00ednica <\/strong><br \/>\n<strong>4- Cl\u00ednica Raio X &#8211; Radiologia Odontol\u00f3gica &#8211; Dra. Angelita <\/strong><br \/>\n<strong>5- Elo\u00edsio J\u00fanior &#8211; Ortodontia<\/strong><br \/>\n<strong>6- Supermercado Morais &#8211; Supermercado<\/strong><br \/>\n<strong>7- Transportes Coletivos L\u00e9o &#8211; Transporte Urbano<\/strong><br \/>\n<strong>8- A\u00e7ougue Independ\u00eancia &#8211; A\u00e7ougue<\/strong><br \/>\n<strong>9- Murilo Possani &#8211; Neurologista<\/strong><br \/>\n<strong>10- Bet\u00e3o do Remo &#8211; Vereador<\/strong><br \/>\n<strong>11- Kt\u00e1 Tour &#8211; Ag\u00eancia de Viagem<\/strong><br \/>\n<strong>12- Clube do Remo &#8211; Clube<\/strong><br \/>\n<strong>13- 146\u00aa Cia Pol\u00edcia Militar &#8211; Seguran\u00e7a P\u00fablica <\/strong><br \/>\n<strong>14- Creche Ana Neri &#8211; Servi\u00e7o Social <\/strong><br \/>\n<strong>15- Sicoob Coopemata &#8211; Banco<\/strong><br \/>\n<strong>16- Tecidos C&amp;S &#8211; Cama, Mesa e Banho<\/strong><br \/>\n<strong>17- Utilicasa &#8211; Loja de utilidades para o lar<\/strong><br \/>\n<strong>18- Posto Bittencourt &#8211; Posto de Combust\u00edveis<\/strong><br \/>\n<strong>19- Igor Fernandez &#8211; Ator revela\u00e7\u00e3o<\/strong><br \/>\n<strong>20- Eliz\u00e2ngela Barros &#8211; Pol\u00edtica Revela\u00e7\u00e3o<\/strong><br \/>\n<strong>21- Farm\u00e1cia Alchimiz &#8211; Farm\u00e1cia de Manipula\u00e7\u00e3o<\/strong><br \/>\n<strong>22- Brasilnet &#8211; Provedor de Internet<\/strong><br \/>\n<strong>23- Granel &#8211; Loja de Piscinas<\/strong><br \/>\n<strong>24- Padaria P\u00e3o Nosso &#8211; Padaria<\/strong><br \/>\n<strong>25- Est\u00e9tica Feliccit\u00e1 &#8211; Cl\u00ednica de Est\u00e9tica<\/strong><br \/>\n<strong>26- Gr\u00e1fica L\u00edder &#8211; Setor gr\u00e1fico<\/strong><br \/>\n<strong>27- Faculdades Sudam\u00e9rica &#8211; Curso superior<\/strong><br \/>\n<strong>28- Monteiro e Associados &#8211; Escrit\u00f3rio de Advocacia<\/strong><br \/>\n<strong>29- Energisa &#8211; Empresa do Ano<\/strong><br \/>\n<strong>30- Zollern &#8211; Metal\u00fargica<\/strong><br \/>\n<strong>31- Churrascaria Carusinho &#8211; Self Service<\/strong><br \/>\n<strong>32- Ricardo Dias &#8211; Destaque Legislativo<\/strong><br \/>\n<strong>33- Plan Minas &#8211; Plano Funer\u00e1rio<\/strong><\/p>\n<div class=\"uxxpb6a94f0ff1658c\" ><br><\/div><style type=\"text\/css\">\r\n@media screen and (min-width: 1201px) {\r\n.uxxpb6a94f0ff1658c {\r\ndisplay: block;\r\n}\r\n}\r\n@media screen and (min-width: 993px) and (max-width: 1200px) {\r\n.uxxpb6a94f0ff1658c {\r\ndisplay: block;\r\n}\r\n}\r\n@media screen and (min-width: 769px) and (max-width: 992px) {\r\n.uxxpb6a94f0ff1658c {\r\ndisplay: block;\r\n}\r\n}\r\n@media screen and (min-width: 768px) and (max-width: 768px) {\r\n.uxxpb6a94f0ff1658c {\r\ndisplay: block;\r\n}\r\n}\r\n@media screen and (max-width: 767px) {\r\n.uxxpb6a94f0ff1658c {\r\ndisplay: block;\r\n}\r\n}\r\n<\/style>\r\n<div class=\"cdvas6a94f0ff1bbac\" ><div id=\"div_destino\"><\/div>\r\n<script src=\"https:\/\/cdn.snsrsv.com\/sdk.js\"><\/script>\r\n<script >\r\n      new sdk(\"464030C30061EA8BE065000000000001\") \r\n          .appendTo(\"div_destino\")\r\n          .disableStyle(true) \r\n          .setCacheBusterMacro(\"%%CACHEBUSTER%%\")\r\n          .setSize(\"800\",\"214\")\r\n          .setClickMacro(\"%%CLICK_URL_ESC%%\") \r\n          .setReferrerUrlMacro(\"%%REFERRER_URL_ESC%%\") \r\n          .start(); \r\n<\/script><\/div><style type=\"text\/css\">\r\n@media screen and (min-width: 1201px) {\r\n.cdvas6a94f0ff1bbac {\r\ndisplay: block;\r\n}\r\n}\r\n@media screen and (min-width: 993px) and (max-width: 1200px) {\r\n.cdvas6a94f0ff1bbac {\r\ndisplay: block;\r\n}\r\n}\r\n@media screen and (min-width: 769px) and (max-width: 992px) {\r\n.cdvas6a94f0ff1bbac {\r\ndisplay: block;\r\n}\r\n}\r\n@media screen and (min-width: 768px) and (max-width: 768px) {\r\n.cdvas6a94f0ff1bbac {\r\ndisplay: block;\r\n}\r\n}\r\n@media screen and (max-width: 767px) {\r\n.cdvas6a94f0ff1bbac {\r\ndisplay: block;\r\n}\r\n}\r\n<\/style>\r\n","protected":false},"excerpt":{"rendered":"<p>No pr\u00f3ximo dia 2 de novembro, \u00e0s 21 horas, vai acontecer a primeira edi\u00e7\u00e3o do Pr\u00eamio Destaque Site do Marcelo Lopes. A noite de requinte, glamour, luxo e eleg\u00e2ncia reunir\u00e1 no sal\u00e3o social do Clube do Remo, os profissionais e<\/p>\n<p class=\"link-more\"><a class=\"more-link\" href=\"https:\/\/marcelolopes.jor.br\/site\/2019\/10\/13\/site-realiza-evento-para-homenagear-os-destaques-de-2019-em-cataguases\/\">Leia mais <span class=\"screen-reader-text\">Site realiza evento para homenagear os Destaques de 2019 em Cataguases<\/span><\/a><\/p>\n","protected":false},"author":2,"featured_media":6850,"comment_status":"open","ping_status":"open","sticky":false,"template":"","format":"standard","meta":{"footnotes":""},"categories":[1],"tags":[368,1442,1443,1444],"class_list":["post-6848","post","type-post","status-publish","format-standard","has-post-thumbnail","hentry","category-noticias","tag-certificado","tag-destaques-do-ano","tag-festa-do-site","tag-profissionais-e-empresas","thumb-below-title"],"yoast_head":"<!-- This site is optimized with the Yoast SEO plugin v28.3 - https:\/\/yoast.com\/product\/yoast-seo-wordpress\/ -->\n<title>Site realiza evento para homenagear os Destaques de 2019 em Cataguases | Marcelo Lopes<\/title>\n<meta name=\"robots\" content=\"index, follow, max-snippet:-1, max-image-preview:large, max-video-preview:-1\" \/>\n<link rel=\"canonical\" href=\"https:\/\/marcelolopes.jor.br\/site\/2019\/10\/13\/site-realiza-evento-para-homenagear-os-destaques-de-2019-em-cataguases\/\" \/>\n<meta property=\"og:locale\" content=\"pt_BR\" \/>\n<meta property=\"og:type\" content=\"article\" \/>\n<meta property=\"og:title\" content=\"Site realiza evento para homenagear os Destaques de 2019 em Cataguases | Marcelo Lopes\" \/>\n<meta property=\"og:description\" content=\"No pr\u00f3ximo dia 2 de novembro, \u00e0s 21 horas, vai acontecer a primeira edi\u00e7\u00e3o do Pr\u00eamio Destaque Site do Marcelo Lopes. A noite de requinte, glamour, luxo e eleg\u00e2ncia reunir\u00e1 no sal\u00e3o social do Clube do Remo, os profissionais eLeia mais Site realiza evento para homenagear os Destaques de 2019 em Cataguases\" \/>\n<meta property=\"og:url\" content=\"https:\/\/marcelolopes.jor.br\/site\/2019\/10\/13\/site-realiza-evento-para-homenagear-os-destaques-de-2019-em-cataguases\/\" \/>\n<meta property=\"og:site_name\" content=\"Marcelo Lopes\" \/>\n<meta property=\"article:publisher\" content=\"https:\/\/www.facebook.com\/sitedomarcelolopes\" \/>\n<meta property=\"article:published_time\" content=\"2019-10-13T10:00:32+00:00\" \/>\n<meta property=\"article:modified_time\" content=\"2019-10-15T20:45:38+00:00\" \/>\n<meta property=\"og:image\" content=\"https:\/\/marcelolopes.jor.br\/site\/wp-content\/uploads\/2019\/10\/destaques.jpg\" \/>\n\t<meta property=\"og:image:width\" content=\"1200\" \/>\n\t<meta property=\"og:image:height\" content=\"800\" \/>\n\t<meta property=\"og:image:type\" content=\"image\/jpeg\" \/>\n<meta name=\"author\" content=\"Marcelo Lopes\" \/>\n<meta name=\"twitter:card\" content=\"summary_large_image\" \/>\n<meta name=\"twitter:label1\" content=\"Escrito por\" \/>\n\t<meta name=\"twitter:data1\" content=\"Marcelo Lopes\" \/>\n\t<meta name=\"twitter:label2\" content=\"Est. tempo de leitura\" \/>\n\t<meta name=\"twitter:data2\" content=\"4 minutos\" \/>\n<script type=\"application\/ld+json\" class=\"yoast-schema-graph\">{\"@context\":\"https:\\\/\\\/schema.org\",\"@graph\":[{\"@type\":\"NewsArticle\",\"@id\":\"https:\\\/\\\/marcelolopes.jor.br\\\/site\\\/2019\\\/10\\\/13\\\/site-realiza-evento-para-homenagear-os-destaques-de-2019-em-cataguases\\\/#article\",\"isPartOf\":{\"@id\":\"https:\\\/\\\/marcelolopes.jor.br\\\/site\\\/2019\\\/10\\\/13\\\/site-realiza-evento-para-homenagear-os-destaques-de-2019-em-cataguases\\\/\"},\"author\":{\"name\":\"Marcelo Lopes\",\"@id\":\"https:\\\/\\\/marcelolopes.jor.br\\\/site\\\/#\\\/schema\\\/person\\\/3e7216a35c34d8fdf952b31da3d1f89f\"},\"headline\":\"Site realiza evento para homenagear os Destaques de 2019 em Cataguases\",\"datePublished\":\"2019-10-13T10:00:32+00:00\",\"dateModified\":\"2019-10-15T20:45:38+00:00\",\"mainEntityOfPage\":{\"@id\":\"https:\\\/\\\/marcelolopes.jor.br\\\/site\\\/2019\\\/10\\\/13\\\/site-realiza-evento-para-homenagear-os-destaques-de-2019-em-cataguases\\\/\"},\"wordCount\":713,\"commentCount\":0,\"publisher\":{\"@id\":\"https:\\\/\\\/marcelolopes.jor.br\\\/site\\\/#organization\"},\"image\":{\"@id\":\"https:\\\/\\\/marcelolopes.jor.br\\\/site\\\/2019\\\/10\\\/13\\\/site-realiza-evento-para-homenagear-os-destaques-de-2019-em-cataguases\\\/#primaryimage\"},\"thumbnailUrl\":\"https:\\\/\\\/marcelolopes.jor.br\\\/site\\\/wp-content\\\/uploads\\\/2019\\\/10\\\/destaques.jpg\",\"keywords\":[\"certificado\",\"Destaques do Ano\",\"Festa do Site\",\"profissionais e empresas\"],\"articleSection\":[\"Not\u00edcias\"],\"inLanguage\":\"pt-BR\",\"potentialAction\":[{\"@type\":\"CommentAction\",\"name\":\"Comment\",\"target\":[\"https:\\\/\\\/marcelolopes.jor.br\\\/site\\\/2019\\\/10\\\/13\\\/site-realiza-evento-para-homenagear-os-destaques-de-2019-em-cataguases\\\/#respond\"]}]},{\"@type\":\"WebPage\",\"@id\":\"https:\\\/\\\/marcelolopes.jor.br\\\/site\\\/2019\\\/10\\\/13\\\/site-realiza-evento-para-homenagear-os-destaques-de-2019-em-cataguases\\\/\",\"url\":\"https:\\\/\\\/marcelolopes.jor.br\\\/site\\\/2019\\\/10\\\/13\\\/site-realiza-evento-para-homenagear-os-destaques-de-2019-em-cataguases\\\/\",\"name\":\"Site realiza evento para homenagear os Destaques de 2019 em Cataguases | Marcelo Lopes\",\"isPartOf\":{\"@id\":\"https:\\\/\\\/marcelolopes.jor.br\\\/site\\\/#website\"},\"primaryImageOfPage\":{\"@id\":\"https:\\\/\\\/marcelolopes.jor.br\\\/site\\\/2019\\\/10\\\/13\\\/site-realiza-evento-para-homenagear-os-destaques-de-2019-em-cataguases\\\/#primaryimage\"},\"image\":{\"@id\":\"https:\\\/\\\/marcelolopes.jor.br\\\/site\\\/2019\\\/10\\\/13\\\/site-realiza-evento-para-homenagear-os-destaques-de-2019-em-cataguases\\\/#primaryimage\"},\"thumbnailUrl\":\"https:\\\/\\\/marcelolopes.jor.br\\\/site\\\/wp-content\\\/uploads\\\/2019\\\/10\\\/destaques.jpg\",\"datePublished\":\"2019-10-13T10:00:32+00:00\",\"dateModified\":\"2019-10-15T20:45:38+00:00\",\"breadcrumb\":{\"@id\":\"https:\\\/\\\/marcelolopes.jor.br\\\/site\\\/2019\\\/10\\\/13\\\/site-realiza-evento-para-homenagear-os-destaques-de-2019-em-cataguases\\\/#breadcrumb\"},\"inLanguage\":\"pt-BR\",\"potentialAction\":[{\"@type\":\"ReadAction\",\"target\":[\"https:\\\/\\\/marcelolopes.jor.br\\\/site\\\/2019\\\/10\\\/13\\\/site-realiza-evento-para-homenagear-os-destaques-de-2019-em-cataguases\\\/\"]}]},{\"@type\":\"ImageObject\",\"inLanguage\":\"pt-BR\",\"@id\":\"https:\\\/\\\/marcelolopes.jor.br\\\/site\\\/2019\\\/10\\\/13\\\/site-realiza-evento-para-homenagear-os-destaques-de-2019-em-cataguases\\\/#primaryimage\",\"url\":\"https:\\\/\\\/marcelolopes.jor.br\\\/site\\\/wp-content\\\/uploads\\\/2019\\\/10\\\/destaques.jpg\",\"contentUrl\":\"https:\\\/\\\/marcelolopes.jor.br\\\/site\\\/wp-content\\\/uploads\\\/2019\\\/10\\\/destaques.jpg\",\"width\":1200,\"height\":800},{\"@type\":\"BreadcrumbList\",\"@id\":\"https:\\\/\\\/marcelolopes.jor.br\\\/site\\\/2019\\\/10\\\/13\\\/site-realiza-evento-para-homenagear-os-destaques-de-2019-em-cataguases\\\/#breadcrumb\",\"itemListElement\":[{\"@type\":\"ListItem\",\"position\":1,\"name\":\"Home\",\"item\":\"https:\\\/\\\/marcelolopes.jor.br\\\/site\\\/\"},{\"@type\":\"ListItem\",\"position\":2,\"name\":\"Site realiza evento para homenagear os Destaques de 2019 em Cataguases\"}]},{\"@type\":\"WebSite\",\"@id\":\"https:\\\/\\\/marcelolopes.jor.br\\\/site\\\/#website\",\"url\":\"https:\\\/\\\/marcelolopes.jor.br\\\/site\\\/\",\"name\":\"Marcelo Lopes\",\"description\":\"Not\u00edcias de Cataguases e Regi\u00e3o\",\"publisher\":{\"@id\":\"https:\\\/\\\/marcelolopes.jor.br\\\/site\\\/#organization\"},\"potentialAction\":[{\"@type\":\"SearchAction\",\"target\":{\"@type\":\"EntryPoint\",\"urlTemplate\":\"https:\\\/\\\/marcelolopes.jor.br\\\/site\\\/?s={search_term_string}\"},\"query-input\":{\"@type\":\"PropertyValueSpecification\",\"valueRequired\":true,\"valueName\":\"search_term_string\"}}],\"inLanguage\":\"pt-BR\"},{\"@type\":\"Organization\",\"@id\":\"https:\\\/\\\/marcelolopes.jor.br\\\/site\\\/#organization\",\"name\":\"Site do Marcelo Lopes\",\"url\":\"https:\\\/\\\/marcelolopes.jor.br\\\/site\\\/\",\"logo\":{\"@type\":\"ImageObject\",\"inLanguage\":\"pt-BR\",\"@id\":\"https:\\\/\\\/marcelolopes.jor.br\\\/site\\\/#\\\/schema\\\/logo\\\/image\\\/\",\"url\":\"https:\\\/\\\/marcelolopes.jor.br\\\/site\\\/wp-content\\\/uploads\\\/2026\\\/07\\\/cropped-logo2026.png\",\"contentUrl\":\"https:\\\/\\\/marcelolopes.jor.br\\\/site\\\/wp-content\\\/uploads\\\/2026\\\/07\\\/cropped-logo2026.png\",\"width\":328,\"height\":96,\"caption\":\"Site do Marcelo Lopes\"},\"image\":{\"@id\":\"https:\\\/\\\/marcelolopes.jor.br\\\/site\\\/#\\\/schema\\\/logo\\\/image\\\/\"},\"sameAs\":[\"https:\\\/\\\/www.facebook.com\\\/sitedomarcelolopes\",\"https:\\\/\\\/www.instagram.com\\\/sitedomarcelolopes\\\/\",\"https:\\\/\\\/www.linkedin.com\\\/company\\\/site-do-marcelo-lopes\\\/\",\"https:\\\/\\\/www.youtube.com\\\/user\\\/marcelolopes957\"]},{\"@type\":\"Person\",\"@id\":\"https:\\\/\\\/marcelolopes.jor.br\\\/site\\\/#\\\/schema\\\/person\\\/3e7216a35c34d8fdf952b31da3d1f89f\",\"name\":\"Marcelo Lopes\",\"sameAs\":[\"http:\\\/\\\/www.marcelolopes.jor.br\"],\"url\":\"https:\\\/\\\/marcelolopes.jor.br\\\/site\\\/author\\\/marcelo\\\/\"}]}<\/script>\n<!-- \/ Yoast SEO plugin. -->","yoast_head_json":{"title":"Site realiza evento para homenagear os Destaques de 2019 em Cataguases | Marcelo Lopes","robots":{"index":"index","follow":"follow","max-snippet":"max-snippet:-1","max-image-preview":"max-image-preview:large","max-video-preview":"max-video-preview:-1"},"canonical":"https:\/\/marcelolopes.jor.br\/site\/2019\/10\/13\/site-realiza-evento-para-homenagear-os-destaques-de-2019-em-cataguases\/","og_locale":"pt_BR","og_type":"article","og_title":"Site realiza evento para homenagear os Destaques de 2019 em Cataguases | Marcelo Lopes","og_description":"No pr\u00f3ximo dia 2 de novembro, \u00e0s 21 horas, vai acontecer a primeira edi\u00e7\u00e3o do Pr\u00eamio Destaque Site do Marcelo Lopes. A noite de requinte, glamour, luxo e eleg\u00e2ncia reunir\u00e1 no sal\u00e3o social do Clube do Remo, os profissionais eLeia mais Site realiza evento para homenagear os Destaques de 2019 em Cataguases","og_url":"https:\/\/marcelolopes.jor.br\/site\/2019\/10\/13\/site-realiza-evento-para-homenagear-os-destaques-de-2019-em-cataguases\/","og_site_name":"Marcelo Lopes","article_publisher":"https:\/\/www.facebook.com\/sitedomarcelolopes","article_published_time":"2019-10-13T10:00:32+00:00","article_modified_time":"2019-10-15T20:45:38+00:00","og_image":[{"width":1200,"height":800,"url":"https:\/\/marcelolopes.jor.br\/site\/wp-content\/uploads\/2019\/10\/destaques.jpg","type":"image\/jpeg"}],"author":"Marcelo Lopes","twitter_card":"summary_large_image","twitter_misc":{"Escrito por":"Marcelo Lopes","Est. tempo de leitura":"4 minutos"},"schema":{"@context":"https:\/\/schema.org","@graph":[{"@type":"NewsArticle","@id":"https:\/\/marcelolopes.jor.br\/site\/2019\/10\/13\/site-realiza-evento-para-homenagear-os-destaques-de-2019-em-cataguases\/#article","isPartOf":{"@id":"https:\/\/marcelolopes.jor.br\/site\/2019\/10\/13\/site-realiza-evento-para-homenagear-os-destaques-de-2019-em-cataguases\/"},"author":{"name":"Marcelo Lopes","@id":"https:\/\/marcelolopes.jor.br\/site\/#\/schema\/person\/3e7216a35c34d8fdf952b31da3d1f89f"},"headline":"Site realiza evento para homenagear os Destaques de 2019 em Cataguases","datePublished":"2019-10-13T10:00:32+00:00","dateModified":"2019-10-15T20:45:38+00:00","mainEntityOfPage":{"@id":"https:\/\/marcelolopes.jor.br\/site\/2019\/10\/13\/site-realiza-evento-para-homenagear-os-destaques-de-2019-em-cataguases\/"},"wordCount":713,"commentCount":0,"publisher":{"@id":"https:\/\/marcelolopes.jor.br\/site\/#organization"},"image":{"@id":"https:\/\/marcelolopes.jor.br\/site\/2019\/10\/13\/site-realiza-evento-para-homenagear-os-destaques-de-2019-em-cataguases\/#primaryimage"},"thumbnailUrl":"https:\/\/marcelolopes.jor.br\/site\/wp-content\/uploads\/2019\/10\/destaques.jpg","keywords":["certificado","Destaques do Ano","Festa do Site","profissionais e empresas"],"articleSection":["Not\u00edcias"],"inLanguage":"pt-BR","potentialAction":[{"@type":"CommentAction","name":"Comment","target":["https:\/\/marcelolopes.jor.br\/site\/2019\/10\/13\/site-realiza-evento-para-homenagear-os-destaques-de-2019-em-cataguases\/#respond"]}]},{"@type":"WebPage","@id":"https:\/\/marcelolopes.jor.br\/site\/2019\/10\/13\/site-realiza-evento-para-homenagear-os-destaques-de-2019-em-cataguases\/","url":"https:\/\/marcelolopes.jor.br\/site\/2019\/10\/13\/site-realiza-evento-para-homenagear-os-destaques-de-2019-em-cataguases\/","name":"Site realiza evento para homenagear os Destaques de 2019 em Cataguases | Marcelo Lopes","isPartOf":{"@id":"https:\/\/marcelolopes.jor.br\/site\/#website"},"primaryImageOfPage":{"@id":"https:\/\/marcelolopes.jor.br\/site\/2019\/10\/13\/site-realiza-evento-para-homenagear-os-destaques-de-2019-em-cataguases\/#primaryimage"},"image":{"@id":"https:\/\/marcelolopes.jor.br\/site\/2019\/10\/13\/site-realiza-evento-para-homenagear-os-destaques-de-2019-em-cataguases\/#primaryimage"},"thumbnailUrl":"https:\/\/marcelolopes.jor.br\/site\/wp-content\/uploads\/2019\/10\/destaques.jpg","datePublished":"2019-10-13T10:00:32+00:00","dateModified":"2019-10-15T20:45:38+00:00","breadcrumb":{"@id":"https:\/\/marcelolopes.jor.br\/site\/2019\/10\/13\/site-realiza-evento-para-homenagear-os-destaques-de-2019-em-cataguases\/#breadcrumb"},"inLanguage":"pt-BR","potentialAction":[{"@type":"ReadAction","target":["https:\/\/marcelolopes.jor.br\/site\/2019\/10\/13\/site-realiza-evento-para-homenagear-os-destaques-de-2019-em-cataguases\/"]}]},{"@type":"ImageObject","inLanguage":"pt-BR","@id":"https:\/\/marcelolopes.jor.br\/site\/2019\/10\/13\/site-realiza-evento-para-homenagear-os-destaques-de-2019-em-cataguases\/#primaryimage","url":"https:\/\/marcelolopes.jor.br\/site\/wp-content\/uploads\/2019\/10\/destaques.jpg","contentUrl":"https:\/\/marcelolopes.jor.br\/site\/wp-content\/uploads\/2019\/10\/destaques.jpg","width":1200,"height":800},{"@type":"BreadcrumbList","@id":"https:\/\/marcelolopes.jor.br\/site\/2019\/10\/13\/site-realiza-evento-para-homenagear-os-destaques-de-2019-em-cataguases\/#breadcrumb","itemListElement":[{"@type":"ListItem","position":1,"name":"Home","item":"https:\/\/marcelolopes.jor.br\/site\/"},{"@type":"ListItem","position":2,"name":"Site realiza evento para homenagear os Destaques de 2019 em Cataguases"}]},{"@type":"WebSite","@id":"https:\/\/marcelolopes.jor.br\/site\/#website","url":"https:\/\/marcelolopes.jor.br\/site\/","name":"Marcelo Lopes","description":"Not\u00edcias de Cataguases e Regi\u00e3o","publisher":{"@id":"https:\/\/marcelolopes.jor.br\/site\/#organization"},"potentialAction":[{"@type":"SearchAction","target":{"@type":"EntryPoint","urlTemplate":"https:\/\/marcelolopes.jor.br\/site\/?s={search_term_string}"},"query-input":{"@type":"PropertyValueSpecification","valueRequired":true,"valueName":"search_term_string"}}],"inLanguage":"pt-BR"},{"@type":"Organization","@id":"https:\/\/marcelolopes.jor.br\/site\/#organization","name":"Site do Marcelo Lopes","url":"https:\/\/marcelolopes.jor.br\/site\/","logo":{"@type":"ImageObject","inLanguage":"pt-BR","@id":"https:\/\/marcelolopes.jor.br\/site\/#\/schema\/logo\/image\/","url":"https:\/\/marcelolopes.jor.br\/site\/wp-content\/uploads\/2026\/07\/cropped-logo2026.png","contentUrl":"https:\/\/marcelolopes.jor.br\/site\/wp-content\/uploads\/2026\/07\/cropped-logo2026.png","width":328,"height":96,"caption":"Site do Marcelo Lopes"},"image":{"@id":"https:\/\/marcelolopes.jor.br\/site\/#\/schema\/logo\/image\/"},"sameAs":["https:\/\/www.facebook.com\/sitedomarcelolopes","https:\/\/www.instagram.com\/sitedomarcelolopes\/","https:\/\/www.linkedin.com\/company\/site-do-marcelo-lopes\/","https:\/\/www.youtube.com\/user\/marcelolopes957"]},{"@type":"Person","@id":"https:\/\/marcelolopes.jor.br\/site\/#\/schema\/person\/3e7216a35c34d8fdf952b31da3d1f89f","name":"Marcelo Lopes","sameAs":["http:\/\/www.marcelolopes.jor.br"],"url":"https:\/\/marcelolopes.jor.br\/site\/author\/marcelo\/"}]}},"wps_subtitle":"Festa ser\u00e1 no pr\u00f3ximo dia 02 de novembro, no sal\u00e3o social do Clube do Remo, com dois shows.","_links":{"self":[{"href":"https:\/\/marcelolopes.jor.br\/site\/wp-json\/wp\/v2\/posts\/6848","targetHints":{"allow":["GET"]}}],"collection":[{"href":"https:\/\/marcelolopes.jor.br\/site\/wp-json\/wp\/v2\/posts"}],"about":[{"href":"https:\/\/marcelolopes.jor.br\/site\/wp-json\/wp\/v2\/types\/post"}],"author":[{"embeddable":true,"href":"https:\/\/marcelolopes.jor.br\/site\/wp-json\/wp\/v2\/users\/2"}],"replies":[{"embeddable":true,"href":"https:\/\/marcelolopes.jor.br\/site\/wp-json\/wp\/v2\/comments?post=6848"}],"version-history":[{"count":0,"href":"https:\/\/marcelolopes.jor.br\/site\/wp-json\/wp\/v2\/posts\/6848\/revisions"}],"wp:featuredmedia":[{"embeddable":true,"href":"https:\/\/marcelolopes.jor.br\/site\/wp-json\/wp\/v2\/media\/6850"}],"wp:attachment":[{"href":"https:\/\/marcelolopes.jor.br\/site\/wp-json\/wp\/v2\/media?parent=6848"}],"wp:term":[{"taxonomy":"category","embeddable":true,"href":"https:\/\/marcelolopes.jor.br\/site\/wp-json\/wp\/v2\/categories?post=6848"},{"taxonomy":"post_tag","embeddable":true,"href":"https:\/\/marcelolopes.jor.br\/site\/wp-json\/wp\/v2\/tags?post=6848"}],"curies":[{"name":"wp","href":"https:\/\/api.w.org\/{rel}","templated":true}]}}