{"id":67231,"date":"2026-07-04T07:00:29","date_gmt":"2026-07-04T10:00:29","guid":{"rendered":"https:\/\/marcelolopes.jor.br\/site\/?p=67231"},"modified":"2026-07-03T15:59:02","modified_gmt":"2026-07-03T18:59:02","slug":"senado-aprova-mp-de-r-2665-milhoes-para-acoes-na-zona-da-mata","status":"publish","type":"post","link":"https:\/\/marcelolopes.jor.br\/site\/2026\/07\/04\/senado-aprova-mp-de-r-2665-milhoes-para-acoes-na-zona-da-mata\/","title":{"rendered":"Senado aprova MP de R$ 266,5 milh\u00f5es para a\u00e7\u00f5es na Zona da Mata"},"content":{"rendered":"<p>O Senado aprovou nesta quinta-feira, 2 de julho, em sess\u00e3o extraordin\u00e1ria, a medida provis\u00f3ria que abriu cr\u00e9dito extraordin\u00e1rio de R$ 266,5 milh\u00f5es para a\u00e7\u00f5es emergenciais de prote\u00e7\u00e3o e defesa civil na Zona da Mata mineira. Cataguases \u00e9 uma das cidades beneficiadas com a medida.<!--more--><\/p>\n<h4 class=\"p1\"><span class=\"s1\">\ud83d\udcf8\u00a0<span style=\"color: #008000;\">Siga o Site do Marcelo Lopes no<\/span>\u00a0<span style=\"color: #800000;\"><a style=\"color: #800000;\" href=\"https:\/\/www.facebook.com\/sitedomarcelolopes\/\"><strong>Facebook<\/strong><\/a><\/span>\u00a0<span style=\"color: #008000;\">e no<\/span>\u00a0<span style=\"color: #800000;\"><strong><a style=\"color: #800000;\" href=\"https:\/\/www.instagram.com\/sitedomarcelolopes\/\">Instagram<\/a><\/strong><\/span><\/span><\/h4>\n<h4 class=\"p1\">\ud83d\udcf1<span style=\"color: #008000;\">Participe do grupo de<\/span>\u00a0<span style=\"color: #800000;\"><a style=\"color: #800000;\" href=\"https:\/\/chat.whatsapp.com\/BibzcI1ibYSKytbdyzubLA\"><strong>WhatsApp<\/strong><\/a><\/span> <span style=\"color: #008000;\">do Site do Marcelo Lopes<\/span><\/h4>\n<p>No in\u00edcio deste ano a regi\u00e3o foi atingida por enchentes e deslizamentos de terra, que deixaram 72 mortos e uma pessoa desaparecida, segundo balan\u00e7o das autoridades mineiras. As cidades mais atingidas foram Juiz de Fora e Ub\u00e1.<\/p>\n<p>A sess\u00e3o extraordin\u00e1ria foi necess\u00e1ria porque a MP perderia validade na pr\u00f3xima segunda-feira (6). &#8220;A Zona da Mata mineira perderia a possibilidade de utilizar esse cr\u00e9dito para minimizar os danos e os impactos daquela trag\u00e9dia&#8221;, disse Davi Alcolumbre, que agradeceu aos senadores pela compreens\u00e3o para a vota\u00e7\u00e3o, agendada de \u00faltima hora.<\/p>\n<h3>Munic\u00edpios atendidos<\/h3>\n<p>Entre os munic\u00edpios a serem atendidos pela MP est\u00e3o\u00a0\u00c1gua Boa, Cataguases, Divin\u00e9sia, Espinosa, Ewbank da C\u00e2mara, Gouveia, Guidoval, Ipanema, Itamarati de Minas, Juiz de Fora, Matias Barbosa, Mutum, Novo Cruzeiro, Pedra Dourada, Piracema, Porteirinha, Senador Firmino e Ub\u00e1.<\/p>\n<p>Os recursos, que t\u00eam como destino o Minist\u00e9rio da Integra\u00e7\u00e3o e do Desenvolvimento Regional, devem financiar a\u00e7\u00f5es de resposta imediata, a assist\u00eancia \u00e0s v\u00edtimas e a recupera\u00e7\u00e3o das \u00e1reas atingidas.<\/p>\n<p><strong>OUTRAS NOT\u00cdCIAS<\/strong><br \/>\n<a href=\"https:\/\/marcelolopes.jor.br\/site\/2026\/03\/13\/apos-enchentes-uba-confirma-primeira-morte-por-leptospirose\/\"><strong><span style=\"color: #800000;\">Ap\u00f3s enchentes, Ub\u00e1 confirma primeira morte por leptospirose<\/span><\/strong><\/a><\/p>\n<p><a href=\"https:\/\/marcelolopes.jor.br\/site\/2026\/03\/08\/lula-anuncia-auxilio-de-r-73-mil-a-familias-atingidas-pelas-chuvas\/\"><strong><span style=\"color: #800000;\">Lula anuncia aux\u00edlio de R$ 7,3 mil a fam\u00edlias atingidas pelas chuvas<\/span><\/strong><\/a><\/p>\n<p>Fonte e foto: Ag\u00eancia Senado<\/p>\n<div class=\"kydyb6a97e1b5d795d\" ><div style=\"margin-left: auto; margin-right: auto; text-align: center; margin-top: 50px; \" id=\"teste-582815773\"><a href=\"https:\/\/marcelolopes.jor.br\/site\/edital-audiencia-publica-energisa-minas-rio-2026\/\" aria-label=\"banneredital\"><img loading=\"lazy\" decoding=\"async\" src=\"https:\/\/marcelolopes.jor.br\/site\/wp-content\/uploads\/2026\/09\/banneredital.png\" alt=\"\"  srcset=\"https:\/\/marcelolopes.jor.br\/site\/wp-content\/uploads\/2026\/09\/banneredital.png 812w, https:\/\/marcelolopes.jor.br\/site\/wp-content\/uploads\/2026\/09\/banneredital-300x56.png 300w, https:\/\/marcelolopes.jor.br\/site\/wp-content\/uploads\/2026\/09\/banneredital-768x144.png 768w\" sizes=\"(max-width: 812px) 100vw, 812px\" width=\"812\" height=\"152\"  style=\"display: inline-block;\" \/><\/a><\/div><br><\/div><style type=\"text\/css\">\r\n@media screen and (min-width: 1201px) {\r\n.kydyb6a97e1b5d795d {\r\ndisplay: block;\r\n}\r\n}\r\n@media screen and (min-width: 993px) and (max-width: 1200px) {\r\n.kydyb6a97e1b5d795d {\r\ndisplay: block;\r\n}\r\n}\r\n@media screen and (min-width: 769px) and (max-width: 992px) {\r\n.kydyb6a97e1b5d795d {\r\ndisplay: block;\r\n}\r\n}\r\n@media screen and (min-width: 768px) and (max-width: 768px) {\r\n.kydyb6a97e1b5d795d {\r\ndisplay: block;\r\n}\r\n}\r\n@media screen and (max-width: 767px) {\r\n.kydyb6a97e1b5d795d {\r\ndisplay: block;\r\n}\r\n}\r\n<\/style>\r\n<div class=\"rlfin6a97e1b5dee07\" ><div id=\"div_destino\"><\/div>\r\n<script src=\"https:\/\/cdn.snsrsv.com\/sdk.js\"><\/script>\r\n<script >\r\n      new sdk(\"464030C30061EA8BE065000000000001\") \r\n          .appendTo(\"div_destino\")\r\n          .disableStyle(true) \r\n          .setCacheBusterMacro(\"%%CACHEBUSTER%%\")\r\n          .setSize(\"800\",\"214\")\r\n          .setClickMacro(\"%%CLICK_URL_ESC%%\") \r\n          .setReferrerUrlMacro(\"%%REFERRER_URL_ESC%%\") \r\n          .start(); \r\n<\/script><\/div><style type=\"text\/css\">\r\n@media screen and (min-width: 1201px) {\r\n.rlfin6a97e1b5dee07 {\r\ndisplay: block;\r\n}\r\n}\r\n@media screen and (min-width: 993px) and (max-width: 1200px) {\r\n.rlfin6a97e1b5dee07 {\r\ndisplay: block;\r\n}\r\n}\r\n@media screen and (min-width: 769px) and (max-width: 992px) {\r\n.rlfin6a97e1b5dee07 {\r\ndisplay: block;\r\n}\r\n}\r\n@media screen and (min-width: 768px) and (max-width: 768px) {\r\n.rlfin6a97e1b5dee07 {\r\ndisplay: block;\r\n}\r\n}\r\n@media screen and (max-width: 767px) {\r\n.rlfin6a97e1b5dee07 {\r\ndisplay: block;\r\n}\r\n}\r\n<\/style>\r\n","protected":false},"excerpt":{"rendered":"<p>O Senado aprovou nesta quinta-feira, 2 de julho, em sess\u00e3o extraordin\u00e1ria, a medida provis\u00f3ria que abriu cr\u00e9dito extraordin\u00e1rio de R$ 266,5 milh\u00f5es para a\u00e7\u00f5es emergenciais de prote\u00e7\u00e3o e defesa civil na Zona da Mata mineira. Cataguases \u00e9 uma das cidades<\/p>\n<p class=\"link-more\"><a class=\"more-link\" href=\"https:\/\/marcelolopes.jor.br\/site\/2026\/07\/04\/senado-aprova-mp-de-r-2665-milhoes-para-acoes-na-zona-da-mata\/\">Leia mais <span class=\"screen-reader-text\">Senado aprova MP de R$ 266,5 milh\u00f5es para a\u00e7\u00f5es na Zona da Mata<\/span><\/a><\/p>\n","protected":false},"author":2,"featured_media":67234,"comment_status":"open","ping_status":"closed","sticky":false,"template":"","format":"standard","meta":{"footnotes":""},"categories":[1],"tags":[],"class_list":["post-67231","post","type-post","status-publish","format-standard","has-post-thumbnail","hentry","category-noticias","thumb-below-title"],"yoast_head":"<!-- This site is optimized with the Yoast SEO plugin v28.3 - https:\/\/yoast.com\/product\/yoast-seo-wordpress\/ -->\n<title>Senado aprova MP de R$ 266,5 milh\u00f5es para a\u00e7\u00f5es na Zona da<\/title>\n<meta name=\"description\" content=\"Senado aprova MP de R$ 266,5 milh\u00f5es para a\u00e7\u00f5es na Zona da Mata. Recurso vem sendo utilizado para recuperar cidades atingidas pelas fortes...\" \/>\n<meta name=\"robots\" content=\"index, follow, max-snippet:-1, max-image-preview:large, max-video-preview:-1\" \/>\n<link rel=\"canonical\" href=\"https:\/\/marcelolopes.jor.br\/site\/2026\/07\/04\/senado-aprova-mp-de-r-2665-milhoes-para-acoes-na-zona-da-mata\/\" \/>\n<meta property=\"og:locale\" content=\"pt_BR\" \/>\n<meta property=\"og:type\" content=\"article\" \/>\n<meta property=\"og:title\" content=\"Senado aprova MP de R$ 266,5 milh\u00f5es para a\u00e7\u00f5es na Zona da\" \/>\n<meta property=\"og:description\" content=\"Senado aprova MP de R$ 266,5 milh\u00f5es para a\u00e7\u00f5es na Zona da Mata. Recurso vem sendo utilizado para recuperar cidades atingidas pelas fortes...\" \/>\n<meta property=\"og:url\" content=\"https:\/\/marcelolopes.jor.br\/site\/2026\/07\/04\/senado-aprova-mp-de-r-2665-milhoes-para-acoes-na-zona-da-mata\/\" \/>\n<meta property=\"og:site_name\" content=\"Marcelo Lopes\" \/>\n<meta property=\"article:publisher\" content=\"https:\/\/www.facebook.com\/sitedomarcelolopes\" \/>\n<meta property=\"article:published_time\" content=\"2026-07-04T10:00:29+00:00\" \/>\n<meta property=\"og:image\" content=\"https:\/\/marcelolopes.jor.br\/site\/wp-content\/uploads\/2026\/07\/55371007619_6ee993ccbd_z.jpg\" \/>\n\t<meta property=\"og:image:width\" content=\"640\" \/>\n\t<meta property=\"og:image:height\" content=\"427\" \/>\n\t<meta property=\"og:image:type\" content=\"image\/jpeg\" \/>\n<meta name=\"author\" content=\"Marcelo Lopes\" \/>\n<meta name=\"twitter:card\" content=\"summary_large_image\" \/>\n<meta name=\"twitter:label1\" content=\"Escrito por\" \/>\n\t<meta name=\"twitter:data1\" content=\"Marcelo Lopes\" \/>\n\t<meta name=\"twitter:label2\" content=\"Est. tempo de leitura\" \/>\n\t<meta name=\"twitter:data2\" content=\"1 minuto\" \/>\n<script type=\"application\/ld+json\" class=\"yoast-schema-graph\">{\"@context\":\"https:\\\/\\\/schema.org\",\"@graph\":[{\"@type\":\"NewsArticle\",\"@id\":\"https:\\\/\\\/marcelolopes.jor.br\\\/site\\\/2026\\\/07\\\/04\\\/senado-aprova-mp-de-r-2665-milhoes-para-acoes-na-zona-da-mata\\\/#article\",\"isPartOf\":{\"@id\":\"https:\\\/\\\/marcelolopes.jor.br\\\/site\\\/2026\\\/07\\\/04\\\/senado-aprova-mp-de-r-2665-milhoes-para-acoes-na-zona-da-mata\\\/\"},\"author\":{\"name\":\"Marcelo Lopes\",\"@id\":\"https:\\\/\\\/marcelolopes.jor.br\\\/site\\\/#\\\/schema\\\/person\\\/3e7216a35c34d8fdf952b31da3d1f89f\"},\"headline\":\"Senado aprova MP de R$ 266,5 milh\u00f5es para a\u00e7\u00f5es na Zona da Mata\",\"datePublished\":\"2026-07-04T10:00:29+00:00\",\"mainEntityOfPage\":{\"@id\":\"https:\\\/\\\/marcelolopes.jor.br\\\/site\\\/2026\\\/07\\\/04\\\/senado-aprova-mp-de-r-2665-milhoes-para-acoes-na-zona-da-mata\\\/\"},\"wordCount\":295,\"commentCount\":0,\"publisher\":{\"@id\":\"https:\\\/\\\/marcelolopes.jor.br\\\/site\\\/#organization\"},\"image\":{\"@id\":\"https:\\\/\\\/marcelolopes.jor.br\\\/site\\\/2026\\\/07\\\/04\\\/senado-aprova-mp-de-r-2665-milhoes-para-acoes-na-zona-da-mata\\\/#primaryimage\"},\"thumbnailUrl\":\"https:\\\/\\\/marcelolopes.jor.br\\\/site\\\/wp-content\\\/uploads\\\/2026\\\/07\\\/55371007619_6ee993ccbd_z.jpg\",\"articleSection\":[\"Not\u00edcias\"],\"inLanguage\":\"pt-BR\",\"potentialAction\":[{\"@type\":\"CommentAction\",\"name\":\"Comment\",\"target\":[\"https:\\\/\\\/marcelolopes.jor.br\\\/site\\\/2026\\\/07\\\/04\\\/senado-aprova-mp-de-r-2665-milhoes-para-acoes-na-zona-da-mata\\\/#respond\"]}]},{\"@type\":\"WebPage\",\"@id\":\"https:\\\/\\\/marcelolopes.jor.br\\\/site\\\/2026\\\/07\\\/04\\\/senado-aprova-mp-de-r-2665-milhoes-para-acoes-na-zona-da-mata\\\/\",\"url\":\"https:\\\/\\\/marcelolopes.jor.br\\\/site\\\/2026\\\/07\\\/04\\\/senado-aprova-mp-de-r-2665-milhoes-para-acoes-na-zona-da-mata\\\/\",\"name\":\"Senado aprova MP de R$ 266,5 milh\u00f5es para a\u00e7\u00f5es na Zona da\",\"isPartOf\":{\"@id\":\"https:\\\/\\\/marcelolopes.jor.br\\\/site\\\/#website\"},\"primaryImageOfPage\":{\"@id\":\"https:\\\/\\\/marcelolopes.jor.br\\\/site\\\/2026\\\/07\\\/04\\\/senado-aprova-mp-de-r-2665-milhoes-para-acoes-na-zona-da-mata\\\/#primaryimage\"},\"image\":{\"@id\":\"https:\\\/\\\/marcelolopes.jor.br\\\/site\\\/2026\\\/07\\\/04\\\/senado-aprova-mp-de-r-2665-milhoes-para-acoes-na-zona-da-mata\\\/#primaryimage\"},\"thumbnailUrl\":\"https:\\\/\\\/marcelolopes.jor.br\\\/site\\\/wp-content\\\/uploads\\\/2026\\\/07\\\/55371007619_6ee993ccbd_z.jpg\",\"datePublished\":\"2026-07-04T10:00:29+00:00\",\"description\":\"Senado aprova MP de R$ 266,5 milh\u00f5es para a\u00e7\u00f5es na Zona da Mata. Recurso vem sendo utilizado para recuperar cidades atingidas pelas fortes...\",\"breadcrumb\":{\"@id\":\"https:\\\/\\\/marcelolopes.jor.br\\\/site\\\/2026\\\/07\\\/04\\\/senado-aprova-mp-de-r-2665-milhoes-para-acoes-na-zona-da-mata\\\/#breadcrumb\"},\"inLanguage\":\"pt-BR\",\"potentialAction\":[{\"@type\":\"ReadAction\",\"target\":[\"https:\\\/\\\/marcelolopes.jor.br\\\/site\\\/2026\\\/07\\\/04\\\/senado-aprova-mp-de-r-2665-milhoes-para-acoes-na-zona-da-mata\\\/\"]}]},{\"@type\":\"ImageObject\",\"inLanguage\":\"pt-BR\",\"@id\":\"https:\\\/\\\/marcelolopes.jor.br\\\/site\\\/2026\\\/07\\\/04\\\/senado-aprova-mp-de-r-2665-milhoes-para-acoes-na-zona-da-mata\\\/#primaryimage\",\"url\":\"https:\\\/\\\/marcelolopes.jor.br\\\/site\\\/wp-content\\\/uploads\\\/2026\\\/07\\\/55371007619_6ee993ccbd_z.jpg\",\"contentUrl\":\"https:\\\/\\\/marcelolopes.jor.br\\\/site\\\/wp-content\\\/uploads\\\/2026\\\/07\\\/55371007619_6ee993ccbd_z.jpg\",\"width\":640,\"height\":427,\"caption\":\"Senado aprova MP de\"},{\"@type\":\"BreadcrumbList\",\"@id\":\"https:\\\/\\\/marcelolopes.jor.br\\\/site\\\/2026\\\/07\\\/04\\\/senado-aprova-mp-de-r-2665-milhoes-para-acoes-na-zona-da-mata\\\/#breadcrumb\",\"itemListElement\":[{\"@type\":\"ListItem\",\"position\":1,\"name\":\"Home\",\"item\":\"https:\\\/\\\/marcelolopes.jor.br\\\/site\\\/\"},{\"@type\":\"ListItem\",\"position\":2,\"name\":\"Senado aprova MP de R$ 266,5 milh\u00f5es para a\u00e7\u00f5es na Zona da Mata\"}]},{\"@type\":\"WebSite\",\"@id\":\"https:\\\/\\\/marcelolopes.jor.br\\\/site\\\/#website\",\"url\":\"https:\\\/\\\/marcelolopes.jor.br\\\/site\\\/\",\"name\":\"Marcelo Lopes\",\"description\":\"Not\u00edcias de Cataguases e Regi\u00e3o\",\"publisher\":{\"@id\":\"https:\\\/\\\/marcelolopes.jor.br\\\/site\\\/#organization\"},\"potentialAction\":[{\"@type\":\"SearchAction\",\"target\":{\"@type\":\"EntryPoint\",\"urlTemplate\":\"https:\\\/\\\/marcelolopes.jor.br\\\/site\\\/?s={search_term_string}\"},\"query-input\":{\"@type\":\"PropertyValueSpecification\",\"valueRequired\":true,\"valueName\":\"search_term_string\"}}],\"inLanguage\":\"pt-BR\"},{\"@type\":\"Organization\",\"@id\":\"https:\\\/\\\/marcelolopes.jor.br\\\/site\\\/#organization\",\"name\":\"Site do Marcelo Lopes\",\"url\":\"https:\\\/\\\/marcelolopes.jor.br\\\/site\\\/\",\"logo\":{\"@type\":\"ImageObject\",\"inLanguage\":\"pt-BR\",\"@id\":\"https:\\\/\\\/marcelolopes.jor.br\\\/site\\\/#\\\/schema\\\/logo\\\/image\\\/\",\"url\":\"https:\\\/\\\/marcelolopes.jor.br\\\/site\\\/wp-content\\\/uploads\\\/2026\\\/07\\\/cropped-logo2026.png\",\"contentUrl\":\"https:\\\/\\\/marcelolopes.jor.br\\\/site\\\/wp-content\\\/uploads\\\/2026\\\/07\\\/cropped-logo2026.png\",\"width\":328,\"height\":96,\"caption\":\"Site do Marcelo Lopes\"},\"image\":{\"@id\":\"https:\\\/\\\/marcelolopes.jor.br\\\/site\\\/#\\\/schema\\\/logo\\\/image\\\/\"},\"sameAs\":[\"https:\\\/\\\/www.facebook.com\\\/sitedomarcelolopes\",\"https:\\\/\\\/www.instagram.com\\\/sitedomarcelolopes\\\/\",\"https:\\\/\\\/www.linkedin.com\\\/company\\\/site-do-marcelo-lopes\\\/\",\"https:\\\/\\\/www.youtube.com\\\/user\\\/marcelolopes957\"]},{\"@type\":\"Person\",\"@id\":\"https:\\\/\\\/marcelolopes.jor.br\\\/site\\\/#\\\/schema\\\/person\\\/3e7216a35c34d8fdf952b31da3d1f89f\",\"name\":\"Marcelo Lopes\",\"sameAs\":[\"http:\\\/\\\/www.marcelolopes.jor.br\"],\"url\":\"https:\\\/\\\/marcelolopes.jor.br\\\/site\\\/author\\\/marcelo\\\/\"}]}<\/script>\n<!-- \/ Yoast SEO plugin. -->","yoast_head_json":{"title":"Senado aprova MP de R$ 266,5 milh\u00f5es para a\u00e7\u00f5es na Zona da","description":"Senado aprova MP de R$ 266,5 milh\u00f5es para a\u00e7\u00f5es na Zona da Mata. Recurso vem sendo utilizado para recuperar cidades atingidas pelas fortes...","robots":{"index":"index","follow":"follow","max-snippet":"max-snippet:-1","max-image-preview":"max-image-preview:large","max-video-preview":"max-video-preview:-1"},"canonical":"https:\/\/marcelolopes.jor.br\/site\/2026\/07\/04\/senado-aprova-mp-de-r-2665-milhoes-para-acoes-na-zona-da-mata\/","og_locale":"pt_BR","og_type":"article","og_title":"Senado aprova MP de R$ 266,5 milh\u00f5es para a\u00e7\u00f5es na Zona da","og_description":"Senado aprova MP de R$ 266,5 milh\u00f5es para a\u00e7\u00f5es na Zona da Mata. Recurso vem sendo utilizado para recuperar cidades atingidas pelas fortes...","og_url":"https:\/\/marcelolopes.jor.br\/site\/2026\/07\/04\/senado-aprova-mp-de-r-2665-milhoes-para-acoes-na-zona-da-mata\/","og_site_name":"Marcelo Lopes","article_publisher":"https:\/\/www.facebook.com\/sitedomarcelolopes","article_published_time":"2026-07-04T10:00:29+00:00","og_image":[{"width":640,"height":427,"url":"https:\/\/marcelolopes.jor.br\/site\/wp-content\/uploads\/2026\/07\/55371007619_6ee993ccbd_z.jpg","type":"image\/jpeg"}],"author":"Marcelo Lopes","twitter_card":"summary_large_image","twitter_misc":{"Escrito por":"Marcelo Lopes","Est. tempo de leitura":"1 minuto"},"schema":{"@context":"https:\/\/schema.org","@graph":[{"@type":"NewsArticle","@id":"https:\/\/marcelolopes.jor.br\/site\/2026\/07\/04\/senado-aprova-mp-de-r-2665-milhoes-para-acoes-na-zona-da-mata\/#article","isPartOf":{"@id":"https:\/\/marcelolopes.jor.br\/site\/2026\/07\/04\/senado-aprova-mp-de-r-2665-milhoes-para-acoes-na-zona-da-mata\/"},"author":{"name":"Marcelo Lopes","@id":"https:\/\/marcelolopes.jor.br\/site\/#\/schema\/person\/3e7216a35c34d8fdf952b31da3d1f89f"},"headline":"Senado aprova MP de R$ 266,5 milh\u00f5es para a\u00e7\u00f5es na Zona da Mata","datePublished":"2026-07-04T10:00:29+00:00","mainEntityOfPage":{"@id":"https:\/\/marcelolopes.jor.br\/site\/2026\/07\/04\/senado-aprova-mp-de-r-2665-milhoes-para-acoes-na-zona-da-mata\/"},"wordCount":295,"commentCount":0,"publisher":{"@id":"https:\/\/marcelolopes.jor.br\/site\/#organization"},"image":{"@id":"https:\/\/marcelolopes.jor.br\/site\/2026\/07\/04\/senado-aprova-mp-de-r-2665-milhoes-para-acoes-na-zona-da-mata\/#primaryimage"},"thumbnailUrl":"https:\/\/marcelolopes.jor.br\/site\/wp-content\/uploads\/2026\/07\/55371007619_6ee993ccbd_z.jpg","articleSection":["Not\u00edcias"],"inLanguage":"pt-BR","potentialAction":[{"@type":"CommentAction","name":"Comment","target":["https:\/\/marcelolopes.jor.br\/site\/2026\/07\/04\/senado-aprova-mp-de-r-2665-milhoes-para-acoes-na-zona-da-mata\/#respond"]}]},{"@type":"WebPage","@id":"https:\/\/marcelolopes.jor.br\/site\/2026\/07\/04\/senado-aprova-mp-de-r-2665-milhoes-para-acoes-na-zona-da-mata\/","url":"https:\/\/marcelolopes.jor.br\/site\/2026\/07\/04\/senado-aprova-mp-de-r-2665-milhoes-para-acoes-na-zona-da-mata\/","name":"Senado aprova MP de R$ 266,5 milh\u00f5es para a\u00e7\u00f5es na Zona da","isPartOf":{"@id":"https:\/\/marcelolopes.jor.br\/site\/#website"},"primaryImageOfPage":{"@id":"https:\/\/marcelolopes.jor.br\/site\/2026\/07\/04\/senado-aprova-mp-de-r-2665-milhoes-para-acoes-na-zona-da-mata\/#primaryimage"},"image":{"@id":"https:\/\/marcelolopes.jor.br\/site\/2026\/07\/04\/senado-aprova-mp-de-r-2665-milhoes-para-acoes-na-zona-da-mata\/#primaryimage"},"thumbnailUrl":"https:\/\/marcelolopes.jor.br\/site\/wp-content\/uploads\/2026\/07\/55371007619_6ee993ccbd_z.jpg","datePublished":"2026-07-04T10:00:29+00:00","description":"Senado aprova MP de R$ 266,5 milh\u00f5es para a\u00e7\u00f5es na Zona da Mata. Recurso vem sendo utilizado para recuperar cidades atingidas pelas fortes...","breadcrumb":{"@id":"https:\/\/marcelolopes.jor.br\/site\/2026\/07\/04\/senado-aprova-mp-de-r-2665-milhoes-para-acoes-na-zona-da-mata\/#breadcrumb"},"inLanguage":"pt-BR","potentialAction":[{"@type":"ReadAction","target":["https:\/\/marcelolopes.jor.br\/site\/2026\/07\/04\/senado-aprova-mp-de-r-2665-milhoes-para-acoes-na-zona-da-mata\/"]}]},{"@type":"ImageObject","inLanguage":"pt-BR","@id":"https:\/\/marcelolopes.jor.br\/site\/2026\/07\/04\/senado-aprova-mp-de-r-2665-milhoes-para-acoes-na-zona-da-mata\/#primaryimage","url":"https:\/\/marcelolopes.jor.br\/site\/wp-content\/uploads\/2026\/07\/55371007619_6ee993ccbd_z.jpg","contentUrl":"https:\/\/marcelolopes.jor.br\/site\/wp-content\/uploads\/2026\/07\/55371007619_6ee993ccbd_z.jpg","width":640,"height":427,"caption":"Senado aprova MP de"},{"@type":"BreadcrumbList","@id":"https:\/\/marcelolopes.jor.br\/site\/2026\/07\/04\/senado-aprova-mp-de-r-2665-milhoes-para-acoes-na-zona-da-mata\/#breadcrumb","itemListElement":[{"@type":"ListItem","position":1,"name":"Home","item":"https:\/\/marcelolopes.jor.br\/site\/"},{"@type":"ListItem","position":2,"name":"Senado aprova MP de R$ 266,5 milh\u00f5es para a\u00e7\u00f5es na Zona da Mata"}]},{"@type":"WebSite","@id":"https:\/\/marcelolopes.jor.br\/site\/#website","url":"https:\/\/marcelolopes.jor.br\/site\/","name":"Marcelo Lopes","description":"Not\u00edcias de Cataguases e Regi\u00e3o","publisher":{"@id":"https:\/\/marcelolopes.jor.br\/site\/#organization"},"potentialAction":[{"@type":"SearchAction","target":{"@type":"EntryPoint","urlTemplate":"https:\/\/marcelolopes.jor.br\/site\/?s={search_term_string}"},"query-input":{"@type":"PropertyValueSpecification","valueRequired":true,"valueName":"search_term_string"}}],"inLanguage":"pt-BR"},{"@type":"Organization","@id":"https:\/\/marcelolopes.jor.br\/site\/#organization","name":"Site do Marcelo Lopes","url":"https:\/\/marcelolopes.jor.br\/site\/","logo":{"@type":"ImageObject","inLanguage":"pt-BR","@id":"https:\/\/marcelolopes.jor.br\/site\/#\/schema\/logo\/image\/","url":"https:\/\/marcelolopes.jor.br\/site\/wp-content\/uploads\/2026\/07\/cropped-logo2026.png","contentUrl":"https:\/\/marcelolopes.jor.br\/site\/wp-content\/uploads\/2026\/07\/cropped-logo2026.png","width":328,"height":96,"caption":"Site do Marcelo Lopes"},"image":{"@id":"https:\/\/marcelolopes.jor.br\/site\/#\/schema\/logo\/image\/"},"sameAs":["https:\/\/www.facebook.com\/sitedomarcelolopes","https:\/\/www.instagram.com\/sitedomarcelolopes\/","https:\/\/www.linkedin.com\/company\/site-do-marcelo-lopes\/","https:\/\/www.youtube.com\/user\/marcelolopes957"]},{"@type":"Person","@id":"https:\/\/marcelolopes.jor.br\/site\/#\/schema\/person\/3e7216a35c34d8fdf952b31da3d1f89f","name":"Marcelo Lopes","sameAs":["http:\/\/www.marcelolopes.jor.br"],"url":"https:\/\/marcelolopes.jor.br\/site\/author\/marcelo\/"}]}},"wps_subtitle":"Recurso vem sendo utilizado para recuperar cidades atingidas pelas fortes chuvas.","_links":{"self":[{"href":"https:\/\/marcelolopes.jor.br\/site\/wp-json\/wp\/v2\/posts\/67231","targetHints":{"allow":["GET"]}}],"collection":[{"href":"https:\/\/marcelolopes.jor.br\/site\/wp-json\/wp\/v2\/posts"}],"about":[{"href":"https:\/\/marcelolopes.jor.br\/site\/wp-json\/wp\/v2\/types\/post"}],"author":[{"embeddable":true,"href":"https:\/\/marcelolopes.jor.br\/site\/wp-json\/wp\/v2\/users\/2"}],"replies":[{"embeddable":true,"href":"https:\/\/marcelolopes.jor.br\/site\/wp-json\/wp\/v2\/comments?post=67231"}],"version-history":[{"count":0,"href":"https:\/\/marcelolopes.jor.br\/site\/wp-json\/wp\/v2\/posts\/67231\/revisions"}],"wp:featuredmedia":[{"embeddable":true,"href":"https:\/\/marcelolopes.jor.br\/site\/wp-json\/wp\/v2\/media\/67234"}],"wp:attachment":[{"href":"https:\/\/marcelolopes.jor.br\/site\/wp-json\/wp\/v2\/media?parent=67231"}],"wp:term":[{"taxonomy":"category","embeddable":true,"href":"https:\/\/marcelolopes.jor.br\/site\/wp-json\/wp\/v2\/categories?post=67231"},{"taxonomy":"post_tag","embeddable":true,"href":"https:\/\/marcelolopes.jor.br\/site\/wp-json\/wp\/v2\/tags?post=67231"}],"curies":[{"name":"wp","href":"https:\/\/api.w.org\/{rel}","templated":true}]}}