{"id":67213,"date":"2026-07-03T12:00:10","date_gmt":"2026-07-03T15:00:10","guid":{"rendered":"https:\/\/marcelolopes.jor.br\/site\/?p=67213"},"modified":"2026-07-03T11:05:00","modified_gmt":"2026-07-03T14:05:00","slug":"policias-militar-e-penal-frustram-entrada-de-celulares-na-penitenciaria-de-muriae","status":"publish","type":"post","link":"https:\/\/marcelolopes.jor.br\/site\/2026\/07\/03\/policias-militar-e-penal-frustram-entrada-de-celulares-na-penitenciaria-de-muriae\/","title":{"rendered":"Pol\u00edcias Militar e Penal frustram entrada de celulares na Penitenci\u00e1ria de Muria\u00e9"},"content":{"rendered":"<p>Uma a\u00e7\u00e3o conjunta entre a Pol\u00edcia Militar e a Pol\u00edcia Penal frustrou, na manh\u00e3 desta quinta-feira, 2 de julho, um esquema log\u00edstico que tinha como objetivo introduzir celulares e outros materiais il\u00edcitos na Penitenci\u00e1ria Manoel Lisboa J\u00fanior, unidade de seguran\u00e7a m\u00e1xima localizada em Muria\u00e9. Uma mulher foi presa em flagrante e diversos materiais foram apreendidos durante a opera\u00e7\u00e3o.<!--more--><\/p>\n<h4 class=\"p1\"><span class=\"s1\">\ud83d\udcf8\u00a0<span style=\"color: #008000;\">Siga o Site do Marcelo Lopes no<\/span>\u00a0<span style=\"color: #800000;\"><a style=\"color: #800000;\" href=\"https:\/\/www.facebook.com\/sitedomarcelolopes\/\"><strong>Facebook<\/strong><\/a><\/span>\u00a0<span style=\"color: #008000;\">e no<\/span>\u00a0<span style=\"color: #800000;\"><strong><a style=\"color: #800000;\" href=\"https:\/\/www.instagram.com\/sitedomarcelolopes\/\">Instagram<\/a><\/strong><\/span><\/span><\/h4>\n<h4 class=\"p1\">\ud83d\udcf1<span style=\"color: #008000;\">Participe do grupo de<\/span>\u00a0<span style=\"color: #800000;\"><a style=\"color: #800000;\" href=\"https:\/\/chat.whatsapp.com\/BibzcI1ibYSKytbdyzubLA\"><strong>WhatsApp<\/strong><\/a><\/span> <span style=\"color: #008000;\">do Site do Marcelo Lopes<\/span><\/h4>\n<p>Um policial penal, que estava de folga em sua resid\u00eancia, percebeu um casal em atitude suspeita manipulando a parte inferior de um caminh\u00e3o estacionado na via p\u00fablica. Diante da situa\u00e7\u00e3o, o agente realizou a abordagem. O homem conseguiu fugir correndo, enquanto a mulher foi contida at\u00e9 a chegada dos militares.<\/p>\n<p>Durante a vistoria no ve\u00edculo, os policiais localizaram celulares e carregadores fixados com \u00edm\u00e3s na parte inferior do chassi, sob a carroceria, em uma tentativa de ocultar os equipamentos. De acordo com a Pol\u00edcia Militar, o plano consistia em esconder os aparelhos eletr\u00f4nicos no chassi do ve\u00edculo para burlar os procedimentos de fiscaliza\u00e7\u00e3o na portaria. A suspeita \u00e9 de que os materiais seriam retirados posteriormente por detentos durante os trabalhos de descarga.<\/p>\n<p>As investiga\u00e7\u00f5es apontaram que o caminh\u00e3o pertence a uma empresa parceira da Penitenci\u00e1ria Manoel Lisboa J\u00fanior na fabrica\u00e7\u00e3o de aventais, possuindo fluxo log\u00edstico regular dentro da unidade prisional.<\/p>\n<p>Com a mulher foi encontrada uma chave de hotel que fica na regi\u00e3o central de Muria\u00e9. Com autoriza\u00e7\u00e3o dela, os policiais realizaram buscas no quarto ocupado pelo casal, acompanhados por uma testemunha. No local foram apreendidos uma barra de maconha, aparelhos celulares, carregadores e fitas adesivas utilizadas para acondicionar os materiais. Ela foi presa e levada para a Delegacia de Pol\u00edcia Civil de Muria\u00e9.<\/p>\n<p><img loading=\"lazy\" decoding=\"async\" class=\"aligncenter wp-image-67217\" src=\"https:\/\/marcelolopes.jor.br\/site\/wp-content\/uploads\/2026\/07\/WhatsApp-Image-2026-07-02-at-15.14.44-1-300x200.jpeg\" alt=\"Pol\u00edcias Militar e Penal\" width=\"700\" height=\"467\" srcset=\"https:\/\/marcelolopes.jor.br\/site\/wp-content\/uploads\/2026\/07\/WhatsApp-Image-2026-07-02-at-15.14.44-1-300x200.jpeg 300w, https:\/\/marcelolopes.jor.br\/site\/wp-content\/uploads\/2026\/07\/WhatsApp-Image-2026-07-02-at-15.14.44-1.jpeg 750w\" sizes=\"auto, (max-width: 700px) 100vw, 700px\" \/> <img loading=\"lazy\" decoding=\"async\" class=\"aligncenter wp-image-67218\" src=\"https:\/\/marcelolopes.jor.br\/site\/wp-content\/uploads\/2026\/07\/WhatsApp-Image-2026-07-02-at-15.14.45-300x200.jpeg\" alt=\"\" width=\"700\" height=\"467\" srcset=\"https:\/\/marcelolopes.jor.br\/site\/wp-content\/uploads\/2026\/07\/WhatsApp-Image-2026-07-02-at-15.14.45-300x200.jpeg 300w, https:\/\/marcelolopes.jor.br\/site\/wp-content\/uploads\/2026\/07\/WhatsApp-Image-2026-07-02-at-15.14.45.jpeg 750w\" sizes=\"auto, (max-width: 700px) 100vw, 700px\" \/><\/p>\n<h3>Suspeito \u00e9 investigado por liga\u00e7\u00e3o com fac\u00e7\u00f5es<\/h3>\n<p>O homem que fugiu durante a abordagem foi identificado pelo servi\u00e7o de intelig\u00eancia da Pol\u00edcia Militar. Conforme a corpora\u00e7\u00e3o, ele possui liga\u00e7\u00f5es consolidadas com fac\u00e7\u00f5es criminosas. Ele segue sendo procurado.<\/p>\n<p>A Penitenci\u00e1ria Manoel Lisboa J\u00fanior \u00e9 uma das seis unidades de seguran\u00e7a m\u00e1xima de Minas Gerais destinadas exclusivamente ao cumprimento de pena por lideran\u00e7as e integrantes de organiza\u00e7\u00f5es criminosas de alta periculosidade.<\/p>\n<p>Segundo a PMMG, devido \u00e0 complexidade do esquema e \u00e0 estrutura log\u00edstica montada para abastecer detentos ligados a essas organiza\u00e7\u00f5es, a ocorr\u00eancia extrapola o crime comum de ingresso de celulares em estabelecimento prisional. Ou seja, dever\u00e1 ser tratado com puni\u00e7\u00e3o espec\u00edfica para quem promove, subsidia ou presta apoio log\u00edstico e financeiro a organiza\u00e7\u00f5es criminosas estruturadas.<\/p>\n<p><strong>OUTRAS NOT\u00cdCIAS<\/strong><br \/>\n<a href=\"https:\/\/marcelolopes.jor.br\/site\/2026\/06\/20\/foragido-da-penitenciaria-de-muriae-e-preso-em-belo-horizonte\/\"><strong><span style=\"color: #800000;\">Foragido da penitenci\u00e1ria de Muria\u00e9 \u00e9 preso em Belo Horizonte<\/span><\/strong><\/a><\/p>\n<p><a href=\"https:\/\/marcelolopes.jor.br\/site\/2026\/04\/08\/policia-civil-investiga-crime-na-penitenciaria-de-muriae\/\"><strong><span style=\"color: #800000;\">Pol\u00edcia Civil investiga crime na penitenci\u00e1ria de Muria\u00e9<\/span><\/strong><\/a><\/p>\n<p>Fonte e foto: R\u00e1dio Muria\u00e9<\/p>\n<div class=\"ekpsl6a97d4741e886\" ><div style=\"margin-left: auto; margin-right: auto; text-align: center; margin-top: 50px; \" id=\"teste-507723066\"><a href=\"https:\/\/marcelolopes.jor.br\/site\/edital-audiencia-publica-energisa-minas-rio-2026\/\" aria-label=\"banneredital\"><img loading=\"lazy\" decoding=\"async\" src=\"https:\/\/marcelolopes.jor.br\/site\/wp-content\/uploads\/2026\/09\/banneredital.png\" alt=\"\"  srcset=\"https:\/\/marcelolopes.jor.br\/site\/wp-content\/uploads\/2026\/09\/banneredital.png 812w, https:\/\/marcelolopes.jor.br\/site\/wp-content\/uploads\/2026\/09\/banneredital-300x56.png 300w, https:\/\/marcelolopes.jor.br\/site\/wp-content\/uploads\/2026\/09\/banneredital-768x144.png 768w\" sizes=\"(max-width: 812px) 100vw, 812px\" width=\"812\" height=\"152\"  style=\"display: inline-block;\" \/><\/a><\/div><br><\/div><style type=\"text\/css\">\r\n@media screen and (min-width: 1201px) {\r\n.ekpsl6a97d4741e886 {\r\ndisplay: block;\r\n}\r\n}\r\n@media screen and (min-width: 993px) and (max-width: 1200px) {\r\n.ekpsl6a97d4741e886 {\r\ndisplay: block;\r\n}\r\n}\r\n@media screen and (min-width: 769px) and (max-width: 992px) {\r\n.ekpsl6a97d4741e886 {\r\ndisplay: block;\r\n}\r\n}\r\n@media screen and (min-width: 768px) and (max-width: 768px) {\r\n.ekpsl6a97d4741e886 {\r\ndisplay: block;\r\n}\r\n}\r\n@media screen and (max-width: 767px) {\r\n.ekpsl6a97d4741e886 {\r\ndisplay: block;\r\n}\r\n}\r\n<\/style>\r\n<div class=\"uhhkx6a97d474243a3\" ><div id=\"div_destino\"><\/div>\r\n<script src=\"https:\/\/cdn.snsrsv.com\/sdk.js\"><\/script>\r\n<script >\r\n      new sdk(\"464030C30061EA8BE065000000000001\") \r\n          .appendTo(\"div_destino\")\r\n          .disableStyle(true) \r\n          .setCacheBusterMacro(\"%%CACHEBUSTER%%\")\r\n          .setSize(\"800\",\"214\")\r\n          .setClickMacro(\"%%CLICK_URL_ESC%%\") \r\n          .setReferrerUrlMacro(\"%%REFERRER_URL_ESC%%\") \r\n          .start(); \r\n<\/script><\/div><style type=\"text\/css\">\r\n@media screen and (min-width: 1201px) {\r\n.uhhkx6a97d474243a3 {\r\ndisplay: block;\r\n}\r\n}\r\n@media screen and (min-width: 993px) and (max-width: 1200px) {\r\n.uhhkx6a97d474243a3 {\r\ndisplay: block;\r\n}\r\n}\r\n@media screen and (min-width: 769px) and (max-width: 992px) {\r\n.uhhkx6a97d474243a3 {\r\ndisplay: block;\r\n}\r\n}\r\n@media screen and (min-width: 768px) and (max-width: 768px) {\r\n.uhhkx6a97d474243a3 {\r\ndisplay: block;\r\n}\r\n}\r\n@media screen and (max-width: 767px) {\r\n.uhhkx6a97d474243a3 {\r\ndisplay: block;\r\n}\r\n}\r\n<\/style>\r\n","protected":false},"excerpt":{"rendered":"<p>Uma a\u00e7\u00e3o conjunta entre a Pol\u00edcia Militar e a Pol\u00edcia Penal frustrou, na manh\u00e3 desta quinta-feira, 2 de julho, um esquema log\u00edstico que tinha como objetivo introduzir celulares e outros materiais il\u00edcitos na Penitenci\u00e1ria Manoel Lisboa J\u00fanior, unidade de seguran\u00e7a<\/p>\n<p class=\"link-more\"><a class=\"more-link\" href=\"https:\/\/marcelolopes.jor.br\/site\/2026\/07\/03\/policias-militar-e-penal-frustram-entrada-de-celulares-na-penitenciaria-de-muriae\/\">Leia mais <span class=\"screen-reader-text\">Pol\u00edcias Militar e Penal frustram entrada de celulares na Penitenci\u00e1ria de Muria\u00e9<\/span><\/a><\/p>\n","protected":false},"author":2,"featured_media":67215,"comment_status":"open","ping_status":"closed","sticky":false,"template":"","format":"standard","meta":{"footnotes":""},"categories":[1],"tags":[],"class_list":["post-67213","post","type-post","status-publish","format-standard","has-post-thumbnail","hentry","category-noticias","thumb-below-title"],"yoast_head":"<!-- This site is optimized with the Yoast SEO plugin v28.3 - https:\/\/yoast.com\/product\/yoast-seo-wordpress\/ -->\n<title>Pol\u00edcias Militar e Penal frustram entrada de celulares na<\/title>\n<meta name=\"description\" content=\"Pol\u00edcias Militar e Penal frustram entrada de celulares na Penitenci\u00e1ria de Muria\u00e9. Mulher foi presa e materiais il\u00edcitos foram encontrados...\" \/>\n<meta name=\"robots\" content=\"index, follow, max-snippet:-1, max-image-preview:large, max-video-preview:-1\" \/>\n<link rel=\"canonical\" href=\"https:\/\/marcelolopes.jor.br\/site\/2026\/07\/03\/policias-militar-e-penal-frustram-entrada-de-celulares-na-penitenciaria-de-muriae\/\" \/>\n<meta property=\"og:locale\" content=\"pt_BR\" \/>\n<meta property=\"og:type\" content=\"article\" \/>\n<meta property=\"og:title\" content=\"Pol\u00edcias Militar e Penal frustram entrada de celulares na\" \/>\n<meta property=\"og:description\" content=\"Pol\u00edcias Militar e Penal frustram entrada de celulares na Penitenci\u00e1ria de Muria\u00e9. Mulher foi presa e materiais il\u00edcitos foram encontrados...\" \/>\n<meta property=\"og:url\" content=\"https:\/\/marcelolopes.jor.br\/site\/2026\/07\/03\/policias-militar-e-penal-frustram-entrada-de-celulares-na-penitenciaria-de-muriae\/\" \/>\n<meta property=\"og:site_name\" content=\"Marcelo Lopes\" \/>\n<meta property=\"article:publisher\" content=\"https:\/\/www.facebook.com\/sitedomarcelolopes\" \/>\n<meta property=\"article:published_time\" content=\"2026-07-03T15:00:10+00:00\" \/>\n<meta property=\"og:image\" content=\"https:\/\/marcelolopes.jor.br\/site\/wp-content\/uploads\/2026\/07\/WhatsApp-Image-2026-07-02-at-11.16.38.jpeg\" \/>\n\t<meta property=\"og:image:width\" content=\"750\" \/>\n\t<meta property=\"og:image:height\" content=\"500\" \/>\n\t<meta property=\"og:image:type\" content=\"image\/jpeg\" \/>\n<meta name=\"author\" content=\"Marcelo Lopes\" \/>\n<meta name=\"twitter:card\" content=\"summary_large_image\" \/>\n<meta name=\"twitter:label1\" content=\"Escrito por\" \/>\n\t<meta name=\"twitter:data1\" content=\"Marcelo Lopes\" \/>\n\t<meta name=\"twitter:label2\" content=\"Est. tempo de leitura\" \/>\n\t<meta name=\"twitter:data2\" content=\"2 minutos\" \/>\n<script type=\"application\/ld+json\" class=\"yoast-schema-graph\">{\"@context\":\"https:\\\/\\\/schema.org\",\"@graph\":[{\"@type\":\"NewsArticle\",\"@id\":\"https:\\\/\\\/marcelolopes.jor.br\\\/site\\\/2026\\\/07\\\/03\\\/policias-militar-e-penal-frustram-entrada-de-celulares-na-penitenciaria-de-muriae\\\/#article\",\"isPartOf\":{\"@id\":\"https:\\\/\\\/marcelolopes.jor.br\\\/site\\\/2026\\\/07\\\/03\\\/policias-militar-e-penal-frustram-entrada-de-celulares-na-penitenciaria-de-muriae\\\/\"},\"author\":{\"name\":\"Marcelo Lopes\",\"@id\":\"https:\\\/\\\/marcelolopes.jor.br\\\/site\\\/#\\\/schema\\\/person\\\/3e7216a35c34d8fdf952b31da3d1f89f\"},\"headline\":\"Pol\u00edcias Militar e Penal frustram entrada de celulares na Penitenci\u00e1ria de Muria\u00e9\",\"datePublished\":\"2026-07-03T15:00:10+00:00\",\"mainEntityOfPage\":{\"@id\":\"https:\\\/\\\/marcelolopes.jor.br\\\/site\\\/2026\\\/07\\\/03\\\/policias-militar-e-penal-frustram-entrada-de-celulares-na-penitenciaria-de-muriae\\\/\"},\"wordCount\":504,\"commentCount\":0,\"publisher\":{\"@id\":\"https:\\\/\\\/marcelolopes.jor.br\\\/site\\\/#organization\"},\"image\":{\"@id\":\"https:\\\/\\\/marcelolopes.jor.br\\\/site\\\/2026\\\/07\\\/03\\\/policias-militar-e-penal-frustram-entrada-de-celulares-na-penitenciaria-de-muriae\\\/#primaryimage\"},\"thumbnailUrl\":\"https:\\\/\\\/marcelolopes.jor.br\\\/site\\\/wp-content\\\/uploads\\\/2026\\\/07\\\/WhatsApp-Image-2026-07-02-at-11.16.38.jpeg\",\"articleSection\":[\"Not\u00edcias\"],\"inLanguage\":\"pt-BR\",\"potentialAction\":[{\"@type\":\"CommentAction\",\"name\":\"Comment\",\"target\":[\"https:\\\/\\\/marcelolopes.jor.br\\\/site\\\/2026\\\/07\\\/03\\\/policias-militar-e-penal-frustram-entrada-de-celulares-na-penitenciaria-de-muriae\\\/#respond\"]}]},{\"@type\":\"WebPage\",\"@id\":\"https:\\\/\\\/marcelolopes.jor.br\\\/site\\\/2026\\\/07\\\/03\\\/policias-militar-e-penal-frustram-entrada-de-celulares-na-penitenciaria-de-muriae\\\/\",\"url\":\"https:\\\/\\\/marcelolopes.jor.br\\\/site\\\/2026\\\/07\\\/03\\\/policias-militar-e-penal-frustram-entrada-de-celulares-na-penitenciaria-de-muriae\\\/\",\"name\":\"Pol\u00edcias Militar e Penal frustram entrada de celulares na\",\"isPartOf\":{\"@id\":\"https:\\\/\\\/marcelolopes.jor.br\\\/site\\\/#website\"},\"primaryImageOfPage\":{\"@id\":\"https:\\\/\\\/marcelolopes.jor.br\\\/site\\\/2026\\\/07\\\/03\\\/policias-militar-e-penal-frustram-entrada-de-celulares-na-penitenciaria-de-muriae\\\/#primaryimage\"},\"image\":{\"@id\":\"https:\\\/\\\/marcelolopes.jor.br\\\/site\\\/2026\\\/07\\\/03\\\/policias-militar-e-penal-frustram-entrada-de-celulares-na-penitenciaria-de-muriae\\\/#primaryimage\"},\"thumbnailUrl\":\"https:\\\/\\\/marcelolopes.jor.br\\\/site\\\/wp-content\\\/uploads\\\/2026\\\/07\\\/WhatsApp-Image-2026-07-02-at-11.16.38.jpeg\",\"datePublished\":\"2026-07-03T15:00:10+00:00\",\"description\":\"Pol\u00edcias Militar e Penal frustram entrada de celulares na Penitenci\u00e1ria de Muria\u00e9. Mulher foi presa e materiais il\u00edcitos foram encontrados...\",\"breadcrumb\":{\"@id\":\"https:\\\/\\\/marcelolopes.jor.br\\\/site\\\/2026\\\/07\\\/03\\\/policias-militar-e-penal-frustram-entrada-de-celulares-na-penitenciaria-de-muriae\\\/#breadcrumb\"},\"inLanguage\":\"pt-BR\",\"potentialAction\":[{\"@type\":\"ReadAction\",\"target\":[\"https:\\\/\\\/marcelolopes.jor.br\\\/site\\\/2026\\\/07\\\/03\\\/policias-militar-e-penal-frustram-entrada-de-celulares-na-penitenciaria-de-muriae\\\/\"]}]},{\"@type\":\"ImageObject\",\"inLanguage\":\"pt-BR\",\"@id\":\"https:\\\/\\\/marcelolopes.jor.br\\\/site\\\/2026\\\/07\\\/03\\\/policias-militar-e-penal-frustram-entrada-de-celulares-na-penitenciaria-de-muriae\\\/#primaryimage\",\"url\":\"https:\\\/\\\/marcelolopes.jor.br\\\/site\\\/wp-content\\\/uploads\\\/2026\\\/07\\\/WhatsApp-Image-2026-07-02-at-11.16.38.jpeg\",\"contentUrl\":\"https:\\\/\\\/marcelolopes.jor.br\\\/site\\\/wp-content\\\/uploads\\\/2026\\\/07\\\/WhatsApp-Image-2026-07-02-at-11.16.38.jpeg\",\"width\":750,\"height\":500,\"caption\":\"Pol\u00edcias Militar e Penal\"},{\"@type\":\"BreadcrumbList\",\"@id\":\"https:\\\/\\\/marcelolopes.jor.br\\\/site\\\/2026\\\/07\\\/03\\\/policias-militar-e-penal-frustram-entrada-de-celulares-na-penitenciaria-de-muriae\\\/#breadcrumb\",\"itemListElement\":[{\"@type\":\"ListItem\",\"position\":1,\"name\":\"Home\",\"item\":\"https:\\\/\\\/marcelolopes.jor.br\\\/site\\\/\"},{\"@type\":\"ListItem\",\"position\":2,\"name\":\"Pol\u00edcias Militar e Penal frustram entrada de celulares na Penitenci\u00e1ria de Muria\u00e9\"}]},{\"@type\":\"WebSite\",\"@id\":\"https:\\\/\\\/marcelolopes.jor.br\\\/site\\\/#website\",\"url\":\"https:\\\/\\\/marcelolopes.jor.br\\\/site\\\/\",\"name\":\"Marcelo Lopes\",\"description\":\"Not\u00edcias de Cataguases e Regi\u00e3o\",\"publisher\":{\"@id\":\"https:\\\/\\\/marcelolopes.jor.br\\\/site\\\/#organization\"},\"potentialAction\":[{\"@type\":\"SearchAction\",\"target\":{\"@type\":\"EntryPoint\",\"urlTemplate\":\"https:\\\/\\\/marcelolopes.jor.br\\\/site\\\/?s={search_term_string}\"},\"query-input\":{\"@type\":\"PropertyValueSpecification\",\"valueRequired\":true,\"valueName\":\"search_term_string\"}}],\"inLanguage\":\"pt-BR\"},{\"@type\":\"Organization\",\"@id\":\"https:\\\/\\\/marcelolopes.jor.br\\\/site\\\/#organization\",\"name\":\"Site do Marcelo Lopes\",\"url\":\"https:\\\/\\\/marcelolopes.jor.br\\\/site\\\/\",\"logo\":{\"@type\":\"ImageObject\",\"inLanguage\":\"pt-BR\",\"@id\":\"https:\\\/\\\/marcelolopes.jor.br\\\/site\\\/#\\\/schema\\\/logo\\\/image\\\/\",\"url\":\"https:\\\/\\\/marcelolopes.jor.br\\\/site\\\/wp-content\\\/uploads\\\/2026\\\/07\\\/cropped-logo2026.png\",\"contentUrl\":\"https:\\\/\\\/marcelolopes.jor.br\\\/site\\\/wp-content\\\/uploads\\\/2026\\\/07\\\/cropped-logo2026.png\",\"width\":328,\"height\":96,\"caption\":\"Site do Marcelo Lopes\"},\"image\":{\"@id\":\"https:\\\/\\\/marcelolopes.jor.br\\\/site\\\/#\\\/schema\\\/logo\\\/image\\\/\"},\"sameAs\":[\"https:\\\/\\\/www.facebook.com\\\/sitedomarcelolopes\",\"https:\\\/\\\/www.instagram.com\\\/sitedomarcelolopes\\\/\",\"https:\\\/\\\/www.linkedin.com\\\/company\\\/site-do-marcelo-lopes\\\/\",\"https:\\\/\\\/www.youtube.com\\\/user\\\/marcelolopes957\"]},{\"@type\":\"Person\",\"@id\":\"https:\\\/\\\/marcelolopes.jor.br\\\/site\\\/#\\\/schema\\\/person\\\/3e7216a35c34d8fdf952b31da3d1f89f\",\"name\":\"Marcelo Lopes\",\"sameAs\":[\"http:\\\/\\\/www.marcelolopes.jor.br\"],\"url\":\"https:\\\/\\\/marcelolopes.jor.br\\\/site\\\/author\\\/marcelo\\\/\"}]}<\/script>\n<!-- \/ Yoast SEO plugin. -->","yoast_head_json":{"title":"Pol\u00edcias Militar e Penal frustram entrada de celulares na","description":"Pol\u00edcias Militar e Penal frustram entrada de celulares na Penitenci\u00e1ria de Muria\u00e9. Mulher foi presa e materiais il\u00edcitos foram encontrados...","robots":{"index":"index","follow":"follow","max-snippet":"max-snippet:-1","max-image-preview":"max-image-preview:large","max-video-preview":"max-video-preview:-1"},"canonical":"https:\/\/marcelolopes.jor.br\/site\/2026\/07\/03\/policias-militar-e-penal-frustram-entrada-de-celulares-na-penitenciaria-de-muriae\/","og_locale":"pt_BR","og_type":"article","og_title":"Pol\u00edcias Militar e Penal frustram entrada de celulares na","og_description":"Pol\u00edcias Militar e Penal frustram entrada de celulares na Penitenci\u00e1ria de Muria\u00e9. Mulher foi presa e materiais il\u00edcitos foram encontrados...","og_url":"https:\/\/marcelolopes.jor.br\/site\/2026\/07\/03\/policias-militar-e-penal-frustram-entrada-de-celulares-na-penitenciaria-de-muriae\/","og_site_name":"Marcelo Lopes","article_publisher":"https:\/\/www.facebook.com\/sitedomarcelolopes","article_published_time":"2026-07-03T15:00:10+00:00","og_image":[{"width":750,"height":500,"url":"https:\/\/marcelolopes.jor.br\/site\/wp-content\/uploads\/2026\/07\/WhatsApp-Image-2026-07-02-at-11.16.38.jpeg","type":"image\/jpeg"}],"author":"Marcelo Lopes","twitter_card":"summary_large_image","twitter_misc":{"Escrito por":"Marcelo Lopes","Est. tempo de leitura":"2 minutos"},"schema":{"@context":"https:\/\/schema.org","@graph":[{"@type":"NewsArticle","@id":"https:\/\/marcelolopes.jor.br\/site\/2026\/07\/03\/policias-militar-e-penal-frustram-entrada-de-celulares-na-penitenciaria-de-muriae\/#article","isPartOf":{"@id":"https:\/\/marcelolopes.jor.br\/site\/2026\/07\/03\/policias-militar-e-penal-frustram-entrada-de-celulares-na-penitenciaria-de-muriae\/"},"author":{"name":"Marcelo Lopes","@id":"https:\/\/marcelolopes.jor.br\/site\/#\/schema\/person\/3e7216a35c34d8fdf952b31da3d1f89f"},"headline":"Pol\u00edcias Militar e Penal frustram entrada de celulares na Penitenci\u00e1ria de Muria\u00e9","datePublished":"2026-07-03T15:00:10+00:00","mainEntityOfPage":{"@id":"https:\/\/marcelolopes.jor.br\/site\/2026\/07\/03\/policias-militar-e-penal-frustram-entrada-de-celulares-na-penitenciaria-de-muriae\/"},"wordCount":504,"commentCount":0,"publisher":{"@id":"https:\/\/marcelolopes.jor.br\/site\/#organization"},"image":{"@id":"https:\/\/marcelolopes.jor.br\/site\/2026\/07\/03\/policias-militar-e-penal-frustram-entrada-de-celulares-na-penitenciaria-de-muriae\/#primaryimage"},"thumbnailUrl":"https:\/\/marcelolopes.jor.br\/site\/wp-content\/uploads\/2026\/07\/WhatsApp-Image-2026-07-02-at-11.16.38.jpeg","articleSection":["Not\u00edcias"],"inLanguage":"pt-BR","potentialAction":[{"@type":"CommentAction","name":"Comment","target":["https:\/\/marcelolopes.jor.br\/site\/2026\/07\/03\/policias-militar-e-penal-frustram-entrada-de-celulares-na-penitenciaria-de-muriae\/#respond"]}]},{"@type":"WebPage","@id":"https:\/\/marcelolopes.jor.br\/site\/2026\/07\/03\/policias-militar-e-penal-frustram-entrada-de-celulares-na-penitenciaria-de-muriae\/","url":"https:\/\/marcelolopes.jor.br\/site\/2026\/07\/03\/policias-militar-e-penal-frustram-entrada-de-celulares-na-penitenciaria-de-muriae\/","name":"Pol\u00edcias Militar e Penal frustram entrada de celulares na","isPartOf":{"@id":"https:\/\/marcelolopes.jor.br\/site\/#website"},"primaryImageOfPage":{"@id":"https:\/\/marcelolopes.jor.br\/site\/2026\/07\/03\/policias-militar-e-penal-frustram-entrada-de-celulares-na-penitenciaria-de-muriae\/#primaryimage"},"image":{"@id":"https:\/\/marcelolopes.jor.br\/site\/2026\/07\/03\/policias-militar-e-penal-frustram-entrada-de-celulares-na-penitenciaria-de-muriae\/#primaryimage"},"thumbnailUrl":"https:\/\/marcelolopes.jor.br\/site\/wp-content\/uploads\/2026\/07\/WhatsApp-Image-2026-07-02-at-11.16.38.jpeg","datePublished":"2026-07-03T15:00:10+00:00","description":"Pol\u00edcias Militar e Penal frustram entrada de celulares na Penitenci\u00e1ria de Muria\u00e9. Mulher foi presa e materiais il\u00edcitos foram encontrados...","breadcrumb":{"@id":"https:\/\/marcelolopes.jor.br\/site\/2026\/07\/03\/policias-militar-e-penal-frustram-entrada-de-celulares-na-penitenciaria-de-muriae\/#breadcrumb"},"inLanguage":"pt-BR","potentialAction":[{"@type":"ReadAction","target":["https:\/\/marcelolopes.jor.br\/site\/2026\/07\/03\/policias-militar-e-penal-frustram-entrada-de-celulares-na-penitenciaria-de-muriae\/"]}]},{"@type":"ImageObject","inLanguage":"pt-BR","@id":"https:\/\/marcelolopes.jor.br\/site\/2026\/07\/03\/policias-militar-e-penal-frustram-entrada-de-celulares-na-penitenciaria-de-muriae\/#primaryimage","url":"https:\/\/marcelolopes.jor.br\/site\/wp-content\/uploads\/2026\/07\/WhatsApp-Image-2026-07-02-at-11.16.38.jpeg","contentUrl":"https:\/\/marcelolopes.jor.br\/site\/wp-content\/uploads\/2026\/07\/WhatsApp-Image-2026-07-02-at-11.16.38.jpeg","width":750,"height":500,"caption":"Pol\u00edcias Militar e Penal"},{"@type":"BreadcrumbList","@id":"https:\/\/marcelolopes.jor.br\/site\/2026\/07\/03\/policias-militar-e-penal-frustram-entrada-de-celulares-na-penitenciaria-de-muriae\/#breadcrumb","itemListElement":[{"@type":"ListItem","position":1,"name":"Home","item":"https:\/\/marcelolopes.jor.br\/site\/"},{"@type":"ListItem","position":2,"name":"Pol\u00edcias Militar e Penal frustram entrada de celulares na Penitenci\u00e1ria de Muria\u00e9"}]},{"@type":"WebSite","@id":"https:\/\/marcelolopes.jor.br\/site\/#website","url":"https:\/\/marcelolopes.jor.br\/site\/","name":"Marcelo Lopes","description":"Not\u00edcias de Cataguases e Regi\u00e3o","publisher":{"@id":"https:\/\/marcelolopes.jor.br\/site\/#organization"},"potentialAction":[{"@type":"SearchAction","target":{"@type":"EntryPoint","urlTemplate":"https:\/\/marcelolopes.jor.br\/site\/?s={search_term_string}"},"query-input":{"@type":"PropertyValueSpecification","valueRequired":true,"valueName":"search_term_string"}}],"inLanguage":"pt-BR"},{"@type":"Organization","@id":"https:\/\/marcelolopes.jor.br\/site\/#organization","name":"Site do Marcelo Lopes","url":"https:\/\/marcelolopes.jor.br\/site\/","logo":{"@type":"ImageObject","inLanguage":"pt-BR","@id":"https:\/\/marcelolopes.jor.br\/site\/#\/schema\/logo\/image\/","url":"https:\/\/marcelolopes.jor.br\/site\/wp-content\/uploads\/2026\/07\/cropped-logo2026.png","contentUrl":"https:\/\/marcelolopes.jor.br\/site\/wp-content\/uploads\/2026\/07\/cropped-logo2026.png","width":328,"height":96,"caption":"Site do Marcelo Lopes"},"image":{"@id":"https:\/\/marcelolopes.jor.br\/site\/#\/schema\/logo\/image\/"},"sameAs":["https:\/\/www.facebook.com\/sitedomarcelolopes","https:\/\/www.instagram.com\/sitedomarcelolopes\/","https:\/\/www.linkedin.com\/company\/site-do-marcelo-lopes\/","https:\/\/www.youtube.com\/user\/marcelolopes957"]},{"@type":"Person","@id":"https:\/\/marcelolopes.jor.br\/site\/#\/schema\/person\/3e7216a35c34d8fdf952b31da3d1f89f","name":"Marcelo Lopes","sameAs":["http:\/\/www.marcelolopes.jor.br"],"url":"https:\/\/marcelolopes.jor.br\/site\/author\/marcelo\/"}]}},"wps_subtitle":"Mulher foi presa e materiais il\u00edcitos foram encontrados escondidos em um caminh\u00e3o.","_links":{"self":[{"href":"https:\/\/marcelolopes.jor.br\/site\/wp-json\/wp\/v2\/posts\/67213","targetHints":{"allow":["GET"]}}],"collection":[{"href":"https:\/\/marcelolopes.jor.br\/site\/wp-json\/wp\/v2\/posts"}],"about":[{"href":"https:\/\/marcelolopes.jor.br\/site\/wp-json\/wp\/v2\/types\/post"}],"author":[{"embeddable":true,"href":"https:\/\/marcelolopes.jor.br\/site\/wp-json\/wp\/v2\/users\/2"}],"replies":[{"embeddable":true,"href":"https:\/\/marcelolopes.jor.br\/site\/wp-json\/wp\/v2\/comments?post=67213"}],"version-history":[{"count":0,"href":"https:\/\/marcelolopes.jor.br\/site\/wp-json\/wp\/v2\/posts\/67213\/revisions"}],"wp:featuredmedia":[{"embeddable":true,"href":"https:\/\/marcelolopes.jor.br\/site\/wp-json\/wp\/v2\/media\/67215"}],"wp:attachment":[{"href":"https:\/\/marcelolopes.jor.br\/site\/wp-json\/wp\/v2\/media?parent=67213"}],"wp:term":[{"taxonomy":"category","embeddable":true,"href":"https:\/\/marcelolopes.jor.br\/site\/wp-json\/wp\/v2\/categories?post=67213"},{"taxonomy":"post_tag","embeddable":true,"href":"https:\/\/marcelolopes.jor.br\/site\/wp-json\/wp\/v2\/tags?post=67213"}],"curies":[{"name":"wp","href":"https:\/\/api.w.org\/{rel}","templated":true}]}}