{"id":67184,"date":"2026-07-03T07:00:53","date_gmt":"2026-07-03T10:00:53","guid":{"rendered":"https:\/\/marcelolopes.jor.br\/site\/?p=67184"},"modified":"2026-07-03T10:58:39","modified_gmt":"2026-07-03T13:58:39","slug":"ii-semana-de-arte-de-cataguases-beneficiou-mais-de-47-mil-pessoas","status":"publish","type":"post","link":"https:\/\/marcelolopes.jor.br\/site\/2026\/07\/03\/ii-semana-de-arte-de-cataguases-beneficiou-mais-de-47-mil-pessoas\/","title":{"rendered":"II Semana de Arte de Cataguases beneficiou mais de 4,7 mil pessoas"},"content":{"rendered":"<p>Ap\u00f3s nove dias de programa\u00e7\u00e3o gratuita, a <strong>II Semana de Arte de Cataguases<\/strong> encerrou sua edi\u00e7\u00e3o consolidando a cidade como um territ\u00f3rio de encontro entre arte, mem\u00f3ria e educa\u00e7\u00e3o. Realizada entre os dias <strong>19 e 27 de junho<\/strong>, a iniciativa promoveu <strong>54 a\u00e7\u00f5es art\u00edsticas e socioculturais inteiramente gratuitas e beneficiou diretamente mais de 4.700 pessoas<\/strong>, reafirmando o papel da cultura como agente de desenvolvimento humano, econ\u00f4mico e territorial.<!--more--><\/p>\n<h4 class=\"p1\"><span class=\"s1\">\ud83d\udcf8\u00a0<span style=\"color: #008000;\">Siga o Site do Marcelo Lopes no<\/span>\u00a0<span style=\"color: #800000;\"><a style=\"color: #800000;\" href=\"https:\/\/www.facebook.com\/sitedomarcelolopes\/\"><strong>Facebook<\/strong><\/a><\/span>\u00a0<span style=\"color: #008000;\">e no<\/span>\u00a0<span style=\"color: #800000;\"><strong><a style=\"color: #800000;\" href=\"https:\/\/www.instagram.com\/sitedomarcelolopes\/\">Instagram<\/a><\/strong><\/span><\/span><\/h4>\n<h4 class=\"p1\">\ud83d\udcf1<span style=\"color: #008000;\">Participe do grupo de<\/span>\u00a0<span style=\"color: #800000;\"><a style=\"color: #800000;\" href=\"https:\/\/chat.whatsapp.com\/BibzcI1ibYSKytbdyzubLA\"><strong>WhatsApp<\/strong><\/a><\/span> <span style=\"color: #008000;\">do Site do Marcelo Lopes<\/span><\/h4>\n<p><i>A foto principal acima \u00e9 da apresenta\u00e7\u00e3o d<em>a artista ind\u00edgena Ka\u00ea Guajajara, uma das vozes mais relevantes da<br \/>\n<\/em><em>m\u00fasica brasileira contempor\u00e2nea (cr\u00e9dito: Ag\u00eancia RedSete)<\/em><\/i><\/p>\n<p>Inspirada pelo tema <strong><em>Por uma perspectiva decolonial: Ancestralidade como ponte para novos futuros<\/em><\/strong>, a programa\u00e7\u00e3o aproximou artistas, pesquisadores, educadores, estudantes e a comunidade, reunindo importantes nomes da produ\u00e7\u00e3o art\u00edstica brasileira. A presen\u00e7a de artistas ind\u00edgenas constituiu um dos eixos centrais desta edi\u00e7\u00e3o, com apresenta\u00e7\u00f5es que promoveram reflex\u00f5es sobre mem\u00f3ria, pertencimento, espiritualidade e resist\u00eancia cultural. Entre os convidados estiveram a cantora, compositora e ativista ind\u00edgena <strong>Ka\u00ea Guajajara; os artistas ind\u00edgenas Adryana Ryal Petara Puri, Dau\u00e1 Puri, Hiram Apon Puri, Kandu Puri e May\u00f4 Patax\u00f3; a pesquisadora e artista da dan\u00e7a Alba Vieira; o artista visual portugu\u00eas David Arranhado; os artistas \u00c2ngelo Pixel, Au\u00e1 Mendes e Cl\u00e1udio Santos e o cineasta Andr\u00e9 Di Mauro<\/strong>, para citar alguns exemplos.<\/p>\n<figure id=\"attachment_67188\" aria-describedby=\"caption-attachment-67188\" style=\"width: 700px\" class=\"wp-caption aligncenter\"><img loading=\"lazy\" decoding=\"async\" class=\"wp-image-67188\" src=\"https:\/\/marcelolopes.jor.br\/site\/wp-content\/uploads\/2026\/07\/image3-300x200.jpeg\" alt=\"II Semana de Arte\" width=\"700\" height=\"467\" srcset=\"https:\/\/marcelolopes.jor.br\/site\/wp-content\/uploads\/2026\/07\/image3-300x200.jpeg 300w, https:\/\/marcelolopes.jor.br\/site\/wp-content\/uploads\/2026\/07\/image3-1024x683.jpeg 1024w, https:\/\/marcelolopes.jor.br\/site\/wp-content\/uploads\/2026\/07\/image3-768x512.jpeg 768w, https:\/\/marcelolopes.jor.br\/site\/wp-content\/uploads\/2026\/07\/image3.jpeg 1053w\" sizes=\"auto, (max-width: 700px) 100vw, 700px\" \/><figcaption id=\"caption-attachment-67188\" class=\"wp-caption-text\"><em>Performance art\u00edstica realizada durante a abertura oficial da II Semana de Arte de Cataguases (cr\u00e9dito: D\u00e9bora Agostini)<\/em><\/figcaption><\/figure>\n<p>A Semana de Arte ampliou o acesso \u00e0 cultura ao chegar a diferentes territ\u00f3rios do munic\u00edpio. As a\u00e7\u00f5es beneficiaram diretamente <strong>oito escolas p\u00fablicas localizadas na sede de Cataguases e nos distritos de Sereno, Aracati e Vista Alegre<\/strong>. Al\u00e9m das atividades realizadas na regi\u00e3o central, a programa\u00e7\u00e3o alcan\u00e7ou <strong>quatro bairros &#8211; Justino, Dico Leite, Taquara Preta e Guanabara<\/strong> &#8211; promovendo a descentraliza\u00e7\u00e3o das a\u00e7\u00f5es e fortalecendo o acesso democr\u00e1tico \u00e0s atividades culturais.<\/p>\n<p>A forma\u00e7\u00e3o tamb\u00e9m ocupou lugar de destaque na programa\u00e7\u00e3o. Foram realizadas <strong>sete oficinas gratuitas, que contabilizaram 54 horas de atividades formativas<\/strong>, abordando diferentes temas, linguagens e p\u00fablicos, como pintura, dan\u00e7a, audiovisual e m\u00fasica, conduzidas por artistas e pesquisadores de refer\u00eancia em suas \u00e1reas de atua\u00e7\u00e3o. As iniciativas estimularam processos criativos, aproximaram estudantes, educadores e artistas e contribu\u00edram para ampliar repert\u00f3rios culturais e fortalecer v\u00ednculos entre comunidade e produ\u00e7\u00e3o art\u00edstica.<\/p>\n<p>A programa\u00e7\u00e3o tamb\u00e9m valorizou a pot\u00eancia criativa de Cataguases ao reunir artistas, grupos e coletivos que constroem diariamente a identidade cultural do munic\u00edpio. <strong>Bailarinos do Projeto Girarte<\/strong>, iniciativa tamb\u00e9m patrocinada pelo Grupo BAUMINAS, al\u00e9m de <strong>artistas visuais cataguasenses, m\u00fasicos, performers e realizadores do Polo Audiovisual da Zona da Mata<\/strong> dividiram espa\u00e7o com convidados de diferentes regi\u00f5es do pa\u00eds, promovendo encontros entre diferentes gera\u00e7\u00f5es, territ\u00f3rios e formas de cria\u00e7\u00e3o.<\/p>\n<p>O cinema, marca hist\u00f3rica de Cataguases desde a obra de Humberto Mauro, ocupou posi\u00e7\u00e3o central na programa\u00e7\u00e3o. Ao todo, foram realizadas <strong>tr\u00eas mostras audiovisuais que exibiram 18 filmes entre curtas e longas-metragens<\/strong>, reunindo produ\u00e7\u00f5es que dialogam com a mem\u00f3ria cinematogr\u00e1fica da cidade e com a nova gera\u00e7\u00e3o de realizadores da regi\u00e3o. A programa\u00e7\u00e3o exibiu os curtas-metragens produzidos por participantes do projeto F\u00e1brica do Futuro \u2013 Laborat\u00f3rio.2C, iniciativa patrocinada pela Energisa, por meio do edital Usina Criativa de Cinema do Festival Ver e Fazer Filmes e das Leis de Incentivo \u00e0 Cultura.<\/p>\n<figure id=\"attachment_67189\" aria-describedby=\"caption-attachment-67189\" style=\"width: 700px\" class=\"wp-caption aligncenter\"><img loading=\"lazy\" decoding=\"async\" class=\"wp-image-67189\" src=\"https:\/\/marcelolopes.jor.br\/site\/wp-content\/uploads\/2026\/07\/image4-300x200.jpeg\" alt=\"II Semana de Arte\" width=\"700\" height=\"467\" srcset=\"https:\/\/marcelolopes.jor.br\/site\/wp-content\/uploads\/2026\/07\/image4-300x200.jpeg 300w, https:\/\/marcelolopes.jor.br\/site\/wp-content\/uploads\/2026\/07\/image4-1024x683.jpeg 1024w, https:\/\/marcelolopes.jor.br\/site\/wp-content\/uploads\/2026\/07\/image4-768x512.jpeg 768w, https:\/\/marcelolopes.jor.br\/site\/wp-content\/uploads\/2026\/07\/image4.jpeg 1032w\" sizes=\"auto, (max-width: 700px) 100vw, 700px\" \/><figcaption id=\"caption-attachment-67189\" class=\"wp-caption-text\"><em>A mostra Curta no Cinema, realizada no Centro Cultural Humberto Mauro, recebeu alunos de escolas p\u00fablicas de Cataguases. Uma das sess\u00f5es contou com a presen\u00e7a do cineasta Andr\u00e9 Di Mauro, sobrinho-neto de Humberto Mauro (cr\u00e9dito: Ag\u00eancia RedSete)<\/em><\/figcaption><\/figure>\n<p>A II Semana de Arte tamb\u00e9m gerou resultados econ\u00f4micos relevantes. A realiza\u00e7\u00e3o do evento movimentou mais de <strong>R$ 320 mil na economia de Cataguases e regi\u00e3o<\/strong>, com a contrata\u00e7\u00e3o de profissionais, fornecedores e servi\u00e7os locais. Ao todo, foram geradas cerca de <strong>120 ocupa\u00e7\u00f5es diretas e outras 143 indiretas<\/strong>, evidenciando o potencial da economia criativa como vetor de desenvolvimento local.<\/p>\n<p>O encerramento aconteceu na noite de 27 de junho com a performance <strong>Monumento em Movimento<\/strong>, realizada no Monumento a Humberto Mauro, localizada em um dos pontos centrais da cidade. Inspirado nos quatro elementos da natureza e nas cosmologias ind\u00edgenas e afro-brasileiras, o espet\u00e1culo contou com a participa\u00e7\u00e3o da cantora e ativista ind\u00edgena Ka\u00ea Guajajara e artistas locais, sintetizando o esp\u00edrito de encontro entre diferentes linguagens, territ\u00f3rios e express\u00f5es culturais que marcou toda a programa\u00e7\u00e3o. A cerim\u00f4nia tamb\u00e9m contou com a presen\u00e7a de nomes fundamentais para o desenvolvimento cultural da regi\u00e3o, como Andr\u00e9ia Bissoli, Marcelo Peixoto e M\u00f4nica Botelho.<\/p>\n<p>&nbsp;<\/p>\n<p><img loading=\"lazy\" decoding=\"async\" class=\"aligncenter wp-image-67187\" src=\"https:\/\/marcelolopes.jor.br\/site\/wp-content\/uploads\/2026\/07\/1SDA-300x206.jpg\" alt=\"II Semana de Arte\" width=\"700\" height=\"481\" srcset=\"https:\/\/marcelolopes.jor.br\/site\/wp-content\/uploads\/2026\/07\/1SDA-300x206.jpg 300w, https:\/\/marcelolopes.jor.br\/site\/wp-content\/uploads\/2026\/07\/1SDA-768x528.jpg 768w, https:\/\/marcelolopes.jor.br\/site\/wp-content\/uploads\/2026\/07\/1SDA.jpg 800w\" sizes=\"auto, (max-width: 700px) 100vw, 700px\" \/><\/p>\n<p style=\"text-align: center;\"><em>Performance \u201cMonumento em Movimento\u201d, que encerrou a II Semana de Arte de Cataguases<br \/>\ne foi encenada no Monumento a Humberto Mauro, esculpido por Am\u00edlcar de Castro.<br \/>\nPrimeira acima, <i>uma montagem com imagens dos espet\u00e1culos de abertura: \u00e0 esquerda, cena do solo<br \/>\nPulso Ancestral, apresentado pela bailarina Tatiane Dias; \u00e0 direita, a performance-ritual Txori Peo,<br \/>\nMata Clama, do artista ind\u00edgena Hiram Apon Puri. (cr\u00e9ditos: D\u00e9bora Agostini)<\/i><\/em><\/p>\n<p><img loading=\"lazy\" decoding=\"async\" class=\"aligncenter wp-image-67191\" src=\"https:\/\/marcelolopes.jor.br\/site\/wp-content\/uploads\/2026\/07\/image6-300x200.jpeg\" alt=\"\" width=\"700\" height=\"467\" srcset=\"https:\/\/marcelolopes.jor.br\/site\/wp-content\/uploads\/2026\/07\/image6-300x200.jpeg 300w, https:\/\/marcelolopes.jor.br\/site\/wp-content\/uploads\/2026\/07\/image6.jpeg 625w\" sizes=\"auto, (max-width: 700px) 100vw, 700px\" \/><\/p>\n<p><strong>A II SEMANA DE ARTE DE CATAGUASES \u2014 ANCESTRALIDADE COMO PONTE PARA NOVOS FUTUROS<\/strong> conta com patroc\u00ednio Master do Grupo BAUMINAS atrav\u00e9s da Lei Estadual de Incentivo \u00e0 Cultura de Minas Gerais (CA 2024.3807.0089) e Patroc\u00ednio da Ind\u00fastria Cataguases atrav\u00e9s da Lei Rouanet. Apoio da Funda\u00e7\u00e3o BAUMINAS, Instituto Energisa, Grupo Energisa, Prefeitura de Cataguases por meio da Secretaria de Cultura e Turismo, Polo Audiovisual da Zona da Mata, Animparque e Grupo de Pesquisa Girarte. Parceria Instituto F\u00e1brica do Futuro e Projeto Girarte. A realiza\u00e7\u00e3o \u00e9 do Studio Cat\u00e1 Arquitetura, Governo do Estado de Minas Gerais e Governo Federal.<\/p>\n<p>Para conferir a cobertura da II Semana de Arte de Cataguases e novidades sobre a pr\u00f3xima edi\u00e7\u00e3o, siga o <a href=\"https:\/\/www.instagram.com\/semanadeartecataguases\/\"><strong><span style=\"color: #800000;\">Instagram do evento<\/span><\/strong><\/a>.<\/p>\n<p><strong>OUTRAS NOT\u00cdCIAS<\/strong><br \/>\n<a href=\"https:\/\/marcelolopes.jor.br\/site\/2026\/06\/26\/girarte-participa-do-encerramento-da-2a-semana-de-arte-de-cataguases\/\"><strong><span style=\"color: #800000;\">Girarte participa do encerramento da 2\u00aa Semana de Arte de Cataguases<\/span><\/strong><\/a><\/p>\n<p><a href=\"https:\/\/marcelolopes.jor.br\/site\/2026\/06\/25\/kae-guajajara-e-confirmada-no-encerramento-da-ii-semana-de-arte-de-cataguases\/\"><strong><span style=\"color: #800000;\">Ka\u00ea Guajajara \u00e9 confirmada no encerramento da II Semana de Arte de Cataguases<\/span><\/strong><\/a><\/p>\n<p>Texto: N\u00fadia Fusco | Fotos: D\u00e9bora Agostini e Ag\u00eancia RedSete<\/p>\n<div class=\"spbiw6a97e0df76101\" ><div style=\"margin-left: auto; margin-right: auto; text-align: center; margin-top: 50px; \" id=\"teste-487809619\"><a href=\"https:\/\/marcelolopes.jor.br\/site\/edital-audiencia-publica-energisa-minas-rio-2026\/\" aria-label=\"banneredital\"><img loading=\"lazy\" decoding=\"async\" src=\"https:\/\/marcelolopes.jor.br\/site\/wp-content\/uploads\/2026\/09\/banneredital.png\" alt=\"\"  srcset=\"https:\/\/marcelolopes.jor.br\/site\/wp-content\/uploads\/2026\/09\/banneredital.png 812w, https:\/\/marcelolopes.jor.br\/site\/wp-content\/uploads\/2026\/09\/banneredital-300x56.png 300w, https:\/\/marcelolopes.jor.br\/site\/wp-content\/uploads\/2026\/09\/banneredital-768x144.png 768w\" sizes=\"(max-width: 812px) 100vw, 812px\" width=\"812\" height=\"152\"  style=\"display: inline-block;\" \/><\/a><\/div><br><\/div><style type=\"text\/css\">\r\n@media screen and (min-width: 1201px) {\r\n.spbiw6a97e0df76101 {\r\ndisplay: block;\r\n}\r\n}\r\n@media screen and (min-width: 993px) and (max-width: 1200px) {\r\n.spbiw6a97e0df76101 {\r\ndisplay: block;\r\n}\r\n}\r\n@media screen and (min-width: 769px) and (max-width: 992px) {\r\n.spbiw6a97e0df76101 {\r\ndisplay: block;\r\n}\r\n}\r\n@media screen and (min-width: 768px) and (max-width: 768px) {\r\n.spbiw6a97e0df76101 {\r\ndisplay: block;\r\n}\r\n}\r\n@media screen and (max-width: 767px) {\r\n.spbiw6a97e0df76101 {\r\ndisplay: block;\r\n}\r\n}\r\n<\/style>\r\n<div class=\"eigfg6a97e0df7c160\" ><div id=\"div_destino\"><\/div>\r\n<script src=\"https:\/\/cdn.snsrsv.com\/sdk.js\"><\/script>\r\n<script >\r\n      new sdk(\"464030C30061EA8BE065000000000001\") \r\n          .appendTo(\"div_destino\")\r\n          .disableStyle(true) \r\n          .setCacheBusterMacro(\"%%CACHEBUSTER%%\")\r\n          .setSize(\"800\",\"214\")\r\n          .setClickMacro(\"%%CLICK_URL_ESC%%\") \r\n          .setReferrerUrlMacro(\"%%REFERRER_URL_ESC%%\") \r\n          .start(); \r\n<\/script><\/div><style type=\"text\/css\">\r\n@media screen and (min-width: 1201px) {\r\n.eigfg6a97e0df7c160 {\r\ndisplay: block;\r\n}\r\n}\r\n@media screen and (min-width: 993px) and (max-width: 1200px) {\r\n.eigfg6a97e0df7c160 {\r\ndisplay: block;\r\n}\r\n}\r\n@media screen and (min-width: 769px) and (max-width: 992px) {\r\n.eigfg6a97e0df7c160 {\r\ndisplay: block;\r\n}\r\n}\r\n@media screen and (min-width: 768px) and (max-width: 768px) {\r\n.eigfg6a97e0df7c160 {\r\ndisplay: block;\r\n}\r\n}\r\n@media screen and (max-width: 767px) {\r\n.eigfg6a97e0df7c160 {\r\ndisplay: block;\r\n}\r\n}\r\n<\/style>\r\n","protected":false},"excerpt":{"rendered":"<p>Ap\u00f3s nove dias de programa\u00e7\u00e3o gratuita, a II Semana de Arte de Cataguases encerrou sua edi\u00e7\u00e3o consolidando a cidade como um territ\u00f3rio de encontro entre arte, mem\u00f3ria e educa\u00e7\u00e3o. Realizada entre os dias 19 e 27 de junho, a iniciativa<\/p>\n<p class=\"link-more\"><a class=\"more-link\" href=\"https:\/\/marcelolopes.jor.br\/site\/2026\/07\/03\/ii-semana-de-arte-de-cataguases-beneficiou-mais-de-47-mil-pessoas\/\">Leia mais <span class=\"screen-reader-text\">II Semana de Arte de Cataguases beneficiou mais de 4,7 mil pessoas<\/span><\/a><\/p>\n","protected":false},"author":2,"featured_media":67190,"comment_status":"open","ping_status":"closed","sticky":false,"template":"","format":"standard","meta":{"footnotes":""},"categories":[1],"tags":[],"class_list":["post-67184","post","type-post","status-publish","format-standard","has-post-thumbnail","hentry","category-noticias","thumb-below-title"],"yoast_head":"<!-- This site is optimized with the Yoast SEO plugin v28.3 - https:\/\/yoast.com\/product\/yoast-seo-wordpress\/ -->\n<title>II Semana de Arte de Cataguases beneficiou mais de 4,7 mil<\/title>\n<meta name=\"description\" content=\"II Semana de Arte de Cataguases beneficiou mais de 4,7 mil pessoas. Evento realizou 54 iniciativas art\u00edsticas e socioculturais e movimentou\" \/>\n<meta name=\"robots\" content=\"index, follow, max-snippet:-1, max-image-preview:large, max-video-preview:-1\" \/>\n<link rel=\"canonical\" href=\"https:\/\/marcelolopes.jor.br\/site\/2026\/07\/03\/ii-semana-de-arte-de-cataguases-beneficiou-mais-de-47-mil-pessoas\/\" \/>\n<meta property=\"og:locale\" content=\"pt_BR\" \/>\n<meta property=\"og:type\" content=\"article\" \/>\n<meta property=\"og:title\" content=\"II Semana de Arte de Cataguases beneficiou mais de 4,7 mil\" \/>\n<meta property=\"og:description\" content=\"II Semana de Arte de Cataguases beneficiou mais de 4,7 mil pessoas. Evento realizou 54 iniciativas art\u00edsticas e socioculturais e movimentou\" \/>\n<meta property=\"og:url\" content=\"https:\/\/marcelolopes.jor.br\/site\/2026\/07\/03\/ii-semana-de-arte-de-cataguases-beneficiou-mais-de-47-mil-pessoas\/\" \/>\n<meta property=\"og:site_name\" content=\"Marcelo Lopes\" \/>\n<meta property=\"article:publisher\" content=\"https:\/\/www.facebook.com\/sitedomarcelolopes\" \/>\n<meta property=\"article:published_time\" content=\"2026-07-03T10:00:53+00:00\" \/>\n<meta property=\"article:modified_time\" content=\"2026-07-03T13:58:39+00:00\" \/>\n<meta property=\"og:image\" content=\"https:\/\/marcelolopes.jor.br\/site\/wp-content\/uploads\/2026\/07\/image5.jpeg\" \/>\n\t<meta property=\"og:image:width\" content=\"621\" \/>\n\t<meta property=\"og:image:height\" content=\"414\" \/>\n\t<meta property=\"og:image:type\" content=\"image\/jpeg\" \/>\n<meta name=\"author\" content=\"Marcelo Lopes\" \/>\n<meta name=\"twitter:card\" content=\"summary_large_image\" \/>\n<meta name=\"twitter:label1\" content=\"Escrito por\" \/>\n\t<meta name=\"twitter:data1\" content=\"Marcelo Lopes\" \/>\n\t<meta name=\"twitter:label2\" content=\"Est. tempo de leitura\" \/>\n\t<meta name=\"twitter:data2\" content=\"5 minutos\" \/>\n<script type=\"application\/ld+json\" class=\"yoast-schema-graph\">{\"@context\":\"https:\\\/\\\/schema.org\",\"@graph\":[{\"@type\":\"NewsArticle\",\"@id\":\"https:\\\/\\\/marcelolopes.jor.br\\\/site\\\/2026\\\/07\\\/03\\\/ii-semana-de-arte-de-cataguases-beneficiou-mais-de-47-mil-pessoas\\\/#article\",\"isPartOf\":{\"@id\":\"https:\\\/\\\/marcelolopes.jor.br\\\/site\\\/2026\\\/07\\\/03\\\/ii-semana-de-arte-de-cataguases-beneficiou-mais-de-47-mil-pessoas\\\/\"},\"author\":{\"name\":\"Marcelo Lopes\",\"@id\":\"https:\\\/\\\/marcelolopes.jor.br\\\/site\\\/#\\\/schema\\\/person\\\/3e7216a35c34d8fdf952b31da3d1f89f\"},\"headline\":\"II Semana de Arte de Cataguases beneficiou mais de 4,7 mil pessoas\",\"datePublished\":\"2026-07-03T10:00:53+00:00\",\"dateModified\":\"2026-07-03T13:58:39+00:00\",\"mainEntityOfPage\":{\"@id\":\"https:\\\/\\\/marcelolopes.jor.br\\\/site\\\/2026\\\/07\\\/03\\\/ii-semana-de-arte-de-cataguases-beneficiou-mais-de-47-mil-pessoas\\\/\"},\"wordCount\":1091,\"commentCount\":0,\"publisher\":{\"@id\":\"https:\\\/\\\/marcelolopes.jor.br\\\/site\\\/#organization\"},\"image\":{\"@id\":\"https:\\\/\\\/marcelolopes.jor.br\\\/site\\\/2026\\\/07\\\/03\\\/ii-semana-de-arte-de-cataguases-beneficiou-mais-de-47-mil-pessoas\\\/#primaryimage\"},\"thumbnailUrl\":\"https:\\\/\\\/marcelolopes.jor.br\\\/site\\\/wp-content\\\/uploads\\\/2026\\\/07\\\/image5.jpeg\",\"articleSection\":[\"Not\u00edcias\"],\"inLanguage\":\"pt-BR\",\"potentialAction\":[{\"@type\":\"CommentAction\",\"name\":\"Comment\",\"target\":[\"https:\\\/\\\/marcelolopes.jor.br\\\/site\\\/2026\\\/07\\\/03\\\/ii-semana-de-arte-de-cataguases-beneficiou-mais-de-47-mil-pessoas\\\/#respond\"]}]},{\"@type\":\"WebPage\",\"@id\":\"https:\\\/\\\/marcelolopes.jor.br\\\/site\\\/2026\\\/07\\\/03\\\/ii-semana-de-arte-de-cataguases-beneficiou-mais-de-47-mil-pessoas\\\/\",\"url\":\"https:\\\/\\\/marcelolopes.jor.br\\\/site\\\/2026\\\/07\\\/03\\\/ii-semana-de-arte-de-cataguases-beneficiou-mais-de-47-mil-pessoas\\\/\",\"name\":\"II Semana de Arte de Cataguases beneficiou mais de 4,7 mil\",\"isPartOf\":{\"@id\":\"https:\\\/\\\/marcelolopes.jor.br\\\/site\\\/#website\"},\"primaryImageOfPage\":{\"@id\":\"https:\\\/\\\/marcelolopes.jor.br\\\/site\\\/2026\\\/07\\\/03\\\/ii-semana-de-arte-de-cataguases-beneficiou-mais-de-47-mil-pessoas\\\/#primaryimage\"},\"image\":{\"@id\":\"https:\\\/\\\/marcelolopes.jor.br\\\/site\\\/2026\\\/07\\\/03\\\/ii-semana-de-arte-de-cataguases-beneficiou-mais-de-47-mil-pessoas\\\/#primaryimage\"},\"thumbnailUrl\":\"https:\\\/\\\/marcelolopes.jor.br\\\/site\\\/wp-content\\\/uploads\\\/2026\\\/07\\\/image5.jpeg\",\"datePublished\":\"2026-07-03T10:00:53+00:00\",\"dateModified\":\"2026-07-03T13:58:39+00:00\",\"description\":\"II Semana de Arte de Cataguases beneficiou mais de 4,7 mil pessoas. Evento realizou 54 iniciativas art\u00edsticas e socioculturais e movimentou\",\"breadcrumb\":{\"@id\":\"https:\\\/\\\/marcelolopes.jor.br\\\/site\\\/2026\\\/07\\\/03\\\/ii-semana-de-arte-de-cataguases-beneficiou-mais-de-47-mil-pessoas\\\/#breadcrumb\"},\"inLanguage\":\"pt-BR\",\"potentialAction\":[{\"@type\":\"ReadAction\",\"target\":[\"https:\\\/\\\/marcelolopes.jor.br\\\/site\\\/2026\\\/07\\\/03\\\/ii-semana-de-arte-de-cataguases-beneficiou-mais-de-47-mil-pessoas\\\/\"]}]},{\"@type\":\"ImageObject\",\"inLanguage\":\"pt-BR\",\"@id\":\"https:\\\/\\\/marcelolopes.jor.br\\\/site\\\/2026\\\/07\\\/03\\\/ii-semana-de-arte-de-cataguases-beneficiou-mais-de-47-mil-pessoas\\\/#primaryimage\",\"url\":\"https:\\\/\\\/marcelolopes.jor.br\\\/site\\\/wp-content\\\/uploads\\\/2026\\\/07\\\/image5.jpeg\",\"contentUrl\":\"https:\\\/\\\/marcelolopes.jor.br\\\/site\\\/wp-content\\\/uploads\\\/2026\\\/07\\\/image5.jpeg\",\"width\":621,\"height\":414},{\"@type\":\"BreadcrumbList\",\"@id\":\"https:\\\/\\\/marcelolopes.jor.br\\\/site\\\/2026\\\/07\\\/03\\\/ii-semana-de-arte-de-cataguases-beneficiou-mais-de-47-mil-pessoas\\\/#breadcrumb\",\"itemListElement\":[{\"@type\":\"ListItem\",\"position\":1,\"name\":\"Home\",\"item\":\"https:\\\/\\\/marcelolopes.jor.br\\\/site\\\/\"},{\"@type\":\"ListItem\",\"position\":2,\"name\":\"II Semana de Arte de Cataguases beneficiou mais de 4,7 mil pessoas\"}]},{\"@type\":\"WebSite\",\"@id\":\"https:\\\/\\\/marcelolopes.jor.br\\\/site\\\/#website\",\"url\":\"https:\\\/\\\/marcelolopes.jor.br\\\/site\\\/\",\"name\":\"Marcelo Lopes\",\"description\":\"Not\u00edcias de Cataguases e Regi\u00e3o\",\"publisher\":{\"@id\":\"https:\\\/\\\/marcelolopes.jor.br\\\/site\\\/#organization\"},\"potentialAction\":[{\"@type\":\"SearchAction\",\"target\":{\"@type\":\"EntryPoint\",\"urlTemplate\":\"https:\\\/\\\/marcelolopes.jor.br\\\/site\\\/?s={search_term_string}\"},\"query-input\":{\"@type\":\"PropertyValueSpecification\",\"valueRequired\":true,\"valueName\":\"search_term_string\"}}],\"inLanguage\":\"pt-BR\"},{\"@type\":\"Organization\",\"@id\":\"https:\\\/\\\/marcelolopes.jor.br\\\/site\\\/#organization\",\"name\":\"Site do Marcelo Lopes\",\"url\":\"https:\\\/\\\/marcelolopes.jor.br\\\/site\\\/\",\"logo\":{\"@type\":\"ImageObject\",\"inLanguage\":\"pt-BR\",\"@id\":\"https:\\\/\\\/marcelolopes.jor.br\\\/site\\\/#\\\/schema\\\/logo\\\/image\\\/\",\"url\":\"https:\\\/\\\/marcelolopes.jor.br\\\/site\\\/wp-content\\\/uploads\\\/2026\\\/07\\\/cropped-logo2026.png\",\"contentUrl\":\"https:\\\/\\\/marcelolopes.jor.br\\\/site\\\/wp-content\\\/uploads\\\/2026\\\/07\\\/cropped-logo2026.png\",\"width\":328,\"height\":96,\"caption\":\"Site do Marcelo Lopes\"},\"image\":{\"@id\":\"https:\\\/\\\/marcelolopes.jor.br\\\/site\\\/#\\\/schema\\\/logo\\\/image\\\/\"},\"sameAs\":[\"https:\\\/\\\/www.facebook.com\\\/sitedomarcelolopes\",\"https:\\\/\\\/www.instagram.com\\\/sitedomarcelolopes\\\/\",\"https:\\\/\\\/www.linkedin.com\\\/company\\\/site-do-marcelo-lopes\\\/\",\"https:\\\/\\\/www.youtube.com\\\/user\\\/marcelolopes957\"]},{\"@type\":\"Person\",\"@id\":\"https:\\\/\\\/marcelolopes.jor.br\\\/site\\\/#\\\/schema\\\/person\\\/3e7216a35c34d8fdf952b31da3d1f89f\",\"name\":\"Marcelo Lopes\",\"sameAs\":[\"http:\\\/\\\/www.marcelolopes.jor.br\"],\"url\":\"https:\\\/\\\/marcelolopes.jor.br\\\/site\\\/author\\\/marcelo\\\/\"}]}<\/script>\n<!-- \/ Yoast SEO plugin. -->","yoast_head_json":{"title":"II Semana de Arte de Cataguases beneficiou mais de 4,7 mil","description":"II Semana de Arte de Cataguases beneficiou mais de 4,7 mil pessoas. Evento realizou 54 iniciativas art\u00edsticas e socioculturais e movimentou","robots":{"index":"index","follow":"follow","max-snippet":"max-snippet:-1","max-image-preview":"max-image-preview:large","max-video-preview":"max-video-preview:-1"},"canonical":"https:\/\/marcelolopes.jor.br\/site\/2026\/07\/03\/ii-semana-de-arte-de-cataguases-beneficiou-mais-de-47-mil-pessoas\/","og_locale":"pt_BR","og_type":"article","og_title":"II Semana de Arte de Cataguases beneficiou mais de 4,7 mil","og_description":"II Semana de Arte de Cataguases beneficiou mais de 4,7 mil pessoas. Evento realizou 54 iniciativas art\u00edsticas e socioculturais e movimentou","og_url":"https:\/\/marcelolopes.jor.br\/site\/2026\/07\/03\/ii-semana-de-arte-de-cataguases-beneficiou-mais-de-47-mil-pessoas\/","og_site_name":"Marcelo Lopes","article_publisher":"https:\/\/www.facebook.com\/sitedomarcelolopes","article_published_time":"2026-07-03T10:00:53+00:00","article_modified_time":"2026-07-03T13:58:39+00:00","og_image":[{"width":621,"height":414,"url":"https:\/\/marcelolopes.jor.br\/site\/wp-content\/uploads\/2026\/07\/image5.jpeg","type":"image\/jpeg"}],"author":"Marcelo Lopes","twitter_card":"summary_large_image","twitter_misc":{"Escrito por":"Marcelo Lopes","Est. tempo de leitura":"5 minutos"},"schema":{"@context":"https:\/\/schema.org","@graph":[{"@type":"NewsArticle","@id":"https:\/\/marcelolopes.jor.br\/site\/2026\/07\/03\/ii-semana-de-arte-de-cataguases-beneficiou-mais-de-47-mil-pessoas\/#article","isPartOf":{"@id":"https:\/\/marcelolopes.jor.br\/site\/2026\/07\/03\/ii-semana-de-arte-de-cataguases-beneficiou-mais-de-47-mil-pessoas\/"},"author":{"name":"Marcelo Lopes","@id":"https:\/\/marcelolopes.jor.br\/site\/#\/schema\/person\/3e7216a35c34d8fdf952b31da3d1f89f"},"headline":"II Semana de Arte de Cataguases beneficiou mais de 4,7 mil pessoas","datePublished":"2026-07-03T10:00:53+00:00","dateModified":"2026-07-03T13:58:39+00:00","mainEntityOfPage":{"@id":"https:\/\/marcelolopes.jor.br\/site\/2026\/07\/03\/ii-semana-de-arte-de-cataguases-beneficiou-mais-de-47-mil-pessoas\/"},"wordCount":1091,"commentCount":0,"publisher":{"@id":"https:\/\/marcelolopes.jor.br\/site\/#organization"},"image":{"@id":"https:\/\/marcelolopes.jor.br\/site\/2026\/07\/03\/ii-semana-de-arte-de-cataguases-beneficiou-mais-de-47-mil-pessoas\/#primaryimage"},"thumbnailUrl":"https:\/\/marcelolopes.jor.br\/site\/wp-content\/uploads\/2026\/07\/image5.jpeg","articleSection":["Not\u00edcias"],"inLanguage":"pt-BR","potentialAction":[{"@type":"CommentAction","name":"Comment","target":["https:\/\/marcelolopes.jor.br\/site\/2026\/07\/03\/ii-semana-de-arte-de-cataguases-beneficiou-mais-de-47-mil-pessoas\/#respond"]}]},{"@type":"WebPage","@id":"https:\/\/marcelolopes.jor.br\/site\/2026\/07\/03\/ii-semana-de-arte-de-cataguases-beneficiou-mais-de-47-mil-pessoas\/","url":"https:\/\/marcelolopes.jor.br\/site\/2026\/07\/03\/ii-semana-de-arte-de-cataguases-beneficiou-mais-de-47-mil-pessoas\/","name":"II Semana de Arte de Cataguases beneficiou mais de 4,7 mil","isPartOf":{"@id":"https:\/\/marcelolopes.jor.br\/site\/#website"},"primaryImageOfPage":{"@id":"https:\/\/marcelolopes.jor.br\/site\/2026\/07\/03\/ii-semana-de-arte-de-cataguases-beneficiou-mais-de-47-mil-pessoas\/#primaryimage"},"image":{"@id":"https:\/\/marcelolopes.jor.br\/site\/2026\/07\/03\/ii-semana-de-arte-de-cataguases-beneficiou-mais-de-47-mil-pessoas\/#primaryimage"},"thumbnailUrl":"https:\/\/marcelolopes.jor.br\/site\/wp-content\/uploads\/2026\/07\/image5.jpeg","datePublished":"2026-07-03T10:00:53+00:00","dateModified":"2026-07-03T13:58:39+00:00","description":"II Semana de Arte de Cataguases beneficiou mais de 4,7 mil pessoas. Evento realizou 54 iniciativas art\u00edsticas e socioculturais e movimentou","breadcrumb":{"@id":"https:\/\/marcelolopes.jor.br\/site\/2026\/07\/03\/ii-semana-de-arte-de-cataguases-beneficiou-mais-de-47-mil-pessoas\/#breadcrumb"},"inLanguage":"pt-BR","potentialAction":[{"@type":"ReadAction","target":["https:\/\/marcelolopes.jor.br\/site\/2026\/07\/03\/ii-semana-de-arte-de-cataguases-beneficiou-mais-de-47-mil-pessoas\/"]}]},{"@type":"ImageObject","inLanguage":"pt-BR","@id":"https:\/\/marcelolopes.jor.br\/site\/2026\/07\/03\/ii-semana-de-arte-de-cataguases-beneficiou-mais-de-47-mil-pessoas\/#primaryimage","url":"https:\/\/marcelolopes.jor.br\/site\/wp-content\/uploads\/2026\/07\/image5.jpeg","contentUrl":"https:\/\/marcelolopes.jor.br\/site\/wp-content\/uploads\/2026\/07\/image5.jpeg","width":621,"height":414},{"@type":"BreadcrumbList","@id":"https:\/\/marcelolopes.jor.br\/site\/2026\/07\/03\/ii-semana-de-arte-de-cataguases-beneficiou-mais-de-47-mil-pessoas\/#breadcrumb","itemListElement":[{"@type":"ListItem","position":1,"name":"Home","item":"https:\/\/marcelolopes.jor.br\/site\/"},{"@type":"ListItem","position":2,"name":"II Semana de Arte de Cataguases beneficiou mais de 4,7 mil pessoas"}]},{"@type":"WebSite","@id":"https:\/\/marcelolopes.jor.br\/site\/#website","url":"https:\/\/marcelolopes.jor.br\/site\/","name":"Marcelo Lopes","description":"Not\u00edcias de Cataguases e Regi\u00e3o","publisher":{"@id":"https:\/\/marcelolopes.jor.br\/site\/#organization"},"potentialAction":[{"@type":"SearchAction","target":{"@type":"EntryPoint","urlTemplate":"https:\/\/marcelolopes.jor.br\/site\/?s={search_term_string}"},"query-input":{"@type":"PropertyValueSpecification","valueRequired":true,"valueName":"search_term_string"}}],"inLanguage":"pt-BR"},{"@type":"Organization","@id":"https:\/\/marcelolopes.jor.br\/site\/#organization","name":"Site do Marcelo Lopes","url":"https:\/\/marcelolopes.jor.br\/site\/","logo":{"@type":"ImageObject","inLanguage":"pt-BR","@id":"https:\/\/marcelolopes.jor.br\/site\/#\/schema\/logo\/image\/","url":"https:\/\/marcelolopes.jor.br\/site\/wp-content\/uploads\/2026\/07\/cropped-logo2026.png","contentUrl":"https:\/\/marcelolopes.jor.br\/site\/wp-content\/uploads\/2026\/07\/cropped-logo2026.png","width":328,"height":96,"caption":"Site do Marcelo Lopes"},"image":{"@id":"https:\/\/marcelolopes.jor.br\/site\/#\/schema\/logo\/image\/"},"sameAs":["https:\/\/www.facebook.com\/sitedomarcelolopes","https:\/\/www.instagram.com\/sitedomarcelolopes\/","https:\/\/www.linkedin.com\/company\/site-do-marcelo-lopes\/","https:\/\/www.youtube.com\/user\/marcelolopes957"]},{"@type":"Person","@id":"https:\/\/marcelolopes.jor.br\/site\/#\/schema\/person\/3e7216a35c34d8fdf952b31da3d1f89f","name":"Marcelo Lopes","sameAs":["http:\/\/www.marcelolopes.jor.br"],"url":"https:\/\/marcelolopes.jor.br\/site\/author\/marcelo\/"}]}},"wps_subtitle":"Foram 54 iniciativas art\u00edsticas e socioculturais que movimentaram mais de R$ 320 mil na economia local.","_links":{"self":[{"href":"https:\/\/marcelolopes.jor.br\/site\/wp-json\/wp\/v2\/posts\/67184","targetHints":{"allow":["GET"]}}],"collection":[{"href":"https:\/\/marcelolopes.jor.br\/site\/wp-json\/wp\/v2\/posts"}],"about":[{"href":"https:\/\/marcelolopes.jor.br\/site\/wp-json\/wp\/v2\/types\/post"}],"author":[{"embeddable":true,"href":"https:\/\/marcelolopes.jor.br\/site\/wp-json\/wp\/v2\/users\/2"}],"replies":[{"embeddable":true,"href":"https:\/\/marcelolopes.jor.br\/site\/wp-json\/wp\/v2\/comments?post=67184"}],"version-history":[{"count":0,"href":"https:\/\/marcelolopes.jor.br\/site\/wp-json\/wp\/v2\/posts\/67184\/revisions"}],"wp:featuredmedia":[{"embeddable":true,"href":"https:\/\/marcelolopes.jor.br\/site\/wp-json\/wp\/v2\/media\/67190"}],"wp:attachment":[{"href":"https:\/\/marcelolopes.jor.br\/site\/wp-json\/wp\/v2\/media?parent=67184"}],"wp:term":[{"taxonomy":"category","embeddable":true,"href":"https:\/\/marcelolopes.jor.br\/site\/wp-json\/wp\/v2\/categories?post=67184"},{"taxonomy":"post_tag","embeddable":true,"href":"https:\/\/marcelolopes.jor.br\/site\/wp-json\/wp\/v2\/tags?post=67184"}],"curies":[{"name":"wp","href":"https:\/\/api.w.org\/{rel}","templated":true}]}}