{"id":67031,"date":"2026-06-30T07:00:46","date_gmt":"2026-06-30T10:00:46","guid":{"rendered":"https:\/\/marcelolopes.jor.br\/site\/?p=67031"},"modified":"2026-06-29T17:27:49","modified_gmt":"2026-06-29T20:27:49","slug":"el-nino-deve-deixar-o-inverno-ameno-na-zona-da-mata","status":"publish","type":"post","link":"https:\/\/marcelolopes.jor.br\/site\/2026\/06\/30\/el-nino-deve-deixar-o-inverno-ameno-na-zona-da-mata\/","title":{"rendered":"El Ni\u00f1o deve deixar o inverno ameno na Zona da Mata"},"content":{"rendered":"<p>O inverno de 2026 come\u00e7ou trazendo um cen\u00e1rio diferente do habitual na Zona da Mata mineira. A atua\u00e7\u00e3o do El Ni\u00f1o, fen\u00f4meno clim\u00e1tico que influencia o tempo em diversas regi\u00f5es do planeta, contribui para uma esta\u00e7\u00e3o com menor intensidade de frio e maior varia\u00e7\u00e3o nas condi\u00e7\u00f5es clim\u00e1ticas, tornando o per\u00edodo mais din\u00e2mico no dia a dia. <!--more--><\/p>\n<h4 class=\"p1\"><span class=\"s1\">\ud83d\udcf8\u00a0<span style=\"color: #008000;\">Siga o Site do Marcelo Lopes no<\/span>\u00a0<span style=\"color: #800000;\"><a style=\"color: #800000;\" href=\"https:\/\/www.facebook.com\/sitedomarcelolopes\/\"><strong>Facebook<\/strong><\/a><\/span>\u00a0<span style=\"color: #008000;\">e no<\/span>\u00a0<span style=\"color: #800000;\"><strong><a style=\"color: #800000;\" href=\"https:\/\/www.instagram.com\/sitedomarcelolopes\/\">Instagram<\/a><\/strong><\/span><\/span><\/h4>\n<h4 class=\"p1\">\ud83d\udcf1<span style=\"color: #008000;\">Participe do grupo de<\/span>\u00a0<span style=\"color: #800000;\"><a style=\"color: #800000;\" href=\"https:\/\/chat.whatsapp.com\/BibzcI1ibYSKytbdyzubLA\"><strong>WhatsApp<\/strong><\/a><\/span> <span style=\"color: #008000;\">do Site do Marcelo Lopes<\/span><\/h4>\n<p>Segundo Ana Paula Paes, meteorologista e consultora da Energisa, um dos destaques da previs\u00e3o \u00e9 a ocorr\u00eancia de chuvas acima da m\u00e9dia, podendo passar de 40 mm por m\u00eas, mesmo durante o per\u00edodo que costuma ser mais seco. J\u00e1 em rela\u00e7\u00e3o \u00e0s temperaturas, a expectativa \u00e9 de que elas aumentem aos poucos ao longo do inverno. Esse aumento deve ser mais percebido em agosto, quando os term\u00f4metros podem marcar at\u00e9 1,5\u00b0C acima do normal para a \u00e9poca.<\/p>\n<p>Esse contexto se reflete no consumo de energia el\u00e9trica. Com varia\u00e7\u00f5es ao longo dos dias, o uso de equipamentos acompanha as necessidades de cada momento, favorecendo uma rotina mais equilibrada e abrindo espa\u00e7o para pr\u00e1ticas mais conscientes, com foco na sustentabilidade.<\/p>\n<h3>Aten\u00e7\u00e3o redobrada no per\u00edodo das f\u00e9rias escolares<\/h3>\n<p>A chegada do inverno coincide com as f\u00e9rias escolares do meio do ano, quando muitas fam\u00edlias passam mais tempo em casa. Nesse per\u00edodo, aumenta o uso de aparelhos eletr\u00f4nicos e eletrodom\u00e9sticos, o que refor\u00e7a a import\u00e2ncia de h\u00e1bitos eficientes no consumo.<\/p>\n<p>Al\u00e9m da economia, o uso respons\u00e1vel da energia tamb\u00e9m est\u00e1 ligado \u00e0 seguran\u00e7a. Em casas com crian\u00e7as, \u00e9 essencial supervisionar o uso de aparelhos, evitar o contato com tomadas e fios e n\u00e3o utilizar dispositivos enquanto est\u00e3o carregando.<\/p>\n<p>Com a presen\u00e7a cada vez maior de equipamentos nas resid\u00eancias, adotar pr\u00e1ticas mais eficientes faz toda a diferen\u00e7a. Segundo o gerente da Energisa Minas Rio, Filipe Dini, atitudes simples podem gerar bons resultados no dia a dia.<\/p>\n<blockquote><p>&#8220;Com a tecnologia cada vez mais presente nas resid\u00eancias, o consumo acompanha esse crescimento. Por isso, o uso consciente \u00e9 fundamental. Pequenas mudan\u00e7as ajudam a otimizar o uso, preservar recursos e contribuir para um futuro mais sustent\u00e1vel, sem abrir m\u00e3o do conforto&#8221;, destaca.<\/p><\/blockquote>\n<p><em><strong>Para ajudar nesse cen\u00e1rio, a Energisa orienta algumas atitudes simples:<br \/>\n<\/strong><\/em><strong>Stand-by:<\/strong> desligue completamente os aparelhos quando n\u00e3o estiver usando, evitando consumo desnecess\u00e1rio;<br \/>\n<strong>L\u00e2mpadas:<\/strong> prefira modelos de LED, mais econ\u00f4micos e dur\u00e1veis;<br \/>\n<strong>Geladeira:<\/strong> evite abrir a porta sem necessidade e n\u00e3o armazene alimentos quentes;<br \/>\n<strong>Chuveiro:<\/strong> reduza o tempo de uso e utilize a posi\u00e7\u00e3o ver\u00e3o sempre que poss\u00edvel;<br \/>\n<strong>Ferro de passar:<\/strong> concentre o uso para passar maior quantidade de roupas de uma s\u00f3 vez.<\/p>\n<p><strong>OUTRAS NOT\u00cdCIAS<\/strong><br \/>\n<a href=\"https:\/\/marcelolopes.jor.br\/site\/2026\/06\/21\/comeca-o-inverno-que-pode-ter-temperaturas-mais-elevadas\/\"><strong><span style=\"color: #800000;\">Come\u00e7a o inverno, que pode ter temperaturas mais elevadas<\/span><\/strong><\/a><\/p>\n<p><a href=\"https:\/\/marcelolopes.jor.br\/site\/2024\/06\/21\/inverno-chega-com-temperaturas-acima-da-media-diz-meteorologia\/\"><strong><span style=\"color: #800000;\">Inverno chega com temperaturas acima da m\u00e9dia, diz meteorologia<\/span><\/strong><\/a><\/p>\n<p>Fonte: Energisa Minas Rio | Foto: Pexels<\/p>\n<div class=\"bretd6a94d9958de4a\" ><br><\/div><style type=\"text\/css\">\r\n@media screen and (min-width: 1201px) {\r\n.bretd6a94d9958de4a {\r\ndisplay: block;\r\n}\r\n}\r\n@media screen and (min-width: 993px) and (max-width: 1200px) {\r\n.bretd6a94d9958de4a {\r\ndisplay: block;\r\n}\r\n}\r\n@media screen and (min-width: 769px) and (max-width: 992px) {\r\n.bretd6a94d9958de4a {\r\ndisplay: block;\r\n}\r\n}\r\n@media screen and (min-width: 768px) and (max-width: 768px) {\r\n.bretd6a94d9958de4a {\r\ndisplay: block;\r\n}\r\n}\r\n@media screen and (max-width: 767px) {\r\n.bretd6a94d9958de4a {\r\ndisplay: block;\r\n}\r\n}\r\n<\/style>\r\n<div class=\"taozy6a94d995943f8\" ><div id=\"div_destino\"><\/div>\r\n<script src=\"https:\/\/cdn.snsrsv.com\/sdk.js\"><\/script>\r\n<script >\r\n      new sdk(\"464030C30061EA8BE065000000000001\") \r\n          .appendTo(\"div_destino\")\r\n          .disableStyle(true) \r\n          .setCacheBusterMacro(\"%%CACHEBUSTER%%\")\r\n          .setSize(\"800\",\"214\")\r\n          .setClickMacro(\"%%CLICK_URL_ESC%%\") \r\n          .setReferrerUrlMacro(\"%%REFERRER_URL_ESC%%\") \r\n          .start(); \r\n<\/script><\/div><style type=\"text\/css\">\r\n@media screen and (min-width: 1201px) {\r\n.taozy6a94d995943f8 {\r\ndisplay: block;\r\n}\r\n}\r\n@media screen and (min-width: 993px) and (max-width: 1200px) {\r\n.taozy6a94d995943f8 {\r\ndisplay: block;\r\n}\r\n}\r\n@media screen and (min-width: 769px) and (max-width: 992px) {\r\n.taozy6a94d995943f8 {\r\ndisplay: block;\r\n}\r\n}\r\n@media screen and (min-width: 768px) and (max-width: 768px) {\r\n.taozy6a94d995943f8 {\r\ndisplay: block;\r\n}\r\n}\r\n@media screen and (max-width: 767px) {\r\n.taozy6a94d995943f8 {\r\ndisplay: block;\r\n}\r\n}\r\n<\/style>\r\n","protected":false},"excerpt":{"rendered":"<p>O inverno de 2026 come\u00e7ou trazendo um cen\u00e1rio diferente do habitual na Zona da Mata mineira. A atua\u00e7\u00e3o do El Ni\u00f1o, fen\u00f4meno clim\u00e1tico que influencia o tempo em diversas regi\u00f5es do planeta, contribui para uma esta\u00e7\u00e3o com menor intensidade de<\/p>\n<p class=\"link-more\"><a class=\"more-link\" href=\"https:\/\/marcelolopes.jor.br\/site\/2026\/06\/30\/el-nino-deve-deixar-o-inverno-ameno-na-zona-da-mata\/\">Leia mais <span class=\"screen-reader-text\">El Ni\u00f1o deve deixar o inverno ameno na Zona da Mata<\/span><\/a><\/p>\n","protected":false},"author":2,"featured_media":67033,"comment_status":"open","ping_status":"closed","sticky":false,"template":"","format":"standard","meta":{"footnotes":""},"categories":[1],"tags":[],"class_list":["post-67031","post","type-post","status-publish","format-standard","has-post-thumbnail","hentry","category-noticias","thumb-below-title"],"yoast_head":"<!-- This site is optimized with the Yoast SEO plugin v28.3 - https:\/\/yoast.com\/product\/yoast-seo-wordpress\/ -->\n<title>El Ni\u00f1o deve deixar o inverno ameno na Zona da Mata | Marcelo Lopes<\/title>\n<meta name=\"description\" content=\"El Ni\u00f1o deve deixar o inverno ameno na Zona da Mata. Previs\u00e3o da Energisa alerta tamb\u00e9m para o consumo consciente de energia.\" \/>\n<meta name=\"robots\" content=\"index, follow, max-snippet:-1, max-image-preview:large, max-video-preview:-1\" \/>\n<link rel=\"canonical\" href=\"https:\/\/marcelolopes.jor.br\/site\/2026\/06\/30\/el-nino-deve-deixar-o-inverno-ameno-na-zona-da-mata\/\" \/>\n<meta property=\"og:locale\" content=\"pt_BR\" \/>\n<meta property=\"og:type\" content=\"article\" \/>\n<meta property=\"og:title\" content=\"El Ni\u00f1o deve deixar o inverno ameno na Zona da Mata | Marcelo Lopes\" \/>\n<meta property=\"og:description\" content=\"El Ni\u00f1o deve deixar o inverno ameno na Zona da Mata. Previs\u00e3o da Energisa alerta tamb\u00e9m para o consumo consciente de energia.\" \/>\n<meta property=\"og:url\" content=\"https:\/\/marcelolopes.jor.br\/site\/2026\/06\/30\/el-nino-deve-deixar-o-inverno-ameno-na-zona-da-mata\/\" \/>\n<meta property=\"og:site_name\" content=\"Marcelo Lopes\" \/>\n<meta property=\"article:publisher\" content=\"https:\/\/www.facebook.com\/sitedomarcelolopes\" \/>\n<meta property=\"article:published_time\" content=\"2026-06-30T10:00:46+00:00\" \/>\n<meta property=\"og:image\" content=\"https:\/\/marcelolopes.jor.br\/site\/wp-content\/uploads\/2026\/06\/secret-6.jpg\" \/>\n\t<meta property=\"og:image:width\" content=\"800\" \/>\n\t<meta property=\"og:image:height\" content=\"550\" \/>\n\t<meta property=\"og:image:type\" content=\"image\/jpeg\" \/>\n<meta name=\"author\" content=\"Marcelo Lopes\" \/>\n<meta name=\"twitter:card\" content=\"summary_large_image\" \/>\n<meta name=\"twitter:label1\" content=\"Escrito por\" \/>\n\t<meta name=\"twitter:data1\" content=\"Marcelo Lopes\" \/>\n\t<meta name=\"twitter:label2\" content=\"Est. tempo de leitura\" \/>\n\t<meta name=\"twitter:data2\" content=\"3 minutos\" \/>\n<script type=\"application\/ld+json\" class=\"yoast-schema-graph\">{\"@context\":\"https:\\\/\\\/schema.org\",\"@graph\":[{\"@type\":\"NewsArticle\",\"@id\":\"https:\\\/\\\/marcelolopes.jor.br\\\/site\\\/2026\\\/06\\\/30\\\/el-nino-deve-deixar-o-inverno-ameno-na-zona-da-mata\\\/#article\",\"isPartOf\":{\"@id\":\"https:\\\/\\\/marcelolopes.jor.br\\\/site\\\/2026\\\/06\\\/30\\\/el-nino-deve-deixar-o-inverno-ameno-na-zona-da-mata\\\/\"},\"author\":{\"name\":\"Marcelo Lopes\",\"@id\":\"https:\\\/\\\/marcelolopes.jor.br\\\/site\\\/#\\\/schema\\\/person\\\/3e7216a35c34d8fdf952b31da3d1f89f\"},\"headline\":\"El Ni\u00f1o deve deixar o inverno ameno na Zona da Mata\",\"datePublished\":\"2026-06-30T10:00:46+00:00\",\"mainEntityOfPage\":{\"@id\":\"https:\\\/\\\/marcelolopes.jor.br\\\/site\\\/2026\\\/06\\\/30\\\/el-nino-deve-deixar-o-inverno-ameno-na-zona-da-mata\\\/\"},\"wordCount\":528,\"commentCount\":0,\"publisher\":{\"@id\":\"https:\\\/\\\/marcelolopes.jor.br\\\/site\\\/#organization\"},\"image\":{\"@id\":\"https:\\\/\\\/marcelolopes.jor.br\\\/site\\\/2026\\\/06\\\/30\\\/el-nino-deve-deixar-o-inverno-ameno-na-zona-da-mata\\\/#primaryimage\"},\"thumbnailUrl\":\"https:\\\/\\\/marcelolopes.jor.br\\\/site\\\/wp-content\\\/uploads\\\/2026\\\/06\\\/secret-6.jpg\",\"articleSection\":[\"Not\u00edcias\"],\"inLanguage\":\"pt-BR\",\"potentialAction\":[{\"@type\":\"CommentAction\",\"name\":\"Comment\",\"target\":[\"https:\\\/\\\/marcelolopes.jor.br\\\/site\\\/2026\\\/06\\\/30\\\/el-nino-deve-deixar-o-inverno-ameno-na-zona-da-mata\\\/#respond\"]}]},{\"@type\":\"WebPage\",\"@id\":\"https:\\\/\\\/marcelolopes.jor.br\\\/site\\\/2026\\\/06\\\/30\\\/el-nino-deve-deixar-o-inverno-ameno-na-zona-da-mata\\\/\",\"url\":\"https:\\\/\\\/marcelolopes.jor.br\\\/site\\\/2026\\\/06\\\/30\\\/el-nino-deve-deixar-o-inverno-ameno-na-zona-da-mata\\\/\",\"name\":\"El Ni\u00f1o deve deixar o inverno ameno na Zona da Mata | Marcelo Lopes\",\"isPartOf\":{\"@id\":\"https:\\\/\\\/marcelolopes.jor.br\\\/site\\\/#website\"},\"primaryImageOfPage\":{\"@id\":\"https:\\\/\\\/marcelolopes.jor.br\\\/site\\\/2026\\\/06\\\/30\\\/el-nino-deve-deixar-o-inverno-ameno-na-zona-da-mata\\\/#primaryimage\"},\"image\":{\"@id\":\"https:\\\/\\\/marcelolopes.jor.br\\\/site\\\/2026\\\/06\\\/30\\\/el-nino-deve-deixar-o-inverno-ameno-na-zona-da-mata\\\/#primaryimage\"},\"thumbnailUrl\":\"https:\\\/\\\/marcelolopes.jor.br\\\/site\\\/wp-content\\\/uploads\\\/2026\\\/06\\\/secret-6.jpg\",\"datePublished\":\"2026-06-30T10:00:46+00:00\",\"description\":\"El Ni\u00f1o deve deixar o inverno ameno na Zona da Mata. Previs\u00e3o da Energisa alerta tamb\u00e9m para o consumo consciente de energia.\",\"breadcrumb\":{\"@id\":\"https:\\\/\\\/marcelolopes.jor.br\\\/site\\\/2026\\\/06\\\/30\\\/el-nino-deve-deixar-o-inverno-ameno-na-zona-da-mata\\\/#breadcrumb\"},\"inLanguage\":\"pt-BR\",\"potentialAction\":[{\"@type\":\"ReadAction\",\"target\":[\"https:\\\/\\\/marcelolopes.jor.br\\\/site\\\/2026\\\/06\\\/30\\\/el-nino-deve-deixar-o-inverno-ameno-na-zona-da-mata\\\/\"]}]},{\"@type\":\"ImageObject\",\"inLanguage\":\"pt-BR\",\"@id\":\"https:\\\/\\\/marcelolopes.jor.br\\\/site\\\/2026\\\/06\\\/30\\\/el-nino-deve-deixar-o-inverno-ameno-na-zona-da-mata\\\/#primaryimage\",\"url\":\"https:\\\/\\\/marcelolopes.jor.br\\\/site\\\/wp-content\\\/uploads\\\/2026\\\/06\\\/secret-6.jpg\",\"contentUrl\":\"https:\\\/\\\/marcelolopes.jor.br\\\/site\\\/wp-content\\\/uploads\\\/2026\\\/06\\\/secret-6.jpg\",\"width\":800,\"height\":550,\"caption\":\"El Ni\u00f1o deve deixar\"},{\"@type\":\"BreadcrumbList\",\"@id\":\"https:\\\/\\\/marcelolopes.jor.br\\\/site\\\/2026\\\/06\\\/30\\\/el-nino-deve-deixar-o-inverno-ameno-na-zona-da-mata\\\/#breadcrumb\",\"itemListElement\":[{\"@type\":\"ListItem\",\"position\":1,\"name\":\"Home\",\"item\":\"https:\\\/\\\/marcelolopes.jor.br\\\/site\\\/\"},{\"@type\":\"ListItem\",\"position\":2,\"name\":\"El Ni\u00f1o deve deixar o inverno ameno na Zona da Mata\"}]},{\"@type\":\"WebSite\",\"@id\":\"https:\\\/\\\/marcelolopes.jor.br\\\/site\\\/#website\",\"url\":\"https:\\\/\\\/marcelolopes.jor.br\\\/site\\\/\",\"name\":\"Marcelo Lopes\",\"description\":\"Not\u00edcias de Cataguases e Regi\u00e3o\",\"publisher\":{\"@id\":\"https:\\\/\\\/marcelolopes.jor.br\\\/site\\\/#organization\"},\"potentialAction\":[{\"@type\":\"SearchAction\",\"target\":{\"@type\":\"EntryPoint\",\"urlTemplate\":\"https:\\\/\\\/marcelolopes.jor.br\\\/site\\\/?s={search_term_string}\"},\"query-input\":{\"@type\":\"PropertyValueSpecification\",\"valueRequired\":true,\"valueName\":\"search_term_string\"}}],\"inLanguage\":\"pt-BR\"},{\"@type\":\"Organization\",\"@id\":\"https:\\\/\\\/marcelolopes.jor.br\\\/site\\\/#organization\",\"name\":\"Site do Marcelo Lopes\",\"url\":\"https:\\\/\\\/marcelolopes.jor.br\\\/site\\\/\",\"logo\":{\"@type\":\"ImageObject\",\"inLanguage\":\"pt-BR\",\"@id\":\"https:\\\/\\\/marcelolopes.jor.br\\\/site\\\/#\\\/schema\\\/logo\\\/image\\\/\",\"url\":\"https:\\\/\\\/marcelolopes.jor.br\\\/site\\\/wp-content\\\/uploads\\\/2026\\\/07\\\/cropped-logo2026.png\",\"contentUrl\":\"https:\\\/\\\/marcelolopes.jor.br\\\/site\\\/wp-content\\\/uploads\\\/2026\\\/07\\\/cropped-logo2026.png\",\"width\":328,\"height\":96,\"caption\":\"Site do Marcelo Lopes\"},\"image\":{\"@id\":\"https:\\\/\\\/marcelolopes.jor.br\\\/site\\\/#\\\/schema\\\/logo\\\/image\\\/\"},\"sameAs\":[\"https:\\\/\\\/www.facebook.com\\\/sitedomarcelolopes\",\"https:\\\/\\\/www.instagram.com\\\/sitedomarcelolopes\\\/\",\"https:\\\/\\\/www.linkedin.com\\\/company\\\/site-do-marcelo-lopes\\\/\",\"https:\\\/\\\/www.youtube.com\\\/user\\\/marcelolopes957\"]},{\"@type\":\"Person\",\"@id\":\"https:\\\/\\\/marcelolopes.jor.br\\\/site\\\/#\\\/schema\\\/person\\\/3e7216a35c34d8fdf952b31da3d1f89f\",\"name\":\"Marcelo Lopes\",\"sameAs\":[\"http:\\\/\\\/www.marcelolopes.jor.br\"],\"url\":\"https:\\\/\\\/marcelolopes.jor.br\\\/site\\\/author\\\/marcelo\\\/\"}]}<\/script>\n<!-- \/ Yoast SEO plugin. -->","yoast_head_json":{"title":"El Ni\u00f1o deve deixar o inverno ameno na Zona da Mata | Marcelo Lopes","description":"El Ni\u00f1o deve deixar o inverno ameno na Zona da Mata. Previs\u00e3o da Energisa alerta tamb\u00e9m para o consumo consciente de energia.","robots":{"index":"index","follow":"follow","max-snippet":"max-snippet:-1","max-image-preview":"max-image-preview:large","max-video-preview":"max-video-preview:-1"},"canonical":"https:\/\/marcelolopes.jor.br\/site\/2026\/06\/30\/el-nino-deve-deixar-o-inverno-ameno-na-zona-da-mata\/","og_locale":"pt_BR","og_type":"article","og_title":"El Ni\u00f1o deve deixar o inverno ameno na Zona da Mata | Marcelo Lopes","og_description":"El Ni\u00f1o deve deixar o inverno ameno na Zona da Mata. Previs\u00e3o da Energisa alerta tamb\u00e9m para o consumo consciente de energia.","og_url":"https:\/\/marcelolopes.jor.br\/site\/2026\/06\/30\/el-nino-deve-deixar-o-inverno-ameno-na-zona-da-mata\/","og_site_name":"Marcelo Lopes","article_publisher":"https:\/\/www.facebook.com\/sitedomarcelolopes","article_published_time":"2026-06-30T10:00:46+00:00","og_image":[{"width":800,"height":550,"url":"https:\/\/marcelolopes.jor.br\/site\/wp-content\/uploads\/2026\/06\/secret-6.jpg","type":"image\/jpeg"}],"author":"Marcelo Lopes","twitter_card":"summary_large_image","twitter_misc":{"Escrito por":"Marcelo Lopes","Est. tempo de leitura":"3 minutos"},"schema":{"@context":"https:\/\/schema.org","@graph":[{"@type":"NewsArticle","@id":"https:\/\/marcelolopes.jor.br\/site\/2026\/06\/30\/el-nino-deve-deixar-o-inverno-ameno-na-zona-da-mata\/#article","isPartOf":{"@id":"https:\/\/marcelolopes.jor.br\/site\/2026\/06\/30\/el-nino-deve-deixar-o-inverno-ameno-na-zona-da-mata\/"},"author":{"name":"Marcelo Lopes","@id":"https:\/\/marcelolopes.jor.br\/site\/#\/schema\/person\/3e7216a35c34d8fdf952b31da3d1f89f"},"headline":"El Ni\u00f1o deve deixar o inverno ameno na Zona da Mata","datePublished":"2026-06-30T10:00:46+00:00","mainEntityOfPage":{"@id":"https:\/\/marcelolopes.jor.br\/site\/2026\/06\/30\/el-nino-deve-deixar-o-inverno-ameno-na-zona-da-mata\/"},"wordCount":528,"commentCount":0,"publisher":{"@id":"https:\/\/marcelolopes.jor.br\/site\/#organization"},"image":{"@id":"https:\/\/marcelolopes.jor.br\/site\/2026\/06\/30\/el-nino-deve-deixar-o-inverno-ameno-na-zona-da-mata\/#primaryimage"},"thumbnailUrl":"https:\/\/marcelolopes.jor.br\/site\/wp-content\/uploads\/2026\/06\/secret-6.jpg","articleSection":["Not\u00edcias"],"inLanguage":"pt-BR","potentialAction":[{"@type":"CommentAction","name":"Comment","target":["https:\/\/marcelolopes.jor.br\/site\/2026\/06\/30\/el-nino-deve-deixar-o-inverno-ameno-na-zona-da-mata\/#respond"]}]},{"@type":"WebPage","@id":"https:\/\/marcelolopes.jor.br\/site\/2026\/06\/30\/el-nino-deve-deixar-o-inverno-ameno-na-zona-da-mata\/","url":"https:\/\/marcelolopes.jor.br\/site\/2026\/06\/30\/el-nino-deve-deixar-o-inverno-ameno-na-zona-da-mata\/","name":"El Ni\u00f1o deve deixar o inverno ameno na Zona da Mata | Marcelo Lopes","isPartOf":{"@id":"https:\/\/marcelolopes.jor.br\/site\/#website"},"primaryImageOfPage":{"@id":"https:\/\/marcelolopes.jor.br\/site\/2026\/06\/30\/el-nino-deve-deixar-o-inverno-ameno-na-zona-da-mata\/#primaryimage"},"image":{"@id":"https:\/\/marcelolopes.jor.br\/site\/2026\/06\/30\/el-nino-deve-deixar-o-inverno-ameno-na-zona-da-mata\/#primaryimage"},"thumbnailUrl":"https:\/\/marcelolopes.jor.br\/site\/wp-content\/uploads\/2026\/06\/secret-6.jpg","datePublished":"2026-06-30T10:00:46+00:00","description":"El Ni\u00f1o deve deixar o inverno ameno na Zona da Mata. Previs\u00e3o da Energisa alerta tamb\u00e9m para o consumo consciente de energia.","breadcrumb":{"@id":"https:\/\/marcelolopes.jor.br\/site\/2026\/06\/30\/el-nino-deve-deixar-o-inverno-ameno-na-zona-da-mata\/#breadcrumb"},"inLanguage":"pt-BR","potentialAction":[{"@type":"ReadAction","target":["https:\/\/marcelolopes.jor.br\/site\/2026\/06\/30\/el-nino-deve-deixar-o-inverno-ameno-na-zona-da-mata\/"]}]},{"@type":"ImageObject","inLanguage":"pt-BR","@id":"https:\/\/marcelolopes.jor.br\/site\/2026\/06\/30\/el-nino-deve-deixar-o-inverno-ameno-na-zona-da-mata\/#primaryimage","url":"https:\/\/marcelolopes.jor.br\/site\/wp-content\/uploads\/2026\/06\/secret-6.jpg","contentUrl":"https:\/\/marcelolopes.jor.br\/site\/wp-content\/uploads\/2026\/06\/secret-6.jpg","width":800,"height":550,"caption":"El Ni\u00f1o deve deixar"},{"@type":"BreadcrumbList","@id":"https:\/\/marcelolopes.jor.br\/site\/2026\/06\/30\/el-nino-deve-deixar-o-inverno-ameno-na-zona-da-mata\/#breadcrumb","itemListElement":[{"@type":"ListItem","position":1,"name":"Home","item":"https:\/\/marcelolopes.jor.br\/site\/"},{"@type":"ListItem","position":2,"name":"El Ni\u00f1o deve deixar o inverno ameno na Zona da Mata"}]},{"@type":"WebSite","@id":"https:\/\/marcelolopes.jor.br\/site\/#website","url":"https:\/\/marcelolopes.jor.br\/site\/","name":"Marcelo Lopes","description":"Not\u00edcias de Cataguases e Regi\u00e3o","publisher":{"@id":"https:\/\/marcelolopes.jor.br\/site\/#organization"},"potentialAction":[{"@type":"SearchAction","target":{"@type":"EntryPoint","urlTemplate":"https:\/\/marcelolopes.jor.br\/site\/?s={search_term_string}"},"query-input":{"@type":"PropertyValueSpecification","valueRequired":true,"valueName":"search_term_string"}}],"inLanguage":"pt-BR"},{"@type":"Organization","@id":"https:\/\/marcelolopes.jor.br\/site\/#organization","name":"Site do Marcelo Lopes","url":"https:\/\/marcelolopes.jor.br\/site\/","logo":{"@type":"ImageObject","inLanguage":"pt-BR","@id":"https:\/\/marcelolopes.jor.br\/site\/#\/schema\/logo\/image\/","url":"https:\/\/marcelolopes.jor.br\/site\/wp-content\/uploads\/2026\/07\/cropped-logo2026.png","contentUrl":"https:\/\/marcelolopes.jor.br\/site\/wp-content\/uploads\/2026\/07\/cropped-logo2026.png","width":328,"height":96,"caption":"Site do Marcelo Lopes"},"image":{"@id":"https:\/\/marcelolopes.jor.br\/site\/#\/schema\/logo\/image\/"},"sameAs":["https:\/\/www.facebook.com\/sitedomarcelolopes","https:\/\/www.instagram.com\/sitedomarcelolopes\/","https:\/\/www.linkedin.com\/company\/site-do-marcelo-lopes\/","https:\/\/www.youtube.com\/user\/marcelolopes957"]},{"@type":"Person","@id":"https:\/\/marcelolopes.jor.br\/site\/#\/schema\/person\/3e7216a35c34d8fdf952b31da3d1f89f","name":"Marcelo Lopes","sameAs":["http:\/\/www.marcelolopes.jor.br"],"url":"https:\/\/marcelolopes.jor.br\/site\/author\/marcelo\/"}]}},"wps_subtitle":"Previs\u00e3o da Energisa alerta tamb\u00e9m para o consumo consciente de energia.","_links":{"self":[{"href":"https:\/\/marcelolopes.jor.br\/site\/wp-json\/wp\/v2\/posts\/67031","targetHints":{"allow":["GET"]}}],"collection":[{"href":"https:\/\/marcelolopes.jor.br\/site\/wp-json\/wp\/v2\/posts"}],"about":[{"href":"https:\/\/marcelolopes.jor.br\/site\/wp-json\/wp\/v2\/types\/post"}],"author":[{"embeddable":true,"href":"https:\/\/marcelolopes.jor.br\/site\/wp-json\/wp\/v2\/users\/2"}],"replies":[{"embeddable":true,"href":"https:\/\/marcelolopes.jor.br\/site\/wp-json\/wp\/v2\/comments?post=67031"}],"version-history":[{"count":0,"href":"https:\/\/marcelolopes.jor.br\/site\/wp-json\/wp\/v2\/posts\/67031\/revisions"}],"wp:featuredmedia":[{"embeddable":true,"href":"https:\/\/marcelolopes.jor.br\/site\/wp-json\/wp\/v2\/media\/67033"}],"wp:attachment":[{"href":"https:\/\/marcelolopes.jor.br\/site\/wp-json\/wp\/v2\/media?parent=67031"}],"wp:term":[{"taxonomy":"category","embeddable":true,"href":"https:\/\/marcelolopes.jor.br\/site\/wp-json\/wp\/v2\/categories?post=67031"},{"taxonomy":"post_tag","embeddable":true,"href":"https:\/\/marcelolopes.jor.br\/site\/wp-json\/wp\/v2\/tags?post=67031"}],"curies":[{"name":"wp","href":"https:\/\/api.w.org\/{rel}","templated":true}]}}