{"id":66890,"date":"2026-06-25T16:00:01","date_gmt":"2026-06-25T19:00:01","guid":{"rendered":"https:\/\/marcelolopes.jor.br\/site\/?p=66890"},"modified":"2026-06-25T17:14:46","modified_gmt":"2026-06-25T20:14:46","slug":"kae-guajajara-e-confirmada-no-encerramento-da-ii-semana-de-arte-de-cataguases","status":"publish","type":"post","link":"https:\/\/marcelolopes.jor.br\/site\/2026\/06\/25\/kae-guajajara-e-confirmada-no-encerramento-da-ii-semana-de-arte-de-cataguases\/","title":{"rendered":"Ka\u00ea Guajajara \u00e9 confirmada no encerramento da II Semana de Arte de Cataguases"},"content":{"rendered":"<p>A <em>II Semana de Arte de Cataguases<\/em> acaba de confirmar uma participa\u00e7\u00e3o especial para sua cerim\u00f4nia de encerramento. A artista ind\u00edgena <strong><em>Ka\u00ea Guajajara<\/em><\/strong>, uma das vozes mais relevantes da m\u00fasica brasileira contempor\u00e2nea, integra a performance <em>\u201cMonumento em Movimento\u201d<\/em>, que acontece no pr\u00f3ximo dia 27 de junho, \u00e0s 19h, no Monumento a Humberto Mauro, em Cataguases.<!--more--><\/p>\n<h4 class=\"p1\"><span class=\"s1\">\ud83d\udcf8\u00a0<span style=\"color: #008000;\">Siga o Site do Marcelo Lopes no<\/span>\u00a0<span style=\"color: #800000;\"><a style=\"color: #800000;\" href=\"https:\/\/www.facebook.com\/sitedomarcelolopes\/\"><strong>Facebook<\/strong><\/a><\/span>\u00a0<span style=\"color: #008000;\">e no<\/span>\u00a0<span style=\"color: #800000;\"><strong><a style=\"color: #800000;\" href=\"https:\/\/www.instagram.com\/sitedomarcelolopes\/\">Instagram<\/a><\/strong><\/span><\/span><\/h4>\n<h4 class=\"p1\">\ud83d\udcf1<span style=\"color: #008000;\">Participe do grupo de<\/span>\u00a0<span style=\"color: #800000;\"><a style=\"color: #800000;\" href=\"https:\/\/chat.whatsapp.com\/BibzcI1ibYSKytbdyzubLA\"><strong>WhatsApp<\/strong><\/a><\/span> <span style=\"color: #008000;\">do Site do Marcelo Lopes<\/span><\/h4>\n<p>Cantora, compositora, atriz e ativista do povo Guajajara, Ka\u00ea nasceu no Maranh\u00e3o e foi criada no Complexo da Mar\u00e9, no Rio de Janeiro. Sua trajet\u00f3ria art\u00edstica tem levado a M\u00fasica Popular Origin\u00e1ria (MPO) aos principais festivais, palcos e eventos culturais do pa\u00eds, consolidando sua atua\u00e7\u00e3o como uma das mais importantes representantes da nova cena art\u00edstica nacional. Por meio de sua obra, a artista conecta ancestralidade, inova\u00e7\u00e3o e transforma\u00e7\u00e3o social, ampliando a visibilidade dos povos ind\u00edgenas na cultura brasileira.<\/p>\n<p>A participa\u00e7\u00e3o de Ka\u00ea refor\u00e7a o conceito central da II Semana de Arte de Cataguases, que nesta edi\u00e7\u00e3o prop\u00f5e uma reflex\u00e3o sobre ancestralidade, mem\u00f3ria e futuro a partir do tema <em>\u201cPor uma perspectiva decolonial: Ancestralidade como ponte para novos futuros\u201d<\/em>.<\/p>\n<p>A cerim\u00f4nia de encerramento transforma o Monumento a Humberto Mauro, escultura criada por Am\u00edlcar de Castro e localizada na Avenida Humberto Mauro, em um grande espa\u00e7o de experimenta\u00e7\u00e3o art\u00edstica. Intitulada <em>\u201cMonumento em Movimento\u201d<\/em>, a performance promove uma intera\u00e7\u00e3o sensorial entre dan\u00e7a, m\u00fasica, arquitetura e audiovisual, inspirada nos quatro elementos da natureza \u2014 terra, \u00e1gua, fogo e ar \u2014 e em refer\u00eancias \u00e0s cosmologias ind\u00edgenas e afrobrasileiras.<\/p>\n<p><img loading=\"lazy\" decoding=\"async\" class=\"alignleft wp-image-66893 size-medium\" src=\"https:\/\/marcelolopes.jor.br\/site\/wp-content\/uploads\/2026\/06\/Kae-200x300.jpeg\" alt=\"\" width=\"200\" height=\"300\" srcset=\"https:\/\/marcelolopes.jor.br\/site\/wp-content\/uploads\/2026\/06\/Kae-200x300.jpeg 200w, https:\/\/marcelolopes.jor.br\/site\/wp-content\/uploads\/2026\/06\/Kae-682x1024.jpeg 682w, https:\/\/marcelolopes.jor.br\/site\/wp-content\/uploads\/2026\/06\/Kae-768x1154.jpeg 768w, https:\/\/marcelolopes.jor.br\/site\/wp-content\/uploads\/2026\/06\/Kae-799x1200.jpeg 799w, https:\/\/marcelolopes.jor.br\/site\/wp-content\/uploads\/2026\/06\/Kae.jpeg 852w\" sizes=\"auto, (max-width: 200px) 100vw, 200px\" \/><\/p>\n<p>Em homenagem aos 100 anos de <strong>Valadi\u00e3o, o Cratera<\/strong> (1925), primeiro exerc\u00edcio cinematogr\u00e1fico de Humberto Mauro realizado em Cataguases, a performance ressignifica o monumento urbano ao ativar sua estrutura com proje\u00e7\u00f5es, movimentos e sonoridades. A apresenta\u00e7\u00e3o prop\u00f5e uma releitura contempor\u00e2nea da mem\u00f3ria cultural da cidade por meio de proje\u00e7\u00f5es, movimentos e sonoridades. Com dire\u00e7\u00e3o art\u00edstica de <strong>Marcus Diego<\/strong>, coreografia de <strong>Mariana Martins<\/strong> e coordena\u00e7\u00e3o geral de <strong>Mariela Oliveira<\/strong>, o espet\u00e1culo re\u00fane bailarinos do <strong>Grupo de Pesquisa Girarte<\/strong> e conta ainda com participa\u00e7\u00f5es especiais de <strong>Flora Amora<\/strong>, <strong>Thaylis Carneiro<\/strong>, da <strong>Orquestra de Berimbaus<\/strong> do grupo<strong> Abad\u00e1 Capoeira<\/strong> e, agora, de <strong>Ka\u00ea Guajajara<\/strong>, ampliando o encontro entre diferentes linguagens art\u00edsticas e manifesta\u00e7\u00f5es culturais brasileiras.<\/p>\n<p>Realizada entre os dias 19 e 27 de junho, a <em>II Semana de Arte de Cataguases<\/em> promove uma programa\u00e7\u00e3o gratuita com exposi\u00e7\u00f5es, espet\u00e1culos, oficinas, performances e mostras audiovisuais, ocupando pra\u00e7as, centros culturais, escolas e outros espa\u00e7os p\u00fablicos do munic\u00edpio. Ao longo de nove dias, artistas, pesquisadores, cineastas, m\u00fasicos, performers e representantes de povos origin\u00e1rios compartilham saberes e experi\u00eancias que aproximam tradi\u00e7\u00e3o e contemporaneidade.<\/p>\n<p>Todos os eventos contam com acessibilidade para pessoas com mobilidade reduzida e interpreta\u00e7\u00e3o em Libras.<\/p>\n<p>Para acompanhar a programa\u00e7\u00e3o completa da II Semana de Arte de Cataguases <a href=\"https:\/\/www.instagram.com\/semanadeartecataguases\/\"><strong><span style=\"color: #800000;\">siga o instagram<\/span><\/strong><\/a> do evento.<\/p>\n<p><strong>A II SEMANA DE ARTE DE CATAGUASES \u2014 ANCESTRALIDADE COMO PONTE PARA NOVOS FUTUROS<\/strong> conta com patroc\u00ednio Master do Grupo BAUMINAS atrav\u00e9s da Lei Estadual de Incentivo \u00e0 Cultura de Minas Gerais (CA 2024.3807.0089) e Patroc\u00ednio da Ind\u00fastria Cataguases atrav\u00e9s da Lei Rouanet. Apoio da Funda\u00e7\u00e3o BAUMINAS, Instituto Energisa, Grupo Energisa, Prefeitura de Cataguases por meio da Secretaria de Cultura e Turismo, Polo Audiovisual da Zona da Mata, Animparque e Grupo de Pesquisa Girarte. Parceria Instituto F\u00e1brica do Futuro e Projeto Girarte. A realiza\u00e7\u00e3o \u00e9 do Studio Cat\u00e1 Arquitetura, Governo do Estado de Minas Gerais e Governo Federal.<\/p>\n<p><img loading=\"lazy\" decoding=\"async\" class=\"aligncenter wp-image-66895\" src=\"https:\/\/marcelolopes.jor.br\/site\/wp-content\/uploads\/2026\/06\/WhatsApp-Image-2026-06-25-at-13.15.59-300x206.jpeg\" alt=\"Ka\u00ea Guajajara \u00e9 confirmada\" width=\"700\" height=\"481\" srcset=\"https:\/\/marcelolopes.jor.br\/site\/wp-content\/uploads\/2026\/06\/WhatsApp-Image-2026-06-25-at-13.15.59-300x206.jpeg 300w, https:\/\/marcelolopes.jor.br\/site\/wp-content\/uploads\/2026\/06\/WhatsApp-Image-2026-06-25-at-13.15.59-768x528.jpeg 768w, https:\/\/marcelolopes.jor.br\/site\/wp-content\/uploads\/2026\/06\/WhatsApp-Image-2026-06-25-at-13.15.59.jpeg 853w\" sizes=\"auto, (max-width: 700px) 100vw, 700px\" \/><\/p>\n<p><strong>OUTRAS NOT\u00cdCIAS<\/strong><br \/>\n<a href=\"https:\/\/marcelolopes.jor.br\/site\/2026\/06\/15\/conheca-a-programacao-da-ii-semana-de-arte-de-cataguases\/\"><strong><span style=\"color: #800000;\">Conhe\u00e7a a programa\u00e7\u00e3o da II Semana de Arte de Cataguases<\/span><\/strong><\/a><\/p>\n<p><a href=\"https:\/\/marcelolopes.jor.br\/site\/2026\/06\/11\/ii-semana-de-arte-de-cataguases-vai-acontecer-de-19-a-27-de-junho\/\"><strong><span style=\"color: #800000;\">II Semana de Arte de Cataguases vai acontecer de 19 a 27 de junho<\/span><\/strong><\/a><\/p>\n<p>Texto: N\u00fadia Fusco | Fotos: Iuri Poletti e Jo\u00e3o Falc\u00e3o<\/p>\n<div class=\"nyacm6a97e9a4c9b7a\" ><div style=\"margin-left: auto; margin-right: auto; text-align: center; margin-top: 50px; \" id=\"teste-1380992061\"><a href=\"https:\/\/marcelolopes.jor.br\/site\/edital-audiencia-publica-energisa-minas-rio-2026\/\" aria-label=\"banneredital\"><img loading=\"lazy\" decoding=\"async\" src=\"https:\/\/marcelolopes.jor.br\/site\/wp-content\/uploads\/2026\/09\/banneredital.png\" alt=\"\"  srcset=\"https:\/\/marcelolopes.jor.br\/site\/wp-content\/uploads\/2026\/09\/banneredital.png 812w, https:\/\/marcelolopes.jor.br\/site\/wp-content\/uploads\/2026\/09\/banneredital-300x56.png 300w, https:\/\/marcelolopes.jor.br\/site\/wp-content\/uploads\/2026\/09\/banneredital-768x144.png 768w\" sizes=\"(max-width: 812px) 100vw, 812px\" width=\"812\" height=\"152\"  style=\"display: inline-block;\" \/><\/a><\/div><br><\/div><style type=\"text\/css\">\r\n@media screen and (min-width: 1201px) {\r\n.nyacm6a97e9a4c9b7a {\r\ndisplay: block;\r\n}\r\n}\r\n@media screen and (min-width: 993px) and (max-width: 1200px) {\r\n.nyacm6a97e9a4c9b7a {\r\ndisplay: block;\r\n}\r\n}\r\n@media screen and (min-width: 769px) and (max-width: 992px) {\r\n.nyacm6a97e9a4c9b7a {\r\ndisplay: block;\r\n}\r\n}\r\n@media screen and (min-width: 768px) and (max-width: 768px) {\r\n.nyacm6a97e9a4c9b7a {\r\ndisplay: block;\r\n}\r\n}\r\n@media screen and (max-width: 767px) {\r\n.nyacm6a97e9a4c9b7a {\r\ndisplay: block;\r\n}\r\n}\r\n<\/style>\r\n<div class=\"hgrtk6a97e9a4cff47\" ><div id=\"div_destino\"><\/div>\r\n<script src=\"https:\/\/cdn.snsrsv.com\/sdk.js\"><\/script>\r\n<script >\r\n      new sdk(\"464030C30061EA8BE065000000000001\") \r\n          .appendTo(\"div_destino\")\r\n          .disableStyle(true) \r\n          .setCacheBusterMacro(\"%%CACHEBUSTER%%\")\r\n          .setSize(\"800\",\"214\")\r\n          .setClickMacro(\"%%CLICK_URL_ESC%%\") \r\n          .setReferrerUrlMacro(\"%%REFERRER_URL_ESC%%\") \r\n          .start(); \r\n<\/script><\/div><style type=\"text\/css\">\r\n@media screen and (min-width: 1201px) {\r\n.hgrtk6a97e9a4cff47 {\r\ndisplay: block;\r\n}\r\n}\r\n@media screen and (min-width: 993px) and (max-width: 1200px) {\r\n.hgrtk6a97e9a4cff47 {\r\ndisplay: block;\r\n}\r\n}\r\n@media screen and (min-width: 769px) and (max-width: 992px) {\r\n.hgrtk6a97e9a4cff47 {\r\ndisplay: block;\r\n}\r\n}\r\n@media screen and (min-width: 768px) and (max-width: 768px) {\r\n.hgrtk6a97e9a4cff47 {\r\ndisplay: block;\r\n}\r\n}\r\n@media screen and (max-width: 767px) {\r\n.hgrtk6a97e9a4cff47 {\r\ndisplay: block;\r\n}\r\n}\r\n<\/style>\r\n","protected":false},"excerpt":{"rendered":"<p>A II Semana de Arte de Cataguases acaba de confirmar uma participa\u00e7\u00e3o especial para sua cerim\u00f4nia de encerramento. A artista ind\u00edgena Ka\u00ea Guajajara, uma das vozes mais relevantes da m\u00fasica brasileira contempor\u00e2nea, integra a performance \u201cMonumento em Movimento\u201d, que acontece<\/p>\n<p class=\"link-more\"><a class=\"more-link\" href=\"https:\/\/marcelolopes.jor.br\/site\/2026\/06\/25\/kae-guajajara-e-confirmada-no-encerramento-da-ii-semana-de-arte-de-cataguases\/\">Leia mais <span class=\"screen-reader-text\">Ka\u00ea Guajajara \u00e9 confirmada no encerramento da II Semana de Arte de Cataguases<\/span><\/a><\/p>\n","protected":false},"author":2,"featured_media":66894,"comment_status":"open","ping_status":"closed","sticky":false,"template":"","format":"standard","meta":{"footnotes":""},"categories":[1],"tags":[],"class_list":["post-66890","post","type-post","status-publish","format-standard","has-post-thumbnail","hentry","category-noticias","thumb-below-title"],"yoast_head":"<!-- This site is optimized with the Yoast SEO plugin v28.3 - https:\/\/yoast.com\/product\/yoast-seo-wordpress\/ -->\n<title>Ka\u00ea Guajajara \u00e9 confirmada no encerramento da II Semana de Arte<\/title>\n<meta name=\"description\" content=\"Ka\u00ea Guajajara \u00e9 confirmada no encerramento da II Semana de Arte de Cataguases. Uma das principais vozes ind\u00edgenas da m\u00fasica brasileira...\" \/>\n<meta name=\"robots\" content=\"index, follow, max-snippet:-1, max-image-preview:large, max-video-preview:-1\" \/>\n<link rel=\"canonical\" href=\"https:\/\/marcelolopes.jor.br\/site\/2026\/06\/25\/kae-guajajara-e-confirmada-no-encerramento-da-ii-semana-de-arte-de-cataguases\/\" \/>\n<meta property=\"og:locale\" content=\"pt_BR\" \/>\n<meta property=\"og:type\" content=\"article\" \/>\n<meta property=\"og:title\" content=\"Ka\u00ea Guajajara \u00e9 confirmada no encerramento da II Semana de Arte\" \/>\n<meta property=\"og:description\" content=\"Ka\u00ea Guajajara \u00e9 confirmada no encerramento da II Semana de Arte de Cataguases. Uma das principais vozes ind\u00edgenas da m\u00fasica brasileira...\" \/>\n<meta property=\"og:url\" content=\"https:\/\/marcelolopes.jor.br\/site\/2026\/06\/25\/kae-guajajara-e-confirmada-no-encerramento-da-ii-semana-de-arte-de-cataguases\/\" \/>\n<meta property=\"og:site_name\" content=\"Marcelo Lopes\" \/>\n<meta property=\"article:publisher\" content=\"https:\/\/www.facebook.com\/sitedomarcelolopes\" \/>\n<meta property=\"article:published_time\" content=\"2026-06-25T19:00:01+00:00\" \/>\n<meta property=\"article:modified_time\" content=\"2026-06-25T20:14:46+00:00\" \/>\n<meta property=\"og:image\" content=\"https:\/\/marcelolopes.jor.br\/site\/wp-content\/uploads\/2026\/06\/WhatsApp-Image-2026-06-25-at-13.15.40.jpeg\" \/>\n\t<meta property=\"og:image:width\" content=\"1024\" \/>\n\t<meta property=\"og:image:height\" content=\"675\" \/>\n\t<meta property=\"og:image:type\" content=\"image\/jpeg\" \/>\n<meta name=\"author\" content=\"Marcelo Lopes\" \/>\n<meta name=\"twitter:card\" content=\"summary_large_image\" \/>\n<meta name=\"twitter:label1\" content=\"Escrito por\" \/>\n\t<meta name=\"twitter:data1\" content=\"Marcelo Lopes\" \/>\n\t<meta name=\"twitter:label2\" content=\"Est. tempo de leitura\" \/>\n\t<meta name=\"twitter:data2\" content=\"3 minutos\" \/>\n<script type=\"application\/ld+json\" class=\"yoast-schema-graph\">{\"@context\":\"https:\\\/\\\/schema.org\",\"@graph\":[{\"@type\":\"NewsArticle\",\"@id\":\"https:\\\/\\\/marcelolopes.jor.br\\\/site\\\/2026\\\/06\\\/25\\\/kae-guajajara-e-confirmada-no-encerramento-da-ii-semana-de-arte-de-cataguases\\\/#article\",\"isPartOf\":{\"@id\":\"https:\\\/\\\/marcelolopes.jor.br\\\/site\\\/2026\\\/06\\\/25\\\/kae-guajajara-e-confirmada-no-encerramento-da-ii-semana-de-arte-de-cataguases\\\/\"},\"author\":{\"name\":\"Marcelo Lopes\",\"@id\":\"https:\\\/\\\/marcelolopes.jor.br\\\/site\\\/#\\\/schema\\\/person\\\/3e7216a35c34d8fdf952b31da3d1f89f\"},\"headline\":\"Ka\u00ea Guajajara \u00e9 confirmada no encerramento da II Semana de Arte de Cataguases\",\"datePublished\":\"2026-06-25T19:00:01+00:00\",\"dateModified\":\"2026-06-25T20:14:46+00:00\",\"mainEntityOfPage\":{\"@id\":\"https:\\\/\\\/marcelolopes.jor.br\\\/site\\\/2026\\\/06\\\/25\\\/kae-guajajara-e-confirmada-no-encerramento-da-ii-semana-de-arte-de-cataguases\\\/\"},\"wordCount\":676,\"commentCount\":0,\"publisher\":{\"@id\":\"https:\\\/\\\/marcelolopes.jor.br\\\/site\\\/#organization\"},\"image\":{\"@id\":\"https:\\\/\\\/marcelolopes.jor.br\\\/site\\\/2026\\\/06\\\/25\\\/kae-guajajara-e-confirmada-no-encerramento-da-ii-semana-de-arte-de-cataguases\\\/#primaryimage\"},\"thumbnailUrl\":\"https:\\\/\\\/marcelolopes.jor.br\\\/site\\\/wp-content\\\/uploads\\\/2026\\\/06\\\/WhatsApp-Image-2026-06-25-at-13.15.40.jpeg\",\"articleSection\":[\"Not\u00edcias\"],\"inLanguage\":\"pt-BR\",\"potentialAction\":[{\"@type\":\"CommentAction\",\"name\":\"Comment\",\"target\":[\"https:\\\/\\\/marcelolopes.jor.br\\\/site\\\/2026\\\/06\\\/25\\\/kae-guajajara-e-confirmada-no-encerramento-da-ii-semana-de-arte-de-cataguases\\\/#respond\"]}]},{\"@type\":\"WebPage\",\"@id\":\"https:\\\/\\\/marcelolopes.jor.br\\\/site\\\/2026\\\/06\\\/25\\\/kae-guajajara-e-confirmada-no-encerramento-da-ii-semana-de-arte-de-cataguases\\\/\",\"url\":\"https:\\\/\\\/marcelolopes.jor.br\\\/site\\\/2026\\\/06\\\/25\\\/kae-guajajara-e-confirmada-no-encerramento-da-ii-semana-de-arte-de-cataguases\\\/\",\"name\":\"Ka\u00ea Guajajara \u00e9 confirmada no encerramento da II Semana de Arte\",\"isPartOf\":{\"@id\":\"https:\\\/\\\/marcelolopes.jor.br\\\/site\\\/#website\"},\"primaryImageOfPage\":{\"@id\":\"https:\\\/\\\/marcelolopes.jor.br\\\/site\\\/2026\\\/06\\\/25\\\/kae-guajajara-e-confirmada-no-encerramento-da-ii-semana-de-arte-de-cataguases\\\/#primaryimage\"},\"image\":{\"@id\":\"https:\\\/\\\/marcelolopes.jor.br\\\/site\\\/2026\\\/06\\\/25\\\/kae-guajajara-e-confirmada-no-encerramento-da-ii-semana-de-arte-de-cataguases\\\/#primaryimage\"},\"thumbnailUrl\":\"https:\\\/\\\/marcelolopes.jor.br\\\/site\\\/wp-content\\\/uploads\\\/2026\\\/06\\\/WhatsApp-Image-2026-06-25-at-13.15.40.jpeg\",\"datePublished\":\"2026-06-25T19:00:01+00:00\",\"dateModified\":\"2026-06-25T20:14:46+00:00\",\"description\":\"Ka\u00ea Guajajara \u00e9 confirmada no encerramento da II Semana de Arte de Cataguases. Uma das principais vozes ind\u00edgenas da m\u00fasica brasileira...\",\"breadcrumb\":{\"@id\":\"https:\\\/\\\/marcelolopes.jor.br\\\/site\\\/2026\\\/06\\\/25\\\/kae-guajajara-e-confirmada-no-encerramento-da-ii-semana-de-arte-de-cataguases\\\/#breadcrumb\"},\"inLanguage\":\"pt-BR\",\"potentialAction\":[{\"@type\":\"ReadAction\",\"target\":[\"https:\\\/\\\/marcelolopes.jor.br\\\/site\\\/2026\\\/06\\\/25\\\/kae-guajajara-e-confirmada-no-encerramento-da-ii-semana-de-arte-de-cataguases\\\/\"]}]},{\"@type\":\"ImageObject\",\"inLanguage\":\"pt-BR\",\"@id\":\"https:\\\/\\\/marcelolopes.jor.br\\\/site\\\/2026\\\/06\\\/25\\\/kae-guajajara-e-confirmada-no-encerramento-da-ii-semana-de-arte-de-cataguases\\\/#primaryimage\",\"url\":\"https:\\\/\\\/marcelolopes.jor.br\\\/site\\\/wp-content\\\/uploads\\\/2026\\\/06\\\/WhatsApp-Image-2026-06-25-at-13.15.40.jpeg\",\"contentUrl\":\"https:\\\/\\\/marcelolopes.jor.br\\\/site\\\/wp-content\\\/uploads\\\/2026\\\/06\\\/WhatsApp-Image-2026-06-25-at-13.15.40.jpeg\",\"width\":1024,\"height\":675,\"caption\":\"Ka\u00ea Guajajara \u00e9 confirmada\"},{\"@type\":\"BreadcrumbList\",\"@id\":\"https:\\\/\\\/marcelolopes.jor.br\\\/site\\\/2026\\\/06\\\/25\\\/kae-guajajara-e-confirmada-no-encerramento-da-ii-semana-de-arte-de-cataguases\\\/#breadcrumb\",\"itemListElement\":[{\"@type\":\"ListItem\",\"position\":1,\"name\":\"Home\",\"item\":\"https:\\\/\\\/marcelolopes.jor.br\\\/site\\\/\"},{\"@type\":\"ListItem\",\"position\":2,\"name\":\"Ka\u00ea Guajajara \u00e9 confirmada no encerramento da II Semana de Arte de Cataguases\"}]},{\"@type\":\"WebSite\",\"@id\":\"https:\\\/\\\/marcelolopes.jor.br\\\/site\\\/#website\",\"url\":\"https:\\\/\\\/marcelolopes.jor.br\\\/site\\\/\",\"name\":\"Marcelo Lopes\",\"description\":\"Not\u00edcias de Cataguases e Regi\u00e3o\",\"publisher\":{\"@id\":\"https:\\\/\\\/marcelolopes.jor.br\\\/site\\\/#organization\"},\"potentialAction\":[{\"@type\":\"SearchAction\",\"target\":{\"@type\":\"EntryPoint\",\"urlTemplate\":\"https:\\\/\\\/marcelolopes.jor.br\\\/site\\\/?s={search_term_string}\"},\"query-input\":{\"@type\":\"PropertyValueSpecification\",\"valueRequired\":true,\"valueName\":\"search_term_string\"}}],\"inLanguage\":\"pt-BR\"},{\"@type\":\"Organization\",\"@id\":\"https:\\\/\\\/marcelolopes.jor.br\\\/site\\\/#organization\",\"name\":\"Site do Marcelo Lopes\",\"url\":\"https:\\\/\\\/marcelolopes.jor.br\\\/site\\\/\",\"logo\":{\"@type\":\"ImageObject\",\"inLanguage\":\"pt-BR\",\"@id\":\"https:\\\/\\\/marcelolopes.jor.br\\\/site\\\/#\\\/schema\\\/logo\\\/image\\\/\",\"url\":\"https:\\\/\\\/marcelolopes.jor.br\\\/site\\\/wp-content\\\/uploads\\\/2026\\\/07\\\/cropped-logo2026.png\",\"contentUrl\":\"https:\\\/\\\/marcelolopes.jor.br\\\/site\\\/wp-content\\\/uploads\\\/2026\\\/07\\\/cropped-logo2026.png\",\"width\":328,\"height\":96,\"caption\":\"Site do Marcelo Lopes\"},\"image\":{\"@id\":\"https:\\\/\\\/marcelolopes.jor.br\\\/site\\\/#\\\/schema\\\/logo\\\/image\\\/\"},\"sameAs\":[\"https:\\\/\\\/www.facebook.com\\\/sitedomarcelolopes\",\"https:\\\/\\\/www.instagram.com\\\/sitedomarcelolopes\\\/\",\"https:\\\/\\\/www.linkedin.com\\\/company\\\/site-do-marcelo-lopes\\\/\",\"https:\\\/\\\/www.youtube.com\\\/user\\\/marcelolopes957\"]},{\"@type\":\"Person\",\"@id\":\"https:\\\/\\\/marcelolopes.jor.br\\\/site\\\/#\\\/schema\\\/person\\\/3e7216a35c34d8fdf952b31da3d1f89f\",\"name\":\"Marcelo Lopes\",\"sameAs\":[\"http:\\\/\\\/www.marcelolopes.jor.br\"],\"url\":\"https:\\\/\\\/marcelolopes.jor.br\\\/site\\\/author\\\/marcelo\\\/\"}]}<\/script>\n<!-- \/ Yoast SEO plugin. -->","yoast_head_json":{"title":"Ka\u00ea Guajajara \u00e9 confirmada no encerramento da II Semana de Arte","description":"Ka\u00ea Guajajara \u00e9 confirmada no encerramento da II Semana de Arte de Cataguases. Uma das principais vozes ind\u00edgenas da m\u00fasica brasileira...","robots":{"index":"index","follow":"follow","max-snippet":"max-snippet:-1","max-image-preview":"max-image-preview:large","max-video-preview":"max-video-preview:-1"},"canonical":"https:\/\/marcelolopes.jor.br\/site\/2026\/06\/25\/kae-guajajara-e-confirmada-no-encerramento-da-ii-semana-de-arte-de-cataguases\/","og_locale":"pt_BR","og_type":"article","og_title":"Ka\u00ea Guajajara \u00e9 confirmada no encerramento da II Semana de Arte","og_description":"Ka\u00ea Guajajara \u00e9 confirmada no encerramento da II Semana de Arte de Cataguases. Uma das principais vozes ind\u00edgenas da m\u00fasica brasileira...","og_url":"https:\/\/marcelolopes.jor.br\/site\/2026\/06\/25\/kae-guajajara-e-confirmada-no-encerramento-da-ii-semana-de-arte-de-cataguases\/","og_site_name":"Marcelo Lopes","article_publisher":"https:\/\/www.facebook.com\/sitedomarcelolopes","article_published_time":"2026-06-25T19:00:01+00:00","article_modified_time":"2026-06-25T20:14:46+00:00","og_image":[{"width":1024,"height":675,"url":"https:\/\/marcelolopes.jor.br\/site\/wp-content\/uploads\/2026\/06\/WhatsApp-Image-2026-06-25-at-13.15.40.jpeg","type":"image\/jpeg"}],"author":"Marcelo Lopes","twitter_card":"summary_large_image","twitter_misc":{"Escrito por":"Marcelo Lopes","Est. tempo de leitura":"3 minutos"},"schema":{"@context":"https:\/\/schema.org","@graph":[{"@type":"NewsArticle","@id":"https:\/\/marcelolopes.jor.br\/site\/2026\/06\/25\/kae-guajajara-e-confirmada-no-encerramento-da-ii-semana-de-arte-de-cataguases\/#article","isPartOf":{"@id":"https:\/\/marcelolopes.jor.br\/site\/2026\/06\/25\/kae-guajajara-e-confirmada-no-encerramento-da-ii-semana-de-arte-de-cataguases\/"},"author":{"name":"Marcelo Lopes","@id":"https:\/\/marcelolopes.jor.br\/site\/#\/schema\/person\/3e7216a35c34d8fdf952b31da3d1f89f"},"headline":"Ka\u00ea Guajajara \u00e9 confirmada no encerramento da II Semana de Arte de Cataguases","datePublished":"2026-06-25T19:00:01+00:00","dateModified":"2026-06-25T20:14:46+00:00","mainEntityOfPage":{"@id":"https:\/\/marcelolopes.jor.br\/site\/2026\/06\/25\/kae-guajajara-e-confirmada-no-encerramento-da-ii-semana-de-arte-de-cataguases\/"},"wordCount":676,"commentCount":0,"publisher":{"@id":"https:\/\/marcelolopes.jor.br\/site\/#organization"},"image":{"@id":"https:\/\/marcelolopes.jor.br\/site\/2026\/06\/25\/kae-guajajara-e-confirmada-no-encerramento-da-ii-semana-de-arte-de-cataguases\/#primaryimage"},"thumbnailUrl":"https:\/\/marcelolopes.jor.br\/site\/wp-content\/uploads\/2026\/06\/WhatsApp-Image-2026-06-25-at-13.15.40.jpeg","articleSection":["Not\u00edcias"],"inLanguage":"pt-BR","potentialAction":[{"@type":"CommentAction","name":"Comment","target":["https:\/\/marcelolopes.jor.br\/site\/2026\/06\/25\/kae-guajajara-e-confirmada-no-encerramento-da-ii-semana-de-arte-de-cataguases\/#respond"]}]},{"@type":"WebPage","@id":"https:\/\/marcelolopes.jor.br\/site\/2026\/06\/25\/kae-guajajara-e-confirmada-no-encerramento-da-ii-semana-de-arte-de-cataguases\/","url":"https:\/\/marcelolopes.jor.br\/site\/2026\/06\/25\/kae-guajajara-e-confirmada-no-encerramento-da-ii-semana-de-arte-de-cataguases\/","name":"Ka\u00ea Guajajara \u00e9 confirmada no encerramento da II Semana de Arte","isPartOf":{"@id":"https:\/\/marcelolopes.jor.br\/site\/#website"},"primaryImageOfPage":{"@id":"https:\/\/marcelolopes.jor.br\/site\/2026\/06\/25\/kae-guajajara-e-confirmada-no-encerramento-da-ii-semana-de-arte-de-cataguases\/#primaryimage"},"image":{"@id":"https:\/\/marcelolopes.jor.br\/site\/2026\/06\/25\/kae-guajajara-e-confirmada-no-encerramento-da-ii-semana-de-arte-de-cataguases\/#primaryimage"},"thumbnailUrl":"https:\/\/marcelolopes.jor.br\/site\/wp-content\/uploads\/2026\/06\/WhatsApp-Image-2026-06-25-at-13.15.40.jpeg","datePublished":"2026-06-25T19:00:01+00:00","dateModified":"2026-06-25T20:14:46+00:00","description":"Ka\u00ea Guajajara \u00e9 confirmada no encerramento da II Semana de Arte de Cataguases. Uma das principais vozes ind\u00edgenas da m\u00fasica brasileira...","breadcrumb":{"@id":"https:\/\/marcelolopes.jor.br\/site\/2026\/06\/25\/kae-guajajara-e-confirmada-no-encerramento-da-ii-semana-de-arte-de-cataguases\/#breadcrumb"},"inLanguage":"pt-BR","potentialAction":[{"@type":"ReadAction","target":["https:\/\/marcelolopes.jor.br\/site\/2026\/06\/25\/kae-guajajara-e-confirmada-no-encerramento-da-ii-semana-de-arte-de-cataguases\/"]}]},{"@type":"ImageObject","inLanguage":"pt-BR","@id":"https:\/\/marcelolopes.jor.br\/site\/2026\/06\/25\/kae-guajajara-e-confirmada-no-encerramento-da-ii-semana-de-arte-de-cataguases\/#primaryimage","url":"https:\/\/marcelolopes.jor.br\/site\/wp-content\/uploads\/2026\/06\/WhatsApp-Image-2026-06-25-at-13.15.40.jpeg","contentUrl":"https:\/\/marcelolopes.jor.br\/site\/wp-content\/uploads\/2026\/06\/WhatsApp-Image-2026-06-25-at-13.15.40.jpeg","width":1024,"height":675,"caption":"Ka\u00ea Guajajara \u00e9 confirmada"},{"@type":"BreadcrumbList","@id":"https:\/\/marcelolopes.jor.br\/site\/2026\/06\/25\/kae-guajajara-e-confirmada-no-encerramento-da-ii-semana-de-arte-de-cataguases\/#breadcrumb","itemListElement":[{"@type":"ListItem","position":1,"name":"Home","item":"https:\/\/marcelolopes.jor.br\/site\/"},{"@type":"ListItem","position":2,"name":"Ka\u00ea Guajajara \u00e9 confirmada no encerramento da II Semana de Arte de Cataguases"}]},{"@type":"WebSite","@id":"https:\/\/marcelolopes.jor.br\/site\/#website","url":"https:\/\/marcelolopes.jor.br\/site\/","name":"Marcelo Lopes","description":"Not\u00edcias de Cataguases e Regi\u00e3o","publisher":{"@id":"https:\/\/marcelolopes.jor.br\/site\/#organization"},"potentialAction":[{"@type":"SearchAction","target":{"@type":"EntryPoint","urlTemplate":"https:\/\/marcelolopes.jor.br\/site\/?s={search_term_string}"},"query-input":{"@type":"PropertyValueSpecification","valueRequired":true,"valueName":"search_term_string"}}],"inLanguage":"pt-BR"},{"@type":"Organization","@id":"https:\/\/marcelolopes.jor.br\/site\/#organization","name":"Site do Marcelo Lopes","url":"https:\/\/marcelolopes.jor.br\/site\/","logo":{"@type":"ImageObject","inLanguage":"pt-BR","@id":"https:\/\/marcelolopes.jor.br\/site\/#\/schema\/logo\/image\/","url":"https:\/\/marcelolopes.jor.br\/site\/wp-content\/uploads\/2026\/07\/cropped-logo2026.png","contentUrl":"https:\/\/marcelolopes.jor.br\/site\/wp-content\/uploads\/2026\/07\/cropped-logo2026.png","width":328,"height":96,"caption":"Site do Marcelo Lopes"},"image":{"@id":"https:\/\/marcelolopes.jor.br\/site\/#\/schema\/logo\/image\/"},"sameAs":["https:\/\/www.facebook.com\/sitedomarcelolopes","https:\/\/www.instagram.com\/sitedomarcelolopes\/","https:\/\/www.linkedin.com\/company\/site-do-marcelo-lopes\/","https:\/\/www.youtube.com\/user\/marcelolopes957"]},{"@type":"Person","@id":"https:\/\/marcelolopes.jor.br\/site\/#\/schema\/person\/3e7216a35c34d8fdf952b31da3d1f89f","name":"Marcelo Lopes","sameAs":["http:\/\/www.marcelolopes.jor.br"],"url":"https:\/\/marcelolopes.jor.br\/site\/author\/marcelo\/"}]}},"wps_subtitle":"Uma das principais vozes ind\u00edgenas da m\u00fasica brasileira contempor\u00e2nea participa da performance \u201cMonumento em Movimento\u201d, dia 27.","_links":{"self":[{"href":"https:\/\/marcelolopes.jor.br\/site\/wp-json\/wp\/v2\/posts\/66890","targetHints":{"allow":["GET"]}}],"collection":[{"href":"https:\/\/marcelolopes.jor.br\/site\/wp-json\/wp\/v2\/posts"}],"about":[{"href":"https:\/\/marcelolopes.jor.br\/site\/wp-json\/wp\/v2\/types\/post"}],"author":[{"embeddable":true,"href":"https:\/\/marcelolopes.jor.br\/site\/wp-json\/wp\/v2\/users\/2"}],"replies":[{"embeddable":true,"href":"https:\/\/marcelolopes.jor.br\/site\/wp-json\/wp\/v2\/comments?post=66890"}],"version-history":[{"count":0,"href":"https:\/\/marcelolopes.jor.br\/site\/wp-json\/wp\/v2\/posts\/66890\/revisions"}],"wp:featuredmedia":[{"embeddable":true,"href":"https:\/\/marcelolopes.jor.br\/site\/wp-json\/wp\/v2\/media\/66894"}],"wp:attachment":[{"href":"https:\/\/marcelolopes.jor.br\/site\/wp-json\/wp\/v2\/media?parent=66890"}],"wp:term":[{"taxonomy":"category","embeddable":true,"href":"https:\/\/marcelolopes.jor.br\/site\/wp-json\/wp\/v2\/categories?post=66890"},{"taxonomy":"post_tag","embeddable":true,"href":"https:\/\/marcelolopes.jor.br\/site\/wp-json\/wp\/v2\/tags?post=66890"}],"curies":[{"name":"wp","href":"https:\/\/api.w.org\/{rel}","templated":true}]}}