{"id":66729,"date":"2026-06-22T08:16:15","date_gmt":"2026-06-22T11:16:15","guid":{"rendered":"https:\/\/marcelolopes.jor.br\/site\/?p=66729"},"modified":"2026-06-22T08:16:36","modified_gmt":"2026-06-22T11:16:36","slug":"vinganca-termina-em-morte-em-dona-euzebia","status":"publish","type":"post","link":"https:\/\/marcelolopes.jor.br\/site\/2026\/06\/22\/vinganca-termina-em-morte-em-dona-euzebia\/","title":{"rendered":"Vingan\u00e7a termina em morte em Dona Euz\u00e9bia"},"content":{"rendered":"<p>A Pol\u00edcia Militar prendeu dois homens, de 35 e 19 anos, suspeitos de envolvimento em um homic\u00eddio ocorrido na noite deste domingo, 21 de junho, no Centro de Dona Euz\u00e9bia. A v\u00edtima, um homem de 27 anos, chegou a ser socorrida ap\u00f3s ser baleada, mas n\u00e3o resistiu aos ferimentos e morreu durante atendimento m\u00e9dico.<\/p>\n<p><!--more--><\/p>\n<h4 class=\"p1\"><span class=\"s1\">\ud83d\udcf8\u00a0<span style=\"color: #008000;\">Siga o Site do Marcelo Lopes no<\/span>\u00a0<span style=\"color: #800000;\"><a style=\"color: #800000;\" href=\"https:\/\/www.facebook.com\/sitedomarcelolopes\/\"><strong>Facebook<\/strong><\/a><\/span>\u00a0<span style=\"color: #008000;\">e no<\/span>\u00a0<span style=\"color: #800000;\"><strong><a style=\"color: #800000;\" href=\"https:\/\/www.instagram.com\/sitedomarcelolopes\/\">Instagram<\/a><\/strong><\/span><\/span><\/h4>\n<h4 class=\"p1\">\ud83d\udcf1<span style=\"color: #008000;\">Participe do grupo de<\/span>\u00a0<span style=\"color: #800000;\"><a style=\"color: #800000;\" href=\"https:\/\/chat.whatsapp.com\/BibzcI1ibYSKytbdyzubLA\"><strong>WhatsApp<\/strong><\/a><\/span> <span style=\"color: #008000;\">do Site do Marcelo Lopes<\/span><\/h4>\n<p>Segundo informa\u00e7\u00f5es da PM, os militares foram informados inicialmente de que um homem de 35 anos havia dado entrada no hospital de Astolfo Dutra ap\u00f3s sofrer agress\u00f5es f\u00edsicas. Ap\u00f3s receber alta, ele teria decidido se vingar e se deslocado at\u00e9 Dona Euz\u00e9bia, onde efetuou diversos disparos de arma de fogo contra a v\u00edtima.<\/p>\n<p>A Pol\u00edcia Militar foi acionada ap\u00f3s receber a den\u00fancia e, ao chegar ao local, encontrou o homem ca\u00eddo ao solo. Durante o atendimento, a v\u00edtima teria relatado aos policiais quem seriam os respons\u00e1veis pelo crime, apontando um jovem de 19 anos como mandante e o homem de 35 anos como executor dos disparos.<\/p>\n<p>Com base nas informa\u00e7\u00f5es levantadas, a PM iniciou uma opera\u00e7\u00e3o de rastreamento e conseguiu localizar os dois suspeitos. Ambos foram presos em flagrante.<\/p>\n<p>Enquanto a ocorr\u00eancia era registrada, os policiais receberam a confirma\u00e7\u00e3o de que a v\u00edtima n\u00e3o resistiu \u00e0 gravidade dos ferimentos, o que levou o caso a ser enquadrado como homic\u00eddio consumado.<\/p>\n<p>Os dois suspeitos foram encaminhados \u00e0 autoridade policial e o caso seguir\u00e1 sob investiga\u00e7\u00e3o para apurar todas as circunst\u00e2ncias e motiva\u00e7\u00f5es do crime.<\/p>\n<p>OUTRAS NOT\u00cdCIAS<br \/>\nSuspeito de estuprar enteada de 11 anos \u00e9 procurado em Dona Euz\u00e9bia<\/p>\n<blockquote class=\"wp-embedded-content\" data-secret=\"KF14AMBc58\"><p><a href=\"https:\/\/marcelolopes.jor.br\/site\/2026\/03\/11\/suspeito-de-estuprar-enteada-de-11-anos-e-procurado-em-dona-euzebia\/\">Suspeito de estuprar enteada de 11 anos \u00e9 procurado em Dona Euz\u00e9bia<\/a><\/p><\/blockquote>\n<p><iframe loading=\"lazy\" class=\"wp-embedded-content\" sandbox=\"allow-scripts\" security=\"restricted\" style=\"position: absolute; visibility: hidden;\" title=\"\u201cSuspeito de estuprar enteada de 11 anos \u00e9 procurado em Dona Euz\u00e9bia\u201d \u2014 Marcelo Lopes\" src=\"https:\/\/marcelolopes.jor.br\/site\/2026\/03\/11\/suspeito-de-estuprar-enteada-de-11-anos-e-procurado-em-dona-euzebia\/embed\/#?secret=xvJyP99hFG#?secret=KF14AMBc58\" data-secret=\"KF14AMBc58\" width=\"600\" height=\"338\" frameborder=\"0\" marginwidth=\"0\" marginheight=\"0\" scrolling=\"no\"><\/iframe><\/p>\n<p>Criminosos armados rendem fam\u00edlia durante roubo em Dona Euz\u00e9bia<\/p>\n<blockquote class=\"wp-embedded-content\" data-secret=\"qsUVesQZ9O\"><p><a href=\"https:\/\/marcelolopes.jor.br\/site\/2026\/01\/25\/criminosos-armados-rendem-familia-durante-roubo-em-dona-euzebia\/\">Criminosos armados rendem fam\u00edlia durante roubo em Dona Euz\u00e9bia<\/a><\/p><\/blockquote>\n<p><iframe loading=\"lazy\" class=\"wp-embedded-content\" sandbox=\"allow-scripts\" security=\"restricted\" style=\"position: absolute; visibility: hidden;\" title=\"\u201cCriminosos armados rendem fam\u00edlia durante roubo em Dona Euz\u00e9bia\u201d \u2014 Marcelo Lopes\" src=\"https:\/\/marcelolopes.jor.br\/site\/2026\/01\/25\/criminosos-armados-rendem-familia-durante-roubo-em-dona-euzebia\/embed\/#?secret=QR6uhz59Ot#?secret=qsUVesQZ9O\" data-secret=\"qsUVesQZ9O\" width=\"600\" height=\"338\" frameborder=\"0\" marginwidth=\"0\" marginheight=\"0\" scrolling=\"no\"><\/iframe><\/p>\n<p>Fonte: Pol\u00edcia Militar | Foto: Arquivo<\/p>\n<div class=\"uhner6a9598afd250e\" ><br><\/div><style type=\"text\/css\">\r\n@media screen and (min-width: 1201px) {\r\n.uhner6a9598afd250e {\r\ndisplay: block;\r\n}\r\n}\r\n@media screen and (min-width: 993px) and (max-width: 1200px) {\r\n.uhner6a9598afd250e {\r\ndisplay: block;\r\n}\r\n}\r\n@media screen and (min-width: 769px) and (max-width: 992px) {\r\n.uhner6a9598afd250e {\r\ndisplay: block;\r\n}\r\n}\r\n@media screen and (min-width: 768px) and (max-width: 768px) {\r\n.uhner6a9598afd250e {\r\ndisplay: block;\r\n}\r\n}\r\n@media screen and (max-width: 767px) {\r\n.uhner6a9598afd250e {\r\ndisplay: block;\r\n}\r\n}\r\n<\/style>\r\n<div class=\"qkebt6a9598afd787a\" ><div id=\"div_destino\"><\/div>\r\n<script src=\"https:\/\/cdn.snsrsv.com\/sdk.js\"><\/script>\r\n<script >\r\n      new sdk(\"464030C30061EA8BE065000000000001\") \r\n          .appendTo(\"div_destino\")\r\n          .disableStyle(true) \r\n          .setCacheBusterMacro(\"%%CACHEBUSTER%%\")\r\n          .setSize(\"800\",\"214\")\r\n          .setClickMacro(\"%%CLICK_URL_ESC%%\") \r\n          .setReferrerUrlMacro(\"%%REFERRER_URL_ESC%%\") \r\n          .start(); \r\n<\/script><\/div><style type=\"text\/css\">\r\n@media screen and (min-width: 1201px) {\r\n.qkebt6a9598afd787a {\r\ndisplay: block;\r\n}\r\n}\r\n@media screen and (min-width: 993px) and (max-width: 1200px) {\r\n.qkebt6a9598afd787a {\r\ndisplay: block;\r\n}\r\n}\r\n@media screen and (min-width: 769px) and (max-width: 992px) {\r\n.qkebt6a9598afd787a {\r\ndisplay: block;\r\n}\r\n}\r\n@media screen and (min-width: 768px) and (max-width: 768px) {\r\n.qkebt6a9598afd787a {\r\ndisplay: block;\r\n}\r\n}\r\n@media screen and (max-width: 767px) {\r\n.qkebt6a9598afd787a {\r\ndisplay: block;\r\n}\r\n}\r\n<\/style>\r\n","protected":false},"excerpt":{"rendered":"<p>A Pol\u00edcia Militar prendeu dois homens, de 35 e 19 anos, suspeitos de envolvimento em um homic\u00eddio ocorrido na noite deste domingo, 21 de junho, no Centro de Dona Euz\u00e9bia. A v\u00edtima, um homem de 27 anos, chegou a ser<\/p>\n<p class=\"link-more\"><a class=\"more-link\" href=\"https:\/\/marcelolopes.jor.br\/site\/2026\/06\/22\/vinganca-termina-em-morte-em-dona-euzebia\/\">Leia mais <span class=\"screen-reader-text\">Vingan\u00e7a termina em morte em Dona Euz\u00e9bia<\/span><\/a><\/p>\n","protected":false},"author":2,"featured_media":66731,"comment_status":"open","ping_status":"closed","sticky":false,"template":"","format":"standard","meta":{"footnotes":""},"categories":[1],"tags":[],"class_list":["post-66729","post","type-post","status-publish","format-standard","has-post-thumbnail","hentry","category-noticias","thumb-below-title"],"yoast_head":"<!-- This site is optimized with the Yoast SEO plugin v28.3 - https:\/\/yoast.com\/product\/yoast-seo-wordpress\/ -->\n<title>Vingan\u00e7a termina em morte em Dona Euz\u00e9bia | Marcelo Lopes<\/title>\n<meta name=\"description\" content=\"Vingan\u00e7a termina em morte em Dona Euz\u00e9bia. Homem foi executado a tiros e dupla suspeita do crime acaba presa.\" \/>\n<meta name=\"robots\" content=\"index, follow, max-snippet:-1, max-image-preview:large, max-video-preview:-1\" \/>\n<link rel=\"canonical\" href=\"https:\/\/marcelolopes.jor.br\/site\/2026\/06\/22\/vinganca-termina-em-morte-em-dona-euzebia\/\" \/>\n<meta property=\"og:locale\" content=\"pt_BR\" \/>\n<meta property=\"og:type\" content=\"article\" \/>\n<meta property=\"og:title\" content=\"Vingan\u00e7a termina em morte em Dona Euz\u00e9bia | Marcelo Lopes\" \/>\n<meta property=\"og:description\" content=\"Vingan\u00e7a termina em morte em Dona Euz\u00e9bia. Homem foi executado a tiros e dupla suspeita do crime acaba presa.\" \/>\n<meta property=\"og:url\" content=\"https:\/\/marcelolopes.jor.br\/site\/2026\/06\/22\/vinganca-termina-em-morte-em-dona-euzebia\/\" \/>\n<meta property=\"og:site_name\" content=\"Marcelo Lopes\" \/>\n<meta property=\"article:publisher\" content=\"https:\/\/www.facebook.com\/sitedomarcelolopes\" \/>\n<meta property=\"article:published_time\" content=\"2026-06-22T11:16:15+00:00\" \/>\n<meta property=\"article:modified_time\" content=\"2026-06-22T11:16:36+00:00\" \/>\n<meta property=\"og:image\" content=\"https:\/\/marcelolopes.jor.br\/site\/wp-content\/uploads\/2026\/06\/Viatura-Grande.jpeg\" \/>\n\t<meta property=\"og:image:width\" content=\"1280\" \/>\n\t<meta property=\"og:image:height\" content=\"720\" \/>\n\t<meta property=\"og:image:type\" content=\"image\/jpeg\" \/>\n<meta name=\"author\" content=\"Marcelo Lopes\" \/>\n<meta name=\"twitter:card\" content=\"summary_large_image\" \/>\n<meta name=\"twitter:label1\" content=\"Escrito por\" \/>\n\t<meta name=\"twitter:data1\" content=\"Marcelo Lopes\" \/>\n\t<meta name=\"twitter:label2\" content=\"Est. tempo de leitura\" \/>\n\t<meta name=\"twitter:data2\" content=\"2 minutos\" \/>\n<script type=\"application\/ld+json\" class=\"yoast-schema-graph\">{\"@context\":\"https:\\\/\\\/schema.org\",\"@graph\":[{\"@type\":\"NewsArticle\",\"@id\":\"https:\\\/\\\/marcelolopes.jor.br\\\/site\\\/2026\\\/06\\\/22\\\/vinganca-termina-em-morte-em-dona-euzebia\\\/#article\",\"isPartOf\":{\"@id\":\"https:\\\/\\\/marcelolopes.jor.br\\\/site\\\/2026\\\/06\\\/22\\\/vinganca-termina-em-morte-em-dona-euzebia\\\/\"},\"author\":{\"name\":\"Marcelo Lopes\",\"@id\":\"https:\\\/\\\/marcelolopes.jor.br\\\/site\\\/#\\\/schema\\\/person\\\/3e7216a35c34d8fdf952b31da3d1f89f\"},\"headline\":\"Vingan\u00e7a termina em morte em Dona Euz\u00e9bia\",\"datePublished\":\"2026-06-22T11:16:15+00:00\",\"dateModified\":\"2026-06-22T11:16:36+00:00\",\"mainEntityOfPage\":{\"@id\":\"https:\\\/\\\/marcelolopes.jor.br\\\/site\\\/2026\\\/06\\\/22\\\/vinganca-termina-em-morte-em-dona-euzebia\\\/\"},\"wordCount\":332,\"commentCount\":0,\"publisher\":{\"@id\":\"https:\\\/\\\/marcelolopes.jor.br\\\/site\\\/#organization\"},\"image\":{\"@id\":\"https:\\\/\\\/marcelolopes.jor.br\\\/site\\\/2026\\\/06\\\/22\\\/vinganca-termina-em-morte-em-dona-euzebia\\\/#primaryimage\"},\"thumbnailUrl\":\"https:\\\/\\\/marcelolopes.jor.br\\\/site\\\/wp-content\\\/uploads\\\/2026\\\/06\\\/Viatura-Grande.jpeg\",\"articleSection\":[\"Not\u00edcias\"],\"inLanguage\":\"pt-BR\",\"potentialAction\":[{\"@type\":\"CommentAction\",\"name\":\"Comment\",\"target\":[\"https:\\\/\\\/marcelolopes.jor.br\\\/site\\\/2026\\\/06\\\/22\\\/vinganca-termina-em-morte-em-dona-euzebia\\\/#respond\"]}]},{\"@type\":\"WebPage\",\"@id\":\"https:\\\/\\\/marcelolopes.jor.br\\\/site\\\/2026\\\/06\\\/22\\\/vinganca-termina-em-morte-em-dona-euzebia\\\/\",\"url\":\"https:\\\/\\\/marcelolopes.jor.br\\\/site\\\/2026\\\/06\\\/22\\\/vinganca-termina-em-morte-em-dona-euzebia\\\/\",\"name\":\"Vingan\u00e7a termina em morte em Dona Euz\u00e9bia | Marcelo Lopes\",\"isPartOf\":{\"@id\":\"https:\\\/\\\/marcelolopes.jor.br\\\/site\\\/#website\"},\"primaryImageOfPage\":{\"@id\":\"https:\\\/\\\/marcelolopes.jor.br\\\/site\\\/2026\\\/06\\\/22\\\/vinganca-termina-em-morte-em-dona-euzebia\\\/#primaryimage\"},\"image\":{\"@id\":\"https:\\\/\\\/marcelolopes.jor.br\\\/site\\\/2026\\\/06\\\/22\\\/vinganca-termina-em-morte-em-dona-euzebia\\\/#primaryimage\"},\"thumbnailUrl\":\"https:\\\/\\\/marcelolopes.jor.br\\\/site\\\/wp-content\\\/uploads\\\/2026\\\/06\\\/Viatura-Grande.jpeg\",\"datePublished\":\"2026-06-22T11:16:15+00:00\",\"dateModified\":\"2026-06-22T11:16:36+00:00\",\"description\":\"Vingan\u00e7a termina em morte em Dona Euz\u00e9bia. Homem foi executado a tiros e dupla suspeita do crime acaba presa.\",\"breadcrumb\":{\"@id\":\"https:\\\/\\\/marcelolopes.jor.br\\\/site\\\/2026\\\/06\\\/22\\\/vinganca-termina-em-morte-em-dona-euzebia\\\/#breadcrumb\"},\"inLanguage\":\"pt-BR\",\"potentialAction\":[{\"@type\":\"ReadAction\",\"target\":[\"https:\\\/\\\/marcelolopes.jor.br\\\/site\\\/2026\\\/06\\\/22\\\/vinganca-termina-em-morte-em-dona-euzebia\\\/\"]}]},{\"@type\":\"ImageObject\",\"inLanguage\":\"pt-BR\",\"@id\":\"https:\\\/\\\/marcelolopes.jor.br\\\/site\\\/2026\\\/06\\\/22\\\/vinganca-termina-em-morte-em-dona-euzebia\\\/#primaryimage\",\"url\":\"https:\\\/\\\/marcelolopes.jor.br\\\/site\\\/wp-content\\\/uploads\\\/2026\\\/06\\\/Viatura-Grande.jpeg\",\"contentUrl\":\"https:\\\/\\\/marcelolopes.jor.br\\\/site\\\/wp-content\\\/uploads\\\/2026\\\/06\\\/Viatura-Grande.jpeg\",\"width\":1280,\"height\":720,\"caption\":\"Vingan\u00e7a termina em morte\"},{\"@type\":\"BreadcrumbList\",\"@id\":\"https:\\\/\\\/marcelolopes.jor.br\\\/site\\\/2026\\\/06\\\/22\\\/vinganca-termina-em-morte-em-dona-euzebia\\\/#breadcrumb\",\"itemListElement\":[{\"@type\":\"ListItem\",\"position\":1,\"name\":\"Home\",\"item\":\"https:\\\/\\\/marcelolopes.jor.br\\\/site\\\/\"},{\"@type\":\"ListItem\",\"position\":2,\"name\":\"Vingan\u00e7a termina em morte em Dona Euz\u00e9bia\"}]},{\"@type\":\"WebSite\",\"@id\":\"https:\\\/\\\/marcelolopes.jor.br\\\/site\\\/#website\",\"url\":\"https:\\\/\\\/marcelolopes.jor.br\\\/site\\\/\",\"name\":\"Marcelo Lopes\",\"description\":\"Not\u00edcias de Cataguases e Regi\u00e3o\",\"publisher\":{\"@id\":\"https:\\\/\\\/marcelolopes.jor.br\\\/site\\\/#organization\"},\"potentialAction\":[{\"@type\":\"SearchAction\",\"target\":{\"@type\":\"EntryPoint\",\"urlTemplate\":\"https:\\\/\\\/marcelolopes.jor.br\\\/site\\\/?s={search_term_string}\"},\"query-input\":{\"@type\":\"PropertyValueSpecification\",\"valueRequired\":true,\"valueName\":\"search_term_string\"}}],\"inLanguage\":\"pt-BR\"},{\"@type\":\"Organization\",\"@id\":\"https:\\\/\\\/marcelolopes.jor.br\\\/site\\\/#organization\",\"name\":\"Site do Marcelo Lopes\",\"url\":\"https:\\\/\\\/marcelolopes.jor.br\\\/site\\\/\",\"logo\":{\"@type\":\"ImageObject\",\"inLanguage\":\"pt-BR\",\"@id\":\"https:\\\/\\\/marcelolopes.jor.br\\\/site\\\/#\\\/schema\\\/logo\\\/image\\\/\",\"url\":\"https:\\\/\\\/marcelolopes.jor.br\\\/site\\\/wp-content\\\/uploads\\\/2026\\\/07\\\/cropped-logo2026.png\",\"contentUrl\":\"https:\\\/\\\/marcelolopes.jor.br\\\/site\\\/wp-content\\\/uploads\\\/2026\\\/07\\\/cropped-logo2026.png\",\"width\":328,\"height\":96,\"caption\":\"Site do Marcelo Lopes\"},\"image\":{\"@id\":\"https:\\\/\\\/marcelolopes.jor.br\\\/site\\\/#\\\/schema\\\/logo\\\/image\\\/\"},\"sameAs\":[\"https:\\\/\\\/www.facebook.com\\\/sitedomarcelolopes\",\"https:\\\/\\\/www.instagram.com\\\/sitedomarcelolopes\\\/\",\"https:\\\/\\\/www.linkedin.com\\\/company\\\/site-do-marcelo-lopes\\\/\",\"https:\\\/\\\/www.youtube.com\\\/user\\\/marcelolopes957\"]},{\"@type\":\"Person\",\"@id\":\"https:\\\/\\\/marcelolopes.jor.br\\\/site\\\/#\\\/schema\\\/person\\\/3e7216a35c34d8fdf952b31da3d1f89f\",\"name\":\"Marcelo Lopes\",\"sameAs\":[\"http:\\\/\\\/www.marcelolopes.jor.br\"],\"url\":\"https:\\\/\\\/marcelolopes.jor.br\\\/site\\\/author\\\/marcelo\\\/\"}]}<\/script>\n<!-- \/ Yoast SEO plugin. -->","yoast_head_json":{"title":"Vingan\u00e7a termina em morte em Dona Euz\u00e9bia | Marcelo Lopes","description":"Vingan\u00e7a termina em morte em Dona Euz\u00e9bia. Homem foi executado a tiros e dupla suspeita do crime acaba presa.","robots":{"index":"index","follow":"follow","max-snippet":"max-snippet:-1","max-image-preview":"max-image-preview:large","max-video-preview":"max-video-preview:-1"},"canonical":"https:\/\/marcelolopes.jor.br\/site\/2026\/06\/22\/vinganca-termina-em-morte-em-dona-euzebia\/","og_locale":"pt_BR","og_type":"article","og_title":"Vingan\u00e7a termina em morte em Dona Euz\u00e9bia | Marcelo Lopes","og_description":"Vingan\u00e7a termina em morte em Dona Euz\u00e9bia. Homem foi executado a tiros e dupla suspeita do crime acaba presa.","og_url":"https:\/\/marcelolopes.jor.br\/site\/2026\/06\/22\/vinganca-termina-em-morte-em-dona-euzebia\/","og_site_name":"Marcelo Lopes","article_publisher":"https:\/\/www.facebook.com\/sitedomarcelolopes","article_published_time":"2026-06-22T11:16:15+00:00","article_modified_time":"2026-06-22T11:16:36+00:00","og_image":[{"width":1280,"height":720,"url":"https:\/\/marcelolopes.jor.br\/site\/wp-content\/uploads\/2026\/06\/Viatura-Grande.jpeg","type":"image\/jpeg"}],"author":"Marcelo Lopes","twitter_card":"summary_large_image","twitter_misc":{"Escrito por":"Marcelo Lopes","Est. tempo de leitura":"2 minutos"},"schema":{"@context":"https:\/\/schema.org","@graph":[{"@type":"NewsArticle","@id":"https:\/\/marcelolopes.jor.br\/site\/2026\/06\/22\/vinganca-termina-em-morte-em-dona-euzebia\/#article","isPartOf":{"@id":"https:\/\/marcelolopes.jor.br\/site\/2026\/06\/22\/vinganca-termina-em-morte-em-dona-euzebia\/"},"author":{"name":"Marcelo Lopes","@id":"https:\/\/marcelolopes.jor.br\/site\/#\/schema\/person\/3e7216a35c34d8fdf952b31da3d1f89f"},"headline":"Vingan\u00e7a termina em morte em Dona Euz\u00e9bia","datePublished":"2026-06-22T11:16:15+00:00","dateModified":"2026-06-22T11:16:36+00:00","mainEntityOfPage":{"@id":"https:\/\/marcelolopes.jor.br\/site\/2026\/06\/22\/vinganca-termina-em-morte-em-dona-euzebia\/"},"wordCount":332,"commentCount":0,"publisher":{"@id":"https:\/\/marcelolopes.jor.br\/site\/#organization"},"image":{"@id":"https:\/\/marcelolopes.jor.br\/site\/2026\/06\/22\/vinganca-termina-em-morte-em-dona-euzebia\/#primaryimage"},"thumbnailUrl":"https:\/\/marcelolopes.jor.br\/site\/wp-content\/uploads\/2026\/06\/Viatura-Grande.jpeg","articleSection":["Not\u00edcias"],"inLanguage":"pt-BR","potentialAction":[{"@type":"CommentAction","name":"Comment","target":["https:\/\/marcelolopes.jor.br\/site\/2026\/06\/22\/vinganca-termina-em-morte-em-dona-euzebia\/#respond"]}]},{"@type":"WebPage","@id":"https:\/\/marcelolopes.jor.br\/site\/2026\/06\/22\/vinganca-termina-em-morte-em-dona-euzebia\/","url":"https:\/\/marcelolopes.jor.br\/site\/2026\/06\/22\/vinganca-termina-em-morte-em-dona-euzebia\/","name":"Vingan\u00e7a termina em morte em Dona Euz\u00e9bia | Marcelo Lopes","isPartOf":{"@id":"https:\/\/marcelolopes.jor.br\/site\/#website"},"primaryImageOfPage":{"@id":"https:\/\/marcelolopes.jor.br\/site\/2026\/06\/22\/vinganca-termina-em-morte-em-dona-euzebia\/#primaryimage"},"image":{"@id":"https:\/\/marcelolopes.jor.br\/site\/2026\/06\/22\/vinganca-termina-em-morte-em-dona-euzebia\/#primaryimage"},"thumbnailUrl":"https:\/\/marcelolopes.jor.br\/site\/wp-content\/uploads\/2026\/06\/Viatura-Grande.jpeg","datePublished":"2026-06-22T11:16:15+00:00","dateModified":"2026-06-22T11:16:36+00:00","description":"Vingan\u00e7a termina em morte em Dona Euz\u00e9bia. Homem foi executado a tiros e dupla suspeita do crime acaba presa.","breadcrumb":{"@id":"https:\/\/marcelolopes.jor.br\/site\/2026\/06\/22\/vinganca-termina-em-morte-em-dona-euzebia\/#breadcrumb"},"inLanguage":"pt-BR","potentialAction":[{"@type":"ReadAction","target":["https:\/\/marcelolopes.jor.br\/site\/2026\/06\/22\/vinganca-termina-em-morte-em-dona-euzebia\/"]}]},{"@type":"ImageObject","inLanguage":"pt-BR","@id":"https:\/\/marcelolopes.jor.br\/site\/2026\/06\/22\/vinganca-termina-em-morte-em-dona-euzebia\/#primaryimage","url":"https:\/\/marcelolopes.jor.br\/site\/wp-content\/uploads\/2026\/06\/Viatura-Grande.jpeg","contentUrl":"https:\/\/marcelolopes.jor.br\/site\/wp-content\/uploads\/2026\/06\/Viatura-Grande.jpeg","width":1280,"height":720,"caption":"Vingan\u00e7a termina em morte"},{"@type":"BreadcrumbList","@id":"https:\/\/marcelolopes.jor.br\/site\/2026\/06\/22\/vinganca-termina-em-morte-em-dona-euzebia\/#breadcrumb","itemListElement":[{"@type":"ListItem","position":1,"name":"Home","item":"https:\/\/marcelolopes.jor.br\/site\/"},{"@type":"ListItem","position":2,"name":"Vingan\u00e7a termina em morte em Dona Euz\u00e9bia"}]},{"@type":"WebSite","@id":"https:\/\/marcelolopes.jor.br\/site\/#website","url":"https:\/\/marcelolopes.jor.br\/site\/","name":"Marcelo Lopes","description":"Not\u00edcias de Cataguases e Regi\u00e3o","publisher":{"@id":"https:\/\/marcelolopes.jor.br\/site\/#organization"},"potentialAction":[{"@type":"SearchAction","target":{"@type":"EntryPoint","urlTemplate":"https:\/\/marcelolopes.jor.br\/site\/?s={search_term_string}"},"query-input":{"@type":"PropertyValueSpecification","valueRequired":true,"valueName":"search_term_string"}}],"inLanguage":"pt-BR"},{"@type":"Organization","@id":"https:\/\/marcelolopes.jor.br\/site\/#organization","name":"Site do Marcelo Lopes","url":"https:\/\/marcelolopes.jor.br\/site\/","logo":{"@type":"ImageObject","inLanguage":"pt-BR","@id":"https:\/\/marcelolopes.jor.br\/site\/#\/schema\/logo\/image\/","url":"https:\/\/marcelolopes.jor.br\/site\/wp-content\/uploads\/2026\/07\/cropped-logo2026.png","contentUrl":"https:\/\/marcelolopes.jor.br\/site\/wp-content\/uploads\/2026\/07\/cropped-logo2026.png","width":328,"height":96,"caption":"Site do Marcelo Lopes"},"image":{"@id":"https:\/\/marcelolopes.jor.br\/site\/#\/schema\/logo\/image\/"},"sameAs":["https:\/\/www.facebook.com\/sitedomarcelolopes","https:\/\/www.instagram.com\/sitedomarcelolopes\/","https:\/\/www.linkedin.com\/company\/site-do-marcelo-lopes\/","https:\/\/www.youtube.com\/user\/marcelolopes957"]},{"@type":"Person","@id":"https:\/\/marcelolopes.jor.br\/site\/#\/schema\/person\/3e7216a35c34d8fdf952b31da3d1f89f","name":"Marcelo Lopes","sameAs":["http:\/\/www.marcelolopes.jor.br"],"url":"https:\/\/marcelolopes.jor.br\/site\/author\/marcelo\/"}]}},"wps_subtitle":"Homem foi executado a tiros e dupla suspeita do crime acaba presa.","_links":{"self":[{"href":"https:\/\/marcelolopes.jor.br\/site\/wp-json\/wp\/v2\/posts\/66729","targetHints":{"allow":["GET"]}}],"collection":[{"href":"https:\/\/marcelolopes.jor.br\/site\/wp-json\/wp\/v2\/posts"}],"about":[{"href":"https:\/\/marcelolopes.jor.br\/site\/wp-json\/wp\/v2\/types\/post"}],"author":[{"embeddable":true,"href":"https:\/\/marcelolopes.jor.br\/site\/wp-json\/wp\/v2\/users\/2"}],"replies":[{"embeddable":true,"href":"https:\/\/marcelolopes.jor.br\/site\/wp-json\/wp\/v2\/comments?post=66729"}],"version-history":[{"count":0,"href":"https:\/\/marcelolopes.jor.br\/site\/wp-json\/wp\/v2\/posts\/66729\/revisions"}],"wp:featuredmedia":[{"embeddable":true,"href":"https:\/\/marcelolopes.jor.br\/site\/wp-json\/wp\/v2\/media\/66731"}],"wp:attachment":[{"href":"https:\/\/marcelolopes.jor.br\/site\/wp-json\/wp\/v2\/media?parent=66729"}],"wp:term":[{"taxonomy":"category","embeddable":true,"href":"https:\/\/marcelolopes.jor.br\/site\/wp-json\/wp\/v2\/categories?post=66729"},{"taxonomy":"post_tag","embeddable":true,"href":"https:\/\/marcelolopes.jor.br\/site\/wp-json\/wp\/v2\/tags?post=66729"}],"curies":[{"name":"wp","href":"https:\/\/api.w.org\/{rel}","templated":true}]}}