{"id":66637,"date":"2026-06-19T12:00:13","date_gmt":"2026-06-19T15:00:13","guid":{"rendered":"https:\/\/marcelolopes.jor.br\/site\/?p=66637"},"modified":"2026-06-19T10:04:55","modified_gmt":"2026-06-19T13:04:55","slug":"cataguases-comeca-a-usar-nova-vacina-contra-doenca-pneumococica","status":"publish","type":"post","link":"https:\/\/marcelolopes.jor.br\/site\/2026\/06\/19\/cataguases-comeca-a-usar-nova-vacina-contra-doenca-pneumococica\/","title":{"rendered":"Cataguases come\u00e7a a usar nova vacina contra doen\u00e7a pneumoc\u00f3cica"},"content":{"rendered":"<p>A partir da pr\u00f3xima segunda-feira, 22 de junho, crian\u00e7as de Cataguases passar\u00e3o a contar com uma prote\u00e7\u00e3o ainda maior contra doen\u00e7as graves. A Secretaria Municipal de Sa\u00fade anunciou a disponibilidade da vacina pneumoc\u00f3cica 20-valente (VPC20) pelo Sistema \u00danico de Sa\u00fade (SUS), seguindo a atualiza\u00e7\u00e3o do Calend\u00e1rio Nacional de Vacina\u00e7\u00e3o do Minist\u00e9rio da Sa\u00fade.<!--more--><\/p>\n<h4 class=\"p1\"><span class=\"s1\">\ud83d\udcf8\u00a0<span style=\"color: #008000;\">Siga o Site do Marcelo Lopes no<\/span>\u00a0<span style=\"color: #800000;\"><a style=\"color: #800000;\" href=\"https:\/\/www.facebook.com\/sitedomarcelolopes\/\"><strong>Facebook<\/strong><\/a><\/span>\u00a0<span style=\"color: #008000;\">e no<\/span>\u00a0<span style=\"color: #800000;\"><strong><a style=\"color: #800000;\" href=\"https:\/\/www.instagram.com\/sitedomarcelolopes\/\">Instagram<\/a><\/strong><\/span><\/span><\/h4>\n<h4 class=\"p1\">\ud83d\udcf1<span style=\"color: #008000;\">Participe do grupo de<\/span>\u00a0<span style=\"color: #800000;\"><a style=\"color: #800000;\" href=\"https:\/\/chat.whatsapp.com\/BibzcI1ibYSKytbdyzubLA\"><strong>WhatsApp<\/strong><\/a><\/span> <span style=\"color: #008000;\">do Site do Marcelo Lopes<\/span><\/h4>\n<p>O novo imunizante amplia a cobertura contra 20 tipos da bact\u00e9ria Streptococcus pneumoniae, respons\u00e1vel por enfermidades que podem provocar complica\u00e7\u00f5es s\u00e9rias, como pneumonia, meningite, sepse, otite e sinusite.<\/p>\n<p>A vacina \u00e9 destinada a crian\u00e7as de 2 meses at\u00e9 menores de 5 anos, de acordo com a situa\u00e7\u00e3o vacinal de cada uma. Durante o per\u00edodo de transi\u00e7\u00e3o estabelecido pelo Minist\u00e9rio da Sa\u00fade, o esquema de vacina\u00e7\u00e3o seguir\u00e1 orienta\u00e7\u00f5es espec\u00edficas conforme as doses j\u00e1 recebidas anteriormente.<\/p>\n<p>A chegada da VPC20 representa um importante avan\u00e7o na prote\u00e7\u00e3o infantil, especialmente contra doen\u00e7as que ainda causam interna\u00e7\u00f5es e podem deixar sequelas graves. A vacina\u00e7\u00e3o continua sendo uma das medidas mais eficazes para prevenir enfermidades e salvar vidas.<\/p>\n<p>Segundo a Secretaria Municipal de Sa\u00fade, as crian\u00e7as que estiverem com a vacina\u00e7\u00e3o atrasada tamb\u00e9m devem ser levadas para avalia\u00e7\u00e3o e atualiza\u00e7\u00e3o da caderneta. A recomenda\u00e7\u00e3o \u00e9 que pais e respons\u00e1veis aproveitem a oportunidade para verificar se todas as vacinas est\u00e3o em dia.<\/p>\n<p>Al\u00e9m de proteger cada crian\u00e7a individualmente, a vacina\u00e7\u00e3o contribui para a chamada prote\u00e7\u00e3o coletiva, reduzindo a circula\u00e7\u00e3o de agentes causadores de doen\u00e7as e ajudando a proteger pessoas mais vulner\u00e1veis, como beb\u00eas, idosos e indiv\u00edduos com baixa imunidade.<\/p>\n<h3>Onde vacinar<\/h3>\n<p>Em Cataguases, a aplica\u00e7\u00e3o da vacina pneumoc\u00f3cica 20-valente estar\u00e1 centralizada no Centro Municipal de Vacina\u00e7\u00e3o, localizado no SEMAE.<br \/>\nAtendimento: de segunda a sexta-feira, das 7h30 \u00e0s 16h.<\/p>\n<p>Para receber a vacina, \u00e9 necess\u00e1rio apresentar:<br \/>\n\ud83d\udc49\ud83c\udffbCaderneta de vacina\u00e7\u00e3o da crian\u00e7a;<br \/>\n\ud83d\udc49\ud83c\udffbDocumento de identifica\u00e7\u00e3o;<br \/>\n\ud83d\udc49\ud83c\udffbCart\u00e3o do SUS.<\/p>\n<h3>Esquema vacinal durante a transi\u00e7\u00e3o<\/h3>\n<p>Para crian\u00e7as que iniciaram a vacina\u00e7\u00e3o com a Pneumo 20:<br \/>\n\u25aa\ufe0f2 meses: 1\u00aa dose \u2013 VPC20;<br \/>\n\u25aa\ufe0f4 meses: 2\u00aa dose \u2013 VPC10;<br \/>\n\u25aa\ufe0f12 meses: dose de refor\u00e7o \u2013 VPC20.<\/p>\n<p>Para crian\u00e7as que iniciaram com as vacinas Pneumo 10, 13 ou 15:<br \/>\n\u25aa\ufe0f2 meses: dose j\u00e1 administrada;<br \/>\n\u25aa\ufe0f4 meses: 2\u00aa dose \u2013 VPC20;<br \/>\n\u25aa\ufe0f12 meses: dose de refor\u00e7o \u2013 VPC20.<\/p>\n<p>Como regra geral, todas as crian\u00e7as dever\u00e3o receber pelo menos uma dose da VPC20 antes de completar 1 ano de idade.<\/p>\n<h3>Um gesto de amor e prote\u00e7\u00e3o<\/h3>\n<p>Manter a vacina\u00e7\u00e3o em dia \u00e9 um ato de cuidado que faz diferen\u00e7a para toda a vida. Doen\u00e7as que antes causavam milhares de interna\u00e7\u00f5es e mortes podem ser evitadas gra\u00e7as \u00e0s vacinas, que s\u00e3o seguras, eficazes e oferecidas gratuitamente pelo SUS.<\/p>\n<p>A orienta\u00e7\u00e3o dos profissionais de sa\u00fade \u00e9 clara: confira a caderneta de vacina\u00e7\u00e3o das crian\u00e7as e, se houver alguma dose em atraso, procure o servi\u00e7o de vacina\u00e7\u00e3o. Vacinar \u00e9 proteger quem mais amamos e ajudar a construir uma comunidade mais saud\u00e1vel para todos.<\/p>\n<p><strong>OUTRAS NOT\u00cdCIAS<\/strong><br \/>\n<a href=\"https:\/\/marcelolopes.jor.br\/site\/2026\/06\/16\/sus-vai-oferecer-nova-vacina-contra-doenca-pneumococica\/\"><strong><span style=\"color: #800000;\">SUS vai oferecer nova vacina contra doen\u00e7a pneumoc\u00f3cica<\/span><\/strong><\/a><\/p>\n<p><a href=\"https:\/\/marcelolopes.jor.br\/site\/2026\/06\/18\/dia-d-de-multivacinacao-acontece-neste-sabado-em-cataguases\/\"><span style=\"color: #800000;\"><strong>Dia D de Multivacina\u00e7\u00e3o acontece neste s\u00e1bado em Cataguases<\/strong><\/span><\/a><\/p>\n<p>Fonte: Secretaria Municipal de Sa\u00fade | Foto: Pexels<\/p>\n<div class=\"nlwkv6a9598fb4fcf5\" ><br><\/div><style type=\"text\/css\">\r\n@media screen and (min-width: 1201px) {\r\n.nlwkv6a9598fb4fcf5 {\r\ndisplay: block;\r\n}\r\n}\r\n@media screen and (min-width: 993px) and (max-width: 1200px) {\r\n.nlwkv6a9598fb4fcf5 {\r\ndisplay: block;\r\n}\r\n}\r\n@media screen and (min-width: 769px) and (max-width: 992px) {\r\n.nlwkv6a9598fb4fcf5 {\r\ndisplay: block;\r\n}\r\n}\r\n@media screen and (min-width: 768px) and (max-width: 768px) {\r\n.nlwkv6a9598fb4fcf5 {\r\ndisplay: block;\r\n}\r\n}\r\n@media screen and (max-width: 767px) {\r\n.nlwkv6a9598fb4fcf5 {\r\ndisplay: block;\r\n}\r\n}\r\n<\/style>\r\n<div class=\"fswds6a9598fb56f56\" ><div id=\"div_destino\"><\/div>\r\n<script src=\"https:\/\/cdn.snsrsv.com\/sdk.js\"><\/script>\r\n<script >\r\n      new sdk(\"464030C30061EA8BE065000000000001\") \r\n          .appendTo(\"div_destino\")\r\n          .disableStyle(true) \r\n          .setCacheBusterMacro(\"%%CACHEBUSTER%%\")\r\n          .setSize(\"800\",\"214\")\r\n          .setClickMacro(\"%%CLICK_URL_ESC%%\") \r\n          .setReferrerUrlMacro(\"%%REFERRER_URL_ESC%%\") \r\n          .start(); \r\n<\/script><\/div><style type=\"text\/css\">\r\n@media screen and (min-width: 1201px) {\r\n.fswds6a9598fb56f56 {\r\ndisplay: block;\r\n}\r\n}\r\n@media screen and (min-width: 993px) and (max-width: 1200px) {\r\n.fswds6a9598fb56f56 {\r\ndisplay: block;\r\n}\r\n}\r\n@media screen and (min-width: 769px) and (max-width: 992px) {\r\n.fswds6a9598fb56f56 {\r\ndisplay: block;\r\n}\r\n}\r\n@media screen and (min-width: 768px) and (max-width: 768px) {\r\n.fswds6a9598fb56f56 {\r\ndisplay: block;\r\n}\r\n}\r\n@media screen and (max-width: 767px) {\r\n.fswds6a9598fb56f56 {\r\ndisplay: block;\r\n}\r\n}\r\n<\/style>\r\n","protected":false},"excerpt":{"rendered":"<p>A partir da pr\u00f3xima segunda-feira, 22 de junho, crian\u00e7as de Cataguases passar\u00e3o a contar com uma prote\u00e7\u00e3o ainda maior contra doen\u00e7as graves. A Secretaria Municipal de Sa\u00fade anunciou a disponibilidade da vacina pneumoc\u00f3cica 20-valente (VPC20) pelo Sistema \u00danico de Sa\u00fade<\/p>\n<p class=\"link-more\"><a class=\"more-link\" href=\"https:\/\/marcelolopes.jor.br\/site\/2026\/06\/19\/cataguases-comeca-a-usar-nova-vacina-contra-doenca-pneumococica\/\">Leia mais <span class=\"screen-reader-text\">Cataguases come\u00e7a a usar nova vacina contra doen\u00e7a pneumoc\u00f3cica<\/span><\/a><\/p>\n","protected":false},"author":2,"featured_media":66639,"comment_status":"open","ping_status":"closed","sticky":false,"template":"","format":"standard","meta":{"footnotes":""},"categories":[1],"tags":[],"class_list":["post-66637","post","type-post","status-publish","format-standard","has-post-thumbnail","hentry","category-noticias","thumb-below-title"],"yoast_head":"<!-- This site is optimized with the Yoast SEO plugin v28.3 - https:\/\/yoast.com\/product\/yoast-seo-wordpress\/ -->\n<title>Cataguases come\u00e7a a usar nova vacina contra doen\u00e7a<\/title>\n<meta name=\"description\" content=\"Cataguases come\u00e7a a usar nova vacina contra doen\u00e7a pneumoc\u00f3cica. Imunizante ser\u00e1 oferecido gratuitamente pelo SUS a partir desta segunda...\" \/>\n<meta name=\"robots\" content=\"index, follow, max-snippet:-1, max-image-preview:large, max-video-preview:-1\" \/>\n<link rel=\"canonical\" href=\"https:\/\/marcelolopes.jor.br\/site\/2026\/06\/19\/cataguases-comeca-a-usar-nova-vacina-contra-doenca-pneumococica\/\" \/>\n<meta property=\"og:locale\" content=\"pt_BR\" \/>\n<meta property=\"og:type\" content=\"article\" \/>\n<meta property=\"og:title\" content=\"Cataguases come\u00e7a a usar nova vacina contra doen\u00e7a\" \/>\n<meta property=\"og:description\" content=\"Cataguases come\u00e7a a usar nova vacina contra doen\u00e7a pneumoc\u00f3cica. Imunizante ser\u00e1 oferecido gratuitamente pelo SUS a partir desta segunda...\" \/>\n<meta property=\"og:url\" content=\"https:\/\/marcelolopes.jor.br\/site\/2026\/06\/19\/cataguases-comeca-a-usar-nova-vacina-contra-doenca-pneumococica\/\" \/>\n<meta property=\"og:site_name\" content=\"Marcelo Lopes\" \/>\n<meta property=\"article:publisher\" content=\"https:\/\/www.facebook.com\/sitedomarcelolopes\" \/>\n<meta property=\"article:published_time\" content=\"2026-06-19T15:00:13+00:00\" \/>\n<meta property=\"og:image\" content=\"https:\/\/marcelolopes.jor.br\/site\/wp-content\/uploads\/2026\/06\/secret-3.jpg\" \/>\n\t<meta property=\"og:image:width\" content=\"800\" \/>\n\t<meta property=\"og:image:height\" content=\"550\" \/>\n\t<meta property=\"og:image:type\" content=\"image\/jpeg\" \/>\n<meta name=\"author\" content=\"Marcelo Lopes\" \/>\n<meta name=\"twitter:card\" content=\"summary_large_image\" \/>\n<meta name=\"twitter:label1\" content=\"Escrito por\" \/>\n\t<meta name=\"twitter:data1\" content=\"Marcelo Lopes\" \/>\n\t<meta name=\"twitter:label2\" content=\"Est. tempo de leitura\" \/>\n\t<meta name=\"twitter:data2\" content=\"3 minutos\" \/>\n<script type=\"application\/ld+json\" class=\"yoast-schema-graph\">{\"@context\":\"https:\\\/\\\/schema.org\",\"@graph\":[{\"@type\":\"NewsArticle\",\"@id\":\"https:\\\/\\\/marcelolopes.jor.br\\\/site\\\/2026\\\/06\\\/19\\\/cataguases-comeca-a-usar-nova-vacina-contra-doenca-pneumococica\\\/#article\",\"isPartOf\":{\"@id\":\"https:\\\/\\\/marcelolopes.jor.br\\\/site\\\/2026\\\/06\\\/19\\\/cataguases-comeca-a-usar-nova-vacina-contra-doenca-pneumococica\\\/\"},\"author\":{\"name\":\"Marcelo Lopes\",\"@id\":\"https:\\\/\\\/marcelolopes.jor.br\\\/site\\\/#\\\/schema\\\/person\\\/3e7216a35c34d8fdf952b31da3d1f89f\"},\"headline\":\"Cataguases come\u00e7a a usar nova vacina contra doen\u00e7a pneumoc\u00f3cica\",\"datePublished\":\"2026-06-19T15:00:13+00:00\",\"mainEntityOfPage\":{\"@id\":\"https:\\\/\\\/marcelolopes.jor.br\\\/site\\\/2026\\\/06\\\/19\\\/cataguases-comeca-a-usar-nova-vacina-contra-doenca-pneumococica\\\/\"},\"wordCount\":582,\"commentCount\":0,\"publisher\":{\"@id\":\"https:\\\/\\\/marcelolopes.jor.br\\\/site\\\/#organization\"},\"image\":{\"@id\":\"https:\\\/\\\/marcelolopes.jor.br\\\/site\\\/2026\\\/06\\\/19\\\/cataguases-comeca-a-usar-nova-vacina-contra-doenca-pneumococica\\\/#primaryimage\"},\"thumbnailUrl\":\"https:\\\/\\\/marcelolopes.jor.br\\\/site\\\/wp-content\\\/uploads\\\/2026\\\/06\\\/secret-3.jpg\",\"articleSection\":[\"Not\u00edcias\"],\"inLanguage\":\"pt-BR\",\"potentialAction\":[{\"@type\":\"CommentAction\",\"name\":\"Comment\",\"target\":[\"https:\\\/\\\/marcelolopes.jor.br\\\/site\\\/2026\\\/06\\\/19\\\/cataguases-comeca-a-usar-nova-vacina-contra-doenca-pneumococica\\\/#respond\"]}]},{\"@type\":\"WebPage\",\"@id\":\"https:\\\/\\\/marcelolopes.jor.br\\\/site\\\/2026\\\/06\\\/19\\\/cataguases-comeca-a-usar-nova-vacina-contra-doenca-pneumococica\\\/\",\"url\":\"https:\\\/\\\/marcelolopes.jor.br\\\/site\\\/2026\\\/06\\\/19\\\/cataguases-comeca-a-usar-nova-vacina-contra-doenca-pneumococica\\\/\",\"name\":\"Cataguases come\u00e7a a usar nova vacina contra doen\u00e7a\",\"isPartOf\":{\"@id\":\"https:\\\/\\\/marcelolopes.jor.br\\\/site\\\/#website\"},\"primaryImageOfPage\":{\"@id\":\"https:\\\/\\\/marcelolopes.jor.br\\\/site\\\/2026\\\/06\\\/19\\\/cataguases-comeca-a-usar-nova-vacina-contra-doenca-pneumococica\\\/#primaryimage\"},\"image\":{\"@id\":\"https:\\\/\\\/marcelolopes.jor.br\\\/site\\\/2026\\\/06\\\/19\\\/cataguases-comeca-a-usar-nova-vacina-contra-doenca-pneumococica\\\/#primaryimage\"},\"thumbnailUrl\":\"https:\\\/\\\/marcelolopes.jor.br\\\/site\\\/wp-content\\\/uploads\\\/2026\\\/06\\\/secret-3.jpg\",\"datePublished\":\"2026-06-19T15:00:13+00:00\",\"description\":\"Cataguases come\u00e7a a usar nova vacina contra doen\u00e7a pneumoc\u00f3cica. Imunizante ser\u00e1 oferecido gratuitamente pelo SUS a partir desta segunda...\",\"breadcrumb\":{\"@id\":\"https:\\\/\\\/marcelolopes.jor.br\\\/site\\\/2026\\\/06\\\/19\\\/cataguases-comeca-a-usar-nova-vacina-contra-doenca-pneumococica\\\/#breadcrumb\"},\"inLanguage\":\"pt-BR\",\"potentialAction\":[{\"@type\":\"ReadAction\",\"target\":[\"https:\\\/\\\/marcelolopes.jor.br\\\/site\\\/2026\\\/06\\\/19\\\/cataguases-comeca-a-usar-nova-vacina-contra-doenca-pneumococica\\\/\"]}]},{\"@type\":\"ImageObject\",\"inLanguage\":\"pt-BR\",\"@id\":\"https:\\\/\\\/marcelolopes.jor.br\\\/site\\\/2026\\\/06\\\/19\\\/cataguases-comeca-a-usar-nova-vacina-contra-doenca-pneumococica\\\/#primaryimage\",\"url\":\"https:\\\/\\\/marcelolopes.jor.br\\\/site\\\/wp-content\\\/uploads\\\/2026\\\/06\\\/secret-3.jpg\",\"contentUrl\":\"https:\\\/\\\/marcelolopes.jor.br\\\/site\\\/wp-content\\\/uploads\\\/2026\\\/06\\\/secret-3.jpg\",\"width\":800,\"height\":550,\"caption\":\"Cataguases come\u00e7a a usar\"},{\"@type\":\"BreadcrumbList\",\"@id\":\"https:\\\/\\\/marcelolopes.jor.br\\\/site\\\/2026\\\/06\\\/19\\\/cataguases-comeca-a-usar-nova-vacina-contra-doenca-pneumococica\\\/#breadcrumb\",\"itemListElement\":[{\"@type\":\"ListItem\",\"position\":1,\"name\":\"Home\",\"item\":\"https:\\\/\\\/marcelolopes.jor.br\\\/site\\\/\"},{\"@type\":\"ListItem\",\"position\":2,\"name\":\"Cataguases come\u00e7a a usar nova vacina contra doen\u00e7a pneumoc\u00f3cica\"}]},{\"@type\":\"WebSite\",\"@id\":\"https:\\\/\\\/marcelolopes.jor.br\\\/site\\\/#website\",\"url\":\"https:\\\/\\\/marcelolopes.jor.br\\\/site\\\/\",\"name\":\"Marcelo Lopes\",\"description\":\"Not\u00edcias de Cataguases e Regi\u00e3o\",\"publisher\":{\"@id\":\"https:\\\/\\\/marcelolopes.jor.br\\\/site\\\/#organization\"},\"potentialAction\":[{\"@type\":\"SearchAction\",\"target\":{\"@type\":\"EntryPoint\",\"urlTemplate\":\"https:\\\/\\\/marcelolopes.jor.br\\\/site\\\/?s={search_term_string}\"},\"query-input\":{\"@type\":\"PropertyValueSpecification\",\"valueRequired\":true,\"valueName\":\"search_term_string\"}}],\"inLanguage\":\"pt-BR\"},{\"@type\":\"Organization\",\"@id\":\"https:\\\/\\\/marcelolopes.jor.br\\\/site\\\/#organization\",\"name\":\"Site do Marcelo Lopes\",\"url\":\"https:\\\/\\\/marcelolopes.jor.br\\\/site\\\/\",\"logo\":{\"@type\":\"ImageObject\",\"inLanguage\":\"pt-BR\",\"@id\":\"https:\\\/\\\/marcelolopes.jor.br\\\/site\\\/#\\\/schema\\\/logo\\\/image\\\/\",\"url\":\"https:\\\/\\\/marcelolopes.jor.br\\\/site\\\/wp-content\\\/uploads\\\/2026\\\/07\\\/cropped-logo2026.png\",\"contentUrl\":\"https:\\\/\\\/marcelolopes.jor.br\\\/site\\\/wp-content\\\/uploads\\\/2026\\\/07\\\/cropped-logo2026.png\",\"width\":328,\"height\":96,\"caption\":\"Site do Marcelo Lopes\"},\"image\":{\"@id\":\"https:\\\/\\\/marcelolopes.jor.br\\\/site\\\/#\\\/schema\\\/logo\\\/image\\\/\"},\"sameAs\":[\"https:\\\/\\\/www.facebook.com\\\/sitedomarcelolopes\",\"https:\\\/\\\/www.instagram.com\\\/sitedomarcelolopes\\\/\",\"https:\\\/\\\/www.linkedin.com\\\/company\\\/site-do-marcelo-lopes\\\/\",\"https:\\\/\\\/www.youtube.com\\\/user\\\/marcelolopes957\"]},{\"@type\":\"Person\",\"@id\":\"https:\\\/\\\/marcelolopes.jor.br\\\/site\\\/#\\\/schema\\\/person\\\/3e7216a35c34d8fdf952b31da3d1f89f\",\"name\":\"Marcelo Lopes\",\"sameAs\":[\"http:\\\/\\\/www.marcelolopes.jor.br\"],\"url\":\"https:\\\/\\\/marcelolopes.jor.br\\\/site\\\/author\\\/marcelo\\\/\"}]}<\/script>\n<!-- \/ Yoast SEO plugin. -->","yoast_head_json":{"title":"Cataguases come\u00e7a a usar nova vacina contra doen\u00e7a","description":"Cataguases come\u00e7a a usar nova vacina contra doen\u00e7a pneumoc\u00f3cica. Imunizante ser\u00e1 oferecido gratuitamente pelo SUS a partir desta segunda...","robots":{"index":"index","follow":"follow","max-snippet":"max-snippet:-1","max-image-preview":"max-image-preview:large","max-video-preview":"max-video-preview:-1"},"canonical":"https:\/\/marcelolopes.jor.br\/site\/2026\/06\/19\/cataguases-comeca-a-usar-nova-vacina-contra-doenca-pneumococica\/","og_locale":"pt_BR","og_type":"article","og_title":"Cataguases come\u00e7a a usar nova vacina contra doen\u00e7a","og_description":"Cataguases come\u00e7a a usar nova vacina contra doen\u00e7a pneumoc\u00f3cica. Imunizante ser\u00e1 oferecido gratuitamente pelo SUS a partir desta segunda...","og_url":"https:\/\/marcelolopes.jor.br\/site\/2026\/06\/19\/cataguases-comeca-a-usar-nova-vacina-contra-doenca-pneumococica\/","og_site_name":"Marcelo Lopes","article_publisher":"https:\/\/www.facebook.com\/sitedomarcelolopes","article_published_time":"2026-06-19T15:00:13+00:00","og_image":[{"width":800,"height":550,"url":"https:\/\/marcelolopes.jor.br\/site\/wp-content\/uploads\/2026\/06\/secret-3.jpg","type":"image\/jpeg"}],"author":"Marcelo Lopes","twitter_card":"summary_large_image","twitter_misc":{"Escrito por":"Marcelo Lopes","Est. tempo de leitura":"3 minutos"},"schema":{"@context":"https:\/\/schema.org","@graph":[{"@type":"NewsArticle","@id":"https:\/\/marcelolopes.jor.br\/site\/2026\/06\/19\/cataguases-comeca-a-usar-nova-vacina-contra-doenca-pneumococica\/#article","isPartOf":{"@id":"https:\/\/marcelolopes.jor.br\/site\/2026\/06\/19\/cataguases-comeca-a-usar-nova-vacina-contra-doenca-pneumococica\/"},"author":{"name":"Marcelo Lopes","@id":"https:\/\/marcelolopes.jor.br\/site\/#\/schema\/person\/3e7216a35c34d8fdf952b31da3d1f89f"},"headline":"Cataguases come\u00e7a a usar nova vacina contra doen\u00e7a pneumoc\u00f3cica","datePublished":"2026-06-19T15:00:13+00:00","mainEntityOfPage":{"@id":"https:\/\/marcelolopes.jor.br\/site\/2026\/06\/19\/cataguases-comeca-a-usar-nova-vacina-contra-doenca-pneumococica\/"},"wordCount":582,"commentCount":0,"publisher":{"@id":"https:\/\/marcelolopes.jor.br\/site\/#organization"},"image":{"@id":"https:\/\/marcelolopes.jor.br\/site\/2026\/06\/19\/cataguases-comeca-a-usar-nova-vacina-contra-doenca-pneumococica\/#primaryimage"},"thumbnailUrl":"https:\/\/marcelolopes.jor.br\/site\/wp-content\/uploads\/2026\/06\/secret-3.jpg","articleSection":["Not\u00edcias"],"inLanguage":"pt-BR","potentialAction":[{"@type":"CommentAction","name":"Comment","target":["https:\/\/marcelolopes.jor.br\/site\/2026\/06\/19\/cataguases-comeca-a-usar-nova-vacina-contra-doenca-pneumococica\/#respond"]}]},{"@type":"WebPage","@id":"https:\/\/marcelolopes.jor.br\/site\/2026\/06\/19\/cataguases-comeca-a-usar-nova-vacina-contra-doenca-pneumococica\/","url":"https:\/\/marcelolopes.jor.br\/site\/2026\/06\/19\/cataguases-comeca-a-usar-nova-vacina-contra-doenca-pneumococica\/","name":"Cataguases come\u00e7a a usar nova vacina contra doen\u00e7a","isPartOf":{"@id":"https:\/\/marcelolopes.jor.br\/site\/#website"},"primaryImageOfPage":{"@id":"https:\/\/marcelolopes.jor.br\/site\/2026\/06\/19\/cataguases-comeca-a-usar-nova-vacina-contra-doenca-pneumococica\/#primaryimage"},"image":{"@id":"https:\/\/marcelolopes.jor.br\/site\/2026\/06\/19\/cataguases-comeca-a-usar-nova-vacina-contra-doenca-pneumococica\/#primaryimage"},"thumbnailUrl":"https:\/\/marcelolopes.jor.br\/site\/wp-content\/uploads\/2026\/06\/secret-3.jpg","datePublished":"2026-06-19T15:00:13+00:00","description":"Cataguases come\u00e7a a usar nova vacina contra doen\u00e7a pneumoc\u00f3cica. Imunizante ser\u00e1 oferecido gratuitamente pelo SUS a partir desta segunda...","breadcrumb":{"@id":"https:\/\/marcelolopes.jor.br\/site\/2026\/06\/19\/cataguases-comeca-a-usar-nova-vacina-contra-doenca-pneumococica\/#breadcrumb"},"inLanguage":"pt-BR","potentialAction":[{"@type":"ReadAction","target":["https:\/\/marcelolopes.jor.br\/site\/2026\/06\/19\/cataguases-comeca-a-usar-nova-vacina-contra-doenca-pneumococica\/"]}]},{"@type":"ImageObject","inLanguage":"pt-BR","@id":"https:\/\/marcelolopes.jor.br\/site\/2026\/06\/19\/cataguases-comeca-a-usar-nova-vacina-contra-doenca-pneumococica\/#primaryimage","url":"https:\/\/marcelolopes.jor.br\/site\/wp-content\/uploads\/2026\/06\/secret-3.jpg","contentUrl":"https:\/\/marcelolopes.jor.br\/site\/wp-content\/uploads\/2026\/06\/secret-3.jpg","width":800,"height":550,"caption":"Cataguases come\u00e7a a usar"},{"@type":"BreadcrumbList","@id":"https:\/\/marcelolopes.jor.br\/site\/2026\/06\/19\/cataguases-comeca-a-usar-nova-vacina-contra-doenca-pneumococica\/#breadcrumb","itemListElement":[{"@type":"ListItem","position":1,"name":"Home","item":"https:\/\/marcelolopes.jor.br\/site\/"},{"@type":"ListItem","position":2,"name":"Cataguases come\u00e7a a usar nova vacina contra doen\u00e7a pneumoc\u00f3cica"}]},{"@type":"WebSite","@id":"https:\/\/marcelolopes.jor.br\/site\/#website","url":"https:\/\/marcelolopes.jor.br\/site\/","name":"Marcelo Lopes","description":"Not\u00edcias de Cataguases e Regi\u00e3o","publisher":{"@id":"https:\/\/marcelolopes.jor.br\/site\/#organization"},"potentialAction":[{"@type":"SearchAction","target":{"@type":"EntryPoint","urlTemplate":"https:\/\/marcelolopes.jor.br\/site\/?s={search_term_string}"},"query-input":{"@type":"PropertyValueSpecification","valueRequired":true,"valueName":"search_term_string"}}],"inLanguage":"pt-BR"},{"@type":"Organization","@id":"https:\/\/marcelolopes.jor.br\/site\/#organization","name":"Site do Marcelo Lopes","url":"https:\/\/marcelolopes.jor.br\/site\/","logo":{"@type":"ImageObject","inLanguage":"pt-BR","@id":"https:\/\/marcelolopes.jor.br\/site\/#\/schema\/logo\/image\/","url":"https:\/\/marcelolopes.jor.br\/site\/wp-content\/uploads\/2026\/07\/cropped-logo2026.png","contentUrl":"https:\/\/marcelolopes.jor.br\/site\/wp-content\/uploads\/2026\/07\/cropped-logo2026.png","width":328,"height":96,"caption":"Site do Marcelo Lopes"},"image":{"@id":"https:\/\/marcelolopes.jor.br\/site\/#\/schema\/logo\/image\/"},"sameAs":["https:\/\/www.facebook.com\/sitedomarcelolopes","https:\/\/www.instagram.com\/sitedomarcelolopes\/","https:\/\/www.linkedin.com\/company\/site-do-marcelo-lopes\/","https:\/\/www.youtube.com\/user\/marcelolopes957"]},{"@type":"Person","@id":"https:\/\/marcelolopes.jor.br\/site\/#\/schema\/person\/3e7216a35c34d8fdf952b31da3d1f89f","name":"Marcelo Lopes","sameAs":["http:\/\/www.marcelolopes.jor.br"],"url":"https:\/\/marcelolopes.jor.br\/site\/author\/marcelo\/"}]}},"wps_subtitle":"Imunizante ser\u00e1 oferecido gratuitamente pelo SUS a partir desta segunda-feira.","_links":{"self":[{"href":"https:\/\/marcelolopes.jor.br\/site\/wp-json\/wp\/v2\/posts\/66637","targetHints":{"allow":["GET"]}}],"collection":[{"href":"https:\/\/marcelolopes.jor.br\/site\/wp-json\/wp\/v2\/posts"}],"about":[{"href":"https:\/\/marcelolopes.jor.br\/site\/wp-json\/wp\/v2\/types\/post"}],"author":[{"embeddable":true,"href":"https:\/\/marcelolopes.jor.br\/site\/wp-json\/wp\/v2\/users\/2"}],"replies":[{"embeddable":true,"href":"https:\/\/marcelolopes.jor.br\/site\/wp-json\/wp\/v2\/comments?post=66637"}],"version-history":[{"count":0,"href":"https:\/\/marcelolopes.jor.br\/site\/wp-json\/wp\/v2\/posts\/66637\/revisions"}],"wp:featuredmedia":[{"embeddable":true,"href":"https:\/\/marcelolopes.jor.br\/site\/wp-json\/wp\/v2\/media\/66639"}],"wp:attachment":[{"href":"https:\/\/marcelolopes.jor.br\/site\/wp-json\/wp\/v2\/media?parent=66637"}],"wp:term":[{"taxonomy":"category","embeddable":true,"href":"https:\/\/marcelolopes.jor.br\/site\/wp-json\/wp\/v2\/categories?post=66637"},{"taxonomy":"post_tag","embeddable":true,"href":"https:\/\/marcelolopes.jor.br\/site\/wp-json\/wp\/v2\/tags?post=66637"}],"curies":[{"name":"wp","href":"https:\/\/api.w.org\/{rel}","templated":true}]}}